{"id":167259,"date":"2022-03-01T15:36:18","date_gmt":"2022-03-01T14:36:18","guid":{"rendered":"https:\/\/acninternational.org\/?p=167259"},"modified":"2022-03-02T11:30:18","modified_gmt":"2022-03-02T10:30:18","slug":"acn-appelle-les-religieux-contemplatifs-a-se-joindre-a-la-journee-de-priere-pour-la-paix-en-ukraine","status":"publish","type":"post","link":"https:\/\/acninternational.org\/fr\/acn-appelle-les-religieux-contemplatifs-a-se-joindre-a-la-journee-de-priere-pour-la-paix-en-ukraine\/","title":{"rendered":"ACN appelle les religieux contemplatifs \u00e0 se joindre \u00e0 la journ\u00e9e de pri\u00e8re pour la paix en Ukraine"},"content":{"rendered":"<p><em>Des congr\u00e9gations religieuses du monde entier ont envoy\u00e9 des messages de soutien \u00e0 ACN, l\u2019assurant de leurs pri\u00e8res, en union avec la demande du pape Fran\u00e7ois. Les paroles les plus touchantes viennent de ceux qui ont eux-m\u00eames d\u00e9j\u00e0 v\u00e9cu les horreurs de la guerre. <\/em><\/p>\n<p>&nbsp;<\/p>\n<p><img loading=\"lazy\" decoding=\"async\" class=\"aligncenter size-large wp-image-167310\" src=\"https:\/\/media.acninternational.org\/wp-content\/uploads\/2022\/03\/ACN-20210809-115660-1024x576.jpeg\" alt=\"\" width=\"800\" height=\"450\" srcset=\"https:\/\/media.acninternational.org\/wp-content\/uploads\/2022\/03\/ACN-20210809-115660-1024x576.jpeg 1024w, https:\/\/media.acninternational.org\/wp-content\/uploads\/2022\/03\/ACN-20210809-115660-300x169.jpeg 300w, https:\/\/media.acninternational.org\/wp-content\/uploads\/2022\/03\/ACN-20210809-115660-768x432.jpeg 768w, https:\/\/media.acninternational.org\/wp-content\/uploads\/2022\/03\/ACN-20210809-115660.jpeg 1280w\" sizes=\"auto, (max-width: 800px) 100vw, 800px\" \/><\/p>\n<p>La fondation pontificale internationale Aid to the Church in Need (ACN) a lanc\u00e9 un appel aux ordres religieux contemplatifs du monde entier pour qu\u2019ils se joignent \u00e0 la journ\u00e9e de pri\u00e8re pour la paix en Ukraine, le 2 mars, mercredi des Cendres.<\/p>\n<p>Le pape Fran\u00e7ois a appel\u00e9 \u00e0 cette journ\u00e9e sp\u00e9ciale de pri\u00e8re lors de l\u2019audience g\u00e9n\u00e9rale du 23 f\u00e9vrier \u00e0 Rome, un jour avant que les troupes russes n\u2019envahissent le territoire ukrainien.<\/p>\n<p>De nombreuses communaut\u00e9s religieuses contemplatives ont r\u00e9pondu \u00e0 ACN, l\u2019assurant qu\u2019elles priaient d\u00e9j\u00e0 pour l\u2019Ukraine et remerciant le pape Fran\u00e7ois d\u2019avoir lanc\u00e9 cet appel.<\/p>\n<p>\u00ab Nous suivons les tristes \u00e9v\u00e9nements avec inqui\u00e9tude et dans la pri\u00e8re, suppliant le Seigneur d\u2019avoir piti\u00e9 de notre peuple et du monde en g\u00e9n\u00e9ral. Avec le Covid-19, nous n\u2019avons pas besoin d\u2019une autre guerre ! \u00bb, peut-on lire dans un message d\u2019une communaut\u00e9 de Clarisses de Zambie.<\/p>\n<p>Du Bangladesh nous sont parvenues des promesses de redoubler d\u2019efforts, dans le je\u00fbne et les sacrifices, pour demander la paix. \u00ab Nous ferons tout ce qui est en notre pouvoir pour sauver la vie des gens. Nous je\u00fbnons deux fois par semaine, et \u00e0 partir du mercredi des Cendres et pendant tout le Car\u00eame, nous prendrons notre petit-d\u00e9jeuner et notre d\u00eener debout \u00bb, \u00e9crit une autre communaut\u00e9 religieuse de Clarisses.<\/p>\n<p>Certains des messages les plus \u00e9mouvants proviennent de communaut\u00e9s qui ont d\u00e9j\u00e0 v\u00e9cu les horreurs de la guerre. \u00ab Nous savons ce que cela signifie de souffrir de la violence et des agressions, tant ici en Bosnie-Herz\u00e9govine qu\u2019en Croatie. La guerre est une exp\u00e9rience horrible que nous avons d\u00e9j\u00e0 v\u00e9cue !\u00a0\u00bb, disent les Carm\u00e9lites de Sarajevo, qui ajoutent\u00a0: \u00ab\u00a0C\u2019est pourquoi nous sommes particuli\u00e8rement choqu\u00e9es par les \u00e9v\u00e9nements en Ukraine et prions avec ferveur le Seigneur d\u2019apporter la paix et la libert\u00e9 au peuple ukrainien\u00a0\u00bb.<\/p>\n<p>Les s\u0153urs dominicaines de Benguela, en Angola, ont envoy\u00e9 un message similaire. \u00abNous sommes angolaises et nous connaissons bien les horreurs de la guerre, parce que nous avons v\u00e9cu de telles atrocit\u00e9s et ressenti leurs cons\u00e9quences dans notre propre chair&#8230; jusqu\u2019au retour de la paix. C\u2019est pourquoi nous avons le c\u0153ur bris\u00e9 rien qu\u2019en pensant \u00e0 la souffrance que nos fr\u00e8res et s\u0153urs endurent en ce moment\u00a0\u00bb.<\/p>\n<p>ACN continue de recevoir des messages de soutien de pays tels que le Mozambique, le Br\u00e9sil, l\u2019Inde, le P\u00e9rou et le Sri Lanka. Le pr\u00e9sident ex\u00e9cutif d\u2019ACN, Thomas Heine-Geldern, a exprim\u00e9 sa gratitude \u00e0 tous ceux qui participent \u00e0 cette campagne.<\/p>\n<p>&nbsp;<\/p>\n<p><img loading=\"lazy\" decoding=\"async\" class=\"aligncenter size-large wp-image-167316\" src=\"https:\/\/media.acninternational.org\/wp-content\/uploads\/2022\/03\/ACN-20170407-53234-1024x682.jpeg\" alt=\"\" width=\"800\" height=\"533\" srcset=\"https:\/\/media.acninternational.org\/wp-content\/uploads\/2022\/03\/ACN-20170407-53234-1024x682.jpeg 1024w, https:\/\/media.acninternational.org\/wp-content\/uploads\/2022\/03\/ACN-20170407-53234-300x200.jpeg 300w, https:\/\/media.acninternational.org\/wp-content\/uploads\/2022\/03\/ACN-20170407-53234-768x512.jpeg 768w, https:\/\/media.acninternational.org\/wp-content\/uploads\/2022\/03\/ACN-20170407-53234.jpeg 1280w\" sizes=\"auto, (max-width: 800px) 100vw, 800px\" \/><\/p>\n<p>Face \u00e0 l\u2019horreur de cette guerre en Ukraine, le pape Fran\u00e7ois a appel\u00e9 \u00e0 faire usage de l\u2019arme la plus puissante de toutes : la pri\u00e8re. Nous sommes tous invit\u00e9s \u00e0 nous joindre \u00e0 cet effort, mais nous, catholiques, savons que lorsqu\u2019il s\u2019agit de pri\u00e8re, les communaut\u00e9s contemplatives sont nos propres forces d\u2019\u00e9lite\u00a0\u00bb.<\/p>\n<p>\u00ab Le fait que ces messages proviennent de tant de pays et de continents diff\u00e9rents est un exemple clair de la vision que l\u2019\u00c9glise a de l\u2019humanit\u00e9, comme une famille qui prie ensemble et vit selon les lois de l\u2019amour, et non du pouvoir \u00bb, conclut Monsieur Heine-Geldern.<\/p>\n<p>ACN est en contact permanent avec ses partenaires sur le terrain en Ukraine, qui sont tr\u00e8s reconnaissants pour tout le soutien moral et mat\u00e9riel qu\u2019ils ont re\u00e7u. Ils envoient \u00e0 la fondation des messages, des photos et des vid\u00e9os refl\u00e9tant la souffrance &#8211; mais aussi la foi &#8211; de leur peuple.<\/p>\n<p>L\u2019appel \u00e0 une journ\u00e9e de pri\u00e8re et de je\u00fbne le 2 mars est une initiative du pape Fran\u00e7ois destin\u00e9e \u00e0 toute l\u2019\u00c9glise catholique, mais elle a d\u00e9j\u00e0 franchi les fronti\u00e8res \u0153cum\u00e9niques\u00a0: les principaux \u00e9v\u00eaques de l\u2019\u00c9glise anglicane, par exemple, ont d\u00e9j\u00e0 exprim\u00e9 leur soutien.<\/p>\n","protected":false},"excerpt":{"rendered":"<p>Des congr\u00e9gations religieuses du monde entier ont envoy\u00e9 des messages de soutien \u00e0 ACN, l\u2019assurant de leurs pri\u00e8res, en union<\/p>\n","protected":false},"author":4258341447,"featured_media":167241,"comment_status":"closed","ping_status":"closed","sticky":false,"template":"","format":"standard","meta":{"_acf_changed":false,"_acn_coauthor_ids":[],"footnotes":""},"categories":[919,962],"tags":[],"country":[156],"class_list":["post-167259","post","type-post","status-publish","format-standard","has-post-thumbnail","hentry","category-nouvelle","category-news-fr","country-ukraine"],"acn_coauthors":[],"acf":[],"yoast_head":"<!-- This site is optimized with the Yoast SEO Premium plugin v27.3 (Yoast SEO v27.3) - https:\/\/yoast.com\/product\/yoast-seo-premium-wordpress\/ -->\n<title>ACN appelle les religieux contemplatifs \u00e0 se joindre \u00e0 la journ\u00e9e de pri\u00e8re pour la paix en Ukraine | ACN International<\/title>\n<meta name=\"robots\" content=\"index, follow, max-snippet:-1, max-image-preview:large, max-video-preview:-1\" \/>\n<link rel=\"canonical\" href=\"https:\/\/acninternational.org\/fr\/acn-appelle-les-religieux-contemplatifs-a-se-joindre-a-la-journee-de-priere-pour-la-paix-en-ukraine\/\" \/>\n<meta property=\"og:locale\" content=\"fr_FR\" \/>\n<meta property=\"og:type\" content=\"article\" \/>\n<meta property=\"og:title\" content=\"ACN appelle les religieux contemplatifs \u00e0 se joindre \u00e0 la journ\u00e9e de pri\u00e8re pour la paix en Ukraine\" \/>\n<meta property=\"og:description\" content=\"Des congr\u00e9gations religieuses du monde entier ont envoy\u00e9 des messages de soutien \u00e0 ACN, l\u2019assurant de leurs pri\u00e8res, en union\" \/>\n<meta property=\"og:url\" content=\"https:\/\/acninternational.org\/fr\/acn-appelle-les-religieux-contemplatifs-a-se-joindre-a-la-journee-de-priere-pour-la-paix-en-ukraine\/\" \/>\n<meta property=\"og:site_name\" content=\"ACN International\" \/>\n<meta property=\"article:publisher\" content=\"https:\/\/www.facebook.com\/acninternationalorg\" \/>\n<meta property=\"article:published_time\" content=\"2022-03-01T14:36:18+00:00\" \/>\n<meta property=\"article:modified_time\" content=\"2022-03-02T10:30:18+00:00\" \/>\n<meta property=\"og:image\" content=\"https:\/\/media.acninternational.org\/wp-content\/uploads\/2022\/03\/ACN-20190114-82139.jpeg\" \/>\n\t<meta property=\"og:image:width\" content=\"1280\" \/>\n\t<meta property=\"og:image:height\" content=\"700\" \/>\n\t<meta property=\"og:image:type\" content=\"image\/jpeg\" \/>\n<meta name=\"author\" content=\"ACN Press Team\" \/>\n<meta name=\"twitter:card\" content=\"summary_large_image\" \/>\n<meta name=\"twitter:creator\" content=\"@acn_int\" \/>\n<meta name=\"twitter:site\" content=\"@acn_int\" \/>\n<meta name=\"twitter:label1\" content=\"\u00c9crit par\" \/>\n\t<meta name=\"twitter:data1\" content=\"ACN Press Team\" \/>\n\t<meta name=\"twitter:label2\" content=\"Dur\u00e9e de lecture estim\u00e9e\" \/>\n\t<meta name=\"twitter:data2\" content=\"4 minutes\" \/>\n<script type=\"application\/ld+json\" class=\"yoast-schema-graph\">{\"@context\":\"https:\\\/\\\/schema.org\",\"@graph\":[{\"@type\":\"Article\",\"@id\":\"https:\\\/\\\/acninternational.org\\\/fr\\\/acn-appelle-les-religieux-contemplatifs-a-se-joindre-a-la-journee-de-priere-pour-la-paix-en-ukraine\\\/#article\",\"isPartOf\":{\"@id\":\"https:\\\/\\\/acninternational.org\\\/fr\\\/acn-appelle-les-religieux-contemplatifs-a-se-joindre-a-la-journee-de-priere-pour-la-paix-en-ukraine\\\/\"},\"author\":{\"name\":\"ACN Press Team\",\"@id\":\"https:\\\/\\\/acninternational.org\\\/fr\\\/#\\\/schema\\\/person\\\/7f3dafb236b242fb2aa46be1411fd703\"},\"headline\":\"ACN appelle les religieux contemplatifs \u00e0 se joindre \u00e0 la journ\u00e9e de pri\u00e8re pour la paix en Ukraine\",\"datePublished\":\"2022-03-01T14:36:18+00:00\",\"dateModified\":\"2022-03-02T10:30:18+00:00\",\"mainEntityOfPage\":{\"@id\":\"https:\\\/\\\/acninternational.org\\\/fr\\\/acn-appelle-les-religieux-contemplatifs-a-se-joindre-a-la-journee-de-priere-pour-la-paix-en-ukraine\\\/\"},\"wordCount\":743,\"publisher\":{\"@id\":\"https:\\\/\\\/acninternational.org\\\/fr\\\/#organization\"},\"image\":{\"@id\":\"https:\\\/\\\/acninternational.org\\\/fr\\\/acn-appelle-les-religieux-contemplatifs-a-se-joindre-a-la-journee-de-priere-pour-la-paix-en-ukraine\\\/#primaryimage\"},\"thumbnailUrl\":\"https:\\\/\\\/media.acninternational.org\\\/wp-content\\\/uploads\\\/2022\\\/03\\\/ACN-20190114-82139.jpeg\",\"articleSection\":[\"Nouvelle\",\"Nouvelles\"],\"inLanguage\":\"fr-FR\"},{\"@type\":\"WebPage\",\"@id\":\"https:\\\/\\\/acninternational.org\\\/fr\\\/acn-appelle-les-religieux-contemplatifs-a-se-joindre-a-la-journee-de-priere-pour-la-paix-en-ukraine\\\/\",\"url\":\"https:\\\/\\\/acninternational.org\\\/fr\\\/acn-appelle-les-religieux-contemplatifs-a-se-joindre-a-la-journee-de-priere-pour-la-paix-en-ukraine\\\/\",\"name\":\"ACN appelle les religieux contemplatifs \u00e0 se joindre \u00e0 la journ\u00e9e de pri\u00e8re pour la paix en Ukraine | ACN International\",\"isPartOf\":{\"@id\":\"https:\\\/\\\/acninternational.org\\\/fr\\\/#website\"},\"primaryImageOfPage\":{\"@id\":\"https:\\\/\\\/acninternational.org\\\/fr\\\/acn-appelle-les-religieux-contemplatifs-a-se-joindre-a-la-journee-de-priere-pour-la-paix-en-ukraine\\\/#primaryimage\"},\"image\":{\"@id\":\"https:\\\/\\\/acninternational.org\\\/fr\\\/acn-appelle-les-religieux-contemplatifs-a-se-joindre-a-la-journee-de-priere-pour-la-paix-en-ukraine\\\/#primaryimage\"},\"thumbnailUrl\":\"https:\\\/\\\/media.acninternational.org\\\/wp-content\\\/uploads\\\/2022\\\/03\\\/ACN-20190114-82139.jpeg\",\"datePublished\":\"2022-03-01T14:36:18+00:00\",\"dateModified\":\"2022-03-02T10:30:18+00:00\",\"breadcrumb\":{\"@id\":\"https:\\\/\\\/acninternational.org\\\/fr\\\/acn-appelle-les-religieux-contemplatifs-a-se-joindre-a-la-journee-de-priere-pour-la-paix-en-ukraine\\\/#breadcrumb\"},\"inLanguage\":\"fr-FR\",\"potentialAction\":[{\"@type\":\"ReadAction\",\"target\":[\"https:\\\/\\\/acninternational.org\\\/fr\\\/acn-appelle-les-religieux-contemplatifs-a-se-joindre-a-la-journee-de-priere-pour-la-paix-en-ukraine\\\/\"]}]},{\"@type\":\"ImageObject\",\"inLanguage\":\"fr-FR\",\"@id\":\"https:\\\/\\\/acninternational.org\\\/fr\\\/acn-appelle-les-religieux-contemplatifs-a-se-joindre-a-la-journee-de-priere-pour-la-paix-en-ukraine\\\/#primaryimage\",\"url\":\"https:\\\/\\\/media.acninternational.org\\\/wp-content\\\/uploads\\\/2022\\\/03\\\/ACN-20190114-82139.jpeg\",\"contentUrl\":\"https:\\\/\\\/media.acninternational.org\\\/wp-content\\\/uploads\\\/2022\\\/03\\\/ACN-20190114-82139.jpeg\",\"width\":1280,\"height\":700},{\"@type\":\"BreadcrumbList\",\"@id\":\"https:\\\/\\\/acninternational.org\\\/fr\\\/acn-appelle-les-religieux-contemplatifs-a-se-joindre-a-la-journee-de-priere-pour-la-paix-en-ukraine\\\/#breadcrumb\",\"itemListElement\":[{\"@type\":\"ListItem\",\"position\":1,\"name\":\"Home\",\"item\":\"https:\\\/\\\/acninternational.org\\\/fr\\\/\"},{\"@type\":\"ListItem\",\"position\":2,\"name\":\"Nouvelles\",\"item\":\"https:\\\/\\\/acninternational.org\\\/fr\\\/category\\\/news-fr\\\/\"},{\"@type\":\"ListItem\",\"position\":3,\"name\":\"ACN appelle les religieux contemplatifs \u00e0 se joindre \u00e0 la journ\u00e9e de pri\u00e8re pour la paix en Ukraine\"}]},{\"@type\":\"WebSite\",\"@id\":\"https:\\\/\\\/acninternational.org\\\/fr\\\/#website\",\"url\":\"https:\\\/\\\/acninternational.org\\\/fr\\\/\",\"name\":\"ACN International\",\"description\":\"\",\"publisher\":{\"@id\":\"https:\\\/\\\/acninternational.org\\\/fr\\\/#organization\"},\"potentialAction\":[{\"@type\":\"SearchAction\",\"target\":{\"@type\":\"EntryPoint\",\"urlTemplate\":\"https:\\\/\\\/acninternational.org\\\/fr\\\/?s={search_term_string}\"},\"query-input\":{\"@type\":\"PropertyValueSpecification\",\"valueRequired\":true,\"valueName\":\"search_term_string\"}}],\"inLanguage\":\"fr-FR\"},{\"@type\":\"Organization\",\"@id\":\"https:\\\/\\\/acninternational.org\\\/fr\\\/#organization\",\"name\":\"Aid to the Church in Need International\",\"url\":\"https:\\\/\\\/acninternational.org\\\/fr\\\/\",\"logo\":{\"@type\":\"ImageObject\",\"inLanguage\":\"fr-FR\",\"@id\":\"https:\\\/\\\/acninternational.org\\\/fr\\\/#\\\/schema\\\/logo\\\/image\\\/\",\"url\":\"https:\\\/\\\/media.acninternational.org\\\/wp-content\\\/uploads\\\/2019\\\/11\\\/acn_logo_blackvector.svg\",\"contentUrl\":\"https:\\\/\\\/media.acninternational.org\\\/wp-content\\\/uploads\\\/2019\\\/11\\\/acn_logo_blackvector.svg\",\"width\":232.6,\"height\":78,\"caption\":\"Aid to the Church in Need International\"},\"image\":{\"@id\":\"https:\\\/\\\/acninternational.org\\\/fr\\\/#\\\/schema\\\/logo\\\/image\\\/\"},\"sameAs\":[\"https:\\\/\\\/www.facebook.com\\\/acninternationalorg\",\"https:\\\/\\\/x.com\\\/acn_int\",\"https:\\\/\\\/www.youtube.com\\\/channel\\\/UCQ-077gS0TnVzkhHmf1opZw\",\"https:\\\/\\\/www.instagram.com\\\/acn_international\\\/\"]},{\"@type\":\"Person\",\"@id\":\"https:\\\/\\\/acninternational.org\\\/fr\\\/#\\\/schema\\\/person\\\/7f3dafb236b242fb2aa46be1411fd703\",\"name\":\"ACN Press Team\",\"description\":\"Lorem ipsum dolor sit amet, consectetur adipiscing elit, sed do eiusmod tempor incididunt ut labore et dolore magna aliqua. Ut enim ad minim veniam, quis nostrud exercitation ullamco laboris nisi ut aliquip ex ea commodo consequat.\",\"url\":\"https:\\\/\\\/acninternational.org\\\/fr\\\/author\\\/acn-press-team\\\/\"}]}<\/script>\n<!-- \/ Yoast SEO Premium plugin. -->","yoast_head_json":{"title":"ACN appelle les religieux contemplatifs \u00e0 se joindre \u00e0 la journ\u00e9e de pri\u00e8re pour la paix en Ukraine | ACN International","robots":{"index":"index","follow":"follow","max-snippet":"max-snippet:-1","max-image-preview":"max-image-preview:large","max-video-preview":"max-video-preview:-1"},"canonical":"https:\/\/acninternational.org\/fr\/acn-appelle-les-religieux-contemplatifs-a-se-joindre-a-la-journee-de-priere-pour-la-paix-en-ukraine\/","og_locale":"fr_FR","og_type":"article","og_title":"ACN appelle les religieux contemplatifs \u00e0 se joindre \u00e0 la journ\u00e9e de pri\u00e8re pour la paix en Ukraine","og_description":"Des congr\u00e9gations religieuses du monde entier ont envoy\u00e9 des messages de soutien \u00e0 ACN, l\u2019assurant de leurs pri\u00e8res, en union","og_url":"https:\/\/acninternational.org\/fr\/acn-appelle-les-religieux-contemplatifs-a-se-joindre-a-la-journee-de-priere-pour-la-paix-en-ukraine\/","og_site_name":"ACN International","article_publisher":"https:\/\/www.facebook.com\/acninternationalorg","article_published_time":"2022-03-01T14:36:18+00:00","article_modified_time":"2022-03-02T10:30:18+00:00","og_image":[{"width":1280,"height":700,"url":"https:\/\/media.acninternational.org\/wp-content\/uploads\/2022\/03\/ACN-20190114-82139.jpeg","type":"image\/jpeg"}],"author":"ACN Press Team","twitter_card":"summary_large_image","twitter_creator":"@acn_int","twitter_site":"@acn_int","twitter_misc":{"\u00c9crit par":"ACN Press Team","Dur\u00e9e de lecture estim\u00e9e":"4 minutes"},"schema":{"@context":"https:\/\/schema.org","@graph":[{"@type":"Article","@id":"https:\/\/acninternational.org\/fr\/acn-appelle-les-religieux-contemplatifs-a-se-joindre-a-la-journee-de-priere-pour-la-paix-en-ukraine\/#article","isPartOf":{"@id":"https:\/\/acninternational.org\/fr\/acn-appelle-les-religieux-contemplatifs-a-se-joindre-a-la-journee-de-priere-pour-la-paix-en-ukraine\/"},"author":{"name":"ACN Press Team","@id":"https:\/\/acninternational.org\/fr\/#\/schema\/person\/7f3dafb236b242fb2aa46be1411fd703"},"headline":"ACN appelle les religieux contemplatifs \u00e0 se joindre \u00e0 la journ\u00e9e de pri\u00e8re pour la paix en Ukraine","datePublished":"2022-03-01T14:36:18+00:00","dateModified":"2022-03-02T10:30:18+00:00","mainEntityOfPage":{"@id":"https:\/\/acninternational.org\/fr\/acn-appelle-les-religieux-contemplatifs-a-se-joindre-a-la-journee-de-priere-pour-la-paix-en-ukraine\/"},"wordCount":743,"publisher":{"@id":"https:\/\/acninternational.org\/fr\/#organization"},"image":{"@id":"https:\/\/acninternational.org\/fr\/acn-appelle-les-religieux-contemplatifs-a-se-joindre-a-la-journee-de-priere-pour-la-paix-en-ukraine\/#primaryimage"},"thumbnailUrl":"https:\/\/media.acninternational.org\/wp-content\/uploads\/2022\/03\/ACN-20190114-82139.jpeg","articleSection":["Nouvelle","Nouvelles"],"inLanguage":"fr-FR"},{"@type":"WebPage","@id":"https:\/\/acninternational.org\/fr\/acn-appelle-les-religieux-contemplatifs-a-se-joindre-a-la-journee-de-priere-pour-la-paix-en-ukraine\/","url":"https:\/\/acninternational.org\/fr\/acn-appelle-les-religieux-contemplatifs-a-se-joindre-a-la-journee-de-priere-pour-la-paix-en-ukraine\/","name":"ACN appelle les religieux contemplatifs \u00e0 se joindre \u00e0 la journ\u00e9e de pri\u00e8re pour la paix en Ukraine | ACN International","isPartOf":{"@id":"https:\/\/acninternational.org\/fr\/#website"},"primaryImageOfPage":{"@id":"https:\/\/acninternational.org\/fr\/acn-appelle-les-religieux-contemplatifs-a-se-joindre-a-la-journee-de-priere-pour-la-paix-en-ukraine\/#primaryimage"},"image":{"@id":"https:\/\/acninternational.org\/fr\/acn-appelle-les-religieux-contemplatifs-a-se-joindre-a-la-journee-de-priere-pour-la-paix-en-ukraine\/#primaryimage"},"thumbnailUrl":"https:\/\/media.acninternational.org\/wp-content\/uploads\/2022\/03\/ACN-20190114-82139.jpeg","datePublished":"2022-03-01T14:36:18+00:00","dateModified":"2022-03-02T10:30:18+00:00","breadcrumb":{"@id":"https:\/\/acninternational.org\/fr\/acn-appelle-les-religieux-contemplatifs-a-se-joindre-a-la-journee-de-priere-pour-la-paix-en-ukraine\/#breadcrumb"},"inLanguage":"fr-FR","potentialAction":[{"@type":"ReadAction","target":["https:\/\/acninternational.org\/fr\/acn-appelle-les-religieux-contemplatifs-a-se-joindre-a-la-journee-de-priere-pour-la-paix-en-ukraine\/"]}]},{"@type":"ImageObject","inLanguage":"fr-FR","@id":"https:\/\/acninternational.org\/fr\/acn-appelle-les-religieux-contemplatifs-a-se-joindre-a-la-journee-de-priere-pour-la-paix-en-ukraine\/#primaryimage","url":"https:\/\/media.acninternational.org\/wp-content\/uploads\/2022\/03\/ACN-20190114-82139.jpeg","contentUrl":"https:\/\/media.acninternational.org\/wp-content\/uploads\/2022\/03\/ACN-20190114-82139.jpeg","width":1280,"height":700},{"@type":"BreadcrumbList","@id":"https:\/\/acninternational.org\/fr\/acn-appelle-les-religieux-contemplatifs-a-se-joindre-a-la-journee-de-priere-pour-la-paix-en-ukraine\/#breadcrumb","itemListElement":[{"@type":"ListItem","position":1,"name":"Home","item":"https:\/\/acninternational.org\/fr\/"},{"@type":"ListItem","position":2,"name":"Nouvelles","item":"https:\/\/acninternational.org\/fr\/category\/news-fr\/"},{"@type":"ListItem","position":3,"name":"ACN appelle les religieux contemplatifs \u00e0 se joindre \u00e0 la journ\u00e9e de pri\u00e8re pour la paix en Ukraine"}]},{"@type":"WebSite","@id":"https:\/\/acninternational.org\/fr\/#website","url":"https:\/\/acninternational.org\/fr\/","name":"ACN International","description":"","publisher":{"@id":"https:\/\/acninternational.org\/fr\/#organization"},"potentialAction":[{"@type":"SearchAction","target":{"@type":"EntryPoint","urlTemplate":"https:\/\/acninternational.org\/fr\/?s={search_term_string}"},"query-input":{"@type":"PropertyValueSpecification","valueRequired":true,"valueName":"search_term_string"}}],"inLanguage":"fr-FR"},{"@type":"Organization","@id":"https:\/\/acninternational.org\/fr\/#organization","name":"Aid to the Church in Need International","url":"https:\/\/acninternational.org\/fr\/","logo":{"@type":"ImageObject","inLanguage":"fr-FR","@id":"https:\/\/acninternational.org\/fr\/#\/schema\/logo\/image\/","url":"https:\/\/media.acninternational.org\/wp-content\/uploads\/2019\/11\/acn_logo_blackvector.svg","contentUrl":"https:\/\/media.acninternational.org\/wp-content\/uploads\/2019\/11\/acn_logo_blackvector.svg","width":232.6,"height":78,"caption":"Aid to the Church in Need International"},"image":{"@id":"https:\/\/acninternational.org\/fr\/#\/schema\/logo\/image\/"},"sameAs":["https:\/\/www.facebook.com\/acninternationalorg","https:\/\/x.com\/acn_int","https:\/\/www.youtube.com\/channel\/UCQ-077gS0TnVzkhHmf1opZw","https:\/\/www.instagram.com\/acn_international\/"]},{"@type":"Person","@id":"https:\/\/acninternational.org\/fr\/#\/schema\/person\/7f3dafb236b242fb2aa46be1411fd703","name":"ACN Press Team","description":"Lorem ipsum dolor sit amet, consectetur adipiscing elit, sed do eiusmod tempor incididunt ut labore et dolore magna aliqua. Ut enim ad minim veniam, quis nostrud exercitation ullamco laboris nisi ut aliquip ex ea commodo consequat.","url":"https:\/\/acninternational.org\/fr\/author\/acn-press-team\/"}]}},"_links":{"self":[{"href":"https:\/\/acninternational.org\/fr\/wp-json\/wp\/v2\/posts\/167259","targetHints":{"allow":["GET"]}}],"collection":[{"href":"https:\/\/acninternational.org\/fr\/wp-json\/wp\/v2\/posts"}],"about":[{"href":"https:\/\/acninternational.org\/fr\/wp-json\/wp\/v2\/types\/post"}],"author":[{"embeddable":true,"href":"https:\/\/acninternational.org\/fr\/wp-json\/wp\/v2\/users\/4258341447"}],"replies":[{"embeddable":true,"href":"https:\/\/acninternational.org\/fr\/wp-json\/wp\/v2\/comments?post=167259"}],"version-history":[{"count":0,"href":"https:\/\/acninternational.org\/fr\/wp-json\/wp\/v2\/posts\/167259\/revisions"}],"wp:featuredmedia":[{"embeddable":true,"href":"https:\/\/acninternational.org\/fr\/wp-json\/wp\/v2\/media\/167241"}],"wp:attachment":[{"href":"https:\/\/acninternational.org\/fr\/wp-json\/wp\/v2\/media?parent=167259"}],"wp:term":[{"taxonomy":"category","embeddable":true,"href":"https:\/\/acninternational.org\/fr\/wp-json\/wp\/v2\/categories?post=167259"},{"taxonomy":"post_tag","embeddable":true,"href":"https:\/\/acninternational.org\/fr\/wp-json\/wp\/v2\/tags?post=167259"},{"taxonomy":"country","embeddable":true,"href":"https:\/\/acninternational.org\/fr\/wp-json\/wp\/v2\/country?post=167259"}],"curies":[{"name":"wp","href":"https:\/\/api.w.org\/{rel}","templated":true}]}}