{"id":166687,"date":"2022-02-08T03:00:30","date_gmt":"2022-02-08T02:00:30","guid":{"rendered":"https:\/\/acninternational.org\/?p=166687"},"modified":"2022-02-07T16:21:22","modified_gmt":"2022-02-07T15:21:22","slug":"leglise-dukraine-voit-les-pauvres-avec-les-yeux-de-dieu","status":"publish","type":"post","link":"https:\/\/acninternational.org\/fr\/leglise-dukraine-voit-les-pauvres-avec-les-yeux-de-dieu\/","title":{"rendered":"L\u2019\u00c9glise d\u2019Ukraine voit les pauvres avec les yeux de Dieu"},"content":{"rendered":"<p>Par n\u00e9cessit\u00e9, Viktor d\u00e9monte son plancher. Maintenant que lui et sa femme n&rsquo;ont pas de travail stable, \u00e0 cause de la guerre en Ukraine, il entreprend, avec ses fils Wasiliej et Kola, de scier les planches en morceaux pour alimenter le po\u00eale qui chauffe la maison. Le couple esp\u00e8re retrouver du travail dans l\u2019agriculture au printemps. En attendant, tout l\u2019enjeu consiste \u00e0 survivre. \u00ab\u00a0Seule l\u2019\u00c9glise nous aide\u00a0\u00bb, dit Viktor, empli de reconnaissance pour la soupe, le th\u00e9 et le pain re\u00e7us ce matin des fr\u00e8res Albertins, dans la ville de Zaporijjia.<\/p>\n<p>Le pain que mange la famille a \u00e9t\u00e9 fabriqu\u00e9 par Micha, un jeune homme que cette congr\u00e9gation a sauv\u00e9 de la rue. Il y a encore quelques ann\u00e9es, il vivait dans les tunnels du r\u00e9seau de chauffage urbain avec cinq autres jeunes gens, dont la plupart sont aujourd\u2019hui toxicomanes ou en prison. Micha est mari\u00e9, et depuis peu p\u00e8re d\u2019un enfant. \u00ab\u00a0Pour moi, tout a chang\u00e9 quand j\u2019ai fait la connaissance des fr\u00e8res Albertins. Ils m\u2019ont montr\u00e9 une autre voie. Tout s\u2019est mis en place gr\u00e2ce \u00e0 la pri\u00e8re. Aujourd\u2019hui, j\u2019aide les fr\u00e8res et je fais du pain pour les pauvres ou les personnes sans-abri, comme je l&rsquo;\u00e9tais auparavant\u00a0\u00bb.<\/p>\n<p><img loading=\"lazy\" decoding=\"async\" class=\"aligncenter size-large wp-image-166671\" src=\"https:\/\/media.acninternational.org\/wp-content\/uploads\/2022\/02\/ACN-20220201-123561-1024x768.jpg\" alt=\"\" width=\"800\" height=\"600\" srcset=\"https:\/\/media.acninternational.org\/wp-content\/uploads\/2022\/02\/ACN-20220201-123561-1024x768.jpg 1024w, https:\/\/media.acninternational.org\/wp-content\/uploads\/2022\/02\/ACN-20220201-123561-300x225.jpg 300w, https:\/\/media.acninternational.org\/wp-content\/uploads\/2022\/02\/ACN-20220201-123561-768x576.jpg 768w, https:\/\/media.acninternational.org\/wp-content\/uploads\/2022\/02\/ACN-20220201-123561-1536x1152.jpg 1536w, https:\/\/media.acninternational.org\/wp-content\/uploads\/2022\/02\/ACN-20220201-123561.jpg 1920w\" sizes=\"auto, (max-width: 800px) 100vw, 800px\" \/><\/p>\n<p>La communaut\u00e9 des fr\u00e8res Albertins ne vit pas seule dans son monast\u00e8re, mais offre aussi un refuge et un toit provisoire \u00e0 de nombreux sans-abri. Les fr\u00e8res conseillent et soutiennent en tous points ces gens dans le besoin et aident beaucoup d\u2019entre eux \u00e0 retrouver la voie d\u2019une vie normale et ind\u00e9pendante. Il y a de la place pour 26 hommes sans-abri qui partagent la vie des fr\u00e8res, mais en hiver, leur nombre peut atteindre jusqu\u2019\u00e0 40 hommes qui cherchent refuge dans le monast\u00e8re. En m\u00eame temps, les fr\u00e8res organisent une soupe populaire pr\u00e8s de la cath\u00e9drale. Ils y distribuent tous les jours de la nourriture \u00e0 des personnes dans le besoin, dont beaucoup sont des retrait\u00e9s plus \u00e2g\u00e9s qui, sans cela, ne pourraient pas se permettre de repas chaud \u00e0 cause de la flamb\u00e9e des prix dans le pays.<\/p>\n<p><img loading=\"lazy\" decoding=\"async\" class=\"aligncenter size-large wp-image-166677\" src=\"https:\/\/media.acninternational.org\/wp-content\/uploads\/2022\/02\/ACN-20220201-123562-1024x768.jpeg\" alt=\"\" width=\"800\" height=\"600\" srcset=\"https:\/\/media.acninternational.org\/wp-content\/uploads\/2022\/02\/ACN-20220201-123562-1024x768.jpeg 1024w, https:\/\/media.acninternational.org\/wp-content\/uploads\/2022\/02\/ACN-20220201-123562-300x225.jpeg 300w, https:\/\/media.acninternational.org\/wp-content\/uploads\/2022\/02\/ACN-20220201-123562-768x576.jpeg 768w, https:\/\/media.acninternational.org\/wp-content\/uploads\/2022\/02\/ACN-20220201-123562-1536x1152.jpeg 1536w, https:\/\/media.acninternational.org\/wp-content\/uploads\/2022\/02\/ACN-20220201-123562.jpeg 1920w\" sizes=\"auto, (max-width: 800px) 100vw, 800px\" \/><\/p>\n<p>Dehors, devant leur maison, les fr\u00e8res ont \u00e9difi\u00e9 une petite chapelle en l\u2019honneur de la Vierge, avec une statue de Notre-Dame de Fatima, illumin\u00e9e la nuit. Il n\u2019y a aucune \u00e9glise dans la banlieue o\u00f9 se situe leur monast\u00e8re, mais de nombreux passants s\u2019arr\u00eatent devant leur petite chapelle ou s\u2019agenouillent m\u00eame pour prier. Il y a quelques ann\u00e9es, gr\u00e2ce \u00e0 la g\u00e9n\u00e9rosit\u00e9 des bienfaiteurs d\u2019ACN, les fr\u00e8res Albertins ont pu r\u00e9nover le chauffage central, installer une isolation thermique, \u00e9liminer l\u2019eau de condensation des murs et effectuer d\u2019autres r\u00e9parations urgentes. De nombreux sans-abri s\u00e9journant dans le monast\u00e8re ont particip\u00e9 activement aux travaux de r\u00e9novation. L\u2019ann\u00e9e derni\u00e8re, \u00e9galement gr\u00e2ce au soutien des bienfaiteurs d\u2019ACN, les fr\u00e8res ont pu remplacer la voiture de seize ans d\u2019\u00e2ge qu\u2019ils utilisaient pour la distribution des colis alimentaires et assurer la pastorale des familles.<\/p>\n<p>Avec l\u2019aide de Dieu, les religieux et religieuses et les paroisses de toute l&rsquo;Ukraine ont aid\u00e9 de nombreuses personnes \u00e0 s&rsquo;en sortir. Environ un million et demi de r\u00e9fugi\u00e9s sont oblig\u00e9s de vivre avec moins de 70 euros par mois. C\u2019est un travail tr\u00e8s dur, mais le fr\u00e8re Wieslaw et ses confr\u00e8res consid\u00e8rent que c\u2019est une chance. \u00ab\u00a0Il y a des gens riches ici, mais pendant longtemps, il n\u2019y avait pas d\u2019\u00c9glise, aucun lieu pour l\u2019amour et le partage. C\u2019est pour cela que Dieu a d\u00fb nous conduire ici. Par nos pri\u00e8res, en rev\u00eatant notre habit, par la croix et gr\u00e2ce \u00e0 notre chapelle, nous nous effor\u00e7ons de changer le monde par notre attitude envers les autres.\u00a0\u00bb<\/p>\n<p>Mgr Szyrokoradiuk, \u00e9v\u00eaque d&rsquo;Odessa et de Simferopol, ancien administrateur apostolique de Kharkiv, est plein d\u2019espoir quant \u00e0 l\u2019avenir de l\u2019\u00c9glise en Ukraine, m\u00eame dans la situation actuelle\u00a0: \u00ab\u00a0Lorsque nous avons r\u00e9cup\u00e9r\u00e9 notre \u00e9glise des communistes dans les ann\u00e9es 1990, sept personnes seulement sont venues \u00e0 la premi\u00e8re sainte messe. Aujourd\u2019hui, l\u2019\u00e9glise est bond\u00e9e \u00e0 chacune des sept messes dominicales. M\u00eame les orthodoxes viennent chez nous et nous apportent des biens de premi\u00e8re n\u00e9cessit\u00e9, car l\u2019\u00c9glise catholique aide vraiment les r\u00e9fugi\u00e9s et les pauvres.\u00a0\u00bb<\/p>\n","protected":false},"excerpt":{"rendered":"<p>Par n\u00e9cessit\u00e9, Viktor d\u00e9monte son plancher. Maintenant que lui et sa femme n&rsquo;ont pas de travail stable, \u00e0 cause de<\/p>\n","protected":false},"author":4258341447,"featured_media":166665,"comment_status":"closed","ping_status":"closed","sticky":false,"template":"","format":"standard","meta":{"_acf_changed":false,"_acn_coauthor_ids":[],"_acn_featured_article":false,"footnotes":""},"categories":[919,962],"tags":[],"country":[156],"class_list":["post-166687","post","type-post","status-publish","format-standard","has-post-thumbnail","hentry","category-nouvelle","category-news-fr","country-ukraine"],"acn_coauthors":[],"acf":[],"yoast_head":"<!-- This site is optimized with the Yoast SEO Premium plugin v27.5 (Yoast SEO v27.5) - https:\/\/yoast.com\/product\/yoast-seo-premium-wordpress\/ -->\n<title>L\u2019\u00c9glise d\u2019Ukraine voit les pauvres avec les yeux de Dieu | ACN International<\/title>\n<meta name=\"robots\" content=\"index, follow, max-snippet:-1, max-image-preview:large, max-video-preview:-1\" \/>\n<link rel=\"canonical\" href=\"https:\/\/acninternational.org\/fr\/leglise-dukraine-voit-les-pauvres-avec-les-yeux-de-dieu\/\" \/>\n<meta property=\"og:locale\" content=\"fr_FR\" \/>\n<meta property=\"og:type\" content=\"article\" \/>\n<meta property=\"og:title\" content=\"L\u2019\u00c9glise d\u2019Ukraine voit les pauvres avec les yeux de Dieu\" \/>\n<meta property=\"og:description\" content=\"Par n\u00e9cessit\u00e9, Viktor d\u00e9monte son plancher. Maintenant que lui et sa femme n&#039;ont pas de travail stable, \u00e0 cause de\" \/>\n<meta property=\"og:url\" content=\"https:\/\/acninternational.org\/fr\/leglise-dukraine-voit-les-pauvres-avec-les-yeux-de-dieu\/\" \/>\n<meta property=\"og:site_name\" content=\"ACN International\" \/>\n<meta property=\"article:publisher\" content=\"https:\/\/www.facebook.com\/acninternationalorg\" \/>\n<meta property=\"article:published_time\" content=\"2022-02-08T02:00:30+00:00\" \/>\n<meta property=\"og:image\" content=\"https:\/\/media.acninternational.org\/wp-content\/uploads\/2022\/02\/ACN-20180705-73198.jpeg\" \/>\n\t<meta property=\"og:image:width\" content=\"1280\" \/>\n\t<meta property=\"og:image:height\" content=\"700\" \/>\n\t<meta property=\"og:image:type\" content=\"image\/jpeg\" \/>\n<meta name=\"author\" content=\"ACN Press Team\" \/>\n<meta name=\"twitter:card\" content=\"summary_large_image\" \/>\n<meta name=\"twitter:creator\" content=\"@acn_int\" \/>\n<meta name=\"twitter:site\" content=\"@acn_int\" \/>\n<meta name=\"twitter:label1\" content=\"\u00c9crit par\" \/>\n\t<meta name=\"twitter:data1\" content=\"ACN Press Team\" \/>\n\t<meta name=\"twitter:label2\" content=\"Dur\u00e9e de lecture estim\u00e9e\" \/>\n\t<meta name=\"twitter:data2\" content=\"4 minutes\" \/>\n<script type=\"application\/ld+json\" class=\"yoast-schema-graph\">{\"@context\":\"https:\\\/\\\/schema.org\",\"@graph\":[{\"@type\":\"Article\",\"@id\":\"https:\\\/\\\/acninternational.org\\\/fr\\\/leglise-dukraine-voit-les-pauvres-avec-les-yeux-de-dieu\\\/#article\",\"isPartOf\":{\"@id\":\"https:\\\/\\\/acninternational.org\\\/fr\\\/leglise-dukraine-voit-les-pauvres-avec-les-yeux-de-dieu\\\/\"},\"author\":{\"name\":\"ACN Press Team\",\"@id\":\"https:\\\/\\\/acninternational.org\\\/fr\\\/#\\\/schema\\\/person\\\/7f3dafb236b242fb2aa46be1411fd703\"},\"headline\":\"L\u2019\u00c9glise d\u2019Ukraine voit les pauvres avec les yeux de Dieu\",\"datePublished\":\"2022-02-08T02:00:30+00:00\",\"mainEntityOfPage\":{\"@id\":\"https:\\\/\\\/acninternational.org\\\/fr\\\/leglise-dukraine-voit-les-pauvres-avec-les-yeux-de-dieu\\\/\"},\"wordCount\":782,\"publisher\":{\"@id\":\"https:\\\/\\\/acninternational.org\\\/fr\\\/#organization\"},\"image\":{\"@id\":\"https:\\\/\\\/acninternational.org\\\/fr\\\/leglise-dukraine-voit-les-pauvres-avec-les-yeux-de-dieu\\\/#primaryimage\"},\"thumbnailUrl\":\"https:\\\/\\\/media.acninternational.org\\\/wp-content\\\/uploads\\\/2022\\\/02\\\/ACN-20180705-73198.jpeg\",\"articleSection\":[\"Nouvelle\",\"Nouvelles\"],\"inLanguage\":\"fr-FR\"},{\"@type\":\"WebPage\",\"@id\":\"https:\\\/\\\/acninternational.org\\\/fr\\\/leglise-dukraine-voit-les-pauvres-avec-les-yeux-de-dieu\\\/\",\"url\":\"https:\\\/\\\/acninternational.org\\\/fr\\\/leglise-dukraine-voit-les-pauvres-avec-les-yeux-de-dieu\\\/\",\"name\":\"L\u2019\u00c9glise d\u2019Ukraine voit les pauvres avec les yeux de Dieu | ACN International\",\"isPartOf\":{\"@id\":\"https:\\\/\\\/acninternational.org\\\/fr\\\/#website\"},\"primaryImageOfPage\":{\"@id\":\"https:\\\/\\\/acninternational.org\\\/fr\\\/leglise-dukraine-voit-les-pauvres-avec-les-yeux-de-dieu\\\/#primaryimage\"},\"image\":{\"@id\":\"https:\\\/\\\/acninternational.org\\\/fr\\\/leglise-dukraine-voit-les-pauvres-avec-les-yeux-de-dieu\\\/#primaryimage\"},\"thumbnailUrl\":\"https:\\\/\\\/media.acninternational.org\\\/wp-content\\\/uploads\\\/2022\\\/02\\\/ACN-20180705-73198.jpeg\",\"datePublished\":\"2022-02-08T02:00:30+00:00\",\"breadcrumb\":{\"@id\":\"https:\\\/\\\/acninternational.org\\\/fr\\\/leglise-dukraine-voit-les-pauvres-avec-les-yeux-de-dieu\\\/#breadcrumb\"},\"inLanguage\":\"fr-FR\",\"potentialAction\":[{\"@type\":\"ReadAction\",\"target\":[\"https:\\\/\\\/acninternational.org\\\/fr\\\/leglise-dukraine-voit-les-pauvres-avec-les-yeux-de-dieu\\\/\"]}]},{\"@type\":\"ImageObject\",\"inLanguage\":\"fr-FR\",\"@id\":\"https:\\\/\\\/acninternational.org\\\/fr\\\/leglise-dukraine-voit-les-pauvres-avec-les-yeux-de-dieu\\\/#primaryimage\",\"url\":\"https:\\\/\\\/media.acninternational.org\\\/wp-content\\\/uploads\\\/2022\\\/02\\\/ACN-20180705-73198.jpeg\",\"contentUrl\":\"https:\\\/\\\/media.acninternational.org\\\/wp-content\\\/uploads\\\/2022\\\/02\\\/ACN-20180705-73198.jpeg\",\"width\":1280,\"height\":700},{\"@type\":\"BreadcrumbList\",\"@id\":\"https:\\\/\\\/acninternational.org\\\/fr\\\/leglise-dukraine-voit-les-pauvres-avec-les-yeux-de-dieu\\\/#breadcrumb\",\"itemListElement\":[{\"@type\":\"ListItem\",\"position\":1,\"name\":\"Home\",\"item\":\"https:\\\/\\\/acninternational.org\\\/fr\\\/\"},{\"@type\":\"ListItem\",\"position\":2,\"name\":\"Nouvelles\",\"item\":\"https:\\\/\\\/acninternational.org\\\/fr\\\/category\\\/news-fr\\\/\"},{\"@type\":\"ListItem\",\"position\":3,\"name\":\"L\u2019\u00c9glise d\u2019Ukraine voit les pauvres avec les yeux de Dieu\"}]},{\"@type\":\"WebSite\",\"@id\":\"https:\\\/\\\/acninternational.org\\\/fr\\\/#website\",\"url\":\"https:\\\/\\\/acninternational.org\\\/fr\\\/\",\"name\":\"ACN International\",\"description\":\"\",\"publisher\":{\"@id\":\"https:\\\/\\\/acninternational.org\\\/fr\\\/#organization\"},\"potentialAction\":[{\"@type\":\"SearchAction\",\"target\":{\"@type\":\"EntryPoint\",\"urlTemplate\":\"https:\\\/\\\/acninternational.org\\\/fr\\\/?s={search_term_string}\"},\"query-input\":{\"@type\":\"PropertyValueSpecification\",\"valueRequired\":true,\"valueName\":\"search_term_string\"}}],\"inLanguage\":\"fr-FR\"},{\"@type\":\"Organization\",\"@id\":\"https:\\\/\\\/acninternational.org\\\/fr\\\/#organization\",\"name\":\"Aid to the Church in Need International\",\"url\":\"https:\\\/\\\/acninternational.org\\\/fr\\\/\",\"logo\":{\"@type\":\"ImageObject\",\"inLanguage\":\"fr-FR\",\"@id\":\"https:\\\/\\\/acninternational.org\\\/fr\\\/#\\\/schema\\\/logo\\\/image\\\/\",\"url\":\"https:\\\/\\\/media.acninternational.org\\\/wp-content\\\/uploads\\\/2019\\\/11\\\/acn_logo_blackvector.svg\",\"contentUrl\":\"https:\\\/\\\/media.acninternational.org\\\/wp-content\\\/uploads\\\/2019\\\/11\\\/acn_logo_blackvector.svg\",\"width\":232.6,\"height\":78,\"caption\":\"Aid to the Church in Need International\"},\"image\":{\"@id\":\"https:\\\/\\\/acninternational.org\\\/fr\\\/#\\\/schema\\\/logo\\\/image\\\/\"},\"sameAs\":[\"https:\\\/\\\/www.facebook.com\\\/acninternationalorg\",\"https:\\\/\\\/x.com\\\/acn_int\",\"https:\\\/\\\/www.youtube.com\\\/channel\\\/UCQ-077gS0TnVzkhHmf1opZw\",\"https:\\\/\\\/www.instagram.com\\\/acn_international\\\/\"]},{\"@type\":\"Person\",\"@id\":\"https:\\\/\\\/acninternational.org\\\/fr\\\/#\\\/schema\\\/person\\\/7f3dafb236b242fb2aa46be1411fd703\",\"name\":\"ACN Press Team\",\"description\":\"Lorem ipsum dolor sit amet, consectetur adipiscing elit, sed do eiusmod tempor incididunt ut labore et dolore magna aliqua. Ut enim ad minim veniam, quis nostrud exercitation ullamco laboris nisi ut aliquip ex ea commodo consequat.\",\"url\":\"https:\\\/\\\/acninternational.org\\\/fr\\\/author\\\/acn-press-team\\\/\"}]}<\/script>\n<!-- \/ Yoast SEO Premium plugin. -->","yoast_head_json":{"title":"L\u2019\u00c9glise d\u2019Ukraine voit les pauvres avec les yeux de Dieu | ACN International","robots":{"index":"index","follow":"follow","max-snippet":"max-snippet:-1","max-image-preview":"max-image-preview:large","max-video-preview":"max-video-preview:-1"},"canonical":"https:\/\/acninternational.org\/fr\/leglise-dukraine-voit-les-pauvres-avec-les-yeux-de-dieu\/","og_locale":"fr_FR","og_type":"article","og_title":"L\u2019\u00c9glise d\u2019Ukraine voit les pauvres avec les yeux de Dieu","og_description":"Par n\u00e9cessit\u00e9, Viktor d\u00e9monte son plancher. Maintenant que lui et sa femme n'ont pas de travail stable, \u00e0 cause de","og_url":"https:\/\/acninternational.org\/fr\/leglise-dukraine-voit-les-pauvres-avec-les-yeux-de-dieu\/","og_site_name":"ACN International","article_publisher":"https:\/\/www.facebook.com\/acninternationalorg","article_published_time":"2022-02-08T02:00:30+00:00","og_image":[{"width":1280,"height":700,"url":"https:\/\/media.acninternational.org\/wp-content\/uploads\/2022\/02\/ACN-20180705-73198.jpeg","type":"image\/jpeg"}],"author":"ACN Press Team","twitter_card":"summary_large_image","twitter_creator":"@acn_int","twitter_site":"@acn_int","twitter_misc":{"\u00c9crit par":"ACN Press Team","Dur\u00e9e de lecture estim\u00e9e":"4 minutes"},"schema":{"@context":"https:\/\/schema.org","@graph":[{"@type":"Article","@id":"https:\/\/acninternational.org\/fr\/leglise-dukraine-voit-les-pauvres-avec-les-yeux-de-dieu\/#article","isPartOf":{"@id":"https:\/\/acninternational.org\/fr\/leglise-dukraine-voit-les-pauvres-avec-les-yeux-de-dieu\/"},"author":{"name":"ACN Press Team","@id":"https:\/\/acninternational.org\/fr\/#\/schema\/person\/7f3dafb236b242fb2aa46be1411fd703"},"headline":"L\u2019\u00c9glise d\u2019Ukraine voit les pauvres avec les yeux de Dieu","datePublished":"2022-02-08T02:00:30+00:00","mainEntityOfPage":{"@id":"https:\/\/acninternational.org\/fr\/leglise-dukraine-voit-les-pauvres-avec-les-yeux-de-dieu\/"},"wordCount":782,"publisher":{"@id":"https:\/\/acninternational.org\/fr\/#organization"},"image":{"@id":"https:\/\/acninternational.org\/fr\/leglise-dukraine-voit-les-pauvres-avec-les-yeux-de-dieu\/#primaryimage"},"thumbnailUrl":"https:\/\/media.acninternational.org\/wp-content\/uploads\/2022\/02\/ACN-20180705-73198.jpeg","articleSection":["Nouvelle","Nouvelles"],"inLanguage":"fr-FR"},{"@type":"WebPage","@id":"https:\/\/acninternational.org\/fr\/leglise-dukraine-voit-les-pauvres-avec-les-yeux-de-dieu\/","url":"https:\/\/acninternational.org\/fr\/leglise-dukraine-voit-les-pauvres-avec-les-yeux-de-dieu\/","name":"L\u2019\u00c9glise d\u2019Ukraine voit les pauvres avec les yeux de Dieu | ACN International","isPartOf":{"@id":"https:\/\/acninternational.org\/fr\/#website"},"primaryImageOfPage":{"@id":"https:\/\/acninternational.org\/fr\/leglise-dukraine-voit-les-pauvres-avec-les-yeux-de-dieu\/#primaryimage"},"image":{"@id":"https:\/\/acninternational.org\/fr\/leglise-dukraine-voit-les-pauvres-avec-les-yeux-de-dieu\/#primaryimage"},"thumbnailUrl":"https:\/\/media.acninternational.org\/wp-content\/uploads\/2022\/02\/ACN-20180705-73198.jpeg","datePublished":"2022-02-08T02:00:30+00:00","breadcrumb":{"@id":"https:\/\/acninternational.org\/fr\/leglise-dukraine-voit-les-pauvres-avec-les-yeux-de-dieu\/#breadcrumb"},"inLanguage":"fr-FR","potentialAction":[{"@type":"ReadAction","target":["https:\/\/acninternational.org\/fr\/leglise-dukraine-voit-les-pauvres-avec-les-yeux-de-dieu\/"]}]},{"@type":"ImageObject","inLanguage":"fr-FR","@id":"https:\/\/acninternational.org\/fr\/leglise-dukraine-voit-les-pauvres-avec-les-yeux-de-dieu\/#primaryimage","url":"https:\/\/media.acninternational.org\/wp-content\/uploads\/2022\/02\/ACN-20180705-73198.jpeg","contentUrl":"https:\/\/media.acninternational.org\/wp-content\/uploads\/2022\/02\/ACN-20180705-73198.jpeg","width":1280,"height":700},{"@type":"BreadcrumbList","@id":"https:\/\/acninternational.org\/fr\/leglise-dukraine-voit-les-pauvres-avec-les-yeux-de-dieu\/#breadcrumb","itemListElement":[{"@type":"ListItem","position":1,"name":"Home","item":"https:\/\/acninternational.org\/fr\/"},{"@type":"ListItem","position":2,"name":"Nouvelles","item":"https:\/\/acninternational.org\/fr\/category\/news-fr\/"},{"@type":"ListItem","position":3,"name":"L\u2019\u00c9glise d\u2019Ukraine voit les pauvres avec les yeux de Dieu"}]},{"@type":"WebSite","@id":"https:\/\/acninternational.org\/fr\/#website","url":"https:\/\/acninternational.org\/fr\/","name":"ACN International","description":"","publisher":{"@id":"https:\/\/acninternational.org\/fr\/#organization"},"potentialAction":[{"@type":"SearchAction","target":{"@type":"EntryPoint","urlTemplate":"https:\/\/acninternational.org\/fr\/?s={search_term_string}"},"query-input":{"@type":"PropertyValueSpecification","valueRequired":true,"valueName":"search_term_string"}}],"inLanguage":"fr-FR"},{"@type":"Organization","@id":"https:\/\/acninternational.org\/fr\/#organization","name":"Aid to the Church in Need International","url":"https:\/\/acninternational.org\/fr\/","logo":{"@type":"ImageObject","inLanguage":"fr-FR","@id":"https:\/\/acninternational.org\/fr\/#\/schema\/logo\/image\/","url":"https:\/\/media.acninternational.org\/wp-content\/uploads\/2019\/11\/acn_logo_blackvector.svg","contentUrl":"https:\/\/media.acninternational.org\/wp-content\/uploads\/2019\/11\/acn_logo_blackvector.svg","width":232.6,"height":78,"caption":"Aid to the Church in Need International"},"image":{"@id":"https:\/\/acninternational.org\/fr\/#\/schema\/logo\/image\/"},"sameAs":["https:\/\/www.facebook.com\/acninternationalorg","https:\/\/x.com\/acn_int","https:\/\/www.youtube.com\/channel\/UCQ-077gS0TnVzkhHmf1opZw","https:\/\/www.instagram.com\/acn_international\/"]},{"@type":"Person","@id":"https:\/\/acninternational.org\/fr\/#\/schema\/person\/7f3dafb236b242fb2aa46be1411fd703","name":"ACN Press Team","description":"Lorem ipsum dolor sit amet, consectetur adipiscing elit, sed do eiusmod tempor incididunt ut labore et dolore magna aliqua. Ut enim ad minim veniam, quis nostrud exercitation ullamco laboris nisi ut aliquip ex ea commodo consequat.","url":"https:\/\/acninternational.org\/fr\/author\/acn-press-team\/"}]}},"_links":{"self":[{"href":"https:\/\/acninternational.org\/fr\/wp-json\/wp\/v2\/posts\/166687","targetHints":{"allow":["GET"]}}],"collection":[{"href":"https:\/\/acninternational.org\/fr\/wp-json\/wp\/v2\/posts"}],"about":[{"href":"https:\/\/acninternational.org\/fr\/wp-json\/wp\/v2\/types\/post"}],"author":[{"embeddable":true,"href":"https:\/\/acninternational.org\/fr\/wp-json\/wp\/v2\/users\/4258341447"}],"replies":[{"embeddable":true,"href":"https:\/\/acninternational.org\/fr\/wp-json\/wp\/v2\/comments?post=166687"}],"version-history":[{"count":0,"href":"https:\/\/acninternational.org\/fr\/wp-json\/wp\/v2\/posts\/166687\/revisions"}],"wp:featuredmedia":[{"embeddable":true,"href":"https:\/\/acninternational.org\/fr\/wp-json\/wp\/v2\/media\/166665"}],"wp:attachment":[{"href":"https:\/\/acninternational.org\/fr\/wp-json\/wp\/v2\/media?parent=166687"}],"wp:term":[{"taxonomy":"category","embeddable":true,"href":"https:\/\/acninternational.org\/fr\/wp-json\/wp\/v2\/categories?post=166687"},{"taxonomy":"post_tag","embeddable":true,"href":"https:\/\/acninternational.org\/fr\/wp-json\/wp\/v2\/tags?post=166687"},{"taxonomy":"country","embeddable":true,"href":"https:\/\/acninternational.org\/fr\/wp-json\/wp\/v2\/country?post=166687"}],"curies":[{"name":"wp","href":"https:\/\/api.w.org\/{rel}","templated":true}]}}