{"id":166023,"date":"2022-01-18T11:53:47","date_gmt":"2022-01-18T10:53:47","guid":{"rendered":"https:\/\/acninternational.org\/?p=166023"},"modified":"2022-01-18T11:53:59","modified_gmt":"2022-01-18T10:53:59","slug":"mozambique-la-croix-en-morceaux","status":"publish","type":"post","link":"https:\/\/acninternational.org\/fr\/mozambique-la-croix-en-morceaux\/","title":{"rendered":"Mozambique : La croix en morceaux"},"content":{"rendered":"<p><strong>Le crucifix devant lequel prient les chr\u00e9tiens d\u00e9plac\u00e9s par la violence<\/strong><\/p>\n<p><strong>\u00a0<\/strong>Il est difficile d&rsquo;oublier l&rsquo;attaque de la mission catholique de Nangololo, dans le district de Muidumbe.\u00a0 Il s&rsquo;agit s\u00fbrement de l&rsquo;une des attaques les plus violentes dans le dioc\u00e8se de Pemba, \u00e0 Cabo Delgado, depuis que les djihadistes ont impos\u00e9 leur r\u00e8gne de la terreur en octobre 2017 dans la r\u00e9gion nord du Mozambique. La mission a \u00e9t\u00e9 d\u00e9truite, pratiquement rien n&rsquo;a \u00e9t\u00e9 sauv\u00e9. De nombreuses maisons de chr\u00e9tiens, l&rsquo;\u00e9glise, la r\u00e9sidence des pr\u00eatres, la r\u00e9sidence des s\u0153urs et les locaux de la radio communautaire de Nangololo, la deuxi\u00e8me plus ancienne mission catholique du dioc\u00e8se de Pemba, ont \u00e9t\u00e9 br\u00fbl\u00e9s. Pendant les attaques, une cinquantaine de jeunes hommes ont \u00e9galement \u00e9t\u00e9 massacr\u00e9s sur un terrain de football \u00e0 Muatide. Les ex\u00e9cutions, par les terroristes, auraient eu lieu entre le 6 et le 8 novembre 2020. Les r\u00e9cits des survivants racontent \u00ab\u00a0l&rsquo;agonie\u00a0\u00bb de plus de 50 personnes d\u00e9capit\u00e9es. Selon les sources d\u2019Aid to the Church in Need (ACN), pratiquement tous ceux qui vivaient dans la r\u00e9gion de Muidumbe ont d\u00fb reconstruire leur vie ailleurs, soit dans des camps de r\u00e9installation, soit dans des villages accueillis par des parents ou amis.<\/p>\n<p><img loading=\"lazy\" decoding=\"async\" class=\"alignnone size-large wp-image-166005\" src=\"https:\/\/media.acninternational.org\/wp-content\/uploads\/2022\/01\/ACN-20211015-118133-1024x768.jpeg\" alt=\"\" width=\"800\" height=\"600\" srcset=\"https:\/\/media.acninternational.org\/wp-content\/uploads\/2022\/01\/ACN-20211015-118133-1024x768.jpeg 1024w, https:\/\/media.acninternational.org\/wp-content\/uploads\/2022\/01\/ACN-20211015-118133-300x225.jpeg 300w, https:\/\/media.acninternational.org\/wp-content\/uploads\/2022\/01\/ACN-20211015-118133-768x576.jpeg 768w, https:\/\/media.acninternational.org\/wp-content\/uploads\/2022\/01\/ACN-20211015-118133-1536x1152.jpeg 1536w, https:\/\/media.acninternational.org\/wp-content\/uploads\/2022\/01\/ACN-20211015-118133.jpeg 1920w\" sizes=\"auto, (max-width: 800px) 100vw, 800px\" \/><\/p>\n<p><strong>Lieux de pri\u00e8re<\/strong><\/p>\n<p>Le p\u00e8re Edegard Silva, un missionnaire de Notre-Dame de La Salette br\u00e9silien, a \u00e9galement d\u00fb quitter Muidumbe. Il n&rsquo;oubliera jamais la trag\u00e9die de ces jours de novembre. Le pr\u00eatre se trouve maintenant \u00e0 Mieze, \u00e0 l&rsquo;ouest du dioc\u00e8se de Pemba, dans la paroisse de Notre-Dame du Mont Carmel, o\u00f9 il a cr\u00e9\u00e9 des lieux de pri\u00e8re tr\u00e8s particuliers : l&rsquo;un pour prier le chemin de croix et l&rsquo;autre pour prier le rosaire missionnaire. Ce sont deux espaces ouverts, sans portes, o\u00f9 chacun est invit\u00e9 \u00e0 joindre sa voix \u00e0 celle des chr\u00e9tiens du monde entier. Chaque fois qu&rsquo;ils prient le chemin de croix, les chr\u00e9tiens de Mieze se souviennent de l&rsquo;horreur de la guerre, de la violence et de la mort \u00e0 Cabo Delgado.<\/p>\n<p><strong>Se souvenir de la violence extr\u00eame<\/strong><\/p>\n<p>Avec le bois de l&rsquo;une des maisons br\u00fbl\u00e9es lors de l&rsquo;attaque d&rsquo;il y a un an dans le quartier de Muidumbe, les chr\u00e9tiens ont fait une croix qui repr\u00e9sente la souffrance de cette communaut\u00e9 : \u00ab\u00a0La croix a \u00e9t\u00e9 faite \u00e0 partir du bois br\u00fbl\u00e9 de la maison d&rsquo;un chr\u00e9tien et le Christ est bris\u00e9 en morceaux parce que nous voulons nous rappeler la situation de tant de personnes, tant d&rsquo;hommes, de femmes et d&rsquo;enfants qui ont \u00e9t\u00e9 d\u00e9membr\u00e9s\u00a0\u00bb, explique le P\u00e8re Edegard Silva \u00e0 ACN. \u00ab\u00a0C&rsquo;est pourquoi &#8211; ajoute le missionnaire br\u00e9silien &#8211; le corps, les jambes, les bras et la t\u00eate du Christ sont s\u00e9par\u00e9s, car ils expriment la r\u00e9alit\u00e9 de tant de personnes ici, dans cette guerre \u00e0 Cabo Delgado\u00a0\u00bb.<\/p>\n<p><strong>Les souffrances du peuple<\/strong><\/p>\n<p>La croix, faite de bois br\u00fbl\u00e9 avec le Christ en morceaux, est l&rsquo;\u00e9l\u00e9ment central du chemin de croix, qui se d\u00e9roule dans un petit espace construit avec des piquets de bois tress\u00e9s et recouvert de paille, comme toutes les maisons des villages de cette r\u00e9gion. \u00c0 l&rsquo;entr\u00e9e, un petit panneau indique qu&rsquo;il s&rsquo;agit du \u00ab\u00a0visage de J\u00e9sus \u00e0 Cabo Delgado\u00a0\u00bb. Juste \u00e0 c\u00f4t\u00e9, il y a un champ ouvert avec un chapelet g\u00e9ant dessin\u00e9 sur le sol sablonneux, l&rsquo;objectif \u00e9tant de rappeler \u00ab\u00a0la dimension mariale de l&rsquo;\u00c9glise et la solidarit\u00e9 dans tant de r\u00e9gions du monde\u00a0\u00bb, explique le p\u00e8re Edegard. Les gens prient beaucoup \u00e0 Cabo Delgado. La pri\u00e8re d&rsquo;un peuple opprim\u00e9 par la violence exprime aussi la vitalit\u00e9 d&rsquo;une \u00c9glise qui, bien que mat\u00e9riellement pauvre, est tr\u00e8s riche en vocations, en fraternit\u00e9, et pour tout cela est un exemple pour le monde.<\/p>\n<p><img loading=\"lazy\" decoding=\"async\" class=\"alignnone size-large wp-image-166011\" src=\"https:\/\/media.acninternational.org\/wp-content\/uploads\/2022\/01\/ACN-20210406-111714-1024x766.jpeg\" alt=\"\" width=\"800\" height=\"598\" srcset=\"https:\/\/media.acninternational.org\/wp-content\/uploads\/2022\/01\/ACN-20210406-111714-1024x766.jpeg 1024w, https:\/\/media.acninternational.org\/wp-content\/uploads\/2022\/01\/ACN-20210406-111714-300x225.jpeg 300w, https:\/\/media.acninternational.org\/wp-content\/uploads\/2022\/01\/ACN-20210406-111714-768x575.jpeg 768w, https:\/\/media.acninternational.org\/wp-content\/uploads\/2022\/01\/ACN-20210406-111714.jpeg 1280w\" sizes=\"auto, (max-width: 800px) 100vw, 800px\" \/><\/p>\n<p><strong>Le pouvoir de la pri\u00e8re <\/strong><\/p>\n<p>C&rsquo;est une belle r\u00e9alit\u00e9, explique le missionnaire de Notre-Dame de La Salette, que dans toutes les messes il y ait toujours une pri\u00e8re pour la paix au Mozambique et dans le monde. Nous ne demandons pas la paix uniquement pour Cabo Delgado, car cette r\u00e9alit\u00e9 de la guerre n&rsquo;existe pas seulement ici. Le rosaire est ouvert sur le monde, c&rsquo;est le rosaire missionnaire et lorsque nous le prions, nous prions pour la paix sur tous les continents, pour plus de solidarit\u00e9, et aussi pour nous-m\u00eames. Lorsque nous confions nos souffrances \u00e0 la pri\u00e8re, nous ne voulons pas seulement prier pour la souffrance de Cabo Delgado, mais aussi pour les souffrances du monde, les croix du monde.<\/p>\n<p>\u00c0 Cabo Delgado, il y a un nombre tr\u00e8s \u00e9lev\u00e9 de victimes de la violence, du terrorisme et de l&rsquo;intol\u00e9rance religieuse. Depuis le d\u00e9but du conflit, on d\u00e9nombre plus de trois mille morts et plus de 850 000 personnes d\u00e9plac\u00e9es.<\/p>\n","protected":false},"excerpt":{"rendered":"<p>Le crucifix devant lequel prient les chr\u00e9tiens d\u00e9plac\u00e9s par la violence \u00a0Il est difficile d&rsquo;oublier l&rsquo;attaque de la mission catholique<\/p>\n","protected":false},"author":4258341447,"featured_media":165999,"comment_status":"closed","ping_status":"closed","sticky":false,"template":"","format":"standard","meta":{"_acf_changed":false,"_acn_coauthor_ids":[],"footnotes":""},"categories":[919,962],"tags":[],"country":[348],"class_list":["post-166023","post","type-post","status-publish","format-standard","has-post-thumbnail","hentry","category-nouvelle","category-news-fr","country-mozambique"],"acn_coauthors":[],"acf":[],"yoast_head":"<!-- This site is optimized with the Yoast SEO Premium plugin v27.3 (Yoast SEO v27.3) - https:\/\/yoast.com\/product\/yoast-seo-premium-wordpress\/ -->\n<title>Mozambique : La croix en morceaux | ACN International<\/title>\n<meta name=\"robots\" content=\"index, follow, max-snippet:-1, max-image-preview:large, max-video-preview:-1\" \/>\n<link rel=\"canonical\" href=\"https:\/\/acninternational.org\/fr\/mozambique-la-croix-en-morceaux\/\" \/>\n<meta property=\"og:locale\" content=\"fr_FR\" \/>\n<meta property=\"og:type\" content=\"article\" \/>\n<meta property=\"og:title\" content=\"Mozambique : La croix en morceaux\" \/>\n<meta property=\"og:description\" content=\"Le crucifix devant lequel prient les chr\u00e9tiens d\u00e9plac\u00e9s par la violence \u00a0Il est difficile d&#039;oublier l&#039;attaque de la mission catholique\" \/>\n<meta property=\"og:url\" content=\"https:\/\/acninternational.org\/fr\/mozambique-la-croix-en-morceaux\/\" \/>\n<meta property=\"og:site_name\" content=\"ACN International\" \/>\n<meta property=\"article:publisher\" content=\"https:\/\/www.facebook.com\/acninternationalorg\" \/>\n<meta property=\"article:published_time\" content=\"2022-01-18T10:53:47+00:00\" \/>\n<meta property=\"article:modified_time\" content=\"2022-01-18T10:53:59+00:00\" \/>\n<meta property=\"og:image\" content=\"https:\/\/media.acninternational.org\/wp-content\/uploads\/2022\/01\/ACN-20211015-118131.jpeg\" \/>\n\t<meta property=\"og:image:width\" content=\"1200\" \/>\n\t<meta property=\"og:image:height\" content=\"625\" \/>\n\t<meta property=\"og:image:type\" content=\"image\/jpeg\" \/>\n<meta name=\"author\" content=\"ACN Press Team\" \/>\n<meta name=\"twitter:card\" content=\"summary_large_image\" \/>\n<meta name=\"twitter:creator\" content=\"@acn_int\" \/>\n<meta name=\"twitter:site\" content=\"@acn_int\" \/>\n<meta name=\"twitter:label1\" content=\"\u00c9crit par\" \/>\n\t<meta name=\"twitter:data1\" content=\"ACN Press Team\" \/>\n\t<meta name=\"twitter:label2\" content=\"Dur\u00e9e de lecture estim\u00e9e\" \/>\n\t<meta name=\"twitter:data2\" content=\"4 minutes\" \/>\n<script type=\"application\/ld+json\" class=\"yoast-schema-graph\">{\"@context\":\"https:\\\/\\\/schema.org\",\"@graph\":[{\"@type\":\"Article\",\"@id\":\"https:\\\/\\\/acninternational.org\\\/fr\\\/mozambique-la-croix-en-morceaux\\\/#article\",\"isPartOf\":{\"@id\":\"https:\\\/\\\/acninternational.org\\\/fr\\\/mozambique-la-croix-en-morceaux\\\/\"},\"author\":{\"name\":\"ACN Press Team\",\"@id\":\"https:\\\/\\\/acninternational.org\\\/fr\\\/#\\\/schema\\\/person\\\/7f3dafb236b242fb2aa46be1411fd703\"},\"headline\":\"Mozambique : La croix en morceaux\",\"datePublished\":\"2022-01-18T10:53:47+00:00\",\"dateModified\":\"2022-01-18T10:53:59+00:00\",\"mainEntityOfPage\":{\"@id\":\"https:\\\/\\\/acninternational.org\\\/fr\\\/mozambique-la-croix-en-morceaux\\\/\"},\"wordCount\":852,\"publisher\":{\"@id\":\"https:\\\/\\\/acninternational.org\\\/fr\\\/#organization\"},\"image\":{\"@id\":\"https:\\\/\\\/acninternational.org\\\/fr\\\/mozambique-la-croix-en-morceaux\\\/#primaryimage\"},\"thumbnailUrl\":\"https:\\\/\\\/media.acninternational.org\\\/wp-content\\\/uploads\\\/2022\\\/01\\\/ACN-20211015-118131.jpeg\",\"articleSection\":[\"Nouvelle\",\"Nouvelles\"],\"inLanguage\":\"fr-FR\"},{\"@type\":\"WebPage\",\"@id\":\"https:\\\/\\\/acninternational.org\\\/fr\\\/mozambique-la-croix-en-morceaux\\\/\",\"url\":\"https:\\\/\\\/acninternational.org\\\/fr\\\/mozambique-la-croix-en-morceaux\\\/\",\"name\":\"Mozambique : La croix en morceaux | ACN International\",\"isPartOf\":{\"@id\":\"https:\\\/\\\/acninternational.org\\\/fr\\\/#website\"},\"primaryImageOfPage\":{\"@id\":\"https:\\\/\\\/acninternational.org\\\/fr\\\/mozambique-la-croix-en-morceaux\\\/#primaryimage\"},\"image\":{\"@id\":\"https:\\\/\\\/acninternational.org\\\/fr\\\/mozambique-la-croix-en-morceaux\\\/#primaryimage\"},\"thumbnailUrl\":\"https:\\\/\\\/media.acninternational.org\\\/wp-content\\\/uploads\\\/2022\\\/01\\\/ACN-20211015-118131.jpeg\",\"datePublished\":\"2022-01-18T10:53:47+00:00\",\"dateModified\":\"2022-01-18T10:53:59+00:00\",\"breadcrumb\":{\"@id\":\"https:\\\/\\\/acninternational.org\\\/fr\\\/mozambique-la-croix-en-morceaux\\\/#breadcrumb\"},\"inLanguage\":\"fr-FR\",\"potentialAction\":[{\"@type\":\"ReadAction\",\"target\":[\"https:\\\/\\\/acninternational.org\\\/fr\\\/mozambique-la-croix-en-morceaux\\\/\"]}]},{\"@type\":\"ImageObject\",\"inLanguage\":\"fr-FR\",\"@id\":\"https:\\\/\\\/acninternational.org\\\/fr\\\/mozambique-la-croix-en-morceaux\\\/#primaryimage\",\"url\":\"https:\\\/\\\/media.acninternational.org\\\/wp-content\\\/uploads\\\/2022\\\/01\\\/ACN-20211015-118131.jpeg\",\"contentUrl\":\"https:\\\/\\\/media.acninternational.org\\\/wp-content\\\/uploads\\\/2022\\\/01\\\/ACN-20211015-118131.jpeg\",\"width\":1200,\"height\":625},{\"@type\":\"BreadcrumbList\",\"@id\":\"https:\\\/\\\/acninternational.org\\\/fr\\\/mozambique-la-croix-en-morceaux\\\/#breadcrumb\",\"itemListElement\":[{\"@type\":\"ListItem\",\"position\":1,\"name\":\"Home\",\"item\":\"https:\\\/\\\/acninternational.org\\\/fr\\\/\"},{\"@type\":\"ListItem\",\"position\":2,\"name\":\"Nouvelles\",\"item\":\"https:\\\/\\\/acninternational.org\\\/fr\\\/category\\\/news-fr\\\/\"},{\"@type\":\"ListItem\",\"position\":3,\"name\":\"Mozambique : La croix en morceaux\"}]},{\"@type\":\"WebSite\",\"@id\":\"https:\\\/\\\/acninternational.org\\\/fr\\\/#website\",\"url\":\"https:\\\/\\\/acninternational.org\\\/fr\\\/\",\"name\":\"ACN International\",\"description\":\"\",\"publisher\":{\"@id\":\"https:\\\/\\\/acninternational.org\\\/fr\\\/#organization\"},\"potentialAction\":[{\"@type\":\"SearchAction\",\"target\":{\"@type\":\"EntryPoint\",\"urlTemplate\":\"https:\\\/\\\/acninternational.org\\\/fr\\\/?s={search_term_string}\"},\"query-input\":{\"@type\":\"PropertyValueSpecification\",\"valueRequired\":true,\"valueName\":\"search_term_string\"}}],\"inLanguage\":\"fr-FR\"},{\"@type\":\"Organization\",\"@id\":\"https:\\\/\\\/acninternational.org\\\/fr\\\/#organization\",\"name\":\"Aid to the Church in Need International\",\"url\":\"https:\\\/\\\/acninternational.org\\\/fr\\\/\",\"logo\":{\"@type\":\"ImageObject\",\"inLanguage\":\"fr-FR\",\"@id\":\"https:\\\/\\\/acninternational.org\\\/fr\\\/#\\\/schema\\\/logo\\\/image\\\/\",\"url\":\"https:\\\/\\\/media.acninternational.org\\\/wp-content\\\/uploads\\\/2019\\\/11\\\/acn_logo_blackvector.svg\",\"contentUrl\":\"https:\\\/\\\/media.acninternational.org\\\/wp-content\\\/uploads\\\/2019\\\/11\\\/acn_logo_blackvector.svg\",\"width\":232.6,\"height\":78,\"caption\":\"Aid to the Church in Need International\"},\"image\":{\"@id\":\"https:\\\/\\\/acninternational.org\\\/fr\\\/#\\\/schema\\\/logo\\\/image\\\/\"},\"sameAs\":[\"https:\\\/\\\/www.facebook.com\\\/acninternationalorg\",\"https:\\\/\\\/x.com\\\/acn_int\",\"https:\\\/\\\/www.youtube.com\\\/channel\\\/UCQ-077gS0TnVzkhHmf1opZw\",\"https:\\\/\\\/www.instagram.com\\\/acn_international\\\/\"]},{\"@type\":\"Person\",\"@id\":\"https:\\\/\\\/acninternational.org\\\/fr\\\/#\\\/schema\\\/person\\\/7f3dafb236b242fb2aa46be1411fd703\",\"name\":\"ACN Press Team\",\"description\":\"Lorem ipsum dolor sit amet, consectetur adipiscing elit, sed do eiusmod tempor incididunt ut labore et dolore magna aliqua. Ut enim ad minim veniam, quis nostrud exercitation ullamco laboris nisi ut aliquip ex ea commodo consequat.\",\"url\":\"https:\\\/\\\/acninternational.org\\\/fr\\\/author\\\/acn-press-team\\\/\"}]}<\/script>\n<!-- \/ Yoast SEO Premium plugin. -->","yoast_head_json":{"title":"Mozambique : La croix en morceaux | ACN International","robots":{"index":"index","follow":"follow","max-snippet":"max-snippet:-1","max-image-preview":"max-image-preview:large","max-video-preview":"max-video-preview:-1"},"canonical":"https:\/\/acninternational.org\/fr\/mozambique-la-croix-en-morceaux\/","og_locale":"fr_FR","og_type":"article","og_title":"Mozambique : La croix en morceaux","og_description":"Le crucifix devant lequel prient les chr\u00e9tiens d\u00e9plac\u00e9s par la violence \u00a0Il est difficile d'oublier l'attaque de la mission catholique","og_url":"https:\/\/acninternational.org\/fr\/mozambique-la-croix-en-morceaux\/","og_site_name":"ACN International","article_publisher":"https:\/\/www.facebook.com\/acninternationalorg","article_published_time":"2022-01-18T10:53:47+00:00","article_modified_time":"2022-01-18T10:53:59+00:00","og_image":[{"width":1200,"height":625,"url":"https:\/\/media.acninternational.org\/wp-content\/uploads\/2022\/01\/ACN-20211015-118131.jpeg","type":"image\/jpeg"}],"author":"ACN Press Team","twitter_card":"summary_large_image","twitter_creator":"@acn_int","twitter_site":"@acn_int","twitter_misc":{"\u00c9crit par":"ACN Press Team","Dur\u00e9e de lecture estim\u00e9e":"4 minutes"},"schema":{"@context":"https:\/\/schema.org","@graph":[{"@type":"Article","@id":"https:\/\/acninternational.org\/fr\/mozambique-la-croix-en-morceaux\/#article","isPartOf":{"@id":"https:\/\/acninternational.org\/fr\/mozambique-la-croix-en-morceaux\/"},"author":{"name":"ACN Press Team","@id":"https:\/\/acninternational.org\/fr\/#\/schema\/person\/7f3dafb236b242fb2aa46be1411fd703"},"headline":"Mozambique : La croix en morceaux","datePublished":"2022-01-18T10:53:47+00:00","dateModified":"2022-01-18T10:53:59+00:00","mainEntityOfPage":{"@id":"https:\/\/acninternational.org\/fr\/mozambique-la-croix-en-morceaux\/"},"wordCount":852,"publisher":{"@id":"https:\/\/acninternational.org\/fr\/#organization"},"image":{"@id":"https:\/\/acninternational.org\/fr\/mozambique-la-croix-en-morceaux\/#primaryimage"},"thumbnailUrl":"https:\/\/media.acninternational.org\/wp-content\/uploads\/2022\/01\/ACN-20211015-118131.jpeg","articleSection":["Nouvelle","Nouvelles"],"inLanguage":"fr-FR"},{"@type":"WebPage","@id":"https:\/\/acninternational.org\/fr\/mozambique-la-croix-en-morceaux\/","url":"https:\/\/acninternational.org\/fr\/mozambique-la-croix-en-morceaux\/","name":"Mozambique : La croix en morceaux | ACN International","isPartOf":{"@id":"https:\/\/acninternational.org\/fr\/#website"},"primaryImageOfPage":{"@id":"https:\/\/acninternational.org\/fr\/mozambique-la-croix-en-morceaux\/#primaryimage"},"image":{"@id":"https:\/\/acninternational.org\/fr\/mozambique-la-croix-en-morceaux\/#primaryimage"},"thumbnailUrl":"https:\/\/media.acninternational.org\/wp-content\/uploads\/2022\/01\/ACN-20211015-118131.jpeg","datePublished":"2022-01-18T10:53:47+00:00","dateModified":"2022-01-18T10:53:59+00:00","breadcrumb":{"@id":"https:\/\/acninternational.org\/fr\/mozambique-la-croix-en-morceaux\/#breadcrumb"},"inLanguage":"fr-FR","potentialAction":[{"@type":"ReadAction","target":["https:\/\/acninternational.org\/fr\/mozambique-la-croix-en-morceaux\/"]}]},{"@type":"ImageObject","inLanguage":"fr-FR","@id":"https:\/\/acninternational.org\/fr\/mozambique-la-croix-en-morceaux\/#primaryimage","url":"https:\/\/media.acninternational.org\/wp-content\/uploads\/2022\/01\/ACN-20211015-118131.jpeg","contentUrl":"https:\/\/media.acninternational.org\/wp-content\/uploads\/2022\/01\/ACN-20211015-118131.jpeg","width":1200,"height":625},{"@type":"BreadcrumbList","@id":"https:\/\/acninternational.org\/fr\/mozambique-la-croix-en-morceaux\/#breadcrumb","itemListElement":[{"@type":"ListItem","position":1,"name":"Home","item":"https:\/\/acninternational.org\/fr\/"},{"@type":"ListItem","position":2,"name":"Nouvelles","item":"https:\/\/acninternational.org\/fr\/category\/news-fr\/"},{"@type":"ListItem","position":3,"name":"Mozambique : La croix en morceaux"}]},{"@type":"WebSite","@id":"https:\/\/acninternational.org\/fr\/#website","url":"https:\/\/acninternational.org\/fr\/","name":"ACN International","description":"","publisher":{"@id":"https:\/\/acninternational.org\/fr\/#organization"},"potentialAction":[{"@type":"SearchAction","target":{"@type":"EntryPoint","urlTemplate":"https:\/\/acninternational.org\/fr\/?s={search_term_string}"},"query-input":{"@type":"PropertyValueSpecification","valueRequired":true,"valueName":"search_term_string"}}],"inLanguage":"fr-FR"},{"@type":"Organization","@id":"https:\/\/acninternational.org\/fr\/#organization","name":"Aid to the Church in Need International","url":"https:\/\/acninternational.org\/fr\/","logo":{"@type":"ImageObject","inLanguage":"fr-FR","@id":"https:\/\/acninternational.org\/fr\/#\/schema\/logo\/image\/","url":"https:\/\/media.acninternational.org\/wp-content\/uploads\/2019\/11\/acn_logo_blackvector.svg","contentUrl":"https:\/\/media.acninternational.org\/wp-content\/uploads\/2019\/11\/acn_logo_blackvector.svg","width":232.6,"height":78,"caption":"Aid to the Church in Need International"},"image":{"@id":"https:\/\/acninternational.org\/fr\/#\/schema\/logo\/image\/"},"sameAs":["https:\/\/www.facebook.com\/acninternationalorg","https:\/\/x.com\/acn_int","https:\/\/www.youtube.com\/channel\/UCQ-077gS0TnVzkhHmf1opZw","https:\/\/www.instagram.com\/acn_international\/"]},{"@type":"Person","@id":"https:\/\/acninternational.org\/fr\/#\/schema\/person\/7f3dafb236b242fb2aa46be1411fd703","name":"ACN Press Team","description":"Lorem ipsum dolor sit amet, consectetur adipiscing elit, sed do eiusmod tempor incididunt ut labore et dolore magna aliqua. Ut enim ad minim veniam, quis nostrud exercitation ullamco laboris nisi ut aliquip ex ea commodo consequat.","url":"https:\/\/acninternational.org\/fr\/author\/acn-press-team\/"}]}},"_links":{"self":[{"href":"https:\/\/acninternational.org\/fr\/wp-json\/wp\/v2\/posts\/166023","targetHints":{"allow":["GET"]}}],"collection":[{"href":"https:\/\/acninternational.org\/fr\/wp-json\/wp\/v2\/posts"}],"about":[{"href":"https:\/\/acninternational.org\/fr\/wp-json\/wp\/v2\/types\/post"}],"author":[{"embeddable":true,"href":"https:\/\/acninternational.org\/fr\/wp-json\/wp\/v2\/users\/4258341447"}],"replies":[{"embeddable":true,"href":"https:\/\/acninternational.org\/fr\/wp-json\/wp\/v2\/comments?post=166023"}],"version-history":[{"count":0,"href":"https:\/\/acninternational.org\/fr\/wp-json\/wp\/v2\/posts\/166023\/revisions"}],"wp:featuredmedia":[{"embeddable":true,"href":"https:\/\/acninternational.org\/fr\/wp-json\/wp\/v2\/media\/165999"}],"wp:attachment":[{"href":"https:\/\/acninternational.org\/fr\/wp-json\/wp\/v2\/media?parent=166023"}],"wp:term":[{"taxonomy":"category","embeddable":true,"href":"https:\/\/acninternational.org\/fr\/wp-json\/wp\/v2\/categories?post=166023"},{"taxonomy":"post_tag","embeddable":true,"href":"https:\/\/acninternational.org\/fr\/wp-json\/wp\/v2\/tags?post=166023"},{"taxonomy":"country","embeddable":true,"href":"https:\/\/acninternational.org\/fr\/wp-json\/wp\/v2\/country?post=166023"}],"curies":[{"name":"wp","href":"https:\/\/api.w.org\/{rel}","templated":true}]}}