{"id":165680,"date":"2022-01-05T07:51:47","date_gmt":"2022-01-05T06:51:47","guid":{"rendered":"https:\/\/acninternational.org\/?p=165680"},"modified":"2022-01-19T08:15:28","modified_gmt":"2022-01-19T07:15:28","slug":"tiens-toi-tranquille-pour-que-dieu-te-defende-temoignage-de-la-religieuse-colombienne-kidnappee-au-mali-a-la-fondation-acn","status":"publish","type":"post","link":"https:\/\/acninternational.org\/fr\/tiens-toi-tranquille-pour-que-dieu-te-defende-temoignage-de-la-religieuse-colombienne-kidnappee-au-mali-a-la-fondation-acn\/","title":{"rendered":"\u00ab Tiens-toi tranquille pour que Dieu te d\u00e9fende \u00bb \u2013 t\u00e9moignage de la religieuse colombienne kidnapp\u00e9e au Mali \u00e0 la fondation ACN"},"content":{"rendered":"<p><strong>Dans une interview accord\u00e9e au bureau colombien de la fondation pontificale Aid to the Church in Need, Soeur Gloria Cecilia Narv\u00e1ez, lib\u00e9r\u00e9e en octobre dernier au Mali, a \u00e9voqu\u00e9 son travail de missionnaire, sa captivit\u00e9 et son appel \u00e0 \u00eatre un t\u00e9moin vivant. Voici un r\u00e9sum\u00e9 de son long r\u00e9cit.<\/strong><\/p>\n<p>S\u0153ur Gloria a re\u00e7u ACN au couvent de Pasto, en Colombie, son lieu de naissance, o\u00f9 elle est arriv\u00e9e fin novembre pour rencontrer sa famille et terminer sa convalescence. Elle nous a tout de suite parl\u00e9 de sa plus grande passion : la mission en Afrique. \u00ab Les S\u0153urs Franciscaines de Marie Immacul\u00e9e sont pr\u00e9sentes au Mali depuis plus de 25 ans. L&rsquo;une de nos principales pr\u00e9occupations est la promotion des femmes, avec un accent particulier sur l&rsquo;alphab\u00e9tisation, car dans ce pays, l&rsquo;\u00e9ducation est pratiquement inexistante pour elles \u00bb. De m\u00eame, elles leur apprennent les techniques agricoles de base et la couture, de sorte qu&rsquo;elles puissent progressivement accro\u00eetre leur ind\u00e9pendance et devenir autosuffisantes.<\/p>\n<p>La religieuse colombienne a expliqu\u00e9 qu\u2019elles avaient obtenu le soutien de professionnels de la sant\u00e9 pour instruire les m\u00e8res et les p\u00e8res en cas de grossesse. Cela a eu un tel impact sur les hommes \u00ab qu&rsquo;ils sont m\u00eame venus nous demander de l&rsquo;aide pour que nous puissions leur apprendre comment faire les t\u00e2ches domestiques et s&rsquo;occuper de leurs jeunes enfants au cas o\u00f9 les femmes mourraient \u00bb. Au Mali et dans d&rsquo;autres pays africains, la mort lors de l&rsquo;accouchement ou quelques jours plus tard est courante. \u00ab Les parents nous ont confi\u00e9 la garde de leurs b\u00e9b\u00e9s et nous l&rsquo;avons fait avec grand plaisir, mais nous avons obtenu que les parents s&rsquo;engagent aupr\u00e8s de leurs enfants, qu&rsquo;ils leur rendent fr\u00e9quemment visite et qu&rsquo;ils passent du temps avec eux \u00bb, a d\u00e9clar\u00e9 la missionnaire colombienne. Avec le travail des religieuses, un lien de responsabilit\u00e9 partag\u00e9e s&rsquo;est cr\u00e9\u00e9.<\/p>\n<p><strong>De l\u2019affection sans montre<\/strong><\/p>\n<p>Dans la culture malienne, on n\u2019est pas press\u00e9, on ne regarde pas l&rsquo;heure, et les S\u0153urs Franciscaines de Marie Immacul\u00e9e l&rsquo;ont parfaitement assimil\u00e9, donnant toute leur disponibilit\u00e9 et leur temps pour s&rsquo;occuper des gens et parler avec eux. Elles les re\u00e7oivent \u00e0 toute heure du jour ou de la nuit, les \u00e9coutent\u00a0; elles essaient de les aider \u00e0 r\u00e9soudre leurs probl\u00e8mes, leur apprenant \u00e0 faire face aux petits maux des enfants. Elles ont m\u00eame programm\u00e9 des soir\u00e9es th\u00e9\u00e2tre, des chants et des danses, auxquelles ont assist\u00e9 \u00e9galement certains chefs de villages musulmans. Au Mali, environ 90 % de la population est musulmane. S\u0153ur Gloria vivait dans le nord du pays. \u00ab Il n&rsquo;y avait pas de portes ferm\u00e9es, pas de murs \u00bb, a d\u00e9clar\u00e9 S\u0153ur Gloria. Les familles les ont accueillis dans leurs maisons et ont partag\u00e9 leur nourriture avec eux. Par exemple, \u00e0 la fin du ramadan, elles \u00e9taient invit\u00e9es \u00e0 faire la f\u00eate chez les habitants et il y avait toujours de la convivialit\u00e9, s\u2019est-elle rem\u00e9mor\u00e9e lors de sa conversation avec ACN.<\/p>\n<p>&nbsp;<\/p>\n<p><strong>Tiens-toi tranquille pour que Dieu te d\u00e9fende <\/strong><\/p>\n<p><img loading=\"lazy\" decoding=\"async\" class=\"alignnone size-large wp-image-165670\" src=\"https:\/\/media.acninternational.org\/wp-content\/uploads\/2022\/01\/ACN-20211011-117902-Malian-Presidents-office-1024x765.jpeg\" alt=\"\" width=\"800\" height=\"598\" srcset=\"https:\/\/media.acninternational.org\/wp-content\/uploads\/2022\/01\/ACN-20211011-117902-Malian-Presidents-office-1024x765.jpeg 1024w, https:\/\/media.acninternational.org\/wp-content\/uploads\/2022\/01\/ACN-20211011-117902-Malian-Presidents-office-300x224.jpeg 300w, https:\/\/media.acninternational.org\/wp-content\/uploads\/2022\/01\/ACN-20211011-117902-Malian-Presidents-office-768x574.jpeg 768w, https:\/\/media.acninternational.org\/wp-content\/uploads\/2022\/01\/ACN-20211011-117902-Malian-Presidents-office.jpeg 1080w\" sizes=\"auto, (max-width: 800px) 100vw, 800px\" \/><\/p>\n<p>Pendant sa longue captivit\u00e9 au cours de laquelle elle a \u00e9t\u00e9 victime de graves abus, elle a eu le temps de r\u00e9fl\u00e9chir \u00e0 beaucoup de choses, notamment \u00e0 sa condition religieuse et \u00e0 son travail de missionnaire, r\u00e9alisant finalement que son enl\u00e8vement \u00e9tait une vraie opportunit\u00e9. \u00ab\u00a0C\u2019\u00e9tait une occasion que Dieu m\u2019a donn\u00e9e pour examiner ma vie, ma r\u00e9ponse \u00e0 Lui &#8230; une sorte d&rsquo;exode.\u00a0\u00bb<\/p>\n<p>Dans cet exode, elle a \u00e9t\u00e9 accompagn\u00e9e par l&rsquo;exemple de saint Fran\u00e7ois \u00e0 travers la pri\u00e8re de paix, de joie parfaite et de b\u00e9n\u00e9diction pour tous. M\u00eame quand on la maltraitait, elle se souvenait du saint : \u00ab\u00a0Consid\u00e9rez cela comme une gr\u00e2ce\u00a0\u00bb.<\/p>\n<p>Chaque jour nouveau \u00e9tait une occasion suppl\u00e9mentaire pour rendre gr\u00e2ce \u00e0 Dieu pour la vie, au milieu de tant d\u2019\u00e9preuves et de dangers. \u00ab\u00a0Comment ne pas te louer, te b\u00e9nir et te remercier, mon Dieu, car tu m&rsquo;as combl\u00e9 de paix face aux insultes et aux mauvais traitements.\u00a0\u00bb Elle appr\u00e9ciait chaque petite chose, aussi insignifiante qu&rsquo;elle puisse para\u00eetre, a-t-elle d\u00e9clar\u00e9 lors de l&rsquo;interview avec ACN.<\/p>\n<p>Face \u00e0 la souffrance, elle se souvenait souvent des enseignements de la fondatrice de son ordre, la bienheureuse Caridad Brader : \u00ab Sois tranquille pour que Dieu te d\u00e9fende \u00bb, et de ceux de sa m\u00e8re, Rosa Argoty : \u00ab Sois toujours sereine, Gloria, toujours sereine \u00bb. L&rsquo;h\u00e9ritage familial en elle est si fort qu&rsquo;elle se souvient d\u2019autres mots de sa m\u00e8re qu&rsquo;elle a utilis\u00e9s lors de sa s\u00e9questration pour pr\u00e9server sa s\u00e9r\u00e9nit\u00e9 : \u00ab Si quelqu&rsquo;un est une allumette, ne soit pas une bougie \u00bb, une phrase qu&rsquo;elle r\u00e9p\u00e9tait comme un simple hommage \u00e0 sa m\u00e8re, d\u00e9c\u00e9d\u00e9e l&rsquo;ann\u00e9e derni\u00e8re.<\/p>\n<p>M\u00eame quand on la frappait sans raison ou parce qu&rsquo;elle faisait ses pri\u00e8res, elle se disait : \u00ab Mon Dieu, c&rsquo;est dur d&rsquo;\u00eatre encha\u00een\u00e9e et de recevoir des coups, mais je vis ce moment tel que Tu me le pr\u00e9sentes\u2026 Et malgr\u00e9 tout, je ne voudrais pas que l\u2019on fasse du mal \u00e0 l\u2019un de ces hommes (ses ravisseurs) \u00bb.<\/p>\n<p>Parfois elle ressentait le besoin de s\u2019\u00e9loigner un peu du camp o\u00f9 elle \u00e9tait d\u00e9tenue pour louer le Tout-Puissant \u00e0 haute voix. Elle r\u00e9citait alors quelques psaumes, ainsi que des pri\u00e8res de saint Fran\u00e7ois.<\/p>\n<p>Une fois, l&rsquo;un des chefs du groupe qui la surveillait s&rsquo;est \u00e9nerv\u00e9 et l&rsquo;a ramen\u00e9e au camp, la frappant et l&rsquo;insultant ainsi que Dieu : \u00ab On va voir si ce Dieu te sortira d&rsquo;ici.\u00a0\u00bb La voix de S\u0153ur Gloria se brise lorsqu&rsquo;elle se souvient de lui : \u00ab Il m&rsquo;a parl\u00e9 avec des mots tr\u00e8s forts, tr\u00e8s durs\u2026 Mon \u00e2me a fr\u00e9mi \u00e0 ce que cette personne disait, tandis que les autres gardiens riaient aux \u00e9clats en entendant ces insultes. Je me suis approch\u00e9 de lui et je lui ai dit tr\u00e8s s\u00e9rieusement : \u00ab\u00a0\u00c9coute, chef, s&rsquo;il te pla\u00eet, montre plus de respect pour notre Dieu, Il est le Cr\u00e9ateur et cela me fait vraiment beaucoup de peine que tu parles de Lui de cette fa\u00e7on.\u00a0\u00bb Alors les ravisseurs se sont regard\u00e9s, comme touch\u00e9s par la force de cette affirmation simple mais puissante, et l&rsquo;un d&rsquo;eux a dit : \u00ab\u00a0Elle a raison. Ne parle pas de son Dieu comme \u00e7a\u00a0\u00bb et ils se sont tus.<\/p>\n<p>La religieuse est s\u00fbre qu&rsquo;\u00e0 cinq reprises au moins, Dieu ou la Sainte Vierge est intervenu pour la prot\u00e9ger. Comme lorsqu&rsquo;une grande vip\u00e8re a fait le tour plusieurs fois de l&rsquo;endroit o\u00f9 elle dormait sans s&rsquo;approcher d&rsquo;elle ou lorsqu&rsquo;un gardien tr\u00e8s grand et fort s\u2019est interpos\u00e9 soudainement devant un autre qui s&rsquo;appr\u00eatait \u00e0 lui taillader les veines.<\/p>\n<p><strong>La libert\u00e9 religieuse, cl\u00e9 de la foi<\/strong><\/p>\n<p>S\u0153ur Gloria a \u00e9t\u00e9 d\u00e9tenue avec deux autres femmes, une musulmane et une protestante. Dans son travail de missionnaire, S\u0153ur Gloria a v\u00e9cu la tol\u00e9rance et le respect des autres, sachant clairement que cela \u00e9tait essentiel pour accomplir son travail : \u00ab Si nous respectons la libert\u00e9 de l&rsquo;autre de vivre sa religion, alors nous pouvons recevoir ce m\u00eame respect \u00bb.<\/p>\n<p>Cependant, elle n\u2019a pas re\u00e7u ce respect lors de son enl\u00e8vement. Mais sa captivit\u00e9 lui a donn\u00e9 l\u2019occasion de d\u00e9fendre sa foi avec courage, a-t-elle confi\u00e9 \u00e0 ACN. \u00ab\u00a0Ils m&rsquo;ont demand\u00e9 de r\u00e9p\u00e9ter des phrases de pri\u00e8res musulmanes, de porter des v\u00eatements de style islamique, mais j&rsquo;ai toujours fait savoir que j&rsquo;\u00e9tais n\u00e9e dans la foi catholique, que j&rsquo;avais grandi dans cette religion et que je ne changerais cela pour rien au monde, m\u00eame si cela devait me co\u00fbter la vie\u00bb, ce qui a failli arriver plusieurs fois.<\/p>\n<p>\u00ab Plus qu&rsquo;avec des mots, nous devons cependant d\u00e9fendre la foi par le t\u00e9moignage de la vie. Nous sommes appel\u00e9s \u00e0 t\u00e9moigner de notre foi \u00bb. \u00c0 cet \u00e9gard, elle se souvient que r\u00e9cemment, un pr\u00eatre malien lui a dit que gr\u00e2ce \u00e0 son exemple, la foi de sa communaut\u00e9 a grandi et s&rsquo;est renforc\u00e9e.<\/p>\n<p>Alors que l&rsquo;affection de beaucoup a \u00e9t\u00e9 suspendue pendant quatre ans et huit mois, maintenant s\u0153ur Gloria en re\u00e7oit partout o\u00f9 elle va, signe de la tendresse de Dieu \u00e0 travers les gens. Elle peut se promener dans les couloirs du couvent en Colombie o\u00f9 elle s&rsquo;est form\u00e9e pour devenir religieuse, et elle peut sentir que l&rsquo;amour qu&rsquo;elle re\u00e7oit des gens est fondamental dans le r\u00e9tablissement progressif de sa paix int\u00e9rieure. Avec le t\u00e9moignage fort de sa foi, elle appelle \u00ab \u00e0 \u00eatre constant, \u00e0 continuer \u00e0 prier, \u00e0 ne pas se fatiguer \u00bb.<\/p>\n<p>Enfin, cette religieuse \u00e0 la voix calme et au regard serein n&rsquo;h\u00e9site pas un instant \u00e0 dire qu&rsquo;elle retournera en mission le plus t\u00f4t possible, \u00ab en Afrique ou l\u00e0 o\u00f9 Dieu voudra \u00bb. Car elle croit qu\u2019elles sont appel\u00e9es \u00e0 r\u00e9pondre \u00e0 tous les besoins des fr\u00e8res et des s\u0153urs qui souffrent le plus et \u00e0 \u00ab faire de leurs communaut\u00e9s un petit coin de paradis \u00bb, comme insistait leur fondatrice, la bienheureuse Caridad.<\/p>\n","protected":false},"excerpt":{"rendered":"<p>Dans une interview accord\u00e9e au bureau colombien de la fondation pontificale Aid to the Church in Need, Soeur Gloria Cecilia<\/p>\n","protected":false},"author":4258341447,"featured_media":165708,"comment_status":"closed","ping_status":"closed","sticky":false,"template":"","format":"standard","meta":{"_acf_changed":false,"_acn_coauthor_ids":[],"footnotes":""},"categories":[919,962],"tags":[],"country":[344],"class_list":["post-165680","post","type-post","status-publish","format-standard","has-post-thumbnail","hentry","category-nouvelle","category-news-fr","country-mali"],"acn_coauthors":[],"acf":[],"yoast_head":"<!-- This site is optimized with the Yoast SEO Premium plugin v27.3 (Yoast SEO v27.3) - https:\/\/yoast.com\/product\/yoast-seo-premium-wordpress\/ -->\n<title>\u00ab Tiens-toi tranquille pour que Dieu te d\u00e9fende \u00bb \u2013 t\u00e9moignage de la religieuse colombienne kidnapp\u00e9e au Mali \u00e0 la fondation ACN | ACN International<\/title>\n<meta name=\"robots\" content=\"index, follow, max-snippet:-1, max-image-preview:large, max-video-preview:-1\" \/>\n<link rel=\"canonical\" href=\"https:\/\/acninternational.org\/fr\/tiens-toi-tranquille-pour-que-dieu-te-defende-temoignage-de-la-religieuse-colombienne-kidnappee-au-mali-a-la-fondation-acn\/\" \/>\n<meta property=\"og:locale\" content=\"fr_FR\" \/>\n<meta property=\"og:type\" content=\"article\" \/>\n<meta property=\"og:title\" content=\"\u00ab Tiens-toi tranquille pour que Dieu te d\u00e9fende \u00bb \u2013 t\u00e9moignage de la religieuse colombienne kidnapp\u00e9e au Mali \u00e0 la fondation ACN\" \/>\n<meta property=\"og:description\" content=\"Dans une interview accord\u00e9e au bureau colombien de la fondation pontificale Aid to the Church in Need, Soeur Gloria Cecilia\" \/>\n<meta property=\"og:url\" content=\"https:\/\/acninternational.org\/fr\/tiens-toi-tranquille-pour-que-dieu-te-defende-temoignage-de-la-religieuse-colombienne-kidnappee-au-mali-a-la-fondation-acn\/\" \/>\n<meta property=\"og:site_name\" content=\"ACN International\" \/>\n<meta property=\"article:publisher\" content=\"https:\/\/www.facebook.com\/acninternationalorg\" \/>\n<meta property=\"article:published_time\" content=\"2022-01-05T06:51:47+00:00\" \/>\n<meta property=\"article:modified_time\" content=\"2022-01-19T07:15:28+00:00\" \/>\n<meta property=\"og:image\" content=\"https:\/\/media.acninternational.org\/wp-content\/uploads\/2022\/01\/ACN-20211220-121733-1280.jpeg\" \/>\n\t<meta property=\"og:image:width\" content=\"1280\" \/>\n\t<meta property=\"og:image:height\" content=\"625\" \/>\n\t<meta property=\"og:image:type\" content=\"image\/jpeg\" \/>\n<meta name=\"author\" content=\"ACN Press Team\" \/>\n<meta name=\"twitter:card\" content=\"summary_large_image\" \/>\n<meta name=\"twitter:creator\" content=\"@acn_int\" \/>\n<meta name=\"twitter:site\" content=\"@acn_int\" \/>\n<meta name=\"twitter:label1\" content=\"\u00c9crit par\" \/>\n\t<meta name=\"twitter:data1\" content=\"ACN Press Team\" \/>\n\t<meta name=\"twitter:label2\" content=\"Dur\u00e9e de lecture estim\u00e9e\" \/>\n\t<meta name=\"twitter:data2\" content=\"7 minutes\" \/>\n<script type=\"application\/ld+json\" class=\"yoast-schema-graph\">{\"@context\":\"https:\\\/\\\/schema.org\",\"@graph\":[{\"@type\":\"Article\",\"@id\":\"https:\\\/\\\/acninternational.org\\\/fr\\\/tiens-toi-tranquille-pour-que-dieu-te-defende-temoignage-de-la-religieuse-colombienne-kidnappee-au-mali-a-la-fondation-acn\\\/#article\",\"isPartOf\":{\"@id\":\"https:\\\/\\\/acninternational.org\\\/fr\\\/tiens-toi-tranquille-pour-que-dieu-te-defende-temoignage-de-la-religieuse-colombienne-kidnappee-au-mali-a-la-fondation-acn\\\/\"},\"author\":{\"name\":\"ACN Press Team\",\"@id\":\"https:\\\/\\\/acninternational.org\\\/fr\\\/#\\\/schema\\\/person\\\/7f3dafb236b242fb2aa46be1411fd703\"},\"headline\":\"\u00ab Tiens-toi tranquille pour que Dieu te d\u00e9fende \u00bb \u2013 t\u00e9moignage de la religieuse colombienne kidnapp\u00e9e au Mali \u00e0 la fondation ACN\",\"datePublished\":\"2022-01-05T06:51:47+00:00\",\"dateModified\":\"2022-01-19T07:15:28+00:00\",\"mainEntityOfPage\":{\"@id\":\"https:\\\/\\\/acninternational.org\\\/fr\\\/tiens-toi-tranquille-pour-que-dieu-te-defende-temoignage-de-la-religieuse-colombienne-kidnappee-au-mali-a-la-fondation-acn\\\/\"},\"wordCount\":1633,\"publisher\":{\"@id\":\"https:\\\/\\\/acninternational.org\\\/fr\\\/#organization\"},\"image\":{\"@id\":\"https:\\\/\\\/acninternational.org\\\/fr\\\/tiens-toi-tranquille-pour-que-dieu-te-defende-temoignage-de-la-religieuse-colombienne-kidnappee-au-mali-a-la-fondation-acn\\\/#primaryimage\"},\"thumbnailUrl\":\"https:\\\/\\\/media.acninternational.org\\\/wp-content\\\/uploads\\\/2022\\\/01\\\/ACN-20211220-121733-1280.jpeg\",\"articleSection\":[\"Nouvelle\",\"Nouvelles\"],\"inLanguage\":\"fr-FR\"},{\"@type\":\"WebPage\",\"@id\":\"https:\\\/\\\/acninternational.org\\\/fr\\\/tiens-toi-tranquille-pour-que-dieu-te-defende-temoignage-de-la-religieuse-colombienne-kidnappee-au-mali-a-la-fondation-acn\\\/\",\"url\":\"https:\\\/\\\/acninternational.org\\\/fr\\\/tiens-toi-tranquille-pour-que-dieu-te-defende-temoignage-de-la-religieuse-colombienne-kidnappee-au-mali-a-la-fondation-acn\\\/\",\"name\":\"\u00ab Tiens-toi tranquille pour que Dieu te d\u00e9fende \u00bb \u2013 t\u00e9moignage de la religieuse colombienne kidnapp\u00e9e au Mali \u00e0 la fondation ACN | ACN International\",\"isPartOf\":{\"@id\":\"https:\\\/\\\/acninternational.org\\\/fr\\\/#website\"},\"primaryImageOfPage\":{\"@id\":\"https:\\\/\\\/acninternational.org\\\/fr\\\/tiens-toi-tranquille-pour-que-dieu-te-defende-temoignage-de-la-religieuse-colombienne-kidnappee-au-mali-a-la-fondation-acn\\\/#primaryimage\"},\"image\":{\"@id\":\"https:\\\/\\\/acninternational.org\\\/fr\\\/tiens-toi-tranquille-pour-que-dieu-te-defende-temoignage-de-la-religieuse-colombienne-kidnappee-au-mali-a-la-fondation-acn\\\/#primaryimage\"},\"thumbnailUrl\":\"https:\\\/\\\/media.acninternational.org\\\/wp-content\\\/uploads\\\/2022\\\/01\\\/ACN-20211220-121733-1280.jpeg\",\"datePublished\":\"2022-01-05T06:51:47+00:00\",\"dateModified\":\"2022-01-19T07:15:28+00:00\",\"breadcrumb\":{\"@id\":\"https:\\\/\\\/acninternational.org\\\/fr\\\/tiens-toi-tranquille-pour-que-dieu-te-defende-temoignage-de-la-religieuse-colombienne-kidnappee-au-mali-a-la-fondation-acn\\\/#breadcrumb\"},\"inLanguage\":\"fr-FR\",\"potentialAction\":[{\"@type\":\"ReadAction\",\"target\":[\"https:\\\/\\\/acninternational.org\\\/fr\\\/tiens-toi-tranquille-pour-que-dieu-te-defende-temoignage-de-la-religieuse-colombienne-kidnappee-au-mali-a-la-fondation-acn\\\/\"]}]},{\"@type\":\"ImageObject\",\"inLanguage\":\"fr-FR\",\"@id\":\"https:\\\/\\\/acninternational.org\\\/fr\\\/tiens-toi-tranquille-pour-que-dieu-te-defende-temoignage-de-la-religieuse-colombienne-kidnappee-au-mali-a-la-fondation-acn\\\/#primaryimage\",\"url\":\"https:\\\/\\\/media.acninternational.org\\\/wp-content\\\/uploads\\\/2022\\\/01\\\/ACN-20211220-121733-1280.jpeg\",\"contentUrl\":\"https:\\\/\\\/media.acninternational.org\\\/wp-content\\\/uploads\\\/2022\\\/01\\\/ACN-20211220-121733-1280.jpeg\",\"width\":1280,\"height\":625},{\"@type\":\"BreadcrumbList\",\"@id\":\"https:\\\/\\\/acninternational.org\\\/fr\\\/tiens-toi-tranquille-pour-que-dieu-te-defende-temoignage-de-la-religieuse-colombienne-kidnappee-au-mali-a-la-fondation-acn\\\/#breadcrumb\",\"itemListElement\":[{\"@type\":\"ListItem\",\"position\":1,\"name\":\"Home\",\"item\":\"https:\\\/\\\/acninternational.org\\\/fr\\\/\"},{\"@type\":\"ListItem\",\"position\":2,\"name\":\"Nouvelles\",\"item\":\"https:\\\/\\\/acninternational.org\\\/fr\\\/category\\\/news-fr\\\/\"},{\"@type\":\"ListItem\",\"position\":3,\"name\":\"\u00ab Tiens-toi tranquille pour que Dieu te d\u00e9fende \u00bb \u2013 t\u00e9moignage de la religieuse colombienne kidnapp\u00e9e au Mali \u00e0 la fondation ACN\"}]},{\"@type\":\"WebSite\",\"@id\":\"https:\\\/\\\/acninternational.org\\\/fr\\\/#website\",\"url\":\"https:\\\/\\\/acninternational.org\\\/fr\\\/\",\"name\":\"ACN International\",\"description\":\"\",\"publisher\":{\"@id\":\"https:\\\/\\\/acninternational.org\\\/fr\\\/#organization\"},\"potentialAction\":[{\"@type\":\"SearchAction\",\"target\":{\"@type\":\"EntryPoint\",\"urlTemplate\":\"https:\\\/\\\/acninternational.org\\\/fr\\\/?s={search_term_string}\"},\"query-input\":{\"@type\":\"PropertyValueSpecification\",\"valueRequired\":true,\"valueName\":\"search_term_string\"}}],\"inLanguage\":\"fr-FR\"},{\"@type\":\"Organization\",\"@id\":\"https:\\\/\\\/acninternational.org\\\/fr\\\/#organization\",\"name\":\"Aid to the Church in Need International\",\"url\":\"https:\\\/\\\/acninternational.org\\\/fr\\\/\",\"logo\":{\"@type\":\"ImageObject\",\"inLanguage\":\"fr-FR\",\"@id\":\"https:\\\/\\\/acninternational.org\\\/fr\\\/#\\\/schema\\\/logo\\\/image\\\/\",\"url\":\"https:\\\/\\\/media.acninternational.org\\\/wp-content\\\/uploads\\\/2019\\\/11\\\/acn_logo_blackvector.svg\",\"contentUrl\":\"https:\\\/\\\/media.acninternational.org\\\/wp-content\\\/uploads\\\/2019\\\/11\\\/acn_logo_blackvector.svg\",\"width\":232.6,\"height\":78,\"caption\":\"Aid to the Church in Need International\"},\"image\":{\"@id\":\"https:\\\/\\\/acninternational.org\\\/fr\\\/#\\\/schema\\\/logo\\\/image\\\/\"},\"sameAs\":[\"https:\\\/\\\/www.facebook.com\\\/acninternationalorg\",\"https:\\\/\\\/x.com\\\/acn_int\",\"https:\\\/\\\/www.youtube.com\\\/channel\\\/UCQ-077gS0TnVzkhHmf1opZw\",\"https:\\\/\\\/www.instagram.com\\\/acn_international\\\/\"]},{\"@type\":\"Person\",\"@id\":\"https:\\\/\\\/acninternational.org\\\/fr\\\/#\\\/schema\\\/person\\\/7f3dafb236b242fb2aa46be1411fd703\",\"name\":\"ACN Press Team\",\"description\":\"Lorem ipsum dolor sit amet, consectetur adipiscing elit, sed do eiusmod tempor incididunt ut labore et dolore magna aliqua. Ut enim ad minim veniam, quis nostrud exercitation ullamco laboris nisi ut aliquip ex ea commodo consequat.\",\"url\":\"https:\\\/\\\/acninternational.org\\\/fr\\\/author\\\/acn-press-team\\\/\"}]}<\/script>\n<!-- \/ Yoast SEO Premium plugin. -->","yoast_head_json":{"title":"\u00ab Tiens-toi tranquille pour que Dieu te d\u00e9fende \u00bb \u2013 t\u00e9moignage de la religieuse colombienne kidnapp\u00e9e au Mali \u00e0 la fondation ACN | ACN International","robots":{"index":"index","follow":"follow","max-snippet":"max-snippet:-1","max-image-preview":"max-image-preview:large","max-video-preview":"max-video-preview:-1"},"canonical":"https:\/\/acninternational.org\/fr\/tiens-toi-tranquille-pour-que-dieu-te-defende-temoignage-de-la-religieuse-colombienne-kidnappee-au-mali-a-la-fondation-acn\/","og_locale":"fr_FR","og_type":"article","og_title":"\u00ab Tiens-toi tranquille pour que Dieu te d\u00e9fende \u00bb \u2013 t\u00e9moignage de la religieuse colombienne kidnapp\u00e9e au Mali \u00e0 la fondation ACN","og_description":"Dans une interview accord\u00e9e au bureau colombien de la fondation pontificale Aid to the Church in Need, Soeur Gloria Cecilia","og_url":"https:\/\/acninternational.org\/fr\/tiens-toi-tranquille-pour-que-dieu-te-defende-temoignage-de-la-religieuse-colombienne-kidnappee-au-mali-a-la-fondation-acn\/","og_site_name":"ACN International","article_publisher":"https:\/\/www.facebook.com\/acninternationalorg","article_published_time":"2022-01-05T06:51:47+00:00","article_modified_time":"2022-01-19T07:15:28+00:00","og_image":[{"width":1280,"height":625,"url":"https:\/\/media.acninternational.org\/wp-content\/uploads\/2022\/01\/ACN-20211220-121733-1280.jpeg","type":"image\/jpeg"}],"author":"ACN Press Team","twitter_card":"summary_large_image","twitter_creator":"@acn_int","twitter_site":"@acn_int","twitter_misc":{"\u00c9crit par":"ACN Press Team","Dur\u00e9e de lecture estim\u00e9e":"7 minutes"},"schema":{"@context":"https:\/\/schema.org","@graph":[{"@type":"Article","@id":"https:\/\/acninternational.org\/fr\/tiens-toi-tranquille-pour-que-dieu-te-defende-temoignage-de-la-religieuse-colombienne-kidnappee-au-mali-a-la-fondation-acn\/#article","isPartOf":{"@id":"https:\/\/acninternational.org\/fr\/tiens-toi-tranquille-pour-que-dieu-te-defende-temoignage-de-la-religieuse-colombienne-kidnappee-au-mali-a-la-fondation-acn\/"},"author":{"name":"ACN Press Team","@id":"https:\/\/acninternational.org\/fr\/#\/schema\/person\/7f3dafb236b242fb2aa46be1411fd703"},"headline":"\u00ab Tiens-toi tranquille pour que Dieu te d\u00e9fende \u00bb \u2013 t\u00e9moignage de la religieuse colombienne kidnapp\u00e9e au Mali \u00e0 la fondation ACN","datePublished":"2022-01-05T06:51:47+00:00","dateModified":"2022-01-19T07:15:28+00:00","mainEntityOfPage":{"@id":"https:\/\/acninternational.org\/fr\/tiens-toi-tranquille-pour-que-dieu-te-defende-temoignage-de-la-religieuse-colombienne-kidnappee-au-mali-a-la-fondation-acn\/"},"wordCount":1633,"publisher":{"@id":"https:\/\/acninternational.org\/fr\/#organization"},"image":{"@id":"https:\/\/acninternational.org\/fr\/tiens-toi-tranquille-pour-que-dieu-te-defende-temoignage-de-la-religieuse-colombienne-kidnappee-au-mali-a-la-fondation-acn\/#primaryimage"},"thumbnailUrl":"https:\/\/media.acninternational.org\/wp-content\/uploads\/2022\/01\/ACN-20211220-121733-1280.jpeg","articleSection":["Nouvelle","Nouvelles"],"inLanguage":"fr-FR"},{"@type":"WebPage","@id":"https:\/\/acninternational.org\/fr\/tiens-toi-tranquille-pour-que-dieu-te-defende-temoignage-de-la-religieuse-colombienne-kidnappee-au-mali-a-la-fondation-acn\/","url":"https:\/\/acninternational.org\/fr\/tiens-toi-tranquille-pour-que-dieu-te-defende-temoignage-de-la-religieuse-colombienne-kidnappee-au-mali-a-la-fondation-acn\/","name":"\u00ab Tiens-toi tranquille pour que Dieu te d\u00e9fende \u00bb \u2013 t\u00e9moignage de la religieuse colombienne kidnapp\u00e9e au Mali \u00e0 la fondation ACN | ACN International","isPartOf":{"@id":"https:\/\/acninternational.org\/fr\/#website"},"primaryImageOfPage":{"@id":"https:\/\/acninternational.org\/fr\/tiens-toi-tranquille-pour-que-dieu-te-defende-temoignage-de-la-religieuse-colombienne-kidnappee-au-mali-a-la-fondation-acn\/#primaryimage"},"image":{"@id":"https:\/\/acninternational.org\/fr\/tiens-toi-tranquille-pour-que-dieu-te-defende-temoignage-de-la-religieuse-colombienne-kidnappee-au-mali-a-la-fondation-acn\/#primaryimage"},"thumbnailUrl":"https:\/\/media.acninternational.org\/wp-content\/uploads\/2022\/01\/ACN-20211220-121733-1280.jpeg","datePublished":"2022-01-05T06:51:47+00:00","dateModified":"2022-01-19T07:15:28+00:00","breadcrumb":{"@id":"https:\/\/acninternational.org\/fr\/tiens-toi-tranquille-pour-que-dieu-te-defende-temoignage-de-la-religieuse-colombienne-kidnappee-au-mali-a-la-fondation-acn\/#breadcrumb"},"inLanguage":"fr-FR","potentialAction":[{"@type":"ReadAction","target":["https:\/\/acninternational.org\/fr\/tiens-toi-tranquille-pour-que-dieu-te-defende-temoignage-de-la-religieuse-colombienne-kidnappee-au-mali-a-la-fondation-acn\/"]}]},{"@type":"ImageObject","inLanguage":"fr-FR","@id":"https:\/\/acninternational.org\/fr\/tiens-toi-tranquille-pour-que-dieu-te-defende-temoignage-de-la-religieuse-colombienne-kidnappee-au-mali-a-la-fondation-acn\/#primaryimage","url":"https:\/\/media.acninternational.org\/wp-content\/uploads\/2022\/01\/ACN-20211220-121733-1280.jpeg","contentUrl":"https:\/\/media.acninternational.org\/wp-content\/uploads\/2022\/01\/ACN-20211220-121733-1280.jpeg","width":1280,"height":625},{"@type":"BreadcrumbList","@id":"https:\/\/acninternational.org\/fr\/tiens-toi-tranquille-pour-que-dieu-te-defende-temoignage-de-la-religieuse-colombienne-kidnappee-au-mali-a-la-fondation-acn\/#breadcrumb","itemListElement":[{"@type":"ListItem","position":1,"name":"Home","item":"https:\/\/acninternational.org\/fr\/"},{"@type":"ListItem","position":2,"name":"Nouvelles","item":"https:\/\/acninternational.org\/fr\/category\/news-fr\/"},{"@type":"ListItem","position":3,"name":"\u00ab Tiens-toi tranquille pour que Dieu te d\u00e9fende \u00bb \u2013 t\u00e9moignage de la religieuse colombienne kidnapp\u00e9e au Mali \u00e0 la fondation ACN"}]},{"@type":"WebSite","@id":"https:\/\/acninternational.org\/fr\/#website","url":"https:\/\/acninternational.org\/fr\/","name":"ACN International","description":"","publisher":{"@id":"https:\/\/acninternational.org\/fr\/#organization"},"potentialAction":[{"@type":"SearchAction","target":{"@type":"EntryPoint","urlTemplate":"https:\/\/acninternational.org\/fr\/?s={search_term_string}"},"query-input":{"@type":"PropertyValueSpecification","valueRequired":true,"valueName":"search_term_string"}}],"inLanguage":"fr-FR"},{"@type":"Organization","@id":"https:\/\/acninternational.org\/fr\/#organization","name":"Aid to the Church in Need International","url":"https:\/\/acninternational.org\/fr\/","logo":{"@type":"ImageObject","inLanguage":"fr-FR","@id":"https:\/\/acninternational.org\/fr\/#\/schema\/logo\/image\/","url":"https:\/\/media.acninternational.org\/wp-content\/uploads\/2019\/11\/acn_logo_blackvector.svg","contentUrl":"https:\/\/media.acninternational.org\/wp-content\/uploads\/2019\/11\/acn_logo_blackvector.svg","width":232.6,"height":78,"caption":"Aid to the Church in Need International"},"image":{"@id":"https:\/\/acninternational.org\/fr\/#\/schema\/logo\/image\/"},"sameAs":["https:\/\/www.facebook.com\/acninternationalorg","https:\/\/x.com\/acn_int","https:\/\/www.youtube.com\/channel\/UCQ-077gS0TnVzkhHmf1opZw","https:\/\/www.instagram.com\/acn_international\/"]},{"@type":"Person","@id":"https:\/\/acninternational.org\/fr\/#\/schema\/person\/7f3dafb236b242fb2aa46be1411fd703","name":"ACN Press Team","description":"Lorem ipsum dolor sit amet, consectetur adipiscing elit, sed do eiusmod tempor incididunt ut labore et dolore magna aliqua. Ut enim ad minim veniam, quis nostrud exercitation ullamco laboris nisi ut aliquip ex ea commodo consequat.","url":"https:\/\/acninternational.org\/fr\/author\/acn-press-team\/"}]}},"_links":{"self":[{"href":"https:\/\/acninternational.org\/fr\/wp-json\/wp\/v2\/posts\/165680","targetHints":{"allow":["GET"]}}],"collection":[{"href":"https:\/\/acninternational.org\/fr\/wp-json\/wp\/v2\/posts"}],"about":[{"href":"https:\/\/acninternational.org\/fr\/wp-json\/wp\/v2\/types\/post"}],"author":[{"embeddable":true,"href":"https:\/\/acninternational.org\/fr\/wp-json\/wp\/v2\/users\/4258341447"}],"replies":[{"embeddable":true,"href":"https:\/\/acninternational.org\/fr\/wp-json\/wp\/v2\/comments?post=165680"}],"version-history":[{"count":0,"href":"https:\/\/acninternational.org\/fr\/wp-json\/wp\/v2\/posts\/165680\/revisions"}],"wp:featuredmedia":[{"embeddable":true,"href":"https:\/\/acninternational.org\/fr\/wp-json\/wp\/v2\/media\/165708"}],"wp:attachment":[{"href":"https:\/\/acninternational.org\/fr\/wp-json\/wp\/v2\/media?parent=165680"}],"wp:term":[{"taxonomy":"category","embeddable":true,"href":"https:\/\/acninternational.org\/fr\/wp-json\/wp\/v2\/categories?post=165680"},{"taxonomy":"post_tag","embeddable":true,"href":"https:\/\/acninternational.org\/fr\/wp-json\/wp\/v2\/tags?post=165680"},{"taxonomy":"country","embeddable":true,"href":"https:\/\/acninternational.org\/fr\/wp-json\/wp\/v2\/country?post=165680"}],"curies":[{"name":"wp","href":"https:\/\/api.w.org\/{rel}","templated":true}]}}