{"id":159577,"date":"2021-09-22T11:51:26","date_gmt":"2021-09-22T09:51:26","guid":{"rendered":"https:\/\/acninternational.org\/?p=159577"},"modified":"2025-02-25T06:40:50","modified_gmt":"2025-02-25T05:40:50","slug":"shahnaz-bhatti-temoignage-dune-religieuse-catholique-en-afghanistan","status":"publish","type":"post","link":"https:\/\/acninternational.org\/fr\/shahnaz-bhatti-temoignage-dune-religieuse-catholique-en-afghanistan\/","title":{"rendered":"Shahnaz Bhatti, t\u00e9moignage d\u2019une religieuse catholique en Afghanistan"},"content":{"rendered":"<p>S\u0153ur Shahnaz Bhatti est une S\u0153ur de la Charit\u00e9 de Sainte Jeanne-Antide Thouret. Elle est originaire du Pakistan. Elle \u00e9tait en mission en Afghanistan jusqu\u2019au 25 ao\u00fbt dernier lorsqu\u2019elle a r\u00e9ussi, escort\u00e9e par l\u2019arm\u00e9e italienne, \u00e0 quitter le pays. L\u2019Aide \u00e0 l\u2019\u00c9glise en D\u00e9tresse a recueilli son t\u00e9moignage.<\/p>\n<p><em>L&rsquo;interview a \u00e9t\u00e9 r\u00e9alis\u00e9e par Massimo Tubani<\/em><\/p>\n<figure id=\"attachment_159544\" aria-describedby=\"caption-attachment-159544\" style=\"width: 670px\" class=\"wp-caption aligncenter\"><img loading=\"lazy\" decoding=\"async\" class=\"wp-image-159544 size-full\" src=\"https:\/\/media.acninternational.org\/wp-content\/uploads\/2021\/09\/acn-news_Afghanistan_Shahnaz-Bhatti-un-testimonio-de-una-religiosa-catolica-en-Afganistan-7.jpg\" alt=\"\" width=\"670\" height=\"400\" srcset=\"https:\/\/media.acninternational.org\/wp-content\/uploads\/2021\/09\/acn-news_Afghanistan_Shahnaz-Bhatti-un-testimonio-de-una-religiosa-catolica-en-Afganistan-7.jpg 670w, https:\/\/media.acninternational.org\/wp-content\/uploads\/2021\/09\/acn-news_Afghanistan_Shahnaz-Bhatti-un-testimonio-de-una-religiosa-catolica-en-Afganistan-7-300x179.jpg 300w\" sizes=\"auto, (max-width: 670px) 100vw, 670px\" \/><figcaption id=\"caption-attachment-159544\" class=\"wp-caption-text\">S\u0153ur Shahnaz Bhatti est une S\u0153ur de la Charit\u00e9 de Sainte Jeanne-Antide Thouret<\/figcaption><\/figure>\n<h4><strong>Quelle est votre congr\u00e9gation et quel genre de mission a-t-elle\u00a0?<br \/>\n<\/strong><\/h4>\n<p>J\u2019appartiens \u00e0 la Congr\u00e9gation internationale des S\u0153urs de la Charit\u00e9 de Sainte Jeanne-Antide Thouret. Notre mission est le service spirituel et mat\u00e9riel des pauvres, \u00e0 la mani\u00e8re de Saint Vincent de Paul, grand ap\u00f4tre de la charit\u00e9.<\/p>\n<h4><strong>Quelles ont \u00e9t\u00e9 les raisons de votre pr\u00e9sence en Afghanistan\u00a0?<br \/>\n<\/strong><\/h4>\n<p>En tant que Congr\u00e9gation, nous avons adh\u00e9r\u00e9 au projet \u00ab\u00a0Pour les enfants de Kaboul\u00a0\u00bb, n\u00e9 en 2001 pour r\u00e9pondre \u00e0 l\u2019appel du Pape Jean-Paul II \u00ab\u00a0sauvez les enfants de Kaboul\u00a0\u00bb, et auquel les religieux italiens ont r\u00e9pondu g\u00e9n\u00e9reusement par l\u2019interm\u00e9diaire de l\u2019USMI (Unione Superiori Maggiori d\u2019Italia). J\u2019\u00e9tais personnellement \u00e0 Kaboul depuis deux ans avec deux autres religieuses, S\u0153ur Teresia Crasta, de la Congr\u00e9gation de Marie Enfant, et S\u0153ur Ir\u00e8ne, de la Congr\u00e9gation des S\u0153urs de la Consolata. En fait, la communaut\u00e9 de Kaboul est intercongr\u00e9gationnelle. Nous avions une \u00e9cole pour enfants atteints de retard mental ou du syndrome de Down, \u00e2g\u00e9s de 6 \u00e0 10 ans, et nous les pr\u00e9parions \u00e0 pouvoir int\u00e9grer l\u2019\u00e9cole publique. Des enseignants, surveillants et cuisiniers locaux coop\u00e9raient avec nous. Avec l\u2019aide des autorit\u00e9s italiennes, nous avons r\u00e9ussi \u00e0 les amener en Italie, en qualit\u00e9 de collaborateurs, ainsi que leurs 15 familles respectives. Ils ont \u00e9t\u00e9 accueillis par les Congr\u00e9gations religieuses, lesquelles ont \u00e9t\u00e9 vraiment tr\u00e8s g\u00e9n\u00e9reuses et accueillantes. Les familles de nos \u00e9l\u00e8ves, qui continuent de demander de l\u2019aide, sont rest\u00e9es chez elles, en danger, comme vous pouvez l\u2019imaginer.<\/p>\n<figure id=\"attachment_159532\" aria-describedby=\"caption-attachment-159532\" style=\"width: 670px\" class=\"wp-caption aligncenter\"><img loading=\"lazy\" decoding=\"async\" class=\"wp-image-159532 size-full\" src=\"https:\/\/media.acninternational.org\/wp-content\/uploads\/2021\/09\/acn-news_Afghanistan_Shahnaz-Bhatti-un-testimonio-de-una-religiosa-catolica-en-Afganistan-5.jpg\" alt=\"\" width=\"670\" height=\"400\" srcset=\"https:\/\/media.acninternational.org\/wp-content\/uploads\/2021\/09\/acn-news_Afghanistan_Shahnaz-Bhatti-un-testimonio-de-una-religiosa-catolica-en-Afganistan-5.jpg 670w, https:\/\/media.acninternational.org\/wp-content\/uploads\/2021\/09\/acn-news_Afghanistan_Shahnaz-Bhatti-un-testimonio-de-una-religiosa-catolica-en-Afganistan-5-300x179.jpg 300w\" sizes=\"auto, (max-width: 670px) 100vw, 670px\" \/><figcaption id=\"caption-attachment-159532\" class=\"wp-caption-text\">Lors du discours de N\u00f6el 2001, le pape Jean-Paul II a lanc\u00e9 un appel au monde pour sauver les enfants afghans<\/figcaption><\/figure>\n<h4><strong>Voulez-vous nous d\u00e9crire un de vos dimanches ordinaires en territoire afghan\u00a0?<br \/>\n<\/strong><\/h4>\n<p>Le dimanche n\u2019est pas reconnu comme jour de f\u00eate religieuse, c\u2019est un jour comme les autres. Nous avions la possibilit\u00e9 de c\u00e9l\u00e9brer la messe et de suivre nos pratiques religieuses de mani\u00e8re confidentielle \u00e0 l\u2019ambassade d\u2019Italie.<\/p>\n<h4><strong>Quelles ont \u00e9t\u00e9 les plus grandes difficult\u00e9s rencontr\u00e9es au cours de votre mission\u00a0?<br \/>\n<\/strong><\/h4>\n<p>La premi\u00e8re difficult\u00e9 a \u00e9t\u00e9 d\u2019apprendre la langue locale, car en Afghanistan les gens n\u2019apprennent pas l\u2019anglais et on ne peut m\u00eame pas enseigner. Une autre difficult\u00e9 a \u00e9t\u00e9 d\u2019entrer dans leur monde, dans leurs habitudes, dans leur mentalit\u00e9, afin de pouvoir dialoguer et de se rapprocher. La chose la plus fatigante a \u00e9t\u00e9 de ne pas pouvoir se d\u00e9placer librement, parce que nous devions toujours \u00eatre accompagn\u00e9es d\u2019un homme. Moi qui devais faire le n\u00e9cessaire dans les banques ou dans d\u2019autres bureaux, je devais \u00eatre accompagn\u00e9e d\u2019un homme autochtone. Deux femmes, \u00e7a ne veut rien dire, et bien s\u00fbr, \u00e7a ne compte pas. La souffrance qui m\u2019a le plus marqu\u00e9e, \u00e7a a \u00e9t\u00e9 de voir des femmes trait\u00e9es comme des objets. C\u2019\u00e9tait une douleur indescriptible que de voir des jeunes femmes oblig\u00e9es d\u2019\u00e9pouser la personne d\u00e9cid\u00e9e par le chef de famille, contre la volont\u00e9 de la jeune fille elle-m\u00eame.<\/p>\n<figure id=\"attachment_159520\" aria-describedby=\"caption-attachment-159520\" style=\"width: 670px\" class=\"wp-caption aligncenter\"><img loading=\"lazy\" decoding=\"async\" class=\"wp-image-159520 size-full\" src=\"https:\/\/media.acninternational.org\/wp-content\/uploads\/2021\/09\/acn-news_Afghanistan_Shahnaz-Bhatti-un-testimonio-de-una-religiosa-catolica-en-Afganistan-3.jpg\" alt=\"\" width=\"670\" height=\"400\" srcset=\"https:\/\/media.acninternational.org\/wp-content\/uploads\/2021\/09\/acn-news_Afghanistan_Shahnaz-Bhatti-un-testimonio-de-una-religiosa-catolica-en-Afganistan-3.jpg 670w, https:\/\/media.acninternational.org\/wp-content\/uploads\/2021\/09\/acn-news_Afghanistan_Shahnaz-Bhatti-un-testimonio-de-una-religiosa-catolica-en-Afganistan-3-300x179.jpg 300w\" sizes=\"auto, (max-width: 670px) 100vw, 670px\" \/><figcaption id=\"caption-attachment-159520\" class=\"wp-caption-text\">En Afghanistan, les femmes portent traditionnellement une burqa bleue. D\u2019importantes pressions sociales et culturelles les obligent \u00e0 se couvrir enti\u00e8rement, de la t\u00eate aux pieds<\/figcaption><\/figure>\n<h4><strong>W<\/strong><strong>En Afghanistan, avant le retrait de l\u2019arm\u00e9e occidentale, la libert\u00e9 religieuse \u00e9tait-elle respect\u00e9e\u00a0?<br \/>\n<\/strong><\/h4>\n<p>Non, parce que pour les afghans, les \u00e9trangers occidentaux sont tous chr\u00e9tiens, nous \u00e9tions donc toujours contr\u00f4l\u00e9s, aucun signe religieux n\u2019\u00e9tait permis.\u00a0Nous, religieuses, devions nous habiller comme les femmes autochtones, et sans le crucifix qui nous aurait distingu\u00e9es.<\/p>\n<h4><strong>Comment avez-vous v\u00e9cu le mois d\u2019ao\u00fbt dernier, c\u2019est-\u00e0-dire la p\u00e9riode entre le retrait des troupes occidentales et votre d\u00e9part pour l\u2019Italie\u00a0?<br \/>\n<\/strong><\/h4>\n<p>\u00c7a a \u00e9t\u00e9 une p\u00e9riode tr\u00e8s difficile, nous \u00e9tions enferm\u00e9es \u00e0 la maison, et nous avions peur. Nous n\u2019\u00e9tions que deux depuis plus d\u2019un an. D\u00e8s que possible, la religieuse qui \u00e9tait avec moi est partie et je suis rest\u00e9e seule jusqu\u2019\u00e0 la fin. J\u2019ai aid\u00e9 les S\u0153urs de M\u00e8re Teresa, nos voisines, \u00e0 partir avec leurs 14 gar\u00e7ons lourdement handicap\u00e9s et sans famille, et \u00e0 monter \u00e0 bord du dernier vol pour l\u2019Italie avant les attentats. Si les gar\u00e7ons n\u2019avaient pas \u00e9t\u00e9 mis en s\u00e9curit\u00e9, nous ne serions pas partis. Nous devons remercier la Farnesina et la Croix-Rouge internationale, qui nous ont aid\u00e9s \u00e0 arriver \u00e0 l\u2019a\u00e9roport, ainsi que le P\u00e8re Giovanni Scalese, qui repr\u00e9sentait l\u2019\u00c9glise catholique en Afghanistan, et qui ne nous a pas quitt\u00e9s jusqu\u2019\u00e0 notre d\u00e9part. Le voyage de Kaboul \u00e0 l\u2019a\u00e9roport a \u00e9t\u00e9 difficile\u00a0: deux heures d\u2019arr\u00eat, des fusillades, mais nous sommes finalement arriv\u00e9s.<\/p>\n<figure id=\"attachment_159508\" aria-describedby=\"caption-attachment-159508\" style=\"width: 670px\" class=\"wp-caption aligncenter\"><img loading=\"lazy\" decoding=\"async\" class=\"wp-image-159508 size-full\" src=\"https:\/\/media.acninternational.org\/wp-content\/uploads\/2021\/09\/acn-news_Afghanistan_Shahnaz-Bhatti-un-testimonio-de-una-religiosa-catolica-en-Afganistan-1.jpg\" alt=\"\" width=\"670\" height=\"400\" srcset=\"https:\/\/media.acninternational.org\/wp-content\/uploads\/2021\/09\/acn-news_Afghanistan_Shahnaz-Bhatti-un-testimonio-de-una-religiosa-catolica-en-Afganistan-1.jpg 670w, https:\/\/media.acninternational.org\/wp-content\/uploads\/2021\/09\/acn-news_Afghanistan_Shahnaz-Bhatti-un-testimonio-de-una-religiosa-catolica-en-Afganistan-1-300x179.jpg 300w\" sizes=\"auto, (max-width: 670px) 100vw, 670px\" \/><figcaption id=\"caption-attachment-159508\" class=\"wp-caption-text\">Mission d\u2019\u00e9vacuation de non-combattants en Afghanistan le 21 ao\u00fbt \u00e0 l\u2019a\u00e9roport international Hamid Karzai de Kaboul<\/figcaption><\/figure>\n<h4><strong>Comme religieuse catholique et comme femme, comment \u00e9valuez-vous la tentative occidentale \u00ab\u00a0d\u2019exporter la d\u00e9mocratie \u00bb vers le territoire afghan\u00a0?<br \/>\n<\/strong><\/h4>\n<p>On ne change pas une mentalit\u00e9 avec de bonnes intentions. Je crois qu\u2019un projet culturel avec les nouvelles g\u00e9n\u00e9rations pourrait changer la mentalit\u00e9. Nous le voyons avec les jeunes femmes qui ne veulent pas renoncer \u00e0 leurs droits \u00e0 la libert\u00e9, mais il faut former les jeunes g\u00e9n\u00e9rations. La d\u00e9mocratie ne s\u2019exporte pas, elle se cultive.<\/p>\n<h4><strong>Que voudriez-vous demander aux d\u00e9cideurs politiques des pays occidentaux les plus impliqu\u00e9s en Afghanistan\u00a0?<br \/>\n<\/strong><\/h4>\n<p>Je voudrais demander d\u2019aider ce pays \u00e0 obtenir la vraie libert\u00e9, c\u2019est-\u00e0-dire le respect, la promotion humaine et civile, en rappelant que le fanatisme religieux apporte la division et la haine, qu\u2019aucun peuple n\u2019est meilleur qu\u2019un autre, et que la coexistence pacifique apporte le bien-\u00eatre \u00e0 tous.<\/p>\n<figure id=\"attachment_159514\" aria-describedby=\"caption-attachment-159514\" style=\"width: 670px\" class=\"wp-caption alignnone\"><img loading=\"lazy\" decoding=\"async\" class=\"wp-image-159514 size-full\" src=\"https:\/\/media.acninternational.org\/wp-content\/uploads\/2021\/09\/acn-news_Afghanistan_Shahnaz-Bhatti-un-testimonio-de-una-religiosa-catolica-en-Afganistan-2.jpg\" alt=\"\" width=\"670\" height=\"400\" srcset=\"https:\/\/media.acninternational.org\/wp-content\/uploads\/2021\/09\/acn-news_Afghanistan_Shahnaz-Bhatti-un-testimonio-de-una-religiosa-catolica-en-Afganistan-2.jpg 670w, https:\/\/media.acninternational.org\/wp-content\/uploads\/2021\/09\/acn-news_Afghanistan_Shahnaz-Bhatti-un-testimonio-de-una-religiosa-catolica-en-Afganistan-2-300x179.jpg 300w\" sizes=\"auto, (max-width: 670px) 100vw, 670px\" \/><figcaption id=\"caption-attachment-159514\" class=\"wp-caption-text\">Des milliers de personnes fuient pr\u00e9cipitamment l\u2019Afghanistan apr\u00e8s la reprise du contr\u00f4le du pays par les Talibans<\/figcaption><\/figure>\n<h4><strong>Comment pouvons-nous aider la population\u00a0?<br \/>\n<\/strong><\/h4>\n<p>Nous pouvons aider les gens \u00e0 \u00eatre des personnes libres \u00e0 travers la formation culturelle et civile, en facilitant l\u2019accueil lorsqu\u2019ils d\u00e9cident de quitter le pays, mais aussi, lorsque les autorit\u00e9s le permettront, en restant avec eux. Je serais la premi\u00e8re \u00e0 y retourner. En cette p\u00e9riode d\u2019urgence, nous pourrions \u00eatre pr\u00e9sents dans les camps de r\u00e9fugi\u00e9s et emp\u00eacher que les petits ne meurent de faim, de soif et des maladies faciles \u00e0 traiter. Il faut aussi consid\u00e9rer la femme comme une personne qui a des droits et des devoirs\u00a0: une personne, et non un objet.<\/p>\n","protected":false},"excerpt":{"rendered":"<p>S\u0153ur Shahnaz Bhatti, missionnaire en Afghanistan, quitte le pays le 25 ao\u00fbt escort\u00e9e par l\u2019arm\u00e9e italienne. D\u00e9couvrez son histoire inspirante<\/p>\n","protected":false},"author":66,"featured_media":159551,"comment_status":"closed","ping_status":"closed","sticky":false,"template":"","format":"standard","meta":{"_acf_changed":false,"_acn_coauthor_ids":[],"_acn_featured_article":false,"footnotes":""},"categories":[955],"tags":[],"country":[946],"class_list":["post-159577","post","type-post","status-publish","format-standard","has-post-thumbnail","hentry","category-interview-2-fr","country-afghanistan"],"acn_coauthors":[],"acf":[],"yoast_head":"<!-- This site is optimized with the Yoast SEO Premium plugin v27.5 (Yoast SEO v27.5) - https:\/\/yoast.com\/product\/yoast-seo-premium-wordpress\/ -->\n<title>Shahnaz Bhatti, t\u00e9moignage d\u2019une religieuse catholique en Afghanistan | ACN International<\/title>\n<meta name=\"description\" content=\"S\u0153ur Shahnaz Bhatti, missionnaire en Afghanistan, quitte le pays le 25 ao\u00fbt escort\u00e9e par l\u2019arm\u00e9e italienne. D\u00e9couvrez son histoire inspirante\" \/>\n<meta name=\"robots\" content=\"index, follow, max-snippet:-1, max-image-preview:large, max-video-preview:-1\" \/>\n<link rel=\"canonical\" href=\"https:\/\/acninternational.org\/fr\/shahnaz-bhatti-temoignage-dune-religieuse-catholique-en-afghanistan\/\" \/>\n<meta property=\"og:locale\" content=\"fr_FR\" \/>\n<meta property=\"og:type\" content=\"article\" \/>\n<meta property=\"og:title\" content=\"Shahnaz Bhatti, t\u00e9moignage d\u2019une religieuse catholique en Afghanistan\" \/>\n<meta property=\"og:description\" content=\"S\u0153ur Shahnaz Bhatti, missionnaire en Afghanistan, quitte le pays le 25 ao\u00fbt escort\u00e9e par l\u2019arm\u00e9e italienne. D\u00e9couvrez son histoire inspirante\" \/>\n<meta property=\"og:url\" content=\"https:\/\/acninternational.org\/fr\/shahnaz-bhatti-temoignage-dune-religieuse-catholique-en-afghanistan\/\" \/>\n<meta property=\"og:site_name\" content=\"ACN International\" \/>\n<meta property=\"article:publisher\" content=\"https:\/\/www.facebook.com\/acninternationalorg\" \/>\n<meta property=\"article:published_time\" content=\"2021-09-22T09:51:26+00:00\" \/>\n<meta property=\"article:modified_time\" content=\"2025-02-25T05:40:50+00:00\" \/>\n<meta property=\"og:image\" content=\"https:\/\/media.acninternational.org\/wp-content\/uploads\/2021\/09\/acn-news_Afghanistan_Shahnaz-Bhatti-un-testimonio-de-una-religiosa-catolica-en-Afganistan.jpg\" \/>\n\t<meta property=\"og:image:width\" content=\"2000\" \/>\n\t<meta property=\"og:image:height\" content=\"625\" \/>\n\t<meta property=\"og:image:type\" content=\"image\/jpeg\" \/>\n<meta name=\"author\" content=\"Milena\" \/>\n<meta name=\"twitter:card\" content=\"summary_large_image\" \/>\n<meta name=\"twitter:creator\" content=\"@acn_int\" \/>\n<meta name=\"twitter:site\" content=\"@acn_int\" \/>\n<meta name=\"twitter:label1\" content=\"\u00c9crit par\" \/>\n\t<meta name=\"twitter:data1\" content=\"Milena\" \/>\n\t<meta name=\"twitter:label2\" content=\"Dur\u00e9e de lecture estim\u00e9e\" \/>\n\t<meta name=\"twitter:data2\" content=\"6 minutes\" \/>\n<script type=\"application\/ld+json\" class=\"yoast-schema-graph\">{\"@context\":\"https:\\\/\\\/schema.org\",\"@graph\":[{\"@type\":\"Article\",\"@id\":\"https:\\\/\\\/acninternational.org\\\/fr\\\/shahnaz-bhatti-temoignage-dune-religieuse-catholique-en-afghanistan\\\/#article\",\"isPartOf\":{\"@id\":\"https:\\\/\\\/acninternational.org\\\/fr\\\/shahnaz-bhatti-temoignage-dune-religieuse-catholique-en-afghanistan\\\/\"},\"author\":{\"name\":\"Milena\",\"@id\":\"https:\\\/\\\/acninternational.org\\\/fr\\\/#\\\/schema\\\/person\\\/5a2b2930ad4475e0aa0dade4e51d9474\"},\"headline\":\"Shahnaz Bhatti, t\u00e9moignage d\u2019une religieuse catholique en Afghanistan\",\"datePublished\":\"2021-09-22T09:51:26+00:00\",\"dateModified\":\"2025-02-25T05:40:50+00:00\",\"mainEntityOfPage\":{\"@id\":\"https:\\\/\\\/acninternational.org\\\/fr\\\/shahnaz-bhatti-temoignage-dune-religieuse-catholique-en-afghanistan\\\/\"},\"wordCount\":1249,\"publisher\":{\"@id\":\"https:\\\/\\\/acninternational.org\\\/fr\\\/#organization\"},\"image\":{\"@id\":\"https:\\\/\\\/acninternational.org\\\/fr\\\/shahnaz-bhatti-temoignage-dune-religieuse-catholique-en-afghanistan\\\/#primaryimage\"},\"thumbnailUrl\":\"https:\\\/\\\/media.acninternational.org\\\/wp-content\\\/uploads\\\/2021\\\/09\\\/acn-news_Afghanistan_Shahnaz-Bhatti-un-testimonio-de-una-religiosa-catolica-en-Afganistan.jpg\",\"articleSection\":[\"Interview\"],\"inLanguage\":\"fr-FR\"},{\"@type\":\"WebPage\",\"@id\":\"https:\\\/\\\/acninternational.org\\\/fr\\\/shahnaz-bhatti-temoignage-dune-religieuse-catholique-en-afghanistan\\\/\",\"url\":\"https:\\\/\\\/acninternational.org\\\/fr\\\/shahnaz-bhatti-temoignage-dune-religieuse-catholique-en-afghanistan\\\/\",\"name\":\"Shahnaz Bhatti, t\u00e9moignage d\u2019une religieuse catholique en Afghanistan | ACN International\",\"isPartOf\":{\"@id\":\"https:\\\/\\\/acninternational.org\\\/fr\\\/#website\"},\"primaryImageOfPage\":{\"@id\":\"https:\\\/\\\/acninternational.org\\\/fr\\\/shahnaz-bhatti-temoignage-dune-religieuse-catholique-en-afghanistan\\\/#primaryimage\"},\"image\":{\"@id\":\"https:\\\/\\\/acninternational.org\\\/fr\\\/shahnaz-bhatti-temoignage-dune-religieuse-catholique-en-afghanistan\\\/#primaryimage\"},\"thumbnailUrl\":\"https:\\\/\\\/media.acninternational.org\\\/wp-content\\\/uploads\\\/2021\\\/09\\\/acn-news_Afghanistan_Shahnaz-Bhatti-un-testimonio-de-una-religiosa-catolica-en-Afganistan.jpg\",\"datePublished\":\"2021-09-22T09:51:26+00:00\",\"dateModified\":\"2025-02-25T05:40:50+00:00\",\"description\":\"S\u0153ur Shahnaz Bhatti, missionnaire en Afghanistan, quitte le pays le 25 ao\u00fbt escort\u00e9e par l\u2019arm\u00e9e italienne. D\u00e9couvrez son histoire inspirante\",\"breadcrumb\":{\"@id\":\"https:\\\/\\\/acninternational.org\\\/fr\\\/shahnaz-bhatti-temoignage-dune-religieuse-catholique-en-afghanistan\\\/#breadcrumb\"},\"inLanguage\":\"fr-FR\",\"potentialAction\":[{\"@type\":\"ReadAction\",\"target\":[\"https:\\\/\\\/acninternational.org\\\/fr\\\/shahnaz-bhatti-temoignage-dune-religieuse-catholique-en-afghanistan\\\/\"]}]},{\"@type\":\"ImageObject\",\"inLanguage\":\"fr-FR\",\"@id\":\"https:\\\/\\\/acninternational.org\\\/fr\\\/shahnaz-bhatti-temoignage-dune-religieuse-catholique-en-afghanistan\\\/#primaryimage\",\"url\":\"https:\\\/\\\/media.acninternational.org\\\/wp-content\\\/uploads\\\/2021\\\/09\\\/acn-news_Afghanistan_Shahnaz-Bhatti-un-testimonio-de-una-religiosa-catolica-en-Afganistan.jpg\",\"contentUrl\":\"https:\\\/\\\/media.acninternational.org\\\/wp-content\\\/uploads\\\/2021\\\/09\\\/acn-news_Afghanistan_Shahnaz-Bhatti-un-testimonio-de-una-religiosa-catolica-en-Afganistan.jpg\",\"width\":2000,\"height\":625},{\"@type\":\"BreadcrumbList\",\"@id\":\"https:\\\/\\\/acninternational.org\\\/fr\\\/shahnaz-bhatti-temoignage-dune-religieuse-catholique-en-afghanistan\\\/#breadcrumb\",\"itemListElement\":[{\"@type\":\"ListItem\",\"position\":1,\"name\":\"Home\",\"item\":\"https:\\\/\\\/acninternational.org\\\/fr\\\/\"},{\"@type\":\"ListItem\",\"position\":2,\"name\":\"ENTREVISTAS\",\"item\":\"https:\\\/\\\/acninternational.org\\\/es\\\/category\\\/entrevistas\\\/\"},{\"@type\":\"ListItem\",\"position\":3,\"name\":\"Shahnaz Bhatti, t\u00e9moignage d\u2019une religieuse catholique en Afghanistan\"}]},{\"@type\":\"WebSite\",\"@id\":\"https:\\\/\\\/acninternational.org\\\/fr\\\/#website\",\"url\":\"https:\\\/\\\/acninternational.org\\\/fr\\\/\",\"name\":\"ACN International\",\"description\":\"\",\"publisher\":{\"@id\":\"https:\\\/\\\/acninternational.org\\\/fr\\\/#organization\"},\"potentialAction\":[{\"@type\":\"SearchAction\",\"target\":{\"@type\":\"EntryPoint\",\"urlTemplate\":\"https:\\\/\\\/acninternational.org\\\/fr\\\/?s={search_term_string}\"},\"query-input\":{\"@type\":\"PropertyValueSpecification\",\"valueRequired\":true,\"valueName\":\"search_term_string\"}}],\"inLanguage\":\"fr-FR\"},{\"@type\":\"Organization\",\"@id\":\"https:\\\/\\\/acninternational.org\\\/fr\\\/#organization\",\"name\":\"Aid to the Church in Need International\",\"url\":\"https:\\\/\\\/acninternational.org\\\/fr\\\/\",\"logo\":{\"@type\":\"ImageObject\",\"inLanguage\":\"fr-FR\",\"@id\":\"https:\\\/\\\/acninternational.org\\\/fr\\\/#\\\/schema\\\/logo\\\/image\\\/\",\"url\":\"https:\\\/\\\/media.acninternational.org\\\/wp-content\\\/uploads\\\/2019\\\/11\\\/acn_logo_blackvector.svg\",\"contentUrl\":\"https:\\\/\\\/media.acninternational.org\\\/wp-content\\\/uploads\\\/2019\\\/11\\\/acn_logo_blackvector.svg\",\"width\":232.6,\"height\":78,\"caption\":\"Aid to the Church in Need International\"},\"image\":{\"@id\":\"https:\\\/\\\/acninternational.org\\\/fr\\\/#\\\/schema\\\/logo\\\/image\\\/\"},\"sameAs\":[\"https:\\\/\\\/www.facebook.com\\\/acninternationalorg\",\"https:\\\/\\\/x.com\\\/acn_int\",\"https:\\\/\\\/www.youtube.com\\\/channel\\\/UCQ-077gS0TnVzkhHmf1opZw\",\"https:\\\/\\\/www.instagram.com\\\/acn_international\\\/\"]},{\"@type\":\"Person\",\"@id\":\"https:\\\/\\\/acninternational.org\\\/fr\\\/#\\\/schema\\\/person\\\/5a2b2930ad4475e0aa0dade4e51d9474\",\"name\":\"Milena\",\"description\":\"Lorem ipsum dolor sit amet, consectetur adipiscing elit, sed do eiusmod tempor incididunt ut labore et dolore magna aliqua. Ut enim ad minim veniam, quis nostrud exercitation ullamco laboris nisi ut aliquip ex ea commodo consequat.\",\"url\":\"https:\\\/\\\/acninternational.org\\\/fr\\\/author\\\/milena\\\/\"}]}<\/script>\n<!-- \/ Yoast SEO Premium plugin. -->","yoast_head_json":{"title":"Shahnaz Bhatti, t\u00e9moignage d\u2019une religieuse catholique en Afghanistan | ACN International","description":"S\u0153ur Shahnaz Bhatti, missionnaire en Afghanistan, quitte le pays le 25 ao\u00fbt escort\u00e9e par l\u2019arm\u00e9e italienne. D\u00e9couvrez son histoire inspirante","robots":{"index":"index","follow":"follow","max-snippet":"max-snippet:-1","max-image-preview":"max-image-preview:large","max-video-preview":"max-video-preview:-1"},"canonical":"https:\/\/acninternational.org\/fr\/shahnaz-bhatti-temoignage-dune-religieuse-catholique-en-afghanistan\/","og_locale":"fr_FR","og_type":"article","og_title":"Shahnaz Bhatti, t\u00e9moignage d\u2019une religieuse catholique en Afghanistan","og_description":"S\u0153ur Shahnaz Bhatti, missionnaire en Afghanistan, quitte le pays le 25 ao\u00fbt escort\u00e9e par l\u2019arm\u00e9e italienne. D\u00e9couvrez son histoire inspirante","og_url":"https:\/\/acninternational.org\/fr\/shahnaz-bhatti-temoignage-dune-religieuse-catholique-en-afghanistan\/","og_site_name":"ACN International","article_publisher":"https:\/\/www.facebook.com\/acninternationalorg","article_published_time":"2021-09-22T09:51:26+00:00","article_modified_time":"2025-02-25T05:40:50+00:00","og_image":[{"width":2000,"height":625,"url":"https:\/\/media.acninternational.org\/wp-content\/uploads\/2021\/09\/acn-news_Afghanistan_Shahnaz-Bhatti-un-testimonio-de-una-religiosa-catolica-en-Afganistan.jpg","type":"image\/jpeg"}],"author":"Milena","twitter_card":"summary_large_image","twitter_creator":"@acn_int","twitter_site":"@acn_int","twitter_misc":{"\u00c9crit par":"Milena","Dur\u00e9e de lecture estim\u00e9e":"6 minutes"},"schema":{"@context":"https:\/\/schema.org","@graph":[{"@type":"Article","@id":"https:\/\/acninternational.org\/fr\/shahnaz-bhatti-temoignage-dune-religieuse-catholique-en-afghanistan\/#article","isPartOf":{"@id":"https:\/\/acninternational.org\/fr\/shahnaz-bhatti-temoignage-dune-religieuse-catholique-en-afghanistan\/"},"author":{"name":"Milena","@id":"https:\/\/acninternational.org\/fr\/#\/schema\/person\/5a2b2930ad4475e0aa0dade4e51d9474"},"headline":"Shahnaz Bhatti, t\u00e9moignage d\u2019une religieuse catholique en Afghanistan","datePublished":"2021-09-22T09:51:26+00:00","dateModified":"2025-02-25T05:40:50+00:00","mainEntityOfPage":{"@id":"https:\/\/acninternational.org\/fr\/shahnaz-bhatti-temoignage-dune-religieuse-catholique-en-afghanistan\/"},"wordCount":1249,"publisher":{"@id":"https:\/\/acninternational.org\/fr\/#organization"},"image":{"@id":"https:\/\/acninternational.org\/fr\/shahnaz-bhatti-temoignage-dune-religieuse-catholique-en-afghanistan\/#primaryimage"},"thumbnailUrl":"https:\/\/media.acninternational.org\/wp-content\/uploads\/2021\/09\/acn-news_Afghanistan_Shahnaz-Bhatti-un-testimonio-de-una-religiosa-catolica-en-Afganistan.jpg","articleSection":["Interview"],"inLanguage":"fr-FR"},{"@type":"WebPage","@id":"https:\/\/acninternational.org\/fr\/shahnaz-bhatti-temoignage-dune-religieuse-catholique-en-afghanistan\/","url":"https:\/\/acninternational.org\/fr\/shahnaz-bhatti-temoignage-dune-religieuse-catholique-en-afghanistan\/","name":"Shahnaz Bhatti, t\u00e9moignage d\u2019une religieuse catholique en Afghanistan | ACN International","isPartOf":{"@id":"https:\/\/acninternational.org\/fr\/#website"},"primaryImageOfPage":{"@id":"https:\/\/acninternational.org\/fr\/shahnaz-bhatti-temoignage-dune-religieuse-catholique-en-afghanistan\/#primaryimage"},"image":{"@id":"https:\/\/acninternational.org\/fr\/shahnaz-bhatti-temoignage-dune-religieuse-catholique-en-afghanistan\/#primaryimage"},"thumbnailUrl":"https:\/\/media.acninternational.org\/wp-content\/uploads\/2021\/09\/acn-news_Afghanistan_Shahnaz-Bhatti-un-testimonio-de-una-religiosa-catolica-en-Afganistan.jpg","datePublished":"2021-09-22T09:51:26+00:00","dateModified":"2025-02-25T05:40:50+00:00","description":"S\u0153ur Shahnaz Bhatti, missionnaire en Afghanistan, quitte le pays le 25 ao\u00fbt escort\u00e9e par l\u2019arm\u00e9e italienne. D\u00e9couvrez son histoire inspirante","breadcrumb":{"@id":"https:\/\/acninternational.org\/fr\/shahnaz-bhatti-temoignage-dune-religieuse-catholique-en-afghanistan\/#breadcrumb"},"inLanguage":"fr-FR","potentialAction":[{"@type":"ReadAction","target":["https:\/\/acninternational.org\/fr\/shahnaz-bhatti-temoignage-dune-religieuse-catholique-en-afghanistan\/"]}]},{"@type":"ImageObject","inLanguage":"fr-FR","@id":"https:\/\/acninternational.org\/fr\/shahnaz-bhatti-temoignage-dune-religieuse-catholique-en-afghanistan\/#primaryimage","url":"https:\/\/media.acninternational.org\/wp-content\/uploads\/2021\/09\/acn-news_Afghanistan_Shahnaz-Bhatti-un-testimonio-de-una-religiosa-catolica-en-Afganistan.jpg","contentUrl":"https:\/\/media.acninternational.org\/wp-content\/uploads\/2021\/09\/acn-news_Afghanistan_Shahnaz-Bhatti-un-testimonio-de-una-religiosa-catolica-en-Afganistan.jpg","width":2000,"height":625},{"@type":"BreadcrumbList","@id":"https:\/\/acninternational.org\/fr\/shahnaz-bhatti-temoignage-dune-religieuse-catholique-en-afghanistan\/#breadcrumb","itemListElement":[{"@type":"ListItem","position":1,"name":"Home","item":"https:\/\/acninternational.org\/fr\/"},{"@type":"ListItem","position":2,"name":"ENTREVISTAS","item":"https:\/\/acninternational.org\/es\/category\/entrevistas\/"},{"@type":"ListItem","position":3,"name":"Shahnaz Bhatti, t\u00e9moignage d\u2019une religieuse catholique en Afghanistan"}]},{"@type":"WebSite","@id":"https:\/\/acninternational.org\/fr\/#website","url":"https:\/\/acninternational.org\/fr\/","name":"ACN International","description":"","publisher":{"@id":"https:\/\/acninternational.org\/fr\/#organization"},"potentialAction":[{"@type":"SearchAction","target":{"@type":"EntryPoint","urlTemplate":"https:\/\/acninternational.org\/fr\/?s={search_term_string}"},"query-input":{"@type":"PropertyValueSpecification","valueRequired":true,"valueName":"search_term_string"}}],"inLanguage":"fr-FR"},{"@type":"Organization","@id":"https:\/\/acninternational.org\/fr\/#organization","name":"Aid to the Church in Need International","url":"https:\/\/acninternational.org\/fr\/","logo":{"@type":"ImageObject","inLanguage":"fr-FR","@id":"https:\/\/acninternational.org\/fr\/#\/schema\/logo\/image\/","url":"https:\/\/media.acninternational.org\/wp-content\/uploads\/2019\/11\/acn_logo_blackvector.svg","contentUrl":"https:\/\/media.acninternational.org\/wp-content\/uploads\/2019\/11\/acn_logo_blackvector.svg","width":232.6,"height":78,"caption":"Aid to the Church in Need International"},"image":{"@id":"https:\/\/acninternational.org\/fr\/#\/schema\/logo\/image\/"},"sameAs":["https:\/\/www.facebook.com\/acninternationalorg","https:\/\/x.com\/acn_int","https:\/\/www.youtube.com\/channel\/UCQ-077gS0TnVzkhHmf1opZw","https:\/\/www.instagram.com\/acn_international\/"]},{"@type":"Person","@id":"https:\/\/acninternational.org\/fr\/#\/schema\/person\/5a2b2930ad4475e0aa0dade4e51d9474","name":"Milena","description":"Lorem ipsum dolor sit amet, consectetur adipiscing elit, sed do eiusmod tempor incididunt ut labore et dolore magna aliqua. Ut enim ad minim veniam, quis nostrud exercitation ullamco laboris nisi ut aliquip ex ea commodo consequat.","url":"https:\/\/acninternational.org\/fr\/author\/milena\/"}]}},"_links":{"self":[{"href":"https:\/\/acninternational.org\/fr\/wp-json\/wp\/v2\/posts\/159577","targetHints":{"allow":["GET"]}}],"collection":[{"href":"https:\/\/acninternational.org\/fr\/wp-json\/wp\/v2\/posts"}],"about":[{"href":"https:\/\/acninternational.org\/fr\/wp-json\/wp\/v2\/types\/post"}],"author":[{"embeddable":true,"href":"https:\/\/acninternational.org\/fr\/wp-json\/wp\/v2\/users\/66"}],"replies":[{"embeddable":true,"href":"https:\/\/acninternational.org\/fr\/wp-json\/wp\/v2\/comments?post=159577"}],"version-history":[{"count":0,"href":"https:\/\/acninternational.org\/fr\/wp-json\/wp\/v2\/posts\/159577\/revisions"}],"wp:featuredmedia":[{"embeddable":true,"href":"https:\/\/acninternational.org\/fr\/wp-json\/wp\/v2\/media\/159551"}],"wp:attachment":[{"href":"https:\/\/acninternational.org\/fr\/wp-json\/wp\/v2\/media?parent=159577"}],"wp:term":[{"taxonomy":"category","embeddable":true,"href":"https:\/\/acninternational.org\/fr\/wp-json\/wp\/v2\/categories?post=159577"},{"taxonomy":"post_tag","embeddable":true,"href":"https:\/\/acninternational.org\/fr\/wp-json\/wp\/v2\/tags?post=159577"},{"taxonomy":"country","embeddable":true,"href":"https:\/\/acninternational.org\/fr\/wp-json\/wp\/v2\/country?post=159577"}],"curies":[{"name":"wp","href":"https:\/\/api.w.org\/{rel}","templated":true}]}}