{"id":158870,"date":"2021-08-16T12:44:23","date_gmt":"2021-08-16T10:44:23","guid":{"rendered":"https:\/\/acninternational.org\/year-of-saint-joseph-acn-presents-testimonies-of-devotion-to-saint-joseph-among-its-project-partners-in-africa-asia-and-latin-america\/"},"modified":"2021-08-31T14:44:21","modified_gmt":"2021-08-31T12:44:21","slug":"year-of-saint-joseph-acn-presents-testimonies-of-devotion-to-saint-joseph-among-its-project-partners-in-africa-asia-and-latin-america","status":"publish","type":"post","link":"https:\/\/acninternational.org\/fr\/year-of-saint-joseph-acn-presents-testimonies-of-devotion-to-saint-joseph-among-its-project-partners-in-africa-asia-and-latin-america\/","title":{"rendered":"Ann\u00e9e de saint Joseph : A\u00c9D pr\u00e9sente des t\u00e9moignages du d\u00e9vouement au saint parmi les b\u00e9n\u00e9ficiaires de projets en Afrique, en Asie et en Am\u00e9rique latine"},"content":{"rendered":"<p>\u00c0 l\u2019occasion de la c\u00e9l\u00e9bration de l\u2019Ann\u00e9e de saint Joseph, convoqu\u00e9e par le pape Fran\u00e7ois, de d\u00e9cembre 2020 \u00e0 d\u00e9cembre 2021, la fondation pontificale Aide \u00e0 l\u2019\u00c9glise en d\u00e9tresse (A\u00c9D) a recueilli des r\u00e9flexions, t\u00e9moignages et miracles li\u00e9s \u00e0 ce saint aupr\u00e8s de b\u00e9n\u00e9ficiaires de projets dans diff\u00e9rentes parties du monde.<\/p>\n<figure id=\"attachment_157989\" aria-describedby=\"caption-attachment-157989\" style=\"width: 670px\" class=\"wp-caption alignnone\"><img loading=\"lazy\" decoding=\"async\" class=\"wp-image-157989 size-full\" src=\"https:\/\/media.acninternational.org\/wp-content\/uploads\/2021\/08\/acn-news_Year-of-Saint-Joseph-2-1.jpg\" alt=\"\" width=\"670\" height=\"400\" srcset=\"https:\/\/media.acninternational.org\/wp-content\/uploads\/2021\/08\/acn-news_Year-of-Saint-Joseph-2-1.jpg 670w, https:\/\/media.acninternational.org\/wp-content\/uploads\/2021\/08\/acn-news_Year-of-Saint-Joseph-2-1-300x179.jpg 300w\" sizes=\"auto, (max-width: 670px) 100vw, 670px\" \/><figcaption id=\"caption-attachment-157989\" class=\"wp-caption-text\">C\u00e9l\u00e9bration de l&rsquo;ann\u00e9e de la Saint Joseph, de d\u00e9cembre 2020 \u00e0 d\u00e9cembre 2021.<\/figcaption><\/figure>\n<p>\u00ab\u00a0Saint Joseph est un exemple dans tous les domaines de la vie\u00a0\u00bb, d\u00e9clare Mgr Domingo Buezo Leivo, \u00e9v\u00eaque du Vicariat apostolique d\u2019Izabal, au Guatemala. Or, les r\u00e9flexions sur la figure de saint Joseph refl\u00e8tent en quelque sorte les pr\u00e9occupations sp\u00e9cifiques de chaque pays : \u00ab\u00a0Je veux m\u2019arr\u00eater sur saint Joseph en tant qu\u2019homme responsable, qui, afin de prendre soin de la vie de l\u2019enfant et de la m\u00e8re, doit fuir et en subir les cons\u00e9quences : inconfort, fatigue, dangers, incertitude. Mais il a sauv\u00e9 la vie de l\u2019enfant et de la m\u00e8re \u00bb, a-t-il not\u00e9 pour souligner le drame humain qui touche des milliers de migrants d\u2019Am\u00e9rique centrale et m\u00e9ridionale, fuyant leur pays en qu\u00eate d\u2019une vie meilleure pour eux-m\u00eames et leurs familles. \u00ab\u00a0D\u2019aucuns luttent litt\u00e9ralement pour sauver la vie comme Joseph et Marie avec l\u2019Enfant J\u00e9sus dans les bras\u00a0\u00bb, a d\u00e9clar\u00e9 l\u2019\u00e9v\u00eaque en pla\u00e7ant sous la garde du saint tous ceux et celles qui s\u2019exposent \u00ab\u00a0aux dangers et aux d\u00e9fis de la route migratoire\u00a0\u00bb.<\/p>\n<figure id=\"attachment_157995\" aria-describedby=\"caption-attachment-157995\" style=\"width: 670px\" class=\"wp-caption alignnone\"><img loading=\"lazy\" decoding=\"async\" class=\"wp-image-157995 size-full\" src=\"https:\/\/media.acninternational.org\/wp-content\/uploads\/2021\/08\/acn-news_Year-of-Saint-Joseph-3.jpg\" alt=\"\" width=\"670\" height=\"400\" srcset=\"https:\/\/media.acninternational.org\/wp-content\/uploads\/2021\/08\/acn-news_Year-of-Saint-Joseph-3.jpg 670w, https:\/\/media.acninternational.org\/wp-content\/uploads\/2021\/08\/acn-news_Year-of-Saint-Joseph-3-300x179.jpg 300w\" sizes=\"auto, (max-width: 670px) 100vw, 670px\" \/><figcaption id=\"caption-attachment-157995\" class=\"wp-caption-text\">Procession de fid\u00e8les de la paroisse Notre Dame de Guadalupe, \u00e0 Chel, Guatemala (photo prise avant la pand\u00e9mie).<\/figcaption><\/figure>\n<p>Pr\u00eatres et religieuses de Guin\u00e9e-Bissau, d\u2019Uruguay, d\u2019Afrique du Sud ou du Br\u00e9sil, pour n\u2019en citer que quelques-uns, racontent comment ils c\u00e9l\u00e8brent la d\u00e9votion de saint Joseph dans leurs communaut\u00e9s respectives. \u00c0 Manaus, au Br\u00e9sil, o\u00f9 la fondation soutient la formation des s\u00e9minaristes archidioc\u00e9sains, la d\u00e9votion \u00e0 saint Joseph est tr\u00e8s r\u00e9pandue dans toute la ville.<\/p>\n<p>En 1848, on y a fond\u00e9 le S\u00e9minaire de Saint-Joseph et les pr\u00eatres qui s\u2019y sont form\u00e9s ont \u00e9tabli la paroisse Saint-Joseph. Des ann\u00e9es plus tard, le s\u00e9minaire a ferm\u00e9, mais \u00ab la d\u00e9votion \u00e0 saint Joseph est rest\u00e9e et la paroisse s\u2019est consolid\u00e9e \u00bb, explique \u00e0 A\u00c9D le p\u00e8re Zenildo Lima, actuel recteur du S\u00e9minaire archidioc\u00e9sain de Saint-Joseph. En 1999, un groupe de fid\u00e8les a commenc\u00e9 \u00e0 prier une neuvaine consacr\u00e9e au saint le 19 de chaque mois, d\u00e9votion qui s\u2019est rapidement r\u00e9pandue dans la population et est devenue \u00ab\u00a0la plus grande expression de pi\u00e9t\u00e9 populaire dans l\u2019archidioc\u00e8se\u00a0\u00bb. La paroisse a \u00e9t\u00e9 \u00e9lev\u00e9e au rang de Sanctuaire dioc\u00e9sain de Saint-Joseph et plus de 100 000 fid\u00e8les viennent \u00e0 la f\u00eate du saint.<\/p>\n<figure id=\"attachment_158001\" aria-describedby=\"caption-attachment-158001\" style=\"width: 670px\" class=\"wp-caption alignnone\"><img loading=\"lazy\" decoding=\"async\" class=\"wp-image-158001 size-full\" src=\"https:\/\/media.acninternational.org\/wp-content\/uploads\/2021\/08\/acn-news_Year-of-Saint-Joseph-4.jpg\" alt=\"\" width=\"670\" height=\"400\" srcset=\"https:\/\/media.acninternational.org\/wp-content\/uploads\/2021\/08\/acn-news_Year-of-Saint-Joseph-4.jpg 670w, https:\/\/media.acninternational.org\/wp-content\/uploads\/2021\/08\/acn-news_Year-of-Saint-Joseph-4-300x179.jpg 300w\" sizes=\"auto, (max-width: 670px) 100vw, 670px\" \/><figcaption id=\"caption-attachment-158001\" class=\"wp-caption-text\">S\u00e9minaristes du s\u00e9minaire Saint-Joseph de Manaus, au Br\u00e9sil (photo d&rsquo;avant la pand\u00e9mie).<\/figcaption><\/figure>\n<p>\u00ab Au pied de l\u2019image, il y a beaucoup d\u2019histoires de chagrin, d\u2019espoir et de pri\u00e8re \u00bb, souligne le p\u00e8re Zenildo. Histoires comme la sienne. En d\u00e9cembre 2016, le pr\u00eatre est tomb\u00e9 malade d\u2019une pneumonie et il est m\u00eame entr\u00e9 dans l\u2019agonie, mais apr\u00e8s cinq heures entre la vie et la mort, il a surmont\u00e9 la crise. Le 19, il a quitt\u00e9 l\u2019h\u00f4pital : \u00ab Ma m\u00e8re de 78 ans, quand elle m\u2019a vu, elle s\u2019est pr\u00e9cipit\u00e9e vers moi et m\u2019a pris dans ses bras. En pleurant, reconnaissante, elle m\u2019a dit \u00e0 l\u2019oreille : \u00ab Je me suis accroch\u00e9e beaucoup \u00e0 saint Joseph pour ne pas te perdre ! \u00bb<\/p>\n<p>D\u2019autres b\u00e9n\u00e9ficiaires parlent des faveurs spirituelles du saint, comme le p\u00e8re Godino Phokoso, du dioc\u00e8se de Dedza, au Malawi, qui explique \u00e0 la fondation comment son p\u00e8re a transmis sa d\u00e9votion \u00e0 saint Joseph : \u00ab\u00a0Il avait l&rsquo;habitude d&rsquo;appeler saint Joseph \u2018 le charpentier\u2019. Il me parlait beaucoup de lui. Il me disait que c\u2019\u00e9tait un homme juste, un travailleur, un p\u00e8re plein d\u2019amour.\u00a0\u00bb C\u2019est aussi saint Joseph qui l\u2019a aid\u00e9, raconte p\u00e8re Godino, \u00e0 entrer au s\u00e9minaire et \u00e0 faire sa pr\u00e9paration et ses \u00e9tudes pour devenir pr\u00eatre. Sa relation avec le saint est \u00ab comme celle de p\u00e8re et fils \u00bb. \u00ab\u00a0C\u2019est mon p\u00e8re plein d\u2019amour qui ne se lasse jamais de mes requ\u00eates\u00a0\u00bb, sur comment \u00ab\u00a0faire une bonne pr\u00e9dication, \u00eatre un bon serviteur de Dieu, la sant\u00e9, etc. J\u2019ai re\u00e7u beaucoup de choses dont je peux maintenant t\u00e9moigner ; d\u2019autres sont en route \u00bb, dit-il.<\/p>\n<figure id=\"attachment_158025\" aria-describedby=\"caption-attachment-158025\" style=\"width: 670px\" class=\"wp-caption alignnone\"><img loading=\"lazy\" decoding=\"async\" class=\"wp-image-158025 size-full\" src=\"https:\/\/media.acninternational.org\/wp-content\/uploads\/2021\/08\/acn-news_Year-of-Saint-Joseph-5-1.jpg\" alt=\"\" width=\"670\" height=\"400\" srcset=\"https:\/\/media.acninternational.org\/wp-content\/uploads\/2021\/08\/acn-news_Year-of-Saint-Joseph-5-1.jpg 670w, https:\/\/media.acninternational.org\/wp-content\/uploads\/2021\/08\/acn-news_Year-of-Saint-Joseph-5-1-300x179.jpg 300w\" sizes=\"auto, (max-width: 670px) 100vw, 670px\" \/><figcaption id=\"caption-attachment-158025\" class=\"wp-caption-text\">Des villageois attendent de moudre leur ma\u00efs dans le moulin du s\u00e9minaire St. Kizito \u00e0 Dezda, au Malawi.<\/figcaption><\/figure>\n<p>Parmi les t\u00e9moignages recueillis par A\u00c9D, on retrouve \u00e9galement des histoires de gu\u00e9risons et de miracles attribu\u00e9s \u00e0 l\u2019intercession du saint en Inde. Le pr\u00eatre j\u00e9suite George Kerketta, de la paroisse de Saint-Joseph de Dolda, en Inde, qui a re\u00e7u de l\u2019aide d\u2019A\u00c9D pour r\u00e9parer le toit de son \u00e9glise, conna\u00eet des crises conjugales et familiales r\u00e9solues gr\u00e2ce \u00e0 l\u2019intercession du saint. Le j\u00e9suite est certain que des vocations sacerdotales et religieuses sont n\u00e9es de l\u2019intercession du patriarche. Mais dans sa paroisse, situ\u00e9e dans la jungle, on parle aussi du secours re\u00e7u lors d\u2019\u00e9pisodes qui ont frapp\u00e9 les esprits. C\u2019est le cas d\u2019un paroissien qui, apr\u00e8s avoir \u00e9t\u00e9 attaqu\u00e9 par un tigre, s\u2019est remis de ses blessures gr\u00e2ce aux pri\u00e8res des membres de sa famille \u00e0 saint Joseph.<\/p>\n<figure id=\"attachment_158013\" aria-describedby=\"caption-attachment-158013\" style=\"width: 670px\" class=\"wp-caption alignnone\"><img loading=\"lazy\" decoding=\"async\" class=\"wp-image-158013 size-full\" src=\"https:\/\/media.acninternational.org\/wp-content\/uploads\/2021\/08\/acn-news_Year-of-Saint-Joseph-6.jpg\" alt=\"\" width=\"670\" height=\"400\" srcset=\"https:\/\/media.acninternational.org\/wp-content\/uploads\/2021\/08\/acn-news_Year-of-Saint-Joseph-6.jpg 670w, https:\/\/media.acninternational.org\/wp-content\/uploads\/2021\/08\/acn-news_Year-of-Saint-Joseph-6-300x179.jpg 300w\" sizes=\"auto, (max-width: 670px) 100vw, 670px\" \/><figcaption id=\"caption-attachment-158013\" class=\"wp-caption-text\">Des s\u00e9minaristes \u00e0 l&rsquo;ext\u00e9rieur d&rsquo;un s\u00e9minaire \u00e0 Jharkhand, en Inde.<\/figcaption><\/figure>\n<p>La c\u00e9l\u00e9bration de l\u2019Ann\u00e9e de saint Joseph a \u00e9t\u00e9 marqu\u00e9e par la Covid-19, ce qui a aussi \u00e9t\u00e9 pour beaucoup l\u2019occasion de se confier \u00e0 sa protection, comme le raconte le p\u00e8re Ernest Adwok, cur\u00e9 de la cath\u00e9drale Saint-Joseph de Malakal, au Soudan du Sud. \u00ab\u00a0Le pape Fran\u00e7ois a voulu que cette ann\u00e9e soit consacr\u00e9e \u00e0 saint Joseph. Nous sommes en p\u00e9riode de blocage \u00e0 cause de la pand\u00e9mie. Malgr\u00e9 cela, peut-on r\u00e9aliser certaines activit\u00e9s \u00e0 l\u2019occasion de l\u2019Ann\u00e9e de saint Joseph ? Je crois que si nous faisons confiance \u00e0 Dieu, tout changement peut se produire. Nous esp\u00e9rons que, par l\u2019intercession de saint Joseph, tout le monde sera lib\u00e9r\u00e9 de cette pand\u00e9mie \u00bb, souligne le pr\u00eatre. \u00ab\u00a0Saint Joseph \u00e9tait un homme de r\u00eave et un homme d\u2019action. R\u00eaves et actions : j\u2019ai pris cela comme mode de vie, comme ma vocation. J\u2019ai des r\u00eaves sur ma vie future. Que vais-je faire dans la paroisse o\u00f9 je travaille ?\u00a0\u00bb se demande le pr\u00eatre.<\/p>\n<figure id=\"attachment_158019\" aria-describedby=\"caption-attachment-158019\" style=\"width: 670px\" class=\"wp-caption alignnone\"><img loading=\"lazy\" decoding=\"async\" class=\"wp-image-158019 size-full\" src=\"https:\/\/media.acninternational.org\/wp-content\/uploads\/2021\/08\/acn-news_Year-of-Saint-Joseph-7.jpg\" alt=\"\" width=\"670\" height=\"400\" srcset=\"https:\/\/media.acninternational.org\/wp-content\/uploads\/2021\/08\/acn-news_Year-of-Saint-Joseph-7.jpg 670w, https:\/\/media.acninternational.org\/wp-content\/uploads\/2021\/08\/acn-news_Year-of-Saint-Joseph-7-300x179.jpg 300w\" sizes=\"auto, (max-width: 670px) 100vw, 670px\" \/><figcaption id=\"caption-attachment-158019\" class=\"wp-caption-text\">P\u00e8re Ernest Adwok, cur\u00e9 de la cath\u00e9drale Saint-Joseph de Malakal, au Sud-Soudan.<\/figcaption><\/figure>\n<p><strong>D\u2019autres t\u00e9moignages peuvent \u00eatre lus <a href=\"https:\/\/acninternational.org\/testimonies-of-devotion-to-saint-joseph\/\">ici.<\/a><\/strong><\/p>\n","protected":false},"excerpt":{"rendered":"<p>Priests and religious from Guinea Bissau, Uruguay, and Brazil describe how they express their devotion to St Joseph<\/p>\n","protected":false},"author":66,"featured_media":157982,"comment_status":"closed","ping_status":"closed","sticky":false,"template":"","format":"standard","meta":{"_acf_changed":false,"_acn_coauthor_ids":[],"footnotes":""},"categories":[919],"tags":[],"country":[333],"class_list":["post-158870","post","type-post","status-publish","format-standard","has-post-thumbnail","hentry","category-nouvelle","country-international"],"acn_coauthors":[],"acf":[],"yoast_head":"<!-- This site is optimized with the Yoast SEO Premium plugin v27.3 (Yoast SEO v27.3) - https:\/\/yoast.com\/product\/yoast-seo-premium-wordpress\/ -->\n<title>Ann\u00e9e de saint Joseph : A\u00c9D pr\u00e9sente des t\u00e9moignages du d\u00e9vouement au saint parmi les b\u00e9n\u00e9ficiaires de projets en Afrique, en Asie et en Am\u00e9rique latine | ACN International<\/title>\n<meta name=\"description\" content=\"\u00c0 l\u2019occasion de la c\u00e9l\u00e9bration de l\u2019Ann\u00e9e de saint Joseph, convoqu\u00e9e par le pape Fran\u00e7ois, de d\u00e9cembre 2020 \u00e0 d\u00e9cembre 2021, la fondation pontificale Aide \u00e0 l\u2019\u00c9glise en d\u00e9tresse (A\u00c9D) a recueilli des r\u00e9flexions, t\u00e9moignages et miracles li\u00e9s \u00e0 ce saint aupr\u00e8s de b\u00e9n\u00e9ficiaires de projets dans diff\u00e9rentes parties du monde.\" \/>\n<meta name=\"robots\" content=\"index, follow, max-snippet:-1, max-image-preview:large, max-video-preview:-1\" \/>\n<link rel=\"canonical\" href=\"https:\/\/acninternational.org\/fr\/year-of-saint-joseph-acn-presents-testimonies-of-devotion-to-saint-joseph-among-its-project-partners-in-africa-asia-and-latin-america\/\" \/>\n<meta property=\"og:locale\" content=\"fr_FR\" \/>\n<meta property=\"og:type\" content=\"article\" \/>\n<meta property=\"og:title\" content=\"Ann\u00e9e de saint Joseph : A\u00c9D pr\u00e9sente des t\u00e9moignages du d\u00e9vouement au saint parmi les b\u00e9n\u00e9ficiaires de projets en Afrique, en Asie et en Am\u00e9rique latine\" \/>\n<meta property=\"og:description\" content=\"\u00c0 l\u2019occasion de la c\u00e9l\u00e9bration de l\u2019Ann\u00e9e de saint Joseph, convoqu\u00e9e par le pape Fran\u00e7ois, de d\u00e9cembre 2020 \u00e0 d\u00e9cembre 2021, la fondation pontificale Aide \u00e0 l\u2019\u00c9glise en d\u00e9tresse (A\u00c9D) a recueilli des r\u00e9flexions, t\u00e9moignages et miracles li\u00e9s \u00e0 ce saint aupr\u00e8s de b\u00e9n\u00e9ficiaires de projets dans diff\u00e9rentes parties du monde.\" \/>\n<meta property=\"og:url\" content=\"https:\/\/acninternational.org\/fr\/year-of-saint-joseph-acn-presents-testimonies-of-devotion-to-saint-joseph-among-its-project-partners-in-africa-asia-and-latin-america\/\" \/>\n<meta property=\"og:site_name\" content=\"ACN International\" \/>\n<meta property=\"article:publisher\" content=\"https:\/\/www.facebook.com\/acninternationalorg\" \/>\n<meta property=\"article:published_time\" content=\"2021-08-16T10:44:23+00:00\" \/>\n<meta property=\"article:modified_time\" content=\"2021-08-31T12:44:21+00:00\" \/>\n<meta property=\"og:image\" content=\"https:\/\/media.acninternational.org\/wp-content\/uploads\/2021\/08\/acn-news_Year-of-Saint-Joseph-1.jpg\" \/>\n\t<meta property=\"og:image:width\" content=\"2000\" \/>\n\t<meta property=\"og:image:height\" content=\"625\" \/>\n\t<meta property=\"og:image:type\" content=\"image\/jpeg\" \/>\n<meta name=\"author\" content=\"Milena\" \/>\n<meta name=\"twitter:card\" content=\"summary_large_image\" \/>\n<meta name=\"twitter:creator\" content=\"@acn_int\" \/>\n<meta name=\"twitter:site\" content=\"@acn_int\" \/>\n<meta name=\"twitter:label1\" content=\"\u00c9crit par\" \/>\n\t<meta name=\"twitter:data1\" content=\"Milena\" \/>\n\t<meta name=\"twitter:label2\" content=\"Dur\u00e9e de lecture estim\u00e9e\" \/>\n\t<meta name=\"twitter:data2\" content=\"6 minutes\" \/>\n<script type=\"application\/ld+json\" class=\"yoast-schema-graph\">{\"@context\":\"https:\\\/\\\/schema.org\",\"@graph\":[{\"@type\":\"Article\",\"@id\":\"https:\\\/\\\/acninternational.org\\\/fr\\\/year-of-saint-joseph-acn-presents-testimonies-of-devotion-to-saint-joseph-among-its-project-partners-in-africa-asia-and-latin-america\\\/#article\",\"isPartOf\":{\"@id\":\"https:\\\/\\\/acninternational.org\\\/fr\\\/year-of-saint-joseph-acn-presents-testimonies-of-devotion-to-saint-joseph-among-its-project-partners-in-africa-asia-and-latin-america\\\/\"},\"author\":{\"name\":\"Milena\",\"@id\":\"https:\\\/\\\/acninternational.org\\\/fr\\\/#\\\/schema\\\/person\\\/5a2b2930ad4475e0aa0dade4e51d9474\"},\"headline\":\"Ann\u00e9e de saint Joseph : A\u00c9D pr\u00e9sente des t\u00e9moignages du d\u00e9vouement au saint parmi les b\u00e9n\u00e9ficiaires de projets en Afrique, en Asie et en Am\u00e9rique latine\",\"datePublished\":\"2021-08-16T10:44:23+00:00\",\"dateModified\":\"2021-08-31T12:44:21+00:00\",\"mainEntityOfPage\":{\"@id\":\"https:\\\/\\\/acninternational.org\\\/fr\\\/year-of-saint-joseph-acn-presents-testimonies-of-devotion-to-saint-joseph-among-its-project-partners-in-africa-asia-and-latin-america\\\/\"},\"wordCount\":1267,\"publisher\":{\"@id\":\"https:\\\/\\\/acninternational.org\\\/fr\\\/#organization\"},\"image\":{\"@id\":\"https:\\\/\\\/acninternational.org\\\/fr\\\/year-of-saint-joseph-acn-presents-testimonies-of-devotion-to-saint-joseph-among-its-project-partners-in-africa-asia-and-latin-america\\\/#primaryimage\"},\"thumbnailUrl\":\"https:\\\/\\\/media.acninternational.org\\\/wp-content\\\/uploads\\\/2021\\\/08\\\/acn-news_Year-of-Saint-Joseph-1.jpg\",\"articleSection\":[\"Nouvelle\"],\"inLanguage\":\"fr-FR\"},{\"@type\":\"WebPage\",\"@id\":\"https:\\\/\\\/acninternational.org\\\/fr\\\/year-of-saint-joseph-acn-presents-testimonies-of-devotion-to-saint-joseph-among-its-project-partners-in-africa-asia-and-latin-america\\\/\",\"url\":\"https:\\\/\\\/acninternational.org\\\/fr\\\/year-of-saint-joseph-acn-presents-testimonies-of-devotion-to-saint-joseph-among-its-project-partners-in-africa-asia-and-latin-america\\\/\",\"name\":\"Ann\u00e9e de saint Joseph : A\u00c9D pr\u00e9sente des t\u00e9moignages du d\u00e9vouement au saint parmi les b\u00e9n\u00e9ficiaires de projets en Afrique, en Asie et en Am\u00e9rique latine | ACN International\",\"isPartOf\":{\"@id\":\"https:\\\/\\\/acninternational.org\\\/fr\\\/#website\"},\"primaryImageOfPage\":{\"@id\":\"https:\\\/\\\/acninternational.org\\\/fr\\\/year-of-saint-joseph-acn-presents-testimonies-of-devotion-to-saint-joseph-among-its-project-partners-in-africa-asia-and-latin-america\\\/#primaryimage\"},\"image\":{\"@id\":\"https:\\\/\\\/acninternational.org\\\/fr\\\/year-of-saint-joseph-acn-presents-testimonies-of-devotion-to-saint-joseph-among-its-project-partners-in-africa-asia-and-latin-america\\\/#primaryimage\"},\"thumbnailUrl\":\"https:\\\/\\\/media.acninternational.org\\\/wp-content\\\/uploads\\\/2021\\\/08\\\/acn-news_Year-of-Saint-Joseph-1.jpg\",\"datePublished\":\"2021-08-16T10:44:23+00:00\",\"dateModified\":\"2021-08-31T12:44:21+00:00\",\"description\":\"\u00c0 l\u2019occasion de la c\u00e9l\u00e9bration de l\u2019Ann\u00e9e de saint Joseph, convoqu\u00e9e par le pape Fran\u00e7ois, de d\u00e9cembre 2020 \u00e0 d\u00e9cembre 2021, la fondation pontificale Aide \u00e0 l\u2019\u00c9glise en d\u00e9tresse (A\u00c9D) a recueilli des r\u00e9flexions, t\u00e9moignages et miracles li\u00e9s \u00e0 ce saint aupr\u00e8s de b\u00e9n\u00e9ficiaires de projets dans diff\u00e9rentes parties du monde.\",\"breadcrumb\":{\"@id\":\"https:\\\/\\\/acninternational.org\\\/fr\\\/year-of-saint-joseph-acn-presents-testimonies-of-devotion-to-saint-joseph-among-its-project-partners-in-africa-asia-and-latin-america\\\/#breadcrumb\"},\"inLanguage\":\"fr-FR\",\"potentialAction\":[{\"@type\":\"ReadAction\",\"target\":[\"https:\\\/\\\/acninternational.org\\\/fr\\\/year-of-saint-joseph-acn-presents-testimonies-of-devotion-to-saint-joseph-among-its-project-partners-in-africa-asia-and-latin-america\\\/\"]}]},{\"@type\":\"ImageObject\",\"inLanguage\":\"fr-FR\",\"@id\":\"https:\\\/\\\/acninternational.org\\\/fr\\\/year-of-saint-joseph-acn-presents-testimonies-of-devotion-to-saint-joseph-among-its-project-partners-in-africa-asia-and-latin-america\\\/#primaryimage\",\"url\":\"https:\\\/\\\/media.acninternational.org\\\/wp-content\\\/uploads\\\/2021\\\/08\\\/acn-news_Year-of-Saint-Joseph-1.jpg\",\"contentUrl\":\"https:\\\/\\\/media.acninternational.org\\\/wp-content\\\/uploads\\\/2021\\\/08\\\/acn-news_Year-of-Saint-Joseph-1.jpg\",\"width\":2000,\"height\":625},{\"@type\":\"BreadcrumbList\",\"@id\":\"https:\\\/\\\/acninternational.org\\\/fr\\\/year-of-saint-joseph-acn-presents-testimonies-of-devotion-to-saint-joseph-among-its-project-partners-in-africa-asia-and-latin-america\\\/#breadcrumb\",\"itemListElement\":[{\"@type\":\"ListItem\",\"position\":1,\"name\":\"Home\",\"item\":\"https:\\\/\\\/acninternational.org\\\/fr\\\/\"},{\"@type\":\"ListItem\",\"position\":2,\"name\":\"Nouvelle\",\"item\":\"https:\\\/\\\/acninternational.org\\\/fr\\\/category\\\/nouvelle\\\/\"},{\"@type\":\"ListItem\",\"position\":3,\"name\":\"Ann\u00e9e de saint Joseph : A\u00c9D pr\u00e9sente des t\u00e9moignages du d\u00e9vouement au saint parmi les b\u00e9n\u00e9ficiaires de projets en Afrique, en Asie et en Am\u00e9rique latine\"}]},{\"@type\":\"WebSite\",\"@id\":\"https:\\\/\\\/acninternational.org\\\/fr\\\/#website\",\"url\":\"https:\\\/\\\/acninternational.org\\\/fr\\\/\",\"name\":\"ACN International\",\"description\":\"\",\"publisher\":{\"@id\":\"https:\\\/\\\/acninternational.org\\\/fr\\\/#organization\"},\"potentialAction\":[{\"@type\":\"SearchAction\",\"target\":{\"@type\":\"EntryPoint\",\"urlTemplate\":\"https:\\\/\\\/acninternational.org\\\/fr\\\/?s={search_term_string}\"},\"query-input\":{\"@type\":\"PropertyValueSpecification\",\"valueRequired\":true,\"valueName\":\"search_term_string\"}}],\"inLanguage\":\"fr-FR\"},{\"@type\":\"Organization\",\"@id\":\"https:\\\/\\\/acninternational.org\\\/fr\\\/#organization\",\"name\":\"Aid to the Church in Need International\",\"url\":\"https:\\\/\\\/acninternational.org\\\/fr\\\/\",\"logo\":{\"@type\":\"ImageObject\",\"inLanguage\":\"fr-FR\",\"@id\":\"https:\\\/\\\/acninternational.org\\\/fr\\\/#\\\/schema\\\/logo\\\/image\\\/\",\"url\":\"https:\\\/\\\/media.acninternational.org\\\/wp-content\\\/uploads\\\/2019\\\/11\\\/acn_logo_blackvector.svg\",\"contentUrl\":\"https:\\\/\\\/media.acninternational.org\\\/wp-content\\\/uploads\\\/2019\\\/11\\\/acn_logo_blackvector.svg\",\"width\":232.6,\"height\":78,\"caption\":\"Aid to the Church in Need International\"},\"image\":{\"@id\":\"https:\\\/\\\/acninternational.org\\\/fr\\\/#\\\/schema\\\/logo\\\/image\\\/\"},\"sameAs\":[\"https:\\\/\\\/www.facebook.com\\\/acninternationalorg\",\"https:\\\/\\\/x.com\\\/acn_int\",\"https:\\\/\\\/www.youtube.com\\\/channel\\\/UCQ-077gS0TnVzkhHmf1opZw\",\"https:\\\/\\\/www.instagram.com\\\/acn_international\\\/\"]},{\"@type\":\"Person\",\"@id\":\"https:\\\/\\\/acninternational.org\\\/fr\\\/#\\\/schema\\\/person\\\/5a2b2930ad4475e0aa0dade4e51d9474\",\"name\":\"Milena\",\"description\":\"Lorem ipsum dolor sit amet, consectetur adipiscing elit, sed do eiusmod tempor incididunt ut labore et dolore magna aliqua. Ut enim ad minim veniam, quis nostrud exercitation ullamco laboris nisi ut aliquip ex ea commodo consequat.\",\"url\":\"https:\\\/\\\/acninternational.org\\\/fr\\\/author\\\/milena\\\/\"}]}<\/script>\n<!-- \/ Yoast SEO Premium plugin. -->","yoast_head_json":{"title":"Ann\u00e9e de saint Joseph : A\u00c9D pr\u00e9sente des t\u00e9moignages du d\u00e9vouement au saint parmi les b\u00e9n\u00e9ficiaires de projets en Afrique, en Asie et en Am\u00e9rique latine | ACN International","description":"\u00c0 l\u2019occasion de la c\u00e9l\u00e9bration de l\u2019Ann\u00e9e de saint Joseph, convoqu\u00e9e par le pape Fran\u00e7ois, de d\u00e9cembre 2020 \u00e0 d\u00e9cembre 2021, la fondation pontificale Aide \u00e0 l\u2019\u00c9glise en d\u00e9tresse (A\u00c9D) a recueilli des r\u00e9flexions, t\u00e9moignages et miracles li\u00e9s \u00e0 ce saint aupr\u00e8s de b\u00e9n\u00e9ficiaires de projets dans diff\u00e9rentes parties du monde.","robots":{"index":"index","follow":"follow","max-snippet":"max-snippet:-1","max-image-preview":"max-image-preview:large","max-video-preview":"max-video-preview:-1"},"canonical":"https:\/\/acninternational.org\/fr\/year-of-saint-joseph-acn-presents-testimonies-of-devotion-to-saint-joseph-among-its-project-partners-in-africa-asia-and-latin-america\/","og_locale":"fr_FR","og_type":"article","og_title":"Ann\u00e9e de saint Joseph : A\u00c9D pr\u00e9sente des t\u00e9moignages du d\u00e9vouement au saint parmi les b\u00e9n\u00e9ficiaires de projets en Afrique, en Asie et en Am\u00e9rique latine","og_description":"\u00c0 l\u2019occasion de la c\u00e9l\u00e9bration de l\u2019Ann\u00e9e de saint Joseph, convoqu\u00e9e par le pape Fran\u00e7ois, de d\u00e9cembre 2020 \u00e0 d\u00e9cembre 2021, la fondation pontificale Aide \u00e0 l\u2019\u00c9glise en d\u00e9tresse (A\u00c9D) a recueilli des r\u00e9flexions, t\u00e9moignages et miracles li\u00e9s \u00e0 ce saint aupr\u00e8s de b\u00e9n\u00e9ficiaires de projets dans diff\u00e9rentes parties du monde.","og_url":"https:\/\/acninternational.org\/fr\/year-of-saint-joseph-acn-presents-testimonies-of-devotion-to-saint-joseph-among-its-project-partners-in-africa-asia-and-latin-america\/","og_site_name":"ACN International","article_publisher":"https:\/\/www.facebook.com\/acninternationalorg","article_published_time":"2021-08-16T10:44:23+00:00","article_modified_time":"2021-08-31T12:44:21+00:00","og_image":[{"width":2000,"height":625,"url":"https:\/\/media.acninternational.org\/wp-content\/uploads\/2021\/08\/acn-news_Year-of-Saint-Joseph-1.jpg","type":"image\/jpeg"}],"author":"Milena","twitter_card":"summary_large_image","twitter_creator":"@acn_int","twitter_site":"@acn_int","twitter_misc":{"\u00c9crit par":"Milena","Dur\u00e9e de lecture estim\u00e9e":"6 minutes"},"schema":{"@context":"https:\/\/schema.org","@graph":[{"@type":"Article","@id":"https:\/\/acninternational.org\/fr\/year-of-saint-joseph-acn-presents-testimonies-of-devotion-to-saint-joseph-among-its-project-partners-in-africa-asia-and-latin-america\/#article","isPartOf":{"@id":"https:\/\/acninternational.org\/fr\/year-of-saint-joseph-acn-presents-testimonies-of-devotion-to-saint-joseph-among-its-project-partners-in-africa-asia-and-latin-america\/"},"author":{"name":"Milena","@id":"https:\/\/acninternational.org\/fr\/#\/schema\/person\/5a2b2930ad4475e0aa0dade4e51d9474"},"headline":"Ann\u00e9e de saint Joseph : A\u00c9D pr\u00e9sente des t\u00e9moignages du d\u00e9vouement au saint parmi les b\u00e9n\u00e9ficiaires de projets en Afrique, en Asie et en Am\u00e9rique latine","datePublished":"2021-08-16T10:44:23+00:00","dateModified":"2021-08-31T12:44:21+00:00","mainEntityOfPage":{"@id":"https:\/\/acninternational.org\/fr\/year-of-saint-joseph-acn-presents-testimonies-of-devotion-to-saint-joseph-among-its-project-partners-in-africa-asia-and-latin-america\/"},"wordCount":1267,"publisher":{"@id":"https:\/\/acninternational.org\/fr\/#organization"},"image":{"@id":"https:\/\/acninternational.org\/fr\/year-of-saint-joseph-acn-presents-testimonies-of-devotion-to-saint-joseph-among-its-project-partners-in-africa-asia-and-latin-america\/#primaryimage"},"thumbnailUrl":"https:\/\/media.acninternational.org\/wp-content\/uploads\/2021\/08\/acn-news_Year-of-Saint-Joseph-1.jpg","articleSection":["Nouvelle"],"inLanguage":"fr-FR"},{"@type":"WebPage","@id":"https:\/\/acninternational.org\/fr\/year-of-saint-joseph-acn-presents-testimonies-of-devotion-to-saint-joseph-among-its-project-partners-in-africa-asia-and-latin-america\/","url":"https:\/\/acninternational.org\/fr\/year-of-saint-joseph-acn-presents-testimonies-of-devotion-to-saint-joseph-among-its-project-partners-in-africa-asia-and-latin-america\/","name":"Ann\u00e9e de saint Joseph : A\u00c9D pr\u00e9sente des t\u00e9moignages du d\u00e9vouement au saint parmi les b\u00e9n\u00e9ficiaires de projets en Afrique, en Asie et en Am\u00e9rique latine | ACN International","isPartOf":{"@id":"https:\/\/acninternational.org\/fr\/#website"},"primaryImageOfPage":{"@id":"https:\/\/acninternational.org\/fr\/year-of-saint-joseph-acn-presents-testimonies-of-devotion-to-saint-joseph-among-its-project-partners-in-africa-asia-and-latin-america\/#primaryimage"},"image":{"@id":"https:\/\/acninternational.org\/fr\/year-of-saint-joseph-acn-presents-testimonies-of-devotion-to-saint-joseph-among-its-project-partners-in-africa-asia-and-latin-america\/#primaryimage"},"thumbnailUrl":"https:\/\/media.acninternational.org\/wp-content\/uploads\/2021\/08\/acn-news_Year-of-Saint-Joseph-1.jpg","datePublished":"2021-08-16T10:44:23+00:00","dateModified":"2021-08-31T12:44:21+00:00","description":"\u00c0 l\u2019occasion de la c\u00e9l\u00e9bration de l\u2019Ann\u00e9e de saint Joseph, convoqu\u00e9e par le pape Fran\u00e7ois, de d\u00e9cembre 2020 \u00e0 d\u00e9cembre 2021, la fondation pontificale Aide \u00e0 l\u2019\u00c9glise en d\u00e9tresse (A\u00c9D) a recueilli des r\u00e9flexions, t\u00e9moignages et miracles li\u00e9s \u00e0 ce saint aupr\u00e8s de b\u00e9n\u00e9ficiaires de projets dans diff\u00e9rentes parties du monde.","breadcrumb":{"@id":"https:\/\/acninternational.org\/fr\/year-of-saint-joseph-acn-presents-testimonies-of-devotion-to-saint-joseph-among-its-project-partners-in-africa-asia-and-latin-america\/#breadcrumb"},"inLanguage":"fr-FR","potentialAction":[{"@type":"ReadAction","target":["https:\/\/acninternational.org\/fr\/year-of-saint-joseph-acn-presents-testimonies-of-devotion-to-saint-joseph-among-its-project-partners-in-africa-asia-and-latin-america\/"]}]},{"@type":"ImageObject","inLanguage":"fr-FR","@id":"https:\/\/acninternational.org\/fr\/year-of-saint-joseph-acn-presents-testimonies-of-devotion-to-saint-joseph-among-its-project-partners-in-africa-asia-and-latin-america\/#primaryimage","url":"https:\/\/media.acninternational.org\/wp-content\/uploads\/2021\/08\/acn-news_Year-of-Saint-Joseph-1.jpg","contentUrl":"https:\/\/media.acninternational.org\/wp-content\/uploads\/2021\/08\/acn-news_Year-of-Saint-Joseph-1.jpg","width":2000,"height":625},{"@type":"BreadcrumbList","@id":"https:\/\/acninternational.org\/fr\/year-of-saint-joseph-acn-presents-testimonies-of-devotion-to-saint-joseph-among-its-project-partners-in-africa-asia-and-latin-america\/#breadcrumb","itemListElement":[{"@type":"ListItem","position":1,"name":"Home","item":"https:\/\/acninternational.org\/fr\/"},{"@type":"ListItem","position":2,"name":"Nouvelle","item":"https:\/\/acninternational.org\/fr\/category\/nouvelle\/"},{"@type":"ListItem","position":3,"name":"Ann\u00e9e de saint Joseph : A\u00c9D pr\u00e9sente des t\u00e9moignages du d\u00e9vouement au saint parmi les b\u00e9n\u00e9ficiaires de projets en Afrique, en Asie et en Am\u00e9rique latine"}]},{"@type":"WebSite","@id":"https:\/\/acninternational.org\/fr\/#website","url":"https:\/\/acninternational.org\/fr\/","name":"ACN International","description":"","publisher":{"@id":"https:\/\/acninternational.org\/fr\/#organization"},"potentialAction":[{"@type":"SearchAction","target":{"@type":"EntryPoint","urlTemplate":"https:\/\/acninternational.org\/fr\/?s={search_term_string}"},"query-input":{"@type":"PropertyValueSpecification","valueRequired":true,"valueName":"search_term_string"}}],"inLanguage":"fr-FR"},{"@type":"Organization","@id":"https:\/\/acninternational.org\/fr\/#organization","name":"Aid to the Church in Need International","url":"https:\/\/acninternational.org\/fr\/","logo":{"@type":"ImageObject","inLanguage":"fr-FR","@id":"https:\/\/acninternational.org\/fr\/#\/schema\/logo\/image\/","url":"https:\/\/media.acninternational.org\/wp-content\/uploads\/2019\/11\/acn_logo_blackvector.svg","contentUrl":"https:\/\/media.acninternational.org\/wp-content\/uploads\/2019\/11\/acn_logo_blackvector.svg","width":232.6,"height":78,"caption":"Aid to the Church in Need International"},"image":{"@id":"https:\/\/acninternational.org\/fr\/#\/schema\/logo\/image\/"},"sameAs":["https:\/\/www.facebook.com\/acninternationalorg","https:\/\/x.com\/acn_int","https:\/\/www.youtube.com\/channel\/UCQ-077gS0TnVzkhHmf1opZw","https:\/\/www.instagram.com\/acn_international\/"]},{"@type":"Person","@id":"https:\/\/acninternational.org\/fr\/#\/schema\/person\/5a2b2930ad4475e0aa0dade4e51d9474","name":"Milena","description":"Lorem ipsum dolor sit amet, consectetur adipiscing elit, sed do eiusmod tempor incididunt ut labore et dolore magna aliqua. Ut enim ad minim veniam, quis nostrud exercitation ullamco laboris nisi ut aliquip ex ea commodo consequat.","url":"https:\/\/acninternational.org\/fr\/author\/milena\/"}]}},"_links":{"self":[{"href":"https:\/\/acninternational.org\/fr\/wp-json\/wp\/v2\/posts\/158870","targetHints":{"allow":["GET"]}}],"collection":[{"href":"https:\/\/acninternational.org\/fr\/wp-json\/wp\/v2\/posts"}],"about":[{"href":"https:\/\/acninternational.org\/fr\/wp-json\/wp\/v2\/types\/post"}],"author":[{"embeddable":true,"href":"https:\/\/acninternational.org\/fr\/wp-json\/wp\/v2\/users\/66"}],"replies":[{"embeddable":true,"href":"https:\/\/acninternational.org\/fr\/wp-json\/wp\/v2\/comments?post=158870"}],"version-history":[{"count":0,"href":"https:\/\/acninternational.org\/fr\/wp-json\/wp\/v2\/posts\/158870\/revisions"}],"wp:featuredmedia":[{"embeddable":true,"href":"https:\/\/acninternational.org\/fr\/wp-json\/wp\/v2\/media\/157982"}],"wp:attachment":[{"href":"https:\/\/acninternational.org\/fr\/wp-json\/wp\/v2\/media?parent=158870"}],"wp:term":[{"taxonomy":"category","embeddable":true,"href":"https:\/\/acninternational.org\/fr\/wp-json\/wp\/v2\/categories?post=158870"},{"taxonomy":"post_tag","embeddable":true,"href":"https:\/\/acninternational.org\/fr\/wp-json\/wp\/v2\/tags?post=158870"},{"taxonomy":"country","embeddable":true,"href":"https:\/\/acninternational.org\/fr\/wp-json\/wp\/v2\/country?post=158870"}],"curies":[{"name":"wp","href":"https:\/\/api.w.org\/{rel}","templated":true}]}}