{"id":157297,"date":"2021-08-04T10:50:20","date_gmt":"2021-08-04T08:50:20","guid":{"rendered":"https:\/\/acninternational.org\/?p=157297"},"modified":"2021-08-04T11:06:25","modified_gmt":"2021-08-04T09:06:25","slug":"beyrouth-nous-etions-parmi-les-morts-et-nous-avons-vecu-la-resurrection","status":"publish","type":"post","link":"https:\/\/acninternational.org\/fr\/beyrouth-nous-etions-parmi-les-morts-et-nous-avons-vecu-la-resurrection\/","title":{"rendered":"Beyrouth\u00a0: \u00ab\u00a0Nous \u00e9tions parmi les morts, et nous avons v\u00e9cu la r\u00e9surrection\u00a0\u00bb\u00a0"},"content":{"rendered":"<p><strong><em>Un p\u00e8re libanais s&rsquo;arr\u00eate pour se souvenir d&rsquo;un moment d\u00e9cisif pour son pays.<\/em><\/strong><\/p>\n<p>Beyrouth, Liban \u2014 Il y a exactement 12 mois, le P\u00e8re Marwan Mouawad, 46 ans, c\u00e9l\u00e9brait la messe devant une petite assembl\u00e9e de 10 personnes dans un quartier pauvre de Beyrouth, lorsqu\u2019il a senti l\u2019\u00e9glise faire un bond. Il y a eu une coupure de courant, et un tremblement de terre a \u00e9t\u00e9 soup\u00e7onn\u00e9. Les chants se sont interrompus.<\/p>\n<p>Quelques secondes plus tard, l\u2019une des plus fortes explosions non nucl\u00e9aires jamais enregistr\u00e9es a d\u00e9chir\u00e9 l\u2019\u00e9glise. Cet instant, enregistr\u00e9 dans une vid\u00e9o devenue virale que trois millions de personnes ont vue, allait changer le destin du Liban, pays le plus diversifi\u00e9 du Proche-Orient sur le plan religieux. Un entrep\u00f4t abandonn\u00e9 contenant du nitrate d\u2019ammonium, dans le principal port du pays, avait pris feu et explos\u00e9 \u00e0 seulement trois kilom\u00e8tres de l\u2019\u00e9glise du P\u00e8re Mouawad.<\/p>\n<p>\u00ab Nous avons regard\u00e9 le plafond, et nous avons pens\u00e9 que la toiture allait nous tomber dessus. \u00c0 ce moment-l\u00e0, nous pensions que nous allions perdre la vie. C\u2019est la gr\u00e2ce divine qui nous a sauv\u00e9s\u00a0: c\u2019\u00e9tait un signe de Dieu si nous n\u2019avions pas eu la permission d\u2019ouvrir l\u2019\u00e9glise au public ces jours-ci \u00e0 cause du COVID-19 \u00bb, dit-il. La pand\u00e9mie faisant rage, le P\u00e8re Mouawad avait pr\u00e9f\u00e9r\u00e9 diffuser chaque jour la messe en direct \u00e0 un public d\u2019environ 60 \u00e0 70 personnes. Personne n\u2019est mort dans l\u2019\u00e9glise ce jour-l\u00e0, m\u00eame si une religieuse \u00e2g\u00e9e a \u00e9t\u00e9 gri\u00e8vement bless\u00e9e \u00e0 la t\u00eate.<\/p>\n<p>https:\/\/www.youtube.com\/watch?v=LU6GJQlxVEs<\/p>\n<p>\u00ab Apr\u00e8s l\u2019explosion, nous avons quitt\u00e9 l\u2019\u00e9glise et vu des vitres bris\u00e9es partout. Nous avons d\u00fb d\u00e9placer des d\u00e9bris pour pouvoir marcher dans la rue. C\u2019\u00e9tait comme une sc\u00e8ne de guerre. Il y avait des bless\u00e9s dans la rue\u00a0\u00bb. L\u2019h\u00f4pital local ayant \u00e9t\u00e9 submerg\u00e9 de patients, ils ont d\u00fb retourner \u00e0 l\u2019\u00e9glise pour soigner la s\u0153ur, qui est maintenant en voie de r\u00e9tablissement. L\u2019explosion a fait plus de 200 morts et 15 milliards de dollars de d\u00e9g\u00e2ts, en particulier dans les quartiers \u00e0 majorit\u00e9 chr\u00e9tienne adjacents au port de Beyrouth.<\/p>\n<p>Cependant, l\u2019explosion a marqu\u00e9 un tournant pour un pays d\u00e9j\u00e0 en p\u00e9ril. \u00ab\u00a0Avant l\u2019explosion, j\u2019aidais 95 familles dans ma paroisse. Depuis l\u2019explosion, il y a maintenant 520 familles dans le besoin. Chaque jeudi, elles viennent dans mon \u00e9glise pour un repas chaud fourni par une \u00e9quipe de b\u00e9n\u00e9voles\u00a0\u00bb.<\/p>\n<p>\u00ab\u00a0Avant l\u2019explosion, certains de mes paroissiens venaient me donner de l\u2019argent pour nous aider \u00e0 acheter des colis alimentaires pour les pauvres. Depuis l\u2019explosion, certaines de ces m\u00eames personnes viennent d\u00e9sormais \u00e0 l\u2019\u00e9glise pour demander de l\u2019aide. P\u00e8re, disent-ils, s\u2019il vous pla\u00eet, pardonnez-nous, nous sommes dans le besoin\u00a0\u00bb.<\/p>\n<p>La crise a \u00e9galement eu un impact sur le clerg\u00e9, en particulier les nombreux membres du clerg\u00e9 libanais qui sont autoris\u00e9s \u00e0 se marier avant d\u2019entrer dans la pr\u00eatrise, en vertu de la tradition de l\u2019\u00c9glise catholique maronite.<\/p>\n<p>\u00ab\u00a0En tant que pr\u00eatre \u00e0 la t\u00eate d\u2019une famille, je suis \u00e9galement affect\u00e9 par la crise. Nous avons cess\u00e9 de manger de la viande, sauf une fois par semaine, lorsque nous mangeons du poulet. Nous avons r\u00e9duit notre consommation d\u2019\u00e9lectricit\u00e9 et n\u2019achetons des fruits qu\u2019une fois par semaine. Il ne s\u2019agit pas seulement d\u2019\u00eatre solidaire avec la population. Nous n\u2019avons vraiment plus d\u2019argent\u00a0\u00bb.<\/p>\n<p>Aid to the Church in Need (ACN), une Fondation pontificale qui travaille avec l\u2019\u00c9glise souffrante, soutient de nombreux pr\u00eatres du Liban au moyen d\u2019offrandes de messe, dans le but d\u2019aider les membres du clerg\u00e9 \u00e0 mieux soutenir leurs paroissiens qui d\u00e9pendent d\u2019eux. Dans le dioc\u00e8se d\u2019Ant\u00e9lias, ACN soutiendra 45 pr\u00eatres, dont le P\u00e8re Mouawad.<\/p>\n<figure id=\"attachment_157279\" aria-describedby=\"caption-attachment-157279\" style=\"width: 670px\" class=\"wp-caption alignnone\"><img loading=\"lazy\" decoding=\"async\" class=\"wp-image-157279 size-full\" src=\"https:\/\/media.acninternational.org\/wp-content\/uploads\/2021\/08\/Lebanon_Explosion_church2.jpg\" alt=\"Beyrouth\u00a0: \u00ab\u00a0Nous \u00e9tions parmi les morts, et nous avons v\u00e9cu la r\u00e9surrection\u00a0\u00bb\u00a0\" width=\"670\" height=\"400\" srcset=\"https:\/\/media.acninternational.org\/wp-content\/uploads\/2021\/08\/Lebanon_Explosion_church2.jpg 670w, https:\/\/media.acninternational.org\/wp-content\/uploads\/2021\/08\/Lebanon_Explosion_church2-300x179.jpg 300w\" sizes=\"auto, (max-width: 670px) 100vw, 670px\" \/><figcaption id=\"caption-attachment-157279\" class=\"wp-caption-text\">Beyrouth\u00a0: \u00ab\u00a0Nous \u00e9tions parmi les morts, et nous avons v\u00e9cu la r\u00e9surrection\u00a0\u00bb\u00a0<\/figcaption><\/figure>\n<p>En plus d\u2019essayer de soutenir les habitants de sa paroisse, le P\u00e8re Mouawad encourage ses paroissiens \u00e0 s\u2019\u00e9lever contre la corruption rampante qui a d\u00e9truit sa patrie\u00a0: \u00ab\u00a0Le Christ a toujours d\u00e9fendu la dignit\u00e9 de la personne. Il veut que nous remettions en question les gens qui ont corrompu ce pays, dont les politiciens\u00a0\u00bb.<\/p>\n<p>Aujourd\u2019hui, une grande partie des d\u00e9g\u00e2ts \u00e0 Beyrouth a \u00e9t\u00e9 r\u00e9par\u00e9e, y compris les nombreux b\u00e2timents eccl\u00e9siaux qui avaient \u00e9t\u00e9 d\u00e9truits dans l\u2019explosion. Cependant, la crise \u00e9conomique continue, et la plupart des gens disent qu\u2019ils n\u2019oublieront jamais.<\/p>\n<p>\u00ab Chaque fois que nous entrons dans l\u2019\u00e9glise, dit le P\u00e8re Mouawad, \u00ab\u00a0des souvenirs nous reviennent. Nous \u00e9tions parmi les morts, et nous avons v\u00e9cu la r\u00e9surrection\u00a0\u00bb.<\/p>\n<p style=\"text-align: right;\">Xavier Bisits<\/p>\n","protected":false},"excerpt":{"rendered":"<p>Un p\u00e8re libanais s&rsquo;arr\u00eate pour se souvenir d&rsquo;un moment d\u00e9cisif pour son pays. Beyrouth, Liban \u2014 Il y a exactement<\/p>\n","protected":false},"author":4258341447,"featured_media":157285,"comment_status":"closed","ping_status":"closed","sticky":false,"template":"","format":"status","meta":{"_acf_changed":false,"_acn_coauthor_ids":[],"footnotes":""},"categories":[921],"tags":[],"country":[847],"class_list":["post-157297","post","type-post","status-publish","format-status","has-post-thumbnail","hentry","category-projet","post_format-post-format-status","country-liban"],"acn_coauthors":[],"acf":[],"yoast_head":"<!-- This site is optimized with the Yoast SEO Premium plugin v27.3 (Yoast SEO v27.3) - https:\/\/yoast.com\/product\/yoast-seo-premium-wordpress\/ -->\n<title>Beyrouth\u00a0: \u00ab\u00a0Nous \u00e9tions parmi les morts, et nous avons v\u00e9cu la r\u00e9surrection\u00a0\u00bb\u00a0 | ACN International<\/title>\n<meta name=\"description\" content=\"Il y a exactement 12 mois, le P\u00e8re Marwan Mouawad, 46 ans, c\u00e9l\u00e9brait la messe devant une petite assembl\u00e9e de 10 personnes dans un quartier pauvre de Beyrouth, lorsqu\u2019il a senti l\u2019\u00e9glise faire un bond.\" \/>\n<meta name=\"robots\" content=\"index, follow, max-snippet:-1, max-image-preview:large, max-video-preview:-1\" \/>\n<link rel=\"canonical\" href=\"https:\/\/acninternational.org\/fr\/beyrouth-nous-etions-parmi-les-morts-et-nous-avons-vecu-la-resurrection\/\" \/>\n<meta property=\"og:locale\" content=\"fr_FR\" \/>\n<meta property=\"og:type\" content=\"article\" \/>\n<meta property=\"og:title\" content=\"Beyrouth\u00a0: \u00ab\u00a0Nous \u00e9tions parmi les morts, et nous avons v\u00e9cu la r\u00e9surrection\u00a0\u00bb\u00a0\" \/>\n<meta property=\"og:description\" content=\"Il y a exactement 12 mois, le P\u00e8re Marwan Mouawad, 46 ans, c\u00e9l\u00e9brait la messe devant une petite assembl\u00e9e de 10 personnes dans un quartier pauvre de Beyrouth, lorsqu\u2019il a senti l\u2019\u00e9glise faire un bond.\" \/>\n<meta property=\"og:url\" content=\"https:\/\/acninternational.org\/fr\/beyrouth-nous-etions-parmi-les-morts-et-nous-avons-vecu-la-resurrection\/\" \/>\n<meta property=\"og:site_name\" content=\"ACN International\" \/>\n<meta property=\"article:publisher\" content=\"https:\/\/www.facebook.com\/acninternationalorg\" \/>\n<meta property=\"article:published_time\" content=\"2021-08-04T08:50:20+00:00\" \/>\n<meta property=\"article:modified_time\" content=\"2021-08-04T09:06:25+00:00\" \/>\n<meta property=\"og:image\" content=\"https:\/\/media.acninternational.org\/wp-content\/uploads\/2021\/08\/Lebanon_Explosion_church.jpg\" \/>\n\t<meta property=\"og:image:width\" content=\"1400\" \/>\n\t<meta property=\"og:image:height\" content=\"438\" \/>\n\t<meta property=\"og:image:type\" content=\"image\/jpeg\" \/>\n<meta name=\"author\" content=\"ACN Press Team\" \/>\n<meta name=\"twitter:card\" content=\"summary_large_image\" \/>\n<meta name=\"twitter:creator\" content=\"@acn_int\" \/>\n<meta name=\"twitter:site\" content=\"@acn_int\" \/>\n<meta name=\"twitter:label1\" content=\"\u00c9crit par\" \/>\n\t<meta name=\"twitter:data1\" content=\"ACN Press Team\" \/>\n\t<meta name=\"twitter:label2\" content=\"Dur\u00e9e de lecture estim\u00e9e\" \/>\n\t<meta name=\"twitter:data2\" content=\"4 minutes\" \/>\n<script type=\"application\/ld+json\" class=\"yoast-schema-graph\">{\"@context\":\"https:\\\/\\\/schema.org\",\"@graph\":[{\"@type\":\"Article\",\"@id\":\"https:\\\/\\\/acninternational.org\\\/fr\\\/beyrouth-nous-etions-parmi-les-morts-et-nous-avons-vecu-la-resurrection\\\/#article\",\"isPartOf\":{\"@id\":\"https:\\\/\\\/acninternational.org\\\/fr\\\/beyrouth-nous-etions-parmi-les-morts-et-nous-avons-vecu-la-resurrection\\\/\"},\"author\":{\"name\":\"ACN Press Team\",\"@id\":\"https:\\\/\\\/acninternational.org\\\/fr\\\/#\\\/schema\\\/person\\\/7f3dafb236b242fb2aa46be1411fd703\"},\"headline\":\"Beyrouth\u00a0: \u00ab\u00a0Nous \u00e9tions parmi les morts, et nous avons v\u00e9cu la r\u00e9surrection\u00a0\u00bb\u00a0\",\"datePublished\":\"2021-08-04T08:50:20+00:00\",\"dateModified\":\"2021-08-04T09:06:25+00:00\",\"mainEntityOfPage\":{\"@id\":\"https:\\\/\\\/acninternational.org\\\/fr\\\/beyrouth-nous-etions-parmi-les-morts-et-nous-avons-vecu-la-resurrection\\\/\"},\"wordCount\":847,\"publisher\":{\"@id\":\"https:\\\/\\\/acninternational.org\\\/fr\\\/#organization\"},\"image\":{\"@id\":\"https:\\\/\\\/acninternational.org\\\/fr\\\/beyrouth-nous-etions-parmi-les-morts-et-nous-avons-vecu-la-resurrection\\\/#primaryimage\"},\"thumbnailUrl\":\"https:\\\/\\\/media.acninternational.org\\\/wp-content\\\/uploads\\\/2021\\\/08\\\/Lebanon_Explosion_church.jpg\",\"articleSection\":[\"Projet\"],\"inLanguage\":\"fr-FR\"},{\"@type\":\"WebPage\",\"@id\":\"https:\\\/\\\/acninternational.org\\\/fr\\\/beyrouth-nous-etions-parmi-les-morts-et-nous-avons-vecu-la-resurrection\\\/\",\"url\":\"https:\\\/\\\/acninternational.org\\\/fr\\\/beyrouth-nous-etions-parmi-les-morts-et-nous-avons-vecu-la-resurrection\\\/\",\"name\":\"Beyrouth\u00a0: \u00ab\u00a0Nous \u00e9tions parmi les morts, et nous avons v\u00e9cu la r\u00e9surrection\u00a0\u00bb\u00a0 | ACN International\",\"isPartOf\":{\"@id\":\"https:\\\/\\\/acninternational.org\\\/fr\\\/#website\"},\"primaryImageOfPage\":{\"@id\":\"https:\\\/\\\/acninternational.org\\\/fr\\\/beyrouth-nous-etions-parmi-les-morts-et-nous-avons-vecu-la-resurrection\\\/#primaryimage\"},\"image\":{\"@id\":\"https:\\\/\\\/acninternational.org\\\/fr\\\/beyrouth-nous-etions-parmi-les-morts-et-nous-avons-vecu-la-resurrection\\\/#primaryimage\"},\"thumbnailUrl\":\"https:\\\/\\\/media.acninternational.org\\\/wp-content\\\/uploads\\\/2021\\\/08\\\/Lebanon_Explosion_church.jpg\",\"datePublished\":\"2021-08-04T08:50:20+00:00\",\"dateModified\":\"2021-08-04T09:06:25+00:00\",\"description\":\"Il y a exactement 12 mois, le P\u00e8re Marwan Mouawad, 46 ans, c\u00e9l\u00e9brait la messe devant une petite assembl\u00e9e de 10 personnes dans un quartier pauvre de Beyrouth, lorsqu\u2019il a senti l\u2019\u00e9glise faire un bond.\",\"breadcrumb\":{\"@id\":\"https:\\\/\\\/acninternational.org\\\/fr\\\/beyrouth-nous-etions-parmi-les-morts-et-nous-avons-vecu-la-resurrection\\\/#breadcrumb\"},\"inLanguage\":\"fr-FR\",\"potentialAction\":[{\"@type\":\"ReadAction\",\"target\":[\"https:\\\/\\\/acninternational.org\\\/fr\\\/beyrouth-nous-etions-parmi-les-morts-et-nous-avons-vecu-la-resurrection\\\/\"]}]},{\"@type\":\"ImageObject\",\"inLanguage\":\"fr-FR\",\"@id\":\"https:\\\/\\\/acninternational.org\\\/fr\\\/beyrouth-nous-etions-parmi-les-morts-et-nous-avons-vecu-la-resurrection\\\/#primaryimage\",\"url\":\"https:\\\/\\\/media.acninternational.org\\\/wp-content\\\/uploads\\\/2021\\\/08\\\/Lebanon_Explosion_church.jpg\",\"contentUrl\":\"https:\\\/\\\/media.acninternational.org\\\/wp-content\\\/uploads\\\/2021\\\/08\\\/Lebanon_Explosion_church.jpg\",\"width\":1400,\"height\":438},{\"@type\":\"BreadcrumbList\",\"@id\":\"https:\\\/\\\/acninternational.org\\\/fr\\\/beyrouth-nous-etions-parmi-les-morts-et-nous-avons-vecu-la-resurrection\\\/#breadcrumb\",\"itemListElement\":[{\"@type\":\"ListItem\",\"position\":1,\"name\":\"Home\",\"item\":\"https:\\\/\\\/acninternational.org\\\/fr\\\/\"},{\"@type\":\"ListItem\",\"position\":2,\"name\":\"PROJECTS\",\"item\":\"https:\\\/\\\/acninternational.org\\\/fr\\\/category\\\/projects-fr\\\/\"},{\"@type\":\"ListItem\",\"position\":3,\"name\":\"Beyrouth\u00a0: \u00ab\u00a0Nous \u00e9tions parmi les morts, et nous avons v\u00e9cu la r\u00e9surrection\u00a0\u00bb\u00a0\"}]},{\"@type\":\"WebSite\",\"@id\":\"https:\\\/\\\/acninternational.org\\\/fr\\\/#website\",\"url\":\"https:\\\/\\\/acninternational.org\\\/fr\\\/\",\"name\":\"ACN International\",\"description\":\"\",\"publisher\":{\"@id\":\"https:\\\/\\\/acninternational.org\\\/fr\\\/#organization\"},\"potentialAction\":[{\"@type\":\"SearchAction\",\"target\":{\"@type\":\"EntryPoint\",\"urlTemplate\":\"https:\\\/\\\/acninternational.org\\\/fr\\\/?s={search_term_string}\"},\"query-input\":{\"@type\":\"PropertyValueSpecification\",\"valueRequired\":true,\"valueName\":\"search_term_string\"}}],\"inLanguage\":\"fr-FR\"},{\"@type\":\"Organization\",\"@id\":\"https:\\\/\\\/acninternational.org\\\/fr\\\/#organization\",\"name\":\"Aid to the Church in Need International\",\"url\":\"https:\\\/\\\/acninternational.org\\\/fr\\\/\",\"logo\":{\"@type\":\"ImageObject\",\"inLanguage\":\"fr-FR\",\"@id\":\"https:\\\/\\\/acninternational.org\\\/fr\\\/#\\\/schema\\\/logo\\\/image\\\/\",\"url\":\"https:\\\/\\\/media.acninternational.org\\\/wp-content\\\/uploads\\\/2019\\\/11\\\/acn_logo_blackvector.svg\",\"contentUrl\":\"https:\\\/\\\/media.acninternational.org\\\/wp-content\\\/uploads\\\/2019\\\/11\\\/acn_logo_blackvector.svg\",\"width\":232.6,\"height\":78,\"caption\":\"Aid to the Church in Need International\"},\"image\":{\"@id\":\"https:\\\/\\\/acninternational.org\\\/fr\\\/#\\\/schema\\\/logo\\\/image\\\/\"},\"sameAs\":[\"https:\\\/\\\/www.facebook.com\\\/acninternationalorg\",\"https:\\\/\\\/x.com\\\/acn_int\",\"https:\\\/\\\/www.youtube.com\\\/channel\\\/UCQ-077gS0TnVzkhHmf1opZw\",\"https:\\\/\\\/www.instagram.com\\\/acn_international\\\/\"]},{\"@type\":\"Person\",\"@id\":\"https:\\\/\\\/acninternational.org\\\/fr\\\/#\\\/schema\\\/person\\\/7f3dafb236b242fb2aa46be1411fd703\",\"name\":\"ACN Press Team\",\"description\":\"Lorem ipsum dolor sit amet, consectetur adipiscing elit, sed do eiusmod tempor incididunt ut labore et dolore magna aliqua. Ut enim ad minim veniam, quis nostrud exercitation ullamco laboris nisi ut aliquip ex ea commodo consequat.\",\"url\":\"https:\\\/\\\/acninternational.org\\\/fr\\\/author\\\/acn-press-team\\\/\"}]}<\/script>\n<!-- \/ Yoast SEO Premium plugin. -->","yoast_head_json":{"title":"Beyrouth\u00a0: \u00ab\u00a0Nous \u00e9tions parmi les morts, et nous avons v\u00e9cu la r\u00e9surrection\u00a0\u00bb\u00a0 | ACN International","description":"Il y a exactement 12 mois, le P\u00e8re Marwan Mouawad, 46 ans, c\u00e9l\u00e9brait la messe devant une petite assembl\u00e9e de 10 personnes dans un quartier pauvre de Beyrouth, lorsqu\u2019il a senti l\u2019\u00e9glise faire un bond.","robots":{"index":"index","follow":"follow","max-snippet":"max-snippet:-1","max-image-preview":"max-image-preview:large","max-video-preview":"max-video-preview:-1"},"canonical":"https:\/\/acninternational.org\/fr\/beyrouth-nous-etions-parmi-les-morts-et-nous-avons-vecu-la-resurrection\/","og_locale":"fr_FR","og_type":"article","og_title":"Beyrouth\u00a0: \u00ab\u00a0Nous \u00e9tions parmi les morts, et nous avons v\u00e9cu la r\u00e9surrection\u00a0\u00bb\u00a0","og_description":"Il y a exactement 12 mois, le P\u00e8re Marwan Mouawad, 46 ans, c\u00e9l\u00e9brait la messe devant une petite assembl\u00e9e de 10 personnes dans un quartier pauvre de Beyrouth, lorsqu\u2019il a senti l\u2019\u00e9glise faire un bond.","og_url":"https:\/\/acninternational.org\/fr\/beyrouth-nous-etions-parmi-les-morts-et-nous-avons-vecu-la-resurrection\/","og_site_name":"ACN International","article_publisher":"https:\/\/www.facebook.com\/acninternationalorg","article_published_time":"2021-08-04T08:50:20+00:00","article_modified_time":"2021-08-04T09:06:25+00:00","og_image":[{"width":1400,"height":438,"url":"https:\/\/media.acninternational.org\/wp-content\/uploads\/2021\/08\/Lebanon_Explosion_church.jpg","type":"image\/jpeg"}],"author":"ACN Press Team","twitter_card":"summary_large_image","twitter_creator":"@acn_int","twitter_site":"@acn_int","twitter_misc":{"\u00c9crit par":"ACN Press Team","Dur\u00e9e de lecture estim\u00e9e":"4 minutes"},"schema":{"@context":"https:\/\/schema.org","@graph":[{"@type":"Article","@id":"https:\/\/acninternational.org\/fr\/beyrouth-nous-etions-parmi-les-morts-et-nous-avons-vecu-la-resurrection\/#article","isPartOf":{"@id":"https:\/\/acninternational.org\/fr\/beyrouth-nous-etions-parmi-les-morts-et-nous-avons-vecu-la-resurrection\/"},"author":{"name":"ACN Press Team","@id":"https:\/\/acninternational.org\/fr\/#\/schema\/person\/7f3dafb236b242fb2aa46be1411fd703"},"headline":"Beyrouth\u00a0: \u00ab\u00a0Nous \u00e9tions parmi les morts, et nous avons v\u00e9cu la r\u00e9surrection\u00a0\u00bb\u00a0","datePublished":"2021-08-04T08:50:20+00:00","dateModified":"2021-08-04T09:06:25+00:00","mainEntityOfPage":{"@id":"https:\/\/acninternational.org\/fr\/beyrouth-nous-etions-parmi-les-morts-et-nous-avons-vecu-la-resurrection\/"},"wordCount":847,"publisher":{"@id":"https:\/\/acninternational.org\/fr\/#organization"},"image":{"@id":"https:\/\/acninternational.org\/fr\/beyrouth-nous-etions-parmi-les-morts-et-nous-avons-vecu-la-resurrection\/#primaryimage"},"thumbnailUrl":"https:\/\/media.acninternational.org\/wp-content\/uploads\/2021\/08\/Lebanon_Explosion_church.jpg","articleSection":["Projet"],"inLanguage":"fr-FR"},{"@type":"WebPage","@id":"https:\/\/acninternational.org\/fr\/beyrouth-nous-etions-parmi-les-morts-et-nous-avons-vecu-la-resurrection\/","url":"https:\/\/acninternational.org\/fr\/beyrouth-nous-etions-parmi-les-morts-et-nous-avons-vecu-la-resurrection\/","name":"Beyrouth\u00a0: \u00ab\u00a0Nous \u00e9tions parmi les morts, et nous avons v\u00e9cu la r\u00e9surrection\u00a0\u00bb\u00a0 | ACN International","isPartOf":{"@id":"https:\/\/acninternational.org\/fr\/#website"},"primaryImageOfPage":{"@id":"https:\/\/acninternational.org\/fr\/beyrouth-nous-etions-parmi-les-morts-et-nous-avons-vecu-la-resurrection\/#primaryimage"},"image":{"@id":"https:\/\/acninternational.org\/fr\/beyrouth-nous-etions-parmi-les-morts-et-nous-avons-vecu-la-resurrection\/#primaryimage"},"thumbnailUrl":"https:\/\/media.acninternational.org\/wp-content\/uploads\/2021\/08\/Lebanon_Explosion_church.jpg","datePublished":"2021-08-04T08:50:20+00:00","dateModified":"2021-08-04T09:06:25+00:00","description":"Il y a exactement 12 mois, le P\u00e8re Marwan Mouawad, 46 ans, c\u00e9l\u00e9brait la messe devant une petite assembl\u00e9e de 10 personnes dans un quartier pauvre de Beyrouth, lorsqu\u2019il a senti l\u2019\u00e9glise faire un bond.","breadcrumb":{"@id":"https:\/\/acninternational.org\/fr\/beyrouth-nous-etions-parmi-les-morts-et-nous-avons-vecu-la-resurrection\/#breadcrumb"},"inLanguage":"fr-FR","potentialAction":[{"@type":"ReadAction","target":["https:\/\/acninternational.org\/fr\/beyrouth-nous-etions-parmi-les-morts-et-nous-avons-vecu-la-resurrection\/"]}]},{"@type":"ImageObject","inLanguage":"fr-FR","@id":"https:\/\/acninternational.org\/fr\/beyrouth-nous-etions-parmi-les-morts-et-nous-avons-vecu-la-resurrection\/#primaryimage","url":"https:\/\/media.acninternational.org\/wp-content\/uploads\/2021\/08\/Lebanon_Explosion_church.jpg","contentUrl":"https:\/\/media.acninternational.org\/wp-content\/uploads\/2021\/08\/Lebanon_Explosion_church.jpg","width":1400,"height":438},{"@type":"BreadcrumbList","@id":"https:\/\/acninternational.org\/fr\/beyrouth-nous-etions-parmi-les-morts-et-nous-avons-vecu-la-resurrection\/#breadcrumb","itemListElement":[{"@type":"ListItem","position":1,"name":"Home","item":"https:\/\/acninternational.org\/fr\/"},{"@type":"ListItem","position":2,"name":"PROJECTS","item":"https:\/\/acninternational.org\/fr\/category\/projects-fr\/"},{"@type":"ListItem","position":3,"name":"Beyrouth\u00a0: \u00ab\u00a0Nous \u00e9tions parmi les morts, et nous avons v\u00e9cu la r\u00e9surrection\u00a0\u00bb\u00a0"}]},{"@type":"WebSite","@id":"https:\/\/acninternational.org\/fr\/#website","url":"https:\/\/acninternational.org\/fr\/","name":"ACN International","description":"","publisher":{"@id":"https:\/\/acninternational.org\/fr\/#organization"},"potentialAction":[{"@type":"SearchAction","target":{"@type":"EntryPoint","urlTemplate":"https:\/\/acninternational.org\/fr\/?s={search_term_string}"},"query-input":{"@type":"PropertyValueSpecification","valueRequired":true,"valueName":"search_term_string"}}],"inLanguage":"fr-FR"},{"@type":"Organization","@id":"https:\/\/acninternational.org\/fr\/#organization","name":"Aid to the Church in Need International","url":"https:\/\/acninternational.org\/fr\/","logo":{"@type":"ImageObject","inLanguage":"fr-FR","@id":"https:\/\/acninternational.org\/fr\/#\/schema\/logo\/image\/","url":"https:\/\/media.acninternational.org\/wp-content\/uploads\/2019\/11\/acn_logo_blackvector.svg","contentUrl":"https:\/\/media.acninternational.org\/wp-content\/uploads\/2019\/11\/acn_logo_blackvector.svg","width":232.6,"height":78,"caption":"Aid to the Church in Need International"},"image":{"@id":"https:\/\/acninternational.org\/fr\/#\/schema\/logo\/image\/"},"sameAs":["https:\/\/www.facebook.com\/acninternationalorg","https:\/\/x.com\/acn_int","https:\/\/www.youtube.com\/channel\/UCQ-077gS0TnVzkhHmf1opZw","https:\/\/www.instagram.com\/acn_international\/"]},{"@type":"Person","@id":"https:\/\/acninternational.org\/fr\/#\/schema\/person\/7f3dafb236b242fb2aa46be1411fd703","name":"ACN Press Team","description":"Lorem ipsum dolor sit amet, consectetur adipiscing elit, sed do eiusmod tempor incididunt ut labore et dolore magna aliqua. Ut enim ad minim veniam, quis nostrud exercitation ullamco laboris nisi ut aliquip ex ea commodo consequat.","url":"https:\/\/acninternational.org\/fr\/author\/acn-press-team\/"}]}},"_links":{"self":[{"href":"https:\/\/acninternational.org\/fr\/wp-json\/wp\/v2\/posts\/157297","targetHints":{"allow":["GET"]}}],"collection":[{"href":"https:\/\/acninternational.org\/fr\/wp-json\/wp\/v2\/posts"}],"about":[{"href":"https:\/\/acninternational.org\/fr\/wp-json\/wp\/v2\/types\/post"}],"author":[{"embeddable":true,"href":"https:\/\/acninternational.org\/fr\/wp-json\/wp\/v2\/users\/4258341447"}],"replies":[{"embeddable":true,"href":"https:\/\/acninternational.org\/fr\/wp-json\/wp\/v2\/comments?post=157297"}],"version-history":[{"count":0,"href":"https:\/\/acninternational.org\/fr\/wp-json\/wp\/v2\/posts\/157297\/revisions"}],"wp:featuredmedia":[{"embeddable":true,"href":"https:\/\/acninternational.org\/fr\/wp-json\/wp\/v2\/media\/157285"}],"wp:attachment":[{"href":"https:\/\/acninternational.org\/fr\/wp-json\/wp\/v2\/media?parent=157297"}],"wp:term":[{"taxonomy":"category","embeddable":true,"href":"https:\/\/acninternational.org\/fr\/wp-json\/wp\/v2\/categories?post=157297"},{"taxonomy":"post_tag","embeddable":true,"href":"https:\/\/acninternational.org\/fr\/wp-json\/wp\/v2\/tags?post=157297"},{"taxonomy":"country","embeddable":true,"href":"https:\/\/acninternational.org\/fr\/wp-json\/wp\/v2\/country?post=157297"}],"curies":[{"name":"wp","href":"https:\/\/api.w.org\/{rel}","templated":true}]}}