{"id":156850,"date":"2021-07-22T11:37:05","date_gmt":"2021-07-22T09:37:05","guid":{"rendered":"https:\/\/acninternational.org\/?p=156850"},"modified":"2024-10-07T15:46:25","modified_gmt":"2024-10-07T13:46:25","slug":"que-la-tache-te-soit-facile-la-mission-des-salesiens-a-istanbul","status":"publish","type":"post","link":"https:\/\/acninternational.org\/fr\/que-la-tache-te-soit-facile-la-mission-des-salesiens-a-istanbul\/","title":{"rendered":"\u00ab\u00a0Que la t\u00e2che te soit facile\u00a0\u00bb \u2013 La mission des Sal\u00e9siens \u00e0 Istanbul"},"content":{"rendered":"<p>\u00ab\u00a0Kolay gelsin\u00a0\u00bb \u2013 \u00ab\u00a0Que la t\u00e2che te soit facile\u00a0\u00bb \u2013 est une expression qu\u2019on entend souvent dans les rues en Turquie. On le dit aux personnes qui effectuent des travaux lourds ou p\u00e9nibles pour leur souhaiter de porter leurs fardeaux avec plus de facilit\u00e9 et d&rsquo;\u00eatre soulag\u00e9es de leur poids. Pour le P\u00e8re Simon H\u00e4rting, un Sal\u00e9sien allemand, cette mani\u00e8re de saluer est profond\u00e9ment chr\u00e9tienne et r\u00e9sume bien le travail qu\u2019il accomplit \u00e0 Istanbul depuis maintenant trois ans.<\/p>\n<p>Lors de sa visite aupr\u00e8s de la fondation catholique internationale Aid to the Church in Need (ACN), le P\u00e8re Simon H\u00e4rting parle de Bomonti, un quartier traditionnellement chr\u00e9tien o\u00f9 vivent aujourd\u2019hui un grand nombre de familles immigr\u00e9es de diff\u00e9rentes cultures.<\/p>\n<p>Les Sal\u00e9siens de Don Bosco s\u2019investissent de diverses mani\u00e8res au sein du vicariat apostolique d\u2019Istanbul ; leur principal domaine d\u2019action est sans aucun doute le travail pastoral et \u00e9ducatif li\u00e9 \u00e0 l\u2019accompagnement spirituel des migrants et r\u00e9fugi\u00e9s de Bomonti. Pour la plupart d\u2019entre eux, la Turquie n\u2019est qu\u2019une escale avant leur \u00e9migration vers l\u2019Australie ou le Canada. \u00ab On parle beaucoup des r\u00e9fugi\u00e9s irakiens ou syriens, mais il y en a beaucoup plus, par exemple du Pakistan, du Nigeria, du Burkina Faso, du Mali ou de la C\u00f4te d\u2019Ivoire pour ne citer que quelques pays. Et ils restent pendant des ann\u00e9es. Parfois, ils attendent un visa pendant six ou sept ans\u00a0\u00bb, souligne le P\u00e8re Simon. C\u2019est pourquoi les Sal\u00e9siens se consacrent \u00e0 l\u2019\u00e9ducation des enfants de ces familles et dirigent une \u00e9cole accueillant plus de 400 \u00e9l\u00e8ves ainsi qu\u2019un petit centre de jeunesse pour 40 jeunes sur le campus Evrim de Bomonti.<\/p>\n<p>Une autre de leurs missions majeures est la pastorale des turcophones. Si Bomonti se trouvait autrefois \u00e0 la p\u00e9riph\u00e9rie de la ville, aujourd\u2019hui, c\u2019est ici que bat le c\u0153ur d\u2019Istanbul. Son \u00e9glise \u00ab\u00a0Notre Dame de Lourdes\u00a0\u00bb est la seule d\u2019Istanbul qui soit exclusivement d\u00e9di\u00e9e \u00e0 la communaut\u00e9 catholique de langue turque. Dans d\u2019autres paroisses, la langue turque vient apr\u00e8s le grec ou le fran\u00e7ais car Istanbul est une ville multiculturelle et multilingue.<\/p>\n<p>Avec sa population qui s\u2019est multipli\u00e9e par dix ces 50 derni\u00e8res ann\u00e9es,\u00a0Istanbul est une des villes ayant la plus grande population de jeunes en Europe. La paroisse \u00ab\u00a0Notre Dame de Lourdes\u00a0\u00bb pr\u00e9pare les enfants, adolescents et adultes \u00e0 la premi\u00e8re communion, \u00e0 la confirmation ou au mariage. \u00ab\u00a0Nous avons dans le vicariat d\u2019Istanbul une centaine de cat\u00e9chum\u00e8nes de nombreux pays, dont aussi des Turcs ou Iraniens. Il n\u2019est pas interdit ici de devenir chr\u00e9tien. L\u2019acceptation sociale varie selon les cas. Certains sont rejet\u00e9s par leur famille, d\u2019autres n\u2019ont aucun probl\u00e8me et parfois ce sont m\u00eame tous les membres d\u2019une famille qui d\u00e9cident de devenir chr\u00e9tiens\u00a0\u00bb, explique le P\u00e8re Simon.<\/p>\n<figure id=\"attachment_156833\" aria-describedby=\"caption-attachment-156833\" style=\"width: 670px\" class=\"wp-caption aligncenter\"><img loading=\"lazy\" decoding=\"async\" class=\"wp-image-156833 size-full\" src=\"https:\/\/media.acninternational.org\/wp-content\/uploads\/2021\/07\/Father-Simon-Harting.jpg\" alt=\"P\u00e8re Simon H\u00e4rting.\" width=\"670\" height=\"400\" srcset=\"https:\/\/media.acninternational.org\/wp-content\/uploads\/2021\/07\/Father-Simon-Harting.jpg 670w, https:\/\/media.acninternational.org\/wp-content\/uploads\/2021\/07\/Father-Simon-Harting-300x179.jpg 300w\" sizes=\"auto, (max-width: 670px) 100vw, 670px\" \/><figcaption id=\"caption-attachment-156833\" class=\"wp-caption-text\">P\u00e8re Simon H\u00e4rting.<\/figcaption><\/figure>\n<p>La paroisse ayant un besoin urgent de locaux pour la pastorale, les Sal\u00e9siens souhaitent, avec l\u2019aide des bienfaiteurs d\u2019ACN, construire un nouveau centre paroissial et social sur le terrain du campus Evrim. Ce nouveau centre devrait profiter \u00e0 tous, autochtones comme immigrants, et \u00e9galement servir aux \u00e9changes interculturels des jeunes du quartier.<\/p>\n<p>Beaucoup de ceux qui se tournent vers les Sal\u00e9siens ont v\u00e9cu des \u00e9v\u00e9nements difficiles et traumatisants et cherchent du r\u00e9confort. D\u2019autres encore vivent au sein de structures sociales fragiles. Mais le grand drame se produit souvent quand les migrants veulent quitter la Turquie parce qu\u2019ils n\u2019ont plus la patience d\u2019attendre un visa. \u00ab\u00a0Je suis catastroph\u00e9 quand apr\u00e8s la messe dominicale, ils viennent me voir pour me demander la b\u00e9n\u00e9diction de leur voyage. Je connais la destination de ce voyage et je sais qu\u2019il ne se termine pas toujours bien\u00a0\u00bb, d\u00e9clare le P\u00e8re Simon.<\/p>\n<p>De nombreux r\u00e9fugi\u00e9s portent de lourds fardeaux qu\u2019ils ont du mal \u00e0 supporter. \u00ab\u00a0Le nouveau centre a pour mission d\u2019\u00eatre pour eux un \u2018<em>Kolay gelsin\u2018<\/em>\u201a un soulagement, une b\u00e9n\u00e9diction\u00a0\u00bb, explique le P\u00e8re Simon. C\u2019est pourquoi cette expression inspire tant le Sal\u00e9sien\u00a0: \u00ab\u00a0Kolay gelsin\u00a0\u00bb \u2013 Que Dieu apporte le soulagement \u2013\u00a0\u00ab\u00a0C&rsquo;est notre vocation, apporter le soulagement les uns aux autres et le salut dans le monde pour tous. Apporter le salut et la gu\u00e9rison, voil\u00e0 ce que nous voulons r\u00e9aliser avec le nouveau centre sur le campus Evrim.<\/p>\n<p style=\"text-align: left;\">By <strong>Maria Lozano<\/strong>.<\/p>\n","protected":false},"excerpt":{"rendered":"<p>Ils g\u00e8rent une \u00e9cole pour plus de 400 enfants et un centre de jeunesse pour 40 adolescents sur le Campus Evrim.<\/p>\n","protected":false},"author":4258341447,"featured_media":156839,"comment_status":"closed","ping_status":"closed","sticky":false,"template":"","format":"standard","meta":{"_acf_changed":false,"_acn_coauthor_ids":[],"_acn_featured_article":false,"footnotes":""},"categories":[921],"tags":[],"country":[858],"class_list":["post-156850","post","type-post","status-publish","format-standard","has-post-thumbnail","hentry","category-projet","country-turquie"],"acn_coauthors":[],"acf":[],"yoast_head":"<!-- This site is optimized with the Yoast SEO Premium plugin v27.5 (Yoast SEO v27.5) - https:\/\/yoast.com\/product\/yoast-seo-premium-wordpress\/ -->\n<title>\u00ab\u00a0Que la t\u00e2che te soit facile\u00a0\u00bb \u2013 La mission des Sal\u00e9siens \u00e0 Istanbul | ACN International<\/title>\n<meta name=\"description\" content=\"Ils g\u00e8rent une \u00e9cole pour plus de 400 enfants et un centre de jeunesse pour 40 adolescents sur le Campus Evrim.\" \/>\n<meta name=\"robots\" content=\"index, follow, max-snippet:-1, max-image-preview:large, max-video-preview:-1\" \/>\n<link rel=\"canonical\" href=\"https:\/\/acninternational.org\/fr\/que-la-tache-te-soit-facile-la-mission-des-salesiens-a-istanbul\/\" \/>\n<meta property=\"og:locale\" content=\"fr_FR\" \/>\n<meta property=\"og:type\" content=\"article\" \/>\n<meta property=\"og:title\" content=\"\u00ab\u00a0Que la t\u00e2che te soit facile\u00a0\u00bb \u2013 La mission des Sal\u00e9siens \u00e0 Istanbul\" \/>\n<meta property=\"og:description\" content=\"Ils g\u00e8rent une \u00e9cole pour plus de 400 enfants et un centre de jeunesse pour 40 adolescents sur le Campus Evrim.\" \/>\n<meta property=\"og:url\" content=\"https:\/\/acninternational.org\/fr\/que-la-tache-te-soit-facile-la-mission-des-salesiens-a-istanbul\/\" \/>\n<meta property=\"og:site_name\" content=\"ACN International\" \/>\n<meta property=\"article:publisher\" content=\"https:\/\/www.facebook.com\/acninternationalorg\" \/>\n<meta property=\"article:published_time\" content=\"2021-07-22T09:37:05+00:00\" \/>\n<meta property=\"article:modified_time\" content=\"2024-10-07T13:46:25+00:00\" \/>\n<meta property=\"og:image\" content=\"https:\/\/media.acninternational.org\/wp-content\/uploads\/2021\/07\/Turkey.jpg\" \/>\n\t<meta property=\"og:image:width\" content=\"1400\" \/>\n\t<meta property=\"og:image:height\" content=\"438\" \/>\n\t<meta property=\"og:image:type\" content=\"image\/jpeg\" \/>\n<meta name=\"author\" content=\"ACN Press Team\" \/>\n<meta name=\"twitter:card\" content=\"summary_large_image\" \/>\n<meta name=\"twitter:creator\" content=\"@acn_int\" \/>\n<meta name=\"twitter:site\" content=\"@acn_int\" \/>\n<meta name=\"twitter:label1\" content=\"\u00c9crit par\" \/>\n\t<meta name=\"twitter:data1\" content=\"ACN Press Team\" \/>\n\t<meta name=\"twitter:label2\" content=\"Dur\u00e9e de lecture estim\u00e9e\" \/>\n\t<meta name=\"twitter:data2\" content=\"4 minutes\" \/>\n<script type=\"application\/ld+json\" class=\"yoast-schema-graph\">{\"@context\":\"https:\\\/\\\/schema.org\",\"@graph\":[{\"@type\":\"Article\",\"@id\":\"https:\\\/\\\/acninternational.org\\\/fr\\\/que-la-tache-te-soit-facile-la-mission-des-salesiens-a-istanbul\\\/#article\",\"isPartOf\":{\"@id\":\"https:\\\/\\\/acninternational.org\\\/fr\\\/que-la-tache-te-soit-facile-la-mission-des-salesiens-a-istanbul\\\/\"},\"author\":{\"name\":\"ACN Press Team\",\"@id\":\"https:\\\/\\\/acninternational.org\\\/fr\\\/#\\\/schema\\\/person\\\/7f3dafb236b242fb2aa46be1411fd703\"},\"headline\":\"\u00ab\u00a0Que la t\u00e2che te soit facile\u00a0\u00bb \u2013 La mission des Sal\u00e9siens \u00e0 Istanbul\",\"datePublished\":\"2021-07-22T09:37:05+00:00\",\"dateModified\":\"2024-10-07T13:46:25+00:00\",\"mainEntityOfPage\":{\"@id\":\"https:\\\/\\\/acninternational.org\\\/fr\\\/que-la-tache-te-soit-facile-la-mission-des-salesiens-a-istanbul\\\/\"},\"wordCount\":800,\"publisher\":{\"@id\":\"https:\\\/\\\/acninternational.org\\\/fr\\\/#organization\"},\"image\":{\"@id\":\"https:\\\/\\\/acninternational.org\\\/fr\\\/que-la-tache-te-soit-facile-la-mission-des-salesiens-a-istanbul\\\/#primaryimage\"},\"thumbnailUrl\":\"https:\\\/\\\/media.acninternational.org\\\/wp-content\\\/uploads\\\/2021\\\/07\\\/Turkey.jpg\",\"articleSection\":[\"Projet\"],\"inLanguage\":\"fr-FR\"},{\"@type\":\"WebPage\",\"@id\":\"https:\\\/\\\/acninternational.org\\\/fr\\\/que-la-tache-te-soit-facile-la-mission-des-salesiens-a-istanbul\\\/\",\"url\":\"https:\\\/\\\/acninternational.org\\\/fr\\\/que-la-tache-te-soit-facile-la-mission-des-salesiens-a-istanbul\\\/\",\"name\":\"\u00ab\u00a0Que la t\u00e2che te soit facile\u00a0\u00bb \u2013 La mission des Sal\u00e9siens \u00e0 Istanbul | ACN International\",\"isPartOf\":{\"@id\":\"https:\\\/\\\/acninternational.org\\\/fr\\\/#website\"},\"primaryImageOfPage\":{\"@id\":\"https:\\\/\\\/acninternational.org\\\/fr\\\/que-la-tache-te-soit-facile-la-mission-des-salesiens-a-istanbul\\\/#primaryimage\"},\"image\":{\"@id\":\"https:\\\/\\\/acninternational.org\\\/fr\\\/que-la-tache-te-soit-facile-la-mission-des-salesiens-a-istanbul\\\/#primaryimage\"},\"thumbnailUrl\":\"https:\\\/\\\/media.acninternational.org\\\/wp-content\\\/uploads\\\/2021\\\/07\\\/Turkey.jpg\",\"datePublished\":\"2021-07-22T09:37:05+00:00\",\"dateModified\":\"2024-10-07T13:46:25+00:00\",\"description\":\"Ils g\u00e8rent une \u00e9cole pour plus de 400 enfants et un centre de jeunesse pour 40 adolescents sur le Campus Evrim.\",\"breadcrumb\":{\"@id\":\"https:\\\/\\\/acninternational.org\\\/fr\\\/que-la-tache-te-soit-facile-la-mission-des-salesiens-a-istanbul\\\/#breadcrumb\"},\"inLanguage\":\"fr-FR\",\"potentialAction\":[{\"@type\":\"ReadAction\",\"target\":[\"https:\\\/\\\/acninternational.org\\\/fr\\\/que-la-tache-te-soit-facile-la-mission-des-salesiens-a-istanbul\\\/\"]}]},{\"@type\":\"ImageObject\",\"inLanguage\":\"fr-FR\",\"@id\":\"https:\\\/\\\/acninternational.org\\\/fr\\\/que-la-tache-te-soit-facile-la-mission-des-salesiens-a-istanbul\\\/#primaryimage\",\"url\":\"https:\\\/\\\/media.acninternational.org\\\/wp-content\\\/uploads\\\/2021\\\/07\\\/Turkey.jpg\",\"contentUrl\":\"https:\\\/\\\/media.acninternational.org\\\/wp-content\\\/uploads\\\/2021\\\/07\\\/Turkey.jpg\",\"width\":1400,\"height\":438},{\"@type\":\"BreadcrumbList\",\"@id\":\"https:\\\/\\\/acninternational.org\\\/fr\\\/que-la-tache-te-soit-facile-la-mission-des-salesiens-a-istanbul\\\/#breadcrumb\",\"itemListElement\":[{\"@type\":\"ListItem\",\"position\":1,\"name\":\"Home\",\"item\":\"https:\\\/\\\/acninternational.org\\\/fr\\\/\"},{\"@type\":\"ListItem\",\"position\":2,\"name\":\"Nouvelles\",\"item\":\"https:\\\/\\\/acninternational.org\\\/fr\\\/category\\\/news-fr\\\/\"},{\"@type\":\"ListItem\",\"position\":3,\"name\":\"\u00ab\u00a0Que la t\u00e2che te soit facile\u00a0\u00bb \u2013 La mission des Sal\u00e9siens \u00e0 Istanbul\"}]},{\"@type\":\"WebSite\",\"@id\":\"https:\\\/\\\/acninternational.org\\\/fr\\\/#website\",\"url\":\"https:\\\/\\\/acninternational.org\\\/fr\\\/\",\"name\":\"ACN International\",\"description\":\"\",\"publisher\":{\"@id\":\"https:\\\/\\\/acninternational.org\\\/fr\\\/#organization\"},\"potentialAction\":[{\"@type\":\"SearchAction\",\"target\":{\"@type\":\"EntryPoint\",\"urlTemplate\":\"https:\\\/\\\/acninternational.org\\\/fr\\\/?s={search_term_string}\"},\"query-input\":{\"@type\":\"PropertyValueSpecification\",\"valueRequired\":true,\"valueName\":\"search_term_string\"}}],\"inLanguage\":\"fr-FR\"},{\"@type\":\"Organization\",\"@id\":\"https:\\\/\\\/acninternational.org\\\/fr\\\/#organization\",\"name\":\"Aid to the Church in Need International\",\"url\":\"https:\\\/\\\/acninternational.org\\\/fr\\\/\",\"logo\":{\"@type\":\"ImageObject\",\"inLanguage\":\"fr-FR\",\"@id\":\"https:\\\/\\\/acninternational.org\\\/fr\\\/#\\\/schema\\\/logo\\\/image\\\/\",\"url\":\"https:\\\/\\\/media.acninternational.org\\\/wp-content\\\/uploads\\\/2019\\\/11\\\/acn_logo_blackvector.svg\",\"contentUrl\":\"https:\\\/\\\/media.acninternational.org\\\/wp-content\\\/uploads\\\/2019\\\/11\\\/acn_logo_blackvector.svg\",\"width\":232.6,\"height\":78,\"caption\":\"Aid to the Church in Need International\"},\"image\":{\"@id\":\"https:\\\/\\\/acninternational.org\\\/fr\\\/#\\\/schema\\\/logo\\\/image\\\/\"},\"sameAs\":[\"https:\\\/\\\/www.facebook.com\\\/acninternationalorg\",\"https:\\\/\\\/x.com\\\/acn_int\",\"https:\\\/\\\/www.youtube.com\\\/channel\\\/UCQ-077gS0TnVzkhHmf1opZw\",\"https:\\\/\\\/www.instagram.com\\\/acn_international\\\/\"]},{\"@type\":\"Person\",\"@id\":\"https:\\\/\\\/acninternational.org\\\/fr\\\/#\\\/schema\\\/person\\\/7f3dafb236b242fb2aa46be1411fd703\",\"name\":\"ACN Press Team\",\"description\":\"Lorem ipsum dolor sit amet, consectetur adipiscing elit, sed do eiusmod tempor incididunt ut labore et dolore magna aliqua. Ut enim ad minim veniam, quis nostrud exercitation ullamco laboris nisi ut aliquip ex ea commodo consequat.\",\"url\":\"https:\\\/\\\/acninternational.org\\\/fr\\\/author\\\/acn-press-team\\\/\"}]}<\/script>\n<!-- \/ Yoast SEO Premium plugin. -->","yoast_head_json":{"title":"\u00ab\u00a0Que la t\u00e2che te soit facile\u00a0\u00bb \u2013 La mission des Sal\u00e9siens \u00e0 Istanbul | ACN International","description":"Ils g\u00e8rent une \u00e9cole pour plus de 400 enfants et un centre de jeunesse pour 40 adolescents sur le Campus Evrim.","robots":{"index":"index","follow":"follow","max-snippet":"max-snippet:-1","max-image-preview":"max-image-preview:large","max-video-preview":"max-video-preview:-1"},"canonical":"https:\/\/acninternational.org\/fr\/que-la-tache-te-soit-facile-la-mission-des-salesiens-a-istanbul\/","og_locale":"fr_FR","og_type":"article","og_title":"\u00ab\u00a0Que la t\u00e2che te soit facile\u00a0\u00bb \u2013 La mission des Sal\u00e9siens \u00e0 Istanbul","og_description":"Ils g\u00e8rent une \u00e9cole pour plus de 400 enfants et un centre de jeunesse pour 40 adolescents sur le Campus Evrim.","og_url":"https:\/\/acninternational.org\/fr\/que-la-tache-te-soit-facile-la-mission-des-salesiens-a-istanbul\/","og_site_name":"ACN International","article_publisher":"https:\/\/www.facebook.com\/acninternationalorg","article_published_time":"2021-07-22T09:37:05+00:00","article_modified_time":"2024-10-07T13:46:25+00:00","og_image":[{"width":1400,"height":438,"url":"https:\/\/media.acninternational.org\/wp-content\/uploads\/2021\/07\/Turkey.jpg","type":"image\/jpeg"}],"author":"ACN Press Team","twitter_card":"summary_large_image","twitter_creator":"@acn_int","twitter_site":"@acn_int","twitter_misc":{"\u00c9crit par":"ACN Press Team","Dur\u00e9e de lecture estim\u00e9e":"4 minutes"},"schema":{"@context":"https:\/\/schema.org","@graph":[{"@type":"Article","@id":"https:\/\/acninternational.org\/fr\/que-la-tache-te-soit-facile-la-mission-des-salesiens-a-istanbul\/#article","isPartOf":{"@id":"https:\/\/acninternational.org\/fr\/que-la-tache-te-soit-facile-la-mission-des-salesiens-a-istanbul\/"},"author":{"name":"ACN Press Team","@id":"https:\/\/acninternational.org\/fr\/#\/schema\/person\/7f3dafb236b242fb2aa46be1411fd703"},"headline":"\u00ab\u00a0Que la t\u00e2che te soit facile\u00a0\u00bb \u2013 La mission des Sal\u00e9siens \u00e0 Istanbul","datePublished":"2021-07-22T09:37:05+00:00","dateModified":"2024-10-07T13:46:25+00:00","mainEntityOfPage":{"@id":"https:\/\/acninternational.org\/fr\/que-la-tache-te-soit-facile-la-mission-des-salesiens-a-istanbul\/"},"wordCount":800,"publisher":{"@id":"https:\/\/acninternational.org\/fr\/#organization"},"image":{"@id":"https:\/\/acninternational.org\/fr\/que-la-tache-te-soit-facile-la-mission-des-salesiens-a-istanbul\/#primaryimage"},"thumbnailUrl":"https:\/\/media.acninternational.org\/wp-content\/uploads\/2021\/07\/Turkey.jpg","articleSection":["Projet"],"inLanguage":"fr-FR"},{"@type":"WebPage","@id":"https:\/\/acninternational.org\/fr\/que-la-tache-te-soit-facile-la-mission-des-salesiens-a-istanbul\/","url":"https:\/\/acninternational.org\/fr\/que-la-tache-te-soit-facile-la-mission-des-salesiens-a-istanbul\/","name":"\u00ab\u00a0Que la t\u00e2che te soit facile\u00a0\u00bb \u2013 La mission des Sal\u00e9siens \u00e0 Istanbul | ACN International","isPartOf":{"@id":"https:\/\/acninternational.org\/fr\/#website"},"primaryImageOfPage":{"@id":"https:\/\/acninternational.org\/fr\/que-la-tache-te-soit-facile-la-mission-des-salesiens-a-istanbul\/#primaryimage"},"image":{"@id":"https:\/\/acninternational.org\/fr\/que-la-tache-te-soit-facile-la-mission-des-salesiens-a-istanbul\/#primaryimage"},"thumbnailUrl":"https:\/\/media.acninternational.org\/wp-content\/uploads\/2021\/07\/Turkey.jpg","datePublished":"2021-07-22T09:37:05+00:00","dateModified":"2024-10-07T13:46:25+00:00","description":"Ils g\u00e8rent une \u00e9cole pour plus de 400 enfants et un centre de jeunesse pour 40 adolescents sur le Campus Evrim.","breadcrumb":{"@id":"https:\/\/acninternational.org\/fr\/que-la-tache-te-soit-facile-la-mission-des-salesiens-a-istanbul\/#breadcrumb"},"inLanguage":"fr-FR","potentialAction":[{"@type":"ReadAction","target":["https:\/\/acninternational.org\/fr\/que-la-tache-te-soit-facile-la-mission-des-salesiens-a-istanbul\/"]}]},{"@type":"ImageObject","inLanguage":"fr-FR","@id":"https:\/\/acninternational.org\/fr\/que-la-tache-te-soit-facile-la-mission-des-salesiens-a-istanbul\/#primaryimage","url":"https:\/\/media.acninternational.org\/wp-content\/uploads\/2021\/07\/Turkey.jpg","contentUrl":"https:\/\/media.acninternational.org\/wp-content\/uploads\/2021\/07\/Turkey.jpg","width":1400,"height":438},{"@type":"BreadcrumbList","@id":"https:\/\/acninternational.org\/fr\/que-la-tache-te-soit-facile-la-mission-des-salesiens-a-istanbul\/#breadcrumb","itemListElement":[{"@type":"ListItem","position":1,"name":"Home","item":"https:\/\/acninternational.org\/fr\/"},{"@type":"ListItem","position":2,"name":"Nouvelles","item":"https:\/\/acninternational.org\/fr\/category\/news-fr\/"},{"@type":"ListItem","position":3,"name":"\u00ab\u00a0Que la t\u00e2che te soit facile\u00a0\u00bb \u2013 La mission des Sal\u00e9siens \u00e0 Istanbul"}]},{"@type":"WebSite","@id":"https:\/\/acninternational.org\/fr\/#website","url":"https:\/\/acninternational.org\/fr\/","name":"ACN International","description":"","publisher":{"@id":"https:\/\/acninternational.org\/fr\/#organization"},"potentialAction":[{"@type":"SearchAction","target":{"@type":"EntryPoint","urlTemplate":"https:\/\/acninternational.org\/fr\/?s={search_term_string}"},"query-input":{"@type":"PropertyValueSpecification","valueRequired":true,"valueName":"search_term_string"}}],"inLanguage":"fr-FR"},{"@type":"Organization","@id":"https:\/\/acninternational.org\/fr\/#organization","name":"Aid to the Church in Need International","url":"https:\/\/acninternational.org\/fr\/","logo":{"@type":"ImageObject","inLanguage":"fr-FR","@id":"https:\/\/acninternational.org\/fr\/#\/schema\/logo\/image\/","url":"https:\/\/media.acninternational.org\/wp-content\/uploads\/2019\/11\/acn_logo_blackvector.svg","contentUrl":"https:\/\/media.acninternational.org\/wp-content\/uploads\/2019\/11\/acn_logo_blackvector.svg","width":232.6,"height":78,"caption":"Aid to the Church in Need International"},"image":{"@id":"https:\/\/acninternational.org\/fr\/#\/schema\/logo\/image\/"},"sameAs":["https:\/\/www.facebook.com\/acninternationalorg","https:\/\/x.com\/acn_int","https:\/\/www.youtube.com\/channel\/UCQ-077gS0TnVzkhHmf1opZw","https:\/\/www.instagram.com\/acn_international\/"]},{"@type":"Person","@id":"https:\/\/acninternational.org\/fr\/#\/schema\/person\/7f3dafb236b242fb2aa46be1411fd703","name":"ACN Press Team","description":"Lorem ipsum dolor sit amet, consectetur adipiscing elit, sed do eiusmod tempor incididunt ut labore et dolore magna aliqua. Ut enim ad minim veniam, quis nostrud exercitation ullamco laboris nisi ut aliquip ex ea commodo consequat.","url":"https:\/\/acninternational.org\/fr\/author\/acn-press-team\/"}]}},"_links":{"self":[{"href":"https:\/\/acninternational.org\/fr\/wp-json\/wp\/v2\/posts\/156850","targetHints":{"allow":["GET"]}}],"collection":[{"href":"https:\/\/acninternational.org\/fr\/wp-json\/wp\/v2\/posts"}],"about":[{"href":"https:\/\/acninternational.org\/fr\/wp-json\/wp\/v2\/types\/post"}],"author":[{"embeddable":true,"href":"https:\/\/acninternational.org\/fr\/wp-json\/wp\/v2\/users\/4258341447"}],"replies":[{"embeddable":true,"href":"https:\/\/acninternational.org\/fr\/wp-json\/wp\/v2\/comments?post=156850"}],"version-history":[{"count":0,"href":"https:\/\/acninternational.org\/fr\/wp-json\/wp\/v2\/posts\/156850\/revisions"}],"wp:featuredmedia":[{"embeddable":true,"href":"https:\/\/acninternational.org\/fr\/wp-json\/wp\/v2\/media\/156839"}],"wp:attachment":[{"href":"https:\/\/acninternational.org\/fr\/wp-json\/wp\/v2\/media?parent=156850"}],"wp:term":[{"taxonomy":"category","embeddable":true,"href":"https:\/\/acninternational.org\/fr\/wp-json\/wp\/v2\/categories?post=156850"},{"taxonomy":"post_tag","embeddable":true,"href":"https:\/\/acninternational.org\/fr\/wp-json\/wp\/v2\/tags?post=156850"},{"taxonomy":"country","embeddable":true,"href":"https:\/\/acninternational.org\/fr\/wp-json\/wp\/v2\/country?post=156850"}],"curies":[{"name":"wp","href":"https:\/\/api.w.org\/{rel}","templated":true}]}}