{"id":155335,"date":"2021-07-07T09:58:18","date_gmt":"2021-07-07T07:58:18","guid":{"rendered":"https:\/\/acninternational.org\/?p=155335"},"modified":"2021-07-07T10:04:49","modified_gmt":"2021-07-07T08:04:49","slug":"liban-une-voiture-pour-le-travail-des-religieuses","status":"publish","type":"post","link":"https:\/\/acninternational.org\/fr\/liban-une-voiture-pour-le-travail-des-religieuses\/","title":{"rendered":"Liban: Une voiture pour le travail des religieuses"},"content":{"rendered":"<p>Les S\u0153urs du Saint Sacrement se r\u00e9jouissent\u00a0: gr\u00e2ce \u00e0 l\u2019aide de nos bienfaiteurs, elles ont pu acheter un nouveau minibus pour leur travail. Pour cela, pr\u00e8s de 28.000 euros ont \u00e9t\u00e9 r\u00e9unis.<\/p>\n<p>S\u0153ur Maguy nous \u00e9crit\u00a0: \u00ab\u00a0Au nom de toutes les s\u0153urs de notre Congr\u00e9gation, je voudrais remercier l\u2019AED pour son aide. Mais c\u2019est surtout au nom des personnes que nous servons que je vous dis merci. Nous nous rendons en paroisse pour y faire la cat\u00e9ch\u00e8se, pour organiser des retraites et encore pour d\u2019autres activit\u00e9s pastorales. Nous nous occupons des personnes \u00e2g\u00e9es, nous conseillons les gens et les aidons. Votre aide est un grand soutien pour notre travail. Un grand merci\u00a0!\u00a0\u00bb.<\/p>\n<figure id=\"attachment_155317\" aria-describedby=\"caption-attachment-155317\" style=\"width: 670px\" class=\"wp-caption alignnone\"><img loading=\"lazy\" decoding=\"async\" class=\"wp-image-155317 size-full\" src=\"https:\/\/media.acninternational.org\/wp-content\/uploads\/2021\/07\/Lebanon2.jpg\" alt=\"Les S\u0153urs du Saint Sacrement se r\u00e9jouissent\u00a0: gr\u00e2ce \u00e0 l\u2019aide de nos bienfaiteurs, elles ont pu acheter un nouveau minibus pour leur travail.\" width=\"670\" height=\"400\" srcset=\"https:\/\/media.acninternational.org\/wp-content\/uploads\/2021\/07\/Lebanon2.jpg 670w, https:\/\/media.acninternational.org\/wp-content\/uploads\/2021\/07\/Lebanon2-300x179.jpg 300w\" sizes=\"auto, (max-width: 670px) 100vw, 670px\" \/><figcaption id=\"caption-attachment-155317\" class=\"wp-caption-text\">Les S\u0153urs du Saint Sacrement se r\u00e9jouissent\u00a0: gr\u00e2ce \u00e0 l\u2019aide de nos bienfaiteurs, elles ont pu acheter un nouveau minibus pour leur travail.<\/figcaption><\/figure>\n<p>Leur congr\u00e9gation a \u00e9t\u00e9 fond\u00e9e en 1966, \u00e0 l\u2019origine pour aider les jeunes filles \u00e0 suivre une formation dans la couture et fournir une aide m\u00e9dicale aux personnes dans le besoin. Au fil du temps, de nombreuses autres missions se sont ajout\u00e9es \u00e0 cela. Les huit couvents des S\u0153urs du Saint Sacrement se trouvent dans les zones rurales du Liban, o\u00f9 la pauvret\u00e9 est particuli\u00e8rement grande. Les s\u0153urs ont besoin d\u2019une voiture pour se rendre dans les villages les plus \u00e9loign\u00e9s et particuli\u00e8rement pauvres, et y apporter aide et r\u00e9confort.<\/p>\n<p>L\u2019aide des s\u0153urs est plus que jamais n\u00e9cessaire, car la situation au Liban s\u2019est dramatiquement d\u00e9t\u00e9rior\u00e9e ces derni\u00e8res ann\u00e9es. La guerre dans le pays voisin, la Syrie, a fait affluer 1,5 million de r\u00e9fugi\u00e9s au Liban. Le ch\u00f4mage est \u00e9lev\u00e9. \u00c0 cela s\u2019ajoute la grave crise \u00e9conomique et politique qui a commenc\u00e9 en 2019. La monnaie libanaise a perdu plus de 80% de sa valeur en moins d\u2019un an, et le prix des produits de premi\u00e8re n\u00e9cessit\u00e9 a quadrupl\u00e9. Beaucoup de familles luttent pour survivre et le d\u00e9sespoir se r\u00e9pand. Gr\u00e2ce \u00e0 votre aide, les religieuses peuvent d\u00e9sormais aller r\u00e9conforter ceux qui \u00e9taient jusqu\u2019\u00e0 pr\u00e9sent livr\u00e9s \u00e0 eux-m\u00eames. Merci beaucoup\u00a0!<\/p>\n","protected":false},"excerpt":{"rendered":"<p>Les S\u0153urs du Saint Sacrement se r\u00e9jouissent\u00a0: gr\u00e2ce \u00e0 l\u2019aide de nos bienfaiteurs, elles ont pu acheter un nouveau minibus<\/p>\n","protected":false},"author":4258341447,"featured_media":155323,"comment_status":"closed","ping_status":"closed","sticky":false,"template":"","format":"standard","meta":{"_acf_changed":false,"_acn_coauthor_ids":[],"footnotes":""},"categories":[921],"tags":[],"country":[847],"class_list":["post-155335","post","type-post","status-publish","format-standard","has-post-thumbnail","hentry","category-projet","country-liban"],"acn_coauthors":[],"acf":[],"yoast_head":"<!-- This site is optimized with the Yoast SEO Premium plugin v27.3 (Yoast SEO v27.3) - https:\/\/yoast.com\/product\/yoast-seo-premium-wordpress\/ -->\n<title>Liban: Une voiture pour le travail des religieuses | ACN International<\/title>\n<meta name=\"description\" content=\"Les S\u0153urs du Saint Sacrement se r\u00e9jouissent\u00a0: gr\u00e2ce \u00e0 l\u2019aide de nos bienfaiteurs, elles ont pu acheter un nouveau minibus pour leur travail. Pour cela, pr\u00e8s de 28.000 euros ont \u00e9t\u00e9 r\u00e9unis.\" \/>\n<meta name=\"robots\" content=\"index, follow, max-snippet:-1, max-image-preview:large, max-video-preview:-1\" \/>\n<link rel=\"canonical\" href=\"https:\/\/acninternational.org\/fr\/liban-une-voiture-pour-le-travail-des-religieuses\/\" \/>\n<meta property=\"og:locale\" content=\"fr_FR\" \/>\n<meta property=\"og:type\" content=\"article\" \/>\n<meta property=\"og:title\" content=\"Liban: Une voiture pour le travail des religieuses\" \/>\n<meta property=\"og:description\" content=\"Les S\u0153urs du Saint Sacrement se r\u00e9jouissent\u00a0: gr\u00e2ce \u00e0 l\u2019aide de nos bienfaiteurs, elles ont pu acheter un nouveau minibus pour leur travail. Pour cela, pr\u00e8s de 28.000 euros ont \u00e9t\u00e9 r\u00e9unis.\" \/>\n<meta property=\"og:url\" content=\"https:\/\/acninternational.org\/fr\/liban-une-voiture-pour-le-travail-des-religieuses\/\" \/>\n<meta property=\"og:site_name\" content=\"ACN International\" \/>\n<meta property=\"article:publisher\" content=\"https:\/\/www.facebook.com\/acninternationalorg\" \/>\n<meta property=\"article:published_time\" content=\"2021-07-07T07:58:18+00:00\" \/>\n<meta property=\"article:modified_time\" content=\"2021-07-07T08:04:49+00:00\" \/>\n<meta property=\"og:image\" content=\"https:\/\/media.acninternational.org\/wp-content\/uploads\/2021\/07\/Lebanon.jpg\" \/>\n\t<meta property=\"og:image:width\" content=\"1400\" \/>\n\t<meta property=\"og:image:height\" content=\"438\" \/>\n\t<meta property=\"og:image:type\" content=\"image\/jpeg\" \/>\n<meta name=\"author\" content=\"ACN Press Team\" \/>\n<meta name=\"twitter:card\" content=\"summary_large_image\" \/>\n<meta name=\"twitter:creator\" content=\"@acn_int\" \/>\n<meta name=\"twitter:site\" content=\"@acn_int\" \/>\n<meta name=\"twitter:label1\" content=\"\u00c9crit par\" \/>\n\t<meta name=\"twitter:data1\" content=\"ACN Press Team\" \/>\n\t<meta name=\"twitter:label2\" content=\"Dur\u00e9e de lecture estim\u00e9e\" \/>\n\t<meta name=\"twitter:data2\" content=\"2 minutes\" \/>\n<script type=\"application\/ld+json\" class=\"yoast-schema-graph\">{\"@context\":\"https:\\\/\\\/schema.org\",\"@graph\":[{\"@type\":\"Article\",\"@id\":\"https:\\\/\\\/acninternational.org\\\/fr\\\/liban-une-voiture-pour-le-travail-des-religieuses\\\/#article\",\"isPartOf\":{\"@id\":\"https:\\\/\\\/acninternational.org\\\/fr\\\/liban-une-voiture-pour-le-travail-des-religieuses\\\/\"},\"author\":{\"name\":\"ACN Press Team\",\"@id\":\"https:\\\/\\\/acninternational.org\\\/fr\\\/#\\\/schema\\\/person\\\/7f3dafb236b242fb2aa46be1411fd703\"},\"headline\":\"Liban: Une voiture pour le travail des religieuses\",\"datePublished\":\"2021-07-07T07:58:18+00:00\",\"dateModified\":\"2021-07-07T08:04:49+00:00\",\"mainEntityOfPage\":{\"@id\":\"https:\\\/\\\/acninternational.org\\\/fr\\\/liban-une-voiture-pour-le-travail-des-religieuses\\\/\"},\"wordCount\":393,\"publisher\":{\"@id\":\"https:\\\/\\\/acninternational.org\\\/fr\\\/#organization\"},\"image\":{\"@id\":\"https:\\\/\\\/acninternational.org\\\/fr\\\/liban-une-voiture-pour-le-travail-des-religieuses\\\/#primaryimage\"},\"thumbnailUrl\":\"https:\\\/\\\/media.acninternational.org\\\/wp-content\\\/uploads\\\/2021\\\/07\\\/Lebanon.jpg\",\"articleSection\":[\"Projet\"],\"inLanguage\":\"fr-FR\"},{\"@type\":\"WebPage\",\"@id\":\"https:\\\/\\\/acninternational.org\\\/fr\\\/liban-une-voiture-pour-le-travail-des-religieuses\\\/\",\"url\":\"https:\\\/\\\/acninternational.org\\\/fr\\\/liban-une-voiture-pour-le-travail-des-religieuses\\\/\",\"name\":\"Liban: Une voiture pour le travail des religieuses | ACN International\",\"isPartOf\":{\"@id\":\"https:\\\/\\\/acninternational.org\\\/fr\\\/#website\"},\"primaryImageOfPage\":{\"@id\":\"https:\\\/\\\/acninternational.org\\\/fr\\\/liban-une-voiture-pour-le-travail-des-religieuses\\\/#primaryimage\"},\"image\":{\"@id\":\"https:\\\/\\\/acninternational.org\\\/fr\\\/liban-une-voiture-pour-le-travail-des-religieuses\\\/#primaryimage\"},\"thumbnailUrl\":\"https:\\\/\\\/media.acninternational.org\\\/wp-content\\\/uploads\\\/2021\\\/07\\\/Lebanon.jpg\",\"datePublished\":\"2021-07-07T07:58:18+00:00\",\"dateModified\":\"2021-07-07T08:04:49+00:00\",\"description\":\"Les S\u0153urs du Saint Sacrement se r\u00e9jouissent\u00a0: gr\u00e2ce \u00e0 l\u2019aide de nos bienfaiteurs, elles ont pu acheter un nouveau minibus pour leur travail. Pour cela, pr\u00e8s de 28.000 euros ont \u00e9t\u00e9 r\u00e9unis.\",\"breadcrumb\":{\"@id\":\"https:\\\/\\\/acninternational.org\\\/fr\\\/liban-une-voiture-pour-le-travail-des-religieuses\\\/#breadcrumb\"},\"inLanguage\":\"fr-FR\",\"potentialAction\":[{\"@type\":\"ReadAction\",\"target\":[\"https:\\\/\\\/acninternational.org\\\/fr\\\/liban-une-voiture-pour-le-travail-des-religieuses\\\/\"]}]},{\"@type\":\"ImageObject\",\"inLanguage\":\"fr-FR\",\"@id\":\"https:\\\/\\\/acninternational.org\\\/fr\\\/liban-une-voiture-pour-le-travail-des-religieuses\\\/#primaryimage\",\"url\":\"https:\\\/\\\/media.acninternational.org\\\/wp-content\\\/uploads\\\/2021\\\/07\\\/Lebanon.jpg\",\"contentUrl\":\"https:\\\/\\\/media.acninternational.org\\\/wp-content\\\/uploads\\\/2021\\\/07\\\/Lebanon.jpg\",\"width\":1400,\"height\":438},{\"@type\":\"BreadcrumbList\",\"@id\":\"https:\\\/\\\/acninternational.org\\\/fr\\\/liban-une-voiture-pour-le-travail-des-religieuses\\\/#breadcrumb\",\"itemListElement\":[{\"@type\":\"ListItem\",\"position\":1,\"name\":\"Home\",\"item\":\"https:\\\/\\\/acninternational.org\\\/fr\\\/\"},{\"@type\":\"ListItem\",\"position\":2,\"name\":\"PROJECTS\",\"item\":\"https:\\\/\\\/acninternational.org\\\/fr\\\/category\\\/projects-fr\\\/\"},{\"@type\":\"ListItem\",\"position\":3,\"name\":\"Liban: Une voiture pour le travail des religieuses\"}]},{\"@type\":\"WebSite\",\"@id\":\"https:\\\/\\\/acninternational.org\\\/fr\\\/#website\",\"url\":\"https:\\\/\\\/acninternational.org\\\/fr\\\/\",\"name\":\"ACN International\",\"description\":\"\",\"publisher\":{\"@id\":\"https:\\\/\\\/acninternational.org\\\/fr\\\/#organization\"},\"potentialAction\":[{\"@type\":\"SearchAction\",\"target\":{\"@type\":\"EntryPoint\",\"urlTemplate\":\"https:\\\/\\\/acninternational.org\\\/fr\\\/?s={search_term_string}\"},\"query-input\":{\"@type\":\"PropertyValueSpecification\",\"valueRequired\":true,\"valueName\":\"search_term_string\"}}],\"inLanguage\":\"fr-FR\"},{\"@type\":\"Organization\",\"@id\":\"https:\\\/\\\/acninternational.org\\\/fr\\\/#organization\",\"name\":\"Aid to the Church in Need International\",\"url\":\"https:\\\/\\\/acninternational.org\\\/fr\\\/\",\"logo\":{\"@type\":\"ImageObject\",\"inLanguage\":\"fr-FR\",\"@id\":\"https:\\\/\\\/acninternational.org\\\/fr\\\/#\\\/schema\\\/logo\\\/image\\\/\",\"url\":\"https:\\\/\\\/media.acninternational.org\\\/wp-content\\\/uploads\\\/2019\\\/11\\\/acn_logo_blackvector.svg\",\"contentUrl\":\"https:\\\/\\\/media.acninternational.org\\\/wp-content\\\/uploads\\\/2019\\\/11\\\/acn_logo_blackvector.svg\",\"width\":232.6,\"height\":78,\"caption\":\"Aid to the Church in Need International\"},\"image\":{\"@id\":\"https:\\\/\\\/acninternational.org\\\/fr\\\/#\\\/schema\\\/logo\\\/image\\\/\"},\"sameAs\":[\"https:\\\/\\\/www.facebook.com\\\/acninternationalorg\",\"https:\\\/\\\/x.com\\\/acn_int\",\"https:\\\/\\\/www.youtube.com\\\/channel\\\/UCQ-077gS0TnVzkhHmf1opZw\",\"https:\\\/\\\/www.instagram.com\\\/acn_international\\\/\"]},{\"@type\":\"Person\",\"@id\":\"https:\\\/\\\/acninternational.org\\\/fr\\\/#\\\/schema\\\/person\\\/7f3dafb236b242fb2aa46be1411fd703\",\"name\":\"ACN Press Team\",\"description\":\"Lorem ipsum dolor sit amet, consectetur adipiscing elit, sed do eiusmod tempor incididunt ut labore et dolore magna aliqua. Ut enim ad minim veniam, quis nostrud exercitation ullamco laboris nisi ut aliquip ex ea commodo consequat.\",\"url\":\"https:\\\/\\\/acninternational.org\\\/fr\\\/author\\\/acn-press-team\\\/\"}]}<\/script>\n<!-- \/ Yoast SEO Premium plugin. -->","yoast_head_json":{"title":"Liban: Une voiture pour le travail des religieuses | ACN International","description":"Les S\u0153urs du Saint Sacrement se r\u00e9jouissent\u00a0: gr\u00e2ce \u00e0 l\u2019aide de nos bienfaiteurs, elles ont pu acheter un nouveau minibus pour leur travail. Pour cela, pr\u00e8s de 28.000 euros ont \u00e9t\u00e9 r\u00e9unis.","robots":{"index":"index","follow":"follow","max-snippet":"max-snippet:-1","max-image-preview":"max-image-preview:large","max-video-preview":"max-video-preview:-1"},"canonical":"https:\/\/acninternational.org\/fr\/liban-une-voiture-pour-le-travail-des-religieuses\/","og_locale":"fr_FR","og_type":"article","og_title":"Liban: Une voiture pour le travail des religieuses","og_description":"Les S\u0153urs du Saint Sacrement se r\u00e9jouissent\u00a0: gr\u00e2ce \u00e0 l\u2019aide de nos bienfaiteurs, elles ont pu acheter un nouveau minibus pour leur travail. Pour cela, pr\u00e8s de 28.000 euros ont \u00e9t\u00e9 r\u00e9unis.","og_url":"https:\/\/acninternational.org\/fr\/liban-une-voiture-pour-le-travail-des-religieuses\/","og_site_name":"ACN International","article_publisher":"https:\/\/www.facebook.com\/acninternationalorg","article_published_time":"2021-07-07T07:58:18+00:00","article_modified_time":"2021-07-07T08:04:49+00:00","og_image":[{"width":1400,"height":438,"url":"https:\/\/media.acninternational.org\/wp-content\/uploads\/2021\/07\/Lebanon.jpg","type":"image\/jpeg"}],"author":"ACN Press Team","twitter_card":"summary_large_image","twitter_creator":"@acn_int","twitter_site":"@acn_int","twitter_misc":{"\u00c9crit par":"ACN Press Team","Dur\u00e9e de lecture estim\u00e9e":"2 minutes"},"schema":{"@context":"https:\/\/schema.org","@graph":[{"@type":"Article","@id":"https:\/\/acninternational.org\/fr\/liban-une-voiture-pour-le-travail-des-religieuses\/#article","isPartOf":{"@id":"https:\/\/acninternational.org\/fr\/liban-une-voiture-pour-le-travail-des-religieuses\/"},"author":{"name":"ACN Press Team","@id":"https:\/\/acninternational.org\/fr\/#\/schema\/person\/7f3dafb236b242fb2aa46be1411fd703"},"headline":"Liban: Une voiture pour le travail des religieuses","datePublished":"2021-07-07T07:58:18+00:00","dateModified":"2021-07-07T08:04:49+00:00","mainEntityOfPage":{"@id":"https:\/\/acninternational.org\/fr\/liban-une-voiture-pour-le-travail-des-religieuses\/"},"wordCount":393,"publisher":{"@id":"https:\/\/acninternational.org\/fr\/#organization"},"image":{"@id":"https:\/\/acninternational.org\/fr\/liban-une-voiture-pour-le-travail-des-religieuses\/#primaryimage"},"thumbnailUrl":"https:\/\/media.acninternational.org\/wp-content\/uploads\/2021\/07\/Lebanon.jpg","articleSection":["Projet"],"inLanguage":"fr-FR"},{"@type":"WebPage","@id":"https:\/\/acninternational.org\/fr\/liban-une-voiture-pour-le-travail-des-religieuses\/","url":"https:\/\/acninternational.org\/fr\/liban-une-voiture-pour-le-travail-des-religieuses\/","name":"Liban: Une voiture pour le travail des religieuses | ACN International","isPartOf":{"@id":"https:\/\/acninternational.org\/fr\/#website"},"primaryImageOfPage":{"@id":"https:\/\/acninternational.org\/fr\/liban-une-voiture-pour-le-travail-des-religieuses\/#primaryimage"},"image":{"@id":"https:\/\/acninternational.org\/fr\/liban-une-voiture-pour-le-travail-des-religieuses\/#primaryimage"},"thumbnailUrl":"https:\/\/media.acninternational.org\/wp-content\/uploads\/2021\/07\/Lebanon.jpg","datePublished":"2021-07-07T07:58:18+00:00","dateModified":"2021-07-07T08:04:49+00:00","description":"Les S\u0153urs du Saint Sacrement se r\u00e9jouissent\u00a0: gr\u00e2ce \u00e0 l\u2019aide de nos bienfaiteurs, elles ont pu acheter un nouveau minibus pour leur travail. Pour cela, pr\u00e8s de 28.000 euros ont \u00e9t\u00e9 r\u00e9unis.","breadcrumb":{"@id":"https:\/\/acninternational.org\/fr\/liban-une-voiture-pour-le-travail-des-religieuses\/#breadcrumb"},"inLanguage":"fr-FR","potentialAction":[{"@type":"ReadAction","target":["https:\/\/acninternational.org\/fr\/liban-une-voiture-pour-le-travail-des-religieuses\/"]}]},{"@type":"ImageObject","inLanguage":"fr-FR","@id":"https:\/\/acninternational.org\/fr\/liban-une-voiture-pour-le-travail-des-religieuses\/#primaryimage","url":"https:\/\/media.acninternational.org\/wp-content\/uploads\/2021\/07\/Lebanon.jpg","contentUrl":"https:\/\/media.acninternational.org\/wp-content\/uploads\/2021\/07\/Lebanon.jpg","width":1400,"height":438},{"@type":"BreadcrumbList","@id":"https:\/\/acninternational.org\/fr\/liban-une-voiture-pour-le-travail-des-religieuses\/#breadcrumb","itemListElement":[{"@type":"ListItem","position":1,"name":"Home","item":"https:\/\/acninternational.org\/fr\/"},{"@type":"ListItem","position":2,"name":"PROJECTS","item":"https:\/\/acninternational.org\/fr\/category\/projects-fr\/"},{"@type":"ListItem","position":3,"name":"Liban: Une voiture pour le travail des religieuses"}]},{"@type":"WebSite","@id":"https:\/\/acninternational.org\/fr\/#website","url":"https:\/\/acninternational.org\/fr\/","name":"ACN International","description":"","publisher":{"@id":"https:\/\/acninternational.org\/fr\/#organization"},"potentialAction":[{"@type":"SearchAction","target":{"@type":"EntryPoint","urlTemplate":"https:\/\/acninternational.org\/fr\/?s={search_term_string}"},"query-input":{"@type":"PropertyValueSpecification","valueRequired":true,"valueName":"search_term_string"}}],"inLanguage":"fr-FR"},{"@type":"Organization","@id":"https:\/\/acninternational.org\/fr\/#organization","name":"Aid to the Church in Need International","url":"https:\/\/acninternational.org\/fr\/","logo":{"@type":"ImageObject","inLanguage":"fr-FR","@id":"https:\/\/acninternational.org\/fr\/#\/schema\/logo\/image\/","url":"https:\/\/media.acninternational.org\/wp-content\/uploads\/2019\/11\/acn_logo_blackvector.svg","contentUrl":"https:\/\/media.acninternational.org\/wp-content\/uploads\/2019\/11\/acn_logo_blackvector.svg","width":232.6,"height":78,"caption":"Aid to the Church in Need International"},"image":{"@id":"https:\/\/acninternational.org\/fr\/#\/schema\/logo\/image\/"},"sameAs":["https:\/\/www.facebook.com\/acninternationalorg","https:\/\/x.com\/acn_int","https:\/\/www.youtube.com\/channel\/UCQ-077gS0TnVzkhHmf1opZw","https:\/\/www.instagram.com\/acn_international\/"]},{"@type":"Person","@id":"https:\/\/acninternational.org\/fr\/#\/schema\/person\/7f3dafb236b242fb2aa46be1411fd703","name":"ACN Press Team","description":"Lorem ipsum dolor sit amet, consectetur adipiscing elit, sed do eiusmod tempor incididunt ut labore et dolore magna aliqua. Ut enim ad minim veniam, quis nostrud exercitation ullamco laboris nisi ut aliquip ex ea commodo consequat.","url":"https:\/\/acninternational.org\/fr\/author\/acn-press-team\/"}]}},"_links":{"self":[{"href":"https:\/\/acninternational.org\/fr\/wp-json\/wp\/v2\/posts\/155335","targetHints":{"allow":["GET"]}}],"collection":[{"href":"https:\/\/acninternational.org\/fr\/wp-json\/wp\/v2\/posts"}],"about":[{"href":"https:\/\/acninternational.org\/fr\/wp-json\/wp\/v2\/types\/post"}],"author":[{"embeddable":true,"href":"https:\/\/acninternational.org\/fr\/wp-json\/wp\/v2\/users\/4258341447"}],"replies":[{"embeddable":true,"href":"https:\/\/acninternational.org\/fr\/wp-json\/wp\/v2\/comments?post=155335"}],"version-history":[{"count":0,"href":"https:\/\/acninternational.org\/fr\/wp-json\/wp\/v2\/posts\/155335\/revisions"}],"wp:featuredmedia":[{"embeddable":true,"href":"https:\/\/acninternational.org\/fr\/wp-json\/wp\/v2\/media\/155323"}],"wp:attachment":[{"href":"https:\/\/acninternational.org\/fr\/wp-json\/wp\/v2\/media?parent=155335"}],"wp:term":[{"taxonomy":"category","embeddable":true,"href":"https:\/\/acninternational.org\/fr\/wp-json\/wp\/v2\/categories?post=155335"},{"taxonomy":"post_tag","embeddable":true,"href":"https:\/\/acninternational.org\/fr\/wp-json\/wp\/v2\/tags?post=155335"},{"taxonomy":"country","embeddable":true,"href":"https:\/\/acninternational.org\/fr\/wp-json\/wp\/v2\/country?post=155335"}],"curies":[{"name":"wp","href":"https:\/\/api.w.org\/{rel}","templated":true}]}}