{"id":155028,"date":"2021-07-02T09:42:28","date_gmt":"2021-07-02T07:42:28","guid":{"rendered":"https:\/\/acninternational.org\/?p=155028"},"modified":"2021-07-02T09:48:59","modified_gmt":"2021-07-02T07:48:59","slug":"un-documentaire-sur-la-situation-difficile-de-leglise-du-nicaragua-recompense-dans-un-concours-cinematographique","status":"publish","type":"post","link":"https:\/\/acninternational.org\/fr\/un-documentaire-sur-la-situation-difficile-de-leglise-du-nicaragua-recompense-dans-un-concours-cinematographique\/","title":{"rendered":"Un documentaire sur la situation difficile de l\u2019\u00c9glise du Nicaragua, r\u00e9compens\u00e9 dans un concours cin\u00e9matographique"},"content":{"rendered":"<p>\u00ab\u00a0Seigneur, donne-nous la paix\u00a0\u00bb (\u00ab\u00a0Lord, Grant Us Peace\u00a0\u00bb), un court m\u00e9trage produit par la soci\u00e9t\u00e9 de production catholique Catholic Radio and TV Network (CRTN), et soutenu par la fondation internationale catholique\u00a0Aide \u00e0 l\u2019\u00c9glise en D\u00e9tresse (AED), a re\u00e7u le prix du meilleur court-m\u00e9trage <em>(The Best Shorts Film Competition)<\/em>. Le documentaire d\u00e9crit la situation au Nicaragua et raconte \u00e0 travers les yeux de leaders et de jeunes catholiques l\u2019histoire de la r\u00e9pression politique de ces derni\u00e8res ann\u00e9es, les efforts de l\u2019\u00c9glise pour parvenir \u00e0 la paix, et la souffrance des fid\u00e8les.<\/p>\n<p>Dans un entretien, Francisco Alday, r\u00e9alisateur du documentaire, raconte son exp\u00e9rience lors du tournage du documentaire. Entretien r\u00e9alis\u00e9 par Cristina Moreno pour l\u2019AED.<\/p>\n<p><strong>AED\u00a0: Pourquoi le Nicaragua\u00a0? De tous les pays o\u00f9, malheureusement, l\u2019\u00c9glise et les chr\u00e9tiens sont aujourd\u2019hui pers\u00e9cut\u00e9s, enlev\u00e9s, opprim\u00e9s, &#8230; qu\u2019est-ce qui vous a fait opter pour le Nicaragua\u00a0?<\/strong><\/p>\n<p>Francisco Alday\u00a0: Le Nicaragua traverse une p\u00e9riode difficile de son histoire, faite de tensions politiques et sociales, avec de graves conflits et de violents affrontements. L\u2019\u00c9glise a adopt\u00e9 un r\u00f4le de m\u00e9diateur pour la paix et est intervenue pour rechercher la r\u00e9conciliation, ce qui a conduit les catholiques \u00e0 devenir la cible des attaques. En 2018, ce sont surtout les jeunes qui sont descendus dans la rue pour r\u00e9clamer des changements. Beaucoup d\u2019entre eux \u00e9taient membres de groupes de la pastorale des jeunes, et n\u2019ont pas h\u00e9sit\u00e9 \u00e0 exprimer et \u00e0 d\u00e9fendre leur foi, alors m\u00eame que cela les exposait \u00e0 un grand danger. Au sein de l\u2019\u00e9quipe de production de CRTN, nous avons consid\u00e9r\u00e9 qu\u2019il s\u2019agissait l\u00e0 d\u2019un pr\u00e9cieux t\u00e9moignage que nous devions ajouter aux documentaires de l\u2019AED, dont la mission est pr\u00e9cis\u00e9ment de montrer la r\u00e9alit\u00e9 de ces lieux o\u00f9 l\u2019\u00c9glise est en situation de pers\u00e9cution ou de d\u00e9tresse.<\/p>\n<p>https:\/\/youtu.be\/b7ZPjhqHR_s<\/p>\n<p><strong>Si vous deviez r\u00e9sumer le message de la vid\u00e9o en une phrase, quelle serait-elle\u00a0?<\/strong><\/p>\n<p>Je choisirais la phrase que nous utilisons pour le titre du documentaire, parce que toute la vid\u00e9o est con\u00e7ue comme une grande pri\u00e8re pour que la paix arrive au Nicaragua. L\u2019intention \u00e9tait de m\u00e9langer les terribles images de violence qui ont touch\u00e9 nos fr\u00e8res, avec d\u2019autres sc\u00e8nes o\u00f9 toute l\u2019\u00c9glise sort dans la rue pour prier le chapelet, adorer le Tr\u00e8s Saint Sacrement, et chanter et c\u00e9l\u00e9brer la messe en demandant la paix. Ces jeunes sont stigmatis\u00e9s \u00e0 cause de la religion qu\u2019ils professent, des couleurs des v\u00eatements qu\u2019ils portent ou des chansons qu\u2019ils chantent. \u00c0 travers ce documentaire, nous demandons qu\u2019ils puissent recommencer \u00e0 exprimer librement leur foi.<\/p>\n<p><strong>Quelle a \u00e9t\u00e9 votre exp\u00e9rience en travaillant sur ce projet\u00a0?<\/strong><\/p>\n<p>Ce fut l\u2019une des exp\u00e9riences les plus fortes que j\u2019ai eu l\u2019occasion de raconter dans un documentaire. En m\u00eame temps, ce fut un privil\u00e8ge de pouvoir rencontrer tant de jeunes engag\u00e9s ainsi que de v\u00e9ritables bergers qui, tout en accompagnant leurs ouailles, ont pu servir de pont dans des situations o\u00f9 tout se dirigeait vers l&rsquo;ab\u00eeme.<\/p>\n<p><strong>Y a-t-il eu un moment particuli\u00e8rement \u00e9mouvant ou marquant, alors que vous \u00e9tiez en train de travailler sur le film\u00a0?<\/strong><\/p>\n<p>Il y a un entretien que j\u2019aurais aim\u00e9 inclure, mais nous avons finalement d\u00e9cid\u00e9 de ne pas le faire, afin de pr\u00e9server la s\u00e9curit\u00e9 de la personne interview\u00e9e et de sa famille. Un jeune homme arr\u00eat\u00e9 pour avoir particip\u00e9 aux marches de protestation nous a racont\u00e9 les tortures et autres actes de violence qu\u2019il a subis alors qu\u2019il \u00e9tait emprisonn\u00e9, et comment cela l\u2019avait affect\u00e9 psychologiquement. Cela m\u2019a fait une peine immense et m\u2019a \u00e9galement rendu furieux. Bien qu\u2019il ne soit pas rest\u00e9 dans le montage final, ce t\u00e9moignage m\u2019a servi \u00e0 mettre encore plus en valeur l\u2019effort de chaque jeune qui choisissait de rester fid\u00e8le au message de l\u2019\u00c9vangile, sans crainte des cons\u00e9quences.<\/p>\n<p><strong>Le film montre plusieurs moments de violence. Y a-t-il eu un moment pendant le tournage o\u00f9 l\u2019\u00e9quipe d\u2019enregistrement a eu peur que quelque chose ne lui arrive\u00a0?<\/strong><\/p>\n<p>\u00c7a n\u2019a pas \u00e9t\u00e9 un enregistrement facile. La sensation d\u2019\u00eatre surveill\u00e9 \u00e9tait permanente. Il y avait une certaine violence contenue dans l&rsquo;air et nous avons ressenti des situations de restriction et de coercition. Au point que pendant que nous enregistrions un entretien avec un jeune homme devant une \u00e9glise, nous avons \u00e9t\u00e9 signal\u00e9s par un groupe de paramilitaires, et en peu de temps une patrouille de police a arr\u00eat\u00e9 toute l\u2019\u00e9quipe et les jeunes qui \u00e9taient avec nous et nous a transf\u00e9r\u00e9s dans un centre de d\u00e9tention. En gardant notre confiance en Dieu, et gr\u00e2ce \u00e0 l\u2019intervention de l\u2019\u00e9v\u00eaque local, nous avons pu sortir en quelques heures, mais nous avons subi une situation d\u00e9sagr\u00e9able qui nous a vraiment fait sentir dans notre propre chair la pression qui est v\u00e9cue l\u00e0-bas.<\/p>\n<p><img loading=\"lazy\" decoding=\"async\" class=\"alignnone size-full wp-image-90933\" src=\"https:\/\/media.acninternational.org\/wp-content\/uploads\/2019\/11\/Nicaragua-A-Church-on-the-side-of-its-people-image-4.jpg\" alt=\"\" width=\"690\" height=\"460\" srcset=\"https:\/\/media.acninternational.org\/wp-content\/uploads\/2019\/11\/Nicaragua-A-Church-on-the-side-of-its-people-image-4.jpg 690w, https:\/\/media.acninternational.org\/wp-content\/uploads\/2019\/11\/Nicaragua-A-Church-on-the-side-of-its-people-image-4-300x200.jpg 300w\" sizes=\"auto, (max-width: 690px) 100vw, 690px\" \/><\/p>\n<p><strong>Apr\u00e8s avoir vu de pr\u00e8s la situation au Nicaragua, diriez-vous qu&rsquo;il y a de l&rsquo;espoir pour un avenir meilleur pour la communaut\u00e9 chr\u00e9tienne\u00a0?<\/strong><\/p>\n<p>L\u2019esp\u00e9rance vient de notre Seigneur qui est plus grand que tout mal, et c\u2019est \u00e9galement ce que m\u2019ont transmis les gens que j\u2019ai interview\u00e9s l\u00e0-bas. Je ne souhaite \u00e0 personne d\u2019\u00eatre confront\u00e9 aux d\u00e9fis v\u00e9cus par ces jeunes au Nicaragua, mais je crois que nous pouvons tous apprendre quelque chose de la force et de la confiance avec lesquelles ils prient et travaillent pour des temps meilleurs tant d\u00e9sir\u00e9s. D\u2019autre part, le travail de la fondation AED me donne aussi de l\u2019espoir, car elle coop\u00e8re pour que, par exemple, tous ces jeunes qui ressentent un appel \u00e0 la cons\u00e9cration au sein de l\u2019\u00c9glise aient des s\u00e9minaires, des lieux de rencontre et des centres de formation o\u00f9 ils pourront d\u00e9velopper leur r\u00eave de servir le Seigneur.<\/p>\n<p><strong>Avez-vous \u00e9t\u00e9 surpris de voir le nombre de jeunes adolescents qui continuent d\u2019aller \u00e0 la messe et de manifester publiquement leur amour pour Dieu et l\u2019\u00c9glise, alors qu\u2019ils risquent d\u2019\u00eatre attaqu\u00e9s ou m\u00eame assassin\u00e9s \u00e0 cause de cela\u00a0?<\/strong><\/p>\n<p>Cela m\u2019a vraiment marqu\u00e9, et je pense que c\u2019est l\u2019image que j\u2019aimerais que les t\u00e9l\u00e9spectateurs gardent \u00e0 l\u2019esprit en voyant le documentaire. Ce courage authentique des jeunes pour d\u00e9fendre leur foi. L\u2019un des jeunes a d\u00e9clar\u00e9 que sa famille \u00e9tait en danger s\u2019il \u00e9tait vu \u00e0 l\u2019\u00e9glise, et qu\u2019il devait donc participer au groupe en secret. D\u2019autres jeunes ont d\u00e9cid\u00e9 de quitter le pays et leur famille pour ne pas c\u00e9der aux pressions qui les influen\u00e7aient dans leur pratique de la foi.<\/p>\n","protected":false},"excerpt":{"rendered":"<p>\u00ab\u00a0Seigneur, donne-nous la paix\u00a0\u00bb (\u00ab\u00a0Lord, Grant Us Peace\u00a0\u00bb), un court m\u00e9trage produit par la soci\u00e9t\u00e9 de production catholique Catholic Radio<\/p>\n","protected":false},"author":4258341447,"featured_media":121041,"comment_status":"closed","ping_status":"closed","sticky":false,"template":"","format":"standard","meta":{"_acf_changed":false,"_acn_coauthor_ids":[],"_acn_featured_article":false,"footnotes":""},"categories":[928],"tags":[],"country":[419],"class_list":["post-155028","post","type-post","status-publish","format-standard","has-post-thumbnail","hentry","category-interview","country-nicaragua-es"],"acn_coauthors":[],"acf":[],"yoast_head":"<!-- This site is optimized with the Yoast SEO Premium plugin v27.5 (Yoast SEO v27.5) - https:\/\/yoast.com\/product\/yoast-seo-premium-wordpress\/ -->\n<title>Un documentaire sur la situation difficile de l\u2019\u00c9glise du Nicaragua, r\u00e9compens\u00e9 dans un concours cin\u00e9matographique | ACN International<\/title>\n<meta name=\"description\" content=\"\u00ab\u00a0Seigneur, donne-nous la paix\u00a0\u00bb (\u00ab\u00a0Lord, Grant Us Peace\u00a0\u00bb), un court m\u00e9trage produit par la soci\u00e9t\u00e9 de production catholique Catholic Radio and TV Network (CRTN), et soutenu par la fondation internationale catholique\u00a0Aide \u00e0 l\u2019\u00c9glise en D\u00e9tresse (AED), a re\u00e7u le prix du meilleur court-m\u00e9trage (The Best Shorts Film Competition). Le documentaire d\u00e9crit la situation au Nicaragua et raconte \u00e0 travers les yeux de leaders et de jeunes catholiques l\u2019histoire de la r\u00e9pression politique de ces derni\u00e8res ann\u00e9es, les efforts de l\u2019\u00c9glise pour parvenir \u00e0 la paix, et la souffrance des fid\u00e8les.\" \/>\n<meta name=\"robots\" content=\"index, follow, max-snippet:-1, max-image-preview:large, max-video-preview:-1\" \/>\n<link rel=\"canonical\" href=\"https:\/\/acninternational.org\/fr\/un-documentaire-sur-la-situation-difficile-de-leglise-du-nicaragua-recompense-dans-un-concours-cinematographique\/\" \/>\n<meta property=\"og:locale\" content=\"fr_FR\" \/>\n<meta property=\"og:type\" content=\"article\" \/>\n<meta property=\"og:title\" content=\"Un documentaire sur la situation difficile de l\u2019\u00c9glise du Nicaragua, r\u00e9compens\u00e9 dans un concours cin\u00e9matographique\" \/>\n<meta property=\"og:description\" content=\"\u00ab\u00a0Seigneur, donne-nous la paix\u00a0\u00bb (\u00ab\u00a0Lord, Grant Us Peace\u00a0\u00bb), un court m\u00e9trage produit par la soci\u00e9t\u00e9 de production catholique Catholic Radio and TV Network (CRTN), et soutenu par la fondation internationale catholique\u00a0Aide \u00e0 l\u2019\u00c9glise en D\u00e9tresse (AED), a re\u00e7u le prix du meilleur court-m\u00e9trage (The Best Shorts Film Competition). Le documentaire d\u00e9crit la situation au Nicaragua et raconte \u00e0 travers les yeux de leaders et de jeunes catholiques l\u2019histoire de la r\u00e9pression politique de ces derni\u00e8res ann\u00e9es, les efforts de l\u2019\u00c9glise pour parvenir \u00e0 la paix, et la souffrance des fid\u00e8les.\" \/>\n<meta property=\"og:url\" content=\"https:\/\/acninternational.org\/fr\/un-documentaire-sur-la-situation-difficile-de-leglise-du-nicaragua-recompense-dans-un-concours-cinematographique\/\" \/>\n<meta property=\"og:site_name\" content=\"ACN International\" \/>\n<meta property=\"article:publisher\" content=\"https:\/\/www.facebook.com\/acninternationalorg\" \/>\n<meta property=\"article:published_time\" content=\"2021-07-02T07:42:28+00:00\" \/>\n<meta property=\"article:modified_time\" content=\"2021-07-02T07:48:59+00:00\" \/>\n<meta property=\"og:image\" content=\"https:\/\/media.acninternational.org\/wp-content\/uploads\/2019\/11\/Nicaragua-una-Iglesia-al-lado-de-su-pueblo-image-1.jpg\" \/>\n\t<meta property=\"og:image:width\" content=\"1200\" \/>\n\t<meta property=\"og:image:height\" content=\"628\" \/>\n\t<meta property=\"og:image:type\" content=\"image\/jpeg\" \/>\n<meta name=\"author\" content=\"ACN Press Team\" \/>\n<meta name=\"twitter:card\" content=\"summary_large_image\" \/>\n<meta name=\"twitter:creator\" content=\"@acn_int\" \/>\n<meta name=\"twitter:site\" content=\"@acn_int\" \/>\n<meta name=\"twitter:label1\" content=\"\u00c9crit par\" \/>\n\t<meta name=\"twitter:data1\" content=\"ACN Press Team\" \/>\n\t<meta name=\"twitter:label2\" content=\"Dur\u00e9e de lecture estim\u00e9e\" \/>\n\t<meta name=\"twitter:data2\" content=\"5 minutes\" \/>\n<script type=\"application\/ld+json\" class=\"yoast-schema-graph\">{\"@context\":\"https:\\\/\\\/schema.org\",\"@graph\":[{\"@type\":\"Article\",\"@id\":\"https:\\\/\\\/acninternational.org\\\/fr\\\/un-documentaire-sur-la-situation-difficile-de-leglise-du-nicaragua-recompense-dans-un-concours-cinematographique\\\/#article\",\"isPartOf\":{\"@id\":\"https:\\\/\\\/acninternational.org\\\/fr\\\/un-documentaire-sur-la-situation-difficile-de-leglise-du-nicaragua-recompense-dans-un-concours-cinematographique\\\/\"},\"author\":{\"name\":\"ACN Press Team\",\"@id\":\"https:\\\/\\\/acninternational.org\\\/fr\\\/#\\\/schema\\\/person\\\/7f3dafb236b242fb2aa46be1411fd703\"},\"headline\":\"Un documentaire sur la situation difficile de l\u2019\u00c9glise du Nicaragua, r\u00e9compens\u00e9 dans un concours cin\u00e9matographique\",\"datePublished\":\"2021-07-02T07:42:28+00:00\",\"dateModified\":\"2021-07-02T07:48:59+00:00\",\"mainEntityOfPage\":{\"@id\":\"https:\\\/\\\/acninternational.org\\\/fr\\\/un-documentaire-sur-la-situation-difficile-de-leglise-du-nicaragua-recompense-dans-un-concours-cinematographique\\\/\"},\"wordCount\":1214,\"publisher\":{\"@id\":\"https:\\\/\\\/acninternational.org\\\/fr\\\/#organization\"},\"image\":{\"@id\":\"https:\\\/\\\/acninternational.org\\\/fr\\\/un-documentaire-sur-la-situation-difficile-de-leglise-du-nicaragua-recompense-dans-un-concours-cinematographique\\\/#primaryimage\"},\"thumbnailUrl\":\"https:\\\/\\\/media.acninternational.org\\\/wp-content\\\/uploads\\\/2019\\\/11\\\/Nicaragua-una-Iglesia-al-lado-de-su-pueblo-image-1.jpg\",\"articleSection\":[\"Interview\"],\"inLanguage\":\"fr-FR\"},{\"@type\":\"WebPage\",\"@id\":\"https:\\\/\\\/acninternational.org\\\/fr\\\/un-documentaire-sur-la-situation-difficile-de-leglise-du-nicaragua-recompense-dans-un-concours-cinematographique\\\/\",\"url\":\"https:\\\/\\\/acninternational.org\\\/fr\\\/un-documentaire-sur-la-situation-difficile-de-leglise-du-nicaragua-recompense-dans-un-concours-cinematographique\\\/\",\"name\":\"Un documentaire sur la situation difficile de l\u2019\u00c9glise du Nicaragua, r\u00e9compens\u00e9 dans un concours cin\u00e9matographique | ACN International\",\"isPartOf\":{\"@id\":\"https:\\\/\\\/acninternational.org\\\/fr\\\/#website\"},\"primaryImageOfPage\":{\"@id\":\"https:\\\/\\\/acninternational.org\\\/fr\\\/un-documentaire-sur-la-situation-difficile-de-leglise-du-nicaragua-recompense-dans-un-concours-cinematographique\\\/#primaryimage\"},\"image\":{\"@id\":\"https:\\\/\\\/acninternational.org\\\/fr\\\/un-documentaire-sur-la-situation-difficile-de-leglise-du-nicaragua-recompense-dans-un-concours-cinematographique\\\/#primaryimage\"},\"thumbnailUrl\":\"https:\\\/\\\/media.acninternational.org\\\/wp-content\\\/uploads\\\/2019\\\/11\\\/Nicaragua-una-Iglesia-al-lado-de-su-pueblo-image-1.jpg\",\"datePublished\":\"2021-07-02T07:42:28+00:00\",\"dateModified\":\"2021-07-02T07:48:59+00:00\",\"description\":\"\u00ab\u00a0Seigneur, donne-nous la paix\u00a0\u00bb (\u00ab\u00a0Lord, Grant Us Peace\u00a0\u00bb), un court m\u00e9trage produit par la soci\u00e9t\u00e9 de production catholique Catholic Radio and TV Network (CRTN), et soutenu par la fondation internationale catholique\u00a0Aide \u00e0 l\u2019\u00c9glise en D\u00e9tresse (AED), a re\u00e7u le prix du meilleur court-m\u00e9trage (The Best Shorts Film Competition). Le documentaire d\u00e9crit la situation au Nicaragua et raconte \u00e0 travers les yeux de leaders et de jeunes catholiques l\u2019histoire de la r\u00e9pression politique de ces derni\u00e8res ann\u00e9es, les efforts de l\u2019\u00c9glise pour parvenir \u00e0 la paix, et la souffrance des fid\u00e8les.\",\"breadcrumb\":{\"@id\":\"https:\\\/\\\/acninternational.org\\\/fr\\\/un-documentaire-sur-la-situation-difficile-de-leglise-du-nicaragua-recompense-dans-un-concours-cinematographique\\\/#breadcrumb\"},\"inLanguage\":\"fr-FR\",\"potentialAction\":[{\"@type\":\"ReadAction\",\"target\":[\"https:\\\/\\\/acninternational.org\\\/fr\\\/un-documentaire-sur-la-situation-difficile-de-leglise-du-nicaragua-recompense-dans-un-concours-cinematographique\\\/\"]}]},{\"@type\":\"ImageObject\",\"inLanguage\":\"fr-FR\",\"@id\":\"https:\\\/\\\/acninternational.org\\\/fr\\\/un-documentaire-sur-la-situation-difficile-de-leglise-du-nicaragua-recompense-dans-un-concours-cinematographique\\\/#primaryimage\",\"url\":\"https:\\\/\\\/media.acninternational.org\\\/wp-content\\\/uploads\\\/2019\\\/11\\\/Nicaragua-una-Iglesia-al-lado-de-su-pueblo-image-1.jpg\",\"contentUrl\":\"https:\\\/\\\/media.acninternational.org\\\/wp-content\\\/uploads\\\/2019\\\/11\\\/Nicaragua-una-Iglesia-al-lado-de-su-pueblo-image-1.jpg\",\"width\":1200,\"height\":628},{\"@type\":\"BreadcrumbList\",\"@id\":\"https:\\\/\\\/acninternational.org\\\/fr\\\/un-documentaire-sur-la-situation-difficile-de-leglise-du-nicaragua-recompense-dans-un-concours-cinematographique\\\/#breadcrumb\",\"itemListElement\":[{\"@type\":\"ListItem\",\"position\":1,\"name\":\"Home\",\"item\":\"https:\\\/\\\/acninternational.org\\\/fr\\\/\"},{\"@type\":\"ListItem\",\"position\":2,\"name\":\"Interview\",\"item\":\"https:\\\/\\\/acninternational.org\\\/fr\\\/category\\\/interview-2-fr\\\/\"},{\"@type\":\"ListItem\",\"position\":3,\"name\":\"Un documentaire sur la situation difficile de l\u2019\u00c9glise du Nicaragua, r\u00e9compens\u00e9 dans un concours cin\u00e9matographique\"}]},{\"@type\":\"WebSite\",\"@id\":\"https:\\\/\\\/acninternational.org\\\/fr\\\/#website\",\"url\":\"https:\\\/\\\/acninternational.org\\\/fr\\\/\",\"name\":\"ACN International\",\"description\":\"\",\"publisher\":{\"@id\":\"https:\\\/\\\/acninternational.org\\\/fr\\\/#organization\"},\"potentialAction\":[{\"@type\":\"SearchAction\",\"target\":{\"@type\":\"EntryPoint\",\"urlTemplate\":\"https:\\\/\\\/acninternational.org\\\/fr\\\/?s={search_term_string}\"},\"query-input\":{\"@type\":\"PropertyValueSpecification\",\"valueRequired\":true,\"valueName\":\"search_term_string\"}}],\"inLanguage\":\"fr-FR\"},{\"@type\":\"Organization\",\"@id\":\"https:\\\/\\\/acninternational.org\\\/fr\\\/#organization\",\"name\":\"Aid to the Church in Need International\",\"url\":\"https:\\\/\\\/acninternational.org\\\/fr\\\/\",\"logo\":{\"@type\":\"ImageObject\",\"inLanguage\":\"fr-FR\",\"@id\":\"https:\\\/\\\/acninternational.org\\\/fr\\\/#\\\/schema\\\/logo\\\/image\\\/\",\"url\":\"https:\\\/\\\/media.acninternational.org\\\/wp-content\\\/uploads\\\/2019\\\/11\\\/acn_logo_blackvector.svg\",\"contentUrl\":\"https:\\\/\\\/media.acninternational.org\\\/wp-content\\\/uploads\\\/2019\\\/11\\\/acn_logo_blackvector.svg\",\"width\":232.6,\"height\":78,\"caption\":\"Aid to the Church in Need International\"},\"image\":{\"@id\":\"https:\\\/\\\/acninternational.org\\\/fr\\\/#\\\/schema\\\/logo\\\/image\\\/\"},\"sameAs\":[\"https:\\\/\\\/www.facebook.com\\\/acninternationalorg\",\"https:\\\/\\\/x.com\\\/acn_int\",\"https:\\\/\\\/www.youtube.com\\\/channel\\\/UCQ-077gS0TnVzkhHmf1opZw\",\"https:\\\/\\\/www.instagram.com\\\/acn_international\\\/\"]},{\"@type\":\"Person\",\"@id\":\"https:\\\/\\\/acninternational.org\\\/fr\\\/#\\\/schema\\\/person\\\/7f3dafb236b242fb2aa46be1411fd703\",\"name\":\"ACN Press Team\",\"description\":\"Lorem ipsum dolor sit amet, consectetur adipiscing elit, sed do eiusmod tempor incididunt ut labore et dolore magna aliqua. Ut enim ad minim veniam, quis nostrud exercitation ullamco laboris nisi ut aliquip ex ea commodo consequat.\",\"url\":\"https:\\\/\\\/acninternational.org\\\/fr\\\/author\\\/acn-press-team\\\/\"}]}<\/script>\n<!-- \/ Yoast SEO Premium plugin. -->","yoast_head_json":{"title":"Un documentaire sur la situation difficile de l\u2019\u00c9glise du Nicaragua, r\u00e9compens\u00e9 dans un concours cin\u00e9matographique | ACN International","description":"\u00ab\u00a0Seigneur, donne-nous la paix\u00a0\u00bb (\u00ab\u00a0Lord, Grant Us Peace\u00a0\u00bb), un court m\u00e9trage produit par la soci\u00e9t\u00e9 de production catholique Catholic Radio and TV Network (CRTN), et soutenu par la fondation internationale catholique\u00a0Aide \u00e0 l\u2019\u00c9glise en D\u00e9tresse (AED), a re\u00e7u le prix du meilleur court-m\u00e9trage (The Best Shorts Film Competition). Le documentaire d\u00e9crit la situation au Nicaragua et raconte \u00e0 travers les yeux de leaders et de jeunes catholiques l\u2019histoire de la r\u00e9pression politique de ces derni\u00e8res ann\u00e9es, les efforts de l\u2019\u00c9glise pour parvenir \u00e0 la paix, et la souffrance des fid\u00e8les.","robots":{"index":"index","follow":"follow","max-snippet":"max-snippet:-1","max-image-preview":"max-image-preview:large","max-video-preview":"max-video-preview:-1"},"canonical":"https:\/\/acninternational.org\/fr\/un-documentaire-sur-la-situation-difficile-de-leglise-du-nicaragua-recompense-dans-un-concours-cinematographique\/","og_locale":"fr_FR","og_type":"article","og_title":"Un documentaire sur la situation difficile de l\u2019\u00c9glise du Nicaragua, r\u00e9compens\u00e9 dans un concours cin\u00e9matographique","og_description":"\u00ab\u00a0Seigneur, donne-nous la paix\u00a0\u00bb (\u00ab\u00a0Lord, Grant Us Peace\u00a0\u00bb), un court m\u00e9trage produit par la soci\u00e9t\u00e9 de production catholique Catholic Radio and TV Network (CRTN), et soutenu par la fondation internationale catholique\u00a0Aide \u00e0 l\u2019\u00c9glise en D\u00e9tresse (AED), a re\u00e7u le prix du meilleur court-m\u00e9trage (The Best Shorts Film Competition). Le documentaire d\u00e9crit la situation au Nicaragua et raconte \u00e0 travers les yeux de leaders et de jeunes catholiques l\u2019histoire de la r\u00e9pression politique de ces derni\u00e8res ann\u00e9es, les efforts de l\u2019\u00c9glise pour parvenir \u00e0 la paix, et la souffrance des fid\u00e8les.","og_url":"https:\/\/acninternational.org\/fr\/un-documentaire-sur-la-situation-difficile-de-leglise-du-nicaragua-recompense-dans-un-concours-cinematographique\/","og_site_name":"ACN International","article_publisher":"https:\/\/www.facebook.com\/acninternationalorg","article_published_time":"2021-07-02T07:42:28+00:00","article_modified_time":"2021-07-02T07:48:59+00:00","og_image":[{"width":1200,"height":628,"url":"https:\/\/media.acninternational.org\/wp-content\/uploads\/2019\/11\/Nicaragua-una-Iglesia-al-lado-de-su-pueblo-image-1.jpg","type":"image\/jpeg"}],"author":"ACN Press Team","twitter_card":"summary_large_image","twitter_creator":"@acn_int","twitter_site":"@acn_int","twitter_misc":{"\u00c9crit par":"ACN Press Team","Dur\u00e9e de lecture estim\u00e9e":"5 minutes"},"schema":{"@context":"https:\/\/schema.org","@graph":[{"@type":"Article","@id":"https:\/\/acninternational.org\/fr\/un-documentaire-sur-la-situation-difficile-de-leglise-du-nicaragua-recompense-dans-un-concours-cinematographique\/#article","isPartOf":{"@id":"https:\/\/acninternational.org\/fr\/un-documentaire-sur-la-situation-difficile-de-leglise-du-nicaragua-recompense-dans-un-concours-cinematographique\/"},"author":{"name":"ACN Press Team","@id":"https:\/\/acninternational.org\/fr\/#\/schema\/person\/7f3dafb236b242fb2aa46be1411fd703"},"headline":"Un documentaire sur la situation difficile de l\u2019\u00c9glise du Nicaragua, r\u00e9compens\u00e9 dans un concours cin\u00e9matographique","datePublished":"2021-07-02T07:42:28+00:00","dateModified":"2021-07-02T07:48:59+00:00","mainEntityOfPage":{"@id":"https:\/\/acninternational.org\/fr\/un-documentaire-sur-la-situation-difficile-de-leglise-du-nicaragua-recompense-dans-un-concours-cinematographique\/"},"wordCount":1214,"publisher":{"@id":"https:\/\/acninternational.org\/fr\/#organization"},"image":{"@id":"https:\/\/acninternational.org\/fr\/un-documentaire-sur-la-situation-difficile-de-leglise-du-nicaragua-recompense-dans-un-concours-cinematographique\/#primaryimage"},"thumbnailUrl":"https:\/\/media.acninternational.org\/wp-content\/uploads\/2019\/11\/Nicaragua-una-Iglesia-al-lado-de-su-pueblo-image-1.jpg","articleSection":["Interview"],"inLanguage":"fr-FR"},{"@type":"WebPage","@id":"https:\/\/acninternational.org\/fr\/un-documentaire-sur-la-situation-difficile-de-leglise-du-nicaragua-recompense-dans-un-concours-cinematographique\/","url":"https:\/\/acninternational.org\/fr\/un-documentaire-sur-la-situation-difficile-de-leglise-du-nicaragua-recompense-dans-un-concours-cinematographique\/","name":"Un documentaire sur la situation difficile de l\u2019\u00c9glise du Nicaragua, r\u00e9compens\u00e9 dans un concours cin\u00e9matographique | ACN International","isPartOf":{"@id":"https:\/\/acninternational.org\/fr\/#website"},"primaryImageOfPage":{"@id":"https:\/\/acninternational.org\/fr\/un-documentaire-sur-la-situation-difficile-de-leglise-du-nicaragua-recompense-dans-un-concours-cinematographique\/#primaryimage"},"image":{"@id":"https:\/\/acninternational.org\/fr\/un-documentaire-sur-la-situation-difficile-de-leglise-du-nicaragua-recompense-dans-un-concours-cinematographique\/#primaryimage"},"thumbnailUrl":"https:\/\/media.acninternational.org\/wp-content\/uploads\/2019\/11\/Nicaragua-una-Iglesia-al-lado-de-su-pueblo-image-1.jpg","datePublished":"2021-07-02T07:42:28+00:00","dateModified":"2021-07-02T07:48:59+00:00","description":"\u00ab\u00a0Seigneur, donne-nous la paix\u00a0\u00bb (\u00ab\u00a0Lord, Grant Us Peace\u00a0\u00bb), un court m\u00e9trage produit par la soci\u00e9t\u00e9 de production catholique Catholic Radio and TV Network (CRTN), et soutenu par la fondation internationale catholique\u00a0Aide \u00e0 l\u2019\u00c9glise en D\u00e9tresse (AED), a re\u00e7u le prix du meilleur court-m\u00e9trage (The Best Shorts Film Competition). Le documentaire d\u00e9crit la situation au Nicaragua et raconte \u00e0 travers les yeux de leaders et de jeunes catholiques l\u2019histoire de la r\u00e9pression politique de ces derni\u00e8res ann\u00e9es, les efforts de l\u2019\u00c9glise pour parvenir \u00e0 la paix, et la souffrance des fid\u00e8les.","breadcrumb":{"@id":"https:\/\/acninternational.org\/fr\/un-documentaire-sur-la-situation-difficile-de-leglise-du-nicaragua-recompense-dans-un-concours-cinematographique\/#breadcrumb"},"inLanguage":"fr-FR","potentialAction":[{"@type":"ReadAction","target":["https:\/\/acninternational.org\/fr\/un-documentaire-sur-la-situation-difficile-de-leglise-du-nicaragua-recompense-dans-un-concours-cinematographique\/"]}]},{"@type":"ImageObject","inLanguage":"fr-FR","@id":"https:\/\/acninternational.org\/fr\/un-documentaire-sur-la-situation-difficile-de-leglise-du-nicaragua-recompense-dans-un-concours-cinematographique\/#primaryimage","url":"https:\/\/media.acninternational.org\/wp-content\/uploads\/2019\/11\/Nicaragua-una-Iglesia-al-lado-de-su-pueblo-image-1.jpg","contentUrl":"https:\/\/media.acninternational.org\/wp-content\/uploads\/2019\/11\/Nicaragua-una-Iglesia-al-lado-de-su-pueblo-image-1.jpg","width":1200,"height":628},{"@type":"BreadcrumbList","@id":"https:\/\/acninternational.org\/fr\/un-documentaire-sur-la-situation-difficile-de-leglise-du-nicaragua-recompense-dans-un-concours-cinematographique\/#breadcrumb","itemListElement":[{"@type":"ListItem","position":1,"name":"Home","item":"https:\/\/acninternational.org\/fr\/"},{"@type":"ListItem","position":2,"name":"Interview","item":"https:\/\/acninternational.org\/fr\/category\/interview-2-fr\/"},{"@type":"ListItem","position":3,"name":"Un documentaire sur la situation difficile de l\u2019\u00c9glise du Nicaragua, r\u00e9compens\u00e9 dans un concours cin\u00e9matographique"}]},{"@type":"WebSite","@id":"https:\/\/acninternational.org\/fr\/#website","url":"https:\/\/acninternational.org\/fr\/","name":"ACN International","description":"","publisher":{"@id":"https:\/\/acninternational.org\/fr\/#organization"},"potentialAction":[{"@type":"SearchAction","target":{"@type":"EntryPoint","urlTemplate":"https:\/\/acninternational.org\/fr\/?s={search_term_string}"},"query-input":{"@type":"PropertyValueSpecification","valueRequired":true,"valueName":"search_term_string"}}],"inLanguage":"fr-FR"},{"@type":"Organization","@id":"https:\/\/acninternational.org\/fr\/#organization","name":"Aid to the Church in Need International","url":"https:\/\/acninternational.org\/fr\/","logo":{"@type":"ImageObject","inLanguage":"fr-FR","@id":"https:\/\/acninternational.org\/fr\/#\/schema\/logo\/image\/","url":"https:\/\/media.acninternational.org\/wp-content\/uploads\/2019\/11\/acn_logo_blackvector.svg","contentUrl":"https:\/\/media.acninternational.org\/wp-content\/uploads\/2019\/11\/acn_logo_blackvector.svg","width":232.6,"height":78,"caption":"Aid to the Church in Need International"},"image":{"@id":"https:\/\/acninternational.org\/fr\/#\/schema\/logo\/image\/"},"sameAs":["https:\/\/www.facebook.com\/acninternationalorg","https:\/\/x.com\/acn_int","https:\/\/www.youtube.com\/channel\/UCQ-077gS0TnVzkhHmf1opZw","https:\/\/www.instagram.com\/acn_international\/"]},{"@type":"Person","@id":"https:\/\/acninternational.org\/fr\/#\/schema\/person\/7f3dafb236b242fb2aa46be1411fd703","name":"ACN Press Team","description":"Lorem ipsum dolor sit amet, consectetur adipiscing elit, sed do eiusmod tempor incididunt ut labore et dolore magna aliqua. Ut enim ad minim veniam, quis nostrud exercitation ullamco laboris nisi ut aliquip ex ea commodo consequat.","url":"https:\/\/acninternational.org\/fr\/author\/acn-press-team\/"}]}},"_links":{"self":[{"href":"https:\/\/acninternational.org\/fr\/wp-json\/wp\/v2\/posts\/155028","targetHints":{"allow":["GET"]}}],"collection":[{"href":"https:\/\/acninternational.org\/fr\/wp-json\/wp\/v2\/posts"}],"about":[{"href":"https:\/\/acninternational.org\/fr\/wp-json\/wp\/v2\/types\/post"}],"author":[{"embeddable":true,"href":"https:\/\/acninternational.org\/fr\/wp-json\/wp\/v2\/users\/4258341447"}],"replies":[{"embeddable":true,"href":"https:\/\/acninternational.org\/fr\/wp-json\/wp\/v2\/comments?post=155028"}],"version-history":[{"count":0,"href":"https:\/\/acninternational.org\/fr\/wp-json\/wp\/v2\/posts\/155028\/revisions"}],"wp:featuredmedia":[{"embeddable":true,"href":"https:\/\/acninternational.org\/fr\/wp-json\/wp\/v2\/media\/121041"}],"wp:attachment":[{"href":"https:\/\/acninternational.org\/fr\/wp-json\/wp\/v2\/media?parent=155028"}],"wp:term":[{"taxonomy":"category","embeddable":true,"href":"https:\/\/acninternational.org\/fr\/wp-json\/wp\/v2\/categories?post=155028"},{"taxonomy":"post_tag","embeddable":true,"href":"https:\/\/acninternational.org\/fr\/wp-json\/wp\/v2\/tags?post=155028"},{"taxonomy":"country","embeddable":true,"href":"https:\/\/acninternational.org\/fr\/wp-json\/wp\/v2\/country?post=155028"}],"curies":[{"name":"wp","href":"https:\/\/api.w.org\/{rel}","templated":true}]}}