{"id":151850,"date":"2021-05-31T10:19:39","date_gmt":"2021-05-31T08:19:39","guid":{"rendered":"https:\/\/acninternational.org\/?p=151850"},"modified":"2021-06-02T10:08:21","modified_gmt":"2021-06-02T08:08:21","slug":"irak-la-formation-redonne-de-lesperance","status":"publish","type":"post","link":"https:\/\/acninternational.org\/fr\/irak-la-formation-redonne-de-lesperance\/","title":{"rendered":"Irak: La formation redonne de l\u2019esp\u00e9rance"},"content":{"rendered":"<p>\u00ab Investir dans la connaissance, c\u2019est cela qui produit le meilleur rendement \u00bb. Cette c\u00e9l\u00e8bre phrase de Benjamin Franklin s\u2019applique partout et en tout temps. En Irak aussi. Et le rendementl\u00e0-bas, c\u2019est de trouver du travail, avoir des perspectives d\u2019avenir, favoriser la r\u00e9conciliation, et surtout pr\u00e9serverla pr\u00e9sence chr\u00e9tienne. Le projet de l\u2019Universit\u00e9 Catholique d\u2019Erbil produit ce rendement. L\u2019archidioc\u00e8se d\u2019Erbil, dans le nord de l\u2019Irak, compte plus de 100 000 chr\u00e9tiens, dont beaucoup ont fui la terreur de l\u2019\u00c9tat islamique en 2014. Le Kurdistan est devenu une nouvelle patrie pour de nombreux chr\u00e9tiens. Y compris pour les<br \/>\n\u00e9tudiants de l\u2019Universit\u00e9 Catholique, qui sont presque 200. \u00ab Notre objectif pour l\u2019ann\u00e9e acad\u00e9mique 2022-2023 est d\u2019avoir 825 \u00e9tudiants \u2013 615 chr\u00e9tiens, 125 musulmans et 85 y\u00e9zidis \u00bb, d\u00e9clare Mgr Bashar Warda, qui a pr\u00e9sent\u00e9 le projet au pape Fran\u00e7ois lors de sa visite en mars. L\u2019universit\u00e9 se situe \u00e0 Ankawa, le quartier chr\u00e9tien d\u2019Erbil, dans un environnement s\u00e9curis\u00e9 et rassurant. L\u2019enseignement se fait en anglais.<\/p>\n<figure id=\"attachment_151898\" aria-describedby=\"caption-attachment-151898\" style=\"width: 670px\" class=\"wp-caption alignnone\"><img loading=\"lazy\" decoding=\"async\" class=\"wp-image-151898 size-full\" src=\"https:\/\/media.acninternational.org\/wp-content\/uploads\/2021\/05\/Erbil_IRAQ_University2.jpg\" alt=\"CUE \u2013 Catholic University Erbil : je suis au bon endroit !\" width=\"670\" height=\"400\" srcset=\"https:\/\/media.acninternational.org\/wp-content\/uploads\/2021\/05\/Erbil_IRAQ_University2.jpg 670w, https:\/\/media.acninternational.org\/wp-content\/uploads\/2021\/05\/Erbil_IRAQ_University2-300x179.jpg 300w\" sizes=\"auto, (max-width: 670px) 100vw, 670px\" \/><figcaption id=\"caption-attachment-151898\" class=\"wp-caption-text\">CUE \u2013 Catholic University Erbil : je suis au bon endroit !<\/figcaption><\/figure>\n<p>&nbsp;<\/p>\n<p>Les \u00e9tudiants seront dipl\u00f4m\u00e9s en gestion financi\u00e8re, informatique, ing\u00e9nierie et architecture. Bien s\u00fbr, la doctrine sociale catholique y est \u00e9galement enseign\u00e9e. La m\u00e9decine et la p\u00e9dagogie s\u2019y ajouteront bient\u00f4t. L\u2019universit\u00e9 est en relation avec d\u2019autres universit\u00e9s, en Italie, au Royaume Uni, en Australie et aux \u00c9tats-Unis. \u00ab Il s\u2019agit, a d\u00e9clar\u00e9 Mgr Warda, d\u2019offrir \u00e0 nos jeunes des possibilit\u00e9s d\u2019\u00e9ducation et de carri\u00e8re, de former des cadres issus de la minorit\u00e9 chr\u00e9tienne et, gr\u00e2ce \u00e0 l\u2019universit\u00e9, d\u2019\u00e9tablir un foyer \u00e0 long terme pour la communaut\u00e9 chr\u00e9tienne en Irak. L\u2019universit\u00e9 donnera \u00e0 la communaut\u00e9 chr\u00e9tienne un sentiment important de valeur et d\u2019appartenance \u00bb. L\u2019archidioc\u00e8se n\u2019est pas en mesure de financer seul ce projet. Une ann\u00e9e d\u2019\u00e9tudes co\u00fbte en moyenne 2400 euros par \u00e9tudiant.<\/p>\n<figure id=\"attachment_151892\" aria-describedby=\"caption-attachment-151892\" style=\"width: 670px\" class=\"wp-caption alignnone\"><img loading=\"lazy\" decoding=\"async\" class=\"wp-image-151892 size-full\" src=\"https:\/\/media.acninternational.org\/wp-content\/uploads\/2021\/05\/Erbil_IRAQ_University3.jpg\" alt=\"Gr\u00e2ce aux exercices pratiques, la qualit\u00e9 et la comp\u00e9tence sont assur\u00e9es !\" width=\"670\" height=\"400\" srcset=\"https:\/\/media.acninternational.org\/wp-content\/uploads\/2021\/05\/Erbil_IRAQ_University3.jpg 670w, https:\/\/media.acninternational.org\/wp-content\/uploads\/2021\/05\/Erbil_IRAQ_University3-300x179.jpg 300w\" sizes=\"auto, (max-width: 670px) 100vw, 670px\" \/><figcaption id=\"caption-attachment-151892\" class=\"wp-caption-text\">Gr\u00e2ce aux exercices pratiques, la qualit\u00e9 et la comp\u00e9tence sont assur\u00e9es !<\/figcaption><\/figure>\n<p>&nbsp;<\/p>\n<p>Le gouvernement de Bagdad n\u2019investissant pas dans les universit\u00e9s priv\u00e9es, mais seulement dans des universit\u00e9s publiques \u2013 o\u00f9 il offre des bourses aux \u00e9tudiants \u2013 la tentation est grande pourles familles chr\u00e9tiennes d\u2019y envoyer leurs jeunes. Cependant, ces jeunes y seraient soumis \u00e0 la pression sociale des islamistes, \u00e0 la discrimination et \u00e0 l\u2019isolement. L\u2019ambiance est tr\u00e8s diff\u00e9rente \u00e0 Erbil. Plus de la moiti\u00e9 des \u00e9tudiants sont de jeunes femmes. Personne n\u2019est discrimin\u00e9, et la qualit\u00e9 de l\u2019enseignement est bonne (cinq ans \u00e0 peine apr\u00e8s sa cr\u00e9ation, Erbil est \u00e0 la 41\u00e8me place surles 250 universit\u00e9s d\u2019Irak. Pour que l\u2019universit\u00e9 puisse grandir, l\u2019Aide \u00e0 l\u2019\u00c9glise en D\u00e9tresse offrira 150 bourses pendant quatre ans \u00e0 des \u00e9tudiants chr\u00e9tiens, pour un total de 1,5 million euros. L\u2019universit\u00e9 esp\u00e8re ensuite \u00eatre autonome. \u00ab L\u2019\u00e9ducation, c\u2019est ce qui reste quand on a d\u00e9pens\u00e9 son dernier dollar \u00bb. Il y a beaucoup de sagesse dans cette phrase ironique de Mark Twain. Quand l\u2019Aide \u00e0 l\u2019\u00c9glise en D\u00e9tresse aura investi son dernier dollar, les esprits seront certainement bien plus \u00e9duqu\u00e9s etil y aura bien davantage d\u2019esp\u00e9rance dans les c\u0153urs. Ces deux desseins garantissentla pr\u00e9sence des chr\u00e9tiens en Irak.<\/p>\n","protected":false},"excerpt":{"rendered":"<p>\u00ab Investir dans la connaissance, c\u2019est cela qui produit le meilleur rendement \u00bb. Cette c\u00e9l\u00e8bre phrase de Benjamin Franklin s\u2019applique<\/p>\n","protected":false},"author":4258341447,"featured_media":151904,"comment_status":"closed","ping_status":"closed","sticky":false,"template":"","format":"standard","meta":{"_acf_changed":false,"_acn_coauthor_ids":[],"footnotes":""},"categories":[921],"tags":[],"country":[386],"class_list":["post-151850","post","type-post","status-publish","format-standard","has-post-thumbnail","hentry","category-projet","country-irak"],"acn_coauthors":[],"acf":[],"yoast_head":"<!-- This site is optimized with the Yoast SEO Premium plugin v27.3 (Yoast SEO v27.3) - https:\/\/yoast.com\/product\/yoast-seo-premium-wordpress\/ -->\n<title>Irak: La formation redonne de l\u2019esp\u00e9rance | ACN International<\/title>\n<meta name=\"robots\" content=\"index, follow, max-snippet:-1, max-image-preview:large, max-video-preview:-1\" \/>\n<link rel=\"canonical\" href=\"https:\/\/acninternational.org\/fr\/irak-la-formation-redonne-de-lesperance\/\" \/>\n<meta property=\"og:locale\" content=\"fr_FR\" \/>\n<meta property=\"og:type\" content=\"article\" \/>\n<meta property=\"og:title\" content=\"Irak: La formation redonne de l\u2019esp\u00e9rance\" \/>\n<meta property=\"og:description\" content=\"\u00ab Investir dans la connaissance, c\u2019est cela qui produit le meilleur rendement \u00bb. Cette c\u00e9l\u00e8bre phrase de Benjamin Franklin s\u2019applique\" \/>\n<meta property=\"og:url\" content=\"https:\/\/acninternational.org\/fr\/irak-la-formation-redonne-de-lesperance\/\" \/>\n<meta property=\"og:site_name\" content=\"ACN International\" \/>\n<meta property=\"article:publisher\" content=\"https:\/\/www.facebook.com\/acninternationalorg\" \/>\n<meta property=\"article:published_time\" content=\"2021-05-31T08:19:39+00:00\" \/>\n<meta property=\"article:modified_time\" content=\"2021-06-02T08:08:21+00:00\" \/>\n<meta property=\"og:image\" content=\"https:\/\/media.acninternational.org\/wp-content\/uploads\/2021\/05\/Erbil_IRAQ_University.jpg\" \/>\n\t<meta property=\"og:image:width\" content=\"1400\" \/>\n\t<meta property=\"og:image:height\" content=\"438\" \/>\n\t<meta property=\"og:image:type\" content=\"image\/jpeg\" \/>\n<meta name=\"author\" content=\"ACN Press Team\" \/>\n<meta name=\"twitter:card\" content=\"summary_large_image\" \/>\n<meta name=\"twitter:creator\" content=\"@acn_int\" \/>\n<meta name=\"twitter:site\" content=\"@acn_int\" \/>\n<meta name=\"twitter:label1\" content=\"\u00c9crit par\" \/>\n\t<meta name=\"twitter:data1\" content=\"ACN Press Team\" \/>\n\t<meta name=\"twitter:label2\" content=\"Dur\u00e9e de lecture estim\u00e9e\" \/>\n\t<meta name=\"twitter:data2\" content=\"3 minutes\" \/>\n<script type=\"application\/ld+json\" class=\"yoast-schema-graph\">{\"@context\":\"https:\\\/\\\/schema.org\",\"@graph\":[{\"@type\":\"Article\",\"@id\":\"https:\\\/\\\/acninternational.org\\\/fr\\\/irak-la-formation-redonne-de-lesperance\\\/#article\",\"isPartOf\":{\"@id\":\"https:\\\/\\\/acninternational.org\\\/fr\\\/irak-la-formation-redonne-de-lesperance\\\/\"},\"author\":{\"name\":\"ACN Press Team\",\"@id\":\"https:\\\/\\\/acninternational.org\\\/fr\\\/#\\\/schema\\\/person\\\/7f3dafb236b242fb2aa46be1411fd703\"},\"headline\":\"Irak: La formation redonne de l\u2019esp\u00e9rance\",\"datePublished\":\"2021-05-31T08:19:39+00:00\",\"dateModified\":\"2021-06-02T08:08:21+00:00\",\"mainEntityOfPage\":{\"@id\":\"https:\\\/\\\/acninternational.org\\\/fr\\\/irak-la-formation-redonne-de-lesperance\\\/\"},\"wordCount\":589,\"publisher\":{\"@id\":\"https:\\\/\\\/acninternational.org\\\/fr\\\/#organization\"},\"image\":{\"@id\":\"https:\\\/\\\/acninternational.org\\\/fr\\\/irak-la-formation-redonne-de-lesperance\\\/#primaryimage\"},\"thumbnailUrl\":\"https:\\\/\\\/media.acninternational.org\\\/wp-content\\\/uploads\\\/2021\\\/05\\\/Erbil_IRAQ_University.jpg\",\"articleSection\":[\"Projet\"],\"inLanguage\":\"fr-FR\"},{\"@type\":\"WebPage\",\"@id\":\"https:\\\/\\\/acninternational.org\\\/fr\\\/irak-la-formation-redonne-de-lesperance\\\/\",\"url\":\"https:\\\/\\\/acninternational.org\\\/fr\\\/irak-la-formation-redonne-de-lesperance\\\/\",\"name\":\"Irak: La formation redonne de l\u2019esp\u00e9rance | ACN International\",\"isPartOf\":{\"@id\":\"https:\\\/\\\/acninternational.org\\\/fr\\\/#website\"},\"primaryImageOfPage\":{\"@id\":\"https:\\\/\\\/acninternational.org\\\/fr\\\/irak-la-formation-redonne-de-lesperance\\\/#primaryimage\"},\"image\":{\"@id\":\"https:\\\/\\\/acninternational.org\\\/fr\\\/irak-la-formation-redonne-de-lesperance\\\/#primaryimage\"},\"thumbnailUrl\":\"https:\\\/\\\/media.acninternational.org\\\/wp-content\\\/uploads\\\/2021\\\/05\\\/Erbil_IRAQ_University.jpg\",\"datePublished\":\"2021-05-31T08:19:39+00:00\",\"dateModified\":\"2021-06-02T08:08:21+00:00\",\"breadcrumb\":{\"@id\":\"https:\\\/\\\/acninternational.org\\\/fr\\\/irak-la-formation-redonne-de-lesperance\\\/#breadcrumb\"},\"inLanguage\":\"fr-FR\",\"potentialAction\":[{\"@type\":\"ReadAction\",\"target\":[\"https:\\\/\\\/acninternational.org\\\/fr\\\/irak-la-formation-redonne-de-lesperance\\\/\"]}]},{\"@type\":\"ImageObject\",\"inLanguage\":\"fr-FR\",\"@id\":\"https:\\\/\\\/acninternational.org\\\/fr\\\/irak-la-formation-redonne-de-lesperance\\\/#primaryimage\",\"url\":\"https:\\\/\\\/media.acninternational.org\\\/wp-content\\\/uploads\\\/2021\\\/05\\\/Erbil_IRAQ_University.jpg\",\"contentUrl\":\"https:\\\/\\\/media.acninternational.org\\\/wp-content\\\/uploads\\\/2021\\\/05\\\/Erbil_IRAQ_University.jpg\",\"width\":1400,\"height\":438},{\"@type\":\"BreadcrumbList\",\"@id\":\"https:\\\/\\\/acninternational.org\\\/fr\\\/irak-la-formation-redonne-de-lesperance\\\/#breadcrumb\",\"itemListElement\":[{\"@type\":\"ListItem\",\"position\":1,\"name\":\"Home\",\"item\":\"https:\\\/\\\/acninternational.org\\\/fr\\\/\"},{\"@type\":\"ListItem\",\"position\":2,\"name\":\"PROJECTS\",\"item\":\"https:\\\/\\\/acninternational.org\\\/fr\\\/category\\\/projects-fr\\\/\"},{\"@type\":\"ListItem\",\"position\":3,\"name\":\"Irak: La formation redonne de l\u2019esp\u00e9rance\"}]},{\"@type\":\"WebSite\",\"@id\":\"https:\\\/\\\/acninternational.org\\\/fr\\\/#website\",\"url\":\"https:\\\/\\\/acninternational.org\\\/fr\\\/\",\"name\":\"ACN International\",\"description\":\"\",\"publisher\":{\"@id\":\"https:\\\/\\\/acninternational.org\\\/fr\\\/#organization\"},\"potentialAction\":[{\"@type\":\"SearchAction\",\"target\":{\"@type\":\"EntryPoint\",\"urlTemplate\":\"https:\\\/\\\/acninternational.org\\\/fr\\\/?s={search_term_string}\"},\"query-input\":{\"@type\":\"PropertyValueSpecification\",\"valueRequired\":true,\"valueName\":\"search_term_string\"}}],\"inLanguage\":\"fr-FR\"},{\"@type\":\"Organization\",\"@id\":\"https:\\\/\\\/acninternational.org\\\/fr\\\/#organization\",\"name\":\"Aid to the Church in Need International\",\"url\":\"https:\\\/\\\/acninternational.org\\\/fr\\\/\",\"logo\":{\"@type\":\"ImageObject\",\"inLanguage\":\"fr-FR\",\"@id\":\"https:\\\/\\\/acninternational.org\\\/fr\\\/#\\\/schema\\\/logo\\\/image\\\/\",\"url\":\"https:\\\/\\\/media.acninternational.org\\\/wp-content\\\/uploads\\\/2019\\\/11\\\/acn_logo_blackvector.svg\",\"contentUrl\":\"https:\\\/\\\/media.acninternational.org\\\/wp-content\\\/uploads\\\/2019\\\/11\\\/acn_logo_blackvector.svg\",\"width\":232.6,\"height\":78,\"caption\":\"Aid to the Church in Need International\"},\"image\":{\"@id\":\"https:\\\/\\\/acninternational.org\\\/fr\\\/#\\\/schema\\\/logo\\\/image\\\/\"},\"sameAs\":[\"https:\\\/\\\/www.facebook.com\\\/acninternationalorg\",\"https:\\\/\\\/x.com\\\/acn_int\",\"https:\\\/\\\/www.youtube.com\\\/channel\\\/UCQ-077gS0TnVzkhHmf1opZw\",\"https:\\\/\\\/www.instagram.com\\\/acn_international\\\/\"]},{\"@type\":\"Person\",\"@id\":\"https:\\\/\\\/acninternational.org\\\/fr\\\/#\\\/schema\\\/person\\\/7f3dafb236b242fb2aa46be1411fd703\",\"name\":\"ACN Press Team\",\"description\":\"Lorem ipsum dolor sit amet, consectetur adipiscing elit, sed do eiusmod tempor incididunt ut labore et dolore magna aliqua. Ut enim ad minim veniam, quis nostrud exercitation ullamco laboris nisi ut aliquip ex ea commodo consequat.\",\"url\":\"https:\\\/\\\/acninternational.org\\\/fr\\\/author\\\/acn-press-team\\\/\"}]}<\/script>\n<!-- \/ Yoast SEO Premium plugin. -->","yoast_head_json":{"title":"Irak: La formation redonne de l\u2019esp\u00e9rance | ACN International","robots":{"index":"index","follow":"follow","max-snippet":"max-snippet:-1","max-image-preview":"max-image-preview:large","max-video-preview":"max-video-preview:-1"},"canonical":"https:\/\/acninternational.org\/fr\/irak-la-formation-redonne-de-lesperance\/","og_locale":"fr_FR","og_type":"article","og_title":"Irak: La formation redonne de l\u2019esp\u00e9rance","og_description":"\u00ab Investir dans la connaissance, c\u2019est cela qui produit le meilleur rendement \u00bb. Cette c\u00e9l\u00e8bre phrase de Benjamin Franklin s\u2019applique","og_url":"https:\/\/acninternational.org\/fr\/irak-la-formation-redonne-de-lesperance\/","og_site_name":"ACN International","article_publisher":"https:\/\/www.facebook.com\/acninternationalorg","article_published_time":"2021-05-31T08:19:39+00:00","article_modified_time":"2021-06-02T08:08:21+00:00","og_image":[{"width":1400,"height":438,"url":"https:\/\/media.acninternational.org\/wp-content\/uploads\/2021\/05\/Erbil_IRAQ_University.jpg","type":"image\/jpeg"}],"author":"ACN Press Team","twitter_card":"summary_large_image","twitter_creator":"@acn_int","twitter_site":"@acn_int","twitter_misc":{"\u00c9crit par":"ACN Press Team","Dur\u00e9e de lecture estim\u00e9e":"3 minutes"},"schema":{"@context":"https:\/\/schema.org","@graph":[{"@type":"Article","@id":"https:\/\/acninternational.org\/fr\/irak-la-formation-redonne-de-lesperance\/#article","isPartOf":{"@id":"https:\/\/acninternational.org\/fr\/irak-la-formation-redonne-de-lesperance\/"},"author":{"name":"ACN Press Team","@id":"https:\/\/acninternational.org\/fr\/#\/schema\/person\/7f3dafb236b242fb2aa46be1411fd703"},"headline":"Irak: La formation redonne de l\u2019esp\u00e9rance","datePublished":"2021-05-31T08:19:39+00:00","dateModified":"2021-06-02T08:08:21+00:00","mainEntityOfPage":{"@id":"https:\/\/acninternational.org\/fr\/irak-la-formation-redonne-de-lesperance\/"},"wordCount":589,"publisher":{"@id":"https:\/\/acninternational.org\/fr\/#organization"},"image":{"@id":"https:\/\/acninternational.org\/fr\/irak-la-formation-redonne-de-lesperance\/#primaryimage"},"thumbnailUrl":"https:\/\/media.acninternational.org\/wp-content\/uploads\/2021\/05\/Erbil_IRAQ_University.jpg","articleSection":["Projet"],"inLanguage":"fr-FR"},{"@type":"WebPage","@id":"https:\/\/acninternational.org\/fr\/irak-la-formation-redonne-de-lesperance\/","url":"https:\/\/acninternational.org\/fr\/irak-la-formation-redonne-de-lesperance\/","name":"Irak: La formation redonne de l\u2019esp\u00e9rance | ACN International","isPartOf":{"@id":"https:\/\/acninternational.org\/fr\/#website"},"primaryImageOfPage":{"@id":"https:\/\/acninternational.org\/fr\/irak-la-formation-redonne-de-lesperance\/#primaryimage"},"image":{"@id":"https:\/\/acninternational.org\/fr\/irak-la-formation-redonne-de-lesperance\/#primaryimage"},"thumbnailUrl":"https:\/\/media.acninternational.org\/wp-content\/uploads\/2021\/05\/Erbil_IRAQ_University.jpg","datePublished":"2021-05-31T08:19:39+00:00","dateModified":"2021-06-02T08:08:21+00:00","breadcrumb":{"@id":"https:\/\/acninternational.org\/fr\/irak-la-formation-redonne-de-lesperance\/#breadcrumb"},"inLanguage":"fr-FR","potentialAction":[{"@type":"ReadAction","target":["https:\/\/acninternational.org\/fr\/irak-la-formation-redonne-de-lesperance\/"]}]},{"@type":"ImageObject","inLanguage":"fr-FR","@id":"https:\/\/acninternational.org\/fr\/irak-la-formation-redonne-de-lesperance\/#primaryimage","url":"https:\/\/media.acninternational.org\/wp-content\/uploads\/2021\/05\/Erbil_IRAQ_University.jpg","contentUrl":"https:\/\/media.acninternational.org\/wp-content\/uploads\/2021\/05\/Erbil_IRAQ_University.jpg","width":1400,"height":438},{"@type":"BreadcrumbList","@id":"https:\/\/acninternational.org\/fr\/irak-la-formation-redonne-de-lesperance\/#breadcrumb","itemListElement":[{"@type":"ListItem","position":1,"name":"Home","item":"https:\/\/acninternational.org\/fr\/"},{"@type":"ListItem","position":2,"name":"PROJECTS","item":"https:\/\/acninternational.org\/fr\/category\/projects-fr\/"},{"@type":"ListItem","position":3,"name":"Irak: La formation redonne de l\u2019esp\u00e9rance"}]},{"@type":"WebSite","@id":"https:\/\/acninternational.org\/fr\/#website","url":"https:\/\/acninternational.org\/fr\/","name":"ACN International","description":"","publisher":{"@id":"https:\/\/acninternational.org\/fr\/#organization"},"potentialAction":[{"@type":"SearchAction","target":{"@type":"EntryPoint","urlTemplate":"https:\/\/acninternational.org\/fr\/?s={search_term_string}"},"query-input":{"@type":"PropertyValueSpecification","valueRequired":true,"valueName":"search_term_string"}}],"inLanguage":"fr-FR"},{"@type":"Organization","@id":"https:\/\/acninternational.org\/fr\/#organization","name":"Aid to the Church in Need International","url":"https:\/\/acninternational.org\/fr\/","logo":{"@type":"ImageObject","inLanguage":"fr-FR","@id":"https:\/\/acninternational.org\/fr\/#\/schema\/logo\/image\/","url":"https:\/\/media.acninternational.org\/wp-content\/uploads\/2019\/11\/acn_logo_blackvector.svg","contentUrl":"https:\/\/media.acninternational.org\/wp-content\/uploads\/2019\/11\/acn_logo_blackvector.svg","width":232.6,"height":78,"caption":"Aid to the Church in Need International"},"image":{"@id":"https:\/\/acninternational.org\/fr\/#\/schema\/logo\/image\/"},"sameAs":["https:\/\/www.facebook.com\/acninternationalorg","https:\/\/x.com\/acn_int","https:\/\/www.youtube.com\/channel\/UCQ-077gS0TnVzkhHmf1opZw","https:\/\/www.instagram.com\/acn_international\/"]},{"@type":"Person","@id":"https:\/\/acninternational.org\/fr\/#\/schema\/person\/7f3dafb236b242fb2aa46be1411fd703","name":"ACN Press Team","description":"Lorem ipsum dolor sit amet, consectetur adipiscing elit, sed do eiusmod tempor incididunt ut labore et dolore magna aliqua. Ut enim ad minim veniam, quis nostrud exercitation ullamco laboris nisi ut aliquip ex ea commodo consequat.","url":"https:\/\/acninternational.org\/fr\/author\/acn-press-team\/"}]}},"_links":{"self":[{"href":"https:\/\/acninternational.org\/fr\/wp-json\/wp\/v2\/posts\/151850","targetHints":{"allow":["GET"]}}],"collection":[{"href":"https:\/\/acninternational.org\/fr\/wp-json\/wp\/v2\/posts"}],"about":[{"href":"https:\/\/acninternational.org\/fr\/wp-json\/wp\/v2\/types\/post"}],"author":[{"embeddable":true,"href":"https:\/\/acninternational.org\/fr\/wp-json\/wp\/v2\/users\/4258341447"}],"replies":[{"embeddable":true,"href":"https:\/\/acninternational.org\/fr\/wp-json\/wp\/v2\/comments?post=151850"}],"version-history":[{"count":0,"href":"https:\/\/acninternational.org\/fr\/wp-json\/wp\/v2\/posts\/151850\/revisions"}],"wp:featuredmedia":[{"embeddable":true,"href":"https:\/\/acninternational.org\/fr\/wp-json\/wp\/v2\/media\/151904"}],"wp:attachment":[{"href":"https:\/\/acninternational.org\/fr\/wp-json\/wp\/v2\/media?parent=151850"}],"wp:term":[{"taxonomy":"category","embeddable":true,"href":"https:\/\/acninternational.org\/fr\/wp-json\/wp\/v2\/categories?post=151850"},{"taxonomy":"post_tag","embeddable":true,"href":"https:\/\/acninternational.org\/fr\/wp-json\/wp\/v2\/tags?post=151850"},{"taxonomy":"country","embeddable":true,"href":"https:\/\/acninternational.org\/fr\/wp-json\/wp\/v2\/country?post=151850"}],"curies":[{"name":"wp","href":"https:\/\/api.w.org\/{rel}","templated":true}]}}