{"id":151603,"date":"2021-05-21T14:34:57","date_gmt":"2021-05-21T12:34:57","guid":{"rendered":"https:\/\/acninternational.org\/?p=151603"},"modified":"2021-05-21T14:42:58","modified_gmt":"2021-05-21T12:42:58","slug":"republique-democratique-du-congo-la-misere-est-absolue","status":"publish","type":"post","link":"https:\/\/acninternational.org\/fr\/republique-democratique-du-congo-la-misere-est-absolue\/","title":{"rendered":"R\u00e9publique d\u00e9mocratique du Congo\u00a0: \u00ab\u00a0La mis\u00e8re est absolue\u00a0\u00bb"},"content":{"rendered":"<p><em>Dans un entretien avec l\u2019AED, un \u00e9v\u00eaque de l\u2019Est du Congo d\u00e9plore la terreur et les violations des droits de l\u2019homme <\/em><\/p>\n<p>Dans un entretien avec la fondation pontificale internationale Aide \u00e0 l\u2019\u00c9glise en D\u00e9tresse (AED), l\u2019\u00e9v\u00eaque catholique de Butembo-Beni (Est du Congo) a d\u00e9nonc\u00e9 les graves violations des droits de l\u2019homme perp\u00e9tr\u00e9es par des miliciens en maraude dans son dioc\u00e8se. Au cours d\u2019une visioconf\u00e9rence avec des collaborateurs de l\u2019\u0153uvre de bienfaisance, l\u2019\u00e9v\u00eaque Mgr\u00a0Melchis\u00e9dech Sikuli Paluku a dit\u00a0: \u00ab\u00a0En particulier dans le nord de notre \u00e9v\u00each\u00e9, il y a de nombreux incidents. Des groupes arm\u00e9s d\u00e9truisent les \u00e9tablissements scolaires et les h\u00f4pitaux. On tue des enseignants et des \u00e9l\u00e8ves. On tue m\u00eame des malades sur leur lit d\u2019h\u00f4pital. Pas une journ\u00e9e ne se passe sans que des gens soient tu\u00e9s.\u00a0\u00bb<\/p>\n<p>Selon Mgr Sikuli Paluku, il en r\u00e9sulte une augmentation du nombre de troubles psychiques. \u00ab\u00a0Nous avons besoin de centres proposant des th\u00e9rapies. Beaucoup de gens sont traumatis\u00e9s. Certains d\u2019entre eux ont vu leurs parents se faire tuer. Il y a \u00e9norm\u00e9ment d\u2019orphelins et de veuves. Des villages ont \u00e9t\u00e9 compl\u00e8tement br\u00fbl\u00e9s. C\u2019est la mis\u00e8re absolue\u00a0\u00bb.<\/p>\n<p>Les provinces orientales du Congo subissent le terrorisme des milices depuis de longues ann\u00e9es. Les conflits ethniques, les d\u00e9placements de population et l\u2019acc\u00e8s aux mati\u00e8res premi\u00e8res constituent des composantes de cette terreur. Ces derni\u00e8res ann\u00e9es, une autre forte composante \u00e0 caract\u00e8re islamique radicale est venue s\u2019y ajouter.<\/p>\n<p>Les attaques ont entra\u00een\u00e9 une fuite massive de la population vers des zones plus s\u00fbres.<\/p>\n<p>L\u2019\u00e9v\u00eaque affirme qu\u2019il y a eu plus de 6\u00a0000 morts \u00e0 Beni depuis 2013, et plus de 2\u00a0000 \u00e0 Bunia pour la seule ann\u00e9e 2020. \u00ab\u00a0De plus, on compte au moins trois millions de d\u00e9plac\u00e9s et environ 7\u00a0500 personnes kidnapp\u00e9es. Il existe un projet de grande envergure pour islamiser ou chasser les populations autochtones.\u00a0\u00bb<\/p>\n<p>La crainte de la terreur diffus\u00e9e par les milices et les protestations contre l&rsquo;\u00e9chec de l&rsquo;\u00c9tat ont paralys\u00e9 la vie publique. \u00ab\u00a0Il y a des troubles, des marches de protestation, des gr\u00e8ves, des mouvements pour les droits civiques. La vie normale est paralys\u00e9e. La population exige plus de s\u00e9curit\u00e9.\u00a0\u00bb<\/p>\n<figure id=\"attachment_151097\" aria-describedby=\"caption-attachment-151097\" style=\"width: 670px\" class=\"wp-caption alignnone\"><img loading=\"lazy\" decoding=\"async\" class=\"wp-image-151097 size-full\" src=\"https:\/\/media.acninternational.org\/wp-content\/uploads\/2021\/05\/Bishop-Melchizedek-Paluku-Sikuli.jpg\" alt=\"L\u2019\u00e9v\u00eaque catholique de Butembo-Beni (Est du Congo) Mgr\u00a0Melchis\u00e9dech Sikuli Paluku.\" width=\"670\" height=\"400\" srcset=\"https:\/\/media.acninternational.org\/wp-content\/uploads\/2021\/05\/Bishop-Melchizedek-Paluku-Sikuli.jpg 670w, https:\/\/media.acninternational.org\/wp-content\/uploads\/2021\/05\/Bishop-Melchizedek-Paluku-Sikuli-300x179.jpg 300w\" sizes=\"auto, (max-width: 670px) 100vw, 670px\" \/><figcaption id=\"caption-attachment-151097\" class=\"wp-caption-text\">L\u2019\u00e9v\u00eaque catholique de Butembo-Beni (Est du Congo) Mgr\u00a0Melchis\u00e9dech Sikuli Paluku.<\/figcaption><\/figure>\n<p>Mais l\u2019\u00c9tat congolais est aux abonn\u00e9s absents. \u00ab\u00a0L\u2019\u00c9tat en tant que tel est inexistant. Il n\u2019atteint pas l\u2019Est du pays, que ce soit par faiblesse ou par complicit\u00e9.\u00a0\u00bb<\/p>\n<p>En l\u2019absence de l\u2019\u00c9tat, l\u2019\u00e9v\u00eaque insiste sur le r\u00f4le particulier qui revient \u00e0 l\u2019\u00c9glise. \u00ab\u00a0Ici, nous sommes \u00e0 2500 km de la capitale. Comme l\u2019\u00c9tat est absent, nous devons nous d\u00e9brouiller tout seuls. Nous ne recevons aucune aide.\u00a0\u00bb Malgr\u00e9 cela, l\u2019\u00c9glise a construit des \u00e9tablissements scolaires dans la r\u00e9gion.<\/p>\n<p>Mais ce qui est d\u00e9cisif, c\u2019est de donner espoir \u00e0 la population.\u00a0\u00ab\u00a0Notre pr\u00e9sence donne de l\u2019espoir aux gens, pour surmonter les actuelles adversit\u00e9s et attendre des jours\u00a0meilleurs \u00bb, insiste Mgr Sikuli Paluku.<\/p>\n<p>Un r\u00f4le d\u00e9cisif revient ici \u00e0 la foi. \u00ab\u00a0Les gens pleurent parce qu\u2019ils ont des raisons de pleurer. Mais ils portent aussi un espoir en eux. Ils ont une r\u00e9silience naturelle encore renforc\u00e9e par l\u2019\u00e9vang\u00e9lisation.\u00a0\u00bb<\/p>\n<p>L\u2019\u00e9v\u00eaque ajoute que la foi chr\u00e9tienne a \u00e9t\u00e9 apport\u00e9e dans cette r\u00e9gion il y a \u00e0 peine 120 ans. \u00ab\u00a0L\u2019\u00e9vang\u00e9lisation porte ses fruits. Nous avons beaucoup de vocations dans l\u2019\u00e9v\u00each\u00e9.\u00a0\u00bb<\/p>\n<p>Selon Mgr Sikuli Paluku, la r\u00e9gion est certes majoritairement chr\u00e9tienne, mais aujourd\u2018hui, elle est expos\u00e9e \u00e0 l\u2019islamisation. C\u2018est pourquoi le plus grand d\u00e9fi consiste \u00e0 \u00ab\u00a0renforcer la foi des catholiques\u00a0\u00bb. \u00ab\u00a0L\u2019islam nous est impos\u00e9. Des mosqu\u00e9es sont construites partout, alors que personne n\u2019en a besoin. De plus, elles ne ressemblent pas aux mosqu\u00e9es traditionnelles que nous connaissons.\u00a0\u00bb<\/p>\n<p>L\u2019\u00e9v\u00eaque a parl\u00e9 d&rsquo;islamisation, car \u00ab\u00a0Tous ceux qui ont \u00e9t\u00e9 kidnapp\u00e9s par ces groupes terroristes et qui s\u2019en sont sortis vivants rapportent la m\u00eame histoire. Ils ont eu le choix entre la mort et la conversion \u00e0 l\u2019islam.\u00a0\u00bb<\/p>\n<p>Questionn\u00e9 sur le mode de financement de ces groupements, Mgr Sikuli Paluku renvoie d\u2019abord aux bailleurs de fonds \u00e9trangers. En son temps, Mouammar Kadhafi par exemple, l\u2019ancien chef d\u2019\u00c9tat libyen, s\u2019est montr\u00e9 tr\u00e8s g\u00e9n\u00e9reux pour b\u00e2tir ces mosqu\u00e9es. \u00c0 pr\u00e9sent, ce sont d\u2019autres sources de financement qui permettent la construction de ces lieux de culte.<\/p>\n<p>\u00ab\u00a0Les groupes arm\u00e9s terroristes ont des activit\u00e9s fort lucratives. On voit bien que l\u2019islamisation n\u2019est pas leur seule motivation\u00a0!\u00a0\u00bb, assure l\u2019\u00e9v\u00eaque. Dans ce contexte, il renvoie \u00e0 l\u2019exploitation des ressources mini\u00e8res. \u00ab\u00a0Cette r\u00e9gion regorge de ressources naturelles, et elles sont exploit\u00e9es en toute ill\u00e9galit\u00e9. Comment expliquer autrement ces raffineries de coltan qui fonctionnent au Rwanda, alors que ce pays ne poss\u00e8de pas cette ressource\u00a0? Ce minerai rare est extrait chez nous et envoy\u00e9 en toute ill\u00e9galit\u00e9 de l\u2019autre c\u00f4t\u00e9 la fronti\u00e8re&#8230; Et je ne vois pas le gouvernement congolais r\u00e9agir. \u00a0\u00bb\u00a0\u00bb<\/p>\n<p>Cependant, l\u2019\u00e9v\u00eaque se demande comment l\u2019\u00c9glise doit se comporter avec cet islam impos\u00e9. \u00ab\u00a0Quelle relation devons-nous entretenir avec cet islam qui est non seulement une religion, mais aussi une politique et rattach\u00e9 au terrorisme\u00a0?\u00a0\u00bb<\/p>\n<p>Depuis de longues ann\u00e9es, l\u2019AED soutient l\u2019\u00c9glise catholique en R\u00e9publique d\u00e9mocratique du Congo. En 2021, l\u2019\u0153uvre internationale de bienfaisance catholique accorde une attention particuli\u00e8re aux victimes de l\u2019extr\u00e9misme islamiste et aux activit\u00e9s pastorales de l\u2019\u00c9glise dans les r\u00e9gions en guerre.<\/p>\n","protected":false},"excerpt":{"rendered":"<p>Dans un entretien avec l\u2019AED, un \u00e9v\u00eaque de l\u2019Est du Congo d\u00e9plore la terreur et les violations des droits de<\/p>\n","protected":false},"author":4258341447,"featured_media":151154,"comment_status":"closed","ping_status":"closed","sticky":false,"template":"","format":"standard","meta":{"_acf_changed":false,"_acn_coauthor_ids":[],"_acn_featured_article":false,"footnotes":""},"categories":[919],"tags":[],"country":[838],"class_list":["post-151603","post","type-post","status-publish","format-standard","has-post-thumbnail","hentry","category-nouvelle","country-republique-democratique-du-congo"],"acn_coauthors":[],"acf":[],"yoast_head":"<!-- This site is optimized with the Yoast SEO Premium plugin v27.5 (Yoast SEO v27.5) - https:\/\/yoast.com\/product\/yoast-seo-premium-wordpress\/ -->\n<title>R\u00e9publique d\u00e9mocratique du Congo\u00a0: \u00ab\u00a0La mis\u00e8re est absolue\u00a0\u00bb<\/title>\n<meta name=\"description\" content=\"Dans un entretien avec la fondation pontificale internationale Aide \u00e0 l\u2019\u00c9glise en D\u00e9tresse (AED), l\u2019\u00e9v\u00eaque catholique de Butembo-Beni (Est du Congo) a d\u00e9nonc\u00e9 les graves violations des droits de l\u2019homme perp\u00e9tr\u00e9es par des miliciens en maraude dans son dioc\u00e8se. Au cours d\u2019une visioconf\u00e9rence avec des collaborateurs de l\u2019\u0153uvre de bienfaisance, l\u2019\u00e9v\u00eaque Mgr\u00a0Melchis\u00e9dech Sikuli Paluku a dit\u00a0: \u00ab\u00a0En particulier dans le nord de notre \u00e9v\u00each\u00e9, il y a de nombreux incidents.\" \/>\n<meta name=\"robots\" content=\"index, follow, max-snippet:-1, max-image-preview:large, max-video-preview:-1\" \/>\n<link rel=\"canonical\" href=\"https:\/\/acninternational.org\/fr\/republique-democratique-du-congo-la-misere-est-absolue\/\" \/>\n<meta property=\"og:locale\" content=\"fr_FR\" \/>\n<meta property=\"og:type\" content=\"article\" \/>\n<meta property=\"og:title\" content=\"R\u00e9publique d\u00e9mocratique du Congo\u00a0: \u00ab\u00a0La mis\u00e8re est absolue\u00a0\u00bb\" \/>\n<meta property=\"og:description\" content=\"Dans un entretien avec la fondation pontificale internationale Aide \u00e0 l\u2019\u00c9glise en D\u00e9tresse (AED), l\u2019\u00e9v\u00eaque catholique de Butembo-Beni (Est du Congo) a d\u00e9nonc\u00e9 les graves violations des droits de l\u2019homme perp\u00e9tr\u00e9es par des miliciens en maraude dans son dioc\u00e8se. Au cours d\u2019une visioconf\u00e9rence avec des collaborateurs de l\u2019\u0153uvre de bienfaisance, l\u2019\u00e9v\u00eaque Mgr\u00a0Melchis\u00e9dech Sikuli Paluku a dit\u00a0: \u00ab\u00a0En particulier dans le nord de notre \u00e9v\u00each\u00e9, il y a de nombreux incidents.\" \/>\n<meta property=\"og:url\" content=\"https:\/\/acninternational.org\/fr\/republique-democratique-du-congo-la-misere-est-absolue\/\" \/>\n<meta property=\"og:site_name\" content=\"ACN International\" \/>\n<meta property=\"article:publisher\" content=\"https:\/\/www.facebook.com\/acninternationalorg\" \/>\n<meta property=\"article:published_time\" content=\"2021-05-21T12:34:57+00:00\" \/>\n<meta property=\"article:modified_time\" content=\"2021-05-21T12:42:58+00:00\" \/>\n<meta property=\"og:image\" content=\"https:\/\/media.acninternational.org\/wp-content\/uploads\/2021\/05\/Democratic-Republic-Congo-1.jpg\" \/>\n\t<meta property=\"og:image:width\" content=\"1400\" \/>\n\t<meta property=\"og:image:height\" content=\"438\" \/>\n\t<meta property=\"og:image:type\" content=\"image\/jpeg\" \/>\n<meta name=\"author\" content=\"ACN Press Team\" \/>\n<meta name=\"twitter:card\" content=\"summary_large_image\" \/>\n<meta name=\"twitter:creator\" content=\"@acn_int\" \/>\n<meta name=\"twitter:site\" content=\"@acn_int\" \/>\n<meta name=\"twitter:label1\" content=\"\u00c9crit par\" \/>\n\t<meta name=\"twitter:data1\" content=\"ACN Press Team\" \/>\n\t<meta name=\"twitter:label2\" content=\"Dur\u00e9e de lecture estim\u00e9e\" \/>\n\t<meta name=\"twitter:data2\" content=\"4 minutes\" \/>\n<script type=\"application\/ld+json\" class=\"yoast-schema-graph\">{\"@context\":\"https:\\\/\\\/schema.org\",\"@graph\":[{\"@type\":\"Article\",\"@id\":\"https:\\\/\\\/acninternational.org\\\/fr\\\/republique-democratique-du-congo-la-misere-est-absolue\\\/#article\",\"isPartOf\":{\"@id\":\"https:\\\/\\\/acninternational.org\\\/fr\\\/republique-democratique-du-congo-la-misere-est-absolue\\\/\"},\"author\":{\"name\":\"ACN Press Team\",\"@id\":\"https:\\\/\\\/acninternational.org\\\/fr\\\/#\\\/schema\\\/person\\\/7f3dafb236b242fb2aa46be1411fd703\"},\"headline\":\"R\u00e9publique d\u00e9mocratique du Congo\u00a0: \u00ab\u00a0La mis\u00e8re est absolue\u00a0\u00bb\",\"datePublished\":\"2021-05-21T12:34:57+00:00\",\"dateModified\":\"2021-05-21T12:42:58+00:00\",\"mainEntityOfPage\":{\"@id\":\"https:\\\/\\\/acninternational.org\\\/fr\\\/republique-democratique-du-congo-la-misere-est-absolue\\\/\"},\"wordCount\":1012,\"publisher\":{\"@id\":\"https:\\\/\\\/acninternational.org\\\/fr\\\/#organization\"},\"image\":{\"@id\":\"https:\\\/\\\/acninternational.org\\\/fr\\\/republique-democratique-du-congo-la-misere-est-absolue\\\/#primaryimage\"},\"thumbnailUrl\":\"https:\\\/\\\/media.acninternational.org\\\/wp-content\\\/uploads\\\/2021\\\/05\\\/Democratic-Republic-Congo-1.jpg\",\"articleSection\":[\"Nouvelle\"],\"inLanguage\":\"fr-FR\"},{\"@type\":\"WebPage\",\"@id\":\"https:\\\/\\\/acninternational.org\\\/fr\\\/republique-democratique-du-congo-la-misere-est-absolue\\\/\",\"url\":\"https:\\\/\\\/acninternational.org\\\/fr\\\/republique-democratique-du-congo-la-misere-est-absolue\\\/\",\"name\":\"R\u00e9publique d\u00e9mocratique du Congo\u00a0: \u00ab\u00a0La mis\u00e8re est absolue\u00a0\u00bb\",\"isPartOf\":{\"@id\":\"https:\\\/\\\/acninternational.org\\\/fr\\\/#website\"},\"primaryImageOfPage\":{\"@id\":\"https:\\\/\\\/acninternational.org\\\/fr\\\/republique-democratique-du-congo-la-misere-est-absolue\\\/#primaryimage\"},\"image\":{\"@id\":\"https:\\\/\\\/acninternational.org\\\/fr\\\/republique-democratique-du-congo-la-misere-est-absolue\\\/#primaryimage\"},\"thumbnailUrl\":\"https:\\\/\\\/media.acninternational.org\\\/wp-content\\\/uploads\\\/2021\\\/05\\\/Democratic-Republic-Congo-1.jpg\",\"datePublished\":\"2021-05-21T12:34:57+00:00\",\"dateModified\":\"2021-05-21T12:42:58+00:00\",\"description\":\"Dans un entretien avec la fondation pontificale internationale Aide \u00e0 l\u2019\u00c9glise en D\u00e9tresse (AED), l\u2019\u00e9v\u00eaque catholique de Butembo-Beni (Est du Congo) a d\u00e9nonc\u00e9 les graves violations des droits de l\u2019homme perp\u00e9tr\u00e9es par des miliciens en maraude dans son dioc\u00e8se. Au cours d\u2019une visioconf\u00e9rence avec des collaborateurs de l\u2019\u0153uvre de bienfaisance, l\u2019\u00e9v\u00eaque Mgr\u00a0Melchis\u00e9dech Sikuli Paluku a dit\u00a0: \u00ab\u00a0En particulier dans le nord de notre \u00e9v\u00each\u00e9, il y a de nombreux incidents.\",\"breadcrumb\":{\"@id\":\"https:\\\/\\\/acninternational.org\\\/fr\\\/republique-democratique-du-congo-la-misere-est-absolue\\\/#breadcrumb\"},\"inLanguage\":\"fr-FR\",\"potentialAction\":[{\"@type\":\"ReadAction\",\"target\":[\"https:\\\/\\\/acninternational.org\\\/fr\\\/republique-democratique-du-congo-la-misere-est-absolue\\\/\"]}]},{\"@type\":\"ImageObject\",\"inLanguage\":\"fr-FR\",\"@id\":\"https:\\\/\\\/acninternational.org\\\/fr\\\/republique-democratique-du-congo-la-misere-est-absolue\\\/#primaryimage\",\"url\":\"https:\\\/\\\/media.acninternational.org\\\/wp-content\\\/uploads\\\/2021\\\/05\\\/Democratic-Republic-Congo-1.jpg\",\"contentUrl\":\"https:\\\/\\\/media.acninternational.org\\\/wp-content\\\/uploads\\\/2021\\\/05\\\/Democratic-Republic-Congo-1.jpg\",\"width\":1400,\"height\":438},{\"@type\":\"BreadcrumbList\",\"@id\":\"https:\\\/\\\/acninternational.org\\\/fr\\\/republique-democratique-du-congo-la-misere-est-absolue\\\/#breadcrumb\",\"itemListElement\":[{\"@type\":\"ListItem\",\"position\":1,\"name\":\"Home\",\"item\":\"https:\\\/\\\/acninternational.org\\\/fr\\\/\"},{\"@type\":\"ListItem\",\"position\":2,\"name\":\"Nouvelles\",\"item\":\"https:\\\/\\\/acninternational.org\\\/fr\\\/category\\\/news-fr\\\/\"},{\"@type\":\"ListItem\",\"position\":3,\"name\":\"R\u00e9publique d\u00e9mocratique du Congo\u00a0: \u00ab\u00a0La mis\u00e8re est absolue\u00a0\u00bb\"}]},{\"@type\":\"WebSite\",\"@id\":\"https:\\\/\\\/acninternational.org\\\/fr\\\/#website\",\"url\":\"https:\\\/\\\/acninternational.org\\\/fr\\\/\",\"name\":\"ACN International\",\"description\":\"\",\"publisher\":{\"@id\":\"https:\\\/\\\/acninternational.org\\\/fr\\\/#organization\"},\"potentialAction\":[{\"@type\":\"SearchAction\",\"target\":{\"@type\":\"EntryPoint\",\"urlTemplate\":\"https:\\\/\\\/acninternational.org\\\/fr\\\/?s={search_term_string}\"},\"query-input\":{\"@type\":\"PropertyValueSpecification\",\"valueRequired\":true,\"valueName\":\"search_term_string\"}}],\"inLanguage\":\"fr-FR\"},{\"@type\":\"Organization\",\"@id\":\"https:\\\/\\\/acninternational.org\\\/fr\\\/#organization\",\"name\":\"Aid to the Church in Need International\",\"url\":\"https:\\\/\\\/acninternational.org\\\/fr\\\/\",\"logo\":{\"@type\":\"ImageObject\",\"inLanguage\":\"fr-FR\",\"@id\":\"https:\\\/\\\/acninternational.org\\\/fr\\\/#\\\/schema\\\/logo\\\/image\\\/\",\"url\":\"https:\\\/\\\/media.acninternational.org\\\/wp-content\\\/uploads\\\/2019\\\/11\\\/acn_logo_blackvector.svg\",\"contentUrl\":\"https:\\\/\\\/media.acninternational.org\\\/wp-content\\\/uploads\\\/2019\\\/11\\\/acn_logo_blackvector.svg\",\"width\":232.6,\"height\":78,\"caption\":\"Aid to the Church in Need International\"},\"image\":{\"@id\":\"https:\\\/\\\/acninternational.org\\\/fr\\\/#\\\/schema\\\/logo\\\/image\\\/\"},\"sameAs\":[\"https:\\\/\\\/www.facebook.com\\\/acninternationalorg\",\"https:\\\/\\\/x.com\\\/acn_int\",\"https:\\\/\\\/www.youtube.com\\\/channel\\\/UCQ-077gS0TnVzkhHmf1opZw\",\"https:\\\/\\\/www.instagram.com\\\/acn_international\\\/\"]},{\"@type\":\"Person\",\"@id\":\"https:\\\/\\\/acninternational.org\\\/fr\\\/#\\\/schema\\\/person\\\/7f3dafb236b242fb2aa46be1411fd703\",\"name\":\"ACN Press Team\",\"description\":\"Lorem ipsum dolor sit amet, consectetur adipiscing elit, sed do eiusmod tempor incididunt ut labore et dolore magna aliqua. Ut enim ad minim veniam, quis nostrud exercitation ullamco laboris nisi ut aliquip ex ea commodo consequat.\",\"url\":\"https:\\\/\\\/acninternational.org\\\/fr\\\/author\\\/acn-press-team\\\/\"}]}<\/script>\n<!-- \/ Yoast SEO Premium plugin. -->","yoast_head_json":{"title":"R\u00e9publique d\u00e9mocratique du Congo\u00a0: \u00ab\u00a0La mis\u00e8re est absolue\u00a0\u00bb","description":"Dans un entretien avec la fondation pontificale internationale Aide \u00e0 l\u2019\u00c9glise en D\u00e9tresse (AED), l\u2019\u00e9v\u00eaque catholique de Butembo-Beni (Est du Congo) a d\u00e9nonc\u00e9 les graves violations des droits de l\u2019homme perp\u00e9tr\u00e9es par des miliciens en maraude dans son dioc\u00e8se. Au cours d\u2019une visioconf\u00e9rence avec des collaborateurs de l\u2019\u0153uvre de bienfaisance, l\u2019\u00e9v\u00eaque Mgr\u00a0Melchis\u00e9dech Sikuli Paluku a dit\u00a0: \u00ab\u00a0En particulier dans le nord de notre \u00e9v\u00each\u00e9, il y a de nombreux incidents.","robots":{"index":"index","follow":"follow","max-snippet":"max-snippet:-1","max-image-preview":"max-image-preview:large","max-video-preview":"max-video-preview:-1"},"canonical":"https:\/\/acninternational.org\/fr\/republique-democratique-du-congo-la-misere-est-absolue\/","og_locale":"fr_FR","og_type":"article","og_title":"R\u00e9publique d\u00e9mocratique du Congo\u00a0: \u00ab\u00a0La mis\u00e8re est absolue\u00a0\u00bb","og_description":"Dans un entretien avec la fondation pontificale internationale Aide \u00e0 l\u2019\u00c9glise en D\u00e9tresse (AED), l\u2019\u00e9v\u00eaque catholique de Butembo-Beni (Est du Congo) a d\u00e9nonc\u00e9 les graves violations des droits de l\u2019homme perp\u00e9tr\u00e9es par des miliciens en maraude dans son dioc\u00e8se. Au cours d\u2019une visioconf\u00e9rence avec des collaborateurs de l\u2019\u0153uvre de bienfaisance, l\u2019\u00e9v\u00eaque Mgr\u00a0Melchis\u00e9dech Sikuli Paluku a dit\u00a0: \u00ab\u00a0En particulier dans le nord de notre \u00e9v\u00each\u00e9, il y a de nombreux incidents.","og_url":"https:\/\/acninternational.org\/fr\/republique-democratique-du-congo-la-misere-est-absolue\/","og_site_name":"ACN International","article_publisher":"https:\/\/www.facebook.com\/acninternationalorg","article_published_time":"2021-05-21T12:34:57+00:00","article_modified_time":"2021-05-21T12:42:58+00:00","og_image":[{"width":1400,"height":438,"url":"https:\/\/media.acninternational.org\/wp-content\/uploads\/2021\/05\/Democratic-Republic-Congo-1.jpg","type":"image\/jpeg"}],"author":"ACN Press Team","twitter_card":"summary_large_image","twitter_creator":"@acn_int","twitter_site":"@acn_int","twitter_misc":{"\u00c9crit par":"ACN Press Team","Dur\u00e9e de lecture estim\u00e9e":"4 minutes"},"schema":{"@context":"https:\/\/schema.org","@graph":[{"@type":"Article","@id":"https:\/\/acninternational.org\/fr\/republique-democratique-du-congo-la-misere-est-absolue\/#article","isPartOf":{"@id":"https:\/\/acninternational.org\/fr\/republique-democratique-du-congo-la-misere-est-absolue\/"},"author":{"name":"ACN Press Team","@id":"https:\/\/acninternational.org\/fr\/#\/schema\/person\/7f3dafb236b242fb2aa46be1411fd703"},"headline":"R\u00e9publique d\u00e9mocratique du Congo\u00a0: \u00ab\u00a0La mis\u00e8re est absolue\u00a0\u00bb","datePublished":"2021-05-21T12:34:57+00:00","dateModified":"2021-05-21T12:42:58+00:00","mainEntityOfPage":{"@id":"https:\/\/acninternational.org\/fr\/republique-democratique-du-congo-la-misere-est-absolue\/"},"wordCount":1012,"publisher":{"@id":"https:\/\/acninternational.org\/fr\/#organization"},"image":{"@id":"https:\/\/acninternational.org\/fr\/republique-democratique-du-congo-la-misere-est-absolue\/#primaryimage"},"thumbnailUrl":"https:\/\/media.acninternational.org\/wp-content\/uploads\/2021\/05\/Democratic-Republic-Congo-1.jpg","articleSection":["Nouvelle"],"inLanguage":"fr-FR"},{"@type":"WebPage","@id":"https:\/\/acninternational.org\/fr\/republique-democratique-du-congo-la-misere-est-absolue\/","url":"https:\/\/acninternational.org\/fr\/republique-democratique-du-congo-la-misere-est-absolue\/","name":"R\u00e9publique d\u00e9mocratique du Congo\u00a0: \u00ab\u00a0La mis\u00e8re est absolue\u00a0\u00bb","isPartOf":{"@id":"https:\/\/acninternational.org\/fr\/#website"},"primaryImageOfPage":{"@id":"https:\/\/acninternational.org\/fr\/republique-democratique-du-congo-la-misere-est-absolue\/#primaryimage"},"image":{"@id":"https:\/\/acninternational.org\/fr\/republique-democratique-du-congo-la-misere-est-absolue\/#primaryimage"},"thumbnailUrl":"https:\/\/media.acninternational.org\/wp-content\/uploads\/2021\/05\/Democratic-Republic-Congo-1.jpg","datePublished":"2021-05-21T12:34:57+00:00","dateModified":"2021-05-21T12:42:58+00:00","description":"Dans un entretien avec la fondation pontificale internationale Aide \u00e0 l\u2019\u00c9glise en D\u00e9tresse (AED), l\u2019\u00e9v\u00eaque catholique de Butembo-Beni (Est du Congo) a d\u00e9nonc\u00e9 les graves violations des droits de l\u2019homme perp\u00e9tr\u00e9es par des miliciens en maraude dans son dioc\u00e8se. Au cours d\u2019une visioconf\u00e9rence avec des collaborateurs de l\u2019\u0153uvre de bienfaisance, l\u2019\u00e9v\u00eaque Mgr\u00a0Melchis\u00e9dech Sikuli Paluku a dit\u00a0: \u00ab\u00a0En particulier dans le nord de notre \u00e9v\u00each\u00e9, il y a de nombreux incidents.","breadcrumb":{"@id":"https:\/\/acninternational.org\/fr\/republique-democratique-du-congo-la-misere-est-absolue\/#breadcrumb"},"inLanguage":"fr-FR","potentialAction":[{"@type":"ReadAction","target":["https:\/\/acninternational.org\/fr\/republique-democratique-du-congo-la-misere-est-absolue\/"]}]},{"@type":"ImageObject","inLanguage":"fr-FR","@id":"https:\/\/acninternational.org\/fr\/republique-democratique-du-congo-la-misere-est-absolue\/#primaryimage","url":"https:\/\/media.acninternational.org\/wp-content\/uploads\/2021\/05\/Democratic-Republic-Congo-1.jpg","contentUrl":"https:\/\/media.acninternational.org\/wp-content\/uploads\/2021\/05\/Democratic-Republic-Congo-1.jpg","width":1400,"height":438},{"@type":"BreadcrumbList","@id":"https:\/\/acninternational.org\/fr\/republique-democratique-du-congo-la-misere-est-absolue\/#breadcrumb","itemListElement":[{"@type":"ListItem","position":1,"name":"Home","item":"https:\/\/acninternational.org\/fr\/"},{"@type":"ListItem","position":2,"name":"Nouvelles","item":"https:\/\/acninternational.org\/fr\/category\/news-fr\/"},{"@type":"ListItem","position":3,"name":"R\u00e9publique d\u00e9mocratique du Congo\u00a0: \u00ab\u00a0La mis\u00e8re est absolue\u00a0\u00bb"}]},{"@type":"WebSite","@id":"https:\/\/acninternational.org\/fr\/#website","url":"https:\/\/acninternational.org\/fr\/","name":"ACN International","description":"","publisher":{"@id":"https:\/\/acninternational.org\/fr\/#organization"},"potentialAction":[{"@type":"SearchAction","target":{"@type":"EntryPoint","urlTemplate":"https:\/\/acninternational.org\/fr\/?s={search_term_string}"},"query-input":{"@type":"PropertyValueSpecification","valueRequired":true,"valueName":"search_term_string"}}],"inLanguage":"fr-FR"},{"@type":"Organization","@id":"https:\/\/acninternational.org\/fr\/#organization","name":"Aid to the Church in Need International","url":"https:\/\/acninternational.org\/fr\/","logo":{"@type":"ImageObject","inLanguage":"fr-FR","@id":"https:\/\/acninternational.org\/fr\/#\/schema\/logo\/image\/","url":"https:\/\/media.acninternational.org\/wp-content\/uploads\/2019\/11\/acn_logo_blackvector.svg","contentUrl":"https:\/\/media.acninternational.org\/wp-content\/uploads\/2019\/11\/acn_logo_blackvector.svg","width":232.6,"height":78,"caption":"Aid to the Church in Need International"},"image":{"@id":"https:\/\/acninternational.org\/fr\/#\/schema\/logo\/image\/"},"sameAs":["https:\/\/www.facebook.com\/acninternationalorg","https:\/\/x.com\/acn_int","https:\/\/www.youtube.com\/channel\/UCQ-077gS0TnVzkhHmf1opZw","https:\/\/www.instagram.com\/acn_international\/"]},{"@type":"Person","@id":"https:\/\/acninternational.org\/fr\/#\/schema\/person\/7f3dafb236b242fb2aa46be1411fd703","name":"ACN Press Team","description":"Lorem ipsum dolor sit amet, consectetur adipiscing elit, sed do eiusmod tempor incididunt ut labore et dolore magna aliqua. Ut enim ad minim veniam, quis nostrud exercitation ullamco laboris nisi ut aliquip ex ea commodo consequat.","url":"https:\/\/acninternational.org\/fr\/author\/acn-press-team\/"}]}},"_links":{"self":[{"href":"https:\/\/acninternational.org\/fr\/wp-json\/wp\/v2\/posts\/151603","targetHints":{"allow":["GET"]}}],"collection":[{"href":"https:\/\/acninternational.org\/fr\/wp-json\/wp\/v2\/posts"}],"about":[{"href":"https:\/\/acninternational.org\/fr\/wp-json\/wp\/v2\/types\/post"}],"author":[{"embeddable":true,"href":"https:\/\/acninternational.org\/fr\/wp-json\/wp\/v2\/users\/4258341447"}],"replies":[{"embeddable":true,"href":"https:\/\/acninternational.org\/fr\/wp-json\/wp\/v2\/comments?post=151603"}],"version-history":[{"count":0,"href":"https:\/\/acninternational.org\/fr\/wp-json\/wp\/v2\/posts\/151603\/revisions"}],"wp:featuredmedia":[{"embeddable":true,"href":"https:\/\/acninternational.org\/fr\/wp-json\/wp\/v2\/media\/151154"}],"wp:attachment":[{"href":"https:\/\/acninternational.org\/fr\/wp-json\/wp\/v2\/media?parent=151603"}],"wp:term":[{"taxonomy":"category","embeddable":true,"href":"https:\/\/acninternational.org\/fr\/wp-json\/wp\/v2\/categories?post=151603"},{"taxonomy":"post_tag","embeddable":true,"href":"https:\/\/acninternational.org\/fr\/wp-json\/wp\/v2\/tags?post=151603"},{"taxonomy":"country","embeddable":true,"href":"https:\/\/acninternational.org\/fr\/wp-json\/wp\/v2\/country?post=151603"}],"curies":[{"name":"wp","href":"https:\/\/api.w.org\/{rel}","templated":true}]}}