{"id":151056,"date":"2021-04-30T12:57:16","date_gmt":"2021-04-30T10:57:16","guid":{"rendered":"https:\/\/acninternational.org\/?p=151056"},"modified":"2021-04-30T13:26:29","modified_gmt":"2021-04-30T11:26:29","slug":"aide-a-leglise-en-detresse-lukraine-espere-recevoir-la-visite-du-pape","status":"publish","type":"post","link":"https:\/\/acninternational.org\/fr\/aide-a-leglise-en-detresse-lukraine-espere-recevoir-la-visite-du-pape\/","title":{"rendered":"Aide \u00e0 l\u2019\u00c9glise en D\u00e9tresse\u00a0: \u00ab\u00a0L\u2019Ukraine esp\u00e8re recevoir la visite du pape\u00a0\u00bb"},"content":{"rendered":"<p><em>Le primat de l\u2019\u00c9glise gr\u00e9co-catholique a parl\u00e9 \u00e0 l\u2019AED de ses espoirs de voir le pape Fran\u00e7ois visiter son pays d\u00e9chir\u00e9 par la guerre <\/em><\/p>\n<p>L\u2019Ukraine esp\u00e8re recevoir la visite de Sa Saintet\u00e9 le pape Fran\u00e7ois. C\u2019est ce qu\u2019a d\u00e9clar\u00e9 Sa B\u00e9atitude Mgr Sviatoslav Chevtchouk, primat de l\u2019\u00c9glise gr\u00e9co-catholique ukrainienne unie \u00e0 Rome, \u00e0 l\u2019occasion d\u2019un entretien avec la fondation pontificale internationale Aide \u00e0 l\u2019\u00c9glise en D\u00e9tresse (AED). L\u2019archev\u00eaque majeur de Kiev-Halytch a d\u00e9clar\u00e9\u00a0: \u00ab\u00a0Tout comme il est r\u00e9cemment all\u00e9 en Irak, tout comme il se rendra dans diff\u00e9rents autres pays du monde malgr\u00e9 les conditions difficiles dues \u00e0 la pand\u00e9mie de Covid-19, l\u2019Ukraine esp\u00e8re une visite du Saint-P\u00e8re. Je me rappelle d\u2019une vieille dame qui est venue me voir r\u00e9cemment et qui m\u2019a dit\u00a0: \u2018\u00a0Vous savez, d\u00e8s que le Saint-P\u00e8re viendra et foulera la terre ukrainienne, la guerre cessera\u00a0\u00bb. Lors de sa visite au Vatican fin mars, le premier ministre ukrainien Denys Chmyhal a remis au pape une invitation \u00e0 se rendre en Ukraine.<\/p>\n<p>https:\/\/youtu.be\/CjqCWh4WKF0<\/p>\n<p>Selon l&rsquo;archev\u00eaque majeur, la nouvelle de la rencontre entre le pape et le chef du gouvernement a \u00e9t\u00e9 bien accueillie dans le pays. \u00ab\u00a0C&rsquo;\u00e9tait aussi un signe positif que la relation entre l&rsquo;\u00c9tat ukrainien et le Saint-Si\u00e8ge offrirait un moyen non seulement de pr\u00e9venir toute forme d&rsquo;escalade du conflit en Ukraine, mais aussi d&rsquo;apprendre \u00e0 favoriser le dialogue et la r\u00e9conciliation \u00bb.<\/p>\n<p>Le pape Fran\u00e7ois a souvent attir\u00e9 l&rsquo;attention sur la situation difficile en Ukraine, tout r\u00e9cemment lors du discours papal <em>Urbi et Orbi<\/em> prononc\u00e9 \u00e0 l&rsquo;occasion de la c\u00e9l\u00e9bration de P\u00e2ques par l&rsquo;\u00c9glise latine. Mgr Chevtchouk a ajout\u00e9\u00a0: \u00ab\u00a0Nous sommes tr\u00e8s reconnaissants au Saint-P\u00e8re pour son soutien constant, ses pri\u00e8res et sa solidarit\u00e9 avec l\u2019Ukraine et le peuple ukrainien.\u00a0\u00bb<\/p>\n<p>Compte-tenu des tensions entre l\u2019Ukraine et la Russie, en particulier dans l\u2019est du pays, le primat de l\u2019\u00c9glise ukrainienne a soulign\u00e9 que la situation en Ukraine ne pouvait \u00eatre r\u00e9solue par des moyens militaires, mais seulement par la diplomatie\u00a0: \u00ab\u00a0Je mise sur le dialogue, car au moyen du dialogue, nous pouvons gu\u00e9rir les blessures et la paix l&#8217;emportera sur la guerre.\u00a0\u00bb<\/p>\n<p>Selon l\u2019archev\u00eaque majeur, l&rsquo;inqui\u00e9tude grandit parmi les chr\u00e9tiens d&rsquo;Ukraine \u00e0 l&rsquo;approche de la c\u00e9l\u00e9bration de P\u00e2ques de l&rsquo;\u00c9glise orientale, le 2 mai. \u00ab\u00a0Notre plus grande crainte r\u00e9side dans le risque d\u2019une escalade de la violence aux fronti\u00e8res orientales de notre pays\u00a0\u00bb. Derni\u00e8rement, la Russie y avait d\u00e9ploy\u00e9 temporairement jusqu\u2019\u00e0 100\u00a0000 soldats. Tandis que Moscou parlait de man\u0153uvres pour ses troupes, les observateurs ukrainiens et internationaux y voyaient une provocation d\u00e9lib\u00e9r\u00e9e.<\/p>\n<p>Mgr Chevtchouk, qui est actuellement le chef du Conseil des \u00c9glises et organisations religieuses d\u2019Ukraine, a renouvel\u00e9 dans son entretien avec l\u2019AED l\u2019appel du conseil interreligieux \u00e0 un cessez-le-feu pour P\u00e2ques en Ukraine orientale, la r\u00e9gion que l&rsquo;Ukraine et les s\u00e9paratistes pro-russes se disputent depuis des ann\u00e9es. \u00ab\u00a0Nous prions afin que les joyeux chants liturgiques puissent triompher du vacarme des canons et des fusils. Nous prions pour la paix. C\u2019est notre plus grand d\u00e9sir que la r\u00e9surrection du Christ, Prince de la paix, puisse nous apporter un all\u00e9gement de la violence et de la crainte d\u2019\u00eatre attaqu\u00e9s une nouvelle fois.\u00a0\u00bb<\/p>\n<p><img loading=\"lazy\" decoding=\"async\" class=\"alignnone size-full wp-image-151040\" src=\"https:\/\/media.acninternational.org\/wp-content\/uploads\/2021\/04\/Pope-Francis.jpg\" alt=\"\" width=\"670\" height=\"400\" srcset=\"https:\/\/media.acninternational.org\/wp-content\/uploads\/2021\/04\/Pope-Francis.jpg 670w, https:\/\/media.acninternational.org\/wp-content\/uploads\/2021\/04\/Pope-Francis-300x179.jpg 300w\" sizes=\"auto, (max-width: 670px) 100vw, 670px\" \/><\/p>\n<p>Sa B\u00e9atitude l\u2019archev\u00eaque majeur Chevtchouk s\u2019est montr\u00e9 pr\u00e9occup\u00e9 face \u00e0 la situation humanitaire de ses fid\u00e8les en Ukraine orientale. \u00ab\u00a0Notre souci majeur concerne la situation humanitaire dans cette partie de l\u2019Ukraine. En effet, la situation s\u2019est encore aggrav\u00e9e depuis que la pand\u00e9mie de Covid-19 a \u00e9clat\u00e9. Les populations y sont isol\u00e9es, elles sont oubli\u00e9es, elles ne peuvent pas recevoir de m\u00e9dicaments.\u00a0\u00bb Selon l\u2019archev\u00eaque majeur, les gens d\u00e9pendent du soutien de l\u2019\u00c9glise. \u00ab\u00a0Les pr\u00eatres et les communaut\u00e9s paroissiales sont leur seul salut. C&rsquo;est leur seul moyen de recevoir une quelconque forme de soutien ou d&rsquo;aide. C\u2019est la raison pour laquelle nous avons d\u00e9cid\u00e9 de rester aupr\u00e8s des gens. Et nos pr\u00eatres y fournissent un travail remarquable.\u00a0\u00bb<\/p>\n<p>Cependant, la pand\u00e9mie de COVID-19 a impos\u00e9 des restrictions massives au travail pastoral de l&rsquo;\u00c9glise. \u00ab\u00a0Beaucoup d\u2019entre nous ont commenc\u00e9 \u00e0 diffuser en ligne nos offices religieux afin de permettre \u00e0 nos paroissiens de participer aux saintes messes et aux messes dominicales.\u00a0\u00bb Cela \u00e9veille forc\u00e9ment des souvenirs du temps des pers\u00e9cutions sous le r\u00e9gime sovi\u00e9tique. \u00ab\u00a0\u00c0 cette \u00e9poque, la seule possibilit\u00e9 d\u2019obtenir un soutien spirituel consistait \u00e0 \u00e9couter Radio Vatican. Aujourd\u2019hui, c\u2019est presque exactement la m\u00eame situation.\u00a0\u00bb L&rsquo;archev\u00eaque majeur a ensuite \u00e9voqu\u00e9 la fa\u00e7on dont la pastorale atteignait actuellement ses limites en raison du peu de possibilit\u00e9s d&rsquo;administrer les sacrements. \u00ab\u00a0Certes, nous pouvons pr\u00eacher et prier en ligne, nous pouvons aussi m\u00e9diter en ligne sur l\u2019\u00c9criture sainte. Mais nous ne pouvons pas dispenser les sacrements en ligne. C\u2019est l\u00e0 que r\u00e9side aujourd\u2019hui notre grande souffrance\u00a0\u00bb, a-t-il d\u00e9plor\u00e9, tout en poursuivant\u00a0: \u00ab\u00a0Mais malgr\u00e9 tout, nous nous pr\u00e9parons \u00e0 c\u00e9l\u00e9brer la f\u00eate la plus joyeuse de l\u2019ann\u00e9e, la r\u00e9surrection de notre Seigneur J\u00e9sus-Christ.\u00a0\u00bb<\/p>\n<p>L\u2019AED soutient l\u2019\u00c9glise en Ukraine depuis de longues ann\u00e9es. Depuis le d\u00e9but du conflit en Ukraine orientale, les dioc\u00e8ses catholiques de la r\u00e9gion concern\u00e9e b\u00e9n\u00e9ficient d\u2019une assistance renforc\u00e9e. Sans cette aide ext\u00e9rieure, ni les pr\u00eatres ni les paroisses ne pourraient y exister. Les m\u00e9dias chr\u00e9tiens, qui servent \u00e0 la fois de source d&rsquo;information et d&rsquo;instrument pour relayer le message de l&rsquo;\u00c9glise, constituent un autre des principaux domaines de soutien de l&rsquo;AED.<\/p>\n","protected":false},"excerpt":{"rendered":"<p>Le primat de l\u2019\u00c9glise gr\u00e9co-catholique a parl\u00e9 \u00e0 l\u2019AED de ses espoirs de voir le pape Fran\u00e7ois visiter son pays<\/p>\n","protected":false},"author":4258341447,"featured_media":151046,"comment_status":"closed","ping_status":"closed","sticky":false,"template":"","format":"standard","meta":{"_acf_changed":false,"_acn_coauthor_ids":[],"_acn_featured_article":false,"footnotes":""},"categories":[233],"tags":[],"country":[156],"class_list":["post-151056","post","type-post","status-publish","format-standard","has-post-thumbnail","hentry","category-non-classifiee","country-ukraine"],"acn_coauthors":[],"acf":[],"yoast_head":"<!-- This site is optimized with the Yoast SEO Premium plugin v27.5 (Yoast SEO v27.5) - https:\/\/yoast.com\/product\/yoast-seo-premium-wordpress\/ -->\n<title>Aide \u00e0 l\u2019\u00c9glise en D\u00e9tresse\u00a0: \u00ab\u00a0L\u2019Ukraine esp\u00e8re recevoir la visite du pape\u00a0\u00bb<\/title>\n<meta name=\"description\" content=\"L\u2019Ukraine esp\u00e8re recevoir la visite de Sa Saintet\u00e9 le pape Fran\u00e7ois. C\u2019est ce qu\u2019a d\u00e9clar\u00e9 Sa B\u00e9atitude Mgr Sviatoslav Chevtchouk, primat de l\u2019\u00c9glise gr\u00e9co-catholique ukrainienne unie \u00e0 Rome, \u00e0 l\u2019occasion d\u2019un entretien avec la fondation pontificale internationale Aide \u00e0 l\u2019\u00c9glise en D\u00e9tresse (AED).\" \/>\n<meta name=\"robots\" content=\"index, follow, max-snippet:-1, max-image-preview:large, max-video-preview:-1\" \/>\n<link rel=\"canonical\" href=\"https:\/\/acninternational.org\/fr\/aide-a-leglise-en-detresse-lukraine-espere-recevoir-la-visite-du-pape\/\" \/>\n<meta property=\"og:locale\" content=\"fr_FR\" \/>\n<meta property=\"og:type\" content=\"article\" \/>\n<meta property=\"og:title\" content=\"Aide \u00e0 l\u2019\u00c9glise en D\u00e9tresse\u00a0: \u00ab\u00a0L\u2019Ukraine esp\u00e8re recevoir la visite du pape\u00a0\u00bb\" \/>\n<meta property=\"og:description\" content=\"L\u2019Ukraine esp\u00e8re recevoir la visite de Sa Saintet\u00e9 le pape Fran\u00e7ois. C\u2019est ce qu\u2019a d\u00e9clar\u00e9 Sa B\u00e9atitude Mgr Sviatoslav Chevtchouk, primat de l\u2019\u00c9glise gr\u00e9co-catholique ukrainienne unie \u00e0 Rome, \u00e0 l\u2019occasion d\u2019un entretien avec la fondation pontificale internationale Aide \u00e0 l\u2019\u00c9glise en D\u00e9tresse (AED).\" \/>\n<meta property=\"og:url\" content=\"https:\/\/acninternational.org\/fr\/aide-a-leglise-en-detresse-lukraine-espere-recevoir-la-visite-du-pape\/\" \/>\n<meta property=\"og:site_name\" content=\"ACN International\" \/>\n<meta property=\"article:publisher\" content=\"https:\/\/www.facebook.com\/acninternationalorg\" \/>\n<meta property=\"article:published_time\" content=\"2021-04-30T10:57:16+00:00\" \/>\n<meta property=\"article:modified_time\" content=\"2021-04-30T11:26:29+00:00\" \/>\n<meta property=\"og:image\" content=\"https:\/\/media.acninternational.org\/wp-content\/uploads\/2021\/04\/Ukraine.jpg\" \/>\n\t<meta property=\"og:image:width\" content=\"1400\" \/>\n\t<meta property=\"og:image:height\" content=\"438\" \/>\n\t<meta property=\"og:image:type\" content=\"image\/jpeg\" \/>\n<meta name=\"author\" content=\"ACN Press Team\" \/>\n<meta name=\"twitter:card\" content=\"summary_large_image\" \/>\n<meta name=\"twitter:creator\" content=\"@acn_int\" \/>\n<meta name=\"twitter:site\" content=\"@acn_int\" \/>\n<meta name=\"twitter:label1\" content=\"\u00c9crit par\" \/>\n\t<meta name=\"twitter:data1\" content=\"ACN Press Team\" \/>\n\t<meta name=\"twitter:label2\" content=\"Dur\u00e9e de lecture estim\u00e9e\" \/>\n\t<meta name=\"twitter:data2\" content=\"4 minutes\" \/>\n<script type=\"application\/ld+json\" class=\"yoast-schema-graph\">{\"@context\":\"https:\\\/\\\/schema.org\",\"@graph\":[{\"@type\":\"Article\",\"@id\":\"https:\\\/\\\/acninternational.org\\\/fr\\\/aide-a-leglise-en-detresse-lukraine-espere-recevoir-la-visite-du-pape\\\/#article\",\"isPartOf\":{\"@id\":\"https:\\\/\\\/acninternational.org\\\/fr\\\/aide-a-leglise-en-detresse-lukraine-espere-recevoir-la-visite-du-pape\\\/\"},\"author\":{\"name\":\"ACN Press Team\",\"@id\":\"https:\\\/\\\/acninternational.org\\\/fr\\\/#\\\/schema\\\/person\\\/7f3dafb236b242fb2aa46be1411fd703\"},\"headline\":\"Aide \u00e0 l\u2019\u00c9glise en D\u00e9tresse\u00a0: \u00ab\u00a0L\u2019Ukraine esp\u00e8re recevoir la visite du pape\u00a0\u00bb\",\"datePublished\":\"2021-04-30T10:57:16+00:00\",\"dateModified\":\"2021-04-30T11:26:29+00:00\",\"mainEntityOfPage\":{\"@id\":\"https:\\\/\\\/acninternational.org\\\/fr\\\/aide-a-leglise-en-detresse-lukraine-espere-recevoir-la-visite-du-pape\\\/\"},\"wordCount\":1030,\"publisher\":{\"@id\":\"https:\\\/\\\/acninternational.org\\\/fr\\\/#organization\"},\"image\":{\"@id\":\"https:\\\/\\\/acninternational.org\\\/fr\\\/aide-a-leglise-en-detresse-lukraine-espere-recevoir-la-visite-du-pape\\\/#primaryimage\"},\"thumbnailUrl\":\"https:\\\/\\\/media.acninternational.org\\\/wp-content\\\/uploads\\\/2021\\\/04\\\/Ukraine.jpg\",\"articleSection\":[\"Non classifi\u00e9(e)\"],\"inLanguage\":\"fr-FR\"},{\"@type\":\"WebPage\",\"@id\":\"https:\\\/\\\/acninternational.org\\\/fr\\\/aide-a-leglise-en-detresse-lukraine-espere-recevoir-la-visite-du-pape\\\/\",\"url\":\"https:\\\/\\\/acninternational.org\\\/fr\\\/aide-a-leglise-en-detresse-lukraine-espere-recevoir-la-visite-du-pape\\\/\",\"name\":\"Aide \u00e0 l\u2019\u00c9glise en D\u00e9tresse\u00a0: \u00ab\u00a0L\u2019Ukraine esp\u00e8re recevoir la visite du pape\u00a0\u00bb\",\"isPartOf\":{\"@id\":\"https:\\\/\\\/acninternational.org\\\/fr\\\/#website\"},\"primaryImageOfPage\":{\"@id\":\"https:\\\/\\\/acninternational.org\\\/fr\\\/aide-a-leglise-en-detresse-lukraine-espere-recevoir-la-visite-du-pape\\\/#primaryimage\"},\"image\":{\"@id\":\"https:\\\/\\\/acninternational.org\\\/fr\\\/aide-a-leglise-en-detresse-lukraine-espere-recevoir-la-visite-du-pape\\\/#primaryimage\"},\"thumbnailUrl\":\"https:\\\/\\\/media.acninternational.org\\\/wp-content\\\/uploads\\\/2021\\\/04\\\/Ukraine.jpg\",\"datePublished\":\"2021-04-30T10:57:16+00:00\",\"dateModified\":\"2021-04-30T11:26:29+00:00\",\"description\":\"L\u2019Ukraine esp\u00e8re recevoir la visite de Sa Saintet\u00e9 le pape Fran\u00e7ois. C\u2019est ce qu\u2019a d\u00e9clar\u00e9 Sa B\u00e9atitude Mgr Sviatoslav Chevtchouk, primat de l\u2019\u00c9glise gr\u00e9co-catholique ukrainienne unie \u00e0 Rome, \u00e0 l\u2019occasion d\u2019un entretien avec la fondation pontificale internationale Aide \u00e0 l\u2019\u00c9glise en D\u00e9tresse (AED).\",\"breadcrumb\":{\"@id\":\"https:\\\/\\\/acninternational.org\\\/fr\\\/aide-a-leglise-en-detresse-lukraine-espere-recevoir-la-visite-du-pape\\\/#breadcrumb\"},\"inLanguage\":\"fr-FR\",\"potentialAction\":[{\"@type\":\"ReadAction\",\"target\":[\"https:\\\/\\\/acninternational.org\\\/fr\\\/aide-a-leglise-en-detresse-lukraine-espere-recevoir-la-visite-du-pape\\\/\"]}]},{\"@type\":\"ImageObject\",\"inLanguage\":\"fr-FR\",\"@id\":\"https:\\\/\\\/acninternational.org\\\/fr\\\/aide-a-leglise-en-detresse-lukraine-espere-recevoir-la-visite-du-pape\\\/#primaryimage\",\"url\":\"https:\\\/\\\/media.acninternational.org\\\/wp-content\\\/uploads\\\/2021\\\/04\\\/Ukraine.jpg\",\"contentUrl\":\"https:\\\/\\\/media.acninternational.org\\\/wp-content\\\/uploads\\\/2021\\\/04\\\/Ukraine.jpg\",\"width\":1400,\"height\":438},{\"@type\":\"BreadcrumbList\",\"@id\":\"https:\\\/\\\/acninternational.org\\\/fr\\\/aide-a-leglise-en-detresse-lukraine-espere-recevoir-la-visite-du-pape\\\/#breadcrumb\",\"itemListElement\":[{\"@type\":\"ListItem\",\"position\":1,\"name\":\"Home\",\"item\":\"https:\\\/\\\/acninternational.org\\\/fr\\\/\"},{\"@type\":\"ListItem\",\"position\":2,\"name\":\"Nouvelles\",\"item\":\"https:\\\/\\\/acninternational.org\\\/fr\\\/category\\\/news-fr\\\/\"},{\"@type\":\"ListItem\",\"position\":3,\"name\":\"Aide \u00e0 l\u2019\u00c9glise en D\u00e9tresse\u00a0: \u00ab\u00a0L\u2019Ukraine esp\u00e8re recevoir la visite du pape\u00a0\u00bb\"}]},{\"@type\":\"WebSite\",\"@id\":\"https:\\\/\\\/acninternational.org\\\/fr\\\/#website\",\"url\":\"https:\\\/\\\/acninternational.org\\\/fr\\\/\",\"name\":\"ACN International\",\"description\":\"\",\"publisher\":{\"@id\":\"https:\\\/\\\/acninternational.org\\\/fr\\\/#organization\"},\"potentialAction\":[{\"@type\":\"SearchAction\",\"target\":{\"@type\":\"EntryPoint\",\"urlTemplate\":\"https:\\\/\\\/acninternational.org\\\/fr\\\/?s={search_term_string}\"},\"query-input\":{\"@type\":\"PropertyValueSpecification\",\"valueRequired\":true,\"valueName\":\"search_term_string\"}}],\"inLanguage\":\"fr-FR\"},{\"@type\":\"Organization\",\"@id\":\"https:\\\/\\\/acninternational.org\\\/fr\\\/#organization\",\"name\":\"Aid to the Church in Need International\",\"url\":\"https:\\\/\\\/acninternational.org\\\/fr\\\/\",\"logo\":{\"@type\":\"ImageObject\",\"inLanguage\":\"fr-FR\",\"@id\":\"https:\\\/\\\/acninternational.org\\\/fr\\\/#\\\/schema\\\/logo\\\/image\\\/\",\"url\":\"https:\\\/\\\/media.acninternational.org\\\/wp-content\\\/uploads\\\/2019\\\/11\\\/acn_logo_blackvector.svg\",\"contentUrl\":\"https:\\\/\\\/media.acninternational.org\\\/wp-content\\\/uploads\\\/2019\\\/11\\\/acn_logo_blackvector.svg\",\"width\":232.6,\"height\":78,\"caption\":\"Aid to the Church in Need International\"},\"image\":{\"@id\":\"https:\\\/\\\/acninternational.org\\\/fr\\\/#\\\/schema\\\/logo\\\/image\\\/\"},\"sameAs\":[\"https:\\\/\\\/www.facebook.com\\\/acninternationalorg\",\"https:\\\/\\\/x.com\\\/acn_int\",\"https:\\\/\\\/www.youtube.com\\\/channel\\\/UCQ-077gS0TnVzkhHmf1opZw\",\"https:\\\/\\\/www.instagram.com\\\/acn_international\\\/\"]},{\"@type\":\"Person\",\"@id\":\"https:\\\/\\\/acninternational.org\\\/fr\\\/#\\\/schema\\\/person\\\/7f3dafb236b242fb2aa46be1411fd703\",\"name\":\"ACN Press Team\",\"description\":\"Lorem ipsum dolor sit amet, consectetur adipiscing elit, sed do eiusmod tempor incididunt ut labore et dolore magna aliqua. Ut enim ad minim veniam, quis nostrud exercitation ullamco laboris nisi ut aliquip ex ea commodo consequat.\",\"url\":\"https:\\\/\\\/acninternational.org\\\/fr\\\/author\\\/acn-press-team\\\/\"}]}<\/script>\n<!-- \/ Yoast SEO Premium plugin. -->","yoast_head_json":{"title":"Aide \u00e0 l\u2019\u00c9glise en D\u00e9tresse\u00a0: \u00ab\u00a0L\u2019Ukraine esp\u00e8re recevoir la visite du pape\u00a0\u00bb","description":"L\u2019Ukraine esp\u00e8re recevoir la visite de Sa Saintet\u00e9 le pape Fran\u00e7ois. C\u2019est ce qu\u2019a d\u00e9clar\u00e9 Sa B\u00e9atitude Mgr Sviatoslav Chevtchouk, primat de l\u2019\u00c9glise gr\u00e9co-catholique ukrainienne unie \u00e0 Rome, \u00e0 l\u2019occasion d\u2019un entretien avec la fondation pontificale internationale Aide \u00e0 l\u2019\u00c9glise en D\u00e9tresse (AED).","robots":{"index":"index","follow":"follow","max-snippet":"max-snippet:-1","max-image-preview":"max-image-preview:large","max-video-preview":"max-video-preview:-1"},"canonical":"https:\/\/acninternational.org\/fr\/aide-a-leglise-en-detresse-lukraine-espere-recevoir-la-visite-du-pape\/","og_locale":"fr_FR","og_type":"article","og_title":"Aide \u00e0 l\u2019\u00c9glise en D\u00e9tresse\u00a0: \u00ab\u00a0L\u2019Ukraine esp\u00e8re recevoir la visite du pape\u00a0\u00bb","og_description":"L\u2019Ukraine esp\u00e8re recevoir la visite de Sa Saintet\u00e9 le pape Fran\u00e7ois. C\u2019est ce qu\u2019a d\u00e9clar\u00e9 Sa B\u00e9atitude Mgr Sviatoslav Chevtchouk, primat de l\u2019\u00c9glise gr\u00e9co-catholique ukrainienne unie \u00e0 Rome, \u00e0 l\u2019occasion d\u2019un entretien avec la fondation pontificale internationale Aide \u00e0 l\u2019\u00c9glise en D\u00e9tresse (AED).","og_url":"https:\/\/acninternational.org\/fr\/aide-a-leglise-en-detresse-lukraine-espere-recevoir-la-visite-du-pape\/","og_site_name":"ACN International","article_publisher":"https:\/\/www.facebook.com\/acninternationalorg","article_published_time":"2021-04-30T10:57:16+00:00","article_modified_time":"2021-04-30T11:26:29+00:00","og_image":[{"width":1400,"height":438,"url":"https:\/\/media.acninternational.org\/wp-content\/uploads\/2021\/04\/Ukraine.jpg","type":"image\/jpeg"}],"author":"ACN Press Team","twitter_card":"summary_large_image","twitter_creator":"@acn_int","twitter_site":"@acn_int","twitter_misc":{"\u00c9crit par":"ACN Press Team","Dur\u00e9e de lecture estim\u00e9e":"4 minutes"},"schema":{"@context":"https:\/\/schema.org","@graph":[{"@type":"Article","@id":"https:\/\/acninternational.org\/fr\/aide-a-leglise-en-detresse-lukraine-espere-recevoir-la-visite-du-pape\/#article","isPartOf":{"@id":"https:\/\/acninternational.org\/fr\/aide-a-leglise-en-detresse-lukraine-espere-recevoir-la-visite-du-pape\/"},"author":{"name":"ACN Press Team","@id":"https:\/\/acninternational.org\/fr\/#\/schema\/person\/7f3dafb236b242fb2aa46be1411fd703"},"headline":"Aide \u00e0 l\u2019\u00c9glise en D\u00e9tresse\u00a0: \u00ab\u00a0L\u2019Ukraine esp\u00e8re recevoir la visite du pape\u00a0\u00bb","datePublished":"2021-04-30T10:57:16+00:00","dateModified":"2021-04-30T11:26:29+00:00","mainEntityOfPage":{"@id":"https:\/\/acninternational.org\/fr\/aide-a-leglise-en-detresse-lukraine-espere-recevoir-la-visite-du-pape\/"},"wordCount":1030,"publisher":{"@id":"https:\/\/acninternational.org\/fr\/#organization"},"image":{"@id":"https:\/\/acninternational.org\/fr\/aide-a-leglise-en-detresse-lukraine-espere-recevoir-la-visite-du-pape\/#primaryimage"},"thumbnailUrl":"https:\/\/media.acninternational.org\/wp-content\/uploads\/2021\/04\/Ukraine.jpg","articleSection":["Non classifi\u00e9(e)"],"inLanguage":"fr-FR"},{"@type":"WebPage","@id":"https:\/\/acninternational.org\/fr\/aide-a-leglise-en-detresse-lukraine-espere-recevoir-la-visite-du-pape\/","url":"https:\/\/acninternational.org\/fr\/aide-a-leglise-en-detresse-lukraine-espere-recevoir-la-visite-du-pape\/","name":"Aide \u00e0 l\u2019\u00c9glise en D\u00e9tresse\u00a0: \u00ab\u00a0L\u2019Ukraine esp\u00e8re recevoir la visite du pape\u00a0\u00bb","isPartOf":{"@id":"https:\/\/acninternational.org\/fr\/#website"},"primaryImageOfPage":{"@id":"https:\/\/acninternational.org\/fr\/aide-a-leglise-en-detresse-lukraine-espere-recevoir-la-visite-du-pape\/#primaryimage"},"image":{"@id":"https:\/\/acninternational.org\/fr\/aide-a-leglise-en-detresse-lukraine-espere-recevoir-la-visite-du-pape\/#primaryimage"},"thumbnailUrl":"https:\/\/media.acninternational.org\/wp-content\/uploads\/2021\/04\/Ukraine.jpg","datePublished":"2021-04-30T10:57:16+00:00","dateModified":"2021-04-30T11:26:29+00:00","description":"L\u2019Ukraine esp\u00e8re recevoir la visite de Sa Saintet\u00e9 le pape Fran\u00e7ois. C\u2019est ce qu\u2019a d\u00e9clar\u00e9 Sa B\u00e9atitude Mgr Sviatoslav Chevtchouk, primat de l\u2019\u00c9glise gr\u00e9co-catholique ukrainienne unie \u00e0 Rome, \u00e0 l\u2019occasion d\u2019un entretien avec la fondation pontificale internationale Aide \u00e0 l\u2019\u00c9glise en D\u00e9tresse (AED).","breadcrumb":{"@id":"https:\/\/acninternational.org\/fr\/aide-a-leglise-en-detresse-lukraine-espere-recevoir-la-visite-du-pape\/#breadcrumb"},"inLanguage":"fr-FR","potentialAction":[{"@type":"ReadAction","target":["https:\/\/acninternational.org\/fr\/aide-a-leglise-en-detresse-lukraine-espere-recevoir-la-visite-du-pape\/"]}]},{"@type":"ImageObject","inLanguage":"fr-FR","@id":"https:\/\/acninternational.org\/fr\/aide-a-leglise-en-detresse-lukraine-espere-recevoir-la-visite-du-pape\/#primaryimage","url":"https:\/\/media.acninternational.org\/wp-content\/uploads\/2021\/04\/Ukraine.jpg","contentUrl":"https:\/\/media.acninternational.org\/wp-content\/uploads\/2021\/04\/Ukraine.jpg","width":1400,"height":438},{"@type":"BreadcrumbList","@id":"https:\/\/acninternational.org\/fr\/aide-a-leglise-en-detresse-lukraine-espere-recevoir-la-visite-du-pape\/#breadcrumb","itemListElement":[{"@type":"ListItem","position":1,"name":"Home","item":"https:\/\/acninternational.org\/fr\/"},{"@type":"ListItem","position":2,"name":"Nouvelles","item":"https:\/\/acninternational.org\/fr\/category\/news-fr\/"},{"@type":"ListItem","position":3,"name":"Aide \u00e0 l\u2019\u00c9glise en D\u00e9tresse\u00a0: \u00ab\u00a0L\u2019Ukraine esp\u00e8re recevoir la visite du pape\u00a0\u00bb"}]},{"@type":"WebSite","@id":"https:\/\/acninternational.org\/fr\/#website","url":"https:\/\/acninternational.org\/fr\/","name":"ACN International","description":"","publisher":{"@id":"https:\/\/acninternational.org\/fr\/#organization"},"potentialAction":[{"@type":"SearchAction","target":{"@type":"EntryPoint","urlTemplate":"https:\/\/acninternational.org\/fr\/?s={search_term_string}"},"query-input":{"@type":"PropertyValueSpecification","valueRequired":true,"valueName":"search_term_string"}}],"inLanguage":"fr-FR"},{"@type":"Organization","@id":"https:\/\/acninternational.org\/fr\/#organization","name":"Aid to the Church in Need International","url":"https:\/\/acninternational.org\/fr\/","logo":{"@type":"ImageObject","inLanguage":"fr-FR","@id":"https:\/\/acninternational.org\/fr\/#\/schema\/logo\/image\/","url":"https:\/\/media.acninternational.org\/wp-content\/uploads\/2019\/11\/acn_logo_blackvector.svg","contentUrl":"https:\/\/media.acninternational.org\/wp-content\/uploads\/2019\/11\/acn_logo_blackvector.svg","width":232.6,"height":78,"caption":"Aid to the Church in Need International"},"image":{"@id":"https:\/\/acninternational.org\/fr\/#\/schema\/logo\/image\/"},"sameAs":["https:\/\/www.facebook.com\/acninternationalorg","https:\/\/x.com\/acn_int","https:\/\/www.youtube.com\/channel\/UCQ-077gS0TnVzkhHmf1opZw","https:\/\/www.instagram.com\/acn_international\/"]},{"@type":"Person","@id":"https:\/\/acninternational.org\/fr\/#\/schema\/person\/7f3dafb236b242fb2aa46be1411fd703","name":"ACN Press Team","description":"Lorem ipsum dolor sit amet, consectetur adipiscing elit, sed do eiusmod tempor incididunt ut labore et dolore magna aliqua. Ut enim ad minim veniam, quis nostrud exercitation ullamco laboris nisi ut aliquip ex ea commodo consequat.","url":"https:\/\/acninternational.org\/fr\/author\/acn-press-team\/"}]}},"_links":{"self":[{"href":"https:\/\/acninternational.org\/fr\/wp-json\/wp\/v2\/posts\/151056","targetHints":{"allow":["GET"]}}],"collection":[{"href":"https:\/\/acninternational.org\/fr\/wp-json\/wp\/v2\/posts"}],"about":[{"href":"https:\/\/acninternational.org\/fr\/wp-json\/wp\/v2\/types\/post"}],"author":[{"embeddable":true,"href":"https:\/\/acninternational.org\/fr\/wp-json\/wp\/v2\/users\/4258341447"}],"replies":[{"embeddable":true,"href":"https:\/\/acninternational.org\/fr\/wp-json\/wp\/v2\/comments?post=151056"}],"version-history":[{"count":0,"href":"https:\/\/acninternational.org\/fr\/wp-json\/wp\/v2\/posts\/151056\/revisions"}],"wp:featuredmedia":[{"embeddable":true,"href":"https:\/\/acninternational.org\/fr\/wp-json\/wp\/v2\/media\/151046"}],"wp:attachment":[{"href":"https:\/\/acninternational.org\/fr\/wp-json\/wp\/v2\/media?parent=151056"}],"wp:term":[{"taxonomy":"category","embeddable":true,"href":"https:\/\/acninternational.org\/fr\/wp-json\/wp\/v2\/categories?post=151056"},{"taxonomy":"post_tag","embeddable":true,"href":"https:\/\/acninternational.org\/fr\/wp-json\/wp\/v2\/tags?post=151056"},{"taxonomy":"country","embeddable":true,"href":"https:\/\/acninternational.org\/fr\/wp-json\/wp\/v2\/country?post=151056"}],"curies":[{"name":"wp","href":"https:\/\/api.w.org\/{rel}","templated":true}]}}