{"id":149127,"date":"2021-03-04T12:01:35","date_gmt":"2021-03-04T11:01:35","guid":{"rendered":"https:\/\/acninternational.org\/?p=149127"},"modified":"2021-03-04T12:11:59","modified_gmt":"2021-03-04T11:11:59","slug":"la-directrice-du-departement-des-projets-du-bureau-international-de-laed-se-rendra-en-irak-a-bord-de-lavion-du-pape-en-tant-que-representante-de-la-roaco","status":"publish","type":"post","link":"https:\/\/acninternational.org\/fr\/la-directrice-du-departement-des-projets-du-bureau-international-de-laed-se-rendra-en-irak-a-bord-de-lavion-du-pape-en-tant-que-representante-de-la-roaco\/","title":{"rendered":"La directrice du d\u00e9partement des projets du bureau international de l\u2019AED se rendra en Irak \u00e0 bord de l\u2019avion du Pape, en tant que repr\u00e9sentante de la ROACO"},"content":{"rendered":"<p>Regina Lynch, directrice du d\u00e9partement des projets du bureau international de l\u2019AED, sera la d\u00e9l\u00e9gu\u00e9e officielle de l\u2019organisation ROACO (une organisation pontificale de soutien aux \u00c9glises catholiques orientales) lors de la visite du Pape en Irak du 5 au 8 mars. Originaire d\u2019Irlande du Nord, Regina Lynch travaille depuis 40 ans soutenant les chr\u00e9tiens qui sont victimes de pers\u00e9cutions, de discriminations ou subissent d\u2019autres formes de d\u00e9tresse extr\u00eame. Elle dirige le d\u00e9partement des projets du bureau International de l\u2019AED depuis 2008.<\/p>\n<p>\u00ab Inclure une repr\u00e9sentante de la ROACO dans l\u2019entourage du Pape pour sa prochaine visite est un signe tangible de la valeur que le Saint-Si\u00e8ge accorde au travail des \u0153uvres de bienfaisance au Proche-Orient, en Europe centrale et orientale, Inde, \u00c9rythr\u00e9e et \u00c9thiopie \u00bb, explique-t-elle.<\/p>\n<p>C\u2019est en 2008 que Regina Lynch s\u2019est rendue pour la premi\u00e8re fois en Irak, o\u00f9 la Fondation pontificale et \u0153uvre internationale catholique de bienfaisance AED apporte son aide depuis 1972. Toutefois, elle se souvient surtout de la visite qu\u2019elle a faite aux chr\u00e9tiens d\u2019Irak \u00e0 un autre moment historique et fatidique, le mois d\u2019ao\u00fbt 2014, quatre jours seulement apr\u00e8s l\u2019invasion des villes et villages chr\u00e9tiens de la Plaine de Ninive par les forces de \u00ab\u00a0l\u2019\u00c9tat Islamique\u00a0\u00bb.<\/p>\n<figure id=\"attachment_142749\" aria-describedby=\"caption-attachment-142749\" style=\"width: 670px\" class=\"wp-caption alignnone\"><img loading=\"lazy\" decoding=\"async\" class=\"wp-image-142749 size-full\" src=\"https:\/\/media.acninternational.org\/wp-content\/uploads\/2020\/09\/Regina-Lynch.jpg\" alt=\"Regina Lynch, directrice du d\u00e9partement des projets du bureau international de l\u2019AED.\" width=\"670\" height=\"400\" srcset=\"https:\/\/media.acninternational.org\/wp-content\/uploads\/2020\/09\/Regina-Lynch.jpg 670w, https:\/\/media.acninternational.org\/wp-content\/uploads\/2020\/09\/Regina-Lynch-300x179.jpg 300w\" sizes=\"auto, (max-width: 670px) 100vw, 670px\" \/><figcaption id=\"caption-attachment-142749\" class=\"wp-caption-text\">Regina Lynch, directrice du d\u00e9partement des projets du bureau international de l\u2019AED.<\/figcaption><\/figure>\n<p>Pendant le temps qu\u2019elle a pass\u00e9 \u00e0 l\u2019AED, Regina s\u2019est rendue dans pr\u00e8s de 30 diff\u00e9rents pays afin de constater en personne les difficult\u00e9s rencontr\u00e9es par l\u2019\u00c9glise et de d\u00e9cider de la meilleure fa\u00e7on d\u2019all\u00e9ger les souffrances qu\u2019elle voyait. Cependant, ce sera la premi\u00e8re fois qu\u2019elle voyagera avec l\u2019entourage du Pape. Ce sera donc pour elle un voyage historique. Elle commente\u00a0: <em>\u00ab Le voyage du Saint-P\u00e8re en Irak est un signe d\u2019encouragement, un message d\u2019esp\u00e9rance aux chr\u00e9tiens irakiens dont la foi \u00e9t\u00e9 mise \u00e0 l\u2019\u00e9preuve au cours des si\u00e8cles. Et vous savez, quand vous \u00eates une minorit\u00e9, vous pouvez parfois vous sentir tr\u00e8s seul. Vous pouvez vous sentir abandonn\u00e9s, et le fait que le Pape Fran\u00e7ois vienne maintenant, dans une p\u00e9riode aussi difficile, va apporter de l\u2019esp\u00e9rance aux chr\u00e9tiens irakiens\u00a0\u00bb.<\/em><\/p>\n<p>Pour Regina Lynch, c\u2019est un grand honneur d\u2019\u00eatre la repr\u00e9sentante de la ROACO au cours de cette visite\u00a0: <em>\u00ab\u00a0Nous sommes tr\u00e8s reconnaissants que la ROACO existe\u00a0\u00bb<\/em>, explique-t-elle.<em> \u00ab\u00a0Non seulement elle est une source d\u2019information et de financement des projets des \u00c9glises catholiques orientales, mais elle fournit aussi une plate-forme pour d\u2019importants \u00e9changes entre les organisations telles que l\u2019AED qui s\u2019engage \u00e0 soutenir spirituellement et financi\u00e8rement ces \u00c9glises anciennes dont le patrimoine est unique. Et, ce faisant, nous aidons l\u2019\u00c9glise \u00e0 respirer de ses deux poumons \u2013 le poumon oriental et le poumon occidental\u00a0\u00bb.<\/em><\/p>\n<p>&nbsp;<\/p>\n","protected":false},"excerpt":{"rendered":"<p>Regina Lynch, directrice du d\u00e9partement des projets du bureau international de l\u2019AED, sera la d\u00e9l\u00e9gu\u00e9e officielle de l\u2019organisation ROACO (une<\/p>\n","protected":false},"author":4258341447,"featured_media":148493,"comment_status":"closed","ping_status":"closed","sticky":false,"template":"","format":"standard","meta":{"_acf_changed":false,"_acn_coauthor_ids":[],"footnotes":""},"categories":[233],"tags":[],"country":[386,92],"class_list":["post-149127","post","type-post","status-publish","format-standard","has-post-thumbnail","hentry","category-non-classifiee","country-irak","country-iraq"],"acn_coauthors":[],"acf":[],"yoast_head":"<!-- This site is optimized with the Yoast SEO Premium plugin v27.3 (Yoast SEO v27.3) - https:\/\/yoast.com\/product\/yoast-seo-premium-wordpress\/ -->\n<title>La directrice du d\u00e9partement des projets du bureau international de l\u2019AED se rendra en Irak \u00e0 bord de l\u2019avion du Pape, en tant que repr\u00e9sentante de la ROACO<\/title>\n<meta name=\"description\" content=\"Regina Lynch, directrice du d\u00e9partement des projets du bureau international de l\u2019AED, sera la d\u00e9l\u00e9gu\u00e9e officielle de l\u2019organisation ROACO (une organisation pontificale de soutien aux \u00c9glises catholiques orientales) lors de la visite du Pape en Irak du 5 au 8 mars.\" \/>\n<meta name=\"robots\" content=\"index, follow, max-snippet:-1, max-image-preview:large, max-video-preview:-1\" \/>\n<link rel=\"canonical\" href=\"https:\/\/acninternational.org\/fr\/la-directrice-du-departement-des-projets-du-bureau-international-de-laed-se-rendra-en-irak-a-bord-de-lavion-du-pape-en-tant-que-representante-de-la-roaco\/\" \/>\n<meta property=\"og:locale\" content=\"fr_FR\" \/>\n<meta property=\"og:type\" content=\"article\" \/>\n<meta property=\"og:title\" content=\"La directrice du d\u00e9partement des projets du bureau international de l\u2019AED se rendra en Irak \u00e0 bord de l\u2019avion du Pape, en tant que repr\u00e9sentante de la ROACO\" \/>\n<meta property=\"og:description\" content=\"Regina Lynch, directrice du d\u00e9partement des projets du bureau international de l\u2019AED, sera la d\u00e9l\u00e9gu\u00e9e officielle de l\u2019organisation ROACO (une organisation pontificale de soutien aux \u00c9glises catholiques orientales) lors de la visite du Pape en Irak du 5 au 8 mars.\" \/>\n<meta property=\"og:url\" content=\"https:\/\/acninternational.org\/fr\/la-directrice-du-departement-des-projets-du-bureau-international-de-laed-se-rendra-en-irak-a-bord-de-lavion-du-pape-en-tant-que-representante-de-la-roaco\/\" \/>\n<meta property=\"og:site_name\" content=\"ACN International\" \/>\n<meta property=\"article:publisher\" content=\"https:\/\/www.facebook.com\/acninternationalorg\" \/>\n<meta property=\"article:published_time\" content=\"2021-03-04T11:01:35+00:00\" \/>\n<meta property=\"article:modified_time\" content=\"2021-03-04T11:11:59+00:00\" \/>\n<meta property=\"og:image\" content=\"https:\/\/media.acninternational.org\/wp-content\/uploads\/2021\/02\/Iraq_Qaraqosh.jpg\" \/>\n\t<meta property=\"og:image:width\" content=\"1400\" \/>\n\t<meta property=\"og:image:height\" content=\"438\" \/>\n\t<meta property=\"og:image:type\" content=\"image\/jpeg\" \/>\n<meta name=\"author\" content=\"ACN Press Team\" \/>\n<meta name=\"twitter:card\" content=\"summary_large_image\" \/>\n<meta name=\"twitter:creator\" content=\"@acn_int\" \/>\n<meta name=\"twitter:site\" content=\"@acn_int\" \/>\n<meta name=\"twitter:label1\" content=\"\u00c9crit par\" \/>\n\t<meta name=\"twitter:data1\" content=\"ACN Press Team\" \/>\n\t<meta name=\"twitter:label2\" content=\"Dur\u00e9e de lecture estim\u00e9e\" \/>\n\t<meta name=\"twitter:data2\" content=\"3 minutes\" \/>\n<script type=\"application\/ld+json\" class=\"yoast-schema-graph\">{\"@context\":\"https:\\\/\\\/schema.org\",\"@graph\":[{\"@type\":\"Article\",\"@id\":\"https:\\\/\\\/acninternational.org\\\/fr\\\/la-directrice-du-departement-des-projets-du-bureau-international-de-laed-se-rendra-en-irak-a-bord-de-lavion-du-pape-en-tant-que-representante-de-la-roaco\\\/#article\",\"isPartOf\":{\"@id\":\"https:\\\/\\\/acninternational.org\\\/fr\\\/la-directrice-du-departement-des-projets-du-bureau-international-de-laed-se-rendra-en-irak-a-bord-de-lavion-du-pape-en-tant-que-representante-de-la-roaco\\\/\"},\"author\":{\"name\":\"ACN Press Team\",\"@id\":\"https:\\\/\\\/acninternational.org\\\/fr\\\/#\\\/schema\\\/person\\\/7f3dafb236b242fb2aa46be1411fd703\"},\"headline\":\"La directrice du d\u00e9partement des projets du bureau international de l\u2019AED se rendra en Irak \u00e0 bord de l\u2019avion du Pape, en tant que repr\u00e9sentante de la ROACO\",\"datePublished\":\"2021-03-04T11:01:35+00:00\",\"dateModified\":\"2021-03-04T11:11:59+00:00\",\"mainEntityOfPage\":{\"@id\":\"https:\\\/\\\/acninternational.org\\\/fr\\\/la-directrice-du-departement-des-projets-du-bureau-international-de-laed-se-rendra-en-irak-a-bord-de-lavion-du-pape-en-tant-que-representante-de-la-roaco\\\/\"},\"wordCount\":531,\"publisher\":{\"@id\":\"https:\\\/\\\/acninternational.org\\\/fr\\\/#organization\"},\"image\":{\"@id\":\"https:\\\/\\\/acninternational.org\\\/fr\\\/la-directrice-du-departement-des-projets-du-bureau-international-de-laed-se-rendra-en-irak-a-bord-de-lavion-du-pape-en-tant-que-representante-de-la-roaco\\\/#primaryimage\"},\"thumbnailUrl\":\"https:\\\/\\\/media.acninternational.org\\\/wp-content\\\/uploads\\\/2021\\\/02\\\/Iraq_Qaraqosh.jpg\",\"articleSection\":[\"Non classifi\u00e9(e)\"],\"inLanguage\":\"fr-FR\"},{\"@type\":\"WebPage\",\"@id\":\"https:\\\/\\\/acninternational.org\\\/fr\\\/la-directrice-du-departement-des-projets-du-bureau-international-de-laed-se-rendra-en-irak-a-bord-de-lavion-du-pape-en-tant-que-representante-de-la-roaco\\\/\",\"url\":\"https:\\\/\\\/acninternational.org\\\/fr\\\/la-directrice-du-departement-des-projets-du-bureau-international-de-laed-se-rendra-en-irak-a-bord-de-lavion-du-pape-en-tant-que-representante-de-la-roaco\\\/\",\"name\":\"La directrice du d\u00e9partement des projets du bureau international de l\u2019AED se rendra en Irak \u00e0 bord de l\u2019avion du Pape, en tant que repr\u00e9sentante de la ROACO\",\"isPartOf\":{\"@id\":\"https:\\\/\\\/acninternational.org\\\/fr\\\/#website\"},\"primaryImageOfPage\":{\"@id\":\"https:\\\/\\\/acninternational.org\\\/fr\\\/la-directrice-du-departement-des-projets-du-bureau-international-de-laed-se-rendra-en-irak-a-bord-de-lavion-du-pape-en-tant-que-representante-de-la-roaco\\\/#primaryimage\"},\"image\":{\"@id\":\"https:\\\/\\\/acninternational.org\\\/fr\\\/la-directrice-du-departement-des-projets-du-bureau-international-de-laed-se-rendra-en-irak-a-bord-de-lavion-du-pape-en-tant-que-representante-de-la-roaco\\\/#primaryimage\"},\"thumbnailUrl\":\"https:\\\/\\\/media.acninternational.org\\\/wp-content\\\/uploads\\\/2021\\\/02\\\/Iraq_Qaraqosh.jpg\",\"datePublished\":\"2021-03-04T11:01:35+00:00\",\"dateModified\":\"2021-03-04T11:11:59+00:00\",\"description\":\"Regina Lynch, directrice du d\u00e9partement des projets du bureau international de l\u2019AED, sera la d\u00e9l\u00e9gu\u00e9e officielle de l\u2019organisation ROACO (une organisation pontificale de soutien aux \u00c9glises catholiques orientales) lors de la visite du Pape en Irak du 5 au 8 mars.\",\"breadcrumb\":{\"@id\":\"https:\\\/\\\/acninternational.org\\\/fr\\\/la-directrice-du-departement-des-projets-du-bureau-international-de-laed-se-rendra-en-irak-a-bord-de-lavion-du-pape-en-tant-que-representante-de-la-roaco\\\/#breadcrumb\"},\"inLanguage\":\"fr-FR\",\"potentialAction\":[{\"@type\":\"ReadAction\",\"target\":[\"https:\\\/\\\/acninternational.org\\\/fr\\\/la-directrice-du-departement-des-projets-du-bureau-international-de-laed-se-rendra-en-irak-a-bord-de-lavion-du-pape-en-tant-que-representante-de-la-roaco\\\/\"]}]},{\"@type\":\"ImageObject\",\"inLanguage\":\"fr-FR\",\"@id\":\"https:\\\/\\\/acninternational.org\\\/fr\\\/la-directrice-du-departement-des-projets-du-bureau-international-de-laed-se-rendra-en-irak-a-bord-de-lavion-du-pape-en-tant-que-representante-de-la-roaco\\\/#primaryimage\",\"url\":\"https:\\\/\\\/media.acninternational.org\\\/wp-content\\\/uploads\\\/2021\\\/02\\\/Iraq_Qaraqosh.jpg\",\"contentUrl\":\"https:\\\/\\\/media.acninternational.org\\\/wp-content\\\/uploads\\\/2021\\\/02\\\/Iraq_Qaraqosh.jpg\",\"width\":1400,\"height\":438},{\"@type\":\"BreadcrumbList\",\"@id\":\"https:\\\/\\\/acninternational.org\\\/fr\\\/la-directrice-du-departement-des-projets-du-bureau-international-de-laed-se-rendra-en-irak-a-bord-de-lavion-du-pape-en-tant-que-representante-de-la-roaco\\\/#breadcrumb\",\"itemListElement\":[{\"@type\":\"ListItem\",\"position\":1,\"name\":\"Home\",\"item\":\"https:\\\/\\\/acninternational.org\\\/fr\\\/\"},{\"@type\":\"ListItem\",\"position\":2,\"name\":\"Nouvelles\",\"item\":\"https:\\\/\\\/acninternational.org\\\/fr\\\/category\\\/news-fr\\\/\"},{\"@type\":\"ListItem\",\"position\":3,\"name\":\"La directrice du d\u00e9partement des projets du bureau international de l\u2019AED se rendra en Irak \u00e0 bord de l\u2019avion du Pape, en tant que repr\u00e9sentante de la ROACO\"}]},{\"@type\":\"WebSite\",\"@id\":\"https:\\\/\\\/acninternational.org\\\/fr\\\/#website\",\"url\":\"https:\\\/\\\/acninternational.org\\\/fr\\\/\",\"name\":\"ACN International\",\"description\":\"\",\"publisher\":{\"@id\":\"https:\\\/\\\/acninternational.org\\\/fr\\\/#organization\"},\"potentialAction\":[{\"@type\":\"SearchAction\",\"target\":{\"@type\":\"EntryPoint\",\"urlTemplate\":\"https:\\\/\\\/acninternational.org\\\/fr\\\/?s={search_term_string}\"},\"query-input\":{\"@type\":\"PropertyValueSpecification\",\"valueRequired\":true,\"valueName\":\"search_term_string\"}}],\"inLanguage\":\"fr-FR\"},{\"@type\":\"Organization\",\"@id\":\"https:\\\/\\\/acninternational.org\\\/fr\\\/#organization\",\"name\":\"Aid to the Church in Need International\",\"url\":\"https:\\\/\\\/acninternational.org\\\/fr\\\/\",\"logo\":{\"@type\":\"ImageObject\",\"inLanguage\":\"fr-FR\",\"@id\":\"https:\\\/\\\/acninternational.org\\\/fr\\\/#\\\/schema\\\/logo\\\/image\\\/\",\"url\":\"https:\\\/\\\/media.acninternational.org\\\/wp-content\\\/uploads\\\/2019\\\/11\\\/acn_logo_blackvector.svg\",\"contentUrl\":\"https:\\\/\\\/media.acninternational.org\\\/wp-content\\\/uploads\\\/2019\\\/11\\\/acn_logo_blackvector.svg\",\"width\":232.6,\"height\":78,\"caption\":\"Aid to the Church in Need International\"},\"image\":{\"@id\":\"https:\\\/\\\/acninternational.org\\\/fr\\\/#\\\/schema\\\/logo\\\/image\\\/\"},\"sameAs\":[\"https:\\\/\\\/www.facebook.com\\\/acninternationalorg\",\"https:\\\/\\\/x.com\\\/acn_int\",\"https:\\\/\\\/www.youtube.com\\\/channel\\\/UCQ-077gS0TnVzkhHmf1opZw\",\"https:\\\/\\\/www.instagram.com\\\/acn_international\\\/\"]},{\"@type\":\"Person\",\"@id\":\"https:\\\/\\\/acninternational.org\\\/fr\\\/#\\\/schema\\\/person\\\/7f3dafb236b242fb2aa46be1411fd703\",\"name\":\"ACN Press Team\",\"description\":\"Lorem ipsum dolor sit amet, consectetur adipiscing elit, sed do eiusmod tempor incididunt ut labore et dolore magna aliqua. Ut enim ad minim veniam, quis nostrud exercitation ullamco laboris nisi ut aliquip ex ea commodo consequat.\",\"url\":\"https:\\\/\\\/acninternational.org\\\/fr\\\/author\\\/acn-press-team\\\/\"}]}<\/script>\n<!-- \/ Yoast SEO Premium plugin. -->","yoast_head_json":{"title":"La directrice du d\u00e9partement des projets du bureau international de l\u2019AED se rendra en Irak \u00e0 bord de l\u2019avion du Pape, en tant que repr\u00e9sentante de la ROACO","description":"Regina Lynch, directrice du d\u00e9partement des projets du bureau international de l\u2019AED, sera la d\u00e9l\u00e9gu\u00e9e officielle de l\u2019organisation ROACO (une organisation pontificale de soutien aux \u00c9glises catholiques orientales) lors de la visite du Pape en Irak du 5 au 8 mars.","robots":{"index":"index","follow":"follow","max-snippet":"max-snippet:-1","max-image-preview":"max-image-preview:large","max-video-preview":"max-video-preview:-1"},"canonical":"https:\/\/acninternational.org\/fr\/la-directrice-du-departement-des-projets-du-bureau-international-de-laed-se-rendra-en-irak-a-bord-de-lavion-du-pape-en-tant-que-representante-de-la-roaco\/","og_locale":"fr_FR","og_type":"article","og_title":"La directrice du d\u00e9partement des projets du bureau international de l\u2019AED se rendra en Irak \u00e0 bord de l\u2019avion du Pape, en tant que repr\u00e9sentante de la ROACO","og_description":"Regina Lynch, directrice du d\u00e9partement des projets du bureau international de l\u2019AED, sera la d\u00e9l\u00e9gu\u00e9e officielle de l\u2019organisation ROACO (une organisation pontificale de soutien aux \u00c9glises catholiques orientales) lors de la visite du Pape en Irak du 5 au 8 mars.","og_url":"https:\/\/acninternational.org\/fr\/la-directrice-du-departement-des-projets-du-bureau-international-de-laed-se-rendra-en-irak-a-bord-de-lavion-du-pape-en-tant-que-representante-de-la-roaco\/","og_site_name":"ACN International","article_publisher":"https:\/\/www.facebook.com\/acninternationalorg","article_published_time":"2021-03-04T11:01:35+00:00","article_modified_time":"2021-03-04T11:11:59+00:00","og_image":[{"width":1400,"height":438,"url":"https:\/\/media.acninternational.org\/wp-content\/uploads\/2021\/02\/Iraq_Qaraqosh.jpg","type":"image\/jpeg"}],"author":"ACN Press Team","twitter_card":"summary_large_image","twitter_creator":"@acn_int","twitter_site":"@acn_int","twitter_misc":{"\u00c9crit par":"ACN Press Team","Dur\u00e9e de lecture estim\u00e9e":"3 minutes"},"schema":{"@context":"https:\/\/schema.org","@graph":[{"@type":"Article","@id":"https:\/\/acninternational.org\/fr\/la-directrice-du-departement-des-projets-du-bureau-international-de-laed-se-rendra-en-irak-a-bord-de-lavion-du-pape-en-tant-que-representante-de-la-roaco\/#article","isPartOf":{"@id":"https:\/\/acninternational.org\/fr\/la-directrice-du-departement-des-projets-du-bureau-international-de-laed-se-rendra-en-irak-a-bord-de-lavion-du-pape-en-tant-que-representante-de-la-roaco\/"},"author":{"name":"ACN Press Team","@id":"https:\/\/acninternational.org\/fr\/#\/schema\/person\/7f3dafb236b242fb2aa46be1411fd703"},"headline":"La directrice du d\u00e9partement des projets du bureau international de l\u2019AED se rendra en Irak \u00e0 bord de l\u2019avion du Pape, en tant que repr\u00e9sentante de la ROACO","datePublished":"2021-03-04T11:01:35+00:00","dateModified":"2021-03-04T11:11:59+00:00","mainEntityOfPage":{"@id":"https:\/\/acninternational.org\/fr\/la-directrice-du-departement-des-projets-du-bureau-international-de-laed-se-rendra-en-irak-a-bord-de-lavion-du-pape-en-tant-que-representante-de-la-roaco\/"},"wordCount":531,"publisher":{"@id":"https:\/\/acninternational.org\/fr\/#organization"},"image":{"@id":"https:\/\/acninternational.org\/fr\/la-directrice-du-departement-des-projets-du-bureau-international-de-laed-se-rendra-en-irak-a-bord-de-lavion-du-pape-en-tant-que-representante-de-la-roaco\/#primaryimage"},"thumbnailUrl":"https:\/\/media.acninternational.org\/wp-content\/uploads\/2021\/02\/Iraq_Qaraqosh.jpg","articleSection":["Non classifi\u00e9(e)"],"inLanguage":"fr-FR"},{"@type":"WebPage","@id":"https:\/\/acninternational.org\/fr\/la-directrice-du-departement-des-projets-du-bureau-international-de-laed-se-rendra-en-irak-a-bord-de-lavion-du-pape-en-tant-que-representante-de-la-roaco\/","url":"https:\/\/acninternational.org\/fr\/la-directrice-du-departement-des-projets-du-bureau-international-de-laed-se-rendra-en-irak-a-bord-de-lavion-du-pape-en-tant-que-representante-de-la-roaco\/","name":"La directrice du d\u00e9partement des projets du bureau international de l\u2019AED se rendra en Irak \u00e0 bord de l\u2019avion du Pape, en tant que repr\u00e9sentante de la ROACO","isPartOf":{"@id":"https:\/\/acninternational.org\/fr\/#website"},"primaryImageOfPage":{"@id":"https:\/\/acninternational.org\/fr\/la-directrice-du-departement-des-projets-du-bureau-international-de-laed-se-rendra-en-irak-a-bord-de-lavion-du-pape-en-tant-que-representante-de-la-roaco\/#primaryimage"},"image":{"@id":"https:\/\/acninternational.org\/fr\/la-directrice-du-departement-des-projets-du-bureau-international-de-laed-se-rendra-en-irak-a-bord-de-lavion-du-pape-en-tant-que-representante-de-la-roaco\/#primaryimage"},"thumbnailUrl":"https:\/\/media.acninternational.org\/wp-content\/uploads\/2021\/02\/Iraq_Qaraqosh.jpg","datePublished":"2021-03-04T11:01:35+00:00","dateModified":"2021-03-04T11:11:59+00:00","description":"Regina Lynch, directrice du d\u00e9partement des projets du bureau international de l\u2019AED, sera la d\u00e9l\u00e9gu\u00e9e officielle de l\u2019organisation ROACO (une organisation pontificale de soutien aux \u00c9glises catholiques orientales) lors de la visite du Pape en Irak du 5 au 8 mars.","breadcrumb":{"@id":"https:\/\/acninternational.org\/fr\/la-directrice-du-departement-des-projets-du-bureau-international-de-laed-se-rendra-en-irak-a-bord-de-lavion-du-pape-en-tant-que-representante-de-la-roaco\/#breadcrumb"},"inLanguage":"fr-FR","potentialAction":[{"@type":"ReadAction","target":["https:\/\/acninternational.org\/fr\/la-directrice-du-departement-des-projets-du-bureau-international-de-laed-se-rendra-en-irak-a-bord-de-lavion-du-pape-en-tant-que-representante-de-la-roaco\/"]}]},{"@type":"ImageObject","inLanguage":"fr-FR","@id":"https:\/\/acninternational.org\/fr\/la-directrice-du-departement-des-projets-du-bureau-international-de-laed-se-rendra-en-irak-a-bord-de-lavion-du-pape-en-tant-que-representante-de-la-roaco\/#primaryimage","url":"https:\/\/media.acninternational.org\/wp-content\/uploads\/2021\/02\/Iraq_Qaraqosh.jpg","contentUrl":"https:\/\/media.acninternational.org\/wp-content\/uploads\/2021\/02\/Iraq_Qaraqosh.jpg","width":1400,"height":438},{"@type":"BreadcrumbList","@id":"https:\/\/acninternational.org\/fr\/la-directrice-du-departement-des-projets-du-bureau-international-de-laed-se-rendra-en-irak-a-bord-de-lavion-du-pape-en-tant-que-representante-de-la-roaco\/#breadcrumb","itemListElement":[{"@type":"ListItem","position":1,"name":"Home","item":"https:\/\/acninternational.org\/fr\/"},{"@type":"ListItem","position":2,"name":"Nouvelles","item":"https:\/\/acninternational.org\/fr\/category\/news-fr\/"},{"@type":"ListItem","position":3,"name":"La directrice du d\u00e9partement des projets du bureau international de l\u2019AED se rendra en Irak \u00e0 bord de l\u2019avion du Pape, en tant que repr\u00e9sentante de la ROACO"}]},{"@type":"WebSite","@id":"https:\/\/acninternational.org\/fr\/#website","url":"https:\/\/acninternational.org\/fr\/","name":"ACN International","description":"","publisher":{"@id":"https:\/\/acninternational.org\/fr\/#organization"},"potentialAction":[{"@type":"SearchAction","target":{"@type":"EntryPoint","urlTemplate":"https:\/\/acninternational.org\/fr\/?s={search_term_string}"},"query-input":{"@type":"PropertyValueSpecification","valueRequired":true,"valueName":"search_term_string"}}],"inLanguage":"fr-FR"},{"@type":"Organization","@id":"https:\/\/acninternational.org\/fr\/#organization","name":"Aid to the Church in Need International","url":"https:\/\/acninternational.org\/fr\/","logo":{"@type":"ImageObject","inLanguage":"fr-FR","@id":"https:\/\/acninternational.org\/fr\/#\/schema\/logo\/image\/","url":"https:\/\/media.acninternational.org\/wp-content\/uploads\/2019\/11\/acn_logo_blackvector.svg","contentUrl":"https:\/\/media.acninternational.org\/wp-content\/uploads\/2019\/11\/acn_logo_blackvector.svg","width":232.6,"height":78,"caption":"Aid to the Church in Need International"},"image":{"@id":"https:\/\/acninternational.org\/fr\/#\/schema\/logo\/image\/"},"sameAs":["https:\/\/www.facebook.com\/acninternationalorg","https:\/\/x.com\/acn_int","https:\/\/www.youtube.com\/channel\/UCQ-077gS0TnVzkhHmf1opZw","https:\/\/www.instagram.com\/acn_international\/"]},{"@type":"Person","@id":"https:\/\/acninternational.org\/fr\/#\/schema\/person\/7f3dafb236b242fb2aa46be1411fd703","name":"ACN Press Team","description":"Lorem ipsum dolor sit amet, consectetur adipiscing elit, sed do eiusmod tempor incididunt ut labore et dolore magna aliqua. Ut enim ad minim veniam, quis nostrud exercitation ullamco laboris nisi ut aliquip ex ea commodo consequat.","url":"https:\/\/acninternational.org\/fr\/author\/acn-press-team\/"}]}},"_links":{"self":[{"href":"https:\/\/acninternational.org\/fr\/wp-json\/wp\/v2\/posts\/149127","targetHints":{"allow":["GET"]}}],"collection":[{"href":"https:\/\/acninternational.org\/fr\/wp-json\/wp\/v2\/posts"}],"about":[{"href":"https:\/\/acninternational.org\/fr\/wp-json\/wp\/v2\/types\/post"}],"author":[{"embeddable":true,"href":"https:\/\/acninternational.org\/fr\/wp-json\/wp\/v2\/users\/4258341447"}],"replies":[{"embeddable":true,"href":"https:\/\/acninternational.org\/fr\/wp-json\/wp\/v2\/comments?post=149127"}],"version-history":[{"count":0,"href":"https:\/\/acninternational.org\/fr\/wp-json\/wp\/v2\/posts\/149127\/revisions"}],"wp:featuredmedia":[{"embeddable":true,"href":"https:\/\/acninternational.org\/fr\/wp-json\/wp\/v2\/media\/148493"}],"wp:attachment":[{"href":"https:\/\/acninternational.org\/fr\/wp-json\/wp\/v2\/media?parent=149127"}],"wp:term":[{"taxonomy":"category","embeddable":true,"href":"https:\/\/acninternational.org\/fr\/wp-json\/wp\/v2\/categories?post=149127"},{"taxonomy":"post_tag","embeddable":true,"href":"https:\/\/acninternational.org\/fr\/wp-json\/wp\/v2\/tags?post=149127"},{"taxonomy":"country","embeddable":true,"href":"https:\/\/acninternational.org\/fr\/wp-json\/wp\/v2\/country?post=149127"}],"curies":[{"name":"wp","href":"https:\/\/api.w.org\/{rel}","templated":true}]}}