{"id":148653,"date":"2021-02-25T10:04:43","date_gmt":"2021-02-25T09:04:43","guid":{"rendered":"https:\/\/acninternational.org\/?p=148653"},"modified":"2021-02-25T10:15:04","modified_gmt":"2021-02-25T09:15:04","slug":"mozambique-les-trois-dernieres-annees-ont-ete-lexperience-de-la-croix","status":"publish","type":"post","link":"https:\/\/acninternational.org\/fr\/mozambique-les-trois-dernieres-annees-ont-ete-lexperience-de-la-croix\/","title":{"rendered":"Mozambique : Les trois derni\u00e8res ann\u00e9es ont \u00e9t\u00e9 \u00ab l\u2019exp\u00e9rience de la croix \u00bb"},"content":{"rendered":"<p>Mgr Luiz Fernando Lisboa ne risque pas d\u2019oublier les derni\u00e8res ann\u00e9es qu\u2019il a pass\u00e9es dans le dioc\u00e8se de Pemba \u2013 des ann\u00e9es de guerre sur le territoire de la province de Cabo Delgado, marqu\u00e9es par des attaques terroristes constantes. Dans un entretien accord\u00e9 \u00e0 la fondation pontificale AED, cet \u00e9v\u00eaque, que le Pape Fran\u00e7ois vient d\u2019envoyer dans un dioc\u00e8se situ\u00e9 dans l\u2019\u00c9tat d\u2019Esp\u00edrito Santo au Br\u00e9sil, revient sur le temps qu\u2019il a pass\u00e9 au Mozambique, un pays lusophone qui est aussi l\u2019un des plus pauvres au monde.<\/p>\n<p>\u00ab\u00a0Mon s\u00e9jour dans le dioc\u00e8se de Pemba a \u00e9t\u00e9 pour moi une grande source d\u2019apprentissage. J\u2019ai toujours voulu travailler en Afrique en tant que missionnaire, et Dieu m\u2019a accord\u00e9 cette gr\u00e2ce. Et j\u2019y suis rest\u00e9 presque vingt ans&#8230;\u00a0\u00bb. Mgr Luiz Fernando Lisboa y a notamment \u00e9t\u00e9 \u00e9v\u00eaque pendant sept ans et demi. Du Br\u00e9sil o\u00f9 il nous t\u00e9l\u00e9phone et o\u00f9 il va maintenant reprendre le dioc\u00e8se de Cachoeiro de Itapemirim, Mgr Luiz Lisboa d\u00e9clare\u00a0: \u00ab\u00a0l\u2019Afrique fera toujours partie de moi. Changer de place, de domicile, oblige \u00e0 tout r\u00e9apprendre, \u00e0 recommencer. Il faut savoir respecter les gens, la culture, les langues, la fa\u00e7on d\u2019\u00eatre et de vivre, et tout cela nous enrichit. Je suis s\u00fbr d\u2019avoir re\u00e7u beaucoup plus que ce que j\u2019ai donn\u00e9&#8230;\u00a0\u00bb.<\/p>\n<figure id=\"attachment_133834\" aria-describedby=\"caption-attachment-133834\" style=\"width: 670px\" class=\"wp-caption alignnone\"><img loading=\"lazy\" decoding=\"async\" class=\"wp-image-133834 size-full\" src=\"https:\/\/media.acninternational.org\/wp-content\/uploads\/2020\/04\/Bishop-Luiz-Fernando-Lisboa.jpg\" alt=\"Mgr Luiz Fernando Lisboa.\" width=\"670\" height=\"400\" srcset=\"https:\/\/media.acninternational.org\/wp-content\/uploads\/2020\/04\/Bishop-Luiz-Fernando-Lisboa.jpg 670w, https:\/\/media.acninternational.org\/wp-content\/uploads\/2020\/04\/Bishop-Luiz-Fernando-Lisboa-300x179.jpg 300w\" sizes=\"auto, (max-width: 670px) 100vw, 670px\" \/><figcaption id=\"caption-attachment-133834\" class=\"wp-caption-text\">Mgr Luiz Fernando Lisboa.<\/figcaption><\/figure>\n<p><strong>Des ann\u00e9es de guerre<\/strong><\/p>\n<p>Les trois derni\u00e8res ann\u00e9es ont \u00e9t\u00e9 particuli\u00e8rement terribles, car la province de Cabo Delgado a subi des attaques terroristes qui ont gagn\u00e9 en intensit\u00e9, en particulier en 2020. Ces trois ann\u00e9es de guerre se r\u00e9sument \u00e0 une statistique brutale : plus de 2.000 morts et plus de 600.000 d\u00e9plac\u00e9s\u00a0: \u00ab Ce fut une exp\u00e9rience tr\u00e8s forte, l\u2019exp\u00e9rience de la croix, une exp\u00e9rience de la douleur\u00a0\u00bb. Pour l\u2019\u00e9v\u00eaque, toutes ces souffrances lui ont permis de d\u00e9couvrir la g\u00e9n\u00e9rosit\u00e9 de son peuple : \u00ab De cette guerre, j\u2019ai pu tirer de nombreuses le\u00e7ons. La principale est la grandeur de ce peuple qui est pauvre, mais tr\u00e8s solidaire. J\u2019ai \u00e9t\u00e9 t\u00e9moin de beaucoup de choses, j\u2019ai entendu beaucoup d\u2019histoires et j\u2019ai vu beaucoup de situations, et j\u2019ai r\u00e9alis\u00e9 combien, m\u00eame dans la pauvret\u00e9, nous pouvons aider, nous pouvons partager. En cette p\u00e9riode de guerre, toutes les familles qui n\u2019ont pas eu \u00e0 fuir ont accueilli chez elles ou dans leur arri\u00e8re-cour une, deux, voire trois familles d\u00e9plac\u00e9es, et ont partag\u00e9 le peu qu\u2019elles avaient avec ceux qui n\u2019avaient rien et erraient d\u00e9sesp\u00e9r\u00e9s et d\u00e9s\u0153uvr\u00e9s. Je pense donc que cette exp\u00e9rience avec les gens de Cabo Delgado me marquera pour toujours&#8230;\u00a0\u00bb.<\/p>\n<p><strong>Le Pape et Pemba <\/strong><\/p>\n<p>Ces derniers mois, avec l\u2019escalade de la violence terroriste sur le territoire de la province de Cabo Delgado, Mgr Luiz Fernando Lisboa est devenu la voix de son peuple en d\u00e9tresse, en tentant d\u2019alerter le monde sur l\u2019existence de la guerre au Mozambique. L\u2019annonce, jeudi 11 f\u00e9vrier, que le Pape Fran\u00e7ois avait d\u00e9cid\u00e9 de l\u2019envoyer dans le dioc\u00e8se br\u00e9silien de Cachoeiro de Itapemirim a \u00e9t\u00e9 accueillie avec une profonde surprise \u00e0 Pemba. L\u2019\u00c9v\u00eaque a accueilli la d\u00e9cision du Saint-P\u00e8re avec s\u00e9r\u00e9nit\u00e9\u00a0: \u00ab\u00a0La mission est celle de Dieu, non la n\u00f4tre. Nous ne sommes que les instruments de Dieu. Dans l\u2019\u00c9glise, l\u2019une des caract\u00e9ristiques du missionnaire, et surtout du religieux (car je suis aussi religieux), c\u2019est l\u2019itin\u00e9rance. Nous ne sommes jamais fix\u00e9s \u00e0 un endroit, mais nous sommes transf\u00e9r\u00e9s l\u00e0 o\u00f9 l\u2019\u00c9glise a besoin de nous, o\u00f9 Dieu nous envoie. Nous devons donc toujours \u00eatre pr\u00eats \u00e0 d\u00e9monter notre tente et \u00e0 la remonter ailleurs. Maintenant, le Pape Fran\u00e7ois a estim\u00e9 qu\u2019il serait mieux que j\u2019aille travailler ailleurs. Je l\u2019accepte, et j\u2019appr\u00e9cie tout le soutien qu\u2019il nous a apport\u00e9, tout l\u2019engagement dont il a fait preuve, et je le remercie de s\u2019\u00eatre pr\u00e9occup\u00e9 et de se pr\u00e9occuper encore de Cabo Delgado, car en plus de prier, il veut continuer \u00e0 aider ce peuple\u00a0\u00bb.<\/p>\n<p><strong>L\u2019aide de la f<\/strong><strong>ondation pontificale AED<\/strong><\/p>\n<p>En ce qui concerne l\u2019aide internationale, Mgr Luiz Fernando Lisboa souligne le soutien que le dioc\u00e8se de Pemba a re\u00e7u \u00e0 travers la fondation pontificale AED ann\u00e9e apr\u00e8s ann\u00e9e, mais surtout ces derniers temps. \u00ab Je profite de l\u2019occasion pour remercier l\u2019AED pour toutes ces ann\u00e9es de collaboration et toute l\u2019aide qu\u2019elle a apport\u00e9e \u00e0 notre dioc\u00e8se. Gr\u00e2ce \u00e0 l\u2019AED et \u00e0 ceux qui la soutiennent, nous avons re\u00e7u des voitures pour nos missionnaires, des aides \u00e0 la formation des pr\u00eatres et des s\u00e9minaristes, des aides pour organiser des retraites, des aides \u00e0 la subsistance des religieuses, des financements de projets \u2013 maintenant en temps de guerre \u2013 pour l\u2019alimentation des populations d\u00e9plac\u00e9es, pour l\u2019achat de mat\u00e9riel agricole pour les personnes d\u00e9plac\u00e9es&#8230; et nous avons encore quelques projets en cours\u00a0! En cette p\u00e9riode de guerre, l\u2019AED nous a beaucoup aid\u00e9s avec diff\u00e9rents petits projets qui ont permis \u00e0 notre personnel missionnaire de travailler et d\u2019apporter un soulagement aux victimes de cette guerre\u00a0\u00bb.<\/p>\n<p>&nbsp;<\/p>\n","protected":false},"excerpt":{"rendered":"<p>Mgr Luiz Fernando Lisboa ne risque pas d\u2019oublier les derni\u00e8res ann\u00e9es qu\u2019il a pass\u00e9es dans le dioc\u00e8se de Pemba \u2013<\/p>\n","protected":false},"author":4258341447,"featured_media":139857,"comment_status":"closed","ping_status":"closed","sticky":false,"template":"","format":"standard","meta":{"_acf_changed":false,"_acn_coauthor_ids":[],"footnotes":""},"categories":[233],"tags":[],"country":[418],"class_list":["post-148653","post","type-post","status-publish","format-standard","has-post-thumbnail","hentry","category-non-classifiee","country-mozambique-es"],"acn_coauthors":[],"acf":[],"yoast_head":"<!-- This site is optimized with the Yoast SEO Premium plugin v27.3 (Yoast SEO v27.3) - https:\/\/yoast.com\/product\/yoast-seo-premium-wordpress\/ -->\n<title>Mozambique : Les trois derni\u00e8res ann\u00e9es ont \u00e9t\u00e9 \u00ab l\u2019exp\u00e9rience de la croix \u00bb<\/title>\n<meta name=\"description\" content=\"Mgr Luiz Fernando Lisboa ne risque pas d\u2019oublier les derni\u00e8res ann\u00e9es qu\u2019il a pass\u00e9es dans le dioc\u00e8se de Pemba \u2013 des ann\u00e9es de guerre sur le territoire de la province de Cabo Delgado, marqu\u00e9es par des attaques terroristes constantes. Dans un entretien accord\u00e9 \u00e0 la fondation pontificale AED, cet \u00e9v\u00eaque, que le Pape Fran\u00e7ois vient d\u2019envoyer dans un dioc\u00e8se situ\u00e9 dans l\u2019\u00c9tat d\u2019Esp\u00edrito Santo au Br\u00e9sil, revient sur le temps qu\u2019il a pass\u00e9 au Mozambique, un pays lusophone qui est aussi l\u2019un des plus pauvres au monde.\" \/>\n<meta name=\"robots\" content=\"index, follow, max-snippet:-1, max-image-preview:large, max-video-preview:-1\" \/>\n<link rel=\"canonical\" href=\"https:\/\/acninternational.org\/fr\/mozambique-les-trois-dernieres-annees-ont-ete-lexperience-de-la-croix\/\" \/>\n<meta property=\"og:locale\" content=\"fr_FR\" \/>\n<meta property=\"og:type\" content=\"article\" \/>\n<meta property=\"og:title\" content=\"Mozambique : Les trois derni\u00e8res ann\u00e9es ont \u00e9t\u00e9 \u00ab l\u2019exp\u00e9rience de la croix \u00bb\" \/>\n<meta property=\"og:description\" content=\"Mgr Luiz Fernando Lisboa ne risque pas d\u2019oublier les derni\u00e8res ann\u00e9es qu\u2019il a pass\u00e9es dans le dioc\u00e8se de Pemba \u2013 des ann\u00e9es de guerre sur le territoire de la province de Cabo Delgado, marqu\u00e9es par des attaques terroristes constantes. Dans un entretien accord\u00e9 \u00e0 la fondation pontificale AED, cet \u00e9v\u00eaque, que le Pape Fran\u00e7ois vient d\u2019envoyer dans un dioc\u00e8se situ\u00e9 dans l\u2019\u00c9tat d\u2019Esp\u00edrito Santo au Br\u00e9sil, revient sur le temps qu\u2019il a pass\u00e9 au Mozambique, un pays lusophone qui est aussi l\u2019un des plus pauvres au monde.\" \/>\n<meta property=\"og:url\" content=\"https:\/\/acninternational.org\/fr\/mozambique-les-trois-dernieres-annees-ont-ete-lexperience-de-la-croix\/\" \/>\n<meta property=\"og:site_name\" content=\"ACN International\" \/>\n<meta property=\"article:publisher\" content=\"https:\/\/www.facebook.com\/acninternationalorg\" \/>\n<meta property=\"article:published_time\" content=\"2021-02-25T09:04:43+00:00\" \/>\n<meta property=\"article:modified_time\" content=\"2021-02-25T09:15:04+00:00\" \/>\n<meta property=\"og:image\" content=\"https:\/\/media.acninternational.org\/wp-content\/uploads\/2020\/07\/Mozambique.jpg\" \/>\n\t<meta property=\"og:image:width\" content=\"1400\" \/>\n\t<meta property=\"og:image:height\" content=\"438\" \/>\n\t<meta property=\"og:image:type\" content=\"image\/jpeg\" \/>\n<meta name=\"author\" content=\"ACN Press Team\" \/>\n<meta name=\"twitter:card\" content=\"summary_large_image\" \/>\n<meta name=\"twitter:creator\" content=\"@acn_int\" \/>\n<meta name=\"twitter:site\" content=\"@acn_int\" \/>\n<meta name=\"twitter:label1\" content=\"\u00c9crit par\" \/>\n\t<meta name=\"twitter:data1\" content=\"ACN Press Team\" \/>\n\t<meta name=\"twitter:label2\" content=\"Dur\u00e9e de lecture estim\u00e9e\" \/>\n\t<meta name=\"twitter:data2\" content=\"4 minutes\" \/>\n<script type=\"application\/ld+json\" class=\"yoast-schema-graph\">{\"@context\":\"https:\\\/\\\/schema.org\",\"@graph\":[{\"@type\":\"Article\",\"@id\":\"https:\\\/\\\/acninternational.org\\\/fr\\\/mozambique-les-trois-dernieres-annees-ont-ete-lexperience-de-la-croix\\\/#article\",\"isPartOf\":{\"@id\":\"https:\\\/\\\/acninternational.org\\\/fr\\\/mozambique-les-trois-dernieres-annees-ont-ete-lexperience-de-la-croix\\\/\"},\"author\":{\"name\":\"ACN Press Team\",\"@id\":\"https:\\\/\\\/acninternational.org\\\/fr\\\/#\\\/schema\\\/person\\\/7f3dafb236b242fb2aa46be1411fd703\"},\"headline\":\"Mozambique : Les trois derni\u00e8res ann\u00e9es ont \u00e9t\u00e9 \u00ab l\u2019exp\u00e9rience de la croix \u00bb\",\"datePublished\":\"2021-02-25T09:04:43+00:00\",\"dateModified\":\"2021-02-25T09:15:04+00:00\",\"mainEntityOfPage\":{\"@id\":\"https:\\\/\\\/acninternational.org\\\/fr\\\/mozambique-les-trois-dernieres-annees-ont-ete-lexperience-de-la-croix\\\/\"},\"wordCount\":949,\"publisher\":{\"@id\":\"https:\\\/\\\/acninternational.org\\\/fr\\\/#organization\"},\"image\":{\"@id\":\"https:\\\/\\\/acninternational.org\\\/fr\\\/mozambique-les-trois-dernieres-annees-ont-ete-lexperience-de-la-croix\\\/#primaryimage\"},\"thumbnailUrl\":\"https:\\\/\\\/media.acninternational.org\\\/wp-content\\\/uploads\\\/2020\\\/07\\\/Mozambique.jpg\",\"articleSection\":[\"Non classifi\u00e9(e)\"],\"inLanguage\":\"fr-FR\"},{\"@type\":\"WebPage\",\"@id\":\"https:\\\/\\\/acninternational.org\\\/fr\\\/mozambique-les-trois-dernieres-annees-ont-ete-lexperience-de-la-croix\\\/\",\"url\":\"https:\\\/\\\/acninternational.org\\\/fr\\\/mozambique-les-trois-dernieres-annees-ont-ete-lexperience-de-la-croix\\\/\",\"name\":\"Mozambique : Les trois derni\u00e8res ann\u00e9es ont \u00e9t\u00e9 \u00ab l\u2019exp\u00e9rience de la croix \u00bb\",\"isPartOf\":{\"@id\":\"https:\\\/\\\/acninternational.org\\\/fr\\\/#website\"},\"primaryImageOfPage\":{\"@id\":\"https:\\\/\\\/acninternational.org\\\/fr\\\/mozambique-les-trois-dernieres-annees-ont-ete-lexperience-de-la-croix\\\/#primaryimage\"},\"image\":{\"@id\":\"https:\\\/\\\/acninternational.org\\\/fr\\\/mozambique-les-trois-dernieres-annees-ont-ete-lexperience-de-la-croix\\\/#primaryimage\"},\"thumbnailUrl\":\"https:\\\/\\\/media.acninternational.org\\\/wp-content\\\/uploads\\\/2020\\\/07\\\/Mozambique.jpg\",\"datePublished\":\"2021-02-25T09:04:43+00:00\",\"dateModified\":\"2021-02-25T09:15:04+00:00\",\"description\":\"Mgr Luiz Fernando Lisboa ne risque pas d\u2019oublier les derni\u00e8res ann\u00e9es qu\u2019il a pass\u00e9es dans le dioc\u00e8se de Pemba \u2013 des ann\u00e9es de guerre sur le territoire de la province de Cabo Delgado, marqu\u00e9es par des attaques terroristes constantes. Dans un entretien accord\u00e9 \u00e0 la fondation pontificale AED, cet \u00e9v\u00eaque, que le Pape Fran\u00e7ois vient d\u2019envoyer dans un dioc\u00e8se situ\u00e9 dans l\u2019\u00c9tat d\u2019Esp\u00edrito Santo au Br\u00e9sil, revient sur le temps qu\u2019il a pass\u00e9 au Mozambique, un pays lusophone qui est aussi l\u2019un des plus pauvres au monde.\",\"breadcrumb\":{\"@id\":\"https:\\\/\\\/acninternational.org\\\/fr\\\/mozambique-les-trois-dernieres-annees-ont-ete-lexperience-de-la-croix\\\/#breadcrumb\"},\"inLanguage\":\"fr-FR\",\"potentialAction\":[{\"@type\":\"ReadAction\",\"target\":[\"https:\\\/\\\/acninternational.org\\\/fr\\\/mozambique-les-trois-dernieres-annees-ont-ete-lexperience-de-la-croix\\\/\"]}]},{\"@type\":\"ImageObject\",\"inLanguage\":\"fr-FR\",\"@id\":\"https:\\\/\\\/acninternational.org\\\/fr\\\/mozambique-les-trois-dernieres-annees-ont-ete-lexperience-de-la-croix\\\/#primaryimage\",\"url\":\"https:\\\/\\\/media.acninternational.org\\\/wp-content\\\/uploads\\\/2020\\\/07\\\/Mozambique.jpg\",\"contentUrl\":\"https:\\\/\\\/media.acninternational.org\\\/wp-content\\\/uploads\\\/2020\\\/07\\\/Mozambique.jpg\",\"width\":1400,\"height\":438},{\"@type\":\"BreadcrumbList\",\"@id\":\"https:\\\/\\\/acninternational.org\\\/fr\\\/mozambique-les-trois-dernieres-annees-ont-ete-lexperience-de-la-croix\\\/#breadcrumb\",\"itemListElement\":[{\"@type\":\"ListItem\",\"position\":1,\"name\":\"Home\",\"item\":\"https:\\\/\\\/acninternational.org\\\/fr\\\/\"},{\"@type\":\"ListItem\",\"position\":2,\"name\":\"Nouvelles\",\"item\":\"https:\\\/\\\/acninternational.org\\\/fr\\\/category\\\/news-fr\\\/\"},{\"@type\":\"ListItem\",\"position\":3,\"name\":\"Mozambique : Les trois derni\u00e8res ann\u00e9es ont \u00e9t\u00e9 \u00ab l\u2019exp\u00e9rience de la croix \u00bb\"}]},{\"@type\":\"WebSite\",\"@id\":\"https:\\\/\\\/acninternational.org\\\/fr\\\/#website\",\"url\":\"https:\\\/\\\/acninternational.org\\\/fr\\\/\",\"name\":\"ACN International\",\"description\":\"\",\"publisher\":{\"@id\":\"https:\\\/\\\/acninternational.org\\\/fr\\\/#organization\"},\"potentialAction\":[{\"@type\":\"SearchAction\",\"target\":{\"@type\":\"EntryPoint\",\"urlTemplate\":\"https:\\\/\\\/acninternational.org\\\/fr\\\/?s={search_term_string}\"},\"query-input\":{\"@type\":\"PropertyValueSpecification\",\"valueRequired\":true,\"valueName\":\"search_term_string\"}}],\"inLanguage\":\"fr-FR\"},{\"@type\":\"Organization\",\"@id\":\"https:\\\/\\\/acninternational.org\\\/fr\\\/#organization\",\"name\":\"Aid to the Church in Need International\",\"url\":\"https:\\\/\\\/acninternational.org\\\/fr\\\/\",\"logo\":{\"@type\":\"ImageObject\",\"inLanguage\":\"fr-FR\",\"@id\":\"https:\\\/\\\/acninternational.org\\\/fr\\\/#\\\/schema\\\/logo\\\/image\\\/\",\"url\":\"https:\\\/\\\/media.acninternational.org\\\/wp-content\\\/uploads\\\/2019\\\/11\\\/acn_logo_blackvector.svg\",\"contentUrl\":\"https:\\\/\\\/media.acninternational.org\\\/wp-content\\\/uploads\\\/2019\\\/11\\\/acn_logo_blackvector.svg\",\"width\":232.6,\"height\":78,\"caption\":\"Aid to the Church in Need International\"},\"image\":{\"@id\":\"https:\\\/\\\/acninternational.org\\\/fr\\\/#\\\/schema\\\/logo\\\/image\\\/\"},\"sameAs\":[\"https:\\\/\\\/www.facebook.com\\\/acninternationalorg\",\"https:\\\/\\\/x.com\\\/acn_int\",\"https:\\\/\\\/www.youtube.com\\\/channel\\\/UCQ-077gS0TnVzkhHmf1opZw\",\"https:\\\/\\\/www.instagram.com\\\/acn_international\\\/\"]},{\"@type\":\"Person\",\"@id\":\"https:\\\/\\\/acninternational.org\\\/fr\\\/#\\\/schema\\\/person\\\/7f3dafb236b242fb2aa46be1411fd703\",\"name\":\"ACN Press Team\",\"description\":\"Lorem ipsum dolor sit amet, consectetur adipiscing elit, sed do eiusmod tempor incididunt ut labore et dolore magna aliqua. Ut enim ad minim veniam, quis nostrud exercitation ullamco laboris nisi ut aliquip ex ea commodo consequat.\",\"url\":\"https:\\\/\\\/acninternational.org\\\/fr\\\/author\\\/acn-press-team\\\/\"}]}<\/script>\n<!-- \/ Yoast SEO Premium plugin. -->","yoast_head_json":{"title":"Mozambique : Les trois derni\u00e8res ann\u00e9es ont \u00e9t\u00e9 \u00ab l\u2019exp\u00e9rience de la croix \u00bb","description":"Mgr Luiz Fernando Lisboa ne risque pas d\u2019oublier les derni\u00e8res ann\u00e9es qu\u2019il a pass\u00e9es dans le dioc\u00e8se de Pemba \u2013 des ann\u00e9es de guerre sur le territoire de la province de Cabo Delgado, marqu\u00e9es par des attaques terroristes constantes. Dans un entretien accord\u00e9 \u00e0 la fondation pontificale AED, cet \u00e9v\u00eaque, que le Pape Fran\u00e7ois vient d\u2019envoyer dans un dioc\u00e8se situ\u00e9 dans l\u2019\u00c9tat d\u2019Esp\u00edrito Santo au Br\u00e9sil, revient sur le temps qu\u2019il a pass\u00e9 au Mozambique, un pays lusophone qui est aussi l\u2019un des plus pauvres au monde.","robots":{"index":"index","follow":"follow","max-snippet":"max-snippet:-1","max-image-preview":"max-image-preview:large","max-video-preview":"max-video-preview:-1"},"canonical":"https:\/\/acninternational.org\/fr\/mozambique-les-trois-dernieres-annees-ont-ete-lexperience-de-la-croix\/","og_locale":"fr_FR","og_type":"article","og_title":"Mozambique : Les trois derni\u00e8res ann\u00e9es ont \u00e9t\u00e9 \u00ab l\u2019exp\u00e9rience de la croix \u00bb","og_description":"Mgr Luiz Fernando Lisboa ne risque pas d\u2019oublier les derni\u00e8res ann\u00e9es qu\u2019il a pass\u00e9es dans le dioc\u00e8se de Pemba \u2013 des ann\u00e9es de guerre sur le territoire de la province de Cabo Delgado, marqu\u00e9es par des attaques terroristes constantes. Dans un entretien accord\u00e9 \u00e0 la fondation pontificale AED, cet \u00e9v\u00eaque, que le Pape Fran\u00e7ois vient d\u2019envoyer dans un dioc\u00e8se situ\u00e9 dans l\u2019\u00c9tat d\u2019Esp\u00edrito Santo au Br\u00e9sil, revient sur le temps qu\u2019il a pass\u00e9 au Mozambique, un pays lusophone qui est aussi l\u2019un des plus pauvres au monde.","og_url":"https:\/\/acninternational.org\/fr\/mozambique-les-trois-dernieres-annees-ont-ete-lexperience-de-la-croix\/","og_site_name":"ACN International","article_publisher":"https:\/\/www.facebook.com\/acninternationalorg","article_published_time":"2021-02-25T09:04:43+00:00","article_modified_time":"2021-02-25T09:15:04+00:00","og_image":[{"width":1400,"height":438,"url":"https:\/\/media.acninternational.org\/wp-content\/uploads\/2020\/07\/Mozambique.jpg","type":"image\/jpeg"}],"author":"ACN Press Team","twitter_card":"summary_large_image","twitter_creator":"@acn_int","twitter_site":"@acn_int","twitter_misc":{"\u00c9crit par":"ACN Press Team","Dur\u00e9e de lecture estim\u00e9e":"4 minutes"},"schema":{"@context":"https:\/\/schema.org","@graph":[{"@type":"Article","@id":"https:\/\/acninternational.org\/fr\/mozambique-les-trois-dernieres-annees-ont-ete-lexperience-de-la-croix\/#article","isPartOf":{"@id":"https:\/\/acninternational.org\/fr\/mozambique-les-trois-dernieres-annees-ont-ete-lexperience-de-la-croix\/"},"author":{"name":"ACN Press Team","@id":"https:\/\/acninternational.org\/fr\/#\/schema\/person\/7f3dafb236b242fb2aa46be1411fd703"},"headline":"Mozambique : Les trois derni\u00e8res ann\u00e9es ont \u00e9t\u00e9 \u00ab l\u2019exp\u00e9rience de la croix \u00bb","datePublished":"2021-02-25T09:04:43+00:00","dateModified":"2021-02-25T09:15:04+00:00","mainEntityOfPage":{"@id":"https:\/\/acninternational.org\/fr\/mozambique-les-trois-dernieres-annees-ont-ete-lexperience-de-la-croix\/"},"wordCount":949,"publisher":{"@id":"https:\/\/acninternational.org\/fr\/#organization"},"image":{"@id":"https:\/\/acninternational.org\/fr\/mozambique-les-trois-dernieres-annees-ont-ete-lexperience-de-la-croix\/#primaryimage"},"thumbnailUrl":"https:\/\/media.acninternational.org\/wp-content\/uploads\/2020\/07\/Mozambique.jpg","articleSection":["Non classifi\u00e9(e)"],"inLanguage":"fr-FR"},{"@type":"WebPage","@id":"https:\/\/acninternational.org\/fr\/mozambique-les-trois-dernieres-annees-ont-ete-lexperience-de-la-croix\/","url":"https:\/\/acninternational.org\/fr\/mozambique-les-trois-dernieres-annees-ont-ete-lexperience-de-la-croix\/","name":"Mozambique : Les trois derni\u00e8res ann\u00e9es ont \u00e9t\u00e9 \u00ab l\u2019exp\u00e9rience de la croix \u00bb","isPartOf":{"@id":"https:\/\/acninternational.org\/fr\/#website"},"primaryImageOfPage":{"@id":"https:\/\/acninternational.org\/fr\/mozambique-les-trois-dernieres-annees-ont-ete-lexperience-de-la-croix\/#primaryimage"},"image":{"@id":"https:\/\/acninternational.org\/fr\/mozambique-les-trois-dernieres-annees-ont-ete-lexperience-de-la-croix\/#primaryimage"},"thumbnailUrl":"https:\/\/media.acninternational.org\/wp-content\/uploads\/2020\/07\/Mozambique.jpg","datePublished":"2021-02-25T09:04:43+00:00","dateModified":"2021-02-25T09:15:04+00:00","description":"Mgr Luiz Fernando Lisboa ne risque pas d\u2019oublier les derni\u00e8res ann\u00e9es qu\u2019il a pass\u00e9es dans le dioc\u00e8se de Pemba \u2013 des ann\u00e9es de guerre sur le territoire de la province de Cabo Delgado, marqu\u00e9es par des attaques terroristes constantes. Dans un entretien accord\u00e9 \u00e0 la fondation pontificale AED, cet \u00e9v\u00eaque, que le Pape Fran\u00e7ois vient d\u2019envoyer dans un dioc\u00e8se situ\u00e9 dans l\u2019\u00c9tat d\u2019Esp\u00edrito Santo au Br\u00e9sil, revient sur le temps qu\u2019il a pass\u00e9 au Mozambique, un pays lusophone qui est aussi l\u2019un des plus pauvres au monde.","breadcrumb":{"@id":"https:\/\/acninternational.org\/fr\/mozambique-les-trois-dernieres-annees-ont-ete-lexperience-de-la-croix\/#breadcrumb"},"inLanguage":"fr-FR","potentialAction":[{"@type":"ReadAction","target":["https:\/\/acninternational.org\/fr\/mozambique-les-trois-dernieres-annees-ont-ete-lexperience-de-la-croix\/"]}]},{"@type":"ImageObject","inLanguage":"fr-FR","@id":"https:\/\/acninternational.org\/fr\/mozambique-les-trois-dernieres-annees-ont-ete-lexperience-de-la-croix\/#primaryimage","url":"https:\/\/media.acninternational.org\/wp-content\/uploads\/2020\/07\/Mozambique.jpg","contentUrl":"https:\/\/media.acninternational.org\/wp-content\/uploads\/2020\/07\/Mozambique.jpg","width":1400,"height":438},{"@type":"BreadcrumbList","@id":"https:\/\/acninternational.org\/fr\/mozambique-les-trois-dernieres-annees-ont-ete-lexperience-de-la-croix\/#breadcrumb","itemListElement":[{"@type":"ListItem","position":1,"name":"Home","item":"https:\/\/acninternational.org\/fr\/"},{"@type":"ListItem","position":2,"name":"Nouvelles","item":"https:\/\/acninternational.org\/fr\/category\/news-fr\/"},{"@type":"ListItem","position":3,"name":"Mozambique : Les trois derni\u00e8res ann\u00e9es ont \u00e9t\u00e9 \u00ab l\u2019exp\u00e9rience de la croix \u00bb"}]},{"@type":"WebSite","@id":"https:\/\/acninternational.org\/fr\/#website","url":"https:\/\/acninternational.org\/fr\/","name":"ACN International","description":"","publisher":{"@id":"https:\/\/acninternational.org\/fr\/#organization"},"potentialAction":[{"@type":"SearchAction","target":{"@type":"EntryPoint","urlTemplate":"https:\/\/acninternational.org\/fr\/?s={search_term_string}"},"query-input":{"@type":"PropertyValueSpecification","valueRequired":true,"valueName":"search_term_string"}}],"inLanguage":"fr-FR"},{"@type":"Organization","@id":"https:\/\/acninternational.org\/fr\/#organization","name":"Aid to the Church in Need International","url":"https:\/\/acninternational.org\/fr\/","logo":{"@type":"ImageObject","inLanguage":"fr-FR","@id":"https:\/\/acninternational.org\/fr\/#\/schema\/logo\/image\/","url":"https:\/\/media.acninternational.org\/wp-content\/uploads\/2019\/11\/acn_logo_blackvector.svg","contentUrl":"https:\/\/media.acninternational.org\/wp-content\/uploads\/2019\/11\/acn_logo_blackvector.svg","width":232.6,"height":78,"caption":"Aid to the Church in Need International"},"image":{"@id":"https:\/\/acninternational.org\/fr\/#\/schema\/logo\/image\/"},"sameAs":["https:\/\/www.facebook.com\/acninternationalorg","https:\/\/x.com\/acn_int","https:\/\/www.youtube.com\/channel\/UCQ-077gS0TnVzkhHmf1opZw","https:\/\/www.instagram.com\/acn_international\/"]},{"@type":"Person","@id":"https:\/\/acninternational.org\/fr\/#\/schema\/person\/7f3dafb236b242fb2aa46be1411fd703","name":"ACN Press Team","description":"Lorem ipsum dolor sit amet, consectetur adipiscing elit, sed do eiusmod tempor incididunt ut labore et dolore magna aliqua. Ut enim ad minim veniam, quis nostrud exercitation ullamco laboris nisi ut aliquip ex ea commodo consequat.","url":"https:\/\/acninternational.org\/fr\/author\/acn-press-team\/"}]}},"_links":{"self":[{"href":"https:\/\/acninternational.org\/fr\/wp-json\/wp\/v2\/posts\/148653","targetHints":{"allow":["GET"]}}],"collection":[{"href":"https:\/\/acninternational.org\/fr\/wp-json\/wp\/v2\/posts"}],"about":[{"href":"https:\/\/acninternational.org\/fr\/wp-json\/wp\/v2\/types\/post"}],"author":[{"embeddable":true,"href":"https:\/\/acninternational.org\/fr\/wp-json\/wp\/v2\/users\/4258341447"}],"replies":[{"embeddable":true,"href":"https:\/\/acninternational.org\/fr\/wp-json\/wp\/v2\/comments?post=148653"}],"version-history":[{"count":0,"href":"https:\/\/acninternational.org\/fr\/wp-json\/wp\/v2\/posts\/148653\/revisions"}],"wp:featuredmedia":[{"embeddable":true,"href":"https:\/\/acninternational.org\/fr\/wp-json\/wp\/v2\/media\/139857"}],"wp:attachment":[{"href":"https:\/\/acninternational.org\/fr\/wp-json\/wp\/v2\/media?parent=148653"}],"wp:term":[{"taxonomy":"category","embeddable":true,"href":"https:\/\/acninternational.org\/fr\/wp-json\/wp\/v2\/categories?post=148653"},{"taxonomy":"post_tag","embeddable":true,"href":"https:\/\/acninternational.org\/fr\/wp-json\/wp\/v2\/tags?post=148653"},{"taxonomy":"country","embeddable":true,"href":"https:\/\/acninternational.org\/fr\/wp-json\/wp\/v2\/country?post=148653"}],"curies":[{"name":"wp","href":"https:\/\/api.w.org\/{rel}","templated":true}]}}