{"id":148632,"date":"2021-02-24T10:52:39","date_gmt":"2021-02-24T09:52:39","guid":{"rendered":"https:\/\/acninternational.org\/?p=148632"},"modified":"2021-02-24T11:22:46","modified_gmt":"2021-02-24T10:22:46","slug":"burkina-faso-les-fideles-fuient-le-terrorisme-contre-lequel-ils-nont-aucun-moyen-de-resister-mais-ils-gardent-leur-foi","status":"publish","type":"post","link":"https:\/\/acninternational.org\/fr\/burkina-faso-les-fideles-fuient-le-terrorisme-contre-lequel-ils-nont-aucun-moyen-de-resister-mais-ils-gardent-leur-foi\/","title":{"rendered":"Burkina Faso : \u00ab\u00a0Les fid\u00e8les fuient le terrorisme contre lequel ils n&rsquo;ont aucun moyen de r\u00e9sister, mais ils gardent leur foi\u00a0\u00bb"},"content":{"rendered":"<p><em>La situation dans la r\u00e9gion du Sahel est pr\u00e9occupante. Dans l&rsquo;interview r\u00e9alis\u00e9e par Maria Lozano de la fondation ACN, avec Mgr Laurent B. DABIRE, \u00e9v\u00eaque de Dori dans le nord du Burkina Faso, le pr\u00e9lat assure que la situation s\u00e9curitaire s\u2019est am\u00e9lior\u00e9e mais que le terrorisme est loin d&rsquo;\u00eatre contr\u00f4l\u00e9, encore moins vaincu. Cette situation qui continue \u00e0 avoir un fort impact sur la vie des gens et de l&rsquo;\u00c9glise est aggrav\u00e9e par la pand\u00e9mie qui s&rsquo;av\u00e8re persistante et changeante. \u00ab\u00a0Nous sommes pris entre deux fronts\u00a0\u00bb, explique Mgr Dabire. Malgr\u00e9 cela, les fid\u00e8les restent fid\u00e8les \u00e0 leur foi et assistent \u00e0 la messe en grand nombre. \u00a0\u00bb\u00a0L\u2019esp\u00e9rance ne trompe pas\u00a0\u00a0\u00bb (Rm 5, 5) rappelle l&rsquo;\u00e9v\u00eaque de Dori. <\/em><\/p>\n<p><strong>Quelle est la situation g\u00e9n\u00e9rale dans le pays ?<br \/>\n<\/strong>La situation g\u00e9n\u00e9rale dans le pays est mauvaise en raison de la crise s\u00e9curitaire et de la pand\u00e9mie de la Covid-19 qui ont beaucoup \u00e9prouv\u00e9 les populations. Nous sommes pris entre deux fronts. Heureusement, l&rsquo;incidence du coronavirus est encore faible en Afrique, mais l&rsquo;augmentation des cas est pr\u00e9occupante. Une cons\u00e9quence directe de ces deux crises est la crise humanitaire, tant pour les populations d\u00e9plac\u00e9es que pour les populations d&rsquo;accueil. Malgr\u00e9 la r\u00e9silience de la population, la situation est tr\u00e8s difficile pour les pauvres qui vivent au jour le jour et qui ont perdu leurs moyens de subsistance.<\/p>\n<figure id=\"attachment_148598\" aria-describedby=\"caption-attachment-148598\" style=\"width: 670px\" class=\"wp-caption alignnone\"><img loading=\"lazy\" decoding=\"async\" class=\"wp-image-148598 size-full\" src=\"https:\/\/media.acninternational.org\/wp-content\/uploads\/2021\/02\/Bishop-Laurent-B.-Dabire.jpg\" alt=\"Mgr Laurent B. DABIRE, \u00e9v\u00eaque de Dori dans le nord du Burkina Faso.\" width=\"670\" height=\"400\" srcset=\"https:\/\/media.acninternational.org\/wp-content\/uploads\/2021\/02\/Bishop-Laurent-B.-Dabire.jpg 670w, https:\/\/media.acninternational.org\/wp-content\/uploads\/2021\/02\/Bishop-Laurent-B.-Dabire-300x179.jpg 300w\" sizes=\"auto, (max-width: 670px) 100vw, 670px\" \/><figcaption id=\"caption-attachment-148598\" class=\"wp-caption-text\">Mgr Laurent B. DABIRE, \u00e9v\u00eaque de Dori dans le nord du Burkina Faso.<\/figcaption><\/figure>\n<p><strong>Quelle est la situation dans le dioc\u00e8se de Dori. Le calme est-il revenu\u00a0? Y a- t- il encore des incursions violentes\u2026\u00a0?<br \/>\n<\/strong>Apr\u00e8s quelques mois d\u2019accalmie (avril-septembre 2020), le territoire dioc\u00e9sain qui correspond \u00e0 la R\u00e9gion du Sahel burkinab\u00e9 a subi au moins 10 \u00e9pisodes d\u2019attaques terroristes du 10 septembre 2020 \u00e0 nos jours. La population continue de quitter les villages \u00e0 cause des attaques ou \u00e0 la suite d\u2019injonctions de quitter la zone sous peine d&rsquo;\u00eatre massacr\u00e9s. Cependant, ces attaques ont diminu\u00e9 en nombre et font moins de victimes. On peut donc dire qu\u2019il y a une am\u00e9lioration du climat s\u00e9curitaire, m\u00eame s\u2019il reste impossible de circuler dans certaines zones qui restent dangereuses en raison de la pr\u00e9sence ou des op\u00e9rations de groupes terroristes.<\/p>\n<p><strong>L\u2019Eglise, les pr\u00eatres, les cat\u00e9chistes et les religieuses peuvent-ils faire leur travail dans le dioc\u00e8se\u00a0?<br \/>\n<\/strong>Les paroisses de Aribinda et de Gorgadji restent totalement ferm\u00e9es et il n&rsquo;y a aucune activit\u00e9 pastorale. Dans ces deux paroisses, le centre paroissial s\u2019est vid\u00e9 de ses chr\u00e9tiens\u00a0et les villages qui en d\u00e9pendent et o\u00f9 il y a encore quelques chr\u00e9tiens, sont inaccessibles \u00e0 cause de la dangerosit\u00e9 des routes. La paroisse de Djibo fonctionne a minima gr\u00e2ce \u00e0 la pr\u00e9sence d\u2019un cat\u00e9chiste. Dans les autres paroisses rest\u00e9es ouvertes, \u00e0 savoir Dori, Sebba et Gorom-Gorom, l\u2019activit\u00e9 pastorale est limit\u00e9e au centre paroissial. L\u00e0, toutes les activit\u00e9s y sont organis\u00e9es r\u00e9guli\u00e8rement, en modifiant parfois les horaires et en veillant aux mesures barri\u00e8res contre le coronavirus.<\/p>\n<p><strong>Cinq ann\u00e9es d&rsquo;ins\u00e9curit\u00e9. Comment les communaut\u00e9s de croyants se sont-elles adapt\u00e9es \u00e0 cette situation ?<br \/>\n<\/strong>Le dioc\u00e8se de Dori continue \u00e0 fonctionner et assure la pr\u00e9sence catholique au Sahel, m\u00eame si c&rsquo;est dans un espace r\u00e9duit et avec difficult\u00e9. Les pr\u00eatres organisent au quotidien les messes, la cat\u00e9ch\u00e8se, les sacrements et les rencontres pastorales. \u00c0 l&rsquo;exception de deux communaut\u00e9s qui ont ferm\u00e9, les s\u0153urs dirigent les \u0153uvres dioc\u00e9saines : l&rsquo;\u00e9cole primaire de Dori, le coll\u00e8ge des Jeunes Filles de Dori, le centre d&rsquo;accueil missionnaires \u00ab\u00a0Le Bon Pasteur\u00a0\u00bb de Dori et le centre \u00ab\u00a0Les Dunes\u00a0\u00bb de Gorom-Gorom qui comprend un orphelinat, une maternit\u00e9, un dispensaire, un entrep\u00f4t pharmaceutique et des logements. En outre, les s\u0153urs participent aux activit\u00e9s paroissiales de cat\u00e9ch\u00e8se, de liturgie, d&rsquo;accompagnement des Mouvements d&rsquo;Action Catholique (MAC) et des Groupes et Associations Spirituels (GAS). Les cat\u00e9chistes sont regroup\u00e9s dans les chefs-lieux des paroisses fonctionnelles, o\u00f9 ils sont engag\u00e9s dans la cat\u00e9ch\u00e8se en langues locales, dans la liturgie et surtout dans l&rsquo;animation des Communaut\u00e9s Chr\u00e9tiennes de Base (CCB) auxquelles ils appartiennent. Le dioc\u00e8se entretient \u00e9galement des contacts avec les autres dioc\u00e8ses du pays en participant aux rencontres nationales.<\/p>\n<p><strong>Comment est l&rsquo;esprit des catholiques dans cette situation difficile\u00a0?<br \/>\n<\/strong>L&rsquo;esprit de nos fid\u00e8les est \u00e0 la pers\u00e9v\u00e9rance et \u00e0 la r\u00e9silience\u00a0: vivre sa foi co\u00fbte que co\u00fbte. Depuis 2015, nous n\u2019avons jamais eu de nouvelles de d\u00e9fection, d\u2019abandon ou d\u2019apostasie. Les fid\u00e8les fuient le terrorisme contre lequel ils n\u2019ont aucun moyen de r\u00e9sister, mais ils gardent leur foi. M\u00eame l\u00e0 o\u00f9 les terroristes ont menac\u00e9 les gens pour qu\u2019ils se convertissent, ils n\u2019ont pas eu de succ\u00e8s. Les gens se sont mis \u00e0 l\u2019abri et leur foi avec. A Gorom-Gorom et \u00e0 Sebba, on constate un refroidissement chez certains fid\u00e8les qui, par peur des attaques, ne fr\u00e9quentent plus les assembl\u00e9es dominicales. L\u2019engagement s\u2019en ressent aussi au niveau des autres activit\u00e9s paroissiales. Les agents pastoraux doivent trouver des strat\u00e9gies pour encourager et soutenir ces fid\u00e8les fragilis\u00e9s. <em>\u00ab\u00a0L&rsquo;esp\u00e9rance ne trompe pas\u00a0\u00bb (Rm 5, 5)<\/em><\/p>\n<p><strong>Dans ce contexte, comment ont-ils pu c\u00e9l\u00e9brer No\u00ebl et l&rsquo;Epiphanie ?<br \/>\n<\/strong>Dans les trois paroisses de plein exercice et m\u00eame \u00e0 Djibo, les messes de No\u00ebl ont \u00e9t\u00e9 c\u00e9l\u00e9br\u00e9es avec joie et une participation importante des fid\u00e8les. Le dimanche du Bapt\u00eame du Seigneur, parce que l\u2019Epiphanie arrivait trop t\u00f4t cette ann\u00e9e, on a c\u00e9l\u00e9br\u00e9 le No\u00ebl des enfants dans toutes les paroisses avec la participation habituelle et nombreuse des enfants musulmans. \u00c0 Djibo, o\u00f9 la c\u00e9l\u00e9bration avait \u00e9t\u00e9 supprim\u00e9e en raison des conditions particuli\u00e8res qui r\u00e9gnaient dans cette paroisse, les enfants musulmans l&rsquo;ont r\u00e9clam\u00e9e et j&rsquo;ai \u00e9t\u00e9 oblig\u00e9 de la r\u00e9tablir. C\u2019\u00e9tait dimanche dernier, le 24 janvier et cela s\u2019est tr\u00e8s bien pass\u00e9. Vives les enfants\u00a0!<\/p>\n<p><strong>La conf\u00e9rence \u00e9piscopale que vous pr\u00e9sidez depuis 2019 inclut \u00e9galement le pays voisin, le Niger. Quelles nouvelles vous parviennent du Niger ?<br \/>\n<\/strong>J\u2019ai tr\u00e8s peu de nouvelles du Niger. Je sais seulement que l\u00e0 aussi les attaques ont continu\u00e9 avec souvent un nombre tr\u00e8s \u00e9lev\u00e9 de morts. L\u2019ins\u00e9curit\u00e9 combin\u00e9e \u00e0 la pand\u00e9mie a \u00e9galement provoqu\u00e9 un ralentissement des activit\u00e9s pastorales dans cette r\u00e9gion. En cons\u00e9quence, les deux \u00e9v\u00eaques du Niger n\u2019ont pu prendre part aux assembl\u00e9es \u00e9piscopales depuis f\u00e9vrier 2020.<\/p>\n","protected":false},"excerpt":{"rendered":"<p>La situation dans la r\u00e9gion du Sahel est pr\u00e9occupante. Dans l&rsquo;interview r\u00e9alis\u00e9e par Maria Lozano de la fondation ACN, avec<\/p>\n","protected":false},"author":4258341447,"featured_media":148618,"comment_status":"closed","ping_status":"closed","sticky":false,"template":"","format":"standard","meta":{"_acf_changed":false,"_acn_coauthor_ids":[],"footnotes":""},"categories":[233],"tags":[],"country":[378],"class_list":["post-148632","post","type-post","status-publish","format-standard","has-post-thumbnail","hentry","category-non-classifiee","country-burkina-faso-es"],"acn_coauthors":[],"acf":[],"yoast_head":"<!-- This site is optimized with the Yoast SEO Premium plugin v27.3 (Yoast SEO v27.3) - https:\/\/yoast.com\/product\/yoast-seo-premium-wordpress\/ -->\n<title>Burkina Faso : &quot;Les fid\u00e8les fuient le terrorisme contre lequel ils n&#039;ont aucun moyen de r\u00e9sister, mais ils gardent leur foi&quot;<\/title>\n<meta name=\"description\" content=\"La situation dans la r\u00e9gion du Sahel est pr\u00e9occupante. Dans l&#039;interview r\u00e9alis\u00e9e par Maria Lozano de la fondation ACN, avec Mgr Laurent B. DABIRE, \u00e9v\u00eaque de Dori dans le nord du Burkina Faso, le pr\u00e9lat assure que la situation s\u00e9curitaire s\u2019est am\u00e9lior\u00e9e mais que le terrorisme est loin d&#039;\u00eatre contr\u00f4l\u00e9, encore moins vaincu. Cette situation qui continue \u00e0 avoir un fort impact sur la vie des gens et de l&#039;\u00c9glise est aggrav\u00e9e par la pand\u00e9mie qui s&#039;av\u00e8re persistante et changeante.\" \/>\n<meta name=\"robots\" content=\"index, follow, max-snippet:-1, max-image-preview:large, max-video-preview:-1\" \/>\n<link rel=\"canonical\" href=\"https:\/\/acninternational.org\/fr\/burkina-faso-les-fideles-fuient-le-terrorisme-contre-lequel-ils-nont-aucun-moyen-de-resister-mais-ils-gardent-leur-foi\/\" \/>\n<meta property=\"og:locale\" content=\"fr_FR\" \/>\n<meta property=\"og:type\" content=\"article\" \/>\n<meta property=\"og:title\" content=\"Burkina Faso : &quot;Les fid\u00e8les fuient le terrorisme contre lequel ils n&#039;ont aucun moyen de r\u00e9sister, mais ils gardent leur foi&quot;\" \/>\n<meta property=\"og:description\" content=\"La situation dans la r\u00e9gion du Sahel est pr\u00e9occupante. Dans l&#039;interview r\u00e9alis\u00e9e par Maria Lozano de la fondation ACN, avec Mgr Laurent B. DABIRE, \u00e9v\u00eaque de Dori dans le nord du Burkina Faso, le pr\u00e9lat assure que la situation s\u00e9curitaire s\u2019est am\u00e9lior\u00e9e mais que le terrorisme est loin d&#039;\u00eatre contr\u00f4l\u00e9, encore moins vaincu. Cette situation qui continue \u00e0 avoir un fort impact sur la vie des gens et de l&#039;\u00c9glise est aggrav\u00e9e par la pand\u00e9mie qui s&#039;av\u00e8re persistante et changeante.\" \/>\n<meta property=\"og:url\" content=\"https:\/\/acninternational.org\/fr\/burkina-faso-les-fideles-fuient-le-terrorisme-contre-lequel-ils-nont-aucun-moyen-de-resister-mais-ils-gardent-leur-foi\/\" \/>\n<meta property=\"og:site_name\" content=\"ACN International\" \/>\n<meta property=\"article:publisher\" content=\"https:\/\/www.facebook.com\/acninternationalorg\" \/>\n<meta property=\"article:published_time\" content=\"2021-02-24T09:52:39+00:00\" \/>\n<meta property=\"article:modified_time\" content=\"2021-02-24T10:22:46+00:00\" \/>\n<meta property=\"og:image\" content=\"https:\/\/media.acninternational.org\/wp-content\/uploads\/2021\/02\/Burkina-Faso2.jpg\" \/>\n\t<meta property=\"og:image:width\" content=\"1400\" \/>\n\t<meta property=\"og:image:height\" content=\"438\" \/>\n\t<meta property=\"og:image:type\" content=\"image\/jpeg\" \/>\n<meta name=\"author\" content=\"ACN Press Team\" \/>\n<meta name=\"twitter:card\" content=\"summary_large_image\" \/>\n<meta name=\"twitter:creator\" content=\"@acn_int\" \/>\n<meta name=\"twitter:site\" content=\"@acn_int\" \/>\n<meta name=\"twitter:label1\" content=\"\u00c9crit par\" \/>\n\t<meta name=\"twitter:data1\" content=\"ACN Press Team\" \/>\n\t<meta name=\"twitter:label2\" content=\"Dur\u00e9e de lecture estim\u00e9e\" \/>\n\t<meta name=\"twitter:data2\" content=\"5 minutes\" \/>\n<script type=\"application\/ld+json\" class=\"yoast-schema-graph\">{\"@context\":\"https:\\\/\\\/schema.org\",\"@graph\":[{\"@type\":\"Article\",\"@id\":\"https:\\\/\\\/acninternational.org\\\/fr\\\/burkina-faso-les-fideles-fuient-le-terrorisme-contre-lequel-ils-nont-aucun-moyen-de-resister-mais-ils-gardent-leur-foi\\\/#article\",\"isPartOf\":{\"@id\":\"https:\\\/\\\/acninternational.org\\\/fr\\\/burkina-faso-les-fideles-fuient-le-terrorisme-contre-lequel-ils-nont-aucun-moyen-de-resister-mais-ils-gardent-leur-foi\\\/\"},\"author\":{\"name\":\"ACN Press Team\",\"@id\":\"https:\\\/\\\/acninternational.org\\\/fr\\\/#\\\/schema\\\/person\\\/7f3dafb236b242fb2aa46be1411fd703\"},\"headline\":\"Burkina Faso : \u00ab\u00a0Les fid\u00e8les fuient le terrorisme contre lequel ils n&rsquo;ont aucun moyen de r\u00e9sister, mais ils gardent leur foi\u00a0\u00bb\",\"datePublished\":\"2021-02-24T09:52:39+00:00\",\"dateModified\":\"2021-02-24T10:22:46+00:00\",\"mainEntityOfPage\":{\"@id\":\"https:\\\/\\\/acninternational.org\\\/fr\\\/burkina-faso-les-fideles-fuient-le-terrorisme-contre-lequel-ils-nont-aucun-moyen-de-resister-mais-ils-gardent-leur-foi\\\/\"},\"wordCount\":1192,\"publisher\":{\"@id\":\"https:\\\/\\\/acninternational.org\\\/fr\\\/#organization\"},\"image\":{\"@id\":\"https:\\\/\\\/acninternational.org\\\/fr\\\/burkina-faso-les-fideles-fuient-le-terrorisme-contre-lequel-ils-nont-aucun-moyen-de-resister-mais-ils-gardent-leur-foi\\\/#primaryimage\"},\"thumbnailUrl\":\"https:\\\/\\\/media.acninternational.org\\\/wp-content\\\/uploads\\\/2021\\\/02\\\/Burkina-Faso2.jpg\",\"articleSection\":[\"Non classifi\u00e9(e)\"],\"inLanguage\":\"fr-FR\"},{\"@type\":\"WebPage\",\"@id\":\"https:\\\/\\\/acninternational.org\\\/fr\\\/burkina-faso-les-fideles-fuient-le-terrorisme-contre-lequel-ils-nont-aucun-moyen-de-resister-mais-ils-gardent-leur-foi\\\/\",\"url\":\"https:\\\/\\\/acninternational.org\\\/fr\\\/burkina-faso-les-fideles-fuient-le-terrorisme-contre-lequel-ils-nont-aucun-moyen-de-resister-mais-ils-gardent-leur-foi\\\/\",\"name\":\"Burkina Faso : \\\"Les fid\u00e8les fuient le terrorisme contre lequel ils n'ont aucun moyen de r\u00e9sister, mais ils gardent leur foi\\\"\",\"isPartOf\":{\"@id\":\"https:\\\/\\\/acninternational.org\\\/fr\\\/#website\"},\"primaryImageOfPage\":{\"@id\":\"https:\\\/\\\/acninternational.org\\\/fr\\\/burkina-faso-les-fideles-fuient-le-terrorisme-contre-lequel-ils-nont-aucun-moyen-de-resister-mais-ils-gardent-leur-foi\\\/#primaryimage\"},\"image\":{\"@id\":\"https:\\\/\\\/acninternational.org\\\/fr\\\/burkina-faso-les-fideles-fuient-le-terrorisme-contre-lequel-ils-nont-aucun-moyen-de-resister-mais-ils-gardent-leur-foi\\\/#primaryimage\"},\"thumbnailUrl\":\"https:\\\/\\\/media.acninternational.org\\\/wp-content\\\/uploads\\\/2021\\\/02\\\/Burkina-Faso2.jpg\",\"datePublished\":\"2021-02-24T09:52:39+00:00\",\"dateModified\":\"2021-02-24T10:22:46+00:00\",\"description\":\"La situation dans la r\u00e9gion du Sahel est pr\u00e9occupante. Dans l'interview r\u00e9alis\u00e9e par Maria Lozano de la fondation ACN, avec Mgr Laurent B. DABIRE, \u00e9v\u00eaque de Dori dans le nord du Burkina Faso, le pr\u00e9lat assure que la situation s\u00e9curitaire s\u2019est am\u00e9lior\u00e9e mais que le terrorisme est loin d'\u00eatre contr\u00f4l\u00e9, encore moins vaincu. Cette situation qui continue \u00e0 avoir un fort impact sur la vie des gens et de l'\u00c9glise est aggrav\u00e9e par la pand\u00e9mie qui s'av\u00e8re persistante et changeante.\",\"breadcrumb\":{\"@id\":\"https:\\\/\\\/acninternational.org\\\/fr\\\/burkina-faso-les-fideles-fuient-le-terrorisme-contre-lequel-ils-nont-aucun-moyen-de-resister-mais-ils-gardent-leur-foi\\\/#breadcrumb\"},\"inLanguage\":\"fr-FR\",\"potentialAction\":[{\"@type\":\"ReadAction\",\"target\":[\"https:\\\/\\\/acninternational.org\\\/fr\\\/burkina-faso-les-fideles-fuient-le-terrorisme-contre-lequel-ils-nont-aucun-moyen-de-resister-mais-ils-gardent-leur-foi\\\/\"]}]},{\"@type\":\"ImageObject\",\"inLanguage\":\"fr-FR\",\"@id\":\"https:\\\/\\\/acninternational.org\\\/fr\\\/burkina-faso-les-fideles-fuient-le-terrorisme-contre-lequel-ils-nont-aucun-moyen-de-resister-mais-ils-gardent-leur-foi\\\/#primaryimage\",\"url\":\"https:\\\/\\\/media.acninternational.org\\\/wp-content\\\/uploads\\\/2021\\\/02\\\/Burkina-Faso2.jpg\",\"contentUrl\":\"https:\\\/\\\/media.acninternational.org\\\/wp-content\\\/uploads\\\/2021\\\/02\\\/Burkina-Faso2.jpg\",\"width\":1400,\"height\":438},{\"@type\":\"BreadcrumbList\",\"@id\":\"https:\\\/\\\/acninternational.org\\\/fr\\\/burkina-faso-les-fideles-fuient-le-terrorisme-contre-lequel-ils-nont-aucun-moyen-de-resister-mais-ils-gardent-leur-foi\\\/#breadcrumb\",\"itemListElement\":[{\"@type\":\"ListItem\",\"position\":1,\"name\":\"Home\",\"item\":\"https:\\\/\\\/acninternational.org\\\/fr\\\/\"},{\"@type\":\"ListItem\",\"position\":2,\"name\":\"NOTICIAS\",\"item\":\"https:\\\/\\\/acninternational.org\\\/fr\\\/category\\\/noticias-fr\\\/\"},{\"@type\":\"ListItem\",\"position\":3,\"name\":\"Burkina Faso : \u00ab\u00a0Les fid\u00e8les fuient le terrorisme contre lequel ils n&rsquo;ont aucun moyen de r\u00e9sister, mais ils gardent leur foi\u00a0\u00bb\"}]},{\"@type\":\"WebSite\",\"@id\":\"https:\\\/\\\/acninternational.org\\\/fr\\\/#website\",\"url\":\"https:\\\/\\\/acninternational.org\\\/fr\\\/\",\"name\":\"ACN International\",\"description\":\"\",\"publisher\":{\"@id\":\"https:\\\/\\\/acninternational.org\\\/fr\\\/#organization\"},\"potentialAction\":[{\"@type\":\"SearchAction\",\"target\":{\"@type\":\"EntryPoint\",\"urlTemplate\":\"https:\\\/\\\/acninternational.org\\\/fr\\\/?s={search_term_string}\"},\"query-input\":{\"@type\":\"PropertyValueSpecification\",\"valueRequired\":true,\"valueName\":\"search_term_string\"}}],\"inLanguage\":\"fr-FR\"},{\"@type\":\"Organization\",\"@id\":\"https:\\\/\\\/acninternational.org\\\/fr\\\/#organization\",\"name\":\"Aid to the Church in Need International\",\"url\":\"https:\\\/\\\/acninternational.org\\\/fr\\\/\",\"logo\":{\"@type\":\"ImageObject\",\"inLanguage\":\"fr-FR\",\"@id\":\"https:\\\/\\\/acninternational.org\\\/fr\\\/#\\\/schema\\\/logo\\\/image\\\/\",\"url\":\"https:\\\/\\\/media.acninternational.org\\\/wp-content\\\/uploads\\\/2019\\\/11\\\/acn_logo_blackvector.svg\",\"contentUrl\":\"https:\\\/\\\/media.acninternational.org\\\/wp-content\\\/uploads\\\/2019\\\/11\\\/acn_logo_blackvector.svg\",\"width\":232.6,\"height\":78,\"caption\":\"Aid to the Church in Need International\"},\"image\":{\"@id\":\"https:\\\/\\\/acninternational.org\\\/fr\\\/#\\\/schema\\\/logo\\\/image\\\/\"},\"sameAs\":[\"https:\\\/\\\/www.facebook.com\\\/acninternationalorg\",\"https:\\\/\\\/x.com\\\/acn_int\",\"https:\\\/\\\/www.youtube.com\\\/channel\\\/UCQ-077gS0TnVzkhHmf1opZw\",\"https:\\\/\\\/www.instagram.com\\\/acn_international\\\/\"]},{\"@type\":\"Person\",\"@id\":\"https:\\\/\\\/acninternational.org\\\/fr\\\/#\\\/schema\\\/person\\\/7f3dafb236b242fb2aa46be1411fd703\",\"name\":\"ACN Press Team\",\"description\":\"Lorem ipsum dolor sit amet, consectetur adipiscing elit, sed do eiusmod tempor incididunt ut labore et dolore magna aliqua. Ut enim ad minim veniam, quis nostrud exercitation ullamco laboris nisi ut aliquip ex ea commodo consequat.\",\"url\":\"https:\\\/\\\/acninternational.org\\\/fr\\\/author\\\/acn-press-team\\\/\"}]}<\/script>\n<!-- \/ Yoast SEO Premium plugin. -->","yoast_head_json":{"title":"Burkina Faso : \"Les fid\u00e8les fuient le terrorisme contre lequel ils n'ont aucun moyen de r\u00e9sister, mais ils gardent leur foi\"","description":"La situation dans la r\u00e9gion du Sahel est pr\u00e9occupante. Dans l'interview r\u00e9alis\u00e9e par Maria Lozano de la fondation ACN, avec Mgr Laurent B. DABIRE, \u00e9v\u00eaque de Dori dans le nord du Burkina Faso, le pr\u00e9lat assure que la situation s\u00e9curitaire s\u2019est am\u00e9lior\u00e9e mais que le terrorisme est loin d'\u00eatre contr\u00f4l\u00e9, encore moins vaincu. Cette situation qui continue \u00e0 avoir un fort impact sur la vie des gens et de l'\u00c9glise est aggrav\u00e9e par la pand\u00e9mie qui s'av\u00e8re persistante et changeante.","robots":{"index":"index","follow":"follow","max-snippet":"max-snippet:-1","max-image-preview":"max-image-preview:large","max-video-preview":"max-video-preview:-1"},"canonical":"https:\/\/acninternational.org\/fr\/burkina-faso-les-fideles-fuient-le-terrorisme-contre-lequel-ils-nont-aucun-moyen-de-resister-mais-ils-gardent-leur-foi\/","og_locale":"fr_FR","og_type":"article","og_title":"Burkina Faso : \"Les fid\u00e8les fuient le terrorisme contre lequel ils n'ont aucun moyen de r\u00e9sister, mais ils gardent leur foi\"","og_description":"La situation dans la r\u00e9gion du Sahel est pr\u00e9occupante. Dans l'interview r\u00e9alis\u00e9e par Maria Lozano de la fondation ACN, avec Mgr Laurent B. DABIRE, \u00e9v\u00eaque de Dori dans le nord du Burkina Faso, le pr\u00e9lat assure que la situation s\u00e9curitaire s\u2019est am\u00e9lior\u00e9e mais que le terrorisme est loin d'\u00eatre contr\u00f4l\u00e9, encore moins vaincu. Cette situation qui continue \u00e0 avoir un fort impact sur la vie des gens et de l'\u00c9glise est aggrav\u00e9e par la pand\u00e9mie qui s'av\u00e8re persistante et changeante.","og_url":"https:\/\/acninternational.org\/fr\/burkina-faso-les-fideles-fuient-le-terrorisme-contre-lequel-ils-nont-aucun-moyen-de-resister-mais-ils-gardent-leur-foi\/","og_site_name":"ACN International","article_publisher":"https:\/\/www.facebook.com\/acninternationalorg","article_published_time":"2021-02-24T09:52:39+00:00","article_modified_time":"2021-02-24T10:22:46+00:00","og_image":[{"width":1400,"height":438,"url":"https:\/\/media.acninternational.org\/wp-content\/uploads\/2021\/02\/Burkina-Faso2.jpg","type":"image\/jpeg"}],"author":"ACN Press Team","twitter_card":"summary_large_image","twitter_creator":"@acn_int","twitter_site":"@acn_int","twitter_misc":{"\u00c9crit par":"ACN Press Team","Dur\u00e9e de lecture estim\u00e9e":"5 minutes"},"schema":{"@context":"https:\/\/schema.org","@graph":[{"@type":"Article","@id":"https:\/\/acninternational.org\/fr\/burkina-faso-les-fideles-fuient-le-terrorisme-contre-lequel-ils-nont-aucun-moyen-de-resister-mais-ils-gardent-leur-foi\/#article","isPartOf":{"@id":"https:\/\/acninternational.org\/fr\/burkina-faso-les-fideles-fuient-le-terrorisme-contre-lequel-ils-nont-aucun-moyen-de-resister-mais-ils-gardent-leur-foi\/"},"author":{"name":"ACN Press Team","@id":"https:\/\/acninternational.org\/fr\/#\/schema\/person\/7f3dafb236b242fb2aa46be1411fd703"},"headline":"Burkina Faso : \u00ab\u00a0Les fid\u00e8les fuient le terrorisme contre lequel ils n&rsquo;ont aucun moyen de r\u00e9sister, mais ils gardent leur foi\u00a0\u00bb","datePublished":"2021-02-24T09:52:39+00:00","dateModified":"2021-02-24T10:22:46+00:00","mainEntityOfPage":{"@id":"https:\/\/acninternational.org\/fr\/burkina-faso-les-fideles-fuient-le-terrorisme-contre-lequel-ils-nont-aucun-moyen-de-resister-mais-ils-gardent-leur-foi\/"},"wordCount":1192,"publisher":{"@id":"https:\/\/acninternational.org\/fr\/#organization"},"image":{"@id":"https:\/\/acninternational.org\/fr\/burkina-faso-les-fideles-fuient-le-terrorisme-contre-lequel-ils-nont-aucun-moyen-de-resister-mais-ils-gardent-leur-foi\/#primaryimage"},"thumbnailUrl":"https:\/\/media.acninternational.org\/wp-content\/uploads\/2021\/02\/Burkina-Faso2.jpg","articleSection":["Non classifi\u00e9(e)"],"inLanguage":"fr-FR"},{"@type":"WebPage","@id":"https:\/\/acninternational.org\/fr\/burkina-faso-les-fideles-fuient-le-terrorisme-contre-lequel-ils-nont-aucun-moyen-de-resister-mais-ils-gardent-leur-foi\/","url":"https:\/\/acninternational.org\/fr\/burkina-faso-les-fideles-fuient-le-terrorisme-contre-lequel-ils-nont-aucun-moyen-de-resister-mais-ils-gardent-leur-foi\/","name":"Burkina Faso : \"Les fid\u00e8les fuient le terrorisme contre lequel ils n'ont aucun moyen de r\u00e9sister, mais ils gardent leur foi\"","isPartOf":{"@id":"https:\/\/acninternational.org\/fr\/#website"},"primaryImageOfPage":{"@id":"https:\/\/acninternational.org\/fr\/burkina-faso-les-fideles-fuient-le-terrorisme-contre-lequel-ils-nont-aucun-moyen-de-resister-mais-ils-gardent-leur-foi\/#primaryimage"},"image":{"@id":"https:\/\/acninternational.org\/fr\/burkina-faso-les-fideles-fuient-le-terrorisme-contre-lequel-ils-nont-aucun-moyen-de-resister-mais-ils-gardent-leur-foi\/#primaryimage"},"thumbnailUrl":"https:\/\/media.acninternational.org\/wp-content\/uploads\/2021\/02\/Burkina-Faso2.jpg","datePublished":"2021-02-24T09:52:39+00:00","dateModified":"2021-02-24T10:22:46+00:00","description":"La situation dans la r\u00e9gion du Sahel est pr\u00e9occupante. Dans l'interview r\u00e9alis\u00e9e par Maria Lozano de la fondation ACN, avec Mgr Laurent B. DABIRE, \u00e9v\u00eaque de Dori dans le nord du Burkina Faso, le pr\u00e9lat assure que la situation s\u00e9curitaire s\u2019est am\u00e9lior\u00e9e mais que le terrorisme est loin d'\u00eatre contr\u00f4l\u00e9, encore moins vaincu. Cette situation qui continue \u00e0 avoir un fort impact sur la vie des gens et de l'\u00c9glise est aggrav\u00e9e par la pand\u00e9mie qui s'av\u00e8re persistante et changeante.","breadcrumb":{"@id":"https:\/\/acninternational.org\/fr\/burkina-faso-les-fideles-fuient-le-terrorisme-contre-lequel-ils-nont-aucun-moyen-de-resister-mais-ils-gardent-leur-foi\/#breadcrumb"},"inLanguage":"fr-FR","potentialAction":[{"@type":"ReadAction","target":["https:\/\/acninternational.org\/fr\/burkina-faso-les-fideles-fuient-le-terrorisme-contre-lequel-ils-nont-aucun-moyen-de-resister-mais-ils-gardent-leur-foi\/"]}]},{"@type":"ImageObject","inLanguage":"fr-FR","@id":"https:\/\/acninternational.org\/fr\/burkina-faso-les-fideles-fuient-le-terrorisme-contre-lequel-ils-nont-aucun-moyen-de-resister-mais-ils-gardent-leur-foi\/#primaryimage","url":"https:\/\/media.acninternational.org\/wp-content\/uploads\/2021\/02\/Burkina-Faso2.jpg","contentUrl":"https:\/\/media.acninternational.org\/wp-content\/uploads\/2021\/02\/Burkina-Faso2.jpg","width":1400,"height":438},{"@type":"BreadcrumbList","@id":"https:\/\/acninternational.org\/fr\/burkina-faso-les-fideles-fuient-le-terrorisme-contre-lequel-ils-nont-aucun-moyen-de-resister-mais-ils-gardent-leur-foi\/#breadcrumb","itemListElement":[{"@type":"ListItem","position":1,"name":"Home","item":"https:\/\/acninternational.org\/fr\/"},{"@type":"ListItem","position":2,"name":"NOTICIAS","item":"https:\/\/acninternational.org\/fr\/category\/noticias-fr\/"},{"@type":"ListItem","position":3,"name":"Burkina Faso : \u00ab\u00a0Les fid\u00e8les fuient le terrorisme contre lequel ils n&rsquo;ont aucun moyen de r\u00e9sister, mais ils gardent leur foi\u00a0\u00bb"}]},{"@type":"WebSite","@id":"https:\/\/acninternational.org\/fr\/#website","url":"https:\/\/acninternational.org\/fr\/","name":"ACN International","description":"","publisher":{"@id":"https:\/\/acninternational.org\/fr\/#organization"},"potentialAction":[{"@type":"SearchAction","target":{"@type":"EntryPoint","urlTemplate":"https:\/\/acninternational.org\/fr\/?s={search_term_string}"},"query-input":{"@type":"PropertyValueSpecification","valueRequired":true,"valueName":"search_term_string"}}],"inLanguage":"fr-FR"},{"@type":"Organization","@id":"https:\/\/acninternational.org\/fr\/#organization","name":"Aid to the Church in Need International","url":"https:\/\/acninternational.org\/fr\/","logo":{"@type":"ImageObject","inLanguage":"fr-FR","@id":"https:\/\/acninternational.org\/fr\/#\/schema\/logo\/image\/","url":"https:\/\/media.acninternational.org\/wp-content\/uploads\/2019\/11\/acn_logo_blackvector.svg","contentUrl":"https:\/\/media.acninternational.org\/wp-content\/uploads\/2019\/11\/acn_logo_blackvector.svg","width":232.6,"height":78,"caption":"Aid to the Church in Need International"},"image":{"@id":"https:\/\/acninternational.org\/fr\/#\/schema\/logo\/image\/"},"sameAs":["https:\/\/www.facebook.com\/acninternationalorg","https:\/\/x.com\/acn_int","https:\/\/www.youtube.com\/channel\/UCQ-077gS0TnVzkhHmf1opZw","https:\/\/www.instagram.com\/acn_international\/"]},{"@type":"Person","@id":"https:\/\/acninternational.org\/fr\/#\/schema\/person\/7f3dafb236b242fb2aa46be1411fd703","name":"ACN Press Team","description":"Lorem ipsum dolor sit amet, consectetur adipiscing elit, sed do eiusmod tempor incididunt ut labore et dolore magna aliqua. Ut enim ad minim veniam, quis nostrud exercitation ullamco laboris nisi ut aliquip ex ea commodo consequat.","url":"https:\/\/acninternational.org\/fr\/author\/acn-press-team\/"}]}},"_links":{"self":[{"href":"https:\/\/acninternational.org\/fr\/wp-json\/wp\/v2\/posts\/148632","targetHints":{"allow":["GET"]}}],"collection":[{"href":"https:\/\/acninternational.org\/fr\/wp-json\/wp\/v2\/posts"}],"about":[{"href":"https:\/\/acninternational.org\/fr\/wp-json\/wp\/v2\/types\/post"}],"author":[{"embeddable":true,"href":"https:\/\/acninternational.org\/fr\/wp-json\/wp\/v2\/users\/4258341447"}],"replies":[{"embeddable":true,"href":"https:\/\/acninternational.org\/fr\/wp-json\/wp\/v2\/comments?post=148632"}],"version-history":[{"count":0,"href":"https:\/\/acninternational.org\/fr\/wp-json\/wp\/v2\/posts\/148632\/revisions"}],"wp:featuredmedia":[{"embeddable":true,"href":"https:\/\/acninternational.org\/fr\/wp-json\/wp\/v2\/media\/148618"}],"wp:attachment":[{"href":"https:\/\/acninternational.org\/fr\/wp-json\/wp\/v2\/media?parent=148632"}],"wp:term":[{"taxonomy":"category","embeddable":true,"href":"https:\/\/acninternational.org\/fr\/wp-json\/wp\/v2\/categories?post=148632"},{"taxonomy":"post_tag","embeddable":true,"href":"https:\/\/acninternational.org\/fr\/wp-json\/wp\/v2\/tags?post=148632"},{"taxonomy":"country","embeddable":true,"href":"https:\/\/acninternational.org\/fr\/wp-json\/wp\/v2\/country?post=148632"}],"curies":[{"name":"wp","href":"https:\/\/api.w.org\/{rel}","templated":true}]}}