{"id":148614,"date":"2021-02-24T10:39:21","date_gmt":"2021-02-24T09:39:21","guid":{"rendered":"https:\/\/acninternational.org\/?p=148614"},"modified":"2021-02-24T11:45:28","modified_gmt":"2021-02-24T10:45:28","slug":"burkina-faso-pris-entre-deux-fronts","status":"publish","type":"post","link":"https:\/\/acninternational.org\/fr\/burkina-faso-pris-entre-deux-fronts\/","title":{"rendered":"Burkina Faso\u00a0: Pris entre deux fronts"},"content":{"rendered":"<p>Bien que l\u2019\u00e9tat de la s\u00e9curit\u00e9 se soit am\u00e9lior\u00e9 ces derniers mois, il est encore impossible de s\u00e9journer dans certaines r\u00e9gions du Burkina Faso o\u00f9 errent des groupes terroristes, a d\u00e9clar\u00e9 Mgr Laurent Dabire, \u00e9v\u00eaque de Dori, dans le nord du pays, \u00e0 l\u2019\u0152uvre de bienfaisance Aide \u00e0 l\u2019\u00c9glise en D\u00e9tresse. Apr\u00e8s quelques mois de cessez-le-feu entre avril et septembre 2020, le territoire du dioc\u00e8se a encore connu au moins dix attentats terroristes depuis le 10 septembre 2020. Cependant, les attaques sont moins fr\u00e9quentes, et le nombre de morts a diminu\u00e9.<\/p>\n<p>Plusieurs paroisses du Burkina Faso sont compl\u00e8tement ferm\u00e9es. Cependant, le dioc\u00e8se de Dori continue \u00e0 travailler. \u00ab\u00a0Il assure une pr\u00e9sence catholique au Sahel, bien que ce soit dans un espace r\u00e9duit et dans des conditions difficiles\u00a0\u00bb.<\/p>\n<figure id=\"attachment_148598\" aria-describedby=\"caption-attachment-148598\" style=\"width: 670px\" class=\"wp-caption alignnone\"><img loading=\"lazy\" decoding=\"async\" class=\"wp-image-148598 size-full\" src=\"https:\/\/media.acninternational.org\/wp-content\/uploads\/2021\/02\/Bishop-Laurent-B.-Dabire.jpg\" alt=\"Mgr Laurent Dabire, \u00e9v\u00eaque de Dori.\" width=\"670\" height=\"400\" srcset=\"https:\/\/media.acninternational.org\/wp-content\/uploads\/2021\/02\/Bishop-Laurent-B.-Dabire.jpg 670w, https:\/\/media.acninternational.org\/wp-content\/uploads\/2021\/02\/Bishop-Laurent-B.-Dabire-300x179.jpg 300w\" sizes=\"auto, (max-width: 670px) 100vw, 670px\" \/><figcaption id=\"caption-attachment-148598\" class=\"wp-caption-text\">Mgr Laurent Dabire, \u00e9v\u00eaque de Dori.<\/figcaption><\/figure>\n<p>Outre l\u2019instabilit\u00e9 de la situation en ce qui concerne la s\u00e9curit\u00e9, il faut ajouter les dangers de la pand\u00e9mie de Coronavirus. \u00ab\u00a0Nous sommes pris entre deux fronts\u00a0\u00bb, explique l\u2019\u00e9v\u00eaque.<\/p>\n<p>Face \u00e0 tant d\u2019adversit\u00e9, Mgr Dabire se montre impressionn\u00e9 par la foi de ses paroissiens. \u00ab\u00a0Nos fid\u00e8les se distinguent par leur pers\u00e9v\u00e9rance et leur r\u00e9silience. Leur principe\u00a0: \u00ab\u00a0vivre la foi, quoi qu\u2019il en co\u00fbte. \u00bb C\u2019est en particulier la derni\u00e8re f\u00eate de No\u00ebl qui l\u2019a rempli de joie. Le No\u00ebl traditionnel des enfants a d\u00fb \u00eatre annul\u00e9, cette fois-ci en raison de la situation particuli\u00e8re de la ville de Djibo, et en fait, ce sont justement les enfants musulmans qui en ont \u00e9t\u00e9 tellement attrist\u00e9s qu\u2019il a organis\u00e9 un No\u00ebl a posteriori. \u00ab\u00a0Ce fut une exp\u00e9rience formidable. Vivent les enfants\u00a0!\u00a0\u00bb, d\u00e9clare avec joie l\u2019\u00e9v\u00eaque burkinab\u00e8.<\/p>\n<p><em>L\u2019entretien complet peut \u00eatre lu sur le <a href=\"https:\/\/acninternational.org\/fr\/burkina-faso-les-fideles-fuient-le-terrorisme-contre-lequel-ils-nont-aucun-moyen-de-resister-mais-ils-gardent-leur-foi\/\">site.<\/a><\/em><\/p>\n","protected":false},"excerpt":{"rendered":"<p>Bien que l\u2019\u00e9tat de la s\u00e9curit\u00e9 se soit am\u00e9lior\u00e9 ces derniers mois, il est encore impossible de s\u00e9journer dans certaines<\/p>\n","protected":false},"author":4258341447,"featured_media":148604,"comment_status":"closed","ping_status":"closed","sticky":false,"template":"","format":"standard","meta":{"_acf_changed":false,"_acn_coauthor_ids":[],"footnotes":""},"categories":[233],"tags":[],"country":[378],"class_list":["post-148614","post","type-post","status-publish","format-standard","has-post-thumbnail","hentry","category-non-classifiee","country-burkina-faso-es"],"acn_coauthors":[],"acf":[],"yoast_head":"<!-- This site is optimized with the Yoast SEO Premium plugin v27.3 (Yoast SEO v27.3) - https:\/\/yoast.com\/product\/yoast-seo-premium-wordpress\/ -->\n<title>Burkina Faso\u00a0: Pris entre deux fronts<\/title>\n<meta name=\"description\" content=\"Bien que l\u2019\u00e9tat de la s\u00e9curit\u00e9 se soit am\u00e9lior\u00e9 ces derniers mois, il est encore impossible de s\u00e9journer dans certaines r\u00e9gions du Burkina Faso o\u00f9 errent des groupes terroristes, a d\u00e9clar\u00e9 Mgr Laurent Dabire, \u00e9v\u00eaque de Dori, dans le nord du pays, \u00e0 l\u2019\u0152uvre de bienfaisance Aide \u00e0 l\u2019\u00c9glise en D\u00e9tresse.\" \/>\n<meta name=\"robots\" content=\"index, follow, max-snippet:-1, max-image-preview:large, max-video-preview:-1\" \/>\n<link rel=\"canonical\" href=\"https:\/\/acninternational.org\/fr\/burkina-faso-pris-entre-deux-fronts\/\" \/>\n<meta property=\"og:locale\" content=\"fr_FR\" \/>\n<meta property=\"og:type\" content=\"article\" \/>\n<meta property=\"og:title\" content=\"Burkina Faso\u00a0: Pris entre deux fronts\" \/>\n<meta property=\"og:description\" content=\"Bien que l\u2019\u00e9tat de la s\u00e9curit\u00e9 se soit am\u00e9lior\u00e9 ces derniers mois, il est encore impossible de s\u00e9journer dans certaines r\u00e9gions du Burkina Faso o\u00f9 errent des groupes terroristes, a d\u00e9clar\u00e9 Mgr Laurent Dabire, \u00e9v\u00eaque de Dori, dans le nord du pays, \u00e0 l\u2019\u0152uvre de bienfaisance Aide \u00e0 l\u2019\u00c9glise en D\u00e9tresse.\" \/>\n<meta property=\"og:url\" content=\"https:\/\/acninternational.org\/fr\/burkina-faso-pris-entre-deux-fronts\/\" \/>\n<meta property=\"og:site_name\" content=\"ACN International\" \/>\n<meta property=\"article:publisher\" content=\"https:\/\/www.facebook.com\/acninternationalorg\" \/>\n<meta property=\"article:published_time\" content=\"2021-02-24T09:39:21+00:00\" \/>\n<meta property=\"article:modified_time\" content=\"2021-02-24T10:45:28+00:00\" \/>\n<meta property=\"og:image\" content=\"https:\/\/media.acninternational.org\/wp-content\/uploads\/2021\/02\/burkina-faso.jpg\" \/>\n\t<meta property=\"og:image:width\" content=\"1400\" \/>\n\t<meta property=\"og:image:height\" content=\"438\" \/>\n\t<meta property=\"og:image:type\" content=\"image\/jpeg\" \/>\n<meta name=\"author\" content=\"ACN Press Team\" \/>\n<meta name=\"twitter:card\" content=\"summary_large_image\" \/>\n<meta name=\"twitter:creator\" content=\"@acn_int\" \/>\n<meta name=\"twitter:site\" content=\"@acn_int\" \/>\n<meta name=\"twitter:label1\" content=\"\u00c9crit par\" \/>\n\t<meta name=\"twitter:data1\" content=\"ACN Press Team\" \/>\n\t<meta name=\"twitter:label2\" content=\"Dur\u00e9e de lecture estim\u00e9e\" \/>\n\t<meta name=\"twitter:data2\" content=\"2 minutes\" \/>\n<script type=\"application\/ld+json\" class=\"yoast-schema-graph\">{\"@context\":\"https:\\\/\\\/schema.org\",\"@graph\":[{\"@type\":\"Article\",\"@id\":\"https:\\\/\\\/acninternational.org\\\/fr\\\/burkina-faso-pris-entre-deux-fronts\\\/#article\",\"isPartOf\":{\"@id\":\"https:\\\/\\\/acninternational.org\\\/fr\\\/burkina-faso-pris-entre-deux-fronts\\\/\"},\"author\":{\"name\":\"ACN Press Team\",\"@id\":\"https:\\\/\\\/acninternational.org\\\/fr\\\/#\\\/schema\\\/person\\\/7f3dafb236b242fb2aa46be1411fd703\"},\"headline\":\"Burkina Faso\u00a0: Pris entre deux fronts\",\"datePublished\":\"2021-02-24T09:39:21+00:00\",\"dateModified\":\"2021-02-24T10:45:28+00:00\",\"mainEntityOfPage\":{\"@id\":\"https:\\\/\\\/acninternational.org\\\/fr\\\/burkina-faso-pris-entre-deux-fronts\\\/\"},\"wordCount\":326,\"publisher\":{\"@id\":\"https:\\\/\\\/acninternational.org\\\/fr\\\/#organization\"},\"image\":{\"@id\":\"https:\\\/\\\/acninternational.org\\\/fr\\\/burkina-faso-pris-entre-deux-fronts\\\/#primaryimage\"},\"thumbnailUrl\":\"https:\\\/\\\/media.acninternational.org\\\/wp-content\\\/uploads\\\/2021\\\/02\\\/burkina-faso.jpg\",\"articleSection\":[\"Non classifi\u00e9(e)\"],\"inLanguage\":\"fr-FR\"},{\"@type\":\"WebPage\",\"@id\":\"https:\\\/\\\/acninternational.org\\\/fr\\\/burkina-faso-pris-entre-deux-fronts\\\/\",\"url\":\"https:\\\/\\\/acninternational.org\\\/fr\\\/burkina-faso-pris-entre-deux-fronts\\\/\",\"name\":\"Burkina Faso\u00a0: Pris entre deux fronts\",\"isPartOf\":{\"@id\":\"https:\\\/\\\/acninternational.org\\\/fr\\\/#website\"},\"primaryImageOfPage\":{\"@id\":\"https:\\\/\\\/acninternational.org\\\/fr\\\/burkina-faso-pris-entre-deux-fronts\\\/#primaryimage\"},\"image\":{\"@id\":\"https:\\\/\\\/acninternational.org\\\/fr\\\/burkina-faso-pris-entre-deux-fronts\\\/#primaryimage\"},\"thumbnailUrl\":\"https:\\\/\\\/media.acninternational.org\\\/wp-content\\\/uploads\\\/2021\\\/02\\\/burkina-faso.jpg\",\"datePublished\":\"2021-02-24T09:39:21+00:00\",\"dateModified\":\"2021-02-24T10:45:28+00:00\",\"description\":\"Bien que l\u2019\u00e9tat de la s\u00e9curit\u00e9 se soit am\u00e9lior\u00e9 ces derniers mois, il est encore impossible de s\u00e9journer dans certaines r\u00e9gions du Burkina Faso o\u00f9 errent des groupes terroristes, a d\u00e9clar\u00e9 Mgr Laurent Dabire, \u00e9v\u00eaque de Dori, dans le nord du pays, \u00e0 l\u2019\u0152uvre de bienfaisance Aide \u00e0 l\u2019\u00c9glise en D\u00e9tresse.\",\"breadcrumb\":{\"@id\":\"https:\\\/\\\/acninternational.org\\\/fr\\\/burkina-faso-pris-entre-deux-fronts\\\/#breadcrumb\"},\"inLanguage\":\"fr-FR\",\"potentialAction\":[{\"@type\":\"ReadAction\",\"target\":[\"https:\\\/\\\/acninternational.org\\\/fr\\\/burkina-faso-pris-entre-deux-fronts\\\/\"]}]},{\"@type\":\"ImageObject\",\"inLanguage\":\"fr-FR\",\"@id\":\"https:\\\/\\\/acninternational.org\\\/fr\\\/burkina-faso-pris-entre-deux-fronts\\\/#primaryimage\",\"url\":\"https:\\\/\\\/media.acninternational.org\\\/wp-content\\\/uploads\\\/2021\\\/02\\\/burkina-faso.jpg\",\"contentUrl\":\"https:\\\/\\\/media.acninternational.org\\\/wp-content\\\/uploads\\\/2021\\\/02\\\/burkina-faso.jpg\",\"width\":1400,\"height\":438},{\"@type\":\"BreadcrumbList\",\"@id\":\"https:\\\/\\\/acninternational.org\\\/fr\\\/burkina-faso-pris-entre-deux-fronts\\\/#breadcrumb\",\"itemListElement\":[{\"@type\":\"ListItem\",\"position\":1,\"name\":\"Home\",\"item\":\"https:\\\/\\\/acninternational.org\\\/fr\\\/\"},{\"@type\":\"ListItem\",\"position\":2,\"name\":\"Nouvelles\",\"item\":\"https:\\\/\\\/acninternational.org\\\/fr\\\/category\\\/news-fr\\\/\"},{\"@type\":\"ListItem\",\"position\":3,\"name\":\"Burkina Faso\u00a0: Pris entre deux fronts\"}]},{\"@type\":\"WebSite\",\"@id\":\"https:\\\/\\\/acninternational.org\\\/fr\\\/#website\",\"url\":\"https:\\\/\\\/acninternational.org\\\/fr\\\/\",\"name\":\"ACN International\",\"description\":\"\",\"publisher\":{\"@id\":\"https:\\\/\\\/acninternational.org\\\/fr\\\/#organization\"},\"potentialAction\":[{\"@type\":\"SearchAction\",\"target\":{\"@type\":\"EntryPoint\",\"urlTemplate\":\"https:\\\/\\\/acninternational.org\\\/fr\\\/?s={search_term_string}\"},\"query-input\":{\"@type\":\"PropertyValueSpecification\",\"valueRequired\":true,\"valueName\":\"search_term_string\"}}],\"inLanguage\":\"fr-FR\"},{\"@type\":\"Organization\",\"@id\":\"https:\\\/\\\/acninternational.org\\\/fr\\\/#organization\",\"name\":\"Aid to the Church in Need International\",\"url\":\"https:\\\/\\\/acninternational.org\\\/fr\\\/\",\"logo\":{\"@type\":\"ImageObject\",\"inLanguage\":\"fr-FR\",\"@id\":\"https:\\\/\\\/acninternational.org\\\/fr\\\/#\\\/schema\\\/logo\\\/image\\\/\",\"url\":\"https:\\\/\\\/media.acninternational.org\\\/wp-content\\\/uploads\\\/2019\\\/11\\\/acn_logo_blackvector.svg\",\"contentUrl\":\"https:\\\/\\\/media.acninternational.org\\\/wp-content\\\/uploads\\\/2019\\\/11\\\/acn_logo_blackvector.svg\",\"width\":232.6,\"height\":78,\"caption\":\"Aid to the Church in Need International\"},\"image\":{\"@id\":\"https:\\\/\\\/acninternational.org\\\/fr\\\/#\\\/schema\\\/logo\\\/image\\\/\"},\"sameAs\":[\"https:\\\/\\\/www.facebook.com\\\/acninternationalorg\",\"https:\\\/\\\/x.com\\\/acn_int\",\"https:\\\/\\\/www.youtube.com\\\/channel\\\/UCQ-077gS0TnVzkhHmf1opZw\",\"https:\\\/\\\/www.instagram.com\\\/acn_international\\\/\"]},{\"@type\":\"Person\",\"@id\":\"https:\\\/\\\/acninternational.org\\\/fr\\\/#\\\/schema\\\/person\\\/7f3dafb236b242fb2aa46be1411fd703\",\"name\":\"ACN Press Team\",\"description\":\"Lorem ipsum dolor sit amet, consectetur adipiscing elit, sed do eiusmod tempor incididunt ut labore et dolore magna aliqua. Ut enim ad minim veniam, quis nostrud exercitation ullamco laboris nisi ut aliquip ex ea commodo consequat.\",\"url\":\"https:\\\/\\\/acninternational.org\\\/fr\\\/author\\\/acn-press-team\\\/\"}]}<\/script>\n<!-- \/ Yoast SEO Premium plugin. -->","yoast_head_json":{"title":"Burkina Faso\u00a0: Pris entre deux fronts","description":"Bien que l\u2019\u00e9tat de la s\u00e9curit\u00e9 se soit am\u00e9lior\u00e9 ces derniers mois, il est encore impossible de s\u00e9journer dans certaines r\u00e9gions du Burkina Faso o\u00f9 errent des groupes terroristes, a d\u00e9clar\u00e9 Mgr Laurent Dabire, \u00e9v\u00eaque de Dori, dans le nord du pays, \u00e0 l\u2019\u0152uvre de bienfaisance Aide \u00e0 l\u2019\u00c9glise en D\u00e9tresse.","robots":{"index":"index","follow":"follow","max-snippet":"max-snippet:-1","max-image-preview":"max-image-preview:large","max-video-preview":"max-video-preview:-1"},"canonical":"https:\/\/acninternational.org\/fr\/burkina-faso-pris-entre-deux-fronts\/","og_locale":"fr_FR","og_type":"article","og_title":"Burkina Faso\u00a0: Pris entre deux fronts","og_description":"Bien que l\u2019\u00e9tat de la s\u00e9curit\u00e9 se soit am\u00e9lior\u00e9 ces derniers mois, il est encore impossible de s\u00e9journer dans certaines r\u00e9gions du Burkina Faso o\u00f9 errent des groupes terroristes, a d\u00e9clar\u00e9 Mgr Laurent Dabire, \u00e9v\u00eaque de Dori, dans le nord du pays, \u00e0 l\u2019\u0152uvre de bienfaisance Aide \u00e0 l\u2019\u00c9glise en D\u00e9tresse.","og_url":"https:\/\/acninternational.org\/fr\/burkina-faso-pris-entre-deux-fronts\/","og_site_name":"ACN International","article_publisher":"https:\/\/www.facebook.com\/acninternationalorg","article_published_time":"2021-02-24T09:39:21+00:00","article_modified_time":"2021-02-24T10:45:28+00:00","og_image":[{"width":1400,"height":438,"url":"https:\/\/media.acninternational.org\/wp-content\/uploads\/2021\/02\/burkina-faso.jpg","type":"image\/jpeg"}],"author":"ACN Press Team","twitter_card":"summary_large_image","twitter_creator":"@acn_int","twitter_site":"@acn_int","twitter_misc":{"\u00c9crit par":"ACN Press Team","Dur\u00e9e de lecture estim\u00e9e":"2 minutes"},"schema":{"@context":"https:\/\/schema.org","@graph":[{"@type":"Article","@id":"https:\/\/acninternational.org\/fr\/burkina-faso-pris-entre-deux-fronts\/#article","isPartOf":{"@id":"https:\/\/acninternational.org\/fr\/burkina-faso-pris-entre-deux-fronts\/"},"author":{"name":"ACN Press Team","@id":"https:\/\/acninternational.org\/fr\/#\/schema\/person\/7f3dafb236b242fb2aa46be1411fd703"},"headline":"Burkina Faso\u00a0: Pris entre deux fronts","datePublished":"2021-02-24T09:39:21+00:00","dateModified":"2021-02-24T10:45:28+00:00","mainEntityOfPage":{"@id":"https:\/\/acninternational.org\/fr\/burkina-faso-pris-entre-deux-fronts\/"},"wordCount":326,"publisher":{"@id":"https:\/\/acninternational.org\/fr\/#organization"},"image":{"@id":"https:\/\/acninternational.org\/fr\/burkina-faso-pris-entre-deux-fronts\/#primaryimage"},"thumbnailUrl":"https:\/\/media.acninternational.org\/wp-content\/uploads\/2021\/02\/burkina-faso.jpg","articleSection":["Non classifi\u00e9(e)"],"inLanguage":"fr-FR"},{"@type":"WebPage","@id":"https:\/\/acninternational.org\/fr\/burkina-faso-pris-entre-deux-fronts\/","url":"https:\/\/acninternational.org\/fr\/burkina-faso-pris-entre-deux-fronts\/","name":"Burkina Faso\u00a0: Pris entre deux fronts","isPartOf":{"@id":"https:\/\/acninternational.org\/fr\/#website"},"primaryImageOfPage":{"@id":"https:\/\/acninternational.org\/fr\/burkina-faso-pris-entre-deux-fronts\/#primaryimage"},"image":{"@id":"https:\/\/acninternational.org\/fr\/burkina-faso-pris-entre-deux-fronts\/#primaryimage"},"thumbnailUrl":"https:\/\/media.acninternational.org\/wp-content\/uploads\/2021\/02\/burkina-faso.jpg","datePublished":"2021-02-24T09:39:21+00:00","dateModified":"2021-02-24T10:45:28+00:00","description":"Bien que l\u2019\u00e9tat de la s\u00e9curit\u00e9 se soit am\u00e9lior\u00e9 ces derniers mois, il est encore impossible de s\u00e9journer dans certaines r\u00e9gions du Burkina Faso o\u00f9 errent des groupes terroristes, a d\u00e9clar\u00e9 Mgr Laurent Dabire, \u00e9v\u00eaque de Dori, dans le nord du pays, \u00e0 l\u2019\u0152uvre de bienfaisance Aide \u00e0 l\u2019\u00c9glise en D\u00e9tresse.","breadcrumb":{"@id":"https:\/\/acninternational.org\/fr\/burkina-faso-pris-entre-deux-fronts\/#breadcrumb"},"inLanguage":"fr-FR","potentialAction":[{"@type":"ReadAction","target":["https:\/\/acninternational.org\/fr\/burkina-faso-pris-entre-deux-fronts\/"]}]},{"@type":"ImageObject","inLanguage":"fr-FR","@id":"https:\/\/acninternational.org\/fr\/burkina-faso-pris-entre-deux-fronts\/#primaryimage","url":"https:\/\/media.acninternational.org\/wp-content\/uploads\/2021\/02\/burkina-faso.jpg","contentUrl":"https:\/\/media.acninternational.org\/wp-content\/uploads\/2021\/02\/burkina-faso.jpg","width":1400,"height":438},{"@type":"BreadcrumbList","@id":"https:\/\/acninternational.org\/fr\/burkina-faso-pris-entre-deux-fronts\/#breadcrumb","itemListElement":[{"@type":"ListItem","position":1,"name":"Home","item":"https:\/\/acninternational.org\/fr\/"},{"@type":"ListItem","position":2,"name":"Nouvelles","item":"https:\/\/acninternational.org\/fr\/category\/news-fr\/"},{"@type":"ListItem","position":3,"name":"Burkina Faso\u00a0: Pris entre deux fronts"}]},{"@type":"WebSite","@id":"https:\/\/acninternational.org\/fr\/#website","url":"https:\/\/acninternational.org\/fr\/","name":"ACN International","description":"","publisher":{"@id":"https:\/\/acninternational.org\/fr\/#organization"},"potentialAction":[{"@type":"SearchAction","target":{"@type":"EntryPoint","urlTemplate":"https:\/\/acninternational.org\/fr\/?s={search_term_string}"},"query-input":{"@type":"PropertyValueSpecification","valueRequired":true,"valueName":"search_term_string"}}],"inLanguage":"fr-FR"},{"@type":"Organization","@id":"https:\/\/acninternational.org\/fr\/#organization","name":"Aid to the Church in Need International","url":"https:\/\/acninternational.org\/fr\/","logo":{"@type":"ImageObject","inLanguage":"fr-FR","@id":"https:\/\/acninternational.org\/fr\/#\/schema\/logo\/image\/","url":"https:\/\/media.acninternational.org\/wp-content\/uploads\/2019\/11\/acn_logo_blackvector.svg","contentUrl":"https:\/\/media.acninternational.org\/wp-content\/uploads\/2019\/11\/acn_logo_blackvector.svg","width":232.6,"height":78,"caption":"Aid to the Church in Need International"},"image":{"@id":"https:\/\/acninternational.org\/fr\/#\/schema\/logo\/image\/"},"sameAs":["https:\/\/www.facebook.com\/acninternationalorg","https:\/\/x.com\/acn_int","https:\/\/www.youtube.com\/channel\/UCQ-077gS0TnVzkhHmf1opZw","https:\/\/www.instagram.com\/acn_international\/"]},{"@type":"Person","@id":"https:\/\/acninternational.org\/fr\/#\/schema\/person\/7f3dafb236b242fb2aa46be1411fd703","name":"ACN Press Team","description":"Lorem ipsum dolor sit amet, consectetur adipiscing elit, sed do eiusmod tempor incididunt ut labore et dolore magna aliqua. Ut enim ad minim veniam, quis nostrud exercitation ullamco laboris nisi ut aliquip ex ea commodo consequat.","url":"https:\/\/acninternational.org\/fr\/author\/acn-press-team\/"}]}},"_links":{"self":[{"href":"https:\/\/acninternational.org\/fr\/wp-json\/wp\/v2\/posts\/148614","targetHints":{"allow":["GET"]}}],"collection":[{"href":"https:\/\/acninternational.org\/fr\/wp-json\/wp\/v2\/posts"}],"about":[{"href":"https:\/\/acninternational.org\/fr\/wp-json\/wp\/v2\/types\/post"}],"author":[{"embeddable":true,"href":"https:\/\/acninternational.org\/fr\/wp-json\/wp\/v2\/users\/4258341447"}],"replies":[{"embeddable":true,"href":"https:\/\/acninternational.org\/fr\/wp-json\/wp\/v2\/comments?post=148614"}],"version-history":[{"count":0,"href":"https:\/\/acninternational.org\/fr\/wp-json\/wp\/v2\/posts\/148614\/revisions"}],"wp:featuredmedia":[{"embeddable":true,"href":"https:\/\/acninternational.org\/fr\/wp-json\/wp\/v2\/media\/148604"}],"wp:attachment":[{"href":"https:\/\/acninternational.org\/fr\/wp-json\/wp\/v2\/media?parent=148614"}],"wp:term":[{"taxonomy":"category","embeddable":true,"href":"https:\/\/acninternational.org\/fr\/wp-json\/wp\/v2\/categories?post=148614"},{"taxonomy":"post_tag","embeddable":true,"href":"https:\/\/acninternational.org\/fr\/wp-json\/wp\/v2\/tags?post=148614"},{"taxonomy":"country","embeddable":true,"href":"https:\/\/acninternational.org\/fr\/wp-json\/wp\/v2\/country?post=148614"}],"curies":[{"name":"wp","href":"https:\/\/api.w.org\/{rel}","templated":true}]}}