{"id":147239,"date":"2021-01-21T11:29:52","date_gmt":"2021-01-21T10:29:52","guid":{"rendered":"https:\/\/acninternational.org\/?p=147239"},"modified":"2021-01-21T12:06:49","modified_gmt":"2021-01-21T11:06:49","slug":"une-famille-catholique-pakistanaise-se-bat-contre-la-conversion-forcee-de-sa-fille","status":"publish","type":"post","link":"https:\/\/acninternational.org\/fr\/une-famille-catholique-pakistanaise-se-bat-contre-la-conversion-forcee-de-sa-fille\/","title":{"rendered":"Une famille catholique pakistanaise se bat contre la conversion forc\u00e9e de sa fille"},"content":{"rendered":"<p><em>L\u2019histoire d\u2019Arzoo Raja est l\u2019une des histoires les plus retentissantes ayant eu lieu au PAKISTAN en 2020. Cette jeune fille catholique de 13 ans habitant \u00e0 Railway Colony, quartier de Karachi, dans le sud du Pakistan aurait \u00e9t\u00e9 enlev\u00e9e, convertie de force \u00e0 l\u2019islam et mari\u00e9e \u00e0 son voisin musulman Syed Ali Azhar, \u00e2g\u00e9 de 44 ans. Les parents d\u2019Arzoo affirment qu\u2019elle a \u00e9t\u00e9 enlev\u00e9e en octobre dernier alors qu\u2019elle jouait devant sa maison. Ils se sont tourn\u00e9s vers la Haute Cour du Sindh, qui a d\u00e9clar\u00e9 le mariage invalide et a ordonn\u00e9 le transfert de la jeune fille dans un refuge. Ali Azhar a \u00e9t\u00e9 arr\u00eat\u00e9, mais par la suite, lib\u00e9r\u00e9 sous caution. Selon le Centre pour la Justice Sociale de Lahore, 162 cas de conversions douteuses de jeunes filles mineures appartenant \u00e0 une minorit\u00e9 ont \u00e9t\u00e9 signal\u00e9s dans les m\u00e9dias entre 2013 et novembre 2020. Beaucoup d\u2019autres cas ne sont pas signal\u00e9s. Raja Lal Masih, le p\u00e8re d\u2019Arzoo, a racont\u00e9 son combat \u00e0 l\u2019Aide \u00e0 l\u2019\u00c9glise en D\u00e9tresse (AED).<\/em><\/p>\n<p>\u00ab\u00a0Mes trois filles ont toutes \u00e9t\u00e9 enfant de ch\u0153ur. Arzoo \u00e9tait la plus jeune. Elle venait d\u2019entrer en 5<sup>\u00e8me<\/sup>. J\u2019ai encore avec moi la demande de soutien que j\u2019allais soumettre \u00e0 l\u2019\u00c9glise pour obtenir des fournitures et livres gratuits. Nous, ses parents, avions un travail et faisions tout pour offrir un avenir meilleur \u00e0 nos enfants.<\/p>\n<p>Le 13 octobre, apr\u00e8s avoir d\u00e9pos\u00e9 ma femme \u00e0 l\u2019\u00e9cole o\u00f9 elle travaillait comme assistante maternelle, j\u2019ai re\u00e7u un appel t\u00e9l\u00e9phonique d\u2019un proche parent qui m\u2019a dit qu\u2019Arzoo avait disparu. Apr\u00e8s avoir cherch\u00e9 aux alentours, nous avons fait un premier signalement de disparition au poste de police o\u00f9 le personnel nous a fait attendre pendant des heures. De retour \u00e0 la maison, notre voisin a d\u2019abord affirm\u00e9 que son fils Azhar avait en quelque sorte \u00e9pous\u00e9 notre fille, mais que c\u2019\u00e9tait \u00ab\u00a0une erreur\u00a0\u00bb. Mais maintenant, la famille d\u2019Azhar menace ouvertement de retirer d\u00e9finitivement Arzoo \u00e0 sa famille.<\/p>\n<p>Nous avons imm\u00e9diatement appel\u00e9 la police qui a d\u2019abord pris une bonne tasse de th\u00e9 chez le voisin, puis nous a demand\u00e9 de fournir l\u2019acte de naissance et d\u2019autres documents concernant Arzoo. Le soir m\u00eame, l\u2019enqu\u00eateur m\u2019a dit qu\u2019elle avait accept\u00e9 l\u2019Islam. \u00c7ela m\u2019a boulevers\u00e9.<\/p>\n<p>Depuis, nous tournons en rond entre les tribunaux et le refuge. Nous avons perdu nos emplois. Nous avons quitt\u00e9 notre maison pour \u00e9viter les questions pos\u00e9es par les amis et les voisins. Un pasteur protestant nous fournit un abri et de l\u2019aide juridique. Les juges n\u2019\u00e9coutent que notre avocat et notre fille. C\u2019est comme si nous, ses parents, n\u2019existions pas. \u00c0 un moment donn\u00e9, j\u2019ai pens\u00e9 sauter du deuxi\u00e8me \u00e9tage de la Haute Cour du Sindh.<\/p>\n<figure id=\"attachment_144166\" aria-describedby=\"caption-attachment-144166\" style=\"width: 670px\" class=\"wp-caption alignnone\"><img loading=\"lazy\" decoding=\"async\" class=\"wp-image-144166 size-full\" src=\"https:\/\/media.acninternational.org\/wp-content\/uploads\/2020\/10\/Arzoo-Raja.jpg\" alt=\"Arzoo Raja, une jeune fille catholique de 13 ans habitant \u00e0 Railway Colony, quartier de Karachi.\" width=\"670\" height=\"400\" srcset=\"https:\/\/media.acninternational.org\/wp-content\/uploads\/2020\/10\/Arzoo-Raja.jpg 670w, https:\/\/media.acninternational.org\/wp-content\/uploads\/2020\/10\/Arzoo-Raja-300x179.jpg 300w\" sizes=\"auto, (max-width: 670px) 100vw, 670px\" \/><figcaption id=\"caption-attachment-144166\" class=\"wp-caption-text\">Arzoo Raja, une jeune fille catholique de 13 ans habitant \u00e0 Railway Colony, quartier de Karachi.<\/figcaption><\/figure>\n<p>Certains nous conseillent de laisser tomber notre avocat musulman. Mais nous ne pouvons pas en prendre le risque. Ni une femme ni un avocat chr\u00e9tien ne peuvent se battre contre un cas de conversion forc\u00e9e, aussi intelligent ou influent soient-ils. Des politiciens et personnalit\u00e9s d\u2019importance nous ont rendu visite, et nous recevons des appels de militants de l\u2019\u00e9tranger. Cependant, rien de tout cela n\u2019a de poids au tribunal. Notre avocat musulman fait face \u00e0 une cinquantaine d\u2019avocats de la partie adverse. Des religieux, livres \u00e0 l\u2019appui, citent des <em>hadiths<\/em> [paroles de Mahomet] et des exemples de mariages de proph\u00e8tes avec des filles mineures.<\/p>\n<p>Tous les samedis, nous rendons visite \u00e0 notre fille dans le refuge. Elle est compl\u00e8tement d\u00e9sorient\u00e9e. Devant la police, elle dit avoir lu la <em>Chahada<\/em> (la proclamation de foi islamique) et affirme qu\u2019elle est maintenant musulmane. Au tribunal, elle insiste sur le fait qu\u2019elle a \u00e9pous\u00e9 Ali Azhar de son plein gr\u00e9 et qu\u2019elle a 18 ans. Cependant, quand nous lui rendons visite, elle est d\u2019accord pour rentrer \u00e0 la maison. Mais apr\u00e8s notre d\u00e9part, elle nous demande par t\u00e9l\u00e9phone d\u2019organiser une rencontre avec son beau-fr\u00e8re musulman. Au centre, elle se fait laver le cerveau par des femmes plus \u00e2g\u00e9es. Ce n\u2019est pas un endroit pour une enfant.<\/p>\n<p>De plus en plus de familles confront\u00e9es \u00e0 des conversions forc\u00e9es s\u2019expriment d\u00e9sormais et partagent leurs histoires avec les m\u00e9dias. Pourtant, nous ne sommes pas riches ou puissants comme les musulmans.<\/p>\n<p>Ce No\u00ebl a \u00e9t\u00e9 v\u00e9cu comme une agonie. Nous avons assist\u00e9 \u00e0 la messe, mais il n\u2019y a eu ni joie, ni achats dans les magasins ni de visite aux parents. Une famille a offert des v\u00eatements neufs \u00e0 nos enfants. Un inconnu nous a plus tard menac\u00e9s parce que nous avions d\u00e9pos\u00e9 une plainte contre Azhar. Maintenant, nous cachons nos visages avant de sortir. Depuis la trag\u00e9die, ma femme est devenue diab\u00e9tique et souffre d\u2019hypertension et de calculs r\u00e9naux. Au refuge, elle ne fait que pleurer. Je suis d\u00e9sesp\u00e9r\u00e9. S\u2019il vous pla\u00eet, priez pour nous, pour notre famille et pour ma fille. Que Dieu \u00e9coute nos pri\u00e8res\u00a0\u00bb.<\/p>\n<p><strong><em>Chaque ann\u00e9e, l&rsquo;AED soutient des projets de la Commission nationale Justice et Paix de la Conf\u00e9rence \u00e9piscopale du Pakistan qui viennent en aide \u00e0 des personnes touch\u00e9es par des actes de terrorisme, la discrimination et l&rsquo;injustice sociale.<\/em><\/strong><\/p>\n","protected":false},"excerpt":{"rendered":"<p>L\u2019histoire d\u2019Arzoo Raja est l\u2019une des histoires les plus retentissantes ayant eu lieu au PAKISTAN en 2020. Cette jeune fille<\/p>\n","protected":false},"author":4258341447,"featured_media":147229,"comment_status":"closed","ping_status":"closed","sticky":false,"template":"","format":"standard","meta":{"_acf_changed":false,"_acn_coauthor_ids":[],"_acn_featured_article":false,"footnotes":""},"categories":[233],"tags":[],"country":[104],"class_list":["post-147239","post","type-post","status-publish","format-standard","has-post-thumbnail","hentry","category-non-classifiee","country-pakistan"],"acn_coauthors":[],"acf":[],"yoast_head":"<!-- This site is optimized with the Yoast SEO Premium plugin v27.5 (Yoast SEO v27.5) - https:\/\/yoast.com\/product\/yoast-seo-premium-wordpress\/ -->\n<title>Une famille catholique pakistanaise se bat contre la conversion forc\u00e9e de sa fille<\/title>\n<meta name=\"description\" content=\"L\u2019histoire d\u2019Arzoo Raja est l\u2019une des histoires les plus retentissantes ayant eu lieu au PAKISTAN en 2020. Cette jeune fille catholique de 13 ans habitant \u00e0 Railway Colony, quartier de Karachi, dans le sud du Pakistan aurait \u00e9t\u00e9 enlev\u00e9e, convertie de force \u00e0 l\u2019islam et mari\u00e9e \u00e0 son voisin musulman Syed Ali Azhar, \u00e2g\u00e9 de 44 ans. Les parents d\u2019Arzoo affirment qu\u2019elle a \u00e9t\u00e9 enlev\u00e9e en octobre dernier alors qu\u2019elle jouait devant sa maison. Ils se sont tourn\u00e9s vers la Haute Cour du Sindh, qui a d\u00e9clar\u00e9 le mariage invalide et a ordonn\u00e9 le transfert de la jeune fille dans un refuge. Ali Azhar a \u00e9t\u00e9 arr\u00eat\u00e9, mais par la suite, lib\u00e9r\u00e9 sous caution.\" \/>\n<meta name=\"robots\" content=\"index, follow, max-snippet:-1, max-image-preview:large, max-video-preview:-1\" \/>\n<link rel=\"canonical\" href=\"https:\/\/acninternational.org\/fr\/une-famille-catholique-pakistanaise-se-bat-contre-la-conversion-forcee-de-sa-fille\/\" \/>\n<meta property=\"og:locale\" content=\"fr_FR\" \/>\n<meta property=\"og:type\" content=\"article\" \/>\n<meta property=\"og:title\" content=\"Une famille catholique pakistanaise se bat contre la conversion forc\u00e9e de sa fille\" \/>\n<meta property=\"og:description\" content=\"L\u2019histoire d\u2019Arzoo Raja est l\u2019une des histoires les plus retentissantes ayant eu lieu au PAKISTAN en 2020. Cette jeune fille catholique de 13 ans habitant \u00e0 Railway Colony, quartier de Karachi, dans le sud du Pakistan aurait \u00e9t\u00e9 enlev\u00e9e, convertie de force \u00e0 l\u2019islam et mari\u00e9e \u00e0 son voisin musulman Syed Ali Azhar, \u00e2g\u00e9 de 44 ans. Les parents d\u2019Arzoo affirment qu\u2019elle a \u00e9t\u00e9 enlev\u00e9e en octobre dernier alors qu\u2019elle jouait devant sa maison. Ils se sont tourn\u00e9s vers la Haute Cour du Sindh, qui a d\u00e9clar\u00e9 le mariage invalide et a ordonn\u00e9 le transfert de la jeune fille dans un refuge. Ali Azhar a \u00e9t\u00e9 arr\u00eat\u00e9, mais par la suite, lib\u00e9r\u00e9 sous caution.\" \/>\n<meta property=\"og:url\" content=\"https:\/\/acninternational.org\/fr\/une-famille-catholique-pakistanaise-se-bat-contre-la-conversion-forcee-de-sa-fille\/\" \/>\n<meta property=\"og:site_name\" content=\"ACN International\" \/>\n<meta property=\"article:publisher\" content=\"https:\/\/www.facebook.com\/acninternationalorg\" \/>\n<meta property=\"article:published_time\" content=\"2021-01-21T10:29:52+00:00\" \/>\n<meta property=\"article:modified_time\" content=\"2021-01-21T11:06:49+00:00\" \/>\n<meta property=\"og:image\" content=\"https:\/\/media.acninternational.org\/wp-content\/uploads\/2021\/01\/Pakistan.jpg\" \/>\n\t<meta property=\"og:image:width\" content=\"1400\" \/>\n\t<meta property=\"og:image:height\" content=\"438\" \/>\n\t<meta property=\"og:image:type\" content=\"image\/jpeg\" \/>\n<meta name=\"author\" content=\"ACN Press Team\" \/>\n<meta name=\"twitter:card\" content=\"summary_large_image\" \/>\n<meta name=\"twitter:creator\" content=\"@acn_int\" \/>\n<meta name=\"twitter:site\" content=\"@acn_int\" \/>\n<meta name=\"twitter:label1\" content=\"\u00c9crit par\" \/>\n\t<meta name=\"twitter:data1\" content=\"ACN Press Team\" \/>\n\t<meta name=\"twitter:label2\" content=\"Dur\u00e9e de lecture estim\u00e9e\" \/>\n\t<meta name=\"twitter:data2\" content=\"5 minutes\" \/>\n<script type=\"application\/ld+json\" class=\"yoast-schema-graph\">{\"@context\":\"https:\\\/\\\/schema.org\",\"@graph\":[{\"@type\":\"Article\",\"@id\":\"https:\\\/\\\/acninternational.org\\\/fr\\\/une-famille-catholique-pakistanaise-se-bat-contre-la-conversion-forcee-de-sa-fille\\\/#article\",\"isPartOf\":{\"@id\":\"https:\\\/\\\/acninternational.org\\\/fr\\\/une-famille-catholique-pakistanaise-se-bat-contre-la-conversion-forcee-de-sa-fille\\\/\"},\"author\":{\"name\":\"ACN Press Team\",\"@id\":\"https:\\\/\\\/acninternational.org\\\/fr\\\/#\\\/schema\\\/person\\\/7f3dafb236b242fb2aa46be1411fd703\"},\"headline\":\"Une famille catholique pakistanaise se bat contre la conversion forc\u00e9e de sa fille\",\"datePublished\":\"2021-01-21T10:29:52+00:00\",\"dateModified\":\"2021-01-21T11:06:49+00:00\",\"mainEntityOfPage\":{\"@id\":\"https:\\\/\\\/acninternational.org\\\/fr\\\/une-famille-catholique-pakistanaise-se-bat-contre-la-conversion-forcee-de-sa-fille\\\/\"},\"wordCount\":949,\"publisher\":{\"@id\":\"https:\\\/\\\/acninternational.org\\\/fr\\\/#organization\"},\"image\":{\"@id\":\"https:\\\/\\\/acninternational.org\\\/fr\\\/une-famille-catholique-pakistanaise-se-bat-contre-la-conversion-forcee-de-sa-fille\\\/#primaryimage\"},\"thumbnailUrl\":\"https:\\\/\\\/media.acninternational.org\\\/wp-content\\\/uploads\\\/2021\\\/01\\\/Pakistan.jpg\",\"articleSection\":[\"Non classifi\u00e9(e)\"],\"inLanguage\":\"fr-FR\"},{\"@type\":\"WebPage\",\"@id\":\"https:\\\/\\\/acninternational.org\\\/fr\\\/une-famille-catholique-pakistanaise-se-bat-contre-la-conversion-forcee-de-sa-fille\\\/\",\"url\":\"https:\\\/\\\/acninternational.org\\\/fr\\\/une-famille-catholique-pakistanaise-se-bat-contre-la-conversion-forcee-de-sa-fille\\\/\",\"name\":\"Une famille catholique pakistanaise se bat contre la conversion forc\u00e9e de sa fille\",\"isPartOf\":{\"@id\":\"https:\\\/\\\/acninternational.org\\\/fr\\\/#website\"},\"primaryImageOfPage\":{\"@id\":\"https:\\\/\\\/acninternational.org\\\/fr\\\/une-famille-catholique-pakistanaise-se-bat-contre-la-conversion-forcee-de-sa-fille\\\/#primaryimage\"},\"image\":{\"@id\":\"https:\\\/\\\/acninternational.org\\\/fr\\\/une-famille-catholique-pakistanaise-se-bat-contre-la-conversion-forcee-de-sa-fille\\\/#primaryimage\"},\"thumbnailUrl\":\"https:\\\/\\\/media.acninternational.org\\\/wp-content\\\/uploads\\\/2021\\\/01\\\/Pakistan.jpg\",\"datePublished\":\"2021-01-21T10:29:52+00:00\",\"dateModified\":\"2021-01-21T11:06:49+00:00\",\"description\":\"L\u2019histoire d\u2019Arzoo Raja est l\u2019une des histoires les plus retentissantes ayant eu lieu au PAKISTAN en 2020. Cette jeune fille catholique de 13 ans habitant \u00e0 Railway Colony, quartier de Karachi, dans le sud du Pakistan aurait \u00e9t\u00e9 enlev\u00e9e, convertie de force \u00e0 l\u2019islam et mari\u00e9e \u00e0 son voisin musulman Syed Ali Azhar, \u00e2g\u00e9 de 44 ans. Les parents d\u2019Arzoo affirment qu\u2019elle a \u00e9t\u00e9 enlev\u00e9e en octobre dernier alors qu\u2019elle jouait devant sa maison. Ils se sont tourn\u00e9s vers la Haute Cour du Sindh, qui a d\u00e9clar\u00e9 le mariage invalide et a ordonn\u00e9 le transfert de la jeune fille dans un refuge. Ali Azhar a \u00e9t\u00e9 arr\u00eat\u00e9, mais par la suite, lib\u00e9r\u00e9 sous caution.\",\"breadcrumb\":{\"@id\":\"https:\\\/\\\/acninternational.org\\\/fr\\\/une-famille-catholique-pakistanaise-se-bat-contre-la-conversion-forcee-de-sa-fille\\\/#breadcrumb\"},\"inLanguage\":\"fr-FR\",\"potentialAction\":[{\"@type\":\"ReadAction\",\"target\":[\"https:\\\/\\\/acninternational.org\\\/fr\\\/une-famille-catholique-pakistanaise-se-bat-contre-la-conversion-forcee-de-sa-fille\\\/\"]}]},{\"@type\":\"ImageObject\",\"inLanguage\":\"fr-FR\",\"@id\":\"https:\\\/\\\/acninternational.org\\\/fr\\\/une-famille-catholique-pakistanaise-se-bat-contre-la-conversion-forcee-de-sa-fille\\\/#primaryimage\",\"url\":\"https:\\\/\\\/media.acninternational.org\\\/wp-content\\\/uploads\\\/2021\\\/01\\\/Pakistan.jpg\",\"contentUrl\":\"https:\\\/\\\/media.acninternational.org\\\/wp-content\\\/uploads\\\/2021\\\/01\\\/Pakistan.jpg\",\"width\":1400,\"height\":438},{\"@type\":\"BreadcrumbList\",\"@id\":\"https:\\\/\\\/acninternational.org\\\/fr\\\/une-famille-catholique-pakistanaise-se-bat-contre-la-conversion-forcee-de-sa-fille\\\/#breadcrumb\",\"itemListElement\":[{\"@type\":\"ListItem\",\"position\":1,\"name\":\"Home\",\"item\":\"https:\\\/\\\/acninternational.org\\\/fr\\\/\"},{\"@type\":\"ListItem\",\"position\":2,\"name\":\"Nouvelles\",\"item\":\"https:\\\/\\\/acninternational.org\\\/fr\\\/category\\\/news-fr\\\/\"},{\"@type\":\"ListItem\",\"position\":3,\"name\":\"Une famille catholique pakistanaise se bat contre la conversion forc\u00e9e de sa fille\"}]},{\"@type\":\"WebSite\",\"@id\":\"https:\\\/\\\/acninternational.org\\\/fr\\\/#website\",\"url\":\"https:\\\/\\\/acninternational.org\\\/fr\\\/\",\"name\":\"ACN International\",\"description\":\"\",\"publisher\":{\"@id\":\"https:\\\/\\\/acninternational.org\\\/fr\\\/#organization\"},\"potentialAction\":[{\"@type\":\"SearchAction\",\"target\":{\"@type\":\"EntryPoint\",\"urlTemplate\":\"https:\\\/\\\/acninternational.org\\\/fr\\\/?s={search_term_string}\"},\"query-input\":{\"@type\":\"PropertyValueSpecification\",\"valueRequired\":true,\"valueName\":\"search_term_string\"}}],\"inLanguage\":\"fr-FR\"},{\"@type\":\"Organization\",\"@id\":\"https:\\\/\\\/acninternational.org\\\/fr\\\/#organization\",\"name\":\"Aid to the Church in Need International\",\"url\":\"https:\\\/\\\/acninternational.org\\\/fr\\\/\",\"logo\":{\"@type\":\"ImageObject\",\"inLanguage\":\"fr-FR\",\"@id\":\"https:\\\/\\\/acninternational.org\\\/fr\\\/#\\\/schema\\\/logo\\\/image\\\/\",\"url\":\"https:\\\/\\\/media.acninternational.org\\\/wp-content\\\/uploads\\\/2019\\\/11\\\/acn_logo_blackvector.svg\",\"contentUrl\":\"https:\\\/\\\/media.acninternational.org\\\/wp-content\\\/uploads\\\/2019\\\/11\\\/acn_logo_blackvector.svg\",\"width\":232.6,\"height\":78,\"caption\":\"Aid to the Church in Need International\"},\"image\":{\"@id\":\"https:\\\/\\\/acninternational.org\\\/fr\\\/#\\\/schema\\\/logo\\\/image\\\/\"},\"sameAs\":[\"https:\\\/\\\/www.facebook.com\\\/acninternationalorg\",\"https:\\\/\\\/x.com\\\/acn_int\",\"https:\\\/\\\/www.youtube.com\\\/channel\\\/UCQ-077gS0TnVzkhHmf1opZw\",\"https:\\\/\\\/www.instagram.com\\\/acn_international\\\/\"]},{\"@type\":\"Person\",\"@id\":\"https:\\\/\\\/acninternational.org\\\/fr\\\/#\\\/schema\\\/person\\\/7f3dafb236b242fb2aa46be1411fd703\",\"name\":\"ACN Press Team\",\"description\":\"Lorem ipsum dolor sit amet, consectetur adipiscing elit, sed do eiusmod tempor incididunt ut labore et dolore magna aliqua. Ut enim ad minim veniam, quis nostrud exercitation ullamco laboris nisi ut aliquip ex ea commodo consequat.\",\"url\":\"https:\\\/\\\/acninternational.org\\\/fr\\\/author\\\/acn-press-team\\\/\"}]}<\/script>\n<!-- \/ Yoast SEO Premium plugin. -->","yoast_head_json":{"title":"Une famille catholique pakistanaise se bat contre la conversion forc\u00e9e de sa fille","description":"L\u2019histoire d\u2019Arzoo Raja est l\u2019une des histoires les plus retentissantes ayant eu lieu au PAKISTAN en 2020. Cette jeune fille catholique de 13 ans habitant \u00e0 Railway Colony, quartier de Karachi, dans le sud du Pakistan aurait \u00e9t\u00e9 enlev\u00e9e, convertie de force \u00e0 l\u2019islam et mari\u00e9e \u00e0 son voisin musulman Syed Ali Azhar, \u00e2g\u00e9 de 44 ans. Les parents d\u2019Arzoo affirment qu\u2019elle a \u00e9t\u00e9 enlev\u00e9e en octobre dernier alors qu\u2019elle jouait devant sa maison. Ils se sont tourn\u00e9s vers la Haute Cour du Sindh, qui a d\u00e9clar\u00e9 le mariage invalide et a ordonn\u00e9 le transfert de la jeune fille dans un refuge. Ali Azhar a \u00e9t\u00e9 arr\u00eat\u00e9, mais par la suite, lib\u00e9r\u00e9 sous caution.","robots":{"index":"index","follow":"follow","max-snippet":"max-snippet:-1","max-image-preview":"max-image-preview:large","max-video-preview":"max-video-preview:-1"},"canonical":"https:\/\/acninternational.org\/fr\/une-famille-catholique-pakistanaise-se-bat-contre-la-conversion-forcee-de-sa-fille\/","og_locale":"fr_FR","og_type":"article","og_title":"Une famille catholique pakistanaise se bat contre la conversion forc\u00e9e de sa fille","og_description":"L\u2019histoire d\u2019Arzoo Raja est l\u2019une des histoires les plus retentissantes ayant eu lieu au PAKISTAN en 2020. Cette jeune fille catholique de 13 ans habitant \u00e0 Railway Colony, quartier de Karachi, dans le sud du Pakistan aurait \u00e9t\u00e9 enlev\u00e9e, convertie de force \u00e0 l\u2019islam et mari\u00e9e \u00e0 son voisin musulman Syed Ali Azhar, \u00e2g\u00e9 de 44 ans. Les parents d\u2019Arzoo affirment qu\u2019elle a \u00e9t\u00e9 enlev\u00e9e en octobre dernier alors qu\u2019elle jouait devant sa maison. Ils se sont tourn\u00e9s vers la Haute Cour du Sindh, qui a d\u00e9clar\u00e9 le mariage invalide et a ordonn\u00e9 le transfert de la jeune fille dans un refuge. Ali Azhar a \u00e9t\u00e9 arr\u00eat\u00e9, mais par la suite, lib\u00e9r\u00e9 sous caution.","og_url":"https:\/\/acninternational.org\/fr\/une-famille-catholique-pakistanaise-se-bat-contre-la-conversion-forcee-de-sa-fille\/","og_site_name":"ACN International","article_publisher":"https:\/\/www.facebook.com\/acninternationalorg","article_published_time":"2021-01-21T10:29:52+00:00","article_modified_time":"2021-01-21T11:06:49+00:00","og_image":[{"width":1400,"height":438,"url":"https:\/\/media.acninternational.org\/wp-content\/uploads\/2021\/01\/Pakistan.jpg","type":"image\/jpeg"}],"author":"ACN Press Team","twitter_card":"summary_large_image","twitter_creator":"@acn_int","twitter_site":"@acn_int","twitter_misc":{"\u00c9crit par":"ACN Press Team","Dur\u00e9e de lecture estim\u00e9e":"5 minutes"},"schema":{"@context":"https:\/\/schema.org","@graph":[{"@type":"Article","@id":"https:\/\/acninternational.org\/fr\/une-famille-catholique-pakistanaise-se-bat-contre-la-conversion-forcee-de-sa-fille\/#article","isPartOf":{"@id":"https:\/\/acninternational.org\/fr\/une-famille-catholique-pakistanaise-se-bat-contre-la-conversion-forcee-de-sa-fille\/"},"author":{"name":"ACN Press Team","@id":"https:\/\/acninternational.org\/fr\/#\/schema\/person\/7f3dafb236b242fb2aa46be1411fd703"},"headline":"Une famille catholique pakistanaise se bat contre la conversion forc\u00e9e de sa fille","datePublished":"2021-01-21T10:29:52+00:00","dateModified":"2021-01-21T11:06:49+00:00","mainEntityOfPage":{"@id":"https:\/\/acninternational.org\/fr\/une-famille-catholique-pakistanaise-se-bat-contre-la-conversion-forcee-de-sa-fille\/"},"wordCount":949,"publisher":{"@id":"https:\/\/acninternational.org\/fr\/#organization"},"image":{"@id":"https:\/\/acninternational.org\/fr\/une-famille-catholique-pakistanaise-se-bat-contre-la-conversion-forcee-de-sa-fille\/#primaryimage"},"thumbnailUrl":"https:\/\/media.acninternational.org\/wp-content\/uploads\/2021\/01\/Pakistan.jpg","articleSection":["Non classifi\u00e9(e)"],"inLanguage":"fr-FR"},{"@type":"WebPage","@id":"https:\/\/acninternational.org\/fr\/une-famille-catholique-pakistanaise-se-bat-contre-la-conversion-forcee-de-sa-fille\/","url":"https:\/\/acninternational.org\/fr\/une-famille-catholique-pakistanaise-se-bat-contre-la-conversion-forcee-de-sa-fille\/","name":"Une famille catholique pakistanaise se bat contre la conversion forc\u00e9e de sa fille","isPartOf":{"@id":"https:\/\/acninternational.org\/fr\/#website"},"primaryImageOfPage":{"@id":"https:\/\/acninternational.org\/fr\/une-famille-catholique-pakistanaise-se-bat-contre-la-conversion-forcee-de-sa-fille\/#primaryimage"},"image":{"@id":"https:\/\/acninternational.org\/fr\/une-famille-catholique-pakistanaise-se-bat-contre-la-conversion-forcee-de-sa-fille\/#primaryimage"},"thumbnailUrl":"https:\/\/media.acninternational.org\/wp-content\/uploads\/2021\/01\/Pakistan.jpg","datePublished":"2021-01-21T10:29:52+00:00","dateModified":"2021-01-21T11:06:49+00:00","description":"L\u2019histoire d\u2019Arzoo Raja est l\u2019une des histoires les plus retentissantes ayant eu lieu au PAKISTAN en 2020. Cette jeune fille catholique de 13 ans habitant \u00e0 Railway Colony, quartier de Karachi, dans le sud du Pakistan aurait \u00e9t\u00e9 enlev\u00e9e, convertie de force \u00e0 l\u2019islam et mari\u00e9e \u00e0 son voisin musulman Syed Ali Azhar, \u00e2g\u00e9 de 44 ans. Les parents d\u2019Arzoo affirment qu\u2019elle a \u00e9t\u00e9 enlev\u00e9e en octobre dernier alors qu\u2019elle jouait devant sa maison. Ils se sont tourn\u00e9s vers la Haute Cour du Sindh, qui a d\u00e9clar\u00e9 le mariage invalide et a ordonn\u00e9 le transfert de la jeune fille dans un refuge. Ali Azhar a \u00e9t\u00e9 arr\u00eat\u00e9, mais par la suite, lib\u00e9r\u00e9 sous caution.","breadcrumb":{"@id":"https:\/\/acninternational.org\/fr\/une-famille-catholique-pakistanaise-se-bat-contre-la-conversion-forcee-de-sa-fille\/#breadcrumb"},"inLanguage":"fr-FR","potentialAction":[{"@type":"ReadAction","target":["https:\/\/acninternational.org\/fr\/une-famille-catholique-pakistanaise-se-bat-contre-la-conversion-forcee-de-sa-fille\/"]}]},{"@type":"ImageObject","inLanguage":"fr-FR","@id":"https:\/\/acninternational.org\/fr\/une-famille-catholique-pakistanaise-se-bat-contre-la-conversion-forcee-de-sa-fille\/#primaryimage","url":"https:\/\/media.acninternational.org\/wp-content\/uploads\/2021\/01\/Pakistan.jpg","contentUrl":"https:\/\/media.acninternational.org\/wp-content\/uploads\/2021\/01\/Pakistan.jpg","width":1400,"height":438},{"@type":"BreadcrumbList","@id":"https:\/\/acninternational.org\/fr\/une-famille-catholique-pakistanaise-se-bat-contre-la-conversion-forcee-de-sa-fille\/#breadcrumb","itemListElement":[{"@type":"ListItem","position":1,"name":"Home","item":"https:\/\/acninternational.org\/fr\/"},{"@type":"ListItem","position":2,"name":"Nouvelles","item":"https:\/\/acninternational.org\/fr\/category\/news-fr\/"},{"@type":"ListItem","position":3,"name":"Une famille catholique pakistanaise se bat contre la conversion forc\u00e9e de sa fille"}]},{"@type":"WebSite","@id":"https:\/\/acninternational.org\/fr\/#website","url":"https:\/\/acninternational.org\/fr\/","name":"ACN International","description":"","publisher":{"@id":"https:\/\/acninternational.org\/fr\/#organization"},"potentialAction":[{"@type":"SearchAction","target":{"@type":"EntryPoint","urlTemplate":"https:\/\/acninternational.org\/fr\/?s={search_term_string}"},"query-input":{"@type":"PropertyValueSpecification","valueRequired":true,"valueName":"search_term_string"}}],"inLanguage":"fr-FR"},{"@type":"Organization","@id":"https:\/\/acninternational.org\/fr\/#organization","name":"Aid to the Church in Need International","url":"https:\/\/acninternational.org\/fr\/","logo":{"@type":"ImageObject","inLanguage":"fr-FR","@id":"https:\/\/acninternational.org\/fr\/#\/schema\/logo\/image\/","url":"https:\/\/media.acninternational.org\/wp-content\/uploads\/2019\/11\/acn_logo_blackvector.svg","contentUrl":"https:\/\/media.acninternational.org\/wp-content\/uploads\/2019\/11\/acn_logo_blackvector.svg","width":232.6,"height":78,"caption":"Aid to the Church in Need International"},"image":{"@id":"https:\/\/acninternational.org\/fr\/#\/schema\/logo\/image\/"},"sameAs":["https:\/\/www.facebook.com\/acninternationalorg","https:\/\/x.com\/acn_int","https:\/\/www.youtube.com\/channel\/UCQ-077gS0TnVzkhHmf1opZw","https:\/\/www.instagram.com\/acn_international\/"]},{"@type":"Person","@id":"https:\/\/acninternational.org\/fr\/#\/schema\/person\/7f3dafb236b242fb2aa46be1411fd703","name":"ACN Press Team","description":"Lorem ipsum dolor sit amet, consectetur adipiscing elit, sed do eiusmod tempor incididunt ut labore et dolore magna aliqua. Ut enim ad minim veniam, quis nostrud exercitation ullamco laboris nisi ut aliquip ex ea commodo consequat.","url":"https:\/\/acninternational.org\/fr\/author\/acn-press-team\/"}]}},"_links":{"self":[{"href":"https:\/\/acninternational.org\/fr\/wp-json\/wp\/v2\/posts\/147239","targetHints":{"allow":["GET"]}}],"collection":[{"href":"https:\/\/acninternational.org\/fr\/wp-json\/wp\/v2\/posts"}],"about":[{"href":"https:\/\/acninternational.org\/fr\/wp-json\/wp\/v2\/types\/post"}],"author":[{"embeddable":true,"href":"https:\/\/acninternational.org\/fr\/wp-json\/wp\/v2\/users\/4258341447"}],"replies":[{"embeddable":true,"href":"https:\/\/acninternational.org\/fr\/wp-json\/wp\/v2\/comments?post=147239"}],"version-history":[{"count":0,"href":"https:\/\/acninternational.org\/fr\/wp-json\/wp\/v2\/posts\/147239\/revisions"}],"wp:featuredmedia":[{"embeddable":true,"href":"https:\/\/acninternational.org\/fr\/wp-json\/wp\/v2\/media\/147229"}],"wp:attachment":[{"href":"https:\/\/acninternational.org\/fr\/wp-json\/wp\/v2\/media?parent=147239"}],"wp:term":[{"taxonomy":"category","embeddable":true,"href":"https:\/\/acninternational.org\/fr\/wp-json\/wp\/v2\/categories?post=147239"},{"taxonomy":"post_tag","embeddable":true,"href":"https:\/\/acninternational.org\/fr\/wp-json\/wp\/v2\/tags?post=147239"},{"taxonomy":"country","embeddable":true,"href":"https:\/\/acninternational.org\/fr\/wp-json\/wp\/v2\/country?post=147239"}],"curies":[{"name":"wp","href":"https:\/\/api.w.org\/{rel}","templated":true}]}}