{"id":146617,"date":"2021-01-07T14:11:06","date_gmt":"2021-01-07T13:11:06","guid":{"rendered":"https:\/\/acninternational.org\/?p=146617"},"modified":"2021-01-07T14:32:50","modified_gmt":"2021-01-07T13:32:50","slug":"nigeria-aucun-mal-ne-nous-enlevera-notre-foi","status":"publish","type":"post","link":"https:\/\/acninternational.org\/fr\/nigeria-aucun-mal-ne-nous-enlevera-notre-foi\/","title":{"rendered":"Nigeria: \u00ab Aucun mal ne nous enl\u00e8vera notre foi \u00bb"},"content":{"rendered":"<p>Un attentat perp\u00e9tr\u00e9 par Boko Haram la veille de No\u00ebl \u2013 causant la mort d\u2019au moins 11 personnes et la destruction de deux b\u00e2timents d\u2019\u00e9glise \u2013 a incit\u00e9 un \u00e9v\u00eaque nig\u00e9rian \u00e0 pousser un cri de ralliement, en insistant sur le fait que la violence islamiste \u00e9tait vou\u00e9e \u00e0 l\u2019\u00e9chec.<\/p>\n<p>Dans une interview accord\u00e9e \u00e0 l\u2019\u0153uvre catholique de bienfaisance Aide \u00e0 l\u2019\u00c9glise en D\u00e9tresse (AED), Mgr Oliver Dashe Doeme, \u00e9v\u00eaque de Maiduguri, a d\u00e9clar\u00e9 qu\u2019il n\u2019\u00e9tait nullement d\u00e9courag\u00e9 par l\u2019attaque de Pemi, pr\u00e8s de Chibok, o\u00f9 plus de 270 \u00e9coli\u00e8res, pour la plupart chr\u00e9tiennes, avaient \u00e9t\u00e9 enlev\u00e9es en 2014.<\/p>\n<p>S\u2019exprimant apr\u00e8s l\u2019attaque de la veille de No\u00ebl au cours de laquelle un pr\u00eatre a \u00e9t\u00e9 enlev\u00e9, Mgr Doeme a d\u00e9clar\u00e9\u00a0: \u00ab\u00a0Il y a une chose que Boko Haram ne nous prendra jamais, c\u2019est notre foi. Nous ne permettrons jamais \u00e0 aucun mal de nous prendre notre foi. Notre foi s\u2019affermit de plus en plus. 100 personnes ont \u00e9t\u00e9 baptis\u00e9es dans une paroisse la veille de No\u00ebl. Les gens ont une telle conviction\u00a0!\u00a0\u00bb.<\/p>\n<p>Malgr\u00e9 une p\u00e9riode de violents conflits qui, selon l\u2019organisation nig\u00e9riane de d\u00e9fense des droits de l\u2019Homme Intersociety, a tu\u00e9 pr\u00e8s de 12.000 chr\u00e9tiens depuis juin 2015, Mgr Doeme a d\u00e9clar\u00e9 qu\u2019en fait, les actions de Boko Haram renfor\u00e7aient la foi des chr\u00e9tiens.<\/p>\n<figure id=\"attachment_146600\" aria-describedby=\"caption-attachment-146600\" style=\"width: 670px\" class=\"wp-caption alignnone\"><img loading=\"lazy\" decoding=\"async\" class=\"wp-image-146600 size-full\" src=\"https:\/\/media.acninternational.org\/wp-content\/uploads\/2021\/01\/Nigeria2.jpg\" alt=\"Nigeria: \u00ab Aucun mal ne nous enl\u00e8vera notre foi \u00bb.\" width=\"670\" height=\"400\" srcset=\"https:\/\/media.acninternational.org\/wp-content\/uploads\/2021\/01\/Nigeria2.jpg 670w, https:\/\/media.acninternational.org\/wp-content\/uploads\/2021\/01\/Nigeria2-300x179.jpg 300w\" sizes=\"auto, (max-width: 670px) 100vw, 670px\" \/><figcaption id=\"caption-attachment-146600\" class=\"wp-caption-text\">Nigeria: \u00ab Aucun mal ne nous enl\u00e8vera notre foi \u00bb.<\/figcaption><\/figure>\n<p>Il a ajout\u00e9\u00a0: \u00ab\u00a0L\u2019ann\u00e9e derni\u00e8re, dans mon dioc\u00e8se, il y avait plus de catholiques que lorsqu&rsquo;il n&rsquo;y avait pas de crise avec Boko Haram. Tant que le Royaume de Dieu continuera, aucune force humaine mal\u00e9fique n\u2019en viendra \u00e0 bout. Plus de 200 \u00e9glises ont \u00e9t\u00e9 incendi\u00e9es, ainsi que des \u00e9coles, mais nous ne serons pas vaincus. Nous sommes un peuple qui a la foi et Boko Haram n\u2019est pas le seul mal auquel nous ayons \u00e9t\u00e9 confront\u00e9s en tant qu\u2019\u00c9glise. Notre cons\u00e9cration \u00e0 Marie est profonde. Dieu \u00e9crasera Boko Haram en son temps\u00a0\u00bb.<\/p>\n<p>Au Nigeria, ce n\u2019est pas la premi\u00e8re fois que des groupes islamistes organisent une attaque \u00e0 No\u00ebl. En 2019, l\u2019\u00c9tat Islamique en Afrique de l\u2019Ouest (ISWAP) avait d\u00e9capit\u00e9 10 chr\u00e9tiens le jour de No\u00ebl, tandis que Boko Haram en avait tu\u00e9 sept lors d\u2019un raid effectu\u00e9 la veille de No\u00ebl 2019.<\/p>\n<p>Mgr Doeme a d\u00e9clar\u00e9 \u00e0 l\u2019AED : \u00ab Boko Haram est contre les chr\u00e9tiens. Les attaques visent \u00e0 effrayer les communaut\u00e9s et \u00e0 g\u00e2cher les c\u00e9l\u00e9brations de No\u00ebl. Ils ne veulent pas que les chr\u00e9tiens profitent de No\u00ebl\u00a0\u00bb. Il a ajout\u00e9\u00a0: \u00ab\u00a0Le gouvernement se bat pour ma\u00eetriser Boko Haram. Il y a des saboteurs qui divulguent des informations \u00e0 Boko Haram, m\u00eame quand ses membres sont dans la brousse.\u00a0\u00bb Mgr Doeme a termin\u00e9 en remerciant l\u2019AED et ses bienfaiteurs pour leur soutien : \u00ab Notre plus grand soutien vient de l\u2019AED. Sans l\u2019AED, le dioc\u00e8se s\u2019effondrerait. Nous continuerons \u00e0 prier pour vous et \u00e0 vous ch\u00e9rir\u00a0\u00bb.<\/p>\n","protected":false},"excerpt":{"rendered":"<p>Un attentat perp\u00e9tr\u00e9 par Boko Haram la veille de No\u00ebl \u2013 causant la mort d\u2019au moins 11 personnes et la<\/p>\n","protected":false},"author":4258341447,"featured_media":146606,"comment_status":"closed","ping_status":"closed","sticky":false,"template":"","format":"standard","meta":{"_acf_changed":false,"_acn_coauthor_ids":[],"_acn_featured_article":false,"footnotes":""},"categories":[233],"tags":[],"country":[116],"class_list":["post-146617","post","type-post","status-publish","format-standard","has-post-thumbnail","hentry","category-non-classifiee","country-nigeria"],"acn_coauthors":[],"acf":[],"yoast_head":"<!-- This site is optimized with the Yoast SEO Premium plugin v27.5 (Yoast SEO v27.5) - https:\/\/yoast.com\/product\/yoast-seo-premium-wordpress\/ -->\n<title>Nigeria: \u00ab Aucun mal ne nous enl\u00e8vera notre foi \u00bb<\/title>\n<meta name=\"description\" content=\"Un attentat perp\u00e9tr\u00e9 par Boko Haram la veille de No\u00ebl \u2013 causant la mort d\u2019au moins 11 personnes et la destruction de deux b\u00e2timents d\u2019\u00e9glise \u2013 a incit\u00e9 un \u00e9v\u00eaque nig\u00e9rian \u00e0 pousser un cri de ralliement, en insistant sur le fait que la violence islamiste \u00e9tait vou\u00e9e \u00e0 l\u2019\u00e9chec.\" \/>\n<meta name=\"robots\" content=\"index, follow, max-snippet:-1, max-image-preview:large, max-video-preview:-1\" \/>\n<link rel=\"canonical\" href=\"https:\/\/acninternational.org\/fr\/nigeria-aucun-mal-ne-nous-enlevera-notre-foi\/\" \/>\n<meta property=\"og:locale\" content=\"fr_FR\" \/>\n<meta property=\"og:type\" content=\"article\" \/>\n<meta property=\"og:title\" content=\"Nigeria: \u00ab Aucun mal ne nous enl\u00e8vera notre foi \u00bb\" \/>\n<meta property=\"og:description\" content=\"Un attentat perp\u00e9tr\u00e9 par Boko Haram la veille de No\u00ebl \u2013 causant la mort d\u2019au moins 11 personnes et la destruction de deux b\u00e2timents d\u2019\u00e9glise \u2013 a incit\u00e9 un \u00e9v\u00eaque nig\u00e9rian \u00e0 pousser un cri de ralliement, en insistant sur le fait que la violence islamiste \u00e9tait vou\u00e9e \u00e0 l\u2019\u00e9chec.\" \/>\n<meta property=\"og:url\" content=\"https:\/\/acninternational.org\/fr\/nigeria-aucun-mal-ne-nous-enlevera-notre-foi\/\" \/>\n<meta property=\"og:site_name\" content=\"ACN International\" \/>\n<meta property=\"article:publisher\" content=\"https:\/\/www.facebook.com\/acninternationalorg\" \/>\n<meta property=\"article:published_time\" content=\"2021-01-07T13:11:06+00:00\" \/>\n<meta property=\"article:modified_time\" content=\"2021-01-07T13:32:50+00:00\" \/>\n<meta property=\"og:image\" content=\"https:\/\/media.acninternational.org\/wp-content\/uploads\/2021\/01\/Nigeria.jpg\" \/>\n\t<meta property=\"og:image:width\" content=\"1400\" \/>\n\t<meta property=\"og:image:height\" content=\"438\" \/>\n\t<meta property=\"og:image:type\" content=\"image\/jpeg\" \/>\n<meta name=\"author\" content=\"ACN Press Team\" \/>\n<meta name=\"twitter:card\" content=\"summary_large_image\" \/>\n<meta name=\"twitter:creator\" content=\"@acn_int\" \/>\n<meta name=\"twitter:site\" content=\"@acn_int\" \/>\n<meta name=\"twitter:label1\" content=\"\u00c9crit par\" \/>\n\t<meta name=\"twitter:data1\" content=\"ACN Press Team\" \/>\n\t<meta name=\"twitter:label2\" content=\"Dur\u00e9e de lecture estim\u00e9e\" \/>\n\t<meta name=\"twitter:data2\" content=\"3 minutes\" \/>\n<script type=\"application\/ld+json\" class=\"yoast-schema-graph\">{\"@context\":\"https:\\\/\\\/schema.org\",\"@graph\":[{\"@type\":\"Article\",\"@id\":\"https:\\\/\\\/acninternational.org\\\/fr\\\/nigeria-aucun-mal-ne-nous-enlevera-notre-foi\\\/#article\",\"isPartOf\":{\"@id\":\"https:\\\/\\\/acninternational.org\\\/fr\\\/nigeria-aucun-mal-ne-nous-enlevera-notre-foi\\\/\"},\"author\":{\"name\":\"ACN Press Team\",\"@id\":\"https:\\\/\\\/acninternational.org\\\/fr\\\/#\\\/schema\\\/person\\\/7f3dafb236b242fb2aa46be1411fd703\"},\"headline\":\"Nigeria: \u00ab Aucun mal ne nous enl\u00e8vera notre foi \u00bb\",\"datePublished\":\"2021-01-07T13:11:06+00:00\",\"dateModified\":\"2021-01-07T13:32:50+00:00\",\"mainEntityOfPage\":{\"@id\":\"https:\\\/\\\/acninternational.org\\\/fr\\\/nigeria-aucun-mal-ne-nous-enlevera-notre-foi\\\/\"},\"wordCount\":544,\"publisher\":{\"@id\":\"https:\\\/\\\/acninternational.org\\\/fr\\\/#organization\"},\"image\":{\"@id\":\"https:\\\/\\\/acninternational.org\\\/fr\\\/nigeria-aucun-mal-ne-nous-enlevera-notre-foi\\\/#primaryimage\"},\"thumbnailUrl\":\"https:\\\/\\\/media.acninternational.org\\\/wp-content\\\/uploads\\\/2021\\\/01\\\/Nigeria.jpg\",\"articleSection\":[\"Non classifi\u00e9(e)\"],\"inLanguage\":\"fr-FR\"},{\"@type\":\"WebPage\",\"@id\":\"https:\\\/\\\/acninternational.org\\\/fr\\\/nigeria-aucun-mal-ne-nous-enlevera-notre-foi\\\/\",\"url\":\"https:\\\/\\\/acninternational.org\\\/fr\\\/nigeria-aucun-mal-ne-nous-enlevera-notre-foi\\\/\",\"name\":\"Nigeria: \u00ab Aucun mal ne nous enl\u00e8vera notre foi \u00bb\",\"isPartOf\":{\"@id\":\"https:\\\/\\\/acninternational.org\\\/fr\\\/#website\"},\"primaryImageOfPage\":{\"@id\":\"https:\\\/\\\/acninternational.org\\\/fr\\\/nigeria-aucun-mal-ne-nous-enlevera-notre-foi\\\/#primaryimage\"},\"image\":{\"@id\":\"https:\\\/\\\/acninternational.org\\\/fr\\\/nigeria-aucun-mal-ne-nous-enlevera-notre-foi\\\/#primaryimage\"},\"thumbnailUrl\":\"https:\\\/\\\/media.acninternational.org\\\/wp-content\\\/uploads\\\/2021\\\/01\\\/Nigeria.jpg\",\"datePublished\":\"2021-01-07T13:11:06+00:00\",\"dateModified\":\"2021-01-07T13:32:50+00:00\",\"description\":\"Un attentat perp\u00e9tr\u00e9 par Boko Haram la veille de No\u00ebl \u2013 causant la mort d\u2019au moins 11 personnes et la destruction de deux b\u00e2timents d\u2019\u00e9glise \u2013 a incit\u00e9 un \u00e9v\u00eaque nig\u00e9rian \u00e0 pousser un cri de ralliement, en insistant sur le fait que la violence islamiste \u00e9tait vou\u00e9e \u00e0 l\u2019\u00e9chec.\",\"breadcrumb\":{\"@id\":\"https:\\\/\\\/acninternational.org\\\/fr\\\/nigeria-aucun-mal-ne-nous-enlevera-notre-foi\\\/#breadcrumb\"},\"inLanguage\":\"fr-FR\",\"potentialAction\":[{\"@type\":\"ReadAction\",\"target\":[\"https:\\\/\\\/acninternational.org\\\/fr\\\/nigeria-aucun-mal-ne-nous-enlevera-notre-foi\\\/\"]}]},{\"@type\":\"ImageObject\",\"inLanguage\":\"fr-FR\",\"@id\":\"https:\\\/\\\/acninternational.org\\\/fr\\\/nigeria-aucun-mal-ne-nous-enlevera-notre-foi\\\/#primaryimage\",\"url\":\"https:\\\/\\\/media.acninternational.org\\\/wp-content\\\/uploads\\\/2021\\\/01\\\/Nigeria.jpg\",\"contentUrl\":\"https:\\\/\\\/media.acninternational.org\\\/wp-content\\\/uploads\\\/2021\\\/01\\\/Nigeria.jpg\",\"width\":1400,\"height\":438},{\"@type\":\"BreadcrumbList\",\"@id\":\"https:\\\/\\\/acninternational.org\\\/fr\\\/nigeria-aucun-mal-ne-nous-enlevera-notre-foi\\\/#breadcrumb\",\"itemListElement\":[{\"@type\":\"ListItem\",\"position\":1,\"name\":\"Home\",\"item\":\"https:\\\/\\\/acninternational.org\\\/fr\\\/\"},{\"@type\":\"ListItem\",\"position\":2,\"name\":\"Nouvelles\",\"item\":\"https:\\\/\\\/acninternational.org\\\/fr\\\/category\\\/news-fr\\\/\"},{\"@type\":\"ListItem\",\"position\":3,\"name\":\"Nigeria: \u00ab Aucun mal ne nous enl\u00e8vera notre foi \u00bb\"}]},{\"@type\":\"WebSite\",\"@id\":\"https:\\\/\\\/acninternational.org\\\/fr\\\/#website\",\"url\":\"https:\\\/\\\/acninternational.org\\\/fr\\\/\",\"name\":\"ACN International\",\"description\":\"\",\"publisher\":{\"@id\":\"https:\\\/\\\/acninternational.org\\\/fr\\\/#organization\"},\"potentialAction\":[{\"@type\":\"SearchAction\",\"target\":{\"@type\":\"EntryPoint\",\"urlTemplate\":\"https:\\\/\\\/acninternational.org\\\/fr\\\/?s={search_term_string}\"},\"query-input\":{\"@type\":\"PropertyValueSpecification\",\"valueRequired\":true,\"valueName\":\"search_term_string\"}}],\"inLanguage\":\"fr-FR\"},{\"@type\":\"Organization\",\"@id\":\"https:\\\/\\\/acninternational.org\\\/fr\\\/#organization\",\"name\":\"Aid to the Church in Need International\",\"url\":\"https:\\\/\\\/acninternational.org\\\/fr\\\/\",\"logo\":{\"@type\":\"ImageObject\",\"inLanguage\":\"fr-FR\",\"@id\":\"https:\\\/\\\/acninternational.org\\\/fr\\\/#\\\/schema\\\/logo\\\/image\\\/\",\"url\":\"https:\\\/\\\/media.acninternational.org\\\/wp-content\\\/uploads\\\/2019\\\/11\\\/acn_logo_blackvector.svg\",\"contentUrl\":\"https:\\\/\\\/media.acninternational.org\\\/wp-content\\\/uploads\\\/2019\\\/11\\\/acn_logo_blackvector.svg\",\"width\":232.6,\"height\":78,\"caption\":\"Aid to the Church in Need International\"},\"image\":{\"@id\":\"https:\\\/\\\/acninternational.org\\\/fr\\\/#\\\/schema\\\/logo\\\/image\\\/\"},\"sameAs\":[\"https:\\\/\\\/www.facebook.com\\\/acninternationalorg\",\"https:\\\/\\\/x.com\\\/acn_int\",\"https:\\\/\\\/www.youtube.com\\\/channel\\\/UCQ-077gS0TnVzkhHmf1opZw\",\"https:\\\/\\\/www.instagram.com\\\/acn_international\\\/\"]},{\"@type\":\"Person\",\"@id\":\"https:\\\/\\\/acninternational.org\\\/fr\\\/#\\\/schema\\\/person\\\/7f3dafb236b242fb2aa46be1411fd703\",\"name\":\"ACN Press Team\",\"description\":\"Lorem ipsum dolor sit amet, consectetur adipiscing elit, sed do eiusmod tempor incididunt ut labore et dolore magna aliqua. Ut enim ad minim veniam, quis nostrud exercitation ullamco laboris nisi ut aliquip ex ea commodo consequat.\",\"url\":\"https:\\\/\\\/acninternational.org\\\/fr\\\/author\\\/acn-press-team\\\/\"}]}<\/script>\n<!-- \/ Yoast SEO Premium plugin. -->","yoast_head_json":{"title":"Nigeria: \u00ab Aucun mal ne nous enl\u00e8vera notre foi \u00bb","description":"Un attentat perp\u00e9tr\u00e9 par Boko Haram la veille de No\u00ebl \u2013 causant la mort d\u2019au moins 11 personnes et la destruction de deux b\u00e2timents d\u2019\u00e9glise \u2013 a incit\u00e9 un \u00e9v\u00eaque nig\u00e9rian \u00e0 pousser un cri de ralliement, en insistant sur le fait que la violence islamiste \u00e9tait vou\u00e9e \u00e0 l\u2019\u00e9chec.","robots":{"index":"index","follow":"follow","max-snippet":"max-snippet:-1","max-image-preview":"max-image-preview:large","max-video-preview":"max-video-preview:-1"},"canonical":"https:\/\/acninternational.org\/fr\/nigeria-aucun-mal-ne-nous-enlevera-notre-foi\/","og_locale":"fr_FR","og_type":"article","og_title":"Nigeria: \u00ab Aucun mal ne nous enl\u00e8vera notre foi \u00bb","og_description":"Un attentat perp\u00e9tr\u00e9 par Boko Haram la veille de No\u00ebl \u2013 causant la mort d\u2019au moins 11 personnes et la destruction de deux b\u00e2timents d\u2019\u00e9glise \u2013 a incit\u00e9 un \u00e9v\u00eaque nig\u00e9rian \u00e0 pousser un cri de ralliement, en insistant sur le fait que la violence islamiste \u00e9tait vou\u00e9e \u00e0 l\u2019\u00e9chec.","og_url":"https:\/\/acninternational.org\/fr\/nigeria-aucun-mal-ne-nous-enlevera-notre-foi\/","og_site_name":"ACN International","article_publisher":"https:\/\/www.facebook.com\/acninternationalorg","article_published_time":"2021-01-07T13:11:06+00:00","article_modified_time":"2021-01-07T13:32:50+00:00","og_image":[{"width":1400,"height":438,"url":"https:\/\/media.acninternational.org\/wp-content\/uploads\/2021\/01\/Nigeria.jpg","type":"image\/jpeg"}],"author":"ACN Press Team","twitter_card":"summary_large_image","twitter_creator":"@acn_int","twitter_site":"@acn_int","twitter_misc":{"\u00c9crit par":"ACN Press Team","Dur\u00e9e de lecture estim\u00e9e":"3 minutes"},"schema":{"@context":"https:\/\/schema.org","@graph":[{"@type":"Article","@id":"https:\/\/acninternational.org\/fr\/nigeria-aucun-mal-ne-nous-enlevera-notre-foi\/#article","isPartOf":{"@id":"https:\/\/acninternational.org\/fr\/nigeria-aucun-mal-ne-nous-enlevera-notre-foi\/"},"author":{"name":"ACN Press Team","@id":"https:\/\/acninternational.org\/fr\/#\/schema\/person\/7f3dafb236b242fb2aa46be1411fd703"},"headline":"Nigeria: \u00ab Aucun mal ne nous enl\u00e8vera notre foi \u00bb","datePublished":"2021-01-07T13:11:06+00:00","dateModified":"2021-01-07T13:32:50+00:00","mainEntityOfPage":{"@id":"https:\/\/acninternational.org\/fr\/nigeria-aucun-mal-ne-nous-enlevera-notre-foi\/"},"wordCount":544,"publisher":{"@id":"https:\/\/acninternational.org\/fr\/#organization"},"image":{"@id":"https:\/\/acninternational.org\/fr\/nigeria-aucun-mal-ne-nous-enlevera-notre-foi\/#primaryimage"},"thumbnailUrl":"https:\/\/media.acninternational.org\/wp-content\/uploads\/2021\/01\/Nigeria.jpg","articleSection":["Non classifi\u00e9(e)"],"inLanguage":"fr-FR"},{"@type":"WebPage","@id":"https:\/\/acninternational.org\/fr\/nigeria-aucun-mal-ne-nous-enlevera-notre-foi\/","url":"https:\/\/acninternational.org\/fr\/nigeria-aucun-mal-ne-nous-enlevera-notre-foi\/","name":"Nigeria: \u00ab Aucun mal ne nous enl\u00e8vera notre foi \u00bb","isPartOf":{"@id":"https:\/\/acninternational.org\/fr\/#website"},"primaryImageOfPage":{"@id":"https:\/\/acninternational.org\/fr\/nigeria-aucun-mal-ne-nous-enlevera-notre-foi\/#primaryimage"},"image":{"@id":"https:\/\/acninternational.org\/fr\/nigeria-aucun-mal-ne-nous-enlevera-notre-foi\/#primaryimage"},"thumbnailUrl":"https:\/\/media.acninternational.org\/wp-content\/uploads\/2021\/01\/Nigeria.jpg","datePublished":"2021-01-07T13:11:06+00:00","dateModified":"2021-01-07T13:32:50+00:00","description":"Un attentat perp\u00e9tr\u00e9 par Boko Haram la veille de No\u00ebl \u2013 causant la mort d\u2019au moins 11 personnes et la destruction de deux b\u00e2timents d\u2019\u00e9glise \u2013 a incit\u00e9 un \u00e9v\u00eaque nig\u00e9rian \u00e0 pousser un cri de ralliement, en insistant sur le fait que la violence islamiste \u00e9tait vou\u00e9e \u00e0 l\u2019\u00e9chec.","breadcrumb":{"@id":"https:\/\/acninternational.org\/fr\/nigeria-aucun-mal-ne-nous-enlevera-notre-foi\/#breadcrumb"},"inLanguage":"fr-FR","potentialAction":[{"@type":"ReadAction","target":["https:\/\/acninternational.org\/fr\/nigeria-aucun-mal-ne-nous-enlevera-notre-foi\/"]}]},{"@type":"ImageObject","inLanguage":"fr-FR","@id":"https:\/\/acninternational.org\/fr\/nigeria-aucun-mal-ne-nous-enlevera-notre-foi\/#primaryimage","url":"https:\/\/media.acninternational.org\/wp-content\/uploads\/2021\/01\/Nigeria.jpg","contentUrl":"https:\/\/media.acninternational.org\/wp-content\/uploads\/2021\/01\/Nigeria.jpg","width":1400,"height":438},{"@type":"BreadcrumbList","@id":"https:\/\/acninternational.org\/fr\/nigeria-aucun-mal-ne-nous-enlevera-notre-foi\/#breadcrumb","itemListElement":[{"@type":"ListItem","position":1,"name":"Home","item":"https:\/\/acninternational.org\/fr\/"},{"@type":"ListItem","position":2,"name":"Nouvelles","item":"https:\/\/acninternational.org\/fr\/category\/news-fr\/"},{"@type":"ListItem","position":3,"name":"Nigeria: \u00ab Aucun mal ne nous enl\u00e8vera notre foi \u00bb"}]},{"@type":"WebSite","@id":"https:\/\/acninternational.org\/fr\/#website","url":"https:\/\/acninternational.org\/fr\/","name":"ACN International","description":"","publisher":{"@id":"https:\/\/acninternational.org\/fr\/#organization"},"potentialAction":[{"@type":"SearchAction","target":{"@type":"EntryPoint","urlTemplate":"https:\/\/acninternational.org\/fr\/?s={search_term_string}"},"query-input":{"@type":"PropertyValueSpecification","valueRequired":true,"valueName":"search_term_string"}}],"inLanguage":"fr-FR"},{"@type":"Organization","@id":"https:\/\/acninternational.org\/fr\/#organization","name":"Aid to the Church in Need International","url":"https:\/\/acninternational.org\/fr\/","logo":{"@type":"ImageObject","inLanguage":"fr-FR","@id":"https:\/\/acninternational.org\/fr\/#\/schema\/logo\/image\/","url":"https:\/\/media.acninternational.org\/wp-content\/uploads\/2019\/11\/acn_logo_blackvector.svg","contentUrl":"https:\/\/media.acninternational.org\/wp-content\/uploads\/2019\/11\/acn_logo_blackvector.svg","width":232.6,"height":78,"caption":"Aid to the Church in Need International"},"image":{"@id":"https:\/\/acninternational.org\/fr\/#\/schema\/logo\/image\/"},"sameAs":["https:\/\/www.facebook.com\/acninternationalorg","https:\/\/x.com\/acn_int","https:\/\/www.youtube.com\/channel\/UCQ-077gS0TnVzkhHmf1opZw","https:\/\/www.instagram.com\/acn_international\/"]},{"@type":"Person","@id":"https:\/\/acninternational.org\/fr\/#\/schema\/person\/7f3dafb236b242fb2aa46be1411fd703","name":"ACN Press Team","description":"Lorem ipsum dolor sit amet, consectetur adipiscing elit, sed do eiusmod tempor incididunt ut labore et dolore magna aliqua. Ut enim ad minim veniam, quis nostrud exercitation ullamco laboris nisi ut aliquip ex ea commodo consequat.","url":"https:\/\/acninternational.org\/fr\/author\/acn-press-team\/"}]}},"_links":{"self":[{"href":"https:\/\/acninternational.org\/fr\/wp-json\/wp\/v2\/posts\/146617","targetHints":{"allow":["GET"]}}],"collection":[{"href":"https:\/\/acninternational.org\/fr\/wp-json\/wp\/v2\/posts"}],"about":[{"href":"https:\/\/acninternational.org\/fr\/wp-json\/wp\/v2\/types\/post"}],"author":[{"embeddable":true,"href":"https:\/\/acninternational.org\/fr\/wp-json\/wp\/v2\/users\/4258341447"}],"replies":[{"embeddable":true,"href":"https:\/\/acninternational.org\/fr\/wp-json\/wp\/v2\/comments?post=146617"}],"version-history":[{"count":0,"href":"https:\/\/acninternational.org\/fr\/wp-json\/wp\/v2\/posts\/146617\/revisions"}],"wp:featuredmedia":[{"embeddable":true,"href":"https:\/\/acninternational.org\/fr\/wp-json\/wp\/v2\/media\/146606"}],"wp:attachment":[{"href":"https:\/\/acninternational.org\/fr\/wp-json\/wp\/v2\/media?parent=146617"}],"wp:term":[{"taxonomy":"category","embeddable":true,"href":"https:\/\/acninternational.org\/fr\/wp-json\/wp\/v2\/categories?post=146617"},{"taxonomy":"post_tag","embeddable":true,"href":"https:\/\/acninternational.org\/fr\/wp-json\/wp\/v2\/tags?post=146617"},{"taxonomy":"country","embeddable":true,"href":"https:\/\/acninternational.org\/fr\/wp-json\/wp\/v2\/country?post=146617"}],"curies":[{"name":"wp","href":"https:\/\/api.w.org\/{rel}","templated":true}]}}