{"id":146410,"date":"2020-12-23T11:09:01","date_gmt":"2020-12-23T10:09:01","guid":{"rendered":"https:\/\/acninternational.org\/?p=146410"},"modified":"2020-12-23T11:56:31","modified_gmt":"2020-12-23T10:56:31","slug":"laed-dresse-le-bilan-de-la-situation-des-chretiens-en-2020-beaucoup-dombres-et-quelques-lumieres","status":"publish","type":"post","link":"https:\/\/acninternational.org\/fr\/laed-dresse-le-bilan-de-la-situation-des-chretiens-en-2020-beaucoup-dombres-et-quelques-lumieres\/","title":{"rendered":"L\u2019AED dresse le bilan de la situation des chr\u00e9tiens en 2020 : beaucoup d\u2019ombres et quelques lumi\u00e8res"},"content":{"rendered":"<p><em>Coronavirus, terreur, guerres \u2013 et une pers\u00e9cution sans cesse croissante : 2020 a \u00e9t\u00e9 une ann\u00e9e difficile pour beaucoup de chr\u00e9tiens. En cette fin d\u2019ann\u00e9e, Thomas Heine-Geldern, Pr\u00e9sident ex\u00e9cutif de la Fondation pontificale \u00ab\u00a0Aide \u00e0 l\u2019\u00c9glise en D\u00e9tresse\u00a0\u00bb (AED), fait le bilan des questions br\u00fblantes que sont la pers\u00e9cution, l\u2019engagement en faveur de la libert\u00e9 religieuse, mais aussi des lueurs d\u2019espoir et des aides fournies. Il est interrog\u00e9 par Maria Lozano.<\/em><\/p>\n<p><img loading=\"lazy\" decoding=\"async\" class=\"alignnone wp-image-146339 size-full\" src=\"https:\/\/media.acninternational.org\/wp-content\/uploads\/2020\/12\/international_news_ACN-takes-stock-of-the-situation-of-Christians-around-the-world-during-2020-2.jpg\" alt=\"\" width=\"670\" height=\"400\" srcset=\"https:\/\/media.acninternational.org\/wp-content\/uploads\/2020\/12\/international_news_ACN-takes-stock-of-the-situation-of-Christians-around-the-world-during-2020-2.jpg 670w, https:\/\/media.acninternational.org\/wp-content\/uploads\/2020\/12\/international_news_ACN-takes-stock-of-the-situation-of-Christians-around-the-world-during-2020-2-300x179.jpg 300w\" sizes=\"auto, (max-width: 670px) 100vw, 670px\" \/><\/p>\n<p><strong>2019 avait \u00e9t\u00e9 une ann\u00e9e terrible pour les chr\u00e9tiens. Cette situation s\u2019est-elle encore aggrav\u00e9e en 2020\u00a0?<\/strong><\/p>\n<p>Le Coronavirus et ses cons\u00e9quences ont, \u00e0 certains endroits, encore d\u00e9t\u00e9rior\u00e9 la situation en mati\u00e8re de droit fondamental \u00e0 la libert\u00e9 religieuse. De nombreux chr\u00e9tiens opprim\u00e9s ont fait un v\u00e9ritable chemin de croix de pauvret\u00e9, d\u2019exclusion et de discrimination. \u00c0 cela s\u2019ajoutent les agressions meurtri\u00e8res contre les chr\u00e9tiens. L\u2019Afrique, en particulier, est redevenue un \u00ab\u00a0continent de martyrs\u00a0\u00bb en 2020. Je voudrais, entre autres, rendre hommage au s\u00e9minariste Michael Nnadi, tu\u00e9 au le Nig\u00e9ria, et \u00e0 Philippe Yargas, cat\u00e9chiste de Pansi, tu\u00e9 au Burkina Faso. Mais aussi aux victimes de pers\u00e9cutions religieuses qui sont encore en vie, en particulier \u00e0 la religieuse enlev\u00e9e au Mali, S\u0153ur Gloria Narvaez.<\/p>\n<p><img loading=\"lazy\" decoding=\"async\" class=\"alignnone wp-image-146345 size-full\" src=\"https:\/\/media.acninternational.org\/wp-content\/uploads\/2020\/12\/international_news_ACN-takes-stock-of-the-situation-of-Christians-around-the-world-during-2020-3.jpg\" alt=\"\" width=\"670\" height=\"400\" srcset=\"https:\/\/media.acninternational.org\/wp-content\/uploads\/2020\/12\/international_news_ACN-takes-stock-of-the-situation-of-Christians-around-the-world-during-2020-3.jpg 670w, https:\/\/media.acninternational.org\/wp-content\/uploads\/2020\/12\/international_news_ACN-takes-stock-of-the-situation-of-Christians-around-the-world-during-2020-3-300x179.jpg 300w\" sizes=\"auto, (max-width: 670px) 100vw, 670px\" \/><\/p>\n<p><strong>Vous avez \u00e9voqu\u00e9 la pand\u00e9mie de Coronavirus. Quel impact a-t-elle sur les chr\u00e9tiens qui souffrent\u00a0?<\/strong><\/p>\n<p>Nous avons re\u00e7u beaucoup d\u2019appels de d\u00e9tresse de nombreuses \u00c9glises locales. Il s\u2019agit de puissants cris de d\u00e9tresse. Il y a des pays o\u00f9 la discrimination sociale \u00e0 l\u2019encontre des chr\u00e9tiens s\u2019est encore intensifi\u00e9e pendant la pand\u00e9mie. Je pense \u00e0 la minorit\u00e9 chr\u00e9tienne au Pakistan ou en Inde. Il leur a \u00e9t\u00e9 en partie impossible d\u2019obtenir de l\u2019aide par les canaux publics officiels. C\u2019est pourquoi l\u2019AED a lanc\u00e9 un programme d\u2019urgence. De nombreuses autres r\u00e9gions, o\u00f9 les chr\u00e9tiens sont tout \u00e0 fait en bas de l\u2019\u00e9chelle sociale, nous ont adress\u00e9 des demandes pour que leur travail pastoral et caritatif soit soutenu. C\u2019est pr\u00e9cis\u00e9ment l\u00e0 que l\u2019\u00c9glise est souvent le seul refuge lorsque les institutions publiques sont d\u00e9faillantes. C\u2019est pourquoi nous avons soutenu le d\u00e9vouement des s\u0153urs, des pr\u00eatres et des religieux du monde entier en accordant des aides \u00e0 la subsistance, par exemple en Ukraine, en R\u00e9publique D\u00e9mocratique du Congo ou au Br\u00e9sil.<\/p>\n<p><img loading=\"lazy\" decoding=\"async\" class=\"alignnone wp-image-146351 size-full\" src=\"https:\/\/media.acninternational.org\/wp-content\/uploads\/2020\/12\/international_news_ACN-takes-stock-of-the-situation-of-Christians-around-the-world-during-2020-4.jpg\" alt=\"\" width=\"670\" height=\"400\" srcset=\"https:\/\/media.acninternational.org\/wp-content\/uploads\/2020\/12\/international_news_ACN-takes-stock-of-the-situation-of-Christians-around-the-world-during-2020-4.jpg 670w, https:\/\/media.acninternational.org\/wp-content\/uploads\/2020\/12\/international_news_ACN-takes-stock-of-the-situation-of-Christians-around-the-world-during-2020-4-300x179.jpg 300w\" sizes=\"auto, (max-width: 670px) 100vw, 670px\" \/><\/p>\n<p><strong>Quelles sont les r\u00e9gions du monde sur lesquelles l\u2019AED concentrera son travail en 2021\u00a0?<\/strong><\/p>\n<p>En Afrique, nous sommes tr\u00e8s pr\u00e9occup\u00e9s par la situation des pays du Sahel et du Mozambique. L\u2019extr\u00e9misme religieux et l\u2019islamisme radical violent progressent et d\u00e9truisent la coexistence jusqu\u2019ici pacifique entre chr\u00e9tiens et musulmans, pour obtenir des ressources et du pouvoir. Des centaines de milliers de personnes ont \u00e9t\u00e9 d\u00e9plac\u00e9es ou ont d\u00fb fuir. D\u2019autres organisations retirent leur personnel pour des raisons de s\u00e9curit\u00e9, mais l\u2019\u00c9glise reste pr\u00e9sente et prend soin des gens. Le Nig\u00e9ria va \u00e9galement continuer \u00e0 beaucoup nous occuper. Ce pays est tr\u00e8s important pour l\u2019ensemble du continent, mais la terreur et la mort s\u2019y r\u00e9pandent partout comme une ombre noire. Nous ne pouvons pas laisser tomber les gens.<\/p>\n<p><img loading=\"lazy\" decoding=\"async\" class=\"alignnone wp-image-146333 size-full\" src=\"https:\/\/media.acninternational.org\/wp-content\/uploads\/2020\/12\/international_news_ACN-takes-stock-of-the-situation-of-Christians-around-the-world-during-2020-1.jpg\" alt=\"\" width=\"670\" height=\"400\" srcset=\"https:\/\/media.acninternational.org\/wp-content\/uploads\/2020\/12\/international_news_ACN-takes-stock-of-the-situation-of-Christians-around-the-world-during-2020-1.jpg 670w, https:\/\/media.acninternational.org\/wp-content\/uploads\/2020\/12\/international_news_ACN-takes-stock-of-the-situation-of-Christians-around-the-world-during-2020-1-300x179.jpg 300w\" sizes=\"auto, (max-width: 670px) 100vw, 670px\" \/><\/p>\n<p><strong>Ces derni\u00e8res ann\u00e9es, l\u2019AED a d\u00e9pens\u00e9 beaucoup de moyens et d\u2019\u00e9nergie pour que les chr\u00e9tiens survivent au Proche-Orient. Depuis le d\u00e9but de la guerre en Syrie et les conqu\u00eates de l\u2019\u00c9tat Islamique, l\u2019AED a soutenu des projets d\u2019aide de plus de 90 millions d\u2019euros en Syrie et en Irak. \u00c0 cela s\u2019ajoutent d\u2019autres projets en faveur des r\u00e9fugi\u00e9s dans les pays voisins. Quelle est la situation l\u00e0-bas\u00a0? <\/strong><\/p>\n<p>De nombreux chr\u00e9tiens du Proche-Orient continuent de se sentir en ins\u00e9curit\u00e9 et pensent \u00e0 quitter leur patrie. La situation \u00e9conomique et politique de ces pays ne leur donne pas confiance. Et le danger du djihadisme n\u2019est pas non plus \u00e9cart\u00e9. Le Liban, qui a toujours \u00e9t\u00e9 un refuge et un soutien pour les chr\u00e9tiens du Proche-Orient, est \u00e0 terre. La situation est tr\u00e8s difficile, mais il y a aussi des signes d\u2019esp\u00e9rance\u00a0: en Irak, dans les plaines de Ninive, plus de la moiti\u00e9 des familles chr\u00e9tiennes sont revenues dans leurs villages. La reconstruction est \u00e9galement en cours en Syrie. Et la visite annonc\u00e9e du Pape en Irak au d\u00e9but du mois de mars est une grande lueur d\u2019espoir. Nous sommes infiniment reconnaissants au Pape d\u2019aller voir les chr\u00e9tiens d\u2019Irak. Ils ont besoin de lui.<\/p>\n<p><img loading=\"lazy\" decoding=\"async\" class=\"alignnone wp-image-146357 size-full\" src=\"https:\/\/media.acninternational.org\/wp-content\/uploads\/2020\/12\/international_news_ACN-takes-stock-of-the-situation-of-Christians-around-the-world-during-2020-5.jpg\" alt=\"\" width=\"670\" height=\"400\" srcset=\"https:\/\/media.acninternational.org\/wp-content\/uploads\/2020\/12\/international_news_ACN-takes-stock-of-the-situation-of-Christians-around-the-world-during-2020-5.jpg 670w, https:\/\/media.acninternational.org\/wp-content\/uploads\/2020\/12\/international_news_ACN-takes-stock-of-the-situation-of-Christians-around-the-world-during-2020-5-300x179.jpg 300w\" sizes=\"auto, (max-width: 670px) 100vw, 670px\" \/><\/p>\n<p><strong>Le 8\u00a0d\u00e9cembre, vous avez \u00e9galement parl\u00e9 de la situation des chr\u00e9tiens en Inde. Dans un rapport de \u00ab\u00a0l\u2019Aide \u00e0 l\u2019\u00c9glise en D\u00e9tresse\u00a0\u00bb sur la situation des chr\u00e9tiens pers\u00e9cut\u00e9s, on peut lire\u00a0: \u00ab\u00a0L\u2019Asie risque de devenir le nouveau foyer de pers\u00e9cution des chr\u00e9tiens\u00a0\u00bb. La situation est-elle si grave l\u00e0-bas\u00a0? <\/strong><\/p>\n<p>Les mouvements nationalistes et les gouvernements autoritaires rendent la vie difficile \u00e0 de nombreux chr\u00e9tiens en Asie. L\u2019Inde en est un bon exemple, c\u2019est pourquoi nous nous sommes \u00e9galement engag\u00e9s, par exemple, en faveur de la lib\u00e9ration du P\u00e8re j\u00e9suite Stan Swamy, 83 ans, atteint de la maladie de Parkinson. Dans certains pays asiatiques, le Christianisme est consid\u00e9r\u00e9 comme une influence \u00e9trang\u00e8re n\u00e9faste qui menace la supr\u00e9matie du parti au pouvoir ou la pr\u00e9tendue unit\u00e9 religieuse de la nation. En Inde, c\u2019est sous le terme g\u00e9n\u00e9rique de l\u2019Hindutva, organisation de l\u2019Inde selon les r\u00e8gles de l\u2019hindouisme, et en Chine, cela se manifeste \u00e0 travers le concept de sinisation, c\u2019est-\u00e0-dire l\u2019adaptation de la doctrine et de la tradition de l\u2019\u00c9glise \u00e0 la \u00ab\u00a0culture chinoise\u00a0\u00bb, telle qu\u2019elle est comprise par le parti communiste chinois.<\/p>\n<p><img loading=\"lazy\" decoding=\"async\" class=\"alignnone size-full wp-image-146375\" src=\"https:\/\/media.acninternational.org\/wp-content\/uploads\/2020\/12\/derechos_humanos_FACEBOOK_ENGLISH.jpg\" alt=\"\" width=\"1200\" height=\"1000\" srcset=\"https:\/\/media.acninternational.org\/wp-content\/uploads\/2020\/12\/derechos_humanos_FACEBOOK_ENGLISH.jpg 1200w, https:\/\/media.acninternational.org\/wp-content\/uploads\/2020\/12\/derechos_humanos_FACEBOOK_ENGLISH-300x250.jpg 300w, https:\/\/media.acninternational.org\/wp-content\/uploads\/2020\/12\/derechos_humanos_FACEBOOK_ENGLISH-1024x853.jpg 1024w, https:\/\/media.acninternational.org\/wp-content\/uploads\/2020\/12\/derechos_humanos_FACEBOOK_ENGLISH-768x640.jpg 768w\" sizes=\"auto, (max-width: 1200px) 100vw, 1200px\" \/><\/p>\n<p><strong>L\u2019AED publie tous les deux ans un rapport sur la situation de la libert\u00e9 religieuse dans le monde. Le prochain rapport a d\u00fb \u00eatre report\u00e9 en raison du Coronavirus et sera publi\u00e9 en avril 2021. Pouvez-vous en parler\u00a0? <\/strong><\/p>\n<p>Depuis le pr\u00e9c\u00e9dent rapport, la situation de la libert\u00e9 religieuse ne s\u2019est pas am\u00e9lior\u00e9e, elle s\u2019est d\u00e9t\u00e9rior\u00e9e dans le monde entier. En 2020, Dieu merci, il n\u2019y a pas eu d\u2019attentats aussi massifs contre les chr\u00e9tiens et les autres communaut\u00e9s religieuses que l\u2019ann\u00e9e derni\u00e8re. Mais beaucoup de discrimination et de pers\u00e9cutions se produisent dans l\u2019ombre ou ne sont pas suffisamment prises en compte par l\u2019opinion publique mondiale. C\u2019est pr\u00e9cis\u00e9ment ce que le nouveau rapport voudrait mettre en lumi\u00e8re. Dans de nombreux pays du monde o\u00f9 il n\u2019y a pas de pers\u00e9cution publique, il y a de plus en plus de ressentiment envers les fid\u00e8les. D\u00e9sormais, cela concerne aussi l\u2019Europe. Les chr\u00e9tiens sont aujourd\u2019hui confront\u00e9s \u00e0 des attaques radicales et profondes sur deux fronts\u00a0: d\u2019un c\u00f4t\u00e9 une volont\u00e9 de d\u00e9truire les racines chr\u00e9tiennes et de cr\u00e9er une soci\u00e9t\u00e9 purement individualiste sans Dieu. Et de l\u2019autre, une tentative de radicaliser les gens et d\u2019imposer par la force un syst\u00e8me fondamentaliste islamiste, en semant la terreur et la violence et en abusant du nom de Dieu et de la religion.<\/p>\n","protected":false},"excerpt":{"rendered":"<p>Coronavirus, terrorism and war \u2013 and once again a growing level of persecution. The year 2020 has been a difficult<\/p>\n","protected":false},"author":66,"featured_media":146363,"comment_status":"closed","ping_status":"closed","sticky":false,"template":"","format":"standard","meta":{"_acf_changed":false,"_acn_coauthor_ids":[],"footnotes":""},"categories":[233],"tags":[],"country":[333],"class_list":["post-146410","post","type-post","status-publish","format-standard","has-post-thumbnail","hentry","category-non-classifiee","country-international"],"acn_coauthors":[],"acf":[],"yoast_head":"<!-- This site is optimized with the Yoast SEO Premium plugin v27.3 (Yoast SEO v27.3) - https:\/\/yoast.com\/product\/yoast-seo-premium-wordpress\/ -->\n<title>L\u2019AED dresse le bilan de la situation des chr\u00e9tiens en 2020 : beaucoup d\u2019ombres et quelques lumi\u00e8res | ACN International<\/title>\n<meta name=\"robots\" content=\"index, follow, max-snippet:-1, max-image-preview:large, max-video-preview:-1\" \/>\n<link rel=\"canonical\" href=\"https:\/\/acninternational.org\/fr\/laed-dresse-le-bilan-de-la-situation-des-chretiens-en-2020-beaucoup-dombres-et-quelques-lumieres\/\" \/>\n<meta property=\"og:locale\" content=\"fr_FR\" \/>\n<meta property=\"og:type\" content=\"article\" \/>\n<meta property=\"og:title\" content=\"L\u2019AED dresse le bilan de la situation des chr\u00e9tiens en 2020 : beaucoup d\u2019ombres et quelques lumi\u00e8res\" \/>\n<meta property=\"og:description\" content=\"Coronavirus, terrorism and war \u2013 and once again a growing level of persecution. The year 2020 has been a difficult\" \/>\n<meta property=\"og:url\" content=\"https:\/\/acninternational.org\/fr\/laed-dresse-le-bilan-de-la-situation-des-chretiens-en-2020-beaucoup-dombres-et-quelques-lumieres\/\" \/>\n<meta property=\"og:site_name\" content=\"ACN International\" \/>\n<meta property=\"article:publisher\" content=\"https:\/\/www.facebook.com\/acninternationalorg\" \/>\n<meta property=\"article:published_time\" content=\"2020-12-23T10:09:01+00:00\" \/>\n<meta property=\"article:modified_time\" content=\"2020-12-23T10:56:31+00:00\" \/>\n<meta property=\"og:image\" content=\"https:\/\/media.acninternational.org\/wp-content\/uploads\/2020\/12\/international_news_ACN-takes-stock-of-the-situation-of-Christians-around-the-world-during-2020.jpg\" \/>\n\t<meta property=\"og:image:width\" content=\"2000\" \/>\n\t<meta property=\"og:image:height\" content=\"625\" \/>\n\t<meta property=\"og:image:type\" content=\"image\/jpeg\" \/>\n<meta name=\"author\" content=\"Milena\" \/>\n<meta name=\"twitter:card\" content=\"summary_large_image\" \/>\n<meta name=\"twitter:creator\" content=\"@acn_int\" \/>\n<meta name=\"twitter:site\" content=\"@acn_int\" \/>\n<meta name=\"twitter:label1\" content=\"\u00c9crit par\" \/>\n\t<meta name=\"twitter:data1\" content=\"Milena\" \/>\n\t<meta name=\"twitter:label2\" content=\"Dur\u00e9e de lecture estim\u00e9e\" \/>\n\t<meta name=\"twitter:data2\" content=\"6 minutes\" \/>\n<script type=\"application\/ld+json\" class=\"yoast-schema-graph\">{\"@context\":\"https:\\\/\\\/schema.org\",\"@graph\":[{\"@type\":\"Article\",\"@id\":\"https:\\\/\\\/acninternational.org\\\/fr\\\/laed-dresse-le-bilan-de-la-situation-des-chretiens-en-2020-beaucoup-dombres-et-quelques-lumieres\\\/#article\",\"isPartOf\":{\"@id\":\"https:\\\/\\\/acninternational.org\\\/fr\\\/laed-dresse-le-bilan-de-la-situation-des-chretiens-en-2020-beaucoup-dombres-et-quelques-lumieres\\\/\"},\"author\":{\"name\":\"Milena\",\"@id\":\"https:\\\/\\\/acninternational.org\\\/fr\\\/#\\\/schema\\\/person\\\/5a2b2930ad4475e0aa0dade4e51d9474\"},\"headline\":\"L\u2019AED dresse le bilan de la situation des chr\u00e9tiens en 2020 : beaucoup d\u2019ombres et quelques lumi\u00e8res\",\"datePublished\":\"2020-12-23T10:09:01+00:00\",\"dateModified\":\"2020-12-23T10:56:31+00:00\",\"mainEntityOfPage\":{\"@id\":\"https:\\\/\\\/acninternational.org\\\/fr\\\/laed-dresse-le-bilan-de-la-situation-des-chretiens-en-2020-beaucoup-dombres-et-quelques-lumieres\\\/\"},\"wordCount\":1270,\"publisher\":{\"@id\":\"https:\\\/\\\/acninternational.org\\\/fr\\\/#organization\"},\"image\":{\"@id\":\"https:\\\/\\\/acninternational.org\\\/fr\\\/laed-dresse-le-bilan-de-la-situation-des-chretiens-en-2020-beaucoup-dombres-et-quelques-lumieres\\\/#primaryimage\"},\"thumbnailUrl\":\"https:\\\/\\\/media.acninternational.org\\\/wp-content\\\/uploads\\\/2020\\\/12\\\/international_news_ACN-takes-stock-of-the-situation-of-Christians-around-the-world-during-2020.jpg\",\"articleSection\":[\"Non classifi\u00e9(e)\"],\"inLanguage\":\"fr-FR\"},{\"@type\":\"WebPage\",\"@id\":\"https:\\\/\\\/acninternational.org\\\/fr\\\/laed-dresse-le-bilan-de-la-situation-des-chretiens-en-2020-beaucoup-dombres-et-quelques-lumieres\\\/\",\"url\":\"https:\\\/\\\/acninternational.org\\\/fr\\\/laed-dresse-le-bilan-de-la-situation-des-chretiens-en-2020-beaucoup-dombres-et-quelques-lumieres\\\/\",\"name\":\"L\u2019AED dresse le bilan de la situation des chr\u00e9tiens en 2020 : beaucoup d\u2019ombres et quelques lumi\u00e8res | ACN International\",\"isPartOf\":{\"@id\":\"https:\\\/\\\/acninternational.org\\\/fr\\\/#website\"},\"primaryImageOfPage\":{\"@id\":\"https:\\\/\\\/acninternational.org\\\/fr\\\/laed-dresse-le-bilan-de-la-situation-des-chretiens-en-2020-beaucoup-dombres-et-quelques-lumieres\\\/#primaryimage\"},\"image\":{\"@id\":\"https:\\\/\\\/acninternational.org\\\/fr\\\/laed-dresse-le-bilan-de-la-situation-des-chretiens-en-2020-beaucoup-dombres-et-quelques-lumieres\\\/#primaryimage\"},\"thumbnailUrl\":\"https:\\\/\\\/media.acninternational.org\\\/wp-content\\\/uploads\\\/2020\\\/12\\\/international_news_ACN-takes-stock-of-the-situation-of-Christians-around-the-world-during-2020.jpg\",\"datePublished\":\"2020-12-23T10:09:01+00:00\",\"dateModified\":\"2020-12-23T10:56:31+00:00\",\"breadcrumb\":{\"@id\":\"https:\\\/\\\/acninternational.org\\\/fr\\\/laed-dresse-le-bilan-de-la-situation-des-chretiens-en-2020-beaucoup-dombres-et-quelques-lumieres\\\/#breadcrumb\"},\"inLanguage\":\"fr-FR\",\"potentialAction\":[{\"@type\":\"ReadAction\",\"target\":[\"https:\\\/\\\/acninternational.org\\\/fr\\\/laed-dresse-le-bilan-de-la-situation-des-chretiens-en-2020-beaucoup-dombres-et-quelques-lumieres\\\/\"]}]},{\"@type\":\"ImageObject\",\"inLanguage\":\"fr-FR\",\"@id\":\"https:\\\/\\\/acninternational.org\\\/fr\\\/laed-dresse-le-bilan-de-la-situation-des-chretiens-en-2020-beaucoup-dombres-et-quelques-lumieres\\\/#primaryimage\",\"url\":\"https:\\\/\\\/media.acninternational.org\\\/wp-content\\\/uploads\\\/2020\\\/12\\\/international_news_ACN-takes-stock-of-the-situation-of-Christians-around-the-world-during-2020.jpg\",\"contentUrl\":\"https:\\\/\\\/media.acninternational.org\\\/wp-content\\\/uploads\\\/2020\\\/12\\\/international_news_ACN-takes-stock-of-the-situation-of-Christians-around-the-world-during-2020.jpg\",\"width\":2000,\"height\":625},{\"@type\":\"BreadcrumbList\",\"@id\":\"https:\\\/\\\/acninternational.org\\\/fr\\\/laed-dresse-le-bilan-de-la-situation-des-chretiens-en-2020-beaucoup-dombres-et-quelques-lumieres\\\/#breadcrumb\",\"itemListElement\":[{\"@type\":\"ListItem\",\"position\":1,\"name\":\"Home\",\"item\":\"https:\\\/\\\/acninternational.org\\\/fr\\\/\"},{\"@type\":\"ListItem\",\"position\":2,\"name\":\"Non classifi\u00e9(e)\",\"item\":\"https:\\\/\\\/acninternational.org\\\/fr\\\/category\\\/non-classifiee\\\/\"},{\"@type\":\"ListItem\",\"position\":3,\"name\":\"L\u2019AED dresse le bilan de la situation des chr\u00e9tiens en 2020 : beaucoup d\u2019ombres et quelques lumi\u00e8res\"}]},{\"@type\":\"WebSite\",\"@id\":\"https:\\\/\\\/acninternational.org\\\/fr\\\/#website\",\"url\":\"https:\\\/\\\/acninternational.org\\\/fr\\\/\",\"name\":\"ACN International\",\"description\":\"\",\"publisher\":{\"@id\":\"https:\\\/\\\/acninternational.org\\\/fr\\\/#organization\"},\"potentialAction\":[{\"@type\":\"SearchAction\",\"target\":{\"@type\":\"EntryPoint\",\"urlTemplate\":\"https:\\\/\\\/acninternational.org\\\/fr\\\/?s={search_term_string}\"},\"query-input\":{\"@type\":\"PropertyValueSpecification\",\"valueRequired\":true,\"valueName\":\"search_term_string\"}}],\"inLanguage\":\"fr-FR\"},{\"@type\":\"Organization\",\"@id\":\"https:\\\/\\\/acninternational.org\\\/fr\\\/#organization\",\"name\":\"Aid to the Church in Need International\",\"url\":\"https:\\\/\\\/acninternational.org\\\/fr\\\/\",\"logo\":{\"@type\":\"ImageObject\",\"inLanguage\":\"fr-FR\",\"@id\":\"https:\\\/\\\/acninternational.org\\\/fr\\\/#\\\/schema\\\/logo\\\/image\\\/\",\"url\":\"https:\\\/\\\/media.acninternational.org\\\/wp-content\\\/uploads\\\/2019\\\/11\\\/acn_logo_blackvector.svg\",\"contentUrl\":\"https:\\\/\\\/media.acninternational.org\\\/wp-content\\\/uploads\\\/2019\\\/11\\\/acn_logo_blackvector.svg\",\"width\":232.6,\"height\":78,\"caption\":\"Aid to the Church in Need International\"},\"image\":{\"@id\":\"https:\\\/\\\/acninternational.org\\\/fr\\\/#\\\/schema\\\/logo\\\/image\\\/\"},\"sameAs\":[\"https:\\\/\\\/www.facebook.com\\\/acninternationalorg\",\"https:\\\/\\\/x.com\\\/acn_int\",\"https:\\\/\\\/www.youtube.com\\\/channel\\\/UCQ-077gS0TnVzkhHmf1opZw\",\"https:\\\/\\\/www.instagram.com\\\/acn_international\\\/\"]},{\"@type\":\"Person\",\"@id\":\"https:\\\/\\\/acninternational.org\\\/fr\\\/#\\\/schema\\\/person\\\/5a2b2930ad4475e0aa0dade4e51d9474\",\"name\":\"Milena\",\"description\":\"Lorem ipsum dolor sit amet, consectetur adipiscing elit, sed do eiusmod tempor incididunt ut labore et dolore magna aliqua. Ut enim ad minim veniam, quis nostrud exercitation ullamco laboris nisi ut aliquip ex ea commodo consequat.\",\"url\":\"https:\\\/\\\/acninternational.org\\\/fr\\\/author\\\/milena\\\/\"}]}<\/script>\n<!-- \/ Yoast SEO Premium plugin. -->","yoast_head_json":{"title":"L\u2019AED dresse le bilan de la situation des chr\u00e9tiens en 2020 : beaucoup d\u2019ombres et quelques lumi\u00e8res | ACN International","robots":{"index":"index","follow":"follow","max-snippet":"max-snippet:-1","max-image-preview":"max-image-preview:large","max-video-preview":"max-video-preview:-1"},"canonical":"https:\/\/acninternational.org\/fr\/laed-dresse-le-bilan-de-la-situation-des-chretiens-en-2020-beaucoup-dombres-et-quelques-lumieres\/","og_locale":"fr_FR","og_type":"article","og_title":"L\u2019AED dresse le bilan de la situation des chr\u00e9tiens en 2020 : beaucoup d\u2019ombres et quelques lumi\u00e8res","og_description":"Coronavirus, terrorism and war \u2013 and once again a growing level of persecution. The year 2020 has been a difficult","og_url":"https:\/\/acninternational.org\/fr\/laed-dresse-le-bilan-de-la-situation-des-chretiens-en-2020-beaucoup-dombres-et-quelques-lumieres\/","og_site_name":"ACN International","article_publisher":"https:\/\/www.facebook.com\/acninternationalorg","article_published_time":"2020-12-23T10:09:01+00:00","article_modified_time":"2020-12-23T10:56:31+00:00","og_image":[{"width":2000,"height":625,"url":"https:\/\/media.acninternational.org\/wp-content\/uploads\/2020\/12\/international_news_ACN-takes-stock-of-the-situation-of-Christians-around-the-world-during-2020.jpg","type":"image\/jpeg"}],"author":"Milena","twitter_card":"summary_large_image","twitter_creator":"@acn_int","twitter_site":"@acn_int","twitter_misc":{"\u00c9crit par":"Milena","Dur\u00e9e de lecture estim\u00e9e":"6 minutes"},"schema":{"@context":"https:\/\/schema.org","@graph":[{"@type":"Article","@id":"https:\/\/acninternational.org\/fr\/laed-dresse-le-bilan-de-la-situation-des-chretiens-en-2020-beaucoup-dombres-et-quelques-lumieres\/#article","isPartOf":{"@id":"https:\/\/acninternational.org\/fr\/laed-dresse-le-bilan-de-la-situation-des-chretiens-en-2020-beaucoup-dombres-et-quelques-lumieres\/"},"author":{"name":"Milena","@id":"https:\/\/acninternational.org\/fr\/#\/schema\/person\/5a2b2930ad4475e0aa0dade4e51d9474"},"headline":"L\u2019AED dresse le bilan de la situation des chr\u00e9tiens en 2020 : beaucoup d\u2019ombres et quelques lumi\u00e8res","datePublished":"2020-12-23T10:09:01+00:00","dateModified":"2020-12-23T10:56:31+00:00","mainEntityOfPage":{"@id":"https:\/\/acninternational.org\/fr\/laed-dresse-le-bilan-de-la-situation-des-chretiens-en-2020-beaucoup-dombres-et-quelques-lumieres\/"},"wordCount":1270,"publisher":{"@id":"https:\/\/acninternational.org\/fr\/#organization"},"image":{"@id":"https:\/\/acninternational.org\/fr\/laed-dresse-le-bilan-de-la-situation-des-chretiens-en-2020-beaucoup-dombres-et-quelques-lumieres\/#primaryimage"},"thumbnailUrl":"https:\/\/media.acninternational.org\/wp-content\/uploads\/2020\/12\/international_news_ACN-takes-stock-of-the-situation-of-Christians-around-the-world-during-2020.jpg","articleSection":["Non classifi\u00e9(e)"],"inLanguage":"fr-FR"},{"@type":"WebPage","@id":"https:\/\/acninternational.org\/fr\/laed-dresse-le-bilan-de-la-situation-des-chretiens-en-2020-beaucoup-dombres-et-quelques-lumieres\/","url":"https:\/\/acninternational.org\/fr\/laed-dresse-le-bilan-de-la-situation-des-chretiens-en-2020-beaucoup-dombres-et-quelques-lumieres\/","name":"L\u2019AED dresse le bilan de la situation des chr\u00e9tiens en 2020 : beaucoup d\u2019ombres et quelques lumi\u00e8res | ACN International","isPartOf":{"@id":"https:\/\/acninternational.org\/fr\/#website"},"primaryImageOfPage":{"@id":"https:\/\/acninternational.org\/fr\/laed-dresse-le-bilan-de-la-situation-des-chretiens-en-2020-beaucoup-dombres-et-quelques-lumieres\/#primaryimage"},"image":{"@id":"https:\/\/acninternational.org\/fr\/laed-dresse-le-bilan-de-la-situation-des-chretiens-en-2020-beaucoup-dombres-et-quelques-lumieres\/#primaryimage"},"thumbnailUrl":"https:\/\/media.acninternational.org\/wp-content\/uploads\/2020\/12\/international_news_ACN-takes-stock-of-the-situation-of-Christians-around-the-world-during-2020.jpg","datePublished":"2020-12-23T10:09:01+00:00","dateModified":"2020-12-23T10:56:31+00:00","breadcrumb":{"@id":"https:\/\/acninternational.org\/fr\/laed-dresse-le-bilan-de-la-situation-des-chretiens-en-2020-beaucoup-dombres-et-quelques-lumieres\/#breadcrumb"},"inLanguage":"fr-FR","potentialAction":[{"@type":"ReadAction","target":["https:\/\/acninternational.org\/fr\/laed-dresse-le-bilan-de-la-situation-des-chretiens-en-2020-beaucoup-dombres-et-quelques-lumieres\/"]}]},{"@type":"ImageObject","inLanguage":"fr-FR","@id":"https:\/\/acninternational.org\/fr\/laed-dresse-le-bilan-de-la-situation-des-chretiens-en-2020-beaucoup-dombres-et-quelques-lumieres\/#primaryimage","url":"https:\/\/media.acninternational.org\/wp-content\/uploads\/2020\/12\/international_news_ACN-takes-stock-of-the-situation-of-Christians-around-the-world-during-2020.jpg","contentUrl":"https:\/\/media.acninternational.org\/wp-content\/uploads\/2020\/12\/international_news_ACN-takes-stock-of-the-situation-of-Christians-around-the-world-during-2020.jpg","width":2000,"height":625},{"@type":"BreadcrumbList","@id":"https:\/\/acninternational.org\/fr\/laed-dresse-le-bilan-de-la-situation-des-chretiens-en-2020-beaucoup-dombres-et-quelques-lumieres\/#breadcrumb","itemListElement":[{"@type":"ListItem","position":1,"name":"Home","item":"https:\/\/acninternational.org\/fr\/"},{"@type":"ListItem","position":2,"name":"Non classifi\u00e9(e)","item":"https:\/\/acninternational.org\/fr\/category\/non-classifiee\/"},{"@type":"ListItem","position":3,"name":"L\u2019AED dresse le bilan de la situation des chr\u00e9tiens en 2020 : beaucoup d\u2019ombres et quelques lumi\u00e8res"}]},{"@type":"WebSite","@id":"https:\/\/acninternational.org\/fr\/#website","url":"https:\/\/acninternational.org\/fr\/","name":"ACN International","description":"","publisher":{"@id":"https:\/\/acninternational.org\/fr\/#organization"},"potentialAction":[{"@type":"SearchAction","target":{"@type":"EntryPoint","urlTemplate":"https:\/\/acninternational.org\/fr\/?s={search_term_string}"},"query-input":{"@type":"PropertyValueSpecification","valueRequired":true,"valueName":"search_term_string"}}],"inLanguage":"fr-FR"},{"@type":"Organization","@id":"https:\/\/acninternational.org\/fr\/#organization","name":"Aid to the Church in Need International","url":"https:\/\/acninternational.org\/fr\/","logo":{"@type":"ImageObject","inLanguage":"fr-FR","@id":"https:\/\/acninternational.org\/fr\/#\/schema\/logo\/image\/","url":"https:\/\/media.acninternational.org\/wp-content\/uploads\/2019\/11\/acn_logo_blackvector.svg","contentUrl":"https:\/\/media.acninternational.org\/wp-content\/uploads\/2019\/11\/acn_logo_blackvector.svg","width":232.6,"height":78,"caption":"Aid to the Church in Need International"},"image":{"@id":"https:\/\/acninternational.org\/fr\/#\/schema\/logo\/image\/"},"sameAs":["https:\/\/www.facebook.com\/acninternationalorg","https:\/\/x.com\/acn_int","https:\/\/www.youtube.com\/channel\/UCQ-077gS0TnVzkhHmf1opZw","https:\/\/www.instagram.com\/acn_international\/"]},{"@type":"Person","@id":"https:\/\/acninternational.org\/fr\/#\/schema\/person\/5a2b2930ad4475e0aa0dade4e51d9474","name":"Milena","description":"Lorem ipsum dolor sit amet, consectetur adipiscing elit, sed do eiusmod tempor incididunt ut labore et dolore magna aliqua. Ut enim ad minim veniam, quis nostrud exercitation ullamco laboris nisi ut aliquip ex ea commodo consequat.","url":"https:\/\/acninternational.org\/fr\/author\/milena\/"}]}},"_links":{"self":[{"href":"https:\/\/acninternational.org\/fr\/wp-json\/wp\/v2\/posts\/146410","targetHints":{"allow":["GET"]}}],"collection":[{"href":"https:\/\/acninternational.org\/fr\/wp-json\/wp\/v2\/posts"}],"about":[{"href":"https:\/\/acninternational.org\/fr\/wp-json\/wp\/v2\/types\/post"}],"author":[{"embeddable":true,"href":"https:\/\/acninternational.org\/fr\/wp-json\/wp\/v2\/users\/66"}],"replies":[{"embeddable":true,"href":"https:\/\/acninternational.org\/fr\/wp-json\/wp\/v2\/comments?post=146410"}],"version-history":[{"count":0,"href":"https:\/\/acninternational.org\/fr\/wp-json\/wp\/v2\/posts\/146410\/revisions"}],"wp:featuredmedia":[{"embeddable":true,"href":"https:\/\/acninternational.org\/fr\/wp-json\/wp\/v2\/media\/146363"}],"wp:attachment":[{"href":"https:\/\/acninternational.org\/fr\/wp-json\/wp\/v2\/media?parent=146410"}],"wp:term":[{"taxonomy":"category","embeddable":true,"href":"https:\/\/acninternational.org\/fr\/wp-json\/wp\/v2\/categories?post=146410"},{"taxonomy":"post_tag","embeddable":true,"href":"https:\/\/acninternational.org\/fr\/wp-json\/wp\/v2\/tags?post=146410"},{"taxonomy":"country","embeddable":true,"href":"https:\/\/acninternational.org\/fr\/wp-json\/wp\/v2\/country?post=146410"}],"curies":[{"name":"wp","href":"https:\/\/api.w.org\/{rel}","templated":true}]}}