{"id":146324,"date":"2020-12-22T11:58:39","date_gmt":"2020-12-22T10:58:39","guid":{"rendered":"https:\/\/acninternational.org\/?p=146324"},"modified":"2020-12-22T12:17:05","modified_gmt":"2020-12-22T11:17:05","slug":"egypte-jai-de-la-pitie-pour-les-auteurs-de-lattentat","status":"publish","type":"post","link":"https:\/\/acninternational.org\/fr\/egypte-jai-de-la-pitie-pour-les-auteurs-de-lattentat\/","title":{"rendered":"\u00c9gypte: \u201cJ\u2019ai de la piti\u00e9 pour les auteurs de l\u2019attentat\u201d"},"content":{"rendered":"<p><strong><em>Dix ans apr\u00e8s, un survivant revient sur l\u2019attaque contre les chr\u00e9tiens coptes<\/em><\/strong><\/p>\n<p><em>Il y a dix ans, la veille du Nouvel An, la vie de Kiro Khalil, chr\u00e9tien copte alors \u00e2g\u00e9 de 20 ans, a \u00e9t\u00e9 \u00ab\u00a0boulevers\u00e9e\u00a0\u00bb, selon ses propres termes. Cette expression ne rend pas compte de l&rsquo;horreur que le jeune homme a v\u00e9cue. Il a surv\u00e9cu \u00e0 une attaque qui visait express\u00e9ment les chr\u00e9tiens. Trois membres de sa famille sont morts. <\/em><\/p>\n<p><img loading=\"lazy\" decoding=\"async\" class=\"alignnone wp-image-146303 size-full\" src=\"https:\/\/media.acninternational.org\/wp-content\/uploads\/2020\/12\/egypt_acn-news_I-feel-pity-for-the-perpetrators-2.jpg\" alt=\"\" width=\"670\" height=\"400\" srcset=\"https:\/\/media.acninternational.org\/wp-content\/uploads\/2020\/12\/egypt_acn-news_I-feel-pity-for-the-perpetrators-2.jpg 670w, https:\/\/media.acninternational.org\/wp-content\/uploads\/2020\/12\/egypt_acn-news_I-feel-pity-for-the-perpetrators-2-300x179.jpg 300w\" sizes=\"auto, (max-width: 670px) 100vw, 670px\" \/><\/p>\n<p><em>Apr\u00e8s l&rsquo;attentat, Khalil a \u00e9t\u00e9 victime de discrimination et de menaces de mort. Il a d\u00fb quitter sa patrie et a trouv\u00e9 refuge en Allemagne \u2013 mais, en chemin il a aussi trouv\u00e9 le bonheur : il s&rsquo;est r\u00e9cemment mari\u00e9.\u00a0<\/em><em>Florian Ripka, directeur g\u00e9n\u00e9ral du bureau allemand de l\u2019organisation caritative pastorale Aide \u00e0 l&rsquo;\u00c9glise en d\u00e9tresse (AED), a \u00e9chang\u00e9 avec Khalil sur le pouvoir de la r\u00e9conciliation, sur l&rsquo;amour des ennemis et sur la foi qui r\u00e9siste aux pers\u00e9cutions.<\/em><\/p>\n<p><strong>Mr Khalil, vous avez surv\u00e9cu \u00e0 une attaque contre une \u00e9glise. Quand \u00e9tait &#8211; ce et que s&rsquo;est-il pass\u00e9 ?<\/strong><\/p>\n<p>J&rsquo;ai perdu les membres les plus proches de ma famille lors de l&rsquo;attaque contre l&rsquo;\u00e9glise de Saint-Marc et Saint-Pierre (\u00e9glise Al-Qidissine) dans ma ville natale d&rsquo;Alexandrie. Cela s&rsquo;est produit la veille du Nouvel An 2011. Nous \u00e9tions \u00e0 l&rsquo;\u00e9glise pour remercier Dieu de l&rsquo;ann\u00e9e qui touchait\u00a0\u00e0 sa fin. En partant, peu apr\u00e8s minuit, une voiture pi\u00e9g\u00e9e a explos\u00e9 en face de l&rsquo;\u00e9glise. Vingt-quatre personnes sont mortes et plusieurs centaines d&rsquo;autres ont \u00e9t\u00e9 bless\u00e9es. Parmi les d\u00e9funts se trouvaient ma m\u00e8re, ma s\u0153ur et une de mes tantes. Mon autre s\u0153ur Marina a \u00e9t\u00e9 gravement bless\u00e9e. Elle a d\u00fb \u00eatre op\u00e9r\u00e9e 33 fois.<\/p>\n<p><strong>Vous avez perdu vos proches, comment contenez-vous votre chagrin et la rage que vous devez ressentir envers vos agresseurs ? <\/strong><\/p>\n<p>Depuis mon enfance, je suis l&rsquo;objet de haine et de discrimination parce que je suis chr\u00e9tien. J&rsquo;ai souvent \u00e9t\u00e9 harcel\u00e9 verbalement \u00e0 l&rsquo;\u00e9cole, simplement \u00e0 cause de mon pr\u00e9nom Kiro, qui est un nom chr\u00e9tien traditionnel. D\u00e8s l\u2019enfance, ma m\u00e8re nous a appris \u00e0 aimer nos semblables, sans tenir compte de ce qu&rsquo;ils nous faisaient. \u00ab\u00a0Aime ton prochain comme toi-m\u00eame\u00a0\u00bb : ma m\u00e8re a inscrit en nos c\u0153urs ce commandement de J\u00e9sus. Apr\u00e8s l&rsquo;attaque, cela m&rsquo;a \u00e9norm\u00e9ment aid\u00e9 \u00e0 surmonter ma douleur.<\/p>\n<p><img loading=\"lazy\" decoding=\"async\" class=\"alignnone wp-image-146297 size-full\" src=\"https:\/\/media.acninternational.org\/wp-content\/uploads\/2020\/12\/egypt_acn-news_I-feel-pity-for-the-perpetrators-1.jpg\" alt=\"\" width=\"670\" height=\"400\" srcset=\"https:\/\/media.acninternational.org\/wp-content\/uploads\/2020\/12\/egypt_acn-news_I-feel-pity-for-the-perpetrators-1.jpg 670w, https:\/\/media.acninternational.org\/wp-content\/uploads\/2020\/12\/egypt_acn-news_I-feel-pity-for-the-perpetrators-1-300x179.jpg 300w\" sizes=\"auto, (max-width: 670px) 100vw, 670px\" \/><\/p>\n<p><strong>En fin de compte, votre foi est la raison pour laquelle vous et votre famille avez \u00e9t\u00e9 attaqu\u00e9s. N\u2019avez-vous jamais dout\u00e9 de Dieu ?\u00a0 <\/strong><\/p>\n<p>Absolument pas. Quatre mille personnes \u00e9taient rassembl\u00e9es dans l&rsquo;\u00e9glise pour l\u2019office de la veille du Nouvel An. Parmi eux, trois de mes parents ont \u00e9t\u00e9 choisis pour \u00eatre martyrs. Et m\u00eame si cela semble \u00e9trange, au lieu de c\u00e9der au d\u00e9sespoir ou de me demander \u00ab\u00a0Dieu est-il injuste de permettre une telle chose\u00a0?\u00a0\u00bb, je consid\u00e8re cela comme une gr\u00e2ce.<\/p>\n<p><strong>Il n&rsquo;a pas \u00e9t\u00e9 possible d&rsquo;identifier les auteurs de l&rsquo;attaque, ni leurs commanditaires. Que pensez-vous des assassins ? <\/strong><\/p>\n<p>J\u2019ai de la piti\u00e9 pour les auteurs de l\u2019attentat. Les extr\u00e9mistes vivent sous une pression tr\u00e8s forte. Ils croient qu&rsquo;ils doivent commettre des actes de violence contre des personnes d&rsquo;autres religions pour plaire \u00e0 Dieu. Ces gens ont du sang sur les mains. Comment une personne peut-elle vivre avec une telle culpabilit\u00e9 ? J&rsquo;imagine qu&rsquo;ils souffrent autant que moi des cons\u00e9quences de cette attaque.<\/p>\n<p><img loading=\"lazy\" decoding=\"async\" class=\"alignnone wp-image-146309 size-full\" src=\"https:\/\/media.acninternational.org\/wp-content\/uploads\/2020\/12\/egypt_acn-news_I-feel-pity-for-the-perpetrators-3.jpg\" alt=\"\" width=\"670\" height=\"400\" srcset=\"https:\/\/media.acninternational.org\/wp-content\/uploads\/2020\/12\/egypt_acn-news_I-feel-pity-for-the-perpetrators-3.jpg 670w, https:\/\/media.acninternational.org\/wp-content\/uploads\/2020\/12\/egypt_acn-news_I-feel-pity-for-the-perpetrators-3-300x179.jpg 300w\" sizes=\"auto, (max-width: 670px) 100vw, 670px\" \/><\/p>\n<p><strong>Vous vivez aujourd&rsquo;hui en Allemagne. Vous sentez-vous libre de vivre votre foi ici\u00a0? Et quels sont, selon vous, les d\u00e9fis des croyants d\u2019ici ? <\/strong><\/p>\n<p><strong>\u00a0<\/strong>En Allemagne, il y a beaucoup de libert\u00e9. Elle est souvent consid\u00e9r\u00e9e comme une \u00e9vidence. J\u2019ai parfois l\u2019impression que la foi se meure avec le temps. Il arrive souvent que l&rsquo;Eglise soit particuli\u00e8rement vivante dans les lieux qui subissent des pers\u00e9cutions. En \u00c9gypte, les chr\u00e9tiens meurent pour avoir le droit de vivre leur foi. Ici, en Allemagne, les \u00e9glises sont ferm\u00e9es ou transform\u00e9es en mus\u00e9es. Ceci m\u2019attriste.<\/p>\n<p>&nbsp;<\/p>\n","protected":false},"excerpt":{"rendered":"<p>A survivor looks back ten years after the attack on Coptic Christians Ten years ago on New Year\u2019s Eve, the<\/p>\n","protected":false},"author":66,"featured_media":146315,"comment_status":"closed","ping_status":"closed","sticky":false,"template":"","format":"standard","meta":{"_acf_changed":false,"_acn_coauthor_ids":[],"footnotes":""},"categories":[233],"tags":[],"country":[824],"class_list":["post-146324","post","type-post","status-publish","format-standard","has-post-thumbnail","hentry","category-non-classifiee","country-egypte"],"acn_coauthors":[],"acf":[],"yoast_head":"<!-- This site is optimized with the Yoast SEO Premium plugin v27.3 (Yoast SEO v27.3) - https:\/\/yoast.com\/product\/yoast-seo-premium-wordpress\/ -->\n<title>\u00c9gypte: \u201cJ\u2019ai de la piti\u00e9 pour les auteurs de l\u2019attentat\u201d | ACN International<\/title>\n<meta name=\"robots\" content=\"index, follow, max-snippet:-1, max-image-preview:large, max-video-preview:-1\" \/>\n<link rel=\"canonical\" href=\"https:\/\/acninternational.org\/fr\/egypte-jai-de-la-pitie-pour-les-auteurs-de-lattentat\/\" \/>\n<meta property=\"og:locale\" content=\"fr_FR\" \/>\n<meta property=\"og:type\" content=\"article\" \/>\n<meta property=\"og:title\" content=\"\u00c9gypte: \u201cJ\u2019ai de la piti\u00e9 pour les auteurs de l\u2019attentat\u201d\" \/>\n<meta property=\"og:description\" content=\"A survivor looks back ten years after the attack on Coptic Christians Ten years ago on New Year\u2019s Eve, the\" \/>\n<meta property=\"og:url\" content=\"https:\/\/acninternational.org\/fr\/egypte-jai-de-la-pitie-pour-les-auteurs-de-lattentat\/\" \/>\n<meta property=\"og:site_name\" content=\"ACN International\" \/>\n<meta property=\"article:publisher\" content=\"https:\/\/www.facebook.com\/acninternationalorg\" \/>\n<meta property=\"article:published_time\" content=\"2020-12-22T10:58:39+00:00\" \/>\n<meta property=\"article:modified_time\" content=\"2020-12-22T11:17:05+00:00\" \/>\n<meta property=\"og:image\" content=\"https:\/\/media.acninternational.org\/wp-content\/uploads\/2020\/12\/egypt_acn-news_I-feel-pity-for-the-perpetrators.jpg\" \/>\n\t<meta property=\"og:image:width\" content=\"2000\" \/>\n\t<meta property=\"og:image:height\" content=\"625\" \/>\n\t<meta property=\"og:image:type\" content=\"image\/jpeg\" \/>\n<meta name=\"author\" content=\"Milena\" \/>\n<meta name=\"twitter:card\" content=\"summary_large_image\" \/>\n<meta name=\"twitter:creator\" content=\"@acn_int\" \/>\n<meta name=\"twitter:site\" content=\"@acn_int\" \/>\n<meta name=\"twitter:label1\" content=\"\u00c9crit par\" \/>\n\t<meta name=\"twitter:data1\" content=\"Milena\" \/>\n\t<meta name=\"twitter:label2\" content=\"Dur\u00e9e de lecture estim\u00e9e\" \/>\n\t<meta name=\"twitter:data2\" content=\"3 minutes\" \/>\n<script type=\"application\/ld+json\" class=\"yoast-schema-graph\">{\"@context\":\"https:\\\/\\\/schema.org\",\"@graph\":[{\"@type\":\"Article\",\"@id\":\"https:\\\/\\\/acninternational.org\\\/fr\\\/egypte-jai-de-la-pitie-pour-les-auteurs-de-lattentat\\\/#article\",\"isPartOf\":{\"@id\":\"https:\\\/\\\/acninternational.org\\\/fr\\\/egypte-jai-de-la-pitie-pour-les-auteurs-de-lattentat\\\/\"},\"author\":{\"name\":\"Milena\",\"@id\":\"https:\\\/\\\/acninternational.org\\\/fr\\\/#\\\/schema\\\/person\\\/5a2b2930ad4475e0aa0dade4e51d9474\"},\"headline\":\"\u00c9gypte: \u201cJ\u2019ai de la piti\u00e9 pour les auteurs de l\u2019attentat\u201d\",\"datePublished\":\"2020-12-22T10:58:39+00:00\",\"dateModified\":\"2020-12-22T11:17:05+00:00\",\"mainEntityOfPage\":{\"@id\":\"https:\\\/\\\/acninternational.org\\\/fr\\\/egypte-jai-de-la-pitie-pour-les-auteurs-de-lattentat\\\/\"},\"wordCount\":725,\"publisher\":{\"@id\":\"https:\\\/\\\/acninternational.org\\\/fr\\\/#organization\"},\"image\":{\"@id\":\"https:\\\/\\\/acninternational.org\\\/fr\\\/egypte-jai-de-la-pitie-pour-les-auteurs-de-lattentat\\\/#primaryimage\"},\"thumbnailUrl\":\"https:\\\/\\\/media.acninternational.org\\\/wp-content\\\/uploads\\\/2020\\\/12\\\/egypt_acn-news_I-feel-pity-for-the-perpetrators.jpg\",\"articleSection\":[\"Non classifi\u00e9(e)\"],\"inLanguage\":\"fr-FR\"},{\"@type\":\"WebPage\",\"@id\":\"https:\\\/\\\/acninternational.org\\\/fr\\\/egypte-jai-de-la-pitie-pour-les-auteurs-de-lattentat\\\/\",\"url\":\"https:\\\/\\\/acninternational.org\\\/fr\\\/egypte-jai-de-la-pitie-pour-les-auteurs-de-lattentat\\\/\",\"name\":\"\u00c9gypte: \u201cJ\u2019ai de la piti\u00e9 pour les auteurs de l\u2019attentat\u201d | ACN International\",\"isPartOf\":{\"@id\":\"https:\\\/\\\/acninternational.org\\\/fr\\\/#website\"},\"primaryImageOfPage\":{\"@id\":\"https:\\\/\\\/acninternational.org\\\/fr\\\/egypte-jai-de-la-pitie-pour-les-auteurs-de-lattentat\\\/#primaryimage\"},\"image\":{\"@id\":\"https:\\\/\\\/acninternational.org\\\/fr\\\/egypte-jai-de-la-pitie-pour-les-auteurs-de-lattentat\\\/#primaryimage\"},\"thumbnailUrl\":\"https:\\\/\\\/media.acninternational.org\\\/wp-content\\\/uploads\\\/2020\\\/12\\\/egypt_acn-news_I-feel-pity-for-the-perpetrators.jpg\",\"datePublished\":\"2020-12-22T10:58:39+00:00\",\"dateModified\":\"2020-12-22T11:17:05+00:00\",\"breadcrumb\":{\"@id\":\"https:\\\/\\\/acninternational.org\\\/fr\\\/egypte-jai-de-la-pitie-pour-les-auteurs-de-lattentat\\\/#breadcrumb\"},\"inLanguage\":\"fr-FR\",\"potentialAction\":[{\"@type\":\"ReadAction\",\"target\":[\"https:\\\/\\\/acninternational.org\\\/fr\\\/egypte-jai-de-la-pitie-pour-les-auteurs-de-lattentat\\\/\"]}]},{\"@type\":\"ImageObject\",\"inLanguage\":\"fr-FR\",\"@id\":\"https:\\\/\\\/acninternational.org\\\/fr\\\/egypte-jai-de-la-pitie-pour-les-auteurs-de-lattentat\\\/#primaryimage\",\"url\":\"https:\\\/\\\/media.acninternational.org\\\/wp-content\\\/uploads\\\/2020\\\/12\\\/egypt_acn-news_I-feel-pity-for-the-perpetrators.jpg\",\"contentUrl\":\"https:\\\/\\\/media.acninternational.org\\\/wp-content\\\/uploads\\\/2020\\\/12\\\/egypt_acn-news_I-feel-pity-for-the-perpetrators.jpg\",\"width\":2000,\"height\":625},{\"@type\":\"BreadcrumbList\",\"@id\":\"https:\\\/\\\/acninternational.org\\\/fr\\\/egypte-jai-de-la-pitie-pour-les-auteurs-de-lattentat\\\/#breadcrumb\",\"itemListElement\":[{\"@type\":\"ListItem\",\"position\":1,\"name\":\"Home\",\"item\":\"https:\\\/\\\/acninternational.org\\\/fr\\\/\"},{\"@type\":\"ListItem\",\"position\":2,\"name\":\"Interview\",\"item\":\"https:\\\/\\\/acninternational.org\\\/fr\\\/category\\\/interview-2-fr\\\/\"},{\"@type\":\"ListItem\",\"position\":3,\"name\":\"\u00c9gypte: \u201cJ\u2019ai de la piti\u00e9 pour les auteurs de l\u2019attentat\u201d\"}]},{\"@type\":\"WebSite\",\"@id\":\"https:\\\/\\\/acninternational.org\\\/fr\\\/#website\",\"url\":\"https:\\\/\\\/acninternational.org\\\/fr\\\/\",\"name\":\"ACN International\",\"description\":\"\",\"publisher\":{\"@id\":\"https:\\\/\\\/acninternational.org\\\/fr\\\/#organization\"},\"potentialAction\":[{\"@type\":\"SearchAction\",\"target\":{\"@type\":\"EntryPoint\",\"urlTemplate\":\"https:\\\/\\\/acninternational.org\\\/fr\\\/?s={search_term_string}\"},\"query-input\":{\"@type\":\"PropertyValueSpecification\",\"valueRequired\":true,\"valueName\":\"search_term_string\"}}],\"inLanguage\":\"fr-FR\"},{\"@type\":\"Organization\",\"@id\":\"https:\\\/\\\/acninternational.org\\\/fr\\\/#organization\",\"name\":\"Aid to the Church in Need International\",\"url\":\"https:\\\/\\\/acninternational.org\\\/fr\\\/\",\"logo\":{\"@type\":\"ImageObject\",\"inLanguage\":\"fr-FR\",\"@id\":\"https:\\\/\\\/acninternational.org\\\/fr\\\/#\\\/schema\\\/logo\\\/image\\\/\",\"url\":\"https:\\\/\\\/media.acninternational.org\\\/wp-content\\\/uploads\\\/2019\\\/11\\\/acn_logo_blackvector.svg\",\"contentUrl\":\"https:\\\/\\\/media.acninternational.org\\\/wp-content\\\/uploads\\\/2019\\\/11\\\/acn_logo_blackvector.svg\",\"width\":232.6,\"height\":78,\"caption\":\"Aid to the Church in Need International\"},\"image\":{\"@id\":\"https:\\\/\\\/acninternational.org\\\/fr\\\/#\\\/schema\\\/logo\\\/image\\\/\"},\"sameAs\":[\"https:\\\/\\\/www.facebook.com\\\/acninternationalorg\",\"https:\\\/\\\/x.com\\\/acn_int\",\"https:\\\/\\\/www.youtube.com\\\/channel\\\/UCQ-077gS0TnVzkhHmf1opZw\",\"https:\\\/\\\/www.instagram.com\\\/acn_international\\\/\"]},{\"@type\":\"Person\",\"@id\":\"https:\\\/\\\/acninternational.org\\\/fr\\\/#\\\/schema\\\/person\\\/5a2b2930ad4475e0aa0dade4e51d9474\",\"name\":\"Milena\",\"description\":\"Lorem ipsum dolor sit amet, consectetur adipiscing elit, sed do eiusmod tempor incididunt ut labore et dolore magna aliqua. Ut enim ad minim veniam, quis nostrud exercitation ullamco laboris nisi ut aliquip ex ea commodo consequat.\",\"url\":\"https:\\\/\\\/acninternational.org\\\/fr\\\/author\\\/milena\\\/\"}]}<\/script>\n<!-- \/ Yoast SEO Premium plugin. -->","yoast_head_json":{"title":"\u00c9gypte: \u201cJ\u2019ai de la piti\u00e9 pour les auteurs de l\u2019attentat\u201d | ACN International","robots":{"index":"index","follow":"follow","max-snippet":"max-snippet:-1","max-image-preview":"max-image-preview:large","max-video-preview":"max-video-preview:-1"},"canonical":"https:\/\/acninternational.org\/fr\/egypte-jai-de-la-pitie-pour-les-auteurs-de-lattentat\/","og_locale":"fr_FR","og_type":"article","og_title":"\u00c9gypte: \u201cJ\u2019ai de la piti\u00e9 pour les auteurs de l\u2019attentat\u201d","og_description":"A survivor looks back ten years after the attack on Coptic Christians Ten years ago on New Year\u2019s Eve, the","og_url":"https:\/\/acninternational.org\/fr\/egypte-jai-de-la-pitie-pour-les-auteurs-de-lattentat\/","og_site_name":"ACN International","article_publisher":"https:\/\/www.facebook.com\/acninternationalorg","article_published_time":"2020-12-22T10:58:39+00:00","article_modified_time":"2020-12-22T11:17:05+00:00","og_image":[{"width":2000,"height":625,"url":"https:\/\/media.acninternational.org\/wp-content\/uploads\/2020\/12\/egypt_acn-news_I-feel-pity-for-the-perpetrators.jpg","type":"image\/jpeg"}],"author":"Milena","twitter_card":"summary_large_image","twitter_creator":"@acn_int","twitter_site":"@acn_int","twitter_misc":{"\u00c9crit par":"Milena","Dur\u00e9e de lecture estim\u00e9e":"3 minutes"},"schema":{"@context":"https:\/\/schema.org","@graph":[{"@type":"Article","@id":"https:\/\/acninternational.org\/fr\/egypte-jai-de-la-pitie-pour-les-auteurs-de-lattentat\/#article","isPartOf":{"@id":"https:\/\/acninternational.org\/fr\/egypte-jai-de-la-pitie-pour-les-auteurs-de-lattentat\/"},"author":{"name":"Milena","@id":"https:\/\/acninternational.org\/fr\/#\/schema\/person\/5a2b2930ad4475e0aa0dade4e51d9474"},"headline":"\u00c9gypte: \u201cJ\u2019ai de la piti\u00e9 pour les auteurs de l\u2019attentat\u201d","datePublished":"2020-12-22T10:58:39+00:00","dateModified":"2020-12-22T11:17:05+00:00","mainEntityOfPage":{"@id":"https:\/\/acninternational.org\/fr\/egypte-jai-de-la-pitie-pour-les-auteurs-de-lattentat\/"},"wordCount":725,"publisher":{"@id":"https:\/\/acninternational.org\/fr\/#organization"},"image":{"@id":"https:\/\/acninternational.org\/fr\/egypte-jai-de-la-pitie-pour-les-auteurs-de-lattentat\/#primaryimage"},"thumbnailUrl":"https:\/\/media.acninternational.org\/wp-content\/uploads\/2020\/12\/egypt_acn-news_I-feel-pity-for-the-perpetrators.jpg","articleSection":["Non classifi\u00e9(e)"],"inLanguage":"fr-FR"},{"@type":"WebPage","@id":"https:\/\/acninternational.org\/fr\/egypte-jai-de-la-pitie-pour-les-auteurs-de-lattentat\/","url":"https:\/\/acninternational.org\/fr\/egypte-jai-de-la-pitie-pour-les-auteurs-de-lattentat\/","name":"\u00c9gypte: \u201cJ\u2019ai de la piti\u00e9 pour les auteurs de l\u2019attentat\u201d | ACN International","isPartOf":{"@id":"https:\/\/acninternational.org\/fr\/#website"},"primaryImageOfPage":{"@id":"https:\/\/acninternational.org\/fr\/egypte-jai-de-la-pitie-pour-les-auteurs-de-lattentat\/#primaryimage"},"image":{"@id":"https:\/\/acninternational.org\/fr\/egypte-jai-de-la-pitie-pour-les-auteurs-de-lattentat\/#primaryimage"},"thumbnailUrl":"https:\/\/media.acninternational.org\/wp-content\/uploads\/2020\/12\/egypt_acn-news_I-feel-pity-for-the-perpetrators.jpg","datePublished":"2020-12-22T10:58:39+00:00","dateModified":"2020-12-22T11:17:05+00:00","breadcrumb":{"@id":"https:\/\/acninternational.org\/fr\/egypte-jai-de-la-pitie-pour-les-auteurs-de-lattentat\/#breadcrumb"},"inLanguage":"fr-FR","potentialAction":[{"@type":"ReadAction","target":["https:\/\/acninternational.org\/fr\/egypte-jai-de-la-pitie-pour-les-auteurs-de-lattentat\/"]}]},{"@type":"ImageObject","inLanguage":"fr-FR","@id":"https:\/\/acninternational.org\/fr\/egypte-jai-de-la-pitie-pour-les-auteurs-de-lattentat\/#primaryimage","url":"https:\/\/media.acninternational.org\/wp-content\/uploads\/2020\/12\/egypt_acn-news_I-feel-pity-for-the-perpetrators.jpg","contentUrl":"https:\/\/media.acninternational.org\/wp-content\/uploads\/2020\/12\/egypt_acn-news_I-feel-pity-for-the-perpetrators.jpg","width":2000,"height":625},{"@type":"BreadcrumbList","@id":"https:\/\/acninternational.org\/fr\/egypte-jai-de-la-pitie-pour-les-auteurs-de-lattentat\/#breadcrumb","itemListElement":[{"@type":"ListItem","position":1,"name":"Home","item":"https:\/\/acninternational.org\/fr\/"},{"@type":"ListItem","position":2,"name":"Interview","item":"https:\/\/acninternational.org\/fr\/category\/interview-2-fr\/"},{"@type":"ListItem","position":3,"name":"\u00c9gypte: \u201cJ\u2019ai de la piti\u00e9 pour les auteurs de l\u2019attentat\u201d"}]},{"@type":"WebSite","@id":"https:\/\/acninternational.org\/fr\/#website","url":"https:\/\/acninternational.org\/fr\/","name":"ACN International","description":"","publisher":{"@id":"https:\/\/acninternational.org\/fr\/#organization"},"potentialAction":[{"@type":"SearchAction","target":{"@type":"EntryPoint","urlTemplate":"https:\/\/acninternational.org\/fr\/?s={search_term_string}"},"query-input":{"@type":"PropertyValueSpecification","valueRequired":true,"valueName":"search_term_string"}}],"inLanguage":"fr-FR"},{"@type":"Organization","@id":"https:\/\/acninternational.org\/fr\/#organization","name":"Aid to the Church in Need International","url":"https:\/\/acninternational.org\/fr\/","logo":{"@type":"ImageObject","inLanguage":"fr-FR","@id":"https:\/\/acninternational.org\/fr\/#\/schema\/logo\/image\/","url":"https:\/\/media.acninternational.org\/wp-content\/uploads\/2019\/11\/acn_logo_blackvector.svg","contentUrl":"https:\/\/media.acninternational.org\/wp-content\/uploads\/2019\/11\/acn_logo_blackvector.svg","width":232.6,"height":78,"caption":"Aid to the Church in Need International"},"image":{"@id":"https:\/\/acninternational.org\/fr\/#\/schema\/logo\/image\/"},"sameAs":["https:\/\/www.facebook.com\/acninternationalorg","https:\/\/x.com\/acn_int","https:\/\/www.youtube.com\/channel\/UCQ-077gS0TnVzkhHmf1opZw","https:\/\/www.instagram.com\/acn_international\/"]},{"@type":"Person","@id":"https:\/\/acninternational.org\/fr\/#\/schema\/person\/5a2b2930ad4475e0aa0dade4e51d9474","name":"Milena","description":"Lorem ipsum dolor sit amet, consectetur adipiscing elit, sed do eiusmod tempor incididunt ut labore et dolore magna aliqua. Ut enim ad minim veniam, quis nostrud exercitation ullamco laboris nisi ut aliquip ex ea commodo consequat.","url":"https:\/\/acninternational.org\/fr\/author\/milena\/"}]}},"_links":{"self":[{"href":"https:\/\/acninternational.org\/fr\/wp-json\/wp\/v2\/posts\/146324","targetHints":{"allow":["GET"]}}],"collection":[{"href":"https:\/\/acninternational.org\/fr\/wp-json\/wp\/v2\/posts"}],"about":[{"href":"https:\/\/acninternational.org\/fr\/wp-json\/wp\/v2\/types\/post"}],"author":[{"embeddable":true,"href":"https:\/\/acninternational.org\/fr\/wp-json\/wp\/v2\/users\/66"}],"replies":[{"embeddable":true,"href":"https:\/\/acninternational.org\/fr\/wp-json\/wp\/v2\/comments?post=146324"}],"version-history":[{"count":0,"href":"https:\/\/acninternational.org\/fr\/wp-json\/wp\/v2\/posts\/146324\/revisions"}],"wp:featuredmedia":[{"embeddable":true,"href":"https:\/\/acninternational.org\/fr\/wp-json\/wp\/v2\/media\/146315"}],"wp:attachment":[{"href":"https:\/\/acninternational.org\/fr\/wp-json\/wp\/v2\/media?parent=146324"}],"wp:term":[{"taxonomy":"category","embeddable":true,"href":"https:\/\/acninternational.org\/fr\/wp-json\/wp\/v2\/categories?post=146324"},{"taxonomy":"post_tag","embeddable":true,"href":"https:\/\/acninternational.org\/fr\/wp-json\/wp\/v2\/tags?post=146324"},{"taxonomy":"country","embeddable":true,"href":"https:\/\/acninternational.org\/fr\/wp-json\/wp\/v2\/country?post=146324"}],"curies":[{"name":"wp","href":"https:\/\/api.w.org\/{rel}","templated":true}]}}