{"id":145756,"date":"2020-12-15T11:43:24","date_gmt":"2020-12-15T10:43:24","guid":{"rendered":"https:\/\/acninternational.org\/?p=145756"},"modified":"2020-12-15T11:52:15","modified_gmt":"2020-12-15T10:52:15","slug":"bresil-du-materiel-pour-proteger-les-pretres-pendant-la-pandemie-de-coronavirus","status":"publish","type":"post","link":"https:\/\/acninternational.org\/fr\/bresil-du-materiel-pour-proteger-les-pretres-pendant-la-pandemie-de-coronavirus\/","title":{"rendered":"Br\u00e9sil: du mat\u00e9riel pour prot\u00e9ger les pr\u00eatres pendant la pand\u00e9mie de Coronavirus"},"content":{"rendered":"<p>Le Br\u00e9sil occupe la troisi\u00e8me place mondiale parmi les pays les plus touch\u00e9s par la pand\u00e9mie de Coronavirus. \u00c0 la mi-novembre 2020, pr\u00e8s de six millions de personnes avaient \u00e9t\u00e9 infect\u00e9es et environ 170.000 \u00e9taient mortes du virus, sur les 210 millions d\u2019habitants du pays, avec une forte tendance \u00e0 la hausse du nombre de d\u00e9c\u00e8s quotidiens.<\/p>\n<p>Les proches endeuill\u00e9s, les personnes d\u00e9sesp\u00e9r\u00e9es, un syst\u00e8me de sant\u00e9 qui s\u2019est effondr\u00e9 en de nombreux endroits et une d\u00e9tresse mat\u00e9rielle croissante sont les d\u00e9fis auxquels est confront\u00e9e l\u2019\u00c9glise catholique, qui doit plus que jamais s\u2019occuper des personnes en d\u00e9tresse et isol\u00e9es. En m\u00eame temps, des centaines de pr\u00eatres au Br\u00e9sil ont d\u00e9j\u00e0 \u00e9t\u00e9 infect\u00e9s par le coronavirus dans le cadre de leur service.<\/p>\n<figure id=\"attachment_145740\" aria-describedby=\"caption-attachment-145740\" style=\"width: 670px\" class=\"wp-caption alignnone\"><img loading=\"lazy\" decoding=\"async\" class=\"wp-image-145740 size-full\" src=\"https:\/\/media.acninternational.org\/wp-content\/uploads\/2020\/12\/Brazil2.jpg\" alt=\"Br\u00e9sil: du mat\u00e9riel pour prot\u00e9ger les pr\u00eatres pendant la pand\u00e9mie de Coronavirus.\" width=\"670\" height=\"400\" srcset=\"https:\/\/media.acninternational.org\/wp-content\/uploads\/2020\/12\/Brazil2.jpg 670w, https:\/\/media.acninternational.org\/wp-content\/uploads\/2020\/12\/Brazil2-300x179.jpg 300w\" sizes=\"auto, (max-width: 670px) 100vw, 670px\" \/><figcaption id=\"caption-attachment-145740\" class=\"wp-caption-text\">Br\u00e9sil: du mat\u00e9riel pour prot\u00e9ger les pr\u00eatres pendant la pand\u00e9mie de Coronavirus.<\/figcaption><\/figure>\n<p>Afin de prot\u00e9ger ses 40 pr\u00eatres, le dioc\u00e8se de Janu\u00e1ria a demand\u00e9 de l\u2019aide pour du mat\u00e9riel de protection\u00a0: masques de protection, d\u00e9sinfectants, gants jetables et combinaisons de protection pour les visites m\u00e9dicales. Nos bienfaiteurs ont offert une aide de 1.400 euros, si bien que les pr\u00eatres ont pu \u00eatre \u00e9quip\u00e9s. Merci beaucoup \u00e0 tous ceux qui ont apport\u00e9 leur aide\u00a0!<\/p>\n","protected":false},"excerpt":{"rendered":"<p>Le Br\u00e9sil occupe la troisi\u00e8me place mondiale parmi les pays les plus touch\u00e9s par la pand\u00e9mie de Coronavirus. \u00c0 la<\/p>\n","protected":false},"author":4258341447,"featured_media":145746,"comment_status":"closed","ping_status":"closed","sticky":false,"template":"","format":"standard","meta":{"_acf_changed":false,"_acn_coauthor_ids":[],"footnotes":""},"categories":[233],"tags":[],"country":[828],"class_list":["post-145756","post","type-post","status-publish","format-standard","has-post-thumbnail","hentry","category-non-classifiee","country-bresil"],"acn_coauthors":[],"acf":[],"yoast_head":"<!-- This site is optimized with the Yoast SEO Premium plugin v27.3 (Yoast SEO v27.3) - https:\/\/yoast.com\/product\/yoast-seo-premium-wordpress\/ -->\n<title>Br\u00e9sil: du mat\u00e9riel pour prot\u00e9ger les pr\u00eatres pendant la pand\u00e9mie de Coronavirus<\/title>\n<meta name=\"description\" content=\"Afin de prot\u00e9ger ses 40 pr\u00eatres, le dioc\u00e8se de Janu\u00e1ria a demand\u00e9 de l\u2019aide pour du mat\u00e9riel de protection\u00a0: masques de protection, d\u00e9sinfectants, gants jetables et combinaisons de protection pour les visites m\u00e9dicales. Nos bienfaiteurs ont offert une aide de 1.400 euros, si bien que les pr\u00eatres ont pu \u00eatre \u00e9quip\u00e9s.\" \/>\n<meta name=\"robots\" content=\"index, follow, max-snippet:-1, max-image-preview:large, max-video-preview:-1\" \/>\n<link rel=\"canonical\" href=\"https:\/\/acninternational.org\/fr\/bresil-du-materiel-pour-proteger-les-pretres-pendant-la-pandemie-de-coronavirus\/\" \/>\n<meta property=\"og:locale\" content=\"fr_FR\" \/>\n<meta property=\"og:type\" content=\"article\" \/>\n<meta property=\"og:title\" content=\"Br\u00e9sil: du mat\u00e9riel pour prot\u00e9ger les pr\u00eatres pendant la pand\u00e9mie de Coronavirus\" \/>\n<meta property=\"og:description\" content=\"Afin de prot\u00e9ger ses 40 pr\u00eatres, le dioc\u00e8se de Janu\u00e1ria a demand\u00e9 de l\u2019aide pour du mat\u00e9riel de protection\u00a0: masques de protection, d\u00e9sinfectants, gants jetables et combinaisons de protection pour les visites m\u00e9dicales. Nos bienfaiteurs ont offert une aide de 1.400 euros, si bien que les pr\u00eatres ont pu \u00eatre \u00e9quip\u00e9s.\" \/>\n<meta property=\"og:url\" content=\"https:\/\/acninternational.org\/fr\/bresil-du-materiel-pour-proteger-les-pretres-pendant-la-pandemie-de-coronavirus\/\" \/>\n<meta property=\"og:site_name\" content=\"ACN International\" \/>\n<meta property=\"article:publisher\" content=\"https:\/\/www.facebook.com\/acninternationalorg\" \/>\n<meta property=\"article:published_time\" content=\"2020-12-15T10:43:24+00:00\" \/>\n<meta property=\"article:modified_time\" content=\"2020-12-15T10:52:15+00:00\" \/>\n<meta property=\"og:image\" content=\"https:\/\/media.acninternational.org\/wp-content\/uploads\/2020\/12\/Brazil.jpg\" \/>\n\t<meta property=\"og:image:width\" content=\"1400\" \/>\n\t<meta property=\"og:image:height\" content=\"438\" \/>\n\t<meta property=\"og:image:type\" content=\"image\/jpeg\" \/>\n<meta name=\"author\" content=\"ACN Press Team\" \/>\n<meta name=\"twitter:card\" content=\"summary_large_image\" \/>\n<meta name=\"twitter:creator\" content=\"@acn_int\" \/>\n<meta name=\"twitter:site\" content=\"@acn_int\" \/>\n<meta name=\"twitter:label1\" content=\"\u00c9crit par\" \/>\n\t<meta name=\"twitter:data1\" content=\"ACN Press Team\" \/>\n\t<meta name=\"twitter:label2\" content=\"Dur\u00e9e de lecture estim\u00e9e\" \/>\n\t<meta name=\"twitter:data2\" content=\"1 minute\" \/>\n<script type=\"application\/ld+json\" class=\"yoast-schema-graph\">{\"@context\":\"https:\\\/\\\/schema.org\",\"@graph\":[{\"@type\":\"Article\",\"@id\":\"https:\\\/\\\/acninternational.org\\\/fr\\\/bresil-du-materiel-pour-proteger-les-pretres-pendant-la-pandemie-de-coronavirus\\\/#article\",\"isPartOf\":{\"@id\":\"https:\\\/\\\/acninternational.org\\\/fr\\\/bresil-du-materiel-pour-proteger-les-pretres-pendant-la-pandemie-de-coronavirus\\\/\"},\"author\":{\"name\":\"ACN Press Team\",\"@id\":\"https:\\\/\\\/acninternational.org\\\/fr\\\/#\\\/schema\\\/person\\\/7f3dafb236b242fb2aa46be1411fd703\"},\"headline\":\"Br\u00e9sil: du mat\u00e9riel pour prot\u00e9ger les pr\u00eatres pendant la pand\u00e9mie de Coronavirus\",\"datePublished\":\"2020-12-15T10:43:24+00:00\",\"dateModified\":\"2020-12-15T10:52:15+00:00\",\"mainEntityOfPage\":{\"@id\":\"https:\\\/\\\/acninternational.org\\\/fr\\\/bresil-du-materiel-pour-proteger-les-pretres-pendant-la-pandemie-de-coronavirus\\\/\"},\"wordCount\":253,\"publisher\":{\"@id\":\"https:\\\/\\\/acninternational.org\\\/fr\\\/#organization\"},\"image\":{\"@id\":\"https:\\\/\\\/acninternational.org\\\/fr\\\/bresil-du-materiel-pour-proteger-les-pretres-pendant-la-pandemie-de-coronavirus\\\/#primaryimage\"},\"thumbnailUrl\":\"https:\\\/\\\/media.acninternational.org\\\/wp-content\\\/uploads\\\/2020\\\/12\\\/Brazil.jpg\",\"articleSection\":[\"Non classifi\u00e9(e)\"],\"inLanguage\":\"fr-FR\"},{\"@type\":\"WebPage\",\"@id\":\"https:\\\/\\\/acninternational.org\\\/fr\\\/bresil-du-materiel-pour-proteger-les-pretres-pendant-la-pandemie-de-coronavirus\\\/\",\"url\":\"https:\\\/\\\/acninternational.org\\\/fr\\\/bresil-du-materiel-pour-proteger-les-pretres-pendant-la-pandemie-de-coronavirus\\\/\",\"name\":\"Br\u00e9sil: du mat\u00e9riel pour prot\u00e9ger les pr\u00eatres pendant la pand\u00e9mie de Coronavirus\",\"isPartOf\":{\"@id\":\"https:\\\/\\\/acninternational.org\\\/fr\\\/#website\"},\"primaryImageOfPage\":{\"@id\":\"https:\\\/\\\/acninternational.org\\\/fr\\\/bresil-du-materiel-pour-proteger-les-pretres-pendant-la-pandemie-de-coronavirus\\\/#primaryimage\"},\"image\":{\"@id\":\"https:\\\/\\\/acninternational.org\\\/fr\\\/bresil-du-materiel-pour-proteger-les-pretres-pendant-la-pandemie-de-coronavirus\\\/#primaryimage\"},\"thumbnailUrl\":\"https:\\\/\\\/media.acninternational.org\\\/wp-content\\\/uploads\\\/2020\\\/12\\\/Brazil.jpg\",\"datePublished\":\"2020-12-15T10:43:24+00:00\",\"dateModified\":\"2020-12-15T10:52:15+00:00\",\"description\":\"Afin de prot\u00e9ger ses 40 pr\u00eatres, le dioc\u00e8se de Janu\u00e1ria a demand\u00e9 de l\u2019aide pour du mat\u00e9riel de protection\u00a0: masques de protection, d\u00e9sinfectants, gants jetables et combinaisons de protection pour les visites m\u00e9dicales. Nos bienfaiteurs ont offert une aide de 1.400 euros, si bien que les pr\u00eatres ont pu \u00eatre \u00e9quip\u00e9s.\",\"breadcrumb\":{\"@id\":\"https:\\\/\\\/acninternational.org\\\/fr\\\/bresil-du-materiel-pour-proteger-les-pretres-pendant-la-pandemie-de-coronavirus\\\/#breadcrumb\"},\"inLanguage\":\"fr-FR\",\"potentialAction\":[{\"@type\":\"ReadAction\",\"target\":[\"https:\\\/\\\/acninternational.org\\\/fr\\\/bresil-du-materiel-pour-proteger-les-pretres-pendant-la-pandemie-de-coronavirus\\\/\"]}]},{\"@type\":\"ImageObject\",\"inLanguage\":\"fr-FR\",\"@id\":\"https:\\\/\\\/acninternational.org\\\/fr\\\/bresil-du-materiel-pour-proteger-les-pretres-pendant-la-pandemie-de-coronavirus\\\/#primaryimage\",\"url\":\"https:\\\/\\\/media.acninternational.org\\\/wp-content\\\/uploads\\\/2020\\\/12\\\/Brazil.jpg\",\"contentUrl\":\"https:\\\/\\\/media.acninternational.org\\\/wp-content\\\/uploads\\\/2020\\\/12\\\/Brazil.jpg\",\"width\":1400,\"height\":438},{\"@type\":\"BreadcrumbList\",\"@id\":\"https:\\\/\\\/acninternational.org\\\/fr\\\/bresil-du-materiel-pour-proteger-les-pretres-pendant-la-pandemie-de-coronavirus\\\/#breadcrumb\",\"itemListElement\":[{\"@type\":\"ListItem\",\"position\":1,\"name\":\"Home\",\"item\":\"https:\\\/\\\/acninternational.org\\\/fr\\\/\"},{\"@type\":\"ListItem\",\"position\":2,\"name\":\"Nouvelles\",\"item\":\"https:\\\/\\\/acninternational.org\\\/fr\\\/category\\\/news-fr\\\/\"},{\"@type\":\"ListItem\",\"position\":3,\"name\":\"Br\u00e9sil: du mat\u00e9riel pour prot\u00e9ger les pr\u00eatres pendant la pand\u00e9mie de Coronavirus\"}]},{\"@type\":\"WebSite\",\"@id\":\"https:\\\/\\\/acninternational.org\\\/fr\\\/#website\",\"url\":\"https:\\\/\\\/acninternational.org\\\/fr\\\/\",\"name\":\"ACN International\",\"description\":\"\",\"publisher\":{\"@id\":\"https:\\\/\\\/acninternational.org\\\/fr\\\/#organization\"},\"potentialAction\":[{\"@type\":\"SearchAction\",\"target\":{\"@type\":\"EntryPoint\",\"urlTemplate\":\"https:\\\/\\\/acninternational.org\\\/fr\\\/?s={search_term_string}\"},\"query-input\":{\"@type\":\"PropertyValueSpecification\",\"valueRequired\":true,\"valueName\":\"search_term_string\"}}],\"inLanguage\":\"fr-FR\"},{\"@type\":\"Organization\",\"@id\":\"https:\\\/\\\/acninternational.org\\\/fr\\\/#organization\",\"name\":\"Aid to the Church in Need International\",\"url\":\"https:\\\/\\\/acninternational.org\\\/fr\\\/\",\"logo\":{\"@type\":\"ImageObject\",\"inLanguage\":\"fr-FR\",\"@id\":\"https:\\\/\\\/acninternational.org\\\/fr\\\/#\\\/schema\\\/logo\\\/image\\\/\",\"url\":\"https:\\\/\\\/media.acninternational.org\\\/wp-content\\\/uploads\\\/2019\\\/11\\\/acn_logo_blackvector.svg\",\"contentUrl\":\"https:\\\/\\\/media.acninternational.org\\\/wp-content\\\/uploads\\\/2019\\\/11\\\/acn_logo_blackvector.svg\",\"width\":232.6,\"height\":78,\"caption\":\"Aid to the Church in Need International\"},\"image\":{\"@id\":\"https:\\\/\\\/acninternational.org\\\/fr\\\/#\\\/schema\\\/logo\\\/image\\\/\"},\"sameAs\":[\"https:\\\/\\\/www.facebook.com\\\/acninternationalorg\",\"https:\\\/\\\/x.com\\\/acn_int\",\"https:\\\/\\\/www.youtube.com\\\/channel\\\/UCQ-077gS0TnVzkhHmf1opZw\",\"https:\\\/\\\/www.instagram.com\\\/acn_international\\\/\"]},{\"@type\":\"Person\",\"@id\":\"https:\\\/\\\/acninternational.org\\\/fr\\\/#\\\/schema\\\/person\\\/7f3dafb236b242fb2aa46be1411fd703\",\"name\":\"ACN Press Team\",\"description\":\"Lorem ipsum dolor sit amet, consectetur adipiscing elit, sed do eiusmod tempor incididunt ut labore et dolore magna aliqua. Ut enim ad minim veniam, quis nostrud exercitation ullamco laboris nisi ut aliquip ex ea commodo consequat.\",\"url\":\"https:\\\/\\\/acninternational.org\\\/fr\\\/author\\\/acn-press-team\\\/\"}]}<\/script>\n<!-- \/ Yoast SEO Premium plugin. -->","yoast_head_json":{"title":"Br\u00e9sil: du mat\u00e9riel pour prot\u00e9ger les pr\u00eatres pendant la pand\u00e9mie de Coronavirus","description":"Afin de prot\u00e9ger ses 40 pr\u00eatres, le dioc\u00e8se de Janu\u00e1ria a demand\u00e9 de l\u2019aide pour du mat\u00e9riel de protection\u00a0: masques de protection, d\u00e9sinfectants, gants jetables et combinaisons de protection pour les visites m\u00e9dicales. Nos bienfaiteurs ont offert une aide de 1.400 euros, si bien que les pr\u00eatres ont pu \u00eatre \u00e9quip\u00e9s.","robots":{"index":"index","follow":"follow","max-snippet":"max-snippet:-1","max-image-preview":"max-image-preview:large","max-video-preview":"max-video-preview:-1"},"canonical":"https:\/\/acninternational.org\/fr\/bresil-du-materiel-pour-proteger-les-pretres-pendant-la-pandemie-de-coronavirus\/","og_locale":"fr_FR","og_type":"article","og_title":"Br\u00e9sil: du mat\u00e9riel pour prot\u00e9ger les pr\u00eatres pendant la pand\u00e9mie de Coronavirus","og_description":"Afin de prot\u00e9ger ses 40 pr\u00eatres, le dioc\u00e8se de Janu\u00e1ria a demand\u00e9 de l\u2019aide pour du mat\u00e9riel de protection\u00a0: masques de protection, d\u00e9sinfectants, gants jetables et combinaisons de protection pour les visites m\u00e9dicales. Nos bienfaiteurs ont offert une aide de 1.400 euros, si bien que les pr\u00eatres ont pu \u00eatre \u00e9quip\u00e9s.","og_url":"https:\/\/acninternational.org\/fr\/bresil-du-materiel-pour-proteger-les-pretres-pendant-la-pandemie-de-coronavirus\/","og_site_name":"ACN International","article_publisher":"https:\/\/www.facebook.com\/acninternationalorg","article_published_time":"2020-12-15T10:43:24+00:00","article_modified_time":"2020-12-15T10:52:15+00:00","og_image":[{"width":1400,"height":438,"url":"https:\/\/media.acninternational.org\/wp-content\/uploads\/2020\/12\/Brazil.jpg","type":"image\/jpeg"}],"author":"ACN Press Team","twitter_card":"summary_large_image","twitter_creator":"@acn_int","twitter_site":"@acn_int","twitter_misc":{"\u00c9crit par":"ACN Press Team","Dur\u00e9e de lecture estim\u00e9e":"1 minute"},"schema":{"@context":"https:\/\/schema.org","@graph":[{"@type":"Article","@id":"https:\/\/acninternational.org\/fr\/bresil-du-materiel-pour-proteger-les-pretres-pendant-la-pandemie-de-coronavirus\/#article","isPartOf":{"@id":"https:\/\/acninternational.org\/fr\/bresil-du-materiel-pour-proteger-les-pretres-pendant-la-pandemie-de-coronavirus\/"},"author":{"name":"ACN Press Team","@id":"https:\/\/acninternational.org\/fr\/#\/schema\/person\/7f3dafb236b242fb2aa46be1411fd703"},"headline":"Br\u00e9sil: du mat\u00e9riel pour prot\u00e9ger les pr\u00eatres pendant la pand\u00e9mie de Coronavirus","datePublished":"2020-12-15T10:43:24+00:00","dateModified":"2020-12-15T10:52:15+00:00","mainEntityOfPage":{"@id":"https:\/\/acninternational.org\/fr\/bresil-du-materiel-pour-proteger-les-pretres-pendant-la-pandemie-de-coronavirus\/"},"wordCount":253,"publisher":{"@id":"https:\/\/acninternational.org\/fr\/#organization"},"image":{"@id":"https:\/\/acninternational.org\/fr\/bresil-du-materiel-pour-proteger-les-pretres-pendant-la-pandemie-de-coronavirus\/#primaryimage"},"thumbnailUrl":"https:\/\/media.acninternational.org\/wp-content\/uploads\/2020\/12\/Brazil.jpg","articleSection":["Non classifi\u00e9(e)"],"inLanguage":"fr-FR"},{"@type":"WebPage","@id":"https:\/\/acninternational.org\/fr\/bresil-du-materiel-pour-proteger-les-pretres-pendant-la-pandemie-de-coronavirus\/","url":"https:\/\/acninternational.org\/fr\/bresil-du-materiel-pour-proteger-les-pretres-pendant-la-pandemie-de-coronavirus\/","name":"Br\u00e9sil: du mat\u00e9riel pour prot\u00e9ger les pr\u00eatres pendant la pand\u00e9mie de Coronavirus","isPartOf":{"@id":"https:\/\/acninternational.org\/fr\/#website"},"primaryImageOfPage":{"@id":"https:\/\/acninternational.org\/fr\/bresil-du-materiel-pour-proteger-les-pretres-pendant-la-pandemie-de-coronavirus\/#primaryimage"},"image":{"@id":"https:\/\/acninternational.org\/fr\/bresil-du-materiel-pour-proteger-les-pretres-pendant-la-pandemie-de-coronavirus\/#primaryimage"},"thumbnailUrl":"https:\/\/media.acninternational.org\/wp-content\/uploads\/2020\/12\/Brazil.jpg","datePublished":"2020-12-15T10:43:24+00:00","dateModified":"2020-12-15T10:52:15+00:00","description":"Afin de prot\u00e9ger ses 40 pr\u00eatres, le dioc\u00e8se de Janu\u00e1ria a demand\u00e9 de l\u2019aide pour du mat\u00e9riel de protection\u00a0: masques de protection, d\u00e9sinfectants, gants jetables et combinaisons de protection pour les visites m\u00e9dicales. Nos bienfaiteurs ont offert une aide de 1.400 euros, si bien que les pr\u00eatres ont pu \u00eatre \u00e9quip\u00e9s.","breadcrumb":{"@id":"https:\/\/acninternational.org\/fr\/bresil-du-materiel-pour-proteger-les-pretres-pendant-la-pandemie-de-coronavirus\/#breadcrumb"},"inLanguage":"fr-FR","potentialAction":[{"@type":"ReadAction","target":["https:\/\/acninternational.org\/fr\/bresil-du-materiel-pour-proteger-les-pretres-pendant-la-pandemie-de-coronavirus\/"]}]},{"@type":"ImageObject","inLanguage":"fr-FR","@id":"https:\/\/acninternational.org\/fr\/bresil-du-materiel-pour-proteger-les-pretres-pendant-la-pandemie-de-coronavirus\/#primaryimage","url":"https:\/\/media.acninternational.org\/wp-content\/uploads\/2020\/12\/Brazil.jpg","contentUrl":"https:\/\/media.acninternational.org\/wp-content\/uploads\/2020\/12\/Brazil.jpg","width":1400,"height":438},{"@type":"BreadcrumbList","@id":"https:\/\/acninternational.org\/fr\/bresil-du-materiel-pour-proteger-les-pretres-pendant-la-pandemie-de-coronavirus\/#breadcrumb","itemListElement":[{"@type":"ListItem","position":1,"name":"Home","item":"https:\/\/acninternational.org\/fr\/"},{"@type":"ListItem","position":2,"name":"Nouvelles","item":"https:\/\/acninternational.org\/fr\/category\/news-fr\/"},{"@type":"ListItem","position":3,"name":"Br\u00e9sil: du mat\u00e9riel pour prot\u00e9ger les pr\u00eatres pendant la pand\u00e9mie de Coronavirus"}]},{"@type":"WebSite","@id":"https:\/\/acninternational.org\/fr\/#website","url":"https:\/\/acninternational.org\/fr\/","name":"ACN International","description":"","publisher":{"@id":"https:\/\/acninternational.org\/fr\/#organization"},"potentialAction":[{"@type":"SearchAction","target":{"@type":"EntryPoint","urlTemplate":"https:\/\/acninternational.org\/fr\/?s={search_term_string}"},"query-input":{"@type":"PropertyValueSpecification","valueRequired":true,"valueName":"search_term_string"}}],"inLanguage":"fr-FR"},{"@type":"Organization","@id":"https:\/\/acninternational.org\/fr\/#organization","name":"Aid to the Church in Need International","url":"https:\/\/acninternational.org\/fr\/","logo":{"@type":"ImageObject","inLanguage":"fr-FR","@id":"https:\/\/acninternational.org\/fr\/#\/schema\/logo\/image\/","url":"https:\/\/media.acninternational.org\/wp-content\/uploads\/2019\/11\/acn_logo_blackvector.svg","contentUrl":"https:\/\/media.acninternational.org\/wp-content\/uploads\/2019\/11\/acn_logo_blackvector.svg","width":232.6,"height":78,"caption":"Aid to the Church in Need International"},"image":{"@id":"https:\/\/acninternational.org\/fr\/#\/schema\/logo\/image\/"},"sameAs":["https:\/\/www.facebook.com\/acninternationalorg","https:\/\/x.com\/acn_int","https:\/\/www.youtube.com\/channel\/UCQ-077gS0TnVzkhHmf1opZw","https:\/\/www.instagram.com\/acn_international\/"]},{"@type":"Person","@id":"https:\/\/acninternational.org\/fr\/#\/schema\/person\/7f3dafb236b242fb2aa46be1411fd703","name":"ACN Press Team","description":"Lorem ipsum dolor sit amet, consectetur adipiscing elit, sed do eiusmod tempor incididunt ut labore et dolore magna aliqua. Ut enim ad minim veniam, quis nostrud exercitation ullamco laboris nisi ut aliquip ex ea commodo consequat.","url":"https:\/\/acninternational.org\/fr\/author\/acn-press-team\/"}]}},"_links":{"self":[{"href":"https:\/\/acninternational.org\/fr\/wp-json\/wp\/v2\/posts\/145756","targetHints":{"allow":["GET"]}}],"collection":[{"href":"https:\/\/acninternational.org\/fr\/wp-json\/wp\/v2\/posts"}],"about":[{"href":"https:\/\/acninternational.org\/fr\/wp-json\/wp\/v2\/types\/post"}],"author":[{"embeddable":true,"href":"https:\/\/acninternational.org\/fr\/wp-json\/wp\/v2\/users\/4258341447"}],"replies":[{"embeddable":true,"href":"https:\/\/acninternational.org\/fr\/wp-json\/wp\/v2\/comments?post=145756"}],"version-history":[{"count":0,"href":"https:\/\/acninternational.org\/fr\/wp-json\/wp\/v2\/posts\/145756\/revisions"}],"wp:featuredmedia":[{"embeddable":true,"href":"https:\/\/acninternational.org\/fr\/wp-json\/wp\/v2\/media\/145746"}],"wp:attachment":[{"href":"https:\/\/acninternational.org\/fr\/wp-json\/wp\/v2\/media?parent=145756"}],"wp:term":[{"taxonomy":"category","embeddable":true,"href":"https:\/\/acninternational.org\/fr\/wp-json\/wp\/v2\/categories?post=145756"},{"taxonomy":"post_tag","embeddable":true,"href":"https:\/\/acninternational.org\/fr\/wp-json\/wp\/v2\/tags?post=145756"},{"taxonomy":"country","embeddable":true,"href":"https:\/\/acninternational.org\/fr\/wp-json\/wp\/v2\/country?post=145756"}],"curies":[{"name":"wp","href":"https:\/\/api.w.org\/{rel}","templated":true}]}}