{"id":145125,"date":"2020-11-19T10:16:19","date_gmt":"2020-11-19T09:16:19","guid":{"rendered":"https:\/\/acninternational.org\/?p=145125"},"modified":"2020-11-19T10:29:16","modified_gmt":"2020-11-19T09:29:16","slug":"le-peuple-syrien-est-brutalement-pauperise","status":"publish","type":"post","link":"https:\/\/acninternational.org\/fr\/le-peuple-syrien-est-brutalement-pauperise\/","title":{"rendered":"\u00ab Le peuple syrien est brutalement paup\u00e9ris\u00e9 \u00bb"},"content":{"rendered":"<p><strong><em>Entretien avec Mgr Antoine Audo SJ, \u00e9v\u00eaque chald\u00e9en d\u2019Alep en Syrie<\/em><\/strong><\/p>\n<p><strong>\u00a0<\/strong><strong>En Europe et dans les pays occidentaux, quasiment plus personne ne parle de la Syrie. La guerre est-elle vraiment finie\u00a0?<\/strong><\/p>\n<p>Non, la guerre n\u2019est pas encore termin\u00e9e, en particulier \u00e0 Idlib, pr\u00e8s d\u2019Alep, et dans la r\u00e9gion de Jazira, dans le nord-est de la Syrie. La violence dans la partie nord affecte toute la Syrie, et le peuple syrien est plong\u00e9 dans la mis\u00e8re.<\/p>\n<figure id=\"attachment_145107\" aria-describedby=\"caption-attachment-145107\" style=\"width: 670px\" class=\"wp-caption alignnone\"><img loading=\"lazy\" decoding=\"async\" class=\"wp-image-145107 size-full\" src=\"https:\/\/media.acninternational.org\/wp-content\/uploads\/2020\/11\/Chaldean-Bishop-of-Aleppo-in-Syria-Antoine-Audo.jpg\" alt=\"Mgr Antoine Audo SJ, \u00e9v\u00eaque chald\u00e9en d\u2019Alep en Syrie.\" width=\"670\" height=\"400\" srcset=\"https:\/\/media.acninternational.org\/wp-content\/uploads\/2020\/11\/Chaldean-Bishop-of-Aleppo-in-Syria-Antoine-Audo.jpg 670w, https:\/\/media.acninternational.org\/wp-content\/uploads\/2020\/11\/Chaldean-Bishop-of-Aleppo-in-Syria-Antoine-Audo-300x179.jpg 300w\" sizes=\"auto, (max-width: 670px) 100vw, 670px\" \/><figcaption id=\"caption-attachment-145107\" class=\"wp-caption-text\">Mgr Antoine Audo SJ, \u00e9v\u00eaque chald\u00e9en d\u2019Alep en Syrie.<\/figcaption><\/figure>\n<p><strong>Pourquoi pensez-vous que la communaut\u00e9 internationale a oubli\u00e9 la Syrie\u00a0?<\/strong><\/p>\n<p>Les grandes puissances ont atteint ce qu\u2019elles cherchaient\u00a0: l\u2019affaiblissement de l\u2019\u00c9tat syrien, l\u2019exploitation du p\u00e9trole par les US-am\u00e9ricains dans la r\u00e9gion de Jazira et l\u2019\u00e9tablissement des turcs dans notre pays, \u00e0 Idlib et dans la r\u00e9gion de Jazira. L\u2019\u00e9conomie syrienne est aujourd\u2019hui compl\u00e8tement d\u00e9truite et le peuple syrien brutalement paup\u00e9ris\u00e9.<\/p>\n<p><strong>La reconstruction est-elle en cours, l\u00e0 o\u00f9 cela est possible\u00a0?\u00a0<\/strong><\/p>\n<p>La reconstruction progresse timidement : on la constate dans les magasins et les souks de la vieille ville d\u2019Alep, ainsi que dans certaines maisons. Mais le grave probl\u00e8me du manque d\u2019\u00e9lectricit\u00e9 et de carburant emp\u00eache un v\u00e9ritable red\u00e9marrage de l\u2019\u00e9conomie et de la reconstruction.<\/p>\n<p><strong>Le Covid-19 affecte-t-il gravement les gens\u00a0? Et si oui, comment\u00a0?<\/strong><\/p>\n<p>La menace est permanente. Nos h\u00f4pitaux manquent d\u2019\u00e9quipement, nous manquons vraiment des moyens de contr\u00f4le en raison de la pauvret\u00e9 g\u00e9n\u00e9rale. Mais nous pouvons dire que, malgr\u00e9 tout, jusqu\u2019\u00e0 pr\u00e9sent, l\u2019\u00e9pid\u00e9mie aurait pu \u00eatre bien pire.<\/p>\n<p><img loading=\"lazy\" decoding=\"async\" class=\"alignnone size-full wp-image-143829\" src=\"https:\/\/media.acninternational.org\/wp-content\/uploads\/2020\/10\/acn_syria_Franciscan-Friars-giving-hope-to-Christians-living-under-the-Sharia-in-Idlib-province-3.jpg\" alt=\"\" width=\"670\" height=\"400\" srcset=\"https:\/\/media.acninternational.org\/wp-content\/uploads\/2020\/10\/acn_syria_Franciscan-Friars-giving-hope-to-Christians-living-under-the-Sharia-in-Idlib-province-3.jpg 670w, https:\/\/media.acninternational.org\/wp-content\/uploads\/2020\/10\/acn_syria_Franciscan-Friars-giving-hope-to-Christians-living-under-the-Sharia-in-Idlib-province-3-300x179.jpg 300w\" sizes=\"auto, (max-width: 670px) 100vw, 670px\" \/><\/p>\n<p>&nbsp;<\/p>\n<p><strong>L\u2019AED offre une assistance m\u00e9dicale aux chr\u00e9tiens d\u2019Alep. Quels sont les besoins et pourquoi ce soutien est-il important\u00a0?<\/strong><\/p>\n<p>Cette aide, dont je suis responsable au nom des \u00e9v\u00eaques catholiques d\u2019Alep, est tr\u00e8s importante parce qu\u2019elle permet d\u2019aider r\u00e9guli\u00e8rement les chr\u00e9tiens \u00e0 \u00eatre op\u00e9r\u00e9s dans les h\u00f4pitaux. Nous en sommes tr\u00e8s reconnaissants \u00e0 l\u2019AED. Le soutien de l\u2019AED couvre jusqu\u2019\u00e0 70% du co\u00fbt des op\u00e9rations chirurgicales.<\/p>\n<p><strong>Nous avons appris le retour de familles chr\u00e9tiennes en Syrie. D\u2019o\u00f9 viennent-elles\u00a0? d\u2019autres endroits de Syrie, de Turquie, du Liban&#8230;\u00a0?<\/strong><\/p>\n<p>Le retour d\u00e9pend des r\u00e9gions et de la situation \u00e9conomique du pays d\u2019origine. Le retour actuel du Liban est d\u00fb \u00e0 la crise \u00e9conomique. A Alep, nous n\u2019avons pas de ph\u00e9nom\u00e8ne massif de retour. Peut-\u00eatre y a-t-il plus de retours sur la c\u00f4te\u2026\u00a0?<\/p>\n<p><strong>Quel est l\u2019avenir de la communaut\u00e9 chr\u00e9tienne en Syrie\u00a0?<\/strong><\/p>\n<p>Nous faisons de notre mieux, en tant que responsables eccl\u00e9siaux, pour maintenir notre pr\u00e9sence. La preuve en est la reconstruction d\u2019\u00e9glises, de maisons et d\u2019\u00e9coles dans toute la Syrie et en particulier \u00e0 Alep, notamment avec l\u2019aide de la Fondation AED. Notre avenir, m\u00eame en tant que minorit\u00e9, d\u00e9pendra de savoir si nous sommes une \u00c9glise vivante et fid\u00e8le \u00e0 la gr\u00e2ce re\u00e7ue par le bapt\u00eame.<\/p>\n","protected":false},"excerpt":{"rendered":"<p>Entretien avec Mgr Antoine Audo SJ, \u00e9v\u00eaque chald\u00e9en d\u2019Alep en Syrie \u00a0En Europe et dans les pays occidentaux, quasiment plus<\/p>\n","protected":false},"author":4258341447,"featured_media":145113,"comment_status":"closed","ping_status":"closed","sticky":false,"template":"","format":"standard","meta":{"_acf_changed":false,"_acn_coauthor_ids":[],"footnotes":""},"categories":[233],"tags":[],"country":[819,852],"class_list":["post-145125","post","type-post","status-publish","format-standard","has-post-thumbnail","hentry","category-non-classifiee","country-syrie","country-syrien"],"acn_coauthors":[],"acf":[],"yoast_head":"<!-- This site is optimized with the Yoast SEO Premium plugin v27.3 (Yoast SEO v27.3) - https:\/\/yoast.com\/product\/yoast-seo-premium-wordpress\/ -->\n<title>\u00ab Le peuple syrien est brutalement paup\u00e9ris\u00e9 \u00bb<\/title>\n<meta name=\"description\" content=\"Cette aide, dont je suis responsable au nom des \u00e9v\u00eaques catholiques d\u2019Alep, est tr\u00e8s importante parce qu\u2019elle permet d\u2019aider r\u00e9guli\u00e8rement les chr\u00e9tiens \u00e0 \u00eatre op\u00e9r\u00e9s dans les h\u00f4pitaux. Nous en sommes tr\u00e8s reconnaissants \u00e0 l\u2019AED. Le soutien de l\u2019AED couvre jusqu\u2019\u00e0 70% du co\u00fbt des op\u00e9rations chirurgicales.\" \/>\n<meta name=\"robots\" content=\"index, follow, max-snippet:-1, max-image-preview:large, max-video-preview:-1\" \/>\n<link rel=\"canonical\" href=\"https:\/\/acninternational.org\/fr\/le-peuple-syrien-est-brutalement-pauperise\/\" \/>\n<meta property=\"og:locale\" content=\"fr_FR\" \/>\n<meta property=\"og:type\" content=\"article\" \/>\n<meta property=\"og:title\" content=\"\u00ab Le peuple syrien est brutalement paup\u00e9ris\u00e9 \u00bb\" \/>\n<meta property=\"og:description\" content=\"Cette aide, dont je suis responsable au nom des \u00e9v\u00eaques catholiques d\u2019Alep, est tr\u00e8s importante parce qu\u2019elle permet d\u2019aider r\u00e9guli\u00e8rement les chr\u00e9tiens \u00e0 \u00eatre op\u00e9r\u00e9s dans les h\u00f4pitaux. Nous en sommes tr\u00e8s reconnaissants \u00e0 l\u2019AED. Le soutien de l\u2019AED couvre jusqu\u2019\u00e0 70% du co\u00fbt des op\u00e9rations chirurgicales.\" \/>\n<meta property=\"og:url\" content=\"https:\/\/acninternational.org\/fr\/le-peuple-syrien-est-brutalement-pauperise\/\" \/>\n<meta property=\"og:site_name\" content=\"ACN International\" \/>\n<meta property=\"article:publisher\" content=\"https:\/\/www.facebook.com\/acninternationalorg\" \/>\n<meta property=\"article:published_time\" content=\"2020-11-19T09:16:19+00:00\" \/>\n<meta property=\"article:modified_time\" content=\"2020-11-19T09:29:16+00:00\" \/>\n<meta property=\"og:image\" content=\"https:\/\/media.acninternational.org\/wp-content\/uploads\/2020\/11\/Syria_thank-you-acn.jpg\" \/>\n\t<meta property=\"og:image:width\" content=\"1400\" \/>\n\t<meta property=\"og:image:height\" content=\"438\" \/>\n\t<meta property=\"og:image:type\" content=\"image\/jpeg\" \/>\n<meta name=\"author\" content=\"ACN Press Team\" \/>\n<meta name=\"twitter:card\" content=\"summary_large_image\" \/>\n<meta name=\"twitter:creator\" content=\"@acn_int\" \/>\n<meta name=\"twitter:site\" content=\"@acn_int\" \/>\n<meta name=\"twitter:label1\" content=\"\u00c9crit par\" \/>\n\t<meta name=\"twitter:data1\" content=\"ACN Press Team\" \/>\n\t<meta name=\"twitter:label2\" content=\"Dur\u00e9e de lecture estim\u00e9e\" \/>\n\t<meta name=\"twitter:data2\" content=\"3 minutes\" \/>\n<script type=\"application\/ld+json\" class=\"yoast-schema-graph\">{\"@context\":\"https:\\\/\\\/schema.org\",\"@graph\":[{\"@type\":\"Article\",\"@id\":\"https:\\\/\\\/acninternational.org\\\/fr\\\/le-peuple-syrien-est-brutalement-pauperise\\\/#article\",\"isPartOf\":{\"@id\":\"https:\\\/\\\/acninternational.org\\\/fr\\\/le-peuple-syrien-est-brutalement-pauperise\\\/\"},\"author\":{\"name\":\"ACN Press Team\",\"@id\":\"https:\\\/\\\/acninternational.org\\\/fr\\\/#\\\/schema\\\/person\\\/7f3dafb236b242fb2aa46be1411fd703\"},\"headline\":\"\u00ab Le peuple syrien est brutalement paup\u00e9ris\u00e9 \u00bb\",\"datePublished\":\"2020-11-19T09:16:19+00:00\",\"dateModified\":\"2020-11-19T09:29:16+00:00\",\"mainEntityOfPage\":{\"@id\":\"https:\\\/\\\/acninternational.org\\\/fr\\\/le-peuple-syrien-est-brutalement-pauperise\\\/\"},\"wordCount\":538,\"publisher\":{\"@id\":\"https:\\\/\\\/acninternational.org\\\/fr\\\/#organization\"},\"image\":{\"@id\":\"https:\\\/\\\/acninternational.org\\\/fr\\\/le-peuple-syrien-est-brutalement-pauperise\\\/#primaryimage\"},\"thumbnailUrl\":\"https:\\\/\\\/media.acninternational.org\\\/wp-content\\\/uploads\\\/2020\\\/11\\\/Syria_thank-you-acn.jpg\",\"articleSection\":[\"Non classifi\u00e9(e)\"],\"inLanguage\":\"fr-FR\"},{\"@type\":\"WebPage\",\"@id\":\"https:\\\/\\\/acninternational.org\\\/fr\\\/le-peuple-syrien-est-brutalement-pauperise\\\/\",\"url\":\"https:\\\/\\\/acninternational.org\\\/fr\\\/le-peuple-syrien-est-brutalement-pauperise\\\/\",\"name\":\"\u00ab Le peuple syrien est brutalement paup\u00e9ris\u00e9 \u00bb\",\"isPartOf\":{\"@id\":\"https:\\\/\\\/acninternational.org\\\/fr\\\/#website\"},\"primaryImageOfPage\":{\"@id\":\"https:\\\/\\\/acninternational.org\\\/fr\\\/le-peuple-syrien-est-brutalement-pauperise\\\/#primaryimage\"},\"image\":{\"@id\":\"https:\\\/\\\/acninternational.org\\\/fr\\\/le-peuple-syrien-est-brutalement-pauperise\\\/#primaryimage\"},\"thumbnailUrl\":\"https:\\\/\\\/media.acninternational.org\\\/wp-content\\\/uploads\\\/2020\\\/11\\\/Syria_thank-you-acn.jpg\",\"datePublished\":\"2020-11-19T09:16:19+00:00\",\"dateModified\":\"2020-11-19T09:29:16+00:00\",\"description\":\"Cette aide, dont je suis responsable au nom des \u00e9v\u00eaques catholiques d\u2019Alep, est tr\u00e8s importante parce qu\u2019elle permet d\u2019aider r\u00e9guli\u00e8rement les chr\u00e9tiens \u00e0 \u00eatre op\u00e9r\u00e9s dans les h\u00f4pitaux. Nous en sommes tr\u00e8s reconnaissants \u00e0 l\u2019AED. Le soutien de l\u2019AED couvre jusqu\u2019\u00e0 70% du co\u00fbt des op\u00e9rations chirurgicales.\",\"breadcrumb\":{\"@id\":\"https:\\\/\\\/acninternational.org\\\/fr\\\/le-peuple-syrien-est-brutalement-pauperise\\\/#breadcrumb\"},\"inLanguage\":\"fr-FR\",\"potentialAction\":[{\"@type\":\"ReadAction\",\"target\":[\"https:\\\/\\\/acninternational.org\\\/fr\\\/le-peuple-syrien-est-brutalement-pauperise\\\/\"]}]},{\"@type\":\"ImageObject\",\"inLanguage\":\"fr-FR\",\"@id\":\"https:\\\/\\\/acninternational.org\\\/fr\\\/le-peuple-syrien-est-brutalement-pauperise\\\/#primaryimage\",\"url\":\"https:\\\/\\\/media.acninternational.org\\\/wp-content\\\/uploads\\\/2020\\\/11\\\/Syria_thank-you-acn.jpg\",\"contentUrl\":\"https:\\\/\\\/media.acninternational.org\\\/wp-content\\\/uploads\\\/2020\\\/11\\\/Syria_thank-you-acn.jpg\",\"width\":1400,\"height\":438},{\"@type\":\"BreadcrumbList\",\"@id\":\"https:\\\/\\\/acninternational.org\\\/fr\\\/le-peuple-syrien-est-brutalement-pauperise\\\/#breadcrumb\",\"itemListElement\":[{\"@type\":\"ListItem\",\"position\":1,\"name\":\"Home\",\"item\":\"https:\\\/\\\/acninternational.org\\\/fr\\\/\"},{\"@type\":\"ListItem\",\"position\":2,\"name\":\"Interview\",\"item\":\"https:\\\/\\\/acninternational.org\\\/fr\\\/category\\\/interview-2-fr\\\/\"},{\"@type\":\"ListItem\",\"position\":3,\"name\":\"\u00ab Le peuple syrien est brutalement paup\u00e9ris\u00e9 \u00bb\"}]},{\"@type\":\"WebSite\",\"@id\":\"https:\\\/\\\/acninternational.org\\\/fr\\\/#website\",\"url\":\"https:\\\/\\\/acninternational.org\\\/fr\\\/\",\"name\":\"ACN International\",\"description\":\"\",\"publisher\":{\"@id\":\"https:\\\/\\\/acninternational.org\\\/fr\\\/#organization\"},\"potentialAction\":[{\"@type\":\"SearchAction\",\"target\":{\"@type\":\"EntryPoint\",\"urlTemplate\":\"https:\\\/\\\/acninternational.org\\\/fr\\\/?s={search_term_string}\"},\"query-input\":{\"@type\":\"PropertyValueSpecification\",\"valueRequired\":true,\"valueName\":\"search_term_string\"}}],\"inLanguage\":\"fr-FR\"},{\"@type\":\"Organization\",\"@id\":\"https:\\\/\\\/acninternational.org\\\/fr\\\/#organization\",\"name\":\"Aid to the Church in Need International\",\"url\":\"https:\\\/\\\/acninternational.org\\\/fr\\\/\",\"logo\":{\"@type\":\"ImageObject\",\"inLanguage\":\"fr-FR\",\"@id\":\"https:\\\/\\\/acninternational.org\\\/fr\\\/#\\\/schema\\\/logo\\\/image\\\/\",\"url\":\"https:\\\/\\\/media.acninternational.org\\\/wp-content\\\/uploads\\\/2019\\\/11\\\/acn_logo_blackvector.svg\",\"contentUrl\":\"https:\\\/\\\/media.acninternational.org\\\/wp-content\\\/uploads\\\/2019\\\/11\\\/acn_logo_blackvector.svg\",\"width\":232.6,\"height\":78,\"caption\":\"Aid to the Church in Need International\"},\"image\":{\"@id\":\"https:\\\/\\\/acninternational.org\\\/fr\\\/#\\\/schema\\\/logo\\\/image\\\/\"},\"sameAs\":[\"https:\\\/\\\/www.facebook.com\\\/acninternationalorg\",\"https:\\\/\\\/x.com\\\/acn_int\",\"https:\\\/\\\/www.youtube.com\\\/channel\\\/UCQ-077gS0TnVzkhHmf1opZw\",\"https:\\\/\\\/www.instagram.com\\\/acn_international\\\/\"]},{\"@type\":\"Person\",\"@id\":\"https:\\\/\\\/acninternational.org\\\/fr\\\/#\\\/schema\\\/person\\\/7f3dafb236b242fb2aa46be1411fd703\",\"name\":\"ACN Press Team\",\"description\":\"Lorem ipsum dolor sit amet, consectetur adipiscing elit, sed do eiusmod tempor incididunt ut labore et dolore magna aliqua. Ut enim ad minim veniam, quis nostrud exercitation ullamco laboris nisi ut aliquip ex ea commodo consequat.\",\"url\":\"https:\\\/\\\/acninternational.org\\\/fr\\\/author\\\/acn-press-team\\\/\"}]}<\/script>\n<!-- \/ Yoast SEO Premium plugin. -->","yoast_head_json":{"title":"\u00ab Le peuple syrien est brutalement paup\u00e9ris\u00e9 \u00bb","description":"Cette aide, dont je suis responsable au nom des \u00e9v\u00eaques catholiques d\u2019Alep, est tr\u00e8s importante parce qu\u2019elle permet d\u2019aider r\u00e9guli\u00e8rement les chr\u00e9tiens \u00e0 \u00eatre op\u00e9r\u00e9s dans les h\u00f4pitaux. Nous en sommes tr\u00e8s reconnaissants \u00e0 l\u2019AED. Le soutien de l\u2019AED couvre jusqu\u2019\u00e0 70% du co\u00fbt des op\u00e9rations chirurgicales.","robots":{"index":"index","follow":"follow","max-snippet":"max-snippet:-1","max-image-preview":"max-image-preview:large","max-video-preview":"max-video-preview:-1"},"canonical":"https:\/\/acninternational.org\/fr\/le-peuple-syrien-est-brutalement-pauperise\/","og_locale":"fr_FR","og_type":"article","og_title":"\u00ab Le peuple syrien est brutalement paup\u00e9ris\u00e9 \u00bb","og_description":"Cette aide, dont je suis responsable au nom des \u00e9v\u00eaques catholiques d\u2019Alep, est tr\u00e8s importante parce qu\u2019elle permet d\u2019aider r\u00e9guli\u00e8rement les chr\u00e9tiens \u00e0 \u00eatre op\u00e9r\u00e9s dans les h\u00f4pitaux. Nous en sommes tr\u00e8s reconnaissants \u00e0 l\u2019AED. Le soutien de l\u2019AED couvre jusqu\u2019\u00e0 70% du co\u00fbt des op\u00e9rations chirurgicales.","og_url":"https:\/\/acninternational.org\/fr\/le-peuple-syrien-est-brutalement-pauperise\/","og_site_name":"ACN International","article_publisher":"https:\/\/www.facebook.com\/acninternationalorg","article_published_time":"2020-11-19T09:16:19+00:00","article_modified_time":"2020-11-19T09:29:16+00:00","og_image":[{"width":1400,"height":438,"url":"https:\/\/media.acninternational.org\/wp-content\/uploads\/2020\/11\/Syria_thank-you-acn.jpg","type":"image\/jpeg"}],"author":"ACN Press Team","twitter_card":"summary_large_image","twitter_creator":"@acn_int","twitter_site":"@acn_int","twitter_misc":{"\u00c9crit par":"ACN Press Team","Dur\u00e9e de lecture estim\u00e9e":"3 minutes"},"schema":{"@context":"https:\/\/schema.org","@graph":[{"@type":"Article","@id":"https:\/\/acninternational.org\/fr\/le-peuple-syrien-est-brutalement-pauperise\/#article","isPartOf":{"@id":"https:\/\/acninternational.org\/fr\/le-peuple-syrien-est-brutalement-pauperise\/"},"author":{"name":"ACN Press Team","@id":"https:\/\/acninternational.org\/fr\/#\/schema\/person\/7f3dafb236b242fb2aa46be1411fd703"},"headline":"\u00ab Le peuple syrien est brutalement paup\u00e9ris\u00e9 \u00bb","datePublished":"2020-11-19T09:16:19+00:00","dateModified":"2020-11-19T09:29:16+00:00","mainEntityOfPage":{"@id":"https:\/\/acninternational.org\/fr\/le-peuple-syrien-est-brutalement-pauperise\/"},"wordCount":538,"publisher":{"@id":"https:\/\/acninternational.org\/fr\/#organization"},"image":{"@id":"https:\/\/acninternational.org\/fr\/le-peuple-syrien-est-brutalement-pauperise\/#primaryimage"},"thumbnailUrl":"https:\/\/media.acninternational.org\/wp-content\/uploads\/2020\/11\/Syria_thank-you-acn.jpg","articleSection":["Non classifi\u00e9(e)"],"inLanguage":"fr-FR"},{"@type":"WebPage","@id":"https:\/\/acninternational.org\/fr\/le-peuple-syrien-est-brutalement-pauperise\/","url":"https:\/\/acninternational.org\/fr\/le-peuple-syrien-est-brutalement-pauperise\/","name":"\u00ab Le peuple syrien est brutalement paup\u00e9ris\u00e9 \u00bb","isPartOf":{"@id":"https:\/\/acninternational.org\/fr\/#website"},"primaryImageOfPage":{"@id":"https:\/\/acninternational.org\/fr\/le-peuple-syrien-est-brutalement-pauperise\/#primaryimage"},"image":{"@id":"https:\/\/acninternational.org\/fr\/le-peuple-syrien-est-brutalement-pauperise\/#primaryimage"},"thumbnailUrl":"https:\/\/media.acninternational.org\/wp-content\/uploads\/2020\/11\/Syria_thank-you-acn.jpg","datePublished":"2020-11-19T09:16:19+00:00","dateModified":"2020-11-19T09:29:16+00:00","description":"Cette aide, dont je suis responsable au nom des \u00e9v\u00eaques catholiques d\u2019Alep, est tr\u00e8s importante parce qu\u2019elle permet d\u2019aider r\u00e9guli\u00e8rement les chr\u00e9tiens \u00e0 \u00eatre op\u00e9r\u00e9s dans les h\u00f4pitaux. Nous en sommes tr\u00e8s reconnaissants \u00e0 l\u2019AED. Le soutien de l\u2019AED couvre jusqu\u2019\u00e0 70% du co\u00fbt des op\u00e9rations chirurgicales.","breadcrumb":{"@id":"https:\/\/acninternational.org\/fr\/le-peuple-syrien-est-brutalement-pauperise\/#breadcrumb"},"inLanguage":"fr-FR","potentialAction":[{"@type":"ReadAction","target":["https:\/\/acninternational.org\/fr\/le-peuple-syrien-est-brutalement-pauperise\/"]}]},{"@type":"ImageObject","inLanguage":"fr-FR","@id":"https:\/\/acninternational.org\/fr\/le-peuple-syrien-est-brutalement-pauperise\/#primaryimage","url":"https:\/\/media.acninternational.org\/wp-content\/uploads\/2020\/11\/Syria_thank-you-acn.jpg","contentUrl":"https:\/\/media.acninternational.org\/wp-content\/uploads\/2020\/11\/Syria_thank-you-acn.jpg","width":1400,"height":438},{"@type":"BreadcrumbList","@id":"https:\/\/acninternational.org\/fr\/le-peuple-syrien-est-brutalement-pauperise\/#breadcrumb","itemListElement":[{"@type":"ListItem","position":1,"name":"Home","item":"https:\/\/acninternational.org\/fr\/"},{"@type":"ListItem","position":2,"name":"Interview","item":"https:\/\/acninternational.org\/fr\/category\/interview-2-fr\/"},{"@type":"ListItem","position":3,"name":"\u00ab Le peuple syrien est brutalement paup\u00e9ris\u00e9 \u00bb"}]},{"@type":"WebSite","@id":"https:\/\/acninternational.org\/fr\/#website","url":"https:\/\/acninternational.org\/fr\/","name":"ACN International","description":"","publisher":{"@id":"https:\/\/acninternational.org\/fr\/#organization"},"potentialAction":[{"@type":"SearchAction","target":{"@type":"EntryPoint","urlTemplate":"https:\/\/acninternational.org\/fr\/?s={search_term_string}"},"query-input":{"@type":"PropertyValueSpecification","valueRequired":true,"valueName":"search_term_string"}}],"inLanguage":"fr-FR"},{"@type":"Organization","@id":"https:\/\/acninternational.org\/fr\/#organization","name":"Aid to the Church in Need International","url":"https:\/\/acninternational.org\/fr\/","logo":{"@type":"ImageObject","inLanguage":"fr-FR","@id":"https:\/\/acninternational.org\/fr\/#\/schema\/logo\/image\/","url":"https:\/\/media.acninternational.org\/wp-content\/uploads\/2019\/11\/acn_logo_blackvector.svg","contentUrl":"https:\/\/media.acninternational.org\/wp-content\/uploads\/2019\/11\/acn_logo_blackvector.svg","width":232.6,"height":78,"caption":"Aid to the Church in Need International"},"image":{"@id":"https:\/\/acninternational.org\/fr\/#\/schema\/logo\/image\/"},"sameAs":["https:\/\/www.facebook.com\/acninternationalorg","https:\/\/x.com\/acn_int","https:\/\/www.youtube.com\/channel\/UCQ-077gS0TnVzkhHmf1opZw","https:\/\/www.instagram.com\/acn_international\/"]},{"@type":"Person","@id":"https:\/\/acninternational.org\/fr\/#\/schema\/person\/7f3dafb236b242fb2aa46be1411fd703","name":"ACN Press Team","description":"Lorem ipsum dolor sit amet, consectetur adipiscing elit, sed do eiusmod tempor incididunt ut labore et dolore magna aliqua. Ut enim ad minim veniam, quis nostrud exercitation ullamco laboris nisi ut aliquip ex ea commodo consequat.","url":"https:\/\/acninternational.org\/fr\/author\/acn-press-team\/"}]}},"_links":{"self":[{"href":"https:\/\/acninternational.org\/fr\/wp-json\/wp\/v2\/posts\/145125","targetHints":{"allow":["GET"]}}],"collection":[{"href":"https:\/\/acninternational.org\/fr\/wp-json\/wp\/v2\/posts"}],"about":[{"href":"https:\/\/acninternational.org\/fr\/wp-json\/wp\/v2\/types\/post"}],"author":[{"embeddable":true,"href":"https:\/\/acninternational.org\/fr\/wp-json\/wp\/v2\/users\/4258341447"}],"replies":[{"embeddable":true,"href":"https:\/\/acninternational.org\/fr\/wp-json\/wp\/v2\/comments?post=145125"}],"version-history":[{"count":0,"href":"https:\/\/acninternational.org\/fr\/wp-json\/wp\/v2\/posts\/145125\/revisions"}],"wp:featuredmedia":[{"embeddable":true,"href":"https:\/\/acninternational.org\/fr\/wp-json\/wp\/v2\/media\/145113"}],"wp:attachment":[{"href":"https:\/\/acninternational.org\/fr\/wp-json\/wp\/v2\/media?parent=145125"}],"wp:term":[{"taxonomy":"category","embeddable":true,"href":"https:\/\/acninternational.org\/fr\/wp-json\/wp\/v2\/categories?post=145125"},{"taxonomy":"post_tag","embeddable":true,"href":"https:\/\/acninternational.org\/fr\/wp-json\/wp\/v2\/tags?post=145125"},{"taxonomy":"country","embeddable":true,"href":"https:\/\/acninternational.org\/fr\/wp-json\/wp\/v2\/country?post=145125"}],"curies":[{"name":"wp","href":"https:\/\/api.w.org\/{rel}","templated":true}]}}