{"id":144001,"date":"2020-10-23T10:17:12","date_gmt":"2020-10-23T08:17:12","guid":{"rendered":"https:\/\/acninternational.org\/?p=144001"},"modified":"2020-10-23T10:22:34","modified_gmt":"2020-10-23T08:22:34","slug":"pakistan-journees-de-retraite-pour-les-55-pretres-du-diocese-de-faisalabad","status":"publish","type":"post","link":"https:\/\/acninternational.org\/fr\/pakistan-journees-de-retraite-pour-les-55-pretres-du-diocese-de-faisalabad\/","title":{"rendered":"Pakistan: journ\u00e9es de retraite pour les 55 pr\u00eatres du dioc\u00e8se de Faisalabad"},"content":{"rendered":"<p>Partout dans le monde, les pr\u00eatres sont confront\u00e9s \u00e0 de nombreux d\u00e9fis. Au Pakistan, leur travail est particuli\u00e8rement difficile\u00a0: non seulement ils ont souvent d\u2019immenses zones \u00e0 desservir, mais ils subissent aussi des pressions permanentes. La plupart d\u2019entre eux ont d\u00e9j\u00e0 re\u00e7u des appels et lettres de menaces. La menace islamiste est toujours pr\u00e9sente. Leurs fid\u00e8les sont \u00e9galement soumis \u00e0 de nombreux actes d\u2019hostilit\u00e9 et \u00e0 des discriminations. La plupart des chr\u00e9tiens sont tout en bas de l\u2019\u00e9chelle sociale et sont pauvres et sans d\u00e9fense. Ils \u00a0attendent une aide pastorale et spirituelle de leurs pr\u00eatres, lesquels sont aussi leurs premiers, voire uniques interlocuteurs, dans tous leurs probl\u00e8mes et toutes leurs d\u00e9tresses. Cette ann\u00e9e, la pand\u00e9mie de Coronavirus s\u2019est ajout\u00e9e \u00e0 tous ces probl\u00e8mes, rendant encore plus difficile le travail des pr\u00eatres.<\/p>\n<p><img loading=\"lazy\" decoding=\"async\" class=\"alignnone size-full wp-image-143986\" src=\"https:\/\/media.acninternational.org\/wp-content\/uploads\/2020\/10\/acn_pakistan_retreats-for-the-fifty-five-priests-of-the-diocese-of-Faisalabad-2.jpg\" alt=\"\" width=\"670\" height=\"400\" srcset=\"https:\/\/media.acninternational.org\/wp-content\/uploads\/2020\/10\/acn_pakistan_retreats-for-the-fifty-five-priests-of-the-diocese-of-Faisalabad-2.jpg 670w, https:\/\/media.acninternational.org\/wp-content\/uploads\/2020\/10\/acn_pakistan_retreats-for-the-fifty-five-priests-of-the-diocese-of-Faisalabad-2-300x179.jpg 300w\" sizes=\"auto, (max-width: 670px) 100vw, 670px\" \/><\/p>\n<p>Le dioc\u00e8se de Faisalabad a \u00e9t\u00e9 particuli\u00e8rement touch\u00e9. Mais heureusement, la situation s\u2019est peu \u00e0 peu calm\u00e9e. Ainsi, en novembre, les pr\u00eatres du dioc\u00e8se pourront avoir leurs journ\u00e9es annuelles de retraite. Elles servent \u00e0 renforcer et revitaliser la vocation des pr\u00eatres et \u00e0 leur permettre de refaire le plein de force. En plus d\u2019\u00eatre une occasion de b\u00e9n\u00e9ficier d\u2019une formation continue et d\u2019un accompagnement spirituel, elles favorisent les \u00e9changes entre pr\u00eatres et leur cohabitation fraternelle, ce qui est \u00e9galement un \u00e9l\u00e9ment important. Ces sources de force profitent non seulement aux pr\u00eatres eux-m\u00eames, mais aussi aux fid\u00e8les dont ils ont la charge.<\/p>\n<p>Cependant, les d\u00e9placements, l\u2019h\u00e9bergement, la nourriture et le mat\u00e9riel co\u00fbtent de l\u2019argent. L\u2019AED voudrait soutenir ces journ\u00e9es de retraite, afin de renforcer les pr\u00eatres, pour un co\u00fbt total de 5.000 euros \u2013 environ 90 euros par participant.<\/p>\n","protected":false},"excerpt":{"rendered":"<p>All our Catholic priests face all kinds of challenges, all over the world. However, in Pakistan their work is often<\/p>\n","protected":false},"author":66,"featured_media":143993,"comment_status":"closed","ping_status":"closed","sticky":false,"template":"","format":"standard","meta":{"_acf_changed":false,"_acn_coauthor_ids":[],"footnotes":""},"categories":[233],"tags":[],"country":[104],"class_list":["post-144001","post","type-post","status-publish","format-standard","has-post-thumbnail","hentry","category-non-classifiee","country-pakistan"],"acn_coauthors":[],"acf":[],"yoast_head":"<!-- This site is optimized with the Yoast SEO Premium plugin v27.3 (Yoast SEO v27.3) - https:\/\/yoast.com\/product\/yoast-seo-premium-wordpress\/ -->\n<title>Pakistan: journ\u00e9es de retraite pour les 55 pr\u00eatres du dioc\u00e8se de Faisalabad | ACN International<\/title>\n<meta name=\"robots\" content=\"index, follow, max-snippet:-1, max-image-preview:large, max-video-preview:-1\" \/>\n<link rel=\"canonical\" href=\"https:\/\/acninternational.org\/fr\/pakistan-journees-de-retraite-pour-les-55-pretres-du-diocese-de-faisalabad\/\" \/>\n<meta property=\"og:locale\" content=\"fr_FR\" \/>\n<meta property=\"og:type\" content=\"article\" \/>\n<meta property=\"og:title\" content=\"Pakistan: journ\u00e9es de retraite pour les 55 pr\u00eatres du dioc\u00e8se de Faisalabad\" \/>\n<meta property=\"og:description\" content=\"All our Catholic priests face all kinds of challenges, all over the world. However, in Pakistan their work is often\" \/>\n<meta property=\"og:url\" content=\"https:\/\/acninternational.org\/fr\/pakistan-journees-de-retraite-pour-les-55-pretres-du-diocese-de-faisalabad\/\" \/>\n<meta property=\"og:site_name\" content=\"ACN International\" \/>\n<meta property=\"article:publisher\" content=\"https:\/\/www.facebook.com\/acninternationalorg\" \/>\n<meta property=\"article:published_time\" content=\"2020-10-23T08:17:12+00:00\" \/>\n<meta property=\"article:modified_time\" content=\"2020-10-23T08:22:34+00:00\" \/>\n<meta property=\"og:image\" content=\"https:\/\/media.acninternational.org\/wp-content\/uploads\/2020\/10\/acn_pakistan_retreats-for-the-fifty-five-priests-of-the-diocese-of-Faisalabad.jpg\" \/>\n\t<meta property=\"og:image:width\" content=\"2000\" \/>\n\t<meta property=\"og:image:height\" content=\"625\" \/>\n\t<meta property=\"og:image:type\" content=\"image\/jpeg\" \/>\n<meta name=\"author\" content=\"Milena\" \/>\n<meta name=\"twitter:card\" content=\"summary_large_image\" \/>\n<meta name=\"twitter:creator\" content=\"@acn_int\" \/>\n<meta name=\"twitter:site\" content=\"@acn_int\" \/>\n<meta name=\"twitter:label1\" content=\"\u00c9crit par\" \/>\n\t<meta name=\"twitter:data1\" content=\"Milena\" \/>\n\t<meta name=\"twitter:label2\" content=\"Dur\u00e9e de lecture estim\u00e9e\" \/>\n\t<meta name=\"twitter:data2\" content=\"2 minutes\" \/>\n<script type=\"application\/ld+json\" class=\"yoast-schema-graph\">{\"@context\":\"https:\\\/\\\/schema.org\",\"@graph\":[{\"@type\":\"Article\",\"@id\":\"https:\\\/\\\/acninternational.org\\\/fr\\\/pakistan-journees-de-retraite-pour-les-55-pretres-du-diocese-de-faisalabad\\\/#article\",\"isPartOf\":{\"@id\":\"https:\\\/\\\/acninternational.org\\\/fr\\\/pakistan-journees-de-retraite-pour-les-55-pretres-du-diocese-de-faisalabad\\\/\"},\"author\":{\"name\":\"Milena\",\"@id\":\"https:\\\/\\\/acninternational.org\\\/fr\\\/#\\\/schema\\\/person\\\/5a2b2930ad4475e0aa0dade4e51d9474\"},\"headline\":\"Pakistan: journ\u00e9es de retraite pour les 55 pr\u00eatres du dioc\u00e8se de Faisalabad\",\"datePublished\":\"2020-10-23T08:17:12+00:00\",\"dateModified\":\"2020-10-23T08:22:34+00:00\",\"mainEntityOfPage\":{\"@id\":\"https:\\\/\\\/acninternational.org\\\/fr\\\/pakistan-journees-de-retraite-pour-les-55-pretres-du-diocese-de-faisalabad\\\/\"},\"wordCount\":323,\"publisher\":{\"@id\":\"https:\\\/\\\/acninternational.org\\\/fr\\\/#organization\"},\"image\":{\"@id\":\"https:\\\/\\\/acninternational.org\\\/fr\\\/pakistan-journees-de-retraite-pour-les-55-pretres-du-diocese-de-faisalabad\\\/#primaryimage\"},\"thumbnailUrl\":\"https:\\\/\\\/media.acninternational.org\\\/wp-content\\\/uploads\\\/2020\\\/10\\\/acn_pakistan_retreats-for-the-fifty-five-priests-of-the-diocese-of-Faisalabad.jpg\",\"articleSection\":[\"Non classifi\u00e9(e)\"],\"inLanguage\":\"fr-FR\"},{\"@type\":\"WebPage\",\"@id\":\"https:\\\/\\\/acninternational.org\\\/fr\\\/pakistan-journees-de-retraite-pour-les-55-pretres-du-diocese-de-faisalabad\\\/\",\"url\":\"https:\\\/\\\/acninternational.org\\\/fr\\\/pakistan-journees-de-retraite-pour-les-55-pretres-du-diocese-de-faisalabad\\\/\",\"name\":\"Pakistan: journ\u00e9es de retraite pour les 55 pr\u00eatres du dioc\u00e8se de Faisalabad | ACN International\",\"isPartOf\":{\"@id\":\"https:\\\/\\\/acninternational.org\\\/fr\\\/#website\"},\"primaryImageOfPage\":{\"@id\":\"https:\\\/\\\/acninternational.org\\\/fr\\\/pakistan-journees-de-retraite-pour-les-55-pretres-du-diocese-de-faisalabad\\\/#primaryimage\"},\"image\":{\"@id\":\"https:\\\/\\\/acninternational.org\\\/fr\\\/pakistan-journees-de-retraite-pour-les-55-pretres-du-diocese-de-faisalabad\\\/#primaryimage\"},\"thumbnailUrl\":\"https:\\\/\\\/media.acninternational.org\\\/wp-content\\\/uploads\\\/2020\\\/10\\\/acn_pakistan_retreats-for-the-fifty-five-priests-of-the-diocese-of-Faisalabad.jpg\",\"datePublished\":\"2020-10-23T08:17:12+00:00\",\"dateModified\":\"2020-10-23T08:22:34+00:00\",\"breadcrumb\":{\"@id\":\"https:\\\/\\\/acninternational.org\\\/fr\\\/pakistan-journees-de-retraite-pour-les-55-pretres-du-diocese-de-faisalabad\\\/#breadcrumb\"},\"inLanguage\":\"fr-FR\",\"potentialAction\":[{\"@type\":\"ReadAction\",\"target\":[\"https:\\\/\\\/acninternational.org\\\/fr\\\/pakistan-journees-de-retraite-pour-les-55-pretres-du-diocese-de-faisalabad\\\/\"]}]},{\"@type\":\"ImageObject\",\"inLanguage\":\"fr-FR\",\"@id\":\"https:\\\/\\\/acninternational.org\\\/fr\\\/pakistan-journees-de-retraite-pour-les-55-pretres-du-diocese-de-faisalabad\\\/#primaryimage\",\"url\":\"https:\\\/\\\/media.acninternational.org\\\/wp-content\\\/uploads\\\/2020\\\/10\\\/acn_pakistan_retreats-for-the-fifty-five-priests-of-the-diocese-of-Faisalabad.jpg\",\"contentUrl\":\"https:\\\/\\\/media.acninternational.org\\\/wp-content\\\/uploads\\\/2020\\\/10\\\/acn_pakistan_retreats-for-the-fifty-five-priests-of-the-diocese-of-Faisalabad.jpg\",\"width\":2000,\"height\":625},{\"@type\":\"BreadcrumbList\",\"@id\":\"https:\\\/\\\/acninternational.org\\\/fr\\\/pakistan-journees-de-retraite-pour-les-55-pretres-du-diocese-de-faisalabad\\\/#breadcrumb\",\"itemListElement\":[{\"@type\":\"ListItem\",\"position\":1,\"name\":\"Home\",\"item\":\"https:\\\/\\\/acninternational.org\\\/fr\\\/\"},{\"@type\":\"ListItem\",\"position\":2,\"name\":\"PROJECTS\",\"item\":\"https:\\\/\\\/acninternational.org\\\/fr\\\/category\\\/projects-fr\\\/\"},{\"@type\":\"ListItem\",\"position\":3,\"name\":\"Pakistan: journ\u00e9es de retraite pour les 55 pr\u00eatres du dioc\u00e8se de Faisalabad\"}]},{\"@type\":\"WebSite\",\"@id\":\"https:\\\/\\\/acninternational.org\\\/fr\\\/#website\",\"url\":\"https:\\\/\\\/acninternational.org\\\/fr\\\/\",\"name\":\"ACN International\",\"description\":\"\",\"publisher\":{\"@id\":\"https:\\\/\\\/acninternational.org\\\/fr\\\/#organization\"},\"potentialAction\":[{\"@type\":\"SearchAction\",\"target\":{\"@type\":\"EntryPoint\",\"urlTemplate\":\"https:\\\/\\\/acninternational.org\\\/fr\\\/?s={search_term_string}\"},\"query-input\":{\"@type\":\"PropertyValueSpecification\",\"valueRequired\":true,\"valueName\":\"search_term_string\"}}],\"inLanguage\":\"fr-FR\"},{\"@type\":\"Organization\",\"@id\":\"https:\\\/\\\/acninternational.org\\\/fr\\\/#organization\",\"name\":\"Aid to the Church in Need International\",\"url\":\"https:\\\/\\\/acninternational.org\\\/fr\\\/\",\"logo\":{\"@type\":\"ImageObject\",\"inLanguage\":\"fr-FR\",\"@id\":\"https:\\\/\\\/acninternational.org\\\/fr\\\/#\\\/schema\\\/logo\\\/image\\\/\",\"url\":\"https:\\\/\\\/media.acninternational.org\\\/wp-content\\\/uploads\\\/2019\\\/11\\\/acn_logo_blackvector.svg\",\"contentUrl\":\"https:\\\/\\\/media.acninternational.org\\\/wp-content\\\/uploads\\\/2019\\\/11\\\/acn_logo_blackvector.svg\",\"width\":232.6,\"height\":78,\"caption\":\"Aid to the Church in Need International\"},\"image\":{\"@id\":\"https:\\\/\\\/acninternational.org\\\/fr\\\/#\\\/schema\\\/logo\\\/image\\\/\"},\"sameAs\":[\"https:\\\/\\\/www.facebook.com\\\/acninternationalorg\",\"https:\\\/\\\/x.com\\\/acn_int\",\"https:\\\/\\\/www.youtube.com\\\/channel\\\/UCQ-077gS0TnVzkhHmf1opZw\",\"https:\\\/\\\/www.instagram.com\\\/acn_international\\\/\"]},{\"@type\":\"Person\",\"@id\":\"https:\\\/\\\/acninternational.org\\\/fr\\\/#\\\/schema\\\/person\\\/5a2b2930ad4475e0aa0dade4e51d9474\",\"name\":\"Milena\",\"description\":\"Lorem ipsum dolor sit amet, consectetur adipiscing elit, sed do eiusmod tempor incididunt ut labore et dolore magna aliqua. Ut enim ad minim veniam, quis nostrud exercitation ullamco laboris nisi ut aliquip ex ea commodo consequat.\",\"url\":\"https:\\\/\\\/acninternational.org\\\/fr\\\/author\\\/milena\\\/\"}]}<\/script>\n<!-- \/ Yoast SEO Premium plugin. -->","yoast_head_json":{"title":"Pakistan: journ\u00e9es de retraite pour les 55 pr\u00eatres du dioc\u00e8se de Faisalabad | ACN International","robots":{"index":"index","follow":"follow","max-snippet":"max-snippet:-1","max-image-preview":"max-image-preview:large","max-video-preview":"max-video-preview:-1"},"canonical":"https:\/\/acninternational.org\/fr\/pakistan-journees-de-retraite-pour-les-55-pretres-du-diocese-de-faisalabad\/","og_locale":"fr_FR","og_type":"article","og_title":"Pakistan: journ\u00e9es de retraite pour les 55 pr\u00eatres du dioc\u00e8se de Faisalabad","og_description":"All our Catholic priests face all kinds of challenges, all over the world. However, in Pakistan their work is often","og_url":"https:\/\/acninternational.org\/fr\/pakistan-journees-de-retraite-pour-les-55-pretres-du-diocese-de-faisalabad\/","og_site_name":"ACN International","article_publisher":"https:\/\/www.facebook.com\/acninternationalorg","article_published_time":"2020-10-23T08:17:12+00:00","article_modified_time":"2020-10-23T08:22:34+00:00","og_image":[{"width":2000,"height":625,"url":"https:\/\/media.acninternational.org\/wp-content\/uploads\/2020\/10\/acn_pakistan_retreats-for-the-fifty-five-priests-of-the-diocese-of-Faisalabad.jpg","type":"image\/jpeg"}],"author":"Milena","twitter_card":"summary_large_image","twitter_creator":"@acn_int","twitter_site":"@acn_int","twitter_misc":{"\u00c9crit par":"Milena","Dur\u00e9e de lecture estim\u00e9e":"2 minutes"},"schema":{"@context":"https:\/\/schema.org","@graph":[{"@type":"Article","@id":"https:\/\/acninternational.org\/fr\/pakistan-journees-de-retraite-pour-les-55-pretres-du-diocese-de-faisalabad\/#article","isPartOf":{"@id":"https:\/\/acninternational.org\/fr\/pakistan-journees-de-retraite-pour-les-55-pretres-du-diocese-de-faisalabad\/"},"author":{"name":"Milena","@id":"https:\/\/acninternational.org\/fr\/#\/schema\/person\/5a2b2930ad4475e0aa0dade4e51d9474"},"headline":"Pakistan: journ\u00e9es de retraite pour les 55 pr\u00eatres du dioc\u00e8se de Faisalabad","datePublished":"2020-10-23T08:17:12+00:00","dateModified":"2020-10-23T08:22:34+00:00","mainEntityOfPage":{"@id":"https:\/\/acninternational.org\/fr\/pakistan-journees-de-retraite-pour-les-55-pretres-du-diocese-de-faisalabad\/"},"wordCount":323,"publisher":{"@id":"https:\/\/acninternational.org\/fr\/#organization"},"image":{"@id":"https:\/\/acninternational.org\/fr\/pakistan-journees-de-retraite-pour-les-55-pretres-du-diocese-de-faisalabad\/#primaryimage"},"thumbnailUrl":"https:\/\/media.acninternational.org\/wp-content\/uploads\/2020\/10\/acn_pakistan_retreats-for-the-fifty-five-priests-of-the-diocese-of-Faisalabad.jpg","articleSection":["Non classifi\u00e9(e)"],"inLanguage":"fr-FR"},{"@type":"WebPage","@id":"https:\/\/acninternational.org\/fr\/pakistan-journees-de-retraite-pour-les-55-pretres-du-diocese-de-faisalabad\/","url":"https:\/\/acninternational.org\/fr\/pakistan-journees-de-retraite-pour-les-55-pretres-du-diocese-de-faisalabad\/","name":"Pakistan: journ\u00e9es de retraite pour les 55 pr\u00eatres du dioc\u00e8se de Faisalabad | ACN International","isPartOf":{"@id":"https:\/\/acninternational.org\/fr\/#website"},"primaryImageOfPage":{"@id":"https:\/\/acninternational.org\/fr\/pakistan-journees-de-retraite-pour-les-55-pretres-du-diocese-de-faisalabad\/#primaryimage"},"image":{"@id":"https:\/\/acninternational.org\/fr\/pakistan-journees-de-retraite-pour-les-55-pretres-du-diocese-de-faisalabad\/#primaryimage"},"thumbnailUrl":"https:\/\/media.acninternational.org\/wp-content\/uploads\/2020\/10\/acn_pakistan_retreats-for-the-fifty-five-priests-of-the-diocese-of-Faisalabad.jpg","datePublished":"2020-10-23T08:17:12+00:00","dateModified":"2020-10-23T08:22:34+00:00","breadcrumb":{"@id":"https:\/\/acninternational.org\/fr\/pakistan-journees-de-retraite-pour-les-55-pretres-du-diocese-de-faisalabad\/#breadcrumb"},"inLanguage":"fr-FR","potentialAction":[{"@type":"ReadAction","target":["https:\/\/acninternational.org\/fr\/pakistan-journees-de-retraite-pour-les-55-pretres-du-diocese-de-faisalabad\/"]}]},{"@type":"ImageObject","inLanguage":"fr-FR","@id":"https:\/\/acninternational.org\/fr\/pakistan-journees-de-retraite-pour-les-55-pretres-du-diocese-de-faisalabad\/#primaryimage","url":"https:\/\/media.acninternational.org\/wp-content\/uploads\/2020\/10\/acn_pakistan_retreats-for-the-fifty-five-priests-of-the-diocese-of-Faisalabad.jpg","contentUrl":"https:\/\/media.acninternational.org\/wp-content\/uploads\/2020\/10\/acn_pakistan_retreats-for-the-fifty-five-priests-of-the-diocese-of-Faisalabad.jpg","width":2000,"height":625},{"@type":"BreadcrumbList","@id":"https:\/\/acninternational.org\/fr\/pakistan-journees-de-retraite-pour-les-55-pretres-du-diocese-de-faisalabad\/#breadcrumb","itemListElement":[{"@type":"ListItem","position":1,"name":"Home","item":"https:\/\/acninternational.org\/fr\/"},{"@type":"ListItem","position":2,"name":"PROJECTS","item":"https:\/\/acninternational.org\/fr\/category\/projects-fr\/"},{"@type":"ListItem","position":3,"name":"Pakistan: journ\u00e9es de retraite pour les 55 pr\u00eatres du dioc\u00e8se de Faisalabad"}]},{"@type":"WebSite","@id":"https:\/\/acninternational.org\/fr\/#website","url":"https:\/\/acninternational.org\/fr\/","name":"ACN International","description":"","publisher":{"@id":"https:\/\/acninternational.org\/fr\/#organization"},"potentialAction":[{"@type":"SearchAction","target":{"@type":"EntryPoint","urlTemplate":"https:\/\/acninternational.org\/fr\/?s={search_term_string}"},"query-input":{"@type":"PropertyValueSpecification","valueRequired":true,"valueName":"search_term_string"}}],"inLanguage":"fr-FR"},{"@type":"Organization","@id":"https:\/\/acninternational.org\/fr\/#organization","name":"Aid to the Church in Need International","url":"https:\/\/acninternational.org\/fr\/","logo":{"@type":"ImageObject","inLanguage":"fr-FR","@id":"https:\/\/acninternational.org\/fr\/#\/schema\/logo\/image\/","url":"https:\/\/media.acninternational.org\/wp-content\/uploads\/2019\/11\/acn_logo_blackvector.svg","contentUrl":"https:\/\/media.acninternational.org\/wp-content\/uploads\/2019\/11\/acn_logo_blackvector.svg","width":232.6,"height":78,"caption":"Aid to the Church in Need International"},"image":{"@id":"https:\/\/acninternational.org\/fr\/#\/schema\/logo\/image\/"},"sameAs":["https:\/\/www.facebook.com\/acninternationalorg","https:\/\/x.com\/acn_int","https:\/\/www.youtube.com\/channel\/UCQ-077gS0TnVzkhHmf1opZw","https:\/\/www.instagram.com\/acn_international\/"]},{"@type":"Person","@id":"https:\/\/acninternational.org\/fr\/#\/schema\/person\/5a2b2930ad4475e0aa0dade4e51d9474","name":"Milena","description":"Lorem ipsum dolor sit amet, consectetur adipiscing elit, sed do eiusmod tempor incididunt ut labore et dolore magna aliqua. Ut enim ad minim veniam, quis nostrud exercitation ullamco laboris nisi ut aliquip ex ea commodo consequat.","url":"https:\/\/acninternational.org\/fr\/author\/milena\/"}]}},"_links":{"self":[{"href":"https:\/\/acninternational.org\/fr\/wp-json\/wp\/v2\/posts\/144001","targetHints":{"allow":["GET"]}}],"collection":[{"href":"https:\/\/acninternational.org\/fr\/wp-json\/wp\/v2\/posts"}],"about":[{"href":"https:\/\/acninternational.org\/fr\/wp-json\/wp\/v2\/types\/post"}],"author":[{"embeddable":true,"href":"https:\/\/acninternational.org\/fr\/wp-json\/wp\/v2\/users\/66"}],"replies":[{"embeddable":true,"href":"https:\/\/acninternational.org\/fr\/wp-json\/wp\/v2\/comments?post=144001"}],"version-history":[{"count":0,"href":"https:\/\/acninternational.org\/fr\/wp-json\/wp\/v2\/posts\/144001\/revisions"}],"wp:featuredmedia":[{"embeddable":true,"href":"https:\/\/acninternational.org\/fr\/wp-json\/wp\/v2\/media\/143993"}],"wp:attachment":[{"href":"https:\/\/acninternational.org\/fr\/wp-json\/wp\/v2\/media?parent=144001"}],"wp:term":[{"taxonomy":"category","embeddable":true,"href":"https:\/\/acninternational.org\/fr\/wp-json\/wp\/v2\/categories?post=144001"},{"taxonomy":"post_tag","embeddable":true,"href":"https:\/\/acninternational.org\/fr\/wp-json\/wp\/v2\/tags?post=144001"},{"taxonomy":"country","embeddable":true,"href":"https:\/\/acninternational.org\/fr\/wp-json\/wp\/v2\/country?post=144001"}],"curies":[{"name":"wp","href":"https:\/\/api.w.org\/{rel}","templated":true}]}}