{"id":142884,"date":"2020-09-16T11:39:33","date_gmt":"2020-09-16T09:39:33","guid":{"rendered":"https:\/\/acninternational.org\/?p=142884"},"modified":"2025-02-28T10:09:07","modified_gmt":"2025-02-28T09:09:07","slug":"tchad-confessions-dun-enfant-de-la-guerre","status":"publish","type":"post","link":"https:\/\/acninternational.org\/fr\/tchad-confessions-dun-enfant-de-la-guerre\/","title":{"rendered":"Tchad : Confessions d\u2019un \u00ab enfant de la guerre \u00bb"},"content":{"rendered":"<p><strong><em>Le P\u00e8re L\u00e9andre Mbaydeyo, originaire du dioc\u00e8se de N\u2019Djam\u00e9na au Tchad, est en mission d\u2019\u00e9tudes \u00e0 la paroisse Saint-Ambroise (Paris XI) avec le soutien de l\u2019AED. Il revient sur l\u2019\u00e9volution de son pays qui f\u00eate cette ann\u00e9e ses 60 ans d\u2019ind\u00e9pendance. <\/em><\/strong><\/p>\n<h4><strong>Le Tchad se trouve dans un endroit compliqu\u00e9 et conflictuel, en plein Sahel. Cela impacte-t-il la vie quotidienne des tchadiens\u00a0?<\/strong><\/h4>\n<p><strong>P\u00e8re L\u00e9andre Mbaydeyo<\/strong>\u00a0: Bien s\u00fbr\u00a0! Regardez autour de nous\u00a0: Libye, Soudan, Centrafrique, Cameroun, Niger\u2026 Ce sont des voisins turbulents\u00a0! Moi-m\u00eame, je suis n\u00e9 loin du village d\u2019origine de mes parents qui avaient d\u00fb fuir en raison de la guerre. Je suis donc un enfant de la guerre, et c\u2019est peut-\u00eatre la guerre qui me tuera. Le Tchad est un pays plein de diversit\u00e9s. Il y a plus de 200 ethnies et langages diff\u00e9rents chez nous. Il y a aussi une opposition ancestrale, imm\u00e9moriale, entre les \u00e9leveurs musulmans du nord et les agriculteurs chr\u00e9tiens et animistes du sud. Ce sont des conflits r\u00e9currents, que les Tchadiens parviennent le plus souvent \u00e0 r\u00e9soudre. Mais quand la politique s\u2019en m\u00eale, tout se complique et les disputes d\u00e9g\u00e9n\u00e8rent en affrontements sanglants. Notre pays compte approximativement une moiti\u00e9 de musulmans, un tiers de chr\u00e9tiens et le reste appartient aux religions traditionnelles.<\/p>\n<h4><strong>Pourtant votre pays semble plus stable que la plupart de ses voisins. Comment l\u2019expliquez-vous\u00a0? <\/strong><\/h4>\n<p>Nous avons \u00e0 notre t\u00eate un pr\u00e9sident (Idriss Deby Itno), qui est un combattant. Il tient le pays depuis 30 ans, et il dispose d\u2019une arm\u00e9e puissante. L\u2019arm\u00e9e tchadienne, avec le soutien de la France, se montre tr\u00e8s agressive et efficace \u00e0 l\u2019encontre des groupes terroristes tels que Boko Haram. Elle n\u2019h\u00e9site pas \u00e0 frapper ses ennemis hors de ses fronti\u00e8res.<\/p>\n<p>Les Tchadiens sont bien conscients de la violence qui couve. Cela fait partie de notre \u00e9ducation et de notre fa\u00e7on d\u2019\u00eatre. Voici un exemple pour vous le montrer. Quand je suis arriv\u00e9 \u00e0 Paris pour mes \u00e9tudes, on m\u2019a propos\u00e9 de parcourir les Champs \u00c9lys\u00e9es, mais j\u2019ai refus\u00e9, car c\u2019est \u00e0 c\u00f4t\u00e9 du Palais pr\u00e9sidentiel de l\u2019\u00c9lys\u00e9e. Chez nous, il faut absolument \u00e9viter le Palais pr\u00e9sidentiel, c\u2019est un endroit tr\u00e8s dangereux, car les sentinelles tirent \u00e0 vue. Une religieuse italienne, par erreur, a conduit sa voiture sous le mur d\u2019enceinte du Palais de d\u2019Ndjamena. Elle a fait pr\u00e9cipitamment marche arri\u00e8re, mais les sentinelles ont ouvert le feu, \u00e9clatant son pare-brise\u00a0! Heureusement, elle a eu le r\u00e9flexe de baisser la t\u00eate et elle s\u2019en est sortie\u2026<\/p>\n<figure id=\"attachment_142868\" aria-describedby=\"caption-attachment-142868\" style=\"width: 670px\" class=\"wp-caption aligncenter\"><img loading=\"lazy\" decoding=\"async\" class=\"wp-image-142868 size-full\" src=\"https:\/\/media.acninternational.org\/wp-content\/uploads\/2020\/09\/Father-L%C3%A9andre-Mbaydeyo.jpg\" alt=\"Le P\u00e8re L\u00e9andre Mbaydeyo, originaire du dioc\u00e8se de N\u2019Djam\u00e9na au Tchad.\" width=\"670\" height=\"400\" srcset=\"https:\/\/media.acninternational.org\/wp-content\/uploads\/2020\/09\/Father-L%C3%A9andre-Mbaydeyo.jpg 670w, https:\/\/media.acninternational.org\/wp-content\/uploads\/2020\/09\/Father-L%C3%A9andre-Mbaydeyo-300x179.jpg 300w\" sizes=\"auto, (max-width: 670px) 100vw, 670px\" \/><figcaption id=\"caption-attachment-142868\" class=\"wp-caption-text\">Le P\u00e8re L\u00e9andre Mbaydeyo, originaire du dioc\u00e8se de N\u2019Djam\u00e9na au Tchad.<\/figcaption><\/figure>\n<h4><strong>Craignez-vous une avanc\u00e9e des islamistes radicaux au Tchad comme dans les autres pays africains travers\u00e9s par le Sahel\u00a0? <\/strong><\/h4>\n<p>Nous avons connu des tentatives d\u2019islamisation pernicieuses qui venaient surtout de la Libye de Mouammar Kadhafi. Avant sa mort, en 2011, des mosqu\u00e9es \u00e9taient construites un peu partout, m\u00eame dans les villages chr\u00e9tiens du sud. En outre, les jeunes hommes musulmans \u00e9taient encourag\u00e9s \u00e0 \u00e9pouser des chr\u00e9tiennes pour les convertir et avoir des enfants qui seraient \u00e0 leur tour musulmans\u2026 Mais ces processus ont cess\u00e9 avec la chute du r\u00e9gime libyen.\u00a0 Cependant, dans les endroits o\u00f9 chr\u00e9tiens et musulmans cohabitent, il existe une pression pour se convertir \u00e0 l\u2019islam. Pour le travail, en particulier, il est souvent plus facile de trouver des partenaires commerciaux quand on est musulman. \u00c0 l\u2019inverse, il est tr\u00e8s difficile pour un musulman de devenir chr\u00e9tien. Ceux qui franchissent le pas sont souvent reni\u00e9s par leurs familles.<\/p>\n<p>Quant au terrorisme djihadiste du type de celui qui est pr\u00f4n\u00e9 par des groupes comme Boko Haram, il est efficacement combattu chez nous par l\u2019administration tchadienne, avec le soutien de l\u2019arm\u00e9e fran\u00e7aise. Par cons\u00e9quent, c\u2019est une menace moins pr\u00e9sente quand dans d\u2019autres pays limitrophes.<\/p>\n<h4><strong>Peut-on dire par cons\u00e9quent que la situation des chr\u00e9tiens au Tchad est plus enviable que dans les pays voisins\u00a0? <\/strong><\/h4>\n<p>Pour une bonne part, oui, mais l\u2019administration ne nous est pas favorable pour autant. Elle tend \u00e0 minimiser notre importance. Par exemple, les chiffres officiels du nombre de chr\u00e9tiens tchadiens avanc\u00e9s par notre gouvernement se fondent sur le recensement de 1983\u00a0! Ils aimeraient faire croire que le Tchad est un pays musulman\u00a0!<\/p>\n<h4><strong>Quelle est la situation de l\u2019\u00c9glise catholique tchadienne\u00a0? <\/strong><\/h4>\n<p>Notre \u00c9glise n\u2019a pas 100 ans. \u00c0 l\u2019image de son pays, elle est jeune et dynamique, avec beaucoup de bapt\u00eames. En revanche, nous manquons de vocations sacerdotales. Beaucoup de jeunes trouvent que c\u2019est trop d\u2019\u00e9tudes, pour trop peu de rendement. Les chr\u00e9tiens actuels descendent d\u2019animistes, et il y a de bonnes relations entre ces confessions. Je dis souvent \u00e0 ceux qui regardent l\u2019animisme avec suspicion qu\u2019il faut r\u00e9sister \u00e0 la tentation de faire table rase du pass\u00e9. Beaucoup de valeurs de l\u2019animisme et du christianisme sont compatibles.<\/p>\n<h4><strong>Pourriez-vous nous raconter comment vous avez fait le choix de devenir pr\u00eatre\u00a0? <\/strong><\/h4>\n<p>Je dois beaucoup \u00e0 mon p\u00e8re qui est cat\u00e9chiste. Arriv\u00e9 \u00e0 l\u2019adolescence, vers 14-15 ans, je me d\u00e9sint\u00e9ressais de l\u2019\u00c9glise. J\u2019ai commenc\u00e9 \u00e0 me d\u00e9brouiller pour \u00e9viter d\u2019aller \u00e0 la messe, mais mon p\u00e8re l\u2019a remarqu\u00e9. Il m\u2019a alors envoy\u00e9 chez mon fr\u00e8re a\u00een\u00e9 pour me redresser. Chez mon grand fr\u00e8re, je chassais, je p\u00eachais, je cultivais des plantes, mais je n\u2019\u00e9tudiais pas. Quelque chose me manquait et j\u2019ai demand\u00e9 \u00e0 revenir chez mon p\u00e8re. Je crois que cette p\u00e9riode de rupture a \u00e9t\u00e9 b\u00e9n\u00e9fique, car \u00e0 mon retour, j\u2019ai recommenc\u00e9 \u00e0 m\u2019int\u00e9resser \u00e0 l\u2019\u00c9glise. Je suis all\u00e9 m\u2019inscrire comme aide cat\u00e9chiste, puis j\u2019ai rejoint la chorale et des mouvements de jeune. Vers 18 ans, j\u2019ai demand\u00e9 \u00e0 devenir pr\u00eatre et je suis entr\u00e9 au s\u00e9minaire.<\/p>\n","protected":false},"excerpt":{"rendered":"<p>Le P\u00e8re L\u00e9andre Mbaydeyo, du dioc\u00e8se de N\u2019Djam\u00e9na, \u00e9tudie \u00e0 Paris avec le soutien de l\u2019AED et \u00e9voque les 60 ans d\u2019ind\u00e9pendance du Tchad.<\/p>\n","protected":false},"author":4258341447,"featured_media":142874,"comment_status":"closed","ping_status":"closed","sticky":false,"template":"","format":"standard","meta":{"_acf_changed":false,"_acn_coauthor_ids":[],"footnotes":""},"categories":[955],"tags":[],"country":[871],"class_list":["post-142884","post","type-post","status-publish","format-standard","has-post-thumbnail","hentry","category-interview-2-fr","country-tchad"],"acn_coauthors":[],"acf":[],"yoast_head":"<!-- This site is optimized with the Yoast SEO Premium plugin v27.3 (Yoast SEO v27.3) - https:\/\/yoast.com\/product\/yoast-seo-premium-wordpress\/ -->\n<title>Tchad : Confessions d\u2019un \u00ab enfant de la guerre \u00bb<\/title>\n<meta name=\"description\" content=\"Le P\u00e8re L\u00e9andre Mbaydeyo, du dioc\u00e8se de N\u2019Djam\u00e9na, \u00e9tudie \u00e0 Paris avec le soutien de l\u2019AED et \u00e9voque les 60 ans d\u2019ind\u00e9pendance du Tchad.\" \/>\n<meta name=\"robots\" content=\"index, follow, max-snippet:-1, max-image-preview:large, max-video-preview:-1\" \/>\n<link rel=\"canonical\" href=\"https:\/\/acninternational.org\/fr\/tchad-confessions-dun-enfant-de-la-guerre\/\" \/>\n<meta property=\"og:locale\" content=\"fr_FR\" \/>\n<meta property=\"og:type\" content=\"article\" \/>\n<meta property=\"og:title\" content=\"Tchad : Confessions d\u2019un \u00ab enfant de la guerre \u00bb\" \/>\n<meta property=\"og:description\" content=\"Le P\u00e8re L\u00e9andre Mbaydeyo, du dioc\u00e8se de N\u2019Djam\u00e9na, \u00e9tudie \u00e0 Paris avec le soutien de l\u2019AED et \u00e9voque les 60 ans d\u2019ind\u00e9pendance du Tchad.\" \/>\n<meta property=\"og:url\" content=\"https:\/\/acninternational.org\/fr\/tchad-confessions-dun-enfant-de-la-guerre\/\" \/>\n<meta property=\"og:site_name\" content=\"ACN International\" \/>\n<meta property=\"article:publisher\" content=\"https:\/\/www.facebook.com\/acninternationalorg\" \/>\n<meta property=\"article:published_time\" content=\"2020-09-16T09:39:33+00:00\" \/>\n<meta property=\"article:modified_time\" content=\"2025-02-28T09:09:07+00:00\" \/>\n<meta property=\"og:image\" content=\"https:\/\/media.acninternational.org\/wp-content\/uploads\/2020\/09\/Chad.jpg\" \/>\n\t<meta property=\"og:image:width\" content=\"1400\" \/>\n\t<meta property=\"og:image:height\" content=\"438\" \/>\n\t<meta property=\"og:image:type\" content=\"image\/jpeg\" \/>\n<meta name=\"author\" content=\"ACN Press Team\" \/>\n<meta name=\"twitter:card\" content=\"summary_large_image\" \/>\n<meta name=\"twitter:creator\" content=\"@acn_int\" \/>\n<meta name=\"twitter:site\" content=\"@acn_int\" \/>\n<meta name=\"twitter:label1\" content=\"\u00c9crit par\" \/>\n\t<meta name=\"twitter:data1\" content=\"ACN Press Team\" \/>\n\t<meta name=\"twitter:label2\" content=\"Dur\u00e9e de lecture estim\u00e9e\" \/>\n\t<meta name=\"twitter:data2\" content=\"5 minutes\" \/>\n<script type=\"application\/ld+json\" class=\"yoast-schema-graph\">{\"@context\":\"https:\\\/\\\/schema.org\",\"@graph\":[{\"@type\":\"Article\",\"@id\":\"https:\\\/\\\/acninternational.org\\\/fr\\\/tchad-confessions-dun-enfant-de-la-guerre\\\/#article\",\"isPartOf\":{\"@id\":\"https:\\\/\\\/acninternational.org\\\/fr\\\/tchad-confessions-dun-enfant-de-la-guerre\\\/\"},\"author\":{\"name\":\"ACN Press Team\",\"@id\":\"https:\\\/\\\/acninternational.org\\\/fr\\\/#\\\/schema\\\/person\\\/7f3dafb236b242fb2aa46be1411fd703\"},\"headline\":\"Tchad : Confessions d\u2019un \u00ab enfant de la guerre \u00bb\",\"datePublished\":\"2020-09-16T09:39:33+00:00\",\"dateModified\":\"2025-02-28T09:09:07+00:00\",\"mainEntityOfPage\":{\"@id\":\"https:\\\/\\\/acninternational.org\\\/fr\\\/tchad-confessions-dun-enfant-de-la-guerre\\\/\"},\"wordCount\":1040,\"publisher\":{\"@id\":\"https:\\\/\\\/acninternational.org\\\/fr\\\/#organization\"},\"image\":{\"@id\":\"https:\\\/\\\/acninternational.org\\\/fr\\\/tchad-confessions-dun-enfant-de-la-guerre\\\/#primaryimage\"},\"thumbnailUrl\":\"https:\\\/\\\/media.acninternational.org\\\/wp-content\\\/uploads\\\/2020\\\/09\\\/Chad.jpg\",\"articleSection\":[\"Interview\"],\"inLanguage\":\"fr-FR\"},{\"@type\":\"WebPage\",\"@id\":\"https:\\\/\\\/acninternational.org\\\/fr\\\/tchad-confessions-dun-enfant-de-la-guerre\\\/\",\"url\":\"https:\\\/\\\/acninternational.org\\\/fr\\\/tchad-confessions-dun-enfant-de-la-guerre\\\/\",\"name\":\"Tchad : Confessions d\u2019un \u00ab enfant de la guerre \u00bb\",\"isPartOf\":{\"@id\":\"https:\\\/\\\/acninternational.org\\\/fr\\\/#website\"},\"primaryImageOfPage\":{\"@id\":\"https:\\\/\\\/acninternational.org\\\/fr\\\/tchad-confessions-dun-enfant-de-la-guerre\\\/#primaryimage\"},\"image\":{\"@id\":\"https:\\\/\\\/acninternational.org\\\/fr\\\/tchad-confessions-dun-enfant-de-la-guerre\\\/#primaryimage\"},\"thumbnailUrl\":\"https:\\\/\\\/media.acninternational.org\\\/wp-content\\\/uploads\\\/2020\\\/09\\\/Chad.jpg\",\"datePublished\":\"2020-09-16T09:39:33+00:00\",\"dateModified\":\"2025-02-28T09:09:07+00:00\",\"description\":\"Le P\u00e8re L\u00e9andre Mbaydeyo, du dioc\u00e8se de N\u2019Djam\u00e9na, \u00e9tudie \u00e0 Paris avec le soutien de l\u2019AED et \u00e9voque les 60 ans d\u2019ind\u00e9pendance du Tchad.\",\"breadcrumb\":{\"@id\":\"https:\\\/\\\/acninternational.org\\\/fr\\\/tchad-confessions-dun-enfant-de-la-guerre\\\/#breadcrumb\"},\"inLanguage\":\"fr-FR\",\"potentialAction\":[{\"@type\":\"ReadAction\",\"target\":[\"https:\\\/\\\/acninternational.org\\\/fr\\\/tchad-confessions-dun-enfant-de-la-guerre\\\/\"]}]},{\"@type\":\"ImageObject\",\"inLanguage\":\"fr-FR\",\"@id\":\"https:\\\/\\\/acninternational.org\\\/fr\\\/tchad-confessions-dun-enfant-de-la-guerre\\\/#primaryimage\",\"url\":\"https:\\\/\\\/media.acninternational.org\\\/wp-content\\\/uploads\\\/2020\\\/09\\\/Chad.jpg\",\"contentUrl\":\"https:\\\/\\\/media.acninternational.org\\\/wp-content\\\/uploads\\\/2020\\\/09\\\/Chad.jpg\",\"width\":1400,\"height\":438},{\"@type\":\"BreadcrumbList\",\"@id\":\"https:\\\/\\\/acninternational.org\\\/fr\\\/tchad-confessions-dun-enfant-de-la-guerre\\\/#breadcrumb\",\"itemListElement\":[{\"@type\":\"ListItem\",\"position\":1,\"name\":\"Home\",\"item\":\"https:\\\/\\\/acninternational.org\\\/fr\\\/\"},{\"@type\":\"ListItem\",\"position\":2,\"name\":\"Interview\",\"item\":\"https:\\\/\\\/acninternational.org\\\/fr\\\/category\\\/interview-2-fr\\\/\"},{\"@type\":\"ListItem\",\"position\":3,\"name\":\"Tchad : Confessions d\u2019un \u00ab enfant de la guerre \u00bb\"}]},{\"@type\":\"WebSite\",\"@id\":\"https:\\\/\\\/acninternational.org\\\/fr\\\/#website\",\"url\":\"https:\\\/\\\/acninternational.org\\\/fr\\\/\",\"name\":\"ACN International\",\"description\":\"\",\"publisher\":{\"@id\":\"https:\\\/\\\/acninternational.org\\\/fr\\\/#organization\"},\"potentialAction\":[{\"@type\":\"SearchAction\",\"target\":{\"@type\":\"EntryPoint\",\"urlTemplate\":\"https:\\\/\\\/acninternational.org\\\/fr\\\/?s={search_term_string}\"},\"query-input\":{\"@type\":\"PropertyValueSpecification\",\"valueRequired\":true,\"valueName\":\"search_term_string\"}}],\"inLanguage\":\"fr-FR\"},{\"@type\":\"Organization\",\"@id\":\"https:\\\/\\\/acninternational.org\\\/fr\\\/#organization\",\"name\":\"Aid to the Church in Need International\",\"url\":\"https:\\\/\\\/acninternational.org\\\/fr\\\/\",\"logo\":{\"@type\":\"ImageObject\",\"inLanguage\":\"fr-FR\",\"@id\":\"https:\\\/\\\/acninternational.org\\\/fr\\\/#\\\/schema\\\/logo\\\/image\\\/\",\"url\":\"https:\\\/\\\/media.acninternational.org\\\/wp-content\\\/uploads\\\/2019\\\/11\\\/acn_logo_blackvector.svg\",\"contentUrl\":\"https:\\\/\\\/media.acninternational.org\\\/wp-content\\\/uploads\\\/2019\\\/11\\\/acn_logo_blackvector.svg\",\"width\":232.6,\"height\":78,\"caption\":\"Aid to the Church in Need International\"},\"image\":{\"@id\":\"https:\\\/\\\/acninternational.org\\\/fr\\\/#\\\/schema\\\/logo\\\/image\\\/\"},\"sameAs\":[\"https:\\\/\\\/www.facebook.com\\\/acninternationalorg\",\"https:\\\/\\\/x.com\\\/acn_int\",\"https:\\\/\\\/www.youtube.com\\\/channel\\\/UCQ-077gS0TnVzkhHmf1opZw\",\"https:\\\/\\\/www.instagram.com\\\/acn_international\\\/\"]},{\"@type\":\"Person\",\"@id\":\"https:\\\/\\\/acninternational.org\\\/fr\\\/#\\\/schema\\\/person\\\/7f3dafb236b242fb2aa46be1411fd703\",\"name\":\"ACN Press Team\",\"description\":\"Lorem ipsum dolor sit amet, consectetur adipiscing elit, sed do eiusmod tempor incididunt ut labore et dolore magna aliqua. Ut enim ad minim veniam, quis nostrud exercitation ullamco laboris nisi ut aliquip ex ea commodo consequat.\",\"url\":\"https:\\\/\\\/acninternational.org\\\/fr\\\/author\\\/acn-press-team\\\/\"}]}<\/script>\n<!-- \/ Yoast SEO Premium plugin. -->","yoast_head_json":{"title":"Tchad : Confessions d\u2019un \u00ab enfant de la guerre \u00bb","description":"Le P\u00e8re L\u00e9andre Mbaydeyo, du dioc\u00e8se de N\u2019Djam\u00e9na, \u00e9tudie \u00e0 Paris avec le soutien de l\u2019AED et \u00e9voque les 60 ans d\u2019ind\u00e9pendance du Tchad.","robots":{"index":"index","follow":"follow","max-snippet":"max-snippet:-1","max-image-preview":"max-image-preview:large","max-video-preview":"max-video-preview:-1"},"canonical":"https:\/\/acninternational.org\/fr\/tchad-confessions-dun-enfant-de-la-guerre\/","og_locale":"fr_FR","og_type":"article","og_title":"Tchad : Confessions d\u2019un \u00ab enfant de la guerre \u00bb","og_description":"Le P\u00e8re L\u00e9andre Mbaydeyo, du dioc\u00e8se de N\u2019Djam\u00e9na, \u00e9tudie \u00e0 Paris avec le soutien de l\u2019AED et \u00e9voque les 60 ans d\u2019ind\u00e9pendance du Tchad.","og_url":"https:\/\/acninternational.org\/fr\/tchad-confessions-dun-enfant-de-la-guerre\/","og_site_name":"ACN International","article_publisher":"https:\/\/www.facebook.com\/acninternationalorg","article_published_time":"2020-09-16T09:39:33+00:00","article_modified_time":"2025-02-28T09:09:07+00:00","og_image":[{"width":1400,"height":438,"url":"https:\/\/media.acninternational.org\/wp-content\/uploads\/2020\/09\/Chad.jpg","type":"image\/jpeg"}],"author":"ACN Press Team","twitter_card":"summary_large_image","twitter_creator":"@acn_int","twitter_site":"@acn_int","twitter_misc":{"\u00c9crit par":"ACN Press Team","Dur\u00e9e de lecture estim\u00e9e":"5 minutes"},"schema":{"@context":"https:\/\/schema.org","@graph":[{"@type":"Article","@id":"https:\/\/acninternational.org\/fr\/tchad-confessions-dun-enfant-de-la-guerre\/#article","isPartOf":{"@id":"https:\/\/acninternational.org\/fr\/tchad-confessions-dun-enfant-de-la-guerre\/"},"author":{"name":"ACN Press Team","@id":"https:\/\/acninternational.org\/fr\/#\/schema\/person\/7f3dafb236b242fb2aa46be1411fd703"},"headline":"Tchad : Confessions d\u2019un \u00ab enfant de la guerre \u00bb","datePublished":"2020-09-16T09:39:33+00:00","dateModified":"2025-02-28T09:09:07+00:00","mainEntityOfPage":{"@id":"https:\/\/acninternational.org\/fr\/tchad-confessions-dun-enfant-de-la-guerre\/"},"wordCount":1040,"publisher":{"@id":"https:\/\/acninternational.org\/fr\/#organization"},"image":{"@id":"https:\/\/acninternational.org\/fr\/tchad-confessions-dun-enfant-de-la-guerre\/#primaryimage"},"thumbnailUrl":"https:\/\/media.acninternational.org\/wp-content\/uploads\/2020\/09\/Chad.jpg","articleSection":["Interview"],"inLanguage":"fr-FR"},{"@type":"WebPage","@id":"https:\/\/acninternational.org\/fr\/tchad-confessions-dun-enfant-de-la-guerre\/","url":"https:\/\/acninternational.org\/fr\/tchad-confessions-dun-enfant-de-la-guerre\/","name":"Tchad : Confessions d\u2019un \u00ab enfant de la guerre \u00bb","isPartOf":{"@id":"https:\/\/acninternational.org\/fr\/#website"},"primaryImageOfPage":{"@id":"https:\/\/acninternational.org\/fr\/tchad-confessions-dun-enfant-de-la-guerre\/#primaryimage"},"image":{"@id":"https:\/\/acninternational.org\/fr\/tchad-confessions-dun-enfant-de-la-guerre\/#primaryimage"},"thumbnailUrl":"https:\/\/media.acninternational.org\/wp-content\/uploads\/2020\/09\/Chad.jpg","datePublished":"2020-09-16T09:39:33+00:00","dateModified":"2025-02-28T09:09:07+00:00","description":"Le P\u00e8re L\u00e9andre Mbaydeyo, du dioc\u00e8se de N\u2019Djam\u00e9na, \u00e9tudie \u00e0 Paris avec le soutien de l\u2019AED et \u00e9voque les 60 ans d\u2019ind\u00e9pendance du Tchad.","breadcrumb":{"@id":"https:\/\/acninternational.org\/fr\/tchad-confessions-dun-enfant-de-la-guerre\/#breadcrumb"},"inLanguage":"fr-FR","potentialAction":[{"@type":"ReadAction","target":["https:\/\/acninternational.org\/fr\/tchad-confessions-dun-enfant-de-la-guerre\/"]}]},{"@type":"ImageObject","inLanguage":"fr-FR","@id":"https:\/\/acninternational.org\/fr\/tchad-confessions-dun-enfant-de-la-guerre\/#primaryimage","url":"https:\/\/media.acninternational.org\/wp-content\/uploads\/2020\/09\/Chad.jpg","contentUrl":"https:\/\/media.acninternational.org\/wp-content\/uploads\/2020\/09\/Chad.jpg","width":1400,"height":438},{"@type":"BreadcrumbList","@id":"https:\/\/acninternational.org\/fr\/tchad-confessions-dun-enfant-de-la-guerre\/#breadcrumb","itemListElement":[{"@type":"ListItem","position":1,"name":"Home","item":"https:\/\/acninternational.org\/fr\/"},{"@type":"ListItem","position":2,"name":"Interview","item":"https:\/\/acninternational.org\/fr\/category\/interview-2-fr\/"},{"@type":"ListItem","position":3,"name":"Tchad : Confessions d\u2019un \u00ab enfant de la guerre \u00bb"}]},{"@type":"WebSite","@id":"https:\/\/acninternational.org\/fr\/#website","url":"https:\/\/acninternational.org\/fr\/","name":"ACN International","description":"","publisher":{"@id":"https:\/\/acninternational.org\/fr\/#organization"},"potentialAction":[{"@type":"SearchAction","target":{"@type":"EntryPoint","urlTemplate":"https:\/\/acninternational.org\/fr\/?s={search_term_string}"},"query-input":{"@type":"PropertyValueSpecification","valueRequired":true,"valueName":"search_term_string"}}],"inLanguage":"fr-FR"},{"@type":"Organization","@id":"https:\/\/acninternational.org\/fr\/#organization","name":"Aid to the Church in Need International","url":"https:\/\/acninternational.org\/fr\/","logo":{"@type":"ImageObject","inLanguage":"fr-FR","@id":"https:\/\/acninternational.org\/fr\/#\/schema\/logo\/image\/","url":"https:\/\/media.acninternational.org\/wp-content\/uploads\/2019\/11\/acn_logo_blackvector.svg","contentUrl":"https:\/\/media.acninternational.org\/wp-content\/uploads\/2019\/11\/acn_logo_blackvector.svg","width":232.6,"height":78,"caption":"Aid to the Church in Need International"},"image":{"@id":"https:\/\/acninternational.org\/fr\/#\/schema\/logo\/image\/"},"sameAs":["https:\/\/www.facebook.com\/acninternationalorg","https:\/\/x.com\/acn_int","https:\/\/www.youtube.com\/channel\/UCQ-077gS0TnVzkhHmf1opZw","https:\/\/www.instagram.com\/acn_international\/"]},{"@type":"Person","@id":"https:\/\/acninternational.org\/fr\/#\/schema\/person\/7f3dafb236b242fb2aa46be1411fd703","name":"ACN Press Team","description":"Lorem ipsum dolor sit amet, consectetur adipiscing elit, sed do eiusmod tempor incididunt ut labore et dolore magna aliqua. Ut enim ad minim veniam, quis nostrud exercitation ullamco laboris nisi ut aliquip ex ea commodo consequat.","url":"https:\/\/acninternational.org\/fr\/author\/acn-press-team\/"}]}},"_links":{"self":[{"href":"https:\/\/acninternational.org\/fr\/wp-json\/wp\/v2\/posts\/142884","targetHints":{"allow":["GET"]}}],"collection":[{"href":"https:\/\/acninternational.org\/fr\/wp-json\/wp\/v2\/posts"}],"about":[{"href":"https:\/\/acninternational.org\/fr\/wp-json\/wp\/v2\/types\/post"}],"author":[{"embeddable":true,"href":"https:\/\/acninternational.org\/fr\/wp-json\/wp\/v2\/users\/4258341447"}],"replies":[{"embeddable":true,"href":"https:\/\/acninternational.org\/fr\/wp-json\/wp\/v2\/comments?post=142884"}],"version-history":[{"count":0,"href":"https:\/\/acninternational.org\/fr\/wp-json\/wp\/v2\/posts\/142884\/revisions"}],"wp:featuredmedia":[{"embeddable":true,"href":"https:\/\/acninternational.org\/fr\/wp-json\/wp\/v2\/media\/142874"}],"wp:attachment":[{"href":"https:\/\/acninternational.org\/fr\/wp-json\/wp\/v2\/media?parent=142884"}],"wp:term":[{"taxonomy":"category","embeddable":true,"href":"https:\/\/acninternational.org\/fr\/wp-json\/wp\/v2\/categories?post=142884"},{"taxonomy":"post_tag","embeddable":true,"href":"https:\/\/acninternational.org\/fr\/wp-json\/wp\/v2\/tags?post=142884"},{"taxonomy":"country","embeddable":true,"href":"https:\/\/acninternational.org\/fr\/wp-json\/wp\/v2\/country?post=142884"}],"curies":[{"name":"wp","href":"https:\/\/api.w.org\/{rel}","templated":true}]}}