{"id":142528,"date":"2020-09-03T11:23:25","date_gmt":"2020-09-03T09:23:25","guid":{"rendered":"https:\/\/acninternational.org\/?p=142528"},"modified":"2020-09-03T13:20:34","modified_gmt":"2020-09-03T11:20:34","slug":"un-catholique-pakistanais-libere-apres-cinq-ans-de-prison-pour-un-meurtre-quil-na-pas-commis-raconte-son-histoire","status":"publish","type":"post","link":"https:\/\/acninternational.org\/fr\/un-catholique-pakistanais-libere-apres-cinq-ans-de-prison-pour-un-meurtre-quil-na-pas-commis-raconte-son-histoire\/","title":{"rendered":"Un catholique pakistanais lib\u00e9r\u00e9 apr\u00e8s cinq ans de prison pour un meurtre qu\u2019il n\u2019a pas commis, raconte son histoire"},"content":{"rendered":"<p><em>Ainsi que l\u2019Aide \u00e0 l\u2019\u00c9glise en D\u00e9tresse (AED) l\u2019a relat\u00e9 il y a quelques mois, quarante hommes de religion chr\u00e9tienne ont \u00e9t\u00e9 lib\u00e9r\u00e9s fin janvier 2020 apr\u00e8s avoir pass\u00e9 pr\u00e8s de cinq ans en prison, accus\u00e9s arbitrairement d\u2019avoir particip\u00e9 au lynchage de deux musulmans. Le lynchage a eu lieu au milieu d\u2019\u00e9meutes d\u00e9clench\u00e9es par deux attentats suicides qui visaient les offices religieux de l\u2019\u00e9glise Saint-Jean et de l\u2019\u00e9glise du Christ \u00e0 Youhanabad, le quartier chr\u00e9tien de Lahore, capitale de la province pakistanaise du Pendjab. Les attentats ont eu lieu le 15 mars 2015, et au moins 20 personnes sont mortes et 80 autres bless\u00e9es. L\u2019un des chr\u00e9tiens emprisonn\u00e9s et soup\u00e7onn\u00e9s \u00e0 tort d\u2019\u00eatre impliqu\u00e9s dans le lynchage des deux musulmans \u00e9tait Amjad Arif, un conducteur de v\u00e9lotaxi [version motoris\u00e9e du pousse-pousse traditionnel \u00e0 trois roues] \u00e0 Lahore. Il est le p\u00e8re de deux gar\u00e7ons et d\u2019une fille. Il raconte ses souffrances \u00e0 l\u2019AED, apr\u00e8s avoir \u00e9t\u00e9 injustement arr\u00eat\u00e9 en 2015.<\/em><\/p>\n<p><em>\u00a0<\/em>\u00ab\u00a0Nous aimons notre petite maison de Youhanabad et son environnement chr\u00e9tien. La diff\u00e9rence est clairement perceptible dans la ville, o\u00f9 il n&rsquo;y a par exemple pas de c\u00e9l\u00e9brations ni de musique pour No\u00ebl ou P\u00e2ques. Nasreen, ma femme, s\u2019occupe de nos parents \u00e2g\u00e9s et assiste r\u00e9guli\u00e8rement \u00e0 la messe dominicale \u00e0 l\u2019\u00e9glise catholique Saint Jean avec nos enfants.<\/p>\n<p>La vie \u00e9tait douce jusqu\u2019\u00e0 ce que les \u00e9glises soient attaqu\u00e9es, le 15 mars 2015. J\u2019\u00e9tais au terminal des camions pour d\u00e9poser des passagers quand mon beau-p\u00e8re m\u2019a appel\u00e9 pour me parler de l\u2019attaque terroriste. J\u2019ai imm\u00e9diatement appel\u00e9 ma femme, mais le service de t\u00e9l\u00e9phonie mobile avait \u00e9t\u00e9 suspendu \u00e0 Youhanabad. Mon c\u0153ur battait \u00e0 toute allure. Je suis rapidement retourn\u00e9 vers chez moi, mais l\u2019entr\u00e9e de notre quartier \u00e9tait bloqu\u00e9e par des manifestants rassembl\u00e9s autour de deux corps br\u00fbl\u00e9s. Les cha\u00eenes d\u2019information diffusaient la trag\u00e9die en direct.<\/p>\n<p>J\u2019ai pris une autre route pour rentrer dans le quartier et j\u2019ai gar\u00e9 mon pousse-pousse. Alors que je passais dans la rue devant les cameramen, l\u2019un d\u2019eux m\u2019a film\u00e9. Les drones avec cam\u00e9ra volaient autour de nous comme des mouches. J\u2019ai \u00e9t\u00e9 arr\u00eat\u00e9 quelques jours plus tard au coin de ma maison. Mon jeune fr\u00e8re, un travailleur journalier, a \u00e9t\u00e9 arr\u00eat\u00e9 deux semaines plus tard.<\/p>\n<p>Au poste de police, des agents nous ont maltrait\u00e9s, gifl\u00e9s et tortur\u00e9s \u00e0 coups de matraque, nous accusant d\u2019avoir br\u00fbl\u00e9 des musulmans. Ils ont arrach\u00e9 les chapelets de trois d\u2019entre nous et les ont jet\u00e9s \u00e0 terre. Nous avons \u00e9t\u00e9 forc\u00e9s d\u2019accepter l\u2019islam ou de reconna\u00eetre notre culpabilit\u00e9 dans le meurtre des deux hommes. Un chr\u00e9tien de 25 ans, \u00e9galement arr\u00eat\u00e9 pour lynchage pr\u00e9sum\u00e9, s\u2019est converti \u00e0 l\u2019islam et a \u00e9t\u00e9 lib\u00e9r\u00e9 trois heures plus tard. Nous avons gard\u00e9 notre foi dans le Dieu vivant.<\/p>\n<p>Le premier jour de prison, tous les d\u00e9tenus chr\u00e9tiens ont \u00e9t\u00e9 enferm\u00e9s dans le m\u00eame baraquement. Apr\u00e8s l&rsquo;appel du matin, on priait en cercle pendant une heure. Le soir \u00e0 20 heures, une fois enferm\u00e9s dans nos cellules respectives, nous passions aux pri\u00e8res personnelles. Quand un prisonnier chr\u00e9tien tombait malade, il n\u2019\u00e9tait pas tr\u00e8s bien soign\u00e9. Deux d\u2019entre nous sont morts dans cette prison.<\/p>\n<figure id=\"attachment_142517\" aria-describedby=\"caption-attachment-142517\" style=\"width: 670px\" class=\"wp-caption alignnone\"><img loading=\"lazy\" decoding=\"async\" class=\"wp-image-142517 size-full\" src=\"https:\/\/media.acninternational.org\/wp-content\/uploads\/2020\/09\/Pakistan.jpg\" alt=\"Amjad Arif, un catholique pakistanais lib\u00e9r\u00e9 apr\u00e8s cinq ans de prison pour un meurtre qu'il n'a pas commis, avec sa famille. Il fait partie des 40 anciens prisonniers et de leurs familles et amis qui ont assist\u00e9 \u00e0 une messe c\u00e9l\u00e9br\u00e9e par l'archev\u00eaque Sebastian Shaw dans la cath\u00e9drale du Sacr\u00e9-C\u0153ur de Lahore pour marquer leur lib\u00e9ration. Ils ont \u00e9t\u00e9 lib\u00e9r\u00e9s de prison le 29 janvier 2020.\" width=\"670\" height=\"400\" srcset=\"https:\/\/media.acninternational.org\/wp-content\/uploads\/2020\/09\/Pakistan.jpg 670w, https:\/\/media.acninternational.org\/wp-content\/uploads\/2020\/09\/Pakistan-300x179.jpg 300w\" sizes=\"auto, (max-width: 670px) 100vw, 670px\" \/><figcaption id=\"caption-attachment-142517\" class=\"wp-caption-text\">Amjad Arif, un catholique pakistanais lib\u00e9r\u00e9 apr\u00e8s cinq ans de prison pour un meurtre qu&rsquo;il n&rsquo;a pas commis, avec sa famille. Il fait partie des 40 anciens prisonniers et de leurs familles et amis qui ont assist\u00e9 \u00e0 une messe c\u00e9l\u00e9br\u00e9e par l&rsquo;archev\u00eaque Sebastian Shaw dans la cath\u00e9drale du Sacr\u00e9-C\u0153ur de Lahore pour marquer leur lib\u00e9ration. Ils ont \u00e9t\u00e9 lib\u00e9r\u00e9s de prison le 29 janvier 2020.<\/figcaption><\/figure>\n<p>Le P\u00e8re Emmanuel Yousaf Mani, directeur national de la Commission Nationale pour la Justice et la Paix des \u00e9v\u00eaques catholiques pakistanais (CNJP) priait pour notre lib\u00e9ration et pour que les juges soient mis\u00e9ricordieux. L\u2019\u00e9quipe de la CNJP et d\u2019autres ONG nous rendaient r\u00e9guli\u00e8rement visite et \u00e9taient aupr\u00e8s de nous lors des audiences du tribunal antiterroriste.<\/p>\n<p>\u00ab\u00a0Ma famille apportait de l\u2019argent et des provisions deux fois par mois. Nasreen, qui travaillait comme femme de m\u00e9nage, vendit le pousse-pousse trois ans plus tard pour payer les soins de sant\u00e9 de mon p\u00e8re \u00e2g\u00e9. Il a \u00e9t\u00e9 hospitalis\u00e9 pendant 15 jours apr\u00e8s une crise cardiaque. \u00c0 chaque f\u00eate de No\u00ebl, la CNJP offrait 15.000 roupies (75 euros) \u00e0 Nasreen en cadeau. Une autre ONG a pay\u00e9 les frais d\u2019\u00e9ducation de mes enfants.<\/p>\n<p>Le 29 janvier 2020, quarante d\u2019entre nous ont \u00e9t\u00e9 lib\u00e9r\u00e9s \u00e0 23 h. Le Pasteur Anwar Fazal, le t\u00e9l\u00e9vang\u00e9liste chr\u00e9tien le plus populaire du pays, a vers\u00e9 \u00e0 la famille des deux musulmans lynch\u00e9s une indemnit\u00e9 d\u2019un montant de 25 millions de roupies (environ 125.000 euros) pour notre libert\u00e9. Le lendemain, mon p\u00e8re fit une distribution gratuite de nourriture. Plusieurs organismes nous ont donn\u00e9 de l\u2019argent pour notre r\u00e9insertion.<\/p>\n<p>Je suis rest\u00e9 \u00e0 la maison pendant trois mois, par peur de la vengeance des familles des musulmans tu\u00e9s lors du lynchage. Finalement, gr\u00e2ce \u00e0 l\u2019argent qui m\u2019a \u00e9t\u00e9 vers\u00e9, j\u2019ai achet\u00e9 un pousse-pousse motoris\u00e9. Un soir, trois passagers m\u2019ont vol\u00e9 le v\u00e9hicule et m\u2019ont ligot\u00e9 \u00e0 un arbre dans une ville voisine, apr\u00e8s m\u2019avoir \u00e9touff\u00e9 avec ma propre \u00e9charpe.<\/p>\n<p>Il pleuvait cette nuit-l\u00e0, et il n\u2019y avait personne. J\u2019ai r\u00e9ussi \u00e0 me d\u00e9tacher et me suis rendu en courant dans trois diff\u00e9rents postes de police avant d\u2019atteindre le bon. Mes yeux \u00e9taient inject\u00e9s de sang et mon visage \u00e9tait enfl\u00e9. Je suis rentr\u00e9 \u00e0 la maison au bout de trois heures. Je dois faire des efforts pour parler car j\u2019ai encore mal. S\u2019agissait-il d\u2019une vengeance des familles des victimes ? Je ne sais pas. Cependant, en attendant un nouveau pousse-pousse, je remercie Dieu pour cette nouvelle vie. J\u2019aime vraiment mes enfants. C\u2019est pour eux que je suis vivant\u00a0\u00bb.<\/p>\n<p><em>L\u2019AED a r\u00e9guli\u00e8rement soutenu les travaux de la Commission Nationale pour la Justice et la Paix (CNJP) des \u00e9v\u00eaques catholiques. L\u2019\u0152uvre catholique internationale de bienfaisance fait \u00e9galement partie des organismes ayant soutenu la r\u00e9insertion des 40 chr\u00e9tiens lib\u00e9r\u00e9s de prison.<\/em><\/p>\n","protected":false},"excerpt":{"rendered":"<p>Ainsi que l\u2019Aide \u00e0 l\u2019\u00c9glise en D\u00e9tresse (AED) l\u2019a relat\u00e9 il y a quelques mois, quarante hommes de religion chr\u00e9tienne<\/p>\n","protected":false},"author":4258341447,"featured_media":142511,"comment_status":"closed","ping_status":"closed","sticky":false,"template":"","format":"standard","meta":{"_acf_changed":false,"_acn_coauthor_ids":[],"footnotes":""},"categories":[233],"tags":[],"country":[104],"class_list":["post-142528","post","type-post","status-publish","format-standard","has-post-thumbnail","hentry","category-non-classifiee","country-pakistan"],"acn_coauthors":[],"acf":[],"yoast_head":"<!-- This site is optimized with the Yoast SEO Premium plugin v27.3 (Yoast SEO v27.3) - https:\/\/yoast.com\/product\/yoast-seo-premium-wordpress\/ -->\n<title>Un catholique pakistanais lib\u00e9r\u00e9 apr\u00e8s cinq ans de prison pour un meurtre qu\u2019il n\u2019a pas commis, raconte son histoire<\/title>\n<meta name=\"description\" content=\"Ainsi que l\u2019Aide \u00e0 l\u2019\u00c9glise en D\u00e9tresse (AED) l\u2019a relat\u00e9 il y a quelques mois, quarante hommes de religion chr\u00e9tienne ont \u00e9t\u00e9 lib\u00e9r\u00e9s fin janvier 2020 apr\u00e8s avoir pass\u00e9 pr\u00e8s de cinq ans en prison, accus\u00e9s arbitrairement d\u2019avoir particip\u00e9 au lynchage de deux musulmans. Le lynchage a eu lieu au milieu d\u2019\u00e9meutes d\u00e9clench\u00e9es par deux attentats suicides qui visaient les offices religieux de l\u2019\u00e9glise Saint-Jean et de l\u2019\u00e9glise du Christ \u00e0 Youhanabad, le quartier chr\u00e9tien de Lahore, capitale de la province pakistanaise du Pendjab. Les attentats ont eu lieu le 15 mars 2015, et au moins 20 personnes sont mortes et 80 autres bless\u00e9es. L\u2019un des chr\u00e9tiens emprisonn\u00e9s et soup\u00e7onn\u00e9s \u00e0 tort d\u2019\u00eatre impliqu\u00e9s dans le lynchage des deux musulmans \u00e9tait Amjad Arif, un conducteur de v\u00e9lotaxi [version motoris\u00e9e du pousse-pousse traditionnel \u00e0 trois roues] \u00e0 Lahore. Il est le p\u00e8re de deux gar\u00e7ons et d\u2019une fille. Il raconte ses souffrances \u00e0 l\u2019AED, apr\u00e8s avoir \u00e9t\u00e9 injustement arr\u00eat\u00e9 en 2015.\" \/>\n<meta name=\"robots\" content=\"index, follow, max-snippet:-1, max-image-preview:large, max-video-preview:-1\" \/>\n<link rel=\"canonical\" href=\"https:\/\/acninternational.org\/fr\/un-catholique-pakistanais-libere-apres-cinq-ans-de-prison-pour-un-meurtre-quil-na-pas-commis-raconte-son-histoire\/\" \/>\n<meta property=\"og:locale\" content=\"fr_FR\" \/>\n<meta property=\"og:type\" content=\"article\" \/>\n<meta property=\"og:title\" content=\"Un catholique pakistanais lib\u00e9r\u00e9 apr\u00e8s cinq ans de prison pour un meurtre qu\u2019il n\u2019a pas commis, raconte son histoire\" \/>\n<meta property=\"og:description\" content=\"Ainsi que l\u2019Aide \u00e0 l\u2019\u00c9glise en D\u00e9tresse (AED) l\u2019a relat\u00e9 il y a quelques mois, quarante hommes de religion chr\u00e9tienne ont \u00e9t\u00e9 lib\u00e9r\u00e9s fin janvier 2020 apr\u00e8s avoir pass\u00e9 pr\u00e8s de cinq ans en prison, accus\u00e9s arbitrairement d\u2019avoir particip\u00e9 au lynchage de deux musulmans. Le lynchage a eu lieu au milieu d\u2019\u00e9meutes d\u00e9clench\u00e9es par deux attentats suicides qui visaient les offices religieux de l\u2019\u00e9glise Saint-Jean et de l\u2019\u00e9glise du Christ \u00e0 Youhanabad, le quartier chr\u00e9tien de Lahore, capitale de la province pakistanaise du Pendjab. Les attentats ont eu lieu le 15 mars 2015, et au moins 20 personnes sont mortes et 80 autres bless\u00e9es. L\u2019un des chr\u00e9tiens emprisonn\u00e9s et soup\u00e7onn\u00e9s \u00e0 tort d\u2019\u00eatre impliqu\u00e9s dans le lynchage des deux musulmans \u00e9tait Amjad Arif, un conducteur de v\u00e9lotaxi [version motoris\u00e9e du pousse-pousse traditionnel \u00e0 trois roues] \u00e0 Lahore. Il est le p\u00e8re de deux gar\u00e7ons et d\u2019une fille. Il raconte ses souffrances \u00e0 l\u2019AED, apr\u00e8s avoir \u00e9t\u00e9 injustement arr\u00eat\u00e9 en 2015.\" \/>\n<meta property=\"og:url\" content=\"https:\/\/acninternational.org\/fr\/un-catholique-pakistanais-libere-apres-cinq-ans-de-prison-pour-un-meurtre-quil-na-pas-commis-raconte-son-histoire\/\" \/>\n<meta property=\"og:site_name\" content=\"ACN International\" \/>\n<meta property=\"article:publisher\" content=\"https:\/\/www.facebook.com\/acninternationalorg\" \/>\n<meta property=\"article:published_time\" content=\"2020-09-03T09:23:25+00:00\" \/>\n<meta property=\"article:modified_time\" content=\"2020-09-03T11:20:34+00:00\" \/>\n<meta property=\"og:image\" content=\"https:\/\/media.acninternational.org\/wp-content\/uploads\/2020\/09\/Pakistan2.jpg\" \/>\n\t<meta property=\"og:image:width\" content=\"1400\" \/>\n\t<meta property=\"og:image:height\" content=\"438\" \/>\n\t<meta property=\"og:image:type\" content=\"image\/jpeg\" \/>\n<meta name=\"author\" content=\"ACN Press Team\" \/>\n<meta name=\"twitter:card\" content=\"summary_large_image\" \/>\n<meta name=\"twitter:creator\" content=\"@acn_int\" \/>\n<meta name=\"twitter:site\" content=\"@acn_int\" \/>\n<meta name=\"twitter:label1\" content=\"\u00c9crit par\" \/>\n\t<meta name=\"twitter:data1\" content=\"ACN Press Team\" \/>\n\t<meta name=\"twitter:label2\" content=\"Dur\u00e9e de lecture estim\u00e9e\" \/>\n\t<meta name=\"twitter:data2\" content=\"6 minutes\" \/>\n<script type=\"application\/ld+json\" class=\"yoast-schema-graph\">{\"@context\":\"https:\\\/\\\/schema.org\",\"@graph\":[{\"@type\":\"Article\",\"@id\":\"https:\\\/\\\/acninternational.org\\\/fr\\\/un-catholique-pakistanais-libere-apres-cinq-ans-de-prison-pour-un-meurtre-quil-na-pas-commis-raconte-son-histoire\\\/#article\",\"isPartOf\":{\"@id\":\"https:\\\/\\\/acninternational.org\\\/fr\\\/un-catholique-pakistanais-libere-apres-cinq-ans-de-prison-pour-un-meurtre-quil-na-pas-commis-raconte-son-histoire\\\/\"},\"author\":{\"name\":\"ACN Press Team\",\"@id\":\"https:\\\/\\\/acninternational.org\\\/fr\\\/#\\\/schema\\\/person\\\/7f3dafb236b242fb2aa46be1411fd703\"},\"headline\":\"Un catholique pakistanais lib\u00e9r\u00e9 apr\u00e8s cinq ans de prison pour un meurtre qu\u2019il n\u2019a pas commis, raconte son histoire\",\"datePublished\":\"2020-09-03T09:23:25+00:00\",\"dateModified\":\"2020-09-03T11:20:34+00:00\",\"mainEntityOfPage\":{\"@id\":\"https:\\\/\\\/acninternational.org\\\/fr\\\/un-catholique-pakistanais-libere-apres-cinq-ans-de-prison-pour-un-meurtre-quil-na-pas-commis-raconte-son-histoire\\\/\"},\"wordCount\":1144,\"publisher\":{\"@id\":\"https:\\\/\\\/acninternational.org\\\/fr\\\/#organization\"},\"image\":{\"@id\":\"https:\\\/\\\/acninternational.org\\\/fr\\\/un-catholique-pakistanais-libere-apres-cinq-ans-de-prison-pour-un-meurtre-quil-na-pas-commis-raconte-son-histoire\\\/#primaryimage\"},\"thumbnailUrl\":\"https:\\\/\\\/media.acninternational.org\\\/wp-content\\\/uploads\\\/2020\\\/09\\\/Pakistan2.jpg\",\"articleSection\":[\"Non classifi\u00e9(e)\"],\"inLanguage\":\"fr-FR\"},{\"@type\":\"WebPage\",\"@id\":\"https:\\\/\\\/acninternational.org\\\/fr\\\/un-catholique-pakistanais-libere-apres-cinq-ans-de-prison-pour-un-meurtre-quil-na-pas-commis-raconte-son-histoire\\\/\",\"url\":\"https:\\\/\\\/acninternational.org\\\/fr\\\/un-catholique-pakistanais-libere-apres-cinq-ans-de-prison-pour-un-meurtre-quil-na-pas-commis-raconte-son-histoire\\\/\",\"name\":\"Un catholique pakistanais lib\u00e9r\u00e9 apr\u00e8s cinq ans de prison pour un meurtre qu\u2019il n\u2019a pas commis, raconte son histoire\",\"isPartOf\":{\"@id\":\"https:\\\/\\\/acninternational.org\\\/fr\\\/#website\"},\"primaryImageOfPage\":{\"@id\":\"https:\\\/\\\/acninternational.org\\\/fr\\\/un-catholique-pakistanais-libere-apres-cinq-ans-de-prison-pour-un-meurtre-quil-na-pas-commis-raconte-son-histoire\\\/#primaryimage\"},\"image\":{\"@id\":\"https:\\\/\\\/acninternational.org\\\/fr\\\/un-catholique-pakistanais-libere-apres-cinq-ans-de-prison-pour-un-meurtre-quil-na-pas-commis-raconte-son-histoire\\\/#primaryimage\"},\"thumbnailUrl\":\"https:\\\/\\\/media.acninternational.org\\\/wp-content\\\/uploads\\\/2020\\\/09\\\/Pakistan2.jpg\",\"datePublished\":\"2020-09-03T09:23:25+00:00\",\"dateModified\":\"2020-09-03T11:20:34+00:00\",\"description\":\"Ainsi que l\u2019Aide \u00e0 l\u2019\u00c9glise en D\u00e9tresse (AED) l\u2019a relat\u00e9 il y a quelques mois, quarante hommes de religion chr\u00e9tienne ont \u00e9t\u00e9 lib\u00e9r\u00e9s fin janvier 2020 apr\u00e8s avoir pass\u00e9 pr\u00e8s de cinq ans en prison, accus\u00e9s arbitrairement d\u2019avoir particip\u00e9 au lynchage de deux musulmans. Le lynchage a eu lieu au milieu d\u2019\u00e9meutes d\u00e9clench\u00e9es par deux attentats suicides qui visaient les offices religieux de l\u2019\u00e9glise Saint-Jean et de l\u2019\u00e9glise du Christ \u00e0 Youhanabad, le quartier chr\u00e9tien de Lahore, capitale de la province pakistanaise du Pendjab. Les attentats ont eu lieu le 15 mars 2015, et au moins 20 personnes sont mortes et 80 autres bless\u00e9es. L\u2019un des chr\u00e9tiens emprisonn\u00e9s et soup\u00e7onn\u00e9s \u00e0 tort d\u2019\u00eatre impliqu\u00e9s dans le lynchage des deux musulmans \u00e9tait Amjad Arif, un conducteur de v\u00e9lotaxi [version motoris\u00e9e du pousse-pousse traditionnel \u00e0 trois roues] \u00e0 Lahore. Il est le p\u00e8re de deux gar\u00e7ons et d\u2019une fille. Il raconte ses souffrances \u00e0 l\u2019AED, apr\u00e8s avoir \u00e9t\u00e9 injustement arr\u00eat\u00e9 en 2015.\",\"breadcrumb\":{\"@id\":\"https:\\\/\\\/acninternational.org\\\/fr\\\/un-catholique-pakistanais-libere-apres-cinq-ans-de-prison-pour-un-meurtre-quil-na-pas-commis-raconte-son-histoire\\\/#breadcrumb\"},\"inLanguage\":\"fr-FR\",\"potentialAction\":[{\"@type\":\"ReadAction\",\"target\":[\"https:\\\/\\\/acninternational.org\\\/fr\\\/un-catholique-pakistanais-libere-apres-cinq-ans-de-prison-pour-un-meurtre-quil-na-pas-commis-raconte-son-histoire\\\/\"]}]},{\"@type\":\"ImageObject\",\"inLanguage\":\"fr-FR\",\"@id\":\"https:\\\/\\\/acninternational.org\\\/fr\\\/un-catholique-pakistanais-libere-apres-cinq-ans-de-prison-pour-un-meurtre-quil-na-pas-commis-raconte-son-histoire\\\/#primaryimage\",\"url\":\"https:\\\/\\\/media.acninternational.org\\\/wp-content\\\/uploads\\\/2020\\\/09\\\/Pakistan2.jpg\",\"contentUrl\":\"https:\\\/\\\/media.acninternational.org\\\/wp-content\\\/uploads\\\/2020\\\/09\\\/Pakistan2.jpg\",\"width\":1400,\"height\":438},{\"@type\":\"BreadcrumbList\",\"@id\":\"https:\\\/\\\/acninternational.org\\\/fr\\\/un-catholique-pakistanais-libere-apres-cinq-ans-de-prison-pour-un-meurtre-quil-na-pas-commis-raconte-son-histoire\\\/#breadcrumb\",\"itemListElement\":[{\"@type\":\"ListItem\",\"position\":1,\"name\":\"Home\",\"item\":\"https:\\\/\\\/acninternational.org\\\/fr\\\/\"},{\"@type\":\"ListItem\",\"position\":2,\"name\":\"Nouvelles\",\"item\":\"https:\\\/\\\/acninternational.org\\\/fr\\\/category\\\/news-fr\\\/\"},{\"@type\":\"ListItem\",\"position\":3,\"name\":\"Un catholique pakistanais lib\u00e9r\u00e9 apr\u00e8s cinq ans de prison pour un meurtre qu\u2019il n\u2019a pas commis, raconte son histoire\"}]},{\"@type\":\"WebSite\",\"@id\":\"https:\\\/\\\/acninternational.org\\\/fr\\\/#website\",\"url\":\"https:\\\/\\\/acninternational.org\\\/fr\\\/\",\"name\":\"ACN International\",\"description\":\"\",\"publisher\":{\"@id\":\"https:\\\/\\\/acninternational.org\\\/fr\\\/#organization\"},\"potentialAction\":[{\"@type\":\"SearchAction\",\"target\":{\"@type\":\"EntryPoint\",\"urlTemplate\":\"https:\\\/\\\/acninternational.org\\\/fr\\\/?s={search_term_string}\"},\"query-input\":{\"@type\":\"PropertyValueSpecification\",\"valueRequired\":true,\"valueName\":\"search_term_string\"}}],\"inLanguage\":\"fr-FR\"},{\"@type\":\"Organization\",\"@id\":\"https:\\\/\\\/acninternational.org\\\/fr\\\/#organization\",\"name\":\"Aid to the Church in Need International\",\"url\":\"https:\\\/\\\/acninternational.org\\\/fr\\\/\",\"logo\":{\"@type\":\"ImageObject\",\"inLanguage\":\"fr-FR\",\"@id\":\"https:\\\/\\\/acninternational.org\\\/fr\\\/#\\\/schema\\\/logo\\\/image\\\/\",\"url\":\"https:\\\/\\\/media.acninternational.org\\\/wp-content\\\/uploads\\\/2019\\\/11\\\/acn_logo_blackvector.svg\",\"contentUrl\":\"https:\\\/\\\/media.acninternational.org\\\/wp-content\\\/uploads\\\/2019\\\/11\\\/acn_logo_blackvector.svg\",\"width\":232.6,\"height\":78,\"caption\":\"Aid to the Church in Need International\"},\"image\":{\"@id\":\"https:\\\/\\\/acninternational.org\\\/fr\\\/#\\\/schema\\\/logo\\\/image\\\/\"},\"sameAs\":[\"https:\\\/\\\/www.facebook.com\\\/acninternationalorg\",\"https:\\\/\\\/x.com\\\/acn_int\",\"https:\\\/\\\/www.youtube.com\\\/channel\\\/UCQ-077gS0TnVzkhHmf1opZw\",\"https:\\\/\\\/www.instagram.com\\\/acn_international\\\/\"]},{\"@type\":\"Person\",\"@id\":\"https:\\\/\\\/acninternational.org\\\/fr\\\/#\\\/schema\\\/person\\\/7f3dafb236b242fb2aa46be1411fd703\",\"name\":\"ACN Press Team\",\"description\":\"Lorem ipsum dolor sit amet, consectetur adipiscing elit, sed do eiusmod tempor incididunt ut labore et dolore magna aliqua. Ut enim ad minim veniam, quis nostrud exercitation ullamco laboris nisi ut aliquip ex ea commodo consequat.\",\"url\":\"https:\\\/\\\/acninternational.org\\\/fr\\\/author\\\/acn-press-team\\\/\"}]}<\/script>\n<!-- \/ Yoast SEO Premium plugin. -->","yoast_head_json":{"title":"Un catholique pakistanais lib\u00e9r\u00e9 apr\u00e8s cinq ans de prison pour un meurtre qu\u2019il n\u2019a pas commis, raconte son histoire","description":"Ainsi que l\u2019Aide \u00e0 l\u2019\u00c9glise en D\u00e9tresse (AED) l\u2019a relat\u00e9 il y a quelques mois, quarante hommes de religion chr\u00e9tienne ont \u00e9t\u00e9 lib\u00e9r\u00e9s fin janvier 2020 apr\u00e8s avoir pass\u00e9 pr\u00e8s de cinq ans en prison, accus\u00e9s arbitrairement d\u2019avoir particip\u00e9 au lynchage de deux musulmans. Le lynchage a eu lieu au milieu d\u2019\u00e9meutes d\u00e9clench\u00e9es par deux attentats suicides qui visaient les offices religieux de l\u2019\u00e9glise Saint-Jean et de l\u2019\u00e9glise du Christ \u00e0 Youhanabad, le quartier chr\u00e9tien de Lahore, capitale de la province pakistanaise du Pendjab. Les attentats ont eu lieu le 15 mars 2015, et au moins 20 personnes sont mortes et 80 autres bless\u00e9es. L\u2019un des chr\u00e9tiens emprisonn\u00e9s et soup\u00e7onn\u00e9s \u00e0 tort d\u2019\u00eatre impliqu\u00e9s dans le lynchage des deux musulmans \u00e9tait Amjad Arif, un conducteur de v\u00e9lotaxi [version motoris\u00e9e du pousse-pousse traditionnel \u00e0 trois roues] \u00e0 Lahore. Il est le p\u00e8re de deux gar\u00e7ons et d\u2019une fille. Il raconte ses souffrances \u00e0 l\u2019AED, apr\u00e8s avoir \u00e9t\u00e9 injustement arr\u00eat\u00e9 en 2015.","robots":{"index":"index","follow":"follow","max-snippet":"max-snippet:-1","max-image-preview":"max-image-preview:large","max-video-preview":"max-video-preview:-1"},"canonical":"https:\/\/acninternational.org\/fr\/un-catholique-pakistanais-libere-apres-cinq-ans-de-prison-pour-un-meurtre-quil-na-pas-commis-raconte-son-histoire\/","og_locale":"fr_FR","og_type":"article","og_title":"Un catholique pakistanais lib\u00e9r\u00e9 apr\u00e8s cinq ans de prison pour un meurtre qu\u2019il n\u2019a pas commis, raconte son histoire","og_description":"Ainsi que l\u2019Aide \u00e0 l\u2019\u00c9glise en D\u00e9tresse (AED) l\u2019a relat\u00e9 il y a quelques mois, quarante hommes de religion chr\u00e9tienne ont \u00e9t\u00e9 lib\u00e9r\u00e9s fin janvier 2020 apr\u00e8s avoir pass\u00e9 pr\u00e8s de cinq ans en prison, accus\u00e9s arbitrairement d\u2019avoir particip\u00e9 au lynchage de deux musulmans. Le lynchage a eu lieu au milieu d\u2019\u00e9meutes d\u00e9clench\u00e9es par deux attentats suicides qui visaient les offices religieux de l\u2019\u00e9glise Saint-Jean et de l\u2019\u00e9glise du Christ \u00e0 Youhanabad, le quartier chr\u00e9tien de Lahore, capitale de la province pakistanaise du Pendjab. Les attentats ont eu lieu le 15 mars 2015, et au moins 20 personnes sont mortes et 80 autres bless\u00e9es. L\u2019un des chr\u00e9tiens emprisonn\u00e9s et soup\u00e7onn\u00e9s \u00e0 tort d\u2019\u00eatre impliqu\u00e9s dans le lynchage des deux musulmans \u00e9tait Amjad Arif, un conducteur de v\u00e9lotaxi [version motoris\u00e9e du pousse-pousse traditionnel \u00e0 trois roues] \u00e0 Lahore. Il est le p\u00e8re de deux gar\u00e7ons et d\u2019une fille. Il raconte ses souffrances \u00e0 l\u2019AED, apr\u00e8s avoir \u00e9t\u00e9 injustement arr\u00eat\u00e9 en 2015.","og_url":"https:\/\/acninternational.org\/fr\/un-catholique-pakistanais-libere-apres-cinq-ans-de-prison-pour-un-meurtre-quil-na-pas-commis-raconte-son-histoire\/","og_site_name":"ACN International","article_publisher":"https:\/\/www.facebook.com\/acninternationalorg","article_published_time":"2020-09-03T09:23:25+00:00","article_modified_time":"2020-09-03T11:20:34+00:00","og_image":[{"width":1400,"height":438,"url":"https:\/\/media.acninternational.org\/wp-content\/uploads\/2020\/09\/Pakistan2.jpg","type":"image\/jpeg"}],"author":"ACN Press Team","twitter_card":"summary_large_image","twitter_creator":"@acn_int","twitter_site":"@acn_int","twitter_misc":{"\u00c9crit par":"ACN Press Team","Dur\u00e9e de lecture estim\u00e9e":"6 minutes"},"schema":{"@context":"https:\/\/schema.org","@graph":[{"@type":"Article","@id":"https:\/\/acninternational.org\/fr\/un-catholique-pakistanais-libere-apres-cinq-ans-de-prison-pour-un-meurtre-quil-na-pas-commis-raconte-son-histoire\/#article","isPartOf":{"@id":"https:\/\/acninternational.org\/fr\/un-catholique-pakistanais-libere-apres-cinq-ans-de-prison-pour-un-meurtre-quil-na-pas-commis-raconte-son-histoire\/"},"author":{"name":"ACN Press Team","@id":"https:\/\/acninternational.org\/fr\/#\/schema\/person\/7f3dafb236b242fb2aa46be1411fd703"},"headline":"Un catholique pakistanais lib\u00e9r\u00e9 apr\u00e8s cinq ans de prison pour un meurtre qu\u2019il n\u2019a pas commis, raconte son histoire","datePublished":"2020-09-03T09:23:25+00:00","dateModified":"2020-09-03T11:20:34+00:00","mainEntityOfPage":{"@id":"https:\/\/acninternational.org\/fr\/un-catholique-pakistanais-libere-apres-cinq-ans-de-prison-pour-un-meurtre-quil-na-pas-commis-raconte-son-histoire\/"},"wordCount":1144,"publisher":{"@id":"https:\/\/acninternational.org\/fr\/#organization"},"image":{"@id":"https:\/\/acninternational.org\/fr\/un-catholique-pakistanais-libere-apres-cinq-ans-de-prison-pour-un-meurtre-quil-na-pas-commis-raconte-son-histoire\/#primaryimage"},"thumbnailUrl":"https:\/\/media.acninternational.org\/wp-content\/uploads\/2020\/09\/Pakistan2.jpg","articleSection":["Non classifi\u00e9(e)"],"inLanguage":"fr-FR"},{"@type":"WebPage","@id":"https:\/\/acninternational.org\/fr\/un-catholique-pakistanais-libere-apres-cinq-ans-de-prison-pour-un-meurtre-quil-na-pas-commis-raconte-son-histoire\/","url":"https:\/\/acninternational.org\/fr\/un-catholique-pakistanais-libere-apres-cinq-ans-de-prison-pour-un-meurtre-quil-na-pas-commis-raconte-son-histoire\/","name":"Un catholique pakistanais lib\u00e9r\u00e9 apr\u00e8s cinq ans de prison pour un meurtre qu\u2019il n\u2019a pas commis, raconte son histoire","isPartOf":{"@id":"https:\/\/acninternational.org\/fr\/#website"},"primaryImageOfPage":{"@id":"https:\/\/acninternational.org\/fr\/un-catholique-pakistanais-libere-apres-cinq-ans-de-prison-pour-un-meurtre-quil-na-pas-commis-raconte-son-histoire\/#primaryimage"},"image":{"@id":"https:\/\/acninternational.org\/fr\/un-catholique-pakistanais-libere-apres-cinq-ans-de-prison-pour-un-meurtre-quil-na-pas-commis-raconte-son-histoire\/#primaryimage"},"thumbnailUrl":"https:\/\/media.acninternational.org\/wp-content\/uploads\/2020\/09\/Pakistan2.jpg","datePublished":"2020-09-03T09:23:25+00:00","dateModified":"2020-09-03T11:20:34+00:00","description":"Ainsi que l\u2019Aide \u00e0 l\u2019\u00c9glise en D\u00e9tresse (AED) l\u2019a relat\u00e9 il y a quelques mois, quarante hommes de religion chr\u00e9tienne ont \u00e9t\u00e9 lib\u00e9r\u00e9s fin janvier 2020 apr\u00e8s avoir pass\u00e9 pr\u00e8s de cinq ans en prison, accus\u00e9s arbitrairement d\u2019avoir particip\u00e9 au lynchage de deux musulmans. Le lynchage a eu lieu au milieu d\u2019\u00e9meutes d\u00e9clench\u00e9es par deux attentats suicides qui visaient les offices religieux de l\u2019\u00e9glise Saint-Jean et de l\u2019\u00e9glise du Christ \u00e0 Youhanabad, le quartier chr\u00e9tien de Lahore, capitale de la province pakistanaise du Pendjab. Les attentats ont eu lieu le 15 mars 2015, et au moins 20 personnes sont mortes et 80 autres bless\u00e9es. L\u2019un des chr\u00e9tiens emprisonn\u00e9s et soup\u00e7onn\u00e9s \u00e0 tort d\u2019\u00eatre impliqu\u00e9s dans le lynchage des deux musulmans \u00e9tait Amjad Arif, un conducteur de v\u00e9lotaxi [version motoris\u00e9e du pousse-pousse traditionnel \u00e0 trois roues] \u00e0 Lahore. Il est le p\u00e8re de deux gar\u00e7ons et d\u2019une fille. Il raconte ses souffrances \u00e0 l\u2019AED, apr\u00e8s avoir \u00e9t\u00e9 injustement arr\u00eat\u00e9 en 2015.","breadcrumb":{"@id":"https:\/\/acninternational.org\/fr\/un-catholique-pakistanais-libere-apres-cinq-ans-de-prison-pour-un-meurtre-quil-na-pas-commis-raconte-son-histoire\/#breadcrumb"},"inLanguage":"fr-FR","potentialAction":[{"@type":"ReadAction","target":["https:\/\/acninternational.org\/fr\/un-catholique-pakistanais-libere-apres-cinq-ans-de-prison-pour-un-meurtre-quil-na-pas-commis-raconte-son-histoire\/"]}]},{"@type":"ImageObject","inLanguage":"fr-FR","@id":"https:\/\/acninternational.org\/fr\/un-catholique-pakistanais-libere-apres-cinq-ans-de-prison-pour-un-meurtre-quil-na-pas-commis-raconte-son-histoire\/#primaryimage","url":"https:\/\/media.acninternational.org\/wp-content\/uploads\/2020\/09\/Pakistan2.jpg","contentUrl":"https:\/\/media.acninternational.org\/wp-content\/uploads\/2020\/09\/Pakistan2.jpg","width":1400,"height":438},{"@type":"BreadcrumbList","@id":"https:\/\/acninternational.org\/fr\/un-catholique-pakistanais-libere-apres-cinq-ans-de-prison-pour-un-meurtre-quil-na-pas-commis-raconte-son-histoire\/#breadcrumb","itemListElement":[{"@type":"ListItem","position":1,"name":"Home","item":"https:\/\/acninternational.org\/fr\/"},{"@type":"ListItem","position":2,"name":"Nouvelles","item":"https:\/\/acninternational.org\/fr\/category\/news-fr\/"},{"@type":"ListItem","position":3,"name":"Un catholique pakistanais lib\u00e9r\u00e9 apr\u00e8s cinq ans de prison pour un meurtre qu\u2019il n\u2019a pas commis, raconte son histoire"}]},{"@type":"WebSite","@id":"https:\/\/acninternational.org\/fr\/#website","url":"https:\/\/acninternational.org\/fr\/","name":"ACN International","description":"","publisher":{"@id":"https:\/\/acninternational.org\/fr\/#organization"},"potentialAction":[{"@type":"SearchAction","target":{"@type":"EntryPoint","urlTemplate":"https:\/\/acninternational.org\/fr\/?s={search_term_string}"},"query-input":{"@type":"PropertyValueSpecification","valueRequired":true,"valueName":"search_term_string"}}],"inLanguage":"fr-FR"},{"@type":"Organization","@id":"https:\/\/acninternational.org\/fr\/#organization","name":"Aid to the Church in Need International","url":"https:\/\/acninternational.org\/fr\/","logo":{"@type":"ImageObject","inLanguage":"fr-FR","@id":"https:\/\/acninternational.org\/fr\/#\/schema\/logo\/image\/","url":"https:\/\/media.acninternational.org\/wp-content\/uploads\/2019\/11\/acn_logo_blackvector.svg","contentUrl":"https:\/\/media.acninternational.org\/wp-content\/uploads\/2019\/11\/acn_logo_blackvector.svg","width":232.6,"height":78,"caption":"Aid to the Church in Need International"},"image":{"@id":"https:\/\/acninternational.org\/fr\/#\/schema\/logo\/image\/"},"sameAs":["https:\/\/www.facebook.com\/acninternationalorg","https:\/\/x.com\/acn_int","https:\/\/www.youtube.com\/channel\/UCQ-077gS0TnVzkhHmf1opZw","https:\/\/www.instagram.com\/acn_international\/"]},{"@type":"Person","@id":"https:\/\/acninternational.org\/fr\/#\/schema\/person\/7f3dafb236b242fb2aa46be1411fd703","name":"ACN Press Team","description":"Lorem ipsum dolor sit amet, consectetur adipiscing elit, sed do eiusmod tempor incididunt ut labore et dolore magna aliqua. Ut enim ad minim veniam, quis nostrud exercitation ullamco laboris nisi ut aliquip ex ea commodo consequat.","url":"https:\/\/acninternational.org\/fr\/author\/acn-press-team\/"}]}},"_links":{"self":[{"href":"https:\/\/acninternational.org\/fr\/wp-json\/wp\/v2\/posts\/142528","targetHints":{"allow":["GET"]}}],"collection":[{"href":"https:\/\/acninternational.org\/fr\/wp-json\/wp\/v2\/posts"}],"about":[{"href":"https:\/\/acninternational.org\/fr\/wp-json\/wp\/v2\/types\/post"}],"author":[{"embeddable":true,"href":"https:\/\/acninternational.org\/fr\/wp-json\/wp\/v2\/users\/4258341447"}],"replies":[{"embeddable":true,"href":"https:\/\/acninternational.org\/fr\/wp-json\/wp\/v2\/comments?post=142528"}],"version-history":[{"count":0,"href":"https:\/\/acninternational.org\/fr\/wp-json\/wp\/v2\/posts\/142528\/revisions"}],"wp:featuredmedia":[{"embeddable":true,"href":"https:\/\/acninternational.org\/fr\/wp-json\/wp\/v2\/media\/142511"}],"wp:attachment":[{"href":"https:\/\/acninternational.org\/fr\/wp-json\/wp\/v2\/media?parent=142528"}],"wp:term":[{"taxonomy":"category","embeddable":true,"href":"https:\/\/acninternational.org\/fr\/wp-json\/wp\/v2\/categories?post=142528"},{"taxonomy":"post_tag","embeddable":true,"href":"https:\/\/acninternational.org\/fr\/wp-json\/wp\/v2\/tags?post=142528"},{"taxonomy":"country","embeddable":true,"href":"https:\/\/acninternational.org\/fr\/wp-json\/wp\/v2\/country?post=142528"}],"curies":[{"name":"wp","href":"https:\/\/api.w.org\/{rel}","templated":true}]}}