{"id":141618,"date":"2020-08-17T16:54:22","date_gmt":"2020-08-17T14:54:22","guid":{"rendered":"https:\/\/acninternational.org\/?p=141618"},"modified":"2020-08-17T17:22:53","modified_gmt":"2020-08-17T15:22:53","slug":"liban-pendant-les-15-longues-annees-de-guerre-civile-nous-navions-jamais-ete-confrontes-a-une-telle-destruction-instantanee","status":"publish","type":"post","link":"https:\/\/acninternational.org\/fr\/liban-pendant-les-15-longues-annees-de-guerre-civile-nous-navions-jamais-ete-confrontes-a-une-telle-destruction-instantanee\/","title":{"rendered":"Liban : \u00ab Pendant les 15 longues ann\u00e9es de guerre civile, nous n\u2019avions jamais \u00e9t\u00e9 confront\u00e9s \u00e0 une telle destruction instantan\u00e9e. \u00bb"},"content":{"rendered":"<p>Pour montrer sa solidarit\u00e9 avec le peuple libanais, la Fondation pontificale AED, en collaboration avec la CNEWA [Association catholique d\u2019aide \u00e0 l\u2019Orient] \/ Mission pontificale et Caritas Liban, tend la main \u00e0 ses partenaires locaux afin de pouvoir r\u00e9pondre aux besoins imm\u00e9diats et urgents de 5.880 familles, de Gemmayze, quartier de Beyrouth, jusqu\u2019\u00e0 Dbayeh (Mont Liban). Certains des partenaires locaux qui coop\u00e9reront \u00e0 la distribution des colis alimentaires ont expliqu\u00e9 la situation qu\u2019ils subissaient.<\/p>\n<p><img loading=\"lazy\" decoding=\"async\" class=\"alignnone size-full wp-image-141575\" src=\"https:\/\/media.acninternational.org\/wp-content\/uploads\/2020\/08\/acn_lebanon_destruction-at-one-glance-04.jpg\" alt=\"\" width=\"670\" height=\"400\" srcset=\"https:\/\/media.acninternational.org\/wp-content\/uploads\/2020\/08\/acn_lebanon_destruction-at-one-glance-04.jpg 670w, https:\/\/media.acninternational.org\/wp-content\/uploads\/2020\/08\/acn_lebanon_destruction-at-one-glance-04-300x179.jpg 300w\" sizes=\"auto, (max-width: 670px) 100vw, 670px\" \/><\/p>\n<p><em>\u00ab L\u2019explosion nous a secou\u00e9s \u00bb<\/em>, a d\u00e9clar\u00e9 S\u0153ur Rita Khoury, des Filles de la Charit\u00e9, l\u2019une des congr\u00e9gations soutenues par le projet. Elles g\u00e8rent un dispensaire de protection maternelle et infantile depuis 1959 \u00e0 Karm el Zeitoun, banlieue pauvre d\u2019Achrafieh, qui fait partie de Beyrouth. Comme les gens y sont d\u00e9pourvus de tout, elles fournissent les services m\u00e9dicaux de base.<\/p>\n<p>Depuis l\u2019explosion, S\u0153ur Rita, son \u00e9quipe et un groupe de b\u00e9n\u00e9voles se prom\u00e8nent dans les rues \u00e9troites du quartier dens\u00e9ment peupl\u00e9 de Karm el Zeitoun, tentant d\u2019\u00e9valuer les besoins et d\u2019aider les gens. <em>\u00ab\u00a0Les maisons de notre personnel et de tous les r\u00e9sidents de la zone ont \u00e9t\u00e9 endommag\u00e9es.<\/em> <em>Les 5 centres de la congr\u00e9gation, dont 2 \u00e9coles situ\u00e9es \u00e0 Achrafieh, ont \u00e9galement \u00e9t\u00e9 gravement endommag\u00e9s, et malheureusement, nous avons perdu une s\u0153ur dans l\u2019explosion\u00a0\u00bb.<\/em><\/p>\n<p><img loading=\"lazy\" decoding=\"async\" class=\"alignnone wp-image-141563 size-full\" src=\"https:\/\/media.acninternational.org\/wp-content\/uploads\/2020\/08\/acn_lebanon_destruction-at-one-glance-02.jpg\" alt=\"\" width=\"670\" height=\"400\" srcset=\"https:\/\/media.acninternational.org\/wp-content\/uploads\/2020\/08\/acn_lebanon_destruction-at-one-glance-02.jpg 670w, https:\/\/media.acninternational.org\/wp-content\/uploads\/2020\/08\/acn_lebanon_destruction-at-one-glance-02-300x179.jpg 300w\" sizes=\"auto, (max-width: 670px) 100vw, 670px\" \/><\/p>\n<p>Ashrafieh est l\u2019un des plus anciens quartiers de Beyrouth et compte des milliers de structures anciennes. \u00c0 seulement 2 km du port de Beyrouth, des b\u00e2timents et des maisons ont \u00e9t\u00e9 endommag\u00e9s et ont des fen\u00eatres et des portes bris\u00e9es, des meubles et du mat\u00e9riel d\u00e9truits. Au nord d\u2019Ashrafieh se trouvent \u00e9galement deux zones pauvres qui ont eu leur part de dommages\u00a0: Bourj Hammoud et Nabaa, qui sont fortement peupl\u00e9s de libanais d\u00e9munis, de r\u00e9fugi\u00e9s vuln\u00e9rables et de travailleurs migrants marginalis\u00e9s, et o\u00f9 le partenaire de projet de l\u2019AED, la CNEWA\/Mission pontificale, soutient deux dispensaires li\u00e9s \u00e0 l\u2019\u00c9glise, le Centre socio-m\u00e9dical Karagheusian et le dispensaire socio-m\u00e9dical intercommunautaire qui fournissent une aide m\u00e9dicale et sociale \u00e0 plus de 7.000 personnes dans le besoin. Le Centre Karagheusian b\u00e9n\u00e9ficiera \u00e9galement de l\u2019aide d\u2019urgence.<\/p>\n<p><em>\u00ab\u00a0Dieu merci, l\u2019explosion s\u2019est produite \u00e0 18h00.<\/em> <em>Si c\u2019\u00e9tait arriv\u00e9 3 heures plus t\u00f4t, nos patients, moi et mon personnel, serions maintenant\u00a0morts\u00a0!<\/em> <em>Le matin m\u00eame, n<\/em><em>ous avions accueilli 250 patients avec une \u00e9quipe de 50 membres du personnel.<\/em> <em>Je ne peux pas imaginer quelle aurait alors \u00e9t\u00e9 la situation.<\/em><em>\u00a0 <\/em><em>Le centre est gravement endommag\u00e9.<\/em> <em>Mon bureau est compl\u00e8tement d\u00e9truit, nous avons perdu 25 fen\u00eatres, 15 portes, des faux plafond, plusieurs ordinateurs portables, une photocopieuse, etc&#8230;.\u00a0\u00bb<\/em> a d\u00e9clar\u00e9 Serop Ohanian, directeur du Centre socio-m\u00e9dical Karagheusian.<\/p>\n<p><img loading=\"lazy\" decoding=\"async\" class=\"alignnone size-full wp-image-141602\" src=\"https:\/\/media.acninternational.org\/wp-content\/uploads\/2020\/08\/acn_lebanon_Christians-defy-land-grabbers-03.jpg\" alt=\"\" width=\"670\" height=\"400\" srcset=\"https:\/\/media.acninternational.org\/wp-content\/uploads\/2020\/08\/acn_lebanon_Christians-defy-land-grabbers-03.jpg 670w, https:\/\/media.acninternational.org\/wp-content\/uploads\/2020\/08\/acn_lebanon_Christians-defy-land-grabbers-03-300x179.jpg 300w\" sizes=\"auto, (max-width: 670px) 100vw, 670px\" \/><\/p>\n<p><em>\u00ab Pendant les 15 longues ann\u00e9es de guerre civile, nous n\u2019avions jamais \u00e9t\u00e9 confront\u00e9s \u00e0 une telle destruction instantan\u00e9e.<\/em> <em>Aucune maison, aucun magasin et aucune institution n\u2019ont \u00e9t\u00e9 \u00e9pargn\u00e9s par les dommages \u00bb<\/em>, a d\u00e9clar\u00e9 S\u0153ur Marie Justine el Osta de la Congr\u00e9gation maronite des S\u0153urs de la Sainte Famille, et directrice du dispensaire socio-m\u00e9dical intercommunautaire. Le dispensaire sera l\u2019un des distributeurs des colis alimentaires. Il est situ\u00e9 dans la r\u00e9gion de Nabaa, connu pour \u00eatre un quartier pauvre de Beyrouth-Est avec des communaut\u00e9s mixtes, principalement des chr\u00e9tiens d\u00e9plac\u00e9s du Mont Liban et d\u2019autres parties du pays pendant la guerre civile, en plus d\u2019un grand nombre de travailleurs \u00e9trangers (syriens, \u00e9gyptiens, irakiens, sri-lankais, philippins, etc.) \u00e0 la recherche d\u2019un abri dans des petits logements lou\u00e9s \u00e0 bas prix.<\/p>\n<p><em>\u00ab Trois membres de notre personnel ont \u00e9galement subi des blessures alors qu\u2019ils \u00e9taient chez eux.<\/em> <em>Le dispensaire est en d\u00e9route, presque toutes ses fen\u00eatres sont bris\u00e9es, ses portes en bois et m\u00eame celles en acier sont endommag\u00e9es. Des centaines de maisons \u00e0 proximit\u00e9 du centre ont subi des dommages. Il s\u2019agit des maisons de nos patients et de gens qui sont pauvres et viennent chercher de l\u2019aide m\u00e9dicale, de la nourriture et des v\u00eatements. Ils ne peuvent pas r\u00e9parer tout ce qui a \u00e9t\u00e9 d\u00e9truit, en particulier les vitres, compte tenu de la crise \u00e9conomique et financi\u00e8re actuelle du pays. Dieu merci, il fait beau en ce moment, mais dans quelques mois, nous pourrions avoir de la pluie, ce qui sera une catastrophe. Ces gens ont un besoin urgent de soutien, car ils ne peuvent pas faire les r\u00e9parations par eux-m\u00eames, surtout sans travail, argent ni nourriture \u00bb<\/em>, a d\u00e9clar\u00e9 S\u0153ur Marie Justine.<\/p>\n","protected":false},"excerpt":{"rendered":"<p>To show its solidarity with the Lebanese people, the pontifical foundation ACN in collaboration with CNEWA \/ Pontifical Mission and<\/p>\n","protected":false},"author":66,"featured_media":141582,"comment_status":"closed","ping_status":"closed","sticky":false,"template":"","format":"standard","meta":{"_acf_changed":false,"_acn_coauthor_ids":[],"footnotes":""},"categories":[233],"tags":[],"country":[340],"class_list":["post-141618","post","type-post","status-publish","format-standard","has-post-thumbnail","hentry","category-non-classifiee","country-lebanon"],"acn_coauthors":[],"acf":[],"yoast_head":"<!-- This site is optimized with the Yoast SEO Premium plugin v27.3 (Yoast SEO v27.3) - https:\/\/yoast.com\/product\/yoast-seo-premium-wordpress\/ -->\n<title>Liban : \u00ab Pendant les 15 longues ann\u00e9es de guerre civile, nous n\u2019avions jamais \u00e9t\u00e9 confront\u00e9s \u00e0 une telle destruction instantan\u00e9e. \u00bb | ACN International<\/title>\n<meta name=\"robots\" content=\"index, follow, max-snippet:-1, max-image-preview:large, max-video-preview:-1\" \/>\n<link rel=\"canonical\" href=\"https:\/\/acninternational.org\/fr\/liban-pendant-les-15-longues-annees-de-guerre-civile-nous-navions-jamais-ete-confrontes-a-une-telle-destruction-instantanee\/\" \/>\n<meta property=\"og:locale\" content=\"fr_FR\" \/>\n<meta property=\"og:type\" content=\"article\" \/>\n<meta property=\"og:title\" content=\"Liban : \u00ab Pendant les 15 longues ann\u00e9es de guerre civile, nous n\u2019avions jamais \u00e9t\u00e9 confront\u00e9s \u00e0 une telle destruction instantan\u00e9e. \u00bb\" \/>\n<meta property=\"og:description\" content=\"To show its solidarity with the Lebanese people, the pontifical foundation ACN in collaboration with CNEWA \/ Pontifical Mission and\" \/>\n<meta property=\"og:url\" content=\"https:\/\/acninternational.org\/fr\/liban-pendant-les-15-longues-annees-de-guerre-civile-nous-navions-jamais-ete-confrontes-a-une-telle-destruction-instantanee\/\" \/>\n<meta property=\"og:site_name\" content=\"ACN International\" \/>\n<meta property=\"article:publisher\" content=\"https:\/\/www.facebook.com\/acninternationalorg\" \/>\n<meta property=\"article:published_time\" content=\"2020-08-17T14:54:22+00:00\" \/>\n<meta property=\"article:modified_time\" content=\"2020-08-17T15:22:53+00:00\" \/>\n<meta property=\"og:image\" content=\"https:\/\/media.acninternational.org\/wp-content\/uploads\/2020\/08\/acn_lebanon_destruction-at-one-glance.jpg\" \/>\n\t<meta property=\"og:image:width\" content=\"2000\" \/>\n\t<meta property=\"og:image:height\" content=\"625\" \/>\n\t<meta property=\"og:image:type\" content=\"image\/jpeg\" \/>\n<meta name=\"author\" content=\"Milena\" \/>\n<meta name=\"twitter:card\" content=\"summary_large_image\" \/>\n<meta name=\"twitter:creator\" content=\"@acn_int\" \/>\n<meta name=\"twitter:site\" content=\"@acn_int\" \/>\n<meta name=\"twitter:label1\" content=\"\u00c9crit par\" \/>\n\t<meta name=\"twitter:data1\" content=\"Milena\" \/>\n\t<meta name=\"twitter:label2\" content=\"Dur\u00e9e de lecture estim\u00e9e\" \/>\n\t<meta name=\"twitter:data2\" content=\"4 minutes\" \/>\n<script type=\"application\/ld+json\" class=\"yoast-schema-graph\">{\"@context\":\"https:\\\/\\\/schema.org\",\"@graph\":[{\"@type\":\"Article\",\"@id\":\"https:\\\/\\\/acninternational.org\\\/fr\\\/liban-pendant-les-15-longues-annees-de-guerre-civile-nous-navions-jamais-ete-confrontes-a-une-telle-destruction-instantanee\\\/#article\",\"isPartOf\":{\"@id\":\"https:\\\/\\\/acninternational.org\\\/fr\\\/liban-pendant-les-15-longues-annees-de-guerre-civile-nous-navions-jamais-ete-confrontes-a-une-telle-destruction-instantanee\\\/\"},\"author\":{\"name\":\"Milena\",\"@id\":\"https:\\\/\\\/acninternational.org\\\/fr\\\/#\\\/schema\\\/person\\\/5a2b2930ad4475e0aa0dade4e51d9474\"},\"headline\":\"Liban : \u00ab Pendant les 15 longues ann\u00e9es de guerre civile, nous n\u2019avions jamais \u00e9t\u00e9 confront\u00e9s \u00e0 une telle destruction instantan\u00e9e. \u00bb\",\"datePublished\":\"2020-08-17T14:54:22+00:00\",\"dateModified\":\"2020-08-17T15:22:53+00:00\",\"mainEntityOfPage\":{\"@id\":\"https:\\\/\\\/acninternational.org\\\/fr\\\/liban-pendant-les-15-longues-annees-de-guerre-civile-nous-navions-jamais-ete-confrontes-a-une-telle-destruction-instantanee\\\/\"},\"wordCount\":801,\"publisher\":{\"@id\":\"https:\\\/\\\/acninternational.org\\\/fr\\\/#organization\"},\"image\":{\"@id\":\"https:\\\/\\\/acninternational.org\\\/fr\\\/liban-pendant-les-15-longues-annees-de-guerre-civile-nous-navions-jamais-ete-confrontes-a-une-telle-destruction-instantanee\\\/#primaryimage\"},\"thumbnailUrl\":\"https:\\\/\\\/media.acninternational.org\\\/wp-content\\\/uploads\\\/2020\\\/08\\\/acn_lebanon_destruction-at-one-glance.jpg\",\"articleSection\":[\"Non classifi\u00e9(e)\"],\"inLanguage\":\"fr-FR\"},{\"@type\":\"WebPage\",\"@id\":\"https:\\\/\\\/acninternational.org\\\/fr\\\/liban-pendant-les-15-longues-annees-de-guerre-civile-nous-navions-jamais-ete-confrontes-a-une-telle-destruction-instantanee\\\/\",\"url\":\"https:\\\/\\\/acninternational.org\\\/fr\\\/liban-pendant-les-15-longues-annees-de-guerre-civile-nous-navions-jamais-ete-confrontes-a-une-telle-destruction-instantanee\\\/\",\"name\":\"Liban : \u00ab Pendant les 15 longues ann\u00e9es de guerre civile, nous n\u2019avions jamais \u00e9t\u00e9 confront\u00e9s \u00e0 une telle destruction instantan\u00e9e. \u00bb | ACN International\",\"isPartOf\":{\"@id\":\"https:\\\/\\\/acninternational.org\\\/fr\\\/#website\"},\"primaryImageOfPage\":{\"@id\":\"https:\\\/\\\/acninternational.org\\\/fr\\\/liban-pendant-les-15-longues-annees-de-guerre-civile-nous-navions-jamais-ete-confrontes-a-une-telle-destruction-instantanee\\\/#primaryimage\"},\"image\":{\"@id\":\"https:\\\/\\\/acninternational.org\\\/fr\\\/liban-pendant-les-15-longues-annees-de-guerre-civile-nous-navions-jamais-ete-confrontes-a-une-telle-destruction-instantanee\\\/#primaryimage\"},\"thumbnailUrl\":\"https:\\\/\\\/media.acninternational.org\\\/wp-content\\\/uploads\\\/2020\\\/08\\\/acn_lebanon_destruction-at-one-glance.jpg\",\"datePublished\":\"2020-08-17T14:54:22+00:00\",\"dateModified\":\"2020-08-17T15:22:53+00:00\",\"breadcrumb\":{\"@id\":\"https:\\\/\\\/acninternational.org\\\/fr\\\/liban-pendant-les-15-longues-annees-de-guerre-civile-nous-navions-jamais-ete-confrontes-a-une-telle-destruction-instantanee\\\/#breadcrumb\"},\"inLanguage\":\"fr-FR\",\"potentialAction\":[{\"@type\":\"ReadAction\",\"target\":[\"https:\\\/\\\/acninternational.org\\\/fr\\\/liban-pendant-les-15-longues-annees-de-guerre-civile-nous-navions-jamais-ete-confrontes-a-une-telle-destruction-instantanee\\\/\"]}]},{\"@type\":\"ImageObject\",\"inLanguage\":\"fr-FR\",\"@id\":\"https:\\\/\\\/acninternational.org\\\/fr\\\/liban-pendant-les-15-longues-annees-de-guerre-civile-nous-navions-jamais-ete-confrontes-a-une-telle-destruction-instantanee\\\/#primaryimage\",\"url\":\"https:\\\/\\\/media.acninternational.org\\\/wp-content\\\/uploads\\\/2020\\\/08\\\/acn_lebanon_destruction-at-one-glance.jpg\",\"contentUrl\":\"https:\\\/\\\/media.acninternational.org\\\/wp-content\\\/uploads\\\/2020\\\/08\\\/acn_lebanon_destruction-at-one-glance.jpg\",\"width\":2000,\"height\":625},{\"@type\":\"BreadcrumbList\",\"@id\":\"https:\\\/\\\/acninternational.org\\\/fr\\\/liban-pendant-les-15-longues-annees-de-guerre-civile-nous-navions-jamais-ete-confrontes-a-une-telle-destruction-instantanee\\\/#breadcrumb\",\"itemListElement\":[{\"@type\":\"ListItem\",\"position\":1,\"name\":\"Home\",\"item\":\"https:\\\/\\\/acninternational.org\\\/fr\\\/\"},{\"@type\":\"ListItem\",\"position\":2,\"name\":\"Nouvelles\",\"item\":\"https:\\\/\\\/acninternational.org\\\/fr\\\/category\\\/news-fr\\\/\"},{\"@type\":\"ListItem\",\"position\":3,\"name\":\"Liban : \u00ab Pendant les 15 longues ann\u00e9es de guerre civile, nous n\u2019avions jamais \u00e9t\u00e9 confront\u00e9s \u00e0 une telle destruction instantan\u00e9e. \u00bb\"}]},{\"@type\":\"WebSite\",\"@id\":\"https:\\\/\\\/acninternational.org\\\/fr\\\/#website\",\"url\":\"https:\\\/\\\/acninternational.org\\\/fr\\\/\",\"name\":\"ACN International\",\"description\":\"\",\"publisher\":{\"@id\":\"https:\\\/\\\/acninternational.org\\\/fr\\\/#organization\"},\"potentialAction\":[{\"@type\":\"SearchAction\",\"target\":{\"@type\":\"EntryPoint\",\"urlTemplate\":\"https:\\\/\\\/acninternational.org\\\/fr\\\/?s={search_term_string}\"},\"query-input\":{\"@type\":\"PropertyValueSpecification\",\"valueRequired\":true,\"valueName\":\"search_term_string\"}}],\"inLanguage\":\"fr-FR\"},{\"@type\":\"Organization\",\"@id\":\"https:\\\/\\\/acninternational.org\\\/fr\\\/#organization\",\"name\":\"Aid to the Church in Need International\",\"url\":\"https:\\\/\\\/acninternational.org\\\/fr\\\/\",\"logo\":{\"@type\":\"ImageObject\",\"inLanguage\":\"fr-FR\",\"@id\":\"https:\\\/\\\/acninternational.org\\\/fr\\\/#\\\/schema\\\/logo\\\/image\\\/\",\"url\":\"https:\\\/\\\/media.acninternational.org\\\/wp-content\\\/uploads\\\/2019\\\/11\\\/acn_logo_blackvector.svg\",\"contentUrl\":\"https:\\\/\\\/media.acninternational.org\\\/wp-content\\\/uploads\\\/2019\\\/11\\\/acn_logo_blackvector.svg\",\"width\":232.6,\"height\":78,\"caption\":\"Aid to the Church in Need International\"},\"image\":{\"@id\":\"https:\\\/\\\/acninternational.org\\\/fr\\\/#\\\/schema\\\/logo\\\/image\\\/\"},\"sameAs\":[\"https:\\\/\\\/www.facebook.com\\\/acninternationalorg\",\"https:\\\/\\\/x.com\\\/acn_int\",\"https:\\\/\\\/www.youtube.com\\\/channel\\\/UCQ-077gS0TnVzkhHmf1opZw\",\"https:\\\/\\\/www.instagram.com\\\/acn_international\\\/\"]},{\"@type\":\"Person\",\"@id\":\"https:\\\/\\\/acninternational.org\\\/fr\\\/#\\\/schema\\\/person\\\/5a2b2930ad4475e0aa0dade4e51d9474\",\"name\":\"Milena\",\"description\":\"Lorem ipsum dolor sit amet, consectetur adipiscing elit, sed do eiusmod tempor incididunt ut labore et dolore magna aliqua. Ut enim ad minim veniam, quis nostrud exercitation ullamco laboris nisi ut aliquip ex ea commodo consequat.\",\"url\":\"https:\\\/\\\/acninternational.org\\\/fr\\\/author\\\/milena\\\/\"}]}<\/script>\n<!-- \/ Yoast SEO Premium plugin. -->","yoast_head_json":{"title":"Liban : \u00ab Pendant les 15 longues ann\u00e9es de guerre civile, nous n\u2019avions jamais \u00e9t\u00e9 confront\u00e9s \u00e0 une telle destruction instantan\u00e9e. \u00bb | ACN International","robots":{"index":"index","follow":"follow","max-snippet":"max-snippet:-1","max-image-preview":"max-image-preview:large","max-video-preview":"max-video-preview:-1"},"canonical":"https:\/\/acninternational.org\/fr\/liban-pendant-les-15-longues-annees-de-guerre-civile-nous-navions-jamais-ete-confrontes-a-une-telle-destruction-instantanee\/","og_locale":"fr_FR","og_type":"article","og_title":"Liban : \u00ab Pendant les 15 longues ann\u00e9es de guerre civile, nous n\u2019avions jamais \u00e9t\u00e9 confront\u00e9s \u00e0 une telle destruction instantan\u00e9e. \u00bb","og_description":"To show its solidarity with the Lebanese people, the pontifical foundation ACN in collaboration with CNEWA \/ Pontifical Mission and","og_url":"https:\/\/acninternational.org\/fr\/liban-pendant-les-15-longues-annees-de-guerre-civile-nous-navions-jamais-ete-confrontes-a-une-telle-destruction-instantanee\/","og_site_name":"ACN International","article_publisher":"https:\/\/www.facebook.com\/acninternationalorg","article_published_time":"2020-08-17T14:54:22+00:00","article_modified_time":"2020-08-17T15:22:53+00:00","og_image":[{"width":2000,"height":625,"url":"https:\/\/media.acninternational.org\/wp-content\/uploads\/2020\/08\/acn_lebanon_destruction-at-one-glance.jpg","type":"image\/jpeg"}],"author":"Milena","twitter_card":"summary_large_image","twitter_creator":"@acn_int","twitter_site":"@acn_int","twitter_misc":{"\u00c9crit par":"Milena","Dur\u00e9e de lecture estim\u00e9e":"4 minutes"},"schema":{"@context":"https:\/\/schema.org","@graph":[{"@type":"Article","@id":"https:\/\/acninternational.org\/fr\/liban-pendant-les-15-longues-annees-de-guerre-civile-nous-navions-jamais-ete-confrontes-a-une-telle-destruction-instantanee\/#article","isPartOf":{"@id":"https:\/\/acninternational.org\/fr\/liban-pendant-les-15-longues-annees-de-guerre-civile-nous-navions-jamais-ete-confrontes-a-une-telle-destruction-instantanee\/"},"author":{"name":"Milena","@id":"https:\/\/acninternational.org\/fr\/#\/schema\/person\/5a2b2930ad4475e0aa0dade4e51d9474"},"headline":"Liban : \u00ab Pendant les 15 longues ann\u00e9es de guerre civile, nous n\u2019avions jamais \u00e9t\u00e9 confront\u00e9s \u00e0 une telle destruction instantan\u00e9e. \u00bb","datePublished":"2020-08-17T14:54:22+00:00","dateModified":"2020-08-17T15:22:53+00:00","mainEntityOfPage":{"@id":"https:\/\/acninternational.org\/fr\/liban-pendant-les-15-longues-annees-de-guerre-civile-nous-navions-jamais-ete-confrontes-a-une-telle-destruction-instantanee\/"},"wordCount":801,"publisher":{"@id":"https:\/\/acninternational.org\/fr\/#organization"},"image":{"@id":"https:\/\/acninternational.org\/fr\/liban-pendant-les-15-longues-annees-de-guerre-civile-nous-navions-jamais-ete-confrontes-a-une-telle-destruction-instantanee\/#primaryimage"},"thumbnailUrl":"https:\/\/media.acninternational.org\/wp-content\/uploads\/2020\/08\/acn_lebanon_destruction-at-one-glance.jpg","articleSection":["Non classifi\u00e9(e)"],"inLanguage":"fr-FR"},{"@type":"WebPage","@id":"https:\/\/acninternational.org\/fr\/liban-pendant-les-15-longues-annees-de-guerre-civile-nous-navions-jamais-ete-confrontes-a-une-telle-destruction-instantanee\/","url":"https:\/\/acninternational.org\/fr\/liban-pendant-les-15-longues-annees-de-guerre-civile-nous-navions-jamais-ete-confrontes-a-une-telle-destruction-instantanee\/","name":"Liban : \u00ab Pendant les 15 longues ann\u00e9es de guerre civile, nous n\u2019avions jamais \u00e9t\u00e9 confront\u00e9s \u00e0 une telle destruction instantan\u00e9e. \u00bb | ACN International","isPartOf":{"@id":"https:\/\/acninternational.org\/fr\/#website"},"primaryImageOfPage":{"@id":"https:\/\/acninternational.org\/fr\/liban-pendant-les-15-longues-annees-de-guerre-civile-nous-navions-jamais-ete-confrontes-a-une-telle-destruction-instantanee\/#primaryimage"},"image":{"@id":"https:\/\/acninternational.org\/fr\/liban-pendant-les-15-longues-annees-de-guerre-civile-nous-navions-jamais-ete-confrontes-a-une-telle-destruction-instantanee\/#primaryimage"},"thumbnailUrl":"https:\/\/media.acninternational.org\/wp-content\/uploads\/2020\/08\/acn_lebanon_destruction-at-one-glance.jpg","datePublished":"2020-08-17T14:54:22+00:00","dateModified":"2020-08-17T15:22:53+00:00","breadcrumb":{"@id":"https:\/\/acninternational.org\/fr\/liban-pendant-les-15-longues-annees-de-guerre-civile-nous-navions-jamais-ete-confrontes-a-une-telle-destruction-instantanee\/#breadcrumb"},"inLanguage":"fr-FR","potentialAction":[{"@type":"ReadAction","target":["https:\/\/acninternational.org\/fr\/liban-pendant-les-15-longues-annees-de-guerre-civile-nous-navions-jamais-ete-confrontes-a-une-telle-destruction-instantanee\/"]}]},{"@type":"ImageObject","inLanguage":"fr-FR","@id":"https:\/\/acninternational.org\/fr\/liban-pendant-les-15-longues-annees-de-guerre-civile-nous-navions-jamais-ete-confrontes-a-une-telle-destruction-instantanee\/#primaryimage","url":"https:\/\/media.acninternational.org\/wp-content\/uploads\/2020\/08\/acn_lebanon_destruction-at-one-glance.jpg","contentUrl":"https:\/\/media.acninternational.org\/wp-content\/uploads\/2020\/08\/acn_lebanon_destruction-at-one-glance.jpg","width":2000,"height":625},{"@type":"BreadcrumbList","@id":"https:\/\/acninternational.org\/fr\/liban-pendant-les-15-longues-annees-de-guerre-civile-nous-navions-jamais-ete-confrontes-a-une-telle-destruction-instantanee\/#breadcrumb","itemListElement":[{"@type":"ListItem","position":1,"name":"Home","item":"https:\/\/acninternational.org\/fr\/"},{"@type":"ListItem","position":2,"name":"Nouvelles","item":"https:\/\/acninternational.org\/fr\/category\/news-fr\/"},{"@type":"ListItem","position":3,"name":"Liban : \u00ab Pendant les 15 longues ann\u00e9es de guerre civile, nous n\u2019avions jamais \u00e9t\u00e9 confront\u00e9s \u00e0 une telle destruction instantan\u00e9e. \u00bb"}]},{"@type":"WebSite","@id":"https:\/\/acninternational.org\/fr\/#website","url":"https:\/\/acninternational.org\/fr\/","name":"ACN International","description":"","publisher":{"@id":"https:\/\/acninternational.org\/fr\/#organization"},"potentialAction":[{"@type":"SearchAction","target":{"@type":"EntryPoint","urlTemplate":"https:\/\/acninternational.org\/fr\/?s={search_term_string}"},"query-input":{"@type":"PropertyValueSpecification","valueRequired":true,"valueName":"search_term_string"}}],"inLanguage":"fr-FR"},{"@type":"Organization","@id":"https:\/\/acninternational.org\/fr\/#organization","name":"Aid to the Church in Need International","url":"https:\/\/acninternational.org\/fr\/","logo":{"@type":"ImageObject","inLanguage":"fr-FR","@id":"https:\/\/acninternational.org\/fr\/#\/schema\/logo\/image\/","url":"https:\/\/media.acninternational.org\/wp-content\/uploads\/2019\/11\/acn_logo_blackvector.svg","contentUrl":"https:\/\/media.acninternational.org\/wp-content\/uploads\/2019\/11\/acn_logo_blackvector.svg","width":232.6,"height":78,"caption":"Aid to the Church in Need International"},"image":{"@id":"https:\/\/acninternational.org\/fr\/#\/schema\/logo\/image\/"},"sameAs":["https:\/\/www.facebook.com\/acninternationalorg","https:\/\/x.com\/acn_int","https:\/\/www.youtube.com\/channel\/UCQ-077gS0TnVzkhHmf1opZw","https:\/\/www.instagram.com\/acn_international\/"]},{"@type":"Person","@id":"https:\/\/acninternational.org\/fr\/#\/schema\/person\/5a2b2930ad4475e0aa0dade4e51d9474","name":"Milena","description":"Lorem ipsum dolor sit amet, consectetur adipiscing elit, sed do eiusmod tempor incididunt ut labore et dolore magna aliqua. Ut enim ad minim veniam, quis nostrud exercitation ullamco laboris nisi ut aliquip ex ea commodo consequat.","url":"https:\/\/acninternational.org\/fr\/author\/milena\/"}]}},"_links":{"self":[{"href":"https:\/\/acninternational.org\/fr\/wp-json\/wp\/v2\/posts\/141618","targetHints":{"allow":["GET"]}}],"collection":[{"href":"https:\/\/acninternational.org\/fr\/wp-json\/wp\/v2\/posts"}],"about":[{"href":"https:\/\/acninternational.org\/fr\/wp-json\/wp\/v2\/types\/post"}],"author":[{"embeddable":true,"href":"https:\/\/acninternational.org\/fr\/wp-json\/wp\/v2\/users\/66"}],"replies":[{"embeddable":true,"href":"https:\/\/acninternational.org\/fr\/wp-json\/wp\/v2\/comments?post=141618"}],"version-history":[{"count":0,"href":"https:\/\/acninternational.org\/fr\/wp-json\/wp\/v2\/posts\/141618\/revisions"}],"wp:featuredmedia":[{"embeddable":true,"href":"https:\/\/acninternational.org\/fr\/wp-json\/wp\/v2\/media\/141582"}],"wp:attachment":[{"href":"https:\/\/acninternational.org\/fr\/wp-json\/wp\/v2\/media?parent=141618"}],"wp:term":[{"taxonomy":"category","embeddable":true,"href":"https:\/\/acninternational.org\/fr\/wp-json\/wp\/v2\/categories?post=141618"},{"taxonomy":"post_tag","embeddable":true,"href":"https:\/\/acninternational.org\/fr\/wp-json\/wp\/v2\/tags?post=141618"},{"taxonomy":"country","embeddable":true,"href":"https:\/\/acninternational.org\/fr\/wp-json\/wp\/v2\/country?post=141618"}],"curies":[{"name":"wp","href":"https:\/\/api.w.org\/{rel}","templated":true}]}}