{"id":141423,"date":"2020-08-12T14:30:47","date_gmt":"2020-08-12T12:30:47","guid":{"rendered":"https:\/\/acninternational.org\/?p=141423"},"modified":"2020-08-12T16:09:21","modified_gmt":"2020-08-12T14:09:21","slug":"pakistan-un-chretien-tue-parce-quil-vivait-dans-un-quartier-musulman","status":"publish","type":"post","link":"https:\/\/acninternational.org\/fr\/pakistan-un-chretien-tue-parce-quil-vivait-dans-un-quartier-musulman\/","title":{"rendered":"Pakistan : un chr\u00e9tien tu\u00e9 parce qu\u2019il vivait dans un quartier musulman"},"content":{"rendered":"<p>La derni\u00e8re attaque contre un chr\u00e9tien a accru la douleur et la peur des chr\u00e9tiens dans tout le Pakistan. Depuis le d\u00e9but de la pand\u00e9mie, le nombre de cas de violence religieuse et de discrimination \u00e0 leur encontre a augment\u00e9 dans le pays. Le meurtre de Nadeem Joseph a donn\u00e9 lieu \u00e0 de nombreuses protestations de la part de la communaut\u00e9 chr\u00e9tienne. Certains le comparent au cas de George Floyd aux \u00c9tats-Unis.<\/p>\n<p><img loading=\"lazy\" decoding=\"async\" class=\"alignnone size-full wp-image-141395\" src=\"https:\/\/media.acninternational.org\/wp-content\/uploads\/2020\/08\/acn_pakistan_Christian-man-murdered-02.jpg\" alt=\"\" width=\"670\" height=\"400\" srcset=\"https:\/\/media.acninternational.org\/wp-content\/uploads\/2020\/08\/acn_pakistan_Christian-man-murdered-02.jpg 670w, https:\/\/media.acninternational.org\/wp-content\/uploads\/2020\/08\/acn_pakistan_Christian-man-murdered-02-300x179.jpg 300w\" sizes=\"auto, (max-width: 670px) 100vw, 670px\" \/><\/p>\n<p>\u00ab C\u2019est terrible. Je connais la famille de Nadeem parce qu\u2019elle fait partie de celles qui ont surv\u00e9cu \u00e0 l\u2019attaque terroriste contre l\u2019\u00c9glise de la Toussaint en 2013, o\u00f9 d\u2019autres membres de la m\u00eame famille sont morts \u00bb, explique Qamar Rafiq, une connaissance de la famille, \u00e0 la Fondation internationale Aide \u00e0 l\u2019\u00c9glise en D\u00e9tresse (AED). \u00ab Cette nouvelle attaque contre la famille de Nadeem met en \u00e9vidence la vuln\u00e9rabilit\u00e9 des chr\u00e9tiens au Pakistan et la facilit\u00e9 avec laquelle ils peuvent \u00eatre attaqu\u00e9s\u00a0\u00bb.<\/p>\n<p>Au mois de mai, Nadeem avait achet\u00e9 \u00e0 Swati gate Peshawar une maison o\u00f9 il vivait avec ses deux enfants, sa femme et sa belle-m\u00e8re. La famille de Nadeem a \u00e9t\u00e9 harcel\u00e9e et menac\u00e9e \u00e0 plusieurs reprises par Salman K., un voisin musulman qui voulait le forcer \u00e0 quitter le quartier et \u00e0 s\u2019installer ailleurs, car cet endroit n\u2019\u00e9tait pas \u00ab pour les sales chr\u00e9tiens\u00a0\u00bb, explique Rafiq.<\/p>\n<p><img loading=\"lazy\" decoding=\"async\" class=\"alignnone size-full wp-image-141413\" src=\"https:\/\/media.acninternational.org\/wp-content\/uploads\/2020\/08\/acn_pakistan_Christian-man-murdered-04.jpg\" alt=\"\" width=\"670\" height=\"400\" srcset=\"https:\/\/media.acninternational.org\/wp-content\/uploads\/2020\/08\/acn_pakistan_Christian-man-murdered-04.jpg 670w, https:\/\/media.acninternational.org\/wp-content\/uploads\/2020\/08\/acn_pakistan_Christian-man-murdered-04-300x179.jpg 300w\" sizes=\"auto, (max-width: 670px) 100vw, 670px\" \/><\/p>\n<p>\u00ab Le 4 juin, Salman et ses fils ont de nouveau menac\u00e9 la famille de Nadeem et leur ont somm\u00e9 de quitter le quartier dans les prochaines 24 heures, ou d\u2019\u00eatre pr\u00eats \u00e0 faire face aux graves cons\u00e9quences de leur installation dans un quartier musulman\u00a0\u00bb, explique Rafiq. Nadeem a imm\u00e9diatement inform\u00e9 la police de ces menaces persistantes, mais avant qu\u2019elle n\u2019arrive, Salman K. avait ouvert le feu sur Nadeem, qui a \u00e9t\u00e9 abattu de trois balles, et sur deux autres membres de sa famille qui s\u2019\u00e9taient pr\u00e9cipit\u00e9s pour le sauver. \u00ab Les voisins, apr\u00e8s avoir entendu les coups de feu, ont ferm\u00e9 leurs portes et personne n\u2019est venu pour aider les bless\u00e9s ou appeler les services d\u2019urgence \u00bb, ajoute Rafiq. Apr\u00e8s plusieurs interventions chirurgicales \u00e0 l\u2019h\u00f4pital Lady Reading, Nadeem est d\u00e9c\u00e9d\u00e9 le 29 juin dernier.<\/p>\n<figure id=\"attachment_141401\" aria-describedby=\"caption-attachment-141401\" style=\"width: 670px\" class=\"wp-caption alignnone\"><img loading=\"lazy\" decoding=\"async\" class=\"wp-image-141401 size-full\" src=\"https:\/\/media.acninternational.org\/wp-content\/uploads\/2020\/08\/acn_pakistan_Christian-man-murdered-03.jpg\" alt=\"\" width=\"670\" height=\"400\" srcset=\"https:\/\/media.acninternational.org\/wp-content\/uploads\/2020\/08\/acn_pakistan_Christian-man-murdered-03.jpg 670w, https:\/\/media.acninternational.org\/wp-content\/uploads\/2020\/08\/acn_pakistan_Christian-man-murdered-03-300x179.jpg 300w\" sizes=\"auto, (max-width: 670px) 100vw, 670px\" \/><figcaption id=\"caption-attachment-141401\" class=\"wp-caption-text\">Mons. Joseph Arshad, presidente de la Conferencia de Obispos Cat\u00f3licos de Pakist\u00e1n<\/figcaption><\/figure>\n<p>Dans une d\u00e9claration publi\u00e9e par la Commission Nationale pour la Justice et la Paix, Mgr Joseph Arshad, Pr\u00e9sident de la Conf\u00e9rence des \u00e9v\u00eaques du Pakistan, a appel\u00e9 les forces de l\u2019ordre \u00e0 faire tout ce qui est en leur pouvoir pour que le coupable du meurtre de ce chr\u00e9tien soit traduit en justice. \u00ab\u00a0Cette affaire est une violation flagrante des droits de l\u2019homme et va \u00e0 l\u2019encontre de la loi. Elle ne peut donc pas rester impunie\u00a0\u00bb, peut-on lire dans le communiqu\u00e9 qui exhorte \u00e9galement le gouvernement \u00e0 prot\u00e9ger les membres de la famille de Nadeem, dont la vie est une fois de plus en danger.<\/p>\n<p>Joel Amir Sahotra, ancien membre de l\u2019Assembl\u00e9e provinciale du Pendjab et chef de la communaut\u00e9 chr\u00e9tienne, a expliqu\u00e9 dans une d\u00e9claration adress\u00e9e au si\u00e8ge portugais de l\u2019AED que \u00ab\u00a0la discrimination religieuse \u00e0 l\u2019\u00e9gard des minorit\u00e9s est malheureusement tr\u00e8s courante au Pakistan\u00a0\u00bb, et que \u00ab\u00a0les gens ne sont pas dispos\u00e9s \u00e0 louer leurs biens \u00e0 des non-musulmans\u00a0\u00bb. Souvent, \u00ab\u00a0ils disent m\u00eame ouvertement que les non-musulmans ne peuvent pas y entrer\u00a0\u00bb. \u00ab C\u2019est comme \u00e0 l\u2019\u00e2ge de pierre\u00a0\u00bb, estime Joel Amir Sahotra. \u00ab Quel est ce genre de mentalit\u00e9\u00a0? En fait, je n\u2019ai pas de r\u00e9ponse. Je ne sais pas si les occidentaux sont capables de comprendre la situation difficile \u00e0 laquelle nous sommes confront\u00e9s ici \u00e0 cause de la religion\u00a0\u00bb.<\/p>\n","protected":false},"excerpt":{"rendered":"<p>The most recent attack on a Christian in Pakistan has further increased the suffering and fear among Christians throughout the<\/p>\n","protected":false},"author":66,"featured_media":141409,"comment_status":"closed","ping_status":"closed","sticky":false,"template":"","format":"standard","meta":{"_acf_changed":false,"_acn_coauthor_ids":[],"footnotes":""},"categories":[233],"tags":[],"country":[104],"class_list":["post-141423","post","type-post","status-publish","format-standard","has-post-thumbnail","hentry","category-non-classifiee","country-pakistan"],"acn_coauthors":[],"acf":[],"yoast_head":"<!-- This site is optimized with the Yoast SEO Premium plugin v27.3 (Yoast SEO v27.3) - https:\/\/yoast.com\/product\/yoast-seo-premium-wordpress\/ -->\n<title>Pakistan : un chr\u00e9tien tu\u00e9 parce qu\u2019il vivait dans un quartier musulman | ACN International<\/title>\n<meta name=\"robots\" content=\"index, follow, max-snippet:-1, max-image-preview:large, max-video-preview:-1\" \/>\n<link rel=\"canonical\" href=\"https:\/\/acninternational.org\/fr\/pakistan-un-chretien-tue-parce-quil-vivait-dans-un-quartier-musulman\/\" \/>\n<meta property=\"og:locale\" content=\"fr_FR\" \/>\n<meta property=\"og:type\" content=\"article\" \/>\n<meta property=\"og:title\" content=\"Pakistan : un chr\u00e9tien tu\u00e9 parce qu\u2019il vivait dans un quartier musulman\" \/>\n<meta property=\"og:description\" content=\"The most recent attack on a Christian in Pakistan has further increased the suffering and fear among Christians throughout the\" \/>\n<meta property=\"og:url\" content=\"https:\/\/acninternational.org\/fr\/pakistan-un-chretien-tue-parce-quil-vivait-dans-un-quartier-musulman\/\" \/>\n<meta property=\"og:site_name\" content=\"ACN International\" \/>\n<meta property=\"article:publisher\" content=\"https:\/\/www.facebook.com\/acninternationalorg\" \/>\n<meta property=\"article:published_time\" content=\"2020-08-12T12:30:47+00:00\" \/>\n<meta property=\"article:modified_time\" content=\"2020-08-12T14:09:21+00:00\" \/>\n<meta property=\"og:image\" content=\"https:\/\/media.acninternational.org\/wp-content\/uploads\/2020\/08\/acn_pakistan_Christian-man-murdered.jpg\" \/>\n\t<meta property=\"og:image:width\" content=\"2000\" \/>\n\t<meta property=\"og:image:height\" content=\"625\" \/>\n\t<meta property=\"og:image:type\" content=\"image\/jpeg\" \/>\n<meta name=\"author\" content=\"Milena\" \/>\n<meta name=\"twitter:card\" content=\"summary_large_image\" \/>\n<meta name=\"twitter:creator\" content=\"@acn_int\" \/>\n<meta name=\"twitter:site\" content=\"@acn_int\" \/>\n<meta name=\"twitter:label1\" content=\"\u00c9crit par\" \/>\n\t<meta name=\"twitter:data1\" content=\"Milena\" \/>\n\t<meta name=\"twitter:label2\" content=\"Dur\u00e9e de lecture estim\u00e9e\" \/>\n\t<meta name=\"twitter:data2\" content=\"3 minutes\" \/>\n<script type=\"application\/ld+json\" class=\"yoast-schema-graph\">{\"@context\":\"https:\\\/\\\/schema.org\",\"@graph\":[{\"@type\":\"Article\",\"@id\":\"https:\\\/\\\/acninternational.org\\\/fr\\\/pakistan-un-chretien-tue-parce-quil-vivait-dans-un-quartier-musulman\\\/#article\",\"isPartOf\":{\"@id\":\"https:\\\/\\\/acninternational.org\\\/fr\\\/pakistan-un-chretien-tue-parce-quil-vivait-dans-un-quartier-musulman\\\/\"},\"author\":{\"name\":\"Milena\",\"@id\":\"https:\\\/\\\/acninternational.org\\\/fr\\\/#\\\/schema\\\/person\\\/5a2b2930ad4475e0aa0dade4e51d9474\"},\"headline\":\"Pakistan : un chr\u00e9tien tu\u00e9 parce qu\u2019il vivait dans un quartier musulman\",\"datePublished\":\"2020-08-12T12:30:47+00:00\",\"dateModified\":\"2020-08-12T14:09:21+00:00\",\"mainEntityOfPage\":{\"@id\":\"https:\\\/\\\/acninternational.org\\\/fr\\\/pakistan-un-chretien-tue-parce-quil-vivait-dans-un-quartier-musulman\\\/\"},\"wordCount\":652,\"publisher\":{\"@id\":\"https:\\\/\\\/acninternational.org\\\/fr\\\/#organization\"},\"image\":{\"@id\":\"https:\\\/\\\/acninternational.org\\\/fr\\\/pakistan-un-chretien-tue-parce-quil-vivait-dans-un-quartier-musulman\\\/#primaryimage\"},\"thumbnailUrl\":\"https:\\\/\\\/media.acninternational.org\\\/wp-content\\\/uploads\\\/2020\\\/08\\\/acn_pakistan_Christian-man-murdered.jpg\",\"articleSection\":[\"Non classifi\u00e9(e)\"],\"inLanguage\":\"fr-FR\"},{\"@type\":\"WebPage\",\"@id\":\"https:\\\/\\\/acninternational.org\\\/fr\\\/pakistan-un-chretien-tue-parce-quil-vivait-dans-un-quartier-musulman\\\/\",\"url\":\"https:\\\/\\\/acninternational.org\\\/fr\\\/pakistan-un-chretien-tue-parce-quil-vivait-dans-un-quartier-musulman\\\/\",\"name\":\"Pakistan : un chr\u00e9tien tu\u00e9 parce qu\u2019il vivait dans un quartier musulman | ACN International\",\"isPartOf\":{\"@id\":\"https:\\\/\\\/acninternational.org\\\/fr\\\/#website\"},\"primaryImageOfPage\":{\"@id\":\"https:\\\/\\\/acninternational.org\\\/fr\\\/pakistan-un-chretien-tue-parce-quil-vivait-dans-un-quartier-musulman\\\/#primaryimage\"},\"image\":{\"@id\":\"https:\\\/\\\/acninternational.org\\\/fr\\\/pakistan-un-chretien-tue-parce-quil-vivait-dans-un-quartier-musulman\\\/#primaryimage\"},\"thumbnailUrl\":\"https:\\\/\\\/media.acninternational.org\\\/wp-content\\\/uploads\\\/2020\\\/08\\\/acn_pakistan_Christian-man-murdered.jpg\",\"datePublished\":\"2020-08-12T12:30:47+00:00\",\"dateModified\":\"2020-08-12T14:09:21+00:00\",\"breadcrumb\":{\"@id\":\"https:\\\/\\\/acninternational.org\\\/fr\\\/pakistan-un-chretien-tue-parce-quil-vivait-dans-un-quartier-musulman\\\/#breadcrumb\"},\"inLanguage\":\"fr-FR\",\"potentialAction\":[{\"@type\":\"ReadAction\",\"target\":[\"https:\\\/\\\/acninternational.org\\\/fr\\\/pakistan-un-chretien-tue-parce-quil-vivait-dans-un-quartier-musulman\\\/\"]}]},{\"@type\":\"ImageObject\",\"inLanguage\":\"fr-FR\",\"@id\":\"https:\\\/\\\/acninternational.org\\\/fr\\\/pakistan-un-chretien-tue-parce-quil-vivait-dans-un-quartier-musulman\\\/#primaryimage\",\"url\":\"https:\\\/\\\/media.acninternational.org\\\/wp-content\\\/uploads\\\/2020\\\/08\\\/acn_pakistan_Christian-man-murdered.jpg\",\"contentUrl\":\"https:\\\/\\\/media.acninternational.org\\\/wp-content\\\/uploads\\\/2020\\\/08\\\/acn_pakistan_Christian-man-murdered.jpg\",\"width\":2000,\"height\":625},{\"@type\":\"BreadcrumbList\",\"@id\":\"https:\\\/\\\/acninternational.org\\\/fr\\\/pakistan-un-chretien-tue-parce-quil-vivait-dans-un-quartier-musulman\\\/#breadcrumb\",\"itemListElement\":[{\"@type\":\"ListItem\",\"position\":1,\"name\":\"Home\",\"item\":\"https:\\\/\\\/acninternational.org\\\/fr\\\/\"},{\"@type\":\"ListItem\",\"position\":2,\"name\":\"Nouvelles\",\"item\":\"https:\\\/\\\/acninternational.org\\\/fr\\\/category\\\/news-fr\\\/\"},{\"@type\":\"ListItem\",\"position\":3,\"name\":\"Pakistan : un chr\u00e9tien tu\u00e9 parce qu\u2019il vivait dans un quartier musulman\"}]},{\"@type\":\"WebSite\",\"@id\":\"https:\\\/\\\/acninternational.org\\\/fr\\\/#website\",\"url\":\"https:\\\/\\\/acninternational.org\\\/fr\\\/\",\"name\":\"ACN International\",\"description\":\"\",\"publisher\":{\"@id\":\"https:\\\/\\\/acninternational.org\\\/fr\\\/#organization\"},\"potentialAction\":[{\"@type\":\"SearchAction\",\"target\":{\"@type\":\"EntryPoint\",\"urlTemplate\":\"https:\\\/\\\/acninternational.org\\\/fr\\\/?s={search_term_string}\"},\"query-input\":{\"@type\":\"PropertyValueSpecification\",\"valueRequired\":true,\"valueName\":\"search_term_string\"}}],\"inLanguage\":\"fr-FR\"},{\"@type\":\"Organization\",\"@id\":\"https:\\\/\\\/acninternational.org\\\/fr\\\/#organization\",\"name\":\"Aid to the Church in Need International\",\"url\":\"https:\\\/\\\/acninternational.org\\\/fr\\\/\",\"logo\":{\"@type\":\"ImageObject\",\"inLanguage\":\"fr-FR\",\"@id\":\"https:\\\/\\\/acninternational.org\\\/fr\\\/#\\\/schema\\\/logo\\\/image\\\/\",\"url\":\"https:\\\/\\\/media.acninternational.org\\\/wp-content\\\/uploads\\\/2019\\\/11\\\/acn_logo_blackvector.svg\",\"contentUrl\":\"https:\\\/\\\/media.acninternational.org\\\/wp-content\\\/uploads\\\/2019\\\/11\\\/acn_logo_blackvector.svg\",\"width\":232.6,\"height\":78,\"caption\":\"Aid to the Church in Need International\"},\"image\":{\"@id\":\"https:\\\/\\\/acninternational.org\\\/fr\\\/#\\\/schema\\\/logo\\\/image\\\/\"},\"sameAs\":[\"https:\\\/\\\/www.facebook.com\\\/acninternationalorg\",\"https:\\\/\\\/x.com\\\/acn_int\",\"https:\\\/\\\/www.youtube.com\\\/channel\\\/UCQ-077gS0TnVzkhHmf1opZw\",\"https:\\\/\\\/www.instagram.com\\\/acn_international\\\/\"]},{\"@type\":\"Person\",\"@id\":\"https:\\\/\\\/acninternational.org\\\/fr\\\/#\\\/schema\\\/person\\\/5a2b2930ad4475e0aa0dade4e51d9474\",\"name\":\"Milena\",\"description\":\"Lorem ipsum dolor sit amet, consectetur adipiscing elit, sed do eiusmod tempor incididunt ut labore et dolore magna aliqua. Ut enim ad minim veniam, quis nostrud exercitation ullamco laboris nisi ut aliquip ex ea commodo consequat.\",\"url\":\"https:\\\/\\\/acninternational.org\\\/fr\\\/author\\\/milena\\\/\"}]}<\/script>\n<!-- \/ Yoast SEO Premium plugin. -->","yoast_head_json":{"title":"Pakistan : un chr\u00e9tien tu\u00e9 parce qu\u2019il vivait dans un quartier musulman | ACN International","robots":{"index":"index","follow":"follow","max-snippet":"max-snippet:-1","max-image-preview":"max-image-preview:large","max-video-preview":"max-video-preview:-1"},"canonical":"https:\/\/acninternational.org\/fr\/pakistan-un-chretien-tue-parce-quil-vivait-dans-un-quartier-musulman\/","og_locale":"fr_FR","og_type":"article","og_title":"Pakistan : un chr\u00e9tien tu\u00e9 parce qu\u2019il vivait dans un quartier musulman","og_description":"The most recent attack on a Christian in Pakistan has further increased the suffering and fear among Christians throughout the","og_url":"https:\/\/acninternational.org\/fr\/pakistan-un-chretien-tue-parce-quil-vivait-dans-un-quartier-musulman\/","og_site_name":"ACN International","article_publisher":"https:\/\/www.facebook.com\/acninternationalorg","article_published_time":"2020-08-12T12:30:47+00:00","article_modified_time":"2020-08-12T14:09:21+00:00","og_image":[{"width":2000,"height":625,"url":"https:\/\/media.acninternational.org\/wp-content\/uploads\/2020\/08\/acn_pakistan_Christian-man-murdered.jpg","type":"image\/jpeg"}],"author":"Milena","twitter_card":"summary_large_image","twitter_creator":"@acn_int","twitter_site":"@acn_int","twitter_misc":{"\u00c9crit par":"Milena","Dur\u00e9e de lecture estim\u00e9e":"3 minutes"},"schema":{"@context":"https:\/\/schema.org","@graph":[{"@type":"Article","@id":"https:\/\/acninternational.org\/fr\/pakistan-un-chretien-tue-parce-quil-vivait-dans-un-quartier-musulman\/#article","isPartOf":{"@id":"https:\/\/acninternational.org\/fr\/pakistan-un-chretien-tue-parce-quil-vivait-dans-un-quartier-musulman\/"},"author":{"name":"Milena","@id":"https:\/\/acninternational.org\/fr\/#\/schema\/person\/5a2b2930ad4475e0aa0dade4e51d9474"},"headline":"Pakistan : un chr\u00e9tien tu\u00e9 parce qu\u2019il vivait dans un quartier musulman","datePublished":"2020-08-12T12:30:47+00:00","dateModified":"2020-08-12T14:09:21+00:00","mainEntityOfPage":{"@id":"https:\/\/acninternational.org\/fr\/pakistan-un-chretien-tue-parce-quil-vivait-dans-un-quartier-musulman\/"},"wordCount":652,"publisher":{"@id":"https:\/\/acninternational.org\/fr\/#organization"},"image":{"@id":"https:\/\/acninternational.org\/fr\/pakistan-un-chretien-tue-parce-quil-vivait-dans-un-quartier-musulman\/#primaryimage"},"thumbnailUrl":"https:\/\/media.acninternational.org\/wp-content\/uploads\/2020\/08\/acn_pakistan_Christian-man-murdered.jpg","articleSection":["Non classifi\u00e9(e)"],"inLanguage":"fr-FR"},{"@type":"WebPage","@id":"https:\/\/acninternational.org\/fr\/pakistan-un-chretien-tue-parce-quil-vivait-dans-un-quartier-musulman\/","url":"https:\/\/acninternational.org\/fr\/pakistan-un-chretien-tue-parce-quil-vivait-dans-un-quartier-musulman\/","name":"Pakistan : un chr\u00e9tien tu\u00e9 parce qu\u2019il vivait dans un quartier musulman | ACN International","isPartOf":{"@id":"https:\/\/acninternational.org\/fr\/#website"},"primaryImageOfPage":{"@id":"https:\/\/acninternational.org\/fr\/pakistan-un-chretien-tue-parce-quil-vivait-dans-un-quartier-musulman\/#primaryimage"},"image":{"@id":"https:\/\/acninternational.org\/fr\/pakistan-un-chretien-tue-parce-quil-vivait-dans-un-quartier-musulman\/#primaryimage"},"thumbnailUrl":"https:\/\/media.acninternational.org\/wp-content\/uploads\/2020\/08\/acn_pakistan_Christian-man-murdered.jpg","datePublished":"2020-08-12T12:30:47+00:00","dateModified":"2020-08-12T14:09:21+00:00","breadcrumb":{"@id":"https:\/\/acninternational.org\/fr\/pakistan-un-chretien-tue-parce-quil-vivait-dans-un-quartier-musulman\/#breadcrumb"},"inLanguage":"fr-FR","potentialAction":[{"@type":"ReadAction","target":["https:\/\/acninternational.org\/fr\/pakistan-un-chretien-tue-parce-quil-vivait-dans-un-quartier-musulman\/"]}]},{"@type":"ImageObject","inLanguage":"fr-FR","@id":"https:\/\/acninternational.org\/fr\/pakistan-un-chretien-tue-parce-quil-vivait-dans-un-quartier-musulman\/#primaryimage","url":"https:\/\/media.acninternational.org\/wp-content\/uploads\/2020\/08\/acn_pakistan_Christian-man-murdered.jpg","contentUrl":"https:\/\/media.acninternational.org\/wp-content\/uploads\/2020\/08\/acn_pakistan_Christian-man-murdered.jpg","width":2000,"height":625},{"@type":"BreadcrumbList","@id":"https:\/\/acninternational.org\/fr\/pakistan-un-chretien-tue-parce-quil-vivait-dans-un-quartier-musulman\/#breadcrumb","itemListElement":[{"@type":"ListItem","position":1,"name":"Home","item":"https:\/\/acninternational.org\/fr\/"},{"@type":"ListItem","position":2,"name":"Nouvelles","item":"https:\/\/acninternational.org\/fr\/category\/news-fr\/"},{"@type":"ListItem","position":3,"name":"Pakistan : un chr\u00e9tien tu\u00e9 parce qu\u2019il vivait dans un quartier musulman"}]},{"@type":"WebSite","@id":"https:\/\/acninternational.org\/fr\/#website","url":"https:\/\/acninternational.org\/fr\/","name":"ACN International","description":"","publisher":{"@id":"https:\/\/acninternational.org\/fr\/#organization"},"potentialAction":[{"@type":"SearchAction","target":{"@type":"EntryPoint","urlTemplate":"https:\/\/acninternational.org\/fr\/?s={search_term_string}"},"query-input":{"@type":"PropertyValueSpecification","valueRequired":true,"valueName":"search_term_string"}}],"inLanguage":"fr-FR"},{"@type":"Organization","@id":"https:\/\/acninternational.org\/fr\/#organization","name":"Aid to the Church in Need International","url":"https:\/\/acninternational.org\/fr\/","logo":{"@type":"ImageObject","inLanguage":"fr-FR","@id":"https:\/\/acninternational.org\/fr\/#\/schema\/logo\/image\/","url":"https:\/\/media.acninternational.org\/wp-content\/uploads\/2019\/11\/acn_logo_blackvector.svg","contentUrl":"https:\/\/media.acninternational.org\/wp-content\/uploads\/2019\/11\/acn_logo_blackvector.svg","width":232.6,"height":78,"caption":"Aid to the Church in Need International"},"image":{"@id":"https:\/\/acninternational.org\/fr\/#\/schema\/logo\/image\/"},"sameAs":["https:\/\/www.facebook.com\/acninternationalorg","https:\/\/x.com\/acn_int","https:\/\/www.youtube.com\/channel\/UCQ-077gS0TnVzkhHmf1opZw","https:\/\/www.instagram.com\/acn_international\/"]},{"@type":"Person","@id":"https:\/\/acninternational.org\/fr\/#\/schema\/person\/5a2b2930ad4475e0aa0dade4e51d9474","name":"Milena","description":"Lorem ipsum dolor sit amet, consectetur adipiscing elit, sed do eiusmod tempor incididunt ut labore et dolore magna aliqua. Ut enim ad minim veniam, quis nostrud exercitation ullamco laboris nisi ut aliquip ex ea commodo consequat.","url":"https:\/\/acninternational.org\/fr\/author\/milena\/"}]}},"_links":{"self":[{"href":"https:\/\/acninternational.org\/fr\/wp-json\/wp\/v2\/posts\/141423","targetHints":{"allow":["GET"]}}],"collection":[{"href":"https:\/\/acninternational.org\/fr\/wp-json\/wp\/v2\/posts"}],"about":[{"href":"https:\/\/acninternational.org\/fr\/wp-json\/wp\/v2\/types\/post"}],"author":[{"embeddable":true,"href":"https:\/\/acninternational.org\/fr\/wp-json\/wp\/v2\/users\/66"}],"replies":[{"embeddable":true,"href":"https:\/\/acninternational.org\/fr\/wp-json\/wp\/v2\/comments?post=141423"}],"version-history":[{"count":0,"href":"https:\/\/acninternational.org\/fr\/wp-json\/wp\/v2\/posts\/141423\/revisions"}],"wp:featuredmedia":[{"embeddable":true,"href":"https:\/\/acninternational.org\/fr\/wp-json\/wp\/v2\/media\/141409"}],"wp:attachment":[{"href":"https:\/\/acninternational.org\/fr\/wp-json\/wp\/v2\/media?parent=141423"}],"wp:term":[{"taxonomy":"category","embeddable":true,"href":"https:\/\/acninternational.org\/fr\/wp-json\/wp\/v2\/categories?post=141423"},{"taxonomy":"post_tag","embeddable":true,"href":"https:\/\/acninternational.org\/fr\/wp-json\/wp\/v2\/tags?post=141423"},{"taxonomy":"country","embeddable":true,"href":"https:\/\/acninternational.org\/fr\/wp-json\/wp\/v2\/country?post=141423"}],"curies":[{"name":"wp","href":"https:\/\/api.w.org\/{rel}","templated":true}]}}