{"id":140361,"date":"2020-07-22T10:47:47","date_gmt":"2020-07-22T08:47:47","guid":{"rendered":"https:\/\/acninternational.org\/?p=140361"},"modified":"2020-07-22T10:54:19","modified_gmt":"2020-07-22T08:54:19","slug":"pour-leveque-de-san-carlos-les-plaies-degypte-ne-sont-rien-comparees-a-ce-que-vit-le-venezuela","status":"publish","type":"post","link":"https:\/\/acninternational.org\/fr\/pour-leveque-de-san-carlos-les-plaies-degypte-ne-sont-rien-comparees-a-ce-que-vit-le-venezuela\/","title":{"rendered":"Pour l\u2019\u00e9v\u00eaque de San Carlos, les plaies d\u2019\u00c9gypte ne sont rien, compar\u00e9es \u00e0 ce que vit le Venezuela"},"content":{"rendered":"<p><em>Selon la derni\u00e8re \u00e9tude publi\u00e9e par la plateforme ind\u00e9pendante d&rsquo;\u00e9tudes statistiques ENCOVI, les niveaux de pauvret\u00e9 et d&rsquo;in\u00e9galit\u00e9 placeraient le Venezuela dans des positions auparavant inimaginables pour le contexte latino-am\u00e9ricain. Le pays se serait consid\u00e9rablement \u00e9loign\u00e9 de ses homologues sud-am\u00e9ricains, se rapprochant de la situation de certains pays du continent africain, se classant m\u00eame devant le Tchad et la R\u00e9publique d\u00e9mocratique du Congo. Selon les donn\u00e9es collect\u00e9es par ENCOVI, 96% des m\u00e9nages sont dans la pauvret\u00e9 et 79% dans l&rsquo;extr\u00eame pauvret\u00e9, ce qui signifie que les revenus per\u00e7us sont insuffisants pour couvrir les besoins alimentaires. M\u00eame en incluant d&rsquo;autres variables li\u00e9es \u00e0 l&#8217;emploi, \u00e0 l&rsquo;\u00e9ducation, aux conditions de logement et aux services publics, on estime que 65% des m\u00e9nages sont dans la pauvret\u00e9. A tout cela s&rsquo;ajoute la crise du COVID encore \u00e0 ses d\u00e9buts. Selon des sources officielles, il y a 10 428 cas positifs et 100 d\u00e9c\u00e8s. Mais l&rsquo;impact sur l&rsquo;\u00e9conomie mis\u00e9rable du pays est brutal : 70% des m\u00e9nages ont d\u00e9clar\u00e9 que la hausse des prix alimentaires \u00e9tait le principal probl\u00e8me.<\/em><\/p>\n<p><em>\u00a0<\/em><em>Mgr Polito Rodr\u00edguez M\u00e9ndez, \u00e9v\u00eaque du dioc\u00e8se de San Carlos dans l\u2019\u00c9tat de Cojedes, dans les plaines centrales du Venezuela, d\u00e9crit la situation actuelle du pays lors d\u2019un entretien exclusif accord\u00e9 \u00e0 la Fondation internationale Aid to the Church in Need (ACN): <\/em><\/p>\n<p>\u00ab\u00a0Le Venezuela entre dans une phase de famine. La situation est de pire en pire. L\u2019\u00e9conomie est paralys\u00e9e, il n\u2019y a pas d\u2019industrie ni de travail dans les champs. Le produit int\u00e9rieur brut est inf\u00e9rieur \u00e0 z\u00e9ro. Les plus touch\u00e9s sont les plus pauvres, ils n\u2019ont rien \u00e0 manger, ils n\u2019ont aucune chance de vivre une vie digne. Nous avons besoin d\u2019aide de l\u2019\u00e9tranger pour pouvoir leur donner au moins une fois par semaine quelque chose qui les nourrissent \u00bb, explique le pr\u00e9lat qui vient d\u2019achever sa quatri\u00e8me ann\u00e9e \u00e0 la t\u00eate du dioc\u00e8se, \u00e0 environ 250 kilom\u00e8tres au sud-ouest de la capitale Caracas.<\/p>\n<p>\u00ab\u00a0Tout est dollaris\u00e9, une famille gagne environ trois ou quatre dollars par mois. Un carton d\u2019\u0153ufs co\u00fbte deux dollars, et un kilo de fromage trois dollars&#8230; Autrefois, les gens \u00e9taient pauvres, maintenant ils ne peuvent plus vivre. L\u2019\u00e9tat de Cojedes est connu pour ses mangues. C\u2019est pourquoi la plupart des gens en mangent au petit-d\u00e9jeuner, au d\u00e9jeuner et au d\u00eener. Je ne sais pas ce que les gens font dans les autres r\u00e9gions. Nous sommes en quarantaine depuis plus de deux mois, et tout est devenu tr\u00e8s cher. Il est impossible de continuer comme \u00e7a\u00a0\u00bb.<\/p>\n<figure id=\"attachment_140345\" aria-describedby=\"caption-attachment-140345\" style=\"width: 670px\" class=\"wp-caption alignnone\"><img loading=\"lazy\" decoding=\"async\" class=\"wp-image-140345 size-full\" src=\"https:\/\/media.acninternational.org\/wp-content\/uploads\/2020\/07\/Monsignor-Polito-Rodr%C3%ADguez-M%C3%A9ndez.jpg\" alt=\"Mgr Polito Rodr\u00edguez M\u00e9ndez, \u00e9v\u00eaque du dioc\u00e8se de San Carlos dans l\u2019\u00c9tat de Cojedes, dans les plaines centrales du Venezuela.\" width=\"670\" height=\"400\" srcset=\"https:\/\/media.acninternational.org\/wp-content\/uploads\/2020\/07\/Monsignor-Polito-Rodr%C3%ADguez-M%C3%A9ndez.jpg 670w, https:\/\/media.acninternational.org\/wp-content\/uploads\/2020\/07\/Monsignor-Polito-Rodr%C3%ADguez-M%C3%A9ndez-300x179.jpg 300w\" sizes=\"auto, (max-width: 670px) 100vw, 670px\" \/><figcaption id=\"caption-attachment-140345\" class=\"wp-caption-text\">Mgr Polito Rodr\u00edguez M\u00e9ndez, \u00e9v\u00eaque du dioc\u00e8se de San Carlos dans l\u2019\u00c9tat de Cojedes, dans les plaines centrales du Venezuela.<\/figcaption><\/figure>\n<p>Selon l\u2019\u00e9v\u00eaque, la pand\u00e9mie de coronavirus commencerait tout juste \u00e0 faire des ravages dans le pays et le pire serait \u00e0 venir. Cela l\u2019inqui\u00e8te \u00e9norm\u00e9ment\u00a0: \u00ab\u00a0La semaine derni\u00e8re, un pr\u00eatre est mort \u00e0 Maracaibo. En l\u2019absence de tests, nous ne sommes pas s\u00fbrs, mais les sympt\u00f4mes sont ceux du Covid-19. Les \u00e9glises sont ferm\u00e9es depuis quatre mois, les pr\u00eatres n\u2019ont rien \u00e0 manger. L\u2019\u00e9v\u00eaque fait des miracles.\u00bb.<\/p>\n<p>Un autre probl\u00e8me grave qu\u2019il relate au cours de sa conversation avec la Fondation ACN est que beaucoup de gens vivaient des envois de fonds des quelque cinq millions de V\u00e9n\u00e9zu\u00e9liens travaillant \u00e0 l\u2019ext\u00e9rieur du pays. En raison de la pand\u00e9mie, beaucoup d\u2019entre eux ont perdu leur emploi et les envois de fonds ont diminu\u00e9 de 25 %. \u00ab\u00a0L\u2019autre jour, j\u2019ai rencontr\u00e9 un s\u00e9minariste qui pleurait. Ses parents avaient \u00e9t\u00e9 licenci\u00e9s, ils n\u2019ont pas de quoi vivre et ne peuvent rien envoyer \u00e0 leur fils. Nous vivons de la Divine Providence\u00a0\u00bb, dit Mgr Rodriguez.<\/p>\n<p>Il est \u00e0 craindre que les milliers de migrants v\u00e9n\u00e9zu\u00e9liens qui ont perdu leur emploi en Colombie, au P\u00e9rou, au Chili ou en Argentine ne tentent de rentrer dans le pays, apportant avec eux le Covid-19. De ce fait, les r\u00e9gions frontali\u00e8res de Zulia, Apure et T\u00e1chira sont ferm\u00e9es et isol\u00e9es. \u00ab De nombreux migrants tentent de revenir par des routes ill\u00e9gales, certains marchant 22 jours sur des sentiers de montagne. Des \u00ab\u00a0centres sentinelles\u00a0\u00bb ont \u00e9t\u00e9 cr\u00e9\u00e9s pour ceux qui sont revenus, mais beaucoup de ces derniers pensent que ces centres ne sont pas s\u00fbrs, en raison de leur forte surpopulation et du manque de toilettes et d\u2019hygi\u00e8ne. Ils pensent que ces centres ne sont pas dignes et ils ne veulent pas y aller, donc ils se cachent. Tout cela commence \u00e0 avoir de graves cons\u00e9quences\u00a0\u00bb.<\/p>\n<p>Comme si cela ne suffisait pas, ces derni\u00e8res semaines, de grandes parties des \u00c9tats de Cojedes, Portuguesa et Barinas, entre autres, ont subi une invasion de vers qui a an\u00e9anti les bananiers et les p\u00e2turages pour le b\u00e9tail. \u00ab Les plaies d\u2019\u00c9gypte ne sont rien, compar\u00e9es \u00e0 ce que nous souffrons ici, elles \u00e9taient peu de choses\u00a0\u00bb, dit-il. Face \u00e0 toutes ces difficult\u00e9s, la derni\u00e8re chose \u00e0 laquelle pense l\u2019\u00e9v\u00eaque de San Carlos est de reculer\u00a0: \u00ab\u00a0Toute cette situation est tr\u00e8s d\u00e9primante, le nombre de suicides a augment\u00e9. Nous devons surmonter les difficult\u00e9s et fournir une assistance spirituelle, c\u2019est fondamental. Nous diffusons la messe chaque dimanche \u00e0 la radio et sur les r\u00e9seaux sociaux, nous continuons le travail pastoral. Nous ne pouvons pas faiblir\u00a0\u00bb.<\/p>\n<p>Il admet \u00ab\u00a0se battre avec Dieu\u00a0\u00bb dans sa pri\u00e8re. Mais il ajoute : \u00ab Je Lui demande surtout la Mis\u00e9ricorde. Seuls, nous ne pouvons rien. C\u2019est Lui qui donne la force. Dieu aime son peuple, il ne nous laissera pas tomber, et l\u2019\u00c9glise ne laissera pas non plus tomber son peuple\u00a0\u00bb, insiste-t-il. \u00ab\u00a0Le reste de la plan\u00e8te est entr\u00e9e d\u00e9sormais dans une crise. Nous, cela fait des d\u00e9cennies que nous souffrons. En tant qu\u2019\u00c9glise, nous avons \u00e9t\u00e9 en mesure de beaucoup aider, ces derni\u00e8res ann\u00e9es. Malgr\u00e9 les limites personnelles, nous n\u2019allons pas laisser les gens seuls dans cette terrible situation que nous traversons, et je parle non seulement de la question de l\u2019aide humanitaire, mais aussi du renforcement de la personne humaine \u00e0 un niveau global, pour lutter contre la corruption, la paresse, la d\u00e9responsabilisation&#8230; tout cela appauvrit aussi la population \u00bb, explique-t-il au cours de son entretien avec ACN.<\/p>\n<p>Le pr\u00e9lat n\u2019esp\u00e8re absolument aucune r\u00e9ponse de la part des forces politiques du pays. Pour lui, la seule aide qui puisse att\u00e9nuer la crise en ce moment viendra de l\u2019ext\u00e9rieur\u00a0: \u00ab Nous devons chercher un soutien international. Seuls, nous ne pouvons rien. Il n\u2019y a ni mati\u00e8res premi\u00e8res, ni personnel motiv\u00e9, ni nourriture. Le pays est en train de s\u2019effondrer. Nous ne voulons surtout pas d\u2019intervention arm\u00e9e, mais nous devons demander une aide humanitaire et sanitaire internationale parce que sans cela, il ne nous reste pas d\u2019autre choix : soit le Covid nous tue, soit c\u2019est la faim qui nous tuera\u00a0\u00bb.<\/p>\n","protected":false},"excerpt":{"rendered":"<p>Selon la derni\u00e8re \u00e9tude publi\u00e9e par la plateforme ind\u00e9pendante d&rsquo;\u00e9tudes statistiques ENCOVI, les niveaux de pauvret\u00e9 et d&rsquo;in\u00e9galit\u00e9 placeraient le<\/p>\n","protected":false},"author":4258341447,"featured_media":140351,"comment_status":"closed","ping_status":"closed","sticky":false,"template":"","format":"standard","meta":{"_acf_changed":false,"_acn_coauthor_ids":[],"footnotes":""},"categories":[233],"tags":[],"country":[146],"class_list":["post-140361","post","type-post","status-publish","format-standard","has-post-thumbnail","hentry","category-non-classifiee","country-venezuela"],"acn_coauthors":[],"acf":[],"yoast_head":"<!-- This site is optimized with the Yoast SEO Premium plugin v27.3 (Yoast SEO v27.3) - https:\/\/yoast.com\/product\/yoast-seo-premium-wordpress\/ -->\n<title>Pour l\u2019\u00e9v\u00eaque de San Carlos, les plaies d\u2019\u00c9gypte ne sont rien, compar\u00e9es \u00e0 ce que vit le Venezuela<\/title>\n<meta name=\"description\" content=\"Selon la derni\u00e8re \u00e9tude publi\u00e9e par la plateforme ind\u00e9pendante d&#039;\u00e9tudes statistiques ENCOVI, les niveaux de pauvret\u00e9 et d&#039;in\u00e9galit\u00e9 placeraient le Venezuela dans des positions auparavant inimaginables pour le contexte latino-am\u00e9ricain. Le pays se serait consid\u00e9rablement \u00e9loign\u00e9 de ses homologues sud-am\u00e9ricains, se rapprochant de la situation de certains pays du continent africain, se classant m\u00eame devant le Tchad et la R\u00e9publique d\u00e9mocratique du Congo. Selon les donn\u00e9es collect\u00e9es par ENCOVI, 96% des m\u00e9nages sont dans la pauvret\u00e9 et 79% dans l&#039;extr\u00eame pauvret\u00e9, ce qui signifie que les revenus per\u00e7us sont insuffisants pour couvrir les besoins alimentaires. M\u00eame en incluant d&#039;autres variables li\u00e9es \u00e0 l&#039;emploi, \u00e0 l&#039;\u00e9ducation, aux conditions de logement et aux services publics, on estime que 65% des m\u00e9nages sont dans la pauvret\u00e9. A tout cela s&#039;ajoute la crise du COVID encore \u00e0 ses d\u00e9buts. Selon des sources officielles, il y a 10 428 cas positifs et 100 d\u00e9c\u00e8s. Mais l&#039;impact sur l&#039;\u00e9conomie mis\u00e9rable du pays est brutal : 70% des m\u00e9nages ont d\u00e9clar\u00e9 que la hausse des prix alimentaires \u00e9tait le principal probl\u00e8me.\" \/>\n<meta name=\"robots\" content=\"index, follow, max-snippet:-1, max-image-preview:large, max-video-preview:-1\" \/>\n<link rel=\"canonical\" href=\"https:\/\/acninternational.org\/fr\/pour-leveque-de-san-carlos-les-plaies-degypte-ne-sont-rien-comparees-a-ce-que-vit-le-venezuela\/\" \/>\n<meta property=\"og:locale\" content=\"fr_FR\" \/>\n<meta property=\"og:type\" content=\"article\" \/>\n<meta property=\"og:title\" content=\"Pour l\u2019\u00e9v\u00eaque de San Carlos, les plaies d\u2019\u00c9gypte ne sont rien, compar\u00e9es \u00e0 ce que vit le Venezuela\" \/>\n<meta property=\"og:description\" content=\"Selon la derni\u00e8re \u00e9tude publi\u00e9e par la plateforme ind\u00e9pendante d&#039;\u00e9tudes statistiques ENCOVI, les niveaux de pauvret\u00e9 et d&#039;in\u00e9galit\u00e9 placeraient le Venezuela dans des positions auparavant inimaginables pour le contexte latino-am\u00e9ricain. Le pays se serait consid\u00e9rablement \u00e9loign\u00e9 de ses homologues sud-am\u00e9ricains, se rapprochant de la situation de certains pays du continent africain, se classant m\u00eame devant le Tchad et la R\u00e9publique d\u00e9mocratique du Congo. Selon les donn\u00e9es collect\u00e9es par ENCOVI, 96% des m\u00e9nages sont dans la pauvret\u00e9 et 79% dans l&#039;extr\u00eame pauvret\u00e9, ce qui signifie que les revenus per\u00e7us sont insuffisants pour couvrir les besoins alimentaires. M\u00eame en incluant d&#039;autres variables li\u00e9es \u00e0 l&#039;emploi, \u00e0 l&#039;\u00e9ducation, aux conditions de logement et aux services publics, on estime que 65% des m\u00e9nages sont dans la pauvret\u00e9. A tout cela s&#039;ajoute la crise du COVID encore \u00e0 ses d\u00e9buts. Selon des sources officielles, il y a 10 428 cas positifs et 100 d\u00e9c\u00e8s. Mais l&#039;impact sur l&#039;\u00e9conomie mis\u00e9rable du pays est brutal : 70% des m\u00e9nages ont d\u00e9clar\u00e9 que la hausse des prix alimentaires \u00e9tait le principal probl\u00e8me.\" \/>\n<meta property=\"og:url\" content=\"https:\/\/acninternational.org\/fr\/pour-leveque-de-san-carlos-les-plaies-degypte-ne-sont-rien-comparees-a-ce-que-vit-le-venezuela\/\" \/>\n<meta property=\"og:site_name\" content=\"ACN International\" \/>\n<meta property=\"article:publisher\" content=\"https:\/\/www.facebook.com\/acninternationalorg\" \/>\n<meta property=\"article:published_time\" content=\"2020-07-22T08:47:47+00:00\" \/>\n<meta property=\"article:modified_time\" content=\"2020-07-22T08:54:19+00:00\" \/>\n<meta property=\"og:image\" content=\"https:\/\/media.acninternational.org\/wp-content\/uploads\/2020\/07\/venezuela.jpg\" \/>\n\t<meta property=\"og:image:width\" content=\"1400\" \/>\n\t<meta property=\"og:image:height\" content=\"438\" \/>\n\t<meta property=\"og:image:type\" content=\"image\/jpeg\" \/>\n<meta name=\"author\" content=\"ACN Press Team\" \/>\n<meta name=\"twitter:card\" content=\"summary_large_image\" \/>\n<meta name=\"twitter:creator\" content=\"@acn_int\" \/>\n<meta name=\"twitter:site\" content=\"@acn_int\" \/>\n<meta name=\"twitter:label1\" content=\"\u00c9crit par\" \/>\n\t<meta name=\"twitter:data1\" content=\"ACN Press Team\" \/>\n\t<meta name=\"twitter:label2\" content=\"Dur\u00e9e de lecture estim\u00e9e\" \/>\n\t<meta name=\"twitter:data2\" content=\"6 minutes\" \/>\n<script type=\"application\/ld+json\" class=\"yoast-schema-graph\">{\"@context\":\"https:\\\/\\\/schema.org\",\"@graph\":[{\"@type\":\"Article\",\"@id\":\"https:\\\/\\\/acninternational.org\\\/fr\\\/pour-leveque-de-san-carlos-les-plaies-degypte-ne-sont-rien-comparees-a-ce-que-vit-le-venezuela\\\/#article\",\"isPartOf\":{\"@id\":\"https:\\\/\\\/acninternational.org\\\/fr\\\/pour-leveque-de-san-carlos-les-plaies-degypte-ne-sont-rien-comparees-a-ce-que-vit-le-venezuela\\\/\"},\"author\":{\"name\":\"ACN Press Team\",\"@id\":\"https:\\\/\\\/acninternational.org\\\/fr\\\/#\\\/schema\\\/person\\\/7f3dafb236b242fb2aa46be1411fd703\"},\"headline\":\"Pour l\u2019\u00e9v\u00eaque de San Carlos, les plaies d\u2019\u00c9gypte ne sont rien, compar\u00e9es \u00e0 ce que vit le Venezuela\",\"datePublished\":\"2020-07-22T08:47:47+00:00\",\"dateModified\":\"2020-07-22T08:54:19+00:00\",\"mainEntityOfPage\":{\"@id\":\"https:\\\/\\\/acninternational.org\\\/fr\\\/pour-leveque-de-san-carlos-les-plaies-degypte-ne-sont-rien-comparees-a-ce-que-vit-le-venezuela\\\/\"},\"wordCount\":1257,\"publisher\":{\"@id\":\"https:\\\/\\\/acninternational.org\\\/fr\\\/#organization\"},\"image\":{\"@id\":\"https:\\\/\\\/acninternational.org\\\/fr\\\/pour-leveque-de-san-carlos-les-plaies-degypte-ne-sont-rien-comparees-a-ce-que-vit-le-venezuela\\\/#primaryimage\"},\"thumbnailUrl\":\"https:\\\/\\\/media.acninternational.org\\\/wp-content\\\/uploads\\\/2020\\\/07\\\/venezuela.jpg\",\"articleSection\":[\"Non classifi\u00e9(e)\"],\"inLanguage\":\"fr-FR\"},{\"@type\":\"WebPage\",\"@id\":\"https:\\\/\\\/acninternational.org\\\/fr\\\/pour-leveque-de-san-carlos-les-plaies-degypte-ne-sont-rien-comparees-a-ce-que-vit-le-venezuela\\\/\",\"url\":\"https:\\\/\\\/acninternational.org\\\/fr\\\/pour-leveque-de-san-carlos-les-plaies-degypte-ne-sont-rien-comparees-a-ce-que-vit-le-venezuela\\\/\",\"name\":\"Pour l\u2019\u00e9v\u00eaque de San Carlos, les plaies d\u2019\u00c9gypte ne sont rien, compar\u00e9es \u00e0 ce que vit le Venezuela\",\"isPartOf\":{\"@id\":\"https:\\\/\\\/acninternational.org\\\/fr\\\/#website\"},\"primaryImageOfPage\":{\"@id\":\"https:\\\/\\\/acninternational.org\\\/fr\\\/pour-leveque-de-san-carlos-les-plaies-degypte-ne-sont-rien-comparees-a-ce-que-vit-le-venezuela\\\/#primaryimage\"},\"image\":{\"@id\":\"https:\\\/\\\/acninternational.org\\\/fr\\\/pour-leveque-de-san-carlos-les-plaies-degypte-ne-sont-rien-comparees-a-ce-que-vit-le-venezuela\\\/#primaryimage\"},\"thumbnailUrl\":\"https:\\\/\\\/media.acninternational.org\\\/wp-content\\\/uploads\\\/2020\\\/07\\\/venezuela.jpg\",\"datePublished\":\"2020-07-22T08:47:47+00:00\",\"dateModified\":\"2020-07-22T08:54:19+00:00\",\"description\":\"Selon la derni\u00e8re \u00e9tude publi\u00e9e par la plateforme ind\u00e9pendante d'\u00e9tudes statistiques ENCOVI, les niveaux de pauvret\u00e9 et d'in\u00e9galit\u00e9 placeraient le Venezuela dans des positions auparavant inimaginables pour le contexte latino-am\u00e9ricain. Le pays se serait consid\u00e9rablement \u00e9loign\u00e9 de ses homologues sud-am\u00e9ricains, se rapprochant de la situation de certains pays du continent africain, se classant m\u00eame devant le Tchad et la R\u00e9publique d\u00e9mocratique du Congo. Selon les donn\u00e9es collect\u00e9es par ENCOVI, 96% des m\u00e9nages sont dans la pauvret\u00e9 et 79% dans l'extr\u00eame pauvret\u00e9, ce qui signifie que les revenus per\u00e7us sont insuffisants pour couvrir les besoins alimentaires. M\u00eame en incluant d'autres variables li\u00e9es \u00e0 l'emploi, \u00e0 l'\u00e9ducation, aux conditions de logement et aux services publics, on estime que 65% des m\u00e9nages sont dans la pauvret\u00e9. A tout cela s'ajoute la crise du COVID encore \u00e0 ses d\u00e9buts. Selon des sources officielles, il y a 10 428 cas positifs et 100 d\u00e9c\u00e8s. Mais l'impact sur l'\u00e9conomie mis\u00e9rable du pays est brutal : 70% des m\u00e9nages ont d\u00e9clar\u00e9 que la hausse des prix alimentaires \u00e9tait le principal probl\u00e8me.\",\"breadcrumb\":{\"@id\":\"https:\\\/\\\/acninternational.org\\\/fr\\\/pour-leveque-de-san-carlos-les-plaies-degypte-ne-sont-rien-comparees-a-ce-que-vit-le-venezuela\\\/#breadcrumb\"},\"inLanguage\":\"fr-FR\",\"potentialAction\":[{\"@type\":\"ReadAction\",\"target\":[\"https:\\\/\\\/acninternational.org\\\/fr\\\/pour-leveque-de-san-carlos-les-plaies-degypte-ne-sont-rien-comparees-a-ce-que-vit-le-venezuela\\\/\"]}]},{\"@type\":\"ImageObject\",\"inLanguage\":\"fr-FR\",\"@id\":\"https:\\\/\\\/acninternational.org\\\/fr\\\/pour-leveque-de-san-carlos-les-plaies-degypte-ne-sont-rien-comparees-a-ce-que-vit-le-venezuela\\\/#primaryimage\",\"url\":\"https:\\\/\\\/media.acninternational.org\\\/wp-content\\\/uploads\\\/2020\\\/07\\\/venezuela.jpg\",\"contentUrl\":\"https:\\\/\\\/media.acninternational.org\\\/wp-content\\\/uploads\\\/2020\\\/07\\\/venezuela.jpg\",\"width\":1400,\"height\":438},{\"@type\":\"BreadcrumbList\",\"@id\":\"https:\\\/\\\/acninternational.org\\\/fr\\\/pour-leveque-de-san-carlos-les-plaies-degypte-ne-sont-rien-comparees-a-ce-que-vit-le-venezuela\\\/#breadcrumb\",\"itemListElement\":[{\"@type\":\"ListItem\",\"position\":1,\"name\":\"Home\",\"item\":\"https:\\\/\\\/acninternational.org\\\/fr\\\/\"},{\"@type\":\"ListItem\",\"position\":2,\"name\":\"Nouvelles\",\"item\":\"https:\\\/\\\/acninternational.org\\\/fr\\\/category\\\/news-fr\\\/\"},{\"@type\":\"ListItem\",\"position\":3,\"name\":\"Pour l\u2019\u00e9v\u00eaque de San Carlos, les plaies d\u2019\u00c9gypte ne sont rien, compar\u00e9es \u00e0 ce que vit le Venezuela\"}]},{\"@type\":\"WebSite\",\"@id\":\"https:\\\/\\\/acninternational.org\\\/fr\\\/#website\",\"url\":\"https:\\\/\\\/acninternational.org\\\/fr\\\/\",\"name\":\"ACN International\",\"description\":\"\",\"publisher\":{\"@id\":\"https:\\\/\\\/acninternational.org\\\/fr\\\/#organization\"},\"potentialAction\":[{\"@type\":\"SearchAction\",\"target\":{\"@type\":\"EntryPoint\",\"urlTemplate\":\"https:\\\/\\\/acninternational.org\\\/fr\\\/?s={search_term_string}\"},\"query-input\":{\"@type\":\"PropertyValueSpecification\",\"valueRequired\":true,\"valueName\":\"search_term_string\"}}],\"inLanguage\":\"fr-FR\"},{\"@type\":\"Organization\",\"@id\":\"https:\\\/\\\/acninternational.org\\\/fr\\\/#organization\",\"name\":\"Aid to the Church in Need International\",\"url\":\"https:\\\/\\\/acninternational.org\\\/fr\\\/\",\"logo\":{\"@type\":\"ImageObject\",\"inLanguage\":\"fr-FR\",\"@id\":\"https:\\\/\\\/acninternational.org\\\/fr\\\/#\\\/schema\\\/logo\\\/image\\\/\",\"url\":\"https:\\\/\\\/media.acninternational.org\\\/wp-content\\\/uploads\\\/2019\\\/11\\\/acn_logo_blackvector.svg\",\"contentUrl\":\"https:\\\/\\\/media.acninternational.org\\\/wp-content\\\/uploads\\\/2019\\\/11\\\/acn_logo_blackvector.svg\",\"width\":232.6,\"height\":78,\"caption\":\"Aid to the Church in Need International\"},\"image\":{\"@id\":\"https:\\\/\\\/acninternational.org\\\/fr\\\/#\\\/schema\\\/logo\\\/image\\\/\"},\"sameAs\":[\"https:\\\/\\\/www.facebook.com\\\/acninternationalorg\",\"https:\\\/\\\/x.com\\\/acn_int\",\"https:\\\/\\\/www.youtube.com\\\/channel\\\/UCQ-077gS0TnVzkhHmf1opZw\",\"https:\\\/\\\/www.instagram.com\\\/acn_international\\\/\"]},{\"@type\":\"Person\",\"@id\":\"https:\\\/\\\/acninternational.org\\\/fr\\\/#\\\/schema\\\/person\\\/7f3dafb236b242fb2aa46be1411fd703\",\"name\":\"ACN Press Team\",\"description\":\"Lorem ipsum dolor sit amet, consectetur adipiscing elit, sed do eiusmod tempor incididunt ut labore et dolore magna aliqua. Ut enim ad minim veniam, quis nostrud exercitation ullamco laboris nisi ut aliquip ex ea commodo consequat.\",\"url\":\"https:\\\/\\\/acninternational.org\\\/fr\\\/author\\\/acn-press-team\\\/\"}]}<\/script>\n<!-- \/ Yoast SEO Premium plugin. -->","yoast_head_json":{"title":"Pour l\u2019\u00e9v\u00eaque de San Carlos, les plaies d\u2019\u00c9gypte ne sont rien, compar\u00e9es \u00e0 ce que vit le Venezuela","description":"Selon la derni\u00e8re \u00e9tude publi\u00e9e par la plateforme ind\u00e9pendante d'\u00e9tudes statistiques ENCOVI, les niveaux de pauvret\u00e9 et d'in\u00e9galit\u00e9 placeraient le Venezuela dans des positions auparavant inimaginables pour le contexte latino-am\u00e9ricain. Le pays se serait consid\u00e9rablement \u00e9loign\u00e9 de ses homologues sud-am\u00e9ricains, se rapprochant de la situation de certains pays du continent africain, se classant m\u00eame devant le Tchad et la R\u00e9publique d\u00e9mocratique du Congo. Selon les donn\u00e9es collect\u00e9es par ENCOVI, 96% des m\u00e9nages sont dans la pauvret\u00e9 et 79% dans l'extr\u00eame pauvret\u00e9, ce qui signifie que les revenus per\u00e7us sont insuffisants pour couvrir les besoins alimentaires. M\u00eame en incluant d'autres variables li\u00e9es \u00e0 l'emploi, \u00e0 l'\u00e9ducation, aux conditions de logement et aux services publics, on estime que 65% des m\u00e9nages sont dans la pauvret\u00e9. A tout cela s'ajoute la crise du COVID encore \u00e0 ses d\u00e9buts. Selon des sources officielles, il y a 10 428 cas positifs et 100 d\u00e9c\u00e8s. Mais l'impact sur l'\u00e9conomie mis\u00e9rable du pays est brutal : 70% des m\u00e9nages ont d\u00e9clar\u00e9 que la hausse des prix alimentaires \u00e9tait le principal probl\u00e8me.","robots":{"index":"index","follow":"follow","max-snippet":"max-snippet:-1","max-image-preview":"max-image-preview:large","max-video-preview":"max-video-preview:-1"},"canonical":"https:\/\/acninternational.org\/fr\/pour-leveque-de-san-carlos-les-plaies-degypte-ne-sont-rien-comparees-a-ce-que-vit-le-venezuela\/","og_locale":"fr_FR","og_type":"article","og_title":"Pour l\u2019\u00e9v\u00eaque de San Carlos, les plaies d\u2019\u00c9gypte ne sont rien, compar\u00e9es \u00e0 ce que vit le Venezuela","og_description":"Selon la derni\u00e8re \u00e9tude publi\u00e9e par la plateforme ind\u00e9pendante d'\u00e9tudes statistiques ENCOVI, les niveaux de pauvret\u00e9 et d'in\u00e9galit\u00e9 placeraient le Venezuela dans des positions auparavant inimaginables pour le contexte latino-am\u00e9ricain. Le pays se serait consid\u00e9rablement \u00e9loign\u00e9 de ses homologues sud-am\u00e9ricains, se rapprochant de la situation de certains pays du continent africain, se classant m\u00eame devant le Tchad et la R\u00e9publique d\u00e9mocratique du Congo. Selon les donn\u00e9es collect\u00e9es par ENCOVI, 96% des m\u00e9nages sont dans la pauvret\u00e9 et 79% dans l'extr\u00eame pauvret\u00e9, ce qui signifie que les revenus per\u00e7us sont insuffisants pour couvrir les besoins alimentaires. M\u00eame en incluant d'autres variables li\u00e9es \u00e0 l'emploi, \u00e0 l'\u00e9ducation, aux conditions de logement et aux services publics, on estime que 65% des m\u00e9nages sont dans la pauvret\u00e9. A tout cela s'ajoute la crise du COVID encore \u00e0 ses d\u00e9buts. Selon des sources officielles, il y a 10 428 cas positifs et 100 d\u00e9c\u00e8s. Mais l'impact sur l'\u00e9conomie mis\u00e9rable du pays est brutal : 70% des m\u00e9nages ont d\u00e9clar\u00e9 que la hausse des prix alimentaires \u00e9tait le principal probl\u00e8me.","og_url":"https:\/\/acninternational.org\/fr\/pour-leveque-de-san-carlos-les-plaies-degypte-ne-sont-rien-comparees-a-ce-que-vit-le-venezuela\/","og_site_name":"ACN International","article_publisher":"https:\/\/www.facebook.com\/acninternationalorg","article_published_time":"2020-07-22T08:47:47+00:00","article_modified_time":"2020-07-22T08:54:19+00:00","og_image":[{"width":1400,"height":438,"url":"https:\/\/media.acninternational.org\/wp-content\/uploads\/2020\/07\/venezuela.jpg","type":"image\/jpeg"}],"author":"ACN Press Team","twitter_card":"summary_large_image","twitter_creator":"@acn_int","twitter_site":"@acn_int","twitter_misc":{"\u00c9crit par":"ACN Press Team","Dur\u00e9e de lecture estim\u00e9e":"6 minutes"},"schema":{"@context":"https:\/\/schema.org","@graph":[{"@type":"Article","@id":"https:\/\/acninternational.org\/fr\/pour-leveque-de-san-carlos-les-plaies-degypte-ne-sont-rien-comparees-a-ce-que-vit-le-venezuela\/#article","isPartOf":{"@id":"https:\/\/acninternational.org\/fr\/pour-leveque-de-san-carlos-les-plaies-degypte-ne-sont-rien-comparees-a-ce-que-vit-le-venezuela\/"},"author":{"name":"ACN Press Team","@id":"https:\/\/acninternational.org\/fr\/#\/schema\/person\/7f3dafb236b242fb2aa46be1411fd703"},"headline":"Pour l\u2019\u00e9v\u00eaque de San Carlos, les plaies d\u2019\u00c9gypte ne sont rien, compar\u00e9es \u00e0 ce que vit le Venezuela","datePublished":"2020-07-22T08:47:47+00:00","dateModified":"2020-07-22T08:54:19+00:00","mainEntityOfPage":{"@id":"https:\/\/acninternational.org\/fr\/pour-leveque-de-san-carlos-les-plaies-degypte-ne-sont-rien-comparees-a-ce-que-vit-le-venezuela\/"},"wordCount":1257,"publisher":{"@id":"https:\/\/acninternational.org\/fr\/#organization"},"image":{"@id":"https:\/\/acninternational.org\/fr\/pour-leveque-de-san-carlos-les-plaies-degypte-ne-sont-rien-comparees-a-ce-que-vit-le-venezuela\/#primaryimage"},"thumbnailUrl":"https:\/\/media.acninternational.org\/wp-content\/uploads\/2020\/07\/venezuela.jpg","articleSection":["Non classifi\u00e9(e)"],"inLanguage":"fr-FR"},{"@type":"WebPage","@id":"https:\/\/acninternational.org\/fr\/pour-leveque-de-san-carlos-les-plaies-degypte-ne-sont-rien-comparees-a-ce-que-vit-le-venezuela\/","url":"https:\/\/acninternational.org\/fr\/pour-leveque-de-san-carlos-les-plaies-degypte-ne-sont-rien-comparees-a-ce-que-vit-le-venezuela\/","name":"Pour l\u2019\u00e9v\u00eaque de San Carlos, les plaies d\u2019\u00c9gypte ne sont rien, compar\u00e9es \u00e0 ce que vit le Venezuela","isPartOf":{"@id":"https:\/\/acninternational.org\/fr\/#website"},"primaryImageOfPage":{"@id":"https:\/\/acninternational.org\/fr\/pour-leveque-de-san-carlos-les-plaies-degypte-ne-sont-rien-comparees-a-ce-que-vit-le-venezuela\/#primaryimage"},"image":{"@id":"https:\/\/acninternational.org\/fr\/pour-leveque-de-san-carlos-les-plaies-degypte-ne-sont-rien-comparees-a-ce-que-vit-le-venezuela\/#primaryimage"},"thumbnailUrl":"https:\/\/media.acninternational.org\/wp-content\/uploads\/2020\/07\/venezuela.jpg","datePublished":"2020-07-22T08:47:47+00:00","dateModified":"2020-07-22T08:54:19+00:00","description":"Selon la derni\u00e8re \u00e9tude publi\u00e9e par la plateforme ind\u00e9pendante d'\u00e9tudes statistiques ENCOVI, les niveaux de pauvret\u00e9 et d'in\u00e9galit\u00e9 placeraient le Venezuela dans des positions auparavant inimaginables pour le contexte latino-am\u00e9ricain. Le pays se serait consid\u00e9rablement \u00e9loign\u00e9 de ses homologues sud-am\u00e9ricains, se rapprochant de la situation de certains pays du continent africain, se classant m\u00eame devant le Tchad et la R\u00e9publique d\u00e9mocratique du Congo. Selon les donn\u00e9es collect\u00e9es par ENCOVI, 96% des m\u00e9nages sont dans la pauvret\u00e9 et 79% dans l'extr\u00eame pauvret\u00e9, ce qui signifie que les revenus per\u00e7us sont insuffisants pour couvrir les besoins alimentaires. M\u00eame en incluant d'autres variables li\u00e9es \u00e0 l'emploi, \u00e0 l'\u00e9ducation, aux conditions de logement et aux services publics, on estime que 65% des m\u00e9nages sont dans la pauvret\u00e9. A tout cela s'ajoute la crise du COVID encore \u00e0 ses d\u00e9buts. Selon des sources officielles, il y a 10 428 cas positifs et 100 d\u00e9c\u00e8s. Mais l'impact sur l'\u00e9conomie mis\u00e9rable du pays est brutal : 70% des m\u00e9nages ont d\u00e9clar\u00e9 que la hausse des prix alimentaires \u00e9tait le principal probl\u00e8me.","breadcrumb":{"@id":"https:\/\/acninternational.org\/fr\/pour-leveque-de-san-carlos-les-plaies-degypte-ne-sont-rien-comparees-a-ce-que-vit-le-venezuela\/#breadcrumb"},"inLanguage":"fr-FR","potentialAction":[{"@type":"ReadAction","target":["https:\/\/acninternational.org\/fr\/pour-leveque-de-san-carlos-les-plaies-degypte-ne-sont-rien-comparees-a-ce-que-vit-le-venezuela\/"]}]},{"@type":"ImageObject","inLanguage":"fr-FR","@id":"https:\/\/acninternational.org\/fr\/pour-leveque-de-san-carlos-les-plaies-degypte-ne-sont-rien-comparees-a-ce-que-vit-le-venezuela\/#primaryimage","url":"https:\/\/media.acninternational.org\/wp-content\/uploads\/2020\/07\/venezuela.jpg","contentUrl":"https:\/\/media.acninternational.org\/wp-content\/uploads\/2020\/07\/venezuela.jpg","width":1400,"height":438},{"@type":"BreadcrumbList","@id":"https:\/\/acninternational.org\/fr\/pour-leveque-de-san-carlos-les-plaies-degypte-ne-sont-rien-comparees-a-ce-que-vit-le-venezuela\/#breadcrumb","itemListElement":[{"@type":"ListItem","position":1,"name":"Home","item":"https:\/\/acninternational.org\/fr\/"},{"@type":"ListItem","position":2,"name":"Nouvelles","item":"https:\/\/acninternational.org\/fr\/category\/news-fr\/"},{"@type":"ListItem","position":3,"name":"Pour l\u2019\u00e9v\u00eaque de San Carlos, les plaies d\u2019\u00c9gypte ne sont rien, compar\u00e9es \u00e0 ce que vit le Venezuela"}]},{"@type":"WebSite","@id":"https:\/\/acninternational.org\/fr\/#website","url":"https:\/\/acninternational.org\/fr\/","name":"ACN International","description":"","publisher":{"@id":"https:\/\/acninternational.org\/fr\/#organization"},"potentialAction":[{"@type":"SearchAction","target":{"@type":"EntryPoint","urlTemplate":"https:\/\/acninternational.org\/fr\/?s={search_term_string}"},"query-input":{"@type":"PropertyValueSpecification","valueRequired":true,"valueName":"search_term_string"}}],"inLanguage":"fr-FR"},{"@type":"Organization","@id":"https:\/\/acninternational.org\/fr\/#organization","name":"Aid to the Church in Need International","url":"https:\/\/acninternational.org\/fr\/","logo":{"@type":"ImageObject","inLanguage":"fr-FR","@id":"https:\/\/acninternational.org\/fr\/#\/schema\/logo\/image\/","url":"https:\/\/media.acninternational.org\/wp-content\/uploads\/2019\/11\/acn_logo_blackvector.svg","contentUrl":"https:\/\/media.acninternational.org\/wp-content\/uploads\/2019\/11\/acn_logo_blackvector.svg","width":232.6,"height":78,"caption":"Aid to the Church in Need International"},"image":{"@id":"https:\/\/acninternational.org\/fr\/#\/schema\/logo\/image\/"},"sameAs":["https:\/\/www.facebook.com\/acninternationalorg","https:\/\/x.com\/acn_int","https:\/\/www.youtube.com\/channel\/UCQ-077gS0TnVzkhHmf1opZw","https:\/\/www.instagram.com\/acn_international\/"]},{"@type":"Person","@id":"https:\/\/acninternational.org\/fr\/#\/schema\/person\/7f3dafb236b242fb2aa46be1411fd703","name":"ACN Press Team","description":"Lorem ipsum dolor sit amet, consectetur adipiscing elit, sed do eiusmod tempor incididunt ut labore et dolore magna aliqua. Ut enim ad minim veniam, quis nostrud exercitation ullamco laboris nisi ut aliquip ex ea commodo consequat.","url":"https:\/\/acninternational.org\/fr\/author\/acn-press-team\/"}]}},"_links":{"self":[{"href":"https:\/\/acninternational.org\/fr\/wp-json\/wp\/v2\/posts\/140361","targetHints":{"allow":["GET"]}}],"collection":[{"href":"https:\/\/acninternational.org\/fr\/wp-json\/wp\/v2\/posts"}],"about":[{"href":"https:\/\/acninternational.org\/fr\/wp-json\/wp\/v2\/types\/post"}],"author":[{"embeddable":true,"href":"https:\/\/acninternational.org\/fr\/wp-json\/wp\/v2\/users\/4258341447"}],"replies":[{"embeddable":true,"href":"https:\/\/acninternational.org\/fr\/wp-json\/wp\/v2\/comments?post=140361"}],"version-history":[{"count":0,"href":"https:\/\/acninternational.org\/fr\/wp-json\/wp\/v2\/posts\/140361\/revisions"}],"wp:featuredmedia":[{"embeddable":true,"href":"https:\/\/acninternational.org\/fr\/wp-json\/wp\/v2\/media\/140351"}],"wp:attachment":[{"href":"https:\/\/acninternational.org\/fr\/wp-json\/wp\/v2\/media?parent=140361"}],"wp:term":[{"taxonomy":"category","embeddable":true,"href":"https:\/\/acninternational.org\/fr\/wp-json\/wp\/v2\/categories?post=140361"},{"taxonomy":"post_tag","embeddable":true,"href":"https:\/\/acninternational.org\/fr\/wp-json\/wp\/v2\/tags?post=140361"},{"taxonomy":"country","embeddable":true,"href":"https:\/\/acninternational.org\/fr\/wp-json\/wp\/v2\/country?post=140361"}],"curies":[{"name":"wp","href":"https:\/\/api.w.org\/{rel}","templated":true}]}}