{"id":130770,"date":"2020-02-17T10:24:32","date_gmt":"2020-02-17T09:24:32","guid":{"rendered":"https:\/\/acninternational.org\/?p=130770"},"modified":"2020-02-17T11:16:25","modified_gmt":"2020-02-17T10:16:25","slug":"mozambique-pour-leveque-de-pemba-les-attaques-dans-la-province-de-cap-delgado-sont-une-tragedie","status":"publish","type":"post","link":"https:\/\/acninternational.org\/fr\/mozambique-pour-leveque-de-pemba-les-attaques-dans-la-province-de-cap-delgado-sont-une-tragedie\/","title":{"rendered":"Mozambique : Pour l\u2019\u00e9v\u00eaque de Pemba, les attaques dans la province de Cap Delgado sont \u00abune trag\u00e9die\u00bb"},"content":{"rendered":"<p>Les attaques dans le nord du Mozambique ont d\u00e9j\u00e0 fait plus de 500 morts et des milliers de personnes d\u00e9plac\u00e9es, selon ce qu\u2019a d\u00e9clar\u00e9 Mgr Luiz Fernando Lisboa, \u00e9v\u00eaque de Pemba,\u00a0 \u00e0 la Fondation Aide \u00e0 l\u2019Eglise en D\u00e9tresse (AED).<\/p>\n<p>La vague de violence qui frappe le nord du Mozambique depuis octobre 2017 ne semble pas pr\u00eate de prendre fin. Le pr\u00e9lat a confirm\u00e9 qu\u2019il y avait eu \u00ab six attaques \u00bb entre le 29 et le 30 janvier dans la province de Cap Delgado, lesquelles ont caus\u00e9 une fuite g\u00e9n\u00e9rale de la population et des d\u00e9g\u00e2ts importants dans les villages situ\u00e9s autour des villes de Bilibiza et Mahate, qui font partie du district de Quissanga, situ\u00e9 \u00e0 environ 120 kilom\u00e8tres de la ville de Pemba. Pour Mgr Luiz Fernando Lisboa, ces attaques \u00ab sont une trag\u00e9die \u00bb. L\u2019une d\u2019elles \u00ab a vis\u00e9 l\u2019\u00e9cole d\u2019agriculture de Bilibiza, une \u00e9cole de formation des professeurs qui compte plus de 500 \u00e9l\u00e8ves \u00bb.<\/p>\n<p>\u00ab J\u2019ai entendu dire que l\u2019\u00e9cole avait \u00e9t\u00e9 incendi\u00e9e, puis que des magasins situ\u00e9s \u00e0 proximit\u00e9 avaient \u00e9t\u00e9 d\u00e9truits \u00bb, a d\u00e9crit le pr\u00e9lat. \u00ab Il est tr\u00e8s triste que les forces de d\u00e9fense et de s\u00e9curit\u00e9 ne puissent pas contenir les attaques sans une aide internationale. Cela fait d\u00e9j\u00e0 deux ans et trois mois&#8230; Si la situation du gouvernement du Mozambique \u00e9tait meilleure, peut-\u00eatre que le probl\u00e8me aurait d\u00e9j\u00e0 \u00e9t\u00e9 r\u00e9solu, mais beaucoup de gens meurent &#8230; \u00bb d\u00e9clare l\u2019\u00e9v\u00eaque.<\/p>\n<p>Dans un entretien accord\u00e9 \u00e0 la Fondation AED lors de sa visite au Portugal, Mgr Luiz Fernando Lisboa a reconnu que s\u2019il n\u2019existe pas de statistiques officielles du nombre de personnes ayant perdu la vie, le nombre de morts a certainement d\u00e9j\u00e0 atteint un demi-millier depuis le d\u00e9but des violentes attaques, \u00e0 la fin de 2017, contre des villages, des postes administratifs et militaires, laissant derri\u00e8re elles des gens d\u00e9capit\u00e9s, pour indiquer la terreur caus\u00e9e \u00e0 la population.<\/p>\n<figure id=\"attachment_130628\" aria-describedby=\"caption-attachment-130628\" style=\"width: 670px\" class=\"wp-caption alignnone\"><img loading=\"lazy\" decoding=\"async\" class=\"wp-image-130628 size-full\" src=\"https:\/\/media.acninternational.org\/wp-content\/uploads\/2020\/02\/Bishop-Luiz-Fernando-Lisboa.jpg\" alt=\"Mozambique : Pour l\u2019\u00e9v\u00eaque de Pemba, les attaques dans la province de Cap Delgado sont \u00abune trag\u00e9die\u00bb.\" width=\"670\" height=\"400\" srcset=\"https:\/\/media.acninternational.org\/wp-content\/uploads\/2020\/02\/Bishop-Luiz-Fernando-Lisboa.jpg 670w, https:\/\/media.acninternational.org\/wp-content\/uploads\/2020\/02\/Bishop-Luiz-Fernando-Lisboa-300x179.jpg 300w\" sizes=\"auto, (max-width: 670px) 100vw, 670px\" \/><figcaption id=\"caption-attachment-130628\" class=\"wp-caption-text\">Mozambique : Pour l\u2019\u00e9v\u00eaque de Pemba, les attaques dans la province de Cap Delgado sont \u00abune trag\u00e9die\u00bb.<\/figcaption><\/figure>\n<p><strong>\u00ab Il va y avoir une famine\u2026 \u00bb<\/strong><\/p>\n<p>Cette situation a un impact direct sur la vie quotidienne des gens. \u00ab Les villages se vident, les gens ne font plus de plantations, ce qui signifie qu\u2019il va y avoir une famine, et nous avons des milliers de personnes d\u00e9plac\u00e9es \u00e0 l\u2019int\u00e9rieur du pays \u00bb, explique le pr\u00e9lat. Selon l\u2019ONU, environ 60.000 personnes ont \u00e9t\u00e9 d\u00e9plac\u00e9es \u00e0 la suite d\u2019attaques contre des villages du nord du Mozambique. Mais le pr\u00e9lat mozambicain estime qu\u2019il faudrait \u00e9galement compter parmi les victimes, les personnes d\u00e9plac\u00e9es, par exemple, \u00e0 cause du cyclone Kenneth. \u00ab Je pense que le total pourrait s\u2019approcher des 100.000 personnes d\u00e9plac\u00e9es \u00bb.<\/p>\n<p><strong>Menace r\u00e9gionale du fondamentalisme islamique<\/strong><\/p>\n<p>La r\u00e9gion de Cap Delgado, dans le nord du Mozambique, a subi de nombreuses attaques de groupes arm\u00e9s. Mgr Fernando Luiz Lisboa rappelle qu\u2019au d\u00e9but, en octobre 2017, les responsables de la communaut\u00e9 musulmane locale avaient clairement pris leurs distances et manifest\u00e9 leur rejet des attaques. \u00ab Lorsque les attaques ont commenc\u00e9, il a \u00e9t\u00e9 dit qu\u2019il s\u2019agissait d\u2019un groupe islamique radical, et les musulmans eux-m\u00eames ont pris leur distances en disant : \u201cIls ne sont pas des n\u00f4tres, ce sont des bandits\u201d. Mais nous sommes inquiets et tristes, parce qu\u2019il semble que tout \u00e7a soit l\u2019\u0153uvre d\u2019un groupe islamique radical \u00bb.<\/p>\n<p>L\u2019intensification des attaques pourrait constituer une menace pour la s\u00e9curit\u00e9 de la r\u00e9gion, certains signes indiquent que les autorit\u00e9s de la Tanzanie voisine sont \u00e9galement en \u00e9tat d\u2019alerte. En fait, la Tanzanie est consid\u00e9r\u00e9e par les experts en terrorisme comme un lieu de refuge et de recrutement pour les militants extr\u00e9mistes, lesquels se d\u00e9placent facilement \u00e0 travers les fronti\u00e8res entre les deux pays.<\/p>\n<p>Selon l\u2019\u00e9v\u00eaque de Pemba, \u00ab ce serait tr\u00e8s inqui\u00e9tant \u00bb, car \u00ab s\u2019il existe un r\u00e9seau international ou transnational, cela signifie qu\u2019ils sont plus forts et qu\u2019il sera beaucoup plus difficile d\u2019y mettre fin \u00bb.<\/p>\n<p><strong>\u00ab Je n\u2019ai pas peur \u00bb<\/strong><\/p>\n<p>La taille r\u00e9elle des groupes terroristes op\u00e9rant dans le nord du Mozambique est inconnue. La communaut\u00e9 chr\u00e9tienne se sent menac\u00e9e, l\u2019\u00e9v\u00eaque lui-m\u00eame sait qu\u2019il peut \u00eatre la cible d\u2019une de ces attaques : \u00ab Je suis conscient que cela peut arriver, mais honn\u00eatement, je n\u2019ai pas peur. J\u2019essaie de remplir mon r\u00f4le qui est de soutenir les missionnaires qui sont l\u00e0-bas, en ligne de mire, dans les districts o\u00f9 il y a des attaques. Ils sont tr\u00e8s courageux. Je loue le Seigneur, je les remercie pour le courage qu&rsquo;ils ont parce qu\u2019ils sont souvent cette oasis dont les gens ont besoin, quelqu\u2019un pour aller pleurer, se plaindre, raconter ses probl\u00e8mes, chercher un peu d\u2019aide &#8230;. aucun d\u2019entre eux n\u2019a quitt\u00e9 son poste, ils sont l\u00e0 et je ne peux pas et je n\u2019ai pas le droit d\u2019avoir peur. C\u2019est justement parce qu\u2019il faut les aider \u00e0 continuer \u00e0 remplir leur mission que j\u2019essaie d\u2019accomplir la mienne de la meilleure fa\u00e7on possible \u00bb.<\/p>\n<p><strong>L\u2019Aide de la Fondation AED<\/strong><\/p>\n<p>Lors de l\u2019entretien avec l\u2019AED, peu avant de repartir au Mozambique, Mgr Fernando Lisboa a \u00e9galement exprim\u00e9 sa gratitude pour les projets que la Fondation soutient dans son dioc\u00e8se.\u00a0\u00a0\u00a0\u00a0 \u00ab L\u2019AED a beaucoup aid\u00e9. Nous avons plusieurs projets, tels que des v\u00e9hicules pour les missionnaires, la formation des s\u00e9minaristes&#8230; Ces soutiens sont importants, car sans l\u2019aide des organisations internationales, il serait tr\u00e8s difficile pour des dioc\u00e8ses pauvres comme le n\u00f4tre, comme la plupart des dioc\u00e8ses africains, asiatiques et latino-am\u00e9ricains, de d\u00e9velopper leur travail \u00bb.<\/p>\n","protected":false},"excerpt":{"rendered":"<p>Les attaques dans le nord du Mozambique ont d\u00e9j\u00e0 fait plus de 500 morts et des milliers de personnes d\u00e9plac\u00e9es,<\/p>\n","protected":false},"author":4258341447,"featured_media":130635,"comment_status":"closed","ping_status":"closed","sticky":false,"template":"","format":"standard","meta":{"_acf_changed":false,"_acn_coauthor_ids":[],"footnotes":""},"categories":[233],"tags":[],"country":[418],"class_list":["post-130770","post","type-post","status-publish","format-standard","has-post-thumbnail","hentry","category-non-classifiee","country-mozambique-es"],"acn_coauthors":[],"acf":[],"yoast_head":"<!-- This site is optimized with the Yoast SEO Premium plugin v27.3 (Yoast SEO v27.3) - https:\/\/yoast.com\/product\/yoast-seo-premium-wordpress\/ -->\n<title>Mozambique : Pour l\u2019\u00e9v\u00eaque de Pemba, les attaques dans la province de Cap Delgado sont \u00abune trag\u00e9die\u00bb<\/title>\n<meta name=\"description\" content=\"Les attaques dans le nord du Mozambique ont d\u00e9j\u00e0 fait plus de 500 morts et des milliers de personnes d\u00e9plac\u00e9es, selon ce qu\u2019a d\u00e9clar\u00e9 Mgr Luiz Fernando Lisboa, \u00e9v\u00eaque de Pemba,\u00a0 \u00e0 la Fondation Aide \u00e0 l\u2019Eglise en D\u00e9tresse (AED).La vague de violence qui frappe le nord du Mozambique depuis octobre 2017 ne semble pas pr\u00eate de prendre fin. Le pr\u00e9lat a confirm\u00e9 qu\u2019il y avait eu \u00ab six attaques \u00bb entre le 29 et le 30 janvier dans la province de Cap Delgado, lesquelles ont caus\u00e9 une fuite g\u00e9n\u00e9rale de la population et des d\u00e9g\u00e2ts importants dans les villages situ\u00e9s autour des villes de Bilibiza et Mahate, qui font partie du district de Quissanga, situ\u00e9 \u00e0 environ 120 kilom\u00e8tres de la ville de Pemba. Pour Mgr Luiz Fernando Lisboa, ces attaques \u00ab sont une trag\u00e9die \u00bb. L\u2019une d\u2019elles \u00ab a vis\u00e9 l\u2019\u00e9cole d\u2019agriculture de Bilibiza, une \u00e9cole de formation des professeurs qui compte plus de 500 \u00e9l\u00e8ves \u00bb.\" \/>\n<meta name=\"robots\" content=\"index, follow, max-snippet:-1, max-image-preview:large, max-video-preview:-1\" \/>\n<link rel=\"canonical\" href=\"https:\/\/acninternational.org\/fr\/mozambique-pour-leveque-de-pemba-les-attaques-dans-la-province-de-cap-delgado-sont-une-tragedie\/\" \/>\n<meta property=\"og:locale\" content=\"fr_FR\" \/>\n<meta property=\"og:type\" content=\"article\" \/>\n<meta property=\"og:title\" content=\"Mozambique : Pour l\u2019\u00e9v\u00eaque de Pemba, les attaques dans la province de Cap Delgado sont \u00abune trag\u00e9die\u00bb\" \/>\n<meta property=\"og:description\" content=\"Les attaques dans le nord du Mozambique ont d\u00e9j\u00e0 fait plus de 500 morts et des milliers de personnes d\u00e9plac\u00e9es, selon ce qu\u2019a d\u00e9clar\u00e9 Mgr Luiz Fernando Lisboa, \u00e9v\u00eaque de Pemba,\u00a0 \u00e0 la Fondation Aide \u00e0 l\u2019Eglise en D\u00e9tresse (AED).La vague de violence qui frappe le nord du Mozambique depuis octobre 2017 ne semble pas pr\u00eate de prendre fin. Le pr\u00e9lat a confirm\u00e9 qu\u2019il y avait eu \u00ab six attaques \u00bb entre le 29 et le 30 janvier dans la province de Cap Delgado, lesquelles ont caus\u00e9 une fuite g\u00e9n\u00e9rale de la population et des d\u00e9g\u00e2ts importants dans les villages situ\u00e9s autour des villes de Bilibiza et Mahate, qui font partie du district de Quissanga, situ\u00e9 \u00e0 environ 120 kilom\u00e8tres de la ville de Pemba. Pour Mgr Luiz Fernando Lisboa, ces attaques \u00ab sont une trag\u00e9die \u00bb. L\u2019une d\u2019elles \u00ab a vis\u00e9 l\u2019\u00e9cole d\u2019agriculture de Bilibiza, une \u00e9cole de formation des professeurs qui compte plus de 500 \u00e9l\u00e8ves \u00bb.\" \/>\n<meta property=\"og:url\" content=\"https:\/\/acninternational.org\/fr\/mozambique-pour-leveque-de-pemba-les-attaques-dans-la-province-de-cap-delgado-sont-une-tragedie\/\" \/>\n<meta property=\"og:site_name\" content=\"ACN International\" \/>\n<meta property=\"article:publisher\" content=\"https:\/\/www.facebook.com\/acninternationalorg\" \/>\n<meta property=\"article:published_time\" content=\"2020-02-17T09:24:32+00:00\" \/>\n<meta property=\"article:modified_time\" content=\"2020-02-17T10:16:25+00:00\" \/>\n<meta property=\"og:image\" content=\"https:\/\/media.acninternational.org\/wp-content\/uploads\/2020\/02\/Mozambique.jpg\" \/>\n\t<meta property=\"og:image:width\" content=\"1400\" \/>\n\t<meta property=\"og:image:height\" content=\"438\" \/>\n\t<meta property=\"og:image:type\" content=\"image\/jpeg\" \/>\n<meta name=\"author\" content=\"ACN Press Team\" \/>\n<meta name=\"twitter:card\" content=\"summary_large_image\" \/>\n<meta name=\"twitter:creator\" content=\"@acn_int\" \/>\n<meta name=\"twitter:site\" content=\"@acn_int\" \/>\n<meta name=\"twitter:label1\" content=\"\u00c9crit par\" \/>\n\t<meta name=\"twitter:data1\" content=\"ACN Press Team\" \/>\n\t<meta name=\"twitter:label2\" content=\"Dur\u00e9e de lecture estim\u00e9e\" \/>\n\t<meta name=\"twitter:data2\" content=\"5 minutes\" \/>\n<script type=\"application\/ld+json\" class=\"yoast-schema-graph\">{\"@context\":\"https:\\\/\\\/schema.org\",\"@graph\":[{\"@type\":\"Article\",\"@id\":\"https:\\\/\\\/acninternational.org\\\/fr\\\/mozambique-pour-leveque-de-pemba-les-attaques-dans-la-province-de-cap-delgado-sont-une-tragedie\\\/#article\",\"isPartOf\":{\"@id\":\"https:\\\/\\\/acninternational.org\\\/fr\\\/mozambique-pour-leveque-de-pemba-les-attaques-dans-la-province-de-cap-delgado-sont-une-tragedie\\\/\"},\"author\":{\"name\":\"ACN Press Team\",\"@id\":\"https:\\\/\\\/acninternational.org\\\/fr\\\/#\\\/schema\\\/person\\\/7f3dafb236b242fb2aa46be1411fd703\"},\"headline\":\"Mozambique : Pour l\u2019\u00e9v\u00eaque de Pemba, les attaques dans la province de Cap Delgado sont \u00abune trag\u00e9die\u00bb\",\"datePublished\":\"2020-02-17T09:24:32+00:00\",\"dateModified\":\"2020-02-17T10:16:25+00:00\",\"mainEntityOfPage\":{\"@id\":\"https:\\\/\\\/acninternational.org\\\/fr\\\/mozambique-pour-leveque-de-pemba-les-attaques-dans-la-province-de-cap-delgado-sont-une-tragedie\\\/\"},\"wordCount\":1024,\"publisher\":{\"@id\":\"https:\\\/\\\/acninternational.org\\\/fr\\\/#organization\"},\"image\":{\"@id\":\"https:\\\/\\\/acninternational.org\\\/fr\\\/mozambique-pour-leveque-de-pemba-les-attaques-dans-la-province-de-cap-delgado-sont-une-tragedie\\\/#primaryimage\"},\"thumbnailUrl\":\"https:\\\/\\\/media.acninternational.org\\\/wp-content\\\/uploads\\\/2020\\\/02\\\/Mozambique.jpg\",\"articleSection\":[\"Non classifi\u00e9(e)\"],\"inLanguage\":\"fr-FR\"},{\"@type\":\"WebPage\",\"@id\":\"https:\\\/\\\/acninternational.org\\\/fr\\\/mozambique-pour-leveque-de-pemba-les-attaques-dans-la-province-de-cap-delgado-sont-une-tragedie\\\/\",\"url\":\"https:\\\/\\\/acninternational.org\\\/fr\\\/mozambique-pour-leveque-de-pemba-les-attaques-dans-la-province-de-cap-delgado-sont-une-tragedie\\\/\",\"name\":\"Mozambique : Pour l\u2019\u00e9v\u00eaque de Pemba, les attaques dans la province de Cap Delgado sont \u00abune trag\u00e9die\u00bb\",\"isPartOf\":{\"@id\":\"https:\\\/\\\/acninternational.org\\\/fr\\\/#website\"},\"primaryImageOfPage\":{\"@id\":\"https:\\\/\\\/acninternational.org\\\/fr\\\/mozambique-pour-leveque-de-pemba-les-attaques-dans-la-province-de-cap-delgado-sont-une-tragedie\\\/#primaryimage\"},\"image\":{\"@id\":\"https:\\\/\\\/acninternational.org\\\/fr\\\/mozambique-pour-leveque-de-pemba-les-attaques-dans-la-province-de-cap-delgado-sont-une-tragedie\\\/#primaryimage\"},\"thumbnailUrl\":\"https:\\\/\\\/media.acninternational.org\\\/wp-content\\\/uploads\\\/2020\\\/02\\\/Mozambique.jpg\",\"datePublished\":\"2020-02-17T09:24:32+00:00\",\"dateModified\":\"2020-02-17T10:16:25+00:00\",\"description\":\"Les attaques dans le nord du Mozambique ont d\u00e9j\u00e0 fait plus de 500 morts et des milliers de personnes d\u00e9plac\u00e9es, selon ce qu\u2019a d\u00e9clar\u00e9 Mgr Luiz Fernando Lisboa, \u00e9v\u00eaque de Pemba,\u00a0 \u00e0 la Fondation Aide \u00e0 l\u2019Eglise en D\u00e9tresse (AED).La vague de violence qui frappe le nord du Mozambique depuis octobre 2017 ne semble pas pr\u00eate de prendre fin. Le pr\u00e9lat a confirm\u00e9 qu\u2019il y avait eu \u00ab six attaques \u00bb entre le 29 et le 30 janvier dans la province de Cap Delgado, lesquelles ont caus\u00e9 une fuite g\u00e9n\u00e9rale de la population et des d\u00e9g\u00e2ts importants dans les villages situ\u00e9s autour des villes de Bilibiza et Mahate, qui font partie du district de Quissanga, situ\u00e9 \u00e0 environ 120 kilom\u00e8tres de la ville de Pemba. Pour Mgr Luiz Fernando Lisboa, ces attaques \u00ab sont une trag\u00e9die \u00bb. L\u2019une d\u2019elles \u00ab a vis\u00e9 l\u2019\u00e9cole d\u2019agriculture de Bilibiza, une \u00e9cole de formation des professeurs qui compte plus de 500 \u00e9l\u00e8ves \u00bb.\",\"breadcrumb\":{\"@id\":\"https:\\\/\\\/acninternational.org\\\/fr\\\/mozambique-pour-leveque-de-pemba-les-attaques-dans-la-province-de-cap-delgado-sont-une-tragedie\\\/#breadcrumb\"},\"inLanguage\":\"fr-FR\",\"potentialAction\":[{\"@type\":\"ReadAction\",\"target\":[\"https:\\\/\\\/acninternational.org\\\/fr\\\/mozambique-pour-leveque-de-pemba-les-attaques-dans-la-province-de-cap-delgado-sont-une-tragedie\\\/\"]}]},{\"@type\":\"ImageObject\",\"inLanguage\":\"fr-FR\",\"@id\":\"https:\\\/\\\/acninternational.org\\\/fr\\\/mozambique-pour-leveque-de-pemba-les-attaques-dans-la-province-de-cap-delgado-sont-une-tragedie\\\/#primaryimage\",\"url\":\"https:\\\/\\\/media.acninternational.org\\\/wp-content\\\/uploads\\\/2020\\\/02\\\/Mozambique.jpg\",\"contentUrl\":\"https:\\\/\\\/media.acninternational.org\\\/wp-content\\\/uploads\\\/2020\\\/02\\\/Mozambique.jpg\",\"width\":1400,\"height\":438},{\"@type\":\"BreadcrumbList\",\"@id\":\"https:\\\/\\\/acninternational.org\\\/fr\\\/mozambique-pour-leveque-de-pemba-les-attaques-dans-la-province-de-cap-delgado-sont-une-tragedie\\\/#breadcrumb\",\"itemListElement\":[{\"@type\":\"ListItem\",\"position\":1,\"name\":\"Home\",\"item\":\"https:\\\/\\\/acninternational.org\\\/fr\\\/\"},{\"@type\":\"ListItem\",\"position\":2,\"name\":\"Non classifi\u00e9(e)\",\"item\":\"https:\\\/\\\/acninternational.org\\\/fr\\\/category\\\/non-classifiee\\\/\"},{\"@type\":\"ListItem\",\"position\":3,\"name\":\"Mozambique : Pour l\u2019\u00e9v\u00eaque de Pemba, les attaques dans la province de Cap Delgado sont \u00abune trag\u00e9die\u00bb\"}]},{\"@type\":\"WebSite\",\"@id\":\"https:\\\/\\\/acninternational.org\\\/fr\\\/#website\",\"url\":\"https:\\\/\\\/acninternational.org\\\/fr\\\/\",\"name\":\"ACN International\",\"description\":\"\",\"publisher\":{\"@id\":\"https:\\\/\\\/acninternational.org\\\/fr\\\/#organization\"},\"potentialAction\":[{\"@type\":\"SearchAction\",\"target\":{\"@type\":\"EntryPoint\",\"urlTemplate\":\"https:\\\/\\\/acninternational.org\\\/fr\\\/?s={search_term_string}\"},\"query-input\":{\"@type\":\"PropertyValueSpecification\",\"valueRequired\":true,\"valueName\":\"search_term_string\"}}],\"inLanguage\":\"fr-FR\"},{\"@type\":\"Organization\",\"@id\":\"https:\\\/\\\/acninternational.org\\\/fr\\\/#organization\",\"name\":\"Aid to the Church in Need International\",\"url\":\"https:\\\/\\\/acninternational.org\\\/fr\\\/\",\"logo\":{\"@type\":\"ImageObject\",\"inLanguage\":\"fr-FR\",\"@id\":\"https:\\\/\\\/acninternational.org\\\/fr\\\/#\\\/schema\\\/logo\\\/image\\\/\",\"url\":\"https:\\\/\\\/media.acninternational.org\\\/wp-content\\\/uploads\\\/2019\\\/11\\\/acn_logo_blackvector.svg\",\"contentUrl\":\"https:\\\/\\\/media.acninternational.org\\\/wp-content\\\/uploads\\\/2019\\\/11\\\/acn_logo_blackvector.svg\",\"width\":232.6,\"height\":78,\"caption\":\"Aid to the Church in Need International\"},\"image\":{\"@id\":\"https:\\\/\\\/acninternational.org\\\/fr\\\/#\\\/schema\\\/logo\\\/image\\\/\"},\"sameAs\":[\"https:\\\/\\\/www.facebook.com\\\/acninternationalorg\",\"https:\\\/\\\/x.com\\\/acn_int\",\"https:\\\/\\\/www.youtube.com\\\/channel\\\/UCQ-077gS0TnVzkhHmf1opZw\",\"https:\\\/\\\/www.instagram.com\\\/acn_international\\\/\"]},{\"@type\":\"Person\",\"@id\":\"https:\\\/\\\/acninternational.org\\\/fr\\\/#\\\/schema\\\/person\\\/7f3dafb236b242fb2aa46be1411fd703\",\"name\":\"ACN Press Team\",\"description\":\"Lorem ipsum dolor sit amet, consectetur adipiscing elit, sed do eiusmod tempor incididunt ut labore et dolore magna aliqua. Ut enim ad minim veniam, quis nostrud exercitation ullamco laboris nisi ut aliquip ex ea commodo consequat.\",\"url\":\"https:\\\/\\\/acninternational.org\\\/fr\\\/author\\\/acn-press-team\\\/\"}]}<\/script>\n<!-- \/ Yoast SEO Premium plugin. -->","yoast_head_json":{"title":"Mozambique : Pour l\u2019\u00e9v\u00eaque de Pemba, les attaques dans la province de Cap Delgado sont \u00abune trag\u00e9die\u00bb","description":"Les attaques dans le nord du Mozambique ont d\u00e9j\u00e0 fait plus de 500 morts et des milliers de personnes d\u00e9plac\u00e9es, selon ce qu\u2019a d\u00e9clar\u00e9 Mgr Luiz Fernando Lisboa, \u00e9v\u00eaque de Pemba,\u00a0 \u00e0 la Fondation Aide \u00e0 l\u2019Eglise en D\u00e9tresse (AED).La vague de violence qui frappe le nord du Mozambique depuis octobre 2017 ne semble pas pr\u00eate de prendre fin. Le pr\u00e9lat a confirm\u00e9 qu\u2019il y avait eu \u00ab six attaques \u00bb entre le 29 et le 30 janvier dans la province de Cap Delgado, lesquelles ont caus\u00e9 une fuite g\u00e9n\u00e9rale de la population et des d\u00e9g\u00e2ts importants dans les villages situ\u00e9s autour des villes de Bilibiza et Mahate, qui font partie du district de Quissanga, situ\u00e9 \u00e0 environ 120 kilom\u00e8tres de la ville de Pemba. Pour Mgr Luiz Fernando Lisboa, ces attaques \u00ab sont une trag\u00e9die \u00bb. L\u2019une d\u2019elles \u00ab a vis\u00e9 l\u2019\u00e9cole d\u2019agriculture de Bilibiza, une \u00e9cole de formation des professeurs qui compte plus de 500 \u00e9l\u00e8ves \u00bb.","robots":{"index":"index","follow":"follow","max-snippet":"max-snippet:-1","max-image-preview":"max-image-preview:large","max-video-preview":"max-video-preview:-1"},"canonical":"https:\/\/acninternational.org\/fr\/mozambique-pour-leveque-de-pemba-les-attaques-dans-la-province-de-cap-delgado-sont-une-tragedie\/","og_locale":"fr_FR","og_type":"article","og_title":"Mozambique : Pour l\u2019\u00e9v\u00eaque de Pemba, les attaques dans la province de Cap Delgado sont \u00abune trag\u00e9die\u00bb","og_description":"Les attaques dans le nord du Mozambique ont d\u00e9j\u00e0 fait plus de 500 morts et des milliers de personnes d\u00e9plac\u00e9es, selon ce qu\u2019a d\u00e9clar\u00e9 Mgr Luiz Fernando Lisboa, \u00e9v\u00eaque de Pemba,\u00a0 \u00e0 la Fondation Aide \u00e0 l\u2019Eglise en D\u00e9tresse (AED).La vague de violence qui frappe le nord du Mozambique depuis octobre 2017 ne semble pas pr\u00eate de prendre fin. Le pr\u00e9lat a confirm\u00e9 qu\u2019il y avait eu \u00ab six attaques \u00bb entre le 29 et le 30 janvier dans la province de Cap Delgado, lesquelles ont caus\u00e9 une fuite g\u00e9n\u00e9rale de la population et des d\u00e9g\u00e2ts importants dans les villages situ\u00e9s autour des villes de Bilibiza et Mahate, qui font partie du district de Quissanga, situ\u00e9 \u00e0 environ 120 kilom\u00e8tres de la ville de Pemba. Pour Mgr Luiz Fernando Lisboa, ces attaques \u00ab sont une trag\u00e9die \u00bb. L\u2019une d\u2019elles \u00ab a vis\u00e9 l\u2019\u00e9cole d\u2019agriculture de Bilibiza, une \u00e9cole de formation des professeurs qui compte plus de 500 \u00e9l\u00e8ves \u00bb.","og_url":"https:\/\/acninternational.org\/fr\/mozambique-pour-leveque-de-pemba-les-attaques-dans-la-province-de-cap-delgado-sont-une-tragedie\/","og_site_name":"ACN International","article_publisher":"https:\/\/www.facebook.com\/acninternationalorg","article_published_time":"2020-02-17T09:24:32+00:00","article_modified_time":"2020-02-17T10:16:25+00:00","og_image":[{"width":1400,"height":438,"url":"https:\/\/media.acninternational.org\/wp-content\/uploads\/2020\/02\/Mozambique.jpg","type":"image\/jpeg"}],"author":"ACN Press Team","twitter_card":"summary_large_image","twitter_creator":"@acn_int","twitter_site":"@acn_int","twitter_misc":{"\u00c9crit par":"ACN Press Team","Dur\u00e9e de lecture estim\u00e9e":"5 minutes"},"schema":{"@context":"https:\/\/schema.org","@graph":[{"@type":"Article","@id":"https:\/\/acninternational.org\/fr\/mozambique-pour-leveque-de-pemba-les-attaques-dans-la-province-de-cap-delgado-sont-une-tragedie\/#article","isPartOf":{"@id":"https:\/\/acninternational.org\/fr\/mozambique-pour-leveque-de-pemba-les-attaques-dans-la-province-de-cap-delgado-sont-une-tragedie\/"},"author":{"name":"ACN Press Team","@id":"https:\/\/acninternational.org\/fr\/#\/schema\/person\/7f3dafb236b242fb2aa46be1411fd703"},"headline":"Mozambique : Pour l\u2019\u00e9v\u00eaque de Pemba, les attaques dans la province de Cap Delgado sont \u00abune trag\u00e9die\u00bb","datePublished":"2020-02-17T09:24:32+00:00","dateModified":"2020-02-17T10:16:25+00:00","mainEntityOfPage":{"@id":"https:\/\/acninternational.org\/fr\/mozambique-pour-leveque-de-pemba-les-attaques-dans-la-province-de-cap-delgado-sont-une-tragedie\/"},"wordCount":1024,"publisher":{"@id":"https:\/\/acninternational.org\/fr\/#organization"},"image":{"@id":"https:\/\/acninternational.org\/fr\/mozambique-pour-leveque-de-pemba-les-attaques-dans-la-province-de-cap-delgado-sont-une-tragedie\/#primaryimage"},"thumbnailUrl":"https:\/\/media.acninternational.org\/wp-content\/uploads\/2020\/02\/Mozambique.jpg","articleSection":["Non classifi\u00e9(e)"],"inLanguage":"fr-FR"},{"@type":"WebPage","@id":"https:\/\/acninternational.org\/fr\/mozambique-pour-leveque-de-pemba-les-attaques-dans-la-province-de-cap-delgado-sont-une-tragedie\/","url":"https:\/\/acninternational.org\/fr\/mozambique-pour-leveque-de-pemba-les-attaques-dans-la-province-de-cap-delgado-sont-une-tragedie\/","name":"Mozambique : Pour l\u2019\u00e9v\u00eaque de Pemba, les attaques dans la province de Cap Delgado sont \u00abune trag\u00e9die\u00bb","isPartOf":{"@id":"https:\/\/acninternational.org\/fr\/#website"},"primaryImageOfPage":{"@id":"https:\/\/acninternational.org\/fr\/mozambique-pour-leveque-de-pemba-les-attaques-dans-la-province-de-cap-delgado-sont-une-tragedie\/#primaryimage"},"image":{"@id":"https:\/\/acninternational.org\/fr\/mozambique-pour-leveque-de-pemba-les-attaques-dans-la-province-de-cap-delgado-sont-une-tragedie\/#primaryimage"},"thumbnailUrl":"https:\/\/media.acninternational.org\/wp-content\/uploads\/2020\/02\/Mozambique.jpg","datePublished":"2020-02-17T09:24:32+00:00","dateModified":"2020-02-17T10:16:25+00:00","description":"Les attaques dans le nord du Mozambique ont d\u00e9j\u00e0 fait plus de 500 morts et des milliers de personnes d\u00e9plac\u00e9es, selon ce qu\u2019a d\u00e9clar\u00e9 Mgr Luiz Fernando Lisboa, \u00e9v\u00eaque de Pemba,\u00a0 \u00e0 la Fondation Aide \u00e0 l\u2019Eglise en D\u00e9tresse (AED).La vague de violence qui frappe le nord du Mozambique depuis octobre 2017 ne semble pas pr\u00eate de prendre fin. Le pr\u00e9lat a confirm\u00e9 qu\u2019il y avait eu \u00ab six attaques \u00bb entre le 29 et le 30 janvier dans la province de Cap Delgado, lesquelles ont caus\u00e9 une fuite g\u00e9n\u00e9rale de la population et des d\u00e9g\u00e2ts importants dans les villages situ\u00e9s autour des villes de Bilibiza et Mahate, qui font partie du district de Quissanga, situ\u00e9 \u00e0 environ 120 kilom\u00e8tres de la ville de Pemba. Pour Mgr Luiz Fernando Lisboa, ces attaques \u00ab sont une trag\u00e9die \u00bb. L\u2019une d\u2019elles \u00ab a vis\u00e9 l\u2019\u00e9cole d\u2019agriculture de Bilibiza, une \u00e9cole de formation des professeurs qui compte plus de 500 \u00e9l\u00e8ves \u00bb.","breadcrumb":{"@id":"https:\/\/acninternational.org\/fr\/mozambique-pour-leveque-de-pemba-les-attaques-dans-la-province-de-cap-delgado-sont-une-tragedie\/#breadcrumb"},"inLanguage":"fr-FR","potentialAction":[{"@type":"ReadAction","target":["https:\/\/acninternational.org\/fr\/mozambique-pour-leveque-de-pemba-les-attaques-dans-la-province-de-cap-delgado-sont-une-tragedie\/"]}]},{"@type":"ImageObject","inLanguage":"fr-FR","@id":"https:\/\/acninternational.org\/fr\/mozambique-pour-leveque-de-pemba-les-attaques-dans-la-province-de-cap-delgado-sont-une-tragedie\/#primaryimage","url":"https:\/\/media.acninternational.org\/wp-content\/uploads\/2020\/02\/Mozambique.jpg","contentUrl":"https:\/\/media.acninternational.org\/wp-content\/uploads\/2020\/02\/Mozambique.jpg","width":1400,"height":438},{"@type":"BreadcrumbList","@id":"https:\/\/acninternational.org\/fr\/mozambique-pour-leveque-de-pemba-les-attaques-dans-la-province-de-cap-delgado-sont-une-tragedie\/#breadcrumb","itemListElement":[{"@type":"ListItem","position":1,"name":"Home","item":"https:\/\/acninternational.org\/fr\/"},{"@type":"ListItem","position":2,"name":"Non classifi\u00e9(e)","item":"https:\/\/acninternational.org\/fr\/category\/non-classifiee\/"},{"@type":"ListItem","position":3,"name":"Mozambique : Pour l\u2019\u00e9v\u00eaque de Pemba, les attaques dans la province de Cap Delgado sont \u00abune trag\u00e9die\u00bb"}]},{"@type":"WebSite","@id":"https:\/\/acninternational.org\/fr\/#website","url":"https:\/\/acninternational.org\/fr\/","name":"ACN International","description":"","publisher":{"@id":"https:\/\/acninternational.org\/fr\/#organization"},"potentialAction":[{"@type":"SearchAction","target":{"@type":"EntryPoint","urlTemplate":"https:\/\/acninternational.org\/fr\/?s={search_term_string}"},"query-input":{"@type":"PropertyValueSpecification","valueRequired":true,"valueName":"search_term_string"}}],"inLanguage":"fr-FR"},{"@type":"Organization","@id":"https:\/\/acninternational.org\/fr\/#organization","name":"Aid to the Church in Need International","url":"https:\/\/acninternational.org\/fr\/","logo":{"@type":"ImageObject","inLanguage":"fr-FR","@id":"https:\/\/acninternational.org\/fr\/#\/schema\/logo\/image\/","url":"https:\/\/media.acninternational.org\/wp-content\/uploads\/2019\/11\/acn_logo_blackvector.svg","contentUrl":"https:\/\/media.acninternational.org\/wp-content\/uploads\/2019\/11\/acn_logo_blackvector.svg","width":232.6,"height":78,"caption":"Aid to the Church in Need International"},"image":{"@id":"https:\/\/acninternational.org\/fr\/#\/schema\/logo\/image\/"},"sameAs":["https:\/\/www.facebook.com\/acninternationalorg","https:\/\/x.com\/acn_int","https:\/\/www.youtube.com\/channel\/UCQ-077gS0TnVzkhHmf1opZw","https:\/\/www.instagram.com\/acn_international\/"]},{"@type":"Person","@id":"https:\/\/acninternational.org\/fr\/#\/schema\/person\/7f3dafb236b242fb2aa46be1411fd703","name":"ACN Press Team","description":"Lorem ipsum dolor sit amet, consectetur adipiscing elit, sed do eiusmod tempor incididunt ut labore et dolore magna aliqua. Ut enim ad minim veniam, quis nostrud exercitation ullamco laboris nisi ut aliquip ex ea commodo consequat.","url":"https:\/\/acninternational.org\/fr\/author\/acn-press-team\/"}]}},"_links":{"self":[{"href":"https:\/\/acninternational.org\/fr\/wp-json\/wp\/v2\/posts\/130770","targetHints":{"allow":["GET"]}}],"collection":[{"href":"https:\/\/acninternational.org\/fr\/wp-json\/wp\/v2\/posts"}],"about":[{"href":"https:\/\/acninternational.org\/fr\/wp-json\/wp\/v2\/types\/post"}],"author":[{"embeddable":true,"href":"https:\/\/acninternational.org\/fr\/wp-json\/wp\/v2\/users\/4258341447"}],"replies":[{"embeddable":true,"href":"https:\/\/acninternational.org\/fr\/wp-json\/wp\/v2\/comments?post=130770"}],"version-history":[{"count":0,"href":"https:\/\/acninternational.org\/fr\/wp-json\/wp\/v2\/posts\/130770\/revisions"}],"wp:featuredmedia":[{"embeddable":true,"href":"https:\/\/acninternational.org\/fr\/wp-json\/wp\/v2\/media\/130635"}],"wp:attachment":[{"href":"https:\/\/acninternational.org\/fr\/wp-json\/wp\/v2\/media?parent=130770"}],"wp:term":[{"taxonomy":"category","embeddable":true,"href":"https:\/\/acninternational.org\/fr\/wp-json\/wp\/v2\/categories?post=130770"},{"taxonomy":"post_tag","embeddable":true,"href":"https:\/\/acninternational.org\/fr\/wp-json\/wp\/v2\/tags?post=130770"},{"taxonomy":"country","embeddable":true,"href":"https:\/\/acninternational.org\/fr\/wp-json\/wp\/v2\/country?post=130770"}],"curies":[{"name":"wp","href":"https:\/\/api.w.org\/{rel}","templated":true}]}}