{"id":268532,"date":"2026-09-03T14:31:09","date_gmt":"2026-09-03T12:31:09","guid":{"rendered":"https:\/\/acninternational.org\/?p=268532"},"modified":"2026-09-03T14:31:14","modified_gmt":"2026-09-03T12:31:14","slug":"venezuela-ningun-obstaculo-apagara-nuestra-mision-afirma-el-obispo-de-la-guaira","status":"publish","type":"post","link":"https:\/\/acninternational.org\/es\/venezuela-ningun-obstaculo-apagara-nuestra-mision-afirma-el-obispo-de-la-guaira\/","title":{"rendered":"Venezuela: \u201cNing\u00fan obst\u00e1culo apagar\u00e1 nuestra misi\u00f3n\u201d, afirma el obispo de La Guaira"},"content":{"rendered":"\n<p class=\"wp-block-paragraph\">Dos meses despu\u00e9s de que un terremoto dejara inutilizable su iglesia, 62 j\u00f3venes de una peque\u00f1a comunidad monta\u00f1osa de Venezuela recibieron la confirmaci\u00f3n al aire libre.<\/p>\n\n\n\n<p class=\"wp-block-paragraph\">Mons. Pablo Modesto Gonz\u00e1lez P\u00e9rez, obispo de La Guaira, presidi\u00f3 la ceremonia en la plaza situada frente a la iglesia de Nuestra Se\u00f1ora de la Candelaria, en Tarmas. El altar se instal\u00f3 junto al templo cerrado y los asistentes ocuparon la plaza y la calle lateral para acompa\u00f1ar a los confirmandos. Otros siguieron la ceremonia desde las puertas de sus casas.<\/p>\n\n\n<div class=\"wp-block-image\">\n<figure class=\"aligncenter size-full\"><img loading=\"lazy\" decoding=\"async\" width=\"1500\" height=\"1125\" src=\"https:\/\/media.acninternational.org\/wp-content\/uploads\/2026\/09\/ACN-20260825-209902.jpg\" alt=\"\" class=\"wp-image-268513\" srcset=\"https:\/\/media.acninternational.org\/wp-content\/uploads\/2026\/09\/ACN-20260825-209902.jpg 1500w, https:\/\/media.acninternational.org\/wp-content\/uploads\/2026\/09\/ACN-20260825-209902-300x225.jpg 300w, https:\/\/media.acninternational.org\/wp-content\/uploads\/2026\/09\/ACN-20260825-209902-1024x768.jpg 1024w, https:\/\/media.acninternational.org\/wp-content\/uploads\/2026\/09\/ACN-20260825-209902-768x576.jpg 768w\" sizes=\"auto, (max-width: 1500px) 100vw, 1500px\" \/><\/figure>\n<\/div>\n\n\n<p class=\"wp-block-paragraph\">La celebraci\u00f3n tuvo lugar en una comunidad que todav\u00eda afronta las consecuencias del doble terremoto del 24 de junio. El templo hist\u00f3rico, construido en el siglo XVIII, perdi\u00f3 completamente su cubierta y no puede utilizarse.<\/p>\n\n\n\n<p class=\"wp-block-paragraph\">El padre Daniel Acosta, p\u00e1rroco de Tarmas, declar\u00f3 a Aid to the Church in Need (ACN) que \u201ca pesar de las dif\u00edciles circunstancias y del intenso sol, los j\u00f3venes y sus familias se unieron en un ambiente de oraci\u00f3n, alegr\u00eda y esperanza\u201d, a\u00f1adiendo que \u201cdurante los momentos m\u00e1s emotivos de la ceremonia se pod\u00eda sentir la profunda conexi\u00f3n espiritual y el compromiso renovado de los confirmandos con su fe\u201d.<\/p>\n\n\n\n<p class=\"wp-block-paragraph\">\u201cComo p\u00e1rroco, doy gracias por haber podido celebrar este importante sacramento y conf\u00edo en que, a pesar de los desaf\u00edos, la fe de nuestra comunidad seguir\u00e1 creciendo y fortaleci\u00e9ndose en Cristo Jes\u00fas\u201d, afirm\u00f3.<\/p>\n\n\n\n<p class=\"wp-block-paragraph\">Para el sacerdote, la jornada fue mucho m\u00e1s que una soluci\u00f3n pr\u00e1ctica ante la imposibilidad de entrar en la iglesia. \u201cAunque marcada por la adversidad, la celebraci\u00f3n se convirti\u00f3 en una experiencia de unidad y fortaleza, reforzando el sentido de comunidad y el apoyo mutuo\u201d, a\u00f1adi\u00f3.<\/p>\n\n\n<div class=\"wp-block-image\">\n<figure class=\"aligncenter size-large\"><img loading=\"lazy\" decoding=\"async\" width=\"768\" height=\"1024\" src=\"https:\/\/media.acninternational.org\/wp-content\/uploads\/2026\/09\/ACN-20260825-209898-768x1024.jpg\" alt=\"\" class=\"wp-image-268519\" srcset=\"https:\/\/media.acninternational.org\/wp-content\/uploads\/2026\/09\/ACN-20260825-209898-768x1024.jpg 768w, https:\/\/media.acninternational.org\/wp-content\/uploads\/2026\/09\/ACN-20260825-209898-225x300.jpg 225w, https:\/\/media.acninternational.org\/wp-content\/uploads\/2026\/09\/ACN-20260825-209898.jpg 1080w\" sizes=\"auto, (max-width: 768px) 100vw, 768px\" \/><\/figure>\n<\/div>\n\n\n<p class=\"wp-block-paragraph\">La celebraci\u00f3n ofreci\u00f3 una se\u00f1al concreta de continuidad para una parroquia que, a pesar de perder su lugar de culto, acompa\u00f1a a familias afectadas por la p\u00e9rdida de seres queridos, viviendas y empleos.<\/p>\n\n\n\n<p class=\"wp-block-paragraph\">Cuando una delegaci\u00f3n de ACN visit\u00f3 la peque\u00f1a poblaci\u00f3n de Tarmas dos semanas despu\u00e9s del terremoto, Luis y Alejandro, dos de los monaguillos, relataron que ellos hab\u00edan despedido a la gente despu\u00e9s de la celebraci\u00f3n de la misa, todav\u00eda estaban cerrando las puertas de la iglesia cuando comenz\u00f3 el se\u00edsmo y la cubierta del templo se desplom\u00f3.<\/p>\n\n\n\n<p class=\"wp-block-paragraph\">La casa y centro parroquial, construida con ayuda de ACN, permaneci\u00f3 en pie. Desde all\u00ed, el padre Acosta continu\u00f3 atendiendo a sus feligreses. El sacerdote explic\u00f3 entonces a ACN que acompa\u00f1ar a la poblaci\u00f3n exig\u00eda tambi\u00e9n afrontar su propio dolor: \u201cEn la ma\u00f1ana nos llenamos de la fuerza del Se\u00f1or, del esp\u00edritu de Dios, para poder servir mejor a nuestras comunidades. Pero cuando llega la noche, el coraz\u00f3n se arruga y, como somos humanos, las l\u00e1grimas salen\u201d.<\/p>\n\n\n\n<p class=\"wp-block-paragraph\">Dirigi\u00e9ndose a la comunidad, Mons. Pablo Modesto asegur\u00f3 que la Iglesia local no abandonar\u00e1 a quienes siguen afrontando las consecuencias de la cat\u00e1strofe.<\/p>\n\n\n<div class=\"wp-block-image\">\n<figure class=\"aligncenter size-large\"><img loading=\"lazy\" decoding=\"async\" width=\"768\" height=\"1024\" src=\"https:\/\/media.acninternational.org\/wp-content\/uploads\/2026\/07\/ACN-20260717-208436-768x1024.jpg\" alt=\"\" class=\"wp-image-267783\" srcset=\"https:\/\/media.acninternational.org\/wp-content\/uploads\/2026\/07\/ACN-20260717-208436-768x1024.jpg 768w, https:\/\/media.acninternational.org\/wp-content\/uploads\/2026\/07\/ACN-20260717-208436-225x300.jpg 225w, https:\/\/media.acninternational.org\/wp-content\/uploads\/2026\/07\/ACN-20260717-208436.jpg 1080w\" sizes=\"auto, (max-width: 768px) 100vw, 768px\" \/><\/figure>\n<\/div>\n\n\n<p class=\"wp-block-paragraph\">\u201cA cada persona, a cada familia que hoy atraviesa dificultades y momentos de incertidumbre, quiero decirle desde el coraz\u00f3n: no est\u00e1 sola\u201d, afirm\u00f3.<\/p>\n\n\n\n<p class=\"wp-block-paragraph\">La ceremonia de Tarmas fue una expresi\u00f3n visible de esa continuidad: la iglesia permanece cerrada, pero la comunidad sigue reuni\u00e9ndose para celebrar los sacramentos. \u201cNuestra di\u00f3cesis permanece firme, activa y cercana a su gente. Ning\u00fan obst\u00e1culo apagar\u00e1 nuestra misi\u00f3n\u201d, concluy\u00f3 el obispo.<\/p>\n\n\n\n<p class=\"wp-block-paragraph\">El terremoto golpe\u00f3 a un pa\u00eds marcado desde hace a\u00f1os por una profunda crisis econ\u00f3mica y social. En La Guaira, muchas familias que ya viv\u00edan con recursos limitados perdieron sus hogares o sus medios de subsistencia. La destrucci\u00f3n de iglesias y dependencias parroquiales afect\u00f3 tambi\u00e9n a los lugares desde los que la Iglesia acompa\u00f1aba espiritual y materialmente a la poblaci\u00f3n.<\/p>\n\n\n<div class=\"wp-block-image\">\n<figure class=\"aligncenter size-large\"><img loading=\"lazy\" decoding=\"async\" width=\"768\" height=\"1024\" src=\"https:\/\/media.acninternational.org\/wp-content\/uploads\/2026\/09\/ACN-20260825-209896-768x1024.jpg\" alt=\"\" class=\"wp-image-268525\" srcset=\"https:\/\/media.acninternational.org\/wp-content\/uploads\/2026\/09\/ACN-20260825-209896-768x1024.jpg 768w, https:\/\/media.acninternational.org\/wp-content\/uploads\/2026\/09\/ACN-20260825-209896-225x300.jpg 225w, https:\/\/media.acninternational.org\/wp-content\/uploads\/2026\/09\/ACN-20260825-209896.jpg 1080w\" sizes=\"auto, (max-width: 768px) 100vw, 768px\" \/><\/figure>\n<\/div>\n\n\n<p class=\"wp-block-paragraph\">Desde los primeros d\u00edas, sacerdotes, religiosas, seminaristas y voluntarios salieron a las calles para atender a los damnificados. Las celebraciones lit\u00fargicas tambi\u00e9n tuvieron que salir de los templos. ACN envi\u00f3 ayuda de emergencia para sostener a sacerdotes, religiosas y laicos que atienden a los damnificados en las di\u00f3cesis de La Guaira y Caracas. La fundaci\u00f3n acaba de regresar de un viaje para aprobar nuevas ayudas para la recuperaci\u00f3n de las estructuras eclesiales da\u00f1adas.<\/p>\n","protected":false},"excerpt":{"rendered":"<p>Dos meses despu\u00e9s de que un terremoto dejara inutilizable su iglesia, 62 j\u00f3venes de una peque\u00f1a comunidad monta\u00f1osa de Venezuela recibieron la confirmaci\u00f3n al aire libre. Mons. Pablo Modesto Gonz\u00e1lez P\u00e9rez, obispo de La Guaira, presidi\u00f3 la ceremonia en la plaza situada frente a la iglesia de Nuestra Se\u00f1ora de la Candelaria, en Tarmas. El [&hellip;]<\/p>\n","protected":false},"author":4258341440,"featured_media":268512,"comment_status":"closed","ping_status":"closed","sticky":false,"template":"","format":"standard","meta":{"_acf_changed":false,"_acn_coauthor_ids":[4258341378],"_acn_featured_article":false,"footnotes":""},"categories":[1254],"tags":[],"country":[391],"class_list":["post-268532","post","type-post","status-publish","format-standard","has-post-thumbnail","hentry","category-news-es","country-venezuela-es"],"acn_coauthors":[{"id":4258341378,"name":"Maria Lozano","url":"https:\/\/acninternational.org\/es\/author\/maria\/"}],"acf":[],"yoast_head":"<!-- This site is optimized with the Yoast SEO Premium plugin v28.3 (Yoast SEO v28.3) - https:\/\/yoast.com\/product\/yoast-seo-premium-wordpress\/ -->\n<title>Venezuela: \u201cNing\u00fan obst\u00e1culo apagar\u00e1 nuestra misi\u00f3n\u201d | ACN International<\/title>\n<meta name=\"description\" content=\"El obispo de La Guaira destaca la resiliencia de la comunidad tras el terremoto en la ceremonia de confirmaci\u00f3n al aire libre.\" \/>\n<meta name=\"robots\" content=\"index, follow, max-snippet:-1, max-image-preview:large, max-video-preview:-1\" \/>\n<link rel=\"canonical\" href=\"https:\/\/acninternational.org\/es\/venezuela-ningun-obstaculo-apagara-nuestra-mision-afirma-el-obispo-de-la-guaira\/\" \/>\n<meta property=\"og:locale\" content=\"es_ES\" \/>\n<meta property=\"og:type\" content=\"article\" \/>\n<meta property=\"og:title\" content=\"Venezuela: \u201cNing\u00fan obst\u00e1culo apagar\u00e1 nuestra misi\u00f3n\u201d, afirma el obispo de La Guaira\" \/>\n<meta property=\"og:description\" content=\"El obispo de La Guaira destaca la resiliencia de la comunidad tras el terremoto en la ceremonia de confirmaci\u00f3n al aire libre.\" \/>\n<meta property=\"og:url\" content=\"https:\/\/acninternational.org\/es\/venezuela-ningun-obstaculo-apagara-nuestra-mision-afirma-el-obispo-de-la-guaira\/\" \/>\n<meta property=\"og:site_name\" content=\"ACN International\" \/>\n<meta property=\"article:publisher\" content=\"https:\/\/www.facebook.com\/acninternationalorg\" \/>\n<meta property=\"article:published_time\" content=\"2026-09-03T12:31:09+00:00\" \/>\n<meta property=\"article:modified_time\" content=\"2026-09-03T12:31:14+00:00\" \/>\n<meta property=\"og:image\" content=\"https:\/\/media.acninternational.org\/wp-content\/uploads\/2026\/09\/ACN-20260825-209892-1.jpg\" \/>\n\t<meta property=\"og:image:width\" content=\"1980\" \/>\n\t<meta property=\"og:image:height\" content=\"800\" \/>\n\t<meta property=\"og:image:type\" content=\"image\/jpeg\" \/>\n<meta name=\"author\" content=\"Am\u00e9lie Berthelin\" \/>\n<meta name=\"twitter:card\" content=\"summary_large_image\" \/>\n<meta name=\"twitter:creator\" content=\"@acn_int\" \/>\n<meta name=\"twitter:site\" content=\"@acn_int\" \/>\n<meta name=\"twitter:label1\" content=\"Escrito por\" \/>\n\t<meta name=\"twitter:data1\" content=\"Am\u00e9lie Berthelin\" \/>\n\t<meta name=\"twitter:label2\" content=\"Tiempo de lectura\" \/>\n\t<meta name=\"twitter:data2\" content=\"5 minutos\" \/>\n<script type=\"application\/ld+json\" class=\"yoast-schema-graph\">{\"@context\":\"https:\\\/\\\/schema.org\",\"@graph\":[{\"@type\":\"Article\",\"@id\":\"https:\\\/\\\/acninternational.org\\\/es\\\/venezuela-ningun-obstaculo-apagara-nuestra-mision-afirma-el-obispo-de-la-guaira\\\/#article\",\"isPartOf\":{\"@id\":\"https:\\\/\\\/acninternational.org\\\/es\\\/venezuela-ningun-obstaculo-apagara-nuestra-mision-afirma-el-obispo-de-la-guaira\\\/\"},\"author\":{\"name\":\"Am\u00e9lie Berthelin\",\"@id\":\"https:\\\/\\\/acninternational.org\\\/es\\\/#\\\/schema\\\/person\\\/39c2a495935d9768343e8913848c2769\"},\"headline\":\"Venezuela: \u201cNing\u00fan obst\u00e1culo apagar\u00e1 nuestra misi\u00f3n\u201d, afirma el obispo de La Guaira\",\"datePublished\":\"2026-09-03T12:31:09+00:00\",\"dateModified\":\"2026-09-03T12:31:14+00:00\",\"mainEntityOfPage\":{\"@id\":\"https:\\\/\\\/acninternational.org\\\/es\\\/venezuela-ningun-obstaculo-apagara-nuestra-mision-afirma-el-obispo-de-la-guaira\\\/\"},\"wordCount\":748,\"publisher\":{\"@id\":\"https:\\\/\\\/acninternational.org\\\/es\\\/#organization\"},\"image\":{\"@id\":\"https:\\\/\\\/acninternational.org\\\/es\\\/venezuela-ningun-obstaculo-apagara-nuestra-mision-afirma-el-obispo-de-la-guaira\\\/#primaryimage\"},\"thumbnailUrl\":\"https:\\\/\\\/media.acninternational.org\\\/wp-content\\\/uploads\\\/2026\\\/09\\\/ACN-20260825-209892-1.jpg\",\"articleSection\":[\"NOTICIAS\"],\"inLanguage\":\"es\"},{\"@type\":\"WebPage\",\"@id\":\"https:\\\/\\\/acninternational.org\\\/es\\\/venezuela-ningun-obstaculo-apagara-nuestra-mision-afirma-el-obispo-de-la-guaira\\\/\",\"url\":\"https:\\\/\\\/acninternational.org\\\/es\\\/venezuela-ningun-obstaculo-apagara-nuestra-mision-afirma-el-obispo-de-la-guaira\\\/\",\"name\":\"Venezuela: \u201cNing\u00fan obst\u00e1culo apagar\u00e1 nuestra misi\u00f3n\u201d | ACN International\",\"isPartOf\":{\"@id\":\"https:\\\/\\\/acninternational.org\\\/es\\\/#website\"},\"primaryImageOfPage\":{\"@id\":\"https:\\\/\\\/acninternational.org\\\/es\\\/venezuela-ningun-obstaculo-apagara-nuestra-mision-afirma-el-obispo-de-la-guaira\\\/#primaryimage\"},\"image\":{\"@id\":\"https:\\\/\\\/acninternational.org\\\/es\\\/venezuela-ningun-obstaculo-apagara-nuestra-mision-afirma-el-obispo-de-la-guaira\\\/#primaryimage\"},\"thumbnailUrl\":\"https:\\\/\\\/media.acninternational.org\\\/wp-content\\\/uploads\\\/2026\\\/09\\\/ACN-20260825-209892-1.jpg\",\"datePublished\":\"2026-09-03T12:31:09+00:00\",\"dateModified\":\"2026-09-03T12:31:14+00:00\",\"description\":\"El obispo de La Guaira destaca la resiliencia de la comunidad tras el terremoto en la ceremonia de confirmaci\u00f3n al aire libre.\",\"breadcrumb\":{\"@id\":\"https:\\\/\\\/acninternational.org\\\/es\\\/venezuela-ningun-obstaculo-apagara-nuestra-mision-afirma-el-obispo-de-la-guaira\\\/#breadcrumb\"},\"inLanguage\":\"es\",\"potentialAction\":[{\"@type\":\"ReadAction\",\"target\":[\"https:\\\/\\\/acninternational.org\\\/es\\\/venezuela-ningun-obstaculo-apagara-nuestra-mision-afirma-el-obispo-de-la-guaira\\\/\"]}]},{\"@type\":\"ImageObject\",\"inLanguage\":\"es\",\"@id\":\"https:\\\/\\\/acninternational.org\\\/es\\\/venezuela-ningun-obstaculo-apagara-nuestra-mision-afirma-el-obispo-de-la-guaira\\\/#primaryimage\",\"url\":\"https:\\\/\\\/media.acninternational.org\\\/wp-content\\\/uploads\\\/2026\\\/09\\\/ACN-20260825-209892-1.jpg\",\"contentUrl\":\"https:\\\/\\\/media.acninternational.org\\\/wp-content\\\/uploads\\\/2026\\\/09\\\/ACN-20260825-209892-1.jpg\",\"width\":1980,\"height\":800},{\"@type\":\"BreadcrumbList\",\"@id\":\"https:\\\/\\\/acninternational.org\\\/es\\\/venezuela-ningun-obstaculo-apagara-nuestra-mision-afirma-el-obispo-de-la-guaira\\\/#breadcrumb\",\"itemListElement\":[{\"@type\":\"ListItem\",\"position\":1,\"name\":\"Home\",\"item\":\"https:\\\/\\\/acninternational.org\\\/es\\\/\"},{\"@type\":\"ListItem\",\"position\":2,\"name\":\"NOTICIAS\",\"item\":\"https:\\\/\\\/acninternational.org\\\/es\\\/category\\\/news-es\\\/\"},{\"@type\":\"ListItem\",\"position\":3,\"name\":\"Venezuela: \u201cNing\u00fan obst\u00e1culo apagar\u00e1 nuestra misi\u00f3n\u201d, afirma el obispo de La Guaira\"}]},{\"@type\":\"WebSite\",\"@id\":\"https:\\\/\\\/acninternational.org\\\/es\\\/#website\",\"url\":\"https:\\\/\\\/acninternational.org\\\/es\\\/\",\"name\":\"ACN International\",\"description\":\"\",\"publisher\":{\"@id\":\"https:\\\/\\\/acninternational.org\\\/es\\\/#organization\"},\"potentialAction\":[{\"@type\":\"SearchAction\",\"target\":{\"@type\":\"EntryPoint\",\"urlTemplate\":\"https:\\\/\\\/acninternational.org\\\/es\\\/?s={search_term_string}\"},\"query-input\":{\"@type\":\"PropertyValueSpecification\",\"valueRequired\":true,\"valueName\":\"search_term_string\"}}],\"inLanguage\":\"es\"},{\"@type\":\"Organization\",\"@id\":\"https:\\\/\\\/acninternational.org\\\/es\\\/#organization\",\"name\":\"Aid to the Church in Need International\",\"url\":\"https:\\\/\\\/acninternational.org\\\/es\\\/\",\"logo\":{\"@type\":\"ImageObject\",\"inLanguage\":\"es\",\"@id\":\"https:\\\/\\\/acninternational.org\\\/es\\\/#\\\/schema\\\/logo\\\/image\\\/\",\"url\":\"https:\\\/\\\/media.acninternational.org\\\/wp-content\\\/uploads\\\/2019\\\/11\\\/acn_logo_blackvector.svg\",\"contentUrl\":\"https:\\\/\\\/media.acninternational.org\\\/wp-content\\\/uploads\\\/2019\\\/11\\\/acn_logo_blackvector.svg\",\"width\":232.6,\"height\":78,\"caption\":\"Aid to the Church in Need International\"},\"image\":{\"@id\":\"https:\\\/\\\/acninternational.org\\\/es\\\/#\\\/schema\\\/logo\\\/image\\\/\"},\"sameAs\":[\"https:\\\/\\\/www.facebook.com\\\/acninternationalorg\",\"https:\\\/\\\/x.com\\\/acn_int\",\"https:\\\/\\\/www.youtube.com\\\/channel\\\/UCQ-077gS0TnVzkhHmf1opZw\",\"https:\\\/\\\/www.instagram.com\\\/acn_international\\\/\"]},{\"@type\":\"Person\",\"@id\":\"https:\\\/\\\/acninternational.org\\\/es\\\/#\\\/schema\\\/person\\\/39c2a495935d9768343e8913848c2769\",\"name\":\"Am\u00e9lie Berthelin\",\"description\":\"Lorem ipsum dolor sit amet, consectetur adipiscing elit, sed do eiusmod tempor incididunt ut labore et dolore magna aliqua. Ut enim ad minim veniam, quis nostrud exercitation ullamco laboris nisi ut aliquip ex ea commodo consequat.\",\"url\":\"https:\\\/\\\/acninternational.org\\\/es\\\/author\\\/amelie-berthelin\\\/\"}]}<\/script>\n<!-- \/ Yoast SEO Premium plugin. -->","yoast_head_json":{"title":"Venezuela: \u201cNing\u00fan obst\u00e1culo apagar\u00e1 nuestra misi\u00f3n\u201d | ACN International","description":"El obispo de La Guaira destaca la resiliencia de la comunidad tras el terremoto en la ceremonia de confirmaci\u00f3n al aire libre.","robots":{"index":"index","follow":"follow","max-snippet":"max-snippet:-1","max-image-preview":"max-image-preview:large","max-video-preview":"max-video-preview:-1"},"canonical":"https:\/\/acninternational.org\/es\/venezuela-ningun-obstaculo-apagara-nuestra-mision-afirma-el-obispo-de-la-guaira\/","og_locale":"es_ES","og_type":"article","og_title":"Venezuela: \u201cNing\u00fan obst\u00e1culo apagar\u00e1 nuestra misi\u00f3n\u201d, afirma el obispo de La Guaira","og_description":"El obispo de La Guaira destaca la resiliencia de la comunidad tras el terremoto en la ceremonia de confirmaci\u00f3n al aire libre.","og_url":"https:\/\/acninternational.org\/es\/venezuela-ningun-obstaculo-apagara-nuestra-mision-afirma-el-obispo-de-la-guaira\/","og_site_name":"ACN International","article_publisher":"https:\/\/www.facebook.com\/acninternationalorg","article_published_time":"2026-09-03T12:31:09+00:00","article_modified_time":"2026-09-03T12:31:14+00:00","og_image":[{"width":1980,"height":800,"url":"https:\/\/media.acninternational.org\/wp-content\/uploads\/2026\/09\/ACN-20260825-209892-1.jpg","type":"image\/jpeg"}],"author":"Am\u00e9lie Berthelin","twitter_card":"summary_large_image","twitter_creator":"@acn_int","twitter_site":"@acn_int","twitter_misc":{"Escrito por":"Am\u00e9lie Berthelin","Tiempo de lectura":"5 minutos"},"schema":{"@context":"https:\/\/schema.org","@graph":[{"@type":"Article","@id":"https:\/\/acninternational.org\/es\/venezuela-ningun-obstaculo-apagara-nuestra-mision-afirma-el-obispo-de-la-guaira\/#article","isPartOf":{"@id":"https:\/\/acninternational.org\/es\/venezuela-ningun-obstaculo-apagara-nuestra-mision-afirma-el-obispo-de-la-guaira\/"},"author":{"name":"Am\u00e9lie Berthelin","@id":"https:\/\/acninternational.org\/es\/#\/schema\/person\/39c2a495935d9768343e8913848c2769"},"headline":"Venezuela: \u201cNing\u00fan obst\u00e1culo apagar\u00e1 nuestra misi\u00f3n\u201d, afirma el obispo de La Guaira","datePublished":"2026-09-03T12:31:09+00:00","dateModified":"2026-09-03T12:31:14+00:00","mainEntityOfPage":{"@id":"https:\/\/acninternational.org\/es\/venezuela-ningun-obstaculo-apagara-nuestra-mision-afirma-el-obispo-de-la-guaira\/"},"wordCount":748,"publisher":{"@id":"https:\/\/acninternational.org\/es\/#organization"},"image":{"@id":"https:\/\/acninternational.org\/es\/venezuela-ningun-obstaculo-apagara-nuestra-mision-afirma-el-obispo-de-la-guaira\/#primaryimage"},"thumbnailUrl":"https:\/\/media.acninternational.org\/wp-content\/uploads\/2026\/09\/ACN-20260825-209892-1.jpg","articleSection":["NOTICIAS"],"inLanguage":"es"},{"@type":"WebPage","@id":"https:\/\/acninternational.org\/es\/venezuela-ningun-obstaculo-apagara-nuestra-mision-afirma-el-obispo-de-la-guaira\/","url":"https:\/\/acninternational.org\/es\/venezuela-ningun-obstaculo-apagara-nuestra-mision-afirma-el-obispo-de-la-guaira\/","name":"Venezuela: \u201cNing\u00fan obst\u00e1culo apagar\u00e1 nuestra misi\u00f3n\u201d | ACN International","isPartOf":{"@id":"https:\/\/acninternational.org\/es\/#website"},"primaryImageOfPage":{"@id":"https:\/\/acninternational.org\/es\/venezuela-ningun-obstaculo-apagara-nuestra-mision-afirma-el-obispo-de-la-guaira\/#primaryimage"},"image":{"@id":"https:\/\/acninternational.org\/es\/venezuela-ningun-obstaculo-apagara-nuestra-mision-afirma-el-obispo-de-la-guaira\/#primaryimage"},"thumbnailUrl":"https:\/\/media.acninternational.org\/wp-content\/uploads\/2026\/09\/ACN-20260825-209892-1.jpg","datePublished":"2026-09-03T12:31:09+00:00","dateModified":"2026-09-03T12:31:14+00:00","description":"El obispo de La Guaira destaca la resiliencia de la comunidad tras el terremoto en la ceremonia de confirmaci\u00f3n al aire libre.","breadcrumb":{"@id":"https:\/\/acninternational.org\/es\/venezuela-ningun-obstaculo-apagara-nuestra-mision-afirma-el-obispo-de-la-guaira\/#breadcrumb"},"inLanguage":"es","potentialAction":[{"@type":"ReadAction","target":["https:\/\/acninternational.org\/es\/venezuela-ningun-obstaculo-apagara-nuestra-mision-afirma-el-obispo-de-la-guaira\/"]}]},{"@type":"ImageObject","inLanguage":"es","@id":"https:\/\/acninternational.org\/es\/venezuela-ningun-obstaculo-apagara-nuestra-mision-afirma-el-obispo-de-la-guaira\/#primaryimage","url":"https:\/\/media.acninternational.org\/wp-content\/uploads\/2026\/09\/ACN-20260825-209892-1.jpg","contentUrl":"https:\/\/media.acninternational.org\/wp-content\/uploads\/2026\/09\/ACN-20260825-209892-1.jpg","width":1980,"height":800},{"@type":"BreadcrumbList","@id":"https:\/\/acninternational.org\/es\/venezuela-ningun-obstaculo-apagara-nuestra-mision-afirma-el-obispo-de-la-guaira\/#breadcrumb","itemListElement":[{"@type":"ListItem","position":1,"name":"Home","item":"https:\/\/acninternational.org\/es\/"},{"@type":"ListItem","position":2,"name":"NOTICIAS","item":"https:\/\/acninternational.org\/es\/category\/news-es\/"},{"@type":"ListItem","position":3,"name":"Venezuela: \u201cNing\u00fan obst\u00e1culo apagar\u00e1 nuestra misi\u00f3n\u201d, afirma el obispo de La Guaira"}]},{"@type":"WebSite","@id":"https:\/\/acninternational.org\/es\/#website","url":"https:\/\/acninternational.org\/es\/","name":"ACN International","description":"","publisher":{"@id":"https:\/\/acninternational.org\/es\/#organization"},"potentialAction":[{"@type":"SearchAction","target":{"@type":"EntryPoint","urlTemplate":"https:\/\/acninternational.org\/es\/?s={search_term_string}"},"query-input":{"@type":"PropertyValueSpecification","valueRequired":true,"valueName":"search_term_string"}}],"inLanguage":"es"},{"@type":"Organization","@id":"https:\/\/acninternational.org\/es\/#organization","name":"Aid to the Church in Need International","url":"https:\/\/acninternational.org\/es\/","logo":{"@type":"ImageObject","inLanguage":"es","@id":"https:\/\/acninternational.org\/es\/#\/schema\/logo\/image\/","url":"https:\/\/media.acninternational.org\/wp-content\/uploads\/2019\/11\/acn_logo_blackvector.svg","contentUrl":"https:\/\/media.acninternational.org\/wp-content\/uploads\/2019\/11\/acn_logo_blackvector.svg","width":232.6,"height":78,"caption":"Aid to the Church in Need International"},"image":{"@id":"https:\/\/acninternational.org\/es\/#\/schema\/logo\/image\/"},"sameAs":["https:\/\/www.facebook.com\/acninternationalorg","https:\/\/x.com\/acn_int","https:\/\/www.youtube.com\/channel\/UCQ-077gS0TnVzkhHmf1opZw","https:\/\/www.instagram.com\/acn_international\/"]},{"@type":"Person","@id":"https:\/\/acninternational.org\/es\/#\/schema\/person\/39c2a495935d9768343e8913848c2769","name":"Am\u00e9lie Berthelin","description":"Lorem ipsum dolor sit amet, consectetur adipiscing elit, sed do eiusmod tempor incididunt ut labore et dolore magna aliqua. Ut enim ad minim veniam, quis nostrud exercitation ullamco laboris nisi ut aliquip ex ea commodo consequat.","url":"https:\/\/acninternational.org\/es\/author\/amelie-berthelin\/"}]}},"_links":{"self":[{"href":"https:\/\/acninternational.org\/es\/wp-json\/wp\/v2\/posts\/268532","targetHints":{"allow":["GET"]}}],"collection":[{"href":"https:\/\/acninternational.org\/es\/wp-json\/wp\/v2\/posts"}],"about":[{"href":"https:\/\/acninternational.org\/es\/wp-json\/wp\/v2\/types\/post"}],"author":[{"embeddable":true,"href":"https:\/\/acninternational.org\/es\/wp-json\/wp\/v2\/users\/4258341440"}],"replies":[{"embeddable":true,"href":"https:\/\/acninternational.org\/es\/wp-json\/wp\/v2\/comments?post=268532"}],"version-history":[{"count":1,"href":"https:\/\/acninternational.org\/es\/wp-json\/wp\/v2\/posts\/268532\/revisions"}],"predecessor-version":[{"id":268533,"href":"https:\/\/acninternational.org\/es\/wp-json\/wp\/v2\/posts\/268532\/revisions\/268533"}],"wp:featuredmedia":[{"embeddable":true,"href":"https:\/\/acninternational.org\/es\/wp-json\/wp\/v2\/media\/268512"}],"wp:attachment":[{"href":"https:\/\/acninternational.org\/es\/wp-json\/wp\/v2\/media?parent=268532"}],"wp:term":[{"taxonomy":"category","embeddable":true,"href":"https:\/\/acninternational.org\/es\/wp-json\/wp\/v2\/categories?post=268532"},{"taxonomy":"post_tag","embeddable":true,"href":"https:\/\/acninternational.org\/es\/wp-json\/wp\/v2\/tags?post=268532"},{"taxonomy":"country","embeddable":true,"href":"https:\/\/acninternational.org\/es\/wp-json\/wp\/v2\/country?post=268532"}],"curies":[{"name":"wp","href":"https:\/\/api.w.org\/{rel}","templated":true}]}}