{"id":268462,"date":"2026-09-01T14:46:50","date_gmt":"2026-09-01T12:46:50","guid":{"rendered":"https:\/\/acninternational.org\/?p=268462"},"modified":"2026-09-01T15:51:13","modified_gmt":"2026-09-01T13:51:13","slug":"los-obispos-piden-el-fin-de-las-masacres-en-nigeria","status":"publish","type":"post","link":"https:\/\/acninternational.org\/es\/los-obispos-piden-el-fin-de-las-masacres-en-nigeria\/","title":{"rendered":"Los obispos piden el fin de las masacres en Nigeria"},"content":{"rendered":"\n<p class=\"wp-block-paragraph\"><em>ACN contin\u00faa acompa\u00f1ando a la Iglesia en Nigeria en sus esfuerzos por contrarrestar los efectos de la violencia end\u00e9mica y sus llamamientos por la paz en el pa\u00eds.<\/em><\/p>\n\n\n\n<p class=\"wp-block-paragraph\">Los obispos cat\u00f3licos de Nigeria han emitido un en\u00e9rgico llamamiento a la paz, tras las recientes masacres en las regiones de Borgu y Ukum.<\/p>\n\n\n\n<p class=\"wp-block-paragraph\">Decenas de personas murieron en los ataques, que no est\u00e1n relacionados entre s\u00ed. En el caso de Borgu, las sospechas recaen sobre militantes yihadistas, mientras que en el caso de Ukum se cree que los atacantes eran bandas armadas de pastores fulani.<\/p>\n\n\n<div class=\"wp-block-image\">\n<figure class=\"aligncenter size-large\"><img loading=\"lazy\" decoding=\"async\" width=\"1024\" height=\"576\" src=\"https:\/\/media.acninternational.org\/wp-content\/uploads\/2026\/09\/ACN-20240117-158748-1024x576.jpg\" alt=\"\" class=\"wp-image-268437\" srcset=\"https:\/\/media.acninternational.org\/wp-content\/uploads\/2026\/09\/ACN-20240117-158748-1024x576.jpg 1024w, https:\/\/media.acninternational.org\/wp-content\/uploads\/2026\/09\/ACN-20240117-158748-300x169.jpg 300w, https:\/\/media.acninternational.org\/wp-content\/uploads\/2026\/09\/ACN-20240117-158748-768x432.jpg 768w, https:\/\/media.acninternational.org\/wp-content\/uploads\/2026\/09\/ACN-20240117-158748.jpg 1500w\" sizes=\"auto, (max-width: 1024px) 100vw, 1024px\" \/><figcaption class=\"wp-element-caption\">Cientos de miles de personas han sido desplazadas por la violencia en Nigeria<\/figcaption><\/figure>\n<\/div>\n\n\n<p class=\"wp-block-paragraph\">\u00abEl reciente y brutal secuestro de m\u00e1s de 60 fieles de una mezquita en Borgu, en el estado de N\u00edger, y la terrible masacre de 47 ciudadanos inocentes, en la que 17 personas resultaron gravemente heridas, en Ukum, estado de Benue, representan un agravamiento de la seguridad. Ya sea en una mezquita, en una iglesia, en un mercado o en la tranquilidad de sus hogares, los nigerianos siguen siendo masacrados, traumatizados y desplazados con total impunidad\u00bb, escribieron los obispos, en un comunicado enviado a Aid to the Church in Need (ACN).<\/p>\n\n\n\n<p class=\"wp-block-paragraph\">Aunque a menudo se habla de la violencia en Nigeria en t\u00e9rminos de enfrentamientos entre musulmanes y cristianos, en el caso de Borgu tanto los atacantes como las v\u00edctimas eran musulmanes. En su comunicado, los obispos quisieron expresar expresamente su solidaridad con las v\u00edctimas: \u00bb Nos solidarizamos firmemente con nuestros hermanos y hermanas musulmanes del estado de N\u00edger y de toda Nigeria, y rezamos por la liberaci\u00f3n inmediata y segura de los 60 fieles secuestrados. Un ataque contra cualquier lugar de culto es un ataque contra nuestra humanidad com\u00fan\u00bb.<\/p>\n\n\n\n<p class=\"wp-block-paragraph\">Nigeria lleva a\u00f1os sufriendo una situaci\u00f3n de inestabilidad. La violencia es especialmente evidente en el llamado Cintur\u00f3n Medio del pa\u00eds (m\u00e1s conocido como <em>Middle Belt<\/em>), donde el norte, de mayor\u00eda musulmana, se encuentra con el sur, de mayor\u00eda cristiana, y donde los pastores n\u00f3madas han intensificado sus ataques contra agricultores sedentarios por el acceso a tierras de pastoreo. El norte tambi\u00e9n ha sufrido ataques perpetrados por grupos yihadistas, mientras que todo el pa\u00eds se ha visto afectado por los secuestros para pedir rescates, que se han convertido en toda una industria en el pa\u00eds.<\/p>\n\n\n<div class=\"wp-block-image\">\n<figure class=\"aligncenter size-large\"><img loading=\"lazy\" decoding=\"async\" width=\"1024\" height=\"768\" src=\"https:\/\/media.acninternational.org\/wp-content\/uploads\/2026\/09\/ACN-20230202-139805-1024x768.jpg\" alt=\"\" class=\"wp-image-268443\" srcset=\"https:\/\/media.acninternational.org\/wp-content\/uploads\/2026\/09\/ACN-20230202-139805-1024x768.jpg 1024w, https:\/\/media.acninternational.org\/wp-content\/uploads\/2026\/09\/ACN-20230202-139805-300x225.jpg 300w, https:\/\/media.acninternational.org\/wp-content\/uploads\/2026\/09\/ACN-20230202-139805-768x576.jpg 768w, https:\/\/media.acninternational.org\/wp-content\/uploads\/2026\/09\/ACN-20230202-139805.jpg 1500w\" sizes=\"auto, (max-width: 1024px) 100vw, 1024px\" \/><figcaption class=\"wp-element-caption\">La Iglesia ha expresado su solidaridad con los musulmanes que tambi\u00e9n son v\u00edctimas de la violencia yihadista<\/figcaption><\/figure>\n<\/div>\n\n\n<p class=\"wp-block-paragraph\">En su comunicado, los obispos pidieron a las autoridades que intensifiquen sus esfuerzos para garantizar la paz y la seguridad de los ciudadanos: \u00abAunque reconocemos algunos esfuerzos realizados, les instamos a no cejar en esta responsabilidad hasta que est\u00e9n garantizadas la seguridad y el bienestar de los ciudadanos. Las l\u00e1grimas de las familias en duelo en N\u00edger, Benue y en todas las regiones geopol\u00edticas de Nigeria deben preocuparles lo suficiente como para hacer todo lo posible por poner fin a esta carnicer\u00eda en nuestra tierra\u00bb.<\/p>\n\n\n\n<p class=\"wp-block-paragraph\">\u00abUna vez m\u00e1s, en nombre de todos los nigerianos, les pedimos que desplieguen medidas de seguridad proactivas y basadas en los servicios de inteligencia para neutralizar los focos criminales antes de que ataquen. Asimismo, lleven r\u00e1pidamente ante la justicia a los responsables y a quienes los patrocinan, independientemente de su estatus o afiliaci\u00f3n, pues la impunidad favorece que estos actos se repitan\u00bb, a\u00f1adieron los obispos.<\/p>\n\n\n\n<p class=\"wp-block-paragraph\">Finalmente, los obispos hicieron un llamamiento directo a los responsables de los atentados, pidi\u00e9ndoles que se arrepintieran y abracen la paz: \u201cA los bandidos, terroristas, secuestradores y a quienes los patrocinan, les suplicamos: \u00a1detengan el derramamiento de sangre! La vida humana pertenece \u00fanicamente a Dios y ninguna causa justifica esta crueldad. No se puede construir un futuro sobre las l\u00e1grimas de personas inocentes. Les pedimos que depongan las armas, se aparten del mal y respeten la sacralidad de la vida humana antes de que el juicio divino los alcance\u201d.<\/p>\n\n\n<div class=\"wp-block-image\">\n<figure class=\"aligncenter size-large\"><img loading=\"lazy\" decoding=\"async\" width=\"1024\" height=\"683\" src=\"https:\/\/media.acninternational.org\/wp-content\/uploads\/2026\/09\/ACN-20230818-151551-1024x683.jpg\" alt=\"\" class=\"wp-image-268449\" srcset=\"https:\/\/media.acninternational.org\/wp-content\/uploads\/2026\/09\/ACN-20230818-151551-1024x683.jpg 1024w, https:\/\/media.acninternational.org\/wp-content\/uploads\/2026\/09\/ACN-20230818-151551-300x200.jpg 300w, https:\/\/media.acninternational.org\/wp-content\/uploads\/2026\/09\/ACN-20230818-151551-768x512.jpg 768w, https:\/\/media.acninternational.org\/wp-content\/uploads\/2026\/09\/ACN-20230818-151551.jpg 1500w\" sizes=\"auto, (max-width: 1024px) 100vw, 1024px\" \/><figcaption class=\"wp-element-caption\">Los obispos han elogiado los esfuerzos del gobierno, pero piden que se haga m\u00e1s<\/figcaption><\/figure>\n<\/div>\n\n\n<p class=\"wp-block-paragraph\">El documento lleva la firma del presidente de la Conferencia Episcopal, el arzobispo Matthew Man-Oso Ndagoso, de Kaduna, cuya di\u00f3cesis ha sido gravemente afectada por la violencia en los \u00faltimos a\u00f1os.<\/p>\n\n\n\n<p class=\"wp-block-paragraph\">Desde hace muchos a\u00f1os, ACN sigue con creciente preocupaci\u00f3n la situaci\u00f3n en Nigeria y trabaja estrechamente con la Iglesia local para hacer frente a las consecuencias de la violencia, incluida la atenci\u00f3n a los muchos miles de desplazados internos.<\/p>\n\n\n<div class=\"wp-block-image\">\n<figure class=\"aligncenter size-large\"><img loading=\"lazy\" decoding=\"async\" width=\"1024\" height=\"768\" src=\"https:\/\/media.acninternational.org\/wp-content\/uploads\/2026\/09\/ACN-20240430-164171-1024x768.jpg\" alt=\"\" class=\"wp-image-268455\" srcset=\"https:\/\/media.acninternational.org\/wp-content\/uploads\/2026\/09\/ACN-20240430-164171-1024x768.jpg 1024w, https:\/\/media.acninternational.org\/wp-content\/uploads\/2026\/09\/ACN-20240430-164171-300x225.jpg 300w, https:\/\/media.acninternational.org\/wp-content\/uploads\/2026\/09\/ACN-20240430-164171-768x576.jpg 768w, https:\/\/media.acninternational.org\/wp-content\/uploads\/2026\/09\/ACN-20240430-164171.jpg 1500w\" sizes=\"auto, (max-width: 1024px) 100vw, 1024px\" \/><figcaption class=\"wp-element-caption\">L\u00edderes cat\u00f3licos inspeccionan un edificio da\u00f1ado por bandidos armados<\/figcaption><\/figure>\n<\/div>\n\n\n<p class=\"wp-block-paragraph\">Recientemente, en el marco de un proyecto con la di\u00f3cesis local, <a href=\"https:\/\/acninternational.org\/es\/los-terroristas-redujeron-a-cenizas-adama-dutse-la-fe-la-perseverancia-y-la-ayuda-de-acn-la-han-hecho-renacer\/\" target=\"_blank\" rel=\"noreferrer noopener\">ACN ayud\u00f3 a reconstruir la aldea de Adama Dutse<\/a>, que hab\u00eda sido atacada y arrasada, permitiendo a sus habitantes regresar <a href=\"https:\/\/acninternational.org\/es\/el-retorno-de-los-cristianos-de-irak-un-posible-modelo-para-nigeria\/\" target=\"_blank\" rel=\"noreferrer noopener\">a su tierra natal<\/a>, en lugar de permanecer indefinidamente en campamentos o ser reasentados en otros lugares.<\/p>\n","protected":false},"excerpt":{"rendered":"<p>ACN contin\u00faa acompa\u00f1ando a la Iglesia en Nigeria en sus esfuerzos por contrarrestar los efectos de la violencia end\u00e9mica y sus llamamientos por la paz en el pa\u00eds. Los obispos cat\u00f3licos de Nigeria han emitido un en\u00e9rgico llamamiento a la paz, tras las recientes masacres en las regiones de Borgu y Ukum. Decenas de personas [&hellip;]<\/p>\n","protected":false},"author":4258341377,"featured_media":268436,"comment_status":"closed","ping_status":"closed","sticky":false,"template":"","format":"standard","meta":{"_acf_changed":false,"_acn_coauthor_ids":[],"_acn_featured_article":false,"footnotes":""},"categories":[1254],"tags":[],"country":[408],"class_list":["post-268462","post","type-post","status-publish","format-standard","has-post-thumbnail","hentry","category-news-es","country-nigeria-es"],"acn_coauthors":[],"acf":[],"yoast_head":"<!-- This site is optimized with the Yoast SEO Premium plugin v28.3 (Yoast SEO v28.3) - https:\/\/yoast.com\/product\/yoast-seo-premium-wordpress\/ -->\n<title>Los obispos piden el fin de las masacres en Nigeria | ACN International<\/title>\n<meta name=\"description\" content=\"Descubre c\u00f3mo los obispos piden el fin de las masacres en Nigeria y apoyan la b\u00fasqueda de la paz en medio de la violencia.\" \/>\n<meta name=\"robots\" content=\"index, follow, max-snippet:-1, max-image-preview:large, max-video-preview:-1\" \/>\n<link rel=\"canonical\" href=\"https:\/\/acninternational.org\/es\/los-obispos-piden-el-fin-de-las-masacres-en-nigeria\/\" \/>\n<meta property=\"og:locale\" content=\"es_ES\" \/>\n<meta property=\"og:type\" content=\"article\" \/>\n<meta property=\"og:title\" content=\"Los obispos piden el fin de las masacres en Nigeria\" \/>\n<meta property=\"og:description\" content=\"Descubre c\u00f3mo los obispos piden el fin de las masacres en Nigeria y apoyan la b\u00fasqueda de la paz en medio de la violencia.\" \/>\n<meta property=\"og:url\" content=\"https:\/\/acninternational.org\/es\/los-obispos-piden-el-fin-de-las-masacres-en-nigeria\/\" \/>\n<meta property=\"og:site_name\" content=\"ACN International\" \/>\n<meta property=\"article:publisher\" content=\"https:\/\/www.facebook.com\/acninternationalorg\" \/>\n<meta property=\"article:published_time\" content=\"2026-09-01T12:46:50+00:00\" \/>\n<meta property=\"article:modified_time\" content=\"2026-09-01T13:51:13+00:00\" \/>\n<meta property=\"og:image\" content=\"https:\/\/media.acninternational.org\/wp-content\/uploads\/2026\/09\/ACN-20240430-164164.jpg\" \/>\n\t<meta property=\"og:image:width\" content=\"1980\" \/>\n\t<meta property=\"og:image:height\" content=\"800\" \/>\n\t<meta property=\"og:image:type\" content=\"image\/jpeg\" \/>\n<meta name=\"author\" content=\"Filipe d\u2019Avillez\" \/>\n<meta name=\"twitter:card\" content=\"summary_large_image\" \/>\n<meta name=\"twitter:creator\" content=\"@acn_int\" \/>\n<meta name=\"twitter:site\" content=\"@acn_int\" \/>\n<meta name=\"twitter:label1\" content=\"Escrito por\" \/>\n\t<meta name=\"twitter:data1\" content=\"Filipe d\u2019Avillez\" \/>\n\t<meta name=\"twitter:label2\" content=\"Tiempo de lectura\" \/>\n\t<meta name=\"twitter:data2\" content=\"5 minutos\" \/>\n<script type=\"application\/ld+json\" class=\"yoast-schema-graph\">{\"@context\":\"https:\\\/\\\/schema.org\",\"@graph\":[{\"@type\":\"Article\",\"@id\":\"https:\\\/\\\/acninternational.org\\\/es\\\/los-obispos-piden-el-fin-de-las-masacres-en-nigeria\\\/#article\",\"isPartOf\":{\"@id\":\"https:\\\/\\\/acninternational.org\\\/es\\\/los-obispos-piden-el-fin-de-las-masacres-en-nigeria\\\/\"},\"author\":{\"name\":\"Filipe d\u2019Avillez\",\"@id\":\"https:\\\/\\\/acninternational.org\\\/es\\\/#\\\/schema\\\/person\\\/7489225627ad784c8faa0f4616c1cbdf\"},\"headline\":\"Los obispos piden el fin de las masacres en Nigeria\",\"datePublished\":\"2026-09-01T12:46:50+00:00\",\"dateModified\":\"2026-09-01T13:51:13+00:00\",\"mainEntityOfPage\":{\"@id\":\"https:\\\/\\\/acninternational.org\\\/es\\\/los-obispos-piden-el-fin-de-las-masacres-en-nigeria\\\/\"},\"wordCount\":834,\"publisher\":{\"@id\":\"https:\\\/\\\/acninternational.org\\\/es\\\/#organization\"},\"image\":{\"@id\":\"https:\\\/\\\/acninternational.org\\\/es\\\/los-obispos-piden-el-fin-de-las-masacres-en-nigeria\\\/#primaryimage\"},\"thumbnailUrl\":\"https:\\\/\\\/media.acninternational.org\\\/wp-content\\\/uploads\\\/2026\\\/09\\\/ACN-20240430-164164.jpg\",\"articleSection\":[\"NOTICIAS\"],\"inLanguage\":\"es\"},{\"@type\":\"WebPage\",\"@id\":\"https:\\\/\\\/acninternational.org\\\/es\\\/los-obispos-piden-el-fin-de-las-masacres-en-nigeria\\\/\",\"url\":\"https:\\\/\\\/acninternational.org\\\/es\\\/los-obispos-piden-el-fin-de-las-masacres-en-nigeria\\\/\",\"name\":\"Los obispos piden el fin de las masacres en Nigeria | ACN International\",\"isPartOf\":{\"@id\":\"https:\\\/\\\/acninternational.org\\\/es\\\/#website\"},\"primaryImageOfPage\":{\"@id\":\"https:\\\/\\\/acninternational.org\\\/es\\\/los-obispos-piden-el-fin-de-las-masacres-en-nigeria\\\/#primaryimage\"},\"image\":{\"@id\":\"https:\\\/\\\/acninternational.org\\\/es\\\/los-obispos-piden-el-fin-de-las-masacres-en-nigeria\\\/#primaryimage\"},\"thumbnailUrl\":\"https:\\\/\\\/media.acninternational.org\\\/wp-content\\\/uploads\\\/2026\\\/09\\\/ACN-20240430-164164.jpg\",\"datePublished\":\"2026-09-01T12:46:50+00:00\",\"dateModified\":\"2026-09-01T13:51:13+00:00\",\"description\":\"Descubre c\u00f3mo los obispos piden el fin de las masacres en Nigeria y apoyan la b\u00fasqueda de la paz en medio de la violencia.\",\"breadcrumb\":{\"@id\":\"https:\\\/\\\/acninternational.org\\\/es\\\/los-obispos-piden-el-fin-de-las-masacres-en-nigeria\\\/#breadcrumb\"},\"inLanguage\":\"es\",\"potentialAction\":[{\"@type\":\"ReadAction\",\"target\":[\"https:\\\/\\\/acninternational.org\\\/es\\\/los-obispos-piden-el-fin-de-las-masacres-en-nigeria\\\/\"]}]},{\"@type\":\"ImageObject\",\"inLanguage\":\"es\",\"@id\":\"https:\\\/\\\/acninternational.org\\\/es\\\/los-obispos-piden-el-fin-de-las-masacres-en-nigeria\\\/#primaryimage\",\"url\":\"https:\\\/\\\/media.acninternational.org\\\/wp-content\\\/uploads\\\/2026\\\/09\\\/ACN-20240430-164164.jpg\",\"contentUrl\":\"https:\\\/\\\/media.acninternational.org\\\/wp-content\\\/uploads\\\/2026\\\/09\\\/ACN-20240430-164164.jpg\",\"width\":1980,\"height\":800},{\"@type\":\"BreadcrumbList\",\"@id\":\"https:\\\/\\\/acninternational.org\\\/es\\\/los-obispos-piden-el-fin-de-las-masacres-en-nigeria\\\/#breadcrumb\",\"itemListElement\":[{\"@type\":\"ListItem\",\"position\":1,\"name\":\"Home\",\"item\":\"https:\\\/\\\/acninternational.org\\\/es\\\/\"},{\"@type\":\"ListItem\",\"position\":2,\"name\":\"NOTICIAS\",\"item\":\"https:\\\/\\\/acninternational.org\\\/es\\\/category\\\/news-es\\\/\"},{\"@type\":\"ListItem\",\"position\":3,\"name\":\"Los obispos piden el fin de las masacres en Nigeria\"}]},{\"@type\":\"WebSite\",\"@id\":\"https:\\\/\\\/acninternational.org\\\/es\\\/#website\",\"url\":\"https:\\\/\\\/acninternational.org\\\/es\\\/\",\"name\":\"ACN International\",\"description\":\"\",\"publisher\":{\"@id\":\"https:\\\/\\\/acninternational.org\\\/es\\\/#organization\"},\"potentialAction\":[{\"@type\":\"SearchAction\",\"target\":{\"@type\":\"EntryPoint\",\"urlTemplate\":\"https:\\\/\\\/acninternational.org\\\/es\\\/?s={search_term_string}\"},\"query-input\":{\"@type\":\"PropertyValueSpecification\",\"valueRequired\":true,\"valueName\":\"search_term_string\"}}],\"inLanguage\":\"es\"},{\"@type\":\"Organization\",\"@id\":\"https:\\\/\\\/acninternational.org\\\/es\\\/#organization\",\"name\":\"Aid to the Church in Need International\",\"url\":\"https:\\\/\\\/acninternational.org\\\/es\\\/\",\"logo\":{\"@type\":\"ImageObject\",\"inLanguage\":\"es\",\"@id\":\"https:\\\/\\\/acninternational.org\\\/es\\\/#\\\/schema\\\/logo\\\/image\\\/\",\"url\":\"https:\\\/\\\/media.acninternational.org\\\/wp-content\\\/uploads\\\/2019\\\/11\\\/acn_logo_blackvector.svg\",\"contentUrl\":\"https:\\\/\\\/media.acninternational.org\\\/wp-content\\\/uploads\\\/2019\\\/11\\\/acn_logo_blackvector.svg\",\"width\":232.6,\"height\":78,\"caption\":\"Aid to the Church in Need International\"},\"image\":{\"@id\":\"https:\\\/\\\/acninternational.org\\\/es\\\/#\\\/schema\\\/logo\\\/image\\\/\"},\"sameAs\":[\"https:\\\/\\\/www.facebook.com\\\/acninternationalorg\",\"https:\\\/\\\/x.com\\\/acn_int\",\"https:\\\/\\\/www.youtube.com\\\/channel\\\/UCQ-077gS0TnVzkhHmf1opZw\",\"https:\\\/\\\/www.instagram.com\\\/acn_international\\\/\"]},{\"@type\":\"Person\",\"@id\":\"https:\\\/\\\/acninternational.org\\\/es\\\/#\\\/schema\\\/person\\\/7489225627ad784c8faa0f4616c1cbdf\",\"name\":\"Filipe d\u2019Avillez\",\"url\":\"https:\\\/\\\/acninternational.org\\\/es\\\/author\\\/filipe\\\/\"}]}<\/script>\n<!-- \/ Yoast SEO Premium plugin. -->","yoast_head_json":{"title":"Los obispos piden el fin de las masacres en Nigeria | ACN International","description":"Descubre c\u00f3mo los obispos piden el fin de las masacres en Nigeria y apoyan la b\u00fasqueda de la paz en medio de la violencia.","robots":{"index":"index","follow":"follow","max-snippet":"max-snippet:-1","max-image-preview":"max-image-preview:large","max-video-preview":"max-video-preview:-1"},"canonical":"https:\/\/acninternational.org\/es\/los-obispos-piden-el-fin-de-las-masacres-en-nigeria\/","og_locale":"es_ES","og_type":"article","og_title":"Los obispos piden el fin de las masacres en Nigeria","og_description":"Descubre c\u00f3mo los obispos piden el fin de las masacres en Nigeria y apoyan la b\u00fasqueda de la paz en medio de la violencia.","og_url":"https:\/\/acninternational.org\/es\/los-obispos-piden-el-fin-de-las-masacres-en-nigeria\/","og_site_name":"ACN International","article_publisher":"https:\/\/www.facebook.com\/acninternationalorg","article_published_time":"2026-09-01T12:46:50+00:00","article_modified_time":"2026-09-01T13:51:13+00:00","og_image":[{"width":1980,"height":800,"url":"https:\/\/media.acninternational.org\/wp-content\/uploads\/2026\/09\/ACN-20240430-164164.jpg","type":"image\/jpeg"}],"author":"Filipe d\u2019Avillez","twitter_card":"summary_large_image","twitter_creator":"@acn_int","twitter_site":"@acn_int","twitter_misc":{"Escrito por":"Filipe d\u2019Avillez","Tiempo de lectura":"5 minutos"},"schema":{"@context":"https:\/\/schema.org","@graph":[{"@type":"Article","@id":"https:\/\/acninternational.org\/es\/los-obispos-piden-el-fin-de-las-masacres-en-nigeria\/#article","isPartOf":{"@id":"https:\/\/acninternational.org\/es\/los-obispos-piden-el-fin-de-las-masacres-en-nigeria\/"},"author":{"name":"Filipe d\u2019Avillez","@id":"https:\/\/acninternational.org\/es\/#\/schema\/person\/7489225627ad784c8faa0f4616c1cbdf"},"headline":"Los obispos piden el fin de las masacres en Nigeria","datePublished":"2026-09-01T12:46:50+00:00","dateModified":"2026-09-01T13:51:13+00:00","mainEntityOfPage":{"@id":"https:\/\/acninternational.org\/es\/los-obispos-piden-el-fin-de-las-masacres-en-nigeria\/"},"wordCount":834,"publisher":{"@id":"https:\/\/acninternational.org\/es\/#organization"},"image":{"@id":"https:\/\/acninternational.org\/es\/los-obispos-piden-el-fin-de-las-masacres-en-nigeria\/#primaryimage"},"thumbnailUrl":"https:\/\/media.acninternational.org\/wp-content\/uploads\/2026\/09\/ACN-20240430-164164.jpg","articleSection":["NOTICIAS"],"inLanguage":"es"},{"@type":"WebPage","@id":"https:\/\/acninternational.org\/es\/los-obispos-piden-el-fin-de-las-masacres-en-nigeria\/","url":"https:\/\/acninternational.org\/es\/los-obispos-piden-el-fin-de-las-masacres-en-nigeria\/","name":"Los obispos piden el fin de las masacres en Nigeria | ACN International","isPartOf":{"@id":"https:\/\/acninternational.org\/es\/#website"},"primaryImageOfPage":{"@id":"https:\/\/acninternational.org\/es\/los-obispos-piden-el-fin-de-las-masacres-en-nigeria\/#primaryimage"},"image":{"@id":"https:\/\/acninternational.org\/es\/los-obispos-piden-el-fin-de-las-masacres-en-nigeria\/#primaryimage"},"thumbnailUrl":"https:\/\/media.acninternational.org\/wp-content\/uploads\/2026\/09\/ACN-20240430-164164.jpg","datePublished":"2026-09-01T12:46:50+00:00","dateModified":"2026-09-01T13:51:13+00:00","description":"Descubre c\u00f3mo los obispos piden el fin de las masacres en Nigeria y apoyan la b\u00fasqueda de la paz en medio de la violencia.","breadcrumb":{"@id":"https:\/\/acninternational.org\/es\/los-obispos-piden-el-fin-de-las-masacres-en-nigeria\/#breadcrumb"},"inLanguage":"es","potentialAction":[{"@type":"ReadAction","target":["https:\/\/acninternational.org\/es\/los-obispos-piden-el-fin-de-las-masacres-en-nigeria\/"]}]},{"@type":"ImageObject","inLanguage":"es","@id":"https:\/\/acninternational.org\/es\/los-obispos-piden-el-fin-de-las-masacres-en-nigeria\/#primaryimage","url":"https:\/\/media.acninternational.org\/wp-content\/uploads\/2026\/09\/ACN-20240430-164164.jpg","contentUrl":"https:\/\/media.acninternational.org\/wp-content\/uploads\/2026\/09\/ACN-20240430-164164.jpg","width":1980,"height":800},{"@type":"BreadcrumbList","@id":"https:\/\/acninternational.org\/es\/los-obispos-piden-el-fin-de-las-masacres-en-nigeria\/#breadcrumb","itemListElement":[{"@type":"ListItem","position":1,"name":"Home","item":"https:\/\/acninternational.org\/es\/"},{"@type":"ListItem","position":2,"name":"NOTICIAS","item":"https:\/\/acninternational.org\/es\/category\/news-es\/"},{"@type":"ListItem","position":3,"name":"Los obispos piden el fin de las masacres en Nigeria"}]},{"@type":"WebSite","@id":"https:\/\/acninternational.org\/es\/#website","url":"https:\/\/acninternational.org\/es\/","name":"ACN International","description":"","publisher":{"@id":"https:\/\/acninternational.org\/es\/#organization"},"potentialAction":[{"@type":"SearchAction","target":{"@type":"EntryPoint","urlTemplate":"https:\/\/acninternational.org\/es\/?s={search_term_string}"},"query-input":{"@type":"PropertyValueSpecification","valueRequired":true,"valueName":"search_term_string"}}],"inLanguage":"es"},{"@type":"Organization","@id":"https:\/\/acninternational.org\/es\/#organization","name":"Aid to the Church in Need International","url":"https:\/\/acninternational.org\/es\/","logo":{"@type":"ImageObject","inLanguage":"es","@id":"https:\/\/acninternational.org\/es\/#\/schema\/logo\/image\/","url":"https:\/\/media.acninternational.org\/wp-content\/uploads\/2019\/11\/acn_logo_blackvector.svg","contentUrl":"https:\/\/media.acninternational.org\/wp-content\/uploads\/2019\/11\/acn_logo_blackvector.svg","width":232.6,"height":78,"caption":"Aid to the Church in Need International"},"image":{"@id":"https:\/\/acninternational.org\/es\/#\/schema\/logo\/image\/"},"sameAs":["https:\/\/www.facebook.com\/acninternationalorg","https:\/\/x.com\/acn_int","https:\/\/www.youtube.com\/channel\/UCQ-077gS0TnVzkhHmf1opZw","https:\/\/www.instagram.com\/acn_international\/"]},{"@type":"Person","@id":"https:\/\/acninternational.org\/es\/#\/schema\/person\/7489225627ad784c8faa0f4616c1cbdf","name":"Filipe d\u2019Avillez","url":"https:\/\/acninternational.org\/es\/author\/filipe\/"}]}},"_links":{"self":[{"href":"https:\/\/acninternational.org\/es\/wp-json\/wp\/v2\/posts\/268462","targetHints":{"allow":["GET"]}}],"collection":[{"href":"https:\/\/acninternational.org\/es\/wp-json\/wp\/v2\/posts"}],"about":[{"href":"https:\/\/acninternational.org\/es\/wp-json\/wp\/v2\/types\/post"}],"author":[{"embeddable":true,"href":"https:\/\/acninternational.org\/es\/wp-json\/wp\/v2\/users\/4258341377"}],"replies":[{"embeddable":true,"href":"https:\/\/acninternational.org\/es\/wp-json\/wp\/v2\/comments?post=268462"}],"version-history":[{"count":2,"href":"https:\/\/acninternational.org\/es\/wp-json\/wp\/v2\/posts\/268462\/revisions"}],"predecessor-version":[{"id":268466,"href":"https:\/\/acninternational.org\/es\/wp-json\/wp\/v2\/posts\/268462\/revisions\/268466"}],"wp:featuredmedia":[{"embeddable":true,"href":"https:\/\/acninternational.org\/es\/wp-json\/wp\/v2\/media\/268436"}],"wp:attachment":[{"href":"https:\/\/acninternational.org\/es\/wp-json\/wp\/v2\/media?parent=268462"}],"wp:term":[{"taxonomy":"category","embeddable":true,"href":"https:\/\/acninternational.org\/es\/wp-json\/wp\/v2\/categories?post=268462"},{"taxonomy":"post_tag","embeddable":true,"href":"https:\/\/acninternational.org\/es\/wp-json\/wp\/v2\/tags?post=268462"},{"taxonomy":"country","embeddable":true,"href":"https:\/\/acninternational.org\/es\/wp-json\/wp\/v2\/country?post=268462"}],"curies":[{"name":"wp","href":"https:\/\/api.w.org\/{rel}","templated":true}]}}