{"id":268424,"date":"2026-08-31T14:05:52","date_gmt":"2026-08-31T12:05:52","guid":{"rendered":"https:\/\/acninternational.org\/?p=268424"},"modified":"2026-08-31T14:06:03","modified_gmt":"2026-08-31T12:06:03","slug":"sacerdote-de-nepal-nuestra-presencia-entre-las-personas-que-sufren-les-dara-esperanza","status":"publish","type":"post","link":"https:\/\/acninternational.org\/es\/sacerdote-de-nepal-nuestra-presencia-entre-las-personas-que-sufren-les-dara-esperanza\/","title":{"rendered":"Sacerdote de Nepal: \u00abNuestra presencia entre las personas que sufren les dar\u00e1 esperanza\u00bb"},"content":{"rendered":"\n<p class=\"wp-block-paragraph\">La Iglesia cat\u00f3lica en Nepal se ha movilizado para apoyar a las v\u00edctimas de las devastadoras inundaciones que golpearon el pa\u00eds del Himalaya el 26 de agosto y que han arrasado pueblos enteros y dejado miles de muertos y desaparecidos.<\/p>\n\n\n\n<p class=\"wp-block-paragraph\">\u00abEn algunos lugares a lo largo del r\u00edo Bhote Koshi, pueblos enteros han sido borrados del mapa. Muchas casas situadas junto al r\u00edo fueron arrastradas por las aguas. Hasta ahora hay 624 muertos y 2.400 personas siguen desaparecidas\u00bb, ha explicado a la fundaci\u00f3n pontificia Ayuda a la Iglesia Necesitada (ACN) el padre Silas Bogati, administrador apost\u00f3lico del Vicariato Apost\u00f3lico de Nepal.<\/p>\n\n\n<div class=\"wp-block-image\">\n<figure class=\"aligncenter size-large\"><img loading=\"lazy\" decoding=\"async\" width=\"591\" height=\"1024\" src=\"https:\/\/media.acninternational.org\/wp-content\/uploads\/2026\/08\/ACN-20260831-210121-591x1024.jpg\" alt=\"\" class=\"wp-image-268417\" srcset=\"https:\/\/media.acninternational.org\/wp-content\/uploads\/2026\/08\/ACN-20260831-210121-591x1024.jpg 591w, https:\/\/media.acninternational.org\/wp-content\/uploads\/2026\/08\/ACN-20260831-210121-173x300.jpg 173w, https:\/\/media.acninternational.org\/wp-content\/uploads\/2026\/08\/ACN-20260831-210121.jpg 711w\" sizes=\"auto, (max-width: 591px) 100vw, 591px\" \/><figcaption class=\"wp-element-caption\">Padre Silas Bogati<\/figcaption><\/figure>\n<\/div>\n\n\n<p class=\"wp-block-paragraph\">Las primeras investigaciones apuntan a una s\u00fabita liberaci\u00f3n de agua en una zona glaciar del T\u00edbet, posiblemente por el desbordamiento de un lago glaciar, aunque las causas exactas todav\u00eda se est\u00e1n investigando.<\/p>\n\n\n\n<p class=\"wp-block-paragraph\">El padre Bogati confirma Rasuwa, en la frontera de Nepal con el T\u00edbet, como la zona m\u00e1s afectada y explica que \u00abpor esta regi\u00f3n discurre una importante ruta comercial con el T\u00edbet y all\u00ed se encuentra tambi\u00e9n Syabrubesi, uno de los principales puntos de partida para los turistas que viajan hacia el valle de Langtang\u00bb.<\/p>\n\n\n\n<p class=\"wp-block-paragraph\">\u00abTodos estos hoteles y asentamientos fueron arrasados. Ha habido un elevado n\u00famero de muertos en esta zona y el r\u00edo sigui\u00f3 aguas abajo, causando estragos en cinco distritos. La inundaci\u00f3n ha causado una enorme devastaci\u00f3n, ya que una enorme masa de agua irrumpi\u00f3 r\u00edo abajo destruyendo todo a su paso. Algunas comunidades siguen aisladas y las operaciones de b\u00fasqueda y rescate est\u00e1n siendo dif\u00edciles\u00bb, explica el administrador apost\u00f3lico a ACN.<\/p>\n\n\n\n<p class=\"wp-block-paragraph\">La comunidad cat\u00f3lica de Nepal es muy peque\u00f1a en comparaci\u00f3n con el conjunto de la poblaci\u00f3n del pa\u00eds. Seg\u00fan el administrador apost\u00f3lico, \u00abla Iglesia cat\u00f3lica tiene 13 parroquias y 10.000 cat\u00f3licos, pero siempre ha trabajado al servicio de la poblaci\u00f3n nepal\u00ed, independientemente de su religi\u00f3n, y seguiremos haci\u00e9ndolo mientras sufren en esta hora de necesidad\u00bb.<\/p>\n\n\n\n<p class=\"wp-block-paragraph\">En cuanto a la peque\u00f1a comunidad cat\u00f3lica, el padre Bogati cuenta en su entrevista con la fundaci\u00f3n que \u00ablos miembros de una de las comunidades cat\u00f3licas bajan a Syabrubesi para trabajar. Es posible que algunos de ellos hayan sido arrastrados por las aguas. Todav\u00eda no tenemos cifras. Respecto a los edificios, no hay iglesias o capillas cat\u00f3licas destruidas\u00bb.<\/p>\n\n\n\n<p class=\"wp-block-paragraph\">A trav\u00e9s de Caritas Nepal, la Iglesia ha comenzado ya a prestar ayuda de emergencia y a evaluar las necesidades en las zonas afectadas. Caritas Nepal ha puesto en marcha cocinas comunitarias y ha enviado alimentos para proporcionar comidas a 300 familias afectadas durante 15 d\u00edas. En las zonas que contin\u00faan inaccesibles, la ayuda se ampliar\u00e1 a trav\u00e9s de colaboradores locales. Ante la previsi\u00f3n de nuevas lluvias y mientras muchas personas contin\u00faan durmiendo al aire libre, tambi\u00e9n son prioritarios los toldos, mantas y esterillas.<\/p>\n\n\n\n<p class=\"wp-block-paragraph\">En un pa\u00eds en el que los cat\u00f3licos son pocos y se encuentran geogr\u00e1ficamente muy aislados, el padre Bogati destaca tambi\u00e9n la importancia de sentir que la peque\u00f1a Iglesia de Nepal no est\u00e1 sola: \u00abEl santo padre, el papa Le\u00f3n, fue el primero en rezar y en <a href=\"https:\/\/www.vaticannews.va\/en\/pope\/news\/2026-08\/in-wake-of-devastating-floods-pope-sends-aid-to-nepal.html\" target=\"_blank\" rel=\"noreferrer noopener\">mostrar su solidaridad<\/a> y cercan\u00eda con las v\u00edctimas de estas inundaciones repentinas. Del mismo modo, estamos recibiendo oraciones y apoyo de la Iglesia cat\u00f3lica de todo el mundo\u00bb, explica.<\/p>\n\n\n\n<p class=\"wp-block-paragraph\">Para el padre Bogati, sin embargo, la misi\u00f3n de la Iglesia no se limita a la ayuda material: \u00abEstando all\u00ed, proporcionando ayuda ahora y, m\u00e1s adelante, contribuyendo a la reconstrucci\u00f3n, damos esperanza. Nuestra presencia entre las personas que sufren les dar\u00e1 esperanza\u00bb, afirma.<\/p>\n\n\n\n<p class=\"wp-block-paragraph\"><em>El administrador apost\u00f3lico pide especialmente oraciones por las v\u00edctimas y por todas las personas afectadas por la cat\u00e1strofe, y agradece la cercan\u00eda y la solidaridad de ACN, de sus benefactores y de la Iglesia universal con la peque\u00f1a comunidad cat\u00f3lica de Nepal.<\/em><\/p>\n","protected":false},"excerpt":{"rendered":"<p>La Iglesia cat\u00f3lica en Nepal se ha movilizado para apoyar a las v\u00edctimas de las devastadoras inundaciones que golpearon el pa\u00eds del Himalaya el 26 de agosto y que han arrasado pueblos enteros y dejado miles de muertos y desaparecidos. \u00abEn algunos lugares a lo largo del r\u00edo Bhote Koshi, pueblos enteros han sido borrados [&hellip;]<\/p>\n","protected":false},"author":4258341378,"featured_media":268416,"comment_status":"closed","ping_status":"closed","sticky":false,"template":"","format":"standard","meta":{"_acf_changed":false,"_acn_coauthor_ids":[],"_acn_featured_article":false,"footnotes":""},"categories":[1254],"tags":[],"country":[975],"class_list":["post-268424","post","type-post","status-publish","format-standard","has-post-thumbnail","hentry","category-news-es","country-nepal"],"acn_coauthors":[],"acf":[],"yoast_head":"<!-- This site is optimized with the Yoast SEO Premium plugin v28.3 (Yoast SEO v28.3) - https:\/\/yoast.com\/product\/yoast-seo-premium-wordpress\/ -->\n<title>Sacerdote de Nepal: Compromiso con la Comunidad | ACN International<\/title>\n<meta name=\"description\" content=\"Descubre c\u00f3mo el sacerdote de Nepal est\u00e1 apoyando a las v\u00edctimas de las inundaciones y brindando esperanza en medio de la devastaci\u00f3n.\" \/>\n<meta name=\"robots\" content=\"index, follow, max-snippet:-1, max-image-preview:large, max-video-preview:-1\" \/>\n<link rel=\"canonical\" href=\"https:\/\/acninternational.org\/es\/sacerdote-de-nepal-nuestra-presencia-entre-las-personas-que-sufren-les-dara-esperanza\/\" \/>\n<meta property=\"og:locale\" content=\"es_ES\" \/>\n<meta property=\"og:type\" content=\"article\" \/>\n<meta property=\"og:title\" content=\"Sacerdote de Nepal: \u00abNuestra presencia entre las personas que sufren les dar\u00e1 esperanza\u00bb\" \/>\n<meta property=\"og:description\" content=\"Descubre c\u00f3mo el sacerdote de Nepal est\u00e1 apoyando a las v\u00edctimas de las inundaciones y brindando esperanza en medio de la devastaci\u00f3n.\" \/>\n<meta property=\"og:url\" content=\"https:\/\/acninternational.org\/es\/sacerdote-de-nepal-nuestra-presencia-entre-las-personas-que-sufren-les-dara-esperanza\/\" \/>\n<meta property=\"og:site_name\" content=\"ACN International\" \/>\n<meta property=\"article:publisher\" content=\"https:\/\/www.facebook.com\/acninternationalorg\" \/>\n<meta property=\"article:published_time\" content=\"2026-08-31T12:05:52+00:00\" \/>\n<meta property=\"article:modified_time\" content=\"2026-08-31T12:06:03+00:00\" \/>\n<meta property=\"og:image\" content=\"https:\/\/media.acninternational.org\/wp-content\/uploads\/2026\/08\/ACN-20170509-54013.jpg\" \/>\n\t<meta property=\"og:image:width\" content=\"1980\" \/>\n\t<meta property=\"og:image:height\" content=\"800\" \/>\n\t<meta property=\"og:image:type\" content=\"image\/jpeg\" \/>\n<meta name=\"author\" content=\"Maria Lozano\" \/>\n<meta name=\"twitter:card\" content=\"summary_large_image\" \/>\n<meta name=\"twitter:creator\" content=\"@acn_int\" \/>\n<meta name=\"twitter:site\" content=\"@acn_int\" \/>\n<meta name=\"twitter:label1\" content=\"Escrito por\" \/>\n\t<meta name=\"twitter:data1\" content=\"Maria Lozano\" \/>\n\t<meta name=\"twitter:label2\" content=\"Tiempo de lectura\" \/>\n\t<meta name=\"twitter:data2\" content=\"4 minutos\" \/>\n<script type=\"application\/ld+json\" class=\"yoast-schema-graph\">{\"@context\":\"https:\\\/\\\/schema.org\",\"@graph\":[{\"@type\":\"Article\",\"@id\":\"https:\\\/\\\/acninternational.org\\\/es\\\/sacerdote-de-nepal-nuestra-presencia-entre-las-personas-que-sufren-les-dara-esperanza\\\/#article\",\"isPartOf\":{\"@id\":\"https:\\\/\\\/acninternational.org\\\/es\\\/sacerdote-de-nepal-nuestra-presencia-entre-las-personas-que-sufren-les-dara-esperanza\\\/\"},\"author\":{\"name\":\"Maria Lozano\",\"@id\":\"https:\\\/\\\/acninternational.org\\\/es\\\/#\\\/schema\\\/person\\\/91975fc8e2569591a0e2d868c7d5816c\"},\"headline\":\"Sacerdote de Nepal: \u00abNuestra presencia entre las personas que sufren les dar\u00e1 esperanza\u00bb\",\"datePublished\":\"2026-08-31T12:05:52+00:00\",\"dateModified\":\"2026-08-31T12:06:03+00:00\",\"mainEntityOfPage\":{\"@id\":\"https:\\\/\\\/acninternational.org\\\/es\\\/sacerdote-de-nepal-nuestra-presencia-entre-las-personas-que-sufren-les-dara-esperanza\\\/\"},\"wordCount\":695,\"publisher\":{\"@id\":\"https:\\\/\\\/acninternational.org\\\/es\\\/#organization\"},\"image\":{\"@id\":\"https:\\\/\\\/acninternational.org\\\/es\\\/sacerdote-de-nepal-nuestra-presencia-entre-las-personas-que-sufren-les-dara-esperanza\\\/#primaryimage\"},\"thumbnailUrl\":\"https:\\\/\\\/media.acninternational.org\\\/wp-content\\\/uploads\\\/2026\\\/08\\\/ACN-20170509-54013.jpg\",\"articleSection\":[\"NOTICIAS\"],\"inLanguage\":\"es\"},{\"@type\":\"WebPage\",\"@id\":\"https:\\\/\\\/acninternational.org\\\/es\\\/sacerdote-de-nepal-nuestra-presencia-entre-las-personas-que-sufren-les-dara-esperanza\\\/\",\"url\":\"https:\\\/\\\/acninternational.org\\\/es\\\/sacerdote-de-nepal-nuestra-presencia-entre-las-personas-que-sufren-les-dara-esperanza\\\/\",\"name\":\"Sacerdote de Nepal: Compromiso con la Comunidad | ACN International\",\"isPartOf\":{\"@id\":\"https:\\\/\\\/acninternational.org\\\/es\\\/#website\"},\"primaryImageOfPage\":{\"@id\":\"https:\\\/\\\/acninternational.org\\\/es\\\/sacerdote-de-nepal-nuestra-presencia-entre-las-personas-que-sufren-les-dara-esperanza\\\/#primaryimage\"},\"image\":{\"@id\":\"https:\\\/\\\/acninternational.org\\\/es\\\/sacerdote-de-nepal-nuestra-presencia-entre-las-personas-que-sufren-les-dara-esperanza\\\/#primaryimage\"},\"thumbnailUrl\":\"https:\\\/\\\/media.acninternational.org\\\/wp-content\\\/uploads\\\/2026\\\/08\\\/ACN-20170509-54013.jpg\",\"datePublished\":\"2026-08-31T12:05:52+00:00\",\"dateModified\":\"2026-08-31T12:06:03+00:00\",\"description\":\"Descubre c\u00f3mo el sacerdote de Nepal est\u00e1 apoyando a las v\u00edctimas de las inundaciones y brindando esperanza en medio de la devastaci\u00f3n.\",\"breadcrumb\":{\"@id\":\"https:\\\/\\\/acninternational.org\\\/es\\\/sacerdote-de-nepal-nuestra-presencia-entre-las-personas-que-sufren-les-dara-esperanza\\\/#breadcrumb\"},\"inLanguage\":\"es\",\"potentialAction\":[{\"@type\":\"ReadAction\",\"target\":[\"https:\\\/\\\/acninternational.org\\\/es\\\/sacerdote-de-nepal-nuestra-presencia-entre-las-personas-que-sufren-les-dara-esperanza\\\/\"]}]},{\"@type\":\"ImageObject\",\"inLanguage\":\"es\",\"@id\":\"https:\\\/\\\/acninternational.org\\\/es\\\/sacerdote-de-nepal-nuestra-presencia-entre-las-personas-que-sufren-les-dara-esperanza\\\/#primaryimage\",\"url\":\"https:\\\/\\\/media.acninternational.org\\\/wp-content\\\/uploads\\\/2026\\\/08\\\/ACN-20170509-54013.jpg\",\"contentUrl\":\"https:\\\/\\\/media.acninternational.org\\\/wp-content\\\/uploads\\\/2026\\\/08\\\/ACN-20170509-54013.jpg\",\"width\":1980,\"height\":800},{\"@type\":\"BreadcrumbList\",\"@id\":\"https:\\\/\\\/acninternational.org\\\/es\\\/sacerdote-de-nepal-nuestra-presencia-entre-las-personas-que-sufren-les-dara-esperanza\\\/#breadcrumb\",\"itemListElement\":[{\"@type\":\"ListItem\",\"position\":1,\"name\":\"Home\",\"item\":\"https:\\\/\\\/acninternational.org\\\/es\\\/\"},{\"@type\":\"ListItem\",\"position\":2,\"name\":\"NOTICIAS\",\"item\":\"https:\\\/\\\/acninternational.org\\\/es\\\/category\\\/news-es\\\/\"},{\"@type\":\"ListItem\",\"position\":3,\"name\":\"Sacerdote de Nepal: \u00abNuestra presencia entre las personas que sufren les dar\u00e1 esperanza\u00bb\"}]},{\"@type\":\"WebSite\",\"@id\":\"https:\\\/\\\/acninternational.org\\\/es\\\/#website\",\"url\":\"https:\\\/\\\/acninternational.org\\\/es\\\/\",\"name\":\"ACN International\",\"description\":\"\",\"publisher\":{\"@id\":\"https:\\\/\\\/acninternational.org\\\/es\\\/#organization\"},\"potentialAction\":[{\"@type\":\"SearchAction\",\"target\":{\"@type\":\"EntryPoint\",\"urlTemplate\":\"https:\\\/\\\/acninternational.org\\\/es\\\/?s={search_term_string}\"},\"query-input\":{\"@type\":\"PropertyValueSpecification\",\"valueRequired\":true,\"valueName\":\"search_term_string\"}}],\"inLanguage\":\"es\"},{\"@type\":\"Organization\",\"@id\":\"https:\\\/\\\/acninternational.org\\\/es\\\/#organization\",\"name\":\"Aid to the Church in Need International\",\"url\":\"https:\\\/\\\/acninternational.org\\\/es\\\/\",\"logo\":{\"@type\":\"ImageObject\",\"inLanguage\":\"es\",\"@id\":\"https:\\\/\\\/acninternational.org\\\/es\\\/#\\\/schema\\\/logo\\\/image\\\/\",\"url\":\"https:\\\/\\\/media.acninternational.org\\\/wp-content\\\/uploads\\\/2019\\\/11\\\/acn_logo_blackvector.svg\",\"contentUrl\":\"https:\\\/\\\/media.acninternational.org\\\/wp-content\\\/uploads\\\/2019\\\/11\\\/acn_logo_blackvector.svg\",\"width\":232.6,\"height\":78,\"caption\":\"Aid to the Church in Need International\"},\"image\":{\"@id\":\"https:\\\/\\\/acninternational.org\\\/es\\\/#\\\/schema\\\/logo\\\/image\\\/\"},\"sameAs\":[\"https:\\\/\\\/www.facebook.com\\\/acninternationalorg\",\"https:\\\/\\\/x.com\\\/acn_int\",\"https:\\\/\\\/www.youtube.com\\\/channel\\\/UCQ-077gS0TnVzkhHmf1opZw\",\"https:\\\/\\\/www.instagram.com\\\/acn_international\\\/\"]},{\"@type\":\"Person\",\"@id\":\"https:\\\/\\\/acninternational.org\\\/es\\\/#\\\/schema\\\/person\\\/91975fc8e2569591a0e2d868c7d5816c\",\"name\":\"Maria Lozano\",\"description\":\"Lorem ipsum dolor sit amet, consectetur adipiscing elit, sed do eiusmod tempor incididunt ut labore et dolore magna aliqua. Ut enim ad minim veniam, quis nostrud exercitation ullamco laboris nisi ut aliquip ex ea commodo consequat.\",\"url\":\"https:\\\/\\\/acninternational.org\\\/es\\\/author\\\/maria\\\/\"}]}<\/script>\n<!-- \/ Yoast SEO Premium plugin. -->","yoast_head_json":{"title":"Sacerdote de Nepal: Compromiso con la Comunidad | ACN International","description":"Descubre c\u00f3mo el sacerdote de Nepal est\u00e1 apoyando a las v\u00edctimas de las inundaciones y brindando esperanza en medio de la devastaci\u00f3n.","robots":{"index":"index","follow":"follow","max-snippet":"max-snippet:-1","max-image-preview":"max-image-preview:large","max-video-preview":"max-video-preview:-1"},"canonical":"https:\/\/acninternational.org\/es\/sacerdote-de-nepal-nuestra-presencia-entre-las-personas-que-sufren-les-dara-esperanza\/","og_locale":"es_ES","og_type":"article","og_title":"Sacerdote de Nepal: \u00abNuestra presencia entre las personas que sufren les dar\u00e1 esperanza\u00bb","og_description":"Descubre c\u00f3mo el sacerdote de Nepal est\u00e1 apoyando a las v\u00edctimas de las inundaciones y brindando esperanza en medio de la devastaci\u00f3n.","og_url":"https:\/\/acninternational.org\/es\/sacerdote-de-nepal-nuestra-presencia-entre-las-personas-que-sufren-les-dara-esperanza\/","og_site_name":"ACN International","article_publisher":"https:\/\/www.facebook.com\/acninternationalorg","article_published_time":"2026-08-31T12:05:52+00:00","article_modified_time":"2026-08-31T12:06:03+00:00","og_image":[{"width":1980,"height":800,"url":"https:\/\/media.acninternational.org\/wp-content\/uploads\/2026\/08\/ACN-20170509-54013.jpg","type":"image\/jpeg"}],"author":"Maria Lozano","twitter_card":"summary_large_image","twitter_creator":"@acn_int","twitter_site":"@acn_int","twitter_misc":{"Escrito por":"Maria Lozano","Tiempo de lectura":"4 minutos"},"schema":{"@context":"https:\/\/schema.org","@graph":[{"@type":"Article","@id":"https:\/\/acninternational.org\/es\/sacerdote-de-nepal-nuestra-presencia-entre-las-personas-que-sufren-les-dara-esperanza\/#article","isPartOf":{"@id":"https:\/\/acninternational.org\/es\/sacerdote-de-nepal-nuestra-presencia-entre-las-personas-que-sufren-les-dara-esperanza\/"},"author":{"name":"Maria Lozano","@id":"https:\/\/acninternational.org\/es\/#\/schema\/person\/91975fc8e2569591a0e2d868c7d5816c"},"headline":"Sacerdote de Nepal: \u00abNuestra presencia entre las personas que sufren les dar\u00e1 esperanza\u00bb","datePublished":"2026-08-31T12:05:52+00:00","dateModified":"2026-08-31T12:06:03+00:00","mainEntityOfPage":{"@id":"https:\/\/acninternational.org\/es\/sacerdote-de-nepal-nuestra-presencia-entre-las-personas-que-sufren-les-dara-esperanza\/"},"wordCount":695,"publisher":{"@id":"https:\/\/acninternational.org\/es\/#organization"},"image":{"@id":"https:\/\/acninternational.org\/es\/sacerdote-de-nepal-nuestra-presencia-entre-las-personas-que-sufren-les-dara-esperanza\/#primaryimage"},"thumbnailUrl":"https:\/\/media.acninternational.org\/wp-content\/uploads\/2026\/08\/ACN-20170509-54013.jpg","articleSection":["NOTICIAS"],"inLanguage":"es"},{"@type":"WebPage","@id":"https:\/\/acninternational.org\/es\/sacerdote-de-nepal-nuestra-presencia-entre-las-personas-que-sufren-les-dara-esperanza\/","url":"https:\/\/acninternational.org\/es\/sacerdote-de-nepal-nuestra-presencia-entre-las-personas-que-sufren-les-dara-esperanza\/","name":"Sacerdote de Nepal: Compromiso con la Comunidad | ACN International","isPartOf":{"@id":"https:\/\/acninternational.org\/es\/#website"},"primaryImageOfPage":{"@id":"https:\/\/acninternational.org\/es\/sacerdote-de-nepal-nuestra-presencia-entre-las-personas-que-sufren-les-dara-esperanza\/#primaryimage"},"image":{"@id":"https:\/\/acninternational.org\/es\/sacerdote-de-nepal-nuestra-presencia-entre-las-personas-que-sufren-les-dara-esperanza\/#primaryimage"},"thumbnailUrl":"https:\/\/media.acninternational.org\/wp-content\/uploads\/2026\/08\/ACN-20170509-54013.jpg","datePublished":"2026-08-31T12:05:52+00:00","dateModified":"2026-08-31T12:06:03+00:00","description":"Descubre c\u00f3mo el sacerdote de Nepal est\u00e1 apoyando a las v\u00edctimas de las inundaciones y brindando esperanza en medio de la devastaci\u00f3n.","breadcrumb":{"@id":"https:\/\/acninternational.org\/es\/sacerdote-de-nepal-nuestra-presencia-entre-las-personas-que-sufren-les-dara-esperanza\/#breadcrumb"},"inLanguage":"es","potentialAction":[{"@type":"ReadAction","target":["https:\/\/acninternational.org\/es\/sacerdote-de-nepal-nuestra-presencia-entre-las-personas-que-sufren-les-dara-esperanza\/"]}]},{"@type":"ImageObject","inLanguage":"es","@id":"https:\/\/acninternational.org\/es\/sacerdote-de-nepal-nuestra-presencia-entre-las-personas-que-sufren-les-dara-esperanza\/#primaryimage","url":"https:\/\/media.acninternational.org\/wp-content\/uploads\/2026\/08\/ACN-20170509-54013.jpg","contentUrl":"https:\/\/media.acninternational.org\/wp-content\/uploads\/2026\/08\/ACN-20170509-54013.jpg","width":1980,"height":800},{"@type":"BreadcrumbList","@id":"https:\/\/acninternational.org\/es\/sacerdote-de-nepal-nuestra-presencia-entre-las-personas-que-sufren-les-dara-esperanza\/#breadcrumb","itemListElement":[{"@type":"ListItem","position":1,"name":"Home","item":"https:\/\/acninternational.org\/es\/"},{"@type":"ListItem","position":2,"name":"NOTICIAS","item":"https:\/\/acninternational.org\/es\/category\/news-es\/"},{"@type":"ListItem","position":3,"name":"Sacerdote de Nepal: \u00abNuestra presencia entre las personas que sufren les dar\u00e1 esperanza\u00bb"}]},{"@type":"WebSite","@id":"https:\/\/acninternational.org\/es\/#website","url":"https:\/\/acninternational.org\/es\/","name":"ACN International","description":"","publisher":{"@id":"https:\/\/acninternational.org\/es\/#organization"},"potentialAction":[{"@type":"SearchAction","target":{"@type":"EntryPoint","urlTemplate":"https:\/\/acninternational.org\/es\/?s={search_term_string}"},"query-input":{"@type":"PropertyValueSpecification","valueRequired":true,"valueName":"search_term_string"}}],"inLanguage":"es"},{"@type":"Organization","@id":"https:\/\/acninternational.org\/es\/#organization","name":"Aid to the Church in Need International","url":"https:\/\/acninternational.org\/es\/","logo":{"@type":"ImageObject","inLanguage":"es","@id":"https:\/\/acninternational.org\/es\/#\/schema\/logo\/image\/","url":"https:\/\/media.acninternational.org\/wp-content\/uploads\/2019\/11\/acn_logo_blackvector.svg","contentUrl":"https:\/\/media.acninternational.org\/wp-content\/uploads\/2019\/11\/acn_logo_blackvector.svg","width":232.6,"height":78,"caption":"Aid to the Church in Need International"},"image":{"@id":"https:\/\/acninternational.org\/es\/#\/schema\/logo\/image\/"},"sameAs":["https:\/\/www.facebook.com\/acninternationalorg","https:\/\/x.com\/acn_int","https:\/\/www.youtube.com\/channel\/UCQ-077gS0TnVzkhHmf1opZw","https:\/\/www.instagram.com\/acn_international\/"]},{"@type":"Person","@id":"https:\/\/acninternational.org\/es\/#\/schema\/person\/91975fc8e2569591a0e2d868c7d5816c","name":"Maria Lozano","description":"Lorem ipsum dolor sit amet, consectetur adipiscing elit, sed do eiusmod tempor incididunt ut labore et dolore magna aliqua. Ut enim ad minim veniam, quis nostrud exercitation ullamco laboris nisi ut aliquip ex ea commodo consequat.","url":"https:\/\/acninternational.org\/es\/author\/maria\/"}]}},"_links":{"self":[{"href":"https:\/\/acninternational.org\/es\/wp-json\/wp\/v2\/posts\/268424","targetHints":{"allow":["GET"]}}],"collection":[{"href":"https:\/\/acninternational.org\/es\/wp-json\/wp\/v2\/posts"}],"about":[{"href":"https:\/\/acninternational.org\/es\/wp-json\/wp\/v2\/types\/post"}],"author":[{"embeddable":true,"href":"https:\/\/acninternational.org\/es\/wp-json\/wp\/v2\/users\/4258341378"}],"replies":[{"embeddable":true,"href":"https:\/\/acninternational.org\/es\/wp-json\/wp\/v2\/comments?post=268424"}],"version-history":[{"count":1,"href":"https:\/\/acninternational.org\/es\/wp-json\/wp\/v2\/posts\/268424\/revisions"}],"predecessor-version":[{"id":268425,"href":"https:\/\/acninternational.org\/es\/wp-json\/wp\/v2\/posts\/268424\/revisions\/268425"}],"wp:featuredmedia":[{"embeddable":true,"href":"https:\/\/acninternational.org\/es\/wp-json\/wp\/v2\/media\/268416"}],"wp:attachment":[{"href":"https:\/\/acninternational.org\/es\/wp-json\/wp\/v2\/media?parent=268424"}],"wp:term":[{"taxonomy":"category","embeddable":true,"href":"https:\/\/acninternational.org\/es\/wp-json\/wp\/v2\/categories?post=268424"},{"taxonomy":"post_tag","embeddable":true,"href":"https:\/\/acninternational.org\/es\/wp-json\/wp\/v2\/tags?post=268424"},{"taxonomy":"country","embeddable":true,"href":"https:\/\/acninternational.org\/es\/wp-json\/wp\/v2\/country?post=268424"}],"curies":[{"name":"wp","href":"https:\/\/api.w.org\/{rel}","templated":true}]}}