{"id":263790,"date":"2026-04-29T14:06:21","date_gmt":"2026-04-29T12:06:21","guid":{"rendered":"https:\/\/acninternational.org\/?p=263790"},"modified":"2026-04-29T14:45:40","modified_gmt":"2026-04-29T12:45:40","slug":"sudan-del-sur-el-obispo-que-devolvio-la-vida-a-su-diocesis","status":"publish","type":"post","link":"https:\/\/acninternational.org\/es\/sudan-del-sur-el-obispo-que-devolvio-la-vida-a-su-diocesis\/","title":{"rendered":"Sud\u00e1n del Sur: El obispo que devolvi\u00f3 la vida a su di\u00f3cesis"},"content":{"rendered":"\n<p><em>Cuando Mons. Stephen Nyodho fue\u00a0obispo de la di\u00f3cesis de Malakal, no quedaba nada; ni edificios, ni servicios, ni feligreses. Con valent\u00eda y liderando con el ejemplo, comenz\u00f3 la reconstrucci\u00f3n: primero de la confianza y luego de la infraestructura.<\/em><\/p>\n\n\n<div class=\"wp-block-image\">\n<figure class=\"aligncenter size-large\"><img loading=\"lazy\" decoding=\"async\" width=\"731\" height=\"1024\" src=\"https:\/\/media.acninternational.org\/wp-content\/uploads\/2026\/04\/ACN-20210518-113221-731x1024.jpg\" alt=\"\" class=\"wp-image-263759\" srcset=\"https:\/\/media.acninternational.org\/wp-content\/uploads\/2026\/04\/ACN-20210518-113221-731x1024.jpg 731w, https:\/\/media.acninternational.org\/wp-content\/uploads\/2026\/04\/ACN-20210518-113221-214x300.jpg 214w, https:\/\/media.acninternational.org\/wp-content\/uploads\/2026\/04\/ACN-20210518-113221-768x1075.jpg 768w, https:\/\/media.acninternational.org\/wp-content\/uploads\/2026\/04\/ACN-20210518-113221.jpg 1080w\" sizes=\"auto, (max-width: 731px) 100vw, 731px\" \/><figcaption class=\"wp-element-caption\">Mons. Stephen Nyodho<\/figcaption><\/figure>\n<\/div>\n\n\n<p>La ciudad de Malakal, en Sud\u00e1n del Sur, era el hogar de decenas de miles de personas antes de que comenzara la guerra civil en 2013, poco despu\u00e9s de que el sacerdote Stephen Nyodho se trasladara a Roma para hacer su doctorado.<\/p>\n\n\n\n<p>En 2019, cuando el papa Francisco lo nombr\u00f3 obispo de Malakal, Mons. Stephen Nyodho quiso ser ordenado obispo en su ciudad natal. Pero nada lo hab\u00eda preparado para la devastaci\u00f3n que encontrar\u00eda<\/p>\n\n\n\n<p>\u00abCuando regres\u00e9, no quedaba nada, ni siquiera una silla o una mesa, nada. Tuve que empezar de cero. Muchas iglesias, muchas capillas, incluyendo todas las dem\u00e1s instituciones de la Iglesia, hab\u00edan sido destruidas; no quedaba nada. Cuando lo vi por primera vez, llor\u00e9, porque aqu\u00ed es donde nac\u00ed, donde crec\u00ed. Pero mi casa, mi escuela, todo hab\u00eda desaparecido\u201d, explic\u00f3 el sacerdote durante una visita a la sede internacional de Aid to the Church in Need (ACN) en Alemania.<\/p>\n\n\n\n<p>En Malakal solo quedaban alrededor de mil personas. El resto de la poblaci\u00f3n hab\u00eda huido y alrededor de 50.000 personas que viv\u00edan en los campamentos de la ONU cercanos.<\/p>\n\n\n<div class=\"wp-block-image\">\n<figure class=\"aligncenter size-large\"><img loading=\"lazy\" decoding=\"async\" width=\"1024\" height=\"768\" src=\"https:\/\/media.acninternational.org\/wp-content\/uploads\/2026\/04\/ACN-20230206-140026-1024x768.jpg\" alt=\"\" class=\"wp-image-263766\" srcset=\"https:\/\/media.acninternational.org\/wp-content\/uploads\/2026\/04\/ACN-20230206-140026-1024x768.jpg 1024w, https:\/\/media.acninternational.org\/wp-content\/uploads\/2026\/04\/ACN-20230206-140026-300x225.jpg 300w, https:\/\/media.acninternational.org\/wp-content\/uploads\/2026\/04\/ACN-20230206-140026-768x576.jpg 768w, https:\/\/media.acninternational.org\/wp-content\/uploads\/2026\/04\/ACN-20230206-140026.jpg 1500w\" sizes=\"auto, (max-width: 1024px) 100vw, 1024px\" \/><figcaption class=\"wp-element-caption\">Multitudes de personas se re\u00fanen para asistir a misa en un campo de refugiados en Malakal<\/figcaption><\/figure>\n<\/div>\n\n\n<p>La noticia del regreso de un obispo a la di\u00f3cesis cre\u00f3 sensaci\u00f3n. La gente acudi\u00f3. \u00bb Mi consagraci\u00f3n trajo a miles de personas de vuelta para ver Malakal de nuevo; de los campamentos e incluso de Jartum, la capital del vecino Sud\u00e1n, regresaron por primera vez para ver Malakal despu\u00e9s de la destrucci\u00f3n,\u00bb subray\u00f3 Mons. Stephen Nyodho, a\u00f1adiendo que \u00abincluso los obispos que fueron all\u00ed para la consagraci\u00f3n regresaron a Juba, capital de Sud\u00e1n del Sur, el mismo d\u00eda porque en Malakal no hab\u00eda d\u00f3nde alojarse.\u00bb<\/p>\n\n\n\n<p>Pero el obispo permaneci\u00f3 all\u00ed y, para sorpresa de muchos, la vida comenz\u00f3 a regresar a Malakal: \u00abEl hecho de que me quedara en Malakal trajo esperanza. Ahora hay m\u00e1s de 20.000 personas. Casi todas las escuelas est\u00e1n abiertas y est\u00e1n llenas de ni\u00f1os. \u00a1La vida est\u00e1 volviendo!\u00bb<\/p>\n\n\n\n<p>Mientras una paz tentativa se afianzaba lentamente en Sud\u00e1n del Sur, otra guerra civil estallaba en 2023 en Sud\u00e1n, al otro lado de la frontera. Habr\u00eda sido comprensible que la Iglesia hubiera decidido que ten\u00eda suficientes problemas que resolver, pero cuando el obispo escuch\u00f3 que se estaban reuniendo multitudes al otro lado del Nilo Blanco, con la esperanza de ponerse a salvo, no dud\u00f3. \u00abRecib\u00ed una llamada de mi personal; me dijeron que la situaci\u00f3n era dif\u00edcil, que hab\u00eda miles de personas en la orilla del r\u00edo que quer\u00edan venir a Malakal. Estaban varados, con las manos vac\u00edas y exhaustos por su huida de Jartum,\u00bb cuenta el obispo a ACN.<\/p>\n\n\n<div class=\"wp-block-image\">\n<figure class=\"aligncenter size-large\"><img loading=\"lazy\" decoding=\"async\" width=\"1024\" height=\"461\" src=\"https:\/\/media.acninternational.org\/wp-content\/uploads\/2026\/04\/ACN-20200723-103370-1024x461.jpg\" alt=\"\" class=\"wp-image-263772\" srcset=\"https:\/\/media.acninternational.org\/wp-content\/uploads\/2026\/04\/ACN-20200723-103370-1024x461.jpg 1024w, https:\/\/media.acninternational.org\/wp-content\/uploads\/2026\/04\/ACN-20200723-103370-300x135.jpg 300w, https:\/\/media.acninternational.org\/wp-content\/uploads\/2026\/04\/ACN-20200723-103370-768x346.jpg 768w, https:\/\/media.acninternational.org\/wp-content\/uploads\/2026\/04\/ACN-20200723-103370.jpg 1500w\" sizes=\"auto, (max-width: 1024px) 100vw, 1024px\" \/><figcaption class=\"wp-element-caption\">Beneficiarios de la ayuda humanitaria de emergencia en Malakal<\/figcaption><\/figure>\n<\/div>\n\n\n<p>\u00abDije que no hab\u00eda ning\u00fan problema y dispuse que nuestra embarcaci\u00f3n m\u00e1s grande fuera inmediatamente a recoger a la gente y traerla a Malakal. Trajimos a m\u00e1s de 10 mil personas. Nuestra di\u00f3cesis fue la primera en traer desplazados, y la di\u00f3cesis todav\u00eda alimenta a muchos de ellos hoy\u00bb, explica el obispo.<\/p>\n\n\n\n<p>La prioridad para el obispo ahora es la reconstrucci\u00f3n. \u00abCuando llegu\u00e9 a Malakal, dije que quer\u00eda reconstruir primero la convivencia social, porque nuestra gente estaba dividida durante la guerra, mat\u00e1ndose entre s\u00ed, destruy\u00e9ndose a s\u00ed mismos. Fue la gente de aqu\u00ed la que destruy\u00f3 el lugar. Entonces, \u00bfc\u00f3mo se les puede traer de vuelta? Porque podemos reconstruir el lugar, podemos reconstruir las carreteras, pero pueden volver a luchar y destruirlo. Lo importante es construir la paz. Por eso decid\u00ed que primero se deb\u00eda abrir la radio. Es la \u00fanica radio en la localidad y ha cambiado la vida de miles de personas\u201d.<\/p>\n\n\n\n<p>\u00abAhora la situaci\u00f3n est\u00e1 un poco m\u00e1s tranquila y queremos reconstruir otras cosas, por ejemplo casas para los sacerdotes, renovar algunas iglesias, escuelas y construir otros lugares nuevos.\u00bb<\/p>\n\n\n<div class=\"wp-block-image\">\n<figure class=\"aligncenter size-large\"><img loading=\"lazy\" decoding=\"async\" width=\"1024\" height=\"768\" src=\"https:\/\/media.acninternational.org\/wp-content\/uploads\/2026\/04\/ACN-20240718-169061-1024x768.jpg\" alt=\"\" class=\"wp-image-263778\" srcset=\"https:\/\/media.acninternational.org\/wp-content\/uploads\/2026\/04\/ACN-20240718-169061-1024x768.jpg 1024w, https:\/\/media.acninternational.org\/wp-content\/uploads\/2026\/04\/ACN-20240718-169061-300x225.jpg 300w, https:\/\/media.acninternational.org\/wp-content\/uploads\/2026\/04\/ACN-20240718-169061-768x576.jpg 768w, https:\/\/media.acninternational.org\/wp-content\/uploads\/2026\/04\/ACN-20240718-169061.jpg 1500w\" sizes=\"auto, (max-width: 1024px) 100vw, 1024px\" \/><figcaption class=\"wp-element-caption\">Construcci\u00f3n de refugios para personas desplazadas en la di\u00f3cesis de Malakal<\/figcaption><\/figure>\n<\/div>\n\n\n<p>Pero la reconstrucci\u00f3n tiene sus desaf\u00edos. El obispo Stephen explica que Malakal es uno de los lugares m\u00e1s caros del mundo para la construcci\u00f3n. Un saco de cemento, que en Juba cuesta 15 d\u00f3lares estadounidenses, cuesta 50 en Malakal, debido al costo de transportar el material por carretera o por barco.<\/p>\n\n\n\n<p>Por eso el obispo Stephen Nyodho est\u00e1 tan agradecido a los benefactores que permiten a ACN apoyar proyectos en Malakal. \u00abSin el apoyo que ustedes brindan, las vidas de miles de personas en la di\u00f3cesis de Malakal y en diferentes partes de Sud\u00e1n del Sur estar\u00edan en peligro. Dios bendecir\u00e1 su generosidad. Hay miles de personas que todav\u00eda sufren &#8211; en Sud\u00e1n del Sur y en la di\u00f3cesis de Malakal -, y seguimos inst\u00e1ndoles, por favor, ap\u00f3yennos, caminen con nosotros en este camino de sufrimiento. No nos dejen solos. Dependemos de ustedes. Gracias.\u00bb<\/p>\n","protected":false},"excerpt":{"rendered":"<p>Cuando Mons. Stephen Nyodho fue\u00a0obispo de la di\u00f3cesis de Malakal, no quedaba nada; ni edificios, ni servicios, ni feligreses. Con valent\u00eda y liderando con el ejemplo, comenz\u00f3 la reconstrucci\u00f3n: primero de la confianza y luego de la infraestructura. La ciudad de Malakal, en Sud\u00e1n del Sur, era el hogar de decenas de miles de personas [&hellip;]<\/p>\n","protected":false},"author":4258341377,"featured_media":263757,"comment_status":"closed","ping_status":"closed","sticky":false,"template":"","format":"standard","meta":{"_acf_changed":false,"_acn_coauthor_ids":[],"footnotes":""},"categories":[760],"tags":[],"country":[1574,909],"class_list":["post-263790","post","type-post","status-publish","format-standard","has-post-thumbnail","hentry","category-destacado","country-south-sudan-es","country-sudan-del-sur"],"acn_coauthors":[],"acf":[],"yoast_head":"<!-- This site is optimized with the Yoast SEO Premium plugin v27.3 (Yoast SEO v27.3) - https:\/\/yoast.com\/product\/yoast-seo-premium-wordpress\/ -->\n<title>Sud\u00e1n del Sur: El obispo que devolvi\u00f3 la vida a su di\u00f3cesis | ACN International<\/title>\n<meta name=\"description\" content=\"Con valent\u00eda y liderando con el ejemplo, comenz\u00f3 la reconstrucci\u00f3n: primero de la confianza y luego de la infraestructura.\" \/>\n<meta name=\"robots\" content=\"index, follow, max-snippet:-1, max-image-preview:large, max-video-preview:-1\" \/>\n<link rel=\"canonical\" href=\"https:\/\/acninternational.org\/es\/sudan-del-sur-el-obispo-que-devolvio-la-vida-a-su-diocesis\/\" \/>\n<meta property=\"og:locale\" content=\"es_ES\" \/>\n<meta property=\"og:type\" content=\"article\" \/>\n<meta property=\"og:title\" content=\"Sud\u00e1n del Sur: El obispo que devolvi\u00f3 la vida a su di\u00f3cesis\" \/>\n<meta property=\"og:description\" content=\"Con valent\u00eda y liderando con el ejemplo, comenz\u00f3 la reconstrucci\u00f3n: primero de la confianza y luego de la infraestructura.\" \/>\n<meta property=\"og:url\" content=\"https:\/\/acninternational.org\/es\/sudan-del-sur-el-obispo-que-devolvio-la-vida-a-su-diocesis\/\" \/>\n<meta property=\"og:site_name\" content=\"ACN International\" \/>\n<meta property=\"article:publisher\" content=\"https:\/\/www.facebook.com\/acninternationalorg\" \/>\n<meta property=\"article:published_time\" content=\"2026-04-29T12:06:21+00:00\" \/>\n<meta property=\"article:modified_time\" content=\"2026-04-29T12:45:40+00:00\" \/>\n<meta property=\"og:image\" content=\"https:\/\/media.acninternational.org\/wp-content\/uploads\/2026\/04\/ACN-20240718-169048.jpg\" \/>\n\t<meta property=\"og:image:width\" content=\"1980\" \/>\n\t<meta property=\"og:image:height\" content=\"800\" \/>\n\t<meta property=\"og:image:type\" content=\"image\/jpeg\" \/>\n<meta name=\"author\" content=\"Filipe d\u2019Avillez\" \/>\n<meta name=\"twitter:card\" content=\"summary_large_image\" \/>\n<meta name=\"twitter:creator\" content=\"@acn_int\" \/>\n<meta name=\"twitter:site\" content=\"@acn_int\" \/>\n<meta name=\"twitter:label1\" content=\"Escrito por\" \/>\n\t<meta name=\"twitter:data1\" content=\"Filipe d\u2019Avillez\" \/>\n\t<meta name=\"twitter:label2\" content=\"Tiempo de lectura\" \/>\n\t<meta name=\"twitter:data2\" content=\"5 minutos\" \/>\n<script type=\"application\/ld+json\" class=\"yoast-schema-graph\">{\"@context\":\"https:\\\/\\\/schema.org\",\"@graph\":[{\"@type\":\"Article\",\"@id\":\"https:\\\/\\\/acninternational.org\\\/es\\\/sudan-del-sur-el-obispo-que-devolvio-la-vida-a-su-diocesis\\\/#article\",\"isPartOf\":{\"@id\":\"https:\\\/\\\/acninternational.org\\\/es\\\/sudan-del-sur-el-obispo-que-devolvio-la-vida-a-su-diocesis\\\/\"},\"author\":{\"name\":\"Filipe d\u2019Avillez\",\"@id\":\"https:\\\/\\\/acninternational.org\\\/es\\\/#\\\/schema\\\/person\\\/7489225627ad784c8faa0f4616c1cbdf\"},\"headline\":\"Sud\u00e1n del Sur: El obispo que devolvi\u00f3 la vida a su di\u00f3cesis\",\"datePublished\":\"2026-04-29T12:06:21+00:00\",\"dateModified\":\"2026-04-29T12:45:40+00:00\",\"mainEntityOfPage\":{\"@id\":\"https:\\\/\\\/acninternational.org\\\/es\\\/sudan-del-sur-el-obispo-que-devolvio-la-vida-a-su-diocesis\\\/\"},\"wordCount\":906,\"publisher\":{\"@id\":\"https:\\\/\\\/acninternational.org\\\/es\\\/#organization\"},\"image\":{\"@id\":\"https:\\\/\\\/acninternational.org\\\/es\\\/sudan-del-sur-el-obispo-que-devolvio-la-vida-a-su-diocesis\\\/#primaryimage\"},\"thumbnailUrl\":\"https:\\\/\\\/media.acninternational.org\\\/wp-content\\\/uploads\\\/2026\\\/04\\\/ACN-20240718-169048.jpg\",\"articleSection\":[\"DESTACADO\"],\"inLanguage\":\"es\"},{\"@type\":\"WebPage\",\"@id\":\"https:\\\/\\\/acninternational.org\\\/es\\\/sudan-del-sur-el-obispo-que-devolvio-la-vida-a-su-diocesis\\\/\",\"url\":\"https:\\\/\\\/acninternational.org\\\/es\\\/sudan-del-sur-el-obispo-que-devolvio-la-vida-a-su-diocesis\\\/\",\"name\":\"Sud\u00e1n del Sur: El obispo que devolvi\u00f3 la vida a su di\u00f3cesis | ACN International\",\"isPartOf\":{\"@id\":\"https:\\\/\\\/acninternational.org\\\/es\\\/#website\"},\"primaryImageOfPage\":{\"@id\":\"https:\\\/\\\/acninternational.org\\\/es\\\/sudan-del-sur-el-obispo-que-devolvio-la-vida-a-su-diocesis\\\/#primaryimage\"},\"image\":{\"@id\":\"https:\\\/\\\/acninternational.org\\\/es\\\/sudan-del-sur-el-obispo-que-devolvio-la-vida-a-su-diocesis\\\/#primaryimage\"},\"thumbnailUrl\":\"https:\\\/\\\/media.acninternational.org\\\/wp-content\\\/uploads\\\/2026\\\/04\\\/ACN-20240718-169048.jpg\",\"datePublished\":\"2026-04-29T12:06:21+00:00\",\"dateModified\":\"2026-04-29T12:45:40+00:00\",\"description\":\"Con valent\u00eda y liderando con el ejemplo, comenz\u00f3 la reconstrucci\u00f3n: primero de la confianza y luego de la infraestructura.\",\"breadcrumb\":{\"@id\":\"https:\\\/\\\/acninternational.org\\\/es\\\/sudan-del-sur-el-obispo-que-devolvio-la-vida-a-su-diocesis\\\/#breadcrumb\"},\"inLanguage\":\"es\",\"potentialAction\":[{\"@type\":\"ReadAction\",\"target\":[\"https:\\\/\\\/acninternational.org\\\/es\\\/sudan-del-sur-el-obispo-que-devolvio-la-vida-a-su-diocesis\\\/\"]}]},{\"@type\":\"ImageObject\",\"inLanguage\":\"es\",\"@id\":\"https:\\\/\\\/acninternational.org\\\/es\\\/sudan-del-sur-el-obispo-que-devolvio-la-vida-a-su-diocesis\\\/#primaryimage\",\"url\":\"https:\\\/\\\/media.acninternational.org\\\/wp-content\\\/uploads\\\/2026\\\/04\\\/ACN-20240718-169048.jpg\",\"contentUrl\":\"https:\\\/\\\/media.acninternational.org\\\/wp-content\\\/uploads\\\/2026\\\/04\\\/ACN-20240718-169048.jpg\",\"width\":1980,\"height\":800},{\"@type\":\"BreadcrumbList\",\"@id\":\"https:\\\/\\\/acninternational.org\\\/es\\\/sudan-del-sur-el-obispo-que-devolvio-la-vida-a-su-diocesis\\\/#breadcrumb\",\"itemListElement\":[{\"@type\":\"ListItem\",\"position\":1,\"name\":\"Home\",\"item\":\"https:\\\/\\\/acninternational.org\\\/es\\\/\"},{\"@type\":\"ListItem\",\"position\":2,\"name\":\"DESTACADO\",\"item\":\"https:\\\/\\\/acninternational.org\\\/es\\\/category\\\/destacado\\\/\"},{\"@type\":\"ListItem\",\"position\":3,\"name\":\"Sud\u00e1n del Sur: El obispo que devolvi\u00f3 la vida a su di\u00f3cesis\"}]},{\"@type\":\"WebSite\",\"@id\":\"https:\\\/\\\/acninternational.org\\\/es\\\/#website\",\"url\":\"https:\\\/\\\/acninternational.org\\\/es\\\/\",\"name\":\"ACN International\",\"description\":\"\",\"publisher\":{\"@id\":\"https:\\\/\\\/acninternational.org\\\/es\\\/#organization\"},\"potentialAction\":[{\"@type\":\"SearchAction\",\"target\":{\"@type\":\"EntryPoint\",\"urlTemplate\":\"https:\\\/\\\/acninternational.org\\\/es\\\/?s={search_term_string}\"},\"query-input\":{\"@type\":\"PropertyValueSpecification\",\"valueRequired\":true,\"valueName\":\"search_term_string\"}}],\"inLanguage\":\"es\"},{\"@type\":\"Organization\",\"@id\":\"https:\\\/\\\/acninternational.org\\\/es\\\/#organization\",\"name\":\"Aid to the Church in Need International\",\"url\":\"https:\\\/\\\/acninternational.org\\\/es\\\/\",\"logo\":{\"@type\":\"ImageObject\",\"inLanguage\":\"es\",\"@id\":\"https:\\\/\\\/acninternational.org\\\/es\\\/#\\\/schema\\\/logo\\\/image\\\/\",\"url\":\"https:\\\/\\\/media.acninternational.org\\\/wp-content\\\/uploads\\\/2019\\\/11\\\/acn_logo_blackvector.svg\",\"contentUrl\":\"https:\\\/\\\/media.acninternational.org\\\/wp-content\\\/uploads\\\/2019\\\/11\\\/acn_logo_blackvector.svg\",\"width\":232.6,\"height\":78,\"caption\":\"Aid to the Church in Need International\"},\"image\":{\"@id\":\"https:\\\/\\\/acninternational.org\\\/es\\\/#\\\/schema\\\/logo\\\/image\\\/\"},\"sameAs\":[\"https:\\\/\\\/www.facebook.com\\\/acninternationalorg\",\"https:\\\/\\\/x.com\\\/acn_int\",\"https:\\\/\\\/www.youtube.com\\\/channel\\\/UCQ-077gS0TnVzkhHmf1opZw\",\"https:\\\/\\\/www.instagram.com\\\/acn_international\\\/\"]},{\"@type\":\"Person\",\"@id\":\"https:\\\/\\\/acninternational.org\\\/es\\\/#\\\/schema\\\/person\\\/7489225627ad784c8faa0f4616c1cbdf\",\"name\":\"Filipe d\u2019Avillez\",\"url\":\"https:\\\/\\\/acninternational.org\\\/es\\\/author\\\/filipe\\\/\"}]}<\/script>\n<!-- \/ Yoast SEO Premium plugin. -->","yoast_head_json":{"title":"Sud\u00e1n del Sur: El obispo que devolvi\u00f3 la vida a su di\u00f3cesis | ACN International","description":"Con valent\u00eda y liderando con el ejemplo, comenz\u00f3 la reconstrucci\u00f3n: primero de la confianza y luego de la infraestructura.","robots":{"index":"index","follow":"follow","max-snippet":"max-snippet:-1","max-image-preview":"max-image-preview:large","max-video-preview":"max-video-preview:-1"},"canonical":"https:\/\/acninternational.org\/es\/sudan-del-sur-el-obispo-que-devolvio-la-vida-a-su-diocesis\/","og_locale":"es_ES","og_type":"article","og_title":"Sud\u00e1n del Sur: El obispo que devolvi\u00f3 la vida a su di\u00f3cesis","og_description":"Con valent\u00eda y liderando con el ejemplo, comenz\u00f3 la reconstrucci\u00f3n: primero de la confianza y luego de la infraestructura.","og_url":"https:\/\/acninternational.org\/es\/sudan-del-sur-el-obispo-que-devolvio-la-vida-a-su-diocesis\/","og_site_name":"ACN International","article_publisher":"https:\/\/www.facebook.com\/acninternationalorg","article_published_time":"2026-04-29T12:06:21+00:00","article_modified_time":"2026-04-29T12:45:40+00:00","og_image":[{"width":1980,"height":800,"url":"https:\/\/media.acninternational.org\/wp-content\/uploads\/2026\/04\/ACN-20240718-169048.jpg","type":"image\/jpeg"}],"author":"Filipe d\u2019Avillez","twitter_card":"summary_large_image","twitter_creator":"@acn_int","twitter_site":"@acn_int","twitter_misc":{"Escrito por":"Filipe d\u2019Avillez","Tiempo de lectura":"5 minutos"},"schema":{"@context":"https:\/\/schema.org","@graph":[{"@type":"Article","@id":"https:\/\/acninternational.org\/es\/sudan-del-sur-el-obispo-que-devolvio-la-vida-a-su-diocesis\/#article","isPartOf":{"@id":"https:\/\/acninternational.org\/es\/sudan-del-sur-el-obispo-que-devolvio-la-vida-a-su-diocesis\/"},"author":{"name":"Filipe d\u2019Avillez","@id":"https:\/\/acninternational.org\/es\/#\/schema\/person\/7489225627ad784c8faa0f4616c1cbdf"},"headline":"Sud\u00e1n del Sur: El obispo que devolvi\u00f3 la vida a su di\u00f3cesis","datePublished":"2026-04-29T12:06:21+00:00","dateModified":"2026-04-29T12:45:40+00:00","mainEntityOfPage":{"@id":"https:\/\/acninternational.org\/es\/sudan-del-sur-el-obispo-que-devolvio-la-vida-a-su-diocesis\/"},"wordCount":906,"publisher":{"@id":"https:\/\/acninternational.org\/es\/#organization"},"image":{"@id":"https:\/\/acninternational.org\/es\/sudan-del-sur-el-obispo-que-devolvio-la-vida-a-su-diocesis\/#primaryimage"},"thumbnailUrl":"https:\/\/media.acninternational.org\/wp-content\/uploads\/2026\/04\/ACN-20240718-169048.jpg","articleSection":["DESTACADO"],"inLanguage":"es"},{"@type":"WebPage","@id":"https:\/\/acninternational.org\/es\/sudan-del-sur-el-obispo-que-devolvio-la-vida-a-su-diocesis\/","url":"https:\/\/acninternational.org\/es\/sudan-del-sur-el-obispo-que-devolvio-la-vida-a-su-diocesis\/","name":"Sud\u00e1n del Sur: El obispo que devolvi\u00f3 la vida a su di\u00f3cesis | ACN International","isPartOf":{"@id":"https:\/\/acninternational.org\/es\/#website"},"primaryImageOfPage":{"@id":"https:\/\/acninternational.org\/es\/sudan-del-sur-el-obispo-que-devolvio-la-vida-a-su-diocesis\/#primaryimage"},"image":{"@id":"https:\/\/acninternational.org\/es\/sudan-del-sur-el-obispo-que-devolvio-la-vida-a-su-diocesis\/#primaryimage"},"thumbnailUrl":"https:\/\/media.acninternational.org\/wp-content\/uploads\/2026\/04\/ACN-20240718-169048.jpg","datePublished":"2026-04-29T12:06:21+00:00","dateModified":"2026-04-29T12:45:40+00:00","description":"Con valent\u00eda y liderando con el ejemplo, comenz\u00f3 la reconstrucci\u00f3n: primero de la confianza y luego de la infraestructura.","breadcrumb":{"@id":"https:\/\/acninternational.org\/es\/sudan-del-sur-el-obispo-que-devolvio-la-vida-a-su-diocesis\/#breadcrumb"},"inLanguage":"es","potentialAction":[{"@type":"ReadAction","target":["https:\/\/acninternational.org\/es\/sudan-del-sur-el-obispo-que-devolvio-la-vida-a-su-diocesis\/"]}]},{"@type":"ImageObject","inLanguage":"es","@id":"https:\/\/acninternational.org\/es\/sudan-del-sur-el-obispo-que-devolvio-la-vida-a-su-diocesis\/#primaryimage","url":"https:\/\/media.acninternational.org\/wp-content\/uploads\/2026\/04\/ACN-20240718-169048.jpg","contentUrl":"https:\/\/media.acninternational.org\/wp-content\/uploads\/2026\/04\/ACN-20240718-169048.jpg","width":1980,"height":800},{"@type":"BreadcrumbList","@id":"https:\/\/acninternational.org\/es\/sudan-del-sur-el-obispo-que-devolvio-la-vida-a-su-diocesis\/#breadcrumb","itemListElement":[{"@type":"ListItem","position":1,"name":"Home","item":"https:\/\/acninternational.org\/es\/"},{"@type":"ListItem","position":2,"name":"DESTACADO","item":"https:\/\/acninternational.org\/es\/category\/destacado\/"},{"@type":"ListItem","position":3,"name":"Sud\u00e1n del Sur: El obispo que devolvi\u00f3 la vida a su di\u00f3cesis"}]},{"@type":"WebSite","@id":"https:\/\/acninternational.org\/es\/#website","url":"https:\/\/acninternational.org\/es\/","name":"ACN International","description":"","publisher":{"@id":"https:\/\/acninternational.org\/es\/#organization"},"potentialAction":[{"@type":"SearchAction","target":{"@type":"EntryPoint","urlTemplate":"https:\/\/acninternational.org\/es\/?s={search_term_string}"},"query-input":{"@type":"PropertyValueSpecification","valueRequired":true,"valueName":"search_term_string"}}],"inLanguage":"es"},{"@type":"Organization","@id":"https:\/\/acninternational.org\/es\/#organization","name":"Aid to the Church in Need International","url":"https:\/\/acninternational.org\/es\/","logo":{"@type":"ImageObject","inLanguage":"es","@id":"https:\/\/acninternational.org\/es\/#\/schema\/logo\/image\/","url":"https:\/\/media.acninternational.org\/wp-content\/uploads\/2019\/11\/acn_logo_blackvector.svg","contentUrl":"https:\/\/media.acninternational.org\/wp-content\/uploads\/2019\/11\/acn_logo_blackvector.svg","width":232.6,"height":78,"caption":"Aid to the Church in Need International"},"image":{"@id":"https:\/\/acninternational.org\/es\/#\/schema\/logo\/image\/"},"sameAs":["https:\/\/www.facebook.com\/acninternationalorg","https:\/\/x.com\/acn_int","https:\/\/www.youtube.com\/channel\/UCQ-077gS0TnVzkhHmf1opZw","https:\/\/www.instagram.com\/acn_international\/"]},{"@type":"Person","@id":"https:\/\/acninternational.org\/es\/#\/schema\/person\/7489225627ad784c8faa0f4616c1cbdf","name":"Filipe d\u2019Avillez","url":"https:\/\/acninternational.org\/es\/author\/filipe\/"}]}},"_links":{"self":[{"href":"https:\/\/acninternational.org\/es\/wp-json\/wp\/v2\/posts\/263790","targetHints":{"allow":["GET"]}}],"collection":[{"href":"https:\/\/acninternational.org\/es\/wp-json\/wp\/v2\/posts"}],"about":[{"href":"https:\/\/acninternational.org\/es\/wp-json\/wp\/v2\/types\/post"}],"author":[{"embeddable":true,"href":"https:\/\/acninternational.org\/es\/wp-json\/wp\/v2\/users\/4258341377"}],"replies":[{"embeddable":true,"href":"https:\/\/acninternational.org\/es\/wp-json\/wp\/v2\/comments?post=263790"}],"version-history":[{"count":2,"href":"https:\/\/acninternational.org\/es\/wp-json\/wp\/v2\/posts\/263790\/revisions"}],"predecessor-version":[{"id":263793,"href":"https:\/\/acninternational.org\/es\/wp-json\/wp\/v2\/posts\/263790\/revisions\/263793"}],"wp:featuredmedia":[{"embeddable":true,"href":"https:\/\/acninternational.org\/es\/wp-json\/wp\/v2\/media\/263757"}],"wp:attachment":[{"href":"https:\/\/acninternational.org\/es\/wp-json\/wp\/v2\/media?parent=263790"}],"wp:term":[{"taxonomy":"category","embeddable":true,"href":"https:\/\/acninternational.org\/es\/wp-json\/wp\/v2\/categories?post=263790"},{"taxonomy":"post_tag","embeddable":true,"href":"https:\/\/acninternational.org\/es\/wp-json\/wp\/v2\/tags?post=263790"},{"taxonomy":"country","embeddable":true,"href":"https:\/\/acninternational.org\/es\/wp-json\/wp\/v2\/country?post=263790"}],"curies":[{"name":"wp","href":"https:\/\/api.w.org\/{rel}","templated":true}]}}