{"id":263678,"date":"2026-04-29T10:28:06","date_gmt":"2026-04-29T08:28:06","guid":{"rendered":"https:\/\/acninternational.org\/?p=263678"},"modified":"2026-04-29T11:17:40","modified_gmt":"2026-04-29T09:17:40","slug":"ucrania-el-nuncio-advierte-sobre-el-crecimiento-del-cansancio-y-las-necesidades-espirituales-en-medio-de-la-guerra","status":"publish","type":"post","link":"https:\/\/acninternational.org\/es\/ucrania-el-nuncio-advierte-sobre-el-crecimiento-del-cansancio-y-las-necesidades-espirituales-en-medio-de-la-guerra\/","title":{"rendered":"Ucrania: El nuncio advierte sobre el crecimiento del cansancio y las necesidades espirituales en medio de la guerra"},"content":{"rendered":"\n<p><em>El arzobispo Kulbokas describe la realidad del frente y el papel de los sacerdotes que acompa\u00f1an a los soldados.<\/em><\/p>\n\n\n\n<p>El nuncio apost\u00f3lico en Ucrania, el arzobispo Visvaldas Kulbokas, ha descrito la situaci\u00f3n en el pa\u00eds como \u00abmuy dif\u00edcil\u00bb, destacando el impacto de los ataques continuos sobre infraestructuras, el empeoramiento de las condiciones humanitarias y un creciente sentimiento de agotamiento en toda la sociedad.<\/p>\n\n\n<div class=\"wp-block-image\">\n<figure class=\"aligncenter size-large\"><img loading=\"lazy\" decoding=\"async\" width=\"683\" height=\"1024\" src=\"https:\/\/media.acninternational.org\/wp-content\/uploads\/2026\/04\/ACN-20231215-157730-683x1024.jpg\" alt=\"\" class=\"wp-image-263656\" srcset=\"https:\/\/media.acninternational.org\/wp-content\/uploads\/2026\/04\/ACN-20231215-157730-683x1024.jpg 683w, https:\/\/media.acninternational.org\/wp-content\/uploads\/2026\/04\/ACN-20231215-157730-200x300.jpg 200w, https:\/\/media.acninternational.org\/wp-content\/uploads\/2026\/04\/ACN-20231215-157730-768x1152.jpg 768w, https:\/\/media.acninternational.org\/wp-content\/uploads\/2026\/04\/ACN-20231215-157730-1024x1536.jpg 1024w, https:\/\/media.acninternational.org\/wp-content\/uploads\/2026\/04\/ACN-20231215-157730.jpg 1080w\" sizes=\"auto, (max-width: 683px) 100vw, 683px\" \/><figcaption class=\"wp-element-caption\">El arzobispo Visvaldas Kulbokas<\/figcaption><\/figure>\n<\/div>\n\n\n<p>En una reuni\u00f3n con la fundaci\u00f3n pontificia internacional Aid to the Church in Need (ACN), el Nuncio explic\u00f3 que los meses de invierno han sido especialmente duros, dejando a muchas familias sin calefacci\u00f3n ni electricidad. Aunque las organizaciones humanitarias contin\u00faan proporcionando ayuda, incluyendo generadores y equipos b\u00e1sicos de cocina, la magnitud de las necesidades sigue siendo considerable.<\/p>\n\n\n\n<p>En muchas partes del pa\u00eds, la vida diaria sigue marcada por la inseguridad. En las zonas cercanas al frente, el movimiento est\u00e1 restringido a ciertas horas debido a la actividad de drones y la presencia de minas, mientras que el acceso al agua, la comida, el combustible y la atenci\u00f3n m\u00e9dica es una preocupaci\u00f3n constante.<\/p>\n\n\n\n<p>La guerra tambi\u00e9n est\u00e1 teniendo un impacto profundo en ni\u00f1os y familias, seg\u00fan explic\u00f3 el nuncia en el encuentro. En algunas regiones, los ni\u00f1os asisten a la escuela en refugios subterr\u00e1neos, adapt\u00e1ndose a una realidad marcada por bombardeos continuos. Los movimientos demogr\u00e1ficos contin\u00faan transformando comunidades enteras, con algunas ciudades experimentando un fuerte descenso de residentes, mientras que otras reciben desplazados de las zonas m\u00e1s afectadas.<\/p>\n\n\n<div class=\"wp-block-image\">\n<figure class=\"aligncenter size-full\"><img loading=\"lazy\" decoding=\"async\" width=\"1500\" height=\"675\" src=\"https:\/\/media.acninternational.org\/wp-content\/uploads\/2026\/04\/ACN-20220302-124921.jpg\" alt=\"\" class=\"wp-image-263662\" srcset=\"https:\/\/media.acninternational.org\/wp-content\/uploads\/2026\/04\/ACN-20220302-124921.jpg 1500w, https:\/\/media.acninternational.org\/wp-content\/uploads\/2026\/04\/ACN-20220302-124921-300x135.jpg 300w, https:\/\/media.acninternational.org\/wp-content\/uploads\/2026\/04\/ACN-20220302-124921-1024x461.jpg 1024w, https:\/\/media.acninternational.org\/wp-content\/uploads\/2026\/04\/ACN-20220302-124921-768x346.jpg 768w\" sizes=\"auto, (max-width: 1500px) 100vw, 1500px\" \/><figcaption class=\"wp-element-caption\">Cat\u00f3licos en adoraci\u00f3n en un refugio antia\u00e9reo en Kiev<\/figcaption><\/figure>\n<\/div>\n\n\n<p>A pesar de estos desaf\u00edos, la Iglesia contin\u00faa sigue activamente presente. Sacerdotes, trabajadores religiosos y pastorales proporcionan tanto asistencia humanitaria como apoyo espiritual a quienes los que m\u00e1s lo necesitan. El arzobispo Kulbokas ofreci\u00f3 una visi\u00f3n m\u00e1s precisa de la realidad de la l\u00ednea del frente, donde es imposible reunir a muchas personas. \u201cLos sacerdotes van al frente y acompa\u00f1an a los soldados en las zonas m\u00e1s expuestas y vulnerables\u201d, explic\u00f3. La actividad militar m\u00e1s intensa, incluyendo armas pesadas y bombardeos, suele tener lugar m\u00e1s atr\u00e1s.<\/p>\n\n\n\n<p>\u00abMuchas veces su funci\u00f3n es simplemente acompa\u00f1arles , rezar y celebrar la misa, normalmente bajo tierra, a menudo en situaciones de peligro constante debido a la amenaza de un ataque\u00bb, dijo el Nuncio,<\/p>\n\n\n\n<p>\u00abLa sed de Dios aumenta dr\u00e1sticamente contra m\u00e1s cerca de la l\u00ednea del frente\u00bb, explic\u00f3 el arzobispo Kulbokas, se\u00f1alando una creciente b\u00fasqueda de sentido y fe tanto entre civiles como entre miembros de las fuerzas armadas.<\/p>\n\n\n\n<p>El arzobispo Kulbokas tambi\u00e9n comparti\u00f3 una historia personal que ilustra este despertar espiritual. Habl\u00f3 de un joven desplazado por la guerra que, al principio, ni siquiera sab\u00eda qu\u00e9 era una cruz ni qu\u00e9 significaba una iglesia. Cuatro a\u00f1os despu\u00e9s, tras recibir apoyo de un sacerdote, el joven comparti\u00f3 personalmente su historia con el nuncio durante una visita al seminario, donde acaba de ingresar.<\/p>\n\n\n\n<p>Abordando desaf\u00edos humanitarios y diplom\u00e1ticos m\u00e1s amplios, el arzobispo Kulbokas se refiri\u00f3 a la situaci\u00f3n de los detenidos, las personas desplazadas y el retorno de los ni\u00f1os. En este contexto, destac\u00f3 el papel de la santa sede, que participa en esfuerzos para facilitar el di\u00e1logo, apoyar iniciativas humanitarias y promover soluciones, aunque estos procesos siguen siendo complejos y requieren una coordinaci\u00f3n internacional sostenida.<\/p>\n\n\n<div class=\"wp-block-image\">\n<figure class=\"aligncenter size-large\"><img loading=\"lazy\" decoding=\"async\" width=\"1024\" height=\"775\" src=\"https:\/\/media.acninternational.org\/wp-content\/uploads\/2026\/04\/ACN-20240701-168363-1024x775.jpg\" alt=\"\" class=\"wp-image-263668\" srcset=\"https:\/\/media.acninternational.org\/wp-content\/uploads\/2026\/04\/ACN-20240701-168363-1024x775.jpg 1024w, https:\/\/media.acninternational.org\/wp-content\/uploads\/2026\/04\/ACN-20240701-168363-300x227.jpg 300w, https:\/\/media.acninternational.org\/wp-content\/uploads\/2026\/04\/ACN-20240701-168363-768x581.jpg 768w, https:\/\/media.acninternational.org\/wp-content\/uploads\/2026\/04\/ACN-20240701-168363.jpg 1500w\" sizes=\"auto, (max-width: 1024px) 100vw, 1024px\" \/><figcaption class=\"wp-element-caption\">El nuncio saluda al padre Levytski tras su liberaci\u00f3n tras diez meses de cautiverio<\/figcaption><\/figure>\n<\/div>\n\n\n<p>Tras varios a\u00f1os de conflicto, los signos de agotamiento son cada vez m\u00e1s evidentes. El Nuncio se refiri\u00f3 a la interrupci\u00f3n del sue\u00f1o debido a ataques nocturnos y a una reducci\u00f3n de la capacidad de trabajo. No obstante, los ucranianos se adaptan a circunstancias extremadamente dif\u00edciles, a veces sin servicios b\u00e1sicos como calefacci\u00f3n o electricidad.<\/p>\n\n\n\n<p>Hablando ante la delegaci\u00f3n de ACN que actualmente visita Ucrania, el Nuncio expres\u00f3 su gratitud por el continuo apoyo de la organizaci\u00f3n ben\u00e9fica a la Iglesia en el pa\u00eds, especialmente a trav\u00e9s de proyectos que ayudan a sacerdotes, religiosos y trabajadores pastorales en las regiones m\u00e1s afectadas.<\/p>\n","protected":false},"excerpt":{"rendered":"<p>El arzobispo Kulbokas describe la realidad del frente y el papel de los sacerdotes que acompa\u00f1an a los soldados. El nuncio apost\u00f3lico en Ucrania, el arzobispo Visvaldas Kulbokas, ha descrito la situaci\u00f3n en el pa\u00eds como \u00abmuy dif\u00edcil\u00bb, destacando el impacto de los ataques continuos sobre infraestructuras, el empeoramiento de las condiciones humanitarias y un [&hellip;]<\/p>\n","protected":false},"author":4258341378,"featured_media":263655,"comment_status":"closed","ping_status":"closed","sticky":false,"template":"","format":"standard","meta":{"_acf_changed":false,"_acn_coauthor_ids":[],"footnotes":""},"categories":[798],"tags":[],"country":[426],"class_list":["post-263678","post","type-post","status-publish","format-standard","has-post-thumbnail","hentry","category-interviews-es","country-ucrania"],"acn_coauthors":[],"acf":[],"yoast_head":"<!-- This site is optimized with the Yoast SEO Premium plugin v27.3 (Yoast SEO v27.3) - https:\/\/yoast.com\/product\/yoast-seo-premium-wordpress\/ -->\n<title>Ucrania: El nuncio advierte sobre el crecimiento del cansancio y las necesidades espirituales en medio de la guerra | ACN International<\/title>\n<meta name=\"description\" content=\"El arzobispo Kulbokas describe la realidad del frente y el papel de los sacerdotes que acompa\u00f1an a los soldados.\" \/>\n<meta name=\"robots\" content=\"index, follow, max-snippet:-1, max-image-preview:large, max-video-preview:-1\" \/>\n<link rel=\"canonical\" href=\"https:\/\/acninternational.org\/es\/ucrania-el-nuncio-advierte-sobre-el-crecimiento-del-cansancio-y-las-necesidades-espirituales-en-medio-de-la-guerra\/\" \/>\n<meta property=\"og:locale\" content=\"es_ES\" \/>\n<meta property=\"og:type\" content=\"article\" \/>\n<meta property=\"og:title\" content=\"Ucrania: El nuncio advierte sobre el crecimiento del cansancio y las necesidades espirituales en medio de la guerra\" \/>\n<meta property=\"og:description\" content=\"El arzobispo Kulbokas describe la realidad del frente y el papel de los sacerdotes que acompa\u00f1an a los soldados.\" \/>\n<meta property=\"og:url\" content=\"https:\/\/acninternational.org\/es\/ucrania-el-nuncio-advierte-sobre-el-crecimiento-del-cansancio-y-las-necesidades-espirituales-en-medio-de-la-guerra\/\" \/>\n<meta property=\"og:site_name\" content=\"ACN International\" \/>\n<meta property=\"article:publisher\" content=\"https:\/\/www.facebook.com\/acninternationalorg\" \/>\n<meta property=\"article:published_time\" content=\"2026-04-29T08:28:06+00:00\" \/>\n<meta property=\"article:modified_time\" content=\"2026-04-29T09:17:40+00:00\" \/>\n<meta property=\"og:image\" content=\"https:\/\/media.acninternational.org\/wp-content\/uploads\/2026\/04\/ACN-20220411-126929.jpg\" \/>\n\t<meta property=\"og:image:width\" content=\"1980\" \/>\n\t<meta property=\"og:image:height\" content=\"800\" \/>\n\t<meta property=\"og:image:type\" content=\"image\/jpeg\" \/>\n<meta name=\"author\" content=\"Maria Lozano\" \/>\n<meta name=\"twitter:card\" content=\"summary_large_image\" \/>\n<meta name=\"twitter:creator\" content=\"@acn_int\" \/>\n<meta name=\"twitter:site\" content=\"@acn_int\" \/>\n<meta name=\"twitter:label1\" content=\"Escrito por\" \/>\n\t<meta name=\"twitter:data1\" content=\"Maria Lozano\" \/>\n\t<meta name=\"twitter:label2\" content=\"Tiempo de lectura\" \/>\n\t<meta name=\"twitter:data2\" content=\"4 minutos\" \/>\n<script type=\"application\/ld+json\" class=\"yoast-schema-graph\">{\"@context\":\"https:\\\/\\\/schema.org\",\"@graph\":[{\"@type\":\"Article\",\"@id\":\"https:\\\/\\\/acninternational.org\\\/es\\\/ucrania-el-nuncio-advierte-sobre-el-crecimiento-del-cansancio-y-las-necesidades-espirituales-en-medio-de-la-guerra\\\/#article\",\"isPartOf\":{\"@id\":\"https:\\\/\\\/acninternational.org\\\/es\\\/ucrania-el-nuncio-advierte-sobre-el-crecimiento-del-cansancio-y-las-necesidades-espirituales-en-medio-de-la-guerra\\\/\"},\"author\":{\"name\":\"Maria Lozano\",\"@id\":\"https:\\\/\\\/acninternational.org\\\/es\\\/#\\\/schema\\\/person\\\/91975fc8e2569591a0e2d868c7d5816c\"},\"headline\":\"Ucrania: El nuncio advierte sobre el crecimiento del cansancio y las necesidades espirituales en medio de la guerra\",\"datePublished\":\"2026-04-29T08:28:06+00:00\",\"dateModified\":\"2026-04-29T09:17:40+00:00\",\"mainEntityOfPage\":{\"@id\":\"https:\\\/\\\/acninternational.org\\\/es\\\/ucrania-el-nuncio-advierte-sobre-el-crecimiento-del-cansancio-y-las-necesidades-espirituales-en-medio-de-la-guerra\\\/\"},\"wordCount\":737,\"publisher\":{\"@id\":\"https:\\\/\\\/acninternational.org\\\/es\\\/#organization\"},\"image\":{\"@id\":\"https:\\\/\\\/acninternational.org\\\/es\\\/ucrania-el-nuncio-advierte-sobre-el-crecimiento-del-cansancio-y-las-necesidades-espirituales-en-medio-de-la-guerra\\\/#primaryimage\"},\"thumbnailUrl\":\"https:\\\/\\\/media.acninternational.org\\\/wp-content\\\/uploads\\\/2026\\\/04\\\/ACN-20220411-126929.jpg\",\"articleSection\":[\"INTERVIEWS\"],\"inLanguage\":\"es\"},{\"@type\":\"WebPage\",\"@id\":\"https:\\\/\\\/acninternational.org\\\/es\\\/ucrania-el-nuncio-advierte-sobre-el-crecimiento-del-cansancio-y-las-necesidades-espirituales-en-medio-de-la-guerra\\\/\",\"url\":\"https:\\\/\\\/acninternational.org\\\/es\\\/ucrania-el-nuncio-advierte-sobre-el-crecimiento-del-cansancio-y-las-necesidades-espirituales-en-medio-de-la-guerra\\\/\",\"name\":\"Ucrania: El nuncio advierte sobre el crecimiento del cansancio y las necesidades espirituales en medio de la guerra | ACN International\",\"isPartOf\":{\"@id\":\"https:\\\/\\\/acninternational.org\\\/es\\\/#website\"},\"primaryImageOfPage\":{\"@id\":\"https:\\\/\\\/acninternational.org\\\/es\\\/ucrania-el-nuncio-advierte-sobre-el-crecimiento-del-cansancio-y-las-necesidades-espirituales-en-medio-de-la-guerra\\\/#primaryimage\"},\"image\":{\"@id\":\"https:\\\/\\\/acninternational.org\\\/es\\\/ucrania-el-nuncio-advierte-sobre-el-crecimiento-del-cansancio-y-las-necesidades-espirituales-en-medio-de-la-guerra\\\/#primaryimage\"},\"thumbnailUrl\":\"https:\\\/\\\/media.acninternational.org\\\/wp-content\\\/uploads\\\/2026\\\/04\\\/ACN-20220411-126929.jpg\",\"datePublished\":\"2026-04-29T08:28:06+00:00\",\"dateModified\":\"2026-04-29T09:17:40+00:00\",\"description\":\"El arzobispo Kulbokas describe la realidad del frente y el papel de los sacerdotes que acompa\u00f1an a los soldados.\",\"breadcrumb\":{\"@id\":\"https:\\\/\\\/acninternational.org\\\/es\\\/ucrania-el-nuncio-advierte-sobre-el-crecimiento-del-cansancio-y-las-necesidades-espirituales-en-medio-de-la-guerra\\\/#breadcrumb\"},\"inLanguage\":\"es\",\"potentialAction\":[{\"@type\":\"ReadAction\",\"target\":[\"https:\\\/\\\/acninternational.org\\\/es\\\/ucrania-el-nuncio-advierte-sobre-el-crecimiento-del-cansancio-y-las-necesidades-espirituales-en-medio-de-la-guerra\\\/\"]}]},{\"@type\":\"ImageObject\",\"inLanguage\":\"es\",\"@id\":\"https:\\\/\\\/acninternational.org\\\/es\\\/ucrania-el-nuncio-advierte-sobre-el-crecimiento-del-cansancio-y-las-necesidades-espirituales-en-medio-de-la-guerra\\\/#primaryimage\",\"url\":\"https:\\\/\\\/media.acninternational.org\\\/wp-content\\\/uploads\\\/2026\\\/04\\\/ACN-20220411-126929.jpg\",\"contentUrl\":\"https:\\\/\\\/media.acninternational.org\\\/wp-content\\\/uploads\\\/2026\\\/04\\\/ACN-20220411-126929.jpg\",\"width\":1980,\"height\":800},{\"@type\":\"BreadcrumbList\",\"@id\":\"https:\\\/\\\/acninternational.org\\\/es\\\/ucrania-el-nuncio-advierte-sobre-el-crecimiento-del-cansancio-y-las-necesidades-espirituales-en-medio-de-la-guerra\\\/#breadcrumb\",\"itemListElement\":[{\"@type\":\"ListItem\",\"position\":1,\"name\":\"Home\",\"item\":\"https:\\\/\\\/acninternational.org\\\/es\\\/\"},{\"@type\":\"ListItem\",\"position\":2,\"name\":\"INTERVIEWS\",\"item\":\"https:\\\/\\\/acninternational.org\\\/es\\\/category\\\/interviews-es\\\/\"},{\"@type\":\"ListItem\",\"position\":3,\"name\":\"Ucrania: El nuncio advierte sobre el crecimiento del cansancio y las necesidades espirituales en medio de la guerra\"}]},{\"@type\":\"WebSite\",\"@id\":\"https:\\\/\\\/acninternational.org\\\/es\\\/#website\",\"url\":\"https:\\\/\\\/acninternational.org\\\/es\\\/\",\"name\":\"ACN International\",\"description\":\"\",\"publisher\":{\"@id\":\"https:\\\/\\\/acninternational.org\\\/es\\\/#organization\"},\"potentialAction\":[{\"@type\":\"SearchAction\",\"target\":{\"@type\":\"EntryPoint\",\"urlTemplate\":\"https:\\\/\\\/acninternational.org\\\/es\\\/?s={search_term_string}\"},\"query-input\":{\"@type\":\"PropertyValueSpecification\",\"valueRequired\":true,\"valueName\":\"search_term_string\"}}],\"inLanguage\":\"es\"},{\"@type\":\"Organization\",\"@id\":\"https:\\\/\\\/acninternational.org\\\/es\\\/#organization\",\"name\":\"Aid to the Church in Need International\",\"url\":\"https:\\\/\\\/acninternational.org\\\/es\\\/\",\"logo\":{\"@type\":\"ImageObject\",\"inLanguage\":\"es\",\"@id\":\"https:\\\/\\\/acninternational.org\\\/es\\\/#\\\/schema\\\/logo\\\/image\\\/\",\"url\":\"https:\\\/\\\/media.acninternational.org\\\/wp-content\\\/uploads\\\/2019\\\/11\\\/acn_logo_blackvector.svg\",\"contentUrl\":\"https:\\\/\\\/media.acninternational.org\\\/wp-content\\\/uploads\\\/2019\\\/11\\\/acn_logo_blackvector.svg\",\"width\":232.6,\"height\":78,\"caption\":\"Aid to the Church in Need International\"},\"image\":{\"@id\":\"https:\\\/\\\/acninternational.org\\\/es\\\/#\\\/schema\\\/logo\\\/image\\\/\"},\"sameAs\":[\"https:\\\/\\\/www.facebook.com\\\/acninternationalorg\",\"https:\\\/\\\/x.com\\\/acn_int\",\"https:\\\/\\\/www.youtube.com\\\/channel\\\/UCQ-077gS0TnVzkhHmf1opZw\",\"https:\\\/\\\/www.instagram.com\\\/acn_international\\\/\"]},{\"@type\":\"Person\",\"@id\":\"https:\\\/\\\/acninternational.org\\\/es\\\/#\\\/schema\\\/person\\\/91975fc8e2569591a0e2d868c7d5816c\",\"name\":\"Maria Lozano\",\"description\":\"Lorem ipsum dolor sit amet, consectetur adipiscing elit, sed do eiusmod tempor incididunt ut labore et dolore magna aliqua. Ut enim ad minim veniam, quis nostrud exercitation ullamco laboris nisi ut aliquip ex ea commodo consequat.\",\"url\":\"https:\\\/\\\/acninternational.org\\\/es\\\/author\\\/maria\\\/\"}]}<\/script>\n<!-- \/ Yoast SEO Premium plugin. -->","yoast_head_json":{"title":"Ucrania: El nuncio advierte sobre el crecimiento del cansancio y las necesidades espirituales en medio de la guerra | ACN International","description":"El arzobispo Kulbokas describe la realidad del frente y el papel de los sacerdotes que acompa\u00f1an a los soldados.","robots":{"index":"index","follow":"follow","max-snippet":"max-snippet:-1","max-image-preview":"max-image-preview:large","max-video-preview":"max-video-preview:-1"},"canonical":"https:\/\/acninternational.org\/es\/ucrania-el-nuncio-advierte-sobre-el-crecimiento-del-cansancio-y-las-necesidades-espirituales-en-medio-de-la-guerra\/","og_locale":"es_ES","og_type":"article","og_title":"Ucrania: El nuncio advierte sobre el crecimiento del cansancio y las necesidades espirituales en medio de la guerra","og_description":"El arzobispo Kulbokas describe la realidad del frente y el papel de los sacerdotes que acompa\u00f1an a los soldados.","og_url":"https:\/\/acninternational.org\/es\/ucrania-el-nuncio-advierte-sobre-el-crecimiento-del-cansancio-y-las-necesidades-espirituales-en-medio-de-la-guerra\/","og_site_name":"ACN International","article_publisher":"https:\/\/www.facebook.com\/acninternationalorg","article_published_time":"2026-04-29T08:28:06+00:00","article_modified_time":"2026-04-29T09:17:40+00:00","og_image":[{"width":1980,"height":800,"url":"https:\/\/media.acninternational.org\/wp-content\/uploads\/2026\/04\/ACN-20220411-126929.jpg","type":"image\/jpeg"}],"author":"Maria Lozano","twitter_card":"summary_large_image","twitter_creator":"@acn_int","twitter_site":"@acn_int","twitter_misc":{"Escrito por":"Maria Lozano","Tiempo de lectura":"4 minutos"},"schema":{"@context":"https:\/\/schema.org","@graph":[{"@type":"Article","@id":"https:\/\/acninternational.org\/es\/ucrania-el-nuncio-advierte-sobre-el-crecimiento-del-cansancio-y-las-necesidades-espirituales-en-medio-de-la-guerra\/#article","isPartOf":{"@id":"https:\/\/acninternational.org\/es\/ucrania-el-nuncio-advierte-sobre-el-crecimiento-del-cansancio-y-las-necesidades-espirituales-en-medio-de-la-guerra\/"},"author":{"name":"Maria Lozano","@id":"https:\/\/acninternational.org\/es\/#\/schema\/person\/91975fc8e2569591a0e2d868c7d5816c"},"headline":"Ucrania: El nuncio advierte sobre el crecimiento del cansancio y las necesidades espirituales en medio de la guerra","datePublished":"2026-04-29T08:28:06+00:00","dateModified":"2026-04-29T09:17:40+00:00","mainEntityOfPage":{"@id":"https:\/\/acninternational.org\/es\/ucrania-el-nuncio-advierte-sobre-el-crecimiento-del-cansancio-y-las-necesidades-espirituales-en-medio-de-la-guerra\/"},"wordCount":737,"publisher":{"@id":"https:\/\/acninternational.org\/es\/#organization"},"image":{"@id":"https:\/\/acninternational.org\/es\/ucrania-el-nuncio-advierte-sobre-el-crecimiento-del-cansancio-y-las-necesidades-espirituales-en-medio-de-la-guerra\/#primaryimage"},"thumbnailUrl":"https:\/\/media.acninternational.org\/wp-content\/uploads\/2026\/04\/ACN-20220411-126929.jpg","articleSection":["INTERVIEWS"],"inLanguage":"es"},{"@type":"WebPage","@id":"https:\/\/acninternational.org\/es\/ucrania-el-nuncio-advierte-sobre-el-crecimiento-del-cansancio-y-las-necesidades-espirituales-en-medio-de-la-guerra\/","url":"https:\/\/acninternational.org\/es\/ucrania-el-nuncio-advierte-sobre-el-crecimiento-del-cansancio-y-las-necesidades-espirituales-en-medio-de-la-guerra\/","name":"Ucrania: El nuncio advierte sobre el crecimiento del cansancio y las necesidades espirituales en medio de la guerra | ACN International","isPartOf":{"@id":"https:\/\/acninternational.org\/es\/#website"},"primaryImageOfPage":{"@id":"https:\/\/acninternational.org\/es\/ucrania-el-nuncio-advierte-sobre-el-crecimiento-del-cansancio-y-las-necesidades-espirituales-en-medio-de-la-guerra\/#primaryimage"},"image":{"@id":"https:\/\/acninternational.org\/es\/ucrania-el-nuncio-advierte-sobre-el-crecimiento-del-cansancio-y-las-necesidades-espirituales-en-medio-de-la-guerra\/#primaryimage"},"thumbnailUrl":"https:\/\/media.acninternational.org\/wp-content\/uploads\/2026\/04\/ACN-20220411-126929.jpg","datePublished":"2026-04-29T08:28:06+00:00","dateModified":"2026-04-29T09:17:40+00:00","description":"El arzobispo Kulbokas describe la realidad del frente y el papel de los sacerdotes que acompa\u00f1an a los soldados.","breadcrumb":{"@id":"https:\/\/acninternational.org\/es\/ucrania-el-nuncio-advierte-sobre-el-crecimiento-del-cansancio-y-las-necesidades-espirituales-en-medio-de-la-guerra\/#breadcrumb"},"inLanguage":"es","potentialAction":[{"@type":"ReadAction","target":["https:\/\/acninternational.org\/es\/ucrania-el-nuncio-advierte-sobre-el-crecimiento-del-cansancio-y-las-necesidades-espirituales-en-medio-de-la-guerra\/"]}]},{"@type":"ImageObject","inLanguage":"es","@id":"https:\/\/acninternational.org\/es\/ucrania-el-nuncio-advierte-sobre-el-crecimiento-del-cansancio-y-las-necesidades-espirituales-en-medio-de-la-guerra\/#primaryimage","url":"https:\/\/media.acninternational.org\/wp-content\/uploads\/2026\/04\/ACN-20220411-126929.jpg","contentUrl":"https:\/\/media.acninternational.org\/wp-content\/uploads\/2026\/04\/ACN-20220411-126929.jpg","width":1980,"height":800},{"@type":"BreadcrumbList","@id":"https:\/\/acninternational.org\/es\/ucrania-el-nuncio-advierte-sobre-el-crecimiento-del-cansancio-y-las-necesidades-espirituales-en-medio-de-la-guerra\/#breadcrumb","itemListElement":[{"@type":"ListItem","position":1,"name":"Home","item":"https:\/\/acninternational.org\/es\/"},{"@type":"ListItem","position":2,"name":"INTERVIEWS","item":"https:\/\/acninternational.org\/es\/category\/interviews-es\/"},{"@type":"ListItem","position":3,"name":"Ucrania: El nuncio advierte sobre el crecimiento del cansancio y las necesidades espirituales en medio de la guerra"}]},{"@type":"WebSite","@id":"https:\/\/acninternational.org\/es\/#website","url":"https:\/\/acninternational.org\/es\/","name":"ACN International","description":"","publisher":{"@id":"https:\/\/acninternational.org\/es\/#organization"},"potentialAction":[{"@type":"SearchAction","target":{"@type":"EntryPoint","urlTemplate":"https:\/\/acninternational.org\/es\/?s={search_term_string}"},"query-input":{"@type":"PropertyValueSpecification","valueRequired":true,"valueName":"search_term_string"}}],"inLanguage":"es"},{"@type":"Organization","@id":"https:\/\/acninternational.org\/es\/#organization","name":"Aid to the Church in Need International","url":"https:\/\/acninternational.org\/es\/","logo":{"@type":"ImageObject","inLanguage":"es","@id":"https:\/\/acninternational.org\/es\/#\/schema\/logo\/image\/","url":"https:\/\/media.acninternational.org\/wp-content\/uploads\/2019\/11\/acn_logo_blackvector.svg","contentUrl":"https:\/\/media.acninternational.org\/wp-content\/uploads\/2019\/11\/acn_logo_blackvector.svg","width":232.6,"height":78,"caption":"Aid to the Church in Need International"},"image":{"@id":"https:\/\/acninternational.org\/es\/#\/schema\/logo\/image\/"},"sameAs":["https:\/\/www.facebook.com\/acninternationalorg","https:\/\/x.com\/acn_int","https:\/\/www.youtube.com\/channel\/UCQ-077gS0TnVzkhHmf1opZw","https:\/\/www.instagram.com\/acn_international\/"]},{"@type":"Person","@id":"https:\/\/acninternational.org\/es\/#\/schema\/person\/91975fc8e2569591a0e2d868c7d5816c","name":"Maria Lozano","description":"Lorem ipsum dolor sit amet, consectetur adipiscing elit, sed do eiusmod tempor incididunt ut labore et dolore magna aliqua. Ut enim ad minim veniam, quis nostrud exercitation ullamco laboris nisi ut aliquip ex ea commodo consequat.","url":"https:\/\/acninternational.org\/es\/author\/maria\/"}]}},"_links":{"self":[{"href":"https:\/\/acninternational.org\/es\/wp-json\/wp\/v2\/posts\/263678","targetHints":{"allow":["GET"]}}],"collection":[{"href":"https:\/\/acninternational.org\/es\/wp-json\/wp\/v2\/posts"}],"about":[{"href":"https:\/\/acninternational.org\/es\/wp-json\/wp\/v2\/types\/post"}],"author":[{"embeddable":true,"href":"https:\/\/acninternational.org\/es\/wp-json\/wp\/v2\/users\/4258341378"}],"replies":[{"embeddable":true,"href":"https:\/\/acninternational.org\/es\/wp-json\/wp\/v2\/comments?post=263678"}],"version-history":[{"count":2,"href":"https:\/\/acninternational.org\/es\/wp-json\/wp\/v2\/posts\/263678\/revisions"}],"predecessor-version":[{"id":263690,"href":"https:\/\/acninternational.org\/es\/wp-json\/wp\/v2\/posts\/263678\/revisions\/263690"}],"wp:featuredmedia":[{"embeddable":true,"href":"https:\/\/acninternational.org\/es\/wp-json\/wp\/v2\/media\/263655"}],"wp:attachment":[{"href":"https:\/\/acninternational.org\/es\/wp-json\/wp\/v2\/media?parent=263678"}],"wp:term":[{"taxonomy":"category","embeddable":true,"href":"https:\/\/acninternational.org\/es\/wp-json\/wp\/v2\/categories?post=263678"},{"taxonomy":"post_tag","embeddable":true,"href":"https:\/\/acninternational.org\/es\/wp-json\/wp\/v2\/tags?post=263678"},{"taxonomy":"country","embeddable":true,"href":"https:\/\/acninternational.org\/es\/wp-json\/wp\/v2\/country?post=263678"}],"curies":[{"name":"wp","href":"https:\/\/api.w.org\/{rel}","templated":true}]}}