{"id":262218,"date":"2026-03-09T14:08:21","date_gmt":"2026-03-09T13:08:21","guid":{"rendered":"https:\/\/acninternational.org\/?p=262218"},"modified":"2026-03-09T15:37:17","modified_gmt":"2026-03-09T14:37:17","slug":"un-ataque-con-drones-en-erbil-genera-temores-entre-los-cristianos-iraquies","status":"publish","type":"post","link":"https:\/\/acninternational.org\/es\/un-ataque-con-drones-en-erbil-genera-temores-entre-los-cristianos-iraquies\/","title":{"rendered":"Un ataque con drones en Erbil genera temores entre los cristianos iraqu\u00edes"},"content":{"rendered":"\n<p><em>El regreso de la guerra a Oriente Medio ha reabierto viejas heridas y muchos cristianos vuelven a contemplar abandonar la regi\u00f3n.<\/em><\/p>\n\n\n\n<p>Un ataque con dron el pasado mi\u00e9rcoles (4 de marzo) da\u00f1\u00f3 edificios propiedad de la Iglesia en Ankawa, el distrito de mayor\u00eda cristiana de Erbil, en el norte de Irak, lo que reaviv\u00f3 los temores entre los cristianos locales sobre su futuro en la regi\u00f3n en medio de crecientes tensiones en Oriente Medio.<\/p>\n\n\n\n<p>\u00abCuando estalla la guerra en Oriente Medio, nos enfrentamos a otra erosi\u00f3n, r\u00e1pida o lenta. \u00bfNos quedamos? \u00bfTienen nuestros hijos futuro?\u00bb, questiona el arzobispo cat\u00f3lico caldeo Bashar Warda de Erbil en un comunicado enviado a Aid to the Church in Need (ACN). \u00abTememos las bombas y la incertidumbre. Nuestra esperanza en Jes\u00fas no se basa en la pol\u00edtica, sino en la fiel presencia de Dios\u00bb, a\u00f1ade.<\/p>\n\n\n<div class=\"wp-block-image\">\n<figure class=\"aligncenter size-large\"><img loading=\"lazy\" decoding=\"async\" width=\"683\" height=\"1024\" src=\"https:\/\/media.acninternational.org\/wp-content\/uploads\/2026\/03\/ACN-20241010-172912-683x1024.jpg\" alt=\"\" class=\"wp-image-262197\" srcset=\"https:\/\/media.acninternational.org\/wp-content\/uploads\/2026\/03\/ACN-20241010-172912-683x1024.jpg 683w, https:\/\/media.acninternational.org\/wp-content\/uploads\/2026\/03\/ACN-20241010-172912-200x300.jpg 200w, https:\/\/media.acninternational.org\/wp-content\/uploads\/2026\/03\/ACN-20241010-172912-768x1152.jpg 768w, https:\/\/media.acninternational.org\/wp-content\/uploads\/2026\/03\/ACN-20241010-172912-1024x1536.jpg 1024w, https:\/\/media.acninternational.org\/wp-content\/uploads\/2026\/03\/ACN-20241010-172912.jpg 1080w\" sizes=\"auto, (max-width: 683px) 100vw, 683px\" \/><figcaption class=\"wp-element-caption\">Arzobispo Basar Barada<\/figcaption><\/figure>\n<\/div>\n\n\n<p>El ataque da\u00f1\u00f3 un bloque de pisos propiedad de la Arquidi\u00f3cesis Caldea de Erbil \u2013 el Complejo de Apartamentos Beato Michael McGivney \u2013 as\u00ed como el cercano convento de las Hijas Caldeas de Mar\u00eda Inmaculada. Afortunadamente, no se registraron bajas.<\/p>\n\n\n\n<p>El complejo de apartamentos hab\u00eda sido evacuado unos d\u00edas antes ante amenazas de que la cercana base militar estadounidense y el aeropuerto internacional de Erbil pudieran ser atacados a consecuencia de los ataques a\u00e9reos estadounidenses e israel\u00edes sobre Teher\u00e1n, que han provocado el estallido de la guerra en la regi\u00f3n.<\/p>\n\n\n\n<p>El complejo hab\u00eda servido como alojamiento para parejas j\u00f3venes y estudiantes de la Universidad Cat\u00f3lica de Erbil, entidad financiada en parte por Aid to the Church in Need (ACN). El convento de las Hijas Caldeas de Mar\u00eda Inmaculada \u2013 tambi\u00e9n apoyado por ACN \u2013 forma parte de un complejo que incluye un centro de catecismo y la Iglesia de San Pedro y San Pablo que, en \u00e9pocas de mayor actividad, acoge hasta 1.000 j\u00f3venes aprendiendo sobre el cristianismo.<\/p>\n\n\n\n<p>John Neill, asistente de larga trayectoria y coordinador de proyectos del arzobispo Warda, dijo que la comunidad qued\u00f3 profundamente conmocionada por el ataque: \u00abEstamos muy preocupados y conmocionados. La guerra es tan indiscriminada. Es milagroso que nadie parezca haber resultado herido. Pedimos al Esp\u00edritu Santo para ayudar a mantener a todos a salvo.\u00bb<\/p>\n\n\n<div class=\"wp-block-image\">\n<figure class=\"aligncenter size-large\"><img loading=\"lazy\" decoding=\"async\" width=\"1024\" height=\"767\" src=\"https:\/\/media.acninternational.org\/wp-content\/uploads\/2026\/03\/ACN-20260309-203017-1024x767.jpg\" alt=\"\" class=\"wp-image-262209\" srcset=\"https:\/\/media.acninternational.org\/wp-content\/uploads\/2026\/03\/ACN-20260309-203017-1024x767.jpg 1024w, https:\/\/media.acninternational.org\/wp-content\/uploads\/2026\/03\/ACN-20260309-203017-300x225.jpg 300w, https:\/\/media.acninternational.org\/wp-content\/uploads\/2026\/03\/ACN-20260309-203017-768x575.jpg 768w, https:\/\/media.acninternational.org\/wp-content\/uploads\/2026\/03\/ACN-20260309-203017.jpg 1500w\" sizes=\"auto, (max-width: 1024px) 100vw, 1024px\" \/><figcaption class=\"wp-element-caption\">El ataque con drones caus\u00f3 graves da\u00f1os a la infraestructura de la Iglesia local<\/figcaption><\/figure>\n<\/div>\n\n\n<p>Fadi Issa, representante internacional de ACN en el norte de Irak, advirti\u00f3 que la situaci\u00f3n de seguridad en el pa\u00eds se est\u00e1 deteriorando r\u00e1pidamente, con milicias respaldadas por Ir\u00e1n lanzando misiles contra bases militares estadounidenses y algunos de los proyectiles cayendo en zonas pobladas.<\/p>\n\n\n\n<p>Seg\u00fan Issa, el ritmo de lanzamientos de misiles y drones dirigidos a Erbil ha aumentado en los \u00faltimos d\u00edas. Algunos han sido interceptados por sistemas de defensa a\u00e9rea, pero otros han ca\u00eddo en Ankawa, incluyendo cerca de iglesias y edificios residenciales.<\/p>\n\n\n\n<p>Issa afirm\u00f3 que las comunidades cristianas en las cercanas llanuras de N\u00ednive \u2014la tierra ancestral de los cristianos iraqu\u00edes\u2014 est\u00e1n cada vez m\u00e1s preocupadas por la posibilidad de una mayor escalada.<\/p>\n\n\n\n<p>\u00abHoy las familias intensifican sus oraciones con la esperanza de que prevalezca la paz y que esta guerra ca\u00f3tica y sin sentido llegue a su fin\u00bb, dijo. \u00abEsta guerra trae recuerdos del desplazamiento forzado de 2014, y la gente podr\u00eda empezar a plantearse la migraci\u00f3n de nuevo.\u00bb<\/p>\n\n\n\n<p>A\u00f1adi\u00f3 que algunos cristianos de las llanuras de N\u00ednive que viv\u00edan en Erbil han comenzado a regresar a sus ciudades natales, temiendo nuevos ataques a la capital kurda.&nbsp; Muchas familias mantuvieron viviendas en ciudades de mayor\u00eda cristiana como Qaraqosh y Karmles a pesar de vivir en el Kurdist\u00e1n tras huir de la invasi\u00f3n del Estado Isl\u00e1mico (ISIS) en Mosul y las llanuras de N\u00ednive en 2014.<\/p>\n\n\n<div class=\"wp-block-image\">\n<figure class=\"aligncenter size-large\"><img loading=\"lazy\" decoding=\"async\" width=\"576\" height=\"1024\" src=\"https:\/\/media.acninternational.org\/wp-content\/uploads\/2026\/03\/ACN-20260309-203018-576x1024.jpg\" alt=\"\" class=\"wp-image-262203\" srcset=\"https:\/\/media.acninternational.org\/wp-content\/uploads\/2026\/03\/ACN-20260309-203018-576x1024.jpg 576w, https:\/\/media.acninternational.org\/wp-content\/uploads\/2026\/03\/ACN-20260309-203018-169x300.jpg 169w, https:\/\/media.acninternational.org\/wp-content\/uploads\/2026\/03\/ACN-20260309-203018-768x1365.jpg 768w, https:\/\/media.acninternational.org\/wp-content\/uploads\/2026\/03\/ACN-20260309-203018-864x1536.jpg 864w, https:\/\/media.acninternational.org\/wp-content\/uploads\/2026\/03\/ACN-20260309-203018.jpg 1080w\" sizes=\"auto, (max-width: 576px) 100vw, 576px\" \/><figcaption class=\"wp-element-caption\">Afortunadamente, no hubo v\u00edctimas, ya que los edificios ya hab\u00edan sido evacuados<\/figcaption><\/figure>\n<\/div>\n\n\n<p>El convento da\u00f1ado por bombas en Ankawa y la iglesia cercana hab\u00edan sido visitados solo dos semanas antes como parte de un viaje a la regi\u00f3n semiaut\u00f3noma del Kurdist\u00e1n en Irak, organizado por la oficina brit\u00e1nica de ACN, liderada por Jim Shannon, diputado y presidente del Grupo Multipartidista del Parlamento de Westminster por la Libertad de Religi\u00f3n o Creencia.<\/p>\n\n\n\n<p>Los cristianos en Ankawa han sido durante mucho tiempo una prioridad para la fundaci\u00f3n, que proporcion\u00f3 ayuda de emergencia a miles de personas que buscaban refugio tras la invasi\u00f3n del ISIS en 2014. ACN sigue apoyando a la comunidad patrocinando a estudiantes de la Universidad Cat\u00f3lica de Erbil y financiando catequesis y otros programas de educaci\u00f3n cristiana, incluyendo el Encuentro Juvenil de Ankawa, un campamento cristiano juvenil que re\u00fane a cientos de jovenes.<\/p>\n","protected":false},"excerpt":{"rendered":"<p>El regreso de la guerra a Oriente Medio ha reabierto viejas heridas y muchos cristianos vuelven a contemplar abandonar la regi\u00f3n. Un ataque con dron el pasado mi\u00e9rcoles (4 de marzo) da\u00f1\u00f3 edificios propiedad de la Iglesia en Ankawa, el distrito de mayor\u00eda cristiana de Erbil, en el norte de Irak, lo que reaviv\u00f3 los [&hellip;]<\/p>\n","protected":false},"author":4258341378,"featured_media":262196,"comment_status":"closed","ping_status":"closed","sticky":false,"template":"","format":"standard","meta":{"_acf_changed":false,"_acn_coauthor_ids":[],"footnotes":""},"categories":[1254],"tags":[],"country":[386],"class_list":["post-262218","post","type-post","status-publish","format-standard","has-post-thumbnail","hentry","category-news-es","country-irak"],"acn_coauthors":[],"acf":[],"yoast_head":"<!-- This site is optimized with the Yoast SEO Premium plugin v27.3 (Yoast SEO v27.3) - https:\/\/yoast.com\/product\/yoast-seo-premium-wordpress\/ -->\n<title>Un ataque con drones en Erbil genera temores entre los cristianos iraqu\u00edes | ACN International<\/title>\n<meta name=\"description\" content=\"&quot;Cuando estalla la guerra en Oriente Medio, nos enfrentamos a otra erosi\u00f3n, r\u00e1pida o lenta. \u00bfNos quedamos? \u00bfTienen nuestros hijos futuro?&quot;\" \/>\n<meta name=\"robots\" content=\"index, follow, max-snippet:-1, max-image-preview:large, max-video-preview:-1\" \/>\n<link rel=\"canonical\" href=\"https:\/\/acninternational.org\/es\/un-ataque-con-drones-en-erbil-genera-temores-entre-los-cristianos-iraquies\/\" \/>\n<meta property=\"og:locale\" content=\"es_ES\" \/>\n<meta property=\"og:type\" content=\"article\" \/>\n<meta property=\"og:title\" content=\"Un ataque con drones en Erbil genera temores entre los cristianos iraqu\u00edes\" \/>\n<meta property=\"og:description\" content=\"&quot;Cuando estalla la guerra en Oriente Medio, nos enfrentamos a otra erosi\u00f3n, r\u00e1pida o lenta. \u00bfNos quedamos? \u00bfTienen nuestros hijos futuro?&quot;\" \/>\n<meta property=\"og:url\" content=\"https:\/\/acninternational.org\/es\/un-ataque-con-drones-en-erbil-genera-temores-entre-los-cristianos-iraquies\/\" \/>\n<meta property=\"og:site_name\" content=\"ACN International\" \/>\n<meta property=\"article:publisher\" content=\"https:\/\/www.facebook.com\/acninternationalorg\" \/>\n<meta property=\"article:published_time\" content=\"2026-03-09T13:08:21+00:00\" \/>\n<meta property=\"article:modified_time\" content=\"2026-03-09T14:37:17+00:00\" \/>\n<meta property=\"og:image\" content=\"https:\/\/media.acninternational.org\/wp-content\/uploads\/2026\/03\/ACN-20260309-203021.jpg\" \/>\n\t<meta property=\"og:image:width\" content=\"1980\" \/>\n\t<meta property=\"og:image:height\" content=\"800\" \/>\n\t<meta property=\"og:image:type\" content=\"image\/jpeg\" \/>\n<meta name=\"author\" content=\"Maria Lozano\" \/>\n<meta name=\"twitter:card\" content=\"summary_large_image\" \/>\n<meta name=\"twitter:creator\" content=\"@acn_int\" \/>\n<meta name=\"twitter:site\" content=\"@acn_int\" \/>\n<meta name=\"twitter:label1\" content=\"Escrito por\" \/>\n\t<meta name=\"twitter:data1\" content=\"Maria Lozano\" \/>\n\t<meta name=\"twitter:label2\" content=\"Tiempo de lectura\" \/>\n\t<meta name=\"twitter:data2\" content=\"5 minutos\" \/>\n<script type=\"application\/ld+json\" class=\"yoast-schema-graph\">{\"@context\":\"https:\\\/\\\/schema.org\",\"@graph\":[{\"@type\":\"Article\",\"@id\":\"https:\\\/\\\/acninternational.org\\\/es\\\/un-ataque-con-drones-en-erbil-genera-temores-entre-los-cristianos-iraquies\\\/#article\",\"isPartOf\":{\"@id\":\"https:\\\/\\\/acninternational.org\\\/es\\\/un-ataque-con-drones-en-erbil-genera-temores-entre-los-cristianos-iraquies\\\/\"},\"author\":{\"name\":\"Maria Lozano\",\"@id\":\"https:\\\/\\\/acninternational.org\\\/es\\\/#\\\/schema\\\/person\\\/91975fc8e2569591a0e2d868c7d5816c\"},\"headline\":\"Un ataque con drones en Erbil genera temores entre los cristianos iraqu\u00edes\",\"datePublished\":\"2026-03-09T13:08:21+00:00\",\"dateModified\":\"2026-03-09T14:37:17+00:00\",\"mainEntityOfPage\":{\"@id\":\"https:\\\/\\\/acninternational.org\\\/es\\\/un-ataque-con-drones-en-erbil-genera-temores-entre-los-cristianos-iraquies\\\/\"},\"wordCount\":819,\"publisher\":{\"@id\":\"https:\\\/\\\/acninternational.org\\\/es\\\/#organization\"},\"image\":{\"@id\":\"https:\\\/\\\/acninternational.org\\\/es\\\/un-ataque-con-drones-en-erbil-genera-temores-entre-los-cristianos-iraquies\\\/#primaryimage\"},\"thumbnailUrl\":\"https:\\\/\\\/media.acninternational.org\\\/wp-content\\\/uploads\\\/2026\\\/03\\\/ACN-20260309-203021.jpg\",\"articleSection\":[\"NOTICIAS\"],\"inLanguage\":\"es\"},{\"@type\":\"WebPage\",\"@id\":\"https:\\\/\\\/acninternational.org\\\/es\\\/un-ataque-con-drones-en-erbil-genera-temores-entre-los-cristianos-iraquies\\\/\",\"url\":\"https:\\\/\\\/acninternational.org\\\/es\\\/un-ataque-con-drones-en-erbil-genera-temores-entre-los-cristianos-iraquies\\\/\",\"name\":\"Un ataque con drones en Erbil genera temores entre los cristianos iraqu\u00edes | ACN International\",\"isPartOf\":{\"@id\":\"https:\\\/\\\/acninternational.org\\\/es\\\/#website\"},\"primaryImageOfPage\":{\"@id\":\"https:\\\/\\\/acninternational.org\\\/es\\\/un-ataque-con-drones-en-erbil-genera-temores-entre-los-cristianos-iraquies\\\/#primaryimage\"},\"image\":{\"@id\":\"https:\\\/\\\/acninternational.org\\\/es\\\/un-ataque-con-drones-en-erbil-genera-temores-entre-los-cristianos-iraquies\\\/#primaryimage\"},\"thumbnailUrl\":\"https:\\\/\\\/media.acninternational.org\\\/wp-content\\\/uploads\\\/2026\\\/03\\\/ACN-20260309-203021.jpg\",\"datePublished\":\"2026-03-09T13:08:21+00:00\",\"dateModified\":\"2026-03-09T14:37:17+00:00\",\"description\":\"\\\"Cuando estalla la guerra en Oriente Medio, nos enfrentamos a otra erosi\u00f3n, r\u00e1pida o lenta. \u00bfNos quedamos? \u00bfTienen nuestros hijos futuro?\\\"\",\"breadcrumb\":{\"@id\":\"https:\\\/\\\/acninternational.org\\\/es\\\/un-ataque-con-drones-en-erbil-genera-temores-entre-los-cristianos-iraquies\\\/#breadcrumb\"},\"inLanguage\":\"es\",\"potentialAction\":[{\"@type\":\"ReadAction\",\"target\":[\"https:\\\/\\\/acninternational.org\\\/es\\\/un-ataque-con-drones-en-erbil-genera-temores-entre-los-cristianos-iraquies\\\/\"]}]},{\"@type\":\"ImageObject\",\"inLanguage\":\"es\",\"@id\":\"https:\\\/\\\/acninternational.org\\\/es\\\/un-ataque-con-drones-en-erbil-genera-temores-entre-los-cristianos-iraquies\\\/#primaryimage\",\"url\":\"https:\\\/\\\/media.acninternational.org\\\/wp-content\\\/uploads\\\/2026\\\/03\\\/ACN-20260309-203021.jpg\",\"contentUrl\":\"https:\\\/\\\/media.acninternational.org\\\/wp-content\\\/uploads\\\/2026\\\/03\\\/ACN-20260309-203021.jpg\",\"width\":1980,\"height\":800},{\"@type\":\"BreadcrumbList\",\"@id\":\"https:\\\/\\\/acninternational.org\\\/es\\\/un-ataque-con-drones-en-erbil-genera-temores-entre-los-cristianos-iraquies\\\/#breadcrumb\",\"itemListElement\":[{\"@type\":\"ListItem\",\"position\":1,\"name\":\"Home\",\"item\":\"https:\\\/\\\/acninternational.org\\\/es\\\/\"},{\"@type\":\"ListItem\",\"position\":2,\"name\":\"NOTICIAS\",\"item\":\"https:\\\/\\\/acninternational.org\\\/es\\\/category\\\/news-es\\\/\"},{\"@type\":\"ListItem\",\"position\":3,\"name\":\"Un ataque con drones en Erbil genera temores entre los cristianos iraqu\u00edes\"}]},{\"@type\":\"WebSite\",\"@id\":\"https:\\\/\\\/acninternational.org\\\/es\\\/#website\",\"url\":\"https:\\\/\\\/acninternational.org\\\/es\\\/\",\"name\":\"ACN International\",\"description\":\"\",\"publisher\":{\"@id\":\"https:\\\/\\\/acninternational.org\\\/es\\\/#organization\"},\"potentialAction\":[{\"@type\":\"SearchAction\",\"target\":{\"@type\":\"EntryPoint\",\"urlTemplate\":\"https:\\\/\\\/acninternational.org\\\/es\\\/?s={search_term_string}\"},\"query-input\":{\"@type\":\"PropertyValueSpecification\",\"valueRequired\":true,\"valueName\":\"search_term_string\"}}],\"inLanguage\":\"es\"},{\"@type\":\"Organization\",\"@id\":\"https:\\\/\\\/acninternational.org\\\/es\\\/#organization\",\"name\":\"Aid to the Church in Need International\",\"url\":\"https:\\\/\\\/acninternational.org\\\/es\\\/\",\"logo\":{\"@type\":\"ImageObject\",\"inLanguage\":\"es\",\"@id\":\"https:\\\/\\\/acninternational.org\\\/es\\\/#\\\/schema\\\/logo\\\/image\\\/\",\"url\":\"https:\\\/\\\/media.acninternational.org\\\/wp-content\\\/uploads\\\/2019\\\/11\\\/acn_logo_blackvector.svg\",\"contentUrl\":\"https:\\\/\\\/media.acninternational.org\\\/wp-content\\\/uploads\\\/2019\\\/11\\\/acn_logo_blackvector.svg\",\"width\":232.6,\"height\":78,\"caption\":\"Aid to the Church in Need International\"},\"image\":{\"@id\":\"https:\\\/\\\/acninternational.org\\\/es\\\/#\\\/schema\\\/logo\\\/image\\\/\"},\"sameAs\":[\"https:\\\/\\\/www.facebook.com\\\/acninternationalorg\",\"https:\\\/\\\/x.com\\\/acn_int\",\"https:\\\/\\\/www.youtube.com\\\/channel\\\/UCQ-077gS0TnVzkhHmf1opZw\",\"https:\\\/\\\/www.instagram.com\\\/acn_international\\\/\"]},{\"@type\":\"Person\",\"@id\":\"https:\\\/\\\/acninternational.org\\\/es\\\/#\\\/schema\\\/person\\\/91975fc8e2569591a0e2d868c7d5816c\",\"name\":\"Maria Lozano\",\"description\":\"Lorem ipsum dolor sit amet, consectetur adipiscing elit, sed do eiusmod tempor incididunt ut labore et dolore magna aliqua. Ut enim ad minim veniam, quis nostrud exercitation ullamco laboris nisi ut aliquip ex ea commodo consequat.\",\"url\":\"https:\\\/\\\/acninternational.org\\\/es\\\/author\\\/maria\\\/\"}]}<\/script>\n<!-- \/ Yoast SEO Premium plugin. -->","yoast_head_json":{"title":"Un ataque con drones en Erbil genera temores entre los cristianos iraqu\u00edes | ACN International","description":"\"Cuando estalla la guerra en Oriente Medio, nos enfrentamos a otra erosi\u00f3n, r\u00e1pida o lenta. \u00bfNos quedamos? \u00bfTienen nuestros hijos futuro?\"","robots":{"index":"index","follow":"follow","max-snippet":"max-snippet:-1","max-image-preview":"max-image-preview:large","max-video-preview":"max-video-preview:-1"},"canonical":"https:\/\/acninternational.org\/es\/un-ataque-con-drones-en-erbil-genera-temores-entre-los-cristianos-iraquies\/","og_locale":"es_ES","og_type":"article","og_title":"Un ataque con drones en Erbil genera temores entre los cristianos iraqu\u00edes","og_description":"\"Cuando estalla la guerra en Oriente Medio, nos enfrentamos a otra erosi\u00f3n, r\u00e1pida o lenta. \u00bfNos quedamos? \u00bfTienen nuestros hijos futuro?\"","og_url":"https:\/\/acninternational.org\/es\/un-ataque-con-drones-en-erbil-genera-temores-entre-los-cristianos-iraquies\/","og_site_name":"ACN International","article_publisher":"https:\/\/www.facebook.com\/acninternationalorg","article_published_time":"2026-03-09T13:08:21+00:00","article_modified_time":"2026-03-09T14:37:17+00:00","og_image":[{"width":1980,"height":800,"url":"https:\/\/media.acninternational.org\/wp-content\/uploads\/2026\/03\/ACN-20260309-203021.jpg","type":"image\/jpeg"}],"author":"Maria Lozano","twitter_card":"summary_large_image","twitter_creator":"@acn_int","twitter_site":"@acn_int","twitter_misc":{"Escrito por":"Maria Lozano","Tiempo de lectura":"5 minutos"},"schema":{"@context":"https:\/\/schema.org","@graph":[{"@type":"Article","@id":"https:\/\/acninternational.org\/es\/un-ataque-con-drones-en-erbil-genera-temores-entre-los-cristianos-iraquies\/#article","isPartOf":{"@id":"https:\/\/acninternational.org\/es\/un-ataque-con-drones-en-erbil-genera-temores-entre-los-cristianos-iraquies\/"},"author":{"name":"Maria Lozano","@id":"https:\/\/acninternational.org\/es\/#\/schema\/person\/91975fc8e2569591a0e2d868c7d5816c"},"headline":"Un ataque con drones en Erbil genera temores entre los cristianos iraqu\u00edes","datePublished":"2026-03-09T13:08:21+00:00","dateModified":"2026-03-09T14:37:17+00:00","mainEntityOfPage":{"@id":"https:\/\/acninternational.org\/es\/un-ataque-con-drones-en-erbil-genera-temores-entre-los-cristianos-iraquies\/"},"wordCount":819,"publisher":{"@id":"https:\/\/acninternational.org\/es\/#organization"},"image":{"@id":"https:\/\/acninternational.org\/es\/un-ataque-con-drones-en-erbil-genera-temores-entre-los-cristianos-iraquies\/#primaryimage"},"thumbnailUrl":"https:\/\/media.acninternational.org\/wp-content\/uploads\/2026\/03\/ACN-20260309-203021.jpg","articleSection":["NOTICIAS"],"inLanguage":"es"},{"@type":"WebPage","@id":"https:\/\/acninternational.org\/es\/un-ataque-con-drones-en-erbil-genera-temores-entre-los-cristianos-iraquies\/","url":"https:\/\/acninternational.org\/es\/un-ataque-con-drones-en-erbil-genera-temores-entre-los-cristianos-iraquies\/","name":"Un ataque con drones en Erbil genera temores entre los cristianos iraqu\u00edes | ACN International","isPartOf":{"@id":"https:\/\/acninternational.org\/es\/#website"},"primaryImageOfPage":{"@id":"https:\/\/acninternational.org\/es\/un-ataque-con-drones-en-erbil-genera-temores-entre-los-cristianos-iraquies\/#primaryimage"},"image":{"@id":"https:\/\/acninternational.org\/es\/un-ataque-con-drones-en-erbil-genera-temores-entre-los-cristianos-iraquies\/#primaryimage"},"thumbnailUrl":"https:\/\/media.acninternational.org\/wp-content\/uploads\/2026\/03\/ACN-20260309-203021.jpg","datePublished":"2026-03-09T13:08:21+00:00","dateModified":"2026-03-09T14:37:17+00:00","description":"\"Cuando estalla la guerra en Oriente Medio, nos enfrentamos a otra erosi\u00f3n, r\u00e1pida o lenta. \u00bfNos quedamos? \u00bfTienen nuestros hijos futuro?\"","breadcrumb":{"@id":"https:\/\/acninternational.org\/es\/un-ataque-con-drones-en-erbil-genera-temores-entre-los-cristianos-iraquies\/#breadcrumb"},"inLanguage":"es","potentialAction":[{"@type":"ReadAction","target":["https:\/\/acninternational.org\/es\/un-ataque-con-drones-en-erbil-genera-temores-entre-los-cristianos-iraquies\/"]}]},{"@type":"ImageObject","inLanguage":"es","@id":"https:\/\/acninternational.org\/es\/un-ataque-con-drones-en-erbil-genera-temores-entre-los-cristianos-iraquies\/#primaryimage","url":"https:\/\/media.acninternational.org\/wp-content\/uploads\/2026\/03\/ACN-20260309-203021.jpg","contentUrl":"https:\/\/media.acninternational.org\/wp-content\/uploads\/2026\/03\/ACN-20260309-203021.jpg","width":1980,"height":800},{"@type":"BreadcrumbList","@id":"https:\/\/acninternational.org\/es\/un-ataque-con-drones-en-erbil-genera-temores-entre-los-cristianos-iraquies\/#breadcrumb","itemListElement":[{"@type":"ListItem","position":1,"name":"Home","item":"https:\/\/acninternational.org\/es\/"},{"@type":"ListItem","position":2,"name":"NOTICIAS","item":"https:\/\/acninternational.org\/es\/category\/news-es\/"},{"@type":"ListItem","position":3,"name":"Un ataque con drones en Erbil genera temores entre los cristianos iraqu\u00edes"}]},{"@type":"WebSite","@id":"https:\/\/acninternational.org\/es\/#website","url":"https:\/\/acninternational.org\/es\/","name":"ACN International","description":"","publisher":{"@id":"https:\/\/acninternational.org\/es\/#organization"},"potentialAction":[{"@type":"SearchAction","target":{"@type":"EntryPoint","urlTemplate":"https:\/\/acninternational.org\/es\/?s={search_term_string}"},"query-input":{"@type":"PropertyValueSpecification","valueRequired":true,"valueName":"search_term_string"}}],"inLanguage":"es"},{"@type":"Organization","@id":"https:\/\/acninternational.org\/es\/#organization","name":"Aid to the Church in Need International","url":"https:\/\/acninternational.org\/es\/","logo":{"@type":"ImageObject","inLanguage":"es","@id":"https:\/\/acninternational.org\/es\/#\/schema\/logo\/image\/","url":"https:\/\/media.acninternational.org\/wp-content\/uploads\/2019\/11\/acn_logo_blackvector.svg","contentUrl":"https:\/\/media.acninternational.org\/wp-content\/uploads\/2019\/11\/acn_logo_blackvector.svg","width":232.6,"height":78,"caption":"Aid to the Church in Need International"},"image":{"@id":"https:\/\/acninternational.org\/es\/#\/schema\/logo\/image\/"},"sameAs":["https:\/\/www.facebook.com\/acninternationalorg","https:\/\/x.com\/acn_int","https:\/\/www.youtube.com\/channel\/UCQ-077gS0TnVzkhHmf1opZw","https:\/\/www.instagram.com\/acn_international\/"]},{"@type":"Person","@id":"https:\/\/acninternational.org\/es\/#\/schema\/person\/91975fc8e2569591a0e2d868c7d5816c","name":"Maria Lozano","description":"Lorem ipsum dolor sit amet, consectetur adipiscing elit, sed do eiusmod tempor incididunt ut labore et dolore magna aliqua. Ut enim ad minim veniam, quis nostrud exercitation ullamco laboris nisi ut aliquip ex ea commodo consequat.","url":"https:\/\/acninternational.org\/es\/author\/maria\/"}]}},"_links":{"self":[{"href":"https:\/\/acninternational.org\/es\/wp-json\/wp\/v2\/posts\/262218","targetHints":{"allow":["GET"]}}],"collection":[{"href":"https:\/\/acninternational.org\/es\/wp-json\/wp\/v2\/posts"}],"about":[{"href":"https:\/\/acninternational.org\/es\/wp-json\/wp\/v2\/types\/post"}],"author":[{"embeddable":true,"href":"https:\/\/acninternational.org\/es\/wp-json\/wp\/v2\/users\/4258341378"}],"replies":[{"embeddable":true,"href":"https:\/\/acninternational.org\/es\/wp-json\/wp\/v2\/comments?post=262218"}],"version-history":[{"count":2,"href":"https:\/\/acninternational.org\/es\/wp-json\/wp\/v2\/posts\/262218\/revisions"}],"predecessor-version":[{"id":262227,"href":"https:\/\/acninternational.org\/es\/wp-json\/wp\/v2\/posts\/262218\/revisions\/262227"}],"wp:featuredmedia":[{"embeddable":true,"href":"https:\/\/acninternational.org\/es\/wp-json\/wp\/v2\/media\/262196"}],"wp:attachment":[{"href":"https:\/\/acninternational.org\/es\/wp-json\/wp\/v2\/media?parent=262218"}],"wp:term":[{"taxonomy":"category","embeddable":true,"href":"https:\/\/acninternational.org\/es\/wp-json\/wp\/v2\/categories?post=262218"},{"taxonomy":"post_tag","embeddable":true,"href":"https:\/\/acninternational.org\/es\/wp-json\/wp\/v2\/tags?post=262218"},{"taxonomy":"country","embeddable":true,"href":"https:\/\/acninternational.org\/es\/wp-json\/wp\/v2\/country?post=262218"}],"curies":[{"name":"wp","href":"https:\/\/api.w.org\/{rel}","templated":true}]}}