{"id":261269,"date":"2026-01-08T10:31:06","date_gmt":"2026-01-08T09:31:06","guid":{"rendered":"https:\/\/acninternational.org\/?p=261269"},"modified":"2026-01-08T11:13:48","modified_gmt":"2026-01-08T10:13:48","slug":"los-cristianos-piden-paz-y-oraciones-mientras-la-violencia-regresa-a-alepo","status":"publish","type":"post","link":"https:\/\/acninternational.org\/es\/los-cristianos-piden-paz-y-oraciones-mientras-la-violencia-regresa-a-alepo\/","title":{"rendered":"Los cristianos piden paz y oraciones mientras la violencia regresa a Alepo"},"content":{"rendered":"\n<p><em>La poblaci\u00f3n civil vuelve a ser la principal v\u00edctima mientras las FDS lideradas por kurdos y las fuerzas leales al gobierno de Damasco luchan por tomar el control de la segunda ciudad m\u00e1s importante del pa\u00eds. La Iglesia ha abierto las puertas de sus edificios a familias desplazadas.<\/em><\/p>\n\n\n\n<p>Los cristianos en Alepo, Siria, piden oraciones a la comunidad internacional mientras la violencia regresa a la ciudad.<\/p>\n\n\n<div class=\"wp-block-image\">\n<figure class=\"aligncenter size-large\"><img loading=\"lazy\" decoding=\"async\" width=\"1024\" height=\"683\" src=\"https:\/\/media.acninternational.org\/wp-content\/uploads\/2026\/01\/ACN-20241216-177988-1024x683.jpg\" alt=\"\" class=\"wp-image-261255\" srcset=\"https:\/\/media.acninternational.org\/wp-content\/uploads\/2026\/01\/ACN-20241216-177988-1024x683.jpg 1024w, https:\/\/media.acninternational.org\/wp-content\/uploads\/2026\/01\/ACN-20241216-177988-300x200.jpg 300w, https:\/\/media.acninternational.org\/wp-content\/uploads\/2026\/01\/ACN-20241216-177988-768x512.jpg 768w, https:\/\/media.acninternational.org\/wp-content\/uploads\/2026\/01\/ACN-20241216-177988.jpg 1080w\" sizes=\"auto, (max-width: 1024px) 100vw, 1024px\" \/><figcaption class=\"wp-element-caption\">Los cristianos de Alepo piden oraciones urgentes ante el retorno del conflicto a la ciudad<\/figcaption><\/figure>\n<\/div>\n\n\n<p>Las fuerzas gubernamentales y miembros de las Fuerzas Democr\u00e1ticas Sirias (FDS), una coalici\u00f3n liderada por kurdos con base en el noreste de Siria, est\u00e1 luchando por el control de partes de Alepo. Los enfrentamientos comenzaron a finales de diciembre y luego se interrumpieron cuando ambas partes establecieron una tregua, pero los combates se reavivaron el 6 de enero y ya han causado varias muertes, incluyendo cristianos, seg\u00fan fuentes locales que est\u00e1n en contacto con Aid to the Church in Need (ACN).<\/p>\n\n\n\n<p>El regreso de la violencia coincidi\u00f3 con la Navidad para los fieles ortodoxos armenios y las celebraciones de la Epifan\u00eda para las dem\u00e1s comunidades cristianas de Alepo, por ello todas las celebraciones fueron canceladas porque la gente est\u00e1 atemorizada de salir de sus casas. \u00abLas escuelas, universidades y servicios p\u00fablicos est\u00e1n cerrados, solo los hospitales siguen funcionando, y las familias \u2013 tambi\u00e9n cristianas &#8211; est\u00e1n atrapadas en sus casas porque algunos est\u00e1n en primera l\u00ednea\u00bb, dice una fuente local de ACN, que pidi\u00f3 no ser identificada por razones de seguridad.<\/p>\n\n\n\n<p>La iglesia local ha abierto muchos de sus edificios a familias que han tenido que huir de sus hogares, y el gobierno ha abierto dos pasadizos para que la gente abandone las zonas afectadas, pero existe el temor de que la situaci\u00f3n empeore a\u00fan m\u00e1s una vez que se cierren de nuevo. \u00abParece que ambas partes est\u00e1n planeando algo m\u00e1s grande, seg\u00fan la cantidad de bombardeos y disparos que estamos escuchando\u00bb, dice la fuente de ACN, que a\u00f1ade: \u00abPido oraciones para que ambas partes lleguen a un acuerdo y que prevalezca la paz en el pa\u00eds.\u00bb<\/p>\n\n\n\n<p>En un mensaje enviado a ACN, el arzobispo maronita Joseph Tobji se dirigi\u00f3 a los benefactores de la fundaci\u00f3n, pidiendo oraciones. \u00abQuer\u00eda pedirles oraciones con este v\u00eddeo, porque el momento se ha vuelto cr\u00edtico otra vez. La gente est\u00e1 empezando a huir de muchas zonas de Alepo. Contamos con la ayuda de Dios y por ello os agradecemos vuestras oraciones.\u00bb<\/p>\n\n\n<div class=\"wp-block-image\">\n<figure class=\"aligncenter size-large\"><img loading=\"lazy\" decoding=\"async\" width=\"637\" height=\"1024\" src=\"https:\/\/media.acninternational.org\/wp-content\/uploads\/2026\/01\/ACN-20180131-67391-637x1024.jpg\" alt=\"\" class=\"wp-image-261261\" srcset=\"https:\/\/media.acninternational.org\/wp-content\/uploads\/2026\/01\/ACN-20180131-67391-637x1024.jpg 637w, https:\/\/media.acninternational.org\/wp-content\/uploads\/2026\/01\/ACN-20180131-67391-187x300.jpg 187w, https:\/\/media.acninternational.org\/wp-content\/uploads\/2026\/01\/ACN-20180131-67391.jpg 720w\" sizes=\"auto, (max-width: 637px) 100vw, 637px\" \/><figcaption class=\"wp-element-caption\">El arzobispo maronita Joseph Tobji<\/figcaption><\/figure>\n<\/div>\n\n\n<p>El padre Fadi Najjar, socio del proyecto de ACN, tambi\u00e9n envi\u00f3 un mensaje en el que explica que \u00abel gobierno est\u00e1 bombardeando las zonas kurdas, y los kurdos responden bombardeando nuestros barrios. Los cohetes est\u00e1n lloviendo sobre nosotros.\u00bb \u00abPor supuesto, los civiles siempre son el eslab\u00f3n m\u00e1s d\u00e9bil, y los que m\u00e1s sufren. Mucha gente ha abandonado sus hogares y muchos han muerto\u00bb, a\u00f1ade el sacerdote.<\/p>\n\n\n\n<p>El sacerdote termina su mensaje a ACN con una urgente petici\u00f3n de oraciones y de paz, recordando: \u00abBienaventurados los pacificadores, porque ser\u00e1n llamados hijos de Dios. Por favor, orad por nosotros y permaneced unidos en la oraci\u00f3n. No sabemos qu\u00e9 est\u00e1 pasando ni qu\u00e9 va a pasar, as\u00ed que por favor ay\u00fadanos con tu oraci\u00f3n y tu solidaridad. Alzad la voz por la paz, para que esta guerra termine de inmediato.\u00bb<\/p>\n\n\n\n<p>Tambi\u00e9n el padre Hugo Alaniz, otro socio de proyectos de ACN, explic\u00f3 en un mensaje enviado a la organizaci\u00f3n: \u00abNo sabemos qu\u00e9 ocurrir\u00e1, pero rezamos para que todo se calme, as\u00ed que tambi\u00e9n pedimos vuestras oraciones. De hecho, plane\u00e1bamos celebrar la Navidad con los ni\u00f1os ayer porque no era seguro celebrarlo el d\u00eda de Navidad debido a los enfrentamientos, pero ayer los mismos eventos nos impidieron recuperarlo. Estuvimos escuchando los bombardeos y los disparos entre ambos bandos todo el d\u00eda, pido oraciones para que ambas partes lleguen a un acuerdo y que prevalezca la paz en el pa\u00eds\u00bb.<\/p>\n\n\n<div class=\"wp-block-image\">\n<figure class=\"aligncenter size-large\"><img loading=\"lazy\" decoding=\"async\" width=\"1024\" height=\"683\" src=\"https:\/\/media.acninternational.org\/wp-content\/uploads\/2025\/10\/ACN-20210921-116804-1024x683.jpg\" alt=\"\" class=\"wp-image-258571\" srcset=\"https:\/\/media.acninternational.org\/wp-content\/uploads\/2025\/10\/ACN-20210921-116804-1024x683.jpg 1024w, https:\/\/media.acninternational.org\/wp-content\/uploads\/2025\/10\/ACN-20210921-116804-300x200.jpg 300w, https:\/\/media.acninternational.org\/wp-content\/uploads\/2025\/10\/ACN-20210921-116804-768x512.jpg 768w, https:\/\/media.acninternational.org\/wp-content\/uploads\/2025\/10\/ACN-20210921-116804.jpg 1500w\" sizes=\"auto, (max-width: 1024px) 100vw, 1024px\" \/><figcaption class=\"wp-element-caption\">El padre Hugo Alaniz<\/figcaption><\/figure>\n<\/div>\n\n\n<p>Regina Lynch, presidenta ejecutiva de Aid to the Church in Need, declar\u00f3 que \u00abuna vez m\u00e1s, nos llegan noticias alarmantes desde Alepo. Nuestros hermanos y hermanas all\u00ed piden oraciones, y desde ACN nos unimos a este llamamiento con profunda preocupaci\u00f3n y esperanza.\u00bb<\/p>\n\n\n\n<p>\u00abEn momentos como estos, cuando el miedo y la incertidumbre vuelven a la vida diaria de tantas familias, la oraci\u00f3n se convierte en un poderoso acto de solidaridad. Pido a nuestros benefactores y a todas las personas de buena voluntad que recen por el pueblo de Alepo, especialmente por las comunidades cristianas que una vez m\u00e1s sufren las consecuencias de la violencia. Que Dios toque los corazones de los responsables, para que prevalezcan el di\u00e1logo y la paz.\u00bb<\/p>\n\n\n\n<p><em>Las SDF son el brazo militar de la entidad pol\u00edtica que ha gobernado el noreste de Siria desde que comenz\u00f3 la guerra civil en el pa\u00eds, en 2011. Fueron un factor fundamental para derrotar al Estado Isl\u00e1mico, con el apoyo de una coalici\u00f3n internacional, y han expresado su deseo de seguir gobernando su regi\u00f3n como una parte aut\u00f3noma de Siria. El gobierno de Damasco, que derroc\u00f3 a Bashar al-Assad hace poco m\u00e1s de un a\u00f1o, ha rechazado esta idea y quiere ejercer un control sobre todo el pa\u00eds. La tensi\u00f3n entre las partes se ha mantenido durante meses antes de estallar en un conflicto por el control de partes de la segunda ciudad m\u00e1s importante de Siria, Alepo.<\/em><\/p>\n","protected":false},"excerpt":{"rendered":"<p>La poblaci\u00f3n civil vuelve a ser la principal v\u00edctima mientras las FDS lideradas por kurdos y las fuerzas leales al gobierno de Damasco luchan por tomar el control de la segunda ciudad m\u00e1s importante del pa\u00eds. La Iglesia ha abierto las puertas de sus edificios a familias desplazadas. Los cristianos en Alepo, Siria, piden oraciones [&hellip;]<\/p>\n","protected":false},"author":4258341377,"featured_media":261254,"comment_status":"closed","ping_status":"closed","sticky":false,"template":"","format":"standard","meta":{"_acf_changed":false,"_acn_coauthor_ids":[],"footnotes":""},"categories":[1254],"tags":[],"country":[390],"class_list":["post-261269","post","type-post","status-publish","format-standard","has-post-thumbnail","hentry","category-news-es","country-siria"],"acn_coauthors":[],"acf":[],"yoast_head":"<!-- This site is optimized with the Yoast SEO Premium plugin v27.3 (Yoast SEO v27.3) - https:\/\/yoast.com\/product\/yoast-seo-premium-wordpress\/ -->\n<title>Los cristianos piden paz y oraciones mientras la violencia regresa a Alepo | ACN International<\/title>\n<meta name=\"description\" content=\"Los cristianos en Alepo, Siria, piden oraciones a la comunidad internacional mientras la violencia regresa a la ciudad.\" \/>\n<meta name=\"robots\" content=\"index, follow, max-snippet:-1, max-image-preview:large, max-video-preview:-1\" \/>\n<link rel=\"canonical\" href=\"https:\/\/acninternational.org\/es\/los-cristianos-piden-paz-y-oraciones-mientras-la-violencia-regresa-a-alepo\/\" \/>\n<meta property=\"og:locale\" content=\"es_ES\" \/>\n<meta property=\"og:type\" content=\"article\" \/>\n<meta property=\"og:title\" content=\"Los cristianos piden paz y oraciones mientras la violencia regresa a Alepo\" \/>\n<meta property=\"og:description\" content=\"Los cristianos en Alepo, Siria, piden oraciones a la comunidad internacional mientras la violencia regresa a la ciudad.\" \/>\n<meta property=\"og:url\" content=\"https:\/\/acninternational.org\/es\/los-cristianos-piden-paz-y-oraciones-mientras-la-violencia-regresa-a-alepo\/\" \/>\n<meta property=\"og:site_name\" content=\"ACN International\" \/>\n<meta property=\"article:publisher\" content=\"https:\/\/www.facebook.com\/acninternationalorg\" \/>\n<meta property=\"article:published_time\" content=\"2026-01-08T09:31:06+00:00\" \/>\n<meta property=\"article:modified_time\" content=\"2026-01-08T10:13:48+00:00\" \/>\n<meta property=\"og:image\" content=\"https:\/\/media.acninternational.org\/wp-content\/uploads\/2026\/01\/ACN-20241216-178028.jpg\" \/>\n\t<meta property=\"og:image:width\" content=\"1980\" \/>\n\t<meta property=\"og:image:height\" content=\"800\" \/>\n\t<meta property=\"og:image:type\" content=\"image\/jpeg\" \/>\n<meta name=\"author\" content=\"Filipe d\u2019Avillez\" \/>\n<meta name=\"twitter:card\" content=\"summary_large_image\" \/>\n<meta name=\"twitter:creator\" content=\"@acn_int\" \/>\n<meta name=\"twitter:site\" content=\"@acn_int\" \/>\n<meta name=\"twitter:label1\" content=\"Escrito por\" \/>\n\t<meta name=\"twitter:data1\" content=\"Filipe d\u2019Avillez\" \/>\n\t<meta name=\"twitter:label2\" content=\"Tiempo de lectura\" \/>\n\t<meta name=\"twitter:data2\" content=\"5 minutos\" \/>\n<script type=\"application\/ld+json\" class=\"yoast-schema-graph\">{\"@context\":\"https:\\\/\\\/schema.org\",\"@graph\":[{\"@type\":\"Article\",\"@id\":\"https:\\\/\\\/acninternational.org\\\/es\\\/los-cristianos-piden-paz-y-oraciones-mientras-la-violencia-regresa-a-alepo\\\/#article\",\"isPartOf\":{\"@id\":\"https:\\\/\\\/acninternational.org\\\/es\\\/los-cristianos-piden-paz-y-oraciones-mientras-la-violencia-regresa-a-alepo\\\/\"},\"author\":{\"name\":\"Filipe d\u2019Avillez\",\"@id\":\"https:\\\/\\\/acninternational.org\\\/es\\\/#\\\/schema\\\/person\\\/7489225627ad784c8faa0f4616c1cbdf\"},\"headline\":\"Los cristianos piden paz y oraciones mientras la violencia regresa a Alepo\",\"datePublished\":\"2026-01-08T09:31:06+00:00\",\"dateModified\":\"2026-01-08T10:13:48+00:00\",\"mainEntityOfPage\":{\"@id\":\"https:\\\/\\\/acninternational.org\\\/es\\\/los-cristianos-piden-paz-y-oraciones-mientras-la-violencia-regresa-a-alepo\\\/\"},\"wordCount\":963,\"publisher\":{\"@id\":\"https:\\\/\\\/acninternational.org\\\/es\\\/#organization\"},\"image\":{\"@id\":\"https:\\\/\\\/acninternational.org\\\/es\\\/los-cristianos-piden-paz-y-oraciones-mientras-la-violencia-regresa-a-alepo\\\/#primaryimage\"},\"thumbnailUrl\":\"https:\\\/\\\/media.acninternational.org\\\/wp-content\\\/uploads\\\/2026\\\/01\\\/ACN-20241216-178028.jpg\",\"articleSection\":[\"NOTICIAS\"],\"inLanguage\":\"es\"},{\"@type\":\"WebPage\",\"@id\":\"https:\\\/\\\/acninternational.org\\\/es\\\/los-cristianos-piden-paz-y-oraciones-mientras-la-violencia-regresa-a-alepo\\\/\",\"url\":\"https:\\\/\\\/acninternational.org\\\/es\\\/los-cristianos-piden-paz-y-oraciones-mientras-la-violencia-regresa-a-alepo\\\/\",\"name\":\"Los cristianos piden paz y oraciones mientras la violencia regresa a Alepo | ACN International\",\"isPartOf\":{\"@id\":\"https:\\\/\\\/acninternational.org\\\/es\\\/#website\"},\"primaryImageOfPage\":{\"@id\":\"https:\\\/\\\/acninternational.org\\\/es\\\/los-cristianos-piden-paz-y-oraciones-mientras-la-violencia-regresa-a-alepo\\\/#primaryimage\"},\"image\":{\"@id\":\"https:\\\/\\\/acninternational.org\\\/es\\\/los-cristianos-piden-paz-y-oraciones-mientras-la-violencia-regresa-a-alepo\\\/#primaryimage\"},\"thumbnailUrl\":\"https:\\\/\\\/media.acninternational.org\\\/wp-content\\\/uploads\\\/2026\\\/01\\\/ACN-20241216-178028.jpg\",\"datePublished\":\"2026-01-08T09:31:06+00:00\",\"dateModified\":\"2026-01-08T10:13:48+00:00\",\"description\":\"Los cristianos en Alepo, Siria, piden oraciones a la comunidad internacional mientras la violencia regresa a la ciudad.\",\"breadcrumb\":{\"@id\":\"https:\\\/\\\/acninternational.org\\\/es\\\/los-cristianos-piden-paz-y-oraciones-mientras-la-violencia-regresa-a-alepo\\\/#breadcrumb\"},\"inLanguage\":\"es\",\"potentialAction\":[{\"@type\":\"ReadAction\",\"target\":[\"https:\\\/\\\/acninternational.org\\\/es\\\/los-cristianos-piden-paz-y-oraciones-mientras-la-violencia-regresa-a-alepo\\\/\"]}]},{\"@type\":\"ImageObject\",\"inLanguage\":\"es\",\"@id\":\"https:\\\/\\\/acninternational.org\\\/es\\\/los-cristianos-piden-paz-y-oraciones-mientras-la-violencia-regresa-a-alepo\\\/#primaryimage\",\"url\":\"https:\\\/\\\/media.acninternational.org\\\/wp-content\\\/uploads\\\/2026\\\/01\\\/ACN-20241216-178028.jpg\",\"contentUrl\":\"https:\\\/\\\/media.acninternational.org\\\/wp-content\\\/uploads\\\/2026\\\/01\\\/ACN-20241216-178028.jpg\",\"width\":1980,\"height\":800},{\"@type\":\"BreadcrumbList\",\"@id\":\"https:\\\/\\\/acninternational.org\\\/es\\\/los-cristianos-piden-paz-y-oraciones-mientras-la-violencia-regresa-a-alepo\\\/#breadcrumb\",\"itemListElement\":[{\"@type\":\"ListItem\",\"position\":1,\"name\":\"Home\",\"item\":\"https:\\\/\\\/acninternational.org\\\/es\\\/\"},{\"@type\":\"ListItem\",\"position\":2,\"name\":\"NOTICIAS\",\"item\":\"https:\\\/\\\/acninternational.org\\\/es\\\/category\\\/news-es\\\/\"},{\"@type\":\"ListItem\",\"position\":3,\"name\":\"Los cristianos piden paz y oraciones mientras la violencia regresa a Alepo\"}]},{\"@type\":\"WebSite\",\"@id\":\"https:\\\/\\\/acninternational.org\\\/es\\\/#website\",\"url\":\"https:\\\/\\\/acninternational.org\\\/es\\\/\",\"name\":\"ACN International\",\"description\":\"\",\"publisher\":{\"@id\":\"https:\\\/\\\/acninternational.org\\\/es\\\/#organization\"},\"potentialAction\":[{\"@type\":\"SearchAction\",\"target\":{\"@type\":\"EntryPoint\",\"urlTemplate\":\"https:\\\/\\\/acninternational.org\\\/es\\\/?s={search_term_string}\"},\"query-input\":{\"@type\":\"PropertyValueSpecification\",\"valueRequired\":true,\"valueName\":\"search_term_string\"}}],\"inLanguage\":\"es\"},{\"@type\":\"Organization\",\"@id\":\"https:\\\/\\\/acninternational.org\\\/es\\\/#organization\",\"name\":\"Aid to the Church in Need International\",\"url\":\"https:\\\/\\\/acninternational.org\\\/es\\\/\",\"logo\":{\"@type\":\"ImageObject\",\"inLanguage\":\"es\",\"@id\":\"https:\\\/\\\/acninternational.org\\\/es\\\/#\\\/schema\\\/logo\\\/image\\\/\",\"url\":\"https:\\\/\\\/media.acninternational.org\\\/wp-content\\\/uploads\\\/2019\\\/11\\\/acn_logo_blackvector.svg\",\"contentUrl\":\"https:\\\/\\\/media.acninternational.org\\\/wp-content\\\/uploads\\\/2019\\\/11\\\/acn_logo_blackvector.svg\",\"width\":232.6,\"height\":78,\"caption\":\"Aid to the Church in Need International\"},\"image\":{\"@id\":\"https:\\\/\\\/acninternational.org\\\/es\\\/#\\\/schema\\\/logo\\\/image\\\/\"},\"sameAs\":[\"https:\\\/\\\/www.facebook.com\\\/acninternationalorg\",\"https:\\\/\\\/x.com\\\/acn_int\",\"https:\\\/\\\/www.youtube.com\\\/channel\\\/UCQ-077gS0TnVzkhHmf1opZw\",\"https:\\\/\\\/www.instagram.com\\\/acn_international\\\/\"]},{\"@type\":\"Person\",\"@id\":\"https:\\\/\\\/acninternational.org\\\/es\\\/#\\\/schema\\\/person\\\/7489225627ad784c8faa0f4616c1cbdf\",\"name\":\"Filipe d\u2019Avillez\",\"url\":\"https:\\\/\\\/acninternational.org\\\/es\\\/author\\\/filipe\\\/\"}]}<\/script>\n<!-- \/ Yoast SEO Premium plugin. -->","yoast_head_json":{"title":"Los cristianos piden paz y oraciones mientras la violencia regresa a Alepo | ACN International","description":"Los cristianos en Alepo, Siria, piden oraciones a la comunidad internacional mientras la violencia regresa a la ciudad.","robots":{"index":"index","follow":"follow","max-snippet":"max-snippet:-1","max-image-preview":"max-image-preview:large","max-video-preview":"max-video-preview:-1"},"canonical":"https:\/\/acninternational.org\/es\/los-cristianos-piden-paz-y-oraciones-mientras-la-violencia-regresa-a-alepo\/","og_locale":"es_ES","og_type":"article","og_title":"Los cristianos piden paz y oraciones mientras la violencia regresa a Alepo","og_description":"Los cristianos en Alepo, Siria, piden oraciones a la comunidad internacional mientras la violencia regresa a la ciudad.","og_url":"https:\/\/acninternational.org\/es\/los-cristianos-piden-paz-y-oraciones-mientras-la-violencia-regresa-a-alepo\/","og_site_name":"ACN International","article_publisher":"https:\/\/www.facebook.com\/acninternationalorg","article_published_time":"2026-01-08T09:31:06+00:00","article_modified_time":"2026-01-08T10:13:48+00:00","og_image":[{"width":1980,"height":800,"url":"https:\/\/media.acninternational.org\/wp-content\/uploads\/2026\/01\/ACN-20241216-178028.jpg","type":"image\/jpeg"}],"author":"Filipe d\u2019Avillez","twitter_card":"summary_large_image","twitter_creator":"@acn_int","twitter_site":"@acn_int","twitter_misc":{"Escrito por":"Filipe d\u2019Avillez","Tiempo de lectura":"5 minutos"},"schema":{"@context":"https:\/\/schema.org","@graph":[{"@type":"Article","@id":"https:\/\/acninternational.org\/es\/los-cristianos-piden-paz-y-oraciones-mientras-la-violencia-regresa-a-alepo\/#article","isPartOf":{"@id":"https:\/\/acninternational.org\/es\/los-cristianos-piden-paz-y-oraciones-mientras-la-violencia-regresa-a-alepo\/"},"author":{"name":"Filipe d\u2019Avillez","@id":"https:\/\/acninternational.org\/es\/#\/schema\/person\/7489225627ad784c8faa0f4616c1cbdf"},"headline":"Los cristianos piden paz y oraciones mientras la violencia regresa a Alepo","datePublished":"2026-01-08T09:31:06+00:00","dateModified":"2026-01-08T10:13:48+00:00","mainEntityOfPage":{"@id":"https:\/\/acninternational.org\/es\/los-cristianos-piden-paz-y-oraciones-mientras-la-violencia-regresa-a-alepo\/"},"wordCount":963,"publisher":{"@id":"https:\/\/acninternational.org\/es\/#organization"},"image":{"@id":"https:\/\/acninternational.org\/es\/los-cristianos-piden-paz-y-oraciones-mientras-la-violencia-regresa-a-alepo\/#primaryimage"},"thumbnailUrl":"https:\/\/media.acninternational.org\/wp-content\/uploads\/2026\/01\/ACN-20241216-178028.jpg","articleSection":["NOTICIAS"],"inLanguage":"es"},{"@type":"WebPage","@id":"https:\/\/acninternational.org\/es\/los-cristianos-piden-paz-y-oraciones-mientras-la-violencia-regresa-a-alepo\/","url":"https:\/\/acninternational.org\/es\/los-cristianos-piden-paz-y-oraciones-mientras-la-violencia-regresa-a-alepo\/","name":"Los cristianos piden paz y oraciones mientras la violencia regresa a Alepo | ACN International","isPartOf":{"@id":"https:\/\/acninternational.org\/es\/#website"},"primaryImageOfPage":{"@id":"https:\/\/acninternational.org\/es\/los-cristianos-piden-paz-y-oraciones-mientras-la-violencia-regresa-a-alepo\/#primaryimage"},"image":{"@id":"https:\/\/acninternational.org\/es\/los-cristianos-piden-paz-y-oraciones-mientras-la-violencia-regresa-a-alepo\/#primaryimage"},"thumbnailUrl":"https:\/\/media.acninternational.org\/wp-content\/uploads\/2026\/01\/ACN-20241216-178028.jpg","datePublished":"2026-01-08T09:31:06+00:00","dateModified":"2026-01-08T10:13:48+00:00","description":"Los cristianos en Alepo, Siria, piden oraciones a la comunidad internacional mientras la violencia regresa a la ciudad.","breadcrumb":{"@id":"https:\/\/acninternational.org\/es\/los-cristianos-piden-paz-y-oraciones-mientras-la-violencia-regresa-a-alepo\/#breadcrumb"},"inLanguage":"es","potentialAction":[{"@type":"ReadAction","target":["https:\/\/acninternational.org\/es\/los-cristianos-piden-paz-y-oraciones-mientras-la-violencia-regresa-a-alepo\/"]}]},{"@type":"ImageObject","inLanguage":"es","@id":"https:\/\/acninternational.org\/es\/los-cristianos-piden-paz-y-oraciones-mientras-la-violencia-regresa-a-alepo\/#primaryimage","url":"https:\/\/media.acninternational.org\/wp-content\/uploads\/2026\/01\/ACN-20241216-178028.jpg","contentUrl":"https:\/\/media.acninternational.org\/wp-content\/uploads\/2026\/01\/ACN-20241216-178028.jpg","width":1980,"height":800},{"@type":"BreadcrumbList","@id":"https:\/\/acninternational.org\/es\/los-cristianos-piden-paz-y-oraciones-mientras-la-violencia-regresa-a-alepo\/#breadcrumb","itemListElement":[{"@type":"ListItem","position":1,"name":"Home","item":"https:\/\/acninternational.org\/es\/"},{"@type":"ListItem","position":2,"name":"NOTICIAS","item":"https:\/\/acninternational.org\/es\/category\/news-es\/"},{"@type":"ListItem","position":3,"name":"Los cristianos piden paz y oraciones mientras la violencia regresa a Alepo"}]},{"@type":"WebSite","@id":"https:\/\/acninternational.org\/es\/#website","url":"https:\/\/acninternational.org\/es\/","name":"ACN International","description":"","publisher":{"@id":"https:\/\/acninternational.org\/es\/#organization"},"potentialAction":[{"@type":"SearchAction","target":{"@type":"EntryPoint","urlTemplate":"https:\/\/acninternational.org\/es\/?s={search_term_string}"},"query-input":{"@type":"PropertyValueSpecification","valueRequired":true,"valueName":"search_term_string"}}],"inLanguage":"es"},{"@type":"Organization","@id":"https:\/\/acninternational.org\/es\/#organization","name":"Aid to the Church in Need International","url":"https:\/\/acninternational.org\/es\/","logo":{"@type":"ImageObject","inLanguage":"es","@id":"https:\/\/acninternational.org\/es\/#\/schema\/logo\/image\/","url":"https:\/\/media.acninternational.org\/wp-content\/uploads\/2019\/11\/acn_logo_blackvector.svg","contentUrl":"https:\/\/media.acninternational.org\/wp-content\/uploads\/2019\/11\/acn_logo_blackvector.svg","width":232.6,"height":78,"caption":"Aid to the Church in Need International"},"image":{"@id":"https:\/\/acninternational.org\/es\/#\/schema\/logo\/image\/"},"sameAs":["https:\/\/www.facebook.com\/acninternationalorg","https:\/\/x.com\/acn_int","https:\/\/www.youtube.com\/channel\/UCQ-077gS0TnVzkhHmf1opZw","https:\/\/www.instagram.com\/acn_international\/"]},{"@type":"Person","@id":"https:\/\/acninternational.org\/es\/#\/schema\/person\/7489225627ad784c8faa0f4616c1cbdf","name":"Filipe d\u2019Avillez","url":"https:\/\/acninternational.org\/es\/author\/filipe\/"}]}},"_links":{"self":[{"href":"https:\/\/acninternational.org\/es\/wp-json\/wp\/v2\/posts\/261269","targetHints":{"allow":["GET"]}}],"collection":[{"href":"https:\/\/acninternational.org\/es\/wp-json\/wp\/v2\/posts"}],"about":[{"href":"https:\/\/acninternational.org\/es\/wp-json\/wp\/v2\/types\/post"}],"author":[{"embeddable":true,"href":"https:\/\/acninternational.org\/es\/wp-json\/wp\/v2\/users\/4258341377"}],"replies":[{"embeddable":true,"href":"https:\/\/acninternational.org\/es\/wp-json\/wp\/v2\/comments?post=261269"}],"version-history":[{"count":2,"href":"https:\/\/acninternational.org\/es\/wp-json\/wp\/v2\/posts\/261269\/revisions"}],"predecessor-version":[{"id":261274,"href":"https:\/\/acninternational.org\/es\/wp-json\/wp\/v2\/posts\/261269\/revisions\/261274"}],"wp:featuredmedia":[{"embeddable":true,"href":"https:\/\/acninternational.org\/es\/wp-json\/wp\/v2\/media\/261254"}],"wp:attachment":[{"href":"https:\/\/acninternational.org\/es\/wp-json\/wp\/v2\/media?parent=261269"}],"wp:term":[{"taxonomy":"category","embeddable":true,"href":"https:\/\/acninternational.org\/es\/wp-json\/wp\/v2\/categories?post=261269"},{"taxonomy":"post_tag","embeddable":true,"href":"https:\/\/acninternational.org\/es\/wp-json\/wp\/v2\/tags?post=261269"},{"taxonomy":"country","embeddable":true,"href":"https:\/\/acninternational.org\/es\/wp-json\/wp\/v2\/country?post=261269"}],"curies":[{"name":"wp","href":"https:\/\/api.w.org\/{rel}","templated":true}]}}