{"id":249434,"date":"2025-06-27T15:46:48","date_gmt":"2025-06-27T13:46:48","guid":{"rendered":"https:\/\/acninternational.org\/?p=249434"},"modified":"2025-08-19T15:56:44","modified_gmt":"2025-08-19T13:56:44","slug":"religiosas-atracadas-retenidas-a-punta-de-pistola-y-amenazadas-con-ser-decapitadas-en-mozambique","status":"publish","type":"post","link":"https:\/\/acninternational.org\/es\/religiosas-atracadas-retenidas-a-punta-de-pistola-y-amenazadas-con-ser-decapitadas-en-mozambique\/","title":{"rendered":"Religiosas atracadas, retenidas a punta de pistola y amenazadas con ser decapitadas en Mozambique."},"content":{"rendered":"<p><em>Las hermanas mercedarias son la segunda congregaci\u00f3n que sufre un atraco a mano armada en cuesti\u00f3n de d\u00edas, mientras la violencia en el norte de Mozambique sigue agrav\u00e1ndose.<\/em><\/p>\n<p>El 8 de junio, las Hermanas Mercedarias del Sant\u00edsimo Sacramento presentes en la di\u00f3cesis de Pemba (Mozambique) estuvieron a punto de morir asesinadas cuando la misi\u00f3n que dirigen fue asaltada por un grupo de hombres armados con pistolas y machetes. Las cuatro religiosas, que est\u00e1n al cuidado de unas 30 ni\u00f1as, fueron despojadas de todos sus objetos de valor e incluso amenazadas con ser decapitadas.<\/p>\n<figure id=\"attachment_249417\" aria-describedby=\"caption-attachment-249417\" style=\"width: 720px\" class=\"wp-caption aligncenter\"><img loading=\"lazy\" decoding=\"async\" class=\"wp-image-249417 size-full\" src=\"http:\/\/dev.acninternational.org\/wp-content\/uploads\/2025\/06\/ACN-20250623-190831.jpg\" alt=\"Las Hermanas Mercedarias del Sant\u00edsimo Sacramento, en la di\u00f3cesis de Pemba, Mozambique\" width=\"720\" height=\"960\" srcset=\"https:\/\/media.acninternational.org\/wp-content\/uploads\/2025\/06\/ACN-20250623-190831.jpg 720w, https:\/\/media.acninternational.org\/wp-content\/uploads\/2025\/06\/ACN-20250623-190831-225x300.jpg 225w\" sizes=\"auto, (max-width: 720px) 100vw, 720px\" \/><figcaption id=\"caption-attachment-249417\" class=\"wp-caption-text\">Las Hermanas Mercedarias del Sant\u00edsimo Sacramento, en la di\u00f3cesis de Pemba, Mozambique<\/figcaption><\/figure>\n<p>En un mensaje a la fundaci\u00f3n Aid to the Church in Need (ACN), la Hna. Of\u00e9lia Robledo Alvarado describe el terror que sintieron durante el asalto. \u201cUn grupo de 18 hombres entr\u00f3 en nuestra misi\u00f3n; iban armados con machetes, barras de hierro y armas de fuego. Ocho hombres entraron en la casa mientras los dem\u00e1s se quedaron fuera controlando las entradas y doblegando a los guardias. Nos invadi\u00f3 el terror cuando los vimos entrar en nuestras habitaciones, exigiendo dinero y llev\u00e1ndose todo lo que estaba a su alcance. Robaron los ordenadores, tel\u00e9fonos m\u00f3viles y el poco dinero que ten\u00edamos\u201d.<\/p>\n<p>Sin embargo, lo peor a\u00fan estaba por llegar, ya que los criminales reunieron a las religiosas en la capilla y las obligaron a arrodillarse. \u201cPensamos que iban a prender fuego a la capilla con nosotras dentro, pero, en lugar de eso, hicieron arrodillarse a la Hna. Esperanza en el centro de la capilla y levantaron un machete para decapitarla frente a nosotras. Yo les supliqu\u00e9 que no la mataran, que ya nos hab\u00edan quitado todo lo que ten\u00edamos y les rogu\u00e9 clemencia. Fueron momentos terribles, pero, gracias a Dios, la soltaron\u201d, relata la Hna. Ofelia.<\/p>\n<p>Cuando los atacantes abandonaron el recinto, las religiosas salieron inmediatamente en busca de las chicas, aterrorizadas por si les hab\u00edan hecho da\u00f1o o acosado de alguna manera. \u201cGracias a Dios, las encontramos tranquilas e indemnes. Es la primera vez en 17 a\u00f1os que sufrimos un ataque en nuestra misi\u00f3n; hasta ahora nunca nadie hab\u00eda entrado en nuestra casa con malas intenciones\u201d, afirma la Hna. Ofelia. \u201cPero la ola de terrorismo que comenz\u00f3 en 2017 lo ha cambiado todo: ahora vivimos una situaci\u00f3n de inseguridad en toda la provincia de Cabo Delgado. Lo triste es que parece ser que incluso la polic\u00eda y el ej\u00e9rcito est\u00e1n implicados en las bandas de delincuencia organizada y por eso necesitamos tomar medidas para protegernos a nosotras y a las ni\u00f1as\u201d.<\/p>\n<p>Las hermanas mercedarias quieren ahora reunir fondos para instalar c\u00e1maras de seguridad y rejas en las ventanas. Esto supone una inversi\u00f3n considerable, pues el complejo -que incluye la residencia de las hermanas, el hogar de las ni\u00f1as a las que cuidan, la capilla, la casa de hu\u00e9spedes y la sala de estudio- cuenta con 70 ventanas.<\/p>\n<figure id=\"attachment_249423\" aria-describedby=\"caption-attachment-249423\" style=\"width: 800px\" class=\"wp-caption aligncenter\"><img loading=\"lazy\" decoding=\"async\" class=\"wp-image-249423 size-large\" src=\"https:\/\/media.acninternational.org\/wp-content\/uploads\/2025\/06\/ACN-20250623-190832-1024x768.jpg\" alt=\"Las hermanas Mecedarian cuidan de decenas de ni\u00f1as. Afortunadamente, ninguna result\u00f3 herida en el ataque\" width=\"800\" height=\"600\" srcset=\"https:\/\/media.acninternational.org\/wp-content\/uploads\/2025\/06\/ACN-20250623-190832-1024x768.jpg 1024w, https:\/\/media.acninternational.org\/wp-content\/uploads\/2025\/06\/ACN-20250623-190832-300x225.jpg 300w, https:\/\/media.acninternational.org\/wp-content\/uploads\/2025\/06\/ACN-20250623-190832-768x576.jpg 768w, https:\/\/media.acninternational.org\/wp-content\/uploads\/2025\/06\/ACN-20250623-190832.jpg 1080w\" sizes=\"auto, (max-width: 800px) 100vw, 800px\" \/><figcaption id=\"caption-attachment-249423\" class=\"wp-caption-text\">Las hermanas Mecedarian cuidan de decenas de ni\u00f1as. Afortunadamente, ninguna result\u00f3 herida en el ataque<\/figcaption><\/figure>\n<p>El robo en la casa de las mercedarias ha sido el segundo en las \u00faltimas semanas. Solo unos d\u00edas antes, los padres de La Salette en Mieze tambi\u00e9n fueron asaltados por hombres armados con machetes que actuaron al amparo de la oscuridad. Afortunadamente, ninguno de los religiosos result\u00f3 herido.<\/p>\n<p>La provincia de Cabo Delgado, en el norte de Mozambique, viene padeciendo desde 2017 una insurgencia yihadista. Los recientes ataques contra la misi\u00f3n mercedaria y la de La Salette no han sido perpetrados directamente por insurgentes islamistas. Sin embargo, el colapso general de la seguridad, causado en gran medida por la insurgencia, ha contribuido a un aumento de la violencia armada que afecta a toda la provincia de Cabo Delgado. Adem\u00e1s, la extrema pobreza y la falta de recursos, tambi\u00e9n consecuencia de la insurgencia, han provocado oleadas de robos y hurtos.<\/p>\n<p>La hermana Aparecida Ramos Queiroz, responsable de los proyectos de la di\u00f3cesis de Pemba, confirm\u00f3 a ACN la urgente necesidad de medidas de seguridad para proteger los conventos de la di\u00f3cesis. En 2023, el convento de su propia congregaci\u00f3n en Metoro fue atacado.<\/p>\n<p>ACN, que proporciona asistencia de emergencia a la di\u00f3cesis local de Pemba para ayudar a algunas de las m\u00e1s de un mill\u00f3n de personas desplazadas internamente por la violencia, est\u00e1 trabajando estrechamente con la di\u00f3cesis para apoyar sus esfuerzos para mejorar la seguridad en sus conventos y estructuras misioneras.<\/p>\n<p>&nbsp;<\/p>\n","protected":false},"excerpt":{"rendered":"<p>Es la primera vez en 17 a\u00f1os que sufrimos un ataque en nuestra misi\u00f3n; hasta ahora nunca nadie hab\u00eda entrado en nuestra casa con malas intenciones<\/p>\n","protected":false},"author":4258341382,"featured_media":249411,"comment_status":"closed","ping_status":"closed","sticky":false,"template":"","format":"standard","meta":{"_acf_changed":false,"_acn_coauthor_ids":[],"footnotes":""},"categories":[746],"tags":[],"country":[418],"class_list":["post-249434","post","type-post","status-publish","format-standard","has-post-thumbnail","hentry","category-noticias","country-mozambique-es"],"acn_coauthors":[],"acf":[],"yoast_head":"<!-- This site is optimized with the Yoast SEO Premium plugin v27.3 (Yoast SEO v27.3) - https:\/\/yoast.com\/product\/yoast-seo-premium-wordpress\/ -->\n<title>Religiosas atracadas, retenidas a punta de pistola y amenazadas con ser decapitadas en Mozambique. | ACN International<\/title>\n<meta name=\"description\" content=\"Es la primera vez en 17 a\u00f1os que sufrimos un ataque en nuestra misi\u00f3n; hasta ahora nunca nadie hab\u00eda entrado en nuestra casa con malas intenciones.\" \/>\n<meta name=\"robots\" content=\"index, follow, max-snippet:-1, max-image-preview:large, max-video-preview:-1\" \/>\n<link rel=\"canonical\" href=\"https:\/\/acninternational.org\/es\/religiosas-atracadas-retenidas-a-punta-de-pistola-y-amenazadas-con-ser-decapitadas-en-mozambique\/\" \/>\n<meta property=\"og:locale\" content=\"es_ES\" \/>\n<meta property=\"og:type\" content=\"article\" \/>\n<meta property=\"og:title\" content=\"Religiosas atracadas, retenidas a punta de pistola y amenazadas con ser decapitadas en Mozambique.\" \/>\n<meta property=\"og:description\" content=\"Es la primera vez en 17 a\u00f1os que sufrimos un ataque en nuestra misi\u00f3n; hasta ahora nunca nadie hab\u00eda entrado en nuestra casa con malas intenciones.\" \/>\n<meta property=\"og:url\" content=\"https:\/\/acninternational.org\/es\/religiosas-atracadas-retenidas-a-punta-de-pistola-y-amenazadas-con-ser-decapitadas-en-mozambique\/\" \/>\n<meta property=\"og:site_name\" content=\"ACN International\" \/>\n<meta property=\"article:publisher\" content=\"https:\/\/www.facebook.com\/acninternationalorg\" \/>\n<meta property=\"article:published_time\" content=\"2025-06-27T13:46:48+00:00\" \/>\n<meta property=\"article:modified_time\" content=\"2025-08-19T13:56:44+00:00\" \/>\n<meta property=\"og:image\" content=\"https:\/\/media.acninternational.org\/wp-content\/uploads\/2025\/06\/ACN-20250623-190829.jpg\" \/>\n\t<meta property=\"og:image:width\" content=\"1920\" \/>\n\t<meta property=\"og:image:height\" content=\"700\" \/>\n\t<meta property=\"og:image:type\" content=\"image\/jpeg\" \/>\n<meta name=\"author\" content=\"Paulo Aido\" \/>\n<meta name=\"twitter:card\" content=\"summary_large_image\" \/>\n<meta name=\"twitter:creator\" content=\"@acn_int\" \/>\n<meta name=\"twitter:site\" content=\"@acn_int\" \/>\n<meta name=\"twitter:label1\" content=\"Escrito por\" \/>\n\t<meta name=\"twitter:data1\" content=\"Paulo Aido\" \/>\n\t<meta name=\"twitter:label2\" content=\"Tiempo de lectura\" \/>\n\t<meta name=\"twitter:data2\" content=\"4 minutos\" \/>\n<script type=\"application\/ld+json\" class=\"yoast-schema-graph\">{\"@context\":\"https:\\\/\\\/schema.org\",\"@graph\":[{\"@type\":\"Article\",\"@id\":\"https:\\\/\\\/acninternational.org\\\/es\\\/religiosas-atracadas-retenidas-a-punta-de-pistola-y-amenazadas-con-ser-decapitadas-en-mozambique\\\/#article\",\"isPartOf\":{\"@id\":\"https:\\\/\\\/acninternational.org\\\/es\\\/religiosas-atracadas-retenidas-a-punta-de-pistola-y-amenazadas-con-ser-decapitadas-en-mozambique\\\/\"},\"author\":{\"name\":\"Paulo Aido\",\"@id\":\"https:\\\/\\\/acninternational.org\\\/es\\\/#\\\/schema\\\/person\\\/74d18921c1d8be9ca663e4035d1fce84\"},\"headline\":\"Religiosas atracadas, retenidas a punta de pistola y amenazadas con ser decapitadas en Mozambique.\",\"datePublished\":\"2025-06-27T13:46:48+00:00\",\"dateModified\":\"2025-08-19T13:56:44+00:00\",\"mainEntityOfPage\":{\"@id\":\"https:\\\/\\\/acninternational.org\\\/es\\\/religiosas-atracadas-retenidas-a-punta-de-pistola-y-amenazadas-con-ser-decapitadas-en-mozambique\\\/\"},\"wordCount\":798,\"publisher\":{\"@id\":\"https:\\\/\\\/acninternational.org\\\/es\\\/#organization\"},\"image\":{\"@id\":\"https:\\\/\\\/acninternational.org\\\/es\\\/religiosas-atracadas-retenidas-a-punta-de-pistola-y-amenazadas-con-ser-decapitadas-en-mozambique\\\/#primaryimage\"},\"thumbnailUrl\":\"https:\\\/\\\/media.acninternational.org\\\/wp-content\\\/uploads\\\/2025\\\/06\\\/ACN-20250623-190829.jpg\",\"articleSection\":[\"NOTICIAS\"],\"inLanguage\":\"es\"},{\"@type\":\"WebPage\",\"@id\":\"https:\\\/\\\/acninternational.org\\\/es\\\/religiosas-atracadas-retenidas-a-punta-de-pistola-y-amenazadas-con-ser-decapitadas-en-mozambique\\\/\",\"url\":\"https:\\\/\\\/acninternational.org\\\/es\\\/religiosas-atracadas-retenidas-a-punta-de-pistola-y-amenazadas-con-ser-decapitadas-en-mozambique\\\/\",\"name\":\"Religiosas atracadas, retenidas a punta de pistola y amenazadas con ser decapitadas en Mozambique. | ACN International\",\"isPartOf\":{\"@id\":\"https:\\\/\\\/acninternational.org\\\/es\\\/#website\"},\"primaryImageOfPage\":{\"@id\":\"https:\\\/\\\/acninternational.org\\\/es\\\/religiosas-atracadas-retenidas-a-punta-de-pistola-y-amenazadas-con-ser-decapitadas-en-mozambique\\\/#primaryimage\"},\"image\":{\"@id\":\"https:\\\/\\\/acninternational.org\\\/es\\\/religiosas-atracadas-retenidas-a-punta-de-pistola-y-amenazadas-con-ser-decapitadas-en-mozambique\\\/#primaryimage\"},\"thumbnailUrl\":\"https:\\\/\\\/media.acninternational.org\\\/wp-content\\\/uploads\\\/2025\\\/06\\\/ACN-20250623-190829.jpg\",\"datePublished\":\"2025-06-27T13:46:48+00:00\",\"dateModified\":\"2025-08-19T13:56:44+00:00\",\"description\":\"Es la primera vez en 17 a\u00f1os que sufrimos un ataque en nuestra misi\u00f3n; hasta ahora nunca nadie hab\u00eda entrado en nuestra casa con malas intenciones.\",\"breadcrumb\":{\"@id\":\"https:\\\/\\\/acninternational.org\\\/es\\\/religiosas-atracadas-retenidas-a-punta-de-pistola-y-amenazadas-con-ser-decapitadas-en-mozambique\\\/#breadcrumb\"},\"inLanguage\":\"es\",\"potentialAction\":[{\"@type\":\"ReadAction\",\"target\":[\"https:\\\/\\\/acninternational.org\\\/es\\\/religiosas-atracadas-retenidas-a-punta-de-pistola-y-amenazadas-con-ser-decapitadas-en-mozambique\\\/\"]}]},{\"@type\":\"ImageObject\",\"inLanguage\":\"es\",\"@id\":\"https:\\\/\\\/acninternational.org\\\/es\\\/religiosas-atracadas-retenidas-a-punta-de-pistola-y-amenazadas-con-ser-decapitadas-en-mozambique\\\/#primaryimage\",\"url\":\"https:\\\/\\\/media.acninternational.org\\\/wp-content\\\/uploads\\\/2025\\\/06\\\/ACN-20250623-190829.jpg\",\"contentUrl\":\"https:\\\/\\\/media.acninternational.org\\\/wp-content\\\/uploads\\\/2025\\\/06\\\/ACN-20250623-190829.jpg\",\"width\":1920,\"height\":700},{\"@type\":\"BreadcrumbList\",\"@id\":\"https:\\\/\\\/acninternational.org\\\/es\\\/religiosas-atracadas-retenidas-a-punta-de-pistola-y-amenazadas-con-ser-decapitadas-en-mozambique\\\/#breadcrumb\",\"itemListElement\":[{\"@type\":\"ListItem\",\"position\":1,\"name\":\"Home\",\"item\":\"https:\\\/\\\/acninternational.org\\\/es\\\/\"},{\"@type\":\"ListItem\",\"position\":2,\"name\":\"NOTICIAS\",\"item\":\"https:\\\/\\\/acninternational.org\\\/es\\\/category\\\/news-es\\\/\"},{\"@type\":\"ListItem\",\"position\":3,\"name\":\"Religiosas atracadas, retenidas a punta de pistola y amenazadas con ser decapitadas en Mozambique.\"}]},{\"@type\":\"WebSite\",\"@id\":\"https:\\\/\\\/acninternational.org\\\/es\\\/#website\",\"url\":\"https:\\\/\\\/acninternational.org\\\/es\\\/\",\"name\":\"ACN International\",\"description\":\"\",\"publisher\":{\"@id\":\"https:\\\/\\\/acninternational.org\\\/es\\\/#organization\"},\"potentialAction\":[{\"@type\":\"SearchAction\",\"target\":{\"@type\":\"EntryPoint\",\"urlTemplate\":\"https:\\\/\\\/acninternational.org\\\/es\\\/?s={search_term_string}\"},\"query-input\":{\"@type\":\"PropertyValueSpecification\",\"valueRequired\":true,\"valueName\":\"search_term_string\"}}],\"inLanguage\":\"es\"},{\"@type\":\"Organization\",\"@id\":\"https:\\\/\\\/acninternational.org\\\/es\\\/#organization\",\"name\":\"Aid to the Church in Need International\",\"url\":\"https:\\\/\\\/acninternational.org\\\/es\\\/\",\"logo\":{\"@type\":\"ImageObject\",\"inLanguage\":\"es\",\"@id\":\"https:\\\/\\\/acninternational.org\\\/es\\\/#\\\/schema\\\/logo\\\/image\\\/\",\"url\":\"https:\\\/\\\/media.acninternational.org\\\/wp-content\\\/uploads\\\/2019\\\/11\\\/acn_logo_blackvector.svg\",\"contentUrl\":\"https:\\\/\\\/media.acninternational.org\\\/wp-content\\\/uploads\\\/2019\\\/11\\\/acn_logo_blackvector.svg\",\"width\":232.6,\"height\":78,\"caption\":\"Aid to the Church in Need International\"},\"image\":{\"@id\":\"https:\\\/\\\/acninternational.org\\\/es\\\/#\\\/schema\\\/logo\\\/image\\\/\"},\"sameAs\":[\"https:\\\/\\\/www.facebook.com\\\/acninternationalorg\",\"https:\\\/\\\/x.com\\\/acn_int\",\"https:\\\/\\\/www.youtube.com\\\/channel\\\/UCQ-077gS0TnVzkhHmf1opZw\",\"https:\\\/\\\/www.instagram.com\\\/acn_international\\\/\"]},{\"@type\":\"Person\",\"@id\":\"https:\\\/\\\/acninternational.org\\\/es\\\/#\\\/schema\\\/person\\\/74d18921c1d8be9ca663e4035d1fce84\",\"name\":\"Paulo Aido\",\"description\":\"Lorem ipsum dolor sit amet, consectetur adipiscing elit, sed do eiusmod tempor incididunt ut labore et dolore magna aliqua. Ut enim ad minim veniam, quis nostrud exercitation ullamco laboris nisi ut aliquip ex ea commodo consequat.\",\"url\":\"https:\\\/\\\/acninternational.org\\\/es\\\/author\\\/paulo-aido\\\/\"}]}<\/script>\n<!-- \/ Yoast SEO Premium plugin. -->","yoast_head_json":{"title":"Religiosas atracadas, retenidas a punta de pistola y amenazadas con ser decapitadas en Mozambique. | ACN International","description":"Es la primera vez en 17 a\u00f1os que sufrimos un ataque en nuestra misi\u00f3n; hasta ahora nunca nadie hab\u00eda entrado en nuestra casa con malas intenciones.","robots":{"index":"index","follow":"follow","max-snippet":"max-snippet:-1","max-image-preview":"max-image-preview:large","max-video-preview":"max-video-preview:-1"},"canonical":"https:\/\/acninternational.org\/es\/religiosas-atracadas-retenidas-a-punta-de-pistola-y-amenazadas-con-ser-decapitadas-en-mozambique\/","og_locale":"es_ES","og_type":"article","og_title":"Religiosas atracadas, retenidas a punta de pistola y amenazadas con ser decapitadas en Mozambique.","og_description":"Es la primera vez en 17 a\u00f1os que sufrimos un ataque en nuestra misi\u00f3n; hasta ahora nunca nadie hab\u00eda entrado en nuestra casa con malas intenciones.","og_url":"https:\/\/acninternational.org\/es\/religiosas-atracadas-retenidas-a-punta-de-pistola-y-amenazadas-con-ser-decapitadas-en-mozambique\/","og_site_name":"ACN International","article_publisher":"https:\/\/www.facebook.com\/acninternationalorg","article_published_time":"2025-06-27T13:46:48+00:00","article_modified_time":"2025-08-19T13:56:44+00:00","og_image":[{"width":1920,"height":700,"url":"https:\/\/media.acninternational.org\/wp-content\/uploads\/2025\/06\/ACN-20250623-190829.jpg","type":"image\/jpeg"}],"author":"Paulo Aido","twitter_card":"summary_large_image","twitter_creator":"@acn_int","twitter_site":"@acn_int","twitter_misc":{"Escrito por":"Paulo Aido","Tiempo de lectura":"4 minutos"},"schema":{"@context":"https:\/\/schema.org","@graph":[{"@type":"Article","@id":"https:\/\/acninternational.org\/es\/religiosas-atracadas-retenidas-a-punta-de-pistola-y-amenazadas-con-ser-decapitadas-en-mozambique\/#article","isPartOf":{"@id":"https:\/\/acninternational.org\/es\/religiosas-atracadas-retenidas-a-punta-de-pistola-y-amenazadas-con-ser-decapitadas-en-mozambique\/"},"author":{"name":"Paulo Aido","@id":"https:\/\/acninternational.org\/es\/#\/schema\/person\/74d18921c1d8be9ca663e4035d1fce84"},"headline":"Religiosas atracadas, retenidas a punta de pistola y amenazadas con ser decapitadas en Mozambique.","datePublished":"2025-06-27T13:46:48+00:00","dateModified":"2025-08-19T13:56:44+00:00","mainEntityOfPage":{"@id":"https:\/\/acninternational.org\/es\/religiosas-atracadas-retenidas-a-punta-de-pistola-y-amenazadas-con-ser-decapitadas-en-mozambique\/"},"wordCount":798,"publisher":{"@id":"https:\/\/acninternational.org\/es\/#organization"},"image":{"@id":"https:\/\/acninternational.org\/es\/religiosas-atracadas-retenidas-a-punta-de-pistola-y-amenazadas-con-ser-decapitadas-en-mozambique\/#primaryimage"},"thumbnailUrl":"https:\/\/media.acninternational.org\/wp-content\/uploads\/2025\/06\/ACN-20250623-190829.jpg","articleSection":["NOTICIAS"],"inLanguage":"es"},{"@type":"WebPage","@id":"https:\/\/acninternational.org\/es\/religiosas-atracadas-retenidas-a-punta-de-pistola-y-amenazadas-con-ser-decapitadas-en-mozambique\/","url":"https:\/\/acninternational.org\/es\/religiosas-atracadas-retenidas-a-punta-de-pistola-y-amenazadas-con-ser-decapitadas-en-mozambique\/","name":"Religiosas atracadas, retenidas a punta de pistola y amenazadas con ser decapitadas en Mozambique. | ACN International","isPartOf":{"@id":"https:\/\/acninternational.org\/es\/#website"},"primaryImageOfPage":{"@id":"https:\/\/acninternational.org\/es\/religiosas-atracadas-retenidas-a-punta-de-pistola-y-amenazadas-con-ser-decapitadas-en-mozambique\/#primaryimage"},"image":{"@id":"https:\/\/acninternational.org\/es\/religiosas-atracadas-retenidas-a-punta-de-pistola-y-amenazadas-con-ser-decapitadas-en-mozambique\/#primaryimage"},"thumbnailUrl":"https:\/\/media.acninternational.org\/wp-content\/uploads\/2025\/06\/ACN-20250623-190829.jpg","datePublished":"2025-06-27T13:46:48+00:00","dateModified":"2025-08-19T13:56:44+00:00","description":"Es la primera vez en 17 a\u00f1os que sufrimos un ataque en nuestra misi\u00f3n; hasta ahora nunca nadie hab\u00eda entrado en nuestra casa con malas intenciones.","breadcrumb":{"@id":"https:\/\/acninternational.org\/es\/religiosas-atracadas-retenidas-a-punta-de-pistola-y-amenazadas-con-ser-decapitadas-en-mozambique\/#breadcrumb"},"inLanguage":"es","potentialAction":[{"@type":"ReadAction","target":["https:\/\/acninternational.org\/es\/religiosas-atracadas-retenidas-a-punta-de-pistola-y-amenazadas-con-ser-decapitadas-en-mozambique\/"]}]},{"@type":"ImageObject","inLanguage":"es","@id":"https:\/\/acninternational.org\/es\/religiosas-atracadas-retenidas-a-punta-de-pistola-y-amenazadas-con-ser-decapitadas-en-mozambique\/#primaryimage","url":"https:\/\/media.acninternational.org\/wp-content\/uploads\/2025\/06\/ACN-20250623-190829.jpg","contentUrl":"https:\/\/media.acninternational.org\/wp-content\/uploads\/2025\/06\/ACN-20250623-190829.jpg","width":1920,"height":700},{"@type":"BreadcrumbList","@id":"https:\/\/acninternational.org\/es\/religiosas-atracadas-retenidas-a-punta-de-pistola-y-amenazadas-con-ser-decapitadas-en-mozambique\/#breadcrumb","itemListElement":[{"@type":"ListItem","position":1,"name":"Home","item":"https:\/\/acninternational.org\/es\/"},{"@type":"ListItem","position":2,"name":"NOTICIAS","item":"https:\/\/acninternational.org\/es\/category\/news-es\/"},{"@type":"ListItem","position":3,"name":"Religiosas atracadas, retenidas a punta de pistola y amenazadas con ser decapitadas en Mozambique."}]},{"@type":"WebSite","@id":"https:\/\/acninternational.org\/es\/#website","url":"https:\/\/acninternational.org\/es\/","name":"ACN International","description":"","publisher":{"@id":"https:\/\/acninternational.org\/es\/#organization"},"potentialAction":[{"@type":"SearchAction","target":{"@type":"EntryPoint","urlTemplate":"https:\/\/acninternational.org\/es\/?s={search_term_string}"},"query-input":{"@type":"PropertyValueSpecification","valueRequired":true,"valueName":"search_term_string"}}],"inLanguage":"es"},{"@type":"Organization","@id":"https:\/\/acninternational.org\/es\/#organization","name":"Aid to the Church in Need International","url":"https:\/\/acninternational.org\/es\/","logo":{"@type":"ImageObject","inLanguage":"es","@id":"https:\/\/acninternational.org\/es\/#\/schema\/logo\/image\/","url":"https:\/\/media.acninternational.org\/wp-content\/uploads\/2019\/11\/acn_logo_blackvector.svg","contentUrl":"https:\/\/media.acninternational.org\/wp-content\/uploads\/2019\/11\/acn_logo_blackvector.svg","width":232.6,"height":78,"caption":"Aid to the Church in Need International"},"image":{"@id":"https:\/\/acninternational.org\/es\/#\/schema\/logo\/image\/"},"sameAs":["https:\/\/www.facebook.com\/acninternationalorg","https:\/\/x.com\/acn_int","https:\/\/www.youtube.com\/channel\/UCQ-077gS0TnVzkhHmf1opZw","https:\/\/www.instagram.com\/acn_international\/"]},{"@type":"Person","@id":"https:\/\/acninternational.org\/es\/#\/schema\/person\/74d18921c1d8be9ca663e4035d1fce84","name":"Paulo Aido","description":"Lorem ipsum dolor sit amet, consectetur adipiscing elit, sed do eiusmod tempor incididunt ut labore et dolore magna aliqua. Ut enim ad minim veniam, quis nostrud exercitation ullamco laboris nisi ut aliquip ex ea commodo consequat.","url":"https:\/\/acninternational.org\/es\/author\/paulo-aido\/"}]}},"_links":{"self":[{"href":"https:\/\/acninternational.org\/es\/wp-json\/wp\/v2\/posts\/249434","targetHints":{"allow":["GET"]}}],"collection":[{"href":"https:\/\/acninternational.org\/es\/wp-json\/wp\/v2\/posts"}],"about":[{"href":"https:\/\/acninternational.org\/es\/wp-json\/wp\/v2\/types\/post"}],"author":[{"embeddable":true,"href":"https:\/\/acninternational.org\/es\/wp-json\/wp\/v2\/users\/4258341382"}],"replies":[{"embeddable":true,"href":"https:\/\/acninternational.org\/es\/wp-json\/wp\/v2\/comments?post=249434"}],"version-history":[{"count":1,"href":"https:\/\/acninternational.org\/es\/wp-json\/wp\/v2\/posts\/249434\/revisions"}],"predecessor-version":[{"id":252038,"href":"https:\/\/acninternational.org\/es\/wp-json\/wp\/v2\/posts\/249434\/revisions\/252038"}],"wp:featuredmedia":[{"embeddable":true,"href":"https:\/\/acninternational.org\/es\/wp-json\/wp\/v2\/media\/249411"}],"wp:attachment":[{"href":"https:\/\/acninternational.org\/es\/wp-json\/wp\/v2\/media?parent=249434"}],"wp:term":[{"taxonomy":"category","embeddable":true,"href":"https:\/\/acninternational.org\/es\/wp-json\/wp\/v2\/categories?post=249434"},{"taxonomy":"post_tag","embeddable":true,"href":"https:\/\/acninternational.org\/es\/wp-json\/wp\/v2\/tags?post=249434"},{"taxonomy":"country","embeddable":true,"href":"https:\/\/acninternational.org\/es\/wp-json\/wp\/v2\/country?post=249434"}],"curies":[{"name":"wp","href":"https:\/\/api.w.org\/{rel}","templated":true}]}}