{"id":248931,"date":"2025-06-18T14:41:53","date_gmt":"2025-06-18T12:41:53","guid":{"rendered":"https:\/\/acninternational.org\/?p=248931"},"modified":"2025-08-19T15:55:32","modified_gmt":"2025-08-19T13:55:32","slug":"mozambique-necesita-ayuda-internacional-para-resolver-el-conflicto-en-cabo-delgado-advierte-el-obispo-de-tete","status":"publish","type":"post","link":"https:\/\/acninternational.org\/es\/mozambique-necesita-ayuda-internacional-para-resolver-el-conflicto-en-cabo-delgado-advierte-el-obispo-de-tete\/","title":{"rendered":"\u201cMozambique necesita ayuda internacional para resolver el conflicto en Cabo Delgado\u201d, advierte el obispo de Tete."},"content":{"rendered":"<p><em>No hay una soluci\u00f3n f\u00e1cil para el conflicto en el noreste del pa\u00eds africano, pero es necesario luchar contra la pobreza y la desinformaci\u00f3n y la Iglesia est\u00e1 contribuyendo a ello, afirma el obispo de Tete.<\/em><\/p>\n<p>Mozambique no puede afrontar por s\u00ed solo la crisis de la provincia nororiental de Cabo Delgado, ha asegurado Mons. Diamantino Antunes. El obispo de Tete, di\u00f3cesis ubicada en el noroeste y separada de Cabo Delgado por el estado de Malaui y la provincia mozambique\u00f1a de Niassa, se\u00f1ala durante su visita a la sede internacional de ACN en K\u00f6nigstein (Alemania) que <a href=\"https:\/\/acninternational.org\/es\/los-cristianos-estan-sufriendo-enormemente-en-mozambique-asegura-un-sacerdote-pasionista\/\" target=\"_blank\" rel=\"noopener\">la crisis humanitaria ocasionada por la insurgencia yihadista en Cabo Delgado<\/a> es demasiado grave como para que el pa\u00eds pueda hacerle frente por s\u00ed solo.<\/p>\n<figure id=\"attachment_248908\" aria-describedby=\"caption-attachment-248908\" style=\"width: 800px\" class=\"wp-caption aligncenter\"><img loading=\"lazy\" decoding=\"async\" class=\"wp-image-248908 size-large\" src=\"https:\/\/media.acninternational.org\/wp-content\/uploads\/2025\/06\/ACN-20220128-123344-1024x681.jpg\" alt=\"Mons. Diamantino Antunes\" width=\"800\" height=\"532\" srcset=\"https:\/\/media.acninternational.org\/wp-content\/uploads\/2025\/06\/ACN-20220128-123344-1024x681.jpg 1024w, https:\/\/media.acninternational.org\/wp-content\/uploads\/2025\/06\/ACN-20220128-123344-300x199.jpg 300w, https:\/\/media.acninternational.org\/wp-content\/uploads\/2025\/06\/ACN-20220128-123344-768x511.jpg 768w, https:\/\/media.acninternational.org\/wp-content\/uploads\/2025\/06\/ACN-20220128-123344.jpg 1080w\" sizes=\"auto, (max-width: 800px) 100vw, 800px\" \/><figcaption id=\"caption-attachment-248908\" class=\"wp-caption-text\">Mons. Diamantino Antunes<\/figcaption><\/figure>\n<p>\u201cLa situaci\u00f3n de los desplazados internos por el conflicto en Cabo Delgado es dificil\u00edsima, pues hay muchas bocas que alimentar y pocos recursos. Mozambique necesita y seguir\u00e1 necesitando ayuda internacional para resolver este y otros problemas\u201d, ha declarado el obispo a ACN.<\/p>\n<p>\u201cLos desplazados atraviesan una situaci\u00f3n muy precaria y dif\u00edcil. A menudo, carecen de lo esencial para vivir, especialmente de alimentos y servicios necesarios para una vida digna\u201d, ha informado Mons. Antunes a\u00f1adiendo que, lamentablemente, el conflicto est\u00e1 lejos de terminar.<\/p>\n<p>La insurgencia yihadista en Mozambique <a href=\"https:\/\/acninternational.org\/es\/obispo-mozambiqueno-recuerda-siete-anos-de-muerte-y-tormento-en-cabo-delgado\/\" target=\"_blank\" rel=\"noopener\">comenz\u00f3 en 2017<\/a> y, desde entonces, ha causado alrededor de cinco mil muertos y m\u00e1s de un mill\u00f3n de desplazados. Aunque los yihadistas, que profesan lealtad al Estado Isl\u00e1mico, comenzaron atacando principalmente a las instituciones gubernamentales, m\u00e1s recientemente han empezado a <a href=\"https:\/\/acninternational.org\/es\/cristianos-se-reunen-para-rezar-en-una-iglesia-destruida-por-terroristas-en-mozambique\/\" target=\"_blank\" rel=\"noopener\">atacar tambi\u00e9n edificios y estructuras religiosas<\/a> y a poner en su punto de mira a los cristianos.<\/p>\n<h4><strong>No hay una soluci\u00f3n f\u00e1cil.<\/strong><\/h4>\n<p>La Iglesia cat\u00f3lica desempe\u00f1\u00f3 un papel decisivo en la consecuci\u00f3n de un acuerdo de paz para la larga guerra civil que asol\u00f3 Mozambique entre 1977 y 1992. Sin embargo, el obispo Antunes considera que sofocar la violencia en Cabo Delgado, que es una zona mayoritariamente musulmana del pa\u00eds, podr\u00eda resultar m\u00e1s complicado. \u201cNo es f\u00e1cil encontrar una soluci\u00f3n a la insurgencia en Cabo Delgado porque no sabemos qui\u00e9n est\u00e1 detr\u00e1s, qui\u00e9n la apoya y qui\u00e9n se beneficia de ella\u201d, explica en su entrevista a ACN.<\/p>\n<figure id=\"attachment_248914\" aria-describedby=\"caption-attachment-248914\" style=\"width: 800px\" class=\"wp-caption aligncenter\"><img loading=\"lazy\" decoding=\"async\" class=\"wp-image-248914 size-large\" src=\"https:\/\/media.acninternational.org\/wp-content\/uploads\/2025\/06\/ACN-20250116-179262-1024x462.jpg\" alt=\"Hasta un mill\u00f3n de personas han huido de sus hogares en Cabo Delgado\" width=\"800\" height=\"361\" srcset=\"https:\/\/media.acninternational.org\/wp-content\/uploads\/2025\/06\/ACN-20250116-179262-1024x462.jpg 1024w, https:\/\/media.acninternational.org\/wp-content\/uploads\/2025\/06\/ACN-20250116-179262-300x135.jpg 300w, https:\/\/media.acninternational.org\/wp-content\/uploads\/2025\/06\/ACN-20250116-179262-768x346.jpg 768w, https:\/\/media.acninternational.org\/wp-content\/uploads\/2025\/06\/ACN-20250116-179262.jpg 1080w\" sizes=\"auto, (max-width: 800px) 100vw, 800px\" \/><figcaption id=\"caption-attachment-248914\" class=\"wp-caption-text\">Hasta un mill\u00f3n de personas han huido de sus hogares en Cabo Delgado<\/figcaption><\/figure>\n<p>Mientras tanto, la Iglesia sigue haciendo todo lo posible para asistir a la poblaci\u00f3n. \u201cLa Iglesia est\u00e1 presente, especialmente entre la gente y para la gente, para servir al pueblo. Estamos sobre el terreno a trav\u00e9s de C\u00e1ritas, los misioneros, los laicos y las organizaciones de ayuda que colaboran con el Gobierno para resolver algunas de las posibles causas que siguen alimentando el terrorismo, como la pobreza y la desinformaci\u00f3n\u201d.<\/p>\n<h4><strong>Un misionero a lomos del caballo de san Fernando.<\/strong><\/h4>\n<p>Como en muchos pa\u00edses africanos, una de las dificultades radica en las enormes distancias y la falta de carreteras adecuadas y medios de transporte. El obispo Antunes, cuya di\u00f3cesis es mayor que muchos pa\u00edses europeos, explica que antes de viajar a Alemania realiz\u00f3 un viaje pastoral para visitar las parroquias y misiones en el sur de Tete y que ello le llev\u00f3 tres semanas.<\/p>\n<p>Entre otras formas de ayuda, la fundaci\u00f3n pontificia Aid to the Church in Need ha proporcionado a la Iglesia mozambique\u00f1a medios de transporte aunque, seg\u00fan explica el obispo, a veces las carreteras est\u00e9n en tan mal estado que se ven obligados a recurrir a lo que se llama \u201cel caballo de san Fernando\u201d, es decir, un rato a pie y otro andando, ya que ni siquiera las motocicletas son una soluci\u00f3n viable.<\/p>\n<figure id=\"attachment_248920\" aria-describedby=\"caption-attachment-248920\" style=\"width: 800px\" class=\"wp-caption aligncenter\"><img loading=\"lazy\" decoding=\"async\" class=\"wp-image-248920 size-large\" src=\"https:\/\/media.acninternational.org\/wp-content\/uploads\/2025\/06\/ACN-20250512-187826-1024x683.jpg\" alt=\"El obispo Diamantino Antunes celebra una misa\" width=\"800\" height=\"534\" srcset=\"https:\/\/media.acninternational.org\/wp-content\/uploads\/2025\/06\/ACN-20250512-187826-1024x683.jpg 1024w, https:\/\/media.acninternational.org\/wp-content\/uploads\/2025\/06\/ACN-20250512-187826-300x200.jpg 300w, https:\/\/media.acninternational.org\/wp-content\/uploads\/2025\/06\/ACN-20250512-187826-768x512.jpg 768w, https:\/\/media.acninternational.org\/wp-content\/uploads\/2025\/06\/ACN-20250512-187826.jpg 1080w\" sizes=\"auto, (max-width: 800px) 100vw, 800px\" \/><figcaption id=\"caption-attachment-248920\" class=\"wp-caption-text\">El obispo Diamantino Antunes celebra una misa<\/figcaption><\/figure>\n<p>\u201cEstamos muy agradecidos a ACN que: nos apoya en la formaci\u00f3n de seminaristas y sacerdotes, \u00a0nos ayuda a construir capillas, iglesias, casas para misioneros y seminarios y\u00a0 financia medios de transporte, biblias y otro material catequ\u00e9tico. <a href=\"https:\/\/acninternational.org\/es\/la-ayuda-de-acn-en-mozambique-es-como-la-mano-salvadora-de-dios\/\" target=\"_blank\" rel=\"noopener\">Vuestra ayuda ha sido crucial<\/a> para el crecimiento y la consolidaci\u00f3n de la Iglesia cat\u00f3lica y para el apoyo a los pobres. Estoy muy agradecido a todos los benefactores por los sacrificios que hacen para ayudarnos y los tengo presentes en mis oraciones\u201d.<\/p>\n<p>&nbsp;<\/p>\n","protected":false},"excerpt":{"rendered":"<p>Los desplazados atraviesan una situaci\u00f3n muy precaria y dif\u00edcil. A menudo, carecen de lo esencial para vivir<\/p>\n","protected":false},"author":4258341382,"featured_media":248902,"comment_status":"closed","ping_status":"closed","sticky":false,"template":"","format":"standard","meta":{"_acf_changed":false,"_acn_coauthor_ids":[],"_acn_featured_article":false,"footnotes":""},"categories":[760],"tags":[],"country":[418],"class_list":["post-248931","post","type-post","status-publish","format-standard","has-post-thumbnail","hentry","category-destacado","country-mozambique-es"],"acn_coauthors":[],"acf":[],"yoast_head":"<!-- This site is optimized with the Yoast SEO Premium plugin v27.5 (Yoast SEO v27.5) - https:\/\/yoast.com\/product\/yoast-seo-premium-wordpress\/ -->\n<title>\u201cMozambique necesita ayuda internacional para resolver el conflicto en Cabo Delgado\u201d, advierte el obispo de Tete. | ACN International<\/title>\n<meta name=\"description\" content=\"Los desplazados atraviesan una situaci\u00f3n muy precaria y dif\u00edcil. A menudo, carecen de lo esencial para vivir.\" \/>\n<meta name=\"robots\" content=\"index, follow, max-snippet:-1, max-image-preview:large, max-video-preview:-1\" \/>\n<link rel=\"canonical\" href=\"https:\/\/acninternational.org\/es\/mozambique-necesita-ayuda-internacional-para-resolver-el-conflicto-en-cabo-delgado-advierte-el-obispo-de-tete\/\" \/>\n<meta property=\"og:locale\" content=\"es_ES\" \/>\n<meta property=\"og:type\" content=\"article\" \/>\n<meta property=\"og:title\" content=\"\u201cMozambique necesita ayuda internacional para resolver el conflicto en Cabo Delgado\u201d, advierte el obispo de Tete.\" \/>\n<meta property=\"og:description\" content=\"Los desplazados atraviesan una situaci\u00f3n muy precaria y dif\u00edcil. A menudo, carecen de lo esencial para vivir.\" \/>\n<meta property=\"og:url\" content=\"https:\/\/acninternational.org\/es\/mozambique-necesita-ayuda-internacional-para-resolver-el-conflicto-en-cabo-delgado-advierte-el-obispo-de-tete\/\" \/>\n<meta property=\"og:site_name\" content=\"ACN International\" \/>\n<meta property=\"article:publisher\" content=\"https:\/\/www.facebook.com\/acninternationalorg\" \/>\n<meta property=\"article:published_time\" content=\"2025-06-18T12:41:53+00:00\" \/>\n<meta property=\"article:modified_time\" content=\"2025-08-19T13:55:32+00:00\" \/>\n<meta property=\"og:image\" content=\"https:\/\/media.acninternational.org\/wp-content\/uploads\/2025\/06\/ACN-20250116-179263.jpg\" \/>\n\t<meta property=\"og:image:width\" content=\"1920\" \/>\n\t<meta property=\"og:image:height\" content=\"700\" \/>\n\t<meta property=\"og:image:type\" content=\"image\/jpeg\" \/>\n<meta name=\"author\" content=\"Paulo Aido\" \/>\n<meta name=\"twitter:card\" content=\"summary_large_image\" \/>\n<meta name=\"twitter:creator\" content=\"@acn_int\" \/>\n<meta name=\"twitter:site\" content=\"@acn_int\" \/>\n<meta name=\"twitter:label1\" content=\"Escrito por\" \/>\n\t<meta name=\"twitter:data1\" content=\"Paulo Aido\" \/>\n\t<meta name=\"twitter:label2\" content=\"Tiempo de lectura\" \/>\n\t<meta name=\"twitter:data2\" content=\"4 minutos\" \/>\n<script type=\"application\/ld+json\" class=\"yoast-schema-graph\">{\"@context\":\"https:\\\/\\\/schema.org\",\"@graph\":[{\"@type\":\"Article\",\"@id\":\"https:\\\/\\\/acninternational.org\\\/es\\\/mozambique-necesita-ayuda-internacional-para-resolver-el-conflicto-en-cabo-delgado-advierte-el-obispo-de-tete\\\/#article\",\"isPartOf\":{\"@id\":\"https:\\\/\\\/acninternational.org\\\/es\\\/mozambique-necesita-ayuda-internacional-para-resolver-el-conflicto-en-cabo-delgado-advierte-el-obispo-de-tete\\\/\"},\"author\":{\"name\":\"Paulo Aido\",\"@id\":\"https:\\\/\\\/acninternational.org\\\/es\\\/#\\\/schema\\\/person\\\/74d18921c1d8be9ca663e4035d1fce84\"},\"headline\":\"\u201cMozambique necesita ayuda internacional para resolver el conflicto en Cabo Delgado\u201d, advierte el obispo de Tete.\",\"datePublished\":\"2025-06-18T12:41:53+00:00\",\"dateModified\":\"2025-08-19T13:55:32+00:00\",\"mainEntityOfPage\":{\"@id\":\"https:\\\/\\\/acninternational.org\\\/es\\\/mozambique-necesita-ayuda-internacional-para-resolver-el-conflicto-en-cabo-delgado-advierte-el-obispo-de-tete\\\/\"},\"wordCount\":757,\"publisher\":{\"@id\":\"https:\\\/\\\/acninternational.org\\\/es\\\/#organization\"},\"image\":{\"@id\":\"https:\\\/\\\/acninternational.org\\\/es\\\/mozambique-necesita-ayuda-internacional-para-resolver-el-conflicto-en-cabo-delgado-advierte-el-obispo-de-tete\\\/#primaryimage\"},\"thumbnailUrl\":\"https:\\\/\\\/media.acninternational.org\\\/wp-content\\\/uploads\\\/2025\\\/06\\\/ACN-20250116-179263.jpg\",\"articleSection\":[\"DESTACADO\"],\"inLanguage\":\"es\"},{\"@type\":\"WebPage\",\"@id\":\"https:\\\/\\\/acninternational.org\\\/es\\\/mozambique-necesita-ayuda-internacional-para-resolver-el-conflicto-en-cabo-delgado-advierte-el-obispo-de-tete\\\/\",\"url\":\"https:\\\/\\\/acninternational.org\\\/es\\\/mozambique-necesita-ayuda-internacional-para-resolver-el-conflicto-en-cabo-delgado-advierte-el-obispo-de-tete\\\/\",\"name\":\"\u201cMozambique necesita ayuda internacional para resolver el conflicto en Cabo Delgado\u201d, advierte el obispo de Tete. | ACN International\",\"isPartOf\":{\"@id\":\"https:\\\/\\\/acninternational.org\\\/es\\\/#website\"},\"primaryImageOfPage\":{\"@id\":\"https:\\\/\\\/acninternational.org\\\/es\\\/mozambique-necesita-ayuda-internacional-para-resolver-el-conflicto-en-cabo-delgado-advierte-el-obispo-de-tete\\\/#primaryimage\"},\"image\":{\"@id\":\"https:\\\/\\\/acninternational.org\\\/es\\\/mozambique-necesita-ayuda-internacional-para-resolver-el-conflicto-en-cabo-delgado-advierte-el-obispo-de-tete\\\/#primaryimage\"},\"thumbnailUrl\":\"https:\\\/\\\/media.acninternational.org\\\/wp-content\\\/uploads\\\/2025\\\/06\\\/ACN-20250116-179263.jpg\",\"datePublished\":\"2025-06-18T12:41:53+00:00\",\"dateModified\":\"2025-08-19T13:55:32+00:00\",\"description\":\"Los desplazados atraviesan una situaci\u00f3n muy precaria y dif\u00edcil. A menudo, carecen de lo esencial para vivir.\",\"breadcrumb\":{\"@id\":\"https:\\\/\\\/acninternational.org\\\/es\\\/mozambique-necesita-ayuda-internacional-para-resolver-el-conflicto-en-cabo-delgado-advierte-el-obispo-de-tete\\\/#breadcrumb\"},\"inLanguage\":\"es\",\"potentialAction\":[{\"@type\":\"ReadAction\",\"target\":[\"https:\\\/\\\/acninternational.org\\\/es\\\/mozambique-necesita-ayuda-internacional-para-resolver-el-conflicto-en-cabo-delgado-advierte-el-obispo-de-tete\\\/\"]}]},{\"@type\":\"ImageObject\",\"inLanguage\":\"es\",\"@id\":\"https:\\\/\\\/acninternational.org\\\/es\\\/mozambique-necesita-ayuda-internacional-para-resolver-el-conflicto-en-cabo-delgado-advierte-el-obispo-de-tete\\\/#primaryimage\",\"url\":\"https:\\\/\\\/media.acninternational.org\\\/wp-content\\\/uploads\\\/2025\\\/06\\\/ACN-20250116-179263.jpg\",\"contentUrl\":\"https:\\\/\\\/media.acninternational.org\\\/wp-content\\\/uploads\\\/2025\\\/06\\\/ACN-20250116-179263.jpg\",\"width\":1920,\"height\":700},{\"@type\":\"BreadcrumbList\",\"@id\":\"https:\\\/\\\/acninternational.org\\\/es\\\/mozambique-necesita-ayuda-internacional-para-resolver-el-conflicto-en-cabo-delgado-advierte-el-obispo-de-tete\\\/#breadcrumb\",\"itemListElement\":[{\"@type\":\"ListItem\",\"position\":1,\"name\":\"Home\",\"item\":\"https:\\\/\\\/acninternational.org\\\/es\\\/\"},{\"@type\":\"ListItem\",\"position\":2,\"name\":\"DESTACADO\",\"item\":\"https:\\\/\\\/acninternational.org\\\/es\\\/category\\\/destacado\\\/\"},{\"@type\":\"ListItem\",\"position\":3,\"name\":\"\u201cMozambique necesita ayuda internacional para resolver el conflicto en Cabo Delgado\u201d, advierte el obispo de Tete.\"}]},{\"@type\":\"WebSite\",\"@id\":\"https:\\\/\\\/acninternational.org\\\/es\\\/#website\",\"url\":\"https:\\\/\\\/acninternational.org\\\/es\\\/\",\"name\":\"ACN International\",\"description\":\"\",\"publisher\":{\"@id\":\"https:\\\/\\\/acninternational.org\\\/es\\\/#organization\"},\"potentialAction\":[{\"@type\":\"SearchAction\",\"target\":{\"@type\":\"EntryPoint\",\"urlTemplate\":\"https:\\\/\\\/acninternational.org\\\/es\\\/?s={search_term_string}\"},\"query-input\":{\"@type\":\"PropertyValueSpecification\",\"valueRequired\":true,\"valueName\":\"search_term_string\"}}],\"inLanguage\":\"es\"},{\"@type\":\"Organization\",\"@id\":\"https:\\\/\\\/acninternational.org\\\/es\\\/#organization\",\"name\":\"Aid to the Church in Need International\",\"url\":\"https:\\\/\\\/acninternational.org\\\/es\\\/\",\"logo\":{\"@type\":\"ImageObject\",\"inLanguage\":\"es\",\"@id\":\"https:\\\/\\\/acninternational.org\\\/es\\\/#\\\/schema\\\/logo\\\/image\\\/\",\"url\":\"https:\\\/\\\/media.acninternational.org\\\/wp-content\\\/uploads\\\/2019\\\/11\\\/acn_logo_blackvector.svg\",\"contentUrl\":\"https:\\\/\\\/media.acninternational.org\\\/wp-content\\\/uploads\\\/2019\\\/11\\\/acn_logo_blackvector.svg\",\"width\":232.6,\"height\":78,\"caption\":\"Aid to the Church in Need International\"},\"image\":{\"@id\":\"https:\\\/\\\/acninternational.org\\\/es\\\/#\\\/schema\\\/logo\\\/image\\\/\"},\"sameAs\":[\"https:\\\/\\\/www.facebook.com\\\/acninternationalorg\",\"https:\\\/\\\/x.com\\\/acn_int\",\"https:\\\/\\\/www.youtube.com\\\/channel\\\/UCQ-077gS0TnVzkhHmf1opZw\",\"https:\\\/\\\/www.instagram.com\\\/acn_international\\\/\"]},{\"@type\":\"Person\",\"@id\":\"https:\\\/\\\/acninternational.org\\\/es\\\/#\\\/schema\\\/person\\\/74d18921c1d8be9ca663e4035d1fce84\",\"name\":\"Paulo Aido\",\"description\":\"Lorem ipsum dolor sit amet, consectetur adipiscing elit, sed do eiusmod tempor incididunt ut labore et dolore magna aliqua. Ut enim ad minim veniam, quis nostrud exercitation ullamco laboris nisi ut aliquip ex ea commodo consequat.\",\"url\":\"https:\\\/\\\/acninternational.org\\\/es\\\/author\\\/paulo-aido\\\/\"}]}<\/script>\n<!-- \/ Yoast SEO Premium plugin. -->","yoast_head_json":{"title":"\u201cMozambique necesita ayuda internacional para resolver el conflicto en Cabo Delgado\u201d, advierte el obispo de Tete. | ACN International","description":"Los desplazados atraviesan una situaci\u00f3n muy precaria y dif\u00edcil. A menudo, carecen de lo esencial para vivir.","robots":{"index":"index","follow":"follow","max-snippet":"max-snippet:-1","max-image-preview":"max-image-preview:large","max-video-preview":"max-video-preview:-1"},"canonical":"https:\/\/acninternational.org\/es\/mozambique-necesita-ayuda-internacional-para-resolver-el-conflicto-en-cabo-delgado-advierte-el-obispo-de-tete\/","og_locale":"es_ES","og_type":"article","og_title":"\u201cMozambique necesita ayuda internacional para resolver el conflicto en Cabo Delgado\u201d, advierte el obispo de Tete.","og_description":"Los desplazados atraviesan una situaci\u00f3n muy precaria y dif\u00edcil. A menudo, carecen de lo esencial para vivir.","og_url":"https:\/\/acninternational.org\/es\/mozambique-necesita-ayuda-internacional-para-resolver-el-conflicto-en-cabo-delgado-advierte-el-obispo-de-tete\/","og_site_name":"ACN International","article_publisher":"https:\/\/www.facebook.com\/acninternationalorg","article_published_time":"2025-06-18T12:41:53+00:00","article_modified_time":"2025-08-19T13:55:32+00:00","og_image":[{"width":1920,"height":700,"url":"https:\/\/media.acninternational.org\/wp-content\/uploads\/2025\/06\/ACN-20250116-179263.jpg","type":"image\/jpeg"}],"author":"Paulo Aido","twitter_card":"summary_large_image","twitter_creator":"@acn_int","twitter_site":"@acn_int","twitter_misc":{"Escrito por":"Paulo Aido","Tiempo de lectura":"4 minutos"},"schema":{"@context":"https:\/\/schema.org","@graph":[{"@type":"Article","@id":"https:\/\/acninternational.org\/es\/mozambique-necesita-ayuda-internacional-para-resolver-el-conflicto-en-cabo-delgado-advierte-el-obispo-de-tete\/#article","isPartOf":{"@id":"https:\/\/acninternational.org\/es\/mozambique-necesita-ayuda-internacional-para-resolver-el-conflicto-en-cabo-delgado-advierte-el-obispo-de-tete\/"},"author":{"name":"Paulo Aido","@id":"https:\/\/acninternational.org\/es\/#\/schema\/person\/74d18921c1d8be9ca663e4035d1fce84"},"headline":"\u201cMozambique necesita ayuda internacional para resolver el conflicto en Cabo Delgado\u201d, advierte el obispo de Tete.","datePublished":"2025-06-18T12:41:53+00:00","dateModified":"2025-08-19T13:55:32+00:00","mainEntityOfPage":{"@id":"https:\/\/acninternational.org\/es\/mozambique-necesita-ayuda-internacional-para-resolver-el-conflicto-en-cabo-delgado-advierte-el-obispo-de-tete\/"},"wordCount":757,"publisher":{"@id":"https:\/\/acninternational.org\/es\/#organization"},"image":{"@id":"https:\/\/acninternational.org\/es\/mozambique-necesita-ayuda-internacional-para-resolver-el-conflicto-en-cabo-delgado-advierte-el-obispo-de-tete\/#primaryimage"},"thumbnailUrl":"https:\/\/media.acninternational.org\/wp-content\/uploads\/2025\/06\/ACN-20250116-179263.jpg","articleSection":["DESTACADO"],"inLanguage":"es"},{"@type":"WebPage","@id":"https:\/\/acninternational.org\/es\/mozambique-necesita-ayuda-internacional-para-resolver-el-conflicto-en-cabo-delgado-advierte-el-obispo-de-tete\/","url":"https:\/\/acninternational.org\/es\/mozambique-necesita-ayuda-internacional-para-resolver-el-conflicto-en-cabo-delgado-advierte-el-obispo-de-tete\/","name":"\u201cMozambique necesita ayuda internacional para resolver el conflicto en Cabo Delgado\u201d, advierte el obispo de Tete. | ACN International","isPartOf":{"@id":"https:\/\/acninternational.org\/es\/#website"},"primaryImageOfPage":{"@id":"https:\/\/acninternational.org\/es\/mozambique-necesita-ayuda-internacional-para-resolver-el-conflicto-en-cabo-delgado-advierte-el-obispo-de-tete\/#primaryimage"},"image":{"@id":"https:\/\/acninternational.org\/es\/mozambique-necesita-ayuda-internacional-para-resolver-el-conflicto-en-cabo-delgado-advierte-el-obispo-de-tete\/#primaryimage"},"thumbnailUrl":"https:\/\/media.acninternational.org\/wp-content\/uploads\/2025\/06\/ACN-20250116-179263.jpg","datePublished":"2025-06-18T12:41:53+00:00","dateModified":"2025-08-19T13:55:32+00:00","description":"Los desplazados atraviesan una situaci\u00f3n muy precaria y dif\u00edcil. A menudo, carecen de lo esencial para vivir.","breadcrumb":{"@id":"https:\/\/acninternational.org\/es\/mozambique-necesita-ayuda-internacional-para-resolver-el-conflicto-en-cabo-delgado-advierte-el-obispo-de-tete\/#breadcrumb"},"inLanguage":"es","potentialAction":[{"@type":"ReadAction","target":["https:\/\/acninternational.org\/es\/mozambique-necesita-ayuda-internacional-para-resolver-el-conflicto-en-cabo-delgado-advierte-el-obispo-de-tete\/"]}]},{"@type":"ImageObject","inLanguage":"es","@id":"https:\/\/acninternational.org\/es\/mozambique-necesita-ayuda-internacional-para-resolver-el-conflicto-en-cabo-delgado-advierte-el-obispo-de-tete\/#primaryimage","url":"https:\/\/media.acninternational.org\/wp-content\/uploads\/2025\/06\/ACN-20250116-179263.jpg","contentUrl":"https:\/\/media.acninternational.org\/wp-content\/uploads\/2025\/06\/ACN-20250116-179263.jpg","width":1920,"height":700},{"@type":"BreadcrumbList","@id":"https:\/\/acninternational.org\/es\/mozambique-necesita-ayuda-internacional-para-resolver-el-conflicto-en-cabo-delgado-advierte-el-obispo-de-tete\/#breadcrumb","itemListElement":[{"@type":"ListItem","position":1,"name":"Home","item":"https:\/\/acninternational.org\/es\/"},{"@type":"ListItem","position":2,"name":"DESTACADO","item":"https:\/\/acninternational.org\/es\/category\/destacado\/"},{"@type":"ListItem","position":3,"name":"\u201cMozambique necesita ayuda internacional para resolver el conflicto en Cabo Delgado\u201d, advierte el obispo de Tete."}]},{"@type":"WebSite","@id":"https:\/\/acninternational.org\/es\/#website","url":"https:\/\/acninternational.org\/es\/","name":"ACN International","description":"","publisher":{"@id":"https:\/\/acninternational.org\/es\/#organization"},"potentialAction":[{"@type":"SearchAction","target":{"@type":"EntryPoint","urlTemplate":"https:\/\/acninternational.org\/es\/?s={search_term_string}"},"query-input":{"@type":"PropertyValueSpecification","valueRequired":true,"valueName":"search_term_string"}}],"inLanguage":"es"},{"@type":"Organization","@id":"https:\/\/acninternational.org\/es\/#organization","name":"Aid to the Church in Need International","url":"https:\/\/acninternational.org\/es\/","logo":{"@type":"ImageObject","inLanguage":"es","@id":"https:\/\/acninternational.org\/es\/#\/schema\/logo\/image\/","url":"https:\/\/media.acninternational.org\/wp-content\/uploads\/2019\/11\/acn_logo_blackvector.svg","contentUrl":"https:\/\/media.acninternational.org\/wp-content\/uploads\/2019\/11\/acn_logo_blackvector.svg","width":232.6,"height":78,"caption":"Aid to the Church in Need International"},"image":{"@id":"https:\/\/acninternational.org\/es\/#\/schema\/logo\/image\/"},"sameAs":["https:\/\/www.facebook.com\/acninternationalorg","https:\/\/x.com\/acn_int","https:\/\/www.youtube.com\/channel\/UCQ-077gS0TnVzkhHmf1opZw","https:\/\/www.instagram.com\/acn_international\/"]},{"@type":"Person","@id":"https:\/\/acninternational.org\/es\/#\/schema\/person\/74d18921c1d8be9ca663e4035d1fce84","name":"Paulo Aido","description":"Lorem ipsum dolor sit amet, consectetur adipiscing elit, sed do eiusmod tempor incididunt ut labore et dolore magna aliqua. Ut enim ad minim veniam, quis nostrud exercitation ullamco laboris nisi ut aliquip ex ea commodo consequat.","url":"https:\/\/acninternational.org\/es\/author\/paulo-aido\/"}]}},"_links":{"self":[{"href":"https:\/\/acninternational.org\/es\/wp-json\/wp\/v2\/posts\/248931","targetHints":{"allow":["GET"]}}],"collection":[{"href":"https:\/\/acninternational.org\/es\/wp-json\/wp\/v2\/posts"}],"about":[{"href":"https:\/\/acninternational.org\/es\/wp-json\/wp\/v2\/types\/post"}],"author":[{"embeddable":true,"href":"https:\/\/acninternational.org\/es\/wp-json\/wp\/v2\/users\/4258341382"}],"replies":[{"embeddable":true,"href":"https:\/\/acninternational.org\/es\/wp-json\/wp\/v2\/comments?post=248931"}],"version-history":[{"count":1,"href":"https:\/\/acninternational.org\/es\/wp-json\/wp\/v2\/posts\/248931\/revisions"}],"predecessor-version":[{"id":252014,"href":"https:\/\/acninternational.org\/es\/wp-json\/wp\/v2\/posts\/248931\/revisions\/252014"}],"wp:featuredmedia":[{"embeddable":true,"href":"https:\/\/acninternational.org\/es\/wp-json\/wp\/v2\/media\/248902"}],"wp:attachment":[{"href":"https:\/\/acninternational.org\/es\/wp-json\/wp\/v2\/media?parent=248931"}],"wp:term":[{"taxonomy":"category","embeddable":true,"href":"https:\/\/acninternational.org\/es\/wp-json\/wp\/v2\/categories?post=248931"},{"taxonomy":"post_tag","embeddable":true,"href":"https:\/\/acninternational.org\/es\/wp-json\/wp\/v2\/tags?post=248931"},{"taxonomy":"country","embeddable":true,"href":"https:\/\/acninternational.org\/es\/wp-json\/wp\/v2\/country?post=248931"}],"curies":[{"name":"wp","href":"https:\/\/api.w.org\/{rel}","templated":true}]}}