{"id":241622,"date":"2025-02-28T13:10:23","date_gmt":"2025-02-28T12:10:23","guid":{"rendered":"https:\/\/acninternational.org\/?p=241622"},"modified":"2025-08-12T10:16:56","modified_gmt":"2025-08-12T08:16:56","slug":"cisjordania-la-verdad-el-alto-el-fuego-no-ha-hecho-mas-que-empeorar-las-cosas-aqui","status":"publish","type":"post","link":"https:\/\/acninternational.org\/es\/cisjordania-la-verdad-el-alto-el-fuego-no-ha-hecho-mas-que-empeorar-las-cosas-aqui\/","title":{"rendered":"Cisjordania: \u201c\u00bfLa verdad? El alto el fuego no ha hecho m\u00e1s que empeorar las cosas aqu\u00ed\u201d."},"content":{"rendered":"<p><em>Gaza vive actualmente una paz fr\u00e1gil, pero, no obstante, una delegaci\u00f3n de ACN ha comprobado sobre el terreno que la situaci\u00f3n en Cisjordania no ha mejorado para los cristianos, que dif\u00edcilmente encuentran motivos para encarar con esperanza el futuro.<\/em><\/p>\n<p>Desde Ein Arik hasta el aeropuerto de Ben Guri\u00f3n distan unos 20 minutos en coche. Al menos, en teor\u00eda, y si no fuera por los controles en la carretera y por el hecho de que los palestinos tienen prohibido utilizar ese aeropuerto desde el comienzo de la guerra en Gaza. Las consecuencias de estos obst\u00e1culos son muy reales para los 85 j\u00f3venes cristianos palestinos que planean viajar a Roma para el Jubileo de los j\u00f3venes que se celebrar\u00e1 en julio y agosto. En lugar de un trayecto de 20 minutos en coche hasta el aeropuerto, tendr\u00e1n que desplazarse primero en un autocar nocturno a Jordania, con el consiguiente aumento de costes.<\/p>\n<figure id=\"attachment_241597\" aria-describedby=\"caption-attachment-241597\" style=\"width: 800px\" class=\"wp-caption aligncenter\"><img loading=\"lazy\" decoding=\"async\" class=\"wp-image-241597 size-large\" src=\"https:\/\/media.acninternational.org\/wp-content\/uploads\/2025\/02\/ACN-20250226-182799-1024x683.jpg\" alt=\"Israel mantiene una fuerte presencia militar en zonas \u00e1rabes de Tierra Santa, como el barrio musulm\u00e1n de Jerusal\u00e9n\" width=\"800\" height=\"534\" srcset=\"https:\/\/media.acninternational.org\/wp-content\/uploads\/2025\/02\/ACN-20250226-182799-1024x683.jpg 1024w, https:\/\/media.acninternational.org\/wp-content\/uploads\/2025\/02\/ACN-20250226-182799-300x200.jpg 300w, https:\/\/media.acninternational.org\/wp-content\/uploads\/2025\/02\/ACN-20250226-182799-768x512.jpg 768w, https:\/\/media.acninternational.org\/wp-content\/uploads\/2025\/02\/ACN-20250226-182799.jpg 1080w\" sizes=\"auto, (max-width: 800px) 100vw, 800px\" \/><figcaption id=\"caption-attachment-241597\" class=\"wp-caption-text\">Israel mantiene una fuerte presencia militar en zonas \u00e1rabes de Tierra Santa, como el barrio musulm\u00e1n de Jerusal\u00e9n<\/figcaption><\/figure>\n<p>\u201cEsta es la nueva normalidad en los territorios palestinos de Tierra Santa\u201d, ha explicado el padre Louis Salman, responsable de la Capellan\u00eda de la Juventud en Cisjordania, Gaza y Jerusal\u00e9n, a la delegaci\u00f3n de Aid to the Church in Need (ACN) que ha visitado la regi\u00f3n. Las restricciones para viajar hacen que la gente se sienta aislada y atrapada. Adem\u00e1s, la falta de oportunidades laborales merma sus perspectivas y la exposici\u00f3n constante a la violencia los traumatiza.<\/p>\n<p>Con el reciente alto el fuego en Gaza, se podr\u00eda pensar que el futuro se presenta un poco m\u00e1s prometedor para los cristianos de Tierra Santa. \u201c\u00bfLa verdad? Para nosotros, en Cisjordania, el alto el fuego no ha hecho m\u00e1s que empeorar las cosas\u201d, asegura el padre Louis. \u201cDesde el alto el fuego se han cerrado todav\u00eda m\u00e1s carreteras, lo que dificulta a\u00fan m\u00e1s los desplazamientos. El trayecto de Jifna a Zababdeh sol\u00eda durar unas dos horas, ahora son cuatro\u201d, explica este sacerdote nacido en Jordania. Una de las condiciones del alto el fuego es la liberaci\u00f3n de prisioneros palestinos, muchos de los cuales han regresado a Cisjordania. \u201cDebido al intercambio de prisioneros han reforzado la seguridad enormemente\u201d, explica el padre Louis.<\/p>\n<p>El cardenal Pierbattista Pizzaballa, patriarca latino de Jerusal\u00e9n, coincidi\u00f3 con \u00e9l durante un encuentro con ACN en Jerusal\u00e9n. \u201cSin duda alguna, las cosas en Cisjordania han empeorado. Con el inicio del alto el fuego en Gaza comenzaron las operaciones en Cisjordania con cientos de puestos de control y las operaciones en Yen\u00edn [una importante ciudad palestina]\u201d.<\/p>\n<figure id=\"attachment_241609\" aria-describedby=\"caption-attachment-241609\" style=\"width: 800px\" class=\"wp-caption aligncenter\"><img loading=\"lazy\" decoding=\"async\" class=\"wp-image-241609 size-large\" src=\"https:\/\/media.acninternational.org\/wp-content\/uploads\/2025\/02\/ACN-20250228-182891-1-1009x1024.jpg\" alt=\"El cardenal Pierbattista Pizzaballa\" width=\"800\" height=\"812\" srcset=\"https:\/\/media.acninternational.org\/wp-content\/uploads\/2025\/02\/ACN-20250228-182891-1-1009x1024.jpg 1009w, https:\/\/media.acninternational.org\/wp-content\/uploads\/2025\/02\/ACN-20250228-182891-1-296x300.jpg 296w, https:\/\/media.acninternational.org\/wp-content\/uploads\/2025\/02\/ACN-20250228-182891-1-768x779.jpg 768w, https:\/\/media.acninternational.org\/wp-content\/uploads\/2025\/02\/ACN-20250228-182891-1.jpg 1080w\" sizes=\"auto, (max-width: 800px) 100vw, 800px\" \/><figcaption id=\"caption-attachment-241609\" class=\"wp-caption-text\">El cardenal Pierbattista Pizzaballa<\/figcaption><\/figure>\n<p>Sami El-Yousef, director general del Patriarcado Latino de Jerusal\u00e9n, respalda esta opini\u00f3n con hechos: \u201cHemos sido testigos de nuevas anexiones de tierras en Cisjordania, as\u00ed como el desalojo de unas 16.000 personas de campos de refugiados en Yen\u00edn que han quedado arrasados, por lo que esa gente no tiene ad\u00f3nde regresar. Ahora, Cisjordania est\u00e1 completamente fragmentada con 185 puntos de entrada y m\u00e1s de 900 puestos de control, una situaci\u00f3n que, debido a los acontecimientos en Gaza, apenas recibe atenci\u00f3n internacional\u201d.<\/p>\n<p>\u201cNo s\u00e9 ni c\u00f3mo nos mantenemos en pie, porque avanzamos contracorriente\u201d, contin\u00faa Sami El-Yousef, quien, no obstante, intenta encontrarle un lado positivo a la situaci\u00f3n. \u201cComo Iglesia, nos sentimos ahora m\u00e1s fortalecidos que hace a\u00f1o y medio, especialmente, por nuestra contribuci\u00f3n a la sociedad en general. Y es que hemos sido capaces de mantener nuestros servicios, de expandirlos en algunos aspectos y de servir a las comunidades de Gaza y Cisjordania, las m\u00e1s afectadas por la guerra. Adem\u00e1s, nos estamos preparando para ser de mayor utilidad despu\u00e9s de la guerra\u201d.<\/p>\n<p>Por ejemplo, a ra\u00edz de la preocupaci\u00f3n del patriarca Pizzaballa por la escasez de productos frescos para la poblaci\u00f3n de Gaza, Sami El-Yousef explica que el Patriarcado Latino de Jerusal\u00e9n logr\u00f3 asegurar durante varios meses el suministro de fruta y verdura a Gaza, y no solo para la min\u00fascula comunidad cristiana que a\u00fan permanece en los recintos cat\u00f3lico y ortodoxo: \u201cHasta el d\u00eda de hoy, la gente aqu\u00ed habla de c\u00f3mo la Iglesia los ha apoyado. En sinton\u00eda con los deseos del patriarca, hemos extendido nuestra generosidad a nuestros vecinos. Estamos muy orgullosos de haber logrado lo que hemos conseguido en este per\u00edodo\u201d, explica Sami El-Yousef.<\/p>\n<figure id=\"attachment_241615\" aria-describedby=\"caption-attachment-241615\" style=\"width: 720px\" class=\"wp-caption aligncenter\"><img loading=\"lazy\" decoding=\"async\" class=\"wp-image-241615 size-full\" src=\"https:\/\/media.acninternational.org\/wp-content\/uploads\/2025\/02\/ACN-20240523-165342.jpg\" alt=\"Con la ayuda de AIN, el Patriarcado Latino sigue prestando asistencia a las familias cristianas de Gaza\" width=\"720\" height=\"960\" srcset=\"https:\/\/media.acninternational.org\/wp-content\/uploads\/2025\/02\/ACN-20240523-165342.jpg 720w, https:\/\/media.acninternational.org\/wp-content\/uploads\/2025\/02\/ACN-20240523-165342-225x300.jpg 225w\" sizes=\"auto, (max-width: 720px) 100vw, 720px\" \/><figcaption id=\"caption-attachment-241615\" class=\"wp-caption-text\">Con la ayuda de AIN, el Patriarcado Latino sigue prestando asistencia a las familias cristianas de Gaza<\/figcaption><\/figure>\n<p>Gran parte de esta labor solo ha sido posible gracias a la ayuda proporcionada por ACN, hecho que el director general del Patriarcado Latino menciona con extrema gratitud: \u201cEl \u00faltimo a\u00f1o y medio ha confirmado lo que ya sab\u00edamos los cristianos: que tenemos amigos en el mundo entero que nos ayudan no solo con dinero, sino tambi\u00e9n con apoyo moral\u201d, ha dicho.<\/p>\n<p>Mientras tanto, la situaci\u00f3n en Tierra Santa hace que el padre Louis Salman est\u00e9 m\u00e1s decidido que nunca a hacer part\u00edcipes a los j\u00f3venes cristianos de experiencias internacionales como las pr\u00f3ximas celebraciones del Jubileo en Roma: \u201cTras un a\u00f1o de guerra, la mayor parte de nuestros j\u00f3venes est\u00e1n desesperados, y lo que yo quiero es levantarles el \u00e1nimo\u201d, ha explicado. \u201cEl objetivo es que vivan una experiencia espiritual profunda, no solo que se diviertan. Psicol\u00f3gicamente, es importante que participen en actividades internacionales para que comprendan que, a nivel global, no son una minor\u00eda\u201d.<\/p>\n<p>El tema del Jubileo de este a\u00f1o es la esperanza, pero muchos j\u00f3venes palestinos no albergan ninguna o muy poca. Desde la sede de la organizaci\u00f3n \u2018Juventud de la Patria de Jes\u00fas\u2019, -la cual ha sido remodelada con la ayuda de ACN- el padre Louis Salman explica que parte de su misi\u00f3n como m\u00e1ximo responsable de la Capellan\u00eda de la Juventud es ayudarles a comprender d\u00f3nde reside la verdadera esperanza. \u201cPor desgracia, hoy muchos no ven esperanza. Sin embargo, nosotros siempre queremos aportarles esperanza, una esperanza que no viene de la pol\u00edtica, sino de Jes\u00fas. Y esa es la raz\u00f3n por la que, como cristianos de la tierra natal de Jes\u00fas, tenemos el deber de quedarnos aqu\u00ed, donde \u00e9l vivi\u00f3, muri\u00f3 y resucit\u00f3\u201d.<\/p>\n<p>&nbsp;<\/p>\n","protected":false},"excerpt":{"rendered":"<p>Como cristianos de la tierra natal de Jes\u00fas, tenemos el deber de quedarnos aqu\u00ed, donde \u00e9l vivi\u00f3, muri\u00f3 y resucit\u00f3.<\/p>\n","protected":false},"author":4258341377,"featured_media":241591,"comment_status":"closed","ping_status":"closed","sticky":false,"template":"","format":"standard","meta":{"_acf_changed":false,"_acn_coauthor_ids":[],"footnotes":""},"categories":[760],"tags":[],"country":[922],"class_list":["post-241622","post","type-post","status-publish","format-standard","has-post-thumbnail","hentry","category-destacado","country-tierra-santa"],"acn_coauthors":[],"acf":[],"yoast_head":"<!-- This site is optimized with the Yoast SEO Premium plugin v27.3 (Yoast SEO v27.3) - https:\/\/yoast.com\/product\/yoast-seo-premium-wordpress\/ -->\n<title>Cisjordania: \u201c\u00bfLa verdad? El alto el fuego no ha hecho m\u00e1s que empeorar las cosas aqu\u00ed\u201d. | ACN International<\/title>\n<meta name=\"description\" content=\"Como cristianos de la tierra natal de Jes\u00fas, tenemos el deber de quedarnos aqu\u00ed, donde \u00e9l vivi\u00f3, muri\u00f3 y resucit\u00f3.\" \/>\n<meta name=\"robots\" content=\"index, follow, max-snippet:-1, max-image-preview:large, max-video-preview:-1\" \/>\n<link rel=\"canonical\" href=\"https:\/\/acninternational.org\/es\/cisjordania-la-verdad-el-alto-el-fuego-no-ha-hecho-mas-que-empeorar-las-cosas-aqui\/\" \/>\n<meta property=\"og:locale\" content=\"es_ES\" \/>\n<meta property=\"og:type\" content=\"article\" \/>\n<meta property=\"og:title\" content=\"Cisjordania: \u201c\u00bfLa verdad? El alto el fuego no ha hecho m\u00e1s que empeorar las cosas aqu\u00ed\u201d.\" \/>\n<meta property=\"og:description\" content=\"Como cristianos de la tierra natal de Jes\u00fas, tenemos el deber de quedarnos aqu\u00ed, donde \u00e9l vivi\u00f3, muri\u00f3 y resucit\u00f3.\" \/>\n<meta property=\"og:url\" content=\"https:\/\/acninternational.org\/es\/cisjordania-la-verdad-el-alto-el-fuego-no-ha-hecho-mas-que-empeorar-las-cosas-aqui\/\" \/>\n<meta property=\"og:site_name\" content=\"ACN International\" \/>\n<meta property=\"article:publisher\" content=\"https:\/\/www.facebook.com\/acninternationalorg\" \/>\n<meta property=\"article:published_time\" content=\"2025-02-28T12:10:23+00:00\" \/>\n<meta property=\"article:modified_time\" content=\"2025-08-12T08:16:56+00:00\" \/>\n<meta property=\"og:image\" content=\"https:\/\/media.acninternational.org\/wp-content\/uploads\/2025\/02\/ACN-20250226-182783.jpg\" \/>\n\t<meta property=\"og:image:width\" content=\"1920\" \/>\n\t<meta property=\"og:image:height\" content=\"700\" \/>\n\t<meta property=\"og:image:type\" content=\"image\/jpeg\" \/>\n<meta name=\"author\" content=\"Filipe d\u2019Avillez\" \/>\n<meta name=\"twitter:card\" content=\"summary_large_image\" \/>\n<meta name=\"twitter:creator\" content=\"@acn_int\" \/>\n<meta name=\"twitter:site\" content=\"@acn_int\" \/>\n<meta name=\"twitter:label1\" content=\"Escrito por\" \/>\n\t<meta name=\"twitter:data1\" content=\"Filipe d\u2019Avillez\" \/>\n\t<meta name=\"twitter:label2\" content=\"Tiempo de lectura\" \/>\n\t<meta name=\"twitter:data2\" content=\"6 minutos\" \/>\n<script type=\"application\/ld+json\" class=\"yoast-schema-graph\">{\"@context\":\"https:\\\/\\\/schema.org\",\"@graph\":[{\"@type\":\"Article\",\"@id\":\"https:\\\/\\\/acninternational.org\\\/es\\\/cisjordania-la-verdad-el-alto-el-fuego-no-ha-hecho-mas-que-empeorar-las-cosas-aqui\\\/#article\",\"isPartOf\":{\"@id\":\"https:\\\/\\\/acninternational.org\\\/es\\\/cisjordania-la-verdad-el-alto-el-fuego-no-ha-hecho-mas-que-empeorar-las-cosas-aqui\\\/\"},\"author\":{\"name\":\"Filipe d\u2019Avillez\",\"@id\":\"https:\\\/\\\/acninternational.org\\\/es\\\/#\\\/schema\\\/person\\\/7489225627ad784c8faa0f4616c1cbdf\"},\"headline\":\"Cisjordania: \u201c\u00bfLa verdad? El alto el fuego no ha hecho m\u00e1s que empeorar las cosas aqu\u00ed\u201d.\",\"datePublished\":\"2025-02-28T12:10:23+00:00\",\"dateModified\":\"2025-08-12T08:16:56+00:00\",\"mainEntityOfPage\":{\"@id\":\"https:\\\/\\\/acninternational.org\\\/es\\\/cisjordania-la-verdad-el-alto-el-fuego-no-ha-hecho-mas-que-empeorar-las-cosas-aqui\\\/\"},\"wordCount\":1114,\"publisher\":{\"@id\":\"https:\\\/\\\/acninternational.org\\\/es\\\/#organization\"},\"image\":{\"@id\":\"https:\\\/\\\/acninternational.org\\\/es\\\/cisjordania-la-verdad-el-alto-el-fuego-no-ha-hecho-mas-que-empeorar-las-cosas-aqui\\\/#primaryimage\"},\"thumbnailUrl\":\"https:\\\/\\\/media.acninternational.org\\\/wp-content\\\/uploads\\\/2025\\\/02\\\/ACN-20250226-182783.jpg\",\"articleSection\":[\"DESTACADO\"],\"inLanguage\":\"es\"},{\"@type\":\"WebPage\",\"@id\":\"https:\\\/\\\/acninternational.org\\\/es\\\/cisjordania-la-verdad-el-alto-el-fuego-no-ha-hecho-mas-que-empeorar-las-cosas-aqui\\\/\",\"url\":\"https:\\\/\\\/acninternational.org\\\/es\\\/cisjordania-la-verdad-el-alto-el-fuego-no-ha-hecho-mas-que-empeorar-las-cosas-aqui\\\/\",\"name\":\"Cisjordania: \u201c\u00bfLa verdad? El alto el fuego no ha hecho m\u00e1s que empeorar las cosas aqu\u00ed\u201d. | ACN International\",\"isPartOf\":{\"@id\":\"https:\\\/\\\/acninternational.org\\\/es\\\/#website\"},\"primaryImageOfPage\":{\"@id\":\"https:\\\/\\\/acninternational.org\\\/es\\\/cisjordania-la-verdad-el-alto-el-fuego-no-ha-hecho-mas-que-empeorar-las-cosas-aqui\\\/#primaryimage\"},\"image\":{\"@id\":\"https:\\\/\\\/acninternational.org\\\/es\\\/cisjordania-la-verdad-el-alto-el-fuego-no-ha-hecho-mas-que-empeorar-las-cosas-aqui\\\/#primaryimage\"},\"thumbnailUrl\":\"https:\\\/\\\/media.acninternational.org\\\/wp-content\\\/uploads\\\/2025\\\/02\\\/ACN-20250226-182783.jpg\",\"datePublished\":\"2025-02-28T12:10:23+00:00\",\"dateModified\":\"2025-08-12T08:16:56+00:00\",\"description\":\"Como cristianos de la tierra natal de Jes\u00fas, tenemos el deber de quedarnos aqu\u00ed, donde \u00e9l vivi\u00f3, muri\u00f3 y resucit\u00f3.\",\"breadcrumb\":{\"@id\":\"https:\\\/\\\/acninternational.org\\\/es\\\/cisjordania-la-verdad-el-alto-el-fuego-no-ha-hecho-mas-que-empeorar-las-cosas-aqui\\\/#breadcrumb\"},\"inLanguage\":\"es\",\"potentialAction\":[{\"@type\":\"ReadAction\",\"target\":[\"https:\\\/\\\/acninternational.org\\\/es\\\/cisjordania-la-verdad-el-alto-el-fuego-no-ha-hecho-mas-que-empeorar-las-cosas-aqui\\\/\"]}]},{\"@type\":\"ImageObject\",\"inLanguage\":\"es\",\"@id\":\"https:\\\/\\\/acninternational.org\\\/es\\\/cisjordania-la-verdad-el-alto-el-fuego-no-ha-hecho-mas-que-empeorar-las-cosas-aqui\\\/#primaryimage\",\"url\":\"https:\\\/\\\/media.acninternational.org\\\/wp-content\\\/uploads\\\/2025\\\/02\\\/ACN-20250226-182783.jpg\",\"contentUrl\":\"https:\\\/\\\/media.acninternational.org\\\/wp-content\\\/uploads\\\/2025\\\/02\\\/ACN-20250226-182783.jpg\",\"width\":1920,\"height\":700},{\"@type\":\"BreadcrumbList\",\"@id\":\"https:\\\/\\\/acninternational.org\\\/es\\\/cisjordania-la-verdad-el-alto-el-fuego-no-ha-hecho-mas-que-empeorar-las-cosas-aqui\\\/#breadcrumb\",\"itemListElement\":[{\"@type\":\"ListItem\",\"position\":1,\"name\":\"Home\",\"item\":\"https:\\\/\\\/acninternational.org\\\/es\\\/\"},{\"@type\":\"ListItem\",\"position\":2,\"name\":\"DESTACADO\",\"item\":\"https:\\\/\\\/acninternational.org\\\/es\\\/category\\\/destacado\\\/\"},{\"@type\":\"ListItem\",\"position\":3,\"name\":\"Cisjordania: \u201c\u00bfLa verdad? El alto el fuego no ha hecho m\u00e1s que empeorar las cosas aqu\u00ed\u201d.\"}]},{\"@type\":\"WebSite\",\"@id\":\"https:\\\/\\\/acninternational.org\\\/es\\\/#website\",\"url\":\"https:\\\/\\\/acninternational.org\\\/es\\\/\",\"name\":\"ACN International\",\"description\":\"\",\"publisher\":{\"@id\":\"https:\\\/\\\/acninternational.org\\\/es\\\/#organization\"},\"potentialAction\":[{\"@type\":\"SearchAction\",\"target\":{\"@type\":\"EntryPoint\",\"urlTemplate\":\"https:\\\/\\\/acninternational.org\\\/es\\\/?s={search_term_string}\"},\"query-input\":{\"@type\":\"PropertyValueSpecification\",\"valueRequired\":true,\"valueName\":\"search_term_string\"}}],\"inLanguage\":\"es\"},{\"@type\":\"Organization\",\"@id\":\"https:\\\/\\\/acninternational.org\\\/es\\\/#organization\",\"name\":\"Aid to the Church in Need International\",\"url\":\"https:\\\/\\\/acninternational.org\\\/es\\\/\",\"logo\":{\"@type\":\"ImageObject\",\"inLanguage\":\"es\",\"@id\":\"https:\\\/\\\/acninternational.org\\\/es\\\/#\\\/schema\\\/logo\\\/image\\\/\",\"url\":\"https:\\\/\\\/media.acninternational.org\\\/wp-content\\\/uploads\\\/2019\\\/11\\\/acn_logo_blackvector.svg\",\"contentUrl\":\"https:\\\/\\\/media.acninternational.org\\\/wp-content\\\/uploads\\\/2019\\\/11\\\/acn_logo_blackvector.svg\",\"width\":232.6,\"height\":78,\"caption\":\"Aid to the Church in Need International\"},\"image\":{\"@id\":\"https:\\\/\\\/acninternational.org\\\/es\\\/#\\\/schema\\\/logo\\\/image\\\/\"},\"sameAs\":[\"https:\\\/\\\/www.facebook.com\\\/acninternationalorg\",\"https:\\\/\\\/x.com\\\/acn_int\",\"https:\\\/\\\/www.youtube.com\\\/channel\\\/UCQ-077gS0TnVzkhHmf1opZw\",\"https:\\\/\\\/www.instagram.com\\\/acn_international\\\/\"]},{\"@type\":\"Person\",\"@id\":\"https:\\\/\\\/acninternational.org\\\/es\\\/#\\\/schema\\\/person\\\/7489225627ad784c8faa0f4616c1cbdf\",\"name\":\"Filipe d\u2019Avillez\",\"url\":\"https:\\\/\\\/acninternational.org\\\/es\\\/author\\\/filipe\\\/\"}]}<\/script>\n<!-- \/ Yoast SEO Premium plugin. -->","yoast_head_json":{"title":"Cisjordania: \u201c\u00bfLa verdad? El alto el fuego no ha hecho m\u00e1s que empeorar las cosas aqu\u00ed\u201d. | ACN International","description":"Como cristianos de la tierra natal de Jes\u00fas, tenemos el deber de quedarnos aqu\u00ed, donde \u00e9l vivi\u00f3, muri\u00f3 y resucit\u00f3.","robots":{"index":"index","follow":"follow","max-snippet":"max-snippet:-1","max-image-preview":"max-image-preview:large","max-video-preview":"max-video-preview:-1"},"canonical":"https:\/\/acninternational.org\/es\/cisjordania-la-verdad-el-alto-el-fuego-no-ha-hecho-mas-que-empeorar-las-cosas-aqui\/","og_locale":"es_ES","og_type":"article","og_title":"Cisjordania: \u201c\u00bfLa verdad? El alto el fuego no ha hecho m\u00e1s que empeorar las cosas aqu\u00ed\u201d.","og_description":"Como cristianos de la tierra natal de Jes\u00fas, tenemos el deber de quedarnos aqu\u00ed, donde \u00e9l vivi\u00f3, muri\u00f3 y resucit\u00f3.","og_url":"https:\/\/acninternational.org\/es\/cisjordania-la-verdad-el-alto-el-fuego-no-ha-hecho-mas-que-empeorar-las-cosas-aqui\/","og_site_name":"ACN International","article_publisher":"https:\/\/www.facebook.com\/acninternationalorg","article_published_time":"2025-02-28T12:10:23+00:00","article_modified_time":"2025-08-12T08:16:56+00:00","og_image":[{"width":1920,"height":700,"url":"https:\/\/media.acninternational.org\/wp-content\/uploads\/2025\/02\/ACN-20250226-182783.jpg","type":"image\/jpeg"}],"author":"Filipe d\u2019Avillez","twitter_card":"summary_large_image","twitter_creator":"@acn_int","twitter_site":"@acn_int","twitter_misc":{"Escrito por":"Filipe d\u2019Avillez","Tiempo de lectura":"6 minutos"},"schema":{"@context":"https:\/\/schema.org","@graph":[{"@type":"Article","@id":"https:\/\/acninternational.org\/es\/cisjordania-la-verdad-el-alto-el-fuego-no-ha-hecho-mas-que-empeorar-las-cosas-aqui\/#article","isPartOf":{"@id":"https:\/\/acninternational.org\/es\/cisjordania-la-verdad-el-alto-el-fuego-no-ha-hecho-mas-que-empeorar-las-cosas-aqui\/"},"author":{"name":"Filipe d\u2019Avillez","@id":"https:\/\/acninternational.org\/es\/#\/schema\/person\/7489225627ad784c8faa0f4616c1cbdf"},"headline":"Cisjordania: \u201c\u00bfLa verdad? El alto el fuego no ha hecho m\u00e1s que empeorar las cosas aqu\u00ed\u201d.","datePublished":"2025-02-28T12:10:23+00:00","dateModified":"2025-08-12T08:16:56+00:00","mainEntityOfPage":{"@id":"https:\/\/acninternational.org\/es\/cisjordania-la-verdad-el-alto-el-fuego-no-ha-hecho-mas-que-empeorar-las-cosas-aqui\/"},"wordCount":1114,"publisher":{"@id":"https:\/\/acninternational.org\/es\/#organization"},"image":{"@id":"https:\/\/acninternational.org\/es\/cisjordania-la-verdad-el-alto-el-fuego-no-ha-hecho-mas-que-empeorar-las-cosas-aqui\/#primaryimage"},"thumbnailUrl":"https:\/\/media.acninternational.org\/wp-content\/uploads\/2025\/02\/ACN-20250226-182783.jpg","articleSection":["DESTACADO"],"inLanguage":"es"},{"@type":"WebPage","@id":"https:\/\/acninternational.org\/es\/cisjordania-la-verdad-el-alto-el-fuego-no-ha-hecho-mas-que-empeorar-las-cosas-aqui\/","url":"https:\/\/acninternational.org\/es\/cisjordania-la-verdad-el-alto-el-fuego-no-ha-hecho-mas-que-empeorar-las-cosas-aqui\/","name":"Cisjordania: \u201c\u00bfLa verdad? El alto el fuego no ha hecho m\u00e1s que empeorar las cosas aqu\u00ed\u201d. | ACN International","isPartOf":{"@id":"https:\/\/acninternational.org\/es\/#website"},"primaryImageOfPage":{"@id":"https:\/\/acninternational.org\/es\/cisjordania-la-verdad-el-alto-el-fuego-no-ha-hecho-mas-que-empeorar-las-cosas-aqui\/#primaryimage"},"image":{"@id":"https:\/\/acninternational.org\/es\/cisjordania-la-verdad-el-alto-el-fuego-no-ha-hecho-mas-que-empeorar-las-cosas-aqui\/#primaryimage"},"thumbnailUrl":"https:\/\/media.acninternational.org\/wp-content\/uploads\/2025\/02\/ACN-20250226-182783.jpg","datePublished":"2025-02-28T12:10:23+00:00","dateModified":"2025-08-12T08:16:56+00:00","description":"Como cristianos de la tierra natal de Jes\u00fas, tenemos el deber de quedarnos aqu\u00ed, donde \u00e9l vivi\u00f3, muri\u00f3 y resucit\u00f3.","breadcrumb":{"@id":"https:\/\/acninternational.org\/es\/cisjordania-la-verdad-el-alto-el-fuego-no-ha-hecho-mas-que-empeorar-las-cosas-aqui\/#breadcrumb"},"inLanguage":"es","potentialAction":[{"@type":"ReadAction","target":["https:\/\/acninternational.org\/es\/cisjordania-la-verdad-el-alto-el-fuego-no-ha-hecho-mas-que-empeorar-las-cosas-aqui\/"]}]},{"@type":"ImageObject","inLanguage":"es","@id":"https:\/\/acninternational.org\/es\/cisjordania-la-verdad-el-alto-el-fuego-no-ha-hecho-mas-que-empeorar-las-cosas-aqui\/#primaryimage","url":"https:\/\/media.acninternational.org\/wp-content\/uploads\/2025\/02\/ACN-20250226-182783.jpg","contentUrl":"https:\/\/media.acninternational.org\/wp-content\/uploads\/2025\/02\/ACN-20250226-182783.jpg","width":1920,"height":700},{"@type":"BreadcrumbList","@id":"https:\/\/acninternational.org\/es\/cisjordania-la-verdad-el-alto-el-fuego-no-ha-hecho-mas-que-empeorar-las-cosas-aqui\/#breadcrumb","itemListElement":[{"@type":"ListItem","position":1,"name":"Home","item":"https:\/\/acninternational.org\/es\/"},{"@type":"ListItem","position":2,"name":"DESTACADO","item":"https:\/\/acninternational.org\/es\/category\/destacado\/"},{"@type":"ListItem","position":3,"name":"Cisjordania: \u201c\u00bfLa verdad? El alto el fuego no ha hecho m\u00e1s que empeorar las cosas aqu\u00ed\u201d."}]},{"@type":"WebSite","@id":"https:\/\/acninternational.org\/es\/#website","url":"https:\/\/acninternational.org\/es\/","name":"ACN International","description":"","publisher":{"@id":"https:\/\/acninternational.org\/es\/#organization"},"potentialAction":[{"@type":"SearchAction","target":{"@type":"EntryPoint","urlTemplate":"https:\/\/acninternational.org\/es\/?s={search_term_string}"},"query-input":{"@type":"PropertyValueSpecification","valueRequired":true,"valueName":"search_term_string"}}],"inLanguage":"es"},{"@type":"Organization","@id":"https:\/\/acninternational.org\/es\/#organization","name":"Aid to the Church in Need International","url":"https:\/\/acninternational.org\/es\/","logo":{"@type":"ImageObject","inLanguage":"es","@id":"https:\/\/acninternational.org\/es\/#\/schema\/logo\/image\/","url":"https:\/\/media.acninternational.org\/wp-content\/uploads\/2019\/11\/acn_logo_blackvector.svg","contentUrl":"https:\/\/media.acninternational.org\/wp-content\/uploads\/2019\/11\/acn_logo_blackvector.svg","width":232.6,"height":78,"caption":"Aid to the Church in Need International"},"image":{"@id":"https:\/\/acninternational.org\/es\/#\/schema\/logo\/image\/"},"sameAs":["https:\/\/www.facebook.com\/acninternationalorg","https:\/\/x.com\/acn_int","https:\/\/www.youtube.com\/channel\/UCQ-077gS0TnVzkhHmf1opZw","https:\/\/www.instagram.com\/acn_international\/"]},{"@type":"Person","@id":"https:\/\/acninternational.org\/es\/#\/schema\/person\/7489225627ad784c8faa0f4616c1cbdf","name":"Filipe d\u2019Avillez","url":"https:\/\/acninternational.org\/es\/author\/filipe\/"}]}},"_links":{"self":[{"href":"https:\/\/acninternational.org\/es\/wp-json\/wp\/v2\/posts\/241622","targetHints":{"allow":["GET"]}}],"collection":[{"href":"https:\/\/acninternational.org\/es\/wp-json\/wp\/v2\/posts"}],"about":[{"href":"https:\/\/acninternational.org\/es\/wp-json\/wp\/v2\/types\/post"}],"author":[{"embeddable":true,"href":"https:\/\/acninternational.org\/es\/wp-json\/wp\/v2\/users\/4258341377"}],"replies":[{"embeddable":true,"href":"https:\/\/acninternational.org\/es\/wp-json\/wp\/v2\/comments?post=241622"}],"version-history":[{"count":1,"href":"https:\/\/acninternational.org\/es\/wp-json\/wp\/v2\/posts\/241622\/revisions"}],"predecessor-version":[{"id":245135,"href":"https:\/\/acninternational.org\/es\/wp-json\/wp\/v2\/posts\/241622\/revisions\/245135"}],"wp:featuredmedia":[{"embeddable":true,"href":"https:\/\/acninternational.org\/es\/wp-json\/wp\/v2\/media\/241591"}],"wp:attachment":[{"href":"https:\/\/acninternational.org\/es\/wp-json\/wp\/v2\/media?parent=241622"}],"wp:term":[{"taxonomy":"category","embeddable":true,"href":"https:\/\/acninternational.org\/es\/wp-json\/wp\/v2\/categories?post=241622"},{"taxonomy":"post_tag","embeddable":true,"href":"https:\/\/acninternational.org\/es\/wp-json\/wp\/v2\/tags?post=241622"},{"taxonomy":"country","embeddable":true,"href":"https:\/\/acninternational.org\/es\/wp-json\/wp\/v2\/country?post=241622"}],"curies":[{"name":"wp","href":"https:\/\/api.w.org\/{rel}","templated":true}]}}