{"id":240132,"date":"2025-02-05T07:54:40","date_gmt":"2025-02-05T06:54:40","guid":{"rendered":"https:\/\/acninternational.org\/?p=240132"},"modified":"2025-08-12T10:18:10","modified_gmt":"2025-08-12T08:18:10","slug":"estonia-el-renacimiento-de-la-iglesia-catolica","status":"publish","type":"post","link":"https:\/\/acninternational.org\/es\/estonia-el-renacimiento-de-la-iglesia-catolica\/","title":{"rendered":"Estonia: El renacimiento de la Iglesia cat\u00f3lica"},"content":{"rendered":"<p><em>Tras siglos de prohibici\u00f3n, la peque\u00f1a comunidad cat\u00f3lica estonia resurge de sus cenizas. El 26 de septiembre de 2024, el papa Francisco cre\u00f3 la primera di\u00f3cesis del pa\u00eds. El 1 de noviembre de 2024, el papa Francisco se dirigi\u00f3 a la Iglesia cat\u00f3lica estonia con ocasi\u00f3n del centenario de la creaci\u00f3n de su administraci\u00f3n apost\u00f3lica, al poco de ser erigida en di\u00f3cesis. El pont\u00edfice felicit\u00f3 a la Iglesia por su \u201cejemplo de fe\u201d, a pesar de \u201cd\u00e9cadas de sufrimiento, ocupaci\u00f3n y opresi\u00f3n\u201d, y afirm\u00f3 que \u201ceste admirable legado de fe y caridad alentar\u00e1 a la actual generaci\u00f3n de sacerdotes, religiosos y fieles laicos\u201d.<\/em><\/p>\n<p><em>La nueva di\u00f3cesis est\u00e1 encabezada por Mons. Philippe Jourdan, administrador apost\u00f3lico desde 2005, que lleg\u00f3 de Francia en 1996 y ha adquirido la ciudadan\u00eda estonia. En una entrevista para la fundaci\u00f3n Aid to the Church in Need (ACN) Mons. Jourdan presenta la situaci\u00f3n de los cat\u00f3licos en el pa\u00eds.<\/em><\/p>\n<figure id=\"attachment_240114\" aria-describedby=\"caption-attachment-240114\" style=\"width: 683px\" class=\"wp-caption aligncenter\"><img loading=\"lazy\" decoding=\"async\" class=\"wp-image-240114 size-large\" src=\"https:\/\/media.acninternational.org\/wp-content\/uploads\/2025\/02\/ACN-20250203-180424-683x1024.jpg\" alt=\"Philippe Jourdan, obispo de Tallin, primera di\u00f3cesis cat\u00f3lica de Estonia\" width=\"683\" height=\"1024\" srcset=\"https:\/\/media.acninternational.org\/wp-content\/uploads\/2025\/02\/ACN-20250203-180424-683x1024.jpg 683w, https:\/\/media.acninternational.org\/wp-content\/uploads\/2025\/02\/ACN-20250203-180424-200x300.jpg 200w, https:\/\/media.acninternational.org\/wp-content\/uploads\/2025\/02\/ACN-20250203-180424.jpg 720w\" sizes=\"auto, (max-width: 683px) 100vw, 683px\" \/><figcaption id=\"caption-attachment-240114\" class=\"wp-caption-text\">Philippe Jourdan, obispo de Tallin, primera di\u00f3cesis cat\u00f3lica de Estonia<\/figcaption><\/figure>\n<h4><strong>ACN: \u00bfCu\u00e1l es la situaci\u00f3n religiosa en Estonia?<br \/>\n<\/strong><\/h4>\n<p><strong>Mons. Jourdan: <\/strong>Estonia sigue siendo uno de los pa\u00edses m\u00e1s secularizados de Europa: alrededor de un 25% de la poblaci\u00f3n es creyente y el resto se declara no creyente, aunque, en realidad, mucha gente cree sin saber realmente en qu\u00e9 cree. Curiosamente, mientras que en el resto de Europa la secularizaci\u00f3n avanza cada vez m\u00e1s, estos porcentajes se han mantenido bastante estables aqu\u00ed en los \u00faltimos 25 a\u00f1os.<\/p>\n<h4><strong>\u00bfPor qu\u00e9 hay tan pocos cat\u00f3licos en Estonia?<br \/>\n<\/strong><\/h4>\n<p>La Iglesia cat\u00f3lica desapareci\u00f3 de Estonia en el siglo XVI, coincidiendo con la reforma luterana. Durante dos siglos y medio estuvo prohibida y no resurgi\u00f3 hasta principios del siglo XIX. Pero entonces, el pa\u00eds sufri\u00f3 50 a\u00f1os de dominio sovi\u00e9tico. Por lo tanto, Estonia tiene una historia \u00fanica como bisagra entre dos mundos que rechazaban el catolicismo.<\/p>\n<h4><strong>\u00bfEst\u00e1 cambiando la situaci\u00f3n?<br \/>\n<\/strong><\/h4>\n<p>S\u00ed, la comunidad cat\u00f3lica no deja de crecer. En 1970 \u00e9ramos menos de una decena y ahora somos entre 7.000 y 10.000. Siempre hemos tenido solicitudes de bautizos pero, desde hace dos a tres a\u00f1os, los catec\u00famenos son cada vez m\u00e1s j\u00f3venes. No cabe duda de que, desde la covid y la guerra de Ucrania, los j\u00f3venes de hoy se plantean m\u00e1s preguntas existenciales y algunos tambi\u00e9n se han dado cuenta de que el ideal postsovi\u00e9tico, que es muy consumista (algo comprensible tras un periodo de gran pobreza), no les llena plenamente.<\/p>\n<figure id=\"attachment_240102\" aria-describedby=\"caption-attachment-240102\" style=\"width: 800px\" class=\"wp-caption aligncenter\"><img loading=\"lazy\" decoding=\"async\" class=\"wp-image-240102 size-large\" src=\"https:\/\/media.acninternational.org\/wp-content\/uploads\/2025\/02\/ACN-20250203-180428-1024x683.jpg\" alt=\"Desde 1970, la poblaci\u00f3n cat\u00f3lica de Estonia ha pasado de menos de 10 a unos 10.000 habitantes\" width=\"800\" height=\"534\" srcset=\"https:\/\/media.acninternational.org\/wp-content\/uploads\/2025\/02\/ACN-20250203-180428-1024x683.jpg 1024w, https:\/\/media.acninternational.org\/wp-content\/uploads\/2025\/02\/ACN-20250203-180428-300x200.jpg 300w, https:\/\/media.acninternational.org\/wp-content\/uploads\/2025\/02\/ACN-20250203-180428-768x512.jpg 768w, https:\/\/media.acninternational.org\/wp-content\/uploads\/2025\/02\/ACN-20250203-180428.jpg 1080w\" sizes=\"auto, (max-width: 800px) 100vw, 800px\" \/><figcaption id=\"caption-attachment-240102\" class=\"wp-caption-text\">Desde 1970, la poblaci\u00f3n cat\u00f3lica de Estonia ha pasado de menos de 10 a unos 10.000 habitantes<\/figcaption><\/figure>\n<h4><strong>\u00bfQui\u00e9nes forman hoy la comunidad cat\u00f3lica de Estonia?<br \/>\n<\/strong><\/h4>\n<p>Una mitad son estonios \u201c\u00e9tnicos\u201d, conversos o hijos de conversos, mientras que la otra mitad son rusoparlantes (el 30% de la poblaci\u00f3n estonia actual es rusoparlante), en parte procedentes de Bielorrusia o Ucrania, y de rito latino u oriental. Adem\u00e1s, desde hace 4 a 5 a\u00f1os, contamos con algunos inmigrantes procedentes de todo el mundo.<\/p>\n<h4><strong>\u00bfPor qu\u00e9 se ha erigido ahora esta primera di\u00f3cesis?<br \/>\n<\/strong><\/h4>\n<p>Hace cien a\u00f1os, en 1924, el papa P\u00edo XI cre\u00f3 una administraci\u00f3n apost\u00f3lica. Se trataba de una situaci\u00f3n temporal, hasta que la Iglesia creciera y se estructurara. Obviamente, los 50 a\u00f1os de r\u00e9gimen sovi\u00e9tico frenaron este crecimiento, pero ahora por fin podemos dotar a la Iglesia en este pa\u00eds de una estructura oficial. En la actualidad, contamos con una di\u00f3cesis con diez provincias (8 de rito latino y 2 de rito oriental) y con 15 sacerdotes de distintas nacionalidades&#8230; Es la culminaci\u00f3n de un largo camino que ha hecho muy feliz a todo el mundo.<\/p>\n<h4><strong>\u00bfC\u00f3mo ha acogido la Iglesia luterana esta noticia?<br \/>\n<\/strong><\/h4>\n<p>\u00a1Con gran alegr\u00eda! La creaci\u00f3n de esta di\u00f3cesis ha sido muy bien acogida y ampliamente difundida por la prensa local. El ecumenismo ha avanzado mucho en los \u00faltimos a\u00f1os, pues cat\u00f3licos y protestantes han logrado superar siglos de divisi\u00f3n. Adem\u00e1s, compartimos las mismas preocupaciones sobre las cuestiones sociales, la guerra en Ucrania&#8230;<\/p>\n<figure id=\"attachment_240108\" aria-describedby=\"caption-attachment-240108\" style=\"width: 800px\" class=\"wp-caption aligncenter\"><img loading=\"lazy\" decoding=\"async\" class=\"wp-image-240108 size-large\" src=\"https:\/\/media.acninternational.org\/wp-content\/uploads\/2025\/02\/ACN-20250203-180425-1024x683.jpg\" alt=\"El di\u00e1logo ecum\u00e9nico es uno de los principales objetivos de la Iglesia cat\u00f3lica en Estonia\" width=\"800\" height=\"534\" srcset=\"https:\/\/media.acninternational.org\/wp-content\/uploads\/2025\/02\/ACN-20250203-180425-1024x683.jpg 1024w, https:\/\/media.acninternational.org\/wp-content\/uploads\/2025\/02\/ACN-20250203-180425-300x200.jpg 300w, https:\/\/media.acninternational.org\/wp-content\/uploads\/2025\/02\/ACN-20250203-180425-768x512.jpg 768w, https:\/\/media.acninternational.org\/wp-content\/uploads\/2025\/02\/ACN-20250203-180425.jpg 1080w\" sizes=\"auto, (max-width: 800px) 100vw, 800px\" \/><figcaption id=\"caption-attachment-240108\" class=\"wp-caption-text\">El di\u00e1logo ecum\u00e9nico es uno de los principales objetivos de la Iglesia cat\u00f3lica en Estonia<\/figcaption><\/figure>\n<h4><strong>\u00bfCu\u00e1l es su sentimiento tras haber tomado posesi\u00f3n como obispo de esta nueva di\u00f3cesis?<br \/>\n<\/strong><\/h4>\n<p>Evidentemente, mi deseo es que sigamos creciendo, madurando y organiz\u00e1ndonos. Pero, sobre todo, debemos conservar nuestra mayor fuerza, que es la oraci\u00f3n. A veces nos sentimos un poco impotentes, pero el Se\u00f1or no nos deja solos: la Providencia Divina siempre nos ha acompa\u00f1ado. Por tanto, debemos proseguir con nuestra misi\u00f3n, sin descanso, para fomentar las vocaciones y ser portadores de esperanza para todos los que nos rodean.<\/p>\n<p>&nbsp;<\/p>\n","protected":false},"excerpt":{"rendered":"<p>\u00a1Con gran alegr\u00eda! La creaci\u00f3n de esta di\u00f3cesis ha sido muy bien acogida y ampliamente difundida por la prensa local.<\/p>\n","protected":false},"author":4258341440,"featured_media":240096,"comment_status":"closed","ping_status":"closed","sticky":false,"template":"","format":"standard","meta":{"_acf_changed":false,"_acn_coauthor_ids":[],"footnotes":""},"categories":[745,798],"tags":[],"country":[1366],"class_list":["post-240132","post","type-post","status-publish","format-standard","has-post-thumbnail","hentry","category-entrevistas","category-interviews-es","country-estonia"],"acn_coauthors":[],"acf":[],"yoast_head":"<!-- This site is optimized with the Yoast SEO Premium plugin v27.3 (Yoast SEO v27.3) - https:\/\/yoast.com\/product\/yoast-seo-premium-wordpress\/ -->\n<title>Estonia: El renacimiento de la Iglesia cat\u00f3lica | ACN International<\/title>\n<meta name=\"description\" content=\"\u00a1Con gran alegr\u00eda! La creaci\u00f3n de esta di\u00f3cesis ha sido muy bien acogida y ampliamente difundida por la prensa local.\" \/>\n<meta name=\"robots\" content=\"index, follow, max-snippet:-1, max-image-preview:large, max-video-preview:-1\" \/>\n<link rel=\"canonical\" href=\"https:\/\/acninternational.org\/es\/estonia-el-renacimiento-de-la-iglesia-catolica\/\" \/>\n<meta property=\"og:locale\" content=\"es_ES\" \/>\n<meta property=\"og:type\" content=\"article\" \/>\n<meta property=\"og:title\" content=\"Estonia: El renacimiento de la Iglesia cat\u00f3lica\" \/>\n<meta property=\"og:description\" content=\"\u00a1Con gran alegr\u00eda! La creaci\u00f3n de esta di\u00f3cesis ha sido muy bien acogida y ampliamente difundida por la prensa local.\" \/>\n<meta property=\"og:url\" content=\"https:\/\/acninternational.org\/es\/estonia-el-renacimiento-de-la-iglesia-catolica\/\" \/>\n<meta property=\"og:site_name\" content=\"ACN International\" \/>\n<meta property=\"article:publisher\" content=\"https:\/\/www.facebook.com\/acninternationalorg\" \/>\n<meta property=\"article:published_time\" content=\"2025-02-05T06:54:40+00:00\" \/>\n<meta property=\"article:modified_time\" content=\"2025-08-12T08:18:10+00:00\" \/>\n<meta property=\"og:image\" content=\"https:\/\/media.acninternational.org\/wp-content\/uploads\/2025\/02\/ACN-20250203-180428-1024x683.jpg\" \/>\n<meta name=\"author\" content=\"Am\u00e9lie Berthelin\" \/>\n<meta name=\"twitter:card\" content=\"summary_large_image\" \/>\n<meta name=\"twitter:creator\" content=\"@acn_int\" \/>\n<meta name=\"twitter:site\" content=\"@acn_int\" \/>\n<meta name=\"twitter:label1\" content=\"Escrito por\" \/>\n\t<meta name=\"twitter:data1\" content=\"Am\u00e9lie Berthelin\" \/>\n\t<meta name=\"twitter:label2\" content=\"Tiempo de lectura\" \/>\n\t<meta name=\"twitter:data2\" content=\"5 minutos\" \/>\n<script type=\"application\/ld+json\" class=\"yoast-schema-graph\">{\"@context\":\"https:\\\/\\\/schema.org\",\"@graph\":[{\"@type\":\"Article\",\"@id\":\"https:\\\/\\\/acninternational.org\\\/es\\\/estonia-el-renacimiento-de-la-iglesia-catolica\\\/#article\",\"isPartOf\":{\"@id\":\"https:\\\/\\\/acninternational.org\\\/es\\\/estonia-el-renacimiento-de-la-iglesia-catolica\\\/\"},\"author\":{\"name\":\"Am\u00e9lie Berthelin\",\"@id\":\"https:\\\/\\\/acninternational.org\\\/es\\\/#\\\/schema\\\/person\\\/39c2a495935d9768343e8913848c2769\"},\"headline\":\"Estonia: El renacimiento de la Iglesia cat\u00f3lica\",\"datePublished\":\"2025-02-05T06:54:40+00:00\",\"dateModified\":\"2025-08-12T08:18:10+00:00\",\"mainEntityOfPage\":{\"@id\":\"https:\\\/\\\/acninternational.org\\\/es\\\/estonia-el-renacimiento-de-la-iglesia-catolica\\\/\"},\"wordCount\":832,\"publisher\":{\"@id\":\"https:\\\/\\\/acninternational.org\\\/es\\\/#organization\"},\"image\":{\"@id\":\"https:\\\/\\\/acninternational.org\\\/es\\\/estonia-el-renacimiento-de-la-iglesia-catolica\\\/#primaryimage\"},\"thumbnailUrl\":\"https:\\\/\\\/media.acninternational.org\\\/wp-content\\\/uploads\\\/2025\\\/02\\\/ACN-20250203-180426.jpg\",\"articleSection\":[\"ENTREVISTAS\",\"INTERVIEWS\"],\"inLanguage\":\"es\"},{\"@type\":\"WebPage\",\"@id\":\"https:\\\/\\\/acninternational.org\\\/es\\\/estonia-el-renacimiento-de-la-iglesia-catolica\\\/\",\"url\":\"https:\\\/\\\/acninternational.org\\\/es\\\/estonia-el-renacimiento-de-la-iglesia-catolica\\\/\",\"name\":\"Estonia: El renacimiento de la Iglesia cat\u00f3lica | ACN International\",\"isPartOf\":{\"@id\":\"https:\\\/\\\/acninternational.org\\\/es\\\/#website\"},\"primaryImageOfPage\":{\"@id\":\"https:\\\/\\\/acninternational.org\\\/es\\\/estonia-el-renacimiento-de-la-iglesia-catolica\\\/#primaryimage\"},\"image\":{\"@id\":\"https:\\\/\\\/acninternational.org\\\/es\\\/estonia-el-renacimiento-de-la-iglesia-catolica\\\/#primaryimage\"},\"thumbnailUrl\":\"https:\\\/\\\/media.acninternational.org\\\/wp-content\\\/uploads\\\/2025\\\/02\\\/ACN-20250203-180426.jpg\",\"datePublished\":\"2025-02-05T06:54:40+00:00\",\"dateModified\":\"2025-08-12T08:18:10+00:00\",\"description\":\"\u00a1Con gran alegr\u00eda! La creaci\u00f3n de esta di\u00f3cesis ha sido muy bien acogida y ampliamente difundida por la prensa local.\",\"breadcrumb\":{\"@id\":\"https:\\\/\\\/acninternational.org\\\/es\\\/estonia-el-renacimiento-de-la-iglesia-catolica\\\/#breadcrumb\"},\"inLanguage\":\"es\",\"potentialAction\":[{\"@type\":\"ReadAction\",\"target\":[\"https:\\\/\\\/acninternational.org\\\/es\\\/estonia-el-renacimiento-de-la-iglesia-catolica\\\/\"]}]},{\"@type\":\"ImageObject\",\"inLanguage\":\"es\",\"@id\":\"https:\\\/\\\/acninternational.org\\\/es\\\/estonia-el-renacimiento-de-la-iglesia-catolica\\\/#primaryimage\",\"url\":\"https:\\\/\\\/media.acninternational.org\\\/wp-content\\\/uploads\\\/2025\\\/02\\\/ACN-20250203-180426.jpg\",\"contentUrl\":\"https:\\\/\\\/media.acninternational.org\\\/wp-content\\\/uploads\\\/2025\\\/02\\\/ACN-20250203-180426.jpg\",\"width\":1920,\"height\":700},{\"@type\":\"BreadcrumbList\",\"@id\":\"https:\\\/\\\/acninternational.org\\\/es\\\/estonia-el-renacimiento-de-la-iglesia-catolica\\\/#breadcrumb\",\"itemListElement\":[{\"@type\":\"ListItem\",\"position\":1,\"name\":\"Home\",\"item\":\"https:\\\/\\\/acninternational.org\\\/es\\\/\"},{\"@type\":\"ListItem\",\"position\":2,\"name\":\"INTERVIEWS\",\"item\":\"https:\\\/\\\/acninternational.org\\\/es\\\/category\\\/interviews-es\\\/\"},{\"@type\":\"ListItem\",\"position\":3,\"name\":\"Estonia: El renacimiento de la Iglesia cat\u00f3lica\"}]},{\"@type\":\"WebSite\",\"@id\":\"https:\\\/\\\/acninternational.org\\\/es\\\/#website\",\"url\":\"https:\\\/\\\/acninternational.org\\\/es\\\/\",\"name\":\"ACN International\",\"description\":\"\",\"publisher\":{\"@id\":\"https:\\\/\\\/acninternational.org\\\/es\\\/#organization\"},\"potentialAction\":[{\"@type\":\"SearchAction\",\"target\":{\"@type\":\"EntryPoint\",\"urlTemplate\":\"https:\\\/\\\/acninternational.org\\\/es\\\/?s={search_term_string}\"},\"query-input\":{\"@type\":\"PropertyValueSpecification\",\"valueRequired\":true,\"valueName\":\"search_term_string\"}}],\"inLanguage\":\"es\"},{\"@type\":\"Organization\",\"@id\":\"https:\\\/\\\/acninternational.org\\\/es\\\/#organization\",\"name\":\"Aid to the Church in Need International\",\"url\":\"https:\\\/\\\/acninternational.org\\\/es\\\/\",\"logo\":{\"@type\":\"ImageObject\",\"inLanguage\":\"es\",\"@id\":\"https:\\\/\\\/acninternational.org\\\/es\\\/#\\\/schema\\\/logo\\\/image\\\/\",\"url\":\"https:\\\/\\\/media.acninternational.org\\\/wp-content\\\/uploads\\\/2019\\\/11\\\/acn_logo_blackvector.svg\",\"contentUrl\":\"https:\\\/\\\/media.acninternational.org\\\/wp-content\\\/uploads\\\/2019\\\/11\\\/acn_logo_blackvector.svg\",\"width\":232.6,\"height\":78,\"caption\":\"Aid to the Church in Need International\"},\"image\":{\"@id\":\"https:\\\/\\\/acninternational.org\\\/es\\\/#\\\/schema\\\/logo\\\/image\\\/\"},\"sameAs\":[\"https:\\\/\\\/www.facebook.com\\\/acninternationalorg\",\"https:\\\/\\\/x.com\\\/acn_int\",\"https:\\\/\\\/www.youtube.com\\\/channel\\\/UCQ-077gS0TnVzkhHmf1opZw\",\"https:\\\/\\\/www.instagram.com\\\/acn_international\\\/\"]},{\"@type\":\"Person\",\"@id\":\"https:\\\/\\\/acninternational.org\\\/es\\\/#\\\/schema\\\/person\\\/39c2a495935d9768343e8913848c2769\",\"name\":\"Am\u00e9lie Berthelin\",\"description\":\"Lorem ipsum dolor sit amet, consectetur adipiscing elit, sed do eiusmod tempor incididunt ut labore et dolore magna aliqua. Ut enim ad minim veniam, quis nostrud exercitation ullamco laboris nisi ut aliquip ex ea commodo consequat.\",\"url\":\"https:\\\/\\\/acninternational.org\\\/es\\\/author\\\/amelie-berthelin\\\/\"}]}<\/script>\n<!-- \/ Yoast SEO Premium plugin. -->","yoast_head_json":{"title":"Estonia: El renacimiento de la Iglesia cat\u00f3lica | ACN International","description":"\u00a1Con gran alegr\u00eda! La creaci\u00f3n de esta di\u00f3cesis ha sido muy bien acogida y ampliamente difundida por la prensa local.","robots":{"index":"index","follow":"follow","max-snippet":"max-snippet:-1","max-image-preview":"max-image-preview:large","max-video-preview":"max-video-preview:-1"},"canonical":"https:\/\/acninternational.org\/es\/estonia-el-renacimiento-de-la-iglesia-catolica\/","og_locale":"es_ES","og_type":"article","og_title":"Estonia: El renacimiento de la Iglesia cat\u00f3lica","og_description":"\u00a1Con gran alegr\u00eda! La creaci\u00f3n de esta di\u00f3cesis ha sido muy bien acogida y ampliamente difundida por la prensa local.","og_url":"https:\/\/acninternational.org\/es\/estonia-el-renacimiento-de-la-iglesia-catolica\/","og_site_name":"ACN International","article_publisher":"https:\/\/www.facebook.com\/acninternationalorg","article_published_time":"2025-02-05T06:54:40+00:00","article_modified_time":"2025-08-12T08:18:10+00:00","og_image":[{"url":"https:\/\/media.acninternational.org\/wp-content\/uploads\/2025\/02\/ACN-20250203-180428-1024x683.jpg","type":"","width":"","height":""}],"author":"Am\u00e9lie Berthelin","twitter_card":"summary_large_image","twitter_creator":"@acn_int","twitter_site":"@acn_int","twitter_misc":{"Escrito por":"Am\u00e9lie Berthelin","Tiempo de lectura":"5 minutos"},"schema":{"@context":"https:\/\/schema.org","@graph":[{"@type":"Article","@id":"https:\/\/acninternational.org\/es\/estonia-el-renacimiento-de-la-iglesia-catolica\/#article","isPartOf":{"@id":"https:\/\/acninternational.org\/es\/estonia-el-renacimiento-de-la-iglesia-catolica\/"},"author":{"name":"Am\u00e9lie Berthelin","@id":"https:\/\/acninternational.org\/es\/#\/schema\/person\/39c2a495935d9768343e8913848c2769"},"headline":"Estonia: El renacimiento de la Iglesia cat\u00f3lica","datePublished":"2025-02-05T06:54:40+00:00","dateModified":"2025-08-12T08:18:10+00:00","mainEntityOfPage":{"@id":"https:\/\/acninternational.org\/es\/estonia-el-renacimiento-de-la-iglesia-catolica\/"},"wordCount":832,"publisher":{"@id":"https:\/\/acninternational.org\/es\/#organization"},"image":{"@id":"https:\/\/acninternational.org\/es\/estonia-el-renacimiento-de-la-iglesia-catolica\/#primaryimage"},"thumbnailUrl":"https:\/\/media.acninternational.org\/wp-content\/uploads\/2025\/02\/ACN-20250203-180426.jpg","articleSection":["ENTREVISTAS","INTERVIEWS"],"inLanguage":"es"},{"@type":"WebPage","@id":"https:\/\/acninternational.org\/es\/estonia-el-renacimiento-de-la-iglesia-catolica\/","url":"https:\/\/acninternational.org\/es\/estonia-el-renacimiento-de-la-iglesia-catolica\/","name":"Estonia: El renacimiento de la Iglesia cat\u00f3lica | ACN International","isPartOf":{"@id":"https:\/\/acninternational.org\/es\/#website"},"primaryImageOfPage":{"@id":"https:\/\/acninternational.org\/es\/estonia-el-renacimiento-de-la-iglesia-catolica\/#primaryimage"},"image":{"@id":"https:\/\/acninternational.org\/es\/estonia-el-renacimiento-de-la-iglesia-catolica\/#primaryimage"},"thumbnailUrl":"https:\/\/media.acninternational.org\/wp-content\/uploads\/2025\/02\/ACN-20250203-180426.jpg","datePublished":"2025-02-05T06:54:40+00:00","dateModified":"2025-08-12T08:18:10+00:00","description":"\u00a1Con gran alegr\u00eda! La creaci\u00f3n de esta di\u00f3cesis ha sido muy bien acogida y ampliamente difundida por la prensa local.","breadcrumb":{"@id":"https:\/\/acninternational.org\/es\/estonia-el-renacimiento-de-la-iglesia-catolica\/#breadcrumb"},"inLanguage":"es","potentialAction":[{"@type":"ReadAction","target":["https:\/\/acninternational.org\/es\/estonia-el-renacimiento-de-la-iglesia-catolica\/"]}]},{"@type":"ImageObject","inLanguage":"es","@id":"https:\/\/acninternational.org\/es\/estonia-el-renacimiento-de-la-iglesia-catolica\/#primaryimage","url":"https:\/\/media.acninternational.org\/wp-content\/uploads\/2025\/02\/ACN-20250203-180426.jpg","contentUrl":"https:\/\/media.acninternational.org\/wp-content\/uploads\/2025\/02\/ACN-20250203-180426.jpg","width":1920,"height":700},{"@type":"BreadcrumbList","@id":"https:\/\/acninternational.org\/es\/estonia-el-renacimiento-de-la-iglesia-catolica\/#breadcrumb","itemListElement":[{"@type":"ListItem","position":1,"name":"Home","item":"https:\/\/acninternational.org\/es\/"},{"@type":"ListItem","position":2,"name":"INTERVIEWS","item":"https:\/\/acninternational.org\/es\/category\/interviews-es\/"},{"@type":"ListItem","position":3,"name":"Estonia: El renacimiento de la Iglesia cat\u00f3lica"}]},{"@type":"WebSite","@id":"https:\/\/acninternational.org\/es\/#website","url":"https:\/\/acninternational.org\/es\/","name":"ACN International","description":"","publisher":{"@id":"https:\/\/acninternational.org\/es\/#organization"},"potentialAction":[{"@type":"SearchAction","target":{"@type":"EntryPoint","urlTemplate":"https:\/\/acninternational.org\/es\/?s={search_term_string}"},"query-input":{"@type":"PropertyValueSpecification","valueRequired":true,"valueName":"search_term_string"}}],"inLanguage":"es"},{"@type":"Organization","@id":"https:\/\/acninternational.org\/es\/#organization","name":"Aid to the Church in Need International","url":"https:\/\/acninternational.org\/es\/","logo":{"@type":"ImageObject","inLanguage":"es","@id":"https:\/\/acninternational.org\/es\/#\/schema\/logo\/image\/","url":"https:\/\/media.acninternational.org\/wp-content\/uploads\/2019\/11\/acn_logo_blackvector.svg","contentUrl":"https:\/\/media.acninternational.org\/wp-content\/uploads\/2019\/11\/acn_logo_blackvector.svg","width":232.6,"height":78,"caption":"Aid to the Church in Need International"},"image":{"@id":"https:\/\/acninternational.org\/es\/#\/schema\/logo\/image\/"},"sameAs":["https:\/\/www.facebook.com\/acninternationalorg","https:\/\/x.com\/acn_int","https:\/\/www.youtube.com\/channel\/UCQ-077gS0TnVzkhHmf1opZw","https:\/\/www.instagram.com\/acn_international\/"]},{"@type":"Person","@id":"https:\/\/acninternational.org\/es\/#\/schema\/person\/39c2a495935d9768343e8913848c2769","name":"Am\u00e9lie Berthelin","description":"Lorem ipsum dolor sit amet, consectetur adipiscing elit, sed do eiusmod tempor incididunt ut labore et dolore magna aliqua. Ut enim ad minim veniam, quis nostrud exercitation ullamco laboris nisi ut aliquip ex ea commodo consequat.","url":"https:\/\/acninternational.org\/es\/author\/amelie-berthelin\/"}]}},"_links":{"self":[{"href":"https:\/\/acninternational.org\/es\/wp-json\/wp\/v2\/posts\/240132","targetHints":{"allow":["GET"]}}],"collection":[{"href":"https:\/\/acninternational.org\/es\/wp-json\/wp\/v2\/posts"}],"about":[{"href":"https:\/\/acninternational.org\/es\/wp-json\/wp\/v2\/types\/post"}],"author":[{"embeddable":true,"href":"https:\/\/acninternational.org\/es\/wp-json\/wp\/v2\/users\/4258341440"}],"replies":[{"embeddable":true,"href":"https:\/\/acninternational.org\/es\/wp-json\/wp\/v2\/comments?post=240132"}],"version-history":[{"count":1,"href":"https:\/\/acninternational.org\/es\/wp-json\/wp\/v2\/posts\/240132\/revisions"}],"predecessor-version":[{"id":245193,"href":"https:\/\/acninternational.org\/es\/wp-json\/wp\/v2\/posts\/240132\/revisions\/245193"}],"wp:featuredmedia":[{"embeddable":true,"href":"https:\/\/acninternational.org\/es\/wp-json\/wp\/v2\/media\/240096"}],"wp:attachment":[{"href":"https:\/\/acninternational.org\/es\/wp-json\/wp\/v2\/media?parent=240132"}],"wp:term":[{"taxonomy":"category","embeddable":true,"href":"https:\/\/acninternational.org\/es\/wp-json\/wp\/v2\/categories?post=240132"},{"taxonomy":"post_tag","embeddable":true,"href":"https:\/\/acninternational.org\/es\/wp-json\/wp\/v2\/tags?post=240132"},{"taxonomy":"country","embeddable":true,"href":"https:\/\/acninternational.org\/es\/wp-json\/wp\/v2\/country?post=240132"}],"curies":[{"name":"wp","href":"https:\/\/api.w.org\/{rel}","templated":true}]}}