{"id":235063,"date":"2024-12-03T14:22:08","date_gmt":"2024-12-03T13:22:08","guid":{"rendered":"https:\/\/acninternational.org\/?p=235063"},"modified":"2025-08-12T10:27:01","modified_gmt":"2025-08-12T08:27:01","slug":"un-raudal-de-luz-roja-une-al-mundo-signo-de-esperanza-para-quienes-sufren-en-silencio-por-su-fe","status":"publish","type":"post","link":"https:\/\/acninternational.org\/es\/un-raudal-de-luz-roja-une-al-mundo-signo-de-esperanza-para-quienes-sufren-en-silencio-por-su-fe\/","title":{"rendered":"Un raudal de luz roja une al mundo, signo de esperanza para quienes sufren en silencio por su fe"},"content":{"rendered":"<p><em>ACN re\u00fane a miles de personas para rezar por los cristianos perseguidos durante la #RedWeek (#SemanaRoja), periodo en que la solidaridad mundial y las vigilias de oraci\u00f3n iluminan m\u00e1s de 1.000 monumentos, iglesias y edificios p\u00fablicos para defender el derecho a la libertad religiosa.<\/em><\/p>\n<p>Del 17 al 27 de noviembre, Aid to the Church in Need (ACN) volvi\u00f3 a unir a miles de cristianos de m\u00e1s de 20 pa\u00edses con la iniciativa mundial <em>Red Week<\/em>, reuni\u00e9ndolos para rezar por los que sufren por su fe.<\/p>\n<figure id=\"attachment_235002\" aria-describedby=\"caption-attachment-235002\" style=\"width: 800px\" class=\"wp-caption aligncenter\"><img loading=\"lazy\" decoding=\"async\" class=\"wp-image-235002 size-large\" src=\"https:\/\/media.acninternational.org\/wp-content\/uploads\/2024\/12\/ACN-20241120-175981-1024x685.jpg\" alt=\"Algunos momentos de la celebraci\u00f3n masiva del Mi\u00e9rcoles Rojo en la sede de ACN, 20 de noviembre de 2024\" width=\"800\" height=\"535\" srcset=\"https:\/\/media.acninternational.org\/wp-content\/uploads\/2024\/12\/ACN-20241120-175981-1024x685.jpg 1024w, https:\/\/media.acninternational.org\/wp-content\/uploads\/2024\/12\/ACN-20241120-175981-300x201.jpg 300w, https:\/\/media.acninternational.org\/wp-content\/uploads\/2024\/12\/ACN-20241120-175981-768x513.jpg 768w, https:\/\/media.acninternational.org\/wp-content\/uploads\/2024\/12\/ACN-20241120-175981.jpg 1080w\" sizes=\"auto, (max-width: 800px) 100vw, 800px\" \/><figcaption id=\"caption-attachment-235002\" class=\"wp-caption-text\">Algunos momentos de la celebraci\u00f3n masiva del Mi\u00e9rcoles Rojo en la sede de ACN, 20 de noviembre de 2024<\/figcaption><\/figure>\n<p>Este a\u00f1o, m\u00e1s de mil monumentos, iglesias y edificios p\u00fablicos se iluminaron de rojo -el color de los m\u00e1rtires cristianos- para concienciar sobre la disminuci\u00f3n del derecho a la libertad religiosa en todo el mundo. Cada monumento iluminado cuenta una historia de valent\u00eda, fe y resistencia frente a la persecuci\u00f3n, haciendo brillar una luz en la oscuridad que atraviesan millones de personas por sus creencias religiosas.<\/p>\n<h4><strong>Testigos de valor y fe<\/strong><\/h4>\n<p>En Francia se celebr\u00f3 durante esa semana la 15\u00aa edici\u00f3n de <em>La Nuit des T\u00e9moins<\/em> [Noche de los Testigos] y lugares emblem\u00e1ticos como la Catedral de Notre Dame de Par\u00eds -a punto de reabrir tras su restauraci\u00f3n- se ba\u00f1aron de luz roja. Junto con el Santuario de Lourdes y la Bas\u00edlica del Sagrado Coraz\u00f3n, iglesias de todo el pa\u00eds -incluidas las de Bayona, Versalles y Rennes- celebraron vigilias de oraci\u00f3n por los cristianos perseguidos. Tambi\u00e9n participaron m\u00e1s de diez iglesias de C\u00f3rcega, entre ellas, la Catedral de Nuestra Se\u00f1ora de la Asunci\u00f3n de en Ajaccio, subrayando a\u00fan m\u00e1s el compromiso solidario de Francia.<\/p>\n<p>En Espa\u00f1a se celebraron casi 200 encuentros de oraci\u00f3n en ciudades como Madrid, Zaragoza y Valladolid, y se iluminaron de rojo monumentos clave como la Sagrada Familia de Barcelona, la Catedral de la Almudena de Madrid y el anfiteatro romano de Tarragona (lugar de los primeros martirios cristianos en Espa\u00f1a). En m\u00e1s de 50 parroquias se proyect\u00f3 el documental <em>H\u00e9roes de la fe<\/em> y se organizaron charlas sobre el informe <em>\u00bfPerseguidos y olvidados?<\/em>, en las que se hizo hincapi\u00e9 en la alarmante persecuci\u00f3n de los cristianos en la actualidad.<\/p>\n<figure id=\"attachment_235014\" aria-describedby=\"caption-attachment-235014\" style=\"width: 768px\" class=\"wp-caption aligncenter\"><img loading=\"lazy\" decoding=\"async\" class=\"wp-image-235014 size-large\" src=\"https:\/\/media.acninternational.org\/wp-content\/uploads\/2024\/12\/ACN-20241121-176097-768x1024.jpg\" alt=\"Monumentos espa\u00f1oles iluminados. Sagrado Coraz\u00f3n, Getafe\" width=\"768\" height=\"1024\" srcset=\"https:\/\/media.acninternational.org\/wp-content\/uploads\/2024\/12\/ACN-20241121-176097-768x1024.jpg 768w, https:\/\/media.acninternational.org\/wp-content\/uploads\/2024\/12\/ACN-20241121-176097-225x300.jpg 225w, https:\/\/media.acninternational.org\/wp-content\/uploads\/2024\/12\/ACN-20241121-176097.jpg 1080w\" sizes=\"auto, (max-width: 768px) 100vw, 768px\" \/><figcaption id=\"caption-attachment-235014\" class=\"wp-caption-text\">Monumentos espa\u00f1oles iluminados. Sagrado Coraz\u00f3n, Getafe<\/figcaption><\/figure>\n<p>Tambi\u00e9n Irlanda se sum\u00f3 este a\u00f1o a la <em>Semana Roja<\/em>. Un momento clave fue la iluminaci\u00f3n de la estatua m\u00e1s grande de san Patricio en Saul, distrito de Down, un justo homenaje a san Patricio, patr\u00f3n de Irlanda, quien introdujo el cristianismo en la isla hace casi 1.600 a\u00f1os. El arzobispo Linus Neli de Manipur (India) comparti\u00f3 testimonios sobre la lucha de la Iglesia en su pa\u00eds de origen en medio de un clima de violencia e intimidaci\u00f3n, al tiempo que numerosas iglesias y catedrales, incluido el Santuario Eucar\u00edstico Nacional de Knock, participaron el Mi\u00e9rcoles Rojo en vigilias de oraci\u00f3n.<\/p>\n<p>Tambi\u00e9n Reino Unido celebr\u00f3 el Mi\u00e9rcoles Rojo, con una notable participaci\u00f3n de pol\u00edticos. La viceprimera ministra Angela Rayner respondi\u00f3 a un llamamiento del parlamentario Sir Edward Leigh, confirmando el agravamiento de la persecuci\u00f3n religiosa y comprometi\u00e9ndose a defender la libertad religiosa. Sir Edward Leigh dijo: \u201cHoy es <em>#RedWednesday<\/em>, el d\u00eda en que recordamos a todos los perseguidos por sus creencias religiosas en todo el mundo. Un reciente informe de Aid to the Church in Need muestra que en los pa\u00edses estudiados la persecuci\u00f3n de las minor\u00edas se ha incrementado en un 60%. En vista de ello, \u00bfse comprometer\u00e1 el Gobierno a volver a nombrar al enviado especial del primer ministro para la Libertad de Religi\u00f3n y Creencias, puesto que permanece vacante desde julio?\u201d. En representaci\u00f3n del primer ministro, Sir Keir Starmer, el viceprimer ministro Rayner respondi\u00f3: \u201cEstamos comprometidos con la defensa de los derechos humanos, incluido el derecho a la libertad de religi\u00f3n o creencias\u201d. Esto pone de relieve la progresiva concienciaci\u00f3n internacional acerca de la persecuci\u00f3n religiosa y la necesidad de un cambio sist\u00e9mico, tambi\u00e9n a nivel pol\u00edtico.<\/p>\n<p>En Alemania, m\u00e1s de 200 iglesias y comunidades, entre ellas Augsburgo y Maguncia, se iluminaron de rojo. El servicio ecum\u00e9nico celebrado en la Catedral de Fulda, con m\u00fasica de la banda cristiana <em>K\u00f6nige und Priester<\/em>, reuni\u00f3 a m\u00e1s de 1.300 asistentes. En una poderosa demostraci\u00f3n de unidad, el acto incluy\u00f3 un espect\u00e1culo de luces y conmovedores testimonios de cristianos perseguidos.<\/p>\n<p>En Canad\u00e1, el Mi\u00e9rcoles Rojo registr\u00f3 un n\u00famero sin precedentes de actividades, desde la di\u00f3cesis de Victoria, en la costa oeste, hasta la di\u00f3cesis de Whitehorse, en el norte. En Saskatchewan se celebr\u00f3 una vigilia ecum\u00e9nica, mientras que las principales catedrales del pa\u00eds -incluidas las de Vancouver, Toronto y Montreal- se iluminaron de rojo. En todo el pa\u00eds tuvieron lugar m\u00e1s de 40 eventos, entre misas y servicios de oraci\u00f3n, y di\u00f3cesis, escuelas y organizaciones de base promovieron activamente el acontecimiento.<\/p>\n<figure id=\"attachment_235026\" aria-describedby=\"caption-attachment-235026\" style=\"width: 800px\" class=\"wp-caption aligncenter\"><img loading=\"lazy\" decoding=\"async\" class=\"wp-image-235026 size-large\" src=\"https:\/\/media.acninternational.org\/wp-content\/uploads\/2024\/12\/ACN-20241121-176106-1024x576.jpg\" alt=\"Bas\u00edlica-Catedral Marie-Reine-du-Monde, Montreal\" width=\"800\" height=\"450\" srcset=\"https:\/\/media.acninternational.org\/wp-content\/uploads\/2024\/12\/ACN-20241121-176106-1024x576.jpg 1024w, https:\/\/media.acninternational.org\/wp-content\/uploads\/2024\/12\/ACN-20241121-176106-300x169.jpg 300w, https:\/\/media.acninternational.org\/wp-content\/uploads\/2024\/12\/ACN-20241121-176106-768x432.jpg 768w, https:\/\/media.acninternational.org\/wp-content\/uploads\/2024\/12\/ACN-20241121-176106.jpg 1080w\" sizes=\"auto, (max-width: 800px) 100vw, 800px\" \/><figcaption id=\"caption-attachment-235026\" class=\"wp-caption-text\">Bas\u00edlica-Catedral Marie-Reine-du-Monde, Montreal<\/figcaption><\/figure>\n<p>En Chile, los actos de la<em> Semana Roja<\/em> incluyeron una vigilia en la parroquia de la Veracruz de Santiago, donde los asistentes rezaron por los cristianos perseguidos y escucharon el testimonio del padre Gilberto Matuz, que comparti\u00f3 sus experiencias como p\u00e1rroco en zonas afectadas por la quema de iglesias y la violencia.<\/p>\n<p>En M\u00e9xico, la Catedral de Puebla se ilumin\u00f3 el 22 de noviembre y Mons. Francisco Mart\u00ednez, obispo auxiliar de Puebla, habl\u00f3 sobre la persecuci\u00f3n religiosa en M\u00e9xico y en todo el mundo. En el norte del pa\u00eds, varias iglesias de Nuevo Le\u00f3n se unieron a la iniciativa, sumando sus voces a la oraci\u00f3n mundial.<\/p>\n<p>Otros pa\u00edses que participaron en la<em> Semana Roja<\/em> fueron: Austria, Portugal, Italia, Suiza, Colombia, B\u00e9lgica, Pa\u00edses Bajos, Polonia, Rep\u00fablica Checa, Hungr\u00eda, Eslovaquia, Australia y Filipinas, lo que demuestra el amplio compromiso mundial con esta causa.<\/p>\n<h4><strong>El compromiso de ACN con los cristianos perseguidos y la libertad religiosa<\/strong><\/h4>\n<p>La iniciativa de la<em> Semana Roja<\/em> forma parte de los continuos esfuerzos de ACN por concienciar al mundo sobre el desatendido drama de los cristianos que sufren persecuci\u00f3n en muchos lugares, como la regi\u00f3n africana del Sahel, la India o Nigeria, donde la libertad religiosa sigue estando amenazada en el siglo XXI.<\/p>\n<figure id=\"attachment_235032\" aria-describedby=\"caption-attachment-235032\" style=\"width: 800px\" class=\"wp-caption aligncenter\"><img loading=\"lazy\" decoding=\"async\" class=\"wp-image-235032 size-large\" src=\"https:\/\/media.acninternational.org\/wp-content\/uploads\/2024\/12\/ACN-20241120-175955-1024x639.jpg\" alt=\"Conferencia Mi\u00e9rcoles Rojo 2024 Sede de ACN\" width=\"800\" height=\"499\" srcset=\"https:\/\/media.acninternational.org\/wp-content\/uploads\/2024\/12\/ACN-20241120-175955-1024x639.jpg 1024w, https:\/\/media.acninternational.org\/wp-content\/uploads\/2024\/12\/ACN-20241120-175955-300x187.jpg 300w, https:\/\/media.acninternational.org\/wp-content\/uploads\/2024\/12\/ACN-20241120-175955-768x479.jpg 768w, https:\/\/media.acninternational.org\/wp-content\/uploads\/2024\/12\/ACN-20241120-175955.jpg 1080w\" sizes=\"auto, (max-width: 800px) 100vw, 800px\" \/><figcaption id=\"caption-attachment-235032\" class=\"wp-caption-text\">Conferencia Mi\u00e9rcoles Rojo 2024 Sede de ACN<\/figcaption><\/figure>\n<p>El informe de ACN <em>\u00bfPerseguidos y olvidados?<\/em>, publicado durante <em>la Semana Roja<\/em>, pone de relieve el alarmante aumento de la persecuci\u00f3n y discriminaci\u00f3n en todo el mundo. A trav\u00e9s de la oraci\u00f3n, el testimonio p\u00fablico y la defensa y representaci\u00f3n de los derechos de los cristianos, ACN crea conciencia y ofrece apoyo a quienes sufren por su fe y defienden la libertad religiosa.<\/p>\n<p>&nbsp;<\/p>\n","protected":false},"excerpt":{"rendered":"<p>ACN re\u00fane a miles de personas para rezar por los cristianos perseguidos durante la #RedWeek (#SemanaRoja), periodo en que la<\/p>\n","protected":false},"author":4258341378,"featured_media":234995,"comment_status":"closed","ping_status":"closed","sticky":false,"template":"","format":"standard","meta":{"_acf_changed":false,"_acn_coauthor_ids":[],"footnotes":""},"categories":[575,746],"tags":[],"country":[393],"class_list":["post-235063","post","type-post","status-publish","format-standard","has-post-thumbnail","hentry","category-news","category-noticias","country-internacional"],"acn_coauthors":[],"acf":[],"yoast_head":"<!-- This site is optimized with the Yoast SEO Premium plugin v27.3 (Yoast SEO v27.3) - https:\/\/yoast.com\/product\/yoast-seo-premium-wordpress\/ -->\n<title>Un raudal de luz roja une al mundo, signo de esperanza para quienes sufren en silencio por su fe | ACN International<\/title>\n<meta name=\"robots\" content=\"index, follow, max-snippet:-1, max-image-preview:large, max-video-preview:-1\" \/>\n<link rel=\"canonical\" href=\"https:\/\/acninternational.org\/es\/un-raudal-de-luz-roja-une-al-mundo-signo-de-esperanza-para-quienes-sufren-en-silencio-por-su-fe\/\" \/>\n<meta property=\"og:locale\" content=\"es_ES\" \/>\n<meta property=\"og:type\" content=\"article\" \/>\n<meta property=\"og:title\" content=\"Un raudal de luz roja une al mundo, signo de esperanza para quienes sufren en silencio por su fe\" \/>\n<meta property=\"og:description\" content=\"ACN re\u00fane a miles de personas para rezar por los cristianos perseguidos durante la #RedWeek (#SemanaRoja), periodo en que la\" \/>\n<meta property=\"og:url\" content=\"https:\/\/acninternational.org\/es\/un-raudal-de-luz-roja-une-al-mundo-signo-de-esperanza-para-quienes-sufren-en-silencio-por-su-fe\/\" \/>\n<meta property=\"og:site_name\" content=\"ACN International\" \/>\n<meta property=\"article:publisher\" content=\"https:\/\/www.facebook.com\/acninternationalorg\" \/>\n<meta property=\"article:published_time\" content=\"2024-12-03T13:22:08+00:00\" \/>\n<meta property=\"article:modified_time\" content=\"2025-08-12T08:27:01+00:00\" \/>\n<meta property=\"og:image\" content=\"https:\/\/media.acninternational.org\/wp-content\/uploads\/2024\/12\/ACN-20241120-175958.jpg\" \/>\n\t<meta property=\"og:image:width\" content=\"1920\" \/>\n\t<meta property=\"og:image:height\" content=\"700\" \/>\n\t<meta property=\"og:image:type\" content=\"image\/jpeg\" \/>\n<meta name=\"author\" content=\"Maria Lozano\" \/>\n<meta name=\"twitter:card\" content=\"summary_large_image\" \/>\n<meta name=\"twitter:creator\" content=\"@acn_int\" \/>\n<meta name=\"twitter:site\" content=\"@acn_int\" \/>\n<meta name=\"twitter:label1\" content=\"Escrito por\" \/>\n\t<meta name=\"twitter:data1\" content=\"Maria Lozano\" \/>\n\t<meta name=\"twitter:label2\" content=\"Tiempo de lectura\" \/>\n\t<meta name=\"twitter:data2\" content=\"6 minutos\" \/>\n<script type=\"application\/ld+json\" class=\"yoast-schema-graph\">{\"@context\":\"https:\\\/\\\/schema.org\",\"@graph\":[{\"@type\":\"Article\",\"@id\":\"https:\\\/\\\/acninternational.org\\\/es\\\/un-raudal-de-luz-roja-une-al-mundo-signo-de-esperanza-para-quienes-sufren-en-silencio-por-su-fe\\\/#article\",\"isPartOf\":{\"@id\":\"https:\\\/\\\/acninternational.org\\\/es\\\/un-raudal-de-luz-roja-une-al-mundo-signo-de-esperanza-para-quienes-sufren-en-silencio-por-su-fe\\\/\"},\"author\":{\"name\":\"Maria Lozano\",\"@id\":\"https:\\\/\\\/acninternational.org\\\/es\\\/#\\\/schema\\\/person\\\/91975fc8e2569591a0e2d868c7d5816c\"},\"headline\":\"Un raudal de luz roja une al mundo, signo de esperanza para quienes sufren en silencio por su fe\",\"datePublished\":\"2024-12-03T13:22:08+00:00\",\"dateModified\":\"2025-08-12T08:27:01+00:00\",\"mainEntityOfPage\":{\"@id\":\"https:\\\/\\\/acninternational.org\\\/es\\\/un-raudal-de-luz-roja-une-al-mundo-signo-de-esperanza-para-quienes-sufren-en-silencio-por-su-fe\\\/\"},\"wordCount\":1213,\"publisher\":{\"@id\":\"https:\\\/\\\/acninternational.org\\\/es\\\/#organization\"},\"image\":{\"@id\":\"https:\\\/\\\/acninternational.org\\\/es\\\/un-raudal-de-luz-roja-une-al-mundo-signo-de-esperanza-para-quienes-sufren-en-silencio-por-su-fe\\\/#primaryimage\"},\"thumbnailUrl\":\"https:\\\/\\\/media.acninternational.org\\\/wp-content\\\/uploads\\\/2024\\\/12\\\/ACN-20241120-175958.jpg\",\"articleSection\":[\"News\",\"NOTICIAS\"],\"inLanguage\":\"es\"},{\"@type\":\"WebPage\",\"@id\":\"https:\\\/\\\/acninternational.org\\\/es\\\/un-raudal-de-luz-roja-une-al-mundo-signo-de-esperanza-para-quienes-sufren-en-silencio-por-su-fe\\\/\",\"url\":\"https:\\\/\\\/acninternational.org\\\/es\\\/un-raudal-de-luz-roja-une-al-mundo-signo-de-esperanza-para-quienes-sufren-en-silencio-por-su-fe\\\/\",\"name\":\"Un raudal de luz roja une al mundo, signo de esperanza para quienes sufren en silencio por su fe | ACN International\",\"isPartOf\":{\"@id\":\"https:\\\/\\\/acninternational.org\\\/es\\\/#website\"},\"primaryImageOfPage\":{\"@id\":\"https:\\\/\\\/acninternational.org\\\/es\\\/un-raudal-de-luz-roja-une-al-mundo-signo-de-esperanza-para-quienes-sufren-en-silencio-por-su-fe\\\/#primaryimage\"},\"image\":{\"@id\":\"https:\\\/\\\/acninternational.org\\\/es\\\/un-raudal-de-luz-roja-une-al-mundo-signo-de-esperanza-para-quienes-sufren-en-silencio-por-su-fe\\\/#primaryimage\"},\"thumbnailUrl\":\"https:\\\/\\\/media.acninternational.org\\\/wp-content\\\/uploads\\\/2024\\\/12\\\/ACN-20241120-175958.jpg\",\"datePublished\":\"2024-12-03T13:22:08+00:00\",\"dateModified\":\"2025-08-12T08:27:01+00:00\",\"breadcrumb\":{\"@id\":\"https:\\\/\\\/acninternational.org\\\/es\\\/un-raudal-de-luz-roja-une-al-mundo-signo-de-esperanza-para-quienes-sufren-en-silencio-por-su-fe\\\/#breadcrumb\"},\"inLanguage\":\"es\",\"potentialAction\":[{\"@type\":\"ReadAction\",\"target\":[\"https:\\\/\\\/acninternational.org\\\/es\\\/un-raudal-de-luz-roja-une-al-mundo-signo-de-esperanza-para-quienes-sufren-en-silencio-por-su-fe\\\/\"]}]},{\"@type\":\"ImageObject\",\"inLanguage\":\"es\",\"@id\":\"https:\\\/\\\/acninternational.org\\\/es\\\/un-raudal-de-luz-roja-une-al-mundo-signo-de-esperanza-para-quienes-sufren-en-silencio-por-su-fe\\\/#primaryimage\",\"url\":\"https:\\\/\\\/media.acninternational.org\\\/wp-content\\\/uploads\\\/2024\\\/12\\\/ACN-20241120-175958.jpg\",\"contentUrl\":\"https:\\\/\\\/media.acninternational.org\\\/wp-content\\\/uploads\\\/2024\\\/12\\\/ACN-20241120-175958.jpg\",\"width\":1920,\"height\":700},{\"@type\":\"BreadcrumbList\",\"@id\":\"https:\\\/\\\/acninternational.org\\\/es\\\/un-raudal-de-luz-roja-une-al-mundo-signo-de-esperanza-para-quienes-sufren-en-silencio-por-su-fe\\\/#breadcrumb\",\"itemListElement\":[{\"@type\":\"ListItem\",\"position\":1,\"name\":\"Home\",\"item\":\"https:\\\/\\\/acninternational.org\\\/es\\\/\"},{\"@type\":\"ListItem\",\"position\":2,\"name\":\"NOTICIAS\",\"item\":\"https:\\\/\\\/acninternational.org\\\/es\\\/category\\\/news-es\\\/\"},{\"@type\":\"ListItem\",\"position\":3,\"name\":\"Un raudal de luz roja une al mundo, signo de esperanza para quienes sufren en silencio por su fe\"}]},{\"@type\":\"WebSite\",\"@id\":\"https:\\\/\\\/acninternational.org\\\/es\\\/#website\",\"url\":\"https:\\\/\\\/acninternational.org\\\/es\\\/\",\"name\":\"ACN International\",\"description\":\"\",\"publisher\":{\"@id\":\"https:\\\/\\\/acninternational.org\\\/es\\\/#organization\"},\"potentialAction\":[{\"@type\":\"SearchAction\",\"target\":{\"@type\":\"EntryPoint\",\"urlTemplate\":\"https:\\\/\\\/acninternational.org\\\/es\\\/?s={search_term_string}\"},\"query-input\":{\"@type\":\"PropertyValueSpecification\",\"valueRequired\":true,\"valueName\":\"search_term_string\"}}],\"inLanguage\":\"es\"},{\"@type\":\"Organization\",\"@id\":\"https:\\\/\\\/acninternational.org\\\/es\\\/#organization\",\"name\":\"Aid to the Church in Need International\",\"url\":\"https:\\\/\\\/acninternational.org\\\/es\\\/\",\"logo\":{\"@type\":\"ImageObject\",\"inLanguage\":\"es\",\"@id\":\"https:\\\/\\\/acninternational.org\\\/es\\\/#\\\/schema\\\/logo\\\/image\\\/\",\"url\":\"https:\\\/\\\/media.acninternational.org\\\/wp-content\\\/uploads\\\/2019\\\/11\\\/acn_logo_blackvector.svg\",\"contentUrl\":\"https:\\\/\\\/media.acninternational.org\\\/wp-content\\\/uploads\\\/2019\\\/11\\\/acn_logo_blackvector.svg\",\"width\":232.6,\"height\":78,\"caption\":\"Aid to the Church in Need International\"},\"image\":{\"@id\":\"https:\\\/\\\/acninternational.org\\\/es\\\/#\\\/schema\\\/logo\\\/image\\\/\"},\"sameAs\":[\"https:\\\/\\\/www.facebook.com\\\/acninternationalorg\",\"https:\\\/\\\/x.com\\\/acn_int\",\"https:\\\/\\\/www.youtube.com\\\/channel\\\/UCQ-077gS0TnVzkhHmf1opZw\",\"https:\\\/\\\/www.instagram.com\\\/acn_international\\\/\"]},{\"@type\":\"Person\",\"@id\":\"https:\\\/\\\/acninternational.org\\\/es\\\/#\\\/schema\\\/person\\\/91975fc8e2569591a0e2d868c7d5816c\",\"name\":\"Maria Lozano\",\"description\":\"Lorem ipsum dolor sit amet, consectetur adipiscing elit, sed do eiusmod tempor incididunt ut labore et dolore magna aliqua. Ut enim ad minim veniam, quis nostrud exercitation ullamco laboris nisi ut aliquip ex ea commodo consequat.\",\"url\":\"https:\\\/\\\/acninternational.org\\\/es\\\/author\\\/maria\\\/\"}]}<\/script>\n<!-- \/ Yoast SEO Premium plugin. -->","yoast_head_json":{"title":"Un raudal de luz roja une al mundo, signo de esperanza para quienes sufren en silencio por su fe | ACN International","robots":{"index":"index","follow":"follow","max-snippet":"max-snippet:-1","max-image-preview":"max-image-preview:large","max-video-preview":"max-video-preview:-1"},"canonical":"https:\/\/acninternational.org\/es\/un-raudal-de-luz-roja-une-al-mundo-signo-de-esperanza-para-quienes-sufren-en-silencio-por-su-fe\/","og_locale":"es_ES","og_type":"article","og_title":"Un raudal de luz roja une al mundo, signo de esperanza para quienes sufren en silencio por su fe","og_description":"ACN re\u00fane a miles de personas para rezar por los cristianos perseguidos durante la #RedWeek (#SemanaRoja), periodo en que la","og_url":"https:\/\/acninternational.org\/es\/un-raudal-de-luz-roja-une-al-mundo-signo-de-esperanza-para-quienes-sufren-en-silencio-por-su-fe\/","og_site_name":"ACN International","article_publisher":"https:\/\/www.facebook.com\/acninternationalorg","article_published_time":"2024-12-03T13:22:08+00:00","article_modified_time":"2025-08-12T08:27:01+00:00","og_image":[{"width":1920,"height":700,"url":"https:\/\/media.acninternational.org\/wp-content\/uploads\/2024\/12\/ACN-20241120-175958.jpg","type":"image\/jpeg"}],"author":"Maria Lozano","twitter_card":"summary_large_image","twitter_creator":"@acn_int","twitter_site":"@acn_int","twitter_misc":{"Escrito por":"Maria Lozano","Tiempo de lectura":"6 minutos"},"schema":{"@context":"https:\/\/schema.org","@graph":[{"@type":"Article","@id":"https:\/\/acninternational.org\/es\/un-raudal-de-luz-roja-une-al-mundo-signo-de-esperanza-para-quienes-sufren-en-silencio-por-su-fe\/#article","isPartOf":{"@id":"https:\/\/acninternational.org\/es\/un-raudal-de-luz-roja-une-al-mundo-signo-de-esperanza-para-quienes-sufren-en-silencio-por-su-fe\/"},"author":{"name":"Maria Lozano","@id":"https:\/\/acninternational.org\/es\/#\/schema\/person\/91975fc8e2569591a0e2d868c7d5816c"},"headline":"Un raudal de luz roja une al mundo, signo de esperanza para quienes sufren en silencio por su fe","datePublished":"2024-12-03T13:22:08+00:00","dateModified":"2025-08-12T08:27:01+00:00","mainEntityOfPage":{"@id":"https:\/\/acninternational.org\/es\/un-raudal-de-luz-roja-une-al-mundo-signo-de-esperanza-para-quienes-sufren-en-silencio-por-su-fe\/"},"wordCount":1213,"publisher":{"@id":"https:\/\/acninternational.org\/es\/#organization"},"image":{"@id":"https:\/\/acninternational.org\/es\/un-raudal-de-luz-roja-une-al-mundo-signo-de-esperanza-para-quienes-sufren-en-silencio-por-su-fe\/#primaryimage"},"thumbnailUrl":"https:\/\/media.acninternational.org\/wp-content\/uploads\/2024\/12\/ACN-20241120-175958.jpg","articleSection":["News","NOTICIAS"],"inLanguage":"es"},{"@type":"WebPage","@id":"https:\/\/acninternational.org\/es\/un-raudal-de-luz-roja-une-al-mundo-signo-de-esperanza-para-quienes-sufren-en-silencio-por-su-fe\/","url":"https:\/\/acninternational.org\/es\/un-raudal-de-luz-roja-une-al-mundo-signo-de-esperanza-para-quienes-sufren-en-silencio-por-su-fe\/","name":"Un raudal de luz roja une al mundo, signo de esperanza para quienes sufren en silencio por su fe | ACN International","isPartOf":{"@id":"https:\/\/acninternational.org\/es\/#website"},"primaryImageOfPage":{"@id":"https:\/\/acninternational.org\/es\/un-raudal-de-luz-roja-une-al-mundo-signo-de-esperanza-para-quienes-sufren-en-silencio-por-su-fe\/#primaryimage"},"image":{"@id":"https:\/\/acninternational.org\/es\/un-raudal-de-luz-roja-une-al-mundo-signo-de-esperanza-para-quienes-sufren-en-silencio-por-su-fe\/#primaryimage"},"thumbnailUrl":"https:\/\/media.acninternational.org\/wp-content\/uploads\/2024\/12\/ACN-20241120-175958.jpg","datePublished":"2024-12-03T13:22:08+00:00","dateModified":"2025-08-12T08:27:01+00:00","breadcrumb":{"@id":"https:\/\/acninternational.org\/es\/un-raudal-de-luz-roja-une-al-mundo-signo-de-esperanza-para-quienes-sufren-en-silencio-por-su-fe\/#breadcrumb"},"inLanguage":"es","potentialAction":[{"@type":"ReadAction","target":["https:\/\/acninternational.org\/es\/un-raudal-de-luz-roja-une-al-mundo-signo-de-esperanza-para-quienes-sufren-en-silencio-por-su-fe\/"]}]},{"@type":"ImageObject","inLanguage":"es","@id":"https:\/\/acninternational.org\/es\/un-raudal-de-luz-roja-une-al-mundo-signo-de-esperanza-para-quienes-sufren-en-silencio-por-su-fe\/#primaryimage","url":"https:\/\/media.acninternational.org\/wp-content\/uploads\/2024\/12\/ACN-20241120-175958.jpg","contentUrl":"https:\/\/media.acninternational.org\/wp-content\/uploads\/2024\/12\/ACN-20241120-175958.jpg","width":1920,"height":700},{"@type":"BreadcrumbList","@id":"https:\/\/acninternational.org\/es\/un-raudal-de-luz-roja-une-al-mundo-signo-de-esperanza-para-quienes-sufren-en-silencio-por-su-fe\/#breadcrumb","itemListElement":[{"@type":"ListItem","position":1,"name":"Home","item":"https:\/\/acninternational.org\/es\/"},{"@type":"ListItem","position":2,"name":"NOTICIAS","item":"https:\/\/acninternational.org\/es\/category\/news-es\/"},{"@type":"ListItem","position":3,"name":"Un raudal de luz roja une al mundo, signo de esperanza para quienes sufren en silencio por su fe"}]},{"@type":"WebSite","@id":"https:\/\/acninternational.org\/es\/#website","url":"https:\/\/acninternational.org\/es\/","name":"ACN International","description":"","publisher":{"@id":"https:\/\/acninternational.org\/es\/#organization"},"potentialAction":[{"@type":"SearchAction","target":{"@type":"EntryPoint","urlTemplate":"https:\/\/acninternational.org\/es\/?s={search_term_string}"},"query-input":{"@type":"PropertyValueSpecification","valueRequired":true,"valueName":"search_term_string"}}],"inLanguage":"es"},{"@type":"Organization","@id":"https:\/\/acninternational.org\/es\/#organization","name":"Aid to the Church in Need International","url":"https:\/\/acninternational.org\/es\/","logo":{"@type":"ImageObject","inLanguage":"es","@id":"https:\/\/acninternational.org\/es\/#\/schema\/logo\/image\/","url":"https:\/\/media.acninternational.org\/wp-content\/uploads\/2019\/11\/acn_logo_blackvector.svg","contentUrl":"https:\/\/media.acninternational.org\/wp-content\/uploads\/2019\/11\/acn_logo_blackvector.svg","width":232.6,"height":78,"caption":"Aid to the Church in Need International"},"image":{"@id":"https:\/\/acninternational.org\/es\/#\/schema\/logo\/image\/"},"sameAs":["https:\/\/www.facebook.com\/acninternationalorg","https:\/\/x.com\/acn_int","https:\/\/www.youtube.com\/channel\/UCQ-077gS0TnVzkhHmf1opZw","https:\/\/www.instagram.com\/acn_international\/"]},{"@type":"Person","@id":"https:\/\/acninternational.org\/es\/#\/schema\/person\/91975fc8e2569591a0e2d868c7d5816c","name":"Maria Lozano","description":"Lorem ipsum dolor sit amet, consectetur adipiscing elit, sed do eiusmod tempor incididunt ut labore et dolore magna aliqua. Ut enim ad minim veniam, quis nostrud exercitation ullamco laboris nisi ut aliquip ex ea commodo consequat.","url":"https:\/\/acninternational.org\/es\/author\/maria\/"}]}},"_links":{"self":[{"href":"https:\/\/acninternational.org\/es\/wp-json\/wp\/v2\/posts\/235063","targetHints":{"allow":["GET"]}}],"collection":[{"href":"https:\/\/acninternational.org\/es\/wp-json\/wp\/v2\/posts"}],"about":[{"href":"https:\/\/acninternational.org\/es\/wp-json\/wp\/v2\/types\/post"}],"author":[{"embeddable":true,"href":"https:\/\/acninternational.org\/es\/wp-json\/wp\/v2\/users\/4258341378"}],"replies":[{"embeddable":true,"href":"https:\/\/acninternational.org\/es\/wp-json\/wp\/v2\/comments?post=235063"}],"version-history":[{"count":1,"href":"https:\/\/acninternational.org\/es\/wp-json\/wp\/v2\/posts\/235063\/revisions"}],"predecessor-version":[{"id":245296,"href":"https:\/\/acninternational.org\/es\/wp-json\/wp\/v2\/posts\/235063\/revisions\/245296"}],"wp:featuredmedia":[{"embeddable":true,"href":"https:\/\/acninternational.org\/es\/wp-json\/wp\/v2\/media\/234995"}],"wp:attachment":[{"href":"https:\/\/acninternational.org\/es\/wp-json\/wp\/v2\/media?parent=235063"}],"wp:term":[{"taxonomy":"category","embeddable":true,"href":"https:\/\/acninternational.org\/es\/wp-json\/wp\/v2\/categories?post=235063"},{"taxonomy":"post_tag","embeddable":true,"href":"https:\/\/acninternational.org\/es\/wp-json\/wp\/v2\/tags?post=235063"},{"taxonomy":"country","embeddable":true,"href":"https:\/\/acninternational.org\/es\/wp-json\/wp\/v2\/country?post=235063"}],"curies":[{"name":"wp","href":"https:\/\/api.w.org\/{rel}","templated":true}]}}