{"id":234562,"date":"2024-12-03T08:33:06","date_gmt":"2024-12-03T07:33:06","guid":{"rendered":"https:\/\/acninternational.org\/?p=234562"},"modified":"2025-08-12T10:27:06","modified_gmt":"2025-08-12T08:27:06","slug":"mexico-decirle-a-un-nino-que-han-matado-a-su-padre-es-lo-mas-duro-dice-una-religiosa-de-michoacan","status":"publish","type":"post","link":"https:\/\/acninternational.org\/es\/mexico-decirle-a-un-nino-que-han-matado-a-su-padre-es-lo-mas-duro-dice-una-religiosa-de-michoacan\/","title":{"rendered":"M\u00e9xico: \u201cDecirle a un ni\u00f1o que han matado a su padre es lo m\u00e1s duro\u201d, dice una religiosa de Michoac\u00e1n."},"content":{"rendered":"<p><em>En uno de los estados m\u00e1s violentas de M\u00e9xico, las Hermanas Operarias ayudan a ni\u00f1os marcados por la violencia. Con apoyo de ACN, tambi\u00e9n forman a novicias que crecieron en entornos dif\u00edciles, prepar\u00e1ndolas para llevar esperanza a comunidades vulnerables. <\/em><\/p>\n<p>\u201cUno de nuestros ni\u00f1os tuvo que ver c\u00f3mo mataban a su padre\u201d, cuenta la hermana Rosalina en una entrevista concedida a Aid to the Church in Need (ACN). \u201cOtro caso fue el de tres ni\u00f1os que presenciaron el asesinato de su madre frente a su casa. Lo vieron todo\u201d. Estos son solo algunos de los testimonios desgarradores que las Hermanas Operarias de la Sagrada Familia han tenido que ver en pueblos cercanos a Zamora de Hidalgo, en el estado mexicano de Michoac\u00e1n. Esta ciudad, que se extiende entre f\u00e9rtiles valles y es famosa por su arquitectura, tambi\u00e9n lidia con la violencia, el crimen y las balas perdidas que, en este caso, no son solo met\u00e1foras. Este municipio tiene una de las mayores <a href=\"https:\/\/www.gob.mx\/sesnsp\/acciones-y-programas\/incidencia-delictiva-299891?state=published%22\" target=\"_blank\" rel=\"noopener\">tasas de homicidios a nivel nacional<\/a>, con aproximadamente 118 homicidios por cada 100.000 habitantes.<\/p>\n<p><img loading=\"lazy\" decoding=\"async\" class=\"aligncenter size-large wp-image-234534\" src=\"https:\/\/media.acninternational.org\/wp-content\/uploads\/2024\/12\/ACN-20210112-108900-1024x671.jpg\" alt=\"\" width=\"800\" height=\"524\" srcset=\"https:\/\/media.acninternational.org\/wp-content\/uploads\/2024\/12\/ACN-20210112-108900-1024x671.jpg 1024w, https:\/\/media.acninternational.org\/wp-content\/uploads\/2024\/12\/ACN-20210112-108900-300x197.jpg 300w, https:\/\/media.acninternational.org\/wp-content\/uploads\/2024\/12\/ACN-20210112-108900-768x503.jpg 768w, https:\/\/media.acninternational.org\/wp-content\/uploads\/2024\/12\/ACN-20210112-108900.jpg 1080w\" sizes=\"auto, (max-width: 800px) 100vw, 800px\" \/><\/p>\n<p>All\u00ed, las hermanas trabajan en un colegio con alrededor de 300 alumnos, esforz\u00e1ndose por brindarles herramientas para enfrentar las adversidades. \u201cIntentamos ayudarles a ser m\u00e1s resilientes y a no tener miedo\u201d, cuenta la madre Josefina Pe\u00f1a, superiora de la congregaci\u00f3n, apodada cari\u00f1osamente por todos como \u201cMadre Jose\u201d. \u00a0Otra religiosa, la hermana Rosalina, relata algunas de las duras experiencias que ha vivido en diferentes pueblos: \u201cEn uno de ellos recuerdo el terror, el p\u00e1nico que se sent\u00eda en las familias y las amenazas que recib\u00edan. Una de las peores amenazas fue que iban a hacer un rosario con las cabezas de los ni\u00f1os y las iban a poner en la rotonda del pueblo\u201d, cuenta horrorizada.<\/p>\n<p>\u201cEn sus rostros ve\u00eda el miedo. Las dem\u00e1s hermanas y yo les dijimos que los ni\u00f1os con nosotras estaban a salvo\u201d. Pero, a\u00f1ade, \u201ces horrible. Decirle a un ni\u00f1o que han matado a su padre es lo m\u00e1s duro. Es muy doloroso presenciar ese tipo de cosas, porque es verdad que traemos el tesoro m\u00e1s grande que es la fe y es Dios, pero humanamente uno quisiera hacer m\u00e1s\u201d.<\/p>\n<p>Aunque actualmente la violencia ha disminuido un poco, hay muchos desaparecidos, y la violencia entre c\u00e1rteles, aunque un poco velada, contin\u00faa. Cuentan que en la zona del noviciado vivieron tiroteos y que a veces incluso entraron en el edificio balas perdidas.<\/p>\n<h4><strong>\u201cA las novicias las formamos para que vayan a los peque\u00f1os poblados preparadas\u201d. <\/strong><\/h4>\n<p>La hermana Miriam, maestra de novicias, explica a ACN que muchas de las j\u00f3venes llegan al noviciado despu\u00e9s de vivir violencia intrafamiliar o situaciones complicadas con muchos \u201cdolores en el alma\u201d.\u00a0 \u201cEn cuanto llegan les proporcionamos ayuda primero humana, psicol\u00f3gica para que ellas vayan sanando, vayan perdonando, vayan resurgiendo de toda esta violencia, de todos los dolores internos que traen\u201d, explica. \u201cNo solo les ofrecemos ayuda humana sino una ayuda integral, espiritual, psicol\u00f3gica, les ayudamos a discernir, las acompa\u00f1amos\u2026 \u00a0Nosotras estamos ah\u00ed 100% para apoyarlas. Luego ya las formamos para que vayan a los peque\u00f1os poblados preparadas\u201d.<\/p>\n<p><img loading=\"lazy\" decoding=\"async\" class=\"aligncenter size-large wp-image-234540\" src=\"https:\/\/media.acninternational.org\/wp-content\/uploads\/2024\/12\/ACN-20210112-108899-1024x718.jpg\" alt=\"\" width=\"800\" height=\"561\" srcset=\"https:\/\/media.acninternational.org\/wp-content\/uploads\/2024\/12\/ACN-20210112-108899-1024x718.jpg 1024w, https:\/\/media.acninternational.org\/wp-content\/uploads\/2024\/12\/ACN-20210112-108899-300x210.jpg 300w, https:\/\/media.acninternational.org\/wp-content\/uploads\/2024\/12\/ACN-20210112-108899-768x538.jpg 768w, https:\/\/media.acninternational.org\/wp-content\/uploads\/2024\/12\/ACN-20210112-108899.jpg 1080w\" sizes=\"auto, (max-width: 800px) 100vw, 800px\" \/><\/p>\n<p>Tambi\u00e9n cuentan que el factor econ\u00f3mico es importante y agradecen a ACN y a sus benefactores su ayuda. Entre muchas otras religiosas, tambi\u00e9n la madre Jose y la hermana Miriam se han beneficiado de la ayuda econ\u00f3mica de ACN para poder estudiar. La fundaci\u00f3n financiar\u00e1 de nuevo este curso la formaci\u00f3n de varias novicias. \u201cEstamos muy agradecidas con todos ustedes y, desde siempre, con la fundaci\u00f3n. Hemos estado pidiendo mucho a Dios por ustedes, por toda su familia, por todos los que est\u00e1n y los que vendr\u00e1n y los que estuvieron\u201d, dice la Madre Jose.<\/p>\n<h4><strong>\u201cLo que nos da fuerza y valor es rezar\u201d<\/strong><\/h4>\n<p>\u00bfPor qu\u00e9 siguen ah\u00ed a pesar de la violencia? Es la pregunta que queda en el aire. \u00bfQu\u00e9 las hace continuar? \u201cEl apoyo entre nosotras\u201d, responde, sin vacilar, la hermana Rosalina. \u201cY la oraci\u00f3n: lo que nos da fuerza y valor es rezar. Las hermanitas mayores que est\u00e1n enfermas rezan mucho por nosotras\u201d, a\u00f1ade. Adem\u00e1s, la religiosa asegura convencida que, \u201cno est\u00e1 en nuestra mirada el huir. Nosotras queremos estar all\u00ed, con la gente. Acompa\u00f1ar al que est\u00e1 sufriendo. Nosotras no nos vamos\u201d. Procuramos ser conciliadoras tambi\u00e9n y fortalecernos en Dios. \u00c9l en cualquier momento nos puede llamar as\u00ed que, hay que estar bien con Dios, hay que estar bien entre nosotros y crear relaciones de paz. No vamos a dejar solos a a las personas que nos necesitan\u201d.<\/p>\n<p>\u201cAdem\u00e1s\u201d, concluye la madre Jose, \u201ces grandioso ver c\u00f3mo tanto los habitantes de los poblados como las novicias crecen humana y espiritualmente. Ser un rayo de luz y esperanza nos da fuerza y agradecemos la misi\u00f3n que nos han encomendado: \u00a0acompa\u00f1ar a nuestros hermanos en estos poblados. Ser una familia\u201d.<\/p>\n<p>&nbsp;<\/p>\n","protected":false},"excerpt":{"rendered":"<p>Con apoyo de ACN, tambi\u00e9n forman a novicias que crecieron en entornos dif\u00edciles, prepar\u00e1ndolas para llevar esperanza a comunidades vulnerables.<\/p>\n","protected":false},"author":4258341381,"featured_media":234533,"comment_status":"closed","ping_status":"closed","sticky":false,"template":"","format":"standard","meta":{"_acf_changed":false,"_acn_coauthor_ids":[],"footnotes":""},"categories":[237],"tags":[],"country":[403],"class_list":["post-234562","post","type-post","status-publish","format-standard","has-post-thumbnail","hentry","category-sin-categorizar","country-mexico-es"],"acn_coauthors":[],"acf":[],"yoast_head":"<!-- This site is optimized with the Yoast SEO Premium plugin v27.3 (Yoast SEO v27.3) - https:\/\/yoast.com\/product\/yoast-seo-premium-wordpress\/ -->\n<title>M\u00e9xico: \u201cDecirle a un ni\u00f1o que han matado a su padre es lo m\u00e1s duro\u201d, dice una religiosa de Michoac\u00e1n. | ACN International<\/title>\n<meta name=\"description\" content=\"Con apoyo de ACN, tambi\u00e9n forman a novicias que crecieron en entornos dif\u00edciles, prepar\u00e1ndolas para llevar esperanza a comunidades vulnerables.\" \/>\n<meta name=\"robots\" content=\"index, follow, max-snippet:-1, max-image-preview:large, max-video-preview:-1\" \/>\n<link rel=\"canonical\" href=\"https:\/\/acninternational.org\/es\/mexico-decirle-a-un-nino-que-han-matado-a-su-padre-es-lo-mas-duro-dice-una-religiosa-de-michoacan\/\" \/>\n<meta property=\"og:locale\" content=\"es_ES\" \/>\n<meta property=\"og:type\" content=\"article\" \/>\n<meta property=\"og:title\" content=\"M\u00e9xico: \u201cDecirle a un ni\u00f1o que han matado a su padre es lo m\u00e1s duro\u201d, dice una religiosa de Michoac\u00e1n.\" \/>\n<meta property=\"og:description\" content=\"Con apoyo de ACN, tambi\u00e9n forman a novicias que crecieron en entornos dif\u00edciles, prepar\u00e1ndolas para llevar esperanza a comunidades vulnerables.\" \/>\n<meta property=\"og:url\" content=\"https:\/\/acninternational.org\/es\/mexico-decirle-a-un-nino-que-han-matado-a-su-padre-es-lo-mas-duro-dice-una-religiosa-de-michoacan\/\" \/>\n<meta property=\"og:site_name\" content=\"ACN International\" \/>\n<meta property=\"article:publisher\" content=\"https:\/\/www.facebook.com\/acninternationalorg\" \/>\n<meta property=\"article:published_time\" content=\"2024-12-03T07:33:06+00:00\" \/>\n<meta property=\"article:modified_time\" content=\"2025-08-12T08:27:06+00:00\" \/>\n<meta property=\"og:image\" content=\"https:\/\/media.acninternational.org\/wp-content\/uploads\/2024\/12\/ACN-20171128-64794.jpg\" \/>\n\t<meta property=\"og:image:width\" content=\"1920\" \/>\n\t<meta property=\"og:image:height\" content=\"700\" \/>\n\t<meta property=\"og:image:type\" content=\"image\/jpeg\" \/>\n<meta name=\"author\" content=\"Luc\u00eda Ballester\" \/>\n<meta name=\"twitter:card\" content=\"summary_large_image\" \/>\n<meta name=\"twitter:creator\" content=\"@acn_int\" \/>\n<meta name=\"twitter:site\" content=\"@acn_int\" \/>\n<meta name=\"twitter:label1\" content=\"Escrito por\" \/>\n\t<meta name=\"twitter:data1\" content=\"Luc\u00eda Ballester\" \/>\n\t<meta name=\"twitter:label2\" content=\"Tiempo de lectura\" \/>\n\t<meta name=\"twitter:data2\" content=\"5 minutos\" \/>\n<script type=\"application\/ld+json\" class=\"yoast-schema-graph\">{\"@context\":\"https:\\\/\\\/schema.org\",\"@graph\":[{\"@type\":\"Article\",\"@id\":\"https:\\\/\\\/acninternational.org\\\/es\\\/mexico-decirle-a-un-nino-que-han-matado-a-su-padre-es-lo-mas-duro-dice-una-religiosa-de-michoacan\\\/#article\",\"isPartOf\":{\"@id\":\"https:\\\/\\\/acninternational.org\\\/es\\\/mexico-decirle-a-un-nino-que-han-matado-a-su-padre-es-lo-mas-duro-dice-una-religiosa-de-michoacan\\\/\"},\"author\":{\"name\":\"Luc\u00eda Ballester\",\"@id\":\"https:\\\/\\\/acninternational.org\\\/es\\\/#\\\/schema\\\/person\\\/ad46cf160e48fe3378c54b7abb5527a9\"},\"headline\":\"M\u00e9xico: \u201cDecirle a un ni\u00f1o que han matado a su padre es lo m\u00e1s duro\u201d, dice una religiosa de Michoac\u00e1n.\",\"datePublished\":\"2024-12-03T07:33:06+00:00\",\"dateModified\":\"2025-08-12T08:27:06+00:00\",\"mainEntityOfPage\":{\"@id\":\"https:\\\/\\\/acninternational.org\\\/es\\\/mexico-decirle-a-un-nino-que-han-matado-a-su-padre-es-lo-mas-duro-dice-una-religiosa-de-michoacan\\\/\"},\"wordCount\":871,\"publisher\":{\"@id\":\"https:\\\/\\\/acninternational.org\\\/es\\\/#organization\"},\"image\":{\"@id\":\"https:\\\/\\\/acninternational.org\\\/es\\\/mexico-decirle-a-un-nino-que-han-matado-a-su-padre-es-lo-mas-duro-dice-una-religiosa-de-michoacan\\\/#primaryimage\"},\"thumbnailUrl\":\"https:\\\/\\\/media.acninternational.org\\\/wp-content\\\/uploads\\\/2024\\\/12\\\/ACN-20171128-64794.jpg\",\"articleSection\":[\"Sin categorizar\"],\"inLanguage\":\"es\"},{\"@type\":\"WebPage\",\"@id\":\"https:\\\/\\\/acninternational.org\\\/es\\\/mexico-decirle-a-un-nino-que-han-matado-a-su-padre-es-lo-mas-duro-dice-una-religiosa-de-michoacan\\\/\",\"url\":\"https:\\\/\\\/acninternational.org\\\/es\\\/mexico-decirle-a-un-nino-que-han-matado-a-su-padre-es-lo-mas-duro-dice-una-religiosa-de-michoacan\\\/\",\"name\":\"M\u00e9xico: \u201cDecirle a un ni\u00f1o que han matado a su padre es lo m\u00e1s duro\u201d, dice una religiosa de Michoac\u00e1n. | ACN International\",\"isPartOf\":{\"@id\":\"https:\\\/\\\/acninternational.org\\\/es\\\/#website\"},\"primaryImageOfPage\":{\"@id\":\"https:\\\/\\\/acninternational.org\\\/es\\\/mexico-decirle-a-un-nino-que-han-matado-a-su-padre-es-lo-mas-duro-dice-una-religiosa-de-michoacan\\\/#primaryimage\"},\"image\":{\"@id\":\"https:\\\/\\\/acninternational.org\\\/es\\\/mexico-decirle-a-un-nino-que-han-matado-a-su-padre-es-lo-mas-duro-dice-una-religiosa-de-michoacan\\\/#primaryimage\"},\"thumbnailUrl\":\"https:\\\/\\\/media.acninternational.org\\\/wp-content\\\/uploads\\\/2024\\\/12\\\/ACN-20171128-64794.jpg\",\"datePublished\":\"2024-12-03T07:33:06+00:00\",\"dateModified\":\"2025-08-12T08:27:06+00:00\",\"description\":\"Con apoyo de ACN, tambi\u00e9n forman a novicias que crecieron en entornos dif\u00edciles, prepar\u00e1ndolas para llevar esperanza a comunidades vulnerables.\",\"breadcrumb\":{\"@id\":\"https:\\\/\\\/acninternational.org\\\/es\\\/mexico-decirle-a-un-nino-que-han-matado-a-su-padre-es-lo-mas-duro-dice-una-religiosa-de-michoacan\\\/#breadcrumb\"},\"inLanguage\":\"es\",\"potentialAction\":[{\"@type\":\"ReadAction\",\"target\":[\"https:\\\/\\\/acninternational.org\\\/es\\\/mexico-decirle-a-un-nino-que-han-matado-a-su-padre-es-lo-mas-duro-dice-una-religiosa-de-michoacan\\\/\"]}]},{\"@type\":\"ImageObject\",\"inLanguage\":\"es\",\"@id\":\"https:\\\/\\\/acninternational.org\\\/es\\\/mexico-decirle-a-un-nino-que-han-matado-a-su-padre-es-lo-mas-duro-dice-una-religiosa-de-michoacan\\\/#primaryimage\",\"url\":\"https:\\\/\\\/media.acninternational.org\\\/wp-content\\\/uploads\\\/2024\\\/12\\\/ACN-20171128-64794.jpg\",\"contentUrl\":\"https:\\\/\\\/media.acninternational.org\\\/wp-content\\\/uploads\\\/2024\\\/12\\\/ACN-20171128-64794.jpg\",\"width\":1920,\"height\":700},{\"@type\":\"BreadcrumbList\",\"@id\":\"https:\\\/\\\/acninternational.org\\\/es\\\/mexico-decirle-a-un-nino-que-han-matado-a-su-padre-es-lo-mas-duro-dice-una-religiosa-de-michoacan\\\/#breadcrumb\",\"itemListElement\":[{\"@type\":\"ListItem\",\"position\":1,\"name\":\"Home\",\"item\":\"https:\\\/\\\/acninternational.org\\\/es\\\/\"},{\"@type\":\"ListItem\",\"position\":2,\"name\":\"DESTACADO\",\"item\":\"https:\\\/\\\/acninternational.org\\\/es\\\/category\\\/destacado\\\/\"},{\"@type\":\"ListItem\",\"position\":3,\"name\":\"M\u00e9xico: \u201cDecirle a un ni\u00f1o que han matado a su padre es lo m\u00e1s duro\u201d, dice una religiosa de Michoac\u00e1n.\"}]},{\"@type\":\"WebSite\",\"@id\":\"https:\\\/\\\/acninternational.org\\\/es\\\/#website\",\"url\":\"https:\\\/\\\/acninternational.org\\\/es\\\/\",\"name\":\"ACN International\",\"description\":\"\",\"publisher\":{\"@id\":\"https:\\\/\\\/acninternational.org\\\/es\\\/#organization\"},\"potentialAction\":[{\"@type\":\"SearchAction\",\"target\":{\"@type\":\"EntryPoint\",\"urlTemplate\":\"https:\\\/\\\/acninternational.org\\\/es\\\/?s={search_term_string}\"},\"query-input\":{\"@type\":\"PropertyValueSpecification\",\"valueRequired\":true,\"valueName\":\"search_term_string\"}}],\"inLanguage\":\"es\"},{\"@type\":\"Organization\",\"@id\":\"https:\\\/\\\/acninternational.org\\\/es\\\/#organization\",\"name\":\"Aid to the Church in Need International\",\"url\":\"https:\\\/\\\/acninternational.org\\\/es\\\/\",\"logo\":{\"@type\":\"ImageObject\",\"inLanguage\":\"es\",\"@id\":\"https:\\\/\\\/acninternational.org\\\/es\\\/#\\\/schema\\\/logo\\\/image\\\/\",\"url\":\"https:\\\/\\\/media.acninternational.org\\\/wp-content\\\/uploads\\\/2019\\\/11\\\/acn_logo_blackvector.svg\",\"contentUrl\":\"https:\\\/\\\/media.acninternational.org\\\/wp-content\\\/uploads\\\/2019\\\/11\\\/acn_logo_blackvector.svg\",\"width\":232.6,\"height\":78,\"caption\":\"Aid to the Church in Need International\"},\"image\":{\"@id\":\"https:\\\/\\\/acninternational.org\\\/es\\\/#\\\/schema\\\/logo\\\/image\\\/\"},\"sameAs\":[\"https:\\\/\\\/www.facebook.com\\\/acninternationalorg\",\"https:\\\/\\\/x.com\\\/acn_int\",\"https:\\\/\\\/www.youtube.com\\\/channel\\\/UCQ-077gS0TnVzkhHmf1opZw\",\"https:\\\/\\\/www.instagram.com\\\/acn_international\\\/\"]},{\"@type\":\"Person\",\"@id\":\"https:\\\/\\\/acninternational.org\\\/es\\\/#\\\/schema\\\/person\\\/ad46cf160e48fe3378c54b7abb5527a9\",\"name\":\"Luc\u00eda Ballester\",\"description\":\"Lorem ipsum dolor sit amet, consectetur adipiscing elit, sed do eiusmod tempor incididunt ut labore et dolore magna aliqua. Ut enim ad minim veniam, quis nostrud exercitation ullamco laboris nisi ut aliquip ex ea commodo consequat.\",\"url\":\"https:\\\/\\\/acninternational.org\\\/es\\\/author\\\/lucia-ballester\\\/\"}]}<\/script>\n<!-- \/ Yoast SEO Premium plugin. -->","yoast_head_json":{"title":"M\u00e9xico: \u201cDecirle a un ni\u00f1o que han matado a su padre es lo m\u00e1s duro\u201d, dice una religiosa de Michoac\u00e1n. | ACN International","description":"Con apoyo de ACN, tambi\u00e9n forman a novicias que crecieron en entornos dif\u00edciles, prepar\u00e1ndolas para llevar esperanza a comunidades vulnerables.","robots":{"index":"index","follow":"follow","max-snippet":"max-snippet:-1","max-image-preview":"max-image-preview:large","max-video-preview":"max-video-preview:-1"},"canonical":"https:\/\/acninternational.org\/es\/mexico-decirle-a-un-nino-que-han-matado-a-su-padre-es-lo-mas-duro-dice-una-religiosa-de-michoacan\/","og_locale":"es_ES","og_type":"article","og_title":"M\u00e9xico: \u201cDecirle a un ni\u00f1o que han matado a su padre es lo m\u00e1s duro\u201d, dice una religiosa de Michoac\u00e1n.","og_description":"Con apoyo de ACN, tambi\u00e9n forman a novicias que crecieron en entornos dif\u00edciles, prepar\u00e1ndolas para llevar esperanza a comunidades vulnerables.","og_url":"https:\/\/acninternational.org\/es\/mexico-decirle-a-un-nino-que-han-matado-a-su-padre-es-lo-mas-duro-dice-una-religiosa-de-michoacan\/","og_site_name":"ACN International","article_publisher":"https:\/\/www.facebook.com\/acninternationalorg","article_published_time":"2024-12-03T07:33:06+00:00","article_modified_time":"2025-08-12T08:27:06+00:00","og_image":[{"width":1920,"height":700,"url":"https:\/\/media.acninternational.org\/wp-content\/uploads\/2024\/12\/ACN-20171128-64794.jpg","type":"image\/jpeg"}],"author":"Luc\u00eda Ballester","twitter_card":"summary_large_image","twitter_creator":"@acn_int","twitter_site":"@acn_int","twitter_misc":{"Escrito por":"Luc\u00eda Ballester","Tiempo de lectura":"5 minutos"},"schema":{"@context":"https:\/\/schema.org","@graph":[{"@type":"Article","@id":"https:\/\/acninternational.org\/es\/mexico-decirle-a-un-nino-que-han-matado-a-su-padre-es-lo-mas-duro-dice-una-religiosa-de-michoacan\/#article","isPartOf":{"@id":"https:\/\/acninternational.org\/es\/mexico-decirle-a-un-nino-que-han-matado-a-su-padre-es-lo-mas-duro-dice-una-religiosa-de-michoacan\/"},"author":{"name":"Luc\u00eda Ballester","@id":"https:\/\/acninternational.org\/es\/#\/schema\/person\/ad46cf160e48fe3378c54b7abb5527a9"},"headline":"M\u00e9xico: \u201cDecirle a un ni\u00f1o que han matado a su padre es lo m\u00e1s duro\u201d, dice una religiosa de Michoac\u00e1n.","datePublished":"2024-12-03T07:33:06+00:00","dateModified":"2025-08-12T08:27:06+00:00","mainEntityOfPage":{"@id":"https:\/\/acninternational.org\/es\/mexico-decirle-a-un-nino-que-han-matado-a-su-padre-es-lo-mas-duro-dice-una-religiosa-de-michoacan\/"},"wordCount":871,"publisher":{"@id":"https:\/\/acninternational.org\/es\/#organization"},"image":{"@id":"https:\/\/acninternational.org\/es\/mexico-decirle-a-un-nino-que-han-matado-a-su-padre-es-lo-mas-duro-dice-una-religiosa-de-michoacan\/#primaryimage"},"thumbnailUrl":"https:\/\/media.acninternational.org\/wp-content\/uploads\/2024\/12\/ACN-20171128-64794.jpg","articleSection":["Sin categorizar"],"inLanguage":"es"},{"@type":"WebPage","@id":"https:\/\/acninternational.org\/es\/mexico-decirle-a-un-nino-que-han-matado-a-su-padre-es-lo-mas-duro-dice-una-religiosa-de-michoacan\/","url":"https:\/\/acninternational.org\/es\/mexico-decirle-a-un-nino-que-han-matado-a-su-padre-es-lo-mas-duro-dice-una-religiosa-de-michoacan\/","name":"M\u00e9xico: \u201cDecirle a un ni\u00f1o que han matado a su padre es lo m\u00e1s duro\u201d, dice una religiosa de Michoac\u00e1n. | ACN International","isPartOf":{"@id":"https:\/\/acninternational.org\/es\/#website"},"primaryImageOfPage":{"@id":"https:\/\/acninternational.org\/es\/mexico-decirle-a-un-nino-que-han-matado-a-su-padre-es-lo-mas-duro-dice-una-religiosa-de-michoacan\/#primaryimage"},"image":{"@id":"https:\/\/acninternational.org\/es\/mexico-decirle-a-un-nino-que-han-matado-a-su-padre-es-lo-mas-duro-dice-una-religiosa-de-michoacan\/#primaryimage"},"thumbnailUrl":"https:\/\/media.acninternational.org\/wp-content\/uploads\/2024\/12\/ACN-20171128-64794.jpg","datePublished":"2024-12-03T07:33:06+00:00","dateModified":"2025-08-12T08:27:06+00:00","description":"Con apoyo de ACN, tambi\u00e9n forman a novicias que crecieron en entornos dif\u00edciles, prepar\u00e1ndolas para llevar esperanza a comunidades vulnerables.","breadcrumb":{"@id":"https:\/\/acninternational.org\/es\/mexico-decirle-a-un-nino-que-han-matado-a-su-padre-es-lo-mas-duro-dice-una-religiosa-de-michoacan\/#breadcrumb"},"inLanguage":"es","potentialAction":[{"@type":"ReadAction","target":["https:\/\/acninternational.org\/es\/mexico-decirle-a-un-nino-que-han-matado-a-su-padre-es-lo-mas-duro-dice-una-religiosa-de-michoacan\/"]}]},{"@type":"ImageObject","inLanguage":"es","@id":"https:\/\/acninternational.org\/es\/mexico-decirle-a-un-nino-que-han-matado-a-su-padre-es-lo-mas-duro-dice-una-religiosa-de-michoacan\/#primaryimage","url":"https:\/\/media.acninternational.org\/wp-content\/uploads\/2024\/12\/ACN-20171128-64794.jpg","contentUrl":"https:\/\/media.acninternational.org\/wp-content\/uploads\/2024\/12\/ACN-20171128-64794.jpg","width":1920,"height":700},{"@type":"BreadcrumbList","@id":"https:\/\/acninternational.org\/es\/mexico-decirle-a-un-nino-que-han-matado-a-su-padre-es-lo-mas-duro-dice-una-religiosa-de-michoacan\/#breadcrumb","itemListElement":[{"@type":"ListItem","position":1,"name":"Home","item":"https:\/\/acninternational.org\/es\/"},{"@type":"ListItem","position":2,"name":"DESTACADO","item":"https:\/\/acninternational.org\/es\/category\/destacado\/"},{"@type":"ListItem","position":3,"name":"M\u00e9xico: \u201cDecirle a un ni\u00f1o que han matado a su padre es lo m\u00e1s duro\u201d, dice una religiosa de Michoac\u00e1n."}]},{"@type":"WebSite","@id":"https:\/\/acninternational.org\/es\/#website","url":"https:\/\/acninternational.org\/es\/","name":"ACN International","description":"","publisher":{"@id":"https:\/\/acninternational.org\/es\/#organization"},"potentialAction":[{"@type":"SearchAction","target":{"@type":"EntryPoint","urlTemplate":"https:\/\/acninternational.org\/es\/?s={search_term_string}"},"query-input":{"@type":"PropertyValueSpecification","valueRequired":true,"valueName":"search_term_string"}}],"inLanguage":"es"},{"@type":"Organization","@id":"https:\/\/acninternational.org\/es\/#organization","name":"Aid to the Church in Need International","url":"https:\/\/acninternational.org\/es\/","logo":{"@type":"ImageObject","inLanguage":"es","@id":"https:\/\/acninternational.org\/es\/#\/schema\/logo\/image\/","url":"https:\/\/media.acninternational.org\/wp-content\/uploads\/2019\/11\/acn_logo_blackvector.svg","contentUrl":"https:\/\/media.acninternational.org\/wp-content\/uploads\/2019\/11\/acn_logo_blackvector.svg","width":232.6,"height":78,"caption":"Aid to the Church in Need International"},"image":{"@id":"https:\/\/acninternational.org\/es\/#\/schema\/logo\/image\/"},"sameAs":["https:\/\/www.facebook.com\/acninternationalorg","https:\/\/x.com\/acn_int","https:\/\/www.youtube.com\/channel\/UCQ-077gS0TnVzkhHmf1opZw","https:\/\/www.instagram.com\/acn_international\/"]},{"@type":"Person","@id":"https:\/\/acninternational.org\/es\/#\/schema\/person\/ad46cf160e48fe3378c54b7abb5527a9","name":"Luc\u00eda Ballester","description":"Lorem ipsum dolor sit amet, consectetur adipiscing elit, sed do eiusmod tempor incididunt ut labore et dolore magna aliqua. Ut enim ad minim veniam, quis nostrud exercitation ullamco laboris nisi ut aliquip ex ea commodo consequat.","url":"https:\/\/acninternational.org\/es\/author\/lucia-ballester\/"}]}},"_links":{"self":[{"href":"https:\/\/acninternational.org\/es\/wp-json\/wp\/v2\/posts\/234562","targetHints":{"allow":["GET"]}}],"collection":[{"href":"https:\/\/acninternational.org\/es\/wp-json\/wp\/v2\/posts"}],"about":[{"href":"https:\/\/acninternational.org\/es\/wp-json\/wp\/v2\/types\/post"}],"author":[{"embeddable":true,"href":"https:\/\/acninternational.org\/es\/wp-json\/wp\/v2\/users\/4258341381"}],"replies":[{"embeddable":true,"href":"https:\/\/acninternational.org\/es\/wp-json\/wp\/v2\/comments?post=234562"}],"version-history":[{"count":1,"href":"https:\/\/acninternational.org\/es\/wp-json\/wp\/v2\/posts\/234562\/revisions"}],"predecessor-version":[{"id":245300,"href":"https:\/\/acninternational.org\/es\/wp-json\/wp\/v2\/posts\/234562\/revisions\/245300"}],"wp:featuredmedia":[{"embeddable":true,"href":"https:\/\/acninternational.org\/es\/wp-json\/wp\/v2\/media\/234533"}],"wp:attachment":[{"href":"https:\/\/acninternational.org\/es\/wp-json\/wp\/v2\/media?parent=234562"}],"wp:term":[{"taxonomy":"category","embeddable":true,"href":"https:\/\/acninternational.org\/es\/wp-json\/wp\/v2\/categories?post=234562"},{"taxonomy":"post_tag","embeddable":true,"href":"https:\/\/acninternational.org\/es\/wp-json\/wp\/v2\/tags?post=234562"},{"taxonomy":"country","embeddable":true,"href":"https:\/\/acninternational.org\/es\/wp-json\/wp\/v2\/country?post=234562"}],"curies":[{"name":"wp","href":"https:\/\/api.w.org\/{rel}","templated":true}]}}