{"id":232417,"date":"2024-11-18T15:23:24","date_gmt":"2024-11-18T14:23:24","guid":{"rendered":"https:\/\/acninternational.org\/?p=232417"},"modified":"2025-08-12T10:27:46","modified_gmt":"2025-08-12T08:27:46","slug":"la-iglesia-pide-a-las-autoridades-de-guinea-bisau-que-escuchen-el-grito-de-los-pobres","status":"publish","type":"post","link":"https:\/\/acninternational.org\/es\/la-iglesia-pide-a-las-autoridades-de-guinea-bisau-que-escuchen-el-grito-de-los-pobres\/","title":{"rendered":"La Iglesia pide a las autoridades de Guinea-Bis\u00e1u que \u00abescuchen el grito de los pobres\u00bb"},"content":{"rendered":"<p><em>Los cat\u00f3licos de la naci\u00f3n africana Guinea-Bis\u00e1u celebraron una jornada de oraci\u00f3n y ayuno por la paz y la unidad en el pa\u00eds del oeste de \u00c1frica. <\/em><\/p>\n<p>Guinea-Bis\u00e1u no ha conseguido alcanzar una estabilidad duradera desde su independencia de Portugal en 1975, y la divisi\u00f3n y el conflicto siguen marcando al pa\u00eds, alimentados principalmente por la corrupci\u00f3n generalizada y el dinero proveniente del narcotr\u00e1fico.<\/p>\n<p>La jornada de oraci\u00f3n y ayuno culmin\u00f3 con dos celebraciones eucaristica durante las cuales los l\u00edderes eclesi\u00e1sticos pidieron a las autoridades pol\u00edticas que escucharan las preocupaciones de la gente.<\/p>\n<figure id=\"attachment_232369\" aria-describedby=\"caption-attachment-232369\" style=\"width: 800px\" class=\"wp-caption aligncenter\"><img loading=\"lazy\" decoding=\"async\" class=\"wp-image-232369 size-large\" src=\"https:\/\/media.acninternational.org\/wp-content\/uploads\/2024\/11\/ACN-20170829-60537-1024x768.jpg\" alt=\"Celebraci\u00f3n de la Santa Misa en Guinea-Bissau\" width=\"800\" height=\"600\" srcset=\"https:\/\/media.acninternational.org\/wp-content\/uploads\/2024\/11\/ACN-20170829-60537-1024x768.jpg 1024w, https:\/\/media.acninternational.org\/wp-content\/uploads\/2024\/11\/ACN-20170829-60537-300x225.jpg 300w, https:\/\/media.acninternational.org\/wp-content\/uploads\/2024\/11\/ACN-20170829-60537-768x576.jpg 768w, https:\/\/media.acninternational.org\/wp-content\/uploads\/2024\/11\/ACN-20170829-60537.jpg 1080w\" sizes=\"auto, (max-width: 800px) 100vw, 800px\" \/><figcaption id=\"caption-attachment-232369\" class=\"wp-caption-text\">Celebraci\u00f3n de la Santa Misa en Guinea-Bissau<\/figcaption><\/figure>\n<p>\u00abLa situaci\u00f3n es dif\u00edcil, necesitamos orar, ayunar y recordar el lema de nuestro primer obispo, Mons. Sett\u00edmio Ferrazzetta, &#8216;La verdad os har\u00e1 libres&#8217;. La verdad puede liberar a Guinea-Bis\u00e1u, especialmente en un momento tan delicado como este. El pueblo est\u00e1 cansado de la divisi\u00f3n, de los combates, de la violencia, de las amenazas y de la brutalidad\u00bb, ha dicho el vicario general de la di\u00f3cesis de Bis\u00e1u, el padre Davide Sciocco, durante la celebraci\u00f3n en la catedral de Bis\u00e1u.<\/p>\n<p>El evento tuvo lugar en un momento en que el pa\u00eds enfrenta una profunda crisis pol\u00edtica. El presidente disolvi\u00f3 el Parlamento en diciembre de 2023, citando un golpe de Estado, y hab\u00eda convocado elecciones para noviembre, pero las pospuso precisamente en el d\u00eda de oraci\u00f3n y ayuno convocado por la Iglesia cat\u00f3lica.<\/p>\n<p>En la segunda di\u00f3cesis del pa\u00eds, Bafat\u00e1, el administrador diocesano, el padre Lucio Brentagani, esboz\u00f3 un panorama duro de la realidad actual de Guinea-Bissau. \u00abHay mucha hambre y muchos problemas internos. Muchos pacientes no pueden encontrar profesionales de la salud porque est\u00e1n en huelga y los estudiantes quieren ir a la escuela pero no pueden porque el sistema educativo es un desastre\u00bb, dijo durante la misa en la catedral de Bafat\u00e1 .<\/p>\n<p>\u00abEn este d\u00eda de oraci\u00f3n y ayuno por Guinea-Bis\u00e1u, pidamos a nuestros l\u00edderes, pol\u00edticos, militares, magistrados y fuerzas policiales que no hagan o\u00eddos sordos ante el grito de socorro de la gente pobre, de tantas familias que no tienen qu\u00e9 comer\u201d, subray\u00f3.<\/p>\n<figure id=\"attachment_232395\" aria-describedby=\"caption-attachment-232395\" style=\"width: 800px\" class=\"wp-caption aligncenter\"><img loading=\"lazy\" decoding=\"async\" class=\"wp-image-232395 size-large\" src=\"https:\/\/media.acninternational.org\/wp-content\/uploads\/2024\/11\/ACN-20241114-175423-1-1024x685.jpg\" alt=\"Los cat\u00f3licos son minor\u00eda en Guinea-Bissau, de mayor\u00eda mu\u00e7ulmana\" width=\"800\" height=\"535\" srcset=\"https:\/\/media.acninternational.org\/wp-content\/uploads\/2024\/11\/ACN-20241114-175423-1-1024x685.jpg 1024w, https:\/\/media.acninternational.org\/wp-content\/uploads\/2024\/11\/ACN-20241114-175423-1-300x201.jpg 300w, https:\/\/media.acninternational.org\/wp-content\/uploads\/2024\/11\/ACN-20241114-175423-1-768x513.jpg 768w, https:\/\/media.acninternational.org\/wp-content\/uploads\/2024\/11\/ACN-20241114-175423-1.jpg 1080w\" sizes=\"auto, (max-width: 800px) 100vw, 800px\" \/><figcaption id=\"caption-attachment-232395\" class=\"wp-caption-text\">Los cat\u00f3licos son minor\u00eda en Guinea-Bissau, de mayor\u00eda mu\u00e7ulmana<\/figcaption><\/figure>\n<p>Los cristianos son una minor\u00eda de poco menos del 20% en Guinea-Bis\u00e1u, mayoritariamente musulmana, que cuenta tambi\u00e9n con una gran poblaci\u00f3n de seguidores de creencias tradicionales. Sin embargo, la Iglesia desempe\u00f1a un papel importante en el campo de la salud y la educaci\u00f3n. Seg\u00fan el <a href=\"https:\/\/acninternational.org\/religiousfreedomreport\/es\/informe\/pais\/2023\/guinea-bissau\" target=\"_blank\" rel=\"noopener\">informe de libertad religiosa 2023<\/a> de ACN, Guinea-Bis\u00e1u goza generalmente de una fuerte armon\u00eda interreligiosa, pero existen preocupaciones de que grupos terroristas est\u00e9n ganando terreno y podr\u00edan estar aprovechando las dificultades econ\u00f3micas y sociales para influir en los j\u00f3venes y llevarlos a tomar las armas.<\/p>\n<p>En 2022 <a href=\"https:\/\/acninternational.org\/guinea-bissau-vandalism-of-a-catholic-church\/\" target=\"_blank\" rel=\"noopener\">una iglesia fue atacada y vandalizada<\/a>, pero afortunadamente hasta ahora se trata de un incidente aislado. Esta preocupaci\u00f3n tambi\u00e9n se ve alimentada por formas de evangelizaci\u00f3n agresiva por parte de algunos grupos pentecostales independientes.<\/p>\n<p>En los \u00faltimos cinco a\u00f1os, ACN ha apoyado alrededor de 40 proyectos en Guinea-Bis\u00e1u.<\/p>\n<p>&nbsp;<\/p>\n","protected":false},"excerpt":{"rendered":"<p>Los cat\u00f3licos de la naci\u00f3n africana Guinea-Bis\u00e1u celebraron una jornada de oraci\u00f3n y ayuno por la paz y la unidad<\/p>\n","protected":false},"author":4258341382,"featured_media":232450,"comment_status":"closed","ping_status":"closed","sticky":false,"template":"","format":"standard","meta":{"_acf_changed":false,"_acn_coauthor_ids":[],"footnotes":""},"categories":[746,1254],"tags":[],"country":[820],"class_list":["post-232417","post","type-post","status-publish","format-standard","has-post-thumbnail","hentry","category-noticias","category-news-es","country-guinea-bissau"],"acn_coauthors":[],"acf":[],"yoast_head":"<!-- This site is optimized with the Yoast SEO Premium plugin v27.3 (Yoast SEO v27.3) - https:\/\/yoast.com\/product\/yoast-seo-premium-wordpress\/ -->\n<title>La Iglesia pide a las autoridades de Guinea-Bis\u00e1u que &quot;escuchen el grito de los pobres&quot; | ACN International<\/title>\n<meta name=\"robots\" content=\"index, follow, max-snippet:-1, max-image-preview:large, max-video-preview:-1\" \/>\n<link rel=\"canonical\" href=\"https:\/\/acninternational.org\/es\/la-iglesia-pide-a-las-autoridades-de-guinea-bisau-que-escuchen-el-grito-de-los-pobres\/\" \/>\n<meta property=\"og:locale\" content=\"es_ES\" \/>\n<meta property=\"og:type\" content=\"article\" \/>\n<meta property=\"og:title\" content=\"La Iglesia pide a las autoridades de Guinea-Bis\u00e1u que &quot;escuchen el grito de los pobres&quot;\" \/>\n<meta property=\"og:description\" content=\"Los cat\u00f3licos de la naci\u00f3n africana Guinea-Bis\u00e1u celebraron una jornada de oraci\u00f3n y ayuno por la paz y la unidad\" \/>\n<meta property=\"og:url\" content=\"https:\/\/acninternational.org\/es\/la-iglesia-pide-a-las-autoridades-de-guinea-bisau-que-escuchen-el-grito-de-los-pobres\/\" \/>\n<meta property=\"og:site_name\" content=\"ACN International\" \/>\n<meta property=\"article:publisher\" content=\"https:\/\/www.facebook.com\/acninternationalorg\" \/>\n<meta property=\"article:published_time\" content=\"2024-11-18T14:23:24+00:00\" \/>\n<meta property=\"article:modified_time\" content=\"2025-08-12T08:27:46+00:00\" \/>\n<meta property=\"og:image\" content=\"https:\/\/media.acninternational.org\/wp-content\/uploads\/2024\/11\/ACN-20241114-175424.jpg\" \/>\n\t<meta property=\"og:image:width\" content=\"1920\" \/>\n\t<meta property=\"og:image:height\" content=\"700\" \/>\n\t<meta property=\"og:image:type\" content=\"image\/jpeg\" \/>\n<meta name=\"author\" content=\"Paulo Aido\" \/>\n<meta name=\"twitter:card\" content=\"summary_large_image\" \/>\n<meta name=\"twitter:creator\" content=\"@acn_int\" \/>\n<meta name=\"twitter:site\" content=\"@acn_int\" \/>\n<meta name=\"twitter:label1\" content=\"Escrito por\" \/>\n\t<meta name=\"twitter:data1\" content=\"Paulo Aido\" \/>\n\t<meta name=\"twitter:label2\" content=\"Tiempo de lectura\" \/>\n\t<meta name=\"twitter:data2\" content=\"3 minutos\" \/>\n<script type=\"application\/ld+json\" class=\"yoast-schema-graph\">{\"@context\":\"https:\\\/\\\/schema.org\",\"@graph\":[{\"@type\":\"Article\",\"@id\":\"https:\\\/\\\/acninternational.org\\\/es\\\/la-iglesia-pide-a-las-autoridades-de-guinea-bisau-que-escuchen-el-grito-de-los-pobres\\\/#article\",\"isPartOf\":{\"@id\":\"https:\\\/\\\/acninternational.org\\\/es\\\/la-iglesia-pide-a-las-autoridades-de-guinea-bisau-que-escuchen-el-grito-de-los-pobres\\\/\"},\"author\":{\"name\":\"Paulo Aido\",\"@id\":\"https:\\\/\\\/acninternational.org\\\/es\\\/#\\\/schema\\\/person\\\/74d18921c1d8be9ca663e4035d1fce84\"},\"headline\":\"La Iglesia pide a las autoridades de Guinea-Bis\u00e1u que \u00abescuchen el grito de los pobres\u00bb\",\"datePublished\":\"2024-11-18T14:23:24+00:00\",\"dateModified\":\"2025-08-12T08:27:46+00:00\",\"mainEntityOfPage\":{\"@id\":\"https:\\\/\\\/acninternational.org\\\/es\\\/la-iglesia-pide-a-las-autoridades-de-guinea-bisau-que-escuchen-el-grito-de-los-pobres\\\/\"},\"wordCount\":579,\"publisher\":{\"@id\":\"https:\\\/\\\/acninternational.org\\\/es\\\/#organization\"},\"image\":{\"@id\":\"https:\\\/\\\/acninternational.org\\\/es\\\/la-iglesia-pide-a-las-autoridades-de-guinea-bisau-que-escuchen-el-grito-de-los-pobres\\\/#primaryimage\"},\"thumbnailUrl\":\"https:\\\/\\\/media.acninternational.org\\\/wp-content\\\/uploads\\\/2024\\\/11\\\/ACN-20241114-175424.jpg\",\"articleSection\":[\"NOTICIAS\",\"NOTICIAS\"],\"inLanguage\":\"es\"},{\"@type\":\"WebPage\",\"@id\":\"https:\\\/\\\/acninternational.org\\\/es\\\/la-iglesia-pide-a-las-autoridades-de-guinea-bisau-que-escuchen-el-grito-de-los-pobres\\\/\",\"url\":\"https:\\\/\\\/acninternational.org\\\/es\\\/la-iglesia-pide-a-las-autoridades-de-guinea-bisau-que-escuchen-el-grito-de-los-pobres\\\/\",\"name\":\"La Iglesia pide a las autoridades de Guinea-Bis\u00e1u que \\\"escuchen el grito de los pobres\\\" | ACN International\",\"isPartOf\":{\"@id\":\"https:\\\/\\\/acninternational.org\\\/es\\\/#website\"},\"primaryImageOfPage\":{\"@id\":\"https:\\\/\\\/acninternational.org\\\/es\\\/la-iglesia-pide-a-las-autoridades-de-guinea-bisau-que-escuchen-el-grito-de-los-pobres\\\/#primaryimage\"},\"image\":{\"@id\":\"https:\\\/\\\/acninternational.org\\\/es\\\/la-iglesia-pide-a-las-autoridades-de-guinea-bisau-que-escuchen-el-grito-de-los-pobres\\\/#primaryimage\"},\"thumbnailUrl\":\"https:\\\/\\\/media.acninternational.org\\\/wp-content\\\/uploads\\\/2024\\\/11\\\/ACN-20241114-175424.jpg\",\"datePublished\":\"2024-11-18T14:23:24+00:00\",\"dateModified\":\"2025-08-12T08:27:46+00:00\",\"breadcrumb\":{\"@id\":\"https:\\\/\\\/acninternational.org\\\/es\\\/la-iglesia-pide-a-las-autoridades-de-guinea-bisau-que-escuchen-el-grito-de-los-pobres\\\/#breadcrumb\"},\"inLanguage\":\"es\",\"potentialAction\":[{\"@type\":\"ReadAction\",\"target\":[\"https:\\\/\\\/acninternational.org\\\/es\\\/la-iglesia-pide-a-las-autoridades-de-guinea-bisau-que-escuchen-el-grito-de-los-pobres\\\/\"]}]},{\"@type\":\"ImageObject\",\"inLanguage\":\"es\",\"@id\":\"https:\\\/\\\/acninternational.org\\\/es\\\/la-iglesia-pide-a-las-autoridades-de-guinea-bisau-que-escuchen-el-grito-de-los-pobres\\\/#primaryimage\",\"url\":\"https:\\\/\\\/media.acninternational.org\\\/wp-content\\\/uploads\\\/2024\\\/11\\\/ACN-20241114-175424.jpg\",\"contentUrl\":\"https:\\\/\\\/media.acninternational.org\\\/wp-content\\\/uploads\\\/2024\\\/11\\\/ACN-20241114-175424.jpg\",\"width\":1920,\"height\":700},{\"@type\":\"BreadcrumbList\",\"@id\":\"https:\\\/\\\/acninternational.org\\\/es\\\/la-iglesia-pide-a-las-autoridades-de-guinea-bisau-que-escuchen-el-grito-de-los-pobres\\\/#breadcrumb\",\"itemListElement\":[{\"@type\":\"ListItem\",\"position\":1,\"name\":\"Home\",\"item\":\"https:\\\/\\\/acninternational.org\\\/es\\\/\"},{\"@type\":\"ListItem\",\"position\":2,\"name\":\"NOTICIAS\",\"item\":\"https:\\\/\\\/acninternational.org\\\/es\\\/category\\\/news-es\\\/\"},{\"@type\":\"ListItem\",\"position\":3,\"name\":\"La Iglesia pide a las autoridades de Guinea-Bis\u00e1u que \u00abescuchen el grito de los pobres\u00bb\"}]},{\"@type\":\"WebSite\",\"@id\":\"https:\\\/\\\/acninternational.org\\\/es\\\/#website\",\"url\":\"https:\\\/\\\/acninternational.org\\\/es\\\/\",\"name\":\"ACN International\",\"description\":\"\",\"publisher\":{\"@id\":\"https:\\\/\\\/acninternational.org\\\/es\\\/#organization\"},\"potentialAction\":[{\"@type\":\"SearchAction\",\"target\":{\"@type\":\"EntryPoint\",\"urlTemplate\":\"https:\\\/\\\/acninternational.org\\\/es\\\/?s={search_term_string}\"},\"query-input\":{\"@type\":\"PropertyValueSpecification\",\"valueRequired\":true,\"valueName\":\"search_term_string\"}}],\"inLanguage\":\"es\"},{\"@type\":\"Organization\",\"@id\":\"https:\\\/\\\/acninternational.org\\\/es\\\/#organization\",\"name\":\"Aid to the Church in Need International\",\"url\":\"https:\\\/\\\/acninternational.org\\\/es\\\/\",\"logo\":{\"@type\":\"ImageObject\",\"inLanguage\":\"es\",\"@id\":\"https:\\\/\\\/acninternational.org\\\/es\\\/#\\\/schema\\\/logo\\\/image\\\/\",\"url\":\"https:\\\/\\\/media.acninternational.org\\\/wp-content\\\/uploads\\\/2019\\\/11\\\/acn_logo_blackvector.svg\",\"contentUrl\":\"https:\\\/\\\/media.acninternational.org\\\/wp-content\\\/uploads\\\/2019\\\/11\\\/acn_logo_blackvector.svg\",\"width\":232.6,\"height\":78,\"caption\":\"Aid to the Church in Need International\"},\"image\":{\"@id\":\"https:\\\/\\\/acninternational.org\\\/es\\\/#\\\/schema\\\/logo\\\/image\\\/\"},\"sameAs\":[\"https:\\\/\\\/www.facebook.com\\\/acninternationalorg\",\"https:\\\/\\\/x.com\\\/acn_int\",\"https:\\\/\\\/www.youtube.com\\\/channel\\\/UCQ-077gS0TnVzkhHmf1opZw\",\"https:\\\/\\\/www.instagram.com\\\/acn_international\\\/\"]},{\"@type\":\"Person\",\"@id\":\"https:\\\/\\\/acninternational.org\\\/es\\\/#\\\/schema\\\/person\\\/74d18921c1d8be9ca663e4035d1fce84\",\"name\":\"Paulo Aido\",\"description\":\"Lorem ipsum dolor sit amet, consectetur adipiscing elit, sed do eiusmod tempor incididunt ut labore et dolore magna aliqua. Ut enim ad minim veniam, quis nostrud exercitation ullamco laboris nisi ut aliquip ex ea commodo consequat.\",\"url\":\"https:\\\/\\\/acninternational.org\\\/es\\\/author\\\/paulo-aido\\\/\"}]}<\/script>\n<!-- \/ Yoast SEO Premium plugin. -->","yoast_head_json":{"title":"La Iglesia pide a las autoridades de Guinea-Bis\u00e1u que \"escuchen el grito de los pobres\" | ACN International","robots":{"index":"index","follow":"follow","max-snippet":"max-snippet:-1","max-image-preview":"max-image-preview:large","max-video-preview":"max-video-preview:-1"},"canonical":"https:\/\/acninternational.org\/es\/la-iglesia-pide-a-las-autoridades-de-guinea-bisau-que-escuchen-el-grito-de-los-pobres\/","og_locale":"es_ES","og_type":"article","og_title":"La Iglesia pide a las autoridades de Guinea-Bis\u00e1u que \"escuchen el grito de los pobres\"","og_description":"Los cat\u00f3licos de la naci\u00f3n africana Guinea-Bis\u00e1u celebraron una jornada de oraci\u00f3n y ayuno por la paz y la unidad","og_url":"https:\/\/acninternational.org\/es\/la-iglesia-pide-a-las-autoridades-de-guinea-bisau-que-escuchen-el-grito-de-los-pobres\/","og_site_name":"ACN International","article_publisher":"https:\/\/www.facebook.com\/acninternationalorg","article_published_time":"2024-11-18T14:23:24+00:00","article_modified_time":"2025-08-12T08:27:46+00:00","og_image":[{"width":1920,"height":700,"url":"https:\/\/media.acninternational.org\/wp-content\/uploads\/2024\/11\/ACN-20241114-175424.jpg","type":"image\/jpeg"}],"author":"Paulo Aido","twitter_card":"summary_large_image","twitter_creator":"@acn_int","twitter_site":"@acn_int","twitter_misc":{"Escrito por":"Paulo Aido","Tiempo de lectura":"3 minutos"},"schema":{"@context":"https:\/\/schema.org","@graph":[{"@type":"Article","@id":"https:\/\/acninternational.org\/es\/la-iglesia-pide-a-las-autoridades-de-guinea-bisau-que-escuchen-el-grito-de-los-pobres\/#article","isPartOf":{"@id":"https:\/\/acninternational.org\/es\/la-iglesia-pide-a-las-autoridades-de-guinea-bisau-que-escuchen-el-grito-de-los-pobres\/"},"author":{"name":"Paulo Aido","@id":"https:\/\/acninternational.org\/es\/#\/schema\/person\/74d18921c1d8be9ca663e4035d1fce84"},"headline":"La Iglesia pide a las autoridades de Guinea-Bis\u00e1u que \u00abescuchen el grito de los pobres\u00bb","datePublished":"2024-11-18T14:23:24+00:00","dateModified":"2025-08-12T08:27:46+00:00","mainEntityOfPage":{"@id":"https:\/\/acninternational.org\/es\/la-iglesia-pide-a-las-autoridades-de-guinea-bisau-que-escuchen-el-grito-de-los-pobres\/"},"wordCount":579,"publisher":{"@id":"https:\/\/acninternational.org\/es\/#organization"},"image":{"@id":"https:\/\/acninternational.org\/es\/la-iglesia-pide-a-las-autoridades-de-guinea-bisau-que-escuchen-el-grito-de-los-pobres\/#primaryimage"},"thumbnailUrl":"https:\/\/media.acninternational.org\/wp-content\/uploads\/2024\/11\/ACN-20241114-175424.jpg","articleSection":["NOTICIAS","NOTICIAS"],"inLanguage":"es"},{"@type":"WebPage","@id":"https:\/\/acninternational.org\/es\/la-iglesia-pide-a-las-autoridades-de-guinea-bisau-que-escuchen-el-grito-de-los-pobres\/","url":"https:\/\/acninternational.org\/es\/la-iglesia-pide-a-las-autoridades-de-guinea-bisau-que-escuchen-el-grito-de-los-pobres\/","name":"La Iglesia pide a las autoridades de Guinea-Bis\u00e1u que \"escuchen el grito de los pobres\" | ACN International","isPartOf":{"@id":"https:\/\/acninternational.org\/es\/#website"},"primaryImageOfPage":{"@id":"https:\/\/acninternational.org\/es\/la-iglesia-pide-a-las-autoridades-de-guinea-bisau-que-escuchen-el-grito-de-los-pobres\/#primaryimage"},"image":{"@id":"https:\/\/acninternational.org\/es\/la-iglesia-pide-a-las-autoridades-de-guinea-bisau-que-escuchen-el-grito-de-los-pobres\/#primaryimage"},"thumbnailUrl":"https:\/\/media.acninternational.org\/wp-content\/uploads\/2024\/11\/ACN-20241114-175424.jpg","datePublished":"2024-11-18T14:23:24+00:00","dateModified":"2025-08-12T08:27:46+00:00","breadcrumb":{"@id":"https:\/\/acninternational.org\/es\/la-iglesia-pide-a-las-autoridades-de-guinea-bisau-que-escuchen-el-grito-de-los-pobres\/#breadcrumb"},"inLanguage":"es","potentialAction":[{"@type":"ReadAction","target":["https:\/\/acninternational.org\/es\/la-iglesia-pide-a-las-autoridades-de-guinea-bisau-que-escuchen-el-grito-de-los-pobres\/"]}]},{"@type":"ImageObject","inLanguage":"es","@id":"https:\/\/acninternational.org\/es\/la-iglesia-pide-a-las-autoridades-de-guinea-bisau-que-escuchen-el-grito-de-los-pobres\/#primaryimage","url":"https:\/\/media.acninternational.org\/wp-content\/uploads\/2024\/11\/ACN-20241114-175424.jpg","contentUrl":"https:\/\/media.acninternational.org\/wp-content\/uploads\/2024\/11\/ACN-20241114-175424.jpg","width":1920,"height":700},{"@type":"BreadcrumbList","@id":"https:\/\/acninternational.org\/es\/la-iglesia-pide-a-las-autoridades-de-guinea-bisau-que-escuchen-el-grito-de-los-pobres\/#breadcrumb","itemListElement":[{"@type":"ListItem","position":1,"name":"Home","item":"https:\/\/acninternational.org\/es\/"},{"@type":"ListItem","position":2,"name":"NOTICIAS","item":"https:\/\/acninternational.org\/es\/category\/news-es\/"},{"@type":"ListItem","position":3,"name":"La Iglesia pide a las autoridades de Guinea-Bis\u00e1u que \u00abescuchen el grito de los pobres\u00bb"}]},{"@type":"WebSite","@id":"https:\/\/acninternational.org\/es\/#website","url":"https:\/\/acninternational.org\/es\/","name":"ACN International","description":"","publisher":{"@id":"https:\/\/acninternational.org\/es\/#organization"},"potentialAction":[{"@type":"SearchAction","target":{"@type":"EntryPoint","urlTemplate":"https:\/\/acninternational.org\/es\/?s={search_term_string}"},"query-input":{"@type":"PropertyValueSpecification","valueRequired":true,"valueName":"search_term_string"}}],"inLanguage":"es"},{"@type":"Organization","@id":"https:\/\/acninternational.org\/es\/#organization","name":"Aid to the Church in Need International","url":"https:\/\/acninternational.org\/es\/","logo":{"@type":"ImageObject","inLanguage":"es","@id":"https:\/\/acninternational.org\/es\/#\/schema\/logo\/image\/","url":"https:\/\/media.acninternational.org\/wp-content\/uploads\/2019\/11\/acn_logo_blackvector.svg","contentUrl":"https:\/\/media.acninternational.org\/wp-content\/uploads\/2019\/11\/acn_logo_blackvector.svg","width":232.6,"height":78,"caption":"Aid to the Church in Need International"},"image":{"@id":"https:\/\/acninternational.org\/es\/#\/schema\/logo\/image\/"},"sameAs":["https:\/\/www.facebook.com\/acninternationalorg","https:\/\/x.com\/acn_int","https:\/\/www.youtube.com\/channel\/UCQ-077gS0TnVzkhHmf1opZw","https:\/\/www.instagram.com\/acn_international\/"]},{"@type":"Person","@id":"https:\/\/acninternational.org\/es\/#\/schema\/person\/74d18921c1d8be9ca663e4035d1fce84","name":"Paulo Aido","description":"Lorem ipsum dolor sit amet, consectetur adipiscing elit, sed do eiusmod tempor incididunt ut labore et dolore magna aliqua. Ut enim ad minim veniam, quis nostrud exercitation ullamco laboris nisi ut aliquip ex ea commodo consequat.","url":"https:\/\/acninternational.org\/es\/author\/paulo-aido\/"}]}},"_links":{"self":[{"href":"https:\/\/acninternational.org\/es\/wp-json\/wp\/v2\/posts\/232417","targetHints":{"allow":["GET"]}}],"collection":[{"href":"https:\/\/acninternational.org\/es\/wp-json\/wp\/v2\/posts"}],"about":[{"href":"https:\/\/acninternational.org\/es\/wp-json\/wp\/v2\/types\/post"}],"author":[{"embeddable":true,"href":"https:\/\/acninternational.org\/es\/wp-json\/wp\/v2\/users\/4258341382"}],"replies":[{"embeddable":true,"href":"https:\/\/acninternational.org\/es\/wp-json\/wp\/v2\/comments?post=232417"}],"version-history":[{"count":1,"href":"https:\/\/acninternational.org\/es\/wp-json\/wp\/v2\/posts\/232417\/revisions"}],"predecessor-version":[{"id":245332,"href":"https:\/\/acninternational.org\/es\/wp-json\/wp\/v2\/posts\/232417\/revisions\/245332"}],"wp:featuredmedia":[{"embeddable":true,"href":"https:\/\/acninternational.org\/es\/wp-json\/wp\/v2\/media\/232450"}],"wp:attachment":[{"href":"https:\/\/acninternational.org\/es\/wp-json\/wp\/v2\/media?parent=232417"}],"wp:term":[{"taxonomy":"category","embeddable":true,"href":"https:\/\/acninternational.org\/es\/wp-json\/wp\/v2\/categories?post=232417"},{"taxonomy":"post_tag","embeddable":true,"href":"https:\/\/acninternational.org\/es\/wp-json\/wp\/v2\/tags?post=232417"},{"taxonomy":"country","embeddable":true,"href":"https:\/\/acninternational.org\/es\/wp-json\/wp\/v2\/country?post=232417"}],"curies":[{"name":"wp","href":"https:\/\/api.w.org\/{rel}","templated":true}]}}