{"id":231936,"date":"2024-11-12T12:26:03","date_gmt":"2024-11-12T11:26:03","guid":{"rendered":"https:\/\/acninternational.org\/?p=231936"},"modified":"2025-08-12T10:28:00","modified_gmt":"2025-08-12T08:28:00","slug":"un-sacerdote-colombiano-lucha-contra-la-violencia-en-nuestro-barrio-se-producen-dos-o-tres-asesinatos-cada-semana","status":"publish","type":"post","link":"https:\/\/acninternational.org\/es\/un-sacerdote-colombiano-lucha-contra-la-violencia-en-nuestro-barrio-se-producen-dos-o-tres-asesinatos-cada-semana\/","title":{"rendered":"Un sacerdote colombiano lucha contra la violencia: \u201cEn nuestro barrio se producen dos o tres asesinatos cada semana\u201d."},"content":{"rendered":"<p><em>El padre Gersa\u00edn Paz, p\u00e1rroco en uno de los barrios m\u00e1s peligrosos de toda Colombia, cuenta a ACN como muchos j\u00f3venes en Cali, la capital del narcotr\u00e1fico, transforman sus vidas a trav\u00e9s de la fe y la m\u00fasica, alej\u00e1ndose as\u00ed de las drogas y la tentaci\u00f3n del suicidio.\u00a0 <\/em><\/p>\n<p>\u201cEs la gran desgracia de Colombia: el crimen se ha convertido en una industria\u201d, lamenta el padre Gersa\u00edn Paz, p\u00e1rroco de Santa Marta en Cali, durante una visita a la fundaci\u00f3n Aid to the Church in Need (ACN). El narcotr\u00e1fico, la trata de personas y la prostituci\u00f3n han proliferado en el pa\u00eds. Seg\u00fan datos de la ONU, Colombia es el <a href=\"https:\/\/www.state.gov\/bureau-of-international-narcotics-and-law-enforcement-affairs-work-by-country\/colombia-summary\/\" target=\"_blank\" rel=\"noopener\">mayor productor de coca\u00edna<\/a> en el mundo. En 2023, se incautaron m\u00e1s de <a href=\"https:\/\/digitallibrary.un.org\/record\/4013736?v=pdf\" target=\"_blank\" rel=\"noopener\">1.100 toneladas de droga<\/a>. Adem\u00e1s, se estima que m\u00e1s de <a href=\"https:\/\/www.unodc.org\/unodc\/en\/press\/releases\/2023\/January\/global-report-on-trafficking-in-persons-2022.html\" target=\"_blank\" rel=\"noopener\">15.000 personas son v\u00edctimas de la trata<\/a> en el pa\u00eds cada a\u00f1o.<\/p>\n<figure id=\"attachment_231901\" aria-describedby=\"caption-attachment-231901\" style=\"width: 800px\" class=\"wp-caption aligncenter\"><img loading=\"lazy\" decoding=\"async\" class=\"wp-image-231901 size-large\" src=\"https:\/\/media.acninternational.org\/wp-content\/uploads\/2024\/11\/ACN-20241112-175308-1024x683.jpg\" alt=\"El padre Gersa\u00edn Paz, p\u00e1rroco de la iglesia de Santa Marta, visitando a una familia local\" width=\"800\" height=\"534\" srcset=\"https:\/\/media.acninternational.org\/wp-content\/uploads\/2024\/11\/ACN-20241112-175308-1024x683.jpg 1024w, https:\/\/media.acninternational.org\/wp-content\/uploads\/2024\/11\/ACN-20241112-175308-300x200.jpg 300w, https:\/\/media.acninternational.org\/wp-content\/uploads\/2024\/11\/ACN-20241112-175308-768x512.jpg 768w, https:\/\/media.acninternational.org\/wp-content\/uploads\/2024\/11\/ACN-20241112-175308.jpg 1080w\" sizes=\"auto, (max-width: 800px) 100vw, 800px\" \/><figcaption id=\"caption-attachment-231901\" class=\"wp-caption-text\">El padre Gersa\u00edn Paz, p\u00e1rroco de la iglesia de Santa Marta, visitando a una familia local<\/figcaption><\/figure>\n<p>Cali, ubicada en el suroccidente de Colombia, en el valle del Cauca, es considerada la \u201ccapital del narcotr\u00e1fico\u201d y enfrenta una alarmante tasa de violencia, con un promedio de 1.500 asesinatos anuales. En palabras del sacerdote, se trata de \u201cuna de las ciudades m\u00e1s pobres y violentas. En nuestro barrio, Santa Marta, se producen dos o tres asesinatos cada semana\u201d.<\/p>\n<p>Los j\u00f3venes y adolescentes no escapan a esta realidad: muchos son reclutados forzosamente por bandas criminales o se unen voluntariamente a estos grupos. La falta de oportunidades, el absentismo escolar y el desamparo social han llevado a muchos a involucrarse en estas y otras actividades il\u00edcitas. \u201cHay adolescentes que ya recurren a vender su cuerpo en internet, por ejemplo\u201d, cuenta el padre Gersa\u00edn con gran pena. \u201cHemos sabido tambi\u00e9n de ni\u00f1os que han quitado la vida a otros ni\u00f1os\u201d.<\/p>\n<p>La preocupante situaci\u00f3n tambi\u00e9n se refleja en el n\u00famero de suicidios, que afecta tanto a adultos como a ni\u00f1os. \u201cTenemos al menos dos suicidios cada mes en la zona. Es terrible. Yo le preguntaba a un ni\u00f1o que se cortaba los brazos por qu\u00e9 lo hac\u00eda y me dec\u00eda: \u2018Quiero llorar, pero no puedo\u2019\u201d, explica el padre Gersa\u00edn a ACN. \u201cDe las 70.000 personas que habitan en la zona, solo un tercio est\u00e1 bautizado y alrededor del 10% es practicante. La gente de verdad necesita apoyo\u201d, cuenta.<\/p>\n<figure id=\"attachment_231913\" aria-describedby=\"caption-attachment-231913\" style=\"width: 800px\" class=\"wp-caption aligncenter\"><img loading=\"lazy\" decoding=\"async\" class=\"wp-image-231913 size-large\" src=\"https:\/\/media.acninternational.org\/wp-content\/uploads\/2024\/11\/ACN-20241112-175310-1024x683.jpg\" alt=\"Cali, donde se encuentra su parroquia, es una de las ciudades m\u00e1s violentas de Colombia\" width=\"800\" height=\"534\" srcset=\"https:\/\/media.acninternational.org\/wp-content\/uploads\/2024\/11\/ACN-20241112-175310-1024x683.jpg 1024w, https:\/\/media.acninternational.org\/wp-content\/uploads\/2024\/11\/ACN-20241112-175310-300x200.jpg 300w, https:\/\/media.acninternational.org\/wp-content\/uploads\/2024\/11\/ACN-20241112-175310-768x512.jpg 768w, https:\/\/media.acninternational.org\/wp-content\/uploads\/2024\/11\/ACN-20241112-175310.jpg 1080w\" sizes=\"auto, (max-width: 800px) 100vw, 800px\" \/><figcaption id=\"caption-attachment-231913\" class=\"wp-caption-text\">Cali, donde se encuentra su parroquia, es una de las ciudades m\u00e1s violentas de Colombia<\/figcaption><\/figure>\n<p>Pese a la violencia y la desolaci\u00f3n, todav\u00eda queda sitio para la esperanza: muchos chicos que antes estaban inmersos en la violencia y la delincuencia han encontrado una segunda oportunidad en su parroquia, cuya ampliaci\u00f3n y mejoras han sido financiados por ACN.<\/p>\n<p>El padre Gersa\u00edn cuenta que desde que est\u00e1 atendiendo la parroquia de santa Marta ha renovado la metodolog\u00eda para conectar con los adolescentes, usando m\u00fasica y otras din\u00e1micas creativas para motivarlos. En los retiros, les piden que desconecten de todo por unas horas en silencio, lo que al principio parec\u00eda imposible. Sin embargo, el sacerdote comenta que, con el tiempo, los j\u00f3venes han llegado a \u201cdisfrutar mucho de esta experiencia y han demostrado tener mucha capacidad de orar\u201d.<\/p>\n<h4><strong>\u201cNo conozco a ning\u00fan chico que tras estar con nosotros siga metido en las drogas\u201d<\/strong><\/h4>\n<p>El padre Gersa\u00edn busca caminos para llegar a todos. El espacio que antes serv\u00eda s\u00f3lo para dar catecismo en el templo, ahora se ha convertido tambi\u00e9n en un conservatorio de m\u00fasica, es el lugar donde acogen a adolescentes que buscan una oportunidad.\u00a0 All\u00ed reciben formaci\u00f3n en viol\u00edn y piano, entre otros. \u201cHay ni\u00f1os que han estudiado m\u00fasica aqu\u00ed que ahora se ganan la vida tocando alrededor del mundo o est\u00e1n haciendo doctorados en Suiza y Viena\u201d, relata orgulloso el padre Gersa\u00edn. \u201cHablamos de ni\u00f1os provenientes de entornos muy vulnerables, que ven\u00edan de vivir circunstancias extremadamente duras. Estoy convencido: la violencia se puede eliminar cuando se brindan las oportunidades adecuadas. La violencia se ha reducido en un 80% gracias a las iniciativas de la di\u00f3cesis\u201d, resalta. El padre Gersa\u00edn explica que, tras pasar por el programa parroquial, los j\u00f3venes empiezan a elaborar su propio proyecto de vida. \u201cNo conozco a ning\u00fan chico que tras estar con nosotros siga metido en las drogas\u201d, dice el socio de proyectos.<\/p>\n<figure id=\"attachment_231907\" aria-describedby=\"caption-attachment-231907\" style=\"width: 800px\" class=\"wp-caption aligncenter\"><img loading=\"lazy\" decoding=\"async\" class=\"wp-image-231907 size-large\" src=\"https:\/\/media.acninternational.org\/wp-content\/uploads\/2024\/11\/ACN-20241111-175210-1024x683.jpg\" alt=\"Un joven con un tatuaje de la Virgen de Guadalupe junto al padre Gersa\u00edn Paz\" width=\"800\" height=\"534\" srcset=\"https:\/\/media.acninternational.org\/wp-content\/uploads\/2024\/11\/ACN-20241111-175210-1024x683.jpg 1024w, https:\/\/media.acninternational.org\/wp-content\/uploads\/2024\/11\/ACN-20241111-175210-300x200.jpg 300w, https:\/\/media.acninternational.org\/wp-content\/uploads\/2024\/11\/ACN-20241111-175210-768x512.jpg 768w, https:\/\/media.acninternational.org\/wp-content\/uploads\/2024\/11\/ACN-20241111-175210.jpg 1080w\" sizes=\"auto, (max-width: 800px) 100vw, 800px\" \/><figcaption id=\"caption-attachment-231907\" class=\"wp-caption-text\">Un joven con un tatuaje de la Virgen de Guadalupe junto al padre Gersa\u00edn Paz<\/figcaption><\/figure>\n<p>En Am\u00e9rica Latina el papel del sacerdote es clave. Debido a una fuerte tradici\u00f3n cat\u00f3lica y a carencias en servicios sociales en algunas zonas, los sacerdotes a menudo asumen funciones de liderazgo comunitario, ofrecen apoyo en \u00e1reas como la educaci\u00f3n y la salud, y act\u00faan como mediadores en conflictos. Seg\u00fan el padre Gersa\u00edn \u201ces fundamental aprovechar esa capacidad para usarla por el bien com\u00fan\u201d y enfatiza la importancia de la formaci\u00f3n del clero: \u201cEs primordial que los sacerdotes reciban una formaci\u00f3n s\u00f3lida no solo en aspectos lit\u00fargicos, sino tambi\u00e9n en c\u00f3mo enfrentar problemas reales, como la violencia o el desempleo\u201d.<\/p>\n<h4><strong>Un cambio radical: una nueva iglesia para apoyar a las nuevas generaciones<\/strong><\/h4>\n<p>La parroquia lleva 15 a\u00f1os en pie. Al inicio, cuando le fue encomendada al padre Gersa\u00edn, no hab\u00eda electricidad, las zarig\u00fceyas se paseaban por el sal\u00f3n parroquial, el calor era insoportable. \u201cNi siquiera hab\u00eda ba\u00f1os\u201d, recuerda el padre Gersain. \u201cAhora tenemos un templo francamente bonito y espacioso. La gente est\u00e1 muy emocionada por la pr\u00f3xima inauguraci\u00f3n oficial. Es un lugar maravilloso. Ha sido un cambio radical\u201d.<\/p>\n<figure id=\"attachment_231919\" aria-describedby=\"caption-attachment-231919\" style=\"width: 683px\" class=\"wp-caption aligncenter\"><img loading=\"lazy\" decoding=\"async\" class=\"wp-image-231919 size-large\" src=\"https:\/\/media.acninternational.org\/wp-content\/uploads\/2024\/11\/ACN-20241111-175207-683x1024.jpg\" alt=\" El padre Gersa\u00edn Paz, p\u00e1rroco de la parroquia de Santa Marta, durante la misa vespertina\" width=\"683\" height=\"1024\" srcset=\"https:\/\/media.acninternational.org\/wp-content\/uploads\/2024\/11\/ACN-20241111-175207-683x1024.jpg 683w, https:\/\/media.acninternational.org\/wp-content\/uploads\/2024\/11\/ACN-20241111-175207-200x300.jpg 200w, https:\/\/media.acninternational.org\/wp-content\/uploads\/2024\/11\/ACN-20241111-175207.jpg 720w\" sizes=\"auto, (max-width: 683px) 100vw, 683px\" \/><figcaption id=\"caption-attachment-231919\" class=\"wp-caption-text\">El padre Gersa\u00edn Paz, p\u00e1rroco de la parroquia de Santa Marta, durante la misa vespertina<\/figcaption><\/figure>\n<p>Para cualquier comunidad, contar con un lugar de encuentro es fundamental, se\u00f1ala el sacerdote: \u201cSi tengo una sacrist\u00eda y un despacho adecuados, puedo atender mejor a la gente. Esto era un sue\u00f1o de los parroquianos\u201d. Y concluye: \u201cGracias a ACN podemos seguir creciendo y adapt\u00e1ndonos a las necesidades de nuestra comunidad. La pastoral debe ser un pilar importante y as\u00ed ayudar a guiar y apoyar a las nuevas generaciones\u201d.<\/p>\n<p>&nbsp;<\/p>\n","protected":false},"excerpt":{"rendered":"<p>El padre Gersa\u00edn Paz, p\u00e1rroco en uno de los barrios m\u00e1s peligrosos de toda Colombia, cuenta a ACN como muchos<\/p>\n","protected":false},"author":4258341381,"featured_media":231930,"comment_status":"closed","ping_status":"closed","sticky":false,"template":"","format":"standard","meta":{"_acf_changed":false,"_acn_coauthor_ids":[],"footnotes":""},"categories":[760],"tags":[],"country":[380],"class_list":["post-231936","post","type-post","status-publish","format-standard","has-post-thumbnail","hentry","category-destacado","country-colombia-es"],"acn_coauthors":[],"acf":[],"yoast_head":"<!-- This site is optimized with the Yoast SEO Premium plugin v27.3 (Yoast SEO v27.3) - https:\/\/yoast.com\/product\/yoast-seo-premium-wordpress\/ -->\n<title>Un sacerdote colombiano lucha contra la violencia: \u201cEn nuestro barrio se producen dos o tres asesinatos cada semana\u201d. | ACN International<\/title>\n<meta name=\"robots\" content=\"index, follow, max-snippet:-1, max-image-preview:large, max-video-preview:-1\" \/>\n<link rel=\"canonical\" href=\"https:\/\/acninternational.org\/es\/un-sacerdote-colombiano-lucha-contra-la-violencia-en-nuestro-barrio-se-producen-dos-o-tres-asesinatos-cada-semana\/\" \/>\n<meta property=\"og:locale\" content=\"es_ES\" \/>\n<meta property=\"og:type\" content=\"article\" \/>\n<meta property=\"og:title\" content=\"Un sacerdote colombiano lucha contra la violencia: \u201cEn nuestro barrio se producen dos o tres asesinatos cada semana\u201d.\" \/>\n<meta property=\"og:description\" content=\"El padre Gersa\u00edn Paz, p\u00e1rroco en uno de los barrios m\u00e1s peligrosos de toda Colombia, cuenta a ACN como muchos\" \/>\n<meta property=\"og:url\" content=\"https:\/\/acninternational.org\/es\/un-sacerdote-colombiano-lucha-contra-la-violencia-en-nuestro-barrio-se-producen-dos-o-tres-asesinatos-cada-semana\/\" \/>\n<meta property=\"og:site_name\" content=\"ACN International\" \/>\n<meta property=\"article:publisher\" content=\"https:\/\/www.facebook.com\/acninternationalorg\" \/>\n<meta property=\"article:published_time\" content=\"2024-11-12T11:26:03+00:00\" \/>\n<meta property=\"article:modified_time\" content=\"2025-08-12T08:28:00+00:00\" \/>\n<meta property=\"og:image\" content=\"https:\/\/media.acninternational.org\/wp-content\/uploads\/2024\/11\/ACN-20241111-175208.jpg\" \/>\n\t<meta property=\"og:image:width\" content=\"1920\" \/>\n\t<meta property=\"og:image:height\" content=\"700\" \/>\n\t<meta property=\"og:image:type\" content=\"image\/jpeg\" \/>\n<meta name=\"author\" content=\"Luc\u00eda Ballester\" \/>\n<meta name=\"twitter:card\" content=\"summary_large_image\" \/>\n<meta name=\"twitter:creator\" content=\"@acn_int\" \/>\n<meta name=\"twitter:site\" content=\"@acn_int\" \/>\n<meta name=\"twitter:label1\" content=\"Escrito por\" \/>\n\t<meta name=\"twitter:data1\" content=\"Luc\u00eda Ballester\" \/>\n\t<meta name=\"twitter:label2\" content=\"Tiempo de lectura\" \/>\n\t<meta name=\"twitter:data2\" content=\"6 minutos\" \/>\n<script type=\"application\/ld+json\" class=\"yoast-schema-graph\">{\"@context\":\"https:\\\/\\\/schema.org\",\"@graph\":[{\"@type\":\"Article\",\"@id\":\"https:\\\/\\\/acninternational.org\\\/es\\\/un-sacerdote-colombiano-lucha-contra-la-violencia-en-nuestro-barrio-se-producen-dos-o-tres-asesinatos-cada-semana\\\/#article\",\"isPartOf\":{\"@id\":\"https:\\\/\\\/acninternational.org\\\/es\\\/un-sacerdote-colombiano-lucha-contra-la-violencia-en-nuestro-barrio-se-producen-dos-o-tres-asesinatos-cada-semana\\\/\"},\"author\":{\"name\":\"Luc\u00eda Ballester\",\"@id\":\"https:\\\/\\\/acninternational.org\\\/es\\\/#\\\/schema\\\/person\\\/ad46cf160e48fe3378c54b7abb5527a9\"},\"headline\":\"Un sacerdote colombiano lucha contra la violencia: \u201cEn nuestro barrio se producen dos o tres asesinatos cada semana\u201d.\",\"datePublished\":\"2024-11-12T11:26:03+00:00\",\"dateModified\":\"2025-08-12T08:28:00+00:00\",\"mainEntityOfPage\":{\"@id\":\"https:\\\/\\\/acninternational.org\\\/es\\\/un-sacerdote-colombiano-lucha-contra-la-violencia-en-nuestro-barrio-se-producen-dos-o-tres-asesinatos-cada-semana\\\/\"},\"wordCount\":1116,\"publisher\":{\"@id\":\"https:\\\/\\\/acninternational.org\\\/es\\\/#organization\"},\"image\":{\"@id\":\"https:\\\/\\\/acninternational.org\\\/es\\\/un-sacerdote-colombiano-lucha-contra-la-violencia-en-nuestro-barrio-se-producen-dos-o-tres-asesinatos-cada-semana\\\/#primaryimage\"},\"thumbnailUrl\":\"https:\\\/\\\/media.acninternational.org\\\/wp-content\\\/uploads\\\/2024\\\/11\\\/ACN-20241111-175208.jpg\",\"articleSection\":[\"DESTACADO\"],\"inLanguage\":\"es\"},{\"@type\":\"WebPage\",\"@id\":\"https:\\\/\\\/acninternational.org\\\/es\\\/un-sacerdote-colombiano-lucha-contra-la-violencia-en-nuestro-barrio-se-producen-dos-o-tres-asesinatos-cada-semana\\\/\",\"url\":\"https:\\\/\\\/acninternational.org\\\/es\\\/un-sacerdote-colombiano-lucha-contra-la-violencia-en-nuestro-barrio-se-producen-dos-o-tres-asesinatos-cada-semana\\\/\",\"name\":\"Un sacerdote colombiano lucha contra la violencia: \u201cEn nuestro barrio se producen dos o tres asesinatos cada semana\u201d. | ACN International\",\"isPartOf\":{\"@id\":\"https:\\\/\\\/acninternational.org\\\/es\\\/#website\"},\"primaryImageOfPage\":{\"@id\":\"https:\\\/\\\/acninternational.org\\\/es\\\/un-sacerdote-colombiano-lucha-contra-la-violencia-en-nuestro-barrio-se-producen-dos-o-tres-asesinatos-cada-semana\\\/#primaryimage\"},\"image\":{\"@id\":\"https:\\\/\\\/acninternational.org\\\/es\\\/un-sacerdote-colombiano-lucha-contra-la-violencia-en-nuestro-barrio-se-producen-dos-o-tres-asesinatos-cada-semana\\\/#primaryimage\"},\"thumbnailUrl\":\"https:\\\/\\\/media.acninternational.org\\\/wp-content\\\/uploads\\\/2024\\\/11\\\/ACN-20241111-175208.jpg\",\"datePublished\":\"2024-11-12T11:26:03+00:00\",\"dateModified\":\"2025-08-12T08:28:00+00:00\",\"breadcrumb\":{\"@id\":\"https:\\\/\\\/acninternational.org\\\/es\\\/un-sacerdote-colombiano-lucha-contra-la-violencia-en-nuestro-barrio-se-producen-dos-o-tres-asesinatos-cada-semana\\\/#breadcrumb\"},\"inLanguage\":\"es\",\"potentialAction\":[{\"@type\":\"ReadAction\",\"target\":[\"https:\\\/\\\/acninternational.org\\\/es\\\/un-sacerdote-colombiano-lucha-contra-la-violencia-en-nuestro-barrio-se-producen-dos-o-tres-asesinatos-cada-semana\\\/\"]}]},{\"@type\":\"ImageObject\",\"inLanguage\":\"es\",\"@id\":\"https:\\\/\\\/acninternational.org\\\/es\\\/un-sacerdote-colombiano-lucha-contra-la-violencia-en-nuestro-barrio-se-producen-dos-o-tres-asesinatos-cada-semana\\\/#primaryimage\",\"url\":\"https:\\\/\\\/media.acninternational.org\\\/wp-content\\\/uploads\\\/2024\\\/11\\\/ACN-20241111-175208.jpg\",\"contentUrl\":\"https:\\\/\\\/media.acninternational.org\\\/wp-content\\\/uploads\\\/2024\\\/11\\\/ACN-20241111-175208.jpg\",\"width\":1920,\"height\":700},{\"@type\":\"BreadcrumbList\",\"@id\":\"https:\\\/\\\/acninternational.org\\\/es\\\/un-sacerdote-colombiano-lucha-contra-la-violencia-en-nuestro-barrio-se-producen-dos-o-tres-asesinatos-cada-semana\\\/#breadcrumb\",\"itemListElement\":[{\"@type\":\"ListItem\",\"position\":1,\"name\":\"Home\",\"item\":\"https:\\\/\\\/acninternational.org\\\/es\\\/\"},{\"@type\":\"ListItem\",\"position\":2,\"name\":\"DESTACADO\",\"item\":\"https:\\\/\\\/acninternational.org\\\/es\\\/category\\\/destacado\\\/\"},{\"@type\":\"ListItem\",\"position\":3,\"name\":\"Un sacerdote colombiano lucha contra la violencia: \u201cEn nuestro barrio se producen dos o tres asesinatos cada semana\u201d.\"}]},{\"@type\":\"WebSite\",\"@id\":\"https:\\\/\\\/acninternational.org\\\/es\\\/#website\",\"url\":\"https:\\\/\\\/acninternational.org\\\/es\\\/\",\"name\":\"ACN International\",\"description\":\"\",\"publisher\":{\"@id\":\"https:\\\/\\\/acninternational.org\\\/es\\\/#organization\"},\"potentialAction\":[{\"@type\":\"SearchAction\",\"target\":{\"@type\":\"EntryPoint\",\"urlTemplate\":\"https:\\\/\\\/acninternational.org\\\/es\\\/?s={search_term_string}\"},\"query-input\":{\"@type\":\"PropertyValueSpecification\",\"valueRequired\":true,\"valueName\":\"search_term_string\"}}],\"inLanguage\":\"es\"},{\"@type\":\"Organization\",\"@id\":\"https:\\\/\\\/acninternational.org\\\/es\\\/#organization\",\"name\":\"Aid to the Church in Need International\",\"url\":\"https:\\\/\\\/acninternational.org\\\/es\\\/\",\"logo\":{\"@type\":\"ImageObject\",\"inLanguage\":\"es\",\"@id\":\"https:\\\/\\\/acninternational.org\\\/es\\\/#\\\/schema\\\/logo\\\/image\\\/\",\"url\":\"https:\\\/\\\/media.acninternational.org\\\/wp-content\\\/uploads\\\/2019\\\/11\\\/acn_logo_blackvector.svg\",\"contentUrl\":\"https:\\\/\\\/media.acninternational.org\\\/wp-content\\\/uploads\\\/2019\\\/11\\\/acn_logo_blackvector.svg\",\"width\":232.6,\"height\":78,\"caption\":\"Aid to the Church in Need International\"},\"image\":{\"@id\":\"https:\\\/\\\/acninternational.org\\\/es\\\/#\\\/schema\\\/logo\\\/image\\\/\"},\"sameAs\":[\"https:\\\/\\\/www.facebook.com\\\/acninternationalorg\",\"https:\\\/\\\/x.com\\\/acn_int\",\"https:\\\/\\\/www.youtube.com\\\/channel\\\/UCQ-077gS0TnVzkhHmf1opZw\",\"https:\\\/\\\/www.instagram.com\\\/acn_international\\\/\"]},{\"@type\":\"Person\",\"@id\":\"https:\\\/\\\/acninternational.org\\\/es\\\/#\\\/schema\\\/person\\\/ad46cf160e48fe3378c54b7abb5527a9\",\"name\":\"Luc\u00eda Ballester\",\"description\":\"Lorem ipsum dolor sit amet, consectetur adipiscing elit, sed do eiusmod tempor incididunt ut labore et dolore magna aliqua. Ut enim ad minim veniam, quis nostrud exercitation ullamco laboris nisi ut aliquip ex ea commodo consequat.\",\"url\":\"https:\\\/\\\/acninternational.org\\\/es\\\/author\\\/lucia-ballester\\\/\"}]}<\/script>\n<!-- \/ Yoast SEO Premium plugin. -->","yoast_head_json":{"title":"Un sacerdote colombiano lucha contra la violencia: \u201cEn nuestro barrio se producen dos o tres asesinatos cada semana\u201d. | ACN International","robots":{"index":"index","follow":"follow","max-snippet":"max-snippet:-1","max-image-preview":"max-image-preview:large","max-video-preview":"max-video-preview:-1"},"canonical":"https:\/\/acninternational.org\/es\/un-sacerdote-colombiano-lucha-contra-la-violencia-en-nuestro-barrio-se-producen-dos-o-tres-asesinatos-cada-semana\/","og_locale":"es_ES","og_type":"article","og_title":"Un sacerdote colombiano lucha contra la violencia: \u201cEn nuestro barrio se producen dos o tres asesinatos cada semana\u201d.","og_description":"El padre Gersa\u00edn Paz, p\u00e1rroco en uno de los barrios m\u00e1s peligrosos de toda Colombia, cuenta a ACN como muchos","og_url":"https:\/\/acninternational.org\/es\/un-sacerdote-colombiano-lucha-contra-la-violencia-en-nuestro-barrio-se-producen-dos-o-tres-asesinatos-cada-semana\/","og_site_name":"ACN International","article_publisher":"https:\/\/www.facebook.com\/acninternationalorg","article_published_time":"2024-11-12T11:26:03+00:00","article_modified_time":"2025-08-12T08:28:00+00:00","og_image":[{"width":1920,"height":700,"url":"https:\/\/media.acninternational.org\/wp-content\/uploads\/2024\/11\/ACN-20241111-175208.jpg","type":"image\/jpeg"}],"author":"Luc\u00eda Ballester","twitter_card":"summary_large_image","twitter_creator":"@acn_int","twitter_site":"@acn_int","twitter_misc":{"Escrito por":"Luc\u00eda Ballester","Tiempo de lectura":"6 minutos"},"schema":{"@context":"https:\/\/schema.org","@graph":[{"@type":"Article","@id":"https:\/\/acninternational.org\/es\/un-sacerdote-colombiano-lucha-contra-la-violencia-en-nuestro-barrio-se-producen-dos-o-tres-asesinatos-cada-semana\/#article","isPartOf":{"@id":"https:\/\/acninternational.org\/es\/un-sacerdote-colombiano-lucha-contra-la-violencia-en-nuestro-barrio-se-producen-dos-o-tres-asesinatos-cada-semana\/"},"author":{"name":"Luc\u00eda Ballester","@id":"https:\/\/acninternational.org\/es\/#\/schema\/person\/ad46cf160e48fe3378c54b7abb5527a9"},"headline":"Un sacerdote colombiano lucha contra la violencia: \u201cEn nuestro barrio se producen dos o tres asesinatos cada semana\u201d.","datePublished":"2024-11-12T11:26:03+00:00","dateModified":"2025-08-12T08:28:00+00:00","mainEntityOfPage":{"@id":"https:\/\/acninternational.org\/es\/un-sacerdote-colombiano-lucha-contra-la-violencia-en-nuestro-barrio-se-producen-dos-o-tres-asesinatos-cada-semana\/"},"wordCount":1116,"publisher":{"@id":"https:\/\/acninternational.org\/es\/#organization"},"image":{"@id":"https:\/\/acninternational.org\/es\/un-sacerdote-colombiano-lucha-contra-la-violencia-en-nuestro-barrio-se-producen-dos-o-tres-asesinatos-cada-semana\/#primaryimage"},"thumbnailUrl":"https:\/\/media.acninternational.org\/wp-content\/uploads\/2024\/11\/ACN-20241111-175208.jpg","articleSection":["DESTACADO"],"inLanguage":"es"},{"@type":"WebPage","@id":"https:\/\/acninternational.org\/es\/un-sacerdote-colombiano-lucha-contra-la-violencia-en-nuestro-barrio-se-producen-dos-o-tres-asesinatos-cada-semana\/","url":"https:\/\/acninternational.org\/es\/un-sacerdote-colombiano-lucha-contra-la-violencia-en-nuestro-barrio-se-producen-dos-o-tres-asesinatos-cada-semana\/","name":"Un sacerdote colombiano lucha contra la violencia: \u201cEn nuestro barrio se producen dos o tres asesinatos cada semana\u201d. | ACN International","isPartOf":{"@id":"https:\/\/acninternational.org\/es\/#website"},"primaryImageOfPage":{"@id":"https:\/\/acninternational.org\/es\/un-sacerdote-colombiano-lucha-contra-la-violencia-en-nuestro-barrio-se-producen-dos-o-tres-asesinatos-cada-semana\/#primaryimage"},"image":{"@id":"https:\/\/acninternational.org\/es\/un-sacerdote-colombiano-lucha-contra-la-violencia-en-nuestro-barrio-se-producen-dos-o-tres-asesinatos-cada-semana\/#primaryimage"},"thumbnailUrl":"https:\/\/media.acninternational.org\/wp-content\/uploads\/2024\/11\/ACN-20241111-175208.jpg","datePublished":"2024-11-12T11:26:03+00:00","dateModified":"2025-08-12T08:28:00+00:00","breadcrumb":{"@id":"https:\/\/acninternational.org\/es\/un-sacerdote-colombiano-lucha-contra-la-violencia-en-nuestro-barrio-se-producen-dos-o-tres-asesinatos-cada-semana\/#breadcrumb"},"inLanguage":"es","potentialAction":[{"@type":"ReadAction","target":["https:\/\/acninternational.org\/es\/un-sacerdote-colombiano-lucha-contra-la-violencia-en-nuestro-barrio-se-producen-dos-o-tres-asesinatos-cada-semana\/"]}]},{"@type":"ImageObject","inLanguage":"es","@id":"https:\/\/acninternational.org\/es\/un-sacerdote-colombiano-lucha-contra-la-violencia-en-nuestro-barrio-se-producen-dos-o-tres-asesinatos-cada-semana\/#primaryimage","url":"https:\/\/media.acninternational.org\/wp-content\/uploads\/2024\/11\/ACN-20241111-175208.jpg","contentUrl":"https:\/\/media.acninternational.org\/wp-content\/uploads\/2024\/11\/ACN-20241111-175208.jpg","width":1920,"height":700},{"@type":"BreadcrumbList","@id":"https:\/\/acninternational.org\/es\/un-sacerdote-colombiano-lucha-contra-la-violencia-en-nuestro-barrio-se-producen-dos-o-tres-asesinatos-cada-semana\/#breadcrumb","itemListElement":[{"@type":"ListItem","position":1,"name":"Home","item":"https:\/\/acninternational.org\/es\/"},{"@type":"ListItem","position":2,"name":"DESTACADO","item":"https:\/\/acninternational.org\/es\/category\/destacado\/"},{"@type":"ListItem","position":3,"name":"Un sacerdote colombiano lucha contra la violencia: \u201cEn nuestro barrio se producen dos o tres asesinatos cada semana\u201d."}]},{"@type":"WebSite","@id":"https:\/\/acninternational.org\/es\/#website","url":"https:\/\/acninternational.org\/es\/","name":"ACN International","description":"","publisher":{"@id":"https:\/\/acninternational.org\/es\/#organization"},"potentialAction":[{"@type":"SearchAction","target":{"@type":"EntryPoint","urlTemplate":"https:\/\/acninternational.org\/es\/?s={search_term_string}"},"query-input":{"@type":"PropertyValueSpecification","valueRequired":true,"valueName":"search_term_string"}}],"inLanguage":"es"},{"@type":"Organization","@id":"https:\/\/acninternational.org\/es\/#organization","name":"Aid to the Church in Need International","url":"https:\/\/acninternational.org\/es\/","logo":{"@type":"ImageObject","inLanguage":"es","@id":"https:\/\/acninternational.org\/es\/#\/schema\/logo\/image\/","url":"https:\/\/media.acninternational.org\/wp-content\/uploads\/2019\/11\/acn_logo_blackvector.svg","contentUrl":"https:\/\/media.acninternational.org\/wp-content\/uploads\/2019\/11\/acn_logo_blackvector.svg","width":232.6,"height":78,"caption":"Aid to the Church in Need International"},"image":{"@id":"https:\/\/acninternational.org\/es\/#\/schema\/logo\/image\/"},"sameAs":["https:\/\/www.facebook.com\/acninternationalorg","https:\/\/x.com\/acn_int","https:\/\/www.youtube.com\/channel\/UCQ-077gS0TnVzkhHmf1opZw","https:\/\/www.instagram.com\/acn_international\/"]},{"@type":"Person","@id":"https:\/\/acninternational.org\/es\/#\/schema\/person\/ad46cf160e48fe3378c54b7abb5527a9","name":"Luc\u00eda Ballester","description":"Lorem ipsum dolor sit amet, consectetur adipiscing elit, sed do eiusmod tempor incididunt ut labore et dolore magna aliqua. Ut enim ad minim veniam, quis nostrud exercitation ullamco laboris nisi ut aliquip ex ea commodo consequat.","url":"https:\/\/acninternational.org\/es\/author\/lucia-ballester\/"}]}},"_links":{"self":[{"href":"https:\/\/acninternational.org\/es\/wp-json\/wp\/v2\/posts\/231936","targetHints":{"allow":["GET"]}}],"collection":[{"href":"https:\/\/acninternational.org\/es\/wp-json\/wp\/v2\/posts"}],"about":[{"href":"https:\/\/acninternational.org\/es\/wp-json\/wp\/v2\/types\/post"}],"author":[{"embeddable":true,"href":"https:\/\/acninternational.org\/es\/wp-json\/wp\/v2\/users\/4258341381"}],"replies":[{"embeddable":true,"href":"https:\/\/acninternational.org\/es\/wp-json\/wp\/v2\/comments?post=231936"}],"version-history":[{"count":1,"href":"https:\/\/acninternational.org\/es\/wp-json\/wp\/v2\/posts\/231936\/revisions"}],"predecessor-version":[{"id":245344,"href":"https:\/\/acninternational.org\/es\/wp-json\/wp\/v2\/posts\/231936\/revisions\/245344"}],"wp:featuredmedia":[{"embeddable":true,"href":"https:\/\/acninternational.org\/es\/wp-json\/wp\/v2\/media\/231930"}],"wp:attachment":[{"href":"https:\/\/acninternational.org\/es\/wp-json\/wp\/v2\/media?parent=231936"}],"wp:term":[{"taxonomy":"category","embeddable":true,"href":"https:\/\/acninternational.org\/es\/wp-json\/wp\/v2\/categories?post=231936"},{"taxonomy":"post_tag","embeddable":true,"href":"https:\/\/acninternational.org\/es\/wp-json\/wp\/v2\/tags?post=231936"},{"taxonomy":"country","embeddable":true,"href":"https:\/\/acninternational.org\/es\/wp-json\/wp\/v2\/country?post=231936"}],"curies":[{"name":"wp","href":"https:\/\/api.w.org\/{rel}","templated":true}]}}