{"id":231834,"date":"2024-11-11T14:33:03","date_gmt":"2024-11-11T13:33:03","guid":{"rendered":"https:\/\/acninternational.org\/?p=231834"},"modified":"2025-08-12T10:28:08","modified_gmt":"2025-08-12T08:28:08","slug":"bangladesh-la-radicalizacion-impulsa-la-discriminacion-y-los-ataques-contra-los-cristianos","status":"publish","type":"post","link":"https:\/\/acninternational.org\/es\/bangladesh-la-radicalizacion-impulsa-la-discriminacion-y-los-ataques-contra-los-cristianos\/","title":{"rendered":"Bangladesh: La radicalizaci\u00f3n impulsa la discriminaci\u00f3n y los ataques contra los cristianos"},"content":{"rendered":"<p><em>Mientras los grupos islamistas ganan m\u00e1s influencia pol\u00edtica en Bangladesh, fuentes cercanas a \u00a0la Iglesia expresan su creciente preocupaci\u00f3n por el trato a los cristianos y los continuos ataques a las escuelas cat\u00f3licas.<\/em><\/p>\n<p>Los cristianos est\u00e1n luchando por encontrar trabajo, los proyectos de construcci\u00f3n de las iglesias se retrasan porque las autoridades no emiten los permisos a tiempo y el futuro de las escuelas cat\u00f3licas est\u00e1 amenazado, asegura una fuente de la Iglesia local que prefiere permanecer en el anonimato por razones de seguridad.<\/p>\n<figure id=\"attachment_231817\" aria-describedby=\"caption-attachment-231817\" style=\"width: 800px\" class=\"wp-caption aligncenter\"><img loading=\"lazy\" decoding=\"async\" class=\"wp-image-231817 size-large\" src=\"https:\/\/media.acninternational.org\/wp-content\/uploads\/2024\/11\/ACN-20241111-175151-1024x768.jpg\" alt=\"Una turba islamista destroz\u00f3 recientemente una escuela cat\u00f3lica en Bangladesh\" width=\"800\" height=\"600\" srcset=\"https:\/\/media.acninternational.org\/wp-content\/uploads\/2024\/11\/ACN-20241111-175151-1024x768.jpg 1024w, https:\/\/media.acninternational.org\/wp-content\/uploads\/2024\/11\/ACN-20241111-175151-300x225.jpg 300w, https:\/\/media.acninternational.org\/wp-content\/uploads\/2024\/11\/ACN-20241111-175151-768x576.jpg 768w, https:\/\/media.acninternational.org\/wp-content\/uploads\/2024\/11\/ACN-20241111-175151.jpg 1080w\" sizes=\"auto, (max-width: 800px) 100vw, 800px\" \/><figcaption id=\"caption-attachment-231817\" class=\"wp-caption-text\">Una turba islamista destroz\u00f3 recientemente una escuela cat\u00f3lica en Bangladesh<\/figcaption><\/figure>\n<p>La misma fuente ha explicado a la fundaci\u00f3n pontificia Aid to the Church in Need (ACN) que la libertad religiosa, a pesar de estar garantizada por la Constituci\u00f3n, no se est\u00e1 respetando y se\u00f1al\u00f3 que \u201cel partido fundamentalista Jamaat-e-Islami\u201d, vinculado al gobierno, \u201cquiere que el islam sea la \u00fanica religi\u00f3n en Bangladesh\u201d.<\/p>\n<p>\u00abLa lista de d\u00edas festivos ha cambiado recientemente y m\u00e1s fiestas isl\u00e1micas se han convertido en d\u00edas festivos nacionales\u201d, prosigue. \u201cLos cristianos exigen al menos un d\u00eda para la Pascua, que ni siquiera figura propiamente como d\u00eda festivo. Durante la Semana Santa, la gente tiene que ir a trabajar y los estudiantes tienen que hacer ex\u00e1menes, por lo que no pueden asistir a misa y otras celebraciones\u00bb.<\/p>\n<p>La fuente tambi\u00e9n explica que los cristianos no pueden encontrar empleo en algunas partes del pa\u00eds, y \u00ablas autoridades tambi\u00e9n nos est\u00e1n dificultando la construcci\u00f3n de nuevas capillas\u00bb, al no emitir los permisos a tiempo.<\/p>\n<p>Adem\u00e1s, cuenta que las escuelas y universidades cat\u00f3licas tambi\u00e9n han sido atacadas: una turba \u00abcontrolada por Jamaat-e-Islami\u00bb incendi\u00f3 una escuela y turbas similares han estado presionando cada vez m\u00e1s a las instituciones cat\u00f3licas para que reemplacen a las personas a cargo.<\/p>\n<p>\u00abSu objetivo es hacerse cargo de la administraci\u00f3n de la escuela\u201d, ha expresado la mencionada fuente a ACN. \u201cExigen un c\u00f3digo de vestimenta isl\u00e1mico: el hiyab a las ni\u00f1as y el \u00ab<em>\u1e6dopi<\/em>\u00bb para cubrir la cabeza a los ni\u00f1os. Est\u00e1n tratando de hacerse cargo del comit\u00e9 de administraci\u00f3n de la escuela y tomar el control de las finanzas y todo lo dem\u00e1s\u201d<\/p>\n<p>\u00abLes est\u00e1n diciendo a las escuelas que no quieren que un sacerdote, una religiosa o un maestro en particular est\u00e9n all\u00ed. En varias escuelas, nuestros administradores religiosos se han visto obligados a renunciar. En una escuela, dos hermanas se han visto obligadas a renunciar. En una universidad, un sacerdote ha sido obligado a renunciar\u00bb.<\/p>\n<figure id=\"attachment_231823\" aria-describedby=\"caption-attachment-231823\" style=\"width: 800px\" class=\"wp-caption aligncenter\"><img loading=\"lazy\" decoding=\"async\" class=\"wp-image-231823 size-large\" src=\"https:\/\/media.acninternational.org\/wp-content\/uploads\/2024\/11\/ACN-20240802-170022-1024x683.jpg\" alt=\"Los cristianos son una minor\u00eda peque\u00f1a pero bien establecida en Bangladesh\" width=\"800\" height=\"534\" srcset=\"https:\/\/media.acninternational.org\/wp-content\/uploads\/2024\/11\/ACN-20240802-170022-1024x683.jpg 1024w, https:\/\/media.acninternational.org\/wp-content\/uploads\/2024\/11\/ACN-20240802-170022-300x200.jpg 300w, https:\/\/media.acninternational.org\/wp-content\/uploads\/2024\/11\/ACN-20240802-170022-768x512.jpg 768w, https:\/\/media.acninternational.org\/wp-content\/uploads\/2024\/11\/ACN-20240802-170022.jpg 1080w\" sizes=\"auto, (max-width: 800px) 100vw, 800px\" \/><figcaption id=\"caption-attachment-231823\" class=\"wp-caption-text\">Los cristianos son una minor\u00eda peque\u00f1a pero bien establecida en Bangladesh<\/figcaption><\/figure>\n<p>La fuente cuenta que la Iglesia ha establecido un comit\u00e9 interreligioso de expertos legales y otros l\u00edderes que han sido fundamentales para ayudar a las comunidades cristianas a \u00abmantener una situaci\u00f3n pac\u00edfica\u00bb y \u00abapelar a la justicia\u00bb.<\/p>\n<p>ACN ha ayudado a la Iglesia en Bangladesh financiando la construcci\u00f3n de escuelas, iglesias, monasterios y conventos, adem\u00e1s de proporcionar veh\u00edculos para sacerdotes y apoyar programas de formaci\u00f3n para catequistas. \u00abLos catequistas, a menudo, ayudan a los l\u00edderes de las aldeas en la administraci\u00f3n y gesti\u00f3n p\u00fablicas, ya que a veces tienen m\u00e1s formaci\u00f3n que los propios l\u00edderes\u201d, afirma la mencionada fuente. \u201cNosotros formamos a nuestros catequistas en Teolog\u00eda y Doctrina de la Iglesia para que puedan ayudar a gestionar bien las comunidades\u201d.<\/p>\n<p>\u00abLos sacerdotes tambi\u00e9n reciben estipendios de misa de ACN\u201d, contin\u00faa. \u201cEsto es muy necesario porque los ingresos en muchas \u00e1reas son muy bajos y las colectas rinden muy poco. Dios bendiga a ACN por su ayuda\u00bb, concluye la fuente, agradecida.<\/p>\n<p>&nbsp;<\/p>\n","protected":false},"excerpt":{"rendered":"<p>Mientras los grupos islamistas ganan m\u00e1s influencia pol\u00edtica en Bangladesh, fuentes cercanas a \u00a0la Iglesia expresan su creciente preocupaci\u00f3n por<\/p>\n","protected":false},"author":4258341436,"featured_media":231816,"comment_status":"closed","ping_status":"closed","sticky":false,"template":"","format":"standard","meta":{"_acf_changed":false,"_acn_coauthor_ids":[],"footnotes":""},"categories":[575,746],"tags":[],"country":[372],"class_list":["post-231834","post","type-post","status-publish","format-standard","has-post-thumbnail","hentry","category-news","category-noticias","country-bangladesh-es"],"acn_coauthors":[],"acf":[],"yoast_head":"<!-- This site is optimized with the Yoast SEO Premium plugin v27.3 (Yoast SEO v27.3) - https:\/\/yoast.com\/product\/yoast-seo-premium-wordpress\/ -->\n<title>Bangladesh: La radicalizaci\u00f3n impulsa la discriminaci\u00f3n y los ataques contra los cristianos | ACN International<\/title>\n<meta name=\"robots\" content=\"index, follow, max-snippet:-1, max-image-preview:large, max-video-preview:-1\" \/>\n<link rel=\"canonical\" href=\"https:\/\/acninternational.org\/es\/bangladesh-la-radicalizacion-impulsa-la-discriminacion-y-los-ataques-contra-los-cristianos\/\" \/>\n<meta property=\"og:locale\" content=\"es_ES\" \/>\n<meta property=\"og:type\" content=\"article\" \/>\n<meta property=\"og:title\" content=\"Bangladesh: La radicalizaci\u00f3n impulsa la discriminaci\u00f3n y los ataques contra los cristianos\" \/>\n<meta property=\"og:description\" content=\"Mientras los grupos islamistas ganan m\u00e1s influencia pol\u00edtica en Bangladesh, fuentes cercanas a \u00a0la Iglesia expresan su creciente preocupaci\u00f3n por\" \/>\n<meta property=\"og:url\" content=\"https:\/\/acninternational.org\/es\/bangladesh-la-radicalizacion-impulsa-la-discriminacion-y-los-ataques-contra-los-cristianos\/\" \/>\n<meta property=\"og:site_name\" content=\"ACN International\" \/>\n<meta property=\"article:publisher\" content=\"https:\/\/www.facebook.com\/acninternationalorg\" \/>\n<meta property=\"article:published_time\" content=\"2024-11-11T13:33:03+00:00\" \/>\n<meta property=\"article:modified_time\" content=\"2025-08-12T08:28:08+00:00\" \/>\n<meta property=\"og:image\" content=\"https:\/\/media.acninternational.org\/wp-content\/uploads\/2024\/11\/ACN-20241111-175150.jpg\" \/>\n\t<meta property=\"og:image:width\" content=\"1920\" \/>\n\t<meta property=\"og:image:height\" content=\"700\" \/>\n\t<meta property=\"og:image:type\" content=\"image\/jpeg\" \/>\n<meta name=\"author\" content=\"Amy Balog\" \/>\n<meta name=\"twitter:card\" content=\"summary_large_image\" \/>\n<meta name=\"twitter:creator\" content=\"@acn_int\" \/>\n<meta name=\"twitter:site\" content=\"@acn_int\" \/>\n<meta name=\"twitter:label1\" content=\"Escrito por\" \/>\n\t<meta name=\"twitter:data1\" content=\"Amy Balog\" \/>\n\t<meta name=\"twitter:label2\" content=\"Tiempo de lectura\" \/>\n\t<meta name=\"twitter:data2\" content=\"4 minutos\" \/>\n<script type=\"application\/ld+json\" class=\"yoast-schema-graph\">{\"@context\":\"https:\\\/\\\/schema.org\",\"@graph\":[{\"@type\":\"Article\",\"@id\":\"https:\\\/\\\/acninternational.org\\\/es\\\/bangladesh-la-radicalizacion-impulsa-la-discriminacion-y-los-ataques-contra-los-cristianos\\\/#article\",\"isPartOf\":{\"@id\":\"https:\\\/\\\/acninternational.org\\\/es\\\/bangladesh-la-radicalizacion-impulsa-la-discriminacion-y-los-ataques-contra-los-cristianos\\\/\"},\"author\":{\"name\":\"Amy Balog\",\"@id\":\"https:\\\/\\\/acninternational.org\\\/es\\\/#\\\/schema\\\/person\\\/dbea3655181cb408c52ef18eef0f7bfe\"},\"headline\":\"Bangladesh: La radicalizaci\u00f3n impulsa la discriminaci\u00f3n y los ataques contra los cristianos\",\"datePublished\":\"2024-11-11T13:33:03+00:00\",\"dateModified\":\"2025-08-12T08:28:08+00:00\",\"mainEntityOfPage\":{\"@id\":\"https:\\\/\\\/acninternational.org\\\/es\\\/bangladesh-la-radicalizacion-impulsa-la-discriminacion-y-los-ataques-contra-los-cristianos\\\/\"},\"wordCount\":663,\"publisher\":{\"@id\":\"https:\\\/\\\/acninternational.org\\\/es\\\/#organization\"},\"image\":{\"@id\":\"https:\\\/\\\/acninternational.org\\\/es\\\/bangladesh-la-radicalizacion-impulsa-la-discriminacion-y-los-ataques-contra-los-cristianos\\\/#primaryimage\"},\"thumbnailUrl\":\"https:\\\/\\\/media.acninternational.org\\\/wp-content\\\/uploads\\\/2024\\\/11\\\/ACN-20241111-175150.jpg\",\"articleSection\":[\"News\",\"NOTICIAS\"],\"inLanguage\":\"es\"},{\"@type\":\"WebPage\",\"@id\":\"https:\\\/\\\/acninternational.org\\\/es\\\/bangladesh-la-radicalizacion-impulsa-la-discriminacion-y-los-ataques-contra-los-cristianos\\\/\",\"url\":\"https:\\\/\\\/acninternational.org\\\/es\\\/bangladesh-la-radicalizacion-impulsa-la-discriminacion-y-los-ataques-contra-los-cristianos\\\/\",\"name\":\"Bangladesh: La radicalizaci\u00f3n impulsa la discriminaci\u00f3n y los ataques contra los cristianos | ACN International\",\"isPartOf\":{\"@id\":\"https:\\\/\\\/acninternational.org\\\/es\\\/#website\"},\"primaryImageOfPage\":{\"@id\":\"https:\\\/\\\/acninternational.org\\\/es\\\/bangladesh-la-radicalizacion-impulsa-la-discriminacion-y-los-ataques-contra-los-cristianos\\\/#primaryimage\"},\"image\":{\"@id\":\"https:\\\/\\\/acninternational.org\\\/es\\\/bangladesh-la-radicalizacion-impulsa-la-discriminacion-y-los-ataques-contra-los-cristianos\\\/#primaryimage\"},\"thumbnailUrl\":\"https:\\\/\\\/media.acninternational.org\\\/wp-content\\\/uploads\\\/2024\\\/11\\\/ACN-20241111-175150.jpg\",\"datePublished\":\"2024-11-11T13:33:03+00:00\",\"dateModified\":\"2025-08-12T08:28:08+00:00\",\"breadcrumb\":{\"@id\":\"https:\\\/\\\/acninternational.org\\\/es\\\/bangladesh-la-radicalizacion-impulsa-la-discriminacion-y-los-ataques-contra-los-cristianos\\\/#breadcrumb\"},\"inLanguage\":\"es\",\"potentialAction\":[{\"@type\":\"ReadAction\",\"target\":[\"https:\\\/\\\/acninternational.org\\\/es\\\/bangladesh-la-radicalizacion-impulsa-la-discriminacion-y-los-ataques-contra-los-cristianos\\\/\"]}]},{\"@type\":\"ImageObject\",\"inLanguage\":\"es\",\"@id\":\"https:\\\/\\\/acninternational.org\\\/es\\\/bangladesh-la-radicalizacion-impulsa-la-discriminacion-y-los-ataques-contra-los-cristianos\\\/#primaryimage\",\"url\":\"https:\\\/\\\/media.acninternational.org\\\/wp-content\\\/uploads\\\/2024\\\/11\\\/ACN-20241111-175150.jpg\",\"contentUrl\":\"https:\\\/\\\/media.acninternational.org\\\/wp-content\\\/uploads\\\/2024\\\/11\\\/ACN-20241111-175150.jpg\",\"width\":1920,\"height\":700},{\"@type\":\"BreadcrumbList\",\"@id\":\"https:\\\/\\\/acninternational.org\\\/es\\\/bangladesh-la-radicalizacion-impulsa-la-discriminacion-y-los-ataques-contra-los-cristianos\\\/#breadcrumb\",\"itemListElement\":[{\"@type\":\"ListItem\",\"position\":1,\"name\":\"Home\",\"item\":\"https:\\\/\\\/acninternational.org\\\/es\\\/\"},{\"@type\":\"ListItem\",\"position\":2,\"name\":\"NOTICIAS\",\"item\":\"https:\\\/\\\/acninternational.org\\\/es\\\/category\\\/news-es\\\/\"},{\"@type\":\"ListItem\",\"position\":3,\"name\":\"Bangladesh: La radicalizaci\u00f3n impulsa la discriminaci\u00f3n y los ataques contra los cristianos\"}]},{\"@type\":\"WebSite\",\"@id\":\"https:\\\/\\\/acninternational.org\\\/es\\\/#website\",\"url\":\"https:\\\/\\\/acninternational.org\\\/es\\\/\",\"name\":\"ACN International\",\"description\":\"\",\"publisher\":{\"@id\":\"https:\\\/\\\/acninternational.org\\\/es\\\/#organization\"},\"potentialAction\":[{\"@type\":\"SearchAction\",\"target\":{\"@type\":\"EntryPoint\",\"urlTemplate\":\"https:\\\/\\\/acninternational.org\\\/es\\\/?s={search_term_string}\"},\"query-input\":{\"@type\":\"PropertyValueSpecification\",\"valueRequired\":true,\"valueName\":\"search_term_string\"}}],\"inLanguage\":\"es\"},{\"@type\":\"Organization\",\"@id\":\"https:\\\/\\\/acninternational.org\\\/es\\\/#organization\",\"name\":\"Aid to the Church in Need International\",\"url\":\"https:\\\/\\\/acninternational.org\\\/es\\\/\",\"logo\":{\"@type\":\"ImageObject\",\"inLanguage\":\"es\",\"@id\":\"https:\\\/\\\/acninternational.org\\\/es\\\/#\\\/schema\\\/logo\\\/image\\\/\",\"url\":\"https:\\\/\\\/media.acninternational.org\\\/wp-content\\\/uploads\\\/2019\\\/11\\\/acn_logo_blackvector.svg\",\"contentUrl\":\"https:\\\/\\\/media.acninternational.org\\\/wp-content\\\/uploads\\\/2019\\\/11\\\/acn_logo_blackvector.svg\",\"width\":232.6,\"height\":78,\"caption\":\"Aid to the Church in Need International\"},\"image\":{\"@id\":\"https:\\\/\\\/acninternational.org\\\/es\\\/#\\\/schema\\\/logo\\\/image\\\/\"},\"sameAs\":[\"https:\\\/\\\/www.facebook.com\\\/acninternationalorg\",\"https:\\\/\\\/x.com\\\/acn_int\",\"https:\\\/\\\/www.youtube.com\\\/channel\\\/UCQ-077gS0TnVzkhHmf1opZw\",\"https:\\\/\\\/www.instagram.com\\\/acn_international\\\/\"]},{\"@type\":\"Person\",\"@id\":\"https:\\\/\\\/acninternational.org\\\/es\\\/#\\\/schema\\\/person\\\/dbea3655181cb408c52ef18eef0f7bfe\",\"name\":\"Amy Balog\",\"description\":\"Lorem ipsum dolor sit amet, consectetur adipiscing elit, sed do eiusmod tempor incididunt ut labore et dolore magna aliqua. Ut enim ad minim veniam, quis nostrud exercitation ullamco laboris nisi ut aliquip ex ea commodo consequat.\",\"url\":\"https:\\\/\\\/acninternational.org\\\/es\\\/author\\\/amy-balog\\\/\"}]}<\/script>\n<!-- \/ Yoast SEO Premium plugin. -->","yoast_head_json":{"title":"Bangladesh: La radicalizaci\u00f3n impulsa la discriminaci\u00f3n y los ataques contra los cristianos | ACN International","robots":{"index":"index","follow":"follow","max-snippet":"max-snippet:-1","max-image-preview":"max-image-preview:large","max-video-preview":"max-video-preview:-1"},"canonical":"https:\/\/acninternational.org\/es\/bangladesh-la-radicalizacion-impulsa-la-discriminacion-y-los-ataques-contra-los-cristianos\/","og_locale":"es_ES","og_type":"article","og_title":"Bangladesh: La radicalizaci\u00f3n impulsa la discriminaci\u00f3n y los ataques contra los cristianos","og_description":"Mientras los grupos islamistas ganan m\u00e1s influencia pol\u00edtica en Bangladesh, fuentes cercanas a \u00a0la Iglesia expresan su creciente preocupaci\u00f3n por","og_url":"https:\/\/acninternational.org\/es\/bangladesh-la-radicalizacion-impulsa-la-discriminacion-y-los-ataques-contra-los-cristianos\/","og_site_name":"ACN International","article_publisher":"https:\/\/www.facebook.com\/acninternationalorg","article_published_time":"2024-11-11T13:33:03+00:00","article_modified_time":"2025-08-12T08:28:08+00:00","og_image":[{"width":1920,"height":700,"url":"https:\/\/media.acninternational.org\/wp-content\/uploads\/2024\/11\/ACN-20241111-175150.jpg","type":"image\/jpeg"}],"author":"Amy Balog","twitter_card":"summary_large_image","twitter_creator":"@acn_int","twitter_site":"@acn_int","twitter_misc":{"Escrito por":"Amy Balog","Tiempo de lectura":"4 minutos"},"schema":{"@context":"https:\/\/schema.org","@graph":[{"@type":"Article","@id":"https:\/\/acninternational.org\/es\/bangladesh-la-radicalizacion-impulsa-la-discriminacion-y-los-ataques-contra-los-cristianos\/#article","isPartOf":{"@id":"https:\/\/acninternational.org\/es\/bangladesh-la-radicalizacion-impulsa-la-discriminacion-y-los-ataques-contra-los-cristianos\/"},"author":{"name":"Amy Balog","@id":"https:\/\/acninternational.org\/es\/#\/schema\/person\/dbea3655181cb408c52ef18eef0f7bfe"},"headline":"Bangladesh: La radicalizaci\u00f3n impulsa la discriminaci\u00f3n y los ataques contra los cristianos","datePublished":"2024-11-11T13:33:03+00:00","dateModified":"2025-08-12T08:28:08+00:00","mainEntityOfPage":{"@id":"https:\/\/acninternational.org\/es\/bangladesh-la-radicalizacion-impulsa-la-discriminacion-y-los-ataques-contra-los-cristianos\/"},"wordCount":663,"publisher":{"@id":"https:\/\/acninternational.org\/es\/#organization"},"image":{"@id":"https:\/\/acninternational.org\/es\/bangladesh-la-radicalizacion-impulsa-la-discriminacion-y-los-ataques-contra-los-cristianos\/#primaryimage"},"thumbnailUrl":"https:\/\/media.acninternational.org\/wp-content\/uploads\/2024\/11\/ACN-20241111-175150.jpg","articleSection":["News","NOTICIAS"],"inLanguage":"es"},{"@type":"WebPage","@id":"https:\/\/acninternational.org\/es\/bangladesh-la-radicalizacion-impulsa-la-discriminacion-y-los-ataques-contra-los-cristianos\/","url":"https:\/\/acninternational.org\/es\/bangladesh-la-radicalizacion-impulsa-la-discriminacion-y-los-ataques-contra-los-cristianos\/","name":"Bangladesh: La radicalizaci\u00f3n impulsa la discriminaci\u00f3n y los ataques contra los cristianos | ACN International","isPartOf":{"@id":"https:\/\/acninternational.org\/es\/#website"},"primaryImageOfPage":{"@id":"https:\/\/acninternational.org\/es\/bangladesh-la-radicalizacion-impulsa-la-discriminacion-y-los-ataques-contra-los-cristianos\/#primaryimage"},"image":{"@id":"https:\/\/acninternational.org\/es\/bangladesh-la-radicalizacion-impulsa-la-discriminacion-y-los-ataques-contra-los-cristianos\/#primaryimage"},"thumbnailUrl":"https:\/\/media.acninternational.org\/wp-content\/uploads\/2024\/11\/ACN-20241111-175150.jpg","datePublished":"2024-11-11T13:33:03+00:00","dateModified":"2025-08-12T08:28:08+00:00","breadcrumb":{"@id":"https:\/\/acninternational.org\/es\/bangladesh-la-radicalizacion-impulsa-la-discriminacion-y-los-ataques-contra-los-cristianos\/#breadcrumb"},"inLanguage":"es","potentialAction":[{"@type":"ReadAction","target":["https:\/\/acninternational.org\/es\/bangladesh-la-radicalizacion-impulsa-la-discriminacion-y-los-ataques-contra-los-cristianos\/"]}]},{"@type":"ImageObject","inLanguage":"es","@id":"https:\/\/acninternational.org\/es\/bangladesh-la-radicalizacion-impulsa-la-discriminacion-y-los-ataques-contra-los-cristianos\/#primaryimage","url":"https:\/\/media.acninternational.org\/wp-content\/uploads\/2024\/11\/ACN-20241111-175150.jpg","contentUrl":"https:\/\/media.acninternational.org\/wp-content\/uploads\/2024\/11\/ACN-20241111-175150.jpg","width":1920,"height":700},{"@type":"BreadcrumbList","@id":"https:\/\/acninternational.org\/es\/bangladesh-la-radicalizacion-impulsa-la-discriminacion-y-los-ataques-contra-los-cristianos\/#breadcrumb","itemListElement":[{"@type":"ListItem","position":1,"name":"Home","item":"https:\/\/acninternational.org\/es\/"},{"@type":"ListItem","position":2,"name":"NOTICIAS","item":"https:\/\/acninternational.org\/es\/category\/news-es\/"},{"@type":"ListItem","position":3,"name":"Bangladesh: La radicalizaci\u00f3n impulsa la discriminaci\u00f3n y los ataques contra los cristianos"}]},{"@type":"WebSite","@id":"https:\/\/acninternational.org\/es\/#website","url":"https:\/\/acninternational.org\/es\/","name":"ACN International","description":"","publisher":{"@id":"https:\/\/acninternational.org\/es\/#organization"},"potentialAction":[{"@type":"SearchAction","target":{"@type":"EntryPoint","urlTemplate":"https:\/\/acninternational.org\/es\/?s={search_term_string}"},"query-input":{"@type":"PropertyValueSpecification","valueRequired":true,"valueName":"search_term_string"}}],"inLanguage":"es"},{"@type":"Organization","@id":"https:\/\/acninternational.org\/es\/#organization","name":"Aid to the Church in Need International","url":"https:\/\/acninternational.org\/es\/","logo":{"@type":"ImageObject","inLanguage":"es","@id":"https:\/\/acninternational.org\/es\/#\/schema\/logo\/image\/","url":"https:\/\/media.acninternational.org\/wp-content\/uploads\/2019\/11\/acn_logo_blackvector.svg","contentUrl":"https:\/\/media.acninternational.org\/wp-content\/uploads\/2019\/11\/acn_logo_blackvector.svg","width":232.6,"height":78,"caption":"Aid to the Church in Need International"},"image":{"@id":"https:\/\/acninternational.org\/es\/#\/schema\/logo\/image\/"},"sameAs":["https:\/\/www.facebook.com\/acninternationalorg","https:\/\/x.com\/acn_int","https:\/\/www.youtube.com\/channel\/UCQ-077gS0TnVzkhHmf1opZw","https:\/\/www.instagram.com\/acn_international\/"]},{"@type":"Person","@id":"https:\/\/acninternational.org\/es\/#\/schema\/person\/dbea3655181cb408c52ef18eef0f7bfe","name":"Amy Balog","description":"Lorem ipsum dolor sit amet, consectetur adipiscing elit, sed do eiusmod tempor incididunt ut labore et dolore magna aliqua. Ut enim ad minim veniam, quis nostrud exercitation ullamco laboris nisi ut aliquip ex ea commodo consequat.","url":"https:\/\/acninternational.org\/es\/author\/amy-balog\/"}]}},"_links":{"self":[{"href":"https:\/\/acninternational.org\/es\/wp-json\/wp\/v2\/posts\/231834","targetHints":{"allow":["GET"]}}],"collection":[{"href":"https:\/\/acninternational.org\/es\/wp-json\/wp\/v2\/posts"}],"about":[{"href":"https:\/\/acninternational.org\/es\/wp-json\/wp\/v2\/types\/post"}],"author":[{"embeddable":true,"href":"https:\/\/acninternational.org\/es\/wp-json\/wp\/v2\/users\/4258341436"}],"replies":[{"embeddable":true,"href":"https:\/\/acninternational.org\/es\/wp-json\/wp\/v2\/comments?post=231834"}],"version-history":[{"count":1,"href":"https:\/\/acninternational.org\/es\/wp-json\/wp\/v2\/posts\/231834\/revisions"}],"predecessor-version":[{"id":245348,"href":"https:\/\/acninternational.org\/es\/wp-json\/wp\/v2\/posts\/231834\/revisions\/245348"}],"wp:featuredmedia":[{"embeddable":true,"href":"https:\/\/acninternational.org\/es\/wp-json\/wp\/v2\/media\/231816"}],"wp:attachment":[{"href":"https:\/\/acninternational.org\/es\/wp-json\/wp\/v2\/media?parent=231834"}],"wp:term":[{"taxonomy":"category","embeddable":true,"href":"https:\/\/acninternational.org\/es\/wp-json\/wp\/v2\/categories?post=231834"},{"taxonomy":"post_tag","embeddable":true,"href":"https:\/\/acninternational.org\/es\/wp-json\/wp\/v2\/tags?post=231834"},{"taxonomy":"country","embeddable":true,"href":"https:\/\/acninternational.org\/es\/wp-json\/wp\/v2\/country?post=231834"}],"curies":[{"name":"wp","href":"https:\/\/api.w.org\/{rel}","templated":true}]}}