{"id":231693,"date":"2024-11-07T18:01:27","date_gmt":"2024-11-07T17:01:27","guid":{"rendered":"https:\/\/acninternational.org\/?p=231693"},"modified":"2025-08-12T10:28:19","modified_gmt":"2025-08-12T08:28:19","slug":"colombia-atentado-devasta-la-curia-y-la-casa-episcopal-del-vicariato-apostolico-de-guapi","status":"publish","type":"post","link":"https:\/\/acninternational.org\/es\/colombia-atentado-devasta-la-curia-y-la-casa-episcopal-del-vicariato-apostolico-de-guapi\/","title":{"rendered":"Colombia: Atentado devasta la curia y la casa episcopal del Vicariato Apost\u00f3lico de Guapi"},"content":{"rendered":"<p>7 de noviembre de 2024 \u2013 Bogot\u00e1\/K\u00f6nigstein &#8211; En la madrugada del pasado 2 de noviembre, un violento atentado terrorista dirigido a la estaci\u00f3n de polic\u00eda del municipio de Guapi, en el suroccidente colombiano, mat\u00f3 a tres personas y destruy\u00f3 en gran parte las instalaciones de la curia y la residencia episcopal del Vicariato Apost\u00f3lico de Guapi.<\/p>\n<p>La explosi\u00f3n dej\u00f3 las estructuras eclesi\u00e1sticas \u201cpr\u00e1cticamente destruidas, destruy\u00f3 las paredes, puertas, ventanas y el techo de la curia y de la casa episcopal, dej\u00e1ndolas en ruinas\u201d seg\u00fan expres\u00f3 el Padre Arnulfo Moreno Qui\u00f1onez, provicario de Guapi, quien manifest\u00f3 su dolor por el impacto del ataque en las vidas humanas y en la moral de la comunidad. \u201cLamentamos la p\u00e9rdida de vidas, el dolor de los heridos, el llanto de las familias y la desesperanza de una sociedad que anhela vivir en paz,\u201d declar\u00f3 el Padre Moreno, socio de proyectos de la fundaci\u00f3n internacional Aid to the Church in Need (ACN).<\/p>\n<figure id=\"attachment_231675\" aria-describedby=\"caption-attachment-231675\" style=\"width: 575px\" class=\"wp-caption aligncenter\"><img loading=\"lazy\" decoding=\"async\" class=\"wp-image-231675 size-large\" src=\"https:\/\/media.acninternational.org\/wp-content\/uploads\/2024\/11\/ACN-20241107-175001-575x1024.jpg\" alt=\"Padre Arnulfo Moreno Qui\u00f1onez, Provicario de Guapi \" width=\"575\" height=\"1024\" srcset=\"https:\/\/media.acninternational.org\/wp-content\/uploads\/2024\/11\/ACN-20241107-175001-575x1024.jpg 575w, https:\/\/media.acninternational.org\/wp-content\/uploads\/2024\/11\/ACN-20241107-175001-168x300.jpg 168w, https:\/\/media.acninternational.org\/wp-content\/uploads\/2024\/11\/ACN-20241107-175001.jpg 720w\" sizes=\"auto, (max-width: 575px) 100vw, 575px\" \/><figcaption id=\"caption-attachment-231675\" class=\"wp-caption-text\">Padre Arnulfo Moreno Qui\u00f1onez, Provicario de Guapi<\/figcaption><\/figure>\n<p>Ubicado cerca de la costa del Pac\u00edfico, el Vicariato Apost\u00f3lico de Guapi se encuentra en una regi\u00f3n con profundas necesidades materiales, espirituales y humanas, frecuentemente afectada por conflictos, tensiones y la violencia de grupos armados al margen de la ley. El reciente ataque fue presuntamente perpetrado por un grupo guerrillero e iba probablemente dirigido a la estaci\u00f3n de polic\u00eda que se encuentra muy cerca de la curia, pero que por alg\u00fan motivo explot\u00f3 en mitad de la plaza principal de la localidad. \u201cFue antes de las cinco de la ma\u00f1ana, despu\u00e9s de un tiroteo, lo que evit\u00f3 una mayor tragedia, porque ah\u00ed suelen jugar muchos ni\u00f1os y hay mucha actividad a otras horas del dia. Es un hecho lamentable para nosotros y para el pueblo guapire\u00f1o,\u201d agreg\u00f3 el Padre Moreno. \u201cPero con la ayuda de Dios y sus oraciones, seguiremos adelante\u201d. Gracias a Dios el sacerdote que duerme en la curia hab\u00eda salido a misi\u00f3n sino tambi\u00e9n hubiera sido victima de la explosi\u00f3n. \u201cLas p\u00e9rdidas materiales se pueden reconstruir, las humanas son mas dif\u00edciles\u201d, dice apenado.<\/p>\n<p>Ante estos hechos, la Conferencia Episcopal de Colombia emiti\u00f3 un comunicado condenando en\u00e9rgicamente el ataque y subrayando el efecto devastador que este tipo de acciones tiene sobre la paz y la estabilidad social. \u201cRechazamos de manera contundente las acciones criminales de quienes intentan sembrar p\u00e1nico y desolaci\u00f3n, afectando la tranquilidad de las poblaciones y desestabilizando el orden social. A ellos les hacemos un llamado a dejar la v\u00eda del terror y apostar por el di\u00e1logo, que es el \u00fanico sendero que nos conducir\u00e1 a la paz,\u201d indica la declaraci\u00f3n.<\/p>\n<p>En la misma l\u00ednea, el Padre Moreno hace un llamado a la comunidad para rechazar la violencia. \u201cInvitamos a todos a apartarse de los caminos de p\u00e1nico y muerte y a acercarse a los caminos del di\u00e1logo y la reconciliaci\u00f3n, para que podamos construir juntos y disfrutar en hermandad de la paz.\u201d<\/p>\n<figure id=\"attachment_231681\" aria-describedby=\"caption-attachment-231681\" style=\"width: 800px\" class=\"wp-caption aligncenter\"><img loading=\"lazy\" decoding=\"async\" class=\"wp-image-231681 size-large\" src=\"https:\/\/media.acninternational.org\/wp-content\/uploads\/2024\/11\/ACN-20241107-174962-1024x768.jpg\" alt=\"Atentado terrorista destruye la curia y el obispado del Vicariato Apost\u00f3lico de Guapi\" width=\"800\" height=\"600\" srcset=\"https:\/\/media.acninternational.org\/wp-content\/uploads\/2024\/11\/ACN-20241107-174962-1024x768.jpg 1024w, https:\/\/media.acninternational.org\/wp-content\/uploads\/2024\/11\/ACN-20241107-174962-300x225.jpg 300w, https:\/\/media.acninternational.org\/wp-content\/uploads\/2024\/11\/ACN-20241107-174962-768x576.jpg 768w, https:\/\/media.acninternational.org\/wp-content\/uploads\/2024\/11\/ACN-20241107-174962.jpg 1080w\" sizes=\"auto, (max-width: 800px) 100vw, 800px\" \/><figcaption id=\"caption-attachment-231681\" class=\"wp-caption-text\">Atentado terrorista destruye la curia y el obispado del Vicariato Apost\u00f3lico de Guapi<\/figcaption><\/figure>\n<p>La regi\u00f3n del Pac\u00edfico caucano, donde se encuentra Guapi, ha sido durante los \u00faltimos 40 \u00a0a\u00f1os epicentro de diversos conflictos. Desde la d\u00e9cada de 1980, el narcotr\u00e1fico ha estado presente aprovechando que la zona funciona como puerto de embarque y salida al oc\u00e9ano. Las incursiones guerrilleras y la miner\u00eda ilegal han consolidado un entorno de violencia, agudizado por la escasa presencia estatal. Actualmente, Guapi es foco de enfrentamientos armados entre disidencias de las FARC y el Ej\u00e9rcito de Liberaci\u00f3n Nacional (ELN).<\/p>\n<p>ACN hace un llamado a orar por la paz en esta regi\u00f3n, donde la violencia y los conflictos golpean a las comunidades m\u00e1s vulnerables. A pesar de la dificil situaci\u00f3n, ACN ha visitado Guapi en varias ocasiones durante este a\u00f1o, conociendo de primera mano las dificultades de la regi\u00f3n y evaluando futuros proyectos. La Fundaci\u00f3n ya ha brindado apoyo al vicariato con medios de transporte esenciales, como botes y motores fuera de borda, y con la formaci\u00f3n de catequistas, fortaleciendo as\u00ed el trabajo pastoral y comunitario en esta zona.<\/p>\n<p>&nbsp;<\/p>\n","protected":false},"excerpt":{"rendered":"<p>7 de noviembre de 2024 \u2013 Bogot\u00e1\/K\u00f6nigstein &#8211; En la madrugada del pasado 2 de noviembre, un violento atentado terrorista<\/p>\n","protected":false},"author":4258341444,"featured_media":231674,"comment_status":"closed","ping_status":"closed","sticky":false,"template":"","format":"standard","meta":{"_acf_changed":false,"_acn_coauthor_ids":[],"_acn_featured_article":false,"footnotes":""},"categories":[575,746],"tags":[],"country":[380],"class_list":["post-231693","post","type-post","status-publish","format-standard","has-post-thumbnail","hentry","category-news","category-noticias","country-colombia-es"],"acn_coauthors":[],"acf":[],"yoast_head":"<!-- This site is optimized with the Yoast SEO Premium plugin v27.5 (Yoast SEO v27.5) - https:\/\/yoast.com\/product\/yoast-seo-premium-wordpress\/ -->\n<title>Colombia: Atentado devasta la curia y la casa episcopal del Vicariato Apost\u00f3lico de Guapi | ACN International<\/title>\n<meta name=\"robots\" content=\"index, follow, max-snippet:-1, max-image-preview:large, max-video-preview:-1\" \/>\n<link rel=\"canonical\" href=\"https:\/\/acninternational.org\/es\/colombia-atentado-devasta-la-curia-y-la-casa-episcopal-del-vicariato-apostolico-de-guapi\/\" \/>\n<meta property=\"og:locale\" content=\"es_ES\" \/>\n<meta property=\"og:type\" content=\"article\" \/>\n<meta property=\"og:title\" content=\"Colombia: Atentado devasta la curia y la casa episcopal del Vicariato Apost\u00f3lico de Guapi\" \/>\n<meta property=\"og:description\" content=\"7 de noviembre de 2024 \u2013 Bogot\u00e1\/K\u00f6nigstein - En la madrugada del pasado 2 de noviembre, un violento atentado terrorista\" \/>\n<meta property=\"og:url\" content=\"https:\/\/acninternational.org\/es\/colombia-atentado-devasta-la-curia-y-la-casa-episcopal-del-vicariato-apostolico-de-guapi\/\" \/>\n<meta property=\"og:site_name\" content=\"ACN International\" \/>\n<meta property=\"article:publisher\" content=\"https:\/\/www.facebook.com\/acninternationalorg\" \/>\n<meta property=\"article:published_time\" content=\"2024-11-07T17:01:27+00:00\" \/>\n<meta property=\"article:modified_time\" content=\"2025-08-12T08:28:19+00:00\" \/>\n<meta property=\"og:image\" content=\"https:\/\/media.acninternational.org\/wp-content\/uploads\/2024\/11\/ACN-20241107-174941.jpg\" \/>\n\t<meta property=\"og:image:width\" content=\"1920\" \/>\n\t<meta property=\"og:image:height\" content=\"700\" \/>\n\t<meta property=\"og:image:type\" content=\"image\/jpeg\" \/>\n<meta name=\"author\" content=\"Hernan Cadena\" \/>\n<meta name=\"twitter:card\" content=\"summary_large_image\" \/>\n<meta name=\"twitter:creator\" content=\"@acn_int\" \/>\n<meta name=\"twitter:site\" content=\"@acn_int\" \/>\n<meta name=\"twitter:label1\" content=\"Escrito por\" \/>\n\t<meta name=\"twitter:data1\" content=\"Hernan Cadena\" \/>\n\t<meta name=\"twitter:label2\" content=\"Tiempo de lectura\" \/>\n\t<meta name=\"twitter:data2\" content=\"4 minutos\" \/>\n<script type=\"application\/ld+json\" class=\"yoast-schema-graph\">{\"@context\":\"https:\\\/\\\/schema.org\",\"@graph\":[{\"@type\":\"Article\",\"@id\":\"https:\\\/\\\/acninternational.org\\\/es\\\/colombia-atentado-devasta-la-curia-y-la-casa-episcopal-del-vicariato-apostolico-de-guapi\\\/#article\",\"isPartOf\":{\"@id\":\"https:\\\/\\\/acninternational.org\\\/es\\\/colombia-atentado-devasta-la-curia-y-la-casa-episcopal-del-vicariato-apostolico-de-guapi\\\/\"},\"author\":{\"name\":\"Hernan Cadena\",\"@id\":\"https:\\\/\\\/acninternational.org\\\/es\\\/#\\\/schema\\\/person\\\/5a1553600ff2ff8a881a6f2949994c5a\"},\"headline\":\"Colombia: Atentado devasta la curia y la casa episcopal del Vicariato Apost\u00f3lico de Guapi\",\"datePublished\":\"2024-11-07T17:01:27+00:00\",\"dateModified\":\"2025-08-12T08:28:19+00:00\",\"mainEntityOfPage\":{\"@id\":\"https:\\\/\\\/acninternational.org\\\/es\\\/colombia-atentado-devasta-la-curia-y-la-casa-episcopal-del-vicariato-apostolico-de-guapi\\\/\"},\"wordCount\":746,\"publisher\":{\"@id\":\"https:\\\/\\\/acninternational.org\\\/es\\\/#organization\"},\"image\":{\"@id\":\"https:\\\/\\\/acninternational.org\\\/es\\\/colombia-atentado-devasta-la-curia-y-la-casa-episcopal-del-vicariato-apostolico-de-guapi\\\/#primaryimage\"},\"thumbnailUrl\":\"https:\\\/\\\/media.acninternational.org\\\/wp-content\\\/uploads\\\/2024\\\/11\\\/ACN-20241107-174941.jpg\",\"articleSection\":[\"News\",\"NOTICIAS\"],\"inLanguage\":\"es\"},{\"@type\":\"WebPage\",\"@id\":\"https:\\\/\\\/acninternational.org\\\/es\\\/colombia-atentado-devasta-la-curia-y-la-casa-episcopal-del-vicariato-apostolico-de-guapi\\\/\",\"url\":\"https:\\\/\\\/acninternational.org\\\/es\\\/colombia-atentado-devasta-la-curia-y-la-casa-episcopal-del-vicariato-apostolico-de-guapi\\\/\",\"name\":\"Colombia: Atentado devasta la curia y la casa episcopal del Vicariato Apost\u00f3lico de Guapi | ACN International\",\"isPartOf\":{\"@id\":\"https:\\\/\\\/acninternational.org\\\/es\\\/#website\"},\"primaryImageOfPage\":{\"@id\":\"https:\\\/\\\/acninternational.org\\\/es\\\/colombia-atentado-devasta-la-curia-y-la-casa-episcopal-del-vicariato-apostolico-de-guapi\\\/#primaryimage\"},\"image\":{\"@id\":\"https:\\\/\\\/acninternational.org\\\/es\\\/colombia-atentado-devasta-la-curia-y-la-casa-episcopal-del-vicariato-apostolico-de-guapi\\\/#primaryimage\"},\"thumbnailUrl\":\"https:\\\/\\\/media.acninternational.org\\\/wp-content\\\/uploads\\\/2024\\\/11\\\/ACN-20241107-174941.jpg\",\"datePublished\":\"2024-11-07T17:01:27+00:00\",\"dateModified\":\"2025-08-12T08:28:19+00:00\",\"breadcrumb\":{\"@id\":\"https:\\\/\\\/acninternational.org\\\/es\\\/colombia-atentado-devasta-la-curia-y-la-casa-episcopal-del-vicariato-apostolico-de-guapi\\\/#breadcrumb\"},\"inLanguage\":\"es\",\"potentialAction\":[{\"@type\":\"ReadAction\",\"target\":[\"https:\\\/\\\/acninternational.org\\\/es\\\/colombia-atentado-devasta-la-curia-y-la-casa-episcopal-del-vicariato-apostolico-de-guapi\\\/\"]}]},{\"@type\":\"ImageObject\",\"inLanguage\":\"es\",\"@id\":\"https:\\\/\\\/acninternational.org\\\/es\\\/colombia-atentado-devasta-la-curia-y-la-casa-episcopal-del-vicariato-apostolico-de-guapi\\\/#primaryimage\",\"url\":\"https:\\\/\\\/media.acninternational.org\\\/wp-content\\\/uploads\\\/2024\\\/11\\\/ACN-20241107-174941.jpg\",\"contentUrl\":\"https:\\\/\\\/media.acninternational.org\\\/wp-content\\\/uploads\\\/2024\\\/11\\\/ACN-20241107-174941.jpg\",\"width\":1920,\"height\":700},{\"@type\":\"BreadcrumbList\",\"@id\":\"https:\\\/\\\/acninternational.org\\\/es\\\/colombia-atentado-devasta-la-curia-y-la-casa-episcopal-del-vicariato-apostolico-de-guapi\\\/#breadcrumb\",\"itemListElement\":[{\"@type\":\"ListItem\",\"position\":1,\"name\":\"Home\",\"item\":\"https:\\\/\\\/acninternational.org\\\/es\\\/\"},{\"@type\":\"ListItem\",\"position\":2,\"name\":\"NOTICIAS\",\"item\":\"https:\\\/\\\/acninternational.org\\\/es\\\/category\\\/news-es\\\/\"},{\"@type\":\"ListItem\",\"position\":3,\"name\":\"Colombia: Atentado devasta la curia y la casa episcopal del Vicariato Apost\u00f3lico de Guapi\"}]},{\"@type\":\"WebSite\",\"@id\":\"https:\\\/\\\/acninternational.org\\\/es\\\/#website\",\"url\":\"https:\\\/\\\/acninternational.org\\\/es\\\/\",\"name\":\"ACN International\",\"description\":\"\",\"publisher\":{\"@id\":\"https:\\\/\\\/acninternational.org\\\/es\\\/#organization\"},\"potentialAction\":[{\"@type\":\"SearchAction\",\"target\":{\"@type\":\"EntryPoint\",\"urlTemplate\":\"https:\\\/\\\/acninternational.org\\\/es\\\/?s={search_term_string}\"},\"query-input\":{\"@type\":\"PropertyValueSpecification\",\"valueRequired\":true,\"valueName\":\"search_term_string\"}}],\"inLanguage\":\"es\"},{\"@type\":\"Organization\",\"@id\":\"https:\\\/\\\/acninternational.org\\\/es\\\/#organization\",\"name\":\"Aid to the Church in Need International\",\"url\":\"https:\\\/\\\/acninternational.org\\\/es\\\/\",\"logo\":{\"@type\":\"ImageObject\",\"inLanguage\":\"es\",\"@id\":\"https:\\\/\\\/acninternational.org\\\/es\\\/#\\\/schema\\\/logo\\\/image\\\/\",\"url\":\"https:\\\/\\\/media.acninternational.org\\\/wp-content\\\/uploads\\\/2019\\\/11\\\/acn_logo_blackvector.svg\",\"contentUrl\":\"https:\\\/\\\/media.acninternational.org\\\/wp-content\\\/uploads\\\/2019\\\/11\\\/acn_logo_blackvector.svg\",\"width\":232.6,\"height\":78,\"caption\":\"Aid to the Church in Need International\"},\"image\":{\"@id\":\"https:\\\/\\\/acninternational.org\\\/es\\\/#\\\/schema\\\/logo\\\/image\\\/\"},\"sameAs\":[\"https:\\\/\\\/www.facebook.com\\\/acninternationalorg\",\"https:\\\/\\\/x.com\\\/acn_int\",\"https:\\\/\\\/www.youtube.com\\\/channel\\\/UCQ-077gS0TnVzkhHmf1opZw\",\"https:\\\/\\\/www.instagram.com\\\/acn_international\\\/\"]},{\"@type\":\"Person\",\"@id\":\"https:\\\/\\\/acninternational.org\\\/es\\\/#\\\/schema\\\/person\\\/5a1553600ff2ff8a881a6f2949994c5a\",\"name\":\"Hernan Cadena\",\"description\":\"Lorem ipsum dolor sit amet, consectetur adipiscing elit, sed do eiusmod tempor incididunt ut labore et dolore magna aliqua. Ut enim ad minim veniam, quis nostrud exercitation ullamco laboris nisi ut aliquip ex ea commodo consequat.\",\"url\":\"https:\\\/\\\/acninternational.org\\\/es\\\/author\\\/hernan-cadena\\\/\"}]}<\/script>\n<!-- \/ Yoast SEO Premium plugin. -->","yoast_head_json":{"title":"Colombia: Atentado devasta la curia y la casa episcopal del Vicariato Apost\u00f3lico de Guapi | ACN International","robots":{"index":"index","follow":"follow","max-snippet":"max-snippet:-1","max-image-preview":"max-image-preview:large","max-video-preview":"max-video-preview:-1"},"canonical":"https:\/\/acninternational.org\/es\/colombia-atentado-devasta-la-curia-y-la-casa-episcopal-del-vicariato-apostolico-de-guapi\/","og_locale":"es_ES","og_type":"article","og_title":"Colombia: Atentado devasta la curia y la casa episcopal del Vicariato Apost\u00f3lico de Guapi","og_description":"7 de noviembre de 2024 \u2013 Bogot\u00e1\/K\u00f6nigstein - En la madrugada del pasado 2 de noviembre, un violento atentado terrorista","og_url":"https:\/\/acninternational.org\/es\/colombia-atentado-devasta-la-curia-y-la-casa-episcopal-del-vicariato-apostolico-de-guapi\/","og_site_name":"ACN International","article_publisher":"https:\/\/www.facebook.com\/acninternationalorg","article_published_time":"2024-11-07T17:01:27+00:00","article_modified_time":"2025-08-12T08:28:19+00:00","og_image":[{"width":1920,"height":700,"url":"https:\/\/media.acninternational.org\/wp-content\/uploads\/2024\/11\/ACN-20241107-174941.jpg","type":"image\/jpeg"}],"author":"Hernan Cadena","twitter_card":"summary_large_image","twitter_creator":"@acn_int","twitter_site":"@acn_int","twitter_misc":{"Escrito por":"Hernan Cadena","Tiempo de lectura":"4 minutos"},"schema":{"@context":"https:\/\/schema.org","@graph":[{"@type":"Article","@id":"https:\/\/acninternational.org\/es\/colombia-atentado-devasta-la-curia-y-la-casa-episcopal-del-vicariato-apostolico-de-guapi\/#article","isPartOf":{"@id":"https:\/\/acninternational.org\/es\/colombia-atentado-devasta-la-curia-y-la-casa-episcopal-del-vicariato-apostolico-de-guapi\/"},"author":{"name":"Hernan Cadena","@id":"https:\/\/acninternational.org\/es\/#\/schema\/person\/5a1553600ff2ff8a881a6f2949994c5a"},"headline":"Colombia: Atentado devasta la curia y la casa episcopal del Vicariato Apost\u00f3lico de Guapi","datePublished":"2024-11-07T17:01:27+00:00","dateModified":"2025-08-12T08:28:19+00:00","mainEntityOfPage":{"@id":"https:\/\/acninternational.org\/es\/colombia-atentado-devasta-la-curia-y-la-casa-episcopal-del-vicariato-apostolico-de-guapi\/"},"wordCount":746,"publisher":{"@id":"https:\/\/acninternational.org\/es\/#organization"},"image":{"@id":"https:\/\/acninternational.org\/es\/colombia-atentado-devasta-la-curia-y-la-casa-episcopal-del-vicariato-apostolico-de-guapi\/#primaryimage"},"thumbnailUrl":"https:\/\/media.acninternational.org\/wp-content\/uploads\/2024\/11\/ACN-20241107-174941.jpg","articleSection":["News","NOTICIAS"],"inLanguage":"es"},{"@type":"WebPage","@id":"https:\/\/acninternational.org\/es\/colombia-atentado-devasta-la-curia-y-la-casa-episcopal-del-vicariato-apostolico-de-guapi\/","url":"https:\/\/acninternational.org\/es\/colombia-atentado-devasta-la-curia-y-la-casa-episcopal-del-vicariato-apostolico-de-guapi\/","name":"Colombia: Atentado devasta la curia y la casa episcopal del Vicariato Apost\u00f3lico de Guapi | ACN International","isPartOf":{"@id":"https:\/\/acninternational.org\/es\/#website"},"primaryImageOfPage":{"@id":"https:\/\/acninternational.org\/es\/colombia-atentado-devasta-la-curia-y-la-casa-episcopal-del-vicariato-apostolico-de-guapi\/#primaryimage"},"image":{"@id":"https:\/\/acninternational.org\/es\/colombia-atentado-devasta-la-curia-y-la-casa-episcopal-del-vicariato-apostolico-de-guapi\/#primaryimage"},"thumbnailUrl":"https:\/\/media.acninternational.org\/wp-content\/uploads\/2024\/11\/ACN-20241107-174941.jpg","datePublished":"2024-11-07T17:01:27+00:00","dateModified":"2025-08-12T08:28:19+00:00","breadcrumb":{"@id":"https:\/\/acninternational.org\/es\/colombia-atentado-devasta-la-curia-y-la-casa-episcopal-del-vicariato-apostolico-de-guapi\/#breadcrumb"},"inLanguage":"es","potentialAction":[{"@type":"ReadAction","target":["https:\/\/acninternational.org\/es\/colombia-atentado-devasta-la-curia-y-la-casa-episcopal-del-vicariato-apostolico-de-guapi\/"]}]},{"@type":"ImageObject","inLanguage":"es","@id":"https:\/\/acninternational.org\/es\/colombia-atentado-devasta-la-curia-y-la-casa-episcopal-del-vicariato-apostolico-de-guapi\/#primaryimage","url":"https:\/\/media.acninternational.org\/wp-content\/uploads\/2024\/11\/ACN-20241107-174941.jpg","contentUrl":"https:\/\/media.acninternational.org\/wp-content\/uploads\/2024\/11\/ACN-20241107-174941.jpg","width":1920,"height":700},{"@type":"BreadcrumbList","@id":"https:\/\/acninternational.org\/es\/colombia-atentado-devasta-la-curia-y-la-casa-episcopal-del-vicariato-apostolico-de-guapi\/#breadcrumb","itemListElement":[{"@type":"ListItem","position":1,"name":"Home","item":"https:\/\/acninternational.org\/es\/"},{"@type":"ListItem","position":2,"name":"NOTICIAS","item":"https:\/\/acninternational.org\/es\/category\/news-es\/"},{"@type":"ListItem","position":3,"name":"Colombia: Atentado devasta la curia y la casa episcopal del Vicariato Apost\u00f3lico de Guapi"}]},{"@type":"WebSite","@id":"https:\/\/acninternational.org\/es\/#website","url":"https:\/\/acninternational.org\/es\/","name":"ACN International","description":"","publisher":{"@id":"https:\/\/acninternational.org\/es\/#organization"},"potentialAction":[{"@type":"SearchAction","target":{"@type":"EntryPoint","urlTemplate":"https:\/\/acninternational.org\/es\/?s={search_term_string}"},"query-input":{"@type":"PropertyValueSpecification","valueRequired":true,"valueName":"search_term_string"}}],"inLanguage":"es"},{"@type":"Organization","@id":"https:\/\/acninternational.org\/es\/#organization","name":"Aid to the Church in Need International","url":"https:\/\/acninternational.org\/es\/","logo":{"@type":"ImageObject","inLanguage":"es","@id":"https:\/\/acninternational.org\/es\/#\/schema\/logo\/image\/","url":"https:\/\/media.acninternational.org\/wp-content\/uploads\/2019\/11\/acn_logo_blackvector.svg","contentUrl":"https:\/\/media.acninternational.org\/wp-content\/uploads\/2019\/11\/acn_logo_blackvector.svg","width":232.6,"height":78,"caption":"Aid to the Church in Need International"},"image":{"@id":"https:\/\/acninternational.org\/es\/#\/schema\/logo\/image\/"},"sameAs":["https:\/\/www.facebook.com\/acninternationalorg","https:\/\/x.com\/acn_int","https:\/\/www.youtube.com\/channel\/UCQ-077gS0TnVzkhHmf1opZw","https:\/\/www.instagram.com\/acn_international\/"]},{"@type":"Person","@id":"https:\/\/acninternational.org\/es\/#\/schema\/person\/5a1553600ff2ff8a881a6f2949994c5a","name":"Hernan Cadena","description":"Lorem ipsum dolor sit amet, consectetur adipiscing elit, sed do eiusmod tempor incididunt ut labore et dolore magna aliqua. Ut enim ad minim veniam, quis nostrud exercitation ullamco laboris nisi ut aliquip ex ea commodo consequat.","url":"https:\/\/acninternational.org\/es\/author\/hernan-cadena\/"}]}},"_links":{"self":[{"href":"https:\/\/acninternational.org\/es\/wp-json\/wp\/v2\/posts\/231693","targetHints":{"allow":["GET"]}}],"collection":[{"href":"https:\/\/acninternational.org\/es\/wp-json\/wp\/v2\/posts"}],"about":[{"href":"https:\/\/acninternational.org\/es\/wp-json\/wp\/v2\/types\/post"}],"author":[{"embeddable":true,"href":"https:\/\/acninternational.org\/es\/wp-json\/wp\/v2\/users\/4258341444"}],"replies":[{"embeddable":true,"href":"https:\/\/acninternational.org\/es\/wp-json\/wp\/v2\/comments?post=231693"}],"version-history":[{"count":1,"href":"https:\/\/acninternational.org\/es\/wp-json\/wp\/v2\/posts\/231693\/revisions"}],"predecessor-version":[{"id":245357,"href":"https:\/\/acninternational.org\/es\/wp-json\/wp\/v2\/posts\/231693\/revisions\/245357"}],"wp:featuredmedia":[{"embeddable":true,"href":"https:\/\/acninternational.org\/es\/wp-json\/wp\/v2\/media\/231674"}],"wp:attachment":[{"href":"https:\/\/acninternational.org\/es\/wp-json\/wp\/v2\/media?parent=231693"}],"wp:term":[{"taxonomy":"category","embeddable":true,"href":"https:\/\/acninternational.org\/es\/wp-json\/wp\/v2\/categories?post=231693"},{"taxonomy":"post_tag","embeddable":true,"href":"https:\/\/acninternational.org\/es\/wp-json\/wp\/v2\/tags?post=231693"},{"taxonomy":"country","embeddable":true,"href":"https:\/\/acninternational.org\/es\/wp-json\/wp\/v2\/country?post=231693"}],"curies":[{"name":"wp","href":"https:\/\/api.w.org\/{rel}","templated":true}]}}