{"id":231503,"date":"2024-11-04T16:55:40","date_gmt":"2024-11-04T15:55:40","guid":{"rendered":"https:\/\/acninternational.org\/?p=231503"},"modified":"2025-08-12T10:28:29","modified_gmt":"2025-08-12T08:28:29","slug":"burkina-faso-sacerdote-pide-oraciones-tras-tres-nuevos-ataques-terroristas-en-el-este-del-pais","status":"publish","type":"post","link":"https:\/\/acninternational.org\/es\/burkina-faso-sacerdote-pide-oraciones-tras-tres-nuevos-ataques-terroristas-en-el-este-del-pais\/","title":{"rendered":"Burkina Faso: sacerdote pide oraciones tras tres nuevos ataques terroristas en el este del pa\u00eds"},"content":{"rendered":"<p><em>La di\u00f3cesis de Fada N&#8217;Gourma ha sido sacudida por nuevos ataques terroristas en los distritos parroquiales de Piela y Saatenga, causando la muerte de varias personas e importantes da\u00f1os materiales. Estas agresiones se dan en un contexto de persistente violencia terrorista en el pa\u00eds desde 2015.<\/em><\/p>\n<p>\u201cLos ataques se multiplican. Nos encomendamos a vuestras fervientes oraciones. Rezad por las v\u00edctimas y por los supervivientes que se sienten atemorizados\u201d, ha dicho un sacerdote de la di\u00f3cesis de Fada N&#8217;Gourma a la fundaci\u00f3n pontificia internacional Aid to the Church in Need (ACN).<\/p>\n<p>A principios de octubre, al menos\u00a0 <a href=\"https:\/\/acninternational.org\/es\/burkina-faso-terroristas-llevan-a-cabo-una-brutal-masacre-durante-tres-dias\/\" target=\"_blank\" rel=\"noopener\">150 personas fueron asesinadas por terroristas en Manni<\/a>, en la misma di\u00f3cesis. En esta ocasi\u00f3n un centenar de terroristas atacaron Zi\u00e9la y Kombembgo, dos pueblos de la parroquia de Saatenga, al suroeste de Fada N&#8217;Gourma, en el este de Burkina Faso.<\/p>\n<p>En Zi\u00e9la, los terroristas irrumpieron con disparos el domingo 20 de octubre, hacia las diez de la ma\u00f1ana, cuando los habitantes volv\u00edan a sus quehaceres despu\u00e9s de la oraci\u00f3n dominical. Los hombres trataron inmediatamente de huir y esconderse porque, como ha explicado a ACN una fuente local, los terroristan \u201catacan sobre todo a varones en edad de combatir y no directamente a mujeres, ni\u00f1os o ancianos\u201d. Sin embargo, \u201cuna ni\u00f1a cristiana que intentaba huir de su casa fue asesinada por error porque los terroristas la confundieron con un adulto\u201d, precis\u00f3 la fuente, que prefiere permanecer anonima por miedo a represalias.<\/p>\n<figure id=\"attachment_231486\" aria-describedby=\"caption-attachment-231486\" style=\"width: 720px\" class=\"wp-caption aligncenter\"><img loading=\"lazy\" decoding=\"async\" class=\"wp-image-231486 size-full\" src=\"https:\/\/media.acninternational.org\/wp-content\/uploads\/2024\/11\/ACN-20241104-174675.jpg\" alt=\"Destrucci\u00f3n en el pueblo de Kouri tras el ataque terrorista del 19 de octubre de 2024\" width=\"720\" height=\"960\" srcset=\"https:\/\/media.acninternational.org\/wp-content\/uploads\/2024\/11\/ACN-20241104-174675.jpg 720w, https:\/\/media.acninternational.org\/wp-content\/uploads\/2024\/11\/ACN-20241104-174675-225x300.jpg 225w\" sizes=\"auto, (max-width: 720px) 100vw, 720px\" \/><figcaption id=\"caption-attachment-231486\" class=\"wp-caption-text\">Destrucci\u00f3n en el pueblo de Kouri tras el ataque terrorista del 19 de octubre de 2024<\/figcaption><\/figure>\n<p>Seg\u00fan la misma fuente, los terroristas incendiaron numerosas casas pertenecientes tanto a familias cristianas como musulmanas. Entre las casas atacadas estaba la del catequista, que se encontraba fuera de la localidad en el momento del ataque. Su mujer, que se encontraba con tres de sus hijos peque\u00f1os, fue agredida y su casa saqueada e incendiada. \u201cLa familia est\u00e1 sana y salva,\u00a0 el hecho de que el marido estuviera ausente le salv\u00f3 la vida\u201d, ha informado la fuente local a ACN.<\/p>\n<p>Los catequistas est\u00e1n en estos momentos en el punto de mira de la violencia del pa\u00eds, al ser los que han quedado a cargo de los fieles en muchas aldeas. Sin embargo, no todos tienen la misma suerte que en Zi\u00e9la: \u201cHace apenas seis meses, <a href=\"https:\/\/acninternational.org\/es\/ultima-hora-catequista-secuestrado-y-asesinado-en-burkina-faso\/\" target=\"_blank\" rel=\"noopener\">\u00c9douard Yougbar\u00e9<\/a>,\u00a0 catequista de Pouargoguin &#8211; a siete kil\u00f3metros de Saatenga-, fue atrozmente degollado, dejando atr\u00e1s viuda y ocho hijos. Sus \u00faltimas palabras fueron: \u201c\u00a1Se\u00f1or Jes\u00fas, ven a salvarme! Se\u00f1or Jes\u00fas, \u00a1ven y s\u00e1lvame!\u201d, recuerda el interloculor de ACN.<\/p>\n<p>El mismo domingo 20 de octubre, tambi\u00e9n Kombembgo, a doce kil\u00f3metros de Saatenga, fue blanco de los terroristas. Seg\u00fan informaciones recabadas por ACN, tres Voluntarios para la Defensa de la Patria (VDP) y un civil habr\u00edan perdido la vida en dicho ataque.<\/p>\n<p>Los VDP, civiles que colaboran con las fuerzas de seguridad del Estado, desempe\u00f1an un papel crucial en la defensa de las comunidades rurales desprotegidas, donde el ej\u00e9rcito burkin\u00e9s tiene dificultades para operar. \u201cGracias a la r\u00e1pida reacci\u00f3n de los VDP, que lograron eliminar a algunos terroristas, estos no tuvieron tiempo de incendiar las casas de Kombembgo\u201d, ha explicado la fuente.<\/p>\n<p>El apoyo de los VDP a la lucha contra los terroristas conlleva graves riesgos, como lo demuestra el ataque a Kouri en el distrito parroquial de Piela, \u00a0a unos 150 kil\u00f3metros de Saatenga, en el norte de Fada N&#8217;Gourma, tan solo un d\u00eda antes, el 19 de octubre. La aldea \u00a0fue atacada por m\u00e1s de 100 terroristas que mataron a 13 personas, entre ellas a dos VDP y a una mujer cat\u00f3lica.<\/p>\n<figure id=\"attachment_231492\" aria-describedby=\"caption-attachment-231492\" style=\"width: 720px\" class=\"wp-caption aligncenter\"><img loading=\"lazy\" decoding=\"async\" class=\"wp-image-231492 size-full\" src=\"https:\/\/media.acninternational.org\/wp-content\/uploads\/2024\/11\/ACN-20241028-174234.jpg\" alt=\"M\u00e1s de 100 atacantes asaltaron el pueblo de Kouri, cerca de Piela, matando a 13 personas y destruyendo viviendas, la cl\u00ednica, la farmacia y el puesto de VDP\" width=\"720\" height=\"961\" srcset=\"https:\/\/media.acninternational.org\/wp-content\/uploads\/2024\/11\/ACN-20241028-174234.jpg 720w, https:\/\/media.acninternational.org\/wp-content\/uploads\/2024\/11\/ACN-20241028-174234-225x300.jpg 225w\" sizes=\"auto, (max-width: 720px) 100vw, 720px\" \/><figcaption id=\"caption-attachment-231492\" class=\"wp-caption-text\">M\u00e1s de 100 atacantes asaltaron el pueblo de Kouri, cerca de Piela, matando a 13 personas y destruyendo viviendas, la cl\u00ednica, la farmacia y el puesto de VDP<\/figcaption><\/figure>\n<p>Esta incursi\u00f3n parece haber sido una represalia por el apoyo de la poblaci\u00f3n a los VDP: \u201cLas mujeres hab\u00edan ofrecido una moto a los VDP para su lucha por la paz, y ese gesto disgust\u00f3 a los terroristas\u201d, ha relatado una fuente a ACN. \u201cLos atacantes incendiaron tambi\u00e9n 16 casas que desafortunademente se encontraban a su paso en una colina que permiti\u00f3 a los terroristas acercarse a Kouri sin ser detectados a tiempo, todas \u00a0ellas pertenecientes a familias cat\u00f3licas\u201d, ha a\u00f1adido. Tambi\u00e9n habr\u00edan sido destruidas por el fuego infraestructuras esenciales como el dispensario, la farmacia y el puesto de los VDP. Los dos catequistas del pueblo pudieron huir, convirtiendose en desplazados internos.<\/p>\n<p>Kouri ya fue objeto de otra ofensiva terrorista el 1 de junio de 2024, durante la cual murieron personas y se incendiaron casas, por ello los VDP se asentaron all\u00ed para reforzar la seguridad local.<\/p>\n<p>Uno de los sacerdotes locales ha hecho un llamamiento a la oraci\u00f3n por las v\u00edctimas y por la paz: \u201cImplorad al Se\u00f1or para que la paz vuelva a nuestro pa\u00eds, as\u00ed como a todos los pa\u00edses golpeados a diario por ataques asesinos, como Mal\u00ed y N\u00edger, y a naciones en guerra como Ucrania, Israel y L\u00edbano. Gui\u00e9monos por la oraci\u00f3n de san Francisco de As\u00eds: \u201cSe\u00f1or, haz de m\u00ed un instrumento de tu paz. Donde haya odio, siembre yo amor\u201d.<\/p>\n<p>Estas tragedias resaltan la emergencia de la situaci\u00f3n relativa a la seguridad en Burkina Faso, donde los ataques terroristas, que comenzaron en 2015, siguen asolando comunidades y dejando una estela de m\u00e1s de dos millones de desplazados.<\/p>\n<p>&nbsp;<\/p>\n","protected":false},"excerpt":{"rendered":"<p>La di\u00f3cesis de Fada N&#8217;Gourma ha sido sacudida por nuevos ataques terroristas en los distritos parroquiales de Piela y Saatenga,<\/p>\n","protected":false},"author":4258341405,"featured_media":231485,"comment_status":"closed","ping_status":"closed","sticky":false,"template":"","format":"standard","meta":{"_acf_changed":false,"_acn_coauthor_ids":[],"footnotes":""},"categories":[746,1254],"tags":[],"country":[378],"class_list":["post-231503","post","type-post","status-publish","format-standard","has-post-thumbnail","hentry","category-noticias","category-news-es","country-burkina-faso-es"],"acn_coauthors":[],"acf":[],"yoast_head":"<!-- This site is optimized with the Yoast SEO Premium plugin v27.3 (Yoast SEO v27.3) - https:\/\/yoast.com\/product\/yoast-seo-premium-wordpress\/ -->\n<title>Burkina Faso: sacerdote pide oraciones tras tres nuevos ataques terroristas en el este del pa\u00eds | ACN International<\/title>\n<meta name=\"robots\" content=\"index, follow, max-snippet:-1, max-image-preview:large, max-video-preview:-1\" \/>\n<link rel=\"canonical\" href=\"https:\/\/acninternational.org\/es\/burkina-faso-sacerdote-pide-oraciones-tras-tres-nuevos-ataques-terroristas-en-el-este-del-pais\/\" \/>\n<meta property=\"og:locale\" content=\"es_ES\" \/>\n<meta property=\"og:type\" content=\"article\" \/>\n<meta property=\"og:title\" content=\"Burkina Faso: sacerdote pide oraciones tras tres nuevos ataques terroristas en el este del pa\u00eds\" \/>\n<meta property=\"og:description\" content=\"La di\u00f3cesis de Fada N&#039;Gourma ha sido sacudida por nuevos ataques terroristas en los distritos parroquiales de Piela y Saatenga,\" \/>\n<meta property=\"og:url\" content=\"https:\/\/acninternational.org\/es\/burkina-faso-sacerdote-pide-oraciones-tras-tres-nuevos-ataques-terroristas-en-el-este-del-pais\/\" \/>\n<meta property=\"og:site_name\" content=\"ACN International\" \/>\n<meta property=\"article:publisher\" content=\"https:\/\/www.facebook.com\/acninternationalorg\" \/>\n<meta property=\"article:published_time\" content=\"2024-11-04T15:55:40+00:00\" \/>\n<meta property=\"article:modified_time\" content=\"2025-08-12T08:28:29+00:00\" \/>\n<meta property=\"og:image\" content=\"https:\/\/media.acninternational.org\/wp-content\/uploads\/2024\/11\/ACN-20241029-174316.jpg\" \/>\n\t<meta property=\"og:image:width\" content=\"1920\" \/>\n\t<meta property=\"og:image:height\" content=\"700\" \/>\n\t<meta property=\"og:image:type\" content=\"image\/jpeg\" \/>\n<meta name=\"author\" content=\"Sina Hartert\" \/>\n<meta name=\"twitter:card\" content=\"summary_large_image\" \/>\n<meta name=\"twitter:creator\" content=\"@acn_int\" \/>\n<meta name=\"twitter:site\" content=\"@acn_int\" \/>\n<meta name=\"twitter:label1\" content=\"Escrito por\" \/>\n\t<meta name=\"twitter:data1\" content=\"Sina Hartert\" \/>\n\t<meta name=\"twitter:label2\" content=\"Tiempo de lectura\" \/>\n\t<meta name=\"twitter:data2\" content=\"5 minutos\" \/>\n<script type=\"application\/ld+json\" class=\"yoast-schema-graph\">{\"@context\":\"https:\\\/\\\/schema.org\",\"@graph\":[{\"@type\":\"Article\",\"@id\":\"https:\\\/\\\/acninternational.org\\\/es\\\/burkina-faso-sacerdote-pide-oraciones-tras-tres-nuevos-ataques-terroristas-en-el-este-del-pais\\\/#article\",\"isPartOf\":{\"@id\":\"https:\\\/\\\/acninternational.org\\\/es\\\/burkina-faso-sacerdote-pide-oraciones-tras-tres-nuevos-ataques-terroristas-en-el-este-del-pais\\\/\"},\"author\":{\"name\":\"Sina Hartert\",\"@id\":\"https:\\\/\\\/acninternational.org\\\/es\\\/#\\\/schema\\\/person\\\/333738ed03abe11491094c5c30cf3133\"},\"headline\":\"Burkina Faso: sacerdote pide oraciones tras tres nuevos ataques terroristas en el este del pa\u00eds\",\"datePublished\":\"2024-11-04T15:55:40+00:00\",\"dateModified\":\"2025-08-12T08:28:29+00:00\",\"mainEntityOfPage\":{\"@id\":\"https:\\\/\\\/acninternational.org\\\/es\\\/burkina-faso-sacerdote-pide-oraciones-tras-tres-nuevos-ataques-terroristas-en-el-este-del-pais\\\/\"},\"wordCount\":967,\"publisher\":{\"@id\":\"https:\\\/\\\/acninternational.org\\\/es\\\/#organization\"},\"image\":{\"@id\":\"https:\\\/\\\/acninternational.org\\\/es\\\/burkina-faso-sacerdote-pide-oraciones-tras-tres-nuevos-ataques-terroristas-en-el-este-del-pais\\\/#primaryimage\"},\"thumbnailUrl\":\"https:\\\/\\\/media.acninternational.org\\\/wp-content\\\/uploads\\\/2024\\\/11\\\/ACN-20241029-174316.jpg\",\"articleSection\":[\"NOTICIAS\",\"NOTICIAS\"],\"inLanguage\":\"es\"},{\"@type\":\"WebPage\",\"@id\":\"https:\\\/\\\/acninternational.org\\\/es\\\/burkina-faso-sacerdote-pide-oraciones-tras-tres-nuevos-ataques-terroristas-en-el-este-del-pais\\\/\",\"url\":\"https:\\\/\\\/acninternational.org\\\/es\\\/burkina-faso-sacerdote-pide-oraciones-tras-tres-nuevos-ataques-terroristas-en-el-este-del-pais\\\/\",\"name\":\"Burkina Faso: sacerdote pide oraciones tras tres nuevos ataques terroristas en el este del pa\u00eds | ACN International\",\"isPartOf\":{\"@id\":\"https:\\\/\\\/acninternational.org\\\/es\\\/#website\"},\"primaryImageOfPage\":{\"@id\":\"https:\\\/\\\/acninternational.org\\\/es\\\/burkina-faso-sacerdote-pide-oraciones-tras-tres-nuevos-ataques-terroristas-en-el-este-del-pais\\\/#primaryimage\"},\"image\":{\"@id\":\"https:\\\/\\\/acninternational.org\\\/es\\\/burkina-faso-sacerdote-pide-oraciones-tras-tres-nuevos-ataques-terroristas-en-el-este-del-pais\\\/#primaryimage\"},\"thumbnailUrl\":\"https:\\\/\\\/media.acninternational.org\\\/wp-content\\\/uploads\\\/2024\\\/11\\\/ACN-20241029-174316.jpg\",\"datePublished\":\"2024-11-04T15:55:40+00:00\",\"dateModified\":\"2025-08-12T08:28:29+00:00\",\"breadcrumb\":{\"@id\":\"https:\\\/\\\/acninternational.org\\\/es\\\/burkina-faso-sacerdote-pide-oraciones-tras-tres-nuevos-ataques-terroristas-en-el-este-del-pais\\\/#breadcrumb\"},\"inLanguage\":\"es\",\"potentialAction\":[{\"@type\":\"ReadAction\",\"target\":[\"https:\\\/\\\/acninternational.org\\\/es\\\/burkina-faso-sacerdote-pide-oraciones-tras-tres-nuevos-ataques-terroristas-en-el-este-del-pais\\\/\"]}]},{\"@type\":\"ImageObject\",\"inLanguage\":\"es\",\"@id\":\"https:\\\/\\\/acninternational.org\\\/es\\\/burkina-faso-sacerdote-pide-oraciones-tras-tres-nuevos-ataques-terroristas-en-el-este-del-pais\\\/#primaryimage\",\"url\":\"https:\\\/\\\/media.acninternational.org\\\/wp-content\\\/uploads\\\/2024\\\/11\\\/ACN-20241029-174316.jpg\",\"contentUrl\":\"https:\\\/\\\/media.acninternational.org\\\/wp-content\\\/uploads\\\/2024\\\/11\\\/ACN-20241029-174316.jpg\",\"width\":1920,\"height\":700},{\"@type\":\"BreadcrumbList\",\"@id\":\"https:\\\/\\\/acninternational.org\\\/es\\\/burkina-faso-sacerdote-pide-oraciones-tras-tres-nuevos-ataques-terroristas-en-el-este-del-pais\\\/#breadcrumb\",\"itemListElement\":[{\"@type\":\"ListItem\",\"position\":1,\"name\":\"Home\",\"item\":\"https:\\\/\\\/acninternational.org\\\/es\\\/\"},{\"@type\":\"ListItem\",\"position\":2,\"name\":\"NOTICIAS\",\"item\":\"https:\\\/\\\/acninternational.org\\\/es\\\/category\\\/news-es\\\/\"},{\"@type\":\"ListItem\",\"position\":3,\"name\":\"Burkina Faso: sacerdote pide oraciones tras tres nuevos ataques terroristas en el este del pa\u00eds\"}]},{\"@type\":\"WebSite\",\"@id\":\"https:\\\/\\\/acninternational.org\\\/es\\\/#website\",\"url\":\"https:\\\/\\\/acninternational.org\\\/es\\\/\",\"name\":\"ACN International\",\"description\":\"\",\"publisher\":{\"@id\":\"https:\\\/\\\/acninternational.org\\\/es\\\/#organization\"},\"potentialAction\":[{\"@type\":\"SearchAction\",\"target\":{\"@type\":\"EntryPoint\",\"urlTemplate\":\"https:\\\/\\\/acninternational.org\\\/es\\\/?s={search_term_string}\"},\"query-input\":{\"@type\":\"PropertyValueSpecification\",\"valueRequired\":true,\"valueName\":\"search_term_string\"}}],\"inLanguage\":\"es\"},{\"@type\":\"Organization\",\"@id\":\"https:\\\/\\\/acninternational.org\\\/es\\\/#organization\",\"name\":\"Aid to the Church in Need International\",\"url\":\"https:\\\/\\\/acninternational.org\\\/es\\\/\",\"logo\":{\"@type\":\"ImageObject\",\"inLanguage\":\"es\",\"@id\":\"https:\\\/\\\/acninternational.org\\\/es\\\/#\\\/schema\\\/logo\\\/image\\\/\",\"url\":\"https:\\\/\\\/media.acninternational.org\\\/wp-content\\\/uploads\\\/2019\\\/11\\\/acn_logo_blackvector.svg\",\"contentUrl\":\"https:\\\/\\\/media.acninternational.org\\\/wp-content\\\/uploads\\\/2019\\\/11\\\/acn_logo_blackvector.svg\",\"width\":232.6,\"height\":78,\"caption\":\"Aid to the Church in Need International\"},\"image\":{\"@id\":\"https:\\\/\\\/acninternational.org\\\/es\\\/#\\\/schema\\\/logo\\\/image\\\/\"},\"sameAs\":[\"https:\\\/\\\/www.facebook.com\\\/acninternationalorg\",\"https:\\\/\\\/x.com\\\/acn_int\",\"https:\\\/\\\/www.youtube.com\\\/channel\\\/UCQ-077gS0TnVzkhHmf1opZw\",\"https:\\\/\\\/www.instagram.com\\\/acn_international\\\/\"]},{\"@type\":\"Person\",\"@id\":\"https:\\\/\\\/acninternational.org\\\/es\\\/#\\\/schema\\\/person\\\/333738ed03abe11491094c5c30cf3133\",\"name\":\"Sina Hartert\",\"description\":\"Lorem ipsum dolor sit amet, consectetur adipiscing elit, sed do eiusmod tempor incididunt ut labore et dolore magna aliqua. Ut enim ad minim veniam, quis nostrud exercitation ullamco laboris nisi ut aliquip ex ea commodo consequat.\",\"url\":\"https:\\\/\\\/acninternational.org\\\/es\\\/author\\\/sina-hartert\\\/\"}]}<\/script>\n<!-- \/ Yoast SEO Premium plugin. -->","yoast_head_json":{"title":"Burkina Faso: sacerdote pide oraciones tras tres nuevos ataques terroristas en el este del pa\u00eds | ACN International","robots":{"index":"index","follow":"follow","max-snippet":"max-snippet:-1","max-image-preview":"max-image-preview:large","max-video-preview":"max-video-preview:-1"},"canonical":"https:\/\/acninternational.org\/es\/burkina-faso-sacerdote-pide-oraciones-tras-tres-nuevos-ataques-terroristas-en-el-este-del-pais\/","og_locale":"es_ES","og_type":"article","og_title":"Burkina Faso: sacerdote pide oraciones tras tres nuevos ataques terroristas en el este del pa\u00eds","og_description":"La di\u00f3cesis de Fada N'Gourma ha sido sacudida por nuevos ataques terroristas en los distritos parroquiales de Piela y Saatenga,","og_url":"https:\/\/acninternational.org\/es\/burkina-faso-sacerdote-pide-oraciones-tras-tres-nuevos-ataques-terroristas-en-el-este-del-pais\/","og_site_name":"ACN International","article_publisher":"https:\/\/www.facebook.com\/acninternationalorg","article_published_time":"2024-11-04T15:55:40+00:00","article_modified_time":"2025-08-12T08:28:29+00:00","og_image":[{"width":1920,"height":700,"url":"https:\/\/media.acninternational.org\/wp-content\/uploads\/2024\/11\/ACN-20241029-174316.jpg","type":"image\/jpeg"}],"author":"Sina Hartert","twitter_card":"summary_large_image","twitter_creator":"@acn_int","twitter_site":"@acn_int","twitter_misc":{"Escrito por":"Sina Hartert","Tiempo de lectura":"5 minutos"},"schema":{"@context":"https:\/\/schema.org","@graph":[{"@type":"Article","@id":"https:\/\/acninternational.org\/es\/burkina-faso-sacerdote-pide-oraciones-tras-tres-nuevos-ataques-terroristas-en-el-este-del-pais\/#article","isPartOf":{"@id":"https:\/\/acninternational.org\/es\/burkina-faso-sacerdote-pide-oraciones-tras-tres-nuevos-ataques-terroristas-en-el-este-del-pais\/"},"author":{"name":"Sina Hartert","@id":"https:\/\/acninternational.org\/es\/#\/schema\/person\/333738ed03abe11491094c5c30cf3133"},"headline":"Burkina Faso: sacerdote pide oraciones tras tres nuevos ataques terroristas en el este del pa\u00eds","datePublished":"2024-11-04T15:55:40+00:00","dateModified":"2025-08-12T08:28:29+00:00","mainEntityOfPage":{"@id":"https:\/\/acninternational.org\/es\/burkina-faso-sacerdote-pide-oraciones-tras-tres-nuevos-ataques-terroristas-en-el-este-del-pais\/"},"wordCount":967,"publisher":{"@id":"https:\/\/acninternational.org\/es\/#organization"},"image":{"@id":"https:\/\/acninternational.org\/es\/burkina-faso-sacerdote-pide-oraciones-tras-tres-nuevos-ataques-terroristas-en-el-este-del-pais\/#primaryimage"},"thumbnailUrl":"https:\/\/media.acninternational.org\/wp-content\/uploads\/2024\/11\/ACN-20241029-174316.jpg","articleSection":["NOTICIAS","NOTICIAS"],"inLanguage":"es"},{"@type":"WebPage","@id":"https:\/\/acninternational.org\/es\/burkina-faso-sacerdote-pide-oraciones-tras-tres-nuevos-ataques-terroristas-en-el-este-del-pais\/","url":"https:\/\/acninternational.org\/es\/burkina-faso-sacerdote-pide-oraciones-tras-tres-nuevos-ataques-terroristas-en-el-este-del-pais\/","name":"Burkina Faso: sacerdote pide oraciones tras tres nuevos ataques terroristas en el este del pa\u00eds | ACN International","isPartOf":{"@id":"https:\/\/acninternational.org\/es\/#website"},"primaryImageOfPage":{"@id":"https:\/\/acninternational.org\/es\/burkina-faso-sacerdote-pide-oraciones-tras-tres-nuevos-ataques-terroristas-en-el-este-del-pais\/#primaryimage"},"image":{"@id":"https:\/\/acninternational.org\/es\/burkina-faso-sacerdote-pide-oraciones-tras-tres-nuevos-ataques-terroristas-en-el-este-del-pais\/#primaryimage"},"thumbnailUrl":"https:\/\/media.acninternational.org\/wp-content\/uploads\/2024\/11\/ACN-20241029-174316.jpg","datePublished":"2024-11-04T15:55:40+00:00","dateModified":"2025-08-12T08:28:29+00:00","breadcrumb":{"@id":"https:\/\/acninternational.org\/es\/burkina-faso-sacerdote-pide-oraciones-tras-tres-nuevos-ataques-terroristas-en-el-este-del-pais\/#breadcrumb"},"inLanguage":"es","potentialAction":[{"@type":"ReadAction","target":["https:\/\/acninternational.org\/es\/burkina-faso-sacerdote-pide-oraciones-tras-tres-nuevos-ataques-terroristas-en-el-este-del-pais\/"]}]},{"@type":"ImageObject","inLanguage":"es","@id":"https:\/\/acninternational.org\/es\/burkina-faso-sacerdote-pide-oraciones-tras-tres-nuevos-ataques-terroristas-en-el-este-del-pais\/#primaryimage","url":"https:\/\/media.acninternational.org\/wp-content\/uploads\/2024\/11\/ACN-20241029-174316.jpg","contentUrl":"https:\/\/media.acninternational.org\/wp-content\/uploads\/2024\/11\/ACN-20241029-174316.jpg","width":1920,"height":700},{"@type":"BreadcrumbList","@id":"https:\/\/acninternational.org\/es\/burkina-faso-sacerdote-pide-oraciones-tras-tres-nuevos-ataques-terroristas-en-el-este-del-pais\/#breadcrumb","itemListElement":[{"@type":"ListItem","position":1,"name":"Home","item":"https:\/\/acninternational.org\/es\/"},{"@type":"ListItem","position":2,"name":"NOTICIAS","item":"https:\/\/acninternational.org\/es\/category\/news-es\/"},{"@type":"ListItem","position":3,"name":"Burkina Faso: sacerdote pide oraciones tras tres nuevos ataques terroristas en el este del pa\u00eds"}]},{"@type":"WebSite","@id":"https:\/\/acninternational.org\/es\/#website","url":"https:\/\/acninternational.org\/es\/","name":"ACN International","description":"","publisher":{"@id":"https:\/\/acninternational.org\/es\/#organization"},"potentialAction":[{"@type":"SearchAction","target":{"@type":"EntryPoint","urlTemplate":"https:\/\/acninternational.org\/es\/?s={search_term_string}"},"query-input":{"@type":"PropertyValueSpecification","valueRequired":true,"valueName":"search_term_string"}}],"inLanguage":"es"},{"@type":"Organization","@id":"https:\/\/acninternational.org\/es\/#organization","name":"Aid to the Church in Need International","url":"https:\/\/acninternational.org\/es\/","logo":{"@type":"ImageObject","inLanguage":"es","@id":"https:\/\/acninternational.org\/es\/#\/schema\/logo\/image\/","url":"https:\/\/media.acninternational.org\/wp-content\/uploads\/2019\/11\/acn_logo_blackvector.svg","contentUrl":"https:\/\/media.acninternational.org\/wp-content\/uploads\/2019\/11\/acn_logo_blackvector.svg","width":232.6,"height":78,"caption":"Aid to the Church in Need International"},"image":{"@id":"https:\/\/acninternational.org\/es\/#\/schema\/logo\/image\/"},"sameAs":["https:\/\/www.facebook.com\/acninternationalorg","https:\/\/x.com\/acn_int","https:\/\/www.youtube.com\/channel\/UCQ-077gS0TnVzkhHmf1opZw","https:\/\/www.instagram.com\/acn_international\/"]},{"@type":"Person","@id":"https:\/\/acninternational.org\/es\/#\/schema\/person\/333738ed03abe11491094c5c30cf3133","name":"Sina Hartert","description":"Lorem ipsum dolor sit amet, consectetur adipiscing elit, sed do eiusmod tempor incididunt ut labore et dolore magna aliqua. Ut enim ad minim veniam, quis nostrud exercitation ullamco laboris nisi ut aliquip ex ea commodo consequat.","url":"https:\/\/acninternational.org\/es\/author\/sina-hartert\/"}]}},"_links":{"self":[{"href":"https:\/\/acninternational.org\/es\/wp-json\/wp\/v2\/posts\/231503","targetHints":{"allow":["GET"]}}],"collection":[{"href":"https:\/\/acninternational.org\/es\/wp-json\/wp\/v2\/posts"}],"about":[{"href":"https:\/\/acninternational.org\/es\/wp-json\/wp\/v2\/types\/post"}],"author":[{"embeddable":true,"href":"https:\/\/acninternational.org\/es\/wp-json\/wp\/v2\/users\/4258341405"}],"replies":[{"embeddable":true,"href":"https:\/\/acninternational.org\/es\/wp-json\/wp\/v2\/comments?post=231503"}],"version-history":[{"count":1,"href":"https:\/\/acninternational.org\/es\/wp-json\/wp\/v2\/posts\/231503\/revisions"}],"predecessor-version":[{"id":245365,"href":"https:\/\/acninternational.org\/es\/wp-json\/wp\/v2\/posts\/231503\/revisions\/245365"}],"wp:featuredmedia":[{"embeddable":true,"href":"https:\/\/acninternational.org\/es\/wp-json\/wp\/v2\/media\/231485"}],"wp:attachment":[{"href":"https:\/\/acninternational.org\/es\/wp-json\/wp\/v2\/media?parent=231503"}],"wp:term":[{"taxonomy":"category","embeddable":true,"href":"https:\/\/acninternational.org\/es\/wp-json\/wp\/v2\/categories?post=231503"},{"taxonomy":"post_tag","embeddable":true,"href":"https:\/\/acninternational.org\/es\/wp-json\/wp\/v2\/tags?post=231503"},{"taxonomy":"country","embeddable":true,"href":"https:\/\/acninternational.org\/es\/wp-json\/wp\/v2\/country?post=231503"}],"curies":[{"name":"wp","href":"https:\/\/api.w.org\/{rel}","templated":true}]}}