{"id":229424,"date":"2024-10-14T18:26:30","date_gmt":"2024-10-14T16:26:30","guid":{"rendered":"https:\/\/acninternational.org\/?p=229424"},"modified":"2025-08-12T10:29:09","modified_gmt":"2025-08-12T08:29:09","slug":"el-papa-francisco-invita-al-mundo-a-unirse-a-la-campana-de-oracion-de-acn","status":"publish","type":"post","link":"https:\/\/acninternational.org\/es\/el-papa-francisco-invita-al-mundo-a-unirse-a-la-campana-de-oracion-de-acn\/","title":{"rendered":"El Papa Francisco invita al mundo a unirse a la campa\u00f1a de oraci\u00f3n de ACN"},"content":{"rendered":"<p><em>\u00abUn mill\u00f3n de ni\u00f1os rezando el Rosario\u00bb pide cada a\u00f1o por la paz y la unidad en pa\u00edses afectados por la guerra.<\/em><\/p>\n<p>Miles de participantes de numerosos pa\u00edses, incluyendo aquellos afectados por conflictos (tales como Ucrania, L\u00edbano o Tierra Santa) o donde la persecuci\u00f3n cristiana contin\u00faa en auge (como Burkina Faso, Nigeria o Camer\u00fan) ya han confirmado su participaci\u00f3n en la <a href=\"https:\/\/acninternational.org\/es\/rezad-el-rosario-y-habra-paz\/\" target=\"_blank\" rel=\"noopener\">campa\u00f1a de oraci\u00f3n \u201cUn mill\u00f3n de ni\u00f1os rezando el Rosario\u201d.<\/a><\/p>\n<figure id=\"attachment_229507\" aria-describedby=\"caption-attachment-229507\" style=\"width: 720px\" class=\"wp-caption aligncenter\"><img loading=\"lazy\" decoding=\"async\" class=\"wp-image-229507 size-full\" src=\"https:\/\/media.acninternational.org\/wp-content\/uploads\/2024\/10\/ACN-20191113-94044.jpg\" alt=\"Ni\u00f1os en Eslovaquia durante la campa\u00f1a del Rosario por la Paz\" width=\"720\" height=\"960\" srcset=\"https:\/\/media.acninternational.org\/wp-content\/uploads\/2024\/10\/ACN-20191113-94044.jpg 720w, https:\/\/media.acninternational.org\/wp-content\/uploads\/2024\/10\/ACN-20191113-94044-225x300.jpg 225w\" sizes=\"auto, (max-width: 720px) 100vw, 720px\" \/><figcaption id=\"caption-attachment-229507\" class=\"wp-caption-text\">Ni\u00f1os en Eslovaquia durante la campa\u00f1a del Rosario por la Paz<\/figcaption><\/figure>\n<p>El Santo Padre hizo referencia a la iniciativa este domingo, <a href=\"https:\/\/www.vatican.va\/content\/francesco\/es\/angelus\/2024\/documents\/20241013-angelus.html\" target=\"_blank\" rel=\"noopener\">durante el rezo del \u00c1ngelus<\/a>, diciendo: \u201cEl pr\u00f3ximo viernes, 18 de octubre, la fundaci\u00f3n \u2018Aid to the Church in Need\u2019 promueve la iniciativa \u00abUn mill\u00f3n de ni\u00f1os rezan el Rosario por la paz en el mundo\u00bb. \u00a1Gracias a todos los ni\u00f1os y ni\u00f1as que participan! Nos unimos a ellos y los confiamos a la intercesi\u00f3n de Nuestra Se\u00f1ora\u201d\u201d.<\/p>\n<p>\u201cConfiemos a la intercesi\u00f3n de la Virgen -hoy es el aniversario de su \u00faltima aparici\u00f3n en F\u00e1tima- la atormentada Ucrania, Myanmar, Sud\u00e1n y los dem\u00e1s pueblos que padecen la guerra y cualquier forma de violencia y de miseria\u201d, concluy\u00f3 el papa Francisco.<\/p>\n<p>M\u00e1s de 375.000 ni\u00f1os ya se han comprometido a rezar el rosario por la paz y la unidad el 18 de octubre a trav\u00e9s del sitio web, aunque muchas escuelas y parroquias no se han apuntado en la p\u00e1gina web ya que no tienen acceso a Internet. En el momento de esta publicaci\u00f3n, los pa\u00edses con m\u00e1s ni\u00f1os matriculados en la iniciativa -seg\u00fan el mapa online- son Polonia (72.712), Brasil (56.490) y Reino Unido, con (49.238). Colombia, (10.839), Estados Unidos (9.563) y Canad\u00e1 (3.174), son algunos de los pa\u00edses de Am\u00e9rica que tambi\u00e9n participan. Ocean\u00eda est\u00e1 representada por Australia (4.174), pero tambi\u00e9n por la peque\u00f1a naci\u00f3n insular de las Vanuatu, con m\u00e1s de 1.000 participantes. En Asia, participar\u00e1n 34.929 ni\u00f1os de Filipinas, 10.596 de India y 1.053 de Vietnam.<\/p>\n<p>Otros pa\u00edses europeos que se han registrado son, entre otros, Hungr\u00eda, con 16,501 ni\u00f1os; Alemania, con 3.656 y Eslovaquia, con 27.715. Por \u00faltimo, \u00c1frica estar\u00e1 representada, entre otros, con Camer\u00fan (1.020), Madagascar (1.100) y Rep\u00fablica Democr\u00e1tica del Congo (2.450). ACN es consciente de que muchos grupos no se inscriben oficialmente, y que otros solo informan a la fundaci\u00f3n despu\u00e9s del evento. El a\u00f1o pasado participaron m\u00e1s de 1 mill\u00f3n de personas, y se espera que este a\u00f1o se pueda superar esa cifra.<\/p>\n<figure id=\"attachment_229406\" aria-describedby=\"caption-attachment-229406\" style=\"width: 800px\" class=\"wp-caption aligncenter\"><img loading=\"lazy\" decoding=\"async\" class=\"wp-image-229406 size-large\" src=\"https:\/\/media.acninternational.org\/wp-content\/uploads\/2024\/10\/ACN-20191113-94023-1024x576.jpg\" alt=\"Un grupo de ni\u00f1os con rosarios y un cartel de la campa\u00f1a &quot;Un mill\u00f3n de ni\u00f1os&quot; en Eslovaquia\" width=\"800\" height=\"450\" srcset=\"https:\/\/media.acninternational.org\/wp-content\/uploads\/2024\/10\/ACN-20191113-94023-1024x576.jpg 1024w, https:\/\/media.acninternational.org\/wp-content\/uploads\/2024\/10\/ACN-20191113-94023-300x169.jpg 300w, https:\/\/media.acninternational.org\/wp-content\/uploads\/2024\/10\/ACN-20191113-94023-768x432.jpg 768w, https:\/\/media.acninternational.org\/wp-content\/uploads\/2024\/10\/ACN-20191113-94023.jpg 1080w\" sizes=\"auto, (max-width: 800px) 100vw, 800px\" \/><figcaption id=\"caption-attachment-229406\" class=\"wp-caption-text\">Un grupo de ni\u00f1os con rosarios y un cartel de la campa\u00f1a \u00abUn mill\u00f3n de ni\u00f1os\u00bb en Eslovaquia<\/figcaption><\/figure>\n<p>Seg\u00fan datos recientes publicados por la <a href=\"https:\/\/www.uu.se\/en\/news\/2024\/2024-06-03-ucdp-record-number-of-armed-conflicts-in-the-world\" target=\"_blank\" rel=\"noopener\">Uppsala Conflict Data Program<\/a> en 2023 se registr\u00f3 un n\u00famero r\u00e9cord de conflictos armados en el mundo -muchos de ellos todav\u00eda en curso- alcanzando un total de 59 conflictos, la cifra m\u00e1s alta desde que comenzaron las recopilaciones de datos en 1946. Rezar por la paz y la unidad es m\u00e1s urgente que nunca, por ello ACN vuelve a organizar este 18 de octubre la campa\u00f1a \u2018Un mill\u00f3n de ni\u00f1os rezando el rosario\u2019, que llama, por d\u00e9cimo noveno a\u00f1o consecutivo, a miles de ni\u00f1os del mundo entero a rezar por la paz y la unidad.<\/p>\n<p>En Portugal, los ni\u00f1os rezar\u00e1n el rosario junto al Cardenal Ant\u00f3nio Marto en la Capilla de las Apariciones de F\u00e1tima, un lugar emblem\u00e1tico para la devoci\u00f3n mariana. El lema de este a\u00f1o, inspirado en el mensaje de la Virgen en F\u00e1tima, recuerda que \u00abRezad el rosario y habr\u00e1 paz\u00bb. Esta iniciativa resalta la creencia de que la oraci\u00f3n del rosario tiene el poder de cambiar el mundo, derrotar al mal y traer paz, tal como lo indic\u00f3 Nuestra Se\u00f1ora de F\u00e1tima.<\/p>\n<p>La fundaci\u00f3n ha recibido mensajes inspiradores de muchas partes del mundo. Como de Per\u00fa, donde la priora del Monasterio de Nuestra Se\u00f1ora del Rosario en Quillabamba, Sor Mar\u00eda Jacinta comenta que gracias a las donaciones que habitualmente recibe, ha podido adquirir quinientos rosarios que regalar\u00e1 a los ni\u00f1os durante el evento. Adem\u00e1s, un grupo de feligresas, entusiasmadas con la jornada, contribuir\u00e1n con comida y refrescos para el final del Santo Rosario. \u00abTodo es una bendici\u00f3n de Dios; \u00c9l lo ha hecho todo\u00bb, asegura con gratitud a ACN.<\/p>\n<h4><strong>Un poco de historia<\/strong><\/h4>\n<p>La campa\u00f1a \u201cUn Mill\u00f3n de ni\u00f1os rezando el Rosario\u201d de ACN, que actualmente colabora con el Santuario de F\u00e1tima, la Red Mundial de Oraci\u00f3n del Papa y el Apostolado Mundial de F\u00e1tima, comenz\u00f3 en 2005 en Venezuela. Varias mujeres que estaban con un grupo de ni\u00f1os que rezaban el rosario se sintieron inspiradas por una cita atribuida popularmente a San P\u00edo de Pietrelcina: \u00abCuando un mill\u00f3n de ni\u00f1os recen el rosario, el mundo cambiar\u00e1\u00bb.<\/p>\n<figure id=\"attachment_229448\" aria-describedby=\"caption-attachment-229448\" style=\"width: 720px\" class=\"wp-caption aligncenter\"><img loading=\"lazy\" decoding=\"async\" class=\"wp-image-229448 size-full\" src=\"https:\/\/media.acninternational.org\/wp-content\/uploads\/2024\/10\/ACN-20240710-168681.jpg\" alt=\"Coloridos dibujos de la Virgen Mar\u00eda, creados con cari\u00f1o por ni\u00f1os en Cuba\" width=\"720\" height=\"865\" srcset=\"https:\/\/media.acninternational.org\/wp-content\/uploads\/2024\/10\/ACN-20240710-168681.jpg 720w, https:\/\/media.acninternational.org\/wp-content\/uploads\/2024\/10\/ACN-20240710-168681-250x300.jpg 250w\" sizes=\"auto, (max-width: 720px) 100vw, 720px\" \/><figcaption id=\"caption-attachment-229448\" class=\"wp-caption-text\">Coloridos dibujos de la Virgen Mar\u00eda, creados con cari\u00f1o por ni\u00f1os en Cuba<\/figcaption><\/figure>\n<p>ACN ya ha puesto a disposici\u00f3n en su <a href=\"https:\/\/acninternational.org\/millionchildrenpraying\/es\/\" target=\"_blank\" rel=\"noopener\">p\u00e1gina web<\/a> material gratuito para que parroquias, colegios, grupos infantiles y familias puedan unirse a esta oraci\u00f3n mundial. Esto incluye gu\u00edas para rezar el rosario, reflexiones adaptadas para ni\u00f1os sobre los misterios dolorosos \u2014coincidiendo con que este a\u00f1o cae en viernes\u2014 y una oraci\u00f3n de consagraci\u00f3n de los ni\u00f1os a la Virgen Mar\u00eda. Adem\u00e1s, se pueden descargar dibujos para colorear, todo disponible en m\u00e1s de 15 idiomas a trav\u00e9s de la web.<\/p>\n<p>&nbsp;<\/p>\n","protected":false},"excerpt":{"rendered":"<p>\u00abUn mill\u00f3n de ni\u00f1os rezando el Rosario\u00bb pide cada a\u00f1o por la paz y la unidad en pa\u00edses afectados por<\/p>\n","protected":false},"author":4258341381,"featured_media":229399,"comment_status":"closed","ping_status":"closed","sticky":false,"template":"","format":"standard","meta":{"_acf_changed":false,"_acn_coauthor_ids":[],"footnotes":""},"categories":[575,746],"tags":[],"country":[393],"class_list":["post-229424","post","type-post","status-publish","format-standard","has-post-thumbnail","hentry","category-news","category-noticias","country-internacional"],"acn_coauthors":[],"acf":[],"yoast_head":"<!-- This site is optimized with the Yoast SEO Premium plugin v27.3 (Yoast SEO v27.3) - https:\/\/yoast.com\/product\/yoast-seo-premium-wordpress\/ -->\n<title>El Papa Francisco invita al mundo a unirse a la campa\u00f1a de oraci\u00f3n de ACN | ACN International<\/title>\n<meta name=\"robots\" content=\"index, follow, max-snippet:-1, max-image-preview:large, max-video-preview:-1\" \/>\n<link rel=\"canonical\" href=\"https:\/\/acninternational.org\/es\/el-papa-francisco-invita-al-mundo-a-unirse-a-la-campana-de-oracion-de-acn\/\" \/>\n<meta property=\"og:locale\" content=\"es_ES\" \/>\n<meta property=\"og:type\" content=\"article\" \/>\n<meta property=\"og:title\" content=\"El Papa Francisco invita al mundo a unirse a la campa\u00f1a de oraci\u00f3n de ACN\" \/>\n<meta property=\"og:description\" content=\"&quot;Un mill\u00f3n de ni\u00f1os rezando el Rosario&quot; pide cada a\u00f1o por la paz y la unidad en pa\u00edses afectados por\" \/>\n<meta property=\"og:url\" content=\"https:\/\/acninternational.org\/es\/el-papa-francisco-invita-al-mundo-a-unirse-a-la-campana-de-oracion-de-acn\/\" \/>\n<meta property=\"og:site_name\" content=\"ACN International\" \/>\n<meta property=\"article:publisher\" content=\"https:\/\/www.facebook.com\/acninternationalorg\" \/>\n<meta property=\"article:published_time\" content=\"2024-10-14T16:26:30+00:00\" \/>\n<meta property=\"article:modified_time\" content=\"2025-08-12T08:29:09+00:00\" \/>\n<meta property=\"og:image\" content=\"https:\/\/media.acninternational.org\/wp-content\/uploads\/2024\/10\/ACN-20191113-94028.jpg\" \/>\n\t<meta property=\"og:image:width\" content=\"1920\" \/>\n\t<meta property=\"og:image:height\" content=\"700\" \/>\n\t<meta property=\"og:image:type\" content=\"image\/jpeg\" \/>\n<meta name=\"author\" content=\"Luc\u00eda Ballester\" \/>\n<meta name=\"twitter:card\" content=\"summary_large_image\" \/>\n<meta name=\"twitter:creator\" content=\"@acn_int\" \/>\n<meta name=\"twitter:site\" content=\"@acn_int\" \/>\n<meta name=\"twitter:label1\" content=\"Escrito por\" \/>\n\t<meta name=\"twitter:data1\" content=\"Luc\u00eda Ballester\" \/>\n\t<meta name=\"twitter:label2\" content=\"Tiempo de lectura\" \/>\n\t<meta name=\"twitter:data2\" content=\"5 minutos\" \/>\n<script type=\"application\/ld+json\" class=\"yoast-schema-graph\">{\"@context\":\"https:\\\/\\\/schema.org\",\"@graph\":[{\"@type\":\"Article\",\"@id\":\"https:\\\/\\\/acninternational.org\\\/es\\\/el-papa-francisco-invita-al-mundo-a-unirse-a-la-campana-de-oracion-de-acn\\\/#article\",\"isPartOf\":{\"@id\":\"https:\\\/\\\/acninternational.org\\\/es\\\/el-papa-francisco-invita-al-mundo-a-unirse-a-la-campana-de-oracion-de-acn\\\/\"},\"author\":{\"name\":\"Luc\u00eda Ballester\",\"@id\":\"https:\\\/\\\/acninternational.org\\\/es\\\/#\\\/schema\\\/person\\\/ad46cf160e48fe3378c54b7abb5527a9\"},\"headline\":\"El Papa Francisco invita al mundo a unirse a la campa\u00f1a de oraci\u00f3n de ACN\",\"datePublished\":\"2024-10-14T16:26:30+00:00\",\"dateModified\":\"2025-08-12T08:29:09+00:00\",\"mainEntityOfPage\":{\"@id\":\"https:\\\/\\\/acninternational.org\\\/es\\\/el-papa-francisco-invita-al-mundo-a-unirse-a-la-campana-de-oracion-de-acn\\\/\"},\"wordCount\":993,\"publisher\":{\"@id\":\"https:\\\/\\\/acninternational.org\\\/es\\\/#organization\"},\"image\":{\"@id\":\"https:\\\/\\\/acninternational.org\\\/es\\\/el-papa-francisco-invita-al-mundo-a-unirse-a-la-campana-de-oracion-de-acn\\\/#primaryimage\"},\"thumbnailUrl\":\"https:\\\/\\\/media.acninternational.org\\\/wp-content\\\/uploads\\\/2024\\\/10\\\/ACN-20191113-94028.jpg\",\"articleSection\":[\"News\",\"NOTICIAS\"],\"inLanguage\":\"es\"},{\"@type\":\"WebPage\",\"@id\":\"https:\\\/\\\/acninternational.org\\\/es\\\/el-papa-francisco-invita-al-mundo-a-unirse-a-la-campana-de-oracion-de-acn\\\/\",\"url\":\"https:\\\/\\\/acninternational.org\\\/es\\\/el-papa-francisco-invita-al-mundo-a-unirse-a-la-campana-de-oracion-de-acn\\\/\",\"name\":\"El Papa Francisco invita al mundo a unirse a la campa\u00f1a de oraci\u00f3n de ACN | ACN International\",\"isPartOf\":{\"@id\":\"https:\\\/\\\/acninternational.org\\\/es\\\/#website\"},\"primaryImageOfPage\":{\"@id\":\"https:\\\/\\\/acninternational.org\\\/es\\\/el-papa-francisco-invita-al-mundo-a-unirse-a-la-campana-de-oracion-de-acn\\\/#primaryimage\"},\"image\":{\"@id\":\"https:\\\/\\\/acninternational.org\\\/es\\\/el-papa-francisco-invita-al-mundo-a-unirse-a-la-campana-de-oracion-de-acn\\\/#primaryimage\"},\"thumbnailUrl\":\"https:\\\/\\\/media.acninternational.org\\\/wp-content\\\/uploads\\\/2024\\\/10\\\/ACN-20191113-94028.jpg\",\"datePublished\":\"2024-10-14T16:26:30+00:00\",\"dateModified\":\"2025-08-12T08:29:09+00:00\",\"breadcrumb\":{\"@id\":\"https:\\\/\\\/acninternational.org\\\/es\\\/el-papa-francisco-invita-al-mundo-a-unirse-a-la-campana-de-oracion-de-acn\\\/#breadcrumb\"},\"inLanguage\":\"es\",\"potentialAction\":[{\"@type\":\"ReadAction\",\"target\":[\"https:\\\/\\\/acninternational.org\\\/es\\\/el-papa-francisco-invita-al-mundo-a-unirse-a-la-campana-de-oracion-de-acn\\\/\"]}]},{\"@type\":\"ImageObject\",\"inLanguage\":\"es\",\"@id\":\"https:\\\/\\\/acninternational.org\\\/es\\\/el-papa-francisco-invita-al-mundo-a-unirse-a-la-campana-de-oracion-de-acn\\\/#primaryimage\",\"url\":\"https:\\\/\\\/media.acninternational.org\\\/wp-content\\\/uploads\\\/2024\\\/10\\\/ACN-20191113-94028.jpg\",\"contentUrl\":\"https:\\\/\\\/media.acninternational.org\\\/wp-content\\\/uploads\\\/2024\\\/10\\\/ACN-20191113-94028.jpg\",\"width\":1920,\"height\":700},{\"@type\":\"BreadcrumbList\",\"@id\":\"https:\\\/\\\/acninternational.org\\\/es\\\/el-papa-francisco-invita-al-mundo-a-unirse-a-la-campana-de-oracion-de-acn\\\/#breadcrumb\",\"itemListElement\":[{\"@type\":\"ListItem\",\"position\":1,\"name\":\"Home\",\"item\":\"https:\\\/\\\/acninternational.org\\\/es\\\/\"},{\"@type\":\"ListItem\",\"position\":2,\"name\":\"NOTICIAS\",\"item\":\"https:\\\/\\\/acninternational.org\\\/es\\\/category\\\/news-es\\\/\"},{\"@type\":\"ListItem\",\"position\":3,\"name\":\"El Papa Francisco invita al mundo a unirse a la campa\u00f1a de oraci\u00f3n de ACN\"}]},{\"@type\":\"WebSite\",\"@id\":\"https:\\\/\\\/acninternational.org\\\/es\\\/#website\",\"url\":\"https:\\\/\\\/acninternational.org\\\/es\\\/\",\"name\":\"ACN International\",\"description\":\"\",\"publisher\":{\"@id\":\"https:\\\/\\\/acninternational.org\\\/es\\\/#organization\"},\"potentialAction\":[{\"@type\":\"SearchAction\",\"target\":{\"@type\":\"EntryPoint\",\"urlTemplate\":\"https:\\\/\\\/acninternational.org\\\/es\\\/?s={search_term_string}\"},\"query-input\":{\"@type\":\"PropertyValueSpecification\",\"valueRequired\":true,\"valueName\":\"search_term_string\"}}],\"inLanguage\":\"es\"},{\"@type\":\"Organization\",\"@id\":\"https:\\\/\\\/acninternational.org\\\/es\\\/#organization\",\"name\":\"Aid to the Church in Need International\",\"url\":\"https:\\\/\\\/acninternational.org\\\/es\\\/\",\"logo\":{\"@type\":\"ImageObject\",\"inLanguage\":\"es\",\"@id\":\"https:\\\/\\\/acninternational.org\\\/es\\\/#\\\/schema\\\/logo\\\/image\\\/\",\"url\":\"https:\\\/\\\/media.acninternational.org\\\/wp-content\\\/uploads\\\/2019\\\/11\\\/acn_logo_blackvector.svg\",\"contentUrl\":\"https:\\\/\\\/media.acninternational.org\\\/wp-content\\\/uploads\\\/2019\\\/11\\\/acn_logo_blackvector.svg\",\"width\":232.6,\"height\":78,\"caption\":\"Aid to the Church in Need International\"},\"image\":{\"@id\":\"https:\\\/\\\/acninternational.org\\\/es\\\/#\\\/schema\\\/logo\\\/image\\\/\"},\"sameAs\":[\"https:\\\/\\\/www.facebook.com\\\/acninternationalorg\",\"https:\\\/\\\/x.com\\\/acn_int\",\"https:\\\/\\\/www.youtube.com\\\/channel\\\/UCQ-077gS0TnVzkhHmf1opZw\",\"https:\\\/\\\/www.instagram.com\\\/acn_international\\\/\"]},{\"@type\":\"Person\",\"@id\":\"https:\\\/\\\/acninternational.org\\\/es\\\/#\\\/schema\\\/person\\\/ad46cf160e48fe3378c54b7abb5527a9\",\"name\":\"Luc\u00eda Ballester\",\"description\":\"Lorem ipsum dolor sit amet, consectetur adipiscing elit, sed do eiusmod tempor incididunt ut labore et dolore magna aliqua. Ut enim ad minim veniam, quis nostrud exercitation ullamco laboris nisi ut aliquip ex ea commodo consequat.\",\"url\":\"https:\\\/\\\/acninternational.org\\\/es\\\/author\\\/lucia-ballester\\\/\"}]}<\/script>\n<!-- \/ Yoast SEO Premium plugin. -->","yoast_head_json":{"title":"El Papa Francisco invita al mundo a unirse a la campa\u00f1a de oraci\u00f3n de ACN | ACN International","robots":{"index":"index","follow":"follow","max-snippet":"max-snippet:-1","max-image-preview":"max-image-preview:large","max-video-preview":"max-video-preview:-1"},"canonical":"https:\/\/acninternational.org\/es\/el-papa-francisco-invita-al-mundo-a-unirse-a-la-campana-de-oracion-de-acn\/","og_locale":"es_ES","og_type":"article","og_title":"El Papa Francisco invita al mundo a unirse a la campa\u00f1a de oraci\u00f3n de ACN","og_description":"\"Un mill\u00f3n de ni\u00f1os rezando el Rosario\" pide cada a\u00f1o por la paz y la unidad en pa\u00edses afectados por","og_url":"https:\/\/acninternational.org\/es\/el-papa-francisco-invita-al-mundo-a-unirse-a-la-campana-de-oracion-de-acn\/","og_site_name":"ACN International","article_publisher":"https:\/\/www.facebook.com\/acninternationalorg","article_published_time":"2024-10-14T16:26:30+00:00","article_modified_time":"2025-08-12T08:29:09+00:00","og_image":[{"width":1920,"height":700,"url":"https:\/\/media.acninternational.org\/wp-content\/uploads\/2024\/10\/ACN-20191113-94028.jpg","type":"image\/jpeg"}],"author":"Luc\u00eda Ballester","twitter_card":"summary_large_image","twitter_creator":"@acn_int","twitter_site":"@acn_int","twitter_misc":{"Escrito por":"Luc\u00eda Ballester","Tiempo de lectura":"5 minutos"},"schema":{"@context":"https:\/\/schema.org","@graph":[{"@type":"Article","@id":"https:\/\/acninternational.org\/es\/el-papa-francisco-invita-al-mundo-a-unirse-a-la-campana-de-oracion-de-acn\/#article","isPartOf":{"@id":"https:\/\/acninternational.org\/es\/el-papa-francisco-invita-al-mundo-a-unirse-a-la-campana-de-oracion-de-acn\/"},"author":{"name":"Luc\u00eda Ballester","@id":"https:\/\/acninternational.org\/es\/#\/schema\/person\/ad46cf160e48fe3378c54b7abb5527a9"},"headline":"El Papa Francisco invita al mundo a unirse a la campa\u00f1a de oraci\u00f3n de ACN","datePublished":"2024-10-14T16:26:30+00:00","dateModified":"2025-08-12T08:29:09+00:00","mainEntityOfPage":{"@id":"https:\/\/acninternational.org\/es\/el-papa-francisco-invita-al-mundo-a-unirse-a-la-campana-de-oracion-de-acn\/"},"wordCount":993,"publisher":{"@id":"https:\/\/acninternational.org\/es\/#organization"},"image":{"@id":"https:\/\/acninternational.org\/es\/el-papa-francisco-invita-al-mundo-a-unirse-a-la-campana-de-oracion-de-acn\/#primaryimage"},"thumbnailUrl":"https:\/\/media.acninternational.org\/wp-content\/uploads\/2024\/10\/ACN-20191113-94028.jpg","articleSection":["News","NOTICIAS"],"inLanguage":"es"},{"@type":"WebPage","@id":"https:\/\/acninternational.org\/es\/el-papa-francisco-invita-al-mundo-a-unirse-a-la-campana-de-oracion-de-acn\/","url":"https:\/\/acninternational.org\/es\/el-papa-francisco-invita-al-mundo-a-unirse-a-la-campana-de-oracion-de-acn\/","name":"El Papa Francisco invita al mundo a unirse a la campa\u00f1a de oraci\u00f3n de ACN | ACN International","isPartOf":{"@id":"https:\/\/acninternational.org\/es\/#website"},"primaryImageOfPage":{"@id":"https:\/\/acninternational.org\/es\/el-papa-francisco-invita-al-mundo-a-unirse-a-la-campana-de-oracion-de-acn\/#primaryimage"},"image":{"@id":"https:\/\/acninternational.org\/es\/el-papa-francisco-invita-al-mundo-a-unirse-a-la-campana-de-oracion-de-acn\/#primaryimage"},"thumbnailUrl":"https:\/\/media.acninternational.org\/wp-content\/uploads\/2024\/10\/ACN-20191113-94028.jpg","datePublished":"2024-10-14T16:26:30+00:00","dateModified":"2025-08-12T08:29:09+00:00","breadcrumb":{"@id":"https:\/\/acninternational.org\/es\/el-papa-francisco-invita-al-mundo-a-unirse-a-la-campana-de-oracion-de-acn\/#breadcrumb"},"inLanguage":"es","potentialAction":[{"@type":"ReadAction","target":["https:\/\/acninternational.org\/es\/el-papa-francisco-invita-al-mundo-a-unirse-a-la-campana-de-oracion-de-acn\/"]}]},{"@type":"ImageObject","inLanguage":"es","@id":"https:\/\/acninternational.org\/es\/el-papa-francisco-invita-al-mundo-a-unirse-a-la-campana-de-oracion-de-acn\/#primaryimage","url":"https:\/\/media.acninternational.org\/wp-content\/uploads\/2024\/10\/ACN-20191113-94028.jpg","contentUrl":"https:\/\/media.acninternational.org\/wp-content\/uploads\/2024\/10\/ACN-20191113-94028.jpg","width":1920,"height":700},{"@type":"BreadcrumbList","@id":"https:\/\/acninternational.org\/es\/el-papa-francisco-invita-al-mundo-a-unirse-a-la-campana-de-oracion-de-acn\/#breadcrumb","itemListElement":[{"@type":"ListItem","position":1,"name":"Home","item":"https:\/\/acninternational.org\/es\/"},{"@type":"ListItem","position":2,"name":"NOTICIAS","item":"https:\/\/acninternational.org\/es\/category\/news-es\/"},{"@type":"ListItem","position":3,"name":"El Papa Francisco invita al mundo a unirse a la campa\u00f1a de oraci\u00f3n de ACN"}]},{"@type":"WebSite","@id":"https:\/\/acninternational.org\/es\/#website","url":"https:\/\/acninternational.org\/es\/","name":"ACN International","description":"","publisher":{"@id":"https:\/\/acninternational.org\/es\/#organization"},"potentialAction":[{"@type":"SearchAction","target":{"@type":"EntryPoint","urlTemplate":"https:\/\/acninternational.org\/es\/?s={search_term_string}"},"query-input":{"@type":"PropertyValueSpecification","valueRequired":true,"valueName":"search_term_string"}}],"inLanguage":"es"},{"@type":"Organization","@id":"https:\/\/acninternational.org\/es\/#organization","name":"Aid to the Church in Need International","url":"https:\/\/acninternational.org\/es\/","logo":{"@type":"ImageObject","inLanguage":"es","@id":"https:\/\/acninternational.org\/es\/#\/schema\/logo\/image\/","url":"https:\/\/media.acninternational.org\/wp-content\/uploads\/2019\/11\/acn_logo_blackvector.svg","contentUrl":"https:\/\/media.acninternational.org\/wp-content\/uploads\/2019\/11\/acn_logo_blackvector.svg","width":232.6,"height":78,"caption":"Aid to the Church in Need International"},"image":{"@id":"https:\/\/acninternational.org\/es\/#\/schema\/logo\/image\/"},"sameAs":["https:\/\/www.facebook.com\/acninternationalorg","https:\/\/x.com\/acn_int","https:\/\/www.youtube.com\/channel\/UCQ-077gS0TnVzkhHmf1opZw","https:\/\/www.instagram.com\/acn_international\/"]},{"@type":"Person","@id":"https:\/\/acninternational.org\/es\/#\/schema\/person\/ad46cf160e48fe3378c54b7abb5527a9","name":"Luc\u00eda Ballester","description":"Lorem ipsum dolor sit amet, consectetur adipiscing elit, sed do eiusmod tempor incididunt ut labore et dolore magna aliqua. Ut enim ad minim veniam, quis nostrud exercitation ullamco laboris nisi ut aliquip ex ea commodo consequat.","url":"https:\/\/acninternational.org\/es\/author\/lucia-ballester\/"}]}},"_links":{"self":[{"href":"https:\/\/acninternational.org\/es\/wp-json\/wp\/v2\/posts\/229424","targetHints":{"allow":["GET"]}}],"collection":[{"href":"https:\/\/acninternational.org\/es\/wp-json\/wp\/v2\/posts"}],"about":[{"href":"https:\/\/acninternational.org\/es\/wp-json\/wp\/v2\/types\/post"}],"author":[{"embeddable":true,"href":"https:\/\/acninternational.org\/es\/wp-json\/wp\/v2\/users\/4258341381"}],"replies":[{"embeddable":true,"href":"https:\/\/acninternational.org\/es\/wp-json\/wp\/v2\/comments?post=229424"}],"version-history":[{"count":1,"href":"https:\/\/acninternational.org\/es\/wp-json\/wp\/v2\/posts\/229424\/revisions"}],"predecessor-version":[{"id":245401,"href":"https:\/\/acninternational.org\/es\/wp-json\/wp\/v2\/posts\/229424\/revisions\/245401"}],"wp:featuredmedia":[{"embeddable":true,"href":"https:\/\/acninternational.org\/es\/wp-json\/wp\/v2\/media\/229399"}],"wp:attachment":[{"href":"https:\/\/acninternational.org\/es\/wp-json\/wp\/v2\/media?parent=229424"}],"wp:term":[{"taxonomy":"category","embeddable":true,"href":"https:\/\/acninternational.org\/es\/wp-json\/wp\/v2\/categories?post=229424"},{"taxonomy":"post_tag","embeddable":true,"href":"https:\/\/acninternational.org\/es\/wp-json\/wp\/v2\/tags?post=229424"},{"taxonomy":"country","embeddable":true,"href":"https:\/\/acninternational.org\/es\/wp-json\/wp\/v2\/country?post=229424"}],"curies":[{"name":"wp","href":"https:\/\/api.w.org\/{rel}","templated":true}]}}