{"id":228988,"date":"2024-10-07T14:29:53","date_gmt":"2024-10-07T12:29:53","guid":{"rendered":"https:\/\/acninternational.org\/?p=228988"},"modified":"2025-08-12T10:29:27","modified_gmt":"2025-08-12T08:29:27","slug":"brasil-rescatando-de-la-esclavitud-de-la-adiccion","status":"publish","type":"post","link":"https:\/\/acninternational.org\/es\/brasil-rescatando-de-la-esclavitud-de-la-adiccion\/","title":{"rendered":"Brasil: Rescatando de la esclavitud de la adicci\u00f3n"},"content":{"rendered":"<p><strong><em>El P. Jos\u00e9 Luis de Menezes habla con Aid to the Church in Need (ACN) sobre los or\u00edgenes de las Fazendas da Esperan\u00e7a, una red de centros de rehabilitaci\u00f3n y de su conexi\u00f3n, hasta hoy, con la fundaci\u00f3n pontificia.<\/em><\/strong><\/p>\n<p>\u201cNuestras comunidades se dedican a recuperar la dignidad de las personas atrapadas en la adicci\u00f3n\u201d, explica el P. Jos\u00e9 Lu\u00eds de Menezes al describir el trabajo de las Fazendas da Esperan\u00e7a durante su visita a la sede internacional de ACN.<\/p>\n<figure id=\"attachment_228965\" aria-describedby=\"caption-attachment-228965\" style=\"width: 709px\" class=\"wp-caption aligncenter\"><img loading=\"lazy\" decoding=\"async\" class=\"wp-image-228965 size-large\" src=\"https:\/\/media.acninternational.org\/wp-content\/uploads\/2024\/10\/ACN-20240806-170206-709x1024.jpg\" alt=\"Padre Jos\u00e9 Luiz Menezes, presidente de las Fazendas da Esperan\u00e7a\" width=\"709\" height=\"1024\" srcset=\"https:\/\/media.acninternational.org\/wp-content\/uploads\/2024\/10\/ACN-20240806-170206-709x1024.jpg 709w, https:\/\/media.acninternational.org\/wp-content\/uploads\/2024\/10\/ACN-20240806-170206-208x300.jpg 208w, https:\/\/media.acninternational.org\/wp-content\/uploads\/2024\/10\/ACN-20240806-170206.jpg 720w\" sizes=\"auto, (max-width: 709px) 100vw, 709px\" \/><figcaption id=\"caption-attachment-228965\" class=\"wp-caption-text\">Padre Jos\u00e9 Luiz Menezes, presidente de las Fazendas da Esperan\u00e7a<\/figcaption><\/figure>\n<p>Durante su conversaci\u00f3n con ACN, el sacerdote brasile\u00f1o repite constantemente esa palabra: \u00abdignidad\u00bb, un concepto que en este contexto, afirma, es exclusivamente cristiano. \u00abVemos a todos como hijos de Dios\u201d, cuenta el P. Jos\u00e9 Luis. \u201cAcogemos a personas que lo han perdido todo, incluidas las relaciones con su familia. Los acogemos y los cuidamos, y una de las cosas que hacemos es tratar de reconstruir esa conexi\u00f3n con sus seres queridos. En muchos casos tambi\u00e9n hemos logrado sanar esa relaci\u00f3n\u00bb.<\/p>\n<p>Esta red de centros de rehabilitaci\u00f3n comenz\u00f3 en Brasil \u2014de ah\u00ed el nombre en portugu\u00e9s\u2014 y actualmente gestiona 170 comunidades en 27 pa\u00edses, que atienden a unas 4.500 personas que buscan escapar de la esclavitud de la adicci\u00f3n. Seg\u00fan el P. Jos\u00e9 Lu\u00eds, cerca de 100.000 personas se han beneficiado del programa en las cuatro d\u00e9cadas desde la fundaci\u00f3n de la primera comunidad<\/p>\n<h4><strong>Un poco de historia<\/strong><\/h4>\n<p>Hans Stapel naci\u00f3 en Alemania, en 1945. Un d\u00eda, su familia se enter\u00f3 del trabajo de lo que m\u00e1s tarde se llamar\u00eda Aid to the Church in Need, y de su misi\u00f3n para brindar apoyo a los cat\u00f3licos alemanes y de Europa del Este que lo hab\u00edan perdido todo a causa de la guerra. Ese encuentro\u00a0 tuvo un efecto que cambi\u00f3 la vida de Stapel, quien se convirti\u00f3 en religioso y misionero.<\/p>\n<figure id=\"attachment_228971\" aria-describedby=\"caption-attachment-228971\" style=\"width: 720px\" class=\"wp-caption aligncenter\"><img loading=\"lazy\" decoding=\"async\" class=\"wp-image-228971 size-full\" src=\"https:\/\/media.acninternational.org\/wp-content\/uploads\/2024\/10\/20080602_027.jpg\" alt=\"Padre Hans Stapel, fundador de las Fazendas da Esperan\u00e7a\" width=\"720\" height=\"997\" srcset=\"https:\/\/media.acninternational.org\/wp-content\/uploads\/2024\/10\/20080602_027.jpg 720w, https:\/\/media.acninternational.org\/wp-content\/uploads\/2024\/10\/20080602_027-217x300.jpg 217w\" sizes=\"auto, (max-width: 720px) 100vw, 720px\" \/><figcaption id=\"caption-attachment-228971\" class=\"wp-caption-text\">Padre Hans Stapel, fundador de las Fazendas da Esperan\u00e7a<\/figcaption><\/figure>\n<p>En 1983 fund\u00f3 la primera Fazenda da Esperan\u00e7a en Brasil. Desde el principio, el trabajo con los adictos incluy\u00f3 una dimensi\u00f3n espiritual. \u00abTodas las personas con las que trabajamos nos dicen lo mismo. Dicen que debido a su adicci\u00f3n perdieron su prop\u00f3sito en la vida, se distanciaron de Dios. A trav\u00e9s de la oraci\u00f3n y\u00a0 del Evangelio recuperan esa relaci\u00f3n con Dios, encuentran la fe y el sentido y eso les da la fuerza para reconstruir su vida. Este despertar espiritual les ayuda a empezar de nuevo\u00bb, dice el padre Jos\u00e9 Luis.<\/p>\n<h4><strong>Lugares con fruto abundante<\/strong><\/h4>\n<p>El P. Jos\u00e9 Lu\u00eds es actualmente presidente de la Familia de Esperanza, una organizaci\u00f3n que coordina las Fazendas, as\u00ed como cientos de grupos de apoyo familiar, que incluye a muchos voluntarios laicos, sacerdotes, religiosos e incluso algunos obispos que, tras su jubilaci\u00f3n, se dedican plenamente a esta misi\u00f3n de ayudar a los adictos. \u201cEl alma de la Fazenda es la Familia de Esperanza\u201d, asegura. Adem\u00e1s, hay un monasterio de monjas clarisas que est\u00e1 vinculado al movimiento y se dedica exclusivamente a rezar por la misi\u00f3n. \u201cEsta es una gracia especial, y creo que esta oraci\u00f3n es la raz\u00f3n por la cual la comunidad contin\u00faa creciendo y dando tanto fruto.\u201d<\/p>\n<p>Entre esos frutos se encuentra un grupo de seminaristas que se est\u00e1n preparando para servir al proyecto a trav\u00e9s del sacerdocio. Uno de estos seminaristas es Dimitri, cuyo camino hacia la Iglesia fue, cuanto menos, sinuoso. \u00abDimitri estudia filosof\u00eda en la actualidad. Es de S\u00e3o Paulo, tiene muchos tatuajes y sol\u00eda ser punk. Consumi\u00f3 drogas y todo lo dem\u00e1s, pero la adicci\u00f3n lo llev\u00f3 a tocar fondo\u201d, explica el sacerdote brasile\u00f1o. \u201cCuando sus padres intentaron volver a ponerse en contacto con \u00e9l, pidi\u00f3 ayuda. Hizo su rehabilitaci\u00f3n con nosotros, y luego, una vez que se recuper\u00f3, trabaj\u00f3 como voluntario en una Fazenda en Guatemala durante tres a\u00f1os. Durante esa experiencia se dio cuenta de que faltaban sacerdotes, y se pregunt\u00f3 por qu\u00e9 no deb\u00eda convertirse en uno. Esta es una de las tres vocaciones recientes que han nacido de nuestro movimiento\u00bb.<\/p>\n<figure id=\"attachment_228977\" aria-describedby=\"caption-attachment-228977\" style=\"width: 800px\" class=\"wp-caption aligncenter\"><img loading=\"lazy\" decoding=\"async\" class=\"wp-image-228977 size-large\" src=\"https:\/\/media.acninternational.org\/wp-content\/uploads\/2024\/10\/ACN-20240627-168272-1024x768.jpg\" alt=\"Se trabaja mucho con las familias de los adictos en recuperaci\u00f3n, ya que ellos tambi\u00e9n sufren las consecuencias de la adicci\u00f3n\" width=\"800\" height=\"600\" srcset=\"https:\/\/media.acninternational.org\/wp-content\/uploads\/2024\/10\/ACN-20240627-168272-1024x768.jpg 1024w, https:\/\/media.acninternational.org\/wp-content\/uploads\/2024\/10\/ACN-20240627-168272-300x225.jpg 300w, https:\/\/media.acninternational.org\/wp-content\/uploads\/2024\/10\/ACN-20240627-168272-768x576.jpg 768w, https:\/\/media.acninternational.org\/wp-content\/uploads\/2024\/10\/ACN-20240627-168272.jpg 1080w\" sizes=\"auto, (max-width: 800px) 100vw, 800px\" \/><figcaption id=\"caption-attachment-228977\" class=\"wp-caption-text\">Se trabaja mucho con las familias de los adictos en recuperaci\u00f3n, ya que ellos tambi\u00e9n sufren las consecuencias de la adicci\u00f3n<\/figcaption><\/figure>\n<p>Al igual que Dimitri, todas las personas que van a las Fazendas tienen que pedir ayuda libremente. \u00abNo obligamos a nadie a recibir tratamiento. Hay organizaciones que hacen tratamientos obligatorios, pero nosotros no. Lo primero que hacemos es una entrevista,\u00a0 le pedimos a la persona que escriba una carta, comprometi\u00e9ndose con el programa, y esto hace que sea mucho m\u00e1s f\u00e1cil y mucho m\u00e1s exitoso\u00bb.<\/p>\n<h4><strong>\u201c\u00a1Busca ayuda!\u201d<\/strong><\/h4>\n<p>El consejo del P. Jos\u00e9 Lu\u00eds a los familiares de las personas que sufren adicciones es que busquen ayuda externa. \u00abPueden buscar en internet, a trav\u00e9s de la Iglesia o a trav\u00e9s de tu parroquia\u201d, explica el sacerdote.\u201cHay muchas organizaciones adem\u00e1s de la nuestra. Encontrar\u00e1n mucha solidaridad, porque esa es una marca de los que han pasado por esto. \u00a0Y necesitar\u00e1n ese apoyo hasta que, finalmente, su ser querido pida ayuda. Siempre es m\u00e1s f\u00e1cil pasar por esto con personas que ya han tenido la experiencia, porque existe un grave riesgo de codependencia, donde el adicto arrastra a su familia con \u00e9l. Necesitas ayuda y apoyo para evitar esa trampa y finalmente rescatar a tu ser querido\u00bb.<\/p>\n<p>En el caso de las Fazendas da Esperan\u00e7a, gran parte de este apoyo proviene de los laicos,\u00a0 a veces de familias enteras que lo han dejado todo para dedicarse a ayudar a los que sufren estas adicciones. Pero para que esta dedicaci\u00f3n sea completa, el movimiento tiene que proveer para su sustento: \u00abPor eso hemos acudido a ACN\u201d, explica el P. Jos\u00e9 Lu\u00eds. \u201cNuestra relaci\u00f3n se remonta a nuestros respectivos fundadores,\u00a0 ACN nos ha ayudado varias veces con proyectos de construcci\u00f3n o rehabilitaci\u00f3n, pero en este momento nuestra principal preocupaci\u00f3n es proveer a aquellos que se dedican plenamente a esta misi\u00f3n, a este servicio, de\u00a0 asegurar su sustento para que puedan sentirse seguros en la entrega de s\u00ed mismos para salvar la dignidad de tantos de nuestros hijos, hermanos y hermanas\u00bb.<\/p>\n<p>&nbsp;<\/p>\n","protected":false},"excerpt":{"rendered":"<p>El P. Jos\u00e9 Luis de Menezes habla con Aid to the Church in Need (ACN) sobre los or\u00edgenes de las<\/p>\n","protected":false},"author":4258341377,"featured_media":228964,"comment_status":"closed","ping_status":"closed","sticky":false,"template":"","format":"standard","meta":{"_acf_changed":false,"_acn_coauthor_ids":[],"footnotes":""},"categories":[760],"tags":[],"country":[376],"class_list":["post-228988","post","type-post","status-publish","format-standard","has-post-thumbnail","hentry","category-destacado","country-brasil"],"acn_coauthors":[],"acf":[],"yoast_head":"<!-- This site is optimized with the Yoast SEO Premium plugin v27.3 (Yoast SEO v27.3) - https:\/\/yoast.com\/product\/yoast-seo-premium-wordpress\/ -->\n<title>Brasil: Rescatando de la esclavitud de la adicci\u00f3n | ACN International<\/title>\n<meta name=\"robots\" content=\"index, follow, max-snippet:-1, max-image-preview:large, max-video-preview:-1\" \/>\n<link rel=\"canonical\" href=\"https:\/\/acninternational.org\/es\/brasil-rescatando-de-la-esclavitud-de-la-adiccion\/\" \/>\n<meta property=\"og:locale\" content=\"es_ES\" \/>\n<meta property=\"og:type\" content=\"article\" \/>\n<meta property=\"og:title\" content=\"Brasil: Rescatando de la esclavitud de la adicci\u00f3n\" \/>\n<meta property=\"og:description\" content=\"El P. Jos\u00e9 Luis de Menezes habla con Aid to the Church in Need (ACN) sobre los or\u00edgenes de las\" \/>\n<meta property=\"og:url\" content=\"https:\/\/acninternational.org\/es\/brasil-rescatando-de-la-esclavitud-de-la-adiccion\/\" \/>\n<meta property=\"og:site_name\" content=\"ACN International\" \/>\n<meta property=\"article:publisher\" content=\"https:\/\/www.facebook.com\/acninternationalorg\" \/>\n<meta property=\"article:published_time\" content=\"2024-10-07T12:29:53+00:00\" \/>\n<meta property=\"article:modified_time\" content=\"2025-08-12T08:29:27+00:00\" \/>\n<meta property=\"og:image\" content=\"https:\/\/media.acninternational.org\/wp-content\/uploads\/2024\/10\/ACN-20240627-168274.jpg\" \/>\n\t<meta property=\"og:image:width\" content=\"1920\" \/>\n\t<meta property=\"og:image:height\" content=\"700\" \/>\n\t<meta property=\"og:image:type\" content=\"image\/jpeg\" \/>\n<meta name=\"author\" content=\"Filipe d\u2019Avillez\" \/>\n<meta name=\"twitter:card\" content=\"summary_large_image\" \/>\n<meta name=\"twitter:creator\" content=\"@acn_int\" \/>\n<meta name=\"twitter:site\" content=\"@acn_int\" \/>\n<meta name=\"twitter:label1\" content=\"Escrito por\" \/>\n\t<meta name=\"twitter:data1\" content=\"Filipe d\u2019Avillez\" \/>\n\t<meta name=\"twitter:label2\" content=\"Tiempo de lectura\" \/>\n\t<meta name=\"twitter:data2\" content=\"6 minutos\" \/>\n<script type=\"application\/ld+json\" class=\"yoast-schema-graph\">{\"@context\":\"https:\\\/\\\/schema.org\",\"@graph\":[{\"@type\":\"Article\",\"@id\":\"https:\\\/\\\/acninternational.org\\\/es\\\/brasil-rescatando-de-la-esclavitud-de-la-adiccion\\\/#article\",\"isPartOf\":{\"@id\":\"https:\\\/\\\/acninternational.org\\\/es\\\/brasil-rescatando-de-la-esclavitud-de-la-adiccion\\\/\"},\"author\":{\"name\":\"Filipe d\u2019Avillez\",\"@id\":\"https:\\\/\\\/acninternational.org\\\/es\\\/#\\\/schema\\\/person\\\/7489225627ad784c8faa0f4616c1cbdf\"},\"headline\":\"Brasil: Rescatando de la esclavitud de la adicci\u00f3n\",\"datePublished\":\"2024-10-07T12:29:53+00:00\",\"dateModified\":\"2025-08-12T08:29:27+00:00\",\"mainEntityOfPage\":{\"@id\":\"https:\\\/\\\/acninternational.org\\\/es\\\/brasil-rescatando-de-la-esclavitud-de-la-adiccion\\\/\"},\"wordCount\":1104,\"publisher\":{\"@id\":\"https:\\\/\\\/acninternational.org\\\/es\\\/#organization\"},\"image\":{\"@id\":\"https:\\\/\\\/acninternational.org\\\/es\\\/brasil-rescatando-de-la-esclavitud-de-la-adiccion\\\/#primaryimage\"},\"thumbnailUrl\":\"https:\\\/\\\/media.acninternational.org\\\/wp-content\\\/uploads\\\/2024\\\/10\\\/ACN-20240627-168274.jpg\",\"articleSection\":[\"DESTACADO\"],\"inLanguage\":\"es\"},{\"@type\":\"WebPage\",\"@id\":\"https:\\\/\\\/acninternational.org\\\/es\\\/brasil-rescatando-de-la-esclavitud-de-la-adiccion\\\/\",\"url\":\"https:\\\/\\\/acninternational.org\\\/es\\\/brasil-rescatando-de-la-esclavitud-de-la-adiccion\\\/\",\"name\":\"Brasil: Rescatando de la esclavitud de la adicci\u00f3n | ACN International\",\"isPartOf\":{\"@id\":\"https:\\\/\\\/acninternational.org\\\/es\\\/#website\"},\"primaryImageOfPage\":{\"@id\":\"https:\\\/\\\/acninternational.org\\\/es\\\/brasil-rescatando-de-la-esclavitud-de-la-adiccion\\\/#primaryimage\"},\"image\":{\"@id\":\"https:\\\/\\\/acninternational.org\\\/es\\\/brasil-rescatando-de-la-esclavitud-de-la-adiccion\\\/#primaryimage\"},\"thumbnailUrl\":\"https:\\\/\\\/media.acninternational.org\\\/wp-content\\\/uploads\\\/2024\\\/10\\\/ACN-20240627-168274.jpg\",\"datePublished\":\"2024-10-07T12:29:53+00:00\",\"dateModified\":\"2025-08-12T08:29:27+00:00\",\"breadcrumb\":{\"@id\":\"https:\\\/\\\/acninternational.org\\\/es\\\/brasil-rescatando-de-la-esclavitud-de-la-adiccion\\\/#breadcrumb\"},\"inLanguage\":\"es\",\"potentialAction\":[{\"@type\":\"ReadAction\",\"target\":[\"https:\\\/\\\/acninternational.org\\\/es\\\/brasil-rescatando-de-la-esclavitud-de-la-adiccion\\\/\"]}]},{\"@type\":\"ImageObject\",\"inLanguage\":\"es\",\"@id\":\"https:\\\/\\\/acninternational.org\\\/es\\\/brasil-rescatando-de-la-esclavitud-de-la-adiccion\\\/#primaryimage\",\"url\":\"https:\\\/\\\/media.acninternational.org\\\/wp-content\\\/uploads\\\/2024\\\/10\\\/ACN-20240627-168274.jpg\",\"contentUrl\":\"https:\\\/\\\/media.acninternational.org\\\/wp-content\\\/uploads\\\/2024\\\/10\\\/ACN-20240627-168274.jpg\",\"width\":1920,\"height\":700},{\"@type\":\"BreadcrumbList\",\"@id\":\"https:\\\/\\\/acninternational.org\\\/es\\\/brasil-rescatando-de-la-esclavitud-de-la-adiccion\\\/#breadcrumb\",\"itemListElement\":[{\"@type\":\"ListItem\",\"position\":1,\"name\":\"Home\",\"item\":\"https:\\\/\\\/acninternational.org\\\/es\\\/\"},{\"@type\":\"ListItem\",\"position\":2,\"name\":\"DESTACADO\",\"item\":\"https:\\\/\\\/acninternational.org\\\/es\\\/category\\\/destacado\\\/\"},{\"@type\":\"ListItem\",\"position\":3,\"name\":\"Brasil: Rescatando de la esclavitud de la adicci\u00f3n\"}]},{\"@type\":\"WebSite\",\"@id\":\"https:\\\/\\\/acninternational.org\\\/es\\\/#website\",\"url\":\"https:\\\/\\\/acninternational.org\\\/es\\\/\",\"name\":\"ACN International\",\"description\":\"\",\"publisher\":{\"@id\":\"https:\\\/\\\/acninternational.org\\\/es\\\/#organization\"},\"potentialAction\":[{\"@type\":\"SearchAction\",\"target\":{\"@type\":\"EntryPoint\",\"urlTemplate\":\"https:\\\/\\\/acninternational.org\\\/es\\\/?s={search_term_string}\"},\"query-input\":{\"@type\":\"PropertyValueSpecification\",\"valueRequired\":true,\"valueName\":\"search_term_string\"}}],\"inLanguage\":\"es\"},{\"@type\":\"Organization\",\"@id\":\"https:\\\/\\\/acninternational.org\\\/es\\\/#organization\",\"name\":\"Aid to the Church in Need International\",\"url\":\"https:\\\/\\\/acninternational.org\\\/es\\\/\",\"logo\":{\"@type\":\"ImageObject\",\"inLanguage\":\"es\",\"@id\":\"https:\\\/\\\/acninternational.org\\\/es\\\/#\\\/schema\\\/logo\\\/image\\\/\",\"url\":\"https:\\\/\\\/media.acninternational.org\\\/wp-content\\\/uploads\\\/2019\\\/11\\\/acn_logo_blackvector.svg\",\"contentUrl\":\"https:\\\/\\\/media.acninternational.org\\\/wp-content\\\/uploads\\\/2019\\\/11\\\/acn_logo_blackvector.svg\",\"width\":232.6,\"height\":78,\"caption\":\"Aid to the Church in Need International\"},\"image\":{\"@id\":\"https:\\\/\\\/acninternational.org\\\/es\\\/#\\\/schema\\\/logo\\\/image\\\/\"},\"sameAs\":[\"https:\\\/\\\/www.facebook.com\\\/acninternationalorg\",\"https:\\\/\\\/x.com\\\/acn_int\",\"https:\\\/\\\/www.youtube.com\\\/channel\\\/UCQ-077gS0TnVzkhHmf1opZw\",\"https:\\\/\\\/www.instagram.com\\\/acn_international\\\/\"]},{\"@type\":\"Person\",\"@id\":\"https:\\\/\\\/acninternational.org\\\/es\\\/#\\\/schema\\\/person\\\/7489225627ad784c8faa0f4616c1cbdf\",\"name\":\"Filipe d\u2019Avillez\",\"url\":\"https:\\\/\\\/acninternational.org\\\/es\\\/author\\\/filipe\\\/\"}]}<\/script>\n<!-- \/ Yoast SEO Premium plugin. -->","yoast_head_json":{"title":"Brasil: Rescatando de la esclavitud de la adicci\u00f3n | ACN International","robots":{"index":"index","follow":"follow","max-snippet":"max-snippet:-1","max-image-preview":"max-image-preview:large","max-video-preview":"max-video-preview:-1"},"canonical":"https:\/\/acninternational.org\/es\/brasil-rescatando-de-la-esclavitud-de-la-adiccion\/","og_locale":"es_ES","og_type":"article","og_title":"Brasil: Rescatando de la esclavitud de la adicci\u00f3n","og_description":"El P. Jos\u00e9 Luis de Menezes habla con Aid to the Church in Need (ACN) sobre los or\u00edgenes de las","og_url":"https:\/\/acninternational.org\/es\/brasil-rescatando-de-la-esclavitud-de-la-adiccion\/","og_site_name":"ACN International","article_publisher":"https:\/\/www.facebook.com\/acninternationalorg","article_published_time":"2024-10-07T12:29:53+00:00","article_modified_time":"2025-08-12T08:29:27+00:00","og_image":[{"width":1920,"height":700,"url":"https:\/\/media.acninternational.org\/wp-content\/uploads\/2024\/10\/ACN-20240627-168274.jpg","type":"image\/jpeg"}],"author":"Filipe d\u2019Avillez","twitter_card":"summary_large_image","twitter_creator":"@acn_int","twitter_site":"@acn_int","twitter_misc":{"Escrito por":"Filipe d\u2019Avillez","Tiempo de lectura":"6 minutos"},"schema":{"@context":"https:\/\/schema.org","@graph":[{"@type":"Article","@id":"https:\/\/acninternational.org\/es\/brasil-rescatando-de-la-esclavitud-de-la-adiccion\/#article","isPartOf":{"@id":"https:\/\/acninternational.org\/es\/brasil-rescatando-de-la-esclavitud-de-la-adiccion\/"},"author":{"name":"Filipe d\u2019Avillez","@id":"https:\/\/acninternational.org\/es\/#\/schema\/person\/7489225627ad784c8faa0f4616c1cbdf"},"headline":"Brasil: Rescatando de la esclavitud de la adicci\u00f3n","datePublished":"2024-10-07T12:29:53+00:00","dateModified":"2025-08-12T08:29:27+00:00","mainEntityOfPage":{"@id":"https:\/\/acninternational.org\/es\/brasil-rescatando-de-la-esclavitud-de-la-adiccion\/"},"wordCount":1104,"publisher":{"@id":"https:\/\/acninternational.org\/es\/#organization"},"image":{"@id":"https:\/\/acninternational.org\/es\/brasil-rescatando-de-la-esclavitud-de-la-adiccion\/#primaryimage"},"thumbnailUrl":"https:\/\/media.acninternational.org\/wp-content\/uploads\/2024\/10\/ACN-20240627-168274.jpg","articleSection":["DESTACADO"],"inLanguage":"es"},{"@type":"WebPage","@id":"https:\/\/acninternational.org\/es\/brasil-rescatando-de-la-esclavitud-de-la-adiccion\/","url":"https:\/\/acninternational.org\/es\/brasil-rescatando-de-la-esclavitud-de-la-adiccion\/","name":"Brasil: Rescatando de la esclavitud de la adicci\u00f3n | ACN International","isPartOf":{"@id":"https:\/\/acninternational.org\/es\/#website"},"primaryImageOfPage":{"@id":"https:\/\/acninternational.org\/es\/brasil-rescatando-de-la-esclavitud-de-la-adiccion\/#primaryimage"},"image":{"@id":"https:\/\/acninternational.org\/es\/brasil-rescatando-de-la-esclavitud-de-la-adiccion\/#primaryimage"},"thumbnailUrl":"https:\/\/media.acninternational.org\/wp-content\/uploads\/2024\/10\/ACN-20240627-168274.jpg","datePublished":"2024-10-07T12:29:53+00:00","dateModified":"2025-08-12T08:29:27+00:00","breadcrumb":{"@id":"https:\/\/acninternational.org\/es\/brasil-rescatando-de-la-esclavitud-de-la-adiccion\/#breadcrumb"},"inLanguage":"es","potentialAction":[{"@type":"ReadAction","target":["https:\/\/acninternational.org\/es\/brasil-rescatando-de-la-esclavitud-de-la-adiccion\/"]}]},{"@type":"ImageObject","inLanguage":"es","@id":"https:\/\/acninternational.org\/es\/brasil-rescatando-de-la-esclavitud-de-la-adiccion\/#primaryimage","url":"https:\/\/media.acninternational.org\/wp-content\/uploads\/2024\/10\/ACN-20240627-168274.jpg","contentUrl":"https:\/\/media.acninternational.org\/wp-content\/uploads\/2024\/10\/ACN-20240627-168274.jpg","width":1920,"height":700},{"@type":"BreadcrumbList","@id":"https:\/\/acninternational.org\/es\/brasil-rescatando-de-la-esclavitud-de-la-adiccion\/#breadcrumb","itemListElement":[{"@type":"ListItem","position":1,"name":"Home","item":"https:\/\/acninternational.org\/es\/"},{"@type":"ListItem","position":2,"name":"DESTACADO","item":"https:\/\/acninternational.org\/es\/category\/destacado\/"},{"@type":"ListItem","position":3,"name":"Brasil: Rescatando de la esclavitud de la adicci\u00f3n"}]},{"@type":"WebSite","@id":"https:\/\/acninternational.org\/es\/#website","url":"https:\/\/acninternational.org\/es\/","name":"ACN International","description":"","publisher":{"@id":"https:\/\/acninternational.org\/es\/#organization"},"potentialAction":[{"@type":"SearchAction","target":{"@type":"EntryPoint","urlTemplate":"https:\/\/acninternational.org\/es\/?s={search_term_string}"},"query-input":{"@type":"PropertyValueSpecification","valueRequired":true,"valueName":"search_term_string"}}],"inLanguage":"es"},{"@type":"Organization","@id":"https:\/\/acninternational.org\/es\/#organization","name":"Aid to the Church in Need International","url":"https:\/\/acninternational.org\/es\/","logo":{"@type":"ImageObject","inLanguage":"es","@id":"https:\/\/acninternational.org\/es\/#\/schema\/logo\/image\/","url":"https:\/\/media.acninternational.org\/wp-content\/uploads\/2019\/11\/acn_logo_blackvector.svg","contentUrl":"https:\/\/media.acninternational.org\/wp-content\/uploads\/2019\/11\/acn_logo_blackvector.svg","width":232.6,"height":78,"caption":"Aid to the Church in Need International"},"image":{"@id":"https:\/\/acninternational.org\/es\/#\/schema\/logo\/image\/"},"sameAs":["https:\/\/www.facebook.com\/acninternationalorg","https:\/\/x.com\/acn_int","https:\/\/www.youtube.com\/channel\/UCQ-077gS0TnVzkhHmf1opZw","https:\/\/www.instagram.com\/acn_international\/"]},{"@type":"Person","@id":"https:\/\/acninternational.org\/es\/#\/schema\/person\/7489225627ad784c8faa0f4616c1cbdf","name":"Filipe d\u2019Avillez","url":"https:\/\/acninternational.org\/es\/author\/filipe\/"}]}},"_links":{"self":[{"href":"https:\/\/acninternational.org\/es\/wp-json\/wp\/v2\/posts\/228988","targetHints":{"allow":["GET"]}}],"collection":[{"href":"https:\/\/acninternational.org\/es\/wp-json\/wp\/v2\/posts"}],"about":[{"href":"https:\/\/acninternational.org\/es\/wp-json\/wp\/v2\/types\/post"}],"author":[{"embeddable":true,"href":"https:\/\/acninternational.org\/es\/wp-json\/wp\/v2\/users\/4258341377"}],"replies":[{"embeddable":true,"href":"https:\/\/acninternational.org\/es\/wp-json\/wp\/v2\/comments?post=228988"}],"version-history":[{"count":2,"href":"https:\/\/acninternational.org\/es\/wp-json\/wp\/v2\/posts\/228988\/revisions"}],"predecessor-version":[{"id":245417,"href":"https:\/\/acninternational.org\/es\/wp-json\/wp\/v2\/posts\/228988\/revisions\/245417"}],"wp:featuredmedia":[{"embeddable":true,"href":"https:\/\/acninternational.org\/es\/wp-json\/wp\/v2\/media\/228964"}],"wp:attachment":[{"href":"https:\/\/acninternational.org\/es\/wp-json\/wp\/v2\/media?parent=228988"}],"wp:term":[{"taxonomy":"category","embeddable":true,"href":"https:\/\/acninternational.org\/es\/wp-json\/wp\/v2\/categories?post=228988"},{"taxonomy":"post_tag","embeddable":true,"href":"https:\/\/acninternational.org\/es\/wp-json\/wp\/v2\/tags?post=228988"},{"taxonomy":"country","embeddable":true,"href":"https:\/\/acninternational.org\/es\/wp-json\/wp\/v2\/country?post=228988"}],"curies":[{"name":"wp","href":"https:\/\/api.w.org\/{rel}","templated":true}]}}